{"id":6810,"date":"2025-08-19T13:48:00","date_gmt":"2025-08-19T17:48:00","guid":{"rendered":"https:\/\/www.manaus.am.gov.br\/semtepi\/sem-categoria\/prefeitura-semtepi-sinemanaus-2\/"},"modified":"2025-08-19T13:48:01","modified_gmt":"2025-08-19T17:48:01","slug":"prefeitura-semtepi-sinemanaus-2","status":"publish","type":"post","link":"https:\/\/www.manaus.am.gov.br\/semtepi\/oportunidade\/prefeitura-semtepi-sinemanaus-2\/","title":{"rendered":"Sine Manaus oferta 337 vagas de emprego nesta quarta\u2013feira, 20\/8"},"content":{"rendered":"\n<p><a>A Prefeitura de Manaus, por meio do Sine Manaus, oferta 337 vagas de emprego em v\u00e1rias \u00e1reas de atua\u00e7\u00e3o, nesta quarta\u2013feira, 20\/8,&nbsp;das <\/a>8h \u00e0s 14h. O candidato pode validar a Carteira Digital e Previd\u00eancia Social (CTPS) no aplicativo \u201cCarteira de Trabalho Digital\u201d ou acessar o site&nbsp;<a href=\"http:\/\/gov.br\/trabalho\" target=\"_blank\" rel=\"noreferrer noopener\">http:\/\/gov.br\/trabalho<\/a>.<\/p>\n\n\n\n<p>Para participar da pr\u00e9\u2013sele\u00e7\u00e3o e concorrer a uma das vagas dispon\u00edveis, ou receber orienta\u00e7\u00e3o de cadastro, Carteira de Trabalho Digital e seguro\u2013desemprego, os candidatos devem comparecer a um dos postos do Sine Manaus: na avenida Constantino Nery, n\u00ba 1.272, bairro S\u00e3o Geraldo, zona Centro\u2013Sul; ou no shopping Phelippe Daou, na avenida Camapu\u00e3, n\u00ba 2.939, bairro Cidade de Deus, zona Norte.<\/p>\n\n\n\n<p>Os interessados devem estar munidos do comprovante de vacina\u00e7\u00e3o (Covid\u201319), curr\u00edculo, certificados de cursos e documentos pessoais (RG, CPF, PIS, CTPS, comprovante de escolaridade e resid\u00eancia). N\u00e3o \u00e9 necess\u00e1rio apresentar c\u00f3pias, somente os documentos originais.<\/p>\n\n\n\n<p>\u00c9 importante que os candidatos mantenham seus cadastros atualizados, especialmente ao finalizarem novas qualifica\u00e7\u00f5es. Para vagas espec\u00edficas, podem ser solicitados documentos adicionais, como cursos ou certifica\u00e7\u00f5es, por isso, \u00e9 essencial estar atento aos &#8220;Requisitos Obrigat\u00f3rios&#8221; de cada vaga.<\/p>\n\n\n\n<p>A Semtepi ressalta que, obedecendo ao disposto no artigo 5\u00ba, da Constitui\u00e7\u00e3o Federal, e ao artigo 373\u2013A, da Consolida\u00e7\u00e3o das Leis Trabalhistas (CLT), crit\u00e9rios referentes a sexo, idade, cor ou situa\u00e7\u00e3o familiar, n\u00e3o podem ser informados na divulga\u00e7\u00e3o das vagas disponibilizadas.<\/p>\n\n\n\n<p>Os candidatos devem estar cientes das diretrizes de vestimenta estabelecidas pelo \u00f3rg\u00e3o, as quais incluem a proibi\u00e7\u00e3o de vestimentas como bermudas, shorts, minissaias, camisetas regatas e chinelos durante a entrada.<\/p>\n\n\n\n<p><strong>Vagas Novas \u2013 110<\/strong><\/p>\n\n\n\n<p><strong>2 vagas \u2013 Chefe de Cozinha<\/strong><\/p>\n\n\n\n<p>Escolaridade \u2013 ensino fundamental completo;<\/p>\n\n\n\n<p>Experi\u00eancia \u2013 seis meses na Carteira de Trabalho;<\/p>\n\n\n\n<p>Requisitos Obrigat\u00f3rios \u2013 ter documenta\u00e7\u00e3o completa;<\/p>\n\n\n\n<p>Atividades \u2013 elaborar pratos e card\u00e1pios, planejar as rotinas de trabalho, supervisionar a qualidade dos pratos considerando o quesito sabor e apresenta\u00e7\u00e3o, controle do estoque da cozinha, entre outras atividades correlatas \u00e0 fun\u00e7\u00e3o.<\/p>\n\n\n\n<p>Dispon\u00edvel at\u00e9 20\/8\/2025 ou encerramento da vaga.<\/p>\n\n\n\n<p><strong>4 vagas \u2013 Mec\u00e2nico de Equipamento Pesado<\/strong><\/p>\n\n\n\n<p>Escolaridade \u2013 ensino m\u00e9dio completo;<\/p>\n\n\n\n<p>Experi\u00eancia \u2013 registrada na Carteira de Trabalho;<\/p>\n\n\n\n<p>Requisitos Obrigat\u00f3rios \u2013 ter experi\u00eancia com m\u00e1quinas pesadas (escavadeiras, retroescavadeira, p\u00e1s carregadeiras, tratores) e ter documenta\u00e7\u00e3o completa (com dispensa militar);<\/p>\n\n\n\n<p>Atividades \u2013 realizar manuten\u00e7\u00f5es, inspecionar e testar o funcionamento de m\u00e1quinas e equipamentos; planejar as atividades de manuten\u00e7\u00e3o e registrar informa\u00e7\u00f5es t\u00e9cnicas, as atividades s\u00e3o desenvolvidas em conformidade com normas e procedimentos t\u00e9cnicos, de seguran\u00e7a, qualidade e de preserva\u00e7\u00e3o do meio ambiente.<\/p>\n\n\n\n<p>Dispon\u00edvel at\u00e9 20\/8\/2025 ou encerramento da vaga.<\/p>\n\n\n\n<p><strong>2 vagas \u2013 Motorista para a Rota<\/strong><\/p>\n\n\n\n<p>Escolaridade \u2013 ensino m\u00e9dio completo;<\/p>\n\n\n\n<p>Experi\u00eancia \u2013 registrada na Carteira de Trabalho;<\/p>\n\n\n\n<p>Requisitos Obrigat\u00f3rios \u2013 ter Carteira Nacional de Habilita\u00e7\u00e3o categoria \u201cD\u201d e ter documenta\u00e7\u00e3o completa (com dispensa militar);<\/p>\n\n\n\n<p>Atividades \u2013 seguir itiner\u00e1rios pr\u00e9 definidos, trafegar com velocidade compat\u00edvel com o local e prestando aten\u00e7\u00e3o aos perigos em pontos cr\u00edticos de trajeto, como trechos com ilumina\u00e7\u00e3o reduzida, \u00e0 noite, fazer parada em locais preestabelecidos, para embarque e desembarque de passageiros.<\/p>\n\n\n\n<p>Dispon\u00edvel at\u00e9 20\/8\/2025 ou encerramento da vaga.<\/p>\n\n\n\n<p><strong>5 vagas \u2013 Auxiliar de Servi\u00e7os Gerais<\/strong><\/p>\n\n\n\n<p>Escolaridade \u2013 ensino fundamental completo;<\/p>\n\n\n\n<p>Experi\u00eancia \u2013 n\u00e3o \u00e9 necess\u00e1rio;<\/p>\n\n\n\n<p>Requisitos Obrigat\u00f3rios \u2013 residir na Zona Leste e ter documenta\u00e7\u00e3o completa (com dispensa militar);<\/p>\n\n\n\n<p>Atividades \u2013 prestar ajuda imediata em diversas fun\u00e7\u00f5es de uma empresa e tamb\u00e9m garante o suporte necess\u00e1rio a quem precisa, al\u00e9m disso, esse profissional esclarece as d\u00favidas, auxilia na carga e descarga de mercadorias, fazer pequenos servi\u00e7os de manuten\u00e7\u00e3o e de limpeza.<\/p>\n\n\n\n<p>Dispon\u00edvel at\u00e9 20\/8\/2025 ou encerramento da vaga.<\/p>\n\n\n\n<p><strong>2 vagas \u2013 Eletricista Industrial Jr<\/strong><\/p>\n\n\n\n<p>Escolaridade \u2013 ensino m\u00e9dio completo;<\/p>\n\n\n\n<p>Experi\u00eancia \u2013 seis meses na Carteira de Trabalho;<\/p>\n\n\n\n<p>Requisitos Obrigat\u00f3rios \u2013 ter documenta\u00e7\u00e3o completa (com dispensa militar);<\/p>\n\n\n\n<p>Atividades \u2013 executar a instala\u00e7\u00e3o de motores, m\u00e1quinas e outros componentes el\u00e9tricos dos equipamentos, orientar os usu\u00e1rios sobre as condi\u00e7\u00f5es de funcionamento e opera\u00e7\u00e3o dos equipamentos el\u00e9tricos, visando otimizar o desempenho desses equipamentos e evitar paradas por quebra ou defeito.<\/p>\n\n\n\n<p>Dispon\u00edvel at\u00e9 20\/8\/2025 ou encerramento da vaga.<\/p>\n\n\n\n<p><strong>2 vagas \u2013 Pedreiro<\/strong><\/p>\n\n\n\n<p>Escolaridade \u2013 ensino fundamental completo;<\/p>\n\n\n\n<p>Experi\u00eancia \u2013 registrada na Carteira de Trabalho;<\/p>\n\n\n\n<p>Requisitos Obrigat\u00f3rios \u2013 ter documenta\u00e7\u00e3o completa (com dispensa militar);<\/p>\n\n\n\n<p>Atividades \u2013 constr\u00f3i estruturas de alvenaria, fazendo marca\u00e7\u00f5es na obra, de acordo com o projeto, preparando a argamassa ou providenciando sua prepara\u00e7\u00e3o, para o assentamento, e assentando os tijolos, blocos e elementos vazados, apruma, alinhar e nivelar as alvenarias.<\/p>\n\n\n\n<p>Dispon\u00edvel at\u00e9 20\/8\/2025 ou encerramento da vaga.<\/p>\n\n\n\n<p><strong>2 vagas \u2013 Servente de Obras<\/strong><\/p>\n\n\n\n<p>Escolaridade \u2013 ensino fundamental completo;<\/p>\n\n\n\n<p>Experi\u00eancia \u2013 seis meses na Carteira de Trabalho;<\/p>\n\n\n\n<p>Requisitos Obrigat\u00f3rios \u2013 ter conhecimento em Lixadeira, Parafusadeira, Martelete e ter documenta\u00e7\u00e3o completa (com dispensa militar);<\/p>\n\n\n\n<p>Atividades \u2013 o servente atuar\u00e1 com estruturas met\u00e1licas para telhados (torre predial com laje e sem laje)<\/p>\n\n\n\n<p>Dispon\u00edvel at\u00e9 20\/8\/2025 ou encerramento da vaga.<\/p>\n\n\n\n<p><strong>2 vagas \u2013 Serralheiro<\/strong><\/p>\n\n\n\n<p>Escolaridade \u2013 ensino fundamental completo;<\/p>\n\n\n\n<p>Experi\u00eancia \u2013 seis meses na Carteira de Trabalho;<\/p>\n\n\n\n<p>Requisitos Obrigat\u00f3rios \u2013 ter documenta\u00e7\u00e3o completa (com dispensa militar);<\/p>\n\n\n\n<p>Atividades \u2013 confeccionar, reparar e instalar pe\u00e7as e elementos diversos em chapas de metal como a\u00e7o, ferro galvanizado, cobre, estanho, lat\u00e3o, alum\u00ednio e zinco, trabalhar barras perfiladas de materiais ferrosos e n\u00e3o ferrosos para fabricar esquadrias, portas, grades, vitrais e pe\u00e7as similares.<\/p>\n\n\n\n<p>Dispon\u00edvel at\u00e9 20\/8\/2025 ou encerramento da vaga.<\/p>\n\n\n\n<p><strong>5 vagas \u2013 Operador de Caixa<\/strong><\/p>\n\n\n\n<p>Escolaridade \u2013 ensino m\u00e9dio completo;<\/p>\n\n\n\n<p>Experi\u00eancia \u2013 seis meses na Carteira de Trabalho;<\/p>\n\n\n\n<p>Requisitos Obrigat\u00f3rios \u2013 ter experi\u00eancia com sistema Winthor e ter documenta\u00e7\u00e3o completa (com dispensa militar);<\/p>\n\n\n\n<p>Atividades \u2013 receber pagamentos, emitir notas fiscais\/recibos, atender clientes e realizar a manuten\u00e7\u00e3o do caixa;<\/p>\n\n\n\n<p>Dispon\u00edvel at\u00e9 20\/8\/2025 ou encerramento da vaga.<\/p>\n\n\n\n<p><strong>2 vagas \u2013 Atendente de Padaria<\/strong><\/p>\n\n\n\n<p>Escolaridade \u2013 ensino m\u00e9dio completo;<\/p>\n\n\n\n<p>Experi\u00eancia \u2013 seis meses na Carteira de Trabalho;<\/p>\n\n\n\n<p>Requisitos Obrigat\u00f3rios \u2013 ter documenta\u00e7\u00e3o completa (com dispensa militar);<\/p>\n\n\n\n<p>Atividades \u2013 vendem mercadorias em estabelecimentos do com\u00e9rcio varejista ou atacadista, auxiliando os clientes na escolha, exp\u00f5em mercadorias de forma atrativa, em pontos estrat\u00e9gicos de vendas, com etiquetas de pre\u00e7o, abastecem pontos de venda, g\u00f4ndolas e balc\u00f5es e atendem clientes.<\/p>\n\n\n\n<p>Dispon\u00edvel at\u00e9 20\/8\/2025 ou encerramento da vaga.<\/p>\n\n\n\n<p><strong>4 vagas \u2013 Mec\u00e2nico Motor a Diesel<\/strong><\/p>\n\n\n\n<p>Escolaridade \u2013 ensino fundamental completo;<\/p>\n\n\n\n<p>Experi\u00eancia \u2013 seis meses na Carteira de Trabalho ou avulsa;<\/p>\n\n\n\n<p>Requisitos Obrigat\u00f3rios \u2013 ter documenta\u00e7\u00e3o completa;<\/p>\n\n\n\n<p>Atividades \u2013 inspe\u00e7\u00e3o, diagn\u00f3stico, reparos complexos, manuten\u00e7\u00e3o de rotina, verifica\u00e7\u00e3o de seguran\u00e7a e, em alguns casos, gest\u00e3o de pe\u00e7as e custos.<\/p>\n\n\n\n<p>Dispon\u00edvel at\u00e9 20\/8\/2025 ou encerramento da vaga.<\/p>\n\n\n\n<p><strong>4 vagas \u2013 Chapeador<\/strong><\/p>\n\n\n\n<p>Escolaridade \u2013 ensino fundamental completo;<\/p>\n\n\n\n<p>Experi\u00eancia \u2013 seis meses na Carteira de Trabalho ou avulsa;<\/p>\n\n\n\n<p>Requisitos Obrigat\u00f3rios \u2013 ter documenta\u00e7\u00e3o completa;<\/p>\n\n\n\n<p>Atividades \u2013 cortar, modelar, rebitar, soldar e unir chapas de metal, utilizando ferramentas, m\u00e1quinas e equipamentos espec\u00edficos, al\u00e9m de seguir desenhos, projetos e especifica\u00e7\u00f5es t\u00e9cnicas.<\/p>\n\n\n\n<p>Dispon\u00edvel at\u00e9 20\/8\/2025 ou encerramento da vaga.<\/p>\n\n\n\n<p><strong>1 vaga \u2013 T\u00e9cnico Refrigera\u00e7\u00e3o Veicular<\/strong><\/p>\n\n\n\n<p>Escolaridade \u2013 ensino fundamental completo;<\/p>\n\n\n\n<p>Experi\u00eancia \u2013 seis meses na Carteira de Trabalho ou avulsa;<\/p>\n\n\n\n<p>Requisitos Obrigat\u00f3rios \u2013 ter documenta\u00e7\u00e3o completa;<\/p>\n\n\n\n<p>Atividades \u2013 manuten\u00e7\u00e3o e instala\u00e7\u00e3o de sistemas de ar condicionado em ve\u00edculos.<\/p>\n\n\n\n<p>Dispon\u00edvel at\u00e9 20\/8\/2025 ou encerramento da vaga.<\/p>\n\n\n\n<p><strong>15 vagas \u2013 Mec\u00e2nico de Manuten\u00e7\u00e3o \u2013 Jovem Aprendiz<\/strong><\/p>\n\n\n\n<p>Escolaridade \u2013 cursando ensino m\u00e9dio;<\/p>\n\n\n\n<p>Experi\u00eancia \u2013 n\u00e3o \u00e9 necess\u00e1rio;<\/p>\n\n\n\n<p>Requisitos Obrigat\u00f3rios \u2013 ter documenta\u00e7\u00e3o completa (com dispensa militar);<\/p>\n\n\n\n<p>Atividades \u2013 realizar inspe\u00e7\u00f5es, repara\u00e7\u00f5es e manuten\u00e7\u00f5es em m\u00e1quinas e equipamentos industriais, garantindo que funcionem corretamente<\/p>\n\n\n\n<p>Dispon\u00edvel at\u00e9 20\/8\/2025 ou encerramento da vaga.<\/p>\n\n\n\n<p><strong>10 vagas \u2013 Vendedor Porta a Porta<\/strong><\/p>\n\n\n\n<p>Escolaridade \u2013 ensino m\u00e9dio completo;<\/p>\n\n\n\n<p>Experi\u00eancia \u2013 n\u00e3o \u00e9 necess\u00e1rio;<\/p>\n\n\n\n<p>Requisitos Obrigat\u00f3rios \u2013 ter documenta\u00e7\u00e3o completa;<\/p>\n\n\n\n<p>Atividades \u2013 vender produtos e servi\u00e7os em resid\u00eancias e escrit\u00f3rios; planejar e discutir metas e estrat\u00e9gias de venda, contatar, visitar e entrevistar clientes, demonstrar produtos, avaliar o perfil dos clientes e fechar contratos de vendas.<\/p>\n\n\n\n<p>Dispon\u00edvel at\u00e9 20\/8\/2025 ou encerramento da vaga.<\/p>\n\n\n\n<p><strong>1 vaga \u2013 Auxiliar de Almoxarifado<\/strong><\/p>\n\n\n\n<p>Escolaridade \u2013 ensino m\u00e9dio completo;<\/p>\n\n\n\n<p>Experi\u00eancia \u2013 tr\u00eas meses na Carteira de Trabalho;<\/p>\n\n\n\n<p>Requisitos Obrigat\u00f3rios \u2013 ter Pacote Office com \u00eanfase em Excel e ter documenta\u00e7\u00e3o completa;<\/p>\n\n\n\n<p>Atividades \u2013 recebimento, armazenamento, controle de entrada e sa\u00edda de materiais, e prepara\u00e7\u00e3o para expedi\u00e7\u00e3o.<\/p>\n\n\n\n<p>Dispon\u00edvel at\u00e9 20\/8\/2025 ou encerramento da vaga.<\/p>\n\n\n\n<p><strong>5 vagas \u2013 Soldador<\/strong><\/p>\n\n\n\n<p>Escolaridade \u2013 ensino m\u00e9dio completo;<\/p>\n\n\n\n<p>Experi\u00eancia \u2013 tr\u00eas meses na Carteira de Trabalho;<\/p>\n\n\n\n<p>Requisitos Obrigat\u00f3rios \u2013 ter documenta\u00e7\u00e3o completa (com dispensa militar);<\/p>\n\n\n\n<p>Atividades \u2013 prepara\u00e7\u00e3o do material; corte de chapas, barras e perfis met\u00e1licos; limpeza e lixamento das superf\u00edcies para melhor ader\u00eancia da solda; montagem de estruturas; posicionamento e fixa\u00e7\u00e3o de pe\u00e7as conforme projeto; uso de gabaritos, esquadros e dispositivos de alinhamento.<\/p>\n\n\n\n<p>Dispon\u00edvel at\u00e9 20\/8\/2025 ou encerramento da vaga.<\/p>\n\n\n\n<p><strong>15 vagas \u2013 Montadores de Estruturas Met\u00e1licas<\/strong><\/p>\n\n\n\n<p>Escolaridade \u2013 ensino m\u00e9dio completo;<\/p>\n\n\n\n<p>Experi\u00eancia \u2013 tr\u00eas meses na Carteira de Trabalho;<\/p>\n\n\n\n<p>Requisitos Obrigat\u00f3rios \u2013 ter documenta\u00e7\u00e3o completa (com dispensa militar);<\/p>\n\n\n\n<p>Atividades \u2013 montagem, instala\u00e7\u00e3o e recupera\u00e7\u00e3o de estruturas met\u00e1licas, utilizando ferramentas, equipamentos e t\u00e9cnicas espec\u00edficas, conforme projetos e normas t\u00e9cnicas.<\/p>\n\n\n\n<p>Dispon\u00edvel at\u00e9 20\/8\/2025 ou encerramento da vaga.<\/p>\n\n\n\n<p><strong>20 vagas \u2013 Ajudante de Estruturas Met\u00e1licas<\/strong><\/p>\n\n\n\n<p>Escolaridade \u2013 ensino m\u00e9dio completo;<\/p>\n\n\n\n<p>Experi\u00eancia \u2013 tr\u00eas meses na Carteira de Trabalho;<\/p>\n\n\n\n<p>Requisitos Obrigat\u00f3rios \u2013 ter documenta\u00e7\u00e3o completa (com dispensa militar);<\/p>\n\n\n\n<p>Atividades \u2013 auxiliar na produ\u00e7\u00e3o e montagem de estruturas de metal, realizando tarefas como preparar materiais, operar m\u00e1quinas, auxiliar na montagem e garantir a qualidade das pe\u00e7as.<\/p>\n\n\n\n<p>Dispon\u00edvel at\u00e9 20\/8\/2025 ou encerramento da vaga.<\/p>\n\n\n\n<p><strong>1 vaga \u2013 Editor de TV e V\u00eddeo<\/strong><\/p>\n\n\n\n<p>Escolaridade \u2013 ensino m\u00e9dio completo;<\/p>\n\n\n\n<p>Experi\u00eancia \u2013 seis meses na Carteira de Trabalho ou avulsa;<\/p>\n\n\n\n<p>Requisitos Obrigat\u00f3rios \u2013 ter documenta\u00e7\u00e3o completa;<\/p>\n\n\n\n<p>Atividades \u2013 produ\u00e7\u00e3o e edi\u00e7\u00e3o de v\u00eddeos, fotografias e outros materiais para m\u00eddias\/redes sociais.<\/p>\n\n\n\n<p>Dispon\u00edvel at\u00e9 20\/8\/2025 ou encerramento da vaga.<\/p>\n\n\n\n<p><strong>1 vaga \u2013 Auxiliar Financeiro<\/strong><\/p>\n\n\n\n<p>Escolaridade \u2013 ensino superior completo ou cursando Ci\u00eancia Cont\u00e1beis ou Administra\u00e7\u00e3o;<\/p>\n\n\n\n<p>Experi\u00eancia \u2013 registrada na Carteira de Trabalho;<\/p>\n\n\n\n<p>Requisitos Obrigat\u00f3rios \u2013 ter documenta\u00e7\u00e3o completa;<\/p>\n\n\n\n<p>Atividades \u2013 realizar o controle de contas a pagar e a receber, concilia\u00e7\u00e3o banc\u00e1ria, organiza\u00e7\u00e3o de documentos e elabora\u00e7\u00e3o de relat\u00f3rios simples, entre outras atividades correlatas \u00e0 fun\u00e7\u00e3o.<\/p>\n\n\n\n<p>Dispon\u00edvel at\u00e9 20\/8\/2025 ou encerramento da vaga.<\/p>\n\n\n\n<p><strong>1 vaga \u2013 Assistente de Recursos Humanos<\/strong><\/p>\n\n\n\n<p>Escolaridade \u2013 ensino superior completo;<\/p>\n\n\n\n<p>Experi\u00eancia \u2013 seis meses na Carteira de Trabalho;<\/p>\n\n\n\n<p>Requisitos Obrigat\u00f3rios \u2013 ter documenta\u00e7\u00e3o completa;<\/p>\n\n\n\n<p>Atividades \u2013 controle de ponto e frequ\u00eancia; folha de pagamento; administra\u00e7\u00e3o de benef\u00edcios; apoio \u00e0 lideran\u00e7a e gest\u00e3o de equipes; processos de demiss\u00e3o; gest\u00e3o de documenta\u00e7\u00e3o e arquivos; gest\u00e3o de vale\u2013transporte e vale\u2013refei\u00e7\u00e3o; gest\u00e3o de onboarding e integra\u00e7\u00e3o de novos colaboradores; controle e atualiza\u00e7\u00e3o de cadastro de funcion\u00e1rios.<\/p>\n\n\n\n<p>Dispon\u00edvel at\u00e9 20\/8\/2025 ou encerramento da vaga.<\/p>\n\n\n\n<p><strong>1 vaga \u2013 Auxiliar de Contabilidade<\/strong><\/p>\n\n\n\n<p>Escolaridade \u2013 ensino superior completo;<\/p>\n\n\n\n<p>Experi\u00eancia \u2013 seis meses na Carteira de Trabalho;<\/p>\n\n\n\n<p>Requisitos Obrigat\u00f3rios \u2013 ter CRC ativo e ter documenta\u00e7\u00e3o completa;<\/p>\n\n\n\n<p>Atividades \u2013 classifica\u00e7\u00e3o e escritura\u00e7\u00e3o cont\u00e1bil; concilia\u00e7\u00f5es cont\u00e1beis; elabora\u00e7\u00e3o das demonstra\u00e7\u00f5es cont\u00e1beis; apoio \u00e0 lideran\u00e7a e gest\u00e3o de equipes; apura\u00e7\u00e3o de tributos; entrega de obriga\u00e7\u00f5es acess\u00f3rias; fechamento cont\u00e1bil e Controle Patrimonial.<\/p>\n\n\n\n<p>Dispon\u00edvel at\u00e9 20\/8\/2025 ou encerramento da vaga.<\/p>\n\n\n\n<p><strong>3 vagas \u2013 Auxiliar Administrativo<\/strong><\/p>\n\n\n\n<p>Escolaridade \u2013 ensino m\u00e9dio completo;<\/p>\n\n\n\n<p>Experi\u00eancia \u2013 primeiro emprego;<\/p>\n\n\n\n<p>Requisitos Obrigat\u00f3rios \u2013 ter Excel avan\u00e7ado, disponibilidade de hor\u00e1rio e ter documenta\u00e7\u00e3o completa;<\/p>\n\n\n\n<p>Atividades \u2013 realizar telemarketing ativo, cumprimento de metas individuais e equipe, elabora\u00e7\u00e3o de planilha de excel.<\/p>\n\n\n\n<p>Dispon\u00edvel at\u00e9 20\/8\/2025 ou encerramento da vaga.<\/p>\n\n\n\n<p><strong>Vagas no Com\u00e9rcio \u2013 41<\/strong><\/p>\n\n\n\n<p><strong>1 vaga \u2013 Analista Cont\u00e1bil<\/strong><\/p>\n\n\n\n<p>Escolaridade \u2013 ensino superior completo em Ci\u00eancias Cont\u00e1beis;<\/p>\n\n\n\n<p>Experi\u00eancia \u2013 registrada na Carteira de Trabalho;<\/p>\n\n\n\n<p>Requisitos Obrigat\u00f3rios \u2013 ter conhecimento em SPEDs, experi\u00eancia no ramo de com\u00e9rcio e ter documenta\u00e7\u00e3o completa;<\/p>\n\n\n\n<p>Atividades \u2013 preparar balan\u00e7os e balancetes, elaborar relat\u00f3rios de contabilidade e fazer a an\u00e1lise vertical e horizontal de despesas e contas patrimoniais relacionadas ao ativo imobilizado da empresa, exercer tarefas ligadas \u00e0 an\u00e1lise, classifica\u00e7\u00e3o e concilia\u00e7\u00e3o cont\u00e1bil.<\/p>\n\n\n\n<p>Dispon\u00edvel at\u00e9 20\/8\/2025 ou encerramento da vaga.<\/p>\n\n\n\n<p><strong>1 vaga \u2013 Estoquista<\/strong><\/p>\n\n\n\n<p>Escolaridade \u2013 ensino m\u00e9dio completo;<\/p>\n\n\n\n<p>Experi\u00eancia \u2013 seis meses na Carteira de Trabalho;<\/p>\n\n\n\n<p>Requisitos Obrigat\u00f3rios \u2013 ter experi\u00eancia com pe\u00e7as automotivas e ter documenta\u00e7\u00e3o completa;<\/p>\n\n\n\n<p>Atividades \u2013 realizar armazenamento e organiza\u00e7\u00e3o, recebimento e confer\u00eancia, controle de estoque e realiza\u00e7\u00e3o de invent\u00e1rio.<\/p>\n\n\n\n<p>Dispon\u00edvel at\u00e9 20\/8\/2025 ou encerramento da vaga.<\/p>\n\n\n\n<p><strong>1 vaga \u2013 Operador de Caixa<\/strong><\/p>\n\n\n\n<p>Escolaridade \u2013 ensino m\u00e9dio completo;<\/p>\n\n\n\n<p>Experi\u00eancia \u2013 seis meses na Carteira de Trabalho ou avulsa;<\/p>\n\n\n\n<p>Requisitos Obrigat\u00f3rios \u2013 residir na Zona Leste ou Norte e ter documenta\u00e7\u00e3o completa;<\/p>\n\n\n\n<p>Atividades \u2013 escanear produtos, inserir pre\u00e7os, receber pagamentos em dinheiro ou cart\u00f5es, emitir recibos e notas fiscais, e manter o caixa organizado.<\/p>\n\n\n\n<p>Dispon\u00edvel at\u00e9 20\/8\/2025 ou encerramento da vaga.<\/p>\n\n\n\n<p><strong>1 vaga \u2013 Vendedor Interno<\/strong><\/p>\n\n\n\n<p>Escolaridade \u2013 ensino m\u00e9dio completo;<\/p>\n\n\n\n<p>Experi\u00eancia \u2013 seis meses na Carteira de Trabalho;<\/p>\n\n\n\n<p>Requisitos Obrigat\u00f3rios \u2013 ter documenta\u00e7\u00e3o completa (com dispensa militar);<\/p>\n\n\n\n<p>Atividades \u2013 realizar atendimento ao cliente, vendas e faturamento.<\/p>\n\n\n\n<p>Dispon\u00edvel at\u00e9 20\/8\/2025 ou encerramento da vaga.<\/p>\n\n\n\n<p><strong>5 vagas \u2013 Ajudante de A\u00e7ougue<\/strong><\/p>\n\n\n\n<p>Escolaridade \u2013 ensino m\u00e9dio completo;<\/p>\n\n\n\n<p>Experi\u00eancia \u2013 n\u00e3o \u00e9 necess\u00e1rio;<\/p>\n\n\n\n<p>Requisitos Obrigat\u00f3rios \u2013 residir nos bairros: Parque das Gar\u00e7as, N\u00facleo 16, Cidade de Deus, Bairro da Paz, S\u00e3o Francisco, Petr\u00f3polis, Pra\u00e7a 14 e ter documenta\u00e7\u00e3o completa (com dispensa militar);<\/p>\n\n\n\n<p>Atividades \u2013 auxiliar no corte, desossa, porcionamento, pesagem e embalagem das carnes; manter a limpeza e organiza\u00e7\u00e3o do balc\u00e3o, c\u00e2maras frias, equipamentos e \u00e1rea de manipula\u00e7\u00e3o de carnes; embalar e precificar carnes para venda, entre outras atividades pertinentes \u00e0 fun\u00e7\u00e3o.<\/p>\n\n\n\n<p>Dispon\u00edvel at\u00e9 20\/8\/2025 ou encerramento da vaga.<\/p>\n\n\n\n<p><strong>14 vagas \u2013 Fiscal de Loja<\/strong><\/p>\n\n\n\n<p>Escolaridade \u2013 ensino m\u00e9dio completo;<\/p>\n\n\n\n<p>Experi\u00eancia \u2013 registrada na Carteira de Trabalho;<\/p>\n\n\n\n<p>Requisitos Obrigat\u00f3rios \u2013 ter documenta\u00e7\u00e3o completa;<\/p>\n\n\n\n<p>Atividades \u2013 monitorar a movimenta\u00e7\u00e3o de pessoas e mercadorias, conferindo sa\u00eddas e entradas e identificando potenciais riscos, atuar na preven\u00e7\u00e3o de furtos, danos, fraudes e outras perdas que possam afetar o patrim\u00f4nio da empresa, entre outras atividades pertinentes \u00e0 fun\u00e7\u00e3o.<\/p>\n\n\n\n<p>Dispon\u00edvel at\u00e9 20\/8\/2025 ou encerramento da vaga.<\/p>\n\n\n\n<p><strong>1 vaga \u2013 Gerente de Loja e Supermercado<\/strong><\/p>\n\n\n\n<p>Escolaridade \u2013 ensino superior completo em Administra\u00e7\u00e3o;<\/p>\n\n\n\n<p>Experi\u00eancia \u2013 registrada na Carteira de Trabalho;<\/p>\n\n\n\n<p>Requisitos Obrigat\u00f3rios \u2013 ter documenta\u00e7\u00e3o completa;<\/p>\n\n\n\n<p>Atividades \u2013 planejar, organizar e controlar as rotinas de com\u00e9rcios varejistas e atacadistas, envolvendo a lideran\u00e7a de equipes, arruma\u00e7\u00e3o de mercadorias, gest\u00e3o de estoque e programa\u00e7\u00e3o de compras; acompanhar o fechamento de caixa, faturamento e indicadores de resultados para alcance dos objetivos organizacionais.<\/p>\n\n\n\n<p>Dispon\u00edvel at\u00e9 20\/8\/2025 ou encerramento da vaga.<\/p>\n\n\n\n<p><strong>2 vagas \u2013 Repositor de Hortifruti<\/strong><\/p>\n\n\n\n<p>Escolaridade \u2013 ensino m\u00e9dio completo;<\/p>\n\n\n\n<p>Experi\u00eancia \u2013 quatro meses na Carteira de Trabalho;<\/p>\n\n\n\n<p>Requisitos Obrigat\u00f3rios \u2013 ter documenta\u00e7\u00e3o completa (com dispensa militar);<\/p>\n\n\n\n<p>Atividades \u2013 reabastecer as g\u00f4ndolas, pesar avarias, tirar foto dos nossos produtos expostos, reproduzir layout padr\u00e3o do supermercado.<\/p>\n\n\n\n<p>Dispon\u00edvel at\u00e9 20\/8\/2025 ou encerramento da vaga.<\/p>\n\n\n\n<p><strong>2 vagas \u2013 Motorista Entregador<\/strong><\/p>\n\n\n\n<p>Escolaridade \u2013 ensino m\u00e9dio completo;<\/p>\n\n\n\n<p>Experi\u00eancia \u2013 quatro meses na Carteira de Trabalho;<\/p>\n\n\n\n<p>Requisitos Obrigat\u00f3rios \u2013 ter Carteira Nacional de Habilita\u00e7\u00e3o categoria \u201cD\u201d, experi\u00eancia com caminh\u00e3o ba\u00fa e ter documenta\u00e7\u00e3o completa (com dispensa militar);<\/p>\n\n\n\n<p>Atividades \u2013 entregar em supermercados parceiros da nossa empresa com agilidade e obedi\u00eancia \u00e0s normas, e fazer viagens para a retirada de nossos produtos com nossos fornecedores de cidades vizinhas.<\/p>\n\n\n\n<p>Dispon\u00edvel at\u00e9 20\/8\/2025 ou encerramento da vaga.<\/p>\n\n\n\n<p><strong>1 vaga \u2013 Vendedor de Autope\u00e7as<\/strong><\/p>\n\n\n\n<p>Escolaridade \u2013 ensino m\u00e9dio completo;<\/p>\n\n\n\n<p>Experi\u00eancia \u2013 seis meses na Carteira de Trabalho;<\/p>\n\n\n\n<p>Requisitos Obrigat\u00f3rios \u2013 ter curso de Inform\u00e1tica b\u00e1sica, conhecimento de autope\u00e7as e ter documenta\u00e7\u00e3o completa;<\/p>\n\n\n\n<p>Atividades \u2013 atendimento ao cliente, indica\u00e7\u00e3o e recomenda\u00e7\u00e3o de pe\u00e7as adequada, emiss\u00e3o de pedidos e or\u00e7amentos; organiza\u00e7\u00e3o do ambiente de trabalho<\/p>\n\n\n\n<p>Dispon\u00edvel at\u00e9 20\/8\/2025 ou encerramento da vaga.<\/p>\n\n\n\n<p><strong>10 vagas \u2013 Operador de Vendas e Servi\u00e7o<\/strong><\/p>\n\n\n\n<p>Escolaridade \u2013 ensino m\u00e9dio completo;<\/p>\n\n\n\n<p>Experi\u00eancia \u2013 n\u00e3o \u00e9 necess\u00e1rio;<\/p>\n\n\n\n<p>Requisitos Obrigat\u00f3rios \u2013 ter documenta\u00e7\u00e3o completa;<\/p>\n\n\n\n<p>Atividades \u2013 atuar na \u00e1rea de vendas e servi\u00e7os, como reposi\u00e7\u00e3o, atendimento ao cliente, opera\u00e7\u00e3o de caixa, entre outras atividades correlatas \u00e0 fun\u00e7\u00e3o.<\/p>\n\n\n\n<p>Dispon\u00edvel at\u00e9 20\/8\/2025 ou encerramento da vaga.<\/p>\n\n\n\n<p><strong>1 vaga \u2013 Montador de Pneus<\/strong><\/p>\n\n\n\n<p>Escolaridade \u2013 ensino fundamental completo;<\/p>\n\n\n\n<p>Experi\u00eancia \u2013 seis meses na Carteira de Trabalho;<\/p>\n\n\n\n<p>Requisitos Obrigat\u00f3rios \u2013 ter documenta\u00e7\u00e3o completa (com dispensa militar);<\/p>\n\n\n\n<p>Atividades \u2013 fazer a troca de pneus, rodas e v\u00e1lvulas e montagem, desmontagem e balanceamento de pneus.<\/p>\n\n\n\n<p>Dispon\u00edvel at\u00e9 20\/8\/2025 ou encerramento da vaga.<\/p>\n\n\n\n<p><strong>Vagas na Ind\u00fastria \u2013 134<\/strong><\/p>\n\n\n\n<p><strong>50 vagas \u2013 Auxiliar de Linha de Produ\u00e7\u00e3o<br><\/strong>Escolaridade \u2013 ensino fundamental completo;<br>Experi\u00eancia \u2013 n\u00e3o \u00e9 necess\u00e1rio;<br>Requisitos Obrigat\u00f3rios \u2013 a vaga \u00e9 destinada para candidatos que est\u00e3o em busca de novos desafios; o candidato vai precisar morar em: V\u00e1rzea Grande (MT) e ter documenta\u00e7\u00e3o completa (com dispensa militar);<br>Atividades \u2013 executar atividades operacionais em setores de apoio ou produ\u00e7\u00e3o de frios, visando garantir a manuten\u00e7\u00e3o, organiza\u00e7\u00e3o, limpeza ou opera\u00e7\u00e3o de atividades na unidade.<br>Dispon\u00edvel at\u00e9 8\/8\/2025 ou encerramento da vaga.<br><br><strong>25 vagas \u2013 Alimentador de Linha de Produ\u00e7\u00e3o<br><\/strong>Escolaridade \u2013 ensino fundamental incompleto;<br>Experi\u00eancia \u2013 n\u00e3o \u00e9 necess\u00e1rio;<br>Requisitos Obrigat\u00f3rios \u2013 a vaga \u00e9 destinada para candidatos que est\u00e3o em busca de novos desafios; o candidato vai precisar morar em: Promiss\u00e3o \u2013 SP e ter documenta\u00e7\u00e3o completa (com dispensa militar);<br>Atividades \u2013 auxiliar a ind\u00fastria de abate bovino.<br>Dispon\u00edvel at\u00e9 8\/8\/2025 ou encerramento da vaga.<br><br><strong>50 vagas \u2013 Auxiliar Operacional \u2013 Setor Industrial<br><\/strong>Escolaridade \u2013 ensino fundamental incompleto;<br>Experi\u00eancia \u2013 n\u00e3o \u00e9 necess\u00e1rio;<br>Requisitos Obrigat\u00f3rios \u2013 a vaga \u00e9 destinada para candidatos que est\u00e3o em busca de novos desafios; o candidato vai precisar morar em: Chupinguaia (RO) e ter documenta\u00e7\u00e3o completa (com dispensa militar);<br>Atividades \u2013 pesagem e balan\u00e7a de pe\u00e7as de carne; Transporte de pe\u00e7as de carne para a log\u00edstica; Lavagem de pe\u00e7as de carne; Aux\u00edlio na linha de produ\u00e7\u00e3o no processo de desossa e cortes de carne.<br>Dispon\u00edvel at\u00e9 19\/8\/2025 ou encerramento da vaga<br><strong><br><\/strong><strong>4 vagas \u2013 Promotor de Vendas Especializado<\/strong><br>Escolaridade \u2013 ensino m\u00e9dio completo;<br>Experi\u00eancia \u2013 seis meses na Carteira de Trabalho;<br>Requisitos Obrigat\u00f3rios \u2013 ter curso de Inform\u00e1tica intermedi\u00e1ria e ter documenta\u00e7\u00e3o completa;<br>Atividades \u2013 atendimento ao cliente; apresenta\u00e7\u00e3o de produtos; prospec\u00e7\u00e3o de clientes; negocia\u00e7\u00e3o; gest\u00e3o de estoque; registro de vendas; acompanhamento p\u00f3s\u2013venda; manuten\u00e7\u00e3o do ponto de venda; atualiza\u00e7\u00e3o sobre produtos e relat\u00f3rios e metas.<br>Dispon\u00edvel at\u00e9 20\/8\/2025 ou encerramento da vaga.<br><br><strong>1 vaga \u2013 T\u00e9cnico de Seguran\u00e7a do Trabalho<\/strong><br>Escolaridade \u2013 ensino m\u00e9dio completo;<br>Experi\u00eancia \u2013 seis meses na Carteira de Trabalho;<br>Requisitos Obrigat\u00f3rios \u2013 ter curso T\u00e9cnico de Seguran\u00e7a do Trabalho e ter documenta\u00e7\u00e3o completa (com dispensa militar;<br>Atividades \u2013 elaborar, participar da elabora\u00e7\u00e3o e implementar pol\u00edtica de sa\u00fade e seguran\u00e7a no trabalho (SST); realizar auditoria, acompanhamento e avalia\u00e7\u00e3o na \u00e1rea; identificar vari\u00e1veis de controle de doen\u00e7as, acidentes, qualidade de vida e meio ambiente; desenvolver a\u00e7\u00f5es educativas na \u00e1rea de sa\u00fade e seguran\u00e7a no trabalho; participam de per\u00edcias e fiscaliza\u00e7\u00f5es e integram processos de negocia\u00e7\u00e3o; participar da ado\u00e7\u00e3o de tecnologias e processos de trabalho; gerenciar documenta\u00e7\u00e3o de SST; investigar, analisar acidentes e recomendar medidas de preven\u00e7\u00e3o e controle.<br>Dispon\u00edvel at\u00e9 20\/8\/2025 ou encerramento da vaga.<br><br><\/p>\n\n\n\n<p><strong>1 vaga \u2013 Agente de Portaria<\/strong><\/p>\n\n\n\n<p>Escolaridade \u2013 ensino m\u00e9dio completo;<\/p>\n\n\n\n<p>Experi\u00eancia \u2013 seis meses na Carteira de Trabalho;<\/p>\n\n\n\n<p>Requisitos Obrigat\u00f3rios \u2013 ter curso de CFTV, Inform\u00e1tica B\u00e1sica e ter documenta\u00e7\u00e3o completa (com dispensa militar);<\/p>\n\n\n\n<p>Atividades \u2013 identificar e registrar pessoas e ve\u00edculos que entram e saem, garantindo a seguran\u00e7a do local, zelar pela integridade dos bens m\u00f3veis e im\u00f3veis, monitorar atividades suspeitas e reportar incidentes, manter a ordem e a limpeza na portaria, bem como auxiliar em tarefas administrativas, como registro de informa\u00e7\u00f5es e comunica\u00e7\u00e3o de recados.<\/p>\n\n\n\n<p>Dispon\u00edvel at\u00e9 20\/8\/2025 ou encerramento da vaga.<\/p>\n\n\n\n<p><strong>1 vaga \u2013 T\u00e9cnico em Seguran\u00e7a do Trabalho<\/strong><\/p>\n\n\n\n<p>Escolaridade \u2013 ensino t\u00e9cnico completo em Seguran\u00e7a do Trabalho<\/p>\n\n\n\n<p>Experi\u00eancia \u2013 registrada na Carteira de Trabalho;<\/p>\n\n\n\n<p>Requisitos Obrigat\u00f3rios \u2013 ter documenta\u00e7\u00e3o completa (com dispensa militar);<\/p>\n\n\n\n<p>Atividades \u2013 orientar, coordenar o sistema de seguran\u00e7a do trabalho, investigar riscos e causas de acidente, analisar e promover alternativas para preven\u00e7\u00e3o, inspecionar locais e equipamentos e determinar fatores de risco, realizar investiga\u00e7\u00e3o de acidente, elaborar relat\u00f3rios de acidente de trabalho, fazer CAT, ter conhecimento em inform\u00e1tica, para que possa desenvolver trabalhos relacionados a fun\u00e7\u00e3o e demais atividades pertinentes a fun\u00e7\u00e3o.<\/p>\n\n\n\n<p>Dispon\u00edvel at\u00e9 20\/8\/2025 ou encerramento da vaga.<\/p>\n\n\n\n<p><strong>2 vagas \u2013 Ajudante de Caminh\u00e3o<\/strong><\/p>\n\n\n\n<p>Escolaridade \u2013 ensino m\u00e9dio completo;<\/p>\n\n\n\n<p>Experi\u00eancia \u2013 seis meses na Carteira de Trabalho;<\/p>\n\n\n\n<p>Requisitos Obrigat\u00f3rios \u2013 ter documenta\u00e7\u00e3o completa (com dispensa militar);<\/p>\n\n\n\n<p>Atividades \u2013 carregamento e descarregamento de mercadorias, a organiza\u00e7\u00e3o da carga no ve\u00edculo, a confer\u00eancia de notas fiscais e a entrega das encomendas.<\/p>\n\n\n\n<p>Dispon\u00edvel at\u00e9 20\/8\/2025 ou encerramento da vaga.<\/p>\n\n\n\n<p><br><br><strong>Vagas em Servi\u00e7os <a><\/a>\u2013 33<\/strong><br><br><\/p>\n\n\n\n<p><strong>1 vaga \u2013 Padeiro<\/strong><\/p>\n\n\n\n<p>Escolaridade \u2013 ensino m\u00e9dio completo;<\/p>\n\n\n\n<p>Experi\u00eancia \u2013 tr\u00eas meses na Carteira de Trabalho;<\/p>\n\n\n\n<p>Requisitos Obrigat\u00f3rios \u2013 residir na Zona Oeste, disponibilidade de hor\u00e1rio e ter documenta\u00e7\u00e3o completa;<\/p>\n\n\n\n<p>Atividades \u2013 preparar e assar diversos tipos de p\u00e3es, bolos e outros produtos de panifica\u00e7\u00e3o, utilizando t\u00e9cnicas e equipamentos espec\u00edficos.<\/p>\n\n\n\n<p>Dispon\u00edvel at\u00e9 20\/8\/2025 ou encerramento da vaga.<\/p>\n\n\n\n<p><strong>2 vagas \u2013 Mec\u00e2nico de Refrigera\u00e7\u00e3o<\/strong><\/p>\n\n\n\n<p>Escolaridade \u2013 ensino m\u00e9dio completo;<\/p>\n\n\n\n<p>Experi\u00eancia \u2013 registrada na Carteira de Trabalho;<\/p>\n\n\n\n<p>Requisitos Obrigat\u00f3rios \u2013 ter curso de Mec\u00e2nico em Refrigera\u00e7\u00e3o, conhecimento em manuten\u00e7\u00e3o de Self, Splits Piso de Teto e ter documenta\u00e7\u00e3o completa (com dispensa militar);<\/p>\n\n\n\n<p>Atividades \u2013 realizar instala\u00e7\u00e3o e manuten\u00e7\u00e3o em equipamentos de refrigera\u00e7\u00e3o e climatiza\u00e7\u00e3o comercial, respeitando legisla\u00e7\u00f5es, normas t\u00e9cnicas, ambientais, de qualidade, de sa\u00fade e de seguran\u00e7a.<\/p>\n\n\n\n<p>Dispon\u00edvel at\u00e9 20\/8\/2025 ou encerramento da vaga.<\/p>\n\n\n\n<p><strong>2 vagas \u2013 Ajudante de Obras<\/strong><\/p>\n\n\n\n<p>Escolaridade \u2013 ensino m\u00e9dio completo;<\/p>\n\n\n\n<p>Experi\u00eancia \u2013 registrada na Carteira de Trabalho;<\/p>\n\n\n\n<p>Requisitos Obrigat\u00f3rios \u2013 ter documenta\u00e7\u00e3o completa (com dispensa militar);<\/p>\n\n\n\n<p>Atividades \u2013 carregar e descarregar materiais, preparar misturas como argamassa e concreto, limpar e organizar o canteiro de obras e auxiliar em tarefas de escava\u00e7\u00e3o e nivelamento de terreno.<\/p>\n\n\n\n<p>Dispon\u00edvel at\u00e9 20\/8\/2025 ou encerramento da vaga.<\/p>\n\n\n\n<p><strong>2 vagas \u2013 Encanador<\/strong><\/p>\n\n\n\n<p>Escolaridade \u2013 ensino m\u00e9dio completo;<\/p>\n\n\n\n<p>Experi\u00eancia \u2013 registrada na Carteira de Trabalho;<\/p>\n\n\n\n<p>Requisitos Obrigat\u00f3rios \u2013 ter documenta\u00e7\u00e3o completa (com dispensa militar);<\/p>\n\n\n\n<p>Atividades \u2013 instala\u00e7\u00e3o de redes hidr\u00e1ulicas, identifica\u00e7\u00e3o e corre\u00e7\u00e3o de vazamentos, desentupimento de ralos e vasos sanit\u00e1rios, al\u00e9m da manuten\u00e7\u00e3o e substitui\u00e7\u00e3o de pe\u00e7as e equipamentos.<\/p>\n\n\n\n<p>Dispon\u00edvel at\u00e9 20\/8\/2025 ou encerramento da vaga.<\/p>\n\n\n\n<p><strong>1 vaga \u2013 Vendedor de Autope\u00e7as<\/strong><\/p>\n\n\n\n<p>Escolaridade \u2013 ensino m\u00e9dio completo;<\/p>\n\n\n\n<p>Experi\u00eancia \u2013 n\u00e3o \u00e9 necess\u00e1rio;<\/p>\n\n\n\n<p>Requisitos Obrigat\u00f3rios \u2013 ter documenta\u00e7\u00e3o completa (com dispensa militar);<\/p>\n\n\n\n<p>Atividades \u2013 atendimento ao cliente; indica\u00e7\u00e3o e recomenda\u00e7\u00e3o de pe\u00e7as adequadas; emiss\u00e3o de pedidos e or\u00e7amentos; organiza\u00e7\u00e3o do ambiente de trabalho.<\/p>\n\n\n\n<p>Dispon\u00edvel at\u00e9 20\/8\/2025 ou encerramento da vaga.<\/p>\n\n\n\n<p><strong>1 vaga \u2013 Chefe de Cozinha<\/strong><\/p>\n\n\n\n<p>Escolaridade \u2013 ensino m\u00e9dio completo;<\/p>\n\n\n\n<p>Experi\u00eancia \u2013 seis meses na Carteira de Trabalho;<\/p>\n\n\n\n<p>Requisitos Obrigat\u00f3rios \u2013 ter conhecimento em card\u00e1pios com fruto do mar e ter documenta\u00e7\u00e3o completa;<\/p>\n\n\n\n<p>Atividades \u2013 criar e elaborar pratos e card\u00e1pios, atuando direta e indiretamente na prepara\u00e7\u00e3o dos alimentos; gerenciar a cozinha e planejar as rotinas de trabalho; gerenciar, ainda, os estoques e atuar na capacita\u00e7\u00e3o de funcion\u00e1rios.<\/p>\n\n\n\n<p>Dispon\u00edvel at\u00e9 20\/8\/2025 ou encerramento da vaga.<\/p>\n\n\n\n<p><strong>1 vaga \u2013 Auxiliar T\u00e9cnico<\/strong><\/p>\n\n\n\n<p>Escolaridade \u2013 ensino m\u00e9dio completo;<\/p>\n\n\n\n<p>Experi\u00eancia \u2013 seis meses na Carteira de Trabalho ou n\u00e3o \u00e9 necess\u00e1rio;<\/p>\n\n\n\n<p>Requisitos Obrigat\u00f3rios \u2013 ter disponibilidade para viagens, Carteira Nacional de Habilita\u00e7\u00e3o categoria \u201cAB\u201d e ter documenta\u00e7\u00e3o completa (com dispensa militar);<\/p>\n\n\n\n<p>Atividades \u2013 realizar as demandas de instala\u00e7\u00e3o de novos clientes; manuten\u00e7\u00e3o de clientes que j\u00e1 se encontram na base; realizar os lan\u00e7amentos de fibra; seguir cronograma de atividades estipuladas pelo l\u00edder.<\/p>\n\n\n\n<p>Dispon\u00edvel at\u00e9 20\/8\/2025 ou encerramento da vaga.<\/p>\n\n\n\n<p><strong>1 vaga \u2013 Oficial de Manuten\u00e7\u00e3o<\/strong><\/p>\n\n\n\n<p>Escolaridade \u2013 ensino m\u00e9dio completo;<\/p>\n\n\n\n<p>Experi\u00eancia \u2013 seis meses na Carteira de Trabalho;<\/p>\n\n\n\n<p>Requisitos Obrigat\u00f3rios \u2013 ter documenta\u00e7\u00e3o completa (com dispensa militar);<\/p>\n\n\n\n<p>Atividades \u2013 realizar manuten\u00e7\u00e3o predial em telhado; hidr\u00e1ulica; alvenaria; assentamento de cer\u00e2micas; pintura.<\/p>\n\n\n\n<p>Dispon\u00edvel at\u00e9 20\/8\/2025 ou encerramento da vaga.<\/p>\n\n\n\n<p><strong>1 vaga \u2013 Desenhista Projetista<\/strong><\/p>\n\n\n\n<p>Escolaridade \u2013 ensino m\u00e9dio completo;<\/p>\n\n\n\n<p>Experi\u00eancia \u2013 registrada na Carteira de Trabalho;<\/p>\n\n\n\n<p>Requisitos Obrigat\u00f3rios \u2013 ter Carteira Nacional de Habilita\u00e7\u00e3o categoria \u201cB\u201d e documenta\u00e7\u00e3o completa (com dispensa militar);<\/p>\n\n\n\n<p>Atividades \u2013 executar as atividades relacionadas ao desenvolvimento de projeto em AutoCAD, definindo especifica\u00e7\u00f5es, adaptando o uso de im\u00f3veis, atendendo as normas legais \/ NBRs, realizando levantamento e vistorias; desenvolvimento e detalhamentos de projetos executivos de arquitetura; controle de processos, projetos e prazos; elabora\u00e7\u00e3o de planilhas de controle e relat\u00f3rios de acompanhamento de processos; desenvolvimento de pe\u00e7as gr\u00e1ficas 3D.<\/p>\n\n\n\n<p>Dispon\u00edvel at\u00e9 20\/8\/2025 ou encerramento da vaga.<\/p>\n\n\n\n<p><strong>1 vaga \u2013 Mec\u00e2nico de Refrigera\u00e7\u00e3o<\/strong><\/p>\n\n\n\n<p>Escolaridade \u2013 ensino m\u00e9dio completo;<\/p>\n\n\n\n<p>Experi\u00eancia \u2013 registrada na Carteira de Trabalho;<\/p>\n\n\n\n<p>Requisitos Obrigat\u00f3rios \u2013 ter Carteira Nacional de Habilita\u00e7\u00e3o categoria \u201cB\u201d, curso de NR 10, NR 35, T\u00e9cnico de Refrigera\u00e7\u00e3o, disponibilidade para viagens e ter documenta\u00e7\u00e3o completa (com dispensa militar);<\/p>\n\n\n\n<p>Atividades \u2013 instalar, montar e comissionar equipamentos de refrigera\u00e7\u00e3o e climatiza\u00e7\u00e3o; realizar manuten\u00e7\u00e3o preventiva e corretiva, incluindo reparos e troca de pe\u00e7as; atuar com diversos tipos de equipamentos, como ar condicionado split, inverter, chiller, entre outras atividades pertinentes \u00e0 fun\u00e7\u00e3o.<\/p>\n\n\n\n<p>Dispon\u00edvel at\u00e9 19\/8\/2025 ou encerramento da vaga<\/p>\n\n\n\n<p><strong>1 vaga \u2013 Servi\u00e7os Gerais<\/strong><\/p>\n\n\n\n<p>Escolaridade \u2013 ensino fundamental completo;<\/p>\n\n\n\n<p>Experi\u00eancia \u2013 seis meses na Carteira de Trabalho;<\/p>\n\n\n\n<p>Requisitos Obrigat\u00f3rios \u2013 ter documenta\u00e7\u00e3o completa (com dispensa militar);<\/p>\n\n\n\n<p>Atividades \u2013 limpeza e organiza\u00e7\u00e3o interna e externa \u00e1gil e organizado executar demais tarefas de apoio solicitadas.<\/p>\n\n\n\n<p>Dispon\u00edvel at\u00e9 20\/8\/2025 ou encerramento da vaga.<\/p>\n\n\n\n<p><strong>1 vaga \u2013 Auxiliar de Almoxarife<\/strong><\/p>\n\n\n\n<p>Escolaridade \u2013 ensino m\u00e9dio completo;<\/p>\n\n\n\n<p>Experi\u00eancia \u2013 seis meses na Carteira de Trabalho;<\/p>\n\n\n\n<p>Requisitos Obrigat\u00f3rios \u2013 ter documenta\u00e7\u00e3o completa (com dispensa militar);<\/p>\n\n\n\n<p>Atividades \u2013 confer\u00eancia de pedidos; separa\u00e7\u00e3o de materiais, estocar mercadoria recebida controle e organiza\u00e7\u00e3o de estoque, lan\u00e7amento em sistema e planilhas.<\/p>\n\n\n\n<p>Dispon\u00edvel at\u00e9 20\/8\/2025 ou encerramento da vaga.<\/p>\n\n\n\n<p><strong>6 vagas \u2013 Pedreiro<\/strong><\/p>\n\n\n\n<p>Escolaridade \u2013 ensino fundamental completo;<\/p>\n\n\n\n<p>Experi\u00eancia \u2013 registrada na Carteira de Trabalho;<\/p>\n\n\n\n<p>Requisitos Obrigat\u00f3rios \u2013 ter documenta\u00e7\u00e3o completa (com dispensa militar);<\/p>\n\n\n\n<p>Atividades \u2013 organizar e preparar o local de trabalho na obra; construir funda\u00e7\u00f5es e estruturas de alvenaria, aplicar revestimentos e contrapisos.<\/p>\n\n\n\n<p>Dispon\u00edvel at\u00e9 20\/8\/2025 ou encerramento da vaga.<\/p>\n\n\n\n<p><strong>1 vaga \u2013 Atendente em Cafeteria Gourmet<\/strong><\/p>\n\n\n\n<p>Escolaridade \u2013 ensino m\u00e9dio completo;<\/p>\n\n\n\n<p>Experi\u00eancia \u2013 seis meses na Carteira de Trabalho;<\/p>\n\n\n\n<p>Requisitos Obrigat\u00f3rios \u2013 ter disponibilidade de hor\u00e1rio e ter documenta\u00e7\u00e3o completa;<\/p>\n\n\n\n<p>Atividades \u2013 recepcionar, acomodar, e atender os clientes com cortesia; manter a organiza\u00e7\u00e3o do ambiente de trabalho; gerenciar pedidos dos clientes; realizar tarefas da \u00e1rea de trabalho conforme necess\u00e1rio.<\/p>\n\n\n\n<p>Dispon\u00edvel at\u00e9 20\/8\/2025 ou encerramento da vaga.<\/p>\n\n\n\n<p><strong>1 vaga \u2013 Est\u00e1gio de Marketing<\/strong><\/p>\n\n\n\n<p>Escolaridade \u2013 cursando ensino superior em Marketing ou Publicidade (a partir do 3\u00ba per\u00edodo);<\/p>\n\n\n\n<p>Experi\u00eancia \u2013 n\u00e3o \u00e9 necess\u00e1rio;<\/p>\n\n\n\n<p>Requisitos Obrigat\u00f3rios \u2013 ter experi\u00eancia com ferramentas de designer, disponibilidade de hor\u00e1rio e ter documenta\u00e7\u00e3o completa;<\/p>\n\n\n\n<p>Atividades \u2013 criar conte\u00fados visuais e publica\u00e7\u00f5es para redes sociais, com suporte \u00e0s \u00e1reas internas e participa\u00e7\u00e3o em campanhas de engajamento da marca.<\/p>\n\n\n\n<p>Dispon\u00edvel at\u00e9 20\/8\/2025 ou encerramento da vaga.<\/p>\n\n\n\n<p><strong>1 vaga \u2013 Est\u00e1gio de Psicologia<\/strong><\/p>\n\n\n\n<p>Escolaridade \u2013 cursando ensino superior em Psicologia (a partir do 3\u00ba per\u00edodo);<\/p>\n\n\n\n<p>Experi\u00eancia \u2013 n\u00e3o \u00e9 necess\u00e1rio;<\/p>\n\n\n\n<p>Requisitos Obrigat\u00f3rios \u2013 disponibilidade de hor\u00e1rio e ter documenta\u00e7\u00e3o completa;<\/p>\n\n\n\n<p>Atividades \u2013 dar suporte na an\u00e1lise, triagem e entrevistas; atender candidatos e clientes presencialmente e por whatsapp; auxiliar nos processos de an\u00e1lise de perfil comportamental.<\/p>\n\n\n\n<p>Dispon\u00edvel at\u00e9 20\/8\/2025 ou encerramento da vaga.<\/p>\n\n\n\n<p><strong>1 vaga \u2013 Auxiliar de Cozinha<\/strong><\/p>\n\n\n\n<p>Escolaridade \u2013 ensino fundamental completo;<\/p>\n\n\n\n<p>Experi\u00eancia \u2013 seis meses na Carteira de Trabalho;<\/p>\n\n\n\n<p>Requisitos Obrigat\u00f3rios \u2013 ter disponibilidade de hor\u00e1rio, experi\u00eancia em cozinha quente e fria, experi\u00eancia com sobremesas e ter documenta\u00e7\u00e3o completa;<\/p>\n\n\n\n<p>Atividades \u2013 auxiliar nos servi\u00e7os de alimenta\u00e7\u00e3o, ajudar outros profissionais da \u00e1rea no pr\u00e9\u2013preparo, preparo e processamento de alimentos, na montagem de pratos, verificar a qualidade dos g\u00eaneros aliment\u00edcios, minimizar os riscos de contamina\u00e7\u00e3o, trabalhar em conformidade a normas e procedimentos t\u00e9cnicos e de qualidade, seguran\u00e7a, higiene e sa\u00fade.<\/p>\n\n\n\n<p>Dispon\u00edvel at\u00e9 20\/8\/2025 ou encerramento da vaga.<\/p>\n\n\n\n<p><strong>1 vaga \u2013 Churrasqueiro<\/strong><\/p>\n\n\n\n<p>Escolaridade \u2013 ensino fundamental completo;<\/p>\n\n\n\n<p>Experi\u00eancia \u2013 seis meses na Carteira de Trabalho ou avulsa;<\/p>\n\n\n\n<p>Requisitos Obrigat\u00f3rios \u2013 ter disponibilidade de hor\u00e1rio, experi\u00eancia com cortes de carne, temperos e t\u00e9cnicas de preparo e ter documenta\u00e7\u00e3o completa (com dispensa militar);<\/p>\n\n\n\n<p>Atividades \u2013 planejar as quantidades de carnes bovinas e su\u00ednas, de aves e de peixes, os tipos de acompanhamentos e o volume de carv\u00e3o, de modo a atender ao card\u00e1pio pr\u00e9\u2013definido e a quantidade de comensais.<\/p>\n\n\n\n<p>Dispon\u00edvel at\u00e9 20\/8\/2025 ou encerramento da vaga.<\/p>\n\n\n\n<p><strong>2 vagas \u2013 Auxiliar de Produ\u00e7\u00e3o em Padaria<\/strong><\/p>\n\n\n\n<p>Escolaridade \u2013 ensino m\u00e9dio completo;<\/p>\n\n\n\n<p>Experi\u00eancia \u2013 seis meses na Carteira de Trabalho;<\/p>\n\n\n\n<p>Requisitos Obrigat\u00f3rios \u2013 ter disponibilidade de hor\u00e1rio e&nbsp;&nbsp; ter documenta\u00e7\u00e3o completa (com dispensa militar);<\/p>\n\n\n\n<p>Atividades \u2013 preparar e pesar ingredientes para produ\u00e7\u00e3o de p\u00e3es, bolos e outros produtos de padaria, operar m\u00e1quinas e equipamentos utilizados na produ\u00e7\u00e3o de alimentos, realizar a limpeza e manuten\u00e7\u00e3o de equipamentos e utens\u00edlios utilizados na produ\u00e7\u00e3o, manter a \u00e1rea de produ\u00e7\u00e3o limpa e organizada, realizar outras tarefas relacionadas \u00e0 produ\u00e7\u00e3o de alimentos, conforme necess\u00e1rio.<\/p>\n\n\n\n<p>Dispon\u00edvel at\u00e9 20\/8\/2025 ou encerramento da vaga.<\/p>\n\n\n\n<p><strong>1 vaga \u2013 Gar\u00e7om<\/strong><\/p>\n\n\n\n<p>Escolaridade \u2013 ensino fundamental completo;<\/p>\n\n\n\n<p>Experi\u00eancia \u2013 tres meses na Carteira de Trabalho;<\/p>\n\n\n\n<p>Requisitos Obrigat\u00f3rios \u2013 ter disponibilidade de hor\u00e1rio e&nbsp;&nbsp; ter documenta\u00e7\u00e3o completa;<\/p>\n\n\n\n<p>Atividades \u2013 acomodar e atender os clientes com cortesia, servir alimentos e bebidas; gerenciar pedidos dos clientes, realizar atividades conforme demanda.<\/p>\n\n\n\n<p>Dispon\u00edvel at\u00e9 20\/8\/2025 ou encerramento da vaga.<\/p>\n\n\n\n<p><strong>1 vaga \u2013 Est\u00e1gio de Gastronomia<\/strong><\/p>\n\n\n\n<p>Escolaridade \u2013 ensino superior cursando em Gastronomia ou \u00e1rea relacionada<\/p>\n\n\n\n<p>Experi\u00eancia \u2013 n\u00e3o \u00e9 necess\u00e1rio;<\/p>\n\n\n\n<p>Requisitos Obrigat\u00f3rios \u2013 ter disponibilidade de hor\u00e1rio e&nbsp; ter documenta\u00e7\u00e3o completa;<\/p>\n\n\n\n<p>Atividades \u2013 dar suporte ao chefe de cozinha, realizar atividades relacionadas a \u00e1rea de gastronomia, apoio na higiene e seguran\u00e7a alimentar.<\/p>\n\n\n\n<p>Dispon\u00edvel at\u00e9 20\/8\/2025 ou encerramento da vaga.<\/p>\n\n\n\n<p><strong>1 vaga \u2013 Estoquista<\/strong><\/p>\n\n\n\n<p>Escolaridade \u2013 ensino m\u00e9dio completo;<\/p>\n\n\n\n<p>Experi\u00eancia \u2013 seis meses na Carteira de Trabalho;<\/p>\n\n\n\n<p>Requisitos Obrigat\u00f3rios \u2013 ter disponibilidade de hor\u00e1rio e&nbsp;&nbsp; ter documenta\u00e7\u00e3o completa;<\/p>\n\n\n\n<p>Atividades \u2013 organizar e controlar o estoque de pe\u00e7as de moto, garantindo a correta identifica\u00e7\u00e3o; preparar pedidos de acordo com ordens de compra\/venda; manter o ambiente limpo e seguro.<\/p>\n\n\n\n<p>Dispon\u00edvel at\u00e9 20\/8\/2025 ou encerramento da vaga.<\/p>\n\n\n\n<p><strong>1 vaga \u2013 Confeiteira(o)<\/strong><\/p>\n\n\n\n<p>Escolaridade \u2013 ensino m\u00e9dio completo;<\/p>\n\n\n\n<p>Experi\u00eancia \u2013 seis meses na Carteira de Trabalho;<\/p>\n\n\n\n<p>Requisitos Obrigat\u00f3rios \u2013 ter disponibilidade de hor\u00e1rio e&nbsp;&nbsp; ter documenta\u00e7\u00e3o completa;<\/p>\n\n\n\n<p>Atividades \u2013 dar suporte ao chefe de cozinha, realizar atividades relacionadas a \u00e1rea de gastronomia, apoio na higiene e seguran\u00e7a alimentar.<\/p>\n\n\n\n<p>Dispon\u00edvel at\u00e9 20\/8\/2025 ou encerramento da vaga.<\/p>\n\n\n\n<p><strong>1 vaga \u2013 Assistente Financeiro<\/strong><\/p>\n\n\n\n<p>Escolaridade \u2013 ensino superior completo em Administra\u00e7\u00e3o<\/p>\n\n\n\n<p>Experi\u00eancia \u2013 registrada na Carteira de Trabalho;<\/p>\n\n\n\n<p>Requisitos Obrigat\u00f3rios \u2013 ter documenta\u00e7\u00e3o completa;<\/p>\n\n\n\n<p>Atividades \u2013 emiss\u00e3o de notas fiscais, controle de contas a pagar e receber, compras, gest\u00e3o de e\u2013mails, comunica\u00e7\u00e3o com clientes, fornecedores e colaboradores, arquivamento, digitaliza\u00e7\u00e3o, organiza\u00e7\u00e3o e controle, sejam f\u00edsicos ou eletr\u00f4nicos, atuando em sistemas, elabora\u00e7\u00e3o de relat\u00f3rios e planilhas, relacionadas ao setor e demais atividades inerentes a fun\u00e7\u00e3o.<\/p>\n\n\n\n<p>Dispon\u00edvel at\u00e9 20\/8\/2025 ou encerramento da vaga.<\/p>\n\n\n\n<p><strong>Vagas exclusivas para Pessoas com Defici\u00eancia (PcD) \u2013 19<\/strong><\/p>\n\n\n\n<p><strong>5 vagas \u2013 Auxiliar de Limpeza \u2013 Vagas exclusivas para Pessoa com Defici\u00eancia (PcD)<\/strong><\/p>\n\n\n\n<p>Escolaridade \u2013 ensino fundamental completo;<\/p>\n\n\n\n<p>Experi\u00eancia \u2013 n\u00e3o \u00e9 necess\u00e1rio;<\/p>\n\n\n\n<p>Requisitos Obrigat\u00f3rios \u2013 ter documenta\u00e7\u00e3o completa (com dispensa militar);<\/p>\n\n\n\n<p>Atividades \u2013 realizar a limpeza geral de ambientes, remo\u00e7\u00e3o de lixo, lavagem de superf\u00edcies, reposi\u00e7\u00e3o de materiais de higiene e manuten\u00e7\u00e3o da ordem e higiene do local de trabalho, entre outras atividades correlatas \u00e0 fun\u00e7\u00e3o.<\/p>\n\n\n\n<p>Dispon\u00edvel at\u00e9 20\/8\/2025 ou encerramento da vaga.<\/p>\n\n\n\n<p><strong>1 vaga \u2013 Auxiliar Administrativo \u2013 Vagas exclusivas para Pessoa com Defici\u00eancia (PcD)<\/strong><\/p>\n\n\n\n<p>Escolaridade \u2013 ensino m\u00e9dio completo;<\/p>\n\n\n\n<p>Experi\u00eancia \u2013 n\u00e3o \u00e9 necess\u00e1rio;<\/p>\n\n\n\n<p>Requisitos Obrigat\u00f3rios \u2013 ter curso de Atendimento ao Cliente, Inform\u00e1tica b\u00e1sica e ter documenta\u00e7\u00e3o completa (com dispensa militar);<\/p>\n\n\n\n<p>Atividades \u2013 checklists de ve\u00edculos documenta\u00e7\u00e3o da frota; relat\u00f3rios gerenciais; suporte no controle de despesas;<\/p>\n\n\n\n<p>atualiza\u00e7\u00e3o de sistemas.<\/p>\n\n\n\n<p>Dispon\u00edvel at\u00e9 20\/8\/2025 ou encerramento da vaga.<\/p>\n\n\n\n<p><strong>6 vagas \u2013 Auxiliar de Produ\u00e7\u00e3o \u2013 Vagas exclusivas para Pessoa com Defici\u00eancia (PcD)<\/strong><\/p>\n\n\n\n<p>Escolaridade \u2013 ensino fundamental completo;<\/p>\n\n\n\n<p>Experi\u00eancia \u2013 seis meses na Carteira de Trabalho;<\/p>\n\n\n\n<p>Requisitos Obrigat\u00f3rios \u2013 ter documenta\u00e7\u00e3o completa;<\/p>\n\n\n\n<p>Atividades \u2013 auxiliar no processo de montagem e acabamento dos colch\u00f5es; preparar e organizar materiais, tecidos, espumas e molas; operar m\u00e1quinas simples sob supervis\u00e3o; realizar o enchimento, colagem e selagem das pe\u00e7as; manter o setor limpo e organizado, seguindo normas de seguran\u00e7a; auxiliar na movimenta\u00e7\u00e3o de pe\u00e7as dentro da produ\u00e7\u00e3o e apoiar no cumprimento das metas di\u00e1rias de produ\u00e7\u00e3o.<\/p>\n\n\n\n<p>Dispon\u00edvel at\u00e9 20\/8\/2025 ou encerramento da vaga.<\/p>\n\n\n\n<p><strong>2 vagas \u2013 Auxiliar de Produ\u00e7\u00e3o \u2013 Vagas exclusivas para Pessoa com Defici\u00eancia (PcD)<\/strong><\/p>\n\n\n\n<p>Escolaridade \u2013 ensino fundamental completo;<\/p>\n\n\n\n<p>Experi\u00eancia \u2013 tr\u00eas meses na Carteira de Trabalho;<\/p>\n\n\n\n<p>Requisitos Obrigat\u00f3rios \u2013 ter documenta\u00e7\u00e3o completa;<\/p>\n\n\n\n<p>Atividades \u2013 alimentar linha de produ\u00e7\u00e3o.<\/p>\n\n\n\n<p>Dispon\u00edvel at\u00e9 20\/8\/2025 ou encerramento da vaga.<\/p>\n\n\n\n<p><strong>1 vaga \u2013 Auxiliar de Dep\u00f3sito \u2013 Vagas exclusivas para Pessoa com Defici\u00eancia (PcD)<\/strong><\/p>\n\n\n\n<p>Escolaridade \u2013 ensino m\u00e9dio completo;<\/p>\n\n\n\n<p>Experi\u00eancia \u2013 n\u00e3o \u00e9 necess\u00e1rio;<\/p>\n\n\n\n<p>Requisitos Obrigat\u00f3rios \u2013 ter documenta\u00e7\u00e3o completa (com dispensa militar);<\/p>\n\n\n\n<p>Atividades \u2013 embarque e desembarque de mercadorias, etiquetagem, organiza\u00e7\u00e3o do ambiente de trabalho.<\/p>\n\n\n\n<p>Dispon\u00edvel at\u00e9 20\/8\/2025 ou encerramento da vaga.<\/p>\n\n\n\n<p><strong>5 vagas \u2013 Auxiliar de Linha de Produ\u00e7\u00e3o \u2013 Vagas exclusivas para Pessoa com Defici\u00eancia (PcD)<\/strong><\/p>\n\n\n\n<p>Escolaridade \u2013 ensino m\u00e9dio completo;<\/p>\n\n\n\n<p>Experi\u00eancia \u2013 n\u00e3o \u00e9 necess\u00e1rio;<\/p>\n\n\n\n<p>Requisitos Obrigat\u00f3rios \u2013 ter documenta\u00e7\u00e3o completa (com dispensa militar);<\/p>\n\n\n\n<p>Atividades \u2013 abastecimento da linha de produ\u00e7\u00e3o; montagem e desmontagem de equipamentos; embalagem e etiquetagem; manuten\u00e7\u00e3o b\u00e1sica de equipamentos; seguran\u00e7a e higiene; trabalho em equipe; organiza\u00e7\u00e3o e planejamento; recebimento e confer\u00eancia de materiais; organiza\u00e7\u00e3o e limpeza do ambiente de trabalho.<\/p>\n\n\n\n<p>Dispon\u00edvel at\u00e9 20\/8\/2025 ou encerramento da vaga.<\/p>\n\n\n\n<p><strong>1 vaga \u2013 Auxiliar de Servi\u00e7os Gerais \u2013 Vagas exclusivas para Pessoa com Defici\u00eancia (PcD)<\/strong><\/p>\n\n\n\n<p>Escolaridade \u2013 ensino fundamental completo;<\/p>\n\n\n\n<p>Experi\u00eancia \u2013 n\u00e3o \u00e9 necess\u00e1rio;<\/p>\n\n\n\n<p>Requisitos Obrigat\u00f3rios \u2013 ter documenta\u00e7\u00e3o completa;<\/p>\n\n\n\n<p>Atividades \u2013 limpeza, organiza\u00e7\u00e3o e manuten\u00e7\u00e3o de diversos ambientes, como empresas, hospitais, escolas e resid\u00eancias.<\/p>\n\n\n\n<p>Dispon\u00edvel at\u00e9 20\/8\/2025 ou encerramento da vaga.<\/p>\n\n\n\n<p>&#8212; &#8212; &#8212;<\/p>\n\n\n\n<p><strong>Texto \u2013&nbsp;<\/strong>Divulga\u00e7\u00e3o \/ Semtepi<\/p>\n\n\n\n<p><strong>Fotos \u2013&nbsp;<\/strong>Arquivo \/ Semcom<\/p>\n\n\n\n<p><strong>Dispon\u00edveis em \u2013&nbsp;<\/strong><a href=\"https:\/\/flic.kr\/s\/aHBqjCetWK\">https:\/\/flic.kr\/s\/aHBqjCetWK<\/a><\/p>\n","protected":false},"excerpt":{"rendered":"","protected":false},"author":23,"featured_media":6499,"comment_status":"closed","ping_status":"closed","sticky":false,"template":"","format":"standard","meta":{"footnotes":""},"categories":[5],"tags":[250,8,10,12],"acf":[],"yoast_head":"<!-- This site is optimized with the Yoast SEO plugin v23.0 - https:\/\/yoast.com\/wordpress\/plugins\/seo\/ -->\n<title>Sine Manaus oferta 337 vagas de emprego nesta quarta\u2013feira, 20\/8<\/title>\n<meta name=\"description\" content=\"A Prefeitura de Manaus, por meio do Sine Manaus, oferta 337 vagas de emprego em v\u00e1rias \u00e1reas de atua\u00e7\u00e3o, nesta quarta\u2013feira, 20\/8, das 8h \u00e0s 14h.\" \/>\n<meta name=\"robots\" content=\"noindex, follow\" \/>\n<meta property=\"og:locale\" content=\"pt_BR\" \/>\n<meta property=\"og:type\" content=\"article\" \/>\n<meta property=\"og:title\" content=\"Sine Manaus oferta 337 vagas de emprego nesta quarta\u2013feira, 20\/8\" \/>\n<meta property=\"og:description\" content=\"A Prefeitura de Manaus, por meio do Sine Manaus, oferta 337 vagas de emprego em v\u00e1rias \u00e1reas de atua\u00e7\u00e3o, nesta quarta\u2013feira, 20\/8, das 8h \u00e0s 14h.\" \/>\n<meta property=\"og:url\" content=\"https:\/\/www.manaus.am.gov.br\/semtepi\/oportunidade\/prefeitura-semtepi-sinemanaus-2\/\" \/>\n<meta property=\"og:site_name\" content=\"SEMTEPI\" \/>\n<meta property=\"article:published_time\" content=\"2025-08-19T17:48:00+00:00\" \/>\n<meta property=\"article:modified_time\" content=\"2025-08-19T17:48:01+00:00\" \/>\n<meta property=\"og:image\" content=\"https:\/\/www.manaus.am.gov.br\/semtepi\/wp-content\/uploads\/sites\/20\/2025\/06\/54524090395_80b7b774ec_k.jpg\" \/>\n\t<meta property=\"og:image:width\" content=\"2047\" \/>\n\t<meta property=\"og:image:height\" content=\"1365\" \/>\n\t<meta property=\"og:image:type\" content=\"image\/jpeg\" \/>\n<meta name=\"author\" content=\"Adriana Costa\" \/>\n<meta name=\"twitter:card\" content=\"summary_large_image\" \/>\n<meta name=\"twitter:label1\" content=\"Written by\" \/>\n\t<meta name=\"twitter:data1\" content=\"Adriana Costa\" \/>\n\t<meta name=\"twitter:label2\" content=\"Est. reading time\" \/>\n\t<meta name=\"twitter:data2\" content=\"29 minutos\" \/>\n<script type=\"application\/ld+json\" class=\"yoast-schema-graph\">{\"@context\":\"https:\/\/schema.org\",\"@graph\":[{\"@type\":\"Article\",\"@id\":\"https:\/\/www.manaus.am.gov.br\/semtepi\/oportunidade\/prefeitura-semtepi-sinemanaus-2\/#article\",\"isPartOf\":{\"@id\":\"https:\/\/www.manaus.am.gov.br\/semtepi\/oportunidade\/prefeitura-semtepi-sinemanaus-2\/\"},\"author\":{\"name\":\"Adriana Costa\",\"@id\":\"https:\/\/www.manaus.am.gov.br\/semtepi\/#\/schema\/person\/4e49f4e267757a06ca072ec61b2b9968\"},\"headline\":\"Sine Manaus oferta 337 vagas de emprego nesta quarta\u2013feira, 20\/8\",\"datePublished\":\"2025-08-19T17:48:00+00:00\",\"dateModified\":\"2025-08-19T17:48:01+00:00\",\"mainEntityOfPage\":{\"@id\":\"https:\/\/www.manaus.am.gov.br\/semtepi\/oportunidade\/prefeitura-semtepi-sinemanaus-2\/\"},\"wordCount\":5790,\"publisher\":{\"@id\":\"https:\/\/www.manaus.am.gov.br\/semtepi\/#organization\"},\"image\":{\"@id\":\"https:\/\/www.manaus.am.gov.br\/semtepi\/oportunidade\/prefeitura-semtepi-sinemanaus-2\/#primaryimage\"},\"thumbnailUrl\":\"https:\/\/www.manaus.am.gov.br\/semtepi\/wp-content\/uploads\/sites\/20\/2025\/06\/54524090395_80b7b774ec_k.jpg\",\"keywords\":[\"Empregos\",\"prefeitura de manaus\",\"sine manaus\",\"vagas\"],\"articleSection\":[\"Oportunidade\"],\"inLanguage\":\"pt-BR\"},{\"@type\":\"WebPage\",\"@id\":\"https:\/\/www.manaus.am.gov.br\/semtepi\/oportunidade\/prefeitura-semtepi-sinemanaus-2\/\",\"url\":\"https:\/\/www.manaus.am.gov.br\/semtepi\/oportunidade\/prefeitura-semtepi-sinemanaus-2\/\",\"name\":\"Sine Manaus oferta 337 vagas de emprego nesta quarta\u2013feira, 20\/8\",\"isPartOf\":{\"@id\":\"https:\/\/www.manaus.am.gov.br\/semtepi\/#website\"},\"primaryImageOfPage\":{\"@id\":\"https:\/\/www.manaus.am.gov.br\/semtepi\/oportunidade\/prefeitura-semtepi-sinemanaus-2\/#primaryimage\"},\"image\":{\"@id\":\"https:\/\/www.manaus.am.gov.br\/semtepi\/oportunidade\/prefeitura-semtepi-sinemanaus-2\/#primaryimage\"},\"thumbnailUrl\":\"https:\/\/www.manaus.am.gov.br\/semtepi\/wp-content\/uploads\/sites\/20\/2025\/06\/54524090395_80b7b774ec_k.jpg\",\"datePublished\":\"2025-08-19T17:48:00+00:00\",\"dateModified\":\"2025-08-19T17:48:01+00:00\",\"description\":\"A Prefeitura de Manaus, por meio do Sine Manaus, oferta 337 vagas de emprego em v\u00e1rias \u00e1reas de atua\u00e7\u00e3o, nesta quarta\u2013feira, 20\/8, das 8h \u00e0s 14h.\",\"breadcrumb\":{\"@id\":\"https:\/\/www.manaus.am.gov.br\/semtepi\/oportunidade\/prefeitura-semtepi-sinemanaus-2\/#breadcrumb\"},\"inLanguage\":\"pt-BR\",\"potentialAction\":[{\"@type\":\"ReadAction\",\"target\":[\"https:\/\/www.manaus.am.gov.br\/semtepi\/oportunidade\/prefeitura-semtepi-sinemanaus-2\/\"]}]},{\"@type\":\"ImageObject\",\"inLanguage\":\"pt-BR\",\"@id\":\"https:\/\/www.manaus.am.gov.br\/semtepi\/oportunidade\/prefeitura-semtepi-sinemanaus-2\/#primaryimage\",\"url\":\"https:\/\/www.manaus.am.gov.br\/semtepi\/wp-content\/uploads\/sites\/20\/2025\/06\/54524090395_80b7b774ec_k.jpg\",\"contentUrl\":\"https:\/\/www.manaus.am.gov.br\/semtepi\/wp-content\/uploads\/sites\/20\/2025\/06\/54524090395_80b7b774ec_k.jpg\",\"width\":2047,\"height\":1365,\"caption\":\"#paratodosverem - Candidatos a vaga de emprego recebendo e aguardando atendimento no Sine Manaus\"},{\"@type\":\"BreadcrumbList\",\"@id\":\"https:\/\/www.manaus.am.gov.br\/semtepi\/oportunidade\/prefeitura-semtepi-sinemanaus-2\/#breadcrumb\",\"itemListElement\":[{\"@type\":\"ListItem\",\"position\":1,\"name\":\"Home\",\"item\":\"https:\/\/www.manaus.am.gov.br\/semtepi\/\"},{\"@type\":\"ListItem\",\"position\":2,\"name\":\"Sine Manaus oferta 337 vagas de emprego nesta quarta\u2013feira, 20\/8\"}]},{\"@type\":\"WebSite\",\"@id\":\"https:\/\/www.manaus.am.gov.br\/semtepi\/#website\",\"url\":\"https:\/\/www.manaus.am.gov.br\/semtepi\/\",\"name\":\"SEMTEPI\",\"description\":\"Prefeitura de Manaus\",\"publisher\":{\"@id\":\"https:\/\/www.manaus.am.gov.br\/semtepi\/#organization\"},\"alternateName\":\"Secretaria Municipal do Trabalho, Empreendedorismo e Inova\u00e7\u00e3o\",\"potentialAction\":[{\"@type\":\"SearchAction\",\"target\":{\"@type\":\"EntryPoint\",\"urlTemplate\":\"https:\/\/www.manaus.am.gov.br\/semtepi\/?s={search_term_string}\"},\"query-input\":\"required name=search_term_string\"}],\"inLanguage\":\"pt-BR\"},{\"@type\":\"Organization\",\"@id\":\"https:\/\/www.manaus.am.gov.br\/semtepi\/#organization\",\"name\":\"Prefeitura Municipal de Manaus\",\"alternateName\":\"Prefeitura de Manaus\",\"url\":\"https:\/\/www.manaus.am.gov.br\/semtepi\/\",\"logo\":{\"@type\":\"ImageObject\",\"inLanguage\":\"pt-BR\",\"@id\":\"https:\/\/www.manaus.am.gov.br\/semtepi\/#\/schema\/logo\/image\/\",\"url\":\"https:\/\/www.manaus.am.gov.br\/semtepi\/wp-content\/uploads\/sites\/20\/2024\/07\/favicon.png\",\"contentUrl\":\"https:\/\/www.manaus.am.gov.br\/semtepi\/wp-content\/uploads\/sites\/20\/2024\/07\/favicon.png\",\"width\":300,\"height\":300,\"caption\":\"Prefeitura Municipal de Manaus\"},\"image\":{\"@id\":\"https:\/\/www.manaus.am.gov.br\/semtepi\/#\/schema\/logo\/image\/\"}},{\"@type\":\"Person\",\"@id\":\"https:\/\/www.manaus.am.gov.br\/semtepi\/#\/schema\/person\/4e49f4e267757a06ca072ec61b2b9968\",\"name\":\"Adriana Costa\",\"image\":{\"@type\":\"ImageObject\",\"inLanguage\":\"pt-BR\",\"@id\":\"https:\/\/www.manaus.am.gov.br\/semtepi\/#\/schema\/person\/image\/\",\"url\":\"https:\/\/secure.gravatar.com\/avatar\/576258617ef7194f718179e766d57bd4?s=96&d=mm&r=g\",\"contentUrl\":\"https:\/\/secure.gravatar.com\/avatar\/576258617ef7194f718179e766d57bd4?s=96&d=mm&r=g\",\"caption\":\"Adriana Costa\"}}]}<\/script>\n<!-- \/ Yoast SEO plugin. -->","yoast_head_json":{"title":"Sine Manaus oferta 337 vagas de emprego nesta quarta\u2013feira, 20\/8","description":"A Prefeitura de Manaus, por meio do Sine Manaus, oferta 337 vagas de emprego em v\u00e1rias \u00e1reas de atua\u00e7\u00e3o, nesta quarta\u2013feira, 20\/8, das 8h \u00e0s 14h.","robots":{"index":"noindex","follow":"follow"},"og_locale":"pt_BR","og_type":"article","og_title":"Sine Manaus oferta 337 vagas de emprego nesta quarta\u2013feira, 20\/8","og_description":"A Prefeitura de Manaus, por meio do Sine Manaus, oferta 337 vagas de emprego em v\u00e1rias \u00e1reas de atua\u00e7\u00e3o, nesta quarta\u2013feira, 20\/8, das 8h \u00e0s 14h.","og_url":"https:\/\/www.manaus.am.gov.br\/semtepi\/oportunidade\/prefeitura-semtepi-sinemanaus-2\/","og_site_name":"SEMTEPI","article_published_time":"2025-08-19T17:48:00+00:00","article_modified_time":"2025-08-19T17:48:01+00:00","og_image":[{"width":2047,"height":1365,"url":"https:\/\/www.manaus.am.gov.br\/semtepi\/wp-content\/uploads\/sites\/20\/2025\/06\/54524090395_80b7b774ec_k.jpg","type":"image\/jpeg"}],"author":"Adriana Costa","twitter_card":"summary_large_image","twitter_misc":{"Written by":"Adriana Costa","Est. reading time":"29 minutos"},"schema":{"@context":"https:\/\/schema.org","@graph":[{"@type":"Article","@id":"https:\/\/www.manaus.am.gov.br\/semtepi\/oportunidade\/prefeitura-semtepi-sinemanaus-2\/#article","isPartOf":{"@id":"https:\/\/www.manaus.am.gov.br\/semtepi\/oportunidade\/prefeitura-semtepi-sinemanaus-2\/"},"author":{"name":"Adriana Costa","@id":"https:\/\/www.manaus.am.gov.br\/semtepi\/#\/schema\/person\/4e49f4e267757a06ca072ec61b2b9968"},"headline":"Sine Manaus oferta 337 vagas de emprego nesta quarta\u2013feira, 20\/8","datePublished":"2025-08-19T17:48:00+00:00","dateModified":"2025-08-19T17:48:01+00:00","mainEntityOfPage":{"@id":"https:\/\/www.manaus.am.gov.br\/semtepi\/oportunidade\/prefeitura-semtepi-sinemanaus-2\/"},"wordCount":5790,"publisher":{"@id":"https:\/\/www.manaus.am.gov.br\/semtepi\/#organization"},"image":{"@id":"https:\/\/www.manaus.am.gov.br\/semtepi\/oportunidade\/prefeitura-semtepi-sinemanaus-2\/#primaryimage"},"thumbnailUrl":"https:\/\/www.manaus.am.gov.br\/semtepi\/wp-content\/uploads\/sites\/20\/2025\/06\/54524090395_80b7b774ec_k.jpg","keywords":["Empregos","prefeitura de manaus","sine manaus","vagas"],"articleSection":["Oportunidade"],"inLanguage":"pt-BR"},{"@type":"WebPage","@id":"https:\/\/www.manaus.am.gov.br\/semtepi\/oportunidade\/prefeitura-semtepi-sinemanaus-2\/","url":"https:\/\/www.manaus.am.gov.br\/semtepi\/oportunidade\/prefeitura-semtepi-sinemanaus-2\/","name":"Sine Manaus oferta 337 vagas de emprego nesta quarta\u2013feira, 20\/8","isPartOf":{"@id":"https:\/\/www.manaus.am.gov.br\/semtepi\/#website"},"primaryImageOfPage":{"@id":"https:\/\/www.manaus.am.gov.br\/semtepi\/oportunidade\/prefeitura-semtepi-sinemanaus-2\/#primaryimage"},"image":{"@id":"https:\/\/www.manaus.am.gov.br\/semtepi\/oportunidade\/prefeitura-semtepi-sinemanaus-2\/#primaryimage"},"thumbnailUrl":"https:\/\/www.manaus.am.gov.br\/semtepi\/wp-content\/uploads\/sites\/20\/2025\/06\/54524090395_80b7b774ec_k.jpg","datePublished":"2025-08-19T17:48:00+00:00","dateModified":"2025-08-19T17:48:01+00:00","description":"A Prefeitura de Manaus, por meio do Sine Manaus, oferta 337 vagas de emprego em v\u00e1rias \u00e1reas de atua\u00e7\u00e3o, nesta quarta\u2013feira, 20\/8, das 8h \u00e0s 14h.","breadcrumb":{"@id":"https:\/\/www.manaus.am.gov.br\/semtepi\/oportunidade\/prefeitura-semtepi-sinemanaus-2\/#breadcrumb"},"inLanguage":"pt-BR","potentialAction":[{"@type":"ReadAction","target":["https:\/\/www.manaus.am.gov.br\/semtepi\/oportunidade\/prefeitura-semtepi-sinemanaus-2\/"]}]},{"@type":"ImageObject","inLanguage":"pt-BR","@id":"https:\/\/www.manaus.am.gov.br\/semtepi\/oportunidade\/prefeitura-semtepi-sinemanaus-2\/#primaryimage","url":"https:\/\/www.manaus.am.gov.br\/semtepi\/wp-content\/uploads\/sites\/20\/2025\/06\/54524090395_80b7b774ec_k.jpg","contentUrl":"https:\/\/www.manaus.am.gov.br\/semtepi\/wp-content\/uploads\/sites\/20\/2025\/06\/54524090395_80b7b774ec_k.jpg","width":2047,"height":1365,"caption":"#paratodosverem - Candidatos a vaga de emprego recebendo e aguardando atendimento no Sine Manaus"},{"@type":"BreadcrumbList","@id":"https:\/\/www.manaus.am.gov.br\/semtepi\/oportunidade\/prefeitura-semtepi-sinemanaus-2\/#breadcrumb","itemListElement":[{"@type":"ListItem","position":1,"name":"Home","item":"https:\/\/www.manaus.am.gov.br\/semtepi\/"},{"@type":"ListItem","position":2,"name":"Sine Manaus oferta 337 vagas de emprego nesta quarta\u2013feira, 20\/8"}]},{"@type":"WebSite","@id":"https:\/\/www.manaus.am.gov.br\/semtepi\/#website","url":"https:\/\/www.manaus.am.gov.br\/semtepi\/","name":"SEMTEPI","description":"Prefeitura de Manaus","publisher":{"@id":"https:\/\/www.manaus.am.gov.br\/semtepi\/#organization"},"alternateName":"Secretaria Municipal do Trabalho, Empreendedorismo e Inova\u00e7\u00e3o","potentialAction":[{"@type":"SearchAction","target":{"@type":"EntryPoint","urlTemplate":"https:\/\/www.manaus.am.gov.br\/semtepi\/?s={search_term_string}"},"query-input":"required name=search_term_string"}],"inLanguage":"pt-BR"},{"@type":"Organization","@id":"https:\/\/www.manaus.am.gov.br\/semtepi\/#organization","name":"Prefeitura Municipal de Manaus","alternateName":"Prefeitura de Manaus","url":"https:\/\/www.manaus.am.gov.br\/semtepi\/","logo":{"@type":"ImageObject","inLanguage":"pt-BR","@id":"https:\/\/www.manaus.am.gov.br\/semtepi\/#\/schema\/logo\/image\/","url":"https:\/\/www.manaus.am.gov.br\/semtepi\/wp-content\/uploads\/sites\/20\/2024\/07\/favicon.png","contentUrl":"https:\/\/www.manaus.am.gov.br\/semtepi\/wp-content\/uploads\/sites\/20\/2024\/07\/favicon.png","width":300,"height":300,"caption":"Prefeitura Municipal de Manaus"},"image":{"@id":"https:\/\/www.manaus.am.gov.br\/semtepi\/#\/schema\/logo\/image\/"}},{"@type":"Person","@id":"https:\/\/www.manaus.am.gov.br\/semtepi\/#\/schema\/person\/4e49f4e267757a06ca072ec61b2b9968","name":"Adriana Costa","image":{"@type":"ImageObject","inLanguage":"pt-BR","@id":"https:\/\/www.manaus.am.gov.br\/semtepi\/#\/schema\/person\/image\/","url":"https:\/\/secure.gravatar.com\/avatar\/576258617ef7194f718179e766d57bd4?s=96&d=mm&r=g","contentUrl":"https:\/\/secure.gravatar.com\/avatar\/576258617ef7194f718179e766d57bd4?s=96&d=mm&r=g","caption":"Adriana Costa"}}]}},"_links":{"self":[{"href":"https:\/\/www.manaus.am.gov.br\/semtepi\/wp-json\/wp\/v2\/posts\/6810"}],"collection":[{"href":"https:\/\/www.manaus.am.gov.br\/semtepi\/wp-json\/wp\/v2\/posts"}],"about":[{"href":"https:\/\/www.manaus.am.gov.br\/semtepi\/wp-json\/wp\/v2\/types\/post"}],"author":[{"embeddable":true,"href":"https:\/\/www.manaus.am.gov.br\/semtepi\/wp-json\/wp\/v2\/users\/23"}],"replies":[{"embeddable":true,"href":"https:\/\/www.manaus.am.gov.br\/semtepi\/wp-json\/wp\/v2\/comments?post=6810"}],"version-history":[{"count":0,"href":"https:\/\/www.manaus.am.gov.br\/semtepi\/wp-json\/wp\/v2\/posts\/6810\/revisions"}],"wp:featuredmedia":[{"embeddable":true,"href":"https:\/\/www.manaus.am.gov.br\/semtepi\/wp-json\/wp\/v2\/media\/6499"}],"wp:attachment":[{"href":"https:\/\/www.manaus.am.gov.br\/semtepi\/wp-json\/wp\/v2\/media?parent=6810"}],"wp:term":[{"taxonomy":"category","embeddable":true,"href":"https:\/\/www.manaus.am.gov.br\/semtepi\/wp-json\/wp\/v2\/categories?post=6810"},{"taxonomy":"post_tag","embeddable":true,"href":"https:\/\/www.manaus.am.gov.br\/semtepi\/wp-json\/wp\/v2\/tags?post=6810"}],"curies":[{"name":"wp","href":"https:\/\/api.w.org\/{rel}","templated":true}]}}