{"id":6801,"date":"2025-08-15T13:25:35","date_gmt":"2025-08-15T17:25:35","guid":{"rendered":"https:\/\/www.manaus.am.gov.br\/semtepi\/sem-categoria\/pessoas-em-situacao-de-rua\/"},"modified":"2025-08-15T13:25:37","modified_gmt":"2025-08-15T17:25:37","slug":"pessoas-em-situacao-de-rua","status":"publish","type":"post","link":"https:\/\/www.manaus.am.gov.br\/semtepi\/oportunidade\/pessoas-em-situacao-de-rua\/","title":{"rendered":"Prefeitura de Manaus leva atendimento do Sine a pessoas em situa\u00e7\u00e3o de rua no bairro Petr\u00f3polis"},"content":{"rendered":"\n<p>A <a href=\"https:\/\/www.instagram.com\/prefeiturademanaus\/\">Prefeitura de Manaus<\/a>, por meio da <a href=\"https:\/\/www.manaus.am.gov.br\/semtepi\/\">Secretaria Municipal do Trabalho, Empreendedorismo e Inova\u00e7\u00e3o (Semtepi)<\/a>, realizou, nesta sexta-feira, 15\/8, uma a\u00e7\u00e3o de atendimento do Sine Manaus, no Centro de Acolhimento Institucional Amine Daou Lindoso, localizado no bairro Petr\u00f3polis, zona Sul da capital. A iniciativa teve como objetivo cadastrar pessoas em situa\u00e7\u00e3o de rua, identificar seus perfis e encaminh\u00e1-las para oportunidades no mercado de trabalho.<\/p>\n\n\n\n<p>Durante a atividade, equipes do Sine Manaus ofereceram orienta\u00e7\u00e3o profissional e encaminhamento para entrevistas, buscando promover inclus\u00e3o social e resgatar a dignidade dessas pessoas.<\/p>\n\n\n\n<p>O secret\u00e1rio da Semtepi, Alonso Oliveira, ressaltou que a iniciativa integra as diretrizes da gest\u00e3o municipal. \u201cEsse trabalho do Sine Manaus \u00e9 fundamental para transformar realidades. Atender pessoas em situa\u00e7\u00e3o de vulnerabilidade e abrir caminhos para que elas possam ingressar no mercado de trabalho \u00e9 uma determina\u00e7\u00e3o do prefeito David Almeida. Estamos seguindo essa orienta\u00e7\u00e3o com a\u00e7\u00f5es que unem inclus\u00e3o social e gera\u00e7\u00e3o de renda\u201d, afirmou.<\/p>\n\n\n\n<p>Segundo o diretor do Sine Manaus, Pedro Lima, o trabalho desenvolvido tem impacto direto na vida dos atendidos. \u201cHoje, o Sine Manaus esteve aqui no centro de acolhimento cadastrando todas as pessoas que est\u00e3o em situa\u00e7\u00e3o de rua, verificando o perfil e encaminhando algumas para o mercado de trabalho. Essa a\u00e7\u00e3o \u00e9 de suma import\u00e2ncia, pois estamos levando dignidade e oportunidade a quem mais precisa. Lembramos que nossos atendimentos acontecem diariamente, das 8h \u00e0s 14h, na unidade da avenida Constantino Nery e no posto do shopping Phelippe Daou\u201d, destacou.<\/p>\n\n\n\n<p>Al\u00e9m das a\u00e7\u00f5es itinerantes, o Sine Manaus realiza atendimentos presenciais nos dois postos fixos no Sine Manaus \u2013 Constantino Nery localizado na avenida Constantino Nery, n\u00ba 1.272, bairro S\u00e3o Geraldo, zona Centro\u2013Sul, e no Sine Manaus \u2013 shopping Phelippe Daou: avenida Camapu\u00e3, n\u00ba 2.939, bairro Cidade de Deus, zona Norte.<\/p>\n\n\n\n<p>Nos locais, \u00e9 poss\u00edvel participar de pr\u00e9-sele\u00e7\u00f5es para vagas de emprego, receber orienta\u00e7\u00e3o de cadastro, emitir a Carteira de Trabalho Digital e dar entrada no seguro\u2013desemprego.<\/p>\n\n\n\n<p>Os interessados devem apresentar comprovante de vacina\u00e7\u00e3o contra a Covid\u201319, curr\u00edculo, certificados de cursos e documentos pessoais originais (RG, CPF, PIS, CTPS, comprovante de escolaridade e resid\u00eancia).<\/p>\n\n\n\n<p>&#8212; &#8212; &#8212;<\/p>\n\n\n\n<p><br><strong>Texto &#8211;<\/strong>&nbsp;Asafe Augusto \/ Semtepi<strong>Fotos \u2013<\/strong> Divulga\u00e7\u00e3o \/ Semtepi<\/p>\n","protected":false},"excerpt":{"rendered":"","protected":false},"author":57,"featured_media":6802,"comment_status":"closed","ping_status":"closed","sticky":false,"template":"","format":"standard","meta":{"footnotes":""},"categories":[5],"tags":[8,9,10],"acf":[],"yoast_head":"<!-- This site is optimized with the Yoast SEO plugin v23.0 - https:\/\/yoast.com\/wordpress\/plugins\/seo\/ -->\n<title>PMM leva atendimento do Sine a pessoas em situa\u00e7\u00e3o de rua<\/title>\n<meta name=\"description\" content=\"A iniciativa teve como objetivo cadastrar pessoas em situa\u00e7\u00e3o de rua, identificar seus perfis e encaminh\u00e1-las para o mercado de trabalho.\" \/>\n<meta name=\"robots\" content=\"noindex, follow\" \/>\n<meta property=\"og:locale\" content=\"pt_BR\" \/>\n<meta property=\"og:type\" content=\"article\" \/>\n<meta property=\"og:title\" content=\"PMM leva atendimento do Sine a pessoas em situa\u00e7\u00e3o de rua\" \/>\n<meta property=\"og:description\" content=\"A iniciativa teve como objetivo cadastrar pessoas em situa\u00e7\u00e3o de rua, identificar seus perfis e encaminh\u00e1-las para o mercado de trabalho.\" \/>\n<meta property=\"og:url\" content=\"https:\/\/www.manaus.am.gov.br\/semtepi\/oportunidade\/pessoas-em-situacao-de-rua\/\" \/>\n<meta property=\"og:site_name\" content=\"SEMTEPI\" \/>\n<meta property=\"article:published_time\" content=\"2025-08-15T17:25:35+00:00\" \/>\n<meta property=\"article:modified_time\" content=\"2025-08-15T17:25:37+00:00\" \/>\n<meta property=\"og:image\" content=\"https:\/\/www.manaus.am.gov.br\/semtepi\/wp-content\/uploads\/sites\/20\/2025\/08\/pessoas-em-situacao-de-rua-1.jpeg\" \/>\n\t<meta property=\"og:image:width\" content=\"1600\" \/>\n\t<meta property=\"og:image:height\" content=\"1200\" \/>\n\t<meta property=\"og:image:type\" content=\"image\/jpeg\" \/>\n<meta name=\"author\" content=\"Thiago Fernando\" \/>\n<meta name=\"twitter:card\" content=\"summary_large_image\" \/>\n<meta name=\"twitter:label1\" content=\"Written by\" \/>\n\t<meta name=\"twitter:data1\" content=\"Thiago Fernando\" \/>\n\t<meta name=\"twitter:label2\" content=\"Est. reading time\" \/>\n\t<meta name=\"twitter:data2\" content=\"3 minutos\" \/>\n<script type=\"application\/ld+json\" class=\"yoast-schema-graph\">{\"@context\":\"https:\/\/schema.org\",\"@graph\":[{\"@type\":\"Article\",\"@id\":\"https:\/\/www.manaus.am.gov.br\/semtepi\/oportunidade\/pessoas-em-situacao-de-rua\/#article\",\"isPartOf\":{\"@id\":\"https:\/\/www.manaus.am.gov.br\/semtepi\/oportunidade\/pessoas-em-situacao-de-rua\/\"},\"author\":{\"name\":\"Thiago Fernando\",\"@id\":\"https:\/\/www.manaus.am.gov.br\/semtepi\/#\/schema\/person\/a5ee5376db6e21af026374b369f30882\"},\"headline\":\"Prefeitura de Manaus leva atendimento do Sine a pessoas em situa\u00e7\u00e3o de rua no bairro Petr\u00f3polis\",\"datePublished\":\"2025-08-15T17:25:35+00:00\",\"dateModified\":\"2025-08-15T17:25:37+00:00\",\"mainEntityOfPage\":{\"@id\":\"https:\/\/www.manaus.am.gov.br\/semtepi\/oportunidade\/pessoas-em-situacao-de-rua\/\"},\"wordCount\":398,\"publisher\":{\"@id\":\"https:\/\/www.manaus.am.gov.br\/semtepi\/#organization\"},\"image\":{\"@id\":\"https:\/\/www.manaus.am.gov.br\/semtepi\/oportunidade\/pessoas-em-situacao-de-rua\/#primaryimage\"},\"thumbnailUrl\":\"https:\/\/www.manaus.am.gov.br\/semtepi\/wp-content\/uploads\/sites\/20\/2025\/08\/pessoas-em-situacao-de-rua-1.jpeg\",\"keywords\":[\"prefeitura de manaus\",\"Semtepi\",\"sine manaus\"],\"articleSection\":[\"Oportunidade\"],\"inLanguage\":\"pt-BR\"},{\"@type\":\"WebPage\",\"@id\":\"https:\/\/www.manaus.am.gov.br\/semtepi\/oportunidade\/pessoas-em-situacao-de-rua\/\",\"url\":\"https:\/\/www.manaus.am.gov.br\/semtepi\/oportunidade\/pessoas-em-situacao-de-rua\/\",\"name\":\"PMM leva atendimento do Sine a pessoas em situa\u00e7\u00e3o de rua\",\"isPartOf\":{\"@id\":\"https:\/\/www.manaus.am.gov.br\/semtepi\/#website\"},\"primaryImageOfPage\":{\"@id\":\"https:\/\/www.manaus.am.gov.br\/semtepi\/oportunidade\/pessoas-em-situacao-de-rua\/#primaryimage\"},\"image\":{\"@id\":\"https:\/\/www.manaus.am.gov.br\/semtepi\/oportunidade\/pessoas-em-situacao-de-rua\/#primaryimage\"},\"thumbnailUrl\":\"https:\/\/www.manaus.am.gov.br\/semtepi\/wp-content\/uploads\/sites\/20\/2025\/08\/pessoas-em-situacao-de-rua-1.jpeg\",\"datePublished\":\"2025-08-15T17:25:35+00:00\",\"dateModified\":\"2025-08-15T17:25:37+00:00\",\"description\":\"A iniciativa teve como objetivo cadastrar pessoas em situa\u00e7\u00e3o de rua, identificar seus perfis e encaminh\u00e1-las para o mercado de trabalho.\",\"breadcrumb\":{\"@id\":\"https:\/\/www.manaus.am.gov.br\/semtepi\/oportunidade\/pessoas-em-situacao-de-rua\/#breadcrumb\"},\"inLanguage\":\"pt-BR\",\"potentialAction\":[{\"@type\":\"ReadAction\",\"target\":[\"https:\/\/www.manaus.am.gov.br\/semtepi\/oportunidade\/pessoas-em-situacao-de-rua\/\"]}]},{\"@type\":\"ImageObject\",\"inLanguage\":\"pt-BR\",\"@id\":\"https:\/\/www.manaus.am.gov.br\/semtepi\/oportunidade\/pessoas-em-situacao-de-rua\/#primaryimage\",\"url\":\"https:\/\/www.manaus.am.gov.br\/semtepi\/wp-content\/uploads\/sites\/20\/2025\/08\/pessoas-em-situacao-de-rua-1.jpeg\",\"contentUrl\":\"https:\/\/www.manaus.am.gov.br\/semtepi\/wp-content\/uploads\/sites\/20\/2025\/08\/pessoas-em-situacao-de-rua-1.jpeg\",\"width\":1600,\"height\":1200,\"caption\":\"pessoas em situa\u00e7\u00e3o de rua (1)\"},{\"@type\":\"BreadcrumbList\",\"@id\":\"https:\/\/www.manaus.am.gov.br\/semtepi\/oportunidade\/pessoas-em-situacao-de-rua\/#breadcrumb\",\"itemListElement\":[{\"@type\":\"ListItem\",\"position\":1,\"name\":\"Home\",\"item\":\"https:\/\/www.manaus.am.gov.br\/semtepi\/\"},{\"@type\":\"ListItem\",\"position\":2,\"name\":\"Prefeitura de Manaus leva atendimento do Sine a pessoas em situa\u00e7\u00e3o de rua no bairro Petr\u00f3polis\"}]},{\"@type\":\"WebSite\",\"@id\":\"https:\/\/www.manaus.am.gov.br\/semtepi\/#website\",\"url\":\"https:\/\/www.manaus.am.gov.br\/semtepi\/\",\"name\":\"SEMTEPI\",\"description\":\"Prefeitura de Manaus\",\"publisher\":{\"@id\":\"https:\/\/www.manaus.am.gov.br\/semtepi\/#organization\"},\"alternateName\":\"Secretaria Municipal do Trabalho, Empreendedorismo e Inova\u00e7\u00e3o\",\"potentialAction\":[{\"@type\":\"SearchAction\",\"target\":{\"@type\":\"EntryPoint\",\"urlTemplate\":\"https:\/\/www.manaus.am.gov.br\/semtepi\/?s={search_term_string}\"},\"query-input\":\"required name=search_term_string\"}],\"inLanguage\":\"pt-BR\"},{\"@type\":\"Organization\",\"@id\":\"https:\/\/www.manaus.am.gov.br\/semtepi\/#organization\",\"name\":\"Prefeitura Municipal de Manaus\",\"alternateName\":\"Prefeitura de Manaus\",\"url\":\"https:\/\/www.manaus.am.gov.br\/semtepi\/\",\"logo\":{\"@type\":\"ImageObject\",\"inLanguage\":\"pt-BR\",\"@id\":\"https:\/\/www.manaus.am.gov.br\/semtepi\/#\/schema\/logo\/image\/\",\"url\":\"https:\/\/www.manaus.am.gov.br\/semtepi\/wp-content\/uploads\/sites\/20\/2024\/07\/favicon.png\",\"contentUrl\":\"https:\/\/www.manaus.am.gov.br\/semtepi\/wp-content\/uploads\/sites\/20\/2024\/07\/favicon.png\",\"width\":300,\"height\":300,\"caption\":\"Prefeitura Municipal de Manaus\"},\"image\":{\"@id\":\"https:\/\/www.manaus.am.gov.br\/semtepi\/#\/schema\/logo\/image\/\"}},{\"@type\":\"Person\",\"@id\":\"https:\/\/www.manaus.am.gov.br\/semtepi\/#\/schema\/person\/a5ee5376db6e21af026374b369f30882\",\"name\":\"Thiago Fernando\",\"image\":{\"@type\":\"ImageObject\",\"inLanguage\":\"pt-BR\",\"@id\":\"https:\/\/www.manaus.am.gov.br\/semtepi\/#\/schema\/person\/image\/\",\"url\":\"https:\/\/secure.gravatar.com\/avatar\/f5aab8722444041451501c077052ac07?s=96&d=mm&r=g\",\"contentUrl\":\"https:\/\/secure.gravatar.com\/avatar\/f5aab8722444041451501c077052ac07?s=96&d=mm&r=g\",\"caption\":\"Thiago Fernando\"}}]}<\/script>\n<!-- \/ Yoast SEO plugin. -->","yoast_head_json":{"title":"PMM leva atendimento do Sine a pessoas em situa\u00e7\u00e3o de rua","description":"A iniciativa teve como objetivo cadastrar pessoas em situa\u00e7\u00e3o de rua, identificar seus perfis e encaminh\u00e1-las para o mercado de trabalho.","robots":{"index":"noindex","follow":"follow"},"og_locale":"pt_BR","og_type":"article","og_title":"PMM leva atendimento do Sine a pessoas em situa\u00e7\u00e3o de rua","og_description":"A iniciativa teve como objetivo cadastrar pessoas em situa\u00e7\u00e3o de rua, identificar seus perfis e encaminh\u00e1-las para o mercado de trabalho.","og_url":"https:\/\/www.manaus.am.gov.br\/semtepi\/oportunidade\/pessoas-em-situacao-de-rua\/","og_site_name":"SEMTEPI","article_published_time":"2025-08-15T17:25:35+00:00","article_modified_time":"2025-08-15T17:25:37+00:00","og_image":[{"width":1600,"height":1200,"url":"https:\/\/www.manaus.am.gov.br\/semtepi\/wp-content\/uploads\/sites\/20\/2025\/08\/pessoas-em-situacao-de-rua-1.jpeg","type":"image\/jpeg"}],"author":"Thiago Fernando","twitter_card":"summary_large_image","twitter_misc":{"Written by":"Thiago Fernando","Est. reading time":"3 minutos"},"schema":{"@context":"https:\/\/schema.org","@graph":[{"@type":"Article","@id":"https:\/\/www.manaus.am.gov.br\/semtepi\/oportunidade\/pessoas-em-situacao-de-rua\/#article","isPartOf":{"@id":"https:\/\/www.manaus.am.gov.br\/semtepi\/oportunidade\/pessoas-em-situacao-de-rua\/"},"author":{"name":"Thiago Fernando","@id":"https:\/\/www.manaus.am.gov.br\/semtepi\/#\/schema\/person\/a5ee5376db6e21af026374b369f30882"},"headline":"Prefeitura de Manaus leva atendimento do Sine a pessoas em situa\u00e7\u00e3o de rua no bairro Petr\u00f3polis","datePublished":"2025-08-15T17:25:35+00:00","dateModified":"2025-08-15T17:25:37+00:00","mainEntityOfPage":{"@id":"https:\/\/www.manaus.am.gov.br\/semtepi\/oportunidade\/pessoas-em-situacao-de-rua\/"},"wordCount":398,"publisher":{"@id":"https:\/\/www.manaus.am.gov.br\/semtepi\/#organization"},"image":{"@id":"https:\/\/www.manaus.am.gov.br\/semtepi\/oportunidade\/pessoas-em-situacao-de-rua\/#primaryimage"},"thumbnailUrl":"https:\/\/www.manaus.am.gov.br\/semtepi\/wp-content\/uploads\/sites\/20\/2025\/08\/pessoas-em-situacao-de-rua-1.jpeg","keywords":["prefeitura de manaus","Semtepi","sine manaus"],"articleSection":["Oportunidade"],"inLanguage":"pt-BR"},{"@type":"WebPage","@id":"https:\/\/www.manaus.am.gov.br\/semtepi\/oportunidade\/pessoas-em-situacao-de-rua\/","url":"https:\/\/www.manaus.am.gov.br\/semtepi\/oportunidade\/pessoas-em-situacao-de-rua\/","name":"PMM leva atendimento do Sine a pessoas em situa\u00e7\u00e3o de rua","isPartOf":{"@id":"https:\/\/www.manaus.am.gov.br\/semtepi\/#website"},"primaryImageOfPage":{"@id":"https:\/\/www.manaus.am.gov.br\/semtepi\/oportunidade\/pessoas-em-situacao-de-rua\/#primaryimage"},"image":{"@id":"https:\/\/www.manaus.am.gov.br\/semtepi\/oportunidade\/pessoas-em-situacao-de-rua\/#primaryimage"},"thumbnailUrl":"https:\/\/www.manaus.am.gov.br\/semtepi\/wp-content\/uploads\/sites\/20\/2025\/08\/pessoas-em-situacao-de-rua-1.jpeg","datePublished":"2025-08-15T17:25:35+00:00","dateModified":"2025-08-15T17:25:37+00:00","description":"A iniciativa teve como objetivo cadastrar pessoas em situa\u00e7\u00e3o de rua, identificar seus perfis e encaminh\u00e1-las para o mercado de trabalho.","breadcrumb":{"@id":"https:\/\/www.manaus.am.gov.br\/semtepi\/oportunidade\/pessoas-em-situacao-de-rua\/#breadcrumb"},"inLanguage":"pt-BR","potentialAction":[{"@type":"ReadAction","target":["https:\/\/www.manaus.am.gov.br\/semtepi\/oportunidade\/pessoas-em-situacao-de-rua\/"]}]},{"@type":"ImageObject","inLanguage":"pt-BR","@id":"https:\/\/www.manaus.am.gov.br\/semtepi\/oportunidade\/pessoas-em-situacao-de-rua\/#primaryimage","url":"https:\/\/www.manaus.am.gov.br\/semtepi\/wp-content\/uploads\/sites\/20\/2025\/08\/pessoas-em-situacao-de-rua-1.jpeg","contentUrl":"https:\/\/www.manaus.am.gov.br\/semtepi\/wp-content\/uploads\/sites\/20\/2025\/08\/pessoas-em-situacao-de-rua-1.jpeg","width":1600,"height":1200,"caption":"pessoas em situa\u00e7\u00e3o de rua (1)"},{"@type":"BreadcrumbList","@id":"https:\/\/www.manaus.am.gov.br\/semtepi\/oportunidade\/pessoas-em-situacao-de-rua\/#breadcrumb","itemListElement":[{"@type":"ListItem","position":1,"name":"Home","item":"https:\/\/www.manaus.am.gov.br\/semtepi\/"},{"@type":"ListItem","position":2,"name":"Prefeitura de Manaus leva atendimento do Sine a pessoas em situa\u00e7\u00e3o de rua no bairro Petr\u00f3polis"}]},{"@type":"WebSite","@id":"https:\/\/www.manaus.am.gov.br\/semtepi\/#website","url":"https:\/\/www.manaus.am.gov.br\/semtepi\/","name":"SEMTEPI","description":"Prefeitura de Manaus","publisher":{"@id":"https:\/\/www.manaus.am.gov.br\/semtepi\/#organization"},"alternateName":"Secretaria Municipal do Trabalho, Empreendedorismo e Inova\u00e7\u00e3o","potentialAction":[{"@type":"SearchAction","target":{"@type":"EntryPoint","urlTemplate":"https:\/\/www.manaus.am.gov.br\/semtepi\/?s={search_term_string}"},"query-input":"required name=search_term_string"}],"inLanguage":"pt-BR"},{"@type":"Organization","@id":"https:\/\/www.manaus.am.gov.br\/semtepi\/#organization","name":"Prefeitura Municipal de Manaus","alternateName":"Prefeitura de Manaus","url":"https:\/\/www.manaus.am.gov.br\/semtepi\/","logo":{"@type":"ImageObject","inLanguage":"pt-BR","@id":"https:\/\/www.manaus.am.gov.br\/semtepi\/#\/schema\/logo\/image\/","url":"https:\/\/www.manaus.am.gov.br\/semtepi\/wp-content\/uploads\/sites\/20\/2024\/07\/favicon.png","contentUrl":"https:\/\/www.manaus.am.gov.br\/semtepi\/wp-content\/uploads\/sites\/20\/2024\/07\/favicon.png","width":300,"height":300,"caption":"Prefeitura Municipal de Manaus"},"image":{"@id":"https:\/\/www.manaus.am.gov.br\/semtepi\/#\/schema\/logo\/image\/"}},{"@type":"Person","@id":"https:\/\/www.manaus.am.gov.br\/semtepi\/#\/schema\/person\/a5ee5376db6e21af026374b369f30882","name":"Thiago Fernando","image":{"@type":"ImageObject","inLanguage":"pt-BR","@id":"https:\/\/www.manaus.am.gov.br\/semtepi\/#\/schema\/person\/image\/","url":"https:\/\/secure.gravatar.com\/avatar\/f5aab8722444041451501c077052ac07?s=96&d=mm&r=g","contentUrl":"https:\/\/secure.gravatar.com\/avatar\/f5aab8722444041451501c077052ac07?s=96&d=mm&r=g","caption":"Thiago Fernando"}}]}},"_links":{"self":[{"href":"https:\/\/www.manaus.am.gov.br\/semtepi\/wp-json\/wp\/v2\/posts\/6801"}],"collection":[{"href":"https:\/\/www.manaus.am.gov.br\/semtepi\/wp-json\/wp\/v2\/posts"}],"about":[{"href":"https:\/\/www.manaus.am.gov.br\/semtepi\/wp-json\/wp\/v2\/types\/post"}],"author":[{"embeddable":true,"href":"https:\/\/www.manaus.am.gov.br\/semtepi\/wp-json\/wp\/v2\/users\/57"}],"replies":[{"embeddable":true,"href":"https:\/\/www.manaus.am.gov.br\/semtepi\/wp-json\/wp\/v2\/comments?post=6801"}],"version-history":[{"count":0,"href":"https:\/\/www.manaus.am.gov.br\/semtepi\/wp-json\/wp\/v2\/posts\/6801\/revisions"}],"wp:featuredmedia":[{"embeddable":true,"href":"https:\/\/www.manaus.am.gov.br\/semtepi\/wp-json\/wp\/v2\/media\/6802"}],"wp:attachment":[{"href":"https:\/\/www.manaus.am.gov.br\/semtepi\/wp-json\/wp\/v2\/media?parent=6801"}],"wp:term":[{"taxonomy":"category","embeddable":true,"href":"https:\/\/www.manaus.am.gov.br\/semtepi\/wp-json\/wp\/v2\/categories?post=6801"},{"taxonomy":"post_tag","embeddable":true,"href":"https:\/\/www.manaus.am.gov.br\/semtepi\/wp-json\/wp\/v2\/tags?post=6801"}],"curies":[{"name":"wp","href":"https:\/\/api.w.org\/{rel}","templated":true}]}}