{"id":6772,"date":"2025-08-05T14:27:34","date_gmt":"2025-08-05T18:27:34","guid":{"rendered":"https:\/\/www.manaus.am.gov.br\/semtepi\/sem-categoria\/prefeitura-semtepi-vagas-sinemanaus0608\/"},"modified":"2025-08-05T14:27:35","modified_gmt":"2025-08-05T18:27:35","slug":"prefeitura-semtepi-vagas-sinemanaus0608","status":"publish","type":"post","link":"https:\/\/www.manaus.am.gov.br\/semtepi\/oportunidade\/prefeitura-semtepi-vagas-sinemanaus0608\/","title":{"rendered":"Sine Manaus oferta 252 vagas de emprego nesta quarta\u2013feira, 6\/8"},"content":{"rendered":"\n<p><a>A Prefeitura de Manaus, por meio do Sine Manaus, oferta 252 vagas de emprego em v\u00e1rias \u00e1reas de atua\u00e7\u00e3o, nesta quarta\u2013feira, 6\/8,&nbsp;das <\/a>8h \u00e0s 14h. O candidato pode validar a Carteira Digital e Previd\u00eancia Social (CTPS) no aplicativo \u201cCarteira de Trabalho Digital\u201d ou acessar o site&nbsp;<a href=\"http:\/\/gov.br\/trabalho\" target=\"_blank\" rel=\"noreferrer noopener\">http:\/\/gov.br\/trabalho<\/a>.<\/p>\n\n\n\n<p>Para participar da pr\u00e9\u2013sele\u00e7\u00e3o e concorrer a uma das vagas dispon\u00edveis, ou receber orienta\u00e7\u00e3o de cadastro, Carteira de Trabalho Digital e seguro\u2013desemprego, os candidatos devem comparecer a um dos postos do Sine Manaus: na avenida Constantino Nery, n\u00ba 1.272, bairro S\u00e3o Geraldo, zona Centro\u2013Sul; ou no shopping Phelippe Daou, na avenida Camapu\u00e3, n\u00ba 2.939, bairro Cidade de Deus, zona Norte.<\/p>\n\n\n\n<p>Os interessados devem estar munidos do comprovante de vacina\u00e7\u00e3o (Covid\u201319), curr\u00edculo, certificados de cursos e documentos pessoais (RG, CPF, PIS, CTPS, comprovante de escolaridade e resid\u00eancia). N\u00e3o \u00e9 necess\u00e1rio apresentar c\u00f3pias, somente os documentos originais.<\/p>\n\n\n\n<p>\u00c9 importante que os candidatos mantenham seus cadastros atualizados, especialmente ao finalizarem novas qualifica\u00e7\u00f5es. Para vagas espec\u00edficas, podem ser solicitados documentos adicionais, como cursos ou certifica\u00e7\u00f5es, por isso, \u00e9 essencial estar atento aos &#8220;Requisitos Obrigat\u00f3rios&#8221; de cada vaga.<\/p>\n\n\n\n<p>A Semtepi ressalta que, obedecendo ao disposto no artigo 5\u00ba, da Constitui\u00e7\u00e3o Federal, e ao artigo 373\u2013A, da Consolida\u00e7\u00e3o das Leis Trabalhistas (CLT), crit\u00e9rios referentes a sexo, idade, cor ou situa\u00e7\u00e3o familiar, n\u00e3o podem ser informados na divulga\u00e7\u00e3o das vagas disponibilizadas.<\/p>\n\n\n\n<p>Os candidatos devem estar cientes das diretrizes de vestimenta estabelecidas pelo \u00f3rg\u00e3o, as quais incluem a proibi\u00e7\u00e3o de vestimentas como bermudas, shorts, minissaias, camisetas regatas e chinelos durante a entrada.<\/p>\n\n\n\n<p><strong>Vagas Novas \u2013 63<\/strong><\/p>\n\n\n\n<p><strong>5 vagas \u2013 Operador de Caixa<\/strong><\/p>\n\n\n\n<p>Escolaridade \u2013 ensino m\u00e9dio completo;<\/p>\n\n\n\n<p>Experi\u00eancia \u2013 seis meses na Carteira de Trabalho;<\/p>\n\n\n\n<p>Requisitos Obrigat\u00f3rios \u2013 ter experi\u00eancia com sistema Winthor e ter documenta\u00e7\u00e3o completa (com dispensa militar);<\/p>\n\n\n\n<p>Atividades \u2013 receber pagamentos, emitir notas fiscais\/recibos, atender clientes e realizar a manuten\u00e7\u00e3o do caixa.<\/p>\n\n\n\n<p>Dispon\u00edvel at\u00e9 6\/8\/2025 ou encerramento da vaga.<\/p>\n\n\n\n<p><strong>2 vagas \u2013 Atendente de Padaria<\/strong><\/p>\n\n\n\n<p>Escolaridade \u2013 ensino m\u00e9dio completo;<\/p>\n\n\n\n<p>Experi\u00eancia \u2013 seis meses na Carteira de Trabalho;<\/p>\n\n\n\n<p>Requisitos Obrigat\u00f3rios \u2013 ter documenta\u00e7\u00e3o completa;<\/p>\n\n\n\n<p>Atividades \u2013 vender mercadorias em estabelecimentos do com\u00e9rcio varejista ou atacadista, auxiliando os clientes na escolha; expor mercadorias de forma atrativa, em pontos estrat\u00e9gicos de vendas, com etiquetas de pre\u00e7o; abastecer pontos de venda, g\u00f4ndolas e balc\u00f5es e atender clientes.<\/p>\n\n\n\n<p>Dispon\u00edvel at\u00e9 6\/8\/2025 ou encerramento da vaga.<\/p>\n\n\n\n<p><strong>1 vaga \u2013 Auxiliar de Confeiteiro<\/strong><\/p>\n\n\n\n<p>Escolaridade \u2013 ensino m\u00e9dio completo;<\/p>\n\n\n\n<p>Experi\u00eancia \u2013 seis meses na Carteira de Trabalho;<\/p>\n\n\n\n<p>Requisitos Obrigat\u00f3rios \u2013 ter documenta\u00e7\u00e3o completa;<\/p>\n\n\n\n<p>Atividades \u2013 auxiliar outros profissionais da \u00e1rea no pr\u00e9\u2013preparo, preparo e processamento de alimentos e na montagem de pratos; verificar a qualidade dos g\u00eaneros aliment\u00edcios, minimizando riscos de contamina\u00e7\u00e3o.<\/p>\n\n\n\n<p>Dispon\u00edvel at\u00e9 6\/8\/2025 ou encerramento da vaga.<\/p>\n\n\n\n<p><strong>2 vagas \u2013 Auxiliar de Departamento Pessoal e Recursos Humanos<\/strong><\/p>\n\n\n\n<p>Escolaridade \u2013 ensino m\u00e9dio completo;<\/p>\n\n\n\n<p>Experi\u00eancia \u2013 seis meses na Carteira de Trabalho;<\/p>\n\n\n\n<p>Requisitos Obrigat\u00f3rios \u2013 ter experi\u00eancia em c\u00e1lculo trabalhista, f\u00e9rias, folha de pagamento, 13\u00ba e ter documenta\u00e7\u00e3o completa;<\/p>\n\n\n\n<p>Atividades \u2013 realizar relat\u00f3rios, operar o sistema interno, receber documentos, auxiliar na folha de pagamento, arquivo e demais atividades do setor.<\/p>\n\n\n\n<p>Dispon\u00edvel at\u00e9 6\/8\/2025 ou encerramento da vaga.<\/p>\n\n\n\n<p><strong>5 vagas \u2013 Faxineiro \u2013 Vagas exclusivas para Pessoa com Defici\u00eancia (PcD)<\/strong><\/p>\n\n\n\n<p>Escolaridade \u2013 ensino fundamental completo;<\/p>\n\n\n\n<p>Experi\u00eancia \u2013 n\u00e3o \u00e9 necess\u00e1rio;<\/p>\n\n\n\n<p>Requisitos Obrigat\u00f3rios \u2013 ter documenta\u00e7\u00e3o completa;<\/p>\n\n\n\n<p>Atividades \u2013 realizar a limpeza e a conserva\u00e7\u00e3o de ambientes, sejam eles residenciais, comerciais, industriais ou p\u00fablicos.<\/p>\n\n\n\n<p>Dispon\u00edvel at\u00e9 6\/8\/2025 ou encerramento da vaga.<\/p>\n\n\n\n<p><strong>5 vagas \u2013 Vendedor Externo<\/strong><\/p>\n\n\n\n<p>Escolaridade \u2013 ensino fundamental completo;<\/p>\n\n\n\n<p>Experi\u00eancia \u2013 n\u00e3o \u00e9 necess\u00e1rio;<\/p>\n\n\n\n<p>Requisitos Obrigat\u00f3rios \u2013 ter documenta\u00e7\u00e3o completa;<\/p>\n\n\n\n<p>Atividades \u2013 prospectar novos clientes; negocia\u00e7\u00f5es de servi\u00e7os de acordo com pol\u00edticas comerciais; atingir metas pr\u00e9 estabelecidas.<\/p>\n\n\n\n<p>Dispon\u00edvel at\u00e9 6\/8\/2025 ou encerramento da vaga.<\/p>\n\n\n\n<p><strong>5 vagas \u2013 Ajudante de Carga e Descarga<\/strong><\/p>\n\n\n\n<p>Escolaridade \u2013 ensino fundamental completo;<\/p>\n\n\n\n<p>Experi\u00eancia \u2013 n\u00e3o \u00e9 necess\u00e1rio;<\/p>\n\n\n\n<p>Requisitos Obrigat\u00f3rios \u2013 residir nos bairros: Grande Vit\u00f3ria, Gilberto Mestrinho, Jorge Teixeira, Santa In\u00eas ou proximidades e ter documenta\u00e7\u00e3o completa (com dispensa militar);<\/p>\n\n\n\n<p>Atividades \u2013 carregar e descarregar produtos em ve\u00edculos de transporte, como caminh\u00f5es, bem como organizar a \u00e1rea de trabalho e manter a ordem no armaz\u00e9m ou dep\u00f3sito.<\/p>\n\n\n\n<p>Dispon\u00edvel at\u00e9 6\/8\/2025 ou encerramento da vaga.<\/p>\n\n\n\n<p><strong>7 vagas \u2013 Auxiliar de Log\u00edstica<\/strong><\/p>\n\n\n\n<p>Escolaridade \u2013 ensino fundamental completo;<\/p>\n\n\n\n<p>Experi\u00eancia \u2013 tr\u00eas meses na Carteira de Trabalho;<\/p>\n\n\n\n<p>Requisitos Obrigat\u00f3rios \u2013 ter documenta\u00e7\u00e3o completa (com dispensa militar);<\/p>\n\n\n\n<p>Atividades \u2013 realizar recebimento e expedi\u00e7\u00e3o de mercadorias, controle e organiza\u00e7\u00e3o de estoque, separa\u00e7\u00e3o e embalagem de pedidos, armazenamento adequado de materiais, operacionaliza\u00e7\u00e3o de distribui\u00e7\u00e3o e entregas, atendimento ao cliente.<\/p>\n\n\n\n<p>Dispon\u00edvel at\u00e9 6\/8\/2025 ou encerramento da vaga.<\/p>\n\n\n\n<p><strong>1 vaga \u2013 Motorista Carreteiro<\/strong><\/p>\n\n\n\n<p>Escolaridade \u2013 ensino m\u00e9dio completo;<\/p>\n\n\n\n<p>Experi\u00eancia \u2013 registrada na Carteira de Trabalho;<\/p>\n\n\n\n<p>Requisitos Obrigat\u00f3rios \u2013 ter Carteira Nacional de Habilita\u00e7\u00e3o categoria \u201cE\u201d, curso Mopp, experi\u00eancia com cavalo 6&#215;4 e ter documenta\u00e7\u00e3o completa (com dispensa militar);<\/p>\n\n\n\n<p>Atividades \u2013 realizar o transporte de cargas diversas em diferentes trajetos, a inspe\u00e7\u00e3o e manuten\u00e7\u00e3o b\u00e1sica do ve\u00edculo, a vistoria da carga e a documenta\u00e7\u00e3o relacionada ao transporte.<\/p>\n\n\n\n<p>Dispon\u00edvel at\u00e9 6\/8\/2025 ou encerramento da vaga.<\/p>\n\n\n\n<p><strong>1 vaga \u2013 Ajudante de Motorista<\/strong><\/p>\n\n\n\n<p>Escolaridade \u2013 ensino m\u00e9dio completo;<\/p>\n\n\n\n<p>Experi\u00eancia \u2013 seis meses na Carteira de Trabalho;<\/p>\n\n\n\n<p>Requisitos Obrigat\u00f3rios \u2013 ter experi\u00eancia em movimenta\u00e7\u00e3o de cargas e ter documenta\u00e7\u00e3o completa (com dispensa militar);<\/p>\n\n\n\n<p>Atividades \u2013 carregar e descarregar mercadorias, conferir documentos e notas fiscais, organizar a carga, auxiliar em manobras e rotas, e garantir a seguran\u00e7a durante o transporte.<\/p>\n\n\n\n<p>Dispon\u00edvel at\u00e9 6\/8\/2025 ou encerramento da vaga.<\/p>\n\n\n\n<p><strong>5 vagas \u2013 Frentista \u2013 Vagas exclusivas para Pessoa com Defici\u00eancia (PcD)<\/strong><\/p>\n\n\n\n<p>Escolaridade \u2013 ensino m\u00e9dio completo;<\/p>\n\n\n\n<p>Experi\u00eancia \u2013 n\u00e3o \u00e9 necess\u00e1rio;<\/p>\n\n\n\n<p>Requisitos Obrigat\u00f3rios \u2013 ter documenta\u00e7\u00e3o completa;<\/p>\n\n\n\n<p>Atividades \u2013 abordagem inicial, abastecimento ve\u00edculos, verificar \u00e1gua, \u00f3leo e press\u00e3o dos pneus.<\/p>\n\n\n\n<p>Dispon\u00edvel at\u00e9 6\/8\/2025 ou encerramento da vaga.<\/p>\n\n\n\n<p><strong>3 vagas \u2013 Frentista<\/strong><\/p>\n\n\n\n<p>Escolaridade \u2013 ensino m\u00e9dio completo;<\/p>\n\n\n\n<p>Experi\u00eancia \u2013 n\u00e3o \u00e9 necess\u00e1rio;<\/p>\n\n\n\n<p>Requisitos Obrigat\u00f3rios \u2013 ter documenta\u00e7\u00e3o completa (com dispensa militar);<\/p>\n\n\n\n<p>Atividades \u2013 abordagem inicial, abastecimento ve\u00edculos, verificar \u00e1gua, \u00f3leo e press\u00e3o dos pneus.<\/p>\n\n\n\n<p>Dispon\u00edvel at\u00e9 6\/8\/2025 ou encerramento da vaga.<\/p>\n\n\n\n<p><strong>1 vaga \u2013 Assistente Administrativo<\/strong><\/p>\n\n\n\n<p>Escolaridade \u2013 ensino superior completo ou cursando em Administra\u00e7\u00e3o ou Turismo;<\/p>\n\n\n\n<p>Experi\u00eancia \u2013 seis meses na Carteira de Trabalho;<\/p>\n\n\n\n<p>Requisitos Obrigat\u00f3rios \u2013 ter documenta\u00e7\u00e3o completa;<\/p>\n\n\n\n<p>Atividades \u2013 acompanhar processos de check\u2013in e check\u2013out, supervisionar equipe de limpeza, controlar calend\u00e1rio de reservas, gerir comunica\u00e7\u00e3o com h\u00f3spedes e acompanhar relat\u00f3rios operacionais.<\/p>\n\n\n\n<p>Dispon\u00edvel at\u00e9 6\/8\/2025 ou encerramento da vaga.<\/p>\n\n\n\n<p><strong>1 vaga \u2013 Conferente de Carga e Descarga<\/strong><\/p>\n\n\n\n<p>Escolaridade \u2013 ensino m\u00e9dio completo;<\/p>\n\n\n\n<p>Experi\u00eancia \u2013 registrada na Carteira de Trabalho;<\/p>\n\n\n\n<p>Requisitos Obrigat\u00f3rios \u2013 ter curso de Inform\u00e1tica b\u00e1sica e ter documenta\u00e7\u00e3o completa (com dispensa militar);<\/p>\n\n\n\n<p>Atividades \u2013 conferir a entrada de materiais, comparando com as ordens e notas fiscais; organizar e controlar o estoque e inspecionar o estado das mercadorias; preparar a documenta\u00e7\u00e3o de sa\u00edda e separar os lotes conforme os clientes ou ordem de retirada, interna e retirar as cargas; aferir peso e medida das cargas, separar e etiquetar as cargas; movimentar as cargas no dep\u00f3sito, cliente e ve\u00edculos; receber e solicitar informa\u00e7\u00f5es, autoriza\u00e7\u00f5es e orienta\u00e7\u00f5es de transporte, embarque e desembarque de mercadorias junto aos clientes e cias a\u00e9reas.<\/p>\n\n\n\n<p>Dispon\u00edvel at\u00e9 6\/8\/2025 ou encerramento da vaga.<\/p>\n\n\n\n<p><strong>1 vaga \u2013 Motorista de Carreta<\/strong><\/p>\n\n\n\n<p>Escolaridade \u2013 ensino m\u00e9dio completo;<\/p>\n\n\n\n<p>Experi\u00eancia \u2013 registrada na Carteira de Trabalho;<\/p>\n\n\n\n<p>Requisitos Obrigat\u00f3rios \u2013 ter Carteira Nacional de Habilita\u00e7\u00e3o categoria \u201cE\u201d, experi\u00eancia no transporte de cargas e ter documenta\u00e7\u00e3o completa (com dispensa militar);<\/p>\n\n\n\n<p>Atividades \u2013 transportar materiais e produtos para diversos itiner\u00e1rios de acordo com as leis de tr\u00e2nsito e normas de seguran\u00e7a, em um conjunto de ve\u00edculos, composto por um cavalo mec\u00e2nico e um ou mais trailers ou carretas; respons\u00e1vel pela perman\u00eancia da documenta\u00e7\u00e3o do ve\u00edculo e pelo acondicionamento e amarra\u00e7\u00e3o das cargas nos ve\u00edculos; elaborar relat\u00f3rios de viagem e rota e faz confer\u00eancia dos materiais para assegurar a correta entrega e coleta; efetuar a presta\u00e7\u00e3o de contas das despesas efetuadas com o ve\u00edculo, abastecimentos, ped\u00e1gios, taxas de cargas e descargas e demais despesas inerentes a opera\u00e7\u00e3o; zelar pela conserva\u00e7\u00e3o e seguran\u00e7a dos ve\u00edculos, providenciando limpeza, ajustes e pequenos reparos.<\/p>\n\n\n\n<p>Dispon\u00edvel at\u00e9 6\/8\/2025 ou encerramento da vaga.<\/p>\n\n\n\n<p><strong>1 vaga \u2013 Motorista Entregador<\/strong><\/p>\n\n\n\n<p>Escolaridade \u2013 ensino m\u00e9dio completo;<\/p>\n\n\n\n<p>Experi\u00eancia \u2013 seis meses na Carteira de Trabalho;<\/p>\n\n\n\n<p>Requisitos Obrigat\u00f3rios \u2013 ter Carteira Nacional de Habilita\u00e7\u00e3o categoria \u201cD\u201d e ter documenta\u00e7\u00e3o completa (com dispensa militar);<\/p>\n\n\n\n<p>Atividades \u2013 cumprir plano de roteiriza\u00e7\u00e3o de entrega de produtos, garantindo a entrega no prazo com qualidade e seguran\u00e7a; conferir boletos e nf&#8217;s de pagamento referentes a cada pedido; preencher protocolos de entrega de mercadoria, recolher nos clientes os produtos com avarias; realizar check list di\u00e1rio do ve\u00edculo, mantendo\u2013os em condi\u00e7\u00f5es adequadas de trabalho.<\/p>\n\n\n\n<p>Dispon\u00edvel at\u00e9 6\/8\/2025 ou encerramento da vaga.<\/p>\n\n\n\n<p><strong>2 vagas \u2013 Vendedor<\/strong><\/p>\n\n\n\n<p>Escolaridade \u2013 ensino m\u00e9dio completo;<\/p>\n\n\n\n<p>Experi\u00eancia \u2013 seis meses na Carteira de Trabalho;<\/p>\n\n\n\n<p>Requisitos Obrigat\u00f3rios \u2013 ter habilidade para trabalhar com Megazap, Whatsapp Business, Linx e ter documenta\u00e7\u00e3o completa;<\/p>\n\n\n\n<p>Atividades \u2013 vender mercadorias em estabelecimentos do com\u00e9rcio varejista ou atacadista, auxiliar os clientes na escolha; registrar entrada e sa\u00edda de mercadorias; promover a venda de mercadorias, demonstrar seu funcionamento; informar sobre suas qualidades e vantagens de aquisi\u00e7\u00e3o; expor mercadorias de forma atrativa, em pontos estrat\u00e9gicos de vendas, com etiquetas de pre\u00e7o; prestar servi\u00e7os aos clientes, tais como: troca de mercadorias; abastecimento de ve\u00edculos; e outros servi\u00e7os correlatos; fazer invent\u00e1rio de mercadorias para reposi\u00e7\u00e3o; elaborar relat\u00f3rios de vendas, de promo\u00e7\u00f5es, de demonstra\u00e7\u00f5es e de pesquisa de pre\u00e7os.<\/p>\n\n\n\n<p>Dispon\u00edvel at\u00e9 6\/8\/2025 ou encerramento da vaga.<\/p>\n\n\n\n<p><strong>1 vaga \u2013 Auxiliar de Produ\u00e7\u00e3o \u2013 Vagas exclusivas para Pessoa com Defici\u00eancia (PcD)<\/strong><\/p>\n\n\n\n<p>Escolaridade \u2013 ensino m\u00e9dio completo;<\/p>\n\n\n\n<p>Experi\u00eancia \u2013 seis meses na Carteira de Trabalho;<\/p>\n\n\n\n<p>Requisitos Obrigat\u00f3rios \u2013 ter documenta\u00e7\u00e3o completa;<\/p>\n\n\n\n<p>Atividades \u2013 realizar atividades nos setores produtivos conforme instru\u00e7\u00f5es de trabalho.<\/p>\n\n\n\n<p>Dispon\u00edvel at\u00e9 6\/8\/2025 ou encerramento da vaga.<\/p>\n\n\n\n<p><strong>10 vagas \u2013 Ajudante de Motorista<\/strong><\/p>\n\n\n\n<p>Escolaridade \u2013 ensino fundamental completo;<\/p>\n\n\n\n<p>Experi\u00eancia \u2013 n\u00e3o \u00e9 necess\u00e1rio;<\/p>\n\n\n\n<p>Requisitos Obrigat\u00f3rios \u2013 ter experi\u00eancia com carga e descarga, e ter documenta\u00e7\u00e3o completa (com dispensa militar);<\/p>\n\n\n\n<p>Atividades \u2013 respons\u00e1vel por separar mercadorias, carregar, descarregar e entregar mercadorias em diversos pontos de Manaus, garantindo a confer\u00eancia dos pedidos e a sua integridade at\u00e9 o destino.<\/p>\n\n\n\n<p>Dispon\u00edvel at\u00e9 6\/8\/2025 ou encerramento da vaga.<\/p>\n\n\n\n<p><strong>2 vagas \u2013 Fiscal de Loja<\/strong><\/p>\n\n\n\n<p>Escolaridade \u2013 ensino m\u00e9dio completo;<\/p>\n\n\n\n<p>Experi\u00eancia \u2013 seis meses na Carteira de Trabalho;<\/p>\n\n\n\n<p>Requisitos Obrigat\u00f3rios \u2013 ter documenta\u00e7\u00e3o completa;<\/p>\n\n\n\n<p>Atividades \u2013 respons\u00e1vel por monitorar o ambiente de uma loja para garantir a seguran\u00e7a, prevenir perdas e garantir o bom funcionamento do estabelecimento.<\/p>\n\n\n\n<p>Dispon\u00edvel at\u00e9 6\/8\/2025 ou encerramento da vaga.<\/p>\n\n\n\n<p><strong>2 vagas \u2013 Operador de Empilhadeira<\/strong><\/p>\n\n\n\n<p>Escolaridade \u2013 ensino m\u00e9dio completo;<\/p>\n\n\n\n<p>Experi\u00eancia \u2013 seis meses na Carteira de Trabalho;<\/p>\n\n\n\n<p>Requisitos Obrigat\u00f3rios \u2013 ter Carteira Nacional de Habilita\u00e7\u00e3o categoria \u201cB\u201d e ter documenta\u00e7\u00e3o completa;<\/p>\n\n\n\n<p>Atividades \u2013 operar empilhadeiras, transportando, movimentando e empilhando cargas, tendo em vista armazenagem, abastecimento de linha de produ\u00e7\u00e3o e expedi\u00e7\u00e3o de produtos; inspecionar a carga, identificando simbologia das embalagens e separando carga n\u00e3o\u2013conforme.<\/p>\n\n\n\n<p>Dispon\u00edvel at\u00e9 6\/8\/2025 ou encerramento da vaga.<\/p>\n\n\n\n<p><strong>Vagas no Com\u00e9rcio \u2013 2<\/strong><\/p>\n\n\n\n<p><strong>2 vagas \u2013 Ajudante de Carga e Descarga<\/strong><\/p>\n\n\n\n<p>Escolaridade \u2013 ensino fundamental completo;<\/p>\n\n\n\n<p>Experi\u00eancia \u2013 seis meses na Carteira de Trabalho;<\/p>\n\n\n\n<p>Requisitos Obrigat\u00f3rios \u2013 ter documenta\u00e7\u00e3o completa (com dispensa militar);<\/p>\n\n\n\n<p>Atividades \u2013 realizar carga e descarga; organiza\u00e7\u00e3o do estoque; entrega de mercadorias.<\/p>\n\n\n\n<p>Dispon\u00edvel at\u00e9 6\/8\/2025 ou encerramento da vaga.<\/p>\n\n\n\n<p><strong>Vagas na Ind\u00fastria \u2013 105<\/strong><\/p>\n\n\n\n<p><strong>50 vagas \u2013 Auxiliar de Linha de Produ\u00e7\u00e3o<br><\/strong>Escolaridade \u2013 ensino fundamental completo;<br>Experi\u00eancia \u2013 n\u00e3o \u00e9 necess\u00e1rio;<br>Requisitos Obrigat\u00f3rios \u2013 a vaga \u00e9 destinada para candidatos que est\u00e3o em busca de novos desafios; o candidato vai precisar morar em: V\u00e1rzea Grande (MT) e ter documenta\u00e7\u00e3o completa (com dispensa militar);<br>Atividades \u2013 executar atividades operacionais em setores de apoio ou produ\u00e7\u00e3o de frios, visando garantir a manuten\u00e7\u00e3o, organiza\u00e7\u00e3o, limpeza ou opera\u00e7\u00e3o de atividades na unidade.<br>Dispon\u00edvel at\u00e9 6\/8\/2025 ou encerramento da vaga.<br><br><strong>25 vagas \u2013 Alimentador de Linha de Produ\u00e7\u00e3o<br><\/strong>Escolaridade \u2013 ensino fundamental incompleto;<br>Experi\u00eancia \u2013 n\u00e3o \u00e9 necess\u00e1rio;<br>Requisitos Obrigat\u00f3rios \u2013 a vaga \u00e9 destinada para candidatos que est\u00e3o em busca de novos desafios; o candidato vai precisar morar em: Promiss\u00e3o \u2013 SP e ter documenta\u00e7\u00e3o completa (com dispensa militar);<br>Atividades \u2013 auxiliar a ind\u00fastria de abate bovino.<br>Dispon\u00edvel at\u00e9 6\/8\/2025 ou encerramento da vaga.<br><br><strong>25 vagas \u2013 Auxiliar Operacional \u2013 Setor Industrial<\/strong><br>Escolaridade \u2013 ensino fundamental incompleto;<br>Experi\u00eancia \u2013 n\u00e3o \u00e9 necess\u00e1rio;<br>Requisitos Obrigat\u00f3rios \u2013 a vaga \u00e9 destinada para candidatos que est\u00e3o em busca de novos desafios; o candidato vai precisar morar em: Chupinguaia \u2013 RO e documenta\u00e7\u00e3o completa;<br>Atividades \u2013 pesagem e balan\u00e7a de pe\u00e7as de carne; transporte de pe\u00e7as de carne para a log\u00edstica; lavagem de pe\u00e7as de carne; aux\u00edlio na linha de produ\u00e7\u00e3o no processo de desossa e cortes de carne.<br>Dispon\u00edvel at\u00e9 6\/8\/2025 ou encerramento da vaga.<br><br><strong>1 vaga \u2013 Assistente Operacional<\/strong><\/p>\n\n\n\n<p>Escolaridade \u2013 ensino m\u00e9dio completo;<\/p>\n\n\n\n<p>Experi\u00eancia \u2013 seis meses na Carteira de Trabalho;<\/p>\n\n\n\n<p>Requisitos Obrigat\u00f3rios \u2013 ter curso de Gest\u00e3o de Transporte e Frota, Pacote Office, Planilhas Excel e ter documenta\u00e7\u00e3o completa;<\/p>\n\n\n\n<p>Atividades \u2013 liberar caminh\u00f5es, verificar check list com os motoristas, controlar os abastecimentos de ve\u00edculos, preparar relat\u00f3rios de abastecimento, fazer agendamentos no porto, receber e entregar documentos dos motoristas.<\/p>\n\n\n\n<p>Dispon\u00edvel at\u00e9 6\/8\/2025 ou encerramento da vaga.<\/p>\n\n\n\n<p><strong>1 vaga \u2013 Auxiliar de Produ\u00e7\u00e3o<\/strong><\/p>\n\n\n\n<p>Escolaridade \u2013 ensino m\u00e9dio completo;<\/p>\n\n\n\n<p>Experi\u00eancia \u2013 seis meses na Carteira de Trabalho;<\/p>\n\n\n\n<p>Requisitos Obrigat\u00f3rios \u2013 ter documenta\u00e7\u00e3o completa (com dispensa militar);<\/p>\n\n\n\n<p>Atividades \u2013 auxiliar na montagem em estrutura met\u00e1licas, verificar a m\u00e1quina de solda, al\u00e9m de verificar os materiais antes do in\u00edcio dos trabalhos, sempre zelando pela organiza\u00e7\u00e3o e limpeza da linha de produ\u00e7\u00e3o, limpar o setor todos os dias.<\/p>\n\n\n\n<p>Dispon\u00edvel at\u00e9 6\/8\/2025 ou encerramento da vaga.<\/p>\n\n\n\n<p><strong>1 vaga \u2013 Top\u00f3grafo<\/strong><\/p>\n\n\n\n<p>Escolaridade \u2013 ensino m\u00e9dio completo;<\/p>\n\n\n\n<p>Experi\u00eancia \u2013 registrada na Carteira de Trabalho;<\/p>\n\n\n\n<p>Requisitos Obrigat\u00f3rios \u2013 ter documenta\u00e7\u00e3o completa (com dispensa militar);<\/p>\n\n\n\n<p>Atividades \u2013 profissional especializado na medi\u00e7\u00e3o e mapeamento de terrenos, utilizando t\u00e9cnicas e equipamentos espec\u00edficos para coletar dados precisos sobre a forma e caracter\u00edsticas de uma determinada \u00e1rea geogr\u00e1fica. Respons\u00e1veis por criar mapas e plantas que representam a superf\u00edcie terrestre, sendo essenciais para projetos de engenharia, constru\u00e7\u00e3o e planejamento urbano.<\/p>\n\n\n\n<p>Dispon\u00edvel at\u00e9 6\/8\/2025 ou encerramento da vaga.<\/p>\n\n\n\n<p><strong>2 vagas \u2013 Auxiliar de Produ\u00e7\u00e3o<\/strong><\/p>\n\n\n\n<p>Escolaridade \u2013 ensino m\u00e9dio completo;<\/p>\n\n\n\n<p>Experi\u00eancia \u2013 registrada na Carteira de Trabalho;<\/p>\n\n\n\n<p>Requisitos Obrigat\u00f3rios \u2013 ter curso de Inform\u00e1tica b\u00e1sica e ter documenta\u00e7\u00e3o completa (com dispensa militar);<\/p>\n\n\n\n<p>Atividades \u2013 controlar mat\u00e9rias\u2013primas e processos produtivos da fabrica\u00e7\u00e3o de materiais para constru\u00e7\u00e3o.<\/p>\n\n\n\n<p>Dispon\u00edvel at\u00e9 6\/8\/2025 ou encerramento da vaga.<\/p>\n\n\n\n<p><strong><br><br><\/strong><strong>Vagas em Servi\u00e7os <a><\/a>\u2013 35<\/strong><strong><\/strong><\/p>\n\n\n\n<p><strong>1 vaga \u2013 Auxiliar de Refrigera\u00e7\u00e3o<\/strong><\/p>\n\n\n\n<p>Escolaridade \u2013 ensino m\u00e9dio completo;<\/p>\n\n\n\n<p>Experi\u00eancia \u2013 seis meses na Carteira de Trabalho;<\/p>\n\n\n\n<p>Requisitos Obrigat\u00f3rios \u2013 ter documenta\u00e7\u00e3o completa (com dispensa militar);<\/p>\n\n\n\n<p>Atividades \u2013 auxiliar na instala\u00e7\u00e3o, manuten\u00e7\u00e3o preventiva e corretiva de equipamentos de refrigera\u00e7\u00e3o, como m\u00e1quinas de ar\u2013condicionado, geladeiras, freezers, auxiliar na identifica\u00e7\u00e3o e corre\u00e7\u00e3o de problemas nos equipamentos, sob supervis\u00e3o de um t\u00e9cnico.<\/p>\n\n\n\n<p>Dispon\u00edvel at\u00e9 6\/8\/2025 ou encerramento da vaga.<\/p>\n\n\n\n<p><strong>1 vaga \u2013 Triador de Res\u00edduos<\/strong><\/p>\n\n\n\n<p>Escolaridade \u2013 ensino fundamental completo;<\/p>\n\n\n\n<p>Experi\u00eancia \u2013 n\u00e3o \u00e9 necess\u00e1rio;<\/p>\n\n\n\n<p>Requisitos Obrigat\u00f3rios \u2013 residir nos bairros: Armando Mendes, Zumbi, S\u00e3o Jos\u00e9, Cidade Nova, Coroado, Japiim, Petr\u00f3polis, Morro da Liberdade, Santa Luzia, Educandos, S\u00e3o L\u00e1zaro e ter documenta\u00e7\u00e3o completa (com dispensa militar);<\/p>\n\n\n\n<p>Atividades \u2013 receber o material coletado, auxiliando no descarregamento de caminh\u00e3o ou outro ve\u00edculo, acompanhar a pesagem do material recicl\u00e1vel e contar vasilhames, realizar a triagem do material recicl\u00e1vel \u2013 papel, papel\u00e3o, vidro, ferroso, n\u00e3o ferroso, pl\u00e1stico, entre outros \u2013 e n\u00e3o recicl\u00e1vel, nas esteiras de reciclagem.<\/p>\n\n\n\n<p>Dispon\u00edvel at\u00e9 6\/8\/2025 ou encerramento da vaga.<\/p>\n\n\n\n<p><strong>1 vaga \u2013 Auxiliar de Limpeza<\/strong><\/p>\n\n\n\n<p>Escolaridade \u2013 ensino fundamental completo;<\/p>\n\n\n\n<p>Experi\u00eancia \u2013 seis meses na Carteira de Trabalho ou avulsa;<\/p>\n\n\n\n<p>Requisitos Obrigat\u00f3rios \u2013 residir nos bairros: Armando Mendes, Japiim, S\u00e3o Jos\u00e9, Petr\u00f3polis e ter documenta\u00e7\u00e3o completa (com dispensa militar);<\/p>\n\n\n\n<p>Atividades \u2013 fazer a limpeza das depend\u00eancias da empresa, utilizando\u2013se de material, e equipamento espec\u00edfico: remover o p\u00f3 dos m\u00f3veis, fazer a varredura do piso, aspirar detritos, limpar ou lavar vidros e janelas, remover o lixo das lixeiras, higienizar os banheiros e repor materiais.<\/p>\n\n\n\n<p>Dispon\u00edvel at\u00e9 6\/8\/2025 ou encerramento da vaga.<\/p>\n\n\n\n<p><strong>1 vaga \u2013 Vendedor Interno<\/strong><\/p>\n\n\n\n<p>Escolaridade \u2013 ensino m\u00e9dio completo;<\/p>\n\n\n\n<p>Experi\u00eancia \u2013 registrada na Carteira de Trabalho;<\/p>\n\n\n\n<p>Requisitos Obrigat\u00f3rios \u2013 ter experi\u00eancia com venda de pe\u00e7as de micro\u2013\u00f4nibus e ter documenta\u00e7\u00e3o completa (com dispensa militar);<\/p>\n\n\n\n<p>Atividades \u2013 atender clientes presencialmente e via telefone; processar e gerenciar pedidos de clientes; processar vendas \u00e0 vista ou a prazo; cadastrar clientes; promover os servi\u00e7os da empresa; participar da an\u00e1lise de relat\u00f3rios; administrar carteira de clientes; prospectar clientes; auxiliar e acompanha a execu\u00e7\u00e3o dos servi\u00e7os da empresa.<\/p>\n\n\n\n<p>Dispon\u00edvel at\u00e9 6\/8\/2025 ou encerramento da vaga.<\/p>\n\n\n\n<p><strong>1 vaga \u2013 Projetista<\/strong><\/p>\n\n\n\n<p>Escolaridade \u2013 ensino superior completo em Arquitetura ou Administra\u00e7\u00e3o;<\/p>\n\n\n\n<p>Experi\u00eancia \u2013 seis meses na Carteira de Trabalho;<\/p>\n\n\n\n<p>Requisitos Obrigat\u00f3rios \u2013 ter documenta\u00e7\u00e3o completa;<\/p>\n\n\n\n<p>Atividades \u2013 reunir\u2013se com engenheiros, arquiettos, clientes ou gestores, elaborar projetos em 2D e 3D, Autocad; avaliar normas t\u00e9cnicas e restri\u00e7\u00f5es de cada caso; criar prot\u00f3tipos virtuais ou renderiza\u00e7\u00f5es; simular funcionamento, esfor\u00e7os ou montagens, quando necess\u00e1rio, corrigir erros ou incoer\u00eancias nos projetos.<\/p>\n\n\n\n<p>Dispon\u00edvel at\u00e9 6\/8\/2025 ou encerramento da vaga.<\/p>\n\n\n\n<p><strong>1 vaga \u2013 Analista de Licita\u00e7\u00e3o<\/strong><\/p>\n\n\n\n<p>Escolaridade \u2013 ensino superior completo em Administra\u00e7\u00e3o ou Economia;<\/p>\n\n\n\n<p>Experi\u00eancia \u2013 seis meses na Carteira de Trabalho;<\/p>\n\n\n\n<p>Requisitos Obrigat\u00f3rios \u2013 ter documenta\u00e7\u00e3o completa;<\/p>\n\n\n\n<p>Atividades \u2013 acompanhar diariamente os portais de compras p\u00fablicas; identificar oportunidades compat\u00edveis com os produtos ou servi\u00e7os da empresa; analisar o conte\u00fado dos editais; avaliar se a empresa atende as condi\u00e7\u00f5es t\u00e9cnicas e jur\u00eddicas do edital; verificar documenta\u00e7\u00e3o necess\u00e1ria e certid\u00f5es v\u00e1lidas; consultar \u00e1reas t\u00e9cnicas, comercial e financeira para confirmar interesse.<\/p>\n\n\n\n<p>Dispon\u00edvel at\u00e9 6\/8\/2025 ou encerramento da vaga.<\/p>\n\n\n\n<p><strong>1 vaga \u2013 Auxiliar de Carga e Descarga<\/strong><\/p>\n\n\n\n<p>Escolaridade \u2013 ensino m\u00e9dio completo;<\/p>\n\n\n\n<p>Experi\u00eancia \u2013 seis meses na Carteira de Trabalho;<\/p>\n\n\n\n<p>Requisitos Obrigat\u00f3rios \u2013 ter curso de NR\u20136, NR\u201335 e ter documenta\u00e7\u00e3o completa (com dispensa militar);<\/p>\n\n\n\n<p>Atividades \u2013 auxiliar nas movimenta\u00e7\u00f5es de carga e descargas operacionais.<\/p>\n\n\n\n<p>Dispon\u00edvel at\u00e9 6\/8\/2025 ou encerramento da vaga.<\/p>\n\n\n\n<p><strong>2 vagas \u2013 Est\u00e1gio em Contabilidade<\/strong><\/p>\n\n\n\n<p>Escolaridade \u2013 cursando ensino superior em Contabilidade (a partir do 5\u00ba per\u00edodo);<\/p>\n\n\n\n<p>Experi\u00eancia \u2013 n\u00e3o \u00e9 necess\u00e1rio;<\/p>\n\n\n\n<p>Requisitos Obrigat\u00f3rios \u2013 ter documenta\u00e7\u00e3o completa;<\/p>\n\n\n\n<p>Atividades \u2013 auxiliar no controle de contas e pagar e receber e na elabora\u00e7\u00e3o e an\u00e1lise de relat\u00f3rios; organizar documentos, classificar e lan\u00e7ar dados cont\u00e1beis, apurar impostos, emitir e transferir notas fiscais.<\/p>\n\n\n\n<p>Dispon\u00edvel at\u00e9 6\/8\/2025 ou encerramento da vaga.<\/p>\n\n\n\n<p><strong>2 vagas \u2013 Est\u00e1gio em Recursos Humanos<\/strong><\/p>\n\n\n\n<p>Escolaridade \u2013 cursando ensino superior em Gest\u00e3o de Recursos Humanos;<\/p>\n\n\n\n<p>Experi\u00eancia \u2013 n\u00e3o \u00e9 necess\u00e1rio;<\/p>\n\n\n\n<p>Requisitos Obrigat\u00f3rios \u2013 ter documenta\u00e7\u00e3o completa;<\/p>\n\n\n\n<p>Atividades \u2013 auxiliar na administra\u00e7\u00e3o de folhas de pagamento, gest\u00e3o do ponto eletr\u00f4nico, controle de benef\u00edcio e etc; processos de recrutamento e sele\u00e7\u00e3o ou planejamentos para treinamentos, desenvolvimento e capacita\u00e7\u00e3o de colaboradores.<\/p>\n\n\n\n<p>Dispon\u00edvel at\u00e9 6\/8\/2025 ou encerramento da vaga.<\/p>\n\n\n\n<p><strong>4 vagas \u2013 Mec\u00e2nico Motor a Diesel<\/strong><\/p>\n\n\n\n<p>Escolaridade \u2013 ensino fundamental completo;<\/p>\n\n\n\n<p>Experi\u00eancia \u2013 seis meses na Carteira de Trabalho ou avulsa;<\/p>\n\n\n\n<p>Requisitos Obrigat\u00f3rios \u2013 ter documenta\u00e7\u00e3o completa;<\/p>\n\n\n\n<p>Atividades \u2013 inspe\u00e7\u00e3o, diagn\u00f3stico, reparos complexos, manuten\u00e7\u00e3o de rotina, verifica\u00e7\u00e3o de seguran\u00e7a e, em alguns casos, gest\u00e3o de pe\u00e7as e custos.<\/p>\n\n\n\n<p>Dispon\u00edvel at\u00e9 6\/8\/2025 ou encerramento da vaga.<\/p>\n\n\n\n<p><strong>4 vagas \u2013 Chapeador&nbsp;<\/strong><\/p>\n\n\n\n<p>Escolaridade \u2013 ensino fundamental completo;<\/p>\n\n\n\n<p>Experi\u00eancia \u2013 seis meses na Carteira de Trabalho ou avulsa;<\/p>\n\n\n\n<p>Requisitos Obrigat\u00f3rios \u2013 ter documenta\u00e7\u00e3o completa;<\/p>\n\n\n\n<p>Atividades \u2013 cortar, modelar, rebitar, soldar e unir chapas de metal, utilizando ferramentas, m\u00e1quinas e equipamentos espec\u00edficos, al\u00e9m de seguir desenhos, projetos e especifica\u00e7\u00f5es t\u00e9cnicas.<\/p>\n\n\n\n<p>Dispon\u00edvel at\u00e9 6\/8\/2025 ou encerramento da vaga.<\/p>\n\n\n\n<p><strong>1 vaga \u2013 T\u00e9cnico Refrigera\u00e7\u00e3o Veicular<\/strong><\/p>\n\n\n\n<p>Escolaridade \u2013 ensino fundamental completo;<\/p>\n\n\n\n<p>Experi\u00eancia \u2013 seis meses na Carteira de Trabalho ou avulsa;<\/p>\n\n\n\n<p>Requisitos Obrigat\u00f3rios \u2013 ter documenta\u00e7\u00e3o completa;<\/p>\n\n\n\n<p>Atividades \u2013 manuten\u00e7\u00e3o e instala\u00e7\u00e3o de sistemas de ar condicionado em ve\u00edculos.<\/p>\n\n\n\n<p>Dispon\u00edvel at\u00e9 6\/8\/2025 ou encerramento da vaga.<\/p>\n\n\n\n<p><strong>15 vagas \u2013 Mec\u00e2nico de Manuten\u00e7\u00e3o \u2013 Jovem Aprendiz<\/strong><\/p>\n\n\n\n<p>Escolaridade \u2013 cursando ensino m\u00e9dio;<\/p>\n\n\n\n<p>Experi\u00eancia \u2013 n\u00e3o \u00e9 necess\u00e1rio;<\/p>\n\n\n\n<p>Requisitos Obrigat\u00f3rios \u2013 ter documenta\u00e7\u00e3o completa (com dispensa militar);<\/p>\n\n\n\n<p>Atividades \u2013 realizar inspe\u00e7\u00f5es, repara\u00e7\u00f5es e manuten\u00e7\u00f5es em m\u00e1quinas e equipamentos industriais, garantindo que funcionem corretamente.<\/p>\n\n\n\n<p>Dispon\u00edvel at\u00e9 6\/8\/2025 ou encerramento da vaga.<\/p>\n\n\n\n<p><strong>Vagas exclusivas para Pessoas com Defici\u00eancia (PcD) \u2013 47<\/strong><\/p>\n\n\n\n<p><strong>10 vagas \u2013 Auxiliar de Limpeza \u2013 Vagas exclusivas para Pessoa com Defici\u00eancia (PcD)<\/strong><\/p>\n\n\n\n<p>Escolaridade \u2013 ensino fundamental completo;<\/p>\n\n\n\n<p>Experi\u00eancia \u2013 seis meses na Carteira de Trabalho;<\/p>\n\n\n\n<p>Requisitos Obrigat\u00f3rios \u2013 ter documenta\u00e7\u00e3o completa (com dispensa militar);<\/p>\n\n\n\n<p>Atividades \u2013 realizar a limpeza geral de ambientes, remo\u00e7\u00e3o de lixo, lavagem de superf\u00edcies, reposi\u00e7\u00e3o de materiais de higiene e manuten\u00e7\u00e3o da ordem e higiene do local de trabalho, entre outras atividades correlatas \u00e0 fun\u00e7\u00e3o.<\/p>\n\n\n\n<p>Dispon\u00edvel at\u00e9 6\/8\/2025 ou encerramento da vaga.<\/p>\n\n\n\n<p><strong>5 vagas \u2013 Assistente de Vendas \u2013 Vagas exclusivas para Pessoa com Defici\u00eancia (PcD)<\/strong><\/p>\n\n\n\n<p>Escolaridade \u2013 ensino m\u00e9dio completo;<\/p>\n\n\n\n<p>Experi\u00eancia \u2013 n\u00e3o \u00e9 necess\u00e1rio;<\/p>\n\n\n\n<p>Requisitos Obrigat\u00f3rios \u2013 ter documenta\u00e7\u00e3o completa;<\/p>\n\n\n\n<p>Atividades \u2013 atendimento ao cliente, organiza\u00e7\u00e3o da \u00e1rea dos produtos, organiza\u00e7\u00e3o de estoque.<\/p>\n\n\n\n<p>Dispon\u00edvel at\u00e9 6\/8\/2025 ou encerramento da vaga.<\/p>\n\n\n\n<p><strong>1 vaga \u2013 Auxiliar Administrativo \u2013 Vaga exclusiva para Pessoa com Defici\u00eancia (PcD)<\/strong><\/p>\n\n\n\n<p>Escolaridade \u2013 ensino superior completo em Administra\u00e7\u00e3o ou cursando;<\/p>\n\n\n\n<p>Experi\u00eancia \u2013 seis meses na Carteira de Trabalho;<\/p>\n\n\n\n<p>Requisitos Obrigat\u00f3rios \u2013 ter curso de Inform\u00e1tica b\u00e1sica e ter documenta\u00e7\u00e3o completa;<\/p>\n\n\n\n<p>Atividades \u2013 auxiliar no processo interno administrativo.<\/p>\n\n\n\n<p>Dispon\u00edvel at\u00e9 6\/8\/2025 ou encerramento da vaga.<\/p>\n\n\n\n<p><strong>1 vaga \u2013 Servi\u00e7os Gerais \u2013 Vaga exclusiva para Pessoa com Defici\u00eancia (PcD)<\/strong><\/p>\n\n\n\n<p>Escolaridade \u2013 ensino fundamental completo;<\/p>\n\n\n\n<p>Experi\u00eancia \u2013 seis meses na Carteira de Trabalho;<\/p>\n\n\n\n<p>Requisitos Obrigat\u00f3rios \u2013 ter documenta\u00e7\u00e3o completa;<\/p>\n\n\n\n<p>Atividades \u2013 auxiliar na limpeza operacional.<\/p>\n\n\n\n<p>Dispon\u00edvel at\u00e9 6\/8\/2025 ou encerramento da vaga.<\/p>\n\n\n\n<p><strong>5 vagas \u2013 Fiscal de Loja \u2013 Vagas exclusivas para Pessoa com Defici\u00eancia (PcD)<\/strong><\/p>\n\n\n\n<p>Escolaridade \u2013 ensino m\u00e9dio completo;<\/p>\n\n\n\n<p>Experi\u00eancia \u2013 n\u00e3o \u00e9 necess\u00e1rio;<\/p>\n\n\n\n<p>Requisitos Obrigat\u00f3rios \u2013 ter documenta\u00e7\u00e3o completa;<\/p>\n\n\n\n<p>Atividades \u2013 monitorar o ambiente de uma loja para garantir a seguran\u00e7a, prevenir perdas e garantir o bom funcionamento do estabelecimento.<\/p>\n\n\n\n<p>Dispon\u00edvel at\u00e9 6\/8\/2025 ou encerramento da vaga.<\/p>\n\n\n\n<p><strong>5 vagas \u2013 Auxiliar de Estoque \u2013 Vagas exclusivas para Pessoa com Defici\u00eancia (PcD)<\/strong><\/p>\n\n\n\n<p>Escolaridade \u2013 ensino m\u00e9dio completo;<\/p>\n\n\n\n<p>Experi\u00eancia \u2013 n\u00e3o \u00e9 necess\u00e1rio;<\/p>\n\n\n\n<p>Requisitos Obrigat\u00f3rios \u2013 ter documenta\u00e7\u00e3o completa;<\/p>\n\n\n\n<p>Atividades \u2013 respons\u00e1vel por tarefas operacionais essenciais para o bom funcionamento do setor, como receber, conferir, armazenar e distribuir produtos, al\u00e9m de realizar contagens e registros de estoque.<\/p>\n\n\n\n<p>Dispon\u00edvel at\u00e9 6\/8\/2025 ou encerramento da vaga.<\/p>\n\n\n\n<p><strong>5 vagas \u2013 Operador de Caixa \u2013 Vagas exclusivas para Pessoa com Defici\u00eancia (PcD)<\/strong><\/p>\n\n\n\n<p>Escolaridade \u2013 ensino m\u00e9dio completo;<\/p>\n\n\n\n<p>Experi\u00eancia \u2013 n\u00e3o \u00e9 necess\u00e1rio;<\/p>\n\n\n\n<p>Requisitos Obrigat\u00f3rios \u2013 ter documenta\u00e7\u00e3o completa;<\/p>\n\n\n\n<p>Atividades \u2013 respons\u00e1vel pelo atendimento ao cliente, o registro de produtos e a cobran\u00e7a de pagamentos, abertura e fechamento do caixa, controle de estoque e a emiss\u00e3o de notas fiscais.<\/p>\n\n\n\n<p>Dispon\u00edvel at\u00e9 6\/8\/2025 ou encerramento da vaga.<\/p>\n\n\n\n<p><strong>5 vagas \u2013 Garagista \u2013 Vagas exclusivas para Pessoa com Defici\u00eancia (PcD)<\/strong><\/p>\n\n\n\n<p>Escolaridade \u2013 ensino m\u00e9dio completo;<\/p>\n\n\n\n<p>Experi\u00eancia \u2013 n\u00e3o \u00e9 necess\u00e1rio;<\/p>\n\n\n\n<p>Requisitos Obrigat\u00f3rios \u2013 ter documenta\u00e7\u00e3o completa;<\/p>\n\n\n\n<p>Atividades \u2013 controlar a entrada e a sa\u00edda de ve\u00edculos em garagem, registrando os dados e o per\u00edodo de perman\u00eancia de cada um deles; organizar o movimento e o estacionamento dos ve\u00edculos, manobrando\u2013os, quando necess\u00e1rio; zelar pela seguran\u00e7a dos ve\u00edculos estacionados.<\/p>\n\n\n\n<p>Dispon\u00edvel at\u00e9 6\/8\/2025 ou encerramento da vaga.<\/p>\n\n\n\n<p><strong>5 vagas \u2013 Consultor de Vendas \u2013 Vagas exclusivas para Pessoa com Defici\u00eancia (PcD)<\/strong><\/p>\n\n\n\n<p>Escolaridade \u2013 ensino m\u00e9dio completo;<\/p>\n\n\n\n<p>Experi\u00eancia \u2013 n\u00e3o \u00e9 necess\u00e1rio;<\/p>\n\n\n\n<p>Requisitos Obrigat\u00f3rios \u2013 ter documenta\u00e7\u00e3o completa;<\/p>\n\n\n\n<p>Atividades \u2013 prospectar clientes para divulga\u00e7\u00e3o de produtos e servi\u00e7os, negociar, elaborar propostas comerciais e fechar neg\u00f3cio.<\/p>\n\n\n\n<p>Dispon\u00edvel at\u00e9 6\/8\/2025 ou encerramento da vaga.<\/p>\n\n\n\n<p><strong>5 vagas \u2013 Farmac\u00eautico \u2013 Vagas exclusivas para Pessoa com Defici\u00eancia (PcD)<\/strong><\/p>\n\n\n\n<p>Escolaridade \u2013 ensino m\u00e9dio completo;<\/p>\n\n\n\n<p>Experi\u00eancia \u2013 n\u00e3o \u00e9 necess\u00e1rio;<\/p>\n\n\n\n<p>Requisitos Obrigat\u00f3rios \u2013 ter curso de Injet\u00e1veis, Perfura\u00e7\u00e3o de L\u00f3bulo e ter documenta\u00e7\u00e3o completa;<\/p>\n\n\n\n<p>Atividades \u2013 respons\u00e1vel pelo atendimento ao cliente, o registro de produtos e a cobran\u00e7a de pagamentos, abertura e fechamento do caixa, controle de estoque e a emiss\u00e3o de notas fiscais.<\/p>\n\n\n\n<p>Dispon\u00edvel at\u00e9 6\/8\/2025 ou encerramento da vaga.<\/p>\n\n\n\n<p>&#8212; &#8212; &#8212;<\/p>\n\n\n\n<p><strong>Texto \u2013&nbsp;<\/strong>Divulga\u00e7\u00e3o \/ Semtepi<\/p>\n\n\n\n<p><strong>Fotos \u2013&nbsp;<\/strong>Arquivo \/ Semcom<\/p>\n\n\n\n<p><strong>Dispon\u00edveis em \u2013&nbsp;<\/strong><a href=\"https:\/\/flic.kr\/s\/aHBqjCetWK\">https:\/\/flic.kr\/s\/aHBqjCetWK<\/a><\/p>\n","protected":false},"excerpt":{"rendered":"","protected":false},"author":23,"featured_media":6480,"comment_status":"closed","ping_status":"closed","sticky":false,"template":"","format":"standard","meta":{"footnotes":""},"categories":[5],"tags":[250,68,8,9,10],"acf":[],"yoast_head":"<!-- This site is optimized with the Yoast SEO plugin v23.0 - https:\/\/yoast.com\/wordpress\/plugins\/seo\/ -->\n<title>Sine Manaus oferta 252 vagas de emprego nesta quarta\u2013feira, 6\/8<\/title>\n<meta name=\"description\" content=\"A Prefeitura de Manaus, por meio do Sine Manaus, oferta 252 vagas de emprego em v\u00e1rias \u00e1reas de atua\u00e7\u00e3o, nesta quarta\u2013feira, 6\/8, das 8h \u00e0s 14h.\" \/>\n<meta name=\"robots\" content=\"noindex, follow\" \/>\n<meta property=\"og:locale\" content=\"pt_BR\" \/>\n<meta property=\"og:type\" content=\"article\" \/>\n<meta property=\"og:title\" content=\"Sine Manaus oferta 252 vagas de emprego nesta quarta\u2013feira, 6\/8\" \/>\n<meta property=\"og:description\" content=\"A Prefeitura de Manaus, por meio do Sine Manaus, oferta 252 vagas de emprego em v\u00e1rias \u00e1reas de atua\u00e7\u00e3o, nesta quarta\u2013feira, 6\/8, das 8h \u00e0s 14h.\" \/>\n<meta property=\"og:url\" content=\"https:\/\/www.manaus.am.gov.br\/semtepi\/oportunidade\/prefeitura-semtepi-vagas-sinemanaus0608\/\" \/>\n<meta property=\"og:site_name\" content=\"SEMTEPI\" \/>\n<meta property=\"article:published_time\" content=\"2025-08-05T18:27:34+00:00\" \/>\n<meta property=\"article:modified_time\" content=\"2025-08-05T18:27:35+00:00\" \/>\n<meta property=\"og:image\" content=\"https:\/\/www.manaus.am.gov.br\/semtepi\/wp-content\/uploads\/sites\/20\/2025\/06\/54523734531_85fa27d4a0_c.jpg\" \/>\n\t<meta property=\"og:image:width\" content=\"799\" \/>\n\t<meta property=\"og:image:height\" content=\"533\" \/>\n\t<meta property=\"og:image:type\" content=\"image\/jpeg\" \/>\n<meta name=\"author\" content=\"Adriana Costa\" \/>\n<meta name=\"twitter:card\" content=\"summary_large_image\" \/>\n<meta name=\"twitter:label1\" content=\"Written by\" \/>\n\t<meta name=\"twitter:data1\" content=\"Adriana Costa\" \/>\n\t<meta name=\"twitter:label2\" content=\"Est. reading time\" \/>\n\t<meta name=\"twitter:data2\" content=\"21 minutos\" \/>\n<script type=\"application\/ld+json\" class=\"yoast-schema-graph\">{\"@context\":\"https:\/\/schema.org\",\"@graph\":[{\"@type\":\"Article\",\"@id\":\"https:\/\/www.manaus.am.gov.br\/semtepi\/oportunidade\/prefeitura-semtepi-vagas-sinemanaus0608\/#article\",\"isPartOf\":{\"@id\":\"https:\/\/www.manaus.am.gov.br\/semtepi\/oportunidade\/prefeitura-semtepi-vagas-sinemanaus0608\/\"},\"author\":{\"name\":\"Adriana Costa\",\"@id\":\"https:\/\/www.manaus.am.gov.br\/semtepi\/#\/schema\/person\/4e49f4e267757a06ca072ec61b2b9968\"},\"headline\":\"Sine Manaus oferta 252 vagas de emprego nesta quarta\u2013feira, 6\/8\",\"datePublished\":\"2025-08-05T18:27:34+00:00\",\"dateModified\":\"2025-08-05T18:27:35+00:00\",\"mainEntityOfPage\":{\"@id\":\"https:\/\/www.manaus.am.gov.br\/semtepi\/oportunidade\/prefeitura-semtepi-vagas-sinemanaus0608\/\"},\"wordCount\":4155,\"publisher\":{\"@id\":\"https:\/\/www.manaus.am.gov.br\/semtepi\/#organization\"},\"image\":{\"@id\":\"https:\/\/www.manaus.am.gov.br\/semtepi\/oportunidade\/prefeitura-semtepi-vagas-sinemanaus0608\/#primaryimage\"},\"thumbnailUrl\":\"https:\/\/www.manaus.am.gov.br\/semtepi\/wp-content\/uploads\/sites\/20\/2025\/06\/54523734531_85fa27d4a0_c.jpg\",\"keywords\":[\"Empregos\",\"oportunidades\",\"prefeitura de manaus\",\"Semtepi\",\"sine manaus\"],\"articleSection\":[\"Oportunidade\"],\"inLanguage\":\"pt-BR\"},{\"@type\":\"WebPage\",\"@id\":\"https:\/\/www.manaus.am.gov.br\/semtepi\/oportunidade\/prefeitura-semtepi-vagas-sinemanaus0608\/\",\"url\":\"https:\/\/www.manaus.am.gov.br\/semtepi\/oportunidade\/prefeitura-semtepi-vagas-sinemanaus0608\/\",\"name\":\"Sine Manaus oferta 252 vagas de emprego nesta quarta\u2013feira, 6\/8\",\"isPartOf\":{\"@id\":\"https:\/\/www.manaus.am.gov.br\/semtepi\/#website\"},\"primaryImageOfPage\":{\"@id\":\"https:\/\/www.manaus.am.gov.br\/semtepi\/oportunidade\/prefeitura-semtepi-vagas-sinemanaus0608\/#primaryimage\"},\"image\":{\"@id\":\"https:\/\/www.manaus.am.gov.br\/semtepi\/oportunidade\/prefeitura-semtepi-vagas-sinemanaus0608\/#primaryimage\"},\"thumbnailUrl\":\"https:\/\/www.manaus.am.gov.br\/semtepi\/wp-content\/uploads\/sites\/20\/2025\/06\/54523734531_85fa27d4a0_c.jpg\",\"datePublished\":\"2025-08-05T18:27:34+00:00\",\"dateModified\":\"2025-08-05T18:27:35+00:00\",\"description\":\"A Prefeitura de Manaus, por meio do Sine Manaus, oferta 252 vagas de emprego em v\u00e1rias \u00e1reas de atua\u00e7\u00e3o, nesta quarta\u2013feira, 6\/8, das 8h \u00e0s 14h.\",\"breadcrumb\":{\"@id\":\"https:\/\/www.manaus.am.gov.br\/semtepi\/oportunidade\/prefeitura-semtepi-vagas-sinemanaus0608\/#breadcrumb\"},\"inLanguage\":\"pt-BR\",\"potentialAction\":[{\"@type\":\"ReadAction\",\"target\":[\"https:\/\/www.manaus.am.gov.br\/semtepi\/oportunidade\/prefeitura-semtepi-vagas-sinemanaus0608\/\"]}]},{\"@type\":\"ImageObject\",\"inLanguage\":\"pt-BR\",\"@id\":\"https:\/\/www.manaus.am.gov.br\/semtepi\/oportunidade\/prefeitura-semtepi-vagas-sinemanaus0608\/#primaryimage\",\"url\":\"https:\/\/www.manaus.am.gov.br\/semtepi\/wp-content\/uploads\/sites\/20\/2025\/06\/54523734531_85fa27d4a0_c.jpg\",\"contentUrl\":\"https:\/\/www.manaus.am.gov.br\/semtepi\/wp-content\/uploads\/sites\/20\/2025\/06\/54523734531_85fa27d4a0_c.jpg\",\"width\":799,\"height\":533},{\"@type\":\"BreadcrumbList\",\"@id\":\"https:\/\/www.manaus.am.gov.br\/semtepi\/oportunidade\/prefeitura-semtepi-vagas-sinemanaus0608\/#breadcrumb\",\"itemListElement\":[{\"@type\":\"ListItem\",\"position\":1,\"name\":\"Home\",\"item\":\"https:\/\/www.manaus.am.gov.br\/semtepi\/\"},{\"@type\":\"ListItem\",\"position\":2,\"name\":\"Sine Manaus oferta 252 vagas de emprego nesta quarta\u2013feira, 6\/8\"}]},{\"@type\":\"WebSite\",\"@id\":\"https:\/\/www.manaus.am.gov.br\/semtepi\/#website\",\"url\":\"https:\/\/www.manaus.am.gov.br\/semtepi\/\",\"name\":\"SEMTEPI\",\"description\":\"Prefeitura de Manaus\",\"publisher\":{\"@id\":\"https:\/\/www.manaus.am.gov.br\/semtepi\/#organization\"},\"alternateName\":\"Secretaria Municipal do Trabalho, Empreendedorismo e Inova\u00e7\u00e3o\",\"potentialAction\":[{\"@type\":\"SearchAction\",\"target\":{\"@type\":\"EntryPoint\",\"urlTemplate\":\"https:\/\/www.manaus.am.gov.br\/semtepi\/?s={search_term_string}\"},\"query-input\":\"required name=search_term_string\"}],\"inLanguage\":\"pt-BR\"},{\"@type\":\"Organization\",\"@id\":\"https:\/\/www.manaus.am.gov.br\/semtepi\/#organization\",\"name\":\"Prefeitura Municipal de Manaus\",\"alternateName\":\"Prefeitura de Manaus\",\"url\":\"https:\/\/www.manaus.am.gov.br\/semtepi\/\",\"logo\":{\"@type\":\"ImageObject\",\"inLanguage\":\"pt-BR\",\"@id\":\"https:\/\/www.manaus.am.gov.br\/semtepi\/#\/schema\/logo\/image\/\",\"url\":\"https:\/\/www.manaus.am.gov.br\/semtepi\/wp-content\/uploads\/sites\/20\/2024\/07\/favicon.png\",\"contentUrl\":\"https:\/\/www.manaus.am.gov.br\/semtepi\/wp-content\/uploads\/sites\/20\/2024\/07\/favicon.png\",\"width\":300,\"height\":300,\"caption\":\"Prefeitura Municipal de Manaus\"},\"image\":{\"@id\":\"https:\/\/www.manaus.am.gov.br\/semtepi\/#\/schema\/logo\/image\/\"}},{\"@type\":\"Person\",\"@id\":\"https:\/\/www.manaus.am.gov.br\/semtepi\/#\/schema\/person\/4e49f4e267757a06ca072ec61b2b9968\",\"name\":\"Adriana Costa\",\"image\":{\"@type\":\"ImageObject\",\"inLanguage\":\"pt-BR\",\"@id\":\"https:\/\/www.manaus.am.gov.br\/semtepi\/#\/schema\/person\/image\/\",\"url\":\"https:\/\/secure.gravatar.com\/avatar\/576258617ef7194f718179e766d57bd4?s=96&d=mm&r=g\",\"contentUrl\":\"https:\/\/secure.gravatar.com\/avatar\/576258617ef7194f718179e766d57bd4?s=96&d=mm&r=g\",\"caption\":\"Adriana Costa\"}}]}<\/script>\n<!-- \/ Yoast SEO plugin. -->","yoast_head_json":{"title":"Sine Manaus oferta 252 vagas de emprego nesta quarta\u2013feira, 6\/8","description":"A Prefeitura de Manaus, por meio do Sine Manaus, oferta 252 vagas de emprego em v\u00e1rias \u00e1reas de atua\u00e7\u00e3o, nesta quarta\u2013feira, 6\/8, das 8h \u00e0s 14h.","robots":{"index":"noindex","follow":"follow"},"og_locale":"pt_BR","og_type":"article","og_title":"Sine Manaus oferta 252 vagas de emprego nesta quarta\u2013feira, 6\/8","og_description":"A Prefeitura de Manaus, por meio do Sine Manaus, oferta 252 vagas de emprego em v\u00e1rias \u00e1reas de atua\u00e7\u00e3o, nesta quarta\u2013feira, 6\/8, das 8h \u00e0s 14h.","og_url":"https:\/\/www.manaus.am.gov.br\/semtepi\/oportunidade\/prefeitura-semtepi-vagas-sinemanaus0608\/","og_site_name":"SEMTEPI","article_published_time":"2025-08-05T18:27:34+00:00","article_modified_time":"2025-08-05T18:27:35+00:00","og_image":[{"width":799,"height":533,"url":"https:\/\/www.manaus.am.gov.br\/semtepi\/wp-content\/uploads\/sites\/20\/2025\/06\/54523734531_85fa27d4a0_c.jpg","type":"image\/jpeg"}],"author":"Adriana Costa","twitter_card":"summary_large_image","twitter_misc":{"Written by":"Adriana Costa","Est. reading time":"21 minutos"},"schema":{"@context":"https:\/\/schema.org","@graph":[{"@type":"Article","@id":"https:\/\/www.manaus.am.gov.br\/semtepi\/oportunidade\/prefeitura-semtepi-vagas-sinemanaus0608\/#article","isPartOf":{"@id":"https:\/\/www.manaus.am.gov.br\/semtepi\/oportunidade\/prefeitura-semtepi-vagas-sinemanaus0608\/"},"author":{"name":"Adriana Costa","@id":"https:\/\/www.manaus.am.gov.br\/semtepi\/#\/schema\/person\/4e49f4e267757a06ca072ec61b2b9968"},"headline":"Sine Manaus oferta 252 vagas de emprego nesta quarta\u2013feira, 6\/8","datePublished":"2025-08-05T18:27:34+00:00","dateModified":"2025-08-05T18:27:35+00:00","mainEntityOfPage":{"@id":"https:\/\/www.manaus.am.gov.br\/semtepi\/oportunidade\/prefeitura-semtepi-vagas-sinemanaus0608\/"},"wordCount":4155,"publisher":{"@id":"https:\/\/www.manaus.am.gov.br\/semtepi\/#organization"},"image":{"@id":"https:\/\/www.manaus.am.gov.br\/semtepi\/oportunidade\/prefeitura-semtepi-vagas-sinemanaus0608\/#primaryimage"},"thumbnailUrl":"https:\/\/www.manaus.am.gov.br\/semtepi\/wp-content\/uploads\/sites\/20\/2025\/06\/54523734531_85fa27d4a0_c.jpg","keywords":["Empregos","oportunidades","prefeitura de manaus","Semtepi","sine manaus"],"articleSection":["Oportunidade"],"inLanguage":"pt-BR"},{"@type":"WebPage","@id":"https:\/\/www.manaus.am.gov.br\/semtepi\/oportunidade\/prefeitura-semtepi-vagas-sinemanaus0608\/","url":"https:\/\/www.manaus.am.gov.br\/semtepi\/oportunidade\/prefeitura-semtepi-vagas-sinemanaus0608\/","name":"Sine Manaus oferta 252 vagas de emprego nesta quarta\u2013feira, 6\/8","isPartOf":{"@id":"https:\/\/www.manaus.am.gov.br\/semtepi\/#website"},"primaryImageOfPage":{"@id":"https:\/\/www.manaus.am.gov.br\/semtepi\/oportunidade\/prefeitura-semtepi-vagas-sinemanaus0608\/#primaryimage"},"image":{"@id":"https:\/\/www.manaus.am.gov.br\/semtepi\/oportunidade\/prefeitura-semtepi-vagas-sinemanaus0608\/#primaryimage"},"thumbnailUrl":"https:\/\/www.manaus.am.gov.br\/semtepi\/wp-content\/uploads\/sites\/20\/2025\/06\/54523734531_85fa27d4a0_c.jpg","datePublished":"2025-08-05T18:27:34+00:00","dateModified":"2025-08-05T18:27:35+00:00","description":"A Prefeitura de Manaus, por meio do Sine Manaus, oferta 252 vagas de emprego em v\u00e1rias \u00e1reas de atua\u00e7\u00e3o, nesta quarta\u2013feira, 6\/8, das 8h \u00e0s 14h.","breadcrumb":{"@id":"https:\/\/www.manaus.am.gov.br\/semtepi\/oportunidade\/prefeitura-semtepi-vagas-sinemanaus0608\/#breadcrumb"},"inLanguage":"pt-BR","potentialAction":[{"@type":"ReadAction","target":["https:\/\/www.manaus.am.gov.br\/semtepi\/oportunidade\/prefeitura-semtepi-vagas-sinemanaus0608\/"]}]},{"@type":"ImageObject","inLanguage":"pt-BR","@id":"https:\/\/www.manaus.am.gov.br\/semtepi\/oportunidade\/prefeitura-semtepi-vagas-sinemanaus0608\/#primaryimage","url":"https:\/\/www.manaus.am.gov.br\/semtepi\/wp-content\/uploads\/sites\/20\/2025\/06\/54523734531_85fa27d4a0_c.jpg","contentUrl":"https:\/\/www.manaus.am.gov.br\/semtepi\/wp-content\/uploads\/sites\/20\/2025\/06\/54523734531_85fa27d4a0_c.jpg","width":799,"height":533},{"@type":"BreadcrumbList","@id":"https:\/\/www.manaus.am.gov.br\/semtepi\/oportunidade\/prefeitura-semtepi-vagas-sinemanaus0608\/#breadcrumb","itemListElement":[{"@type":"ListItem","position":1,"name":"Home","item":"https:\/\/www.manaus.am.gov.br\/semtepi\/"},{"@type":"ListItem","position":2,"name":"Sine Manaus oferta 252 vagas de emprego nesta quarta\u2013feira, 6\/8"}]},{"@type":"WebSite","@id":"https:\/\/www.manaus.am.gov.br\/semtepi\/#website","url":"https:\/\/www.manaus.am.gov.br\/semtepi\/","name":"SEMTEPI","description":"Prefeitura de Manaus","publisher":{"@id":"https:\/\/www.manaus.am.gov.br\/semtepi\/#organization"},"alternateName":"Secretaria Municipal do Trabalho, Empreendedorismo e Inova\u00e7\u00e3o","potentialAction":[{"@type":"SearchAction","target":{"@type":"EntryPoint","urlTemplate":"https:\/\/www.manaus.am.gov.br\/semtepi\/?s={search_term_string}"},"query-input":"required name=search_term_string"}],"inLanguage":"pt-BR"},{"@type":"Organization","@id":"https:\/\/www.manaus.am.gov.br\/semtepi\/#organization","name":"Prefeitura Municipal de Manaus","alternateName":"Prefeitura de Manaus","url":"https:\/\/www.manaus.am.gov.br\/semtepi\/","logo":{"@type":"ImageObject","inLanguage":"pt-BR","@id":"https:\/\/www.manaus.am.gov.br\/semtepi\/#\/schema\/logo\/image\/","url":"https:\/\/www.manaus.am.gov.br\/semtepi\/wp-content\/uploads\/sites\/20\/2024\/07\/favicon.png","contentUrl":"https:\/\/www.manaus.am.gov.br\/semtepi\/wp-content\/uploads\/sites\/20\/2024\/07\/favicon.png","width":300,"height":300,"caption":"Prefeitura Municipal de Manaus"},"image":{"@id":"https:\/\/www.manaus.am.gov.br\/semtepi\/#\/schema\/logo\/image\/"}},{"@type":"Person","@id":"https:\/\/www.manaus.am.gov.br\/semtepi\/#\/schema\/person\/4e49f4e267757a06ca072ec61b2b9968","name":"Adriana Costa","image":{"@type":"ImageObject","inLanguage":"pt-BR","@id":"https:\/\/www.manaus.am.gov.br\/semtepi\/#\/schema\/person\/image\/","url":"https:\/\/secure.gravatar.com\/avatar\/576258617ef7194f718179e766d57bd4?s=96&d=mm&r=g","contentUrl":"https:\/\/secure.gravatar.com\/avatar\/576258617ef7194f718179e766d57bd4?s=96&d=mm&r=g","caption":"Adriana Costa"}}]}},"_links":{"self":[{"href":"https:\/\/www.manaus.am.gov.br\/semtepi\/wp-json\/wp\/v2\/posts\/6772"}],"collection":[{"href":"https:\/\/www.manaus.am.gov.br\/semtepi\/wp-json\/wp\/v2\/posts"}],"about":[{"href":"https:\/\/www.manaus.am.gov.br\/semtepi\/wp-json\/wp\/v2\/types\/post"}],"author":[{"embeddable":true,"href":"https:\/\/www.manaus.am.gov.br\/semtepi\/wp-json\/wp\/v2\/users\/23"}],"replies":[{"embeddable":true,"href":"https:\/\/www.manaus.am.gov.br\/semtepi\/wp-json\/wp\/v2\/comments?post=6772"}],"version-history":[{"count":0,"href":"https:\/\/www.manaus.am.gov.br\/semtepi\/wp-json\/wp\/v2\/posts\/6772\/revisions"}],"wp:featuredmedia":[{"embeddable":true,"href":"https:\/\/www.manaus.am.gov.br\/semtepi\/wp-json\/wp\/v2\/media\/6480"}],"wp:attachment":[{"href":"https:\/\/www.manaus.am.gov.br\/semtepi\/wp-json\/wp\/v2\/media?parent=6772"}],"wp:term":[{"taxonomy":"category","embeddable":true,"href":"https:\/\/www.manaus.am.gov.br\/semtepi\/wp-json\/wp\/v2\/categories?post=6772"},{"taxonomy":"post_tag","embeddable":true,"href":"https:\/\/www.manaus.am.gov.br\/semtepi\/wp-json\/wp\/v2\/tags?post=6772"}],"curies":[{"name":"wp","href":"https:\/\/api.w.org\/{rel}","templated":true}]}}