{"id":6755,"date":"2025-08-04T10:10:37","date_gmt":"2025-08-04T14:10:37","guid":{"rendered":"https:\/\/www.manaus.am.gov.br\/semtepi\/sem-categoria\/prefeitura-semtepi-curso-empretec\/"},"modified":"2025-08-04T10:10:38","modified_gmt":"2025-08-04T14:10:38","slug":"prefeitura-semtepi-curso-empretec","status":"publish","type":"post","link":"https:\/\/www.manaus.am.gov.br\/semtepi\/inscricoes\/prefeitura-semtepi-curso-empretec\/","title":{"rendered":"Prefeitura de Manaus oferece 25 vagas para o curso Empretec"},"content":{"rendered":"\n<p>A Prefeitura de Manaus, por meio da Secretaria Municipal do Trabalho, Empreendedorismo e Inova\u00e7\u00e3o (Semtepi), abre, nesta ter\u00e7a-feira, 5\/8, as inscri\u00e7\u00f5es para 25 vagas no curso de capacita\u00e7\u00e3o empreendedora, o Empretec. As aulas v\u00e3o acontecer de 25 a 30\/8, no pr\u00e9dio do&nbsp;Servi\u00e7o Brasileiro de Apoio \u00e0s Micro e Pequenas&nbsp;(Sebrae), localizado na avenida Leonardo Malcher, n\u00b0 924, bairro Centro, zona Centro-Sul da capital.<\/p>\n\n\n\n<p>Em parceria com o Sebrae, a capacita\u00e7\u00e3o vai ofertar um conte\u00fado adaptado para desenvolvimento de caracter\u00edsticas de comportamento empreendedor e para a identifica\u00e7\u00e3o de novas oportunidades de neg\u00f3cios.&nbsp;Os participantes ir\u00e3o aprender sobre gest\u00e3o empresarial, ferramentas essenciais para o bom funcionamento de seus neg\u00f3cios, al\u00e9m de conhecimento do atual mercado empreendedor.&nbsp;&nbsp;<\/p>\n\n\n\n<p>\u201cO Empretec \u00e9 essencial para o empreendedor, porque desenvolve habilidades empreendedoras, incentiva a gera\u00e7\u00e3o de renda e estimula a inova\u00e7\u00e3o nos neg\u00f3cios. Ele capacita tanto iniciantes quanto quem j\u00e1 empreende, promovendo autonomia e crescimento sustent\u00e1vel. Al\u00e9m disso, fortalece a economia local ao impulsionar novos empreendimentos\u201d, destacou o secret\u00e1rio da Semtepi, Alonso Oliveira.<\/p>\n\n\n\n<p>O curso vai contar com apenas uma turma, que funcionar\u00e1 das 8h \u00e0s 12h e das 14h \u00e0s 18h. Os interessados poder\u00e3o se inscrever pelo link&nbsp;<a href=\"https:\/\/forms.gle\/AYHfEzy2ZYLWWFFQ7\" target=\"_blank\" rel=\"noreferrer noopener\">https:\/\/forms.gle\/AYHfEzy2ZYLWWFFQ7<\/a>, at\u00e9 as 12h do dia 5\/8 e se atentar para a lista de selecionados que ser\u00e1 divulgada no dia 22\/8.<\/p>\n\n\n\n<p><strong>Programa<\/strong><\/p>\n\n\n\n<p>O Empretec \u00e9 um curso intensivo de alto rendimento, desenvolvido com base em uma metodologia da Organiza\u00e7\u00e3o das Na\u00e7\u00f5es Unidas (ONU), com foco no fortalecimento de atitudes empreendedoras e na descoberta de novas oportunidades de neg\u00f3cio. Presente em mais de 40 pa\u00edses, o programa oferece 60 horas de treinamento, com din\u00e2micas pr\u00e1ticas e base cient\u00edfica, que revelam como agem os empreendedores bem-sucedidos e quais s\u00e3o os dez comportamentos mais comuns entre eles.<\/p>\n\n\n\n<p>&#8212; &#8212; &#8212;<\/p>\n\n\n\n<p><strong>Texto<\/strong> \u2013&nbsp;Fabiane Monteiro \/ Semtepi<\/p>\n\n\n\n<p><strong>Fotos<\/strong> \u2013&nbsp;Divulga\u00e7\u00e3o \/ Semtepi<\/p>\n","protected":false},"excerpt":{"rendered":"","protected":false},"author":23,"featured_media":6756,"comment_status":"closed","ping_status":"closed","sticky":false,"template":"","format":"standard","meta":{"footnotes":""},"categories":[97],"tags":[252,953,116,8,9],"acf":[],"yoast_head":"<!-- This site is optimized with the Yoast SEO plugin v23.0 - https:\/\/yoast.com\/wordpress\/plugins\/seo\/ -->\n<title>Prefeitura de Manaus oferece 25 vagas para o curso Empretec<\/title>\n<meta name=\"description\" content=\"A Prefeitura de Manaus, por meio da Secretaria Municipal do Trabalho, Empreendedorismo e Inova\u00e7\u00e3o (Semtepi), abre, nesta ter\u00e7a-feira, 5\/8, as inscri\u00e7\u00f5es para 25 vagas no curso de capacita\u00e7\u00e3o empreendedora, o Empretec.\" \/>\n<meta name=\"robots\" content=\"noindex, follow\" \/>\n<meta property=\"og:locale\" content=\"pt_BR\" \/>\n<meta property=\"og:type\" content=\"article\" \/>\n<meta property=\"og:title\" content=\"Prefeitura de Manaus oferece 25 vagas para o curso Empretec\" \/>\n<meta property=\"og:description\" content=\"A Prefeitura de Manaus, por meio da Secretaria Municipal do Trabalho, Empreendedorismo e Inova\u00e7\u00e3o (Semtepi), abre, nesta ter\u00e7a-feira, 5\/8, as inscri\u00e7\u00f5es para 25 vagas no curso de capacita\u00e7\u00e3o empreendedora, o Empretec.\" \/>\n<meta property=\"og:url\" content=\"https:\/\/www.manaus.am.gov.br\/semtepi\/inscricoes\/prefeitura-semtepi-curso-empretec\/\" \/>\n<meta property=\"og:site_name\" content=\"SEMTEPI\" \/>\n<meta property=\"article:published_time\" content=\"2025-08-04T14:10:37+00:00\" \/>\n<meta property=\"article:modified_time\" content=\"2025-08-04T14:10:38+00:00\" \/>\n<meta property=\"og:image\" content=\"https:\/\/www.manaus.am.gov.br\/semtepi\/wp-content\/uploads\/sites\/20\/2025\/08\/WhatsApp-Image-2025-02-04-at-10.25.46-2.jpeg\" \/>\n\t<meta property=\"og:image:width\" content=\"4160\" \/>\n\t<meta property=\"og:image:height\" content=\"2774\" \/>\n\t<meta property=\"og:image:type\" content=\"image\/jpeg\" \/>\n<meta name=\"author\" content=\"Adriana Costa\" \/>\n<meta name=\"twitter:card\" content=\"summary_large_image\" \/>\n<meta name=\"twitter:label1\" content=\"Written by\" \/>\n\t<meta name=\"twitter:data1\" content=\"Adriana Costa\" \/>\n\t<meta name=\"twitter:label2\" content=\"Est. reading time\" \/>\n\t<meta name=\"twitter:data2\" content=\"2 minutos\" \/>\n<script type=\"application\/ld+json\" class=\"yoast-schema-graph\">{\"@context\":\"https:\/\/schema.org\",\"@graph\":[{\"@type\":\"Article\",\"@id\":\"https:\/\/www.manaus.am.gov.br\/semtepi\/inscricoes\/prefeitura-semtepi-curso-empretec\/#article\",\"isPartOf\":{\"@id\":\"https:\/\/www.manaus.am.gov.br\/semtepi\/inscricoes\/prefeitura-semtepi-curso-empretec\/\"},\"author\":{\"name\":\"Adriana Costa\",\"@id\":\"https:\/\/www.manaus.am.gov.br\/semtepi\/#\/schema\/person\/4e49f4e267757a06ca072ec61b2b9968\"},\"headline\":\"Prefeitura de Manaus oferece 25 vagas para o curso Empretec\",\"datePublished\":\"2025-08-04T14:10:37+00:00\",\"dateModified\":\"2025-08-04T14:10:38+00:00\",\"mainEntityOfPage\":{\"@id\":\"https:\/\/www.manaus.am.gov.br\/semtepi\/inscricoes\/prefeitura-semtepi-curso-empretec\/\"},\"wordCount\":339,\"publisher\":{\"@id\":\"https:\/\/www.manaus.am.gov.br\/semtepi\/#organization\"},\"image\":{\"@id\":\"https:\/\/www.manaus.am.gov.br\/semtepi\/inscricoes\/prefeitura-semtepi-curso-empretec\/#primaryimage\"},\"thumbnailUrl\":\"https:\/\/www.manaus.am.gov.br\/semtepi\/wp-content\/uploads\/sites\/20\/2025\/08\/WhatsApp-Image-2025-02-04-at-10.25.46-2.jpeg\",\"keywords\":[\"curso\",\"Empretec\",\"inscri\u00e7\u00f5es\",\"prefeitura de manaus\",\"Semtepi\"],\"articleSection\":[\"Inscri\u00e7\u00f5es\"],\"inLanguage\":\"pt-BR\"},{\"@type\":\"WebPage\",\"@id\":\"https:\/\/www.manaus.am.gov.br\/semtepi\/inscricoes\/prefeitura-semtepi-curso-empretec\/\",\"url\":\"https:\/\/www.manaus.am.gov.br\/semtepi\/inscricoes\/prefeitura-semtepi-curso-empretec\/\",\"name\":\"Prefeitura de Manaus oferece 25 vagas para o curso Empretec\",\"isPartOf\":{\"@id\":\"https:\/\/www.manaus.am.gov.br\/semtepi\/#website\"},\"primaryImageOfPage\":{\"@id\":\"https:\/\/www.manaus.am.gov.br\/semtepi\/inscricoes\/prefeitura-semtepi-curso-empretec\/#primaryimage\"},\"image\":{\"@id\":\"https:\/\/www.manaus.am.gov.br\/semtepi\/inscricoes\/prefeitura-semtepi-curso-empretec\/#primaryimage\"},\"thumbnailUrl\":\"https:\/\/www.manaus.am.gov.br\/semtepi\/wp-content\/uploads\/sites\/20\/2025\/08\/WhatsApp-Image-2025-02-04-at-10.25.46-2.jpeg\",\"datePublished\":\"2025-08-04T14:10:37+00:00\",\"dateModified\":\"2025-08-04T14:10:38+00:00\",\"description\":\"A Prefeitura de Manaus, por meio da Secretaria Municipal do Trabalho, Empreendedorismo e Inova\u00e7\u00e3o (Semtepi), abre, nesta ter\u00e7a-feira, 5\/8, as inscri\u00e7\u00f5es para 25 vagas no curso de capacita\u00e7\u00e3o empreendedora, o Empretec.\",\"breadcrumb\":{\"@id\":\"https:\/\/www.manaus.am.gov.br\/semtepi\/inscricoes\/prefeitura-semtepi-curso-empretec\/#breadcrumb\"},\"inLanguage\":\"pt-BR\",\"potentialAction\":[{\"@type\":\"ReadAction\",\"target\":[\"https:\/\/www.manaus.am.gov.br\/semtepi\/inscricoes\/prefeitura-semtepi-curso-empretec\/\"]}]},{\"@type\":\"ImageObject\",\"inLanguage\":\"pt-BR\",\"@id\":\"https:\/\/www.manaus.am.gov.br\/semtepi\/inscricoes\/prefeitura-semtepi-curso-empretec\/#primaryimage\",\"url\":\"https:\/\/www.manaus.am.gov.br\/semtepi\/wp-content\/uploads\/sites\/20\/2025\/08\/WhatsApp-Image-2025-02-04-at-10.25.46-2.jpeg\",\"contentUrl\":\"https:\/\/www.manaus.am.gov.br\/semtepi\/wp-content\/uploads\/sites\/20\/2025\/08\/WhatsApp-Image-2025-02-04-at-10.25.46-2.jpeg\",\"width\":4160,\"height\":2774},{\"@type\":\"BreadcrumbList\",\"@id\":\"https:\/\/www.manaus.am.gov.br\/semtepi\/inscricoes\/prefeitura-semtepi-curso-empretec\/#breadcrumb\",\"itemListElement\":[{\"@type\":\"ListItem\",\"position\":1,\"name\":\"Home\",\"item\":\"https:\/\/www.manaus.am.gov.br\/semtepi\/\"},{\"@type\":\"ListItem\",\"position\":2,\"name\":\"Prefeitura de Manaus oferece 25 vagas para o curso Empretec\"}]},{\"@type\":\"WebSite\",\"@id\":\"https:\/\/www.manaus.am.gov.br\/semtepi\/#website\",\"url\":\"https:\/\/www.manaus.am.gov.br\/semtepi\/\",\"name\":\"SEMTEPI\",\"description\":\"Prefeitura de Manaus\",\"publisher\":{\"@id\":\"https:\/\/www.manaus.am.gov.br\/semtepi\/#organization\"},\"alternateName\":\"Secretaria Municipal do Trabalho, Empreendedorismo e Inova\u00e7\u00e3o\",\"potentialAction\":[{\"@type\":\"SearchAction\",\"target\":{\"@type\":\"EntryPoint\",\"urlTemplate\":\"https:\/\/www.manaus.am.gov.br\/semtepi\/?s={search_term_string}\"},\"query-input\":\"required name=search_term_string\"}],\"inLanguage\":\"pt-BR\"},{\"@type\":\"Organization\",\"@id\":\"https:\/\/www.manaus.am.gov.br\/semtepi\/#organization\",\"name\":\"Prefeitura Municipal de Manaus\",\"alternateName\":\"Prefeitura de Manaus\",\"url\":\"https:\/\/www.manaus.am.gov.br\/semtepi\/\",\"logo\":{\"@type\":\"ImageObject\",\"inLanguage\":\"pt-BR\",\"@id\":\"https:\/\/www.manaus.am.gov.br\/semtepi\/#\/schema\/logo\/image\/\",\"url\":\"https:\/\/www.manaus.am.gov.br\/semtepi\/wp-content\/uploads\/sites\/20\/2024\/07\/favicon.png\",\"contentUrl\":\"https:\/\/www.manaus.am.gov.br\/semtepi\/wp-content\/uploads\/sites\/20\/2024\/07\/favicon.png\",\"width\":300,\"height\":300,\"caption\":\"Prefeitura Municipal de Manaus\"},\"image\":{\"@id\":\"https:\/\/www.manaus.am.gov.br\/semtepi\/#\/schema\/logo\/image\/\"}},{\"@type\":\"Person\",\"@id\":\"https:\/\/www.manaus.am.gov.br\/semtepi\/#\/schema\/person\/4e49f4e267757a06ca072ec61b2b9968\",\"name\":\"Adriana Costa\",\"image\":{\"@type\":\"ImageObject\",\"inLanguage\":\"pt-BR\",\"@id\":\"https:\/\/www.manaus.am.gov.br\/semtepi\/#\/schema\/person\/image\/\",\"url\":\"https:\/\/secure.gravatar.com\/avatar\/576258617ef7194f718179e766d57bd4?s=96&d=mm&r=g\",\"contentUrl\":\"https:\/\/secure.gravatar.com\/avatar\/576258617ef7194f718179e766d57bd4?s=96&d=mm&r=g\",\"caption\":\"Adriana Costa\"}}]}<\/script>\n<!-- \/ Yoast SEO plugin. -->","yoast_head_json":{"title":"Prefeitura de Manaus oferece 25 vagas para o curso Empretec","description":"A Prefeitura de Manaus, por meio da Secretaria Municipal do Trabalho, Empreendedorismo e Inova\u00e7\u00e3o (Semtepi), abre, nesta ter\u00e7a-feira, 5\/8, as inscri\u00e7\u00f5es para 25 vagas no curso de capacita\u00e7\u00e3o empreendedora, o Empretec.","robots":{"index":"noindex","follow":"follow"},"og_locale":"pt_BR","og_type":"article","og_title":"Prefeitura de Manaus oferece 25 vagas para o curso Empretec","og_description":"A Prefeitura de Manaus, por meio da Secretaria Municipal do Trabalho, Empreendedorismo e Inova\u00e7\u00e3o (Semtepi), abre, nesta ter\u00e7a-feira, 5\/8, as inscri\u00e7\u00f5es para 25 vagas no curso de capacita\u00e7\u00e3o empreendedora, o Empretec.","og_url":"https:\/\/www.manaus.am.gov.br\/semtepi\/inscricoes\/prefeitura-semtepi-curso-empretec\/","og_site_name":"SEMTEPI","article_published_time":"2025-08-04T14:10:37+00:00","article_modified_time":"2025-08-04T14:10:38+00:00","og_image":[{"width":4160,"height":2774,"url":"https:\/\/www.manaus.am.gov.br\/semtepi\/wp-content\/uploads\/sites\/20\/2025\/08\/WhatsApp-Image-2025-02-04-at-10.25.46-2.jpeg","type":"image\/jpeg"}],"author":"Adriana Costa","twitter_card":"summary_large_image","twitter_misc":{"Written by":"Adriana Costa","Est. reading time":"2 minutos"},"schema":{"@context":"https:\/\/schema.org","@graph":[{"@type":"Article","@id":"https:\/\/www.manaus.am.gov.br\/semtepi\/inscricoes\/prefeitura-semtepi-curso-empretec\/#article","isPartOf":{"@id":"https:\/\/www.manaus.am.gov.br\/semtepi\/inscricoes\/prefeitura-semtepi-curso-empretec\/"},"author":{"name":"Adriana Costa","@id":"https:\/\/www.manaus.am.gov.br\/semtepi\/#\/schema\/person\/4e49f4e267757a06ca072ec61b2b9968"},"headline":"Prefeitura de Manaus oferece 25 vagas para o curso Empretec","datePublished":"2025-08-04T14:10:37+00:00","dateModified":"2025-08-04T14:10:38+00:00","mainEntityOfPage":{"@id":"https:\/\/www.manaus.am.gov.br\/semtepi\/inscricoes\/prefeitura-semtepi-curso-empretec\/"},"wordCount":339,"publisher":{"@id":"https:\/\/www.manaus.am.gov.br\/semtepi\/#organization"},"image":{"@id":"https:\/\/www.manaus.am.gov.br\/semtepi\/inscricoes\/prefeitura-semtepi-curso-empretec\/#primaryimage"},"thumbnailUrl":"https:\/\/www.manaus.am.gov.br\/semtepi\/wp-content\/uploads\/sites\/20\/2025\/08\/WhatsApp-Image-2025-02-04-at-10.25.46-2.jpeg","keywords":["curso","Empretec","inscri\u00e7\u00f5es","prefeitura de manaus","Semtepi"],"articleSection":["Inscri\u00e7\u00f5es"],"inLanguage":"pt-BR"},{"@type":"WebPage","@id":"https:\/\/www.manaus.am.gov.br\/semtepi\/inscricoes\/prefeitura-semtepi-curso-empretec\/","url":"https:\/\/www.manaus.am.gov.br\/semtepi\/inscricoes\/prefeitura-semtepi-curso-empretec\/","name":"Prefeitura de Manaus oferece 25 vagas para o curso Empretec","isPartOf":{"@id":"https:\/\/www.manaus.am.gov.br\/semtepi\/#website"},"primaryImageOfPage":{"@id":"https:\/\/www.manaus.am.gov.br\/semtepi\/inscricoes\/prefeitura-semtepi-curso-empretec\/#primaryimage"},"image":{"@id":"https:\/\/www.manaus.am.gov.br\/semtepi\/inscricoes\/prefeitura-semtepi-curso-empretec\/#primaryimage"},"thumbnailUrl":"https:\/\/www.manaus.am.gov.br\/semtepi\/wp-content\/uploads\/sites\/20\/2025\/08\/WhatsApp-Image-2025-02-04-at-10.25.46-2.jpeg","datePublished":"2025-08-04T14:10:37+00:00","dateModified":"2025-08-04T14:10:38+00:00","description":"A Prefeitura de Manaus, por meio da Secretaria Municipal do Trabalho, Empreendedorismo e Inova\u00e7\u00e3o (Semtepi), abre, nesta ter\u00e7a-feira, 5\/8, as inscri\u00e7\u00f5es para 25 vagas no curso de capacita\u00e7\u00e3o empreendedora, o Empretec.","breadcrumb":{"@id":"https:\/\/www.manaus.am.gov.br\/semtepi\/inscricoes\/prefeitura-semtepi-curso-empretec\/#breadcrumb"},"inLanguage":"pt-BR","potentialAction":[{"@type":"ReadAction","target":["https:\/\/www.manaus.am.gov.br\/semtepi\/inscricoes\/prefeitura-semtepi-curso-empretec\/"]}]},{"@type":"ImageObject","inLanguage":"pt-BR","@id":"https:\/\/www.manaus.am.gov.br\/semtepi\/inscricoes\/prefeitura-semtepi-curso-empretec\/#primaryimage","url":"https:\/\/www.manaus.am.gov.br\/semtepi\/wp-content\/uploads\/sites\/20\/2025\/08\/WhatsApp-Image-2025-02-04-at-10.25.46-2.jpeg","contentUrl":"https:\/\/www.manaus.am.gov.br\/semtepi\/wp-content\/uploads\/sites\/20\/2025\/08\/WhatsApp-Image-2025-02-04-at-10.25.46-2.jpeg","width":4160,"height":2774},{"@type":"BreadcrumbList","@id":"https:\/\/www.manaus.am.gov.br\/semtepi\/inscricoes\/prefeitura-semtepi-curso-empretec\/#breadcrumb","itemListElement":[{"@type":"ListItem","position":1,"name":"Home","item":"https:\/\/www.manaus.am.gov.br\/semtepi\/"},{"@type":"ListItem","position":2,"name":"Prefeitura de Manaus oferece 25 vagas para o curso Empretec"}]},{"@type":"WebSite","@id":"https:\/\/www.manaus.am.gov.br\/semtepi\/#website","url":"https:\/\/www.manaus.am.gov.br\/semtepi\/","name":"SEMTEPI","description":"Prefeitura de Manaus","publisher":{"@id":"https:\/\/www.manaus.am.gov.br\/semtepi\/#organization"},"alternateName":"Secretaria Municipal do Trabalho, Empreendedorismo e Inova\u00e7\u00e3o","potentialAction":[{"@type":"SearchAction","target":{"@type":"EntryPoint","urlTemplate":"https:\/\/www.manaus.am.gov.br\/semtepi\/?s={search_term_string}"},"query-input":"required name=search_term_string"}],"inLanguage":"pt-BR"},{"@type":"Organization","@id":"https:\/\/www.manaus.am.gov.br\/semtepi\/#organization","name":"Prefeitura Municipal de Manaus","alternateName":"Prefeitura de Manaus","url":"https:\/\/www.manaus.am.gov.br\/semtepi\/","logo":{"@type":"ImageObject","inLanguage":"pt-BR","@id":"https:\/\/www.manaus.am.gov.br\/semtepi\/#\/schema\/logo\/image\/","url":"https:\/\/www.manaus.am.gov.br\/semtepi\/wp-content\/uploads\/sites\/20\/2024\/07\/favicon.png","contentUrl":"https:\/\/www.manaus.am.gov.br\/semtepi\/wp-content\/uploads\/sites\/20\/2024\/07\/favicon.png","width":300,"height":300,"caption":"Prefeitura Municipal de Manaus"},"image":{"@id":"https:\/\/www.manaus.am.gov.br\/semtepi\/#\/schema\/logo\/image\/"}},{"@type":"Person","@id":"https:\/\/www.manaus.am.gov.br\/semtepi\/#\/schema\/person\/4e49f4e267757a06ca072ec61b2b9968","name":"Adriana Costa","image":{"@type":"ImageObject","inLanguage":"pt-BR","@id":"https:\/\/www.manaus.am.gov.br\/semtepi\/#\/schema\/person\/image\/","url":"https:\/\/secure.gravatar.com\/avatar\/576258617ef7194f718179e766d57bd4?s=96&d=mm&r=g","contentUrl":"https:\/\/secure.gravatar.com\/avatar\/576258617ef7194f718179e766d57bd4?s=96&d=mm&r=g","caption":"Adriana Costa"}}]}},"_links":{"self":[{"href":"https:\/\/www.manaus.am.gov.br\/semtepi\/wp-json\/wp\/v2\/posts\/6755"}],"collection":[{"href":"https:\/\/www.manaus.am.gov.br\/semtepi\/wp-json\/wp\/v2\/posts"}],"about":[{"href":"https:\/\/www.manaus.am.gov.br\/semtepi\/wp-json\/wp\/v2\/types\/post"}],"author":[{"embeddable":true,"href":"https:\/\/www.manaus.am.gov.br\/semtepi\/wp-json\/wp\/v2\/users\/23"}],"replies":[{"embeddable":true,"href":"https:\/\/www.manaus.am.gov.br\/semtepi\/wp-json\/wp\/v2\/comments?post=6755"}],"version-history":[{"count":0,"href":"https:\/\/www.manaus.am.gov.br\/semtepi\/wp-json\/wp\/v2\/posts\/6755\/revisions"}],"wp:featuredmedia":[{"embeddable":true,"href":"https:\/\/www.manaus.am.gov.br\/semtepi\/wp-json\/wp\/v2\/media\/6756"}],"wp:attachment":[{"href":"https:\/\/www.manaus.am.gov.br\/semtepi\/wp-json\/wp\/v2\/media?parent=6755"}],"wp:term":[{"taxonomy":"category","embeddable":true,"href":"https:\/\/www.manaus.am.gov.br\/semtepi\/wp-json\/wp\/v2\/categories?post=6755"},{"taxonomy":"post_tag","embeddable":true,"href":"https:\/\/www.manaus.am.gov.br\/semtepi\/wp-json\/wp\/v2\/tags?post=6755"}],"curies":[{"name":"wp","href":"https:\/\/api.w.org\/{rel}","templated":true}]}}