{"id":6748,"date":"2025-08-01T16:26:50","date_gmt":"2025-08-01T20:26:50","guid":{"rendered":"https:\/\/www.manaus.am.gov.br\/semtepi\/sem-categoria\/22a-reuniao-do-cmt\/"},"modified":"2025-08-01T16:26:50","modified_gmt":"2025-08-01T20:26:50","slug":"22a-reuniao-do-cmt","status":"publish","type":"post","link":"https:\/\/www.manaus.am.gov.br\/semtepi\/reuniao\/22a-reuniao-do-cmt\/","title":{"rendered":"Prefeitura de Manaus participa da 22\u00aa reuni\u00e3o do Conselho Municipal do Trabalho discutindo plano de a\u00e7\u00e3o no setor"},"content":{"rendered":"\n<p>A Prefeitura de Manaus participou, nesta quinta-feira, 31\/7, da 22\u00aa reuni\u00e3o do Conselho Municipal do Trabalho (CMT), no Casar\u00e3o da Inova\u00e7\u00e3o Cassina, no centro hist\u00f3rico da cidade. O encontro abordou temas cruciais para o mercado de trabalho local, com destaque para o Plano de A\u00e7\u00f5es e Servi\u00e7os (PAS) 2025 e a capacita\u00e7\u00e3o dos conselheiros.<\/p>\n\n\n\n<p>Durante a reuni\u00e3o, foi discutida a aloca\u00e7\u00e3o de recursos federais para o Sistema Nacional de Emprego (Sine) Municipal. Um despacho publicado no Di\u00e1rio Oficial da Uni\u00e3o, em 22 de julho deste ano, revelou a distribui\u00e7\u00e3o de verbas, com o Sine de Manaus sendo contemplado com R$ 377.153,00 para o Bloco de Gest\u00e3o e Manuten\u00e7\u00e3o da Rede de Unidades. Os planos de a\u00e7\u00e3o e servi\u00e7os devem ser enviados at\u00e9 15\/8, conforme o modelo estabelecido na Portaria SPPE 8057\/2019.<\/p>\n\n\n\n<p>Representando a Prefeitura de Manaus, o secret\u00e1rio-executivo do CMT e diretor do Sine Manaus, Pedro Lima, destacou a import\u00e2ncia do encontro para o debate de melhorias para as a\u00e7\u00f5es de empregabilidade em Manaus.&nbsp;Ainda segundo ele, al\u00e9m de tratar sobre os recursos que ser\u00e3o destinados \u00e0 Manaus, a pauta da reuni\u00e3o incluiu a qualifica\u00e7\u00e3o dos conselheiros do Trabalho, Emprego e Renda (Cter).<\/p>\n\n\n\n<p>\u201cO Minist\u00e9rio do Trabalho e Emprego (MTE), em parceria com o Departamento Intersindical de Estat\u00edstica e Estudos Socioecon\u00f4micos (Dieese), promover\u00e1 um curso de capacita\u00e7\u00e3o na modalidade Ensino a Dist\u00e2ncia (EaD) s\u00edncrona, com aulas ao vivo. Os conselheiros de Manaus foram alocados para a turma 1, que ocorrer\u00e1 de 1\u00ba\/9 a 17\/11 de 2025\u201d, ressaltou Pedro.<\/p>\n\n\n\n<p>Estiveram presentes na reuni\u00e3o o presidente do CMT, Marcos Anderson Pinheiro Nogueira, representante da Federa\u00e7\u00e3o da Agricultura e Pecu\u00e1ria do Estado do Amazonas (Faea), al\u00e9m de Samantha Oliveira Gomes da Silva Ch\u00edxaro e Arthur Gomes Benayon, da Secretaria de Desenvolvimento Econ\u00f4mico, Ci\u00eancia, Tecnologia e Inova\u00e7\u00e3o (Sedecti); e a superintendente regional do Trabalho e Emprego no Amazonas (SRTE\/AM), Maria Francinete Correia de Lima, acompanhada de Carlos Ara\u00fajo Ferreira.<\/p>\n\n\n\n<p>Tamb\u00e9m participaram os representantes dos trabalhadores, como Waldir de Azevedo Guimar\u00e3es (CUT), Benedito Marques de Oliveira e Cezar Iliano Matos do Nascimento (UGT), al\u00e9m de Ted Kleber Lima Holanda (For\u00e7a Sindical). Representando os empregadores, estiveram presentes Cristiane Patr\u00edcia Mello Vieira Xavier Bezerra (Fieam) e Ray Rodrigues de Lima (Femicro).<\/p>\n\n\n\n<figure class=\"wp-block-image size-large\"><img loading=\"lazy\" decoding=\"async\" width=\"1024\" height=\"768\" src=\"https:\/\/www.manaus.am.gov.br\/semtepi\/wp-content\/uploads\/sites\/20\/2025\/08\/1aba070d-23fd-450e-9beb-0a1f93dcf041-1024x768.jpeg\" alt=\"\" class=\"wp-image-6750\" srcset=\"https:\/\/www.manaus.am.gov.br\/semtepi\/wp-content\/uploads\/sites\/20\/2025\/08\/1aba070d-23fd-450e-9beb-0a1f93dcf041-1024x768.jpeg 1024w, https:\/\/www.manaus.am.gov.br\/semtepi\/wp-content\/uploads\/sites\/20\/2025\/08\/1aba070d-23fd-450e-9beb-0a1f93dcf041-300x225.jpeg 300w, https:\/\/www.manaus.am.gov.br\/semtepi\/wp-content\/uploads\/sites\/20\/2025\/08\/1aba070d-23fd-450e-9beb-0a1f93dcf041-768x576.jpeg 768w, https:\/\/www.manaus.am.gov.br\/semtepi\/wp-content\/uploads\/sites\/20\/2025\/08\/1aba070d-23fd-450e-9beb-0a1f93dcf041-1536x1152.jpeg 1536w, https:\/\/www.manaus.am.gov.br\/semtepi\/wp-content\/uploads\/sites\/20\/2025\/08\/1aba070d-23fd-450e-9beb-0a1f93dcf041.jpeg 1600w\" sizes=\"(max-width: 1024px) 100vw, 1024px\" \/><\/figure>\n\n\n\n<p>&#8212; &#8212; &#8212;<\/p>\n\n\n\n<p><strong>Texto <\/strong>&#8211; Asafe Augusto\/Semtepi<\/p>\n\n\n\n<p><strong>Fotos <\/strong>&#8211; Divulga\u00e7\u00e3o\/Semtepi<\/p>\n","protected":false},"excerpt":{"rendered":"","protected":false},"author":39,"featured_media":6749,"comment_status":"closed","ping_status":"closed","sticky":false,"template":"","format":"standard","meta":{"footnotes":""},"categories":[418],"tags":[1473,8,9],"acf":[],"yoast_head":"<!-- This site is optimized with the Yoast SEO plugin v23.0 - https:\/\/yoast.com\/wordpress\/plugins\/seo\/ -->\n<title>Prefeitura de Manaus participa da 22\u00aa reuni\u00e3o do CMT<\/title>\n<meta name=\"description\" content=\"Prefeitura de Manaus participa da 22\u00aa reuni\u00e3o do Conselho Municipal do Trabalho discutindo plano de a\u00e7\u00e3o no setor.\" \/>\n<meta name=\"robots\" content=\"noindex, follow\" \/>\n<meta property=\"og:locale\" content=\"pt_BR\" \/>\n<meta property=\"og:type\" content=\"article\" \/>\n<meta property=\"og:title\" content=\"Prefeitura de Manaus participa da 22\u00aa reuni\u00e3o do CMT\" \/>\n<meta property=\"og:description\" content=\"Prefeitura de Manaus participa da 22\u00aa reuni\u00e3o do Conselho Municipal do Trabalho discutindo plano de a\u00e7\u00e3o no setor.\" \/>\n<meta property=\"og:url\" content=\"https:\/\/www.manaus.am.gov.br\/semtepi\/reuniao\/22a-reuniao-do-cmt\/\" \/>\n<meta property=\"og:site_name\" content=\"SEMTEPI\" \/>\n<meta property=\"article:published_time\" content=\"2025-08-01T20:26:50+00:00\" \/>\n<meta property=\"og:image\" content=\"https:\/\/www.manaus.am.gov.br\/semtepi\/wp-content\/uploads\/sites\/20\/2025\/08\/7673f8c4-dec4-4d92-bc8d-ea24b0b08777.jpeg\" \/>\n\t<meta property=\"og:image:width\" content=\"1600\" \/>\n\t<meta property=\"og:image:height\" content=\"1200\" \/>\n\t<meta property=\"og:image:type\" content=\"image\/jpeg\" \/>\n<meta name=\"author\" content=\"Bruna Greco\" \/>\n<meta name=\"twitter:card\" content=\"summary_large_image\" \/>\n<meta name=\"twitter:label1\" content=\"Written by\" \/>\n\t<meta name=\"twitter:data1\" content=\"Bruna Greco\" \/>\n\t<meta name=\"twitter:label2\" content=\"Est. reading time\" \/>\n\t<meta name=\"twitter:data2\" content=\"3 minutos\" \/>\n<script type=\"application\/ld+json\" class=\"yoast-schema-graph\">{\"@context\":\"https:\/\/schema.org\",\"@graph\":[{\"@type\":\"Article\",\"@id\":\"https:\/\/www.manaus.am.gov.br\/semtepi\/reuniao\/22a-reuniao-do-cmt\/#article\",\"isPartOf\":{\"@id\":\"https:\/\/www.manaus.am.gov.br\/semtepi\/reuniao\/22a-reuniao-do-cmt\/\"},\"author\":{\"name\":\"Bruna Greco\",\"@id\":\"https:\/\/www.manaus.am.gov.br\/semtepi\/#\/schema\/person\/05d223aea2bf115f9883a6ff3683d81b\"},\"headline\":\"Prefeitura de Manaus participa da 22\u00aa reuni\u00e3o do Conselho Municipal do Trabalho discutindo plano de a\u00e7\u00e3o no setor\",\"datePublished\":\"2025-08-01T20:26:50+00:00\",\"dateModified\":\"2025-08-01T20:26:50+00:00\",\"mainEntityOfPage\":{\"@id\":\"https:\/\/www.manaus.am.gov.br\/semtepi\/reuniao\/22a-reuniao-do-cmt\/\"},\"wordCount\":429,\"publisher\":{\"@id\":\"https:\/\/www.manaus.am.gov.br\/semtepi\/#organization\"},\"image\":{\"@id\":\"https:\/\/www.manaus.am.gov.br\/semtepi\/reuniao\/22a-reuniao-do-cmt\/#primaryimage\"},\"thumbnailUrl\":\"https:\/\/www.manaus.am.gov.br\/semtepi\/wp-content\/uploads\/sites\/20\/2025\/08\/7673f8c4-dec4-4d92-bc8d-ea24b0b08777.jpeg\",\"keywords\":[\"plano de a\u00e7\u00e3o no Setor\",\"prefeitura de manaus\",\"Semtepi\"],\"articleSection\":[\"Reuni\u00e3o\"],\"inLanguage\":\"pt-BR\"},{\"@type\":\"WebPage\",\"@id\":\"https:\/\/www.manaus.am.gov.br\/semtepi\/reuniao\/22a-reuniao-do-cmt\/\",\"url\":\"https:\/\/www.manaus.am.gov.br\/semtepi\/reuniao\/22a-reuniao-do-cmt\/\",\"name\":\"Prefeitura de Manaus participa da 22\u00aa reuni\u00e3o do CMT\",\"isPartOf\":{\"@id\":\"https:\/\/www.manaus.am.gov.br\/semtepi\/#website\"},\"primaryImageOfPage\":{\"@id\":\"https:\/\/www.manaus.am.gov.br\/semtepi\/reuniao\/22a-reuniao-do-cmt\/#primaryimage\"},\"image\":{\"@id\":\"https:\/\/www.manaus.am.gov.br\/semtepi\/reuniao\/22a-reuniao-do-cmt\/#primaryimage\"},\"thumbnailUrl\":\"https:\/\/www.manaus.am.gov.br\/semtepi\/wp-content\/uploads\/sites\/20\/2025\/08\/7673f8c4-dec4-4d92-bc8d-ea24b0b08777.jpeg\",\"datePublished\":\"2025-08-01T20:26:50+00:00\",\"dateModified\":\"2025-08-01T20:26:50+00:00\",\"description\":\"Prefeitura de Manaus participa da 22\u00aa reuni\u00e3o do Conselho Municipal do Trabalho discutindo plano de a\u00e7\u00e3o no setor.\",\"breadcrumb\":{\"@id\":\"https:\/\/www.manaus.am.gov.br\/semtepi\/reuniao\/22a-reuniao-do-cmt\/#breadcrumb\"},\"inLanguage\":\"pt-BR\",\"potentialAction\":[{\"@type\":\"ReadAction\",\"target\":[\"https:\/\/www.manaus.am.gov.br\/semtepi\/reuniao\/22a-reuniao-do-cmt\/\"]}]},{\"@type\":\"ImageObject\",\"inLanguage\":\"pt-BR\",\"@id\":\"https:\/\/www.manaus.am.gov.br\/semtepi\/reuniao\/22a-reuniao-do-cmt\/#primaryimage\",\"url\":\"https:\/\/www.manaus.am.gov.br\/semtepi\/wp-content\/uploads\/sites\/20\/2025\/08\/7673f8c4-dec4-4d92-bc8d-ea24b0b08777.jpeg\",\"contentUrl\":\"https:\/\/www.manaus.am.gov.br\/semtepi\/wp-content\/uploads\/sites\/20\/2025\/08\/7673f8c4-dec4-4d92-bc8d-ea24b0b08777.jpeg\",\"width\":1600,\"height\":1200,\"caption\":\"#paratodosverem - Representantes da Semtepi e outros \u00f3rg\u00e3os reunidos durante 22\u00aa reuni\u00e3o do Conselho Municipal do Trabalho\"},{\"@type\":\"BreadcrumbList\",\"@id\":\"https:\/\/www.manaus.am.gov.br\/semtepi\/reuniao\/22a-reuniao-do-cmt\/#breadcrumb\",\"itemListElement\":[{\"@type\":\"ListItem\",\"position\":1,\"name\":\"Home\",\"item\":\"https:\/\/www.manaus.am.gov.br\/semtepi\/\"},{\"@type\":\"ListItem\",\"position\":2,\"name\":\"Prefeitura de Manaus participa da 22\u00aa reuni\u00e3o do Conselho Municipal do Trabalho discutindo plano de a\u00e7\u00e3o no setor\"}]},{\"@type\":\"WebSite\",\"@id\":\"https:\/\/www.manaus.am.gov.br\/semtepi\/#website\",\"url\":\"https:\/\/www.manaus.am.gov.br\/semtepi\/\",\"name\":\"SEMTEPI\",\"description\":\"Prefeitura de Manaus\",\"publisher\":{\"@id\":\"https:\/\/www.manaus.am.gov.br\/semtepi\/#organization\"},\"alternateName\":\"Secretaria Municipal do Trabalho, Empreendedorismo e Inova\u00e7\u00e3o\",\"potentialAction\":[{\"@type\":\"SearchAction\",\"target\":{\"@type\":\"EntryPoint\",\"urlTemplate\":\"https:\/\/www.manaus.am.gov.br\/semtepi\/?s={search_term_string}\"},\"query-input\":\"required name=search_term_string\"}],\"inLanguage\":\"pt-BR\"},{\"@type\":\"Organization\",\"@id\":\"https:\/\/www.manaus.am.gov.br\/semtepi\/#organization\",\"name\":\"Prefeitura Municipal de Manaus\",\"alternateName\":\"Prefeitura de Manaus\",\"url\":\"https:\/\/www.manaus.am.gov.br\/semtepi\/\",\"logo\":{\"@type\":\"ImageObject\",\"inLanguage\":\"pt-BR\",\"@id\":\"https:\/\/www.manaus.am.gov.br\/semtepi\/#\/schema\/logo\/image\/\",\"url\":\"https:\/\/www.manaus.am.gov.br\/semtepi\/wp-content\/uploads\/sites\/20\/2024\/07\/favicon.png\",\"contentUrl\":\"https:\/\/www.manaus.am.gov.br\/semtepi\/wp-content\/uploads\/sites\/20\/2024\/07\/favicon.png\",\"width\":300,\"height\":300,\"caption\":\"Prefeitura Municipal de Manaus\"},\"image\":{\"@id\":\"https:\/\/www.manaus.am.gov.br\/semtepi\/#\/schema\/logo\/image\/\"}},{\"@type\":\"Person\",\"@id\":\"https:\/\/www.manaus.am.gov.br\/semtepi\/#\/schema\/person\/05d223aea2bf115f9883a6ff3683d81b\",\"name\":\"Bruna Greco\",\"image\":{\"@type\":\"ImageObject\",\"inLanguage\":\"pt-BR\",\"@id\":\"https:\/\/www.manaus.am.gov.br\/semtepi\/#\/schema\/person\/image\/\",\"url\":\"https:\/\/secure.gravatar.com\/avatar\/9c877d1a6adc2a055330e5c09a8653ce?s=96&d=mm&r=g\",\"contentUrl\":\"https:\/\/secure.gravatar.com\/avatar\/9c877d1a6adc2a055330e5c09a8653ce?s=96&d=mm&r=g\",\"caption\":\"Bruna Greco\"}}]}<\/script>\n<!-- \/ Yoast SEO plugin. -->","yoast_head_json":{"title":"Prefeitura de Manaus participa da 22\u00aa reuni\u00e3o do CMT","description":"Prefeitura de Manaus participa da 22\u00aa reuni\u00e3o do Conselho Municipal do Trabalho discutindo plano de a\u00e7\u00e3o no setor.","robots":{"index":"noindex","follow":"follow"},"og_locale":"pt_BR","og_type":"article","og_title":"Prefeitura de Manaus participa da 22\u00aa reuni\u00e3o do CMT","og_description":"Prefeitura de Manaus participa da 22\u00aa reuni\u00e3o do Conselho Municipal do Trabalho discutindo plano de a\u00e7\u00e3o no setor.","og_url":"https:\/\/www.manaus.am.gov.br\/semtepi\/reuniao\/22a-reuniao-do-cmt\/","og_site_name":"SEMTEPI","article_published_time":"2025-08-01T20:26:50+00:00","og_image":[{"width":1600,"height":1200,"url":"https:\/\/www.manaus.am.gov.br\/semtepi\/wp-content\/uploads\/sites\/20\/2025\/08\/7673f8c4-dec4-4d92-bc8d-ea24b0b08777.jpeg","type":"image\/jpeg"}],"author":"Bruna Greco","twitter_card":"summary_large_image","twitter_misc":{"Written by":"Bruna Greco","Est. reading time":"3 minutos"},"schema":{"@context":"https:\/\/schema.org","@graph":[{"@type":"Article","@id":"https:\/\/www.manaus.am.gov.br\/semtepi\/reuniao\/22a-reuniao-do-cmt\/#article","isPartOf":{"@id":"https:\/\/www.manaus.am.gov.br\/semtepi\/reuniao\/22a-reuniao-do-cmt\/"},"author":{"name":"Bruna Greco","@id":"https:\/\/www.manaus.am.gov.br\/semtepi\/#\/schema\/person\/05d223aea2bf115f9883a6ff3683d81b"},"headline":"Prefeitura de Manaus participa da 22\u00aa reuni\u00e3o do Conselho Municipal do Trabalho discutindo plano de a\u00e7\u00e3o no setor","datePublished":"2025-08-01T20:26:50+00:00","dateModified":"2025-08-01T20:26:50+00:00","mainEntityOfPage":{"@id":"https:\/\/www.manaus.am.gov.br\/semtepi\/reuniao\/22a-reuniao-do-cmt\/"},"wordCount":429,"publisher":{"@id":"https:\/\/www.manaus.am.gov.br\/semtepi\/#organization"},"image":{"@id":"https:\/\/www.manaus.am.gov.br\/semtepi\/reuniao\/22a-reuniao-do-cmt\/#primaryimage"},"thumbnailUrl":"https:\/\/www.manaus.am.gov.br\/semtepi\/wp-content\/uploads\/sites\/20\/2025\/08\/7673f8c4-dec4-4d92-bc8d-ea24b0b08777.jpeg","keywords":["plano de a\u00e7\u00e3o no Setor","prefeitura de manaus","Semtepi"],"articleSection":["Reuni\u00e3o"],"inLanguage":"pt-BR"},{"@type":"WebPage","@id":"https:\/\/www.manaus.am.gov.br\/semtepi\/reuniao\/22a-reuniao-do-cmt\/","url":"https:\/\/www.manaus.am.gov.br\/semtepi\/reuniao\/22a-reuniao-do-cmt\/","name":"Prefeitura de Manaus participa da 22\u00aa reuni\u00e3o do CMT","isPartOf":{"@id":"https:\/\/www.manaus.am.gov.br\/semtepi\/#website"},"primaryImageOfPage":{"@id":"https:\/\/www.manaus.am.gov.br\/semtepi\/reuniao\/22a-reuniao-do-cmt\/#primaryimage"},"image":{"@id":"https:\/\/www.manaus.am.gov.br\/semtepi\/reuniao\/22a-reuniao-do-cmt\/#primaryimage"},"thumbnailUrl":"https:\/\/www.manaus.am.gov.br\/semtepi\/wp-content\/uploads\/sites\/20\/2025\/08\/7673f8c4-dec4-4d92-bc8d-ea24b0b08777.jpeg","datePublished":"2025-08-01T20:26:50+00:00","dateModified":"2025-08-01T20:26:50+00:00","description":"Prefeitura de Manaus participa da 22\u00aa reuni\u00e3o do Conselho Municipal do Trabalho discutindo plano de a\u00e7\u00e3o no setor.","breadcrumb":{"@id":"https:\/\/www.manaus.am.gov.br\/semtepi\/reuniao\/22a-reuniao-do-cmt\/#breadcrumb"},"inLanguage":"pt-BR","potentialAction":[{"@type":"ReadAction","target":["https:\/\/www.manaus.am.gov.br\/semtepi\/reuniao\/22a-reuniao-do-cmt\/"]}]},{"@type":"ImageObject","inLanguage":"pt-BR","@id":"https:\/\/www.manaus.am.gov.br\/semtepi\/reuniao\/22a-reuniao-do-cmt\/#primaryimage","url":"https:\/\/www.manaus.am.gov.br\/semtepi\/wp-content\/uploads\/sites\/20\/2025\/08\/7673f8c4-dec4-4d92-bc8d-ea24b0b08777.jpeg","contentUrl":"https:\/\/www.manaus.am.gov.br\/semtepi\/wp-content\/uploads\/sites\/20\/2025\/08\/7673f8c4-dec4-4d92-bc8d-ea24b0b08777.jpeg","width":1600,"height":1200,"caption":"#paratodosverem - Representantes da Semtepi e outros \u00f3rg\u00e3os reunidos durante 22\u00aa reuni\u00e3o do Conselho Municipal do Trabalho"},{"@type":"BreadcrumbList","@id":"https:\/\/www.manaus.am.gov.br\/semtepi\/reuniao\/22a-reuniao-do-cmt\/#breadcrumb","itemListElement":[{"@type":"ListItem","position":1,"name":"Home","item":"https:\/\/www.manaus.am.gov.br\/semtepi\/"},{"@type":"ListItem","position":2,"name":"Prefeitura de Manaus participa da 22\u00aa reuni\u00e3o do Conselho Municipal do Trabalho discutindo plano de a\u00e7\u00e3o no setor"}]},{"@type":"WebSite","@id":"https:\/\/www.manaus.am.gov.br\/semtepi\/#website","url":"https:\/\/www.manaus.am.gov.br\/semtepi\/","name":"SEMTEPI","description":"Prefeitura de Manaus","publisher":{"@id":"https:\/\/www.manaus.am.gov.br\/semtepi\/#organization"},"alternateName":"Secretaria Municipal do Trabalho, Empreendedorismo e Inova\u00e7\u00e3o","potentialAction":[{"@type":"SearchAction","target":{"@type":"EntryPoint","urlTemplate":"https:\/\/www.manaus.am.gov.br\/semtepi\/?s={search_term_string}"},"query-input":"required name=search_term_string"}],"inLanguage":"pt-BR"},{"@type":"Organization","@id":"https:\/\/www.manaus.am.gov.br\/semtepi\/#organization","name":"Prefeitura Municipal de Manaus","alternateName":"Prefeitura de Manaus","url":"https:\/\/www.manaus.am.gov.br\/semtepi\/","logo":{"@type":"ImageObject","inLanguage":"pt-BR","@id":"https:\/\/www.manaus.am.gov.br\/semtepi\/#\/schema\/logo\/image\/","url":"https:\/\/www.manaus.am.gov.br\/semtepi\/wp-content\/uploads\/sites\/20\/2024\/07\/favicon.png","contentUrl":"https:\/\/www.manaus.am.gov.br\/semtepi\/wp-content\/uploads\/sites\/20\/2024\/07\/favicon.png","width":300,"height":300,"caption":"Prefeitura Municipal de Manaus"},"image":{"@id":"https:\/\/www.manaus.am.gov.br\/semtepi\/#\/schema\/logo\/image\/"}},{"@type":"Person","@id":"https:\/\/www.manaus.am.gov.br\/semtepi\/#\/schema\/person\/05d223aea2bf115f9883a6ff3683d81b","name":"Bruna Greco","image":{"@type":"ImageObject","inLanguage":"pt-BR","@id":"https:\/\/www.manaus.am.gov.br\/semtepi\/#\/schema\/person\/image\/","url":"https:\/\/secure.gravatar.com\/avatar\/9c877d1a6adc2a055330e5c09a8653ce?s=96&d=mm&r=g","contentUrl":"https:\/\/secure.gravatar.com\/avatar\/9c877d1a6adc2a055330e5c09a8653ce?s=96&d=mm&r=g","caption":"Bruna Greco"}}]}},"_links":{"self":[{"href":"https:\/\/www.manaus.am.gov.br\/semtepi\/wp-json\/wp\/v2\/posts\/6748"}],"collection":[{"href":"https:\/\/www.manaus.am.gov.br\/semtepi\/wp-json\/wp\/v2\/posts"}],"about":[{"href":"https:\/\/www.manaus.am.gov.br\/semtepi\/wp-json\/wp\/v2\/types\/post"}],"author":[{"embeddable":true,"href":"https:\/\/www.manaus.am.gov.br\/semtepi\/wp-json\/wp\/v2\/users\/39"}],"replies":[{"embeddable":true,"href":"https:\/\/www.manaus.am.gov.br\/semtepi\/wp-json\/wp\/v2\/comments?post=6748"}],"version-history":[{"count":1,"href":"https:\/\/www.manaus.am.gov.br\/semtepi\/wp-json\/wp\/v2\/posts\/6748\/revisions"}],"predecessor-version":[{"id":6751,"href":"https:\/\/www.manaus.am.gov.br\/semtepi\/wp-json\/wp\/v2\/posts\/6748\/revisions\/6751"}],"wp:featuredmedia":[{"embeddable":true,"href":"https:\/\/www.manaus.am.gov.br\/semtepi\/wp-json\/wp\/v2\/media\/6749"}],"wp:attachment":[{"href":"https:\/\/www.manaus.am.gov.br\/semtepi\/wp-json\/wp\/v2\/media?parent=6748"}],"wp:term":[{"taxonomy":"category","embeddable":true,"href":"https:\/\/www.manaus.am.gov.br\/semtepi\/wp-json\/wp\/v2\/categories?post=6748"},{"taxonomy":"post_tag","embeddable":true,"href":"https:\/\/www.manaus.am.gov.br\/semtepi\/wp-json\/wp\/v2\/tags?post=6748"}],"curies":[{"name":"wp","href":"https:\/\/api.w.org\/{rel}","templated":true}]}}