{"id":6695,"date":"2025-07-30T13:34:22","date_gmt":"2025-07-30T17:34:22","guid":{"rendered":"https:\/\/www.manaus.am.gov.br\/semtepi\/sem-categoria\/sine-manaus-334-vagas-emprego-31-7\/"},"modified":"2025-07-30T13:34:25","modified_gmt":"2025-07-30T17:34:25","slug":"sine-manaus-334-vagas-emprego-31-7","status":"publish","type":"post","link":"https:\/\/www.manaus.am.gov.br\/semtepi\/oportunidade\/sine-manaus-334-vagas-emprego-31-7\/","title":{"rendered":"Sine Manaus oferta 334 vagas de emprego nesta quinta-feira, 31\/7"},"content":{"rendered":"\n<p><a>A Prefeitura de Manaus, por meio do Sine Manaus, oferta 334 vagas de emprego em v\u00e1rias \u00e1reas de atua\u00e7\u00e3o, nesta quinta-feira, 31\/7,&nbsp;das <\/a>8h \u00e0s 14h. O candidato pode validar a Carteira Digital e Previd\u00eancia Social (CTPS) no aplicativo \u201cCarteira de Trabalho Digital\u201d ou acessar o site&nbsp;<a href=\"http:\/\/gov.br\/trabalho\">http:\/\/gov.br\/trabalho<\/a>.<\/p>\n\n\n\n<p>Para participar da pr\u00e9-sele\u00e7\u00e3o e concorrer a uma das vagas dispon\u00edveis, ou receber orienta\u00e7\u00e3o de cadastro, Carteira de Trabalho Digital e seguro-desemprego, os candidatos devem comparecer a um dos postos do Sine Manaus: na avenida Constantino Nery, n\u00ba 1.272, bairro S\u00e3o Geraldo, zona Centro-Sul; ou no shopping Phelippe Daou, na avenida Camapu\u00e3, n\u00ba 2.939, bairro Cidade de Deus, zona Norte.<\/p>\n\n\n\n<p>Os interessados devem estar munidos do comprovante de vacina\u00e7\u00e3o (Covid-19), curr\u00edculo, certificados de cursos e documentos pessoais (RG, CPF, PIS, CTPS, comprovante de escolaridade e resid\u00eancia). N\u00e3o \u00e9 necess\u00e1rio apresentar c\u00f3pias, somente os documentos originais.<\/p>\n\n\n\n<p>\u00c9 importante que os candidatos mantenham seus cadastros atualizados, especialmente ao finalizarem novas qualifica\u00e7\u00f5es. Para vagas espec\u00edficas, podem ser solicitados documentos adicionais, como cursos ou certifica\u00e7\u00f5es, por isso, \u00e9 essencial estar atento aos &#8220;Requisitos Obrigat\u00f3rios&#8221; de cada vaga.<\/p>\n\n\n\n<p>A Semtepi ressalta que, obedecendo ao disposto no artigo 5\u00ba, da Constitui\u00e7\u00e3o Federal, e ao artigo 373-A, da Consolida\u00e7\u00e3o das Leis Trabalhistas (CLT), crit\u00e9rios referentes a sexo, idade, cor ou situa\u00e7\u00e3o familiar, n\u00e3o podem ser informados na divulga\u00e7\u00e3o das vagas disponibilizadas.<\/p>\n\n\n\n<p>Os candidatos devem estar cientes das diretrizes de vestimenta estabelecidas pelo \u00f3rg\u00e3o, as quais incluem a proibi\u00e7\u00e3o de vestimentas como bermudas, shorts, minissaias, camisetas regatas e chinelos durante a entrada.<\/p>\n\n\n\n<p><strong>Vagas Novas &#8211; 61<\/strong><\/p>\n\n\n\n<p><strong>1 vaga &#8211; Auxiliar de Dep\u00f3sito &#8211; Vagas exclusivas para Pessoa com Defici\u00eancia (PcD)<\/strong><\/p>\n\n\n\n<p>Escolaridade &#8211; ensino m\u00e9dio completo;<\/p>\n\n\n\n<p>Experi\u00eancia &#8211; n\u00e3o \u00e9 necess\u00e1rio;<\/p>\n\n\n\n<p>Requisitos Obrigat\u00f3rios &#8211; ter documenta\u00e7\u00e3o completa (com dispensa militar);<\/p>\n\n\n\n<p>Atividades &#8211; embarque e desembarque de mercadorias, etiquetagem, organiza\u00e7\u00e3o do ambiente de trabalho.<\/p>\n\n\n\n<p>Dispon\u00edvel at\u00e9 31\/07\/2025 ou encerramento da vaga.<\/p>\n\n\n\n<p><strong>10 vagas &#8211; Auxiliar de Log\u00edstica<\/strong><\/p>\n\n\n\n<p>Escolaridade &#8211; ensino fundamental completo;<\/p>\n\n\n\n<p>Experi\u00eancia &#8211; tr\u00eas meses na Carteira de Trabalho;<\/p>\n\n\n\n<p>Requisitos Obrigat\u00f3rios &#8211; ter documenta\u00e7\u00e3o completa (com dispensa militar);<\/p>\n\n\n\n<p>Atividades &#8211; movimentar mercadorias entre ve\u00edculos de transporte e \u00e1reas de armazenamento.<\/p>\n\n\n\n<p>Dispon\u00edvel at\u00e9 31\/07\/2025 ou encerramento da vaga.<\/p>\n\n\n\n<p><strong>5 vagas &#8211; Pintor<\/strong><\/p>\n\n\n\n<p>Escolaridade &#8211; ensino fundamental completo;<\/p>\n\n\n\n<p>Experi\u00eancia &#8211; seis meses na Carteira de Trabalho;<\/p>\n\n\n\n<p>Requisitos Obrigat\u00f3rios &#8211; ter documenta\u00e7\u00e3o completa (com dispensa militar);<\/p>\n\n\n\n<p>Atividades &#8211; preparar e aplicar tintas, vernizes e outros revestimentos em superf\u00edcies, tanto em \u00e1reas internas quanto externas de edif\u00edcios e outras obras civis.<\/p>\n\n\n\n<p>Dispon\u00edvel at\u00e9 31\/07\/2025 ou encerramento da vaga.<\/p>\n\n\n\n<p><strong>5 vagas &#8211; Bombeiro Hidr\u00e1ulico<\/strong><\/p>\n\n\n\n<p>Escolaridade &#8211; ensino fundamental completo;<\/p>\n\n\n\n<p>Experi\u00eancia &#8211; seis meses na Carteira de Trabalho;<\/p>\n\n\n\n<p>Requisitos Obrigat\u00f3rios &#8211; ter documenta\u00e7\u00e3o completa (com dispensa militar);<\/p>\n\n\n\n<p>Atividades &#8211; instala\u00e7\u00e3o, manuten\u00e7\u00e3o e reparo de sistemas de \u00e1gua, esgoto e g\u00e1s em edif\u00edcios.<\/p>\n\n\n\n<p>Dispon\u00edvel at\u00e9 31\/07\/2025 ou encerramento da vaga.<\/p>\n\n\n\n<p><strong>1 vaga &#8211; Motorista Entregador<\/strong><\/p>\n\n\n\n<p>Escolaridade &#8211; ensino m\u00e9dio completo;<\/p>\n\n\n\n<p>Experi\u00eancia &#8211; seis meses na Carteira de Trabalho;<\/p>\n\n\n\n<p>Requisitos Obrigat\u00f3rios &#8211; ter Carteira Nacional de Habilita\u00e7\u00e3o categoria \u201cD\u201d e ter documenta\u00e7\u00e3o completa (com dispensa militar);<\/p>\n\n\n\n<p>Atividades &#8211; cumprir plano de roteiriza\u00e7\u00e3o de entrega de produtos, garantindo a entrega no prazo com qualidade e seguran\u00e7a; conferir boletos e nf&#8217;s de pagamento referentes a cada pedido; preencher protocolos de entrega de mercadoria, recolher nos clientes os produtos com avarias; realizar check list di\u00e1rio do ve\u00edculo, mantendo- os em condi\u00e7\u00f5es adequadas de trabalho.<\/p>\n\n\n\n<p>Dispon\u00edvel at\u00e9 31\/07\/2025 ou encerramento da vaga.<\/p>\n\n\n\n<p><strong>1 vaga &#8211; Assistente Financeiro (Autope\u00e7as)<\/strong><\/p>\n\n\n\n<p>Escolaridade &#8211; ensino superior completo em Administra\u00e7\u00e3o ou Contabilidade;<\/p>\n\n\n\n<p>Experi\u00eancia &#8211; seis meses na Carteira de Trabalho;<\/p>\n\n\n\n<p>Requisitos Obrigat\u00f3rios &#8211; ter curso de Inform\u00e1tica avan\u00e7ada e ter documenta\u00e7\u00e3o completa;<\/p>\n\n\n\n<p>Atividades &#8211; preparar relat\u00f3rios e planilhas; emitir notas fiscais; auxiliar na execu\u00e7\u00e3o de atividades financeiras; atividades administrativas em geral.<\/p>\n\n\n\n<p>Dispon\u00edvel at\u00e9 31\/07\/2025 ou encerramento da vaga.<\/p>\n\n\n\n<p><strong>1 vaga &#8211; Auxiliar de Produ\u00e7\u00e3o em Padaria<\/strong><\/p>\n\n\n\n<p>Escolaridade &#8211; ensino m\u00e9dio completo;<\/p>\n\n\n\n<p>Experi\u00eancia &#8211; primeiro emprego ou seis meses na Carteira de Trabalho;<\/p>\n\n\n\n<p>Requisitos Obrigat\u00f3rios &#8211; ter disponibilidade de hor\u00e1rio e ter documenta\u00e7\u00e3o completa (com dispensa militar);<\/p>\n\n\n\n<p>Atividades &#8211; preparar e pesar ingredientes para produ\u00e7\u00e3o de p\u00e3es, bolos e outros produtos de padaria; operar m\u00e1quinas e equipamentos utilizados na produ\u00e7\u00e3o de alimentos: realizar a limpeza e manuten\u00e7\u00e3o de equipamentos e utens\u00edlios utilizados na produ\u00e7\u00e3o; manter a \u00e1rea de produ\u00e7\u00e3o limpa e organizada; realizar outras tarefas relacionadas \u00e0 produ\u00e7\u00e3o de alimentos, conforme necess\u00e1rio.<\/p>\n\n\n\n<p>Dispon\u00edvel at\u00e9 31\/07\/2025 ou encerramento da vaga.<\/p>\n\n\n\n<p><strong>1 vaga &#8211; Auxiliar de Cozinha<\/strong><\/p>\n\n\n\n<p>Escolaridade &#8211; ensino fundamental completo;<\/p>\n\n\n\n<p>Experi\u00eancia &#8211; seis meses na Carteira de Trabalho;<\/p>\n\n\n\n<p>Requisitos Obrigat\u00f3rios &#8211; ter experi\u00eancia em cozinha quente e fria, com sobremesas, disponibilidade de hor\u00e1rio e ter documenta\u00e7\u00e3o completa;<\/p>\n\n\n\n<p>Atividades &#8211; auxiliar nos servi\u00e7os de alimenta\u00e7\u00e3o, ajudar outros profissionais da \u00e1rea no pr\u00e9-preparo, preparo e processamento de alimentos, na montagem de pratos; verificar a qualidade dos g\u00eaneros aliment\u00edcios, minimizar os riscos de contamina\u00e7\u00e3o.<\/p>\n\n\n\n<p>Dispon\u00edvel at\u00e9 31\/07\/2025 ou encerramento da vaga.<\/p>\n\n\n\n<p><strong>1 vaga &#8211; Gar\u00e7om<\/strong><\/p>\n\n\n\n<p>Escolaridade &#8211; ensino fundamental completo;<\/p>\n\n\n\n<p>Experi\u00eancia &#8211; tr\u00eas meses na Carteira de Trabalho;<\/p>\n\n\n\n<p>Requisitos Obrigat\u00f3rios &#8211; ter disponibilidade de hor\u00e1rio e ter documenta\u00e7\u00e3o completa;<\/p>\n\n\n\n<p>Atividades &#8211; acomodar e atender os clientes com cortesia; servir alimentos e bebidas; gerenciar pedidos dos clientes; realizar atividades conforme demanda.<\/p>\n\n\n\n<p>Dispon\u00edvel at\u00e9 31\/07\/2025 ou encerramento da vaga.<\/p>\n\n\n\n<p><strong>1 vaga &#8211; Est\u00e1gio de Gastronomia<\/strong><\/p>\n\n\n\n<p>Escolaridade &#8211; cursando ensino superior em Gastronomia ou \u00e1reas relacionadas;<\/p>\n\n\n\n<p>Experi\u00eancia &#8211; n\u00e3o \u00e9 necess\u00e1rio;<\/p>\n\n\n\n<p>Requisitos Obrigat\u00f3rios &#8211; ter disponibilidade de hor\u00e1rio e ter documenta\u00e7\u00e3o completa;<\/p>\n\n\n\n<p>Atividades &#8211; dar suporte ao chefe de cozinha; realizar atividades relacionadas a \u00e1rea de gastronomia; apoio na higiene e seguran\u00e7a alimentar.<\/p>\n\n\n\n<p>Dispon\u00edvel at\u00e9 31\/07\/2025 ou encerramento da vaga.<\/p>\n\n\n\n<p><strong>1 vaga &#8211; A\u00e7ougueiro<\/strong><\/p>\n\n\n\n<p>Escolaridade &#8211; ensino m\u00e9dio completo;<\/p>\n\n\n\n<p>Experi\u00eancia &#8211; seis meses na Carteira de Trabalho ou avulsa;<\/p>\n\n\n\n<p>Requisitos Obrigat\u00f3rios &#8211; ter no\u00e7\u00f5es de corte e ter documenta\u00e7\u00e3o completa (com dispensa militar);<\/p>\n\n\n\n<p>Atividades &#8211; manusear e armazenar carne de forma segura e higi\u00eanica; cumprir normas de seguran\u00e7a e higiene alimentar.<\/p>\n\n\n\n<p>Dispon\u00edvel at\u00e9 31\/07\/2025 ou encerramento da vaga.<\/p>\n\n\n\n<p><strong>1 vaga &#8211; Vendedor de Autope\u00e7as<\/strong><\/p>\n\n\n\n<p>Escolaridade &#8211; ensino m\u00e9dio completo;<\/p>\n\n\n\n<p>Experi\u00eancia &#8211; seis meses na Carteira de Trabalho;<\/p>\n\n\n\n<p>Requisitos Obrigat\u00f3rios &#8211; ter curso de Inform\u00e1tica b\u00e1sica, conhecimento em autope\u00e7as e ter documenta\u00e7\u00e3o completa;<\/p>\n\n\n\n<p>Atividades &#8211; atendimento ao cliente; indica\u00e7\u00e3o e recomenda\u00e7\u00e3o de pe\u00e7as adequadas; emiss\u00e3o de pedidos e or\u00e7amentos; organiza\u00e7\u00e3o do ambiente de trabalho.<\/p>\n\n\n\n<p>Dispon\u00edvel at\u00e9 31\/07\/2025 ou encerramento da vaga.<\/p>\n\n\n\n<p><strong>1 vaga &#8211; Est\u00e1gio de Atendimento<\/strong><\/p>\n\n\n\n<p>Escolaridade &#8211; cursando ensino superior em Marketing, Administra\u00e7\u00e3o ou \u00e1reas relacionadas;<\/p>\n\n\n\n<p>Experi\u00eancia &#8211; n\u00e3o \u00e9 necess\u00e1rio;<\/p>\n\n\n\n<p>Requisitos Obrigat\u00f3rios &#8211; ter disponibilidade de hor\u00e1rio e ter documenta\u00e7\u00e3o completa;<\/p>\n\n\n\n<p>Atividades &#8211; recepcionar clientes; atendimento online; realizar reservas; criar postagens para engajamento do restaurante.<\/p>\n\n\n\n<p>Dispon\u00edvel at\u00e9 31\/07\/2025 ou encerramento da vaga.<\/p>\n\n\n\n<p><strong>1 vaga &#8211; Conferente de Carga e Descarga<\/strong><\/p>\n\n\n\n<p>Escolaridade &#8211; ensino m\u00e9dio completo;<\/p>\n\n\n\n<p>Experi\u00eancia &#8211; registrada na Carteira de Trabalho;<\/p>\n\n\n\n<p>Requisitos Obrigat\u00f3rios &#8211; ter documenta\u00e7\u00e3o completa (com dispensa militar);<\/p>\n\n\n\n<p>Atividades &#8211; conferir a entrada de materiais, comparando com as ordens e notas fiscais; organizar e controlar o estoque e inspecionar o estado das mercadorias; preparar a documenta\u00e7\u00e3o de sa\u00edda e separar os lotes conforme os clientes ou ordem de retirada, interna e retirar as cargas; aferir peso e medida das cargas, separar e etiquetar as cargas; movimentar as cargas no dep\u00f3sito, cliente e ve\u00edculos; receber e solicitar informa\u00e7\u00f5es, autoriza\u00e7\u00f5es e orienta\u00e7\u00f5es de transporte, embarque e desembarque de mercadorias junto aos clientes e cias a\u00e9reas.<\/p>\n\n\n\n<p>Dispon\u00edvel at\u00e9 31\/07\/2025 ou encerramento da vaga.<\/p>\n\n\n\n<p><strong>1 vaga &#8211; Motorista de Carreta<\/strong><\/p>\n\n\n\n<p>Escolaridade &#8211; ensino m\u00e9dio completo;<\/p>\n\n\n\n<p>Experi\u00eancia &#8211; registrada na Carteira de Trabalho;<\/p>\n\n\n\n<p>Requisitos Obrigat\u00f3rios &#8211; ter Carteira Nacional de Habilita\u00e7\u00e3o categoria \u201cE\u201d, experi\u00eancia no transporte de cargas e ter documenta\u00e7\u00e3o completa (com dispensa militar);<\/p>\n\n\n\n<p>Atividades &#8211; transportar materiais e produtos para diversos itiner\u00e1rios de acordo com as leis de tr\u00e2nsito e normas de seguran\u00e7a, em um conjunto de ve\u00edculos, composto por um cavalo mec\u00e2nico e um ou mais trailers ou carretas; respons\u00e1vel pela perman\u00eancia da documenta\u00e7\u00e3o do ve\u00edculo e pelo acondicionamento e amarra\u00e7\u00e3o das cargas nos ve\u00edculos; elaborar relat\u00f3rios de viagem e rota e fazer confer\u00eancia dos materiais para assegurar a correta entrega e coleta; efetuar a presta\u00e7\u00e3o de contas das despesas efetuadas com o ve\u00edculo, abastecimentos, ped\u00e1gios, taxas de cargas e descargas e demais despesas inerentes a opera\u00e7\u00e3o; zelar pela conserva\u00e7\u00e3o e seguran\u00e7a dos ve\u00edculos, providenciando limpeza, ajustes e pequenos reparos.<\/p>\n\n\n\n<p>Dispon\u00edvel at\u00e9 31\/07\/2025 ou encerramento da vaga.<\/p>\n\n\n\n<p><strong>4 vagas &#8211; Vendedor Interno<\/strong><\/p>\n\n\n\n<p>Escolaridade &#8211; ensino m\u00e9dio completo;<\/p>\n\n\n\n<p>Experi\u00eancia &#8211; seis meses na Carteira de Trabalho;<\/p>\n\n\n\n<p>Requisitos Obrigat\u00f3rios &#8211; ter conhecimento em smartphones; residir na zona Norte ou leste e ter documenta\u00e7\u00e3o completa;<\/p>\n\n\n\n<p>Atividades &#8211; prospec\u00e7\u00e3o de clientes, venda de smartphones e acess\u00f3rios, atendimento ao cliente, atendimento online.<\/p>\n\n\n\n<p>Dispon\u00edvel at\u00e9 31\/07\/2025 ou encerramento da vaga.<\/p>\n\n\n\n<p><strong>1 vaga &#8211; Motorista de Caminh\u00e3o<\/strong><\/p>\n\n\n\n<p>Escolaridade &#8211; ensino m\u00e9dio completo;<\/p>\n\n\n\n<p>Experi\u00eancia &#8211; registrada na Carteira de Trabalho;<\/p>\n\n\n\n<p>Requisitos Obrigat\u00f3rios &#8211; ter Carteira Nacional de Habilita\u00e7\u00e3o categoria \u201cD\u201d e ter documenta\u00e7\u00e3o completa (com dispensa militar);<\/p>\n\n\n\n<p>Atividades &#8211; conduzir os ve\u00edculos automotivos da institui\u00e7\u00e3o, seguindo as solicita\u00e7\u00f5es, mantendo-se informado sobre a agenda de entregas, respeitando as leis nacionais de tr\u00e2nsito e promovendo dire\u00e7\u00e3o defensiva, transporte da equipe de eventos, transporte de equipamentos.<\/p>\n\n\n\n<p>Dispon\u00edvel at\u00e9 31\/07\/2025 ou encerramento da vaga.<\/p>\n\n\n\n<p><strong>10 vagas &#8211; Vendedor Porta a Porta<\/strong><\/p>\n\n\n\n<p>Escolaridade &#8211; ensino m\u00e9dio completo;<\/p>\n\n\n\n<p>Experi\u00eancia &#8211; n\u00e3o \u00e9 necess\u00e1rio;<\/p>\n\n\n\n<p>Requisitos Obrigat\u00f3rios &#8211; ter documenta\u00e7\u00e3o completa;<\/p>\n\n\n\n<p>Atividades &#8211; vender produtos e servi\u00e7os em resid\u00eancias e escrit\u00f3rios; planejar e discutir metas e estrat\u00e9gias de venda; contatar, visitar e entrevistar clientes; demonstrar produtos, avaliar o perfil dos clientes e fechar contratos de vendas.<\/p>\n\n\n\n<p>Dispon\u00edvel at\u00e9 31\/07\/2025 ou encerramento da vaga.<\/p>\n\n\n\n<p><strong>1 vaga &#8211; Arquivista<\/strong><\/p>\n\n\n\n<p>Escolaridade &#8211; ensino superior completo em Arquivologia;<\/p>\n\n\n\n<p>Experi\u00eancia &#8211; registrada na Carteira de Trabalho;<\/p>\n\n\n\n<p>Requisitos Obrigat\u00f3rios &#8211; residir nas proximidades do Distrito e ter documenta\u00e7\u00e3o completa;<\/p>\n\n\n\n<p>Atividades &#8211; respons\u00e1vel pela gest\u00e3o, organiza\u00e7\u00e3o, conserva\u00e7\u00e3o e dissemina\u00e7\u00e3o da informa\u00e7\u00e3o contida em documentos, tanto f\u00edsicos quanto digitais, de uma organiza\u00e7\u00e3o, institui\u00e7\u00e3o ou indiv\u00edduo.<\/p>\n\n\n\n<p>Dispon\u00edvel at\u00e9 31\/07\/2025 ou encerramento da vaga.<\/p>\n\n\n\n<p><strong>10 vagas &#8211; Ajudante de Carga e Descarga<\/strong><\/p>\n\n\n\n<p>Escolaridade &#8211; ensino fundamental completo;<\/p>\n\n\n\n<p>Experi\u00eancia &#8211; avulsa;<\/p>\n\n\n\n<p>Requisitos Obrigat\u00f3rios &#8211; ter documenta\u00e7\u00e3o completa (com dispensa militar);<\/p>\n\n\n\n<p>Atividades &#8211; separar mercadorias, carregar, descarregar e entregar mercadorias em diversos pontos de Manaus, garantindo a confer\u00eancia dos pedidos e a sua integridade at\u00e9 o destino.<\/p>\n\n\n\n<p>Dispon\u00edvel at\u00e9 31\/07\/2025 ou encerramento da vaga.<\/p>\n\n\n\n<p><strong>1 vaga &#8211; Padeiro<\/strong><\/p>\n\n\n\n<p>Escolaridade &#8211; ensino fundamental completo;<\/p>\n\n\n\n<p>Experi\u00eancia &#8211; avulsa ou seis meses na Carteira de Trabalho;<\/p>\n\n\n\n<p>Requisitos Obrigat\u00f3rios &#8211; ter disponibilidade de hor\u00e1rio (inclusive aos fins de semana) e ter documenta\u00e7\u00e3o completa;<\/p>\n\n\n\n<p>Atividades &#8211; preparar e assar p\u00e3es, mantendo o controle da qualidade e a manuten\u00e7\u00e3o da higiene do ambiente de trabalho.<\/p>\n\n\n\n<p>Dispon\u00edvel at\u00e9 31\/07\/2025 ou encerramento da vaga.<\/p>\n\n\n\n<p><strong>2 vagas &#8211; Auxiliar de Padeiro<\/strong><\/p>\n\n\n\n<p>Escolaridade &#8211; ensino fundamental completo;<\/p>\n\n\n\n<p>Experi\u00eancia &#8211; n\u00e3o \u00e9 necess\u00e1rio;<\/p>\n\n\n\n<p>Requisitos Obrigat\u00f3rios &#8211; ter disponibilidade de hor\u00e1rio (inclusive aos fins de semana) e ter documenta\u00e7\u00e3o completa;<\/p>\n\n\n\n<p>Atividades &#8211; auxiliar o padeiro em diversas tarefas da produ\u00e7\u00e3o de p\u00e3es, preparar ingredientes, auxiliar no preparo das massas, modelar os produtos, assar, e manter a higiene e organiza\u00e7\u00e3o do local de trabalho.<\/p>\n\n\n\n<p>Dispon\u00edvel at\u00e9 31\/07\/2025 ou encerramento da vaga.<\/p>\n\n\n\n<p><strong>Vagas no Com\u00e9rcio &#8211; 5<\/strong><\/p>\n\n\n\n<p><strong>1 vaga &#8211; Vendedor Interno<\/strong><\/p>\n\n\n\n<p>Escolaridade &#8211; ensino m\u00e9dio completo;<\/p>\n\n\n\n<p>Experi\u00eancia &#8211; seis meses na Carteira de Trabalho;<\/p>\n\n\n\n<p>Requisitos Obrigat\u00f3rios &#8211; ter documenta\u00e7\u00e3o completa (com dispensa militar);<\/p>\n\n\n\n<p>Atividades &#8211; realizar atendimento ao cliente, vendas e faturamento.<\/p>\n\n\n\n<p>Dispon\u00edvel at\u00e9 31\/07\/2025 ou encerramento da vaga.<\/p>\n\n\n\n<p><strong>1 vaga &#8211; Lanterneiro &#8211; Linha Pesada<\/strong><\/p>\n\n\n\n<p>Escolaridade &#8211; ensino fundamental completo;<\/p>\n\n\n\n<p>Experi\u00eancia &#8211; seis meses na Carteira de Trabalho;<\/p>\n\n\n\n<p>Requisitos Obrigat\u00f3rios &#8211; conhecimento em pintura e acabamento em pe\u00e7as, carrocerias automotivas e ter documenta\u00e7\u00e3o completa (com dispensa militar);<\/p>\n\n\n\n<p>Atividades &#8211; soldar e cortar de metais; manuten\u00e7\u00e3o de rodas e eixos: realizar o balanceamento, ajustar e trocar rodas e eixos de ve\u00edculos; detec\u00e7\u00e3o e remo\u00e7\u00e3o de desgastes excessivos ou danos nas pe\u00e7as; montar e desmontar de pe\u00e7as; ajustar e alinhar: ajuste de componentes, como eixos e rodas, para garantir o alinhamento correto, prevenindo desgastes irregulares e problemas de manuseio; inspe\u00e7\u00e3o e diagn\u00f3stico; trabalhar com ferramentas pesadas e m\u00e1quinas: o lanterneiro de linha pesada utiliza uma variedade de ferramentas pesadas e m\u00e1quinas, como tornos, fresadoras, prensas e outros equipamentos industriais para realizar ajustes e reparos em componentes grandes e pesados.<\/p>\n\n\n\n<p>Dispon\u00edvel at\u00e9 31\/07\/2025 ou encerramento da vaga.<\/p>\n\n\n\n<p><strong>1 vaga &#8211; Mec\u00e2nico de Empilhadeira<\/strong><\/p>\n\n\n\n<p>Escolaridade &#8211; ensino fundamental completo;<\/p>\n\n\n\n<p>Experi\u00eancia &#8211; seis meses na Carteira de Trabalho;<\/p>\n\n\n\n<p>Requisitos Obrigat\u00f3rios &#8211; experi\u00eancia com consertos de&nbsp; empilhadeira a diesel e a g\u00e1s; troca de \u00f3leo e limpeza de motores, pe\u00e7as e outros componentes de motores e equipamentos e ter documenta\u00e7\u00e3o completa (com dispensa militar);<\/p>\n\n\n\n<p>Atividades &#8211; realizar diariamente servi\u00e7os de manuten\u00e7\u00e3o preventiva e corretiva conforme ordem de servi\u00e7o.<\/p>\n\n\n\n<p>Dispon\u00edvel at\u00e9 31\/07\/2025 ou encerramento da vaga.<\/p>\n\n\n\n<p><strong>2 vagas &#8211; Ajudante de Carga e Descarga<\/strong><\/p>\n\n\n\n<p>Escolaridade &#8211; ensino fundamental completo;<\/p>\n\n\n\n<p>Experi\u00eancia &#8211; seis meses na Carteira de Trabalho;<\/p>\n\n\n\n<p>Requisitos Obrigat\u00f3rios &#8211; ter documenta\u00e7\u00e3o completa (com dispensa militar);<\/p>\n\n\n\n<p>Atividades &#8211; realizar carga e descarga; organiza\u00e7\u00e3o do estoque; entrega de mercadorias.<\/p>\n\n\n\n<p>Dispon\u00edvel at\u00e9 31\/07\/2025 ou encerramento da vaga.<\/p>\n\n\n\n<p><strong>Vagas na Ind\u00fastria &#8211; 222<\/strong><\/p>\n\n\n\n<p><strong>50 vagas &#8211; Auxiliar de Linha de Produ\u00e7\u00e3o<br><\/strong>Escolaridade &#8211; ensino fundamental completo;<br>Experi\u00eancia &#8211; n\u00e3o \u00e9 necess\u00e1rio;<br>Requisitos Obrigat\u00f3rios &#8211; a vaga \u00e9 destinada para candidatos que est\u00e3o em busca de novos desafios; o candidato vai precisar morar em: V\u00e1rzea Grande (MT) e ter documenta\u00e7\u00e3o completa (com dispensa militar);<br>Atividades &#8211; executar atividades operacionais em setores de apoio ou produ\u00e7\u00e3o de frios, visando garantir a manuten\u00e7\u00e3o, organiza\u00e7\u00e3o, limpeza ou opera\u00e7\u00e3o de atividades na unidade.<br>Dispon\u00edvel at\u00e9 31\/07\/2025 ou encerramento da vaga.<br><br><strong>25 vagas &#8211; Alimentador de Linha de Produ\u00e7\u00e3o<br><\/strong>Escolaridade &#8211; ensino fundamental incompleto;<br>Experi\u00eancia &#8211; n\u00e3o \u00e9 necess\u00e1rio;<br>Requisitos Obrigat\u00f3rios &#8211; a vaga \u00e9 destinada para candidatos que est\u00e3o em busca de novos desafios; o candidato vai precisar morar em: Promiss\u00e3o &#8211; SP e ter documenta\u00e7\u00e3o completa (com dispensa militar);<br>Atividades &#8211; auxiliar a ind\u00fastria de abate bovino.<br>Dispon\u00edvel at\u00e9 31\/07\/2025 ou encerramento da vaga.<br><br><strong>50 vagas &#8211; Auxiliar Operacional (Setor Industrial)<br><\/strong>Escolaridade &#8211; ensino fundamental incompleto;<br>Experi\u00eancia &#8211; n\u00e3o \u00e9 necess\u00e1rio;<br>Requisitos Obrigat\u00f3rios &#8211; a vaga \u00e9 destinada para candidatos que est\u00e3o em busca de novos desafios; o candidato vai precisar morar em: Chupinguaia (RO);<br>Atividades &#8211; realizar a pesagem e balan\u00e7a de pe\u00e7as de carne; Transporte de pe\u00e7as de carne para a log\u00edstica; Lavagem de pe\u00e7as de carne; Aux\u00edlio na linha de produ\u00e7\u00e3o no processo de desossa e cortes de carne.<br>Dispon\u00edvel at\u00e9 31\/07\/2025 ou encerramento da vaga.<strong><br><br><\/strong><strong>5 vagas &#8211; Supervisor de Vendas<\/strong><br>Escolaridade &#8211; ensino m\u00e9dio completo;<br>Experi\u00eancia &#8211; seis meses na Carteira de Trabalho;<br>Requisitos Obrigat\u00f3rios &#8211; ter documenta\u00e7\u00e3o completa;<br>Atividades &#8211; liderar e gerenciar equipes de vendas, acompanhando o desempenho dos vendedores, definindo metas e estrat\u00e9gias, e garantindo o alcance dos objetivos comerciais da empresa.<br>Dispon\u00edvel at\u00e9 31\/07\/2025 ou encerramento da vaga.<br><br><strong>20 vagas &#8211; Cozinheiro<\/strong> <strong><br><\/strong>Escolaridade &#8211; ensino fundamental completo;<strong><br><\/strong>Experi\u00eancia &#8211; seis meses na Carteira de Trabalho;<strong><br><\/strong>Requisitos Obrigat\u00f3rios &#8211; ter documenta\u00e7\u00e3o completa;<strong><br><\/strong>Atividades &#8211; preparo dos alimentos de acordo com a programa\u00e7\u00e3o do card\u00e1pio, corte das prote\u00ednas, acompanhar a manipula\u00e7\u00e3o, acompanhar a manipula\u00e7\u00e3o do alimento e a reposi\u00e7\u00e3o do alimento nas cubas; fazer a manuten\u00e7\u00e3o da higieniza\u00e7\u00e3o e organiza\u00e7\u00e3o da sua \u00e1rea de trabalho; auxiliar na elabora\u00e7\u00e3o de pedidos de materiais e solicitar utens\u00edlios de cozinha na falta desses; solicitar manuten\u00e7\u00e3o de equipamentos de cozinha.<strong><br><\/strong>Dispon\u00edvel at\u00e9 31\/07\/2025 ou encerramento da vaga.<strong><br><br>20 vagas &#8211; Ajudante de Cozinha<br><\/strong>Escolaridade &#8211; ensino fundamental completo;<strong><br><\/strong>Experi\u00eancia &#8211; seis meses na Carteira de Trabalho ou avulsa;<strong><br><\/strong>Requisitos Obrigat\u00f3rios &#8211; ter documenta\u00e7\u00e3o completa;<strong><br><\/strong>Atividades &#8211; ajudar os cozinheiros em suas obriga\u00e7\u00f5es, auxiliar na separa\u00e7\u00e3o dos materiais aliment\u00edcios de acordo com o card\u00e1pio programado, lavar e higienizar hortifruti e estavas; cortar verduras, legumes e prote\u00ednas; auxiliar na prepara\u00e7\u00e3o dos alimentos; acondicionar as refei\u00e7\u00f5es nas cubas, refrat\u00e1rios, para atendimento; auxiliar na manuten\u00e7\u00e3o da limpeza, higieniza\u00e7\u00e3o e organiza\u00e7\u00e3o da sua \u00e1rea de trabalho. <strong><br><\/strong>Dispon\u00edvel at\u00e9 31\/07\/2025 ou encerramento da vaga.<strong><br><br>10 vagas &#8211; Supervisor de Unidade de Alimenta\u00e7\u00e3o<br><\/strong>Escolaridade &#8211; ensino m\u00e9dio completo ou ensino t\u00e9cnico em Nutri\u00e7\u00e3o ou Gastronomia;<strong><br><\/strong>Experi\u00eancia &#8211; seis meses na Carteira de Trabalho;<strong><br><\/strong>Requisitos Obrigat\u00f3rios &#8211; ter experi\u00eancia na \u00e1rea de cozinha industrial e documenta\u00e7\u00e3o completa;<strong><br><\/strong>Atividades &#8211; supervisionar atividades da equipe de produ\u00e7\u00e3o, acompanhando, controlando e buscando todos os recursos dispon\u00edveis e necess\u00e1rios para o perfeito atendimento do cliente; distribuir, supervisionar e controlar as atividades de limpeza, higieniza\u00e7\u00e3o, organiza\u00e7\u00e3o, executar pedidos de materiais, executar, controlar, pedidos de utens\u00edlios e equipamentos, monitorando a satisfa\u00e7\u00e3o, verificando ocorr\u00eancias\/reclama\u00e7\u00f5es e sugest\u00f5es, propor melhorias, visando a satisfa\u00e7\u00e3o dos clientes, autonomia para contratar e desligar pessoal, acompanhar equipe operacional, nos aspectos comportamentais, avaliar desempenho de pessoal, conscientizar, acompanhar, dar suporte para colaboradores em todos os aspectos de desempenho no atendimento do cliente, executar eventos, utilizando todos os recursos dispon\u00edveis para satisfa\u00e7\u00e3o dos colaboradores, agir proativamente para solu\u00e7\u00f5es de problemas no atendimento.<strong><br><\/strong>Dispon\u00edvel at\u00e9 31\/07\/2025 ou encerramento da vaga.<strong><br><br>10 vagas &#8211; Nutricionista<br><\/strong>Escolaridade &#8211; ensino superior completo em Nutri\u00e7\u00e3o;<strong><br><\/strong>Experi\u00eancia &#8211; seis meses na Carteira de Trabalho;<strong><br><\/strong>Requisitos Obrigat\u00f3rios &#8211; ter CRN ativo, experi\u00eancia em cozinha industrial, supervis\u00e3o de franquias de alimenta\u00e7\u00e3o ou restaurantes, disponibilidade de hor\u00e1rio e ter documenta\u00e7\u00e3o completa;<strong><br><\/strong>Atividades &#8211; supervisionar atividades da equipe de produ\u00e7\u00e3o, acompanhando, controlando e buscando todos os recursos dispon\u00edveis e necess\u00e1rios para o perfeito atendimento do cliente; distribuir, supervisionar e controlar as atividades de limpeza, higieniza\u00e7\u00e3o, organiza\u00e7\u00e3o; executar pedidos de materiais; executar, controlar pedidos de utens\u00edlios e equipamentos; monitorando a satisfa\u00e7\u00e3o, verificando ocorr\u00eancias\/reclama\u00e7\u00f5es e sugest\u00f5es; propor melhorias, visando a satisfa\u00e7\u00e3o dos clientes; acompanhar equipe operacional, nos aspectos comportamentais, avaliar desempenho de pessoal, levando o feedback ao superior imediato para tomada de decis\u00e3o; conscientizar, acompanhar e dar suporte para colaboradores em todos os aspectos de desempenho no atendimento do cliente; executar eventos, utilizando todos os recursos dispon\u00edveis para a satisfa\u00e7\u00e3o dos colaboradores; agir pr\u00f3-ativamente para solu\u00e7\u00f5es de problemas no atendimento.<strong><br><\/strong>Dispon\u00edvel at\u00e9 31\/07\/2025 ou encerramento da vaga.<\/p>\n\n\n\n<p><strong>2 vagas &#8211; Caldeireiro<\/strong><\/p>\n\n\n\n<p>Escolaridade &#8211; ensino m\u00e9dio completo;<\/p>\n\n\n\n<p>Experi\u00eancia &#8211; registrada na Carteira de Trabalho;<\/p>\n\n\n\n<p>Requisitos Obrigat\u00f3rios &#8211; ter documenta\u00e7\u00e3o completa (com dispensa militar);<\/p>\n\n\n\n<p>Atividades &#8211; respons\u00e1vel pela leitura de projetos, desenho t\u00e9cnico, corte, montagem e solda, inspe\u00e7\u00e3o de qualidade.<\/p>\n\n\n\n<p>Dispon\u00edvel at\u00e9 31\/07\/2025 ou encerramento da vaga.<\/p>\n\n\n\n<p><strong>2 vagas &#8211; Soldador<\/strong><\/p>\n\n\n\n<p>Escolaridade &#8211; ensino fundamental completo;<\/p>\n\n\n\n<p>Experi\u00eancia &#8211; registrada na Carteira de Trabalho;<\/p>\n\n\n\n<p>Requisitos Obrigat\u00f3rios &#8211; ter conhecimento em t\u00e9cnicas de soldagem, precis\u00e3o aos detalhes, leitura de desenho t\u00e9cnico, solda eletrodo revestido, mig e ter documenta\u00e7\u00e3o completa (com dispensa militar);<\/p>\n\n\n\n<p>Atividades &#8211; unir e cortar pe\u00e7as de ligas met\u00e1licas usando processos de soldagem e corte; preparar equipamentos, acess\u00f3rios, consum\u00edveis de soldagem e corte e pe\u00e7as a serem soldadas.<\/p>\n\n\n\n<p>Dispon\u00edvel at\u00e9 31\/07\/2025 ou encerramento da vaga.<\/p>\n\n\n\n<p><strong>4 vagas &#8211; Meio Oficial de Solda<\/strong><\/p>\n\n\n\n<p>Escolaridade &#8211; ensino fundamental completo;<\/p>\n\n\n\n<p>Experi\u00eancia &#8211; seis meses na Carteira de Trabalho;<\/p>\n\n\n\n<p>Requisitos Obrigat\u00f3rios &#8211; ter conhecimento em soldagem, curso de Soldador e ter documenta\u00e7\u00e3o completa (com dispensa militar);<\/p>\n\n\n\n<p>Atividades &#8211; respons\u00e1vel pela leitura de projetos, desenho t\u00e9cnico, corte, montagem e solda, inspe\u00e7\u00e3o de qualidade.<\/p>\n\n\n\n<p>Dispon\u00edvel at\u00e9 31\/07\/2025 ou encerramento da vaga.<\/p>\n\n\n\n<p><strong>2 vagas &#8211; Serralheiro<\/strong><\/p>\n\n\n\n<p>Escolaridade &#8211; ensino fundamental completo;<\/p>\n\n\n\n<p>Experi\u00eancia &#8211; registrada na Carteira de Trabalho;<\/p>\n\n\n\n<p>Requisitos Obrigat\u00f3rios &#8211; ter experi\u00eancia em solda mig, eletrodo revestido, corte e montagem de pe\u00e7as met\u00e1licas, interpreta\u00e7\u00e3o de desenho t\u00e9cnico e ter documenta\u00e7\u00e3o completa (com dispensa militar);<\/p>\n\n\n\n<p>Atividades &#8211; realiza cortes, furos e soldas em materiais met\u00e1licos, e produz pe\u00e7as com esses materiais, como tubos, grades, chapas.<\/p>\n\n\n\n<p>Dispon\u00edvel at\u00e9 31\/07\/2025 ou encerramento da vaga.<\/p>\n\n\n\n<p><strong>20 vagas &#8211; Operador de M\u00e1quina SMD<\/strong><\/p>\n\n\n\n<p>Escolaridade &#8211; ensino m\u00e9dio completo;<\/p>\n\n\n\n<p>Experi\u00eancia &#8211; registrada na Carteira de Trabalho;<\/p>\n\n\n\n<p>Requisitos Obrigat\u00f3rios &#8211; ter curso de TBO, Leitura de Componentes Eletr\u00f4nicos, NR 12, conhecimento s\u00f3lidos na opera\u00e7\u00e3o de m\u00e1quinas SMD e PTH, m\u00e1quinas Fuji, Next, Simens e ter documenta\u00e7\u00e3o completa;<\/p>\n\n\n\n<p>Atividades &#8211; prepara\u00e7\u00e3o da m\u00e1quina, ajuste de par\u00e2metros, carregamento de componentes, monitoramento da produ\u00e7\u00e3o e inspe\u00e7\u00e3o da qualidade das placas montadas.<\/p>\n\n\n\n<p>Dispon\u00edvel at\u00e9 31\/07\/2025 ou encerramento da vaga.<\/p>\n\n\n\n<p><strong>1 vaga &#8211; Assistente Operacional<\/strong><\/p>\n\n\n\n<p>Escolaridade &#8211; ensino m\u00e9dio completo;<\/p>\n\n\n\n<p>Experi\u00eancia &#8211; seis meses na Carteira de Trabalho;<\/p>\n\n\n\n<p>Requisitos Obrigat\u00f3rios &#8211; ter curso de Gest\u00e3o de Transporte e Frota, Pacote Office, Planilhas Excel e ter documenta\u00e7\u00e3o completa;<\/p>\n\n\n\n<p>Atividades &#8211; liberar caminh\u00f5es, verificar check list com os motoristas, controlar os abastecimentos de ve\u00edculos, preparar relat\u00f3rios de abastecimento, fazer agendamentos no porto, receber e entregar documentos dos motoristas.<\/p>\n\n\n\n<p>Dispon\u00edvel at\u00e9 31\/07\/2025 ou encerramento da vaga.<\/p>\n\n\n\n<p><strong>1 vaga &#8211; Auxiliar de Produ\u00e7\u00e3o<\/strong><\/p>\n\n\n\n<p>Escolaridade &#8211; ensino m\u00e9dio completo;<\/p>\n\n\n\n<p>Experi\u00eancia &#8211; seis meses na Carteira de Trabalho;<\/p>\n\n\n\n<p>Requisitos Obrigat\u00f3rios &#8211; ter documenta\u00e7\u00e3o completa (com dispensa militar);<\/p>\n\n\n\n<p>Atividades &#8211; auxiliar na montagem em estrutura met\u00e1licas, verificar a m\u00e1quina de solda, al\u00e9m de verificar os materiais antes do in\u00edcio dos trabalhos, sempre zelando pela organiza\u00e7\u00e3o e limpeza da linha de produ\u00e7\u00e3o, limpar o setor todos os dias.<\/p>\n\n\n\n<p>Dispon\u00edvel at\u00e9 31\/07\/2025 ou encerramento da vaga.<\/p>\n\n\n\n<p><strong><br><br><\/strong><strong>Vagas em Servi\u00e7os <a><\/a>&#8211; 22<\/strong><strong><\/strong><\/p>\n\n\n\n<p><strong>1 vaga &#8211; Motorista<\/strong><\/p>\n\n\n\n<p>Escolaridade &#8211; ensino m\u00e9dio completo;<\/p>\n\n\n\n<p>Experi\u00eancia &#8211; n\u00e3o \u00e9 necess\u00e1rio;<\/p>\n\n\n\n<p>Requisitos Obrigat\u00f3rios &#8211; ter Carteira Nacional de Habilita\u00e7\u00e3o categoria \u201cB\u201d, ter ve\u00edculo pr\u00f3prio, Pacote Office intermedi\u00e1rio e ter documenta\u00e7\u00e3o completa (com dispensa militar);<\/p>\n\n\n\n<p>Atividades &#8211; dirigir o ve\u00edculo, seguir normas de tr\u00e2nsito, realizar manuten\u00e7\u00e3o b\u00e1sica do carro, garantir a seguran\u00e7a e efici\u00eancia no transporte de pessoas ou cargas.<\/p>\n\n\n\n<p>Dispon\u00edvel at\u00e9 31\/07\/2025 ou encerramento da vaga.<\/p>\n\n\n\n<p><strong>1 vaga &#8211; Assistente de Marketing<\/strong><\/p>\n\n\n\n<p>Escolaridade &#8211; ensino superior completo ou cursando Marketing, Publicidade, Comunica\u00e7\u00e3o ou Comercial;<\/p>\n\n\n\n<p>Experi\u00eancia &#8211; seis meses na Carteira de Trabalho;<\/p>\n\n\n\n<p>Requisitos Obrigat\u00f3rios &#8211; ter conhecimento em ferramentas de marketing digital e ter documenta\u00e7\u00e3o completa;<\/p>\n\n\n\n<p>Atividades &#8211; planejar, coordenar e executar estrat\u00e9gias de marketing e endomarketing; acompanhar a\u00e7\u00f5es de campanhas e confirmar execu\u00e7\u00f5es locais; registrar e auxiliar demandas recebidas dos distribuidores e equipe comercial; manuten\u00e7\u00e3o e fortalecimento da marca; apoiar em tarefas cotidianas do marketing, como organiza\u00e7\u00e3o de arquivos, atualiza\u00e7\u00e3o de listas, controle de brindes e materiais de campanha, incluindo redes sociais, site, e-mail marketing; corretamente, sem danos.<\/p>\n\n\n\n<p>Dispon\u00edvel at\u00e9 31\/07\/2025 ou encerramento da vaga.<\/p>\n\n\n\n<p><strong>1 vaga &#8211; Promotor de vendas<\/strong><\/p>\n\n\n\n<p>Escolaridade &#8211; ensino m\u00e9dio completo;<\/p>\n\n\n\n<p>Experi\u00eancia &#8211; seis meses na Carteira de Trabalho;<\/p>\n\n\n\n<p>Requisitos Obrigat\u00f3rios &#8211; ter curso de Atendimento ao Cliente, Recep\u00e7\u00e3o, Excel b\u00e1sico ou avan\u00e7ado e ter documenta\u00e7\u00e3o completa;<\/p>\n\n\n\n<p>Atividades &#8211; receber os clientes no ponto de venda, apresentar os produtos, tirar d\u00favidas, oferecer demonstra\u00e7\u00f5es e auxiliar na decis\u00e3o de compra.<\/p>\n\n\n\n<p>Dispon\u00edvel at\u00e9 31\/07\/2025 ou encerramento da vaga.<\/p>\n\n\n\n<p><strong>10 vagas &#8211; Encanador Industrial<\/strong><\/p>\n\n\n\n<p>Escolaridade &#8211; ensino m\u00e9dio completo;<\/p>\n\n\n\n<p>Experi\u00eancia &#8211; registrada na Carteira de Trabalho;<\/p>\n\n\n\n<p>Requisitos Obrigat\u00f3rios &#8211; ter documenta\u00e7\u00e3o completa (com dispensa militar);<\/p>\n\n\n\n<p>Atividades &#8211; operacionalizar projetos de instala\u00e7\u00f5es de tubula\u00e7\u00f5es, definir tra\u00e7ados e dimensionar tubula\u00e7\u00f5es; especificar, quantificar e inspecionar materiais; preparar locais para instala\u00e7\u00f5es, realizar pr\u00e9-montagem e instalar tubula\u00e7\u00f5es; realizar testes operacionais de press\u00e3o de fluidos e testes de estanqueidade; proteger instala\u00e7\u00f5es e fazem manuten\u00e7\u00f5es em equipamentos e acess\u00f3rios.<\/p>\n\n\n\n<p>Dispon\u00edvel at\u00e9 31\/07\/2025 ou encerramento da vaga.<\/p>\n\n\n\n<p><strong>1 vaga &#8211; Manicure<\/strong><\/p>\n\n\n\n<p>Escolaridade &#8211; ensino fundamental completo;<\/p>\n\n\n\n<p>Experi\u00eancia &#8211; seis meses na Carteira de Trabalho;<\/p>\n\n\n\n<p>Requisitos Obrigat\u00f3rios &#8211; ter documenta\u00e7\u00e3o completa;<\/p>\n\n\n\n<p>Atividades &#8211; realizar procedimentos de embelezamento nas m\u00e3os do cliente, cuidando de suas unhas; executar procedimentos de relaxamento, higieniza\u00e7\u00e3o, esfolia\u00e7\u00e3o e hidrata\u00e7\u00e3o nas m\u00e3os.<\/p>\n\n\n\n<p>Dispon\u00edvel at\u00e9 31\/07\/2025 ou encerramento da vaga.<\/p>\n\n\n\n<p><strong>1 vaga &#8211; Cabeleireiro<\/strong><\/p>\n\n\n\n<p>Escolaridade &#8211; ensino fundamental completo;<\/p>\n\n\n\n<p>Experi\u00eancia &#8211; seis meses na Carteira de Trabalho;<\/p>\n\n\n\n<p>Requisitos Obrigat\u00f3rios &#8211; ter documenta\u00e7\u00e3o completa;<\/p>\n\n\n\n<p>Atividades &#8211; realizar processos de tratamento e embelezamento nos cabelos; executar lavagem, hidrata\u00e7\u00e3o, corte, penteado, colora\u00e7\u00e3o ou descolora\u00e7\u00e3o, ondula\u00e7\u00e3o ou alisamento; preparar o espa\u00e7o de trabalho e selecionar produtos, equipamentos e instrumentos de trabalho; realizar ou orientar a realiza\u00e7\u00e3o dos procedimentos de higieniza\u00e7\u00e3o e assepsia nas instala\u00e7\u00f5es, equipamentos e instrumentos.<\/p>\n\n\n\n<p>Dispon\u00edvel at\u00e9 31\/07\/2025 ou encerramento da vaga.<\/p>\n\n\n\n<p><strong>3 vagas &#8211; Auxiliar de Estoque<\/strong><\/p>\n\n\n\n<p>Escolaridade &#8211; ensino fundamental completo;<\/p>\n\n\n\n<p>Experi\u00eancia &#8211; seis meses na Carteira de Trabalho;<\/p>\n\n\n\n<p>Requisitos Obrigat\u00f3rios &#8211; ter experi\u00eancia com Matrin, residir nos bairros: Grande Vit\u00f3ria, Gilberto Mestrinho, Jorge Teixeira, Santa In\u00eas ou proximidades e ter documenta\u00e7\u00e3o completa (com dispensa militar);<\/p>\n\n\n\n<p>Atividades &#8211; receber, conferir, armazenar e distribuir produtos, al\u00e9m de realizar contagens e registros de estoque.<\/p>\n\n\n\n<p>Dispon\u00edvel at\u00e9 31\/07\/2025 ou encerramento da vaga.<\/p>\n\n\n\n<p><strong>3 vagas &#8211; Ajudante de Carga e Descarga<\/strong><\/p>\n\n\n\n<p>Escolaridade &#8211; ensino fundamental completo;<\/p>\n\n\n\n<p>Experi\u00eancia &#8211; n\u00e3o \u00e9 necess\u00e1rio;<\/p>\n\n\n\n<p>Requisitos Obrigat\u00f3rios &#8211; residir nos bairros: Grande Vit\u00f3ria, Gilberto Mestrinho, Jorge Teixeira, Santa In\u00eas ou proximidades e ter documenta\u00e7\u00e3o completa (com dispensa militar);<\/p>\n\n\n\n<p>Atividades &#8211; carregar e descarregar produtos em ve\u00edculos de transporte, como caminh\u00f5es, bem como organizar a \u00e1rea de trabalho e manter a ordem no armaz\u00e9m ou dep\u00f3sito.<\/p>\n\n\n\n<p>Dispon\u00edvel at\u00e9 31\/07\/2025 ou encerramento da vaga.<\/p>\n\n\n\n<p><strong>1 vaga &#8211; Auxiliar de Refrigera\u00e7\u00e3o<\/strong><\/p>\n\n\n\n<p>Escolaridade &#8211; ensino m\u00e9dio completo;<\/p>\n\n\n\n<p>Experi\u00eancia &#8211; seis meses na Carteira de Trabalho;<\/p>\n\n\n\n<p>Requisitos Obrigat\u00f3rios &#8211; ter documenta\u00e7\u00e3o completa (com dispensa militar);<\/p>\n\n\n\n<p>Atividades &#8211; auxiliar na instala\u00e7\u00e3o, manuten\u00e7\u00e3o preventiva e corretiva de equipamentos de refrigera\u00e7\u00e3o, como m\u00e1quinas de ar-condicionado, geladeiras, freezers, auxiliar na identifica\u00e7\u00e3o e corre\u00e7\u00e3o de problemas nos equipamentos, sob supervis\u00e3o de um t\u00e9cnico.<\/p>\n\n\n\n<p>Dispon\u00edvel at\u00e9 31\/07\/2025 ou encerramento da vaga.<\/p>\n\n\n\n<p><strong>Vagas exclusivas para Pessoas com Defici\u00eancia (PcDs) &#8211; 24<\/strong><\/p>\n\n\n\n<p><strong>10 vagas &#8211; Auxiliar de Limpeza &#8211; Vagas exclusivas para Pessoa com Defici\u00eancia (PcD)<\/strong><\/p>\n\n\n\n<p>Escolaridade &#8211; ensino fundamental completo;<\/p>\n\n\n\n<p>Experi\u00eancia &#8211; seis meses na Carteira de Trabalho;<\/p>\n\n\n\n<p>Requisitos Obrigat\u00f3rios &#8211; ter documenta\u00e7\u00e3o completa (com dispensa militar);<\/p>\n\n\n\n<p>Atividades &#8211; realizar a limpeza geral de ambientes, remo\u00e7\u00e3o de lixo, lavagem de superf\u00edcies, reposi\u00e7\u00e3o de materiais de higiene e manuten\u00e7\u00e3o da ordem e higiene do local de trabalho, entre outras atividades correlatas \u00e0 fun\u00e7\u00e3o.<\/p>\n\n\n\n<p>Dispon\u00edvel at\u00e9 31\/07\/2025 ou encerramento da vaga.<\/p>\n\n\n\n<p><strong>3 vagas &#8211; Auxiliar de Produ\u00e7\u00e3o &#8211; Vagas exclusivas para Pessoa com Defici\u00eancia (PcD)<\/strong><\/p>\n\n\n\n<p>Escolaridade &#8211; emsino m\u00e9dio completo;<\/p>\n\n\n\n<p>Experi\u00eancia &#8211; n\u00e3o \u00e9 necess\u00e1rio;<\/p>\n\n\n\n<p>Requisitos Obrigat\u00f3rios &#8211; ter documenta\u00e7\u00e3o completa;<\/p>\n\n\n\n<p>Atividades &#8211; realizar as atividades de inspe\u00e7\u00e3o de produtos e\/ou material de acordo com a instru\u00e7\u00e3o de inspe\u00e7\u00e3o, registrar os resultados do processo produtivo: data, horas trabalhadas, horas paradas, quantidade produzida na Folha de servi\u00e7os.<\/p>\n\n\n\n<p>Dispon\u00edvel at\u00e9 31\/07\/2025 ou encerramento da vaga.<\/p>\n\n\n\n<p><strong>10 vagas &#8211; Motorista de Fretamento &#8211; Vagas exclusivas para Pessoa com Defici\u00eancia (PcD)<\/strong><\/p>\n\n\n\n<p>Escolaridade &#8211; ensino fundamental completo;<\/p>\n\n\n\n<p>Experi\u00eancia &#8211; seis meses na Carteira de Trabalho;<\/p>\n\n\n\n<p>Requisitos Obrigat\u00f3rios &#8211; ter Carteira Nacional de Habilita\u00e7\u00e3o categoria \u201cD\u201d, curso de Transporte Coletivo de Passageiros, disponibilidade de hor\u00e1rio e ter documenta\u00e7\u00e3o completa;<\/p>\n\n\n\n<p>Atividades &#8211; conduzir ve\u00edculos de transporte coletivo; cumprir hor\u00e1rios e rotas de embarque\/desembarque; realizar check-list di\u00e1rio do ve\u00edculo; zelar pela seguran\u00e7a e conforto dos passageiros; comunicar ocorr\u00eancias e preencher relat\u00f3rios de bordo.<\/p>\n\n\n\n<p>Dispon\u00edvel at\u00e9 31\/07\/2025 ou encerramento da vaga.<\/p>\n\n\n\n<p><strong>1 vaga &#8211; Operador de Loja &#8211; Vagas exclusivas para Pessoa com Defici\u00eancia (PcD)<\/strong><\/p>\n\n\n\n<p>Escolaridade &#8211; ensino fundamental incompleto;<\/p>\n\n\n\n<p>Experi\u00eancia &#8211; primeiro emprego ou seis meses na Carteira de Trabalho;<\/p>\n\n\n\n<p>Requisitos Obrigat\u00f3rios &#8211; ter documenta\u00e7\u00e3o completa (com dispensa militar);<\/p>\n\n\n\n<p>Atividades &#8211; atendimento ao cliente, organiza\u00e7\u00e3o da \u00e1rea dos produtos, organiza\u00e7\u00e3o de estoque.<\/p>\n\n\n\n<p>Dispon\u00edvel at\u00e9 31\/07\/2025 ou encerramento da vaga.<\/p>\n\n\n\n<p>&#8212; &#8212; &#8212;<\/p>\n\n\n\n<p><strong>Texto \u2013&nbsp;<\/strong>Divulga\u00e7\u00e3o\/Semtepi<\/p>\n\n\n\n<p><strong>Fotos \u2013&nbsp;<\/strong>Arquivo\/Semcom<\/p>\n\n\n\n<p><strong>Dispon\u00edveis em &#8211;&nbsp;<\/strong><a href=\"https:\/\/flic.kr\/s\/aHBqjCetWK\">https:\/\/flic.kr\/s\/aHBqjCetWK<\/a><\/p>\n","protected":false},"excerpt":{"rendered":"","protected":false},"author":39,"featured_media":6476,"comment_status":"closed","ping_status":"closed","sticky":false,"template":"","format":"standard","meta":{"footnotes":""},"categories":[5],"tags":[424,1468,7,8,9,10],"acf":[],"yoast_head":"<!-- This site is optimized with the Yoast SEO plugin v23.0 - https:\/\/yoast.com\/wordpress\/plugins\/seo\/ -->\n<title>Sine Manaus oferta 334 vagas de emprego nesta quinta-feira, 31\/7<\/title>\n<meta name=\"description\" content=\"Prefeitura de Manaus, por meio do Sine Manaus, oferta 334 vagas de emprego em v\u00e1rias \u00e1reas de atua\u00e7\u00e3o, nesta quinta-feira, 31\/7.\" \/>\n<meta name=\"robots\" content=\"noindex, follow\" \/>\n<meta property=\"og:locale\" content=\"pt_BR\" \/>\n<meta property=\"og:type\" content=\"article\" \/>\n<meta property=\"og:title\" content=\"Sine Manaus oferta 334 vagas de emprego nesta quinta-feira, 31\/7\" \/>\n<meta property=\"og:description\" content=\"Prefeitura de Manaus, por meio do Sine Manaus, oferta 334 vagas de emprego em v\u00e1rias \u00e1reas de atua\u00e7\u00e3o, nesta quinta-feira, 31\/7.\" \/>\n<meta property=\"og:url\" content=\"https:\/\/www.manaus.am.gov.br\/semtepi\/oportunidade\/sine-manaus-334-vagas-emprego-31-7\/\" \/>\n<meta property=\"og:site_name\" content=\"SEMTEPI\" \/>\n<meta property=\"article:published_time\" content=\"2025-07-30T17:34:22+00:00\" \/>\n<meta property=\"article:modified_time\" content=\"2025-07-30T17:34:25+00:00\" \/>\n<meta property=\"og:image\" content=\"https:\/\/www.manaus.am.gov.br\/semtepi\/wp-content\/uploads\/sites\/20\/2025\/06\/54523732971_ebe1c856b7_c.jpg\" \/>\n\t<meta property=\"og:image:width\" content=\"799\" \/>\n\t<meta property=\"og:image:height\" content=\"533\" \/>\n\t<meta property=\"og:image:type\" content=\"image\/jpeg\" \/>\n<meta name=\"author\" content=\"Bruna Greco\" \/>\n<meta name=\"twitter:card\" content=\"summary_large_image\" \/>\n<meta name=\"twitter:label1\" content=\"Written by\" \/>\n\t<meta name=\"twitter:data1\" content=\"Bruna Greco\" \/>\n\t<meta name=\"twitter:label2\" content=\"Est. reading time\" \/>\n\t<meta name=\"twitter:data2\" content=\"24 minutos\" \/>\n<script type=\"application\/ld+json\" class=\"yoast-schema-graph\">{\"@context\":\"https:\/\/schema.org\",\"@graph\":[{\"@type\":\"Article\",\"@id\":\"https:\/\/www.manaus.am.gov.br\/semtepi\/oportunidade\/sine-manaus-334-vagas-emprego-31-7\/#article\",\"isPartOf\":{\"@id\":\"https:\/\/www.manaus.am.gov.br\/semtepi\/oportunidade\/sine-manaus-334-vagas-emprego-31-7\/\"},\"author\":{\"name\":\"Bruna Greco\",\"@id\":\"https:\/\/www.manaus.am.gov.br\/semtepi\/#\/schema\/person\/05d223aea2bf115f9883a6ff3683d81b\"},\"headline\":\"Sine Manaus oferta 334 vagas de emprego nesta quinta-feira, 31\/7\",\"datePublished\":\"2025-07-30T17:34:22+00:00\",\"dateModified\":\"2025-07-30T17:34:25+00:00\",\"mainEntityOfPage\":{\"@id\":\"https:\/\/www.manaus.am.gov.br\/semtepi\/oportunidade\/sine-manaus-334-vagas-emprego-31-7\/\"},\"wordCount\":4957,\"publisher\":{\"@id\":\"https:\/\/www.manaus.am.gov.br\/semtepi\/#organization\"},\"image\":{\"@id\":\"https:\/\/www.manaus.am.gov.br\/semtepi\/oportunidade\/sine-manaus-334-vagas-emprego-31-7\/#primaryimage\"},\"thumbnailUrl\":\"https:\/\/www.manaus.am.gov.br\/semtepi\/wp-content\/uploads\/sites\/20\/2025\/06\/54523732971_ebe1c856b7_c.jpg\",\"keywords\":[\"31\/7\",\"334 vagas de emprego\",\"oportunidade\",\"prefeitura de manaus\",\"Semtepi\",\"sine manaus\"],\"articleSection\":[\"Oportunidade\"],\"inLanguage\":\"pt-BR\"},{\"@type\":\"WebPage\",\"@id\":\"https:\/\/www.manaus.am.gov.br\/semtepi\/oportunidade\/sine-manaus-334-vagas-emprego-31-7\/\",\"url\":\"https:\/\/www.manaus.am.gov.br\/semtepi\/oportunidade\/sine-manaus-334-vagas-emprego-31-7\/\",\"name\":\"Sine Manaus oferta 334 vagas de emprego nesta quinta-feira, 31\/7\",\"isPartOf\":{\"@id\":\"https:\/\/www.manaus.am.gov.br\/semtepi\/#website\"},\"primaryImageOfPage\":{\"@id\":\"https:\/\/www.manaus.am.gov.br\/semtepi\/oportunidade\/sine-manaus-334-vagas-emprego-31-7\/#primaryimage\"},\"image\":{\"@id\":\"https:\/\/www.manaus.am.gov.br\/semtepi\/oportunidade\/sine-manaus-334-vagas-emprego-31-7\/#primaryimage\"},\"thumbnailUrl\":\"https:\/\/www.manaus.am.gov.br\/semtepi\/wp-content\/uploads\/sites\/20\/2025\/06\/54523732971_ebe1c856b7_c.jpg\",\"datePublished\":\"2025-07-30T17:34:22+00:00\",\"dateModified\":\"2025-07-30T17:34:25+00:00\",\"description\":\"Prefeitura de Manaus, por meio do Sine Manaus, oferta 334 vagas de emprego em v\u00e1rias \u00e1reas de atua\u00e7\u00e3o, nesta quinta-feira, 31\/7.\",\"breadcrumb\":{\"@id\":\"https:\/\/www.manaus.am.gov.br\/semtepi\/oportunidade\/sine-manaus-334-vagas-emprego-31-7\/#breadcrumb\"},\"inLanguage\":\"pt-BR\",\"potentialAction\":[{\"@type\":\"ReadAction\",\"target\":[\"https:\/\/www.manaus.am.gov.br\/semtepi\/oportunidade\/sine-manaus-334-vagas-emprego-31-7\/\"]}]},{\"@type\":\"ImageObject\",\"inLanguage\":\"pt-BR\",\"@id\":\"https:\/\/www.manaus.am.gov.br\/semtepi\/oportunidade\/sine-manaus-334-vagas-emprego-31-7\/#primaryimage\",\"url\":\"https:\/\/www.manaus.am.gov.br\/semtepi\/wp-content\/uploads\/sites\/20\/2025\/06\/54523732971_ebe1c856b7_c.jpg\",\"contentUrl\":\"https:\/\/www.manaus.am.gov.br\/semtepi\/wp-content\/uploads\/sites\/20\/2025\/06\/54523732971_ebe1c856b7_c.jpg\",\"width\":799,\"height\":533},{\"@type\":\"BreadcrumbList\",\"@id\":\"https:\/\/www.manaus.am.gov.br\/semtepi\/oportunidade\/sine-manaus-334-vagas-emprego-31-7\/#breadcrumb\",\"itemListElement\":[{\"@type\":\"ListItem\",\"position\":1,\"name\":\"Home\",\"item\":\"https:\/\/www.manaus.am.gov.br\/semtepi\/\"},{\"@type\":\"ListItem\",\"position\":2,\"name\":\"Sine Manaus oferta 334 vagas de emprego nesta quinta-feira, 31\/7\"}]},{\"@type\":\"WebSite\",\"@id\":\"https:\/\/www.manaus.am.gov.br\/semtepi\/#website\",\"url\":\"https:\/\/www.manaus.am.gov.br\/semtepi\/\",\"name\":\"SEMTEPI\",\"description\":\"Prefeitura de Manaus\",\"publisher\":{\"@id\":\"https:\/\/www.manaus.am.gov.br\/semtepi\/#organization\"},\"alternateName\":\"Secretaria Municipal do Trabalho, Empreendedorismo e Inova\u00e7\u00e3o\",\"potentialAction\":[{\"@type\":\"SearchAction\",\"target\":{\"@type\":\"EntryPoint\",\"urlTemplate\":\"https:\/\/www.manaus.am.gov.br\/semtepi\/?s={search_term_string}\"},\"query-input\":\"required name=search_term_string\"}],\"inLanguage\":\"pt-BR\"},{\"@type\":\"Organization\",\"@id\":\"https:\/\/www.manaus.am.gov.br\/semtepi\/#organization\",\"name\":\"Prefeitura Municipal de Manaus\",\"alternateName\":\"Prefeitura de Manaus\",\"url\":\"https:\/\/www.manaus.am.gov.br\/semtepi\/\",\"logo\":{\"@type\":\"ImageObject\",\"inLanguage\":\"pt-BR\",\"@id\":\"https:\/\/www.manaus.am.gov.br\/semtepi\/#\/schema\/logo\/image\/\",\"url\":\"https:\/\/www.manaus.am.gov.br\/semtepi\/wp-content\/uploads\/sites\/20\/2024\/07\/favicon.png\",\"contentUrl\":\"https:\/\/www.manaus.am.gov.br\/semtepi\/wp-content\/uploads\/sites\/20\/2024\/07\/favicon.png\",\"width\":300,\"height\":300,\"caption\":\"Prefeitura Municipal de Manaus\"},\"image\":{\"@id\":\"https:\/\/www.manaus.am.gov.br\/semtepi\/#\/schema\/logo\/image\/\"}},{\"@type\":\"Person\",\"@id\":\"https:\/\/www.manaus.am.gov.br\/semtepi\/#\/schema\/person\/05d223aea2bf115f9883a6ff3683d81b\",\"name\":\"Bruna Greco\",\"image\":{\"@type\":\"ImageObject\",\"inLanguage\":\"pt-BR\",\"@id\":\"https:\/\/www.manaus.am.gov.br\/semtepi\/#\/schema\/person\/image\/\",\"url\":\"https:\/\/secure.gravatar.com\/avatar\/9c877d1a6adc2a055330e5c09a8653ce?s=96&d=mm&r=g\",\"contentUrl\":\"https:\/\/secure.gravatar.com\/avatar\/9c877d1a6adc2a055330e5c09a8653ce?s=96&d=mm&r=g\",\"caption\":\"Bruna Greco\"}}]}<\/script>\n<!-- \/ Yoast SEO plugin. -->","yoast_head_json":{"title":"Sine Manaus oferta 334 vagas de emprego nesta quinta-feira, 31\/7","description":"Prefeitura de Manaus, por meio do Sine Manaus, oferta 334 vagas de emprego em v\u00e1rias \u00e1reas de atua\u00e7\u00e3o, nesta quinta-feira, 31\/7.","robots":{"index":"noindex","follow":"follow"},"og_locale":"pt_BR","og_type":"article","og_title":"Sine Manaus oferta 334 vagas de emprego nesta quinta-feira, 31\/7","og_description":"Prefeitura de Manaus, por meio do Sine Manaus, oferta 334 vagas de emprego em v\u00e1rias \u00e1reas de atua\u00e7\u00e3o, nesta quinta-feira, 31\/7.","og_url":"https:\/\/www.manaus.am.gov.br\/semtepi\/oportunidade\/sine-manaus-334-vagas-emprego-31-7\/","og_site_name":"SEMTEPI","article_published_time":"2025-07-30T17:34:22+00:00","article_modified_time":"2025-07-30T17:34:25+00:00","og_image":[{"width":799,"height":533,"url":"https:\/\/www.manaus.am.gov.br\/semtepi\/wp-content\/uploads\/sites\/20\/2025\/06\/54523732971_ebe1c856b7_c.jpg","type":"image\/jpeg"}],"author":"Bruna Greco","twitter_card":"summary_large_image","twitter_misc":{"Written by":"Bruna Greco","Est. reading time":"24 minutos"},"schema":{"@context":"https:\/\/schema.org","@graph":[{"@type":"Article","@id":"https:\/\/www.manaus.am.gov.br\/semtepi\/oportunidade\/sine-manaus-334-vagas-emprego-31-7\/#article","isPartOf":{"@id":"https:\/\/www.manaus.am.gov.br\/semtepi\/oportunidade\/sine-manaus-334-vagas-emprego-31-7\/"},"author":{"name":"Bruna Greco","@id":"https:\/\/www.manaus.am.gov.br\/semtepi\/#\/schema\/person\/05d223aea2bf115f9883a6ff3683d81b"},"headline":"Sine Manaus oferta 334 vagas de emprego nesta quinta-feira, 31\/7","datePublished":"2025-07-30T17:34:22+00:00","dateModified":"2025-07-30T17:34:25+00:00","mainEntityOfPage":{"@id":"https:\/\/www.manaus.am.gov.br\/semtepi\/oportunidade\/sine-manaus-334-vagas-emprego-31-7\/"},"wordCount":4957,"publisher":{"@id":"https:\/\/www.manaus.am.gov.br\/semtepi\/#organization"},"image":{"@id":"https:\/\/www.manaus.am.gov.br\/semtepi\/oportunidade\/sine-manaus-334-vagas-emprego-31-7\/#primaryimage"},"thumbnailUrl":"https:\/\/www.manaus.am.gov.br\/semtepi\/wp-content\/uploads\/sites\/20\/2025\/06\/54523732971_ebe1c856b7_c.jpg","keywords":["31\/7","334 vagas de emprego","oportunidade","prefeitura de manaus","Semtepi","sine manaus"],"articleSection":["Oportunidade"],"inLanguage":"pt-BR"},{"@type":"WebPage","@id":"https:\/\/www.manaus.am.gov.br\/semtepi\/oportunidade\/sine-manaus-334-vagas-emprego-31-7\/","url":"https:\/\/www.manaus.am.gov.br\/semtepi\/oportunidade\/sine-manaus-334-vagas-emprego-31-7\/","name":"Sine Manaus oferta 334 vagas de emprego nesta quinta-feira, 31\/7","isPartOf":{"@id":"https:\/\/www.manaus.am.gov.br\/semtepi\/#website"},"primaryImageOfPage":{"@id":"https:\/\/www.manaus.am.gov.br\/semtepi\/oportunidade\/sine-manaus-334-vagas-emprego-31-7\/#primaryimage"},"image":{"@id":"https:\/\/www.manaus.am.gov.br\/semtepi\/oportunidade\/sine-manaus-334-vagas-emprego-31-7\/#primaryimage"},"thumbnailUrl":"https:\/\/www.manaus.am.gov.br\/semtepi\/wp-content\/uploads\/sites\/20\/2025\/06\/54523732971_ebe1c856b7_c.jpg","datePublished":"2025-07-30T17:34:22+00:00","dateModified":"2025-07-30T17:34:25+00:00","description":"Prefeitura de Manaus, por meio do Sine Manaus, oferta 334 vagas de emprego em v\u00e1rias \u00e1reas de atua\u00e7\u00e3o, nesta quinta-feira, 31\/7.","breadcrumb":{"@id":"https:\/\/www.manaus.am.gov.br\/semtepi\/oportunidade\/sine-manaus-334-vagas-emprego-31-7\/#breadcrumb"},"inLanguage":"pt-BR","potentialAction":[{"@type":"ReadAction","target":["https:\/\/www.manaus.am.gov.br\/semtepi\/oportunidade\/sine-manaus-334-vagas-emprego-31-7\/"]}]},{"@type":"ImageObject","inLanguage":"pt-BR","@id":"https:\/\/www.manaus.am.gov.br\/semtepi\/oportunidade\/sine-manaus-334-vagas-emprego-31-7\/#primaryimage","url":"https:\/\/www.manaus.am.gov.br\/semtepi\/wp-content\/uploads\/sites\/20\/2025\/06\/54523732971_ebe1c856b7_c.jpg","contentUrl":"https:\/\/www.manaus.am.gov.br\/semtepi\/wp-content\/uploads\/sites\/20\/2025\/06\/54523732971_ebe1c856b7_c.jpg","width":799,"height":533},{"@type":"BreadcrumbList","@id":"https:\/\/www.manaus.am.gov.br\/semtepi\/oportunidade\/sine-manaus-334-vagas-emprego-31-7\/#breadcrumb","itemListElement":[{"@type":"ListItem","position":1,"name":"Home","item":"https:\/\/www.manaus.am.gov.br\/semtepi\/"},{"@type":"ListItem","position":2,"name":"Sine Manaus oferta 334 vagas de emprego nesta quinta-feira, 31\/7"}]},{"@type":"WebSite","@id":"https:\/\/www.manaus.am.gov.br\/semtepi\/#website","url":"https:\/\/www.manaus.am.gov.br\/semtepi\/","name":"SEMTEPI","description":"Prefeitura de Manaus","publisher":{"@id":"https:\/\/www.manaus.am.gov.br\/semtepi\/#organization"},"alternateName":"Secretaria Municipal do Trabalho, Empreendedorismo e Inova\u00e7\u00e3o","potentialAction":[{"@type":"SearchAction","target":{"@type":"EntryPoint","urlTemplate":"https:\/\/www.manaus.am.gov.br\/semtepi\/?s={search_term_string}"},"query-input":"required name=search_term_string"}],"inLanguage":"pt-BR"},{"@type":"Organization","@id":"https:\/\/www.manaus.am.gov.br\/semtepi\/#organization","name":"Prefeitura Municipal de Manaus","alternateName":"Prefeitura de Manaus","url":"https:\/\/www.manaus.am.gov.br\/semtepi\/","logo":{"@type":"ImageObject","inLanguage":"pt-BR","@id":"https:\/\/www.manaus.am.gov.br\/semtepi\/#\/schema\/logo\/image\/","url":"https:\/\/www.manaus.am.gov.br\/semtepi\/wp-content\/uploads\/sites\/20\/2024\/07\/favicon.png","contentUrl":"https:\/\/www.manaus.am.gov.br\/semtepi\/wp-content\/uploads\/sites\/20\/2024\/07\/favicon.png","width":300,"height":300,"caption":"Prefeitura Municipal de Manaus"},"image":{"@id":"https:\/\/www.manaus.am.gov.br\/semtepi\/#\/schema\/logo\/image\/"}},{"@type":"Person","@id":"https:\/\/www.manaus.am.gov.br\/semtepi\/#\/schema\/person\/05d223aea2bf115f9883a6ff3683d81b","name":"Bruna Greco","image":{"@type":"ImageObject","inLanguage":"pt-BR","@id":"https:\/\/www.manaus.am.gov.br\/semtepi\/#\/schema\/person\/image\/","url":"https:\/\/secure.gravatar.com\/avatar\/9c877d1a6adc2a055330e5c09a8653ce?s=96&d=mm&r=g","contentUrl":"https:\/\/secure.gravatar.com\/avatar\/9c877d1a6adc2a055330e5c09a8653ce?s=96&d=mm&r=g","caption":"Bruna Greco"}}]}},"_links":{"self":[{"href":"https:\/\/www.manaus.am.gov.br\/semtepi\/wp-json\/wp\/v2\/posts\/6695"}],"collection":[{"href":"https:\/\/www.manaus.am.gov.br\/semtepi\/wp-json\/wp\/v2\/posts"}],"about":[{"href":"https:\/\/www.manaus.am.gov.br\/semtepi\/wp-json\/wp\/v2\/types\/post"}],"author":[{"embeddable":true,"href":"https:\/\/www.manaus.am.gov.br\/semtepi\/wp-json\/wp\/v2\/users\/39"}],"replies":[{"embeddable":true,"href":"https:\/\/www.manaus.am.gov.br\/semtepi\/wp-json\/wp\/v2\/comments?post=6695"}],"version-history":[{"count":0,"href":"https:\/\/www.manaus.am.gov.br\/semtepi\/wp-json\/wp\/v2\/posts\/6695\/revisions"}],"wp:featuredmedia":[{"embeddable":true,"href":"https:\/\/www.manaus.am.gov.br\/semtepi\/wp-json\/wp\/v2\/media\/6476"}],"wp:attachment":[{"href":"https:\/\/www.manaus.am.gov.br\/semtepi\/wp-json\/wp\/v2\/media?parent=6695"}],"wp:term":[{"taxonomy":"category","embeddable":true,"href":"https:\/\/www.manaus.am.gov.br\/semtepi\/wp-json\/wp\/v2\/categories?post=6695"},{"taxonomy":"post_tag","embeddable":true,"href":"https:\/\/www.manaus.am.gov.br\/semtepi\/wp-json\/wp\/v2\/tags?post=6695"}],"curies":[{"name":"wp","href":"https:\/\/api.w.org\/{rel}","templated":true}]}}