{"id":6660,"date":"2025-07-24T14:04:07","date_gmt":"2025-07-24T18:04:07","guid":{"rendered":"https:\/\/www.manaus.am.gov.br\/semtepi\/sem-categoria\/prefeitura-sinemanaus-vagas2507\/"},"modified":"2025-07-24T14:04:08","modified_gmt":"2025-07-24T18:04:08","slug":"prefeitura-sinemanaus-vagas2507","status":"publish","type":"post","link":"https:\/\/www.manaus.am.gov.br\/semtepi\/oportunidade\/prefeitura-sinemanaus-vagas2507\/","title":{"rendered":"Sine Manaus oferta 513 vagas de emprego nesta sexta\u2013feira, 25\/7"},"content":{"rendered":"\n<p><a>A Prefeitura de Manaus, por meio do Sine Manaus, oferta 513 vagas de emprego em v\u00e1rias \u00e1reas de atua\u00e7\u00e3o, nesta sexta\u2013feira, 25\/7,&nbsp;das <\/a>8h \u00e0s 14h. O candidato pode validar a Carteira Digital e Previd\u00eancia Social (CTPS) no aplicativo \u201cCarteira de Trabalho Digital\u201d ou acessar o site&nbsp;<a href=\"http:\/\/gov.br\/trabalho\" target=\"_blank\" rel=\"noreferrer noopener\">http:\/\/gov.br\/trabalho<\/a>.<\/p>\n\n\n\n<p>Para participar da pr\u00e9\u2013sele\u00e7\u00e3o e concorrer a uma das vagas dispon\u00edveis, ou receber orienta\u00e7\u00e3o de cadastro, Carteira de Trabalho Digital e seguro\u2013desemprego, os candidatos devem comparecer a um dos postos do Sine Manaus: na avenida Constantino Nery, n\u00ba 1.272, bairro S\u00e3o Geraldo, zona Centro\u2013Sul; ou no shopping Phelippe Daou, na avenida Camapu\u00e3, n\u00ba 2.939, bairro Cidade de Deus, zona Norte.<\/p>\n\n\n\n<p>Os interessados devem estar munidos do comprovante de vacina\u00e7\u00e3o (Covid\u201319), curr\u00edculo, certificados de cursos e documentos pessoais (RG, CPF, PIS, CTPS, comprovante de escolaridade e resid\u00eancia). N\u00e3o \u00e9 necess\u00e1rio apresentar c\u00f3pias, somente os documentos originais.<\/p>\n\n\n\n<p>\u00c9 importante que os candidatos mantenham seus cadastros atualizados, especialmente ao finalizarem novas qualifica\u00e7\u00f5es. Para vagas espec\u00edficas, podem ser solicitados documentos adicionais, como cursos ou certifica\u00e7\u00f5es, por isso, \u00e9 essencial estar atento aos &#8220;Requisitos Obrigat\u00f3rios&#8221; de cada vaga.<\/p>\n\n\n\n<p>A Semtepi ressalta que, obedecendo ao disposto no artigo 5\u00ba, da Constitui\u00e7\u00e3o Federal, e ao artigo 373\u2013A, da Consolida\u00e7\u00e3o das Leis Trabalhistas (CLT), crit\u00e9rios referentes a sexo, idade, cor ou situa\u00e7\u00e3o familiar, n\u00e3o podem ser informados na divulga\u00e7\u00e3o das vagas disponibilizadas.<\/p>\n\n\n\n<p>Os candidatos devem estar cientes das diretrizes de vestimenta estabelecidas pelo \u00f3rg\u00e3o, as quais incluem a proibi\u00e7\u00e3o de vestimentas como bermudas, shorts, minissaias, camisetas regatas e chinelos durante a entrada.<\/p>\n\n\n\n<p><strong>Vagas Novas \u2013 256<\/strong><\/p>\n\n\n\n<p><strong>4 vagas \u2013 Vendedor Interno<\/strong><\/p>\n\n\n\n<p>Escolaridade \u2013 ensino m\u00e9dio completo;<\/p>\n\n\n\n<p>Experi\u00eancia \u2013 seis meses na Carteira de Trabalho;<\/p>\n\n\n\n<p>Requisitos Obrigat\u00f3rios \u2013 ter conhecimento de smartphones, residir na Zona Norte ou Leste e ter documenta\u00e7\u00e3o completa;<\/p>\n\n\n\n<p>Atividades \u2013 realizar a prospec\u00e7\u00e3o de clientes, venda de smartphones e acess\u00f3rios, atendimento ao cliente, atendimento online.<\/p>\n\n\n\n<p>Dispon\u00edvel at\u00e9 25\/7\/2025 ou encerramento da vaga.<\/p>\n\n\n\n<p><strong>2 vagas \u2013 Auxiliar de Pessoal<\/strong><\/p>\n\n\n\n<p>Escolaridade \u2013 ensino m\u00e9dio completo;<\/p>\n\n\n\n<p>Experi\u00eancia \u2013 seis meses na Carteira de Trabalho;<\/p>\n\n\n\n<p>Requisitos Obrigat\u00f3rios \u2013 ter curso de Inform\u00e1tica b\u00e1sica e ter documenta\u00e7\u00e3o completa;<\/p>\n\n\n\n<p>Atividades \u2013 realizar relat\u00f3rios, operar o sistema interno, receber documentos, auxiliar na folha de pagamento, arquivo e demais atividades do setor.<\/p>\n\n\n\n<p>Dispon\u00edvel at\u00e9 25\/7\/2025 ou encerramento da vaga.<\/p>\n\n\n\n<p><strong>3 vagas \u2013 T\u00e9cnico de Refrigera\u00e7\u00e3o<\/strong><\/p>\n\n\n\n<p>Escolaridade \u2013 ensino t\u00e9cnico completo em Refrigera\u00e7\u00e3o, Climatiza\u00e7\u00e3o ou Eletromec\u00e2nica;<\/p>\n\n\n\n<p>Experi\u00eancia \u2013 seis meses na Carteira de Trabalho;<\/p>\n\n\n\n<p>Requisitos Obrigat\u00f3rios \u2013 ter experi\u00eancia com manuten\u00e7\u00e3o e instala\u00e7\u00e3o de equipamentos de refrigera\u00e7\u00e3o industrial e ter documenta\u00e7\u00e3o completa (com dispensa militar);<\/p>\n\n\n\n<p>Atividades \u2013 atuar na manuten\u00e7\u00e3o preventiva e corretiva, split\u00e3o, chiller, hi wall, fan coil, cassette, vrf, sistema vrf.<\/p>\n\n\n\n<p>Dispon\u00edvel at\u00e9 25\/7\/2025 ou encerramento da vaga.<\/p>\n\n\n\n<p><strong>1 vaga \u2013 T\u00e9cnico em Seguran\u00e7a do Trabalho<\/strong><\/p>\n\n\n\n<p>Escolaridade \u2013 ensino t\u00e9cnico completo em Seguran\u00e7a do Trabalho;<\/p>\n\n\n\n<p>Experi\u00eancia \u2013 seis meses na Carteira de Trabalho;<\/p>\n\n\n\n<p>Requisitos Obrigat\u00f3rios \u2013 ter registro no MTE v\u00e1lido e ter documenta\u00e7\u00e3o completa (com dispensa militar);<\/p>\n\n\n\n<p>Atividades \u2013 identificar, analisar e controlar riscos de acidentes e doen\u00e7as ocupacionais no ambiente de trabalho; inspecionar locais, m\u00e1quinas, equipamentos e processos, garantindo o cumprimento das normas regulamentadoras; elaborar e implementar pol\u00edticas, planos e programas de preven\u00e7\u00e3o e seguran\u00e7a; promover treinamentos e campanhas de seguran\u00e7a, como uso de epi, combate a inc\u00eandios e primeiros socorros; investigar acidentes e incidentes, elaborando relat\u00f3rios e propondo medidas preventivas; acompanhar e fiscalizar o uso correto dos equipamentos de prote\u00e7\u00e3o individual; participar da elabora\u00e7\u00e3o e aplica\u00e7\u00e3o do ppra, ltcat, mapa de risco, entre outros documentos legais; atuar em parceria com a cipa e o sesmt na promo\u00e7\u00e3o da sa\u00fade e seguran\u00e7a do trabalho; realizar auditorias e emitir pareceres t\u00e9cnicos sobre condi\u00e7\u00f5es de seguran\u00e7a; controlar e organizar registros e estat\u00edsticas de acidentes e a\u00e7\u00f5es corretivas.<\/p>\n\n\n\n<p>Dispon\u00edvel at\u00e9 25\/7\/2025 ou encerramento da vaga.<\/p>\n\n\n\n<p><strong>2 vagas \u2013 Motorista<\/strong><\/p>\n\n\n\n<p>Escolaridade \u2013 ensino m\u00e9dio completo;<\/p>\n\n\n\n<p>Experi\u00eancia \u2013 seis meses na Carteira de Trabalho;<\/p>\n\n\n\n<p>Requisitos Obrigat\u00f3rios \u2013 ter Carteira Nacional de Habilita\u00e7\u00e3o categoria \u201cB\u201d e ter documenta\u00e7\u00e3o completa (com dispensa militar);<\/p>\n\n\n\n<p>Atividades \u2013 carga e descarga de materiais, transporte de pessoas, transporte de documentos.<\/p>\n\n\n\n<p>Dispon\u00edvel at\u00e9 25\/7\/2025 ou encerramento da vaga.<\/p>\n\n\n\n<p><strong>1 vaga \u2013 Motorista Carreteiro<\/strong><\/p>\n\n\n\n<p>Escolaridade \u2013 ensino m\u00e9dio completo;<\/p>\n\n\n\n<p>Experi\u00eancia \u2013 seis meses na Carteira de Trabalho;<\/p>\n\n\n\n<p>Requisitos Obrigat\u00f3rios \u2013 ter Carteira Nacional de Habilita\u00e7\u00e3o categoria \u201cE\u201d, curso MOPP, disponibilidade para viagens e ter documenta\u00e7\u00e3o completa (com dispensa militar);<\/p>\n\n\n\n<p>Atividades \u2013 dirigir carretas; carregamento e descarregamento da carga; acompanhamento e\/ou aux\u00edlio na carga e descarga de mercadorias; transporte interestadual e intermunicipal, seguindo itiner\u00e1rios previamente estabelecidos; garantir que a carga seja transportada corretamente, sem danos.<\/p>\n\n\n\n<p>Dispon\u00edvel at\u00e9 25\/7\/2025 ou encerramento da vaga.<\/p>\n\n\n\n<p><strong>1 vaga \u2013 Assistente de Marketing<\/strong><\/p>\n\n\n\n<p>Escolaridade \u2013 ensino superior completo ou cursando Marketing, Publicidade, Comunica\u00e7\u00e3o ou Comercial;<\/p>\n\n\n\n<p>Experi\u00eancia \u2013 seis meses na Carteira de Trabalho;<\/p>\n\n\n\n<p>Requisitos Obrigat\u00f3rios \u2013 ter conhecimento em ferramentas de marketing digital e ter documenta\u00e7\u00e3o completa;<\/p>\n\n\n\n<p>Atividades \u2013 planejar, coordenar e executar estrat\u00e9gias de marketing e endomarketing; acompanhar a\u00e7\u00f5es de campanhas e confirmar execu\u00e7\u00f5es locais; registrar e auxiliar demandas recebidas dos distribuidores e equipe comercial; manuten\u00e7\u00e3o e fortalecimento da marca; apoiar em tarefas cotidianas do marketing, como organiza\u00e7\u00e3o de arquivos, atualiza\u00e7\u00e3o de listas, controle de brindes e materiais de campanha, incluindo redes sociais, site, e\u2013mail marketing; corretamente, sem danos.<\/p>\n\n\n\n<p>Dispon\u00edvel at\u00e9 25\/7\/2025 ou encerramento da vaga.<\/p>\n\n\n\n<p><strong>1 vaga \u2013 Auxiliar de Produ\u00e7\u00e3o (Eletr\u00f4nicos) \u2013 Vaga exclusiva para Pessoa com Defici\u00eancia (PcD)<\/strong><\/p>\n\n\n\n<p>Escolaridade \u2013 ensino m\u00e9dio completo;<\/p>\n\n\n\n<p>Experi\u00eancia \u2013 seis meses na Carteira de Trabalho;<\/p>\n\n\n\n<p>Requisitos Obrigat\u00f3rios \u2013 ter documenta\u00e7\u00e3o completa;<\/p>\n\n\n\n<p>Atividades \u2013 realizar atividades nos setores produtivos conforme instru\u00e7\u00f5es de trabalho.<\/p>\n\n\n\n<p>Dispon\u00edvel at\u00e9 25\/7\/2025 ou encerramento da vaga.<\/p>\n\n\n\n<p><strong>1 vaga \u2013 Vendedor<\/strong><\/p>\n\n\n\n<p>Escolaridade \u2013 ensino m\u00e9dio completo;<\/p>\n\n\n\n<p>Experi\u00eancia \u2013 seis meses na Carteira de Trabalho;<\/p>\n\n\n\n<p>Requisitos Obrigat\u00f3rios \u2013 ter disponibilidade para trabalhar em Autazes, Careiro da V\u00e1rzea e Castanho, Manaquiri, Carteira Nacional de Habilita\u00e7\u00e3o categoria \u201cA\u201d, ter ve\u00edculo pr\u00f3prio e ter documenta\u00e7\u00e3o completa;<\/p>\n\n\n\n<p>Atividades \u2013 vender produtos e servi\u00e7os em resid\u00eancias e escrit\u00f3rios; planejar e discutir metas e estrat\u00e9gias de venda; contatar, visitar e entrevistar clientes; demonstrar produtos, avaliar o perfil dos clientes e fechar contratos de vendas; orientar, informar e visitar clientes no p\u00f3s\u2013venda; acompanhar entrega de produtos, requisitar manuten\u00e7\u00e3o de produtos; relacionar\u2013se com setores da empresa.<\/p>\n\n\n\n<p>Dispon\u00edvel at\u00e9 25\/7\/2025 ou encerramento da vaga.<\/p>\n\n\n\n<p><strong>1 vaga \u2013 Auxiliar de Servi\u00e7os Gerais<\/strong><\/p>\n\n\n\n<p>Escolaridade \u2013 ensino m\u00e9dio completo;<\/p>\n\n\n\n<p>Experi\u00eancia \u2013 seis meses na Carteira de Trabalho;<\/p>\n\n\n\n<p>Requisitos Obrigat\u00f3rios \u2013 ter documenta\u00e7\u00e3o completa;<\/p>\n\n\n\n<p>Atividades \u2013 proceder a limpeza de todos os ambientes da unidade; higienizar equipamentos e utens\u00edlios; zelar pela organiza\u00e7\u00e3o e limpeza do setor; realizar quando necess\u00e1rio atividade referente \u00e0s fun\u00e7\u00f5es de auxiliar de cozinha; fazer invent\u00e1rio de utens\u00edlios; avisar a supervis\u00e3o sobre a necessidade de manuten\u00e7\u00e3o ou conserto em equipamentos; manter o cronograma de limpeza em dia; ser agente consciente do seu papel profissional e de suas responsabilidades para com os resultados de excel\u00eancia esperados, zelar pelo comportamento e conduta estejam enquadrados nos princ\u00edpios \u00e9ticos.<\/p>\n\n\n\n<p>Dispon\u00edvel at\u00e9 25\/7\/2025 ou encerramento da vaga.<\/p>\n\n\n\n<p><strong>2 vagas \u2013 Auxiliar de Servi\u00e7os Gerais<\/strong><\/p>\n\n\n\n<p>Escolaridade \u2013 ensino fundamental completo;<\/p>\n\n\n\n<p>Experi\u00eancia \u2013 seis meses na Carteira de Trabalho;<\/p>\n\n\n\n<p>Requisitos Obrigat\u00f3rios \u2013 ter experi\u00eancia em limpeza de cozinha e ter documenta\u00e7\u00e3o completa (com dispensa militar);<\/p>\n\n\n\n<p>Atividades \u2013 executar servi\u00e7os de limpeza; substituir, trocar, limpar, reparar e instalar pe\u00e7as, componentes e equipamentos; conservar vidros e fachadas, limpar recintos e acess\u00f3rios.<\/p>\n\n\n\n<p>Dispon\u00edvel at\u00e9 25\/7\/2025 ou encerramento da vaga.<\/p>\n\n\n\n<p><strong>25 vagas \u2013 Auxiliar de Cozinha<\/strong><\/p>\n\n\n\n<p>Escolaridade \u2013 ensino m\u00e9dio completo;<\/p>\n\n\n\n<p>Experi\u00eancia \u2013 tr\u00eas meses na Carteira de Trabalho;<\/p>\n\n\n\n<p>Requisitos Obrigat\u00f3rios \u2013 ter documenta\u00e7\u00e3o completa;<\/p>\n\n\n\n<p>Atividades \u2013 auxiliar no preparo das refei\u00e7\u00f5es, sobremesas, lanches; manter a ordem e a limpeza da cozinha, procedendo a coleta e a lavagem das bandejas, talheres; auxiliar no servi\u00e7o de copeiragem em geral e na montagem dos balc\u00f5es t\u00e9rmicos.<\/p>\n\n\n\n<p>Dispon\u00edvel at\u00e9 25\/7\/2025 ou encerramento da vaga.<\/p>\n\n\n\n<p><strong>10 vagas \u2013 Repositor<\/strong><\/p>\n\n\n\n<p>Escolaridade \u2013 ensino m\u00e9dio completo;<\/p>\n\n\n\n<p>Experi\u00eancia \u2013 n\u00e3o \u00e9 necess\u00e1rio;<\/p>\n\n\n\n<p>Requisitos Obrigat\u00f3rios \u2013 ter documenta\u00e7\u00e3o completa (com dispensa militar);<\/p>\n\n\n\n<p>Atividades \u2013 organizar e abastecer as g\u00f4ndolas com esses produtos; atender aos clientes e assegurar que os produtos est\u00e3o em boas condi\u00e7\u00f5es de venda.<\/p>\n\n\n\n<p>Dispon\u00edvel at\u00e9 25\/7\/2025 ou encerramento da vaga.<\/p>\n\n\n\n<p><strong>10 vagas \u2013 Operador de Loja<\/strong><\/p>\n\n\n\n<p>Escolaridade \u2013 ensino m\u00e9dio completo;<\/p>\n\n\n\n<p>Experi\u00eancia \u2013 n\u00e3o \u00e9 necess\u00e1rio;<\/p>\n\n\n\n<p>Requisitos Obrigat\u00f3rios \u2013 ter documenta\u00e7\u00e3o completa (com dispensa militar);<\/p>\n\n\n\n<p>Atividades \u2013 auxiliar os clientes na escolha; controlar entrada e sa\u00edda de mercadorias; promover a venda de mercadorias, demonstrando seu funcionamento, oferecendo\u2013as para degusta\u00e7\u00e3o ou distribuindo amostras das mesmas; informar sobre suas qualidades e vantagens de aquisi\u00e7\u00e3o; expor mercadorias de forma atrativa, em pontos estrat\u00e9gicos de vendas, com etiquetas de pre\u00e7o; abastecer pontos de venda, g\u00f4ndolas e balc\u00f5es e atendem clientes em lojas e mercados; fazer invent\u00e1rio de mercadorias para reposi\u00e7\u00e3o.<\/p>\n\n\n\n<p>Dispon\u00edvel at\u00e9 25\/7\/2025 ou encerramento da vaga.<\/p>\n\n\n\n<p><strong>1 vaga \u2013 Promotor de vendas<\/strong><\/p>\n\n\n\n<p>Escolaridade \u2013 ensino m\u00e9dio completo;<\/p>\n\n\n\n<p>Experi\u00eancia \u2013 seis meses na Carteira de Trabalho;<\/p>\n\n\n\n<p>Requisitos Obrigat\u00f3rios \u2013 ter curso de Atendimento ao Cliente, Recep\u00e7\u00e3o, Excel b\u00e1sico ou avan\u00e7ado e ter documenta\u00e7\u00e3o completa;<\/p>\n\n\n\n<p>Atividades \u2013 receber os clientes no ponto de venda, apresentar os produtos, tirar d\u00favidas, oferecer demonstra\u00e7\u00f5es e auxiliar na decis\u00e3o de compra.<\/p>\n\n\n\n<p>Dispon\u00edvel at\u00e9 25\/7\/2025 ou encerramento da vaga.<\/p>\n\n\n\n<p><strong>20 vagas \u2013 Cozinheiro<\/strong><\/p>\n\n\n\n<p>Escolaridade \u2013 ensino fundamental completo;<\/p>\n\n\n\n<p>Experi\u00eancia \u2013 seis meses na Carteira de Trabalho;<\/p>\n\n\n\n<p>Requisitos Obrigat\u00f3rios \u2013 ter documenta\u00e7\u00e3o completa;<\/p>\n\n\n\n<p>Atividades \u2013 atuar no preparo dos alimentos de acordo com a programa\u00e7\u00e3o do card\u00e1pio, corte das prote\u00ednas, acompanhar a manipula\u00e7\u00e3o, acompanhar a manipula\u00e7\u00e3o do alimento e a reposi\u00e7\u00e3o do alimento nas cubas; fazer a manuten\u00e7\u00e3o da higieniza\u00e7\u00e3o e organiza\u00e7\u00e3o da sua \u00e1rea de trabalho; auxiliar na elabora\u00e7\u00e3o de pedidos de materiais e solicitar utens\u00edlios de cozinha na falta desses; solicitar manuten\u00e7\u00e3o de equipamentos de cozinha.<\/p>\n\n\n\n<p>Dispon\u00edvel at\u00e9 25\/7\/2025 ou encerramento da vaga.<\/p>\n\n\n\n<p><strong>20 vagas \u2013 Ajudante de Cozinha<\/strong><\/p>\n\n\n\n<p>Escolaridade \u2013 ensino fundamental completo;<\/p>\n\n\n\n<p>Experi\u00eancia \u2013 seis meses na Carteira de Trabalho ou avulsa;<\/p>\n\n\n\n<p>Requisitos Obrigat\u00f3rios \u2013 ter documenta\u00e7\u00e3o completa;<\/p>\n\n\n\n<p>Atividades \u2013 ajudar os cozinheiros em suas obriga\u00e7\u00f5es, auxiliar na separa\u00e7\u00e3o dos materiais aliment\u00edcios de acordo com o card\u00e1pio programado, lavar e higienizar hortifruti e estavas; cortar verduras, legumes e prote\u00ednas; auxiliar na prepara\u00e7\u00e3o dos alimentos; acondicionar as refei\u00e7\u00f5es nas cubas, refrat\u00e1rios, para atendimento; auxiliar na manuten\u00e7\u00e3o da limpeza, higieniza\u00e7\u00e3o e organiza\u00e7\u00e3o da sua \u00e1rea de trabalho.<\/p>\n\n\n\n<p>Dispon\u00edvel at\u00e9 25\/7\/2025 ou encerramento da vaga.<\/p>\n\n\n\n<p><strong>10 vagas \u2013 Supervisor de Unidade de Alimenta\u00e7\u00e3o<\/strong><\/p>\n\n\n\n<p>Escolaridade \u2013 ensino m\u00e9dio completo ou ensino t\u00e9cnico em Nutri\u00e7\u00e3o ou Gastronomia;<\/p>\n\n\n\n<p>Experi\u00eancia \u2013 seis meses na Carteira de Trabalho;<\/p>\n\n\n\n<p>Requisitos Obrigat\u00f3rios \u2013 ter experi\u00eancia na \u00e1rea de cozinha industrial e ter documenta\u00e7\u00e3o completa;<\/p>\n\n\n\n<p>Atividades \u2013 supervisionar atividades da equipe de produ\u00e7\u00e3o, acompanhando, controlando e buscando todos os recursos dispon\u00edveis e necess\u00e1rios para o perfeito atendimento do cliente; distribuir, supervisionar e controlar as atividades de limpeza, higieniza\u00e7\u00e3o, organiza\u00e7\u00e3o, executar pedidos de materiais, executar, controlar, pedidos de utens\u00edlios e equipamentos, monitorando a satisfa\u00e7\u00e3o, verificando ocorr\u00eancias\/reclama\u00e7\u00f5es e sugest\u00f5es, propor melhorias, visando a satisfa\u00e7\u00e3o dos clientes, autonomia para contratar e desligar pessoal, acompanhar equipe operacional, nos aspectos comportamentais, avaliar desempenho de pessoal, conscientizar, acompanhar, dar suporte para colaboradores em todos os aspectos de desempenho no atendimento do cliente, executar eventos, utilizando todos os recursos dispon\u00edveis para satisfa\u00e7\u00e3o dos colaboradores, agir proativamente para solu\u00e7\u00f5es de problemas no atendimento.<\/p>\n\n\n\n<p>Dispon\u00edvel at\u00e9 25\/7\/2025 ou encerramento da vaga.<\/p>\n\n\n\n<p><strong>10 vagas \u2013 Nutricionista<\/strong><\/p>\n\n\n\n<p>Escolaridade \u2013 ensino superior completo em Nutri\u00e7\u00e3o;<\/p>\n\n\n\n<p>Experi\u00eancia \u2013 seis meses na Carteira de Trabalho;<\/p>\n\n\n\n<p>Requisitos Obrigat\u00f3rios \u2013 ter CRN ativo, experi\u00eancia em cozinha industrial, supervis\u00e3o de franquias de alimenta\u00e7\u00e3o ou restaurantes, disponibilidade de hor\u00e1rio e ter documenta\u00e7\u00e3o completa;<\/p>\n\n\n\n<p>Atividades \u2013 supervisionar atividades da equipe de produ\u00e7\u00e3o, acompanhando, controlando e buscando todos os recursos dispon\u00edveis e necess\u00e1rios para o perfeito atendimento do cliente; distribuir, supervisionar e controlar as atividades de limpeza, higieniza\u00e7\u00e3o, organiza\u00e7\u00e3o; executar pedidos de materiais; executar, controlar pedidos de utens\u00edlios e equipamentos; monitorando a satisfa\u00e7\u00e3o, verificando ocorr\u00eancias\/reclama\u00e7\u00f5es e sugest\u00f5es; propor melhorias, visando a satisfa\u00e7\u00e3o dos clientes; acompanhar equipe operacional, nos aspectos comportamentais, avaliar desempenho de pessoal, levando o feedback ao superior imediato para tomada de decis\u00e3o; conscientizar, acompanhar e dar suporte para colaboradores em todos os aspectos de desempenho no atendimento do cliente; executar eventos, utilizando todos os recursos dispon\u00edveis para a satisfa\u00e7\u00e3o dos colaboradores; agir pr\u00f3\u2013ativamente para solu\u00e7\u00f5es de problemas no atendimento.<\/p>\n\n\n\n<p>Dispon\u00edvel at\u00e9 25\/7\/2025 ou encerramento da vaga.<\/p>\n\n\n\n<p><strong>15 vagas \u2013 Consultor de Vendas<\/strong><\/p>\n\n\n\n<p>Escolaridade \u2013 ensino m\u00e9dio completo;<\/p>\n\n\n\n<p>Experi\u00eancia \u2013 seis meses na Carteira de Trabalho;<\/p>\n\n\n\n<p>Requisitos Obrigat\u00f3rios \u2013 ter experi\u00eancia em drogaria e ter documenta\u00e7\u00e3o completa;<\/p>\n\n\n\n<p>Atividades \u2013 atender clientes com cordialidade, identificando necessidades e oferecendo solu\u00e7\u00f5es; realizar vendas de medicamentos e produtos de perfumaria e higiene.<\/p>\n\n\n\n<p>Dispon\u00edvel at\u00e9 25\/7\/2025 ou encerramento da vaga.<\/p>\n\n\n\n<p><strong>1 vaga \u2013 Comprador<\/strong><\/p>\n\n\n\n<p>Escolaridade \u2013 ensino m\u00e9dio completo;<\/p>\n\n\n\n<p>Experi\u00eancia \u2013 seis meses na Carteira de Trabalho;<\/p>\n\n\n\n<p>Requisitos Obrigat\u00f3rios \u2013 ter experi\u00eancia com compras de medicamentos e ter documenta\u00e7\u00e3o completa;<\/p>\n\n\n\n<p>Atividades \u2013 analisar as compras de materiais, equipamentos, mat\u00e9rias\u2013primas e servi\u00e7os, realizar cota\u00e7\u00e3o e negocia\u00e7\u00e3o com fornecedores, emitir pedidos e acompanhar o fluxo de entrega para cumprimento de todas as condi\u00e7\u00f5es negociadas.<\/p>\n\n\n\n<p>Dispon\u00edvel at\u00e9 25\/7\/2025 ou encerramento da vaga.<\/p>\n\n\n\n<p><strong>1 vaga \u2013 Farmac\u00eautico<\/strong><\/p>\n\n\n\n<p>Escolaridade \u2013 ensino superior completo em Farm\u00e1cia;<\/p>\n\n\n\n<p>Experi\u00eancia \u2013 seis meses na Carteira de Trabalho;<\/p>\n\n\n\n<p>Requisitos Obrigat\u00f3rios \u2013 ter documenta\u00e7\u00e3o completa;<\/p>\n\n\n\n<p>Atividades \u2013 realizar controle de documentos, a supervis\u00e3o do armazenamento e transporte, a qualifica\u00e7\u00e3o de fornecedores e clientes, e a elabora\u00e7\u00e3o de manuais de boas pr\u00e1ticas; acompanhar auditorias, inspe\u00e7\u00f5es sanit\u00e1rias e garantir o cumprimento das legisla\u00e7\u00f5es vigentes.<\/p>\n\n\n\n<p>Dispon\u00edvel at\u00e9 25\/7\/2025 ou encerramento da vaga.<\/p>\n\n\n\n<p><strong>1 vaga \u2013 Atendimento de Alarme<\/strong><\/p>\n\n\n\n<p>Escolaridade \u2013 ensino m\u00e9dio completo;<\/p>\n\n\n\n<p>Experi\u00eancia \u2013 n\u00e3o \u00e9 necess\u00e1rio;<\/p>\n\n\n\n<p>Requisitos Obrigat\u00f3rios \u2013 ter Carteira Nacional de Habilita\u00e7\u00e3o categoria \u201cA\u201d e ter documenta\u00e7\u00e3o completa (com dispensa militar);<\/p>\n\n\n\n<p>Atividades \u2013 para trabalhar hor\u00e1rio comercial atendendo alarme e ronda.<\/p>\n\n\n\n<p>Dispon\u00edvel at\u00e9 25\/7\/2025 ou encerramento da vaga.<\/p>\n\n\n\n<p><strong>1 vaga \u2013 Servente de Obras<\/strong><\/p>\n\n\n\n<p>Escolaridade \u2013 ensino fundamental completo;<\/p>\n\n\n\n<p>Experi\u00eancia \u2013 seis meses na Carteira de Trabalho;<\/p>\n\n\n\n<p>Requisitos Obrigat\u00f3rios \u2013 ter documenta\u00e7\u00e3o completa (com dispensa militar);<\/p>\n\n\n\n<p>Atividades \u2013 auxiliar pedreiros, carpinteiros, armadores e outros profissionais da constru\u00e7\u00e3o civil no preparo de materiais, limpeza e organiza\u00e7\u00e3o do canteiro de obras.<\/p>\n\n\n\n<p>Dispon\u00edvel at\u00e9 25\/7\/2025 ou encerramento da vaga.<\/p>\n\n\n\n<p><strong>3 vagas \u2013 Atendente<\/strong><\/p>\n\n\n\n<p>Escolaridade \u2013 ensino m\u00e9dio completo;<\/p>\n\n\n\n<p>Experi\u00eancia \u2013 n\u00e3o \u00e9 necess\u00e1rio;<\/p>\n\n\n\n<p>Requisitos Obrigat\u00f3rios \u2013 ter disponibilidade de hor\u00e1rio, residir na Zona Oeste e ter documenta\u00e7\u00e3o completa;<\/p>\n\n\n\n<p>Atividades \u2013 atendimento ao cliente.<\/p>\n\n\n\n<p>Dispon\u00edvel at\u00e9 25\/7\/2025 ou encerramento da vaga.<\/p>\n\n\n\n<p><strong>1 vaga \u2013 Padeiro<\/strong><\/p>\n\n\n\n<p>Escolaridade \u2013 ensino m\u00e9dio completo;<\/p>\n\n\n\n<p>Experi\u00eancia \u2013 tr\u00eas meses na Carteira de Trabalho;<\/p>\n\n\n\n<p>Requisitos Obrigat\u00f3rios \u2013 ter disponibilidade de hor\u00e1rio, residir na Zona Oeste e ter documenta\u00e7\u00e3o completa;<\/p>\n\n\n\n<p>Atividades \u2013 preparar e assar diversos tipos de p\u00e3es, bolos e outros produtos de panifica\u00e7\u00e3o, utilizando t\u00e9cnicas e equipamentos espec\u00edficos.<\/p>\n\n\n\n<p>Dispon\u00edvel at\u00e9 25\/7\/2025 ou encerramento da vaga.<\/p>\n\n\n\n<p><strong>3 vagas \u2013 Auxiliar de Produ\u00e7\u00e3o<\/strong><\/p>\n\n\n\n<p>Escolaridade \u2013 ensino m\u00e9dio completo;<\/p>\n\n\n\n<p>Experi\u00eancia \u2013 n\u00e3o \u00e9 necess\u00e1rio;<\/p>\n\n\n\n<p>Requisitos Obrigat\u00f3rios \u2013 residir na Zona Oeste e ter documenta\u00e7\u00e3o completa (com dispensa militar);<\/p>\n\n\n\n<p>Atividades \u2013 produ\u00e7\u00e3o de p\u00e3es.<\/p>\n\n\n\n<p>Dispon\u00edvel at\u00e9 25\/7\/2025 ou encerramento da vaga.<\/p>\n\n\n\n<p><strong>10 vagas \u2013 Atendente de Lanchonete<\/strong><\/p>\n\n\n\n<p>Escolaridade \u2013 ensino m\u00e9dio completo;<\/p>\n\n\n\n<p>Experi\u00eancia \u2013 n\u00e3o \u00e9 necess\u00e1rio;<\/p>\n\n\n\n<p>Requisitos Obrigat\u00f3rios \u2013 ter documenta\u00e7\u00e3o completa;<\/p>\n\n\n\n<p>Atividades \u2013 preparo de lanches e suas finaliza\u00e7\u00f5es; manipula\u00e7\u00e3o de m\u00e1quinas de caf\u00e9; extra\u00e7\u00e3o de bebidas quentes; pedidos: comanda, abertura e fechamento de contas e formas de pagamento.<\/p>\n\n\n\n<p>Dispon\u00edvel at\u00e9 25\/7\/2025 ou encerramento da vaga.<\/p>\n\n\n\n<p><strong>10 vagas \u2013 Pizzaiolo<\/strong><\/p>\n\n\n\n<p>Escolaridade \u2013 ensino m\u00e9dio completo;<\/p>\n\n\n\n<p>Experi\u00eancia \u2013 seis meses na Carteira de Trabalho;<\/p>\n\n\n\n<p>Requisitos Obrigat\u00f3rios \u2013 ter documenta\u00e7\u00e3o completa;<\/p>\n\n\n\n<p>Atividades \u2013 respons\u00e1vel pelo preparo e cozimento de pizzas, abrangendo desde a elabora\u00e7\u00e3o da massa at\u00e9 a montagem e finaliza\u00e7\u00e3o do prato.<\/p>\n\n\n\n<p>Dispon\u00edvel at\u00e9 25\/7\/2025 ou encerramento da vaga.<\/p>\n\n\n\n<p><strong>10 vagas \u2013 Auxiliar de Pizzaiolo<\/strong><\/p>\n\n\n\n<p>Escolaridade \u2013 ensino m\u00e9dio completo;<\/p>\n\n\n\n<p>Experi\u00eancia \u2013 seis meses na Carteira de Trabalho;<\/p>\n\n\n\n<p>Requisitos Obrigat\u00f3rios \u2013 ter documenta\u00e7\u00e3o completa;<\/p>\n\n\n\n<p>Atividades \u2013 auxiliar no preparo das pizzas, desde a organiza\u00e7\u00e3o e limpeza do ambiente de trabalho at\u00e9 o pr\u00e9\u2013preparo e montagem dos ingredientes.<\/p>\n\n\n\n<p>Dispon\u00edvel at\u00e9 25\/7\/2025 ou encerramento da vaga.<\/p>\n\n\n\n<p><strong>10 vagas \u2013 Auxiliar de Sushiman<\/strong><\/p>\n\n\n\n<p>Escolaridade \u2013 ensino m\u00e9dio completo;<\/p>\n\n\n\n<p>Experi\u00eancia \u2013 seis meses na Carteira de Trabalho;<\/p>\n\n\n\n<p>Requisitos Obrigat\u00f3rios \u2013 ter documenta\u00e7\u00e3o completa;<\/p>\n\n\n\n<p>Atividades \u2013 auxiliar o sushiman na prepara\u00e7\u00e3o de pratos de comida japonesa, como sushis e sashimis.<\/p>\n\n\n\n<p>Dispon\u00edvel at\u00e9 25\/7\/2025 ou encerramento da vaga.<\/p>\n\n\n\n<p><strong>10 vagas \u2013 Gar\u00e7om<\/strong><\/p>\n\n\n\n<p>Escolaridade \u2013 ensino m\u00e9dio completo;<\/p>\n\n\n\n<p>Experi\u00eancia \u2013 seis meses na Carteira de Trabalho;<\/p>\n\n\n\n<p>Requisitos Obrigat\u00f3rios \u2013 ter documenta\u00e7\u00e3o completa;<\/p>\n\n\n\n<p>Atividades \u2013 recepcionar os clientes, apresentar o card\u00e1pio, anotar os pedidos, servir alimentos e bebidas, e manter a limpeza e organiza\u00e7\u00e3o das mesas.<\/p>\n\n\n\n<p>Dispon\u00edvel at\u00e9 25\/7\/2025 ou encerramento da vaga.<\/p>\n\n\n\n<p><strong>10 vagas \u2013 Cozinheiro<\/strong><\/p>\n\n\n\n<p>Escolaridade \u2013 ensino m\u00e9dio completo;<\/p>\n\n\n\n<p>Experi\u00eancia \u2013 seis meses na Carteira de Trabalho;<\/p>\n\n\n\n<p>Requisitos Obrigat\u00f3rios \u2013 ter documenta\u00e7\u00e3o completa;<\/p>\n\n\n\n<p>Atividades \u2013 prepara\u00e7\u00e3o de alimentos, como lavar, cortar e descascar ingredientes, auxiliar no preparo de pratos, manter a ordem e a limpeza da cozinha, higienizar utens\u00edlios e equipamentos, controlar o estoque de alimentos e garantir a seguran\u00e7a alimentar.<\/p>\n\n\n\n<p>Dispon\u00edvel at\u00e9 25\/7\/2025 ou encerramento da vaga.<\/p>\n\n\n\n<p><strong>10 vagas \u2013 Auxiliar de Cozinha<\/strong><\/p>\n\n\n\n<p>Escolaridade \u2013 ensino m\u00e9dio completo;<\/p>\n\n\n\n<p>Experi\u00eancia \u2013 seis meses na Carteira de Trabalho;<\/p>\n\n\n\n<p>Requisitos Obrigat\u00f3rios \u2013 ter documenta\u00e7\u00e3o completa;<\/p>\n\n\n\n<p>Atividades \u2013 selecionar e preparar ingredientes, cozinhar usando diversas t\u00e9cnicas, montar pratos, manter a cozinha limpa e seguir normas de seguran\u00e7a alimentar.<\/p>\n\n\n\n<p>Dispon\u00edvel at\u00e9 25\/7\/2025 ou encerramento da vaga.<\/p>\n\n\n\n<p><strong>10 vagas \u2013 Sushiman<\/strong><\/p>\n\n\n\n<p>Escolaridade \u2013 ensino m\u00e9dio completo;<\/p>\n\n\n\n<p>Experi\u00eancia \u2013 seis meses na Carteira de Trabalho;<\/p>\n\n\n\n<p>Requisitos Obrigat\u00f3rios \u2013 ter documenta\u00e7\u00e3o completa;<\/p>\n\n\n\n<p>Atividades \u2013 sele\u00e7\u00e3o e prepara\u00e7\u00e3o de ingredientes, como peixes e frutos do mar, a montagem dos pratos de acordo com as t\u00e9cnicas tradicionais e a garantia da higiene e seguran\u00e7a alimentar.<\/p>\n\n\n\n<p>Dispon\u00edvel at\u00e9 25\/7\/2025 ou encerramento da vaga.<\/p>\n\n\n\n<p><strong>1 vaga \u2013 T\u00e9cnico em Seguran\u00e7a do Trabalho<\/strong><\/p>\n\n\n\n<p>Escolaridade \u2013 ensino t\u00e9cnico completo em Seguran\u00e7a do Trabalho;<\/p>\n\n\n\n<p>Experi\u00eancia \u2013 registrada na Carteira de Trabalho;<\/p>\n\n\n\n<p>Requisitos Obrigat\u00f3rios \u2013 ter documenta\u00e7\u00e3o completa;<\/p>\n\n\n\n<p>Atividades \u2013 orientar, coordenar o sistema de seguran\u00e7a do trabalho, investigar riscos e causas de acidente, analisar e promover alternativas para preven\u00e7\u00e3o, inspecionar locais e equipamentos e determinar fatores de risco; realizar investiga\u00e7\u00e3o de acidente, elaborar relat\u00f3rios de acidente de trabalho, fazer CAT, ter conhecimento em inform\u00e1tica, para que possa desenvolver trabalhos relacionados a fun\u00e7\u00e3o e demais atividades pertinentes a fun\u00e7\u00e3o.<\/p>\n\n\n\n<p>Dispon\u00edvel at\u00e9 25\/7\/2025 ou encerramento da vaga.<\/p>\n\n\n\n<p><strong>1 vaga \u2013 Assistente Administrativo<\/strong><\/p>\n\n\n\n<p>Escolaridade \u2013 ensino m\u00e9dio completo ou ensino superior completo em Administra\u00e7\u00e3o;<\/p>\n\n\n\n<p>Experi\u00eancia \u2013 registrada na Carteira de Trabalho;<\/p>\n\n\n\n<p>Requisitos Obrigat\u00f3rios \u2013 ter documenta\u00e7\u00e3o completa;<\/p>\n\n\n\n<p>Atividades \u2013 emiss\u00e3o de notas fiscais, controle de contas a pagar e receber, compras, gest\u00e3o de e\u2013mails, comunica\u00e7\u00e3o com clientes, fornecedores e colaboradores; arquivamento, digitaliza\u00e7\u00e3o, organiza\u00e7\u00e3o e controle, sejam f\u00edsicos ou eletr\u00f4nicos, atuando em sistemas; elabora\u00e7\u00e3o de relat\u00f3rios e planilhas, relacionadas ao setor e demais atividades inerentes a fun\u00e7\u00e3o.<\/p>\n\n\n\n<p>Dispon\u00edvel at\u00e9 25\/7\/2025 ou encerramento da vaga.<\/p>\n\n\n\n<p><strong>1 vaga \u2013 Auxiliar de Limpeza<\/strong><\/p>\n\n\n\n<p>Escolaridade \u2013 ensino m\u00e9dio completo;<\/p>\n\n\n\n<p>Experi\u00eancia \u2013 seis meses na Carteira de Trabalho;<\/p>\n\n\n\n<p>Requisitos Obrigat\u00f3rios \u2013 ter documenta\u00e7\u00e3o completa (com dispensa militar);<\/p>\n\n\n\n<p>Atividades \u2013 executar trabalhos de limpeza e conserva\u00e7\u00e3o em geral nas depend\u00eancias internas e externas da empresa, bem como servi\u00e7os de coleta de res\u00edduos.<\/p>\n\n\n\n<p>Dispon\u00edvel at\u00e9 25\/7\/2025 ou encerramento da vaga.<\/p>\n\n\n\n<p><strong>6 vagas \u2013 Promotor de Vendas<\/strong><\/p>\n\n\n\n<p>Escolaridade \u2013 ensino m\u00e9dio completo;<\/p>\n\n\n\n<p>Experi\u00eancia \u2013 seis meses na Carteira de Trabalho;<\/p>\n\n\n\n<p>Requisitos Obrigat\u00f3rios \u2013 ter ve\u00edculo pr\u00f3prio e ter documenta\u00e7\u00e3o completa (com dispensa militar);<\/p>\n\n\n\n<p>Atividades \u2013 apresentar a empresa, demonstrar produtos, esclarecer d\u00favidas e distribuir amostras gr\u00e1tis.<\/p>\n\n\n\n<p>Dispon\u00edvel at\u00e9 25\/7\/2025 ou encerramento da vaga.<\/p>\n\n\n\n<p><strong>8 vagas \u2013 Fiel de Dep\u00f3sito<\/strong><\/p>\n\n\n\n<p>Escolaridade \u2013 ensino m\u00e9dio completo;<\/p>\n\n\n\n<p>Experi\u00eancia \u2013 seis meses na Carteira de Trabalho;<\/p>\n\n\n\n<p>Requisitos Obrigat\u00f3rios \u2013 ter documenta\u00e7\u00e3o completa (com dispensa militar);<\/p>\n\n\n\n<p>Atividades \u2013 receber, conferir e armazenar mercadorias, mantendo o controle do estoque por meio de registros e sistemas informatizados.<\/p>\n\n\n\n<p>Dispon\u00edvel at\u00e9 25\/7\/2025 ou encerramento da vaga.<\/p>\n\n\n\n<p><strong>5 vagas \u2013 Motorista de Caminh\u00e3o<\/strong><\/p>\n\n\n\n<p>Escolaridade \u2013 ensino m\u00e9dio completo;<\/p>\n\n\n\n<p>Experi\u00eancia \u2013 registrada na Carteira de Trabalho;<\/p>\n\n\n\n<p>Requisitos Obrigat\u00f3rios \u2013 ter Carteira Nacional de Habilita\u00e7\u00e3o categoria \u201cD\u201d e ter documenta\u00e7\u00e3o completa (com dispensa militar);<\/p>\n\n\n\n<p>Atividades \u2013 trabalhar com seguran\u00e7a, definir rotas, transportar cargas.<\/p>\n\n\n\n<p>Dispon\u00edvel at\u00e9 25\/7\/2025 ou encerramento da vaga.<\/p>\n\n\n\n<p><strong>3 vagas \u2013 Auxiliar de Produ\u00e7\u00e3o<\/strong><\/p>\n\n\n\n<p>Escolaridade \u2013 ensino m\u00e9dio completo;<\/p>\n\n\n\n<p>Experi\u00eancia \u2013 seis meses na Carteira de Trabalho;<\/p>\n\n\n\n<p>Requisitos Obrigat\u00f3rios \u2013 ter documenta\u00e7\u00e3o completa (com dispensa militar);<\/p>\n\n\n\n<p>Atividades \u2013 atuar em diversas etapas do processo, como controlar o estoque de mat\u00e9ria\u2013prima, separar as pe\u00e7as para a montagem, conferir o funcionamento das m\u00e1quinas, embalar os produtos, realizar a limpeza e manuten\u00e7\u00e3o das instala\u00e7\u00f5es e atender a outras demandas de produ\u00e7\u00e3o.<\/p>\n\n\n\n<p>Dispon\u00edvel at\u00e9 25\/7\/2025 ou encerramento da vaga.<\/p>\n\n\n\n<p><strong>Vagas no Com\u00e9rcio \u2013 1<\/strong><\/p>\n\n\n\n<p><strong>1 vaga \u2013 Expedidor de Mercadoria<\/strong><\/p>\n\n\n\n<p>Escolaridade \u2013 ensino m\u00e9dio completo;<\/p>\n\n\n\n<p>Experi\u00eancia \u2013 seis meses na Carteira de Trabalho;<\/p>\n\n\n\n<p>Requisitos Obrigat\u00f3rios \u2013 ter experi\u00eancia em loja de materiais de constru\u00e7\u00e3o e documenta\u00e7\u00e3o completa (com dispensa militar);<\/p>\n\n\n\n<p>Atividades \u2013 separar e preparar pedidos; manter o estoque organizado; garantir a precis\u00e3o dos itens entregues; reposi\u00e7\u00e3o de itens na loja.<\/p>\n\n\n\n<p>Dispon\u00edvel at\u00e9 25\/7\/2025 ou encerramento da vaga.<\/p>\n\n\n\n<p><strong>Vagas na Ind\u00fastria \u2013 180<\/strong><\/p>\n\n\n\n<p><strong>50 vagas \u2013 Auxiliar de Linha de Produ\u00e7\u00e3o<br><\/strong>Escolaridade \u2013 ensino fundamental completo;<br>Experi\u00eancia \u2013 n\u00e3o \u00e9 necess\u00e1rio;<br>Requisitos Obrigat\u00f3rios \u2013 a vaga \u00e9 destinada para candidatos que est\u00e3o em busca de novos desafios; o candidato vai precisar morar em: V\u00e1rzea Grande (MT) e ter documenta\u00e7\u00e3o completa (com dispensa militar);<br>Atividades \u2013 executar atividades operacionais em setores de apoio ou produ\u00e7\u00e3o de frios, visando garantir a manuten\u00e7\u00e3o, organiza\u00e7\u00e3o, limpeza ou opera\u00e7\u00e3o de atividades na unidade.<br>Dispon\u00edvel at\u00e9 25\/7\/2025 ou encerramento da vaga.<br><br><strong>25 vagas \u2013 Alimentador de Linha de Produ\u00e7\u00e3o<br><\/strong>Escolaridade \u2013 ensino fundamental incompleto;<br>Experi\u00eancia \u2013 n\u00e3o \u00e9 necess\u00e1rio;<br>Requisitos Obrigat\u00f3rios \u2013 a vaga \u00e9 destinada para candidatos que est\u00e3o em busca de novos desafios; o candidato vai precisar morar em: Promiss\u00e3o \u2013 SP e ter documenta\u00e7\u00e3o completa (com dispensa militar);<br>Atividades \u2013 auxiliar a ind\u00fastria de abate bovino.<br>Dispon\u00edvel at\u00e9 25\/7\/2025 ou encerramento da vaga.<\/p>\n\n\n\n<p><strong>5 vagas \u2013 Supervisor de Vendas<\/strong><\/p>\n\n\n\n<p>Escolaridade \u2013 ensino m\u00e9dio completo;<\/p>\n\n\n\n<p>Experi\u00eancia \u2013 seis meses na Carteira de Trabalho;<\/p>\n\n\n\n<p>Requisitos Obrigat\u00f3rios \u2013 ter documenta\u00e7\u00e3o completa;<\/p>\n\n\n\n<p>Atividades \u2013 liderar e gerenciar equipes de vendas, acompanhando o desempenho dos vendedores, definindo metas e estrat\u00e9gias, e garantindo o alcance dos objetivos comerciais da empresa.<\/p>\n\n\n\n<p>Dispon\u00edvel at\u00e9 25\/7\/2025 ou encerramento da vaga.<\/p>\n\n\n\n<p><strong>100 vagas \u2013 Operador de Produ\u00e7\u00e3o II<\/strong><\/p>\n\n\n\n<p>Escolaridade \u2013 ensino fundamental incompleto;<\/p>\n\n\n\n<p>Experi\u00eancia \u2013 n\u00e3o \u00e9 necess\u00e1rio;<\/p>\n\n\n\n<p>Requisitos Obrigat\u00f3rios \u2013 a vaga \u00e9 destinada para candidatos que est\u00e3o em busca de novos desafios; o candidato vai precisar morar em: Santa Catarina \u2013 SC e documenta\u00e7\u00e3o completa;<\/p>\n\n\n\n<p>Atividades \u2013 trabalhar com processamento de carne de frango, em setores diversos, com utiliza\u00e7\u00e3o de facas, ambiente climatizado; atividades como corte, coleta, pesagem e embalagem de alimentos; desossar, embalar, pesar, processar alimentos, derivados de carne de frango e su\u00ednos.<\/p>\n\n\n\n<p>Dispon\u00edvel at\u00e9 25\/7\/2025 ou encerramento da vaga.<\/p>\n\n\n\n<p><strong>Vagas em Servi\u00e7os <a><\/a>\u2013 66<\/strong><\/p>\n\n\n\n<p><strong>1 vaga \u2013 Motorista de Caminh\u00e3o<\/strong><\/p>\n\n\n\n<p>Escolaridade \u2013 ensino m\u00e9dio completo;<\/p>\n\n\n\n<p>Experi\u00eancia \u2013 registrada na Carteira de Trabalho;<\/p>\n\n\n\n<p>Requisitos Obrigat\u00f3rios \u2013 ter experi\u00eancia com transporte de cargas, Carteira Nacional categoria \u201cD\u201d e ter documenta\u00e7\u00e3o completa (com dispensa militar);<\/p>\n\n\n\n<p>Atividades \u2013 transportar materiais e produtos para diversos itiner\u00e1rios de acordo com as leis de tr\u00e2nsito e normas de seguran\u00e7a, em um conjunto de ve\u00edculos, composto por um cavalo mec\u00e2nico e um ou mais trailers ou carretas; respons\u00e1vel pela perman\u00eancia da documenta\u00e7\u00e3o do ve\u00edculo e pelo acondicionamento e amarra\u00e7\u00e3o das cargas nos ve\u00edculos; elaborar relat\u00f3rios de viagem e rota e fazer confer\u00eancia dos materiais para assegurar a correta entrega e coleta; efetuar a presta\u00e7\u00e3o de contas das despesas efetuadas com o ve\u00edculo, abastecimentos, ped\u00e1gios, taxas de cargas e descargas e demais despesas inerentes a opera\u00e7\u00e3o; zelar pela conserva\u00e7\u00e3o e seguran\u00e7a dos ve\u00edculos, providenciando limpeza, ajustes e pequenos reparos.<\/p>\n\n\n\n<p>Dispon\u00edvel at\u00e9 25\/7\/2025 ou encerramento da vaga.<\/p>\n\n\n\n<p><strong>2 vagas \u2013 Motorista de Carreta<\/strong><\/p>\n\n\n\n<p>Escolaridade \u2013 ensino m\u00e9dio completo;<\/p>\n\n\n\n<p>Experi\u00eancia \u2013 registrada na Carteira de Trabalho;<\/p>\n\n\n\n<p>Requisitos Obrigat\u00f3rios \u2013 ter experi\u00eancia com transporte de cargas, Carteira Nacional categoria \u201cE\u201d e ter documenta\u00e7\u00e3o completa (com dispensa militar);<\/p>\n\n\n\n<p>Atividades \u2013 transportar materiais e produtos para diversos itiner\u00e1rios de acordo com as leis de tr\u00e2nsito e normas de seguran\u00e7a, em um conjunto de ve\u00edculos, composto por um cavalo mec\u00e2nico e um ou mais trailers ou carretas; respons\u00e1vel pela perman\u00eancia da documenta\u00e7\u00e3o do ve\u00edculo e pelo acondicionamento e amarra\u00e7\u00e3o das cargas nos ve\u00edculos; elaborar relat\u00f3rios de viagem e rota e fazer confer\u00eancia dos materiais para assegurar a correta entrega e coleta; efetuar a presta\u00e7\u00e3o de contas das despesas efetuadas com o ve\u00edculo, abastecimentos, ped\u00e1gios, taxas de cargas e descargas e demais despesas inerentes a opera\u00e7\u00e3o; zelar pela conserva\u00e7\u00e3o e seguran\u00e7a dos ve\u00edculos, providenciando limpeza, ajustes e pequenos reparos.<\/p>\n\n\n\n<p>Dispon\u00edvel at\u00e9 25\/7\/2025 ou encerramento da vaga.<\/p>\n\n\n\n<p><strong>3 vagas \u2013 Motorista Carreteiro<\/strong><\/p>\n\n\n\n<p>Escolaridade \u2013 ensino fundamental completo;<\/p>\n\n\n\n<p>Experi\u00eancia \u2013 seis meses na Carteira de Trabalho;<\/p>\n\n\n\n<p>Requisitos Obrigat\u00f3rios \u2013 ter Carteira Nacional de Habilita\u00e7\u00e3o categoria \u201cAE\u201d, curso MOPP, Dire\u00e7\u00e3o Defensiva e ter documenta\u00e7\u00e3o completa (com dispensa militar);<\/p>\n\n\n\n<p>Atividades \u2013 realizar o transporte de cargas em carretas, preenchimento de check\u2013list e zelar pelo bom estado do ve\u00edculo.<\/p>\n\n\n\n<p>Dispon\u00edvel at\u00e9 25\/7\/2025 ou encerramento da vaga.<\/p>\n\n\n\n<p><strong>2 vagas \u2013 Ajudante Carreteiro<\/strong><\/p>\n\n\n\n<p>Escolaridade \u2013 ensino m\u00e9dio completo;<\/p>\n\n\n\n<p>Experi\u00eancia \u2013 n\u00e3o \u00e9 necess\u00e1rio;<\/p>\n\n\n\n<p>Requisitos Obrigat\u00f3rios \u2013 ter Carteira Nacional de Habilita\u00e7\u00e3o categoria \u201cE\u201d e ter documenta\u00e7\u00e3o completa (com dispensa militar);<\/p>\n\n\n\n<p>Atividades \u2013 realizar o transporte de cargas em carretas, preenchimento de check\u2013list e zelar pelo bom estado do ve\u00edculo.<\/p>\n\n\n\n<p>Dispon\u00edvel at\u00e9 25\/7\/2025 ou encerramento da vaga.<\/p>\n\n\n\n<p><strong>2 vagas \u2013 Mec\u00e2nico de Ve\u00edculos Automotores a Diesel<\/strong><\/p>\n\n\n\n<p>Escolaridade \u2013 ensino fundamental completo;<\/p>\n\n\n\n<p>Experi\u00eancia \u2013 seis meses na Carteira de Trabalho;<\/p>\n\n\n\n<p>Requisitos Obrigat\u00f3rios \u2013 ter Carteira Nacional de Habilita\u00e7\u00e3o categoria \u201cAE\u201d e ter documenta\u00e7\u00e3o completa (com dispensa militar);<\/p>\n\n\n\n<p>Atividades \u2013 manuten\u00e7\u00e3o, reparos e cuidados nos ve\u00edculos da casa.<\/p>\n\n\n\n<p>Dispon\u00edvel at\u00e9 25\/7\/2025 ou encerramento da vaga.<\/p>\n\n\n\n<p><strong>1 vaga \u2013 A\u00e7ougueiro<\/strong><\/p>\n\n\n\n<p>Escolaridade \u2013 ensino m\u00e9dio completo;<\/p>\n\n\n\n<p>Experi\u00eancia \u2013 seis meses na Carteira de Trabalho ou avulsa;<\/p>\n\n\n\n<p>Requisitos Obrigat\u00f3rios \u2013 ter no\u00e7\u00f5es de corte e ter documenta\u00e7\u00e3o completa (com dispensa militar);<\/p>\n\n\n\n<p>Atividades \u2013 manusear e armazenar carne de forma segura e higi\u00eanica; cumprir normas de seguran\u00e7a e higiene alimentar.<\/p>\n\n\n\n<p>Dispon\u00edvel at\u00e9 25\/7\/2025 ou encerramento da vaga.<\/p>\n\n\n\n<p><strong>1 vaga \u2013 Motorista<\/strong><\/p>\n\n\n\n<p>Escolaridade \u2013 ensino m\u00e9dio completo;<\/p>\n\n\n\n<p>Experi\u00eancia \u2013 n\u00e3o \u00e9 necess\u00e1rio;<\/p>\n\n\n\n<p>Requisitos Obrigat\u00f3rios \u2013 ter Carteira Nacional de Habilita\u00e7\u00e3o categoria \u201cB\u201d, ter ve\u00edculo pr\u00f3prio, Pacote Office intermedi\u00e1rio e ter documenta\u00e7\u00e3o completa (com dispensa militar);<\/p>\n\n\n\n<p>Atividades \u2013 dirigir o ve\u00edculo, seguir normas de tr\u00e2nsito, realizar manuten\u00e7\u00e3o b\u00e1sica do carro, garantir a seguran\u00e7a e efici\u00eancia no transporte de pessoas ou cargas.<\/p>\n\n\n\n<p>Dispon\u00edvel at\u00e9 25\/7\/2025 ou encerramento da vaga.<\/p>\n\n\n\n<p><strong>2 vagas \u2013 Auxiliar de El\u00e9trica<\/strong><\/p>\n\n\n\n<p>Escolaridade \u2013 ensino m\u00e9dio completo;<\/p>\n\n\n\n<p>Experi\u00eancia \u2013 seis meses na Carteira de Trabalho;<\/p>\n\n\n\n<p>Requisitos Obrigat\u00f3rios \u2013 ter conhecimento b\u00e1sico de sistemas el\u00e9tricos, familiaridade com ferramentas e instrumentos de teste, capacidade de seguir diagramas e esquemas el\u00e9tricos, habilidade para identificar problemas el\u00e9tricos, conhecimento de normas de seguran\u00e7a, capacidade de auxiliar em tarefas de reparo e manuten\u00e7\u00e3o e ter documenta\u00e7\u00e3o completa (com dispensa militar);<\/p>\n\n\n\n<p>Atividades \u2013 fazer a prepara\u00e7\u00e3o, organiza\u00e7\u00e3o e apoio na instala\u00e7\u00e3o, manuten\u00e7\u00e3o e repara\u00e7\u00e3o de sistemas el\u00e9tricos.<\/p>\n\n\n\n<p>Dispon\u00edvel at\u00e9 25\/7\/2025 ou encerramento da vaga.<\/p>\n\n\n\n<p><strong>3 vagas \u2013 Analista de Departamento Pessoal<\/strong><\/p>\n\n\n\n<p>Escolaridade \u2013 ensino superior completo em Administra\u00e7\u00e3o ou Recursos Humanos;<\/p>\n\n\n\n<p>Experi\u00eancia \u2013 primeiro emprego ou seis meses na Carteira de Trabalho;<\/p>\n\n\n\n<p>Requisitos Obrigat\u00f3rios \u2013 ter curso de Inform\u00e1tica avan\u00e7ada e documenta\u00e7\u00e3o completa;<\/p>\n\n\n\n<p>Atividades \u2013 rotinas administrativas, folha de ponto, c\u00e1lculos trabalhistas, no\u00e7\u00f5es de folhas de pagamento, f\u00e9rias, rescis\u00f5es, controle de planilhas, no\u00e7\u00f5es de inform\u00e1tica b\u00e1sica e intermedi\u00e1ria.<\/p>\n\n\n\n<p>Dispon\u00edvel at\u00e9 25\/7\/2025 ou encerramento da vaga.<\/p>\n\n\n\n<p><strong>1 vaga \u2013 T\u00e9cnico de Inform\u00e1tica<\/strong><\/p>\n\n\n\n<p>Escolaridade \u2013 ensino m\u00e9dio completo;<\/p>\n\n\n\n<p>Experi\u00eancia \u2013 tr\u00eas meses na Carteira de Trabalho;<\/p>\n\n\n\n<p>Requisitos Obrigat\u00f3rios \u2013 ter curso de Inform\u00e1tica avan\u00e7ada e ter documenta\u00e7\u00e3o completa (com dispensa militar);<\/p>\n\n\n\n<p>Atividades \u2013 dar suporte na escala comercial, conserto de impressoras, configura\u00e7\u00f5es de hardware e software.&nbsp;<\/p>\n\n\n\n<p>Dispon\u00edvel at\u00e9 25\/7\/2025 ou encerramento da vaga.<\/p>\n\n\n\n<p><strong>3 vagas \u2013 Auxiliar Administrativo<\/strong><\/p>\n\n\n\n<p>Escolaridade \u2013 ensino t\u00e9cnico completo em Administra\u00e7\u00e3o ou Recursos Humanos;<\/p>\n\n\n\n<p>Experi\u00eancia \u2013 seis meses na Carteira de Trabalho;<\/p>\n\n\n\n<p>Requisitos Obrigat\u00f3rios \u2013 ter curso de Inform\u00e1tica avan\u00e7ada ou Excel avan\u00e7ado, experi\u00eancia no e\u2013social, alterdata e ter documenta\u00e7\u00e3o completa;<\/p>\n\n\n\n<p>Atividades \u2013 rotinas administrativas, almoxarifado, recrutamento e sele\u00e7\u00e3o.&nbsp;<\/p>\n\n\n\n<p>Dispon\u00edvel at\u00e9 25\/7\/2025 ou encerramento da vaga.<\/p>\n\n\n\n<p><strong>3 vagas \u2013 Montador de M\u00f3veis Planejados<\/strong><\/p>\n\n\n\n<p>Escolaridade \u2013 ensino fundamental completo;<\/p>\n\n\n\n<p>Experi\u00eancia \u2013 seis meses na Carteira de Trabalho;<\/p>\n\n\n\n<p>Requisitos Obrigat\u00f3rios \u2013 ter documenta\u00e7\u00e3o completa (com dispensa militar);<\/p>\n\n\n\n<p>Atividades \u2013 montar m\u00f3veis.&nbsp;<\/p>\n\n\n\n<p>Dispon\u00edvel at\u00e9 25\/7\/2025 ou encerramento da vaga.<\/p>\n\n\n\n<p><strong>3 vagas \u2013 Marceneiro<\/strong><\/p>\n\n\n\n<p>Escolaridade \u2013 ensino fundamental completo;<\/p>\n\n\n\n<p>Experi\u00eancia \u2013 seis meses na Carteira de Trabalho;<\/p>\n\n\n\n<p>Requisitos Obrigat\u00f3rios \u2013 ter documenta\u00e7\u00e3o completa (com dispensa militar);<\/p>\n\n\n\n<p>Atividades \u2013 criar, reparar e restaurar pe\u00e7as e m\u00f3veis de madeira, utilizar ferramentas manuais e el\u00e9tricas para cortar, lixar, modelar e unir as pe\u00e7as, al\u00e9m de realizar o acabamento final.<\/p>\n\n\n\n<p>Dispon\u00edvel at\u00e9 25\/7\/2025 ou encerramento da vaga.<\/p>\n\n\n\n<p><strong>5 vagas \u2013 Auxiliar de Limpeza<\/strong><\/p>\n\n\n\n<p>Escolaridade \u2013 ensino m\u00e9dio completo;<\/p>\n\n\n\n<p>Experi\u00eancia \u2013 seis meses na Carteira de Trabalho;<\/p>\n\n\n\n<p>Requisitos Obrigat\u00f3rios \u2013 ter documenta\u00e7\u00e3o completa;<\/p>\n\n\n\n<p>Atividades \u2013 higieniza\u00e7\u00e3o e conserva\u00e7\u00e3o de ambientes, tanto internos quanto externos, como varrer, lavar, aspirar, desinfetar pisos, m\u00f3veis e outras superf\u00edcies; tamb\u00e9m envolvem a limpeza de banheiros, reposi\u00e7\u00e3o de materiais de higiene, coleta e descarte de lixo, e organiza\u00e7\u00e3o de \u00e1reas de conviv\u00eancia.&nbsp;<\/p>\n\n\n\n<p>Dispon\u00edvel at\u00e9 25\/7\/2025 ou encerramento da vaga.<\/p>\n\n\n\n<p><strong>5 vagas \u2013 Consultor de Vendas<\/strong><\/p>\n\n\n\n<p>Escolaridade \u2013 ensino m\u00e9dio completo;<\/p>\n\n\n\n<p>Experi\u00eancia \u2013 seis meses na Carteira de Trabalho;<\/p>\n\n\n\n<p>Requisitos Obrigat\u00f3rios \u2013 ter documenta\u00e7\u00e3o completa;<\/p>\n\n\n\n<p>Atividades \u2013 oferecer solu\u00e7\u00f5es personalizadas para otimizar as vendas.&nbsp;&nbsp;<\/p>\n\n\n\n<p>Dispon\u00edvel at\u00e9 25\/7\/2025 ou encerramento da vaga.<\/p>\n\n\n\n<p><strong>5 vagas \u2013 Professor de Educa\u00e7\u00e3o F\u00edsica<\/strong><\/p>\n\n\n\n<p>Escolaridade \u2013 ensino superior completo em Educa\u00e7\u00e3o F\u00edsica;<\/p>\n\n\n\n<p>Experi\u00eancia \u2013 seis meses na Carteira de Trabalho;<\/p>\n\n\n\n<p>Requisitos Obrigat\u00f3rios \u2013 ter documenta\u00e7\u00e3o completa;<\/p>\n\n\n\n<p>Atividades \u2013 planejamento, orienta\u00e7\u00e3o e avalia\u00e7\u00e3o de programas de atividades f\u00edsicas, al\u00e9m de promover um ambiente saud\u00e1vel e seguro para a pr\u00e1tica de exerc\u00edcios; auxiliar os alunos na execu\u00e7\u00e3o correta dos exerc\u00edcios, tirar d\u00favidas e fazer ajustes nos treinos conforme necess\u00e1rio.<\/p>\n\n\n\n<p>Dispon\u00edvel at\u00e9 25\/7\/2025 ou encerramento da vaga.<\/p>\n\n\n\n<p><strong>1 vaga \u2013 Pedreiro<\/strong><\/p>\n\n\n\n<p>Escolaridade \u2013 ensino m\u00e9dio completo;<\/p>\n\n\n\n<p>Experi\u00eancia \u2013 registrada na Carteira de Trabalho;<\/p>\n\n\n\n<p>Requisitos Obrigat\u00f3rios \u2013 ter documenta\u00e7\u00e3o completa (com dispensa militar);<\/p>\n\n\n\n<p>Atividades \u2013 carregar e descarregar materiais, preparar misturas como argamassa e concreto, limpar e organizar o canteiro de obras e auxiliar em tarefas de escava\u00e7\u00e3o e nivelamento de terreno<\/p>\n\n\n\n<p>Dispon\u00edvel at\u00e9 25\/7\/2025 ou encerramento da vaga.<\/p>\n\n\n\n<p><strong>1 vaga \u2013 Motofretista<\/strong><\/p>\n\n\n\n<p>Escolaridade \u2013 ensino fundamental completo;<\/p>\n\n\n\n<p>Experi\u00eancia \u2013 registrada na Carteira de Trabalho;<\/p>\n\n\n\n<p>Requisitos Obrigat\u00f3rios \u2013 ter Carteira Nacional de Habilita\u00e7\u00e3o categoria \u201cAB\u201d e ter documenta\u00e7\u00e3o completa (com dispensa militar);<\/p>\n\n\n\n<p>Atividades \u2013 conduzir uma motocicleta, manipulando seus comandos e dire\u00e7\u00e3o no trajeto indicado, transportando cargas de pequeno volume e expediente em geral.<\/p>\n\n\n\n<p>Dispon\u00edvel at\u00e9 25\/7\/2025 ou encerramento da vaga.<\/p>\n\n\n\n<p><strong>2 vagas \u2013 Montador de Esquadrias<\/strong><\/p>\n\n\n\n<p>Escolaridade \u2013 ensino m\u00e9dio completo;<\/p>\n\n\n\n<p>Experi\u00eancia \u2013 primeiro emprego;<\/p>\n\n\n\n<p>Requisitos Obrigat\u00f3rios \u2013 ter Carteira Nacional de Habilita\u00e7\u00e3o categoria \u201cA\u201d e ter documenta\u00e7\u00e3o completa (com dispensa militar);<\/p>\n\n\n\n<p>Atividades \u2013 instala\u00e7\u00e3o de esquadrias; garantir a qualidade das pe\u00e7as montadas, manter a organiza\u00e7\u00e3o do local de trabalho.<\/p>\n\n\n\n<p>Dispon\u00edvel at\u00e9 25\/7\/2025 ou encerramento da vaga.<\/p>\n\n\n\n<p><strong>1 vaga \u2013 Copeiro<\/strong><\/p>\n\n\n\n<p>Escolaridade \u2013 ensino m\u00e9dio completo;<\/p>\n\n\n\n<p>Experi\u00eancia \u2013 n\u00e3o \u00e9 necess\u00e1rio ou avulsa;<\/p>\n\n\n\n<p>Requisitos Obrigat\u00f3rios \u2013 residir na Zona Sul e ter documenta\u00e7\u00e3o completa;<\/p>\n\n\n\n<p>Atividades \u2013 receber clientes e servir alimentos.<\/p>\n\n\n\n<p>Dispon\u00edvel at\u00e9 25\/7\/2025 ou encerramento da vaga.<\/p>\n\n\n\n<p><strong>15 vagas \u2013 Servente de Obras<\/strong><\/p>\n\n\n\n<p>Escolaridade \u2013 ensino fundamental completo;<\/p>\n\n\n\n<p>Experi\u00eancia \u2013 seis meses na Carteira de Trabalho;<\/p>\n\n\n\n<p>Requisitos Obrigat\u00f3rios \u2013 ter documenta\u00e7\u00e3o completa (com dispensa militar);<\/p>\n\n\n\n<p>Atividades \u2013 auxiliar pedreiros, carpinteiros, armadores e outros profissionais da constru\u00e7\u00e3o civil no preparo de materiais, limpeza e organiza\u00e7\u00e3o do canteiro de obras; executar tarefas simples como transporte de materiais, mistura de massa, montagem e desmontagem de andaimes, e manuten\u00e7\u00e3o da organiza\u00e7\u00e3o e seguran\u00e7a do ambiente de trabalho.<\/p>\n\n\n\n<p>Dispon\u00edvel at\u00e9 25\/7\/2025 ou encerramento da vaga.<\/p>\n\n\n\n<p><strong>3 vagas \u2013 Pedreiro<\/strong><\/p>\n\n\n\n<p>Escolaridade \u2013 ensino fundamental completo;<\/p>\n\n\n\n<p>Experi\u00eancia \u2013 seis meses na Carteira de Trabalho;<\/p>\n\n\n\n<p>Requisitos Obrigat\u00f3rios \u2013 ter documenta\u00e7\u00e3o completa (com dispensa militar);<\/p>\n\n\n\n<p>Atividades \u2013 executar obras e reformas em constru\u00e7\u00f5es civis, realizando servi\u00e7os de alvenaria, concreto e acabamentos; atuar na constru\u00e7\u00e3o de estruturas como paredes, pisos, funda\u00e7\u00f5es, muros e lajes, utilizando ferramentas e materiais espec\u00edficos, conforme projetos t\u00e9cnicos e normas de seguran\u00e7a.<\/p>\n\n\n\n<p>Dispon\u00edvel at\u00e9 25\/7\/2025 ou encerramento da vaga.<\/p>\n\n\n\n<p><strong>1 vaga \u2013 Jardineiro<\/strong><\/p>\n\n\n\n<p>Escolaridade \u2013 ensino fundamental completo;<\/p>\n\n\n\n<p>Experi\u00eancia \u2013 seis meses na Carteira de Trabalho;<\/p>\n\n\n\n<p>Requisitos Obrigat\u00f3rios \u2013 ter documenta\u00e7\u00e3o completa (com dispensa militar);<\/p>\n\n\n\n<p>Atividades \u2013 atuar na cria\u00e7\u00e3o, manuten\u00e7\u00e3o e conserva\u00e7\u00e3o de jardins, parques e \u00e1reas verdes.<\/p>\n\n\n\n<p>Dispon\u00edvel at\u00e9 25\/7\/2025 ou encerramento da vaga.<\/p>\n\n\n\n<p><strong>Vagas exclusivas para Pessoas com Defici\u00eancia (PcD) \u2013 10<\/strong><\/p>\n\n\n\n<p><strong>1 vaga \u2013 Operador de Caixa \u2013 Vaga exclusiva para Pessoa com Defici\u00eancia (PcD)<\/strong><\/p>\n\n\n\n<p>Escolaridade \u2013 ensino fundamental completo;<\/p>\n\n\n\n<p>Experi\u00eancia \u2013 n\u00e3o \u00e9 necess\u00e1rio;<\/p>\n\n\n\n<p>Requisitos Obrigat\u00f3rios \u2013 ter documenta\u00e7\u00e3o completa;<\/p>\n\n\n\n<p>Atividades \u2013 realizar recebimento de produtos comercializados no estabelecimento em equipamento de check\u2013out, atrav\u00e9s de apresenta\u00e7\u00e3o dos produtos em leitor de c\u00f3digo de barras, registrar os produtos, receber os valores das compras em cheque, cart\u00e3o ou dinheiro; solicitar a presen\u00e7a do fiscal de caixa para a entrega do excesso de numer\u00e1rio em poder, efetuar o fechamento do movimento de caixa.<\/p>\n\n\n\n<p>Dispon\u00edvel at\u00e9 25\/7\/2025 ou encerramento da vaga.<\/p>\n\n\n\n<p><strong>1 vaga \u2013 Auxiliar de Produ\u00e7\u00e3o \u2013 Vaga exclusiva para Pessoa com Defici\u00eancia (PcD)<\/strong><\/p>\n\n\n\n<p>Escolaridade \u2013 ensino m\u00e9dio completo;<\/p>\n\n\n\n<p>Experi\u00eancia \u2013 seis meses na Carteira de Trabalho;<\/p>\n\n\n\n<p>Requisitos Obrigat\u00f3rios \u2013 ter documenta\u00e7\u00e3o completa;<\/p>\n\n\n\n<p>Atividades \u2013 realizar atividades nos setores produtivos conforme instru\u00e7\u00f5es de trabalho.<\/p>\n\n\n\n<p>Dispon\u00edvel at\u00e9 25\/7\/2025 ou encerramento da vaga.<\/p>\n\n\n\n<p><strong>5 vagas \u2013 Operador de Produ\u00e7\u00e3o (Eletr\u00f4nicos) \u2013 Vagas exclusivas para Pessoa com Defici\u00eancia (PcD)<\/strong><\/p>\n\n\n\n<p>Escolaridade \u2013 ensino fundamental completo;<\/p>\n\n\n\n<p>Experi\u00eancia \u2013 n\u00e3o \u00e9 necess\u00e1rio;<\/p>\n\n\n\n<p>Requisitos Obrigat\u00f3rios \u2013 ter disponibilidade de hor\u00e1rio e documenta\u00e7\u00e3o completa;<\/p>\n\n\n\n<p>Atividades \u2013 operar na linha de montagem dos componentes eletr\u00f4nicos.<\/p>\n\n\n\n<p>Dispon\u00edvel at\u00e9 25\/7\/2025 ou encerramento da vaga.<\/p>\n\n\n\n<p><strong>3 vagas \u2013 Promotor de Vendas \u2013 Vagas exclusivas para Pessoa com Defici\u00eancia (PcD)<\/strong><\/p>\n\n\n\n<p>Escolaridade \u2013 ensino fundamental completo;<\/p>\n\n\n\n<p>Experi\u00eancia \u2013 n\u00e3o \u00e9 necess\u00e1rio;<\/p>\n\n\n\n<p>Requisitos Obrigat\u00f3rios \u2013 ter documenta\u00e7\u00e3o completa;<\/p>\n\n\n\n<p>Atividades \u2013 garantir excel\u00eancia na organiza\u00e7\u00e3o e limpeza do departamento, oferecendo atendimento diferenciado ao cliente e impulsionando resultados por meio da oferta de produtos financeiros; atender prontamente solicita\u00e7\u00f5es do caixa, assegurando integridade das mercadorias e precifica\u00e7\u00e3o adequada; monitorar entrada e sa\u00edda de pe\u00e7as no provador, entre outras atividades correlatas \u00e0 fun\u00e7\u00e3o.<\/p>\n\n\n\n<p>Dispon\u00edvel at\u00e9 25\/7\/2025 ou encerramento da vaga.<\/p>\n\n\n\n<p>&#8212; &#8212; &#8212;<\/p>\n\n\n\n<p><strong>Texto \u2013&nbsp;<\/strong>Divulga\u00e7\u00e3o \/ Semtepi<\/p>\n\n\n\n<p><strong>Fotos \u2013&nbsp;<\/strong>Arquivo \/ Semcom<\/p>\n\n\n\n<p><strong>Dispon\u00edveis em \u2013&nbsp;<\/strong><a href=\"https:\/\/flic.kr\/s\/aHBqjCetWK\">https:\/\/flic.kr\/s\/aHBqjCetWK<\/a><\/p>\n","protected":false},"excerpt":{"rendered":"","protected":false},"author":23,"featured_media":6661,"comment_status":"closed","ping_status":"closed","sticky":false,"template":"","format":"standard","meta":{"footnotes":""},"categories":[5],"tags":[250,8,9,10,12],"acf":[],"yoast_head":"<!-- This site is optimized with the Yoast SEO plugin v23.0 - https:\/\/yoast.com\/wordpress\/plugins\/seo\/ -->\n<title>Sine Manaus oferta 513 vagas de emprego nesta sexta\u2013feira, 25\/7<\/title>\n<meta name=\"description\" content=\"A Prefeitura de Manaus, por meio do Sine Manaus, oferta 513 vagas de emprego em v\u00e1rias \u00e1reas de atua\u00e7\u00e3o, nesta sexta\u2013feira, 25\/7, das 8h \u00e0s 14h.\" \/>\n<meta name=\"robots\" content=\"noindex, follow\" \/>\n<meta property=\"og:locale\" content=\"pt_BR\" \/>\n<meta property=\"og:type\" content=\"article\" \/>\n<meta property=\"og:title\" content=\"Sine Manaus oferta 513 vagas de emprego nesta sexta\u2013feira, 25\/7\" \/>\n<meta property=\"og:description\" content=\"A Prefeitura de Manaus, por meio do Sine Manaus, oferta 513 vagas de emprego em v\u00e1rias \u00e1reas de atua\u00e7\u00e3o, nesta sexta\u2013feira, 25\/7, das 8h \u00e0s 14h.\" \/>\n<meta property=\"og:url\" content=\"https:\/\/www.manaus.am.gov.br\/semtepi\/oportunidade\/prefeitura-sinemanaus-vagas2507\/\" \/>\n<meta property=\"og:site_name\" content=\"SEMTEPI\" \/>\n<meta property=\"article:published_time\" content=\"2025-07-24T18:04:07+00:00\" \/>\n<meta property=\"article:modified_time\" content=\"2025-07-24T18:04:08+00:00\" \/>\n<meta property=\"og:image\" content=\"https:\/\/www.manaus.am.gov.br\/semtepi\/wp-content\/uploads\/sites\/20\/2025\/07\/54523926589_af28c91c2c_c.jpg\" \/>\n\t<meta property=\"og:image:width\" content=\"799\" \/>\n\t<meta property=\"og:image:height\" content=\"533\" \/>\n\t<meta property=\"og:image:type\" content=\"image\/jpeg\" \/>\n<meta name=\"author\" content=\"Adriana Costa\" \/>\n<meta name=\"twitter:card\" content=\"summary_large_image\" \/>\n<meta name=\"twitter:label1\" content=\"Written by\" \/>\n\t<meta name=\"twitter:data1\" content=\"Adriana Costa\" \/>\n\t<meta name=\"twitter:label2\" content=\"Est. reading time\" \/>\n\t<meta name=\"twitter:data2\" content=\"30 minutos\" \/>\n<script type=\"application\/ld+json\" class=\"yoast-schema-graph\">{\"@context\":\"https:\/\/schema.org\",\"@graph\":[{\"@type\":\"Article\",\"@id\":\"https:\/\/www.manaus.am.gov.br\/semtepi\/oportunidade\/prefeitura-sinemanaus-vagas2507\/#article\",\"isPartOf\":{\"@id\":\"https:\/\/www.manaus.am.gov.br\/semtepi\/oportunidade\/prefeitura-sinemanaus-vagas2507\/\"},\"author\":{\"name\":\"Adriana Costa\",\"@id\":\"https:\/\/www.manaus.am.gov.br\/semtepi\/#\/schema\/person\/4e49f4e267757a06ca072ec61b2b9968\"},\"headline\":\"Sine Manaus oferta 513 vagas de emprego nesta sexta\u2013feira, 25\/7\",\"datePublished\":\"2025-07-24T18:04:07+00:00\",\"dateModified\":\"2025-07-24T18:04:08+00:00\",\"mainEntityOfPage\":{\"@id\":\"https:\/\/www.manaus.am.gov.br\/semtepi\/oportunidade\/prefeitura-sinemanaus-vagas2507\/\"},\"wordCount\":6024,\"publisher\":{\"@id\":\"https:\/\/www.manaus.am.gov.br\/semtepi\/#organization\"},\"image\":{\"@id\":\"https:\/\/www.manaus.am.gov.br\/semtepi\/oportunidade\/prefeitura-sinemanaus-vagas2507\/#primaryimage\"},\"thumbnailUrl\":\"https:\/\/www.manaus.am.gov.br\/semtepi\/wp-content\/uploads\/sites\/20\/2025\/07\/54523926589_af28c91c2c_c.jpg\",\"keywords\":[\"Empregos\",\"prefeitura de manaus\",\"Semtepi\",\"sine manaus\",\"vagas\"],\"articleSection\":[\"Oportunidade\"],\"inLanguage\":\"pt-BR\"},{\"@type\":\"WebPage\",\"@id\":\"https:\/\/www.manaus.am.gov.br\/semtepi\/oportunidade\/prefeitura-sinemanaus-vagas2507\/\",\"url\":\"https:\/\/www.manaus.am.gov.br\/semtepi\/oportunidade\/prefeitura-sinemanaus-vagas2507\/\",\"name\":\"Sine Manaus oferta 513 vagas de emprego nesta sexta\u2013feira, 25\/7\",\"isPartOf\":{\"@id\":\"https:\/\/www.manaus.am.gov.br\/semtepi\/#website\"},\"primaryImageOfPage\":{\"@id\":\"https:\/\/www.manaus.am.gov.br\/semtepi\/oportunidade\/prefeitura-sinemanaus-vagas2507\/#primaryimage\"},\"image\":{\"@id\":\"https:\/\/www.manaus.am.gov.br\/semtepi\/oportunidade\/prefeitura-sinemanaus-vagas2507\/#primaryimage\"},\"thumbnailUrl\":\"https:\/\/www.manaus.am.gov.br\/semtepi\/wp-content\/uploads\/sites\/20\/2025\/07\/54523926589_af28c91c2c_c.jpg\",\"datePublished\":\"2025-07-24T18:04:07+00:00\",\"dateModified\":\"2025-07-24T18:04:08+00:00\",\"description\":\"A Prefeitura de Manaus, por meio do Sine Manaus, oferta 513 vagas de emprego em v\u00e1rias \u00e1reas de atua\u00e7\u00e3o, nesta sexta\u2013feira, 25\/7, das 8h \u00e0s 14h.\",\"breadcrumb\":{\"@id\":\"https:\/\/www.manaus.am.gov.br\/semtepi\/oportunidade\/prefeitura-sinemanaus-vagas2507\/#breadcrumb\"},\"inLanguage\":\"pt-BR\",\"potentialAction\":[{\"@type\":\"ReadAction\",\"target\":[\"https:\/\/www.manaus.am.gov.br\/semtepi\/oportunidade\/prefeitura-sinemanaus-vagas2507\/\"]}]},{\"@type\":\"ImageObject\",\"inLanguage\":\"pt-BR\",\"@id\":\"https:\/\/www.manaus.am.gov.br\/semtepi\/oportunidade\/prefeitura-sinemanaus-vagas2507\/#primaryimage\",\"url\":\"https:\/\/www.manaus.am.gov.br\/semtepi\/wp-content\/uploads\/sites\/20\/2025\/07\/54523926589_af28c91c2c_c.jpg\",\"contentUrl\":\"https:\/\/www.manaus.am.gov.br\/semtepi\/wp-content\/uploads\/sites\/20\/2025\/07\/54523926589_af28c91c2c_c.jpg\",\"width\":799,\"height\":533},{\"@type\":\"BreadcrumbList\",\"@id\":\"https:\/\/www.manaus.am.gov.br\/semtepi\/oportunidade\/prefeitura-sinemanaus-vagas2507\/#breadcrumb\",\"itemListElement\":[{\"@type\":\"ListItem\",\"position\":1,\"name\":\"Home\",\"item\":\"https:\/\/www.manaus.am.gov.br\/semtepi\/\"},{\"@type\":\"ListItem\",\"position\":2,\"name\":\"Sine Manaus oferta 513 vagas de emprego nesta sexta\u2013feira, 25\/7\"}]},{\"@type\":\"WebSite\",\"@id\":\"https:\/\/www.manaus.am.gov.br\/semtepi\/#website\",\"url\":\"https:\/\/www.manaus.am.gov.br\/semtepi\/\",\"name\":\"SEMTEPI\",\"description\":\"Prefeitura de Manaus\",\"publisher\":{\"@id\":\"https:\/\/www.manaus.am.gov.br\/semtepi\/#organization\"},\"alternateName\":\"Secretaria Municipal do Trabalho, Empreendedorismo e Inova\u00e7\u00e3o\",\"potentialAction\":[{\"@type\":\"SearchAction\",\"target\":{\"@type\":\"EntryPoint\",\"urlTemplate\":\"https:\/\/www.manaus.am.gov.br\/semtepi\/?s={search_term_string}\"},\"query-input\":\"required name=search_term_string\"}],\"inLanguage\":\"pt-BR\"},{\"@type\":\"Organization\",\"@id\":\"https:\/\/www.manaus.am.gov.br\/semtepi\/#organization\",\"name\":\"Prefeitura Municipal de Manaus\",\"alternateName\":\"Prefeitura de Manaus\",\"url\":\"https:\/\/www.manaus.am.gov.br\/semtepi\/\",\"logo\":{\"@type\":\"ImageObject\",\"inLanguage\":\"pt-BR\",\"@id\":\"https:\/\/www.manaus.am.gov.br\/semtepi\/#\/schema\/logo\/image\/\",\"url\":\"https:\/\/www.manaus.am.gov.br\/semtepi\/wp-content\/uploads\/sites\/20\/2024\/07\/favicon.png\",\"contentUrl\":\"https:\/\/www.manaus.am.gov.br\/semtepi\/wp-content\/uploads\/sites\/20\/2024\/07\/favicon.png\",\"width\":300,\"height\":300,\"caption\":\"Prefeitura Municipal de Manaus\"},\"image\":{\"@id\":\"https:\/\/www.manaus.am.gov.br\/semtepi\/#\/schema\/logo\/image\/\"}},{\"@type\":\"Person\",\"@id\":\"https:\/\/www.manaus.am.gov.br\/semtepi\/#\/schema\/person\/4e49f4e267757a06ca072ec61b2b9968\",\"name\":\"Adriana Costa\",\"image\":{\"@type\":\"ImageObject\",\"inLanguage\":\"pt-BR\",\"@id\":\"https:\/\/www.manaus.am.gov.br\/semtepi\/#\/schema\/person\/image\/\",\"url\":\"https:\/\/secure.gravatar.com\/avatar\/576258617ef7194f718179e766d57bd4?s=96&d=mm&r=g\",\"contentUrl\":\"https:\/\/secure.gravatar.com\/avatar\/576258617ef7194f718179e766d57bd4?s=96&d=mm&r=g\",\"caption\":\"Adriana Costa\"}}]}<\/script>\n<!-- \/ Yoast SEO plugin. -->","yoast_head_json":{"title":"Sine Manaus oferta 513 vagas de emprego nesta sexta\u2013feira, 25\/7","description":"A Prefeitura de Manaus, por meio do Sine Manaus, oferta 513 vagas de emprego em v\u00e1rias \u00e1reas de atua\u00e7\u00e3o, nesta sexta\u2013feira, 25\/7, das 8h \u00e0s 14h.","robots":{"index":"noindex","follow":"follow"},"og_locale":"pt_BR","og_type":"article","og_title":"Sine Manaus oferta 513 vagas de emprego nesta sexta\u2013feira, 25\/7","og_description":"A Prefeitura de Manaus, por meio do Sine Manaus, oferta 513 vagas de emprego em v\u00e1rias \u00e1reas de atua\u00e7\u00e3o, nesta sexta\u2013feira, 25\/7, das 8h \u00e0s 14h.","og_url":"https:\/\/www.manaus.am.gov.br\/semtepi\/oportunidade\/prefeitura-sinemanaus-vagas2507\/","og_site_name":"SEMTEPI","article_published_time":"2025-07-24T18:04:07+00:00","article_modified_time":"2025-07-24T18:04:08+00:00","og_image":[{"width":799,"height":533,"url":"https:\/\/www.manaus.am.gov.br\/semtepi\/wp-content\/uploads\/sites\/20\/2025\/07\/54523926589_af28c91c2c_c.jpg","type":"image\/jpeg"}],"author":"Adriana Costa","twitter_card":"summary_large_image","twitter_misc":{"Written by":"Adriana Costa","Est. reading time":"30 minutos"},"schema":{"@context":"https:\/\/schema.org","@graph":[{"@type":"Article","@id":"https:\/\/www.manaus.am.gov.br\/semtepi\/oportunidade\/prefeitura-sinemanaus-vagas2507\/#article","isPartOf":{"@id":"https:\/\/www.manaus.am.gov.br\/semtepi\/oportunidade\/prefeitura-sinemanaus-vagas2507\/"},"author":{"name":"Adriana Costa","@id":"https:\/\/www.manaus.am.gov.br\/semtepi\/#\/schema\/person\/4e49f4e267757a06ca072ec61b2b9968"},"headline":"Sine Manaus oferta 513 vagas de emprego nesta sexta\u2013feira, 25\/7","datePublished":"2025-07-24T18:04:07+00:00","dateModified":"2025-07-24T18:04:08+00:00","mainEntityOfPage":{"@id":"https:\/\/www.manaus.am.gov.br\/semtepi\/oportunidade\/prefeitura-sinemanaus-vagas2507\/"},"wordCount":6024,"publisher":{"@id":"https:\/\/www.manaus.am.gov.br\/semtepi\/#organization"},"image":{"@id":"https:\/\/www.manaus.am.gov.br\/semtepi\/oportunidade\/prefeitura-sinemanaus-vagas2507\/#primaryimage"},"thumbnailUrl":"https:\/\/www.manaus.am.gov.br\/semtepi\/wp-content\/uploads\/sites\/20\/2025\/07\/54523926589_af28c91c2c_c.jpg","keywords":["Empregos","prefeitura de manaus","Semtepi","sine manaus","vagas"],"articleSection":["Oportunidade"],"inLanguage":"pt-BR"},{"@type":"WebPage","@id":"https:\/\/www.manaus.am.gov.br\/semtepi\/oportunidade\/prefeitura-sinemanaus-vagas2507\/","url":"https:\/\/www.manaus.am.gov.br\/semtepi\/oportunidade\/prefeitura-sinemanaus-vagas2507\/","name":"Sine Manaus oferta 513 vagas de emprego nesta sexta\u2013feira, 25\/7","isPartOf":{"@id":"https:\/\/www.manaus.am.gov.br\/semtepi\/#website"},"primaryImageOfPage":{"@id":"https:\/\/www.manaus.am.gov.br\/semtepi\/oportunidade\/prefeitura-sinemanaus-vagas2507\/#primaryimage"},"image":{"@id":"https:\/\/www.manaus.am.gov.br\/semtepi\/oportunidade\/prefeitura-sinemanaus-vagas2507\/#primaryimage"},"thumbnailUrl":"https:\/\/www.manaus.am.gov.br\/semtepi\/wp-content\/uploads\/sites\/20\/2025\/07\/54523926589_af28c91c2c_c.jpg","datePublished":"2025-07-24T18:04:07+00:00","dateModified":"2025-07-24T18:04:08+00:00","description":"A Prefeitura de Manaus, por meio do Sine Manaus, oferta 513 vagas de emprego em v\u00e1rias \u00e1reas de atua\u00e7\u00e3o, nesta sexta\u2013feira, 25\/7, das 8h \u00e0s 14h.","breadcrumb":{"@id":"https:\/\/www.manaus.am.gov.br\/semtepi\/oportunidade\/prefeitura-sinemanaus-vagas2507\/#breadcrumb"},"inLanguage":"pt-BR","potentialAction":[{"@type":"ReadAction","target":["https:\/\/www.manaus.am.gov.br\/semtepi\/oportunidade\/prefeitura-sinemanaus-vagas2507\/"]}]},{"@type":"ImageObject","inLanguage":"pt-BR","@id":"https:\/\/www.manaus.am.gov.br\/semtepi\/oportunidade\/prefeitura-sinemanaus-vagas2507\/#primaryimage","url":"https:\/\/www.manaus.am.gov.br\/semtepi\/wp-content\/uploads\/sites\/20\/2025\/07\/54523926589_af28c91c2c_c.jpg","contentUrl":"https:\/\/www.manaus.am.gov.br\/semtepi\/wp-content\/uploads\/sites\/20\/2025\/07\/54523926589_af28c91c2c_c.jpg","width":799,"height":533},{"@type":"BreadcrumbList","@id":"https:\/\/www.manaus.am.gov.br\/semtepi\/oportunidade\/prefeitura-sinemanaus-vagas2507\/#breadcrumb","itemListElement":[{"@type":"ListItem","position":1,"name":"Home","item":"https:\/\/www.manaus.am.gov.br\/semtepi\/"},{"@type":"ListItem","position":2,"name":"Sine Manaus oferta 513 vagas de emprego nesta sexta\u2013feira, 25\/7"}]},{"@type":"WebSite","@id":"https:\/\/www.manaus.am.gov.br\/semtepi\/#website","url":"https:\/\/www.manaus.am.gov.br\/semtepi\/","name":"SEMTEPI","description":"Prefeitura de Manaus","publisher":{"@id":"https:\/\/www.manaus.am.gov.br\/semtepi\/#organization"},"alternateName":"Secretaria Municipal do Trabalho, Empreendedorismo e Inova\u00e7\u00e3o","potentialAction":[{"@type":"SearchAction","target":{"@type":"EntryPoint","urlTemplate":"https:\/\/www.manaus.am.gov.br\/semtepi\/?s={search_term_string}"},"query-input":"required name=search_term_string"}],"inLanguage":"pt-BR"},{"@type":"Organization","@id":"https:\/\/www.manaus.am.gov.br\/semtepi\/#organization","name":"Prefeitura Municipal de Manaus","alternateName":"Prefeitura de Manaus","url":"https:\/\/www.manaus.am.gov.br\/semtepi\/","logo":{"@type":"ImageObject","inLanguage":"pt-BR","@id":"https:\/\/www.manaus.am.gov.br\/semtepi\/#\/schema\/logo\/image\/","url":"https:\/\/www.manaus.am.gov.br\/semtepi\/wp-content\/uploads\/sites\/20\/2024\/07\/favicon.png","contentUrl":"https:\/\/www.manaus.am.gov.br\/semtepi\/wp-content\/uploads\/sites\/20\/2024\/07\/favicon.png","width":300,"height":300,"caption":"Prefeitura Municipal de Manaus"},"image":{"@id":"https:\/\/www.manaus.am.gov.br\/semtepi\/#\/schema\/logo\/image\/"}},{"@type":"Person","@id":"https:\/\/www.manaus.am.gov.br\/semtepi\/#\/schema\/person\/4e49f4e267757a06ca072ec61b2b9968","name":"Adriana Costa","image":{"@type":"ImageObject","inLanguage":"pt-BR","@id":"https:\/\/www.manaus.am.gov.br\/semtepi\/#\/schema\/person\/image\/","url":"https:\/\/secure.gravatar.com\/avatar\/576258617ef7194f718179e766d57bd4?s=96&d=mm&r=g","contentUrl":"https:\/\/secure.gravatar.com\/avatar\/576258617ef7194f718179e766d57bd4?s=96&d=mm&r=g","caption":"Adriana Costa"}}]}},"_links":{"self":[{"href":"https:\/\/www.manaus.am.gov.br\/semtepi\/wp-json\/wp\/v2\/posts\/6660"}],"collection":[{"href":"https:\/\/www.manaus.am.gov.br\/semtepi\/wp-json\/wp\/v2\/posts"}],"about":[{"href":"https:\/\/www.manaus.am.gov.br\/semtepi\/wp-json\/wp\/v2\/types\/post"}],"author":[{"embeddable":true,"href":"https:\/\/www.manaus.am.gov.br\/semtepi\/wp-json\/wp\/v2\/users\/23"}],"replies":[{"embeddable":true,"href":"https:\/\/www.manaus.am.gov.br\/semtepi\/wp-json\/wp\/v2\/comments?post=6660"}],"version-history":[{"count":0,"href":"https:\/\/www.manaus.am.gov.br\/semtepi\/wp-json\/wp\/v2\/posts\/6660\/revisions"}],"wp:featuredmedia":[{"embeddable":true,"href":"https:\/\/www.manaus.am.gov.br\/semtepi\/wp-json\/wp\/v2\/media\/6661"}],"wp:attachment":[{"href":"https:\/\/www.manaus.am.gov.br\/semtepi\/wp-json\/wp\/v2\/media?parent=6660"}],"wp:term":[{"taxonomy":"category","embeddable":true,"href":"https:\/\/www.manaus.am.gov.br\/semtepi\/wp-json\/wp\/v2\/categories?post=6660"},{"taxonomy":"post_tag","embeddable":true,"href":"https:\/\/www.manaus.am.gov.br\/semtepi\/wp-json\/wp\/v2\/tags?post=6660"}],"curies":[{"name":"wp","href":"https:\/\/api.w.org\/{rel}","templated":true}]}}