{"id":6640,"date":"2025-07-20T14:46:06","date_gmt":"2025-07-20T18:46:06","guid":{"rendered":"https:\/\/www.manaus.am.gov.br\/semtepi\/sem-categoria\/458-vagas-de-emprego\/"},"modified":"2025-07-20T14:46:07","modified_gmt":"2025-07-20T18:46:07","slug":"458-vagas-de-emprego","status":"publish","type":"post","link":"https:\/\/www.manaus.am.gov.br\/semtepi\/oportunidade\/458-vagas-de-emprego\/","title":{"rendered":"Sine Manaus oferta 458 vagas de emprego nesta segunda\u2013feira, 21\/7"},"content":{"rendered":"\n<p>A Prefeitura de Manaus, por meio do Sine Manaus, oferta 458 vagas de emprego em v\u00e1rias \u00e1reas de atua\u00e7\u00e3o, nesta segunda\u2013feira, 21\/7,\u00a0de 8h \u00e0s 14h. O candidato pode validar a Carteira Digital e Previd\u00eancia Social (CTPS) no aplicativo \u201cCarteira de Trabalho Digital\u201d ou acessar o site\u00a0<a href=\"http:\/\/gov.br\/trabalho\" target=\"_blank\" rel=\"noreferrer noopener\">http:\/\/gov.br\/trabalho<\/a>.<\/p>\n\n\n\n<p>Para participar da pr\u00e9\u2013sele\u00e7\u00e3o e concorrer a uma das vagas dispon\u00edveis, ou receber orienta\u00e7\u00e3o de cadastro, Carteira de Trabalho Digital e seguro\u2013desemprego, os candidatos devem comparecer a um dos postos do Sine Manaus: na avenida Constantino Nery, n\u00ba 1.272, bairro S\u00e3o Geraldo, zona Centro\u2013Sul; ou no shopping Phelippe Daou, na avenida Camapu\u00e3, n\u00ba 2.939, bairro Cidade de Deus, zona Leste.<\/p>\n\n\n\n<p>Os interessados devem estar munidos do comprovante de vacina\u00e7\u00e3o (Covid\u201319), curr\u00edculo, certificados de cursos e documentos pessoais (RG, CPF, PIS, CTPS, comprovante de escolaridade e resid\u00eancia). N\u00e3o \u00e9 necess\u00e1rio apresentar c\u00f3pias, somente os documentos originais.<\/p>\n\n\n\n<p>\u00c9 importante que os candidatos mantenham seus cadastros atualizados, especialmente ao finalizarem novas qualifica\u00e7\u00f5es. Para vagas espec\u00edficas, podem ser solicitados documentos adicionais, como cursos ou certifica\u00e7\u00f5es, por isso, \u00e9 essencial estar atento aos &#8220;Requisitos Obrigat\u00f3rios&#8221; de cada vaga.<\/p>\n\n\n\n<p>A Semtepi ressalta que, obedecendo ao disposto no artigo 5\u00ba, da Constitui\u00e7\u00e3o Federal, e ao artigo 373\u2013A, da Consolida\u00e7\u00e3o das Leis Trabalhistas (CLT), crit\u00e9rios referentes a sexo, idade, cor ou situa\u00e7\u00e3o familiar, n\u00e3o podem ser informados na divulga\u00e7\u00e3o das vagas disponibilizadas.<\/p>\n\n\n\n<p>Os candidatos devem estar cientes das diretrizes de vestimenta estabelecidas pelo \u00f3rg\u00e3o, as quais incluem a proibi\u00e7\u00e3o de vestimentas como bermudas, shorts, minissaias, camisetas regatas e chinelos durante a entrada.<\/p>\n\n\n\n<p><strong>Vagas Novas \u2013 125<\/strong><\/p>\n\n\n\n<p><strong>10 vagas \u2013 Atendente de Lanchonete<\/strong><\/p>\n\n\n\n<p>Escolaridade \u2013 ensino m\u00e9dio completo;<\/p>\n\n\n\n<p>Experi\u00eancia \u2013 n\u00e3o \u00e9 necess\u00e1rio;<\/p>\n\n\n\n<p>Requisitos Obrigat\u00f3rios \u2013 ter documenta\u00e7\u00e3o completa;<\/p>\n\n\n\n<p>Atividades \u2013 preparo de lanches e suas finaliza\u00e7\u00f5es; manipula\u00e7\u00e3o de maquinas de caf\u00e9; extra\u00e7\u00e3o de bebidas quentes; pedidos: comanda, abertura e fechamento de contas e formas de pagamento.<\/p>\n\n\n\n<p>Dispon\u00edvel at\u00e9 21\/07\/2025 ou encerramento da vaga<\/p>\n\n\n\n<p><strong>10 vagas \u2013 Cozinheiro<\/strong><\/p>\n\n\n\n<p>Escolaridade \u2013 ensino m\u00e9dio completo;<\/p>\n\n\n\n<p>Experi\u00eancia \u2013 seis meses na Carteira de Trabalho;<\/p>\n\n\n\n<p>Requisitos Obrigat\u00f3rios \u2013 ter documenta\u00e7\u00e3o completa;<\/p>\n\n\n\n<p>Atividades \u2013 prepara\u00e7\u00e3o de alimentos, como lavar, cortar e descascar ingredientes, auxiliar no preparo de pratos, manter a ordem e a limpeza da cozinha, higienizar utens\u00edlios e equipamentos, controlar o estoque de alimentos e garantir a seguran\u00e7a alimentar.<\/p>\n\n\n\n<p>Dispon\u00edvel at\u00e9 21\/07\/2025 ou encerramento da vaga.<\/p>\n\n\n\n<p><strong>10 vagas \u2013 Auxiliar de Cozinha<\/strong><\/p>\n\n\n\n<p>Escolaridade \u2013 ensino m\u00e9dio completo;<\/p>\n\n\n\n<p>Experi\u00eancia \u2013 seis meses na Carteira de Trabalho;<\/p>\n\n\n\n<p>Requisitos Obrigat\u00f3rios \u2013 ter documenta\u00e7\u00e3o completa;<\/p>\n\n\n\n<p>Atividades \u2013 selecionar e preparar ingredientes, cozinhar usando diversas t\u00e9cnicas, montar pratos, manter a cozinha limpa e seguir normas de seguran\u00e7a alimentar.<\/p>\n\n\n\n<p>Dispon\u00edvel at\u00e9 21\/07\/2025 ou encerramento da vaga.<\/p>\n\n\n\n<p><strong>10 vagas \u2013 Sushiman<\/strong><\/p>\n\n\n\n<p>Escolaridade \u2013 ensino m\u00e9dio completo;<\/p>\n\n\n\n<p>Experi\u00eancia \u2013 seis meses na Carteira de Trabalho;<\/p>\n\n\n\n<p>Requisitos Obrigat\u00f3rios \u2013 ter documenta\u00e7\u00e3o completa;<\/p>\n\n\n\n<p>Atividades \u2013 realizar a sele\u00e7\u00e3o e prepara\u00e7\u00e3o de ingredientes, como peixes e frutos do mar, a montagem dos pratos de acordo com as t\u00e9cnicas tradicionais e a garantia da higiene e seguran\u00e7a alimentar.<\/p>\n\n\n\n<p>Dispon\u00edvel at\u00e9 21\/07\/2025 ou encerramento da vaga.<\/p>\n\n\n\n<p><strong>10 vagas \u2013 Auxiliar de Sushiman<\/strong><\/p>\n\n\n\n<p>Escolaridade \u2013 ensino m\u00e9dio completo;<\/p>\n\n\n\n<p>Experi\u00eancia \u2013 seis meses na Carteira de Trabalho;<\/p>\n\n\n\n<p>Requisitos Obrigat\u00f3rios \u2013 ter documenta\u00e7\u00e3o completa;<\/p>\n\n\n\n<p>Atividades \u2013 auxiliar o sushiman na prepara\u00e7\u00e3o de pratos de comida japonesa, como sushis e sashimis.<\/p>\n\n\n\n<p>Dispon\u00edvel at\u00e9 21\/07\/2025 ou encerramento da vaga.<\/p>\n\n\n\n<p><strong>10 vagas \u2013 Gar\u00e7om<\/strong><\/p>\n\n\n\n<p>Escolaridade \u2013 ensino m\u00e9dio completo;<\/p>\n\n\n\n<p>Experi\u00eancia \u2013 seis meses na Carteira de Trabalho;<\/p>\n\n\n\n<p>Requisitos Obrigat\u00f3rios \u2013 ter documenta\u00e7\u00e3o completa;<\/p>\n\n\n\n<p>Atividades \u2013 recepcionar os clientes, apresentar o card\u00e1pio, anotar os pedidos, servir alimentos e bebidas, e manter a limpeza e organiza\u00e7\u00e3o das mesas.<\/p>\n\n\n\n<p>Dispon\u00edvel at\u00e9 21\/07\/2025 ou encerramento da vaga.<\/p>\n\n\n\n<p><strong>10 vagas \u2013 Pizzaiolo<\/strong><\/p>\n\n\n\n<p>Escolaridade \u2013 ensino m\u00e9dio completo;<\/p>\n\n\n\n<p>Experi\u00eancia \u2013 seis meses na Carteira de Trabalho;<\/p>\n\n\n\n<p>Requisitos Obrigat\u00f3rios \u2013 ter documenta\u00e7\u00e3o completa;<\/p>\n\n\n\n<p>Atividades \u2013 respons\u00e1vel pelo preparo e cozimento de pizzas, abrangendo desde a elabora\u00e7\u00e3o da massa at\u00e9 a montagem e finaliza\u00e7\u00e3o do prato.<\/p>\n\n\n\n<p>Dispon\u00edvel at\u00e9 21\/07\/2025 ou encerramento da vaga.<\/p>\n\n\n\n<p><strong>10 vagas \u2013 Auxiliar de Pizzaiolo<\/strong><\/p>\n\n\n\n<p>Escolaridade \u2013 ensino m\u00e9dio completo;<\/p>\n\n\n\n<p>Experi\u00eancia \u2013 seis meses na Carteira de Trabalho;<\/p>\n\n\n\n<p>Requisitos Obrigat\u00f3rios \u2013 ter documenta\u00e7\u00e3o completa;<\/p>\n\n\n\n<p>Atividades \u2013 auxiliar no preparo das pizzas, desde a organiza\u00e7\u00e3o e limpeza do ambiente de trabalho at\u00e9 o pr\u00e9\u2013preparo e montagem dos ingredientes.<\/p>\n\n\n\n<p>Dispon\u00edvel at\u00e9 21\/07\/2025 ou encerramento da vaga.<\/p>\n\n\n\n<p><strong>3 vagas \u2013 Auxiliar de Mec\u00e2nico de Refrigera\u00e7\u00e3o<\/strong><\/p>\n\n\n\n<p>Escolaridade \u2013 ensino m\u00e9dio completo;<\/p>\n\n\n\n<p>Experi\u00eancia \u2013 seis meses na Carteira de Trabalho;<\/p>\n\n\n\n<p>Requisitos Obrigat\u00f3rios \u2013 ter curso de NR 10, NR 35 e ter documenta\u00e7\u00e3o completa (com dispensa militar);<\/p>\n\n\n\n<p>Atividades \u2013 auxiliar na instala\u00e7\u00e3o, manuten\u00e7\u00e3o preventiva e corretiva, al\u00e9m do preparo de materiais e ferramentas.<\/p>\n\n\n\n<p>Dispon\u00edvel at\u00e9 21\/07\/2025 ou encerramento da vaga.<\/p>\n\n\n\n<p><strong>2 vagas \u2013 Auxiliar de Mec\u00e2nico de Manuten\u00e7\u00e3o<\/strong><\/p>\n\n\n\n<p>Escolaridade \u2013 ensino m\u00e9dio completo;<\/p>\n\n\n\n<p>Experi\u00eancia \u2013 seis meses na Carteira de Trabalho;<\/p>\n\n\n\n<p>Requisitos Obrigat\u00f3rios \u2013 ter curso de NR 12, NR 35 e ter documenta\u00e7\u00e3o completa (com dispensa militar);<\/p>\n\n\n\n<p>Atividades \u2013 auxiliar na manuten\u00e7\u00e3o de m\u00e1quinas, motores e equipamentos industriais; realizar transporte de equipamentos e ferramentas necess\u00e1rios ao trabalho; realizar a limpeza, conserva\u00e7\u00e3o e guarda das pe\u00e7as e de ferramentas e equipamentos utilizados.<\/p>\n\n\n\n<p>Dispon\u00edvel at\u00e9 21\/07\/2025 ou encerramento da vaga.<\/p>\n\n\n\n<p><strong>2 vagas \u2013 Mec\u00e2nico de Manuten\u00e7\u00e3o<\/strong><\/p>\n\n\n\n<p>Escolaridade \u2013 ensino t\u00e9cnico completo;<\/p>\n\n\n\n<p>Experi\u00eancia \u2013 seis meses na Carteira de Trabalho;<\/p>\n\n\n\n<p>Requisitos Obrigat\u00f3rios \u2013 ter curso de NR 10, NR 12, NR 35, SEP e ter documenta\u00e7\u00e3o completa (com dispensa militar);<\/p>\n\n\n\n<p>Atividades \u2013 respons\u00e1vel pela manuten\u00e7\u00e3o de edif\u00edcios e sistemas mec\u00e2nicos, como sistemas de aquecimento e refrigera\u00e7\u00e3o; reparo, a manuten\u00e7\u00e3o e a instala\u00e7\u00e3o dos componentes do sistema e o hor\u00e1rio de expediente.<\/p>\n\n\n\n<p>Dispon\u00edvel at\u00e9 21\/07\/2025 ou encerramento da vaga.<\/p>\n\n\n\n<p><strong>2 vagas \u2013 Auxiliar de Eletricista<\/strong><\/p>\n\n\n\n<p>Escolaridade \u2013 ensino t\u00e9cnico completo;<\/p>\n\n\n\n<p>Experi\u00eancia \u2013 seis meses na Carteira de Trabalho;<\/p>\n\n\n\n<p>Requisitos Obrigat\u00f3rios \u2013 ter curso de NR 10, NR 12, NR 35, SEP e ter documenta\u00e7\u00e3o completa (com dispensa militar);<\/p>\n\n\n\n<p>Atividades \u2013 auxiliar na montagem de instala\u00e7\u00f5es el\u00e9tricas de resid\u00eancias, f\u00e1bricas e outros estabelecimentos, e de embarca\u00e7\u00f5es, avi\u00f5es, autom\u00f3veis e outros ve\u00edculos automotores; auxiliar na instala\u00e7\u00e3o e manuten\u00e7\u00e3o de redes el\u00e9tricas; transportar equipamentos e ferramentas necess\u00e1rios \u00e0 execu\u00e7\u00e3o dos trabalhos.<\/p>\n\n\n\n<p>Dispon\u00edvel at\u00e9 21\/07\/2025 ou encerramento da vaga.<\/p>\n\n\n\n<p><strong>5 vagas \u2013 Agente de Limpeza<\/strong><\/p>\n\n\n\n<p>Escolaridade \u2013 ensino fundamental completo;<\/p>\n\n\n\n<p>Experi\u00eancia \u2013 seis meses na Carteira de Trabalho;<\/p>\n\n\n\n<p>Requisitos Obrigat\u00f3rios \u2013 ter documenta\u00e7\u00e3o completa (com dispensa militar);<\/p>\n\n\n\n<p>Atividades \u2013 manuten\u00e7\u00e3o da limpeza e conserva\u00e7\u00e3o de ambientes, utilizando equipamentos e produtos adequados para a remo\u00e7\u00e3o de sujidades, limpeza de pisos, paredes, vidros, m\u00f3veis, entre outros; coleta de lixo, reposi\u00e7\u00e3o de materiais de higiene, e sinaliza\u00e7\u00e3o de \u00e1reas em manuten\u00e7\u00e3o.<\/p>\n\n\n\n<p>Dispon\u00edvel at\u00e9 21\/07\/2025 ou encerramento da vaga.<\/p>\n\n\n\n<p><strong>2 vagas \u2013 Vendedor<\/strong><\/p>\n\n\n\n<p>Escolaridade \u2013 ensino m\u00e9dio completo;<\/p>\n\n\n\n<p>Experi\u00eancia \u2013 seis meses na Carteira de Trabalho;<\/p>\n\n\n\n<p>Requisitos Obrigat\u00f3rios \u2013 ter experi\u00eancia no setor de roupas, curso de Atendimento ao Cliente e Vendas, residir nas proximidades da Torquato Tapaj\u00f3s ou Zona Norte e ter documenta\u00e7\u00e3o completa;<\/p>\n\n\n\n<p>Atividades \u2013 atendimento ao cliente, prospec\u00e7\u00e3o de clientes, organiza\u00e7\u00e3o de produtos na loja, realizar contagem de estoque.<\/p>\n\n\n\n<p>Dispon\u00edvel at\u00e9 21\/07\/2025 ou encerramento da vaga.<\/p>\n\n\n\n<p><strong>1 vaga \u2013 Motorista<\/strong><\/p>\n\n\n\n<p>Escolaridade \u2013 ensino fundamental completo;<\/p>\n\n\n\n<p>Experi\u00eancia \u2013 seis meses na Carteira de Trabalho;<\/p>\n\n\n\n<p>Requisitos Obrigat\u00f3rios \u2013 ter disponibilidade para viajar e ter documenta\u00e7\u00e3o completa;<\/p>\n\n\n\n<p>Atividades \u2013 compra e entrega de material, deslocamento da equipe.<\/p>\n\n\n\n<p>Dispon\u00edvel at\u00e9 21\/07\/2025 ou encerramento da vaga.<\/p>\n\n\n\n<p><strong>3 vagas \u2013 Controlador de Pragas<\/strong><\/p>\n\n\n\n<p>Escolaridade \u2013 ensino m\u00e9dio completo;<\/p>\n\n\n\n<p>Experi\u00eancia \u2013 n\u00e3o \u00e9 necess\u00e1rio;<\/p>\n\n\n\n<p>Requisitos Obrigat\u00f3rios \u2013 ter Carteira Nacional de Habilita\u00e7\u00e3o categoria \u201cA\u201d, curso de Atendimento ao Cliente, disponibilidade de hor\u00e1rio e ter documenta\u00e7\u00e3o completa (com dispensa militar);<\/p>\n\n\n\n<p>Atividades \u2013 criar barreiras contra esses elementos, evitando que eles possam efetuar uma infesta\u00e7\u00e3o em um ambiente interno ou externo; empresas, resid\u00eancias, ind\u00fastrias, entre outros segmentos, precisam de um acompanhamento constante para evitar transtornos.<\/p>\n\n\n\n<p>Dispon\u00edvel at\u00e9 21\/07\/2025 ou encerramento da vaga.<\/p>\n\n\n\n<p><strong>25 vagas \u2013 Auxiliar de Log\u00edstica<\/strong><\/p>\n\n\n\n<p>Escolaridade \u2013 ensino m\u00e9dio completo;<\/p>\n\n\n\n<p>Experi\u00eancia \u2013 n\u00e3o \u00e9 necess\u00e1rio;<\/p>\n\n\n\n<p>Requisitos Obrigat\u00f3rios \u2013 ter documenta\u00e7\u00e3o completa (com dispensa militar);<\/p>\n\n\n\n<p>Atividades \u2013 executar servi\u00e7os de carga e descarga, realizar a confer\u00eancia das cargas recebidas na doca, armazenagem e separa\u00e7\u00e3o de produtos e materiais, organizar e manter o estoque da empresa dentro das pol\u00edticas internas.<\/p>\n\n\n\n<p>Dispon\u00edvel at\u00e9 21\/07\/2025 ou encerramento da vaga.<\/p>\n\n\n\n<p><strong>Vagas no Com\u00e9rcio \u2013 83<\/strong><\/p>\n\n\n\n<p><strong>80 vagas \u2013 Auxiliar de Peixaria<\/strong><\/p>\n\n\n\n<p>Escolaridade \u2013 ensino fundamental completo;<\/p>\n\n\n\n<p>Experi\u00eancia \u2013 n\u00e3o \u00e9 necess\u00e1rio;<\/p>\n\n\n\n<p>Requisitos Obrigat\u00f3rios \u2013 ter documenta\u00e7\u00e3o completa (com dispensa militar);<\/p>\n\n\n\n<p>Atividades \u2013 atender clientes em lojas e mercados, para venda de mercadorias; prepara\u2013se para realizar as atividades, informando\u2013se sobre novos produtos e promo\u00e7\u00f5es.<\/p>\n\n\n\n<p>Dispon\u00edvel at\u00e9 21\/07\/2025 ou encerramento da vaga.<\/p>\n\n\n\n<p><strong>2 vagas \u2013 Instalador de Purificador de \u00c1gua<\/strong><\/p>\n\n\n\n<p>Escolaridade \u2013 ensino m\u00e9dio completo;<\/p>\n\n\n\n<p>Experi\u00eancia \u2013 n\u00e3o \u00e9 necess\u00e1rio;<\/p>\n\n\n\n<p>Requisitos Obrigat\u00f3rios \u2013 ter Carteira Nacional de Habilita\u00e7\u00e3o categoria \u201cA\u201d ou \u201cB\u201d, ter no\u00e7\u00f5es de hidr\u00e1ulica e ter documenta\u00e7\u00e3o completa (com dispensa militar);<\/p>\n\n\n\n<p>Atividades \u2013 executar os servi\u00e7os previamente agendados pela equipe comercial, seguindo uma rota t\u00e9cnica organizada por regi\u00f5es; instala\u00e7\u00e3o de purificadores de \u00e1gua; transporte de equipamentos; cumprimento dos procedimentos operacionais da empresa.<\/p>\n\n\n\n<p>Dispon\u00edvel at\u00e9 21\/07\/2025 ou encerramento da vaga.<\/p>\n\n\n\n<p><strong>1 vaga \u2013 Comprador<\/strong><\/p>\n\n\n\n<p>Escolaridade \u2013 ensino m\u00e9dio completo;<\/p>\n\n\n\n<p>Experi\u00eancia \u2013 seis meses na Carteira de Trabalho;<\/p>\n\n\n\n<p>Requisitos Obrigat\u00f3rios \u2013 ter documenta\u00e7\u00e3o completa;<\/p>\n\n\n\n<p>Atividades \u2013 analisar as compras de materiais, equipamentos, mat\u00e9rias\u2013primas e servi\u00e7os, realizar cota\u00e7\u00e3o e negocia\u00e7\u00e3o com fornecedores, emitir pedidos e acompanhar o fluxo de entrega para cumprimento de todas as condi\u00e7\u00f5es negociadas.<\/p>\n\n\n\n<p>Dispon\u00edvel at\u00e9 21\/07\/2025 ou encerramento da vaga.<\/p>\n\n\n\n<p><strong>Vagas na Ind\u00fastria \u2013 183<\/strong><\/p>\n\n\n\n<p><strong>50 vagas \u2013 Auxiliar de Linha de Produ\u00e7\u00e3o<br><\/strong>Escolaridade \u2013 ensino fundamental completo;<br>Experi\u00eancia \u2013 n\u00e3o \u00e9 necess\u00e1rio;<br>Requisitos Obrigat\u00f3rios \u2013 a vaga \u00e9 destinada para candidatos que est\u00e3o em busca de novos desafios; o candidato vai precisar morar em: V\u00e1rzea Grande (MT) e ter documenta\u00e7\u00e3o completa (com dispensa militar);<br>Atividades \u2013 executar atividades operacionais em setores de apoio ou produ\u00e7\u00e3o de frios, visando garantir a manuten\u00e7\u00e3o, organiza\u00e7\u00e3o, limpeza ou opera\u00e7\u00e3o de atividades na unidade.<br>Dispon\u00edvel at\u00e9 21\/07\/2025 ou encerramento da vaga.<br><br><strong>25 vagas \u2013 Alimentador de Linha de Produ\u00e7\u00e3o<br><\/strong>Escolaridade \u2013 ensino fundamental incompleto;<br>Experi\u00eancia \u2013 n\u00e3o \u00e9 necess\u00e1rio;<br>Requisitos Obrigat\u00f3rios \u2013 a vaga \u00e9 destinada para candidatos que est\u00e3o em busca de novos desafios; o candidato vai precisar morar em: Promiss\u00e3o \u2013 SP e ter documenta\u00e7\u00e3o completa (com dispensa militar);<br>Atividades \u2013 auxiliar a ind\u00fastria de abate bovino.<br>Dispon\u00edvel at\u00e9 21\/07\/2025 ou encerramento da vaga.<br><br><strong>50 vagas \u2013 Auxiliar Operacional &#8211; Setor Industrial<\/strong><br>Escolaridade \u2013 ensino fundamental incompleto;<br>Experi\u00eancia \u2013 n\u00e3o \u00e9 necess\u00e1rio;<br>Requisitos Obrigat\u00f3rios \u2013 a vaga \u00e9 destinada para candidatos que est\u00e3o em busca de novos desafios; o candidato vai precisar morar em: Chupinguaia &#8211; RO e documenta\u00e7\u00e3o completa;<br>Atividades \u2013 realizar a pesagem e balan\u00e7a de pe\u00e7as de carne; transporte de pe\u00e7as de carne para a log\u00edstica; lavagem de pe\u00e7as de carne; aux\u00edlio na linha de produ\u00e7\u00e3o no processo de desossa e cortes de carne.<br>Dispon\u00edvel at\u00e9 21\/07\/2025 ou encerramento da vaga.<\/p>\n\n\n\n<p><strong>1 vaga \u2013 Motorista<\/strong><\/p>\n\n\n\n<p>Escolaridade \u2013 ensino m\u00e9dio completo;<\/p>\n\n\n\n<p>Experi\u00eancia \u2013 seis meses na Carteira de Trabalho;<\/p>\n\n\n\n<p>Requisitos Obrigat\u00f3rios \u2013 ter Carteira Nacional de Habilita\u00e7\u00e3o categoria \u201cD\u201d e documenta\u00e7\u00e3o completa (com dispensa militar);<\/p>\n\n\n\n<p>Atividades \u2013 dirigir van e caminh\u00e3o, para entrega de pedidos e mercadorias.<\/p>\n\n\n\n<p>Dispon\u00edvel at\u00e9 21\/07\/2025 ou encerramento da vaga.<\/p>\n\n\n\n<p><strong>2 vagas \u2013 Qu\u00edmico<\/strong><\/p>\n\n\n\n<p>Escolaridade \u2013 ensino superior completo em Qu\u00edmica;<\/p>\n\n\n\n<p>Experi\u00eancia \u2013 seis meses na Carteira de Trabalho;<\/p>\n\n\n\n<p>Requisitos Obrigat\u00f3rios \u2013 ter disponibilidade de hor\u00e1rio e documenta\u00e7\u00e3o completa;<\/p>\n\n\n\n<p>Atividades \u2013 analisar amostra de insumos e mat\u00e9rias-primas; efetuar o processo produtivo, executar ensaios f\u00edsico-qu\u00edmicos, participar do desenvolvimento de produtos e processos, da defini\u00e7\u00e3o ou reestrutura\u00e7\u00e3o das instala\u00e7\u00f5es industriais; supervisionam opera\u00e7\u00e3o de processos qu\u00edmicos e opera\u00e7\u00f5es unit\u00e1rias de laborat\u00f3rio e de produ\u00e7\u00e3o, fazer certificados de an\u00e1lise e FDS e outras conforme atividades pertinentes ao cargo.<\/p>\n\n\n\n<p>Dispon\u00edvel at\u00e9 21\/07\/2025 ou encerramento da vaga.<\/p>\n\n\n\n<p><strong>5 vagas \u2013 Supervisor de Vendas<\/strong><\/p>\n\n\n\n<p>Escolaridade \u2013 ensino m\u00e9dio completo;<\/p>\n\n\n\n<p>Experi\u00eancia \u2013 seis meses na Carteira de Trabalho;<\/p>\n\n\n\n<p>Requisitos Obrigat\u00f3rios \u2013 ter documenta\u00e7\u00e3o completa;<\/p>\n\n\n\n<p>Atividades \u2013 liderar e gerenciar equipes de vendas, acompanhando o desempenho dos vendedores, definindo metas e estrat\u00e9gias, e garantindo o alcance dos objetivos comerciais da empresa.<\/p>\n\n\n\n<p>Dispon\u00edvel at\u00e9 21\/07\/2025 ou encerramento da vaga.<\/p>\n\n\n\n<p><strong>50 vagas \u2013 Auxiliar de Carga e Descarga<\/strong><\/p>\n\n\n\n<p>Escolaridade \u2013 ensino fundamental completo;<\/p>\n\n\n\n<p>Experi\u00eancia \u2013 seis meses na Carteira de Trabalho ou avulsa;<\/p>\n\n\n\n<p>Requisitos Obrigat\u00f3rios \u2013 ter documenta\u00e7\u00e3o completa (com dispensa militar);<\/p>\n\n\n\n<p>Atividades \u2013 executar servi\u00e7os de carga e descarga; realizar a confer\u00eancia das cargas recebidas na doca, armazenagem e separa\u00e7\u00e3o de produtos e materiais; organizar e manter o estoque da empresa dentro das pol\u00edticas internas; identificar produtos n\u00e3o conformes entre demais atividades pertinentes a fun\u00e7\u00e3o.<\/p>\n\n\n\n<p>Dispon\u00edvel at\u00e9 21\/07\/2025 ou encerramento da vaga.<\/p>\n\n\n\n<p><strong>Vagas em Servi\u00e7os \u2013<a><\/a> 61<\/strong><\/p>\n\n\n\n<p><strong>1 vaga \u2013 Servi\u00e7os Gerais<\/strong><\/p>\n\n\n\n<p>Escolaridade \u2013 ensino m\u00e9dio completo;<\/p>\n\n\n\n<p>Experi\u00eancia \u2013 seis meses na Carteira de Trabalho;<\/p>\n\n\n\n<p>Requisitos Obrigat\u00f3rios \u2013 ter curso de NR 33, NR 35 e ter documenta\u00e7\u00e3o completa (com dispensa militar);<\/p>\n\n\n\n<p>Atividades \u2013 executar servi\u00e7os de reparos limpeza em locais especiais, hidr\u00e1ulicos; descarregamento de materiais para descarte; atividades de ro\u00e7agem e podagem; manter o ambiente de trabalho limpo e organizado, aplicar e monitorar os conceitos do programa 6s; primar pela seguran\u00e7a e garantir a utiliza\u00e7\u00e3o dos EPIs; zelar pelos equipamentos e materiais cedidos pela empresa; realizar atividades correlatas em geral.<\/p>\n\n\n\n<p>Dispon\u00edvel at\u00e9 21\/07\/2025 ou encerramento da vaga.<\/p>\n\n\n\n<p><strong>1 vaga \u2013 Motorista de Caminh\u00e3o<\/strong><\/p>\n\n\n\n<p>Escolaridade \u2013 ensino m\u00e9dio completo;<\/p>\n\n\n\n<p>Experi\u00eancia \u2013 registrada na Carteira de Trabalho;<\/p>\n\n\n\n<p>Requisitos Obrigat\u00f3rios \u2013 ter experi\u00eancia com transporte de cargas, Carteira Nacional categoria \u201cD\u201d e ter documenta\u00e7\u00e3o completa (com dispensa militar);<\/p>\n\n\n\n<p>Atividades \u2013 transportar materiais e produtos para diversos itiner\u00e1rios de acordo com as leis de tr\u00e2nsito e normas de seguran\u00e7a, em um conjunto de ve\u00edculos, composto por um cavalo mec\u00e2nico e um ou mais trailers ou carretas; respons\u00e1vel pela perman\u00eancia da documenta\u00e7\u00e3o do ve\u00edculo e pelo acondicionamento e amarra\u00e7\u00e3o das cargas nos ve\u00edculos; elaborar relat\u00f3rios de viagem e rota e fazer confer\u00eancia dos materiais para assegurar a correta entrega e coleta; efetuar a presta\u00e7\u00e3o de contas das despesas efetuadas com o ve\u00edculo, abastecimentos, ped\u00e1gios, taxas de cargas e descargas e demais despesas inerentes a opera\u00e7\u00e3o; zelar pela conserva\u00e7\u00e3o e seguran\u00e7a dos ve\u00edculos, providenciando limpeza, ajustes e pequenos reparos.<\/p>\n\n\n\n<p>Dispon\u00edvel at\u00e9 21\/07\/2025 ou encerramento da vaga.<\/p>\n\n\n\n<p><strong>2 vagas \u2013 Motorista de Carreta<\/strong><\/p>\n\n\n\n<p>Escolaridade \u2013 ensino m\u00e9dio completo;<\/p>\n\n\n\n<p>Experi\u00eancia \u2013 registrada na Carteira de Trabalho;<\/p>\n\n\n\n<p>Requisitos Obrigat\u00f3rios \u2013 ter experi\u00eancia com transporte de cargas, Carteira Nacional categoria \u201cE\u201d e ter documenta\u00e7\u00e3o completa (com dispensa militar);<\/p>\n\n\n\n<p>Atividades \u2013 transportar materiais e produtos para diversos itiner\u00e1rios de acordo com as leis de tr\u00e2nsito e normas de seguran\u00e7a, em um conjunto de ve\u00edculos, composto por um cavalo mec\u00e2nico e um ou mais trailers ou carretas; respons\u00e1vel pela perman\u00eancia da documenta\u00e7\u00e3o do ve\u00edculo e pelo acondicionamento e amarra\u00e7\u00e3o das cargas nos ve\u00edculos; elaborar relat\u00f3rios de viagem e rota e fazer confer\u00eancia dos materiais para assegurar a correta entrega e coleta; efetuar a presta\u00e7\u00e3o de contas das despesas efetuadas com o ve\u00edculo, abastecimentos, ped\u00e1gios, taxas de cargas e descargas e demais despesas inerentes a opera\u00e7\u00e3o; zelar pela conserva\u00e7\u00e3o e seguran\u00e7a dos ve\u00edculos, providenciando limpeza, ajustes e pequenos reparos.<\/p>\n\n\n\n<p>Dispon\u00edvel at\u00e9 21\/07\/2025 ou encerramento da vaga.<\/p>\n\n\n\n<p><strong>2 vagas \u2013 Motorista de Caminh\u00e3o Munck<\/strong><\/p>\n\n\n\n<p>Escolaridade \u2013 ensino fundamental completo;<\/p>\n\n\n\n<p>Experi\u00eancia \u2013 seis meses na Carteira de Trabalho;<\/p>\n\n\n\n<p>Requisitos Obrigat\u00f3rios \u2013 ter curso de Operador de Munck, Carteira Nacional de Habilita\u00e7\u00e3o categoria \u201cD\u201d e ter documenta\u00e7\u00e3o completa (com dispensa militar);<\/p>\n\n\n\n<p>Atividades \u2013 i\u00e7amento e transporte de cargas; apoio na amarra\u00e7\u00e3o; travamento de carga; manuten\u00e7\u00f5es preventivas; Fazer check list entre outros.<\/p>\n\n\n\n<p>Dispon\u00edvel at\u00e9 21\/07\/2025 ou encerramento da vaga.<\/p>\n\n\n\n<p><strong>1 vaga \u2013 Atendente de Loja<\/strong><\/p>\n\n\n\n<p>Escolaridade \u2013 ensino m\u00e9dio completo;<\/p>\n\n\n\n<p>Experi\u00eancia \u2013 tr\u00eas meses na Carteira de Trabalho;<\/p>\n\n\n\n<p>Requisitos Obrigat\u00f3rios \u2013 ter curso de Atendimento ao Cliente, Recep\u00e7\u00e3o, Excel b\u00e1sico ou avan\u00e7ado e ter documenta\u00e7\u00e3o completa;<\/p>\n\n\n\n<p>Atividades \u2013 organiza\u00e7\u00e3o dos produtos, atendimento ao cliente.<\/p>\n\n\n\n<p>Dispon\u00edvel at\u00e9 21\/07\/2025 ou encerramento da vaga.<\/p>\n\n\n\n<p><strong>1 vaga \u2013 Promotor de Vendas<\/strong><\/p>\n\n\n\n<p>Escolaridade \u2013 ensino m\u00e9dio completo;<\/p>\n\n\n\n<p>Experi\u00eancia \u2013 seis meses na Carteira de Trabalho;<\/p>\n\n\n\n<p>Requisitos Obrigat\u00f3rios \u2013 ter curso de Atendimento ao Cliente, Recep\u00e7\u00e3o, Excel b\u00e1sico ou avan\u00e7ado e ter documenta\u00e7\u00e3o completa;<\/p>\n\n\n\n<p>Atividades \u2013 receber os clientes no ponto de venda, apresentar os produtos, tirar d\u00favidas, oferecer demonstra\u00e7\u00f5es e auxiliar na decis\u00e3o de compra.<\/p>\n\n\n\n<p>Dispon\u00edvel at\u00e9 21\/07\/2025 ou encerramento da vaga.<\/p>\n\n\n\n<p><strong>10 vagas \u2013 Servi\u00e7os Gerais<\/strong><\/p>\n\n\n\n<p>Escolaridade \u2013 ensino fundamental incompleto;<\/p>\n\n\n\n<p>Experi\u00eancia \u2013 seis meses na Carteira de Trabalho;<\/p>\n\n\n\n<p>Requisitos Obrigat\u00f3rios \u2013 ter curso de NR 35 e ter documenta\u00e7\u00e3o completa (com dispensa militar);<\/p>\n\n\n\n<p>Atividades \u2013 auxiliar na realiza\u00e7\u00e3o de servi\u00e7os em geral como recebimento, separa\u00e7\u00e3o e distribui\u00e7\u00e3o de correspond\u00eancia e materiais, atividades de limpeza, copa e conserva\u00e7\u00e3o de instala\u00e7\u00f5es; deslocar m\u00e1quinas m\u00f3veis e equipamentos; conservar vidros e fachadas, limpar recintos e acess\u00f3rios e tratar de organiza\u00e7\u00f5es de ambientes em geral.<\/p>\n\n\n\n<p>Dispon\u00edvel at\u00e9 21\/07\/2025 ou encerramento da vaga.<\/p>\n\n\n\n<p><strong>40 vagas \u2013 Auxiliar de Dep\u00f3sito<\/strong><\/p>\n\n\n\n<p>Escolaridade \u2013 ensino fundamental completo;<\/p>\n\n\n\n<p>Experi\u00eancia \u2013 n\u00e3o \u00e9 necess\u00e1rio;<\/p>\n\n\n\n<p>Requisitos Obrigat\u00f3rios \u2013 residir na Zona Norte ou Leste e ter documenta\u00e7\u00e3o completa (com dispensa militar);<\/p>\n\n\n\n<p>Atividades \u2013 respons\u00e1vel por diversas tarefas relacionadas ao recebimento, armazenamento, organiza\u00e7\u00e3o e expedi\u00e7\u00e3o de produtos e materiais em um dep\u00f3sito ou estoque.<\/p>\n\n\n\n<p>Dispon\u00edvel at\u00e9 21\/07\/2025 ou encerramento da vaga.<\/p>\n\n\n\n<p><strong>1 vaga \u2013 Analista Financeiro<\/strong><\/p>\n\n\n\n<p>Escolaridade \u2013 ensino superior completo em Administra\u00e7\u00e3o ou Ci\u00eancia Cont\u00e1beis;<\/p>\n\n\n\n<p>Experi\u00eancia \u2013 registrada na Carteira de Trabalho;<\/p>\n\n\n\n<p>Requisitos Obrigat\u00f3rios \u2013 ter documenta\u00e7\u00e3o completa (com dispensa militar);<\/p>\n\n\n\n<p>Atividades \u2013 realizar an\u00e1lise de cr\u00e9dito, gest\u00e3o de riscos, avalia\u00e7\u00e3o de desempenho financeiro, pagamentos, concilia\u00e7\u00e3o banc\u00e1ria, an\u00e1lise de faturamento e fluxo de caixa.<\/p>\n\n\n\n<p>Dispon\u00edvel at\u00e9 21\/07\/2025 ou encerramento da vaga.<\/p>\n\n\n\n<p><strong>1 vaga \u2013 Analista Cont\u00e1bil<\/strong><\/p>\n\n\n\n<p>Escolaridade \u2013 ensino superior completo em Administra\u00e7\u00e3o ou Ci\u00eancia Cont\u00e1beis;<\/p>\n\n\n\n<p>Experi\u00eancia \u2013 registrada na Carteira de Trabalho;<\/p>\n\n\n\n<p>Requisitos Obrigat\u00f3rios \u2013 ter documenta\u00e7\u00e3o completa (com dispensa militar);<\/p>\n\n\n\n<p>Atividades \u2013 realizar an\u00e1lise de lan\u00e7amentos e despesas, elabora\u00e7\u00e3o de balan\u00e7os e balancetes, apura\u00e7\u00e3o de impostos, desenvolvimento de obriga\u00e7\u00f5es acess\u00f3rias, concilia\u00e7\u00e3o cont\u00e1bil e financeira.<\/p>\n\n\n\n<p>Dispon\u00edvel at\u00e9 21\/07\/2025 ou encerramento da vaga.<\/p>\n\n\n\n<p><strong>1 vaga \u2013 Analista Fiscal<\/strong><\/p>\n\n\n\n<p>Escolaridade \u2013 ensino superior completo em Administra\u00e7\u00e3o ou Ci\u00eancia Cont\u00e1beis;<\/p>\n\n\n\n<p>Experi\u00eancia \u2013 registrada na Carteira de Trabalho;<\/p>\n\n\n\n<p>Requisitos Obrigat\u00f3rios \u2013 ter documenta\u00e7\u00e3o completa (com dispensa militar);<\/p>\n\n\n\n<p>Atividades \u2013 respons\u00e1vel pela elabora\u00e7\u00e3o de relat\u00f3rios, concilia\u00e7\u00e3o de contas, an\u00e1lise de procedimentos fiscais, atendimento a fiscaliza\u00e7\u00f5es, escritura\u00e7\u00e3o fiscal, planejamento tribut\u00e1rio, an\u00e1lise de documenta\u00e7\u00e3o fiscal, elabora\u00e7\u00e3o e entrega de obriga\u00e7\u00f5es acess\u00f3rias, apura\u00e7\u00e3o de impostos.<\/p>\n\n\n\n<p>Dispon\u00edvel at\u00e9 21\/07\/2025 ou encerramento da vaga.<\/p>\n\n\n\n<p><strong>Vagas exclusivas para Pessoas com Defici\u00eancia (PcD) \u2013 6<\/strong><\/p>\n\n\n\n<p><strong>3 vagas \u2013 Promotor de Vendas \u2013 Vagas exclusivas para Pessoa com Defici\u00eancia (PCD)<\/strong><\/p>\n\n\n\n<p>Escolaridade \u2013 ensino fundamental completo;<\/p>\n\n\n\n<p>Experi\u00eancia \u2013 n\u00e3o \u00e9 necess\u00e1rio;<\/p>\n\n\n\n<p>Requisitos Obrigat\u00f3rios \u2013 ter documenta\u00e7\u00e3o completa;<\/p>\n\n\n\n<p>Atividades \u2013 garantir excel\u00eancia na organiza\u00e7\u00e3o e limpeza do departamento, oferecendo atendimento diferenciado ao cliente e impulsionando resultados por meio da oferta de produtos financeiros; atender prontamente solicita\u00e7\u00f5es do caixa, assegurando integridade das mercadorias e precifica\u00e7\u00e3o adequada; monitorar entrada e sa\u00edda de pe\u00e7as no provador, entre outras atividades correlatas \u00e0 fun\u00e7\u00e3o.<\/p>\n\n\n\n<p>Dispon\u00edvel at\u00e9 21\/07\/2025 ou encerramento da vaga.<\/p>\n\n\n\n<p><strong>1 vaga \u2013 Operador de Caixa \u2013 Vaga exclusiva para Pessoa com Defici\u00eancia (PcD)<\/strong><\/p>\n\n\n\n<p>Escolaridade \u2013 ensino fundamental completo;<\/p>\n\n\n\n<p>Experi\u00eancia \u2013 n\u00e3o \u00e9 necess\u00e1rio;<\/p>\n\n\n\n<p>Requisitos Obrigat\u00f3rios \u2013 ter documenta\u00e7\u00e3o completa;<\/p>\n\n\n\n<p>Atividades \u2013 realizar recebimento de produtos comercializados no estabelecimento em equipamento de check\u2013out, atrav\u00e9s de apresenta\u00e7\u00e3o dos produtos em leitor de c\u00f3digo de barras, registrar os produtos, receber os valores das compras em cheque, cart\u00e3o ou dinheiro; solicitar a presen\u00e7a do fiscal de caixa para a entrega do excesso de numer\u00e1rio em poder, efetuar o fechamento do movimento de caixa.<\/p>\n\n\n\n<p>Dispon\u00edvel at\u00e9 21\/07\/2025 ou encerramento da vaga.<\/p>\n\n\n\n<p><strong>1 vaga \u2013 Auxiliar de Produ\u00e7\u00e3o \u2013 Vaga exclusiva para Pessoa com Defici\u00eancia (PcD)<\/strong><\/p>\n\n\n\n<p>Escolaridade \u2013 ensino m\u00e9dio completo;<\/p>\n\n\n\n<p>Experi\u00eancia \u2013 seis meses na Carteira de Trabalho;<\/p>\n\n\n\n<p>Requisitos Obrigat\u00f3rios \u2013 ter documenta\u00e7\u00e3o completa;<\/p>\n\n\n\n<p>Atividades \u2013 realizar atividades nos setores produtivos conforme instru\u00e7\u00f5es de trabalho.<\/p>\n\n\n\n<p>Dispon\u00edvel at\u00e9 21\/07\/2025 ou encerramento da vaga.<\/p>\n\n\n\n<p><strong>1 vaga \u2013 Auxiliar de Dep\u00f3sito \u2013 Vaga exclusiva para Pessoa com Defici\u00eancia (PcD)<\/strong><\/p>\n\n\n\n<p>Escolaridade \u2013 ensino m\u00e9dio completo;<\/p>\n\n\n\n<p>Experi\u00eancia \u2013 n\u00e3o \u00e9 necess\u00e1rio;<\/p>\n\n\n\n<p>Requisitos Obrigat\u00f3rios \u2013 ter documenta\u00e7\u00e3o completa;<\/p>\n\n\n\n<p>Atividades \u2013 embarque e desembarque de mercadorias, etiquetagem, organiza\u00e7\u00e3o do ambiente de trabalho.<\/p>\n\n\n\n<p>Dispon\u00edvel at\u00e9 21\/07\/2025 ou encerramento da vaga.<\/p>\n\n\n\n<p>&#8212; &#8212; &#8212;<\/p>\n\n\n\n<p><strong>Texto \u2013&nbsp;<\/strong>Divulga\u00e7\u00e3o \/ Semtepi<\/p>\n\n\n\n<p><strong>Fotos \u2013&nbsp;<\/strong>Arquivo \/ Semcom<\/p>\n\n\n\n<p><strong>Dispon\u00edveis em \u2013&nbsp;<\/strong><strong><a href=\"https:\/\/flic.kr\/s\/aHBqjCetWK\">https:\/\/flic.kr\/s\/aHBqjCetWK<\/a><\/strong><\/p>\n","protected":false},"excerpt":{"rendered":"","protected":false},"author":57,"featured_media":6641,"comment_status":"closed","ping_status":"closed","sticky":false,"template":"","format":"standard","meta":{"footnotes":""},"categories":[5],"tags":[710,8,9,10],"acf":[],"yoast_head":"<!-- This site is optimized with the Yoast SEO plugin v23.0 - https:\/\/yoast.com\/wordpress\/plugins\/seo\/ -->\n<title>Sine Manaus oferta 458 vagas de emprego nesta segunda\u2013feira<\/title>\n<meta name=\"description\" content=\"A Prefeitura de Manaus, por meio do Sine Manaus, oferta 458 vagas de emprego em v\u00e1rias \u00e1reas de atua\u00e7\u00e3o, nesta segunda\u2013feira.\" \/>\n<meta name=\"robots\" content=\"noindex, follow\" \/>\n<meta property=\"og:locale\" content=\"pt_BR\" \/>\n<meta property=\"og:type\" content=\"article\" \/>\n<meta property=\"og:title\" content=\"Sine Manaus oferta 458 vagas de emprego nesta segunda\u2013feira\" \/>\n<meta property=\"og:description\" content=\"A Prefeitura de Manaus, por meio do Sine Manaus, oferta 458 vagas de emprego em v\u00e1rias \u00e1reas de atua\u00e7\u00e3o, nesta segunda\u2013feira.\" \/>\n<meta property=\"og:url\" content=\"https:\/\/www.manaus.am.gov.br\/semtepi\/oportunidade\/458-vagas-de-emprego\/\" \/>\n<meta property=\"og:site_name\" content=\"SEMTEPI\" \/>\n<meta property=\"article:published_time\" content=\"2025-07-20T18:46:06+00:00\" \/>\n<meta property=\"article:modified_time\" content=\"2025-07-20T18:46:07+00:00\" \/>\n<meta property=\"og:image\" content=\"https:\/\/www.manaus.am.gov.br\/semtepi\/wp-content\/uploads\/sites\/20\/2025\/07\/458-vagas-de-emprego.jpg\" \/>\n\t<meta property=\"og:image:width\" content=\"799\" \/>\n\t<meta property=\"og:image:height\" content=\"533\" \/>\n\t<meta property=\"og:image:type\" content=\"image\/jpeg\" \/>\n<meta name=\"author\" content=\"Thiago Fernando\" \/>\n<meta name=\"twitter:card\" content=\"summary_large_image\" \/>\n<meta name=\"twitter:label1\" content=\"Written by\" \/>\n\t<meta name=\"twitter:data1\" content=\"Thiago Fernando\" \/>\n\t<meta name=\"twitter:label2\" content=\"Est. reading time\" \/>\n\t<meta name=\"twitter:data2\" content=\"18 minutos\" \/>\n<script type=\"application\/ld+json\" class=\"yoast-schema-graph\">{\"@context\":\"https:\/\/schema.org\",\"@graph\":[{\"@type\":\"Article\",\"@id\":\"https:\/\/www.manaus.am.gov.br\/semtepi\/oportunidade\/458-vagas-de-emprego\/#article\",\"isPartOf\":{\"@id\":\"https:\/\/www.manaus.am.gov.br\/semtepi\/oportunidade\/458-vagas-de-emprego\/\"},\"author\":{\"name\":\"Thiago Fernando\",\"@id\":\"https:\/\/www.manaus.am.gov.br\/semtepi\/#\/schema\/person\/a5ee5376db6e21af026374b369f30882\"},\"headline\":\"Sine Manaus oferta 458 vagas de emprego nesta segunda\u2013feira, 21\/7\",\"datePublished\":\"2025-07-20T18:46:06+00:00\",\"dateModified\":\"2025-07-20T18:46:07+00:00\",\"mainEntityOfPage\":{\"@id\":\"https:\/\/www.manaus.am.gov.br\/semtepi\/oportunidade\/458-vagas-de-emprego\/\"},\"wordCount\":3530,\"publisher\":{\"@id\":\"https:\/\/www.manaus.am.gov.br\/semtepi\/#organization\"},\"image\":{\"@id\":\"https:\/\/www.manaus.am.gov.br\/semtepi\/oportunidade\/458-vagas-de-emprego\/#primaryimage\"},\"thumbnailUrl\":\"https:\/\/www.manaus.am.gov.br\/semtepi\/wp-content\/uploads\/sites\/20\/2025\/07\/458-vagas-de-emprego.jpg\",\"keywords\":[\"458 vagas de emprego\",\"prefeitura de manaus\",\"Semtepi\",\"sine manaus\"],\"articleSection\":[\"Oportunidade\"],\"inLanguage\":\"pt-BR\"},{\"@type\":\"WebPage\",\"@id\":\"https:\/\/www.manaus.am.gov.br\/semtepi\/oportunidade\/458-vagas-de-emprego\/\",\"url\":\"https:\/\/www.manaus.am.gov.br\/semtepi\/oportunidade\/458-vagas-de-emprego\/\",\"name\":\"Sine Manaus oferta 458 vagas de emprego nesta segunda\u2013feira\",\"isPartOf\":{\"@id\":\"https:\/\/www.manaus.am.gov.br\/semtepi\/#website\"},\"primaryImageOfPage\":{\"@id\":\"https:\/\/www.manaus.am.gov.br\/semtepi\/oportunidade\/458-vagas-de-emprego\/#primaryimage\"},\"image\":{\"@id\":\"https:\/\/www.manaus.am.gov.br\/semtepi\/oportunidade\/458-vagas-de-emprego\/#primaryimage\"},\"thumbnailUrl\":\"https:\/\/www.manaus.am.gov.br\/semtepi\/wp-content\/uploads\/sites\/20\/2025\/07\/458-vagas-de-emprego.jpg\",\"datePublished\":\"2025-07-20T18:46:06+00:00\",\"dateModified\":\"2025-07-20T18:46:07+00:00\",\"description\":\"A Prefeitura de Manaus, por meio do Sine Manaus, oferta 458 vagas de emprego em v\u00e1rias \u00e1reas de atua\u00e7\u00e3o, nesta segunda\u2013feira.\",\"breadcrumb\":{\"@id\":\"https:\/\/www.manaus.am.gov.br\/semtepi\/oportunidade\/458-vagas-de-emprego\/#breadcrumb\"},\"inLanguage\":\"pt-BR\",\"potentialAction\":[{\"@type\":\"ReadAction\",\"target\":[\"https:\/\/www.manaus.am.gov.br\/semtepi\/oportunidade\/458-vagas-de-emprego\/\"]}]},{\"@type\":\"ImageObject\",\"inLanguage\":\"pt-BR\",\"@id\":\"https:\/\/www.manaus.am.gov.br\/semtepi\/oportunidade\/458-vagas-de-emprego\/#primaryimage\",\"url\":\"https:\/\/www.manaus.am.gov.br\/semtepi\/wp-content\/uploads\/sites\/20\/2025\/07\/458-vagas-de-emprego.jpg\",\"contentUrl\":\"https:\/\/www.manaus.am.gov.br\/semtepi\/wp-content\/uploads\/sites\/20\/2025\/07\/458-vagas-de-emprego.jpg\",\"width\":799,\"height\":533,\"caption\":\"458 vagas de emprego\"},{\"@type\":\"BreadcrumbList\",\"@id\":\"https:\/\/www.manaus.am.gov.br\/semtepi\/oportunidade\/458-vagas-de-emprego\/#breadcrumb\",\"itemListElement\":[{\"@type\":\"ListItem\",\"position\":1,\"name\":\"Home\",\"item\":\"https:\/\/www.manaus.am.gov.br\/semtepi\/\"},{\"@type\":\"ListItem\",\"position\":2,\"name\":\"Sine Manaus oferta 458 vagas de emprego nesta segunda\u2013feira, 21\/7\"}]},{\"@type\":\"WebSite\",\"@id\":\"https:\/\/www.manaus.am.gov.br\/semtepi\/#website\",\"url\":\"https:\/\/www.manaus.am.gov.br\/semtepi\/\",\"name\":\"SEMTEPI\",\"description\":\"Prefeitura de Manaus\",\"publisher\":{\"@id\":\"https:\/\/www.manaus.am.gov.br\/semtepi\/#organization\"},\"alternateName\":\"Secretaria Municipal do Trabalho, Empreendedorismo e Inova\u00e7\u00e3o\",\"potentialAction\":[{\"@type\":\"SearchAction\",\"target\":{\"@type\":\"EntryPoint\",\"urlTemplate\":\"https:\/\/www.manaus.am.gov.br\/semtepi\/?s={search_term_string}\"},\"query-input\":\"required name=search_term_string\"}],\"inLanguage\":\"pt-BR\"},{\"@type\":\"Organization\",\"@id\":\"https:\/\/www.manaus.am.gov.br\/semtepi\/#organization\",\"name\":\"Prefeitura Municipal de Manaus\",\"alternateName\":\"Prefeitura de Manaus\",\"url\":\"https:\/\/www.manaus.am.gov.br\/semtepi\/\",\"logo\":{\"@type\":\"ImageObject\",\"inLanguage\":\"pt-BR\",\"@id\":\"https:\/\/www.manaus.am.gov.br\/semtepi\/#\/schema\/logo\/image\/\",\"url\":\"https:\/\/www.manaus.am.gov.br\/semtepi\/wp-content\/uploads\/sites\/20\/2024\/07\/favicon.png\",\"contentUrl\":\"https:\/\/www.manaus.am.gov.br\/semtepi\/wp-content\/uploads\/sites\/20\/2024\/07\/favicon.png\",\"width\":300,\"height\":300,\"caption\":\"Prefeitura Municipal de Manaus\"},\"image\":{\"@id\":\"https:\/\/www.manaus.am.gov.br\/semtepi\/#\/schema\/logo\/image\/\"}},{\"@type\":\"Person\",\"@id\":\"https:\/\/www.manaus.am.gov.br\/semtepi\/#\/schema\/person\/a5ee5376db6e21af026374b369f30882\",\"name\":\"Thiago Fernando\",\"image\":{\"@type\":\"ImageObject\",\"inLanguage\":\"pt-BR\",\"@id\":\"https:\/\/www.manaus.am.gov.br\/semtepi\/#\/schema\/person\/image\/\",\"url\":\"https:\/\/secure.gravatar.com\/avatar\/f5aab8722444041451501c077052ac07?s=96&d=mm&r=g\",\"contentUrl\":\"https:\/\/secure.gravatar.com\/avatar\/f5aab8722444041451501c077052ac07?s=96&d=mm&r=g\",\"caption\":\"Thiago Fernando\"}}]}<\/script>\n<!-- \/ Yoast SEO plugin. -->","yoast_head_json":{"title":"Sine Manaus oferta 458 vagas de emprego nesta segunda\u2013feira","description":"A Prefeitura de Manaus, por meio do Sine Manaus, oferta 458 vagas de emprego em v\u00e1rias \u00e1reas de atua\u00e7\u00e3o, nesta segunda\u2013feira.","robots":{"index":"noindex","follow":"follow"},"og_locale":"pt_BR","og_type":"article","og_title":"Sine Manaus oferta 458 vagas de emprego nesta segunda\u2013feira","og_description":"A Prefeitura de Manaus, por meio do Sine Manaus, oferta 458 vagas de emprego em v\u00e1rias \u00e1reas de atua\u00e7\u00e3o, nesta segunda\u2013feira.","og_url":"https:\/\/www.manaus.am.gov.br\/semtepi\/oportunidade\/458-vagas-de-emprego\/","og_site_name":"SEMTEPI","article_published_time":"2025-07-20T18:46:06+00:00","article_modified_time":"2025-07-20T18:46:07+00:00","og_image":[{"width":799,"height":533,"url":"https:\/\/www.manaus.am.gov.br\/semtepi\/wp-content\/uploads\/sites\/20\/2025\/07\/458-vagas-de-emprego.jpg","type":"image\/jpeg"}],"author":"Thiago Fernando","twitter_card":"summary_large_image","twitter_misc":{"Written by":"Thiago Fernando","Est. reading time":"18 minutos"},"schema":{"@context":"https:\/\/schema.org","@graph":[{"@type":"Article","@id":"https:\/\/www.manaus.am.gov.br\/semtepi\/oportunidade\/458-vagas-de-emprego\/#article","isPartOf":{"@id":"https:\/\/www.manaus.am.gov.br\/semtepi\/oportunidade\/458-vagas-de-emprego\/"},"author":{"name":"Thiago Fernando","@id":"https:\/\/www.manaus.am.gov.br\/semtepi\/#\/schema\/person\/a5ee5376db6e21af026374b369f30882"},"headline":"Sine Manaus oferta 458 vagas de emprego nesta segunda\u2013feira, 21\/7","datePublished":"2025-07-20T18:46:06+00:00","dateModified":"2025-07-20T18:46:07+00:00","mainEntityOfPage":{"@id":"https:\/\/www.manaus.am.gov.br\/semtepi\/oportunidade\/458-vagas-de-emprego\/"},"wordCount":3530,"publisher":{"@id":"https:\/\/www.manaus.am.gov.br\/semtepi\/#organization"},"image":{"@id":"https:\/\/www.manaus.am.gov.br\/semtepi\/oportunidade\/458-vagas-de-emprego\/#primaryimage"},"thumbnailUrl":"https:\/\/www.manaus.am.gov.br\/semtepi\/wp-content\/uploads\/sites\/20\/2025\/07\/458-vagas-de-emprego.jpg","keywords":["458 vagas de emprego","prefeitura de manaus","Semtepi","sine manaus"],"articleSection":["Oportunidade"],"inLanguage":"pt-BR"},{"@type":"WebPage","@id":"https:\/\/www.manaus.am.gov.br\/semtepi\/oportunidade\/458-vagas-de-emprego\/","url":"https:\/\/www.manaus.am.gov.br\/semtepi\/oportunidade\/458-vagas-de-emprego\/","name":"Sine Manaus oferta 458 vagas de emprego nesta segunda\u2013feira","isPartOf":{"@id":"https:\/\/www.manaus.am.gov.br\/semtepi\/#website"},"primaryImageOfPage":{"@id":"https:\/\/www.manaus.am.gov.br\/semtepi\/oportunidade\/458-vagas-de-emprego\/#primaryimage"},"image":{"@id":"https:\/\/www.manaus.am.gov.br\/semtepi\/oportunidade\/458-vagas-de-emprego\/#primaryimage"},"thumbnailUrl":"https:\/\/www.manaus.am.gov.br\/semtepi\/wp-content\/uploads\/sites\/20\/2025\/07\/458-vagas-de-emprego.jpg","datePublished":"2025-07-20T18:46:06+00:00","dateModified":"2025-07-20T18:46:07+00:00","description":"A Prefeitura de Manaus, por meio do Sine Manaus, oferta 458 vagas de emprego em v\u00e1rias \u00e1reas de atua\u00e7\u00e3o, nesta segunda\u2013feira.","breadcrumb":{"@id":"https:\/\/www.manaus.am.gov.br\/semtepi\/oportunidade\/458-vagas-de-emprego\/#breadcrumb"},"inLanguage":"pt-BR","potentialAction":[{"@type":"ReadAction","target":["https:\/\/www.manaus.am.gov.br\/semtepi\/oportunidade\/458-vagas-de-emprego\/"]}]},{"@type":"ImageObject","inLanguage":"pt-BR","@id":"https:\/\/www.manaus.am.gov.br\/semtepi\/oportunidade\/458-vagas-de-emprego\/#primaryimage","url":"https:\/\/www.manaus.am.gov.br\/semtepi\/wp-content\/uploads\/sites\/20\/2025\/07\/458-vagas-de-emprego.jpg","contentUrl":"https:\/\/www.manaus.am.gov.br\/semtepi\/wp-content\/uploads\/sites\/20\/2025\/07\/458-vagas-de-emprego.jpg","width":799,"height":533,"caption":"458 vagas de emprego"},{"@type":"BreadcrumbList","@id":"https:\/\/www.manaus.am.gov.br\/semtepi\/oportunidade\/458-vagas-de-emprego\/#breadcrumb","itemListElement":[{"@type":"ListItem","position":1,"name":"Home","item":"https:\/\/www.manaus.am.gov.br\/semtepi\/"},{"@type":"ListItem","position":2,"name":"Sine Manaus oferta 458 vagas de emprego nesta segunda\u2013feira, 21\/7"}]},{"@type":"WebSite","@id":"https:\/\/www.manaus.am.gov.br\/semtepi\/#website","url":"https:\/\/www.manaus.am.gov.br\/semtepi\/","name":"SEMTEPI","description":"Prefeitura de Manaus","publisher":{"@id":"https:\/\/www.manaus.am.gov.br\/semtepi\/#organization"},"alternateName":"Secretaria Municipal do Trabalho, Empreendedorismo e Inova\u00e7\u00e3o","potentialAction":[{"@type":"SearchAction","target":{"@type":"EntryPoint","urlTemplate":"https:\/\/www.manaus.am.gov.br\/semtepi\/?s={search_term_string}"},"query-input":"required name=search_term_string"}],"inLanguage":"pt-BR"},{"@type":"Organization","@id":"https:\/\/www.manaus.am.gov.br\/semtepi\/#organization","name":"Prefeitura Municipal de Manaus","alternateName":"Prefeitura de Manaus","url":"https:\/\/www.manaus.am.gov.br\/semtepi\/","logo":{"@type":"ImageObject","inLanguage":"pt-BR","@id":"https:\/\/www.manaus.am.gov.br\/semtepi\/#\/schema\/logo\/image\/","url":"https:\/\/www.manaus.am.gov.br\/semtepi\/wp-content\/uploads\/sites\/20\/2024\/07\/favicon.png","contentUrl":"https:\/\/www.manaus.am.gov.br\/semtepi\/wp-content\/uploads\/sites\/20\/2024\/07\/favicon.png","width":300,"height":300,"caption":"Prefeitura Municipal de Manaus"},"image":{"@id":"https:\/\/www.manaus.am.gov.br\/semtepi\/#\/schema\/logo\/image\/"}},{"@type":"Person","@id":"https:\/\/www.manaus.am.gov.br\/semtepi\/#\/schema\/person\/a5ee5376db6e21af026374b369f30882","name":"Thiago Fernando","image":{"@type":"ImageObject","inLanguage":"pt-BR","@id":"https:\/\/www.manaus.am.gov.br\/semtepi\/#\/schema\/person\/image\/","url":"https:\/\/secure.gravatar.com\/avatar\/f5aab8722444041451501c077052ac07?s=96&d=mm&r=g","contentUrl":"https:\/\/secure.gravatar.com\/avatar\/f5aab8722444041451501c077052ac07?s=96&d=mm&r=g","caption":"Thiago Fernando"}}]}},"_links":{"self":[{"href":"https:\/\/www.manaus.am.gov.br\/semtepi\/wp-json\/wp\/v2\/posts\/6640"}],"collection":[{"href":"https:\/\/www.manaus.am.gov.br\/semtepi\/wp-json\/wp\/v2\/posts"}],"about":[{"href":"https:\/\/www.manaus.am.gov.br\/semtepi\/wp-json\/wp\/v2\/types\/post"}],"author":[{"embeddable":true,"href":"https:\/\/www.manaus.am.gov.br\/semtepi\/wp-json\/wp\/v2\/users\/57"}],"replies":[{"embeddable":true,"href":"https:\/\/www.manaus.am.gov.br\/semtepi\/wp-json\/wp\/v2\/comments?post=6640"}],"version-history":[{"count":0,"href":"https:\/\/www.manaus.am.gov.br\/semtepi\/wp-json\/wp\/v2\/posts\/6640\/revisions"}],"wp:featuredmedia":[{"embeddable":true,"href":"https:\/\/www.manaus.am.gov.br\/semtepi\/wp-json\/wp\/v2\/media\/6641"}],"wp:attachment":[{"href":"https:\/\/www.manaus.am.gov.br\/semtepi\/wp-json\/wp\/v2\/media?parent=6640"}],"wp:term":[{"taxonomy":"category","embeddable":true,"href":"https:\/\/www.manaus.am.gov.br\/semtepi\/wp-json\/wp\/v2\/categories?post=6640"},{"taxonomy":"post_tag","embeddable":true,"href":"https:\/\/www.manaus.am.gov.br\/semtepi\/wp-json\/wp\/v2\/tags?post=6640"}],"curies":[{"name":"wp","href":"https:\/\/api.w.org\/{rel}","templated":true}]}}