{"id":6625,"date":"2025-07-16T14:01:42","date_gmt":"2025-07-16T18:01:42","guid":{"rendered":"https:\/\/www.manaus.am.gov.br\/semtepi\/sem-categoria\/sinemanaus-vagas-1707\/"},"modified":"2025-07-16T14:01:44","modified_gmt":"2025-07-16T18:01:44","slug":"sinemanaus-vagas-1707","status":"publish","type":"post","link":"https:\/\/www.manaus.am.gov.br\/semtepi\/oportunidade\/sinemanaus-vagas-1707\/","title":{"rendered":"Sine Manaus oferta 462 vagas de emprego nesta quinta\u2013feira, 17\/7"},"content":{"rendered":"\n<p><a>A Prefeitura de Manaus, por meio do Sine Manaus, oferta 462 vagas de emprego em v\u00e1rias \u00e1reas de atua\u00e7\u00e3o, nesta quinta\u2013feira, 17\/7,&nbsp;das <\/a>8h \u00e0s 14h. O candidato pode validar a Carteira Digital e Previd\u00eancia Social (CTPS) no aplicativo \u201cCarteira de Trabalho Digital\u201d ou acessar o site&nbsp;<a href=\"http:\/\/gov.br\/trabalho\" target=\"_blank\" rel=\"noreferrer noopener\">http:\/\/gov.br\/trabalho<\/a>.<\/p>\n\n\n\n<p>Para participar da pr\u00e9\u2013sele\u00e7\u00e3o e concorrer a uma das vagas dispon\u00edveis, ou receber orienta\u00e7\u00e3o de cadastro, Carteira de Trabalho Digital e seguro\u2013desemprego, os candidatos devem comparecer a um dos postos do Sine Manaus: na avenida Constantino Nery, n\u00ba 1.272, bairro S\u00e3o Geraldo, zona Centro\u2013Sul; ou no shopping Phelippe Daou, na avenida Camapu\u00e3, n\u00ba 2.939, bairro Cidade de Deus, zona Leste.<\/p>\n\n\n\n<p>Os interessados devem estar munidos do comprovante de vacina\u00e7\u00e3o (Covid\u201319), curr\u00edculo, certificados de cursos e documentos pessoais (RG, CPF, PIS, CTPS, comprovante de escolaridade e resid\u00eancia). N\u00e3o \u00e9 necess\u00e1rio apresentar c\u00f3pias, somente os documentos originais.<\/p>\n\n\n\n<p>\u00c9 importante que os candidatos mantenham seus cadastros atualizados, especialmente ao finalizarem novas qualifica\u00e7\u00f5es. Para vagas espec\u00edficas, podem ser solicitados documentos adicionais, como cursos ou certifica\u00e7\u00f5es, por isso, \u00e9 essencial estar atento aos &#8220;Requisitos Obrigat\u00f3rios&#8221; de cada vaga.<\/p>\n\n\n\n<p>A Semtepi ressalta que, obedecendo ao disposto no artigo 5\u00ba, da Constitui\u00e7\u00e3o Federal, e ao artigo 373\u2013A, da Consolida\u00e7\u00e3o das Leis Trabalhistas (CLT), crit\u00e9rios referentes a sexo, idade, cor ou situa\u00e7\u00e3o familiar, n\u00e3o podem ser informados na divulga\u00e7\u00e3o das vagas disponibilizadas.<\/p>\n\n\n\n<p>Os candidatos devem estar cientes das diretrizes de vestimenta estabelecidas pelo \u00f3rg\u00e3o, as quais incluem a proibi\u00e7\u00e3o de vestimentas como bermudas, shorts, minissaias, camisetas regatas e chinelos durante a entrada.<\/p>\n\n\n\n<p><strong>Vagas Novas \u2013 106<\/strong><\/p>\n\n\n\n<p><strong>2 vagas &#8211; Motorista de Caminh\u00e3o Munck<\/strong><\/p>\n\n\n\n<p>Escolaridade &#8211; ensino fundamental completo;<\/p>\n\n\n\n<p>Experi\u00eancia \u2013 seis meses na Carteira de Trabalho;<\/p>\n\n\n\n<p>Requisitos Obrigat\u00f3rios &#8211; ter curso de Operador de Munck, Carteira Nacional de Habilita\u00e7\u00e3o categoria \u201cD\u201d e possuir documenta\u00e7\u00e3o completa (com dispensa militar);<\/p>\n\n\n\n<p>Atividades &#8211; i\u00e7amento e transporte de cargas; apoio na amarra\u00e7\u00e3o; travamento de carga; manuten\u00e7\u00f5es preventivas; Fazer check list entre outros.<\/p>\n\n\n\n<p>Dispon\u00edvel at\u00e9 17\/7\/2025 ou encerramento da vaga<\/p>\n\n\n\n<p><strong>1 vaga &#8211; Servi\u00e7os Gerais<\/strong><\/p>\n\n\n\n<p>Escolaridade &#8211; ensino m\u00e9dio completo;<\/p>\n\n\n\n<p>Experi\u00eancia \u2013 tr\u00eas meses na Carteira de Trabalho;<\/p>\n\n\n\n<p>Requisitos Obrigat\u00f3rios &#8211; residir na Zona Sul, ter disponibilidade de hor\u00e1rio (inclusive aos s\u00e1bados) e possuir documenta\u00e7\u00e3o completa (com dispensa militar);<\/p>\n\n\n\n<p>Atividades &#8211; inclui a limpeza de ambientes, remo\u00e7\u00e3o de lixo, higieniza\u00e7\u00e3o de superf\u00edcies, manuten\u00e7\u00e3o da ordem e organiza\u00e7\u00e3o.<\/p>\n\n\n\n<p>Dispon\u00edvel at\u00e9 17\/7\/2025 ou encerramento da vaga<\/p>\n\n\n\n<p><strong>1 vaga &#8211; Motorista<\/strong><\/p>\n\n\n\n<p>Escolaridade &#8211; ensino m\u00e9dio completo;<\/p>\n\n\n\n<p>Experi\u00eancia \u2013 seis meses na Carteira de Trabalho;<\/p>\n\n\n\n<p>Requisitos Obrigat\u00f3rios &#8211; ter Carteira Nacional de Habilita\u00e7\u00e3o categoria \u201cD\u201d e possuir documenta\u00e7\u00e3o completa (com dispensa militar);<\/p>\n\n\n\n<p>Atividades &#8211; dirigir van e caminh\u00e3o, para entrega de pedidos e mercadorias.<\/p>\n\n\n\n<p>Dispon\u00edvel at\u00e9 17\/7\/2025 ou encerramento da vaga<\/p>\n\n\n\n<p><strong>2 vagas &#8211; Engenheiro Qu\u00edmico<\/strong><\/p>\n\n\n\n<p>Escolaridade &#8211; ensino superior completo em Qu\u00edmica;<\/p>\n\n\n\n<p>Experi\u00eancia \u2013 seis meses na Carteira de Trabalho;<\/p>\n\n\n\n<p>Requisitos Obrigat\u00f3rios &#8211; ter curso de Inform\u00e1tica b\u00e1sica, ter disponibilidade de hor\u00e1rio (inclusive aos s\u00e1bados) e possuir documenta\u00e7\u00e3o completa;<\/p>\n\n\n\n<p>Atividades &#8211; analisar amostra de insumos e mat\u00e9rias-primas; efetuar o processo produtivo, executar ensaios f\u00edsico-qu\u00edmicos, participar do desenvolvimento de produtos e processos,da defini\u00e7\u00e3o ou reestrutura\u00e7\u00e3o das instala\u00e7\u00f5es industriais; supervisionam opera\u00e7\u00e3o de processos qu\u00edmicos e opera\u00e7\u00f5es unit\u00e1rias de laborat\u00f3rio e de produ\u00e7\u00e3o, fazer certificados de an\u00e1lise e FDS e outras conforme atividades pertinentes ao cargo.<\/p>\n\n\n\n<p>Dispon\u00edvel at\u00e9 17\/7\/2025 ou encerramento da vaga<\/p>\n\n\n\n<p><strong>2 vagas &#8211; Auxiliar de Log\u00edstica<\/strong><\/p>\n\n\n\n<p>Escolaridade &#8211; ensino m\u00e9dio completo;<\/p>\n\n\n\n<p>Experi\u00eancia \u2013 seis meses na Carteira de Trabalho;<\/p>\n\n\n\n<p>Requisitos Obrigat\u00f3rios &#8211; ter habilidade no manuseio de equipamentos de carga, residir pr\u00f3ximo ao Tarum\u00e3 e possuir documenta\u00e7\u00e3o completa (com dispensa militar);<\/p>\n\n\n\n<p>Atividades &#8211; auxiliar o carregamento e descarregamento de materiais recicl\u00e1veis e sucata em ve\u00edculos de transporte, como caminh\u00f5es e carretas,&nbsp; movimentar res\u00edduos utilizando os equipamentos adequados, garantir a disposi\u00e7\u00e3o e organiza\u00e7\u00e3o dos materiais no p\u00e1tio.<\/p>\n\n\n\n<p>Dispon\u00edvel at\u00e9 17\/7\/2025 ou encerramento da vaga<\/p>\n\n\n\n<p><strong>1 vaga &#8211; Inspetor de Qualidade<\/strong><\/p>\n\n\n\n<p>Escolaridade &#8211; ensino m\u00e9dio completo;<\/p>\n\n\n\n<p>Experi\u00eancia \u2013 registrada na Carteira de Trabalho;<\/p>\n\n\n\n<p>Requisitos Obrigat\u00f3rios &#8211; possuir documenta\u00e7\u00e3o completa (com dispensa militar);<\/p>\n\n\n\n<p>Atividades &#8211; acompanhar as etapas de produ\u00e7\u00e3o do forro e cano PVC, verificando par\u00e2metros como temperatura, press\u00e3o, velocidade e outros, assegurando que estejam em conformidade com as normas estabelecidas; realizar testes de qualidade, como testes de impacto, press\u00e3o, resist\u00eancia, entre outros, para garantir a qualidade e durabilidade dos produtos; elaborar relat\u00f3rios de inspe\u00e7\u00e3o, registro de dados e resultados, mantendo a documenta\u00e7\u00e3o organizada e atualizada.<\/p>\n\n\n\n<p>Dispon\u00edvel at\u00e9 17\/7\/2025 ou encerramento da vaga<\/p>\n\n\n\n<p><strong>5 vagas &#8211; Supervisor de Vendas<\/strong><\/p>\n\n\n\n<p>Escolaridade &#8211; ensino m\u00e9dio completo;<\/p>\n\n\n\n<p>Experi\u00eancia \u2013 seis meses na Carteira de Trabalho;<\/p>\n\n\n\n<p>Requisitos Obrigat\u00f3rios &#8211; possuir documenta\u00e7\u00e3o completa;<\/p>\n\n\n\n<p>Atividades &#8211; liderar e gerenciar equipes de vendas, acompanhando o desempenho dos vendedores, definindo metas e estrat\u00e9gias, e garantindo o alcance dos objetivos comerciais da empresa.<\/p>\n\n\n\n<p>Dispon\u00edvel at\u00e9 17\/7\/2025 ou encerramento da vaga<\/p>\n\n\n\n<p><strong>50 vagas &#8211; Auxiliar de Carga e Descarga<\/strong><\/p>\n\n\n\n<p>Escolaridade &#8211; ensino fundamental completo;<\/p>\n\n\n\n<p>Experi\u00eancia \u2013 seis meses na Carteira de Trabalho ou avulsa;<\/p>\n\n\n\n<p>Requisitos Obrigat\u00f3rios &#8211; possuir documenta\u00e7\u00e3o completa (com dispensa militar);<\/p>\n\n\n\n<p>Atividades &#8211; executar servi\u00e7os de carga e descarga; realizar a confer\u00eancia das cargas recebidas na doca, armazenagem e separa\u00e7\u00e3o de produtos e materiais; organizar e manter o estoque da empresa dentro das pol\u00edticas internas; identificar produtos n\u00e3o conformes entre demais atividades pertinentes a fun\u00e7\u00e3o.<\/p>\n\n\n\n<p>Dispon\u00edvel at\u00e9 17\/7\/2025 ou encerramento da vaga<\/p>\n\n\n\n<p><strong>4 vagas &#8211; Servente de Obras<\/strong><\/p>\n\n\n\n<p>Escolaridade &#8211; ensino fundamental completo;<\/p>\n\n\n\n<p>Experi\u00eancia \u2013 seis meses na Carteira de Trabalho;<\/p>\n\n\n\n<p>Requisitos Obrigat\u00f3rios &#8211; ter disponibilidade de hor\u00e1rio e possuir documenta\u00e7\u00e3o completa (com dispensa militar);<\/p>\n\n\n\n<p>Atividades &#8211; carga e descarga de caminh\u00f5es, prepara\u00e7\u00e3o de tra\u00e7o de massa, limpeza de terrenos, serventia geral.<\/p>\n\n\n\n<p>Dispon\u00edvel at\u00e9 17\/7\/2025 ou encerramento da vaga<\/p>\n\n\n\n<p><strong>1 vaga &#8211; Agente Operacional<\/strong><\/p>\n\n\n\n<p>Escolaridade &#8211; ensino m\u00e9dio completo;<\/p>\n\n\n\n<p>Experi\u00eancia \u2013 seis meses na Carteira de Trabalho;<\/p>\n\n\n\n<p>Requisitos Obrigat\u00f3rios &#8211; ter curso de Agente de Portaria, disponibilidade de hor\u00e1rio e possuir documenta\u00e7\u00e3o completa (com dispensa militar);<\/p>\n\n\n\n<p>Atividades &#8211; realizar a fiscaliza\u00e7\u00e3o de entrada e sa\u00edda de pessoas e ve\u00edculos, identificar as pessoas para vedar a entrada de pessoas indesejadas ou encaminhar as demais ao destino solicitado, e por auxiliar na fiscaliza\u00e7\u00e3o e aplica\u00e7\u00e3o de normas internas e externas.<\/p>\n\n\n\n<p>Dispon\u00edvel at\u00e9 17\/7\/2025 ou encerramento da vaga<\/p>\n\n\n\n<p><strong>2 vagas &#8211; Soldador MIG<\/strong><\/p>\n\n\n\n<p>Escolaridade &#8211; ensino m\u00e9dio completo;<\/p>\n\n\n\n<p>Experi\u00eancia \u2013 tr\u00eas meses na Carteira de Trabalho;<\/p>\n\n\n\n<p>Requisitos Obrigat\u00f3rios &#8211; residir nos bairros: Armando Mendes, Zumbi, Jorge Teixeira e possuir documenta\u00e7\u00e3o completa (com dispensa militar);<\/p>\n\n\n\n<p>Atividades &#8211; unir e cortar pe\u00e7as de ligas met\u00e1licas usando processos de soldagem e corte tais como eletrodo revestido, preparar equipamentos, acess\u00f3rios, consum\u00edveis de soldagem e corte e pe\u00e7as a serem soldadas; aplicar estritas normas de seguran\u00e7a, organiza\u00e7\u00e3o do local de trabalho e meio ambiente.<\/p>\n\n\n\n<p>Dispon\u00edvel at\u00e9 17\/7\/2025 ou encerramento da vaga<\/p>\n\n\n\n<p><strong>1 vaga &#8211; Atendente de Loja<\/strong><\/p>\n\n\n\n<p>Escolaridade &#8211; ensino m\u00e9dio completo;<\/p>\n\n\n\n<p>Experi\u00eancia \u2013 tr\u00eas meses na Carteira de Trabalho;<\/p>\n\n\n\n<p>Requisitos Obrigat\u00f3rios &#8211; ter curso de Atendimento ao Cliente, Recep\u00e7\u00e3o, Excel b\u00e1sico ou avan\u00e7ado e possuir documenta\u00e7\u00e3o completa;<\/p>\n\n\n\n<p>Atividades &#8211;&nbsp; organiza\u00e7\u00e3o dos produtos, atendimento ao cliente.<\/p>\n\n\n\n<p>Dispon\u00edvel at\u00e9 17\/7\/2025 ou encerramento da vaga<\/p>\n\n\n\n<p><strong>1 vaga &#8211; Promotor de Vendas<\/strong><\/p>\n\n\n\n<p>Escolaridade &#8211; ensino m\u00e9dio completo;<\/p>\n\n\n\n<p>Experi\u00eancia \u2013 seis meses na Carteira de Trabalho;<\/p>\n\n\n\n<p>Requisitos Obrigat\u00f3rios &#8211; ter curso de Atendimento ao Cliente, Recep\u00e7\u00e3o, Excel b\u00e1sico ou avan\u00e7ado e possuir documenta\u00e7\u00e3o completa;<\/p>\n\n\n\n<p>Atividades &#8211; receber os clientes no ponto de venda, apresentar os produtos, tirar d\u00favidas, oferecer demonstra\u00e7\u00f5es e auxiliar na decis\u00e3o de compra.<\/p>\n\n\n\n<p>Dispon\u00edvel at\u00e9 17\/7\/2025 ou encerramento da vaga<\/p>\n\n\n\n<p><strong>2 vagas &#8211; Motorista<\/strong><\/p>\n\n\n\n<p>Escolaridade &#8211; ensino m\u00e9dio completo;<\/p>\n\n\n\n<p>Experi\u00eancia \u2013 registrada na Carteira de Trabalho;<\/p>\n\n\n\n<p>Requisitos Obrigat\u00f3rios &#8211; ter Carteira Nacional de Habilita\u00e7\u00e3o categoria \u201cD\u201d e possuir documenta\u00e7\u00e3o completa (com dispensa militar);<\/p>\n\n\n\n<p>Atividades &#8211; seguir itiner\u00e1rios predefinidos, trafegando com velocidade compat\u00edvel com o local e prestando aten\u00e7\u00e3o aos perigos em pontos cr\u00edticos de trajeto, como trechos com ilumina\u00e7\u00e3o reduzida, \u00e0 noite; fazer parada em locais preestabelecidos, para embarque e desembarque de passageiros.<\/p>\n\n\n\n<p>Dispon\u00edvel at\u00e9 17\/7\/2025 ou encerramento da vaga<\/p>\n\n\n\n<p><strong>5 vagas &#8211; Auxiliar de Servi\u00e7os Gerais<\/strong><\/p>\n\n\n\n<p>Escolaridade &#8211; ensino fundamental completo;<\/p>\n\n\n\n<p>Experi\u00eancia \u2013 n\u00e3o \u00e9 necess\u00e1rio;<\/p>\n\n\n\n<p>Requisitos Obrigat\u00f3rios &#8211; residir na Zona Leste e possuir documenta\u00e7\u00e3o completa (com dispensa militar);<\/p>\n\n\n\n<p>Atividades &#8211; prestar ajuda imediata em diversas fun\u00e7\u00f5es de uma empresa e tamb\u00e9m garante o suporte necess\u00e1rio a quem precisa; esclarecer as d\u00favidas, auxiliar na carga e descarga de mercadorias, fazer pequenos servi\u00e7os de manuten\u00e7\u00e3o e de limpeza.<\/p>\n\n\n\n<p>Dispon\u00edvel at\u00e9 17\/7\/2025 ou encerramento da vaga<\/p>\n\n\n\n<p><strong>5 vagas &#8211; Auxiliar de Log\u00edstica<\/strong><\/p>\n\n\n\n<p>Escolaridade &#8211; ensino fundamental completo;<\/p>\n\n\n\n<p>Experi\u00eancia \u2013 tr\u00eas meses na Carteira de Trabalho;<\/p>\n\n\n\n<p>Requisitos Obrigat\u00f3rios &#8211; possuir documenta\u00e7\u00e3o completa (com dispensa militar);<\/p>\n\n\n\n<p>Atividades &#8211; realizar recebimento e expedi\u00e7\u00e3o de mercadorias, controle e organiza\u00e7\u00e3o de estoque, separa\u00e7\u00e3o e embalagem de pedidos, armazenamento adequado de materiais, operacionaliza\u00e7\u00e3o de distribui\u00e7\u00e3o e entregas, atendimento ao cliente.<\/p>\n\n\n\n<p>Dispon\u00edvel at\u00e9 17\/7\/2025 ou encerramento da vaga<\/p>\n\n\n\n<p><strong>1 vaga &#8211; Comprador &#8211; Constru\u00e7\u00e3o Civil<\/strong><\/p>\n\n\n\n<p>Escolaridade &#8211; ensino m\u00e9dio completo;<\/p>\n\n\n\n<p>Experi\u00eancia \u2013 seis meses na Carteira de Trabalho;<\/p>\n\n\n\n<p>Requisitos Obrigat\u00f3rios &#8211; ter conhecimento intermedi\u00e1rio em Excel, Word e possuir documenta\u00e7\u00e3o completa;<\/p>\n\n\n\n<p>Atividades &#8211; receber requisi\u00e7\u00f5es de compras das obras e setores internos; pesquisar e negociar com fornecedores de materiais como cimento, ferro, madeira, equipamentos e servi\u00e7os terceirizados; realizar cota\u00e7\u00f5es e negocia\u00e7\u00f5es com fornecedores; emitir pedidos de compra e acompanhar entregas; controlar prazos, qualidade e pre\u00e7os dos insumos; desenvolver e homologar novos fornecedores; atualizar cadastros e contratos no sistema de compras; apoiar o planejamento de estoque e log\u00edstica; gerar relat\u00f3rios de compras e indicadores de desempenho; participar de reuni\u00f5es com engenharia e obras.<\/p>\n\n\n\n<p>Dispon\u00edvel at\u00e9 17\/7\/2025 ou encerramento da vaga<\/p>\n\n\n\n<p><strong>5 vagas &#8211; Eletricista Industrial<\/strong><\/p>\n\n\n\n<p>Escolaridade &#8211; ensino t\u00e9cnico completo em El\u00e9trica ou Eletrot\u00e9cnico;<\/p>\n\n\n\n<p>Experi\u00eancia \u2013 registrada na Carteira de Trabalho;<\/p>\n\n\n\n<p>Requisitos Obrigat\u00f3rios &#8211; ter experi\u00eancia no ramo de Inje\u00e7\u00e3o Pl\u00e1stica, curso de NR 10, NR 35, SEP e possuir documenta\u00e7\u00e3o completa (com dispensa militar);<\/p>\n\n\n\n<p>Atividades &#8211;&nbsp; realizar manuten\u00e7\u00e3o preventiva e corretiva de quadro de for\u00e7a, comandos el\u00e9tricos e demais equipamentos de energia em pr\u00e9dios, analisa as necessidades de troca e regulagem de pe\u00e7as e aplica testes de funcionamento.<\/p>\n\n\n\n<p>Dispon\u00edvel at\u00e9 17\/7\/2025 ou encerramento da vaga<\/p>\n\n\n\n<p><strong>5 vagas &#8211; Mec\u00e2nico de Manuten\u00e7\u00e3o de M\u00e1quinas Industriais<\/strong><\/p>\n\n\n\n<p>Escolaridade &#8211; ensino t\u00e9cnico completo em Mec\u00e2nica, Manuten\u00e7\u00e3o Industrial ou Mecatr\u00f4nica ;<\/p>\n\n\n\n<p>Experi\u00eancia \u2013 registrada na Carteira de Trabalho;<\/p>\n\n\n\n<p>Requisitos Obrigat\u00f3rios &#8211; ter experi\u00eancia no ramo de Inje\u00e7\u00e3o Pl\u00e1stica, curso de NR 12, NR 35 e possuir documenta\u00e7\u00e3o completa (com dispensa militar);<\/p>\n\n\n\n<p>Atividades &#8211; garantir o bom funcionamento e a durabilidade de m\u00e1quinas e equipamentos industriais; inspe\u00e7\u00e3o, diagn\u00f3stico, reparo e manuten\u00e7\u00e3o preventiva e corretiva de sistemas mec\u00e2nicos, el\u00e9tricos e hidr\u00e1ulicos.<\/p>\n\n\n\n<p>Dispon\u00edvel at\u00e9 17\/7\/2025 ou encerramento da vaga<\/p>\n\n\n\n<p><strong>10 vagas &#8211; Servi\u00e7os Gerais<\/strong><\/p>\n\n\n\n<p>Escolaridade &#8211; ensino fundamental incompleto;<\/p>\n\n\n\n<p>Experi\u00eancia \u2013 seis meses na Carteira de Trabalho;<\/p>\n\n\n\n<p>Requisitos Obrigat\u00f3rios &#8211; ter curso de NR 35 e possuir documenta\u00e7\u00e3o completa (com dispensa militar);<\/p>\n\n\n\n<p>Atividades &#8211; auxiliar na realiza\u00e7\u00e3o de servi\u00e7os em geral como recebimento, separa\u00e7\u00e3o e distribui\u00e7\u00e3o de correspond\u00eancia e materiais, atividades de limpeza, copa e conserva\u00e7\u00e3o de instala\u00e7\u00f5es; deslocar m\u00e1quinas m\u00f3veis e equipamentos; conservar vidros e fachadas, limpar recintos e acess\u00f3rios e tratar de organiza\u00e7\u00f5es de ambientes em geral.<\/p>\n\n\n\n<p>Dispon\u00edvel at\u00e9 17\/7\/2025 ou encerramento da vaga<\/p>\n\n\n\n<p><strong>Vagas no Com\u00e9rcio \u2013 176<\/strong><\/p>\n\n\n\n<p><strong>1 vaga &#8211; Motoboy<\/strong><\/p>\n\n\n\n<p>Escolaridade &#8211; ensino m\u00e9dio completo;<\/p>\n\n\n\n<p>Experi\u00eancia \u2013 seis meses na Carteira de Trabalho;<\/p>\n\n\n\n<p>Requisitos Obrigat\u00f3rios &#8211; ter Carteira Nacional de Habilita\u00e7\u00e3o categoria \u201cAB\u201d e possuir documenta\u00e7\u00e3o completa (com dispensa militar);<\/p>\n\n\n\n<p>Atividades &#8211; realizar entrega de mercadorias,&nbsp; atendimento ao&nbsp; cliente, preenchimento de relat\u00f3rio de entregas.<\/p>\n\n\n\n<p>Dispon\u00edvel at\u00e9 17\/7\/2025 ou encerramento da vaga<\/p>\n\n\n\n<p><strong>80 vagas &#8211; Ajudante de A\u00e7ougueiro<\/strong><\/p>\n\n\n\n<p>Escolaridade &#8211; ensino fundamental completo;<\/p>\n\n\n\n<p>Experi\u00eancia \u2013 n\u00e3o \u00e9 necess\u00e1rio;<\/p>\n\n\n\n<p>Requisitos Obrigat\u00f3rios &#8211; possuir documenta\u00e7\u00e3o completa (com dispensa militar);<\/p>\n\n\n\n<p>Atividades &#8211; fazer atendimento ao cliente e fornecer orienta\u00e7\u00e3o sobre carnes, adquirindo habilidade no preparo; ajudar o a\u00e7ougueiro no corte de carne, separa\u00e7\u00e3o e desossa; reportar-se ao l\u00edder de a\u00e7ougue.<\/p>\n\n\n\n<p>Dispon\u00edvel at\u00e9 17\/7\/2025 ou encerramento da vaga<\/p>\n\n\n\n<p><strong>80 vagas &#8211; Auxiliar de Peixaria<\/strong><\/p>\n\n\n\n<p>Escolaridade &#8211; ensino fundamental completo;<\/p>\n\n\n\n<p>Experi\u00eancia \u2013 n\u00e3o \u00e9 necess\u00e1rio;<\/p>\n\n\n\n<p>Requisitos Obrigat\u00f3rios &#8211; possuir documenta\u00e7\u00e3o completa (com dispensa militar);<\/p>\n\n\n\n<p>Atividades &#8211; atender clientes em lojas e mercados, para venda de mercadorias; prepara-se para realizar as atividades, informando-se sobre novos produtos e promo\u00e7\u00f5es.<\/p>\n\n\n\n<p>Dispon\u00edvel at\u00e9 17\/7\/2025 ou encerramento da vaga<\/p>\n\n\n\n<p><strong>15 vagas &#8211; Vendedor Interno<\/strong><\/p>\n\n\n\n<p>Escolaridade &#8211; ensino m\u00e9dio completo;<\/p>\n\n\n\n<p>Experi\u00eancia \u2013 seis meses na Carteira de Trabalho;<\/p>\n\n\n\n<p>Requisitos Obrigat\u00f3rios &#8211; ter experi\u00eancia com vendas de motos e possuir documenta\u00e7\u00e3o completa;<\/p>\n\n\n\n<p>Atividades &#8211; vendas on-line e presencial, atendimento ao cliente, realizar test drive, negocia\u00e7\u00e3o, acompanhar processo de entrega das motocicletas.<\/p>\n\n\n\n<p>Dispon\u00edvel at\u00e9 17\/7\/2025 ou encerramento da vaga<\/p>\n\n\n\n<p><strong>Vagas na Ind\u00fastria \u2013 125<\/strong><\/p>\n\n\n\n<p><strong>50 vagas &#8211; Auxiliar de Linha de Produ\u00e7\u00e3o<br><\/strong>Escolaridade &#8211; ensino fundamental completo;<br>Experi\u00eancia \u2013 n\u00e3o \u00e9 necess\u00e1rio;<br>Requisitos Obrigat\u00f3rios &#8211; a vaga \u00e9 destinada para candidatos que est\u00e3o em busca de novos desafios; o candidato vai precisar morar em: V\u00e1rzea Grande (MT) e possuir documenta\u00e7\u00e3o completa (com dispensa militar);<br>Atividades &#8211; executar atividades operacionais em setores de apoio ou produ\u00e7\u00e3o de frios, visando garantir a manuten\u00e7\u00e3o, organiza\u00e7\u00e3o, limpeza ou opera\u00e7\u00e3o de atividades na unidade.<br>Dispon\u00edvel at\u00e9 17\/7\/2025 ou encerramento da vaga<strong><\/strong><\/p>\n\n\n\n<p><strong>25 vagas &#8211; Alimentador de Linha de Produ\u00e7\u00e3o<br><\/strong>Escolaridade &#8211; ensino fundamental incompleto;<br>Experi\u00eancia \u2013 n\u00e3o \u00e9 necess\u00e1rio;<br>Requisitos Obrigat\u00f3rios &#8211; a vaga \u00e9 destinada para candidatos que est\u00e3o em busca de novos desafios; o candidato vai precisar morar em: Promiss\u00e3o &#8211; SP e possuir documenta\u00e7\u00e3o completa (com dispensa militar);<br>Atividades &#8211; auxiliar a ind\u00fastria de abate bovino.<br>Dispon\u00edvel at\u00e9 17\/7\/2025 ou encerramento da vaga<strong><\/strong><\/p>\n\n\n\n<p><strong>25 vagas &#8211; Auxiliar Operacional &#8211; Setor Industrial<br><\/strong>Escolaridade &#8211; ensino fundamental incompleto;<br>Experi\u00eancia \u2013 n\u00e3o \u00e9 necess\u00e1rio;<br>Requisitos Obrigat\u00f3rios &#8211; a vaga \u00e9 destinada para candidatos que est\u00e3o em busca de novos desafios; o candidato vai precisar morar em: Chupinguaia &#8211; RO e possuir documenta\u00e7\u00e3o completa;<br>Atividades &#8211; pesagem e balan\u00e7a de pe\u00e7as de carne; transporte de pe\u00e7as de carne para a log\u00edstica; lavagem de pe\u00e7as de carne; aux\u00edlio na linha de produ\u00e7\u00e3o no processo de desossa e cortes de carne.<br>Dispon\u00edvel at\u00e9 17\/7\/2025 ou encerramento da vaga<strong><\/strong><\/p>\n\n\n\n<p><strong>Vagas em Servi\u00e7os \u2013<a><\/a> 48<\/strong><\/p>\n\n\n\n<p><strong>1 vaga &#8211; Servi\u00e7os Gerais<\/strong><\/p>\n\n\n\n<p>Escolaridade &#8211; ensino m\u00e9dio completo;<\/p>\n\n\n\n<p>Experi\u00eancia \u2013 seis meses na Carteira de Trabalho;<\/p>\n\n\n\n<p>Requisitos Obrigat\u00f3rios &#8211; ter curso de NR 33, NR 35 e possuir documenta\u00e7\u00e3o completa (com dispensa militar);<\/p>\n\n\n\n<p>Atividades &#8211; executar servi\u00e7os de reparos limpeza em locais especiais, hidr\u00e1ulicos; descarregamento de materiais para descarte; atividades de ro\u00e7agem e podagem; manter o ambiente de trabalho limpo e organizado, aplicar e monitorar os conceitos do programa 6s; primar pela seguran\u00e7a e garantir a utiliza\u00e7\u00e3o dos EPIs; zelar pelos equipamentos e materiais cedidos pela empresa; realizar atividades correlatas em geral.<\/p>\n\n\n\n<p>Dispon\u00edvel at\u00e9 17\/7\/2025 ou encerramento da vaga<\/p>\n\n\n\n<p><strong>2 vagas &#8211; Eletricista de Embarca\u00e7\u00f5es<\/strong><\/p>\n\n\n\n<p>Escolaridade &#8211; ensino m\u00e9dio completo;<\/p>\n\n\n\n<p>Experi\u00eancia \u2013 seis meses na Carteira de Trabalho;<\/p>\n\n\n\n<p>Requisitos Obrigat\u00f3rios &#8211; possuir documenta\u00e7\u00e3o completa (com dispensa militar);<\/p>\n\n\n\n<p>Atividades &#8211; instala\u00e7\u00e3o e manuten\u00e7\u00e3o de embarca\u00e7\u00f5es, conectando cabos aos equipamentos e acess\u00f3rios e testando o funcionamento de m\u00e1quinas, equipamentos e sistemas para opera\u00e7\u00e3o; realizar manuten\u00e7\u00f5es preventiva, preditiva e corretiva, inspecionando visualmente m\u00e1quinas e equipamentos, diagnosticando defeitos eletroeletr\u00f4nicos, desmontando, reparando, lubrificando, substituindo e montando componentes, ajustando componentes e pe\u00e7as e simulando o funcionamento de componentes e equipamentos; cumprir normas de seguran\u00e7a, meio ambiente e sa\u00fade e realizar com qualidade as instala\u00e7\u00f5es eletroeletr\u00f4nicas.<\/p>\n\n\n\n<p>Dispon\u00edvel at\u00e9 17\/7\/2025 ou encerramento da vaga<\/p>\n\n\n\n<p><strong>2 vagas &#8211; Mec\u00e2nico Naval<\/strong><\/p>\n\n\n\n<p>Escolaridade &#8211; ensino m\u00e9dio completo;<\/p>\n\n\n\n<p>Experi\u00eancia \u2013 seis meses na Carteira de Trabalho;<\/p>\n\n\n\n<p>Requisitos Obrigat\u00f3rios &#8211; possuir documenta\u00e7\u00e3o completa (com dispensa militar);<\/p>\n\n\n\n<p>Atividades &#8211; realizar a manuten\u00e7\u00e3o de motores e equipamentos mec\u00e2nicos navais; recuperam componentes de motores e de equipamentos navais; testar motores e equipamentos, registrando ocorr\u00eancias t\u00e9cnicas e operacionais.<\/p>\n\n\n\n<p>Dispon\u00edvel at\u00e9 17\/7\/2025 ou encerramento da vaga<\/p>\n\n\n\n<p><strong>3 vagas &#8211; Empregado Dom\u00e9stico nos Servi\u00e7os Gerais<\/strong><\/p>\n\n\n\n<p>Escolaridade &#8211; ensino m\u00e9dio completo;<\/p>\n\n\n\n<p>Experi\u00eancia \u2013 seis meses na Carteira de Trabalho;<\/p>\n\n\n\n<p>Requisitos Obrigat\u00f3rios &#8211; possuir documenta\u00e7\u00e3o completa (com dispensa militar);<\/p>\n\n\n\n<p>Atividades &#8211; fazer arruma\u00e7\u00e3o ou faxina e podem cuidar de plantas do ambiente interno e de animais dom\u00e9sticos.<\/p>\n\n\n\n<p>Dispon\u00edvel at\u00e9 17\/7\/2025 ou encerramento da vaga<\/p>\n\n\n\n<p><strong>4 vagas &#8211; Pintor<\/strong><\/p>\n\n\n\n<p>Escolaridade &#8211; ensino fundamental completo;<\/p>\n\n\n\n<p>Experi\u00eancia \u2013 seis meses na Carteira de Trabalho;<\/p>\n\n\n\n<p>Requisitos Obrigat\u00f3rios &#8211; possuir documenta\u00e7\u00e3o completa (com dispensa militar);<\/p>\n\n\n\n<p>Atividades &#8211; preparar e aplicar tintas, vernizes e outros revestimentos em superf\u00edcies, tanto em \u00e1reas internas quanto externas de edif\u00edcios e outras obras civis.<\/p>\n\n\n\n<p>Dispon\u00edvel at\u00e9 17\/7\/2025 ou encerramento da vaga<\/p>\n\n\n\n<p><strong>3 vagas &#8211; Bombeiro Hidr\u00e1ulico<\/strong><\/p>\n\n\n\n<p>Escolaridade &#8211; ensino fundamental completo;<\/p>\n\n\n\n<p>Experi\u00eancia \u2013 seis meses na Carteira de Trabalho;<\/p>\n\n\n\n<p>Requisitos Obrigat\u00f3rios &#8211; possuir documenta\u00e7\u00e3o completa (com dispensa militar);<\/p>\n\n\n\n<p>Atividades &#8211; instala\u00e7\u00e3o, manuten\u00e7\u00e3o e reparo de sistemas de \u00e1gua, esgoto e g\u00e1s em edif\u00edcios.<\/p>\n\n\n\n<p>Dispon\u00edvel at\u00e9 17\/7\/2025 ou encerramento da vaga<\/p>\n\n\n\n<p><strong>3 vagas &#8211; Auxiliar de Mec\u00e2nico de Refrigera\u00e7\u00e3o<\/strong><\/p>\n\n\n\n<p>Escolaridade &#8211; ensino m\u00e9dio completo;<\/p>\n\n\n\n<p>Experi\u00eancia \u2013 seis meses na Carteira de Trabalho;<\/p>\n\n\n\n<p>Requisitos Obrigat\u00f3rios &#8211; ter curso de NR 10, NR 35, Carteira Nacional de Habilita\u00e7\u00e3o categoria \u201cB\u201d e possuir documenta\u00e7\u00e3o completa (com dispensa militar);<\/p>\n\n\n\n<p>Atividades &#8211; auxiliar na instala\u00e7\u00e3o, manuten\u00e7\u00e3o preventiva e corretiva, al\u00e9m do preparo de materiais e ferramentas.<\/p>\n\n\n\n<p>Dispon\u00edvel at\u00e9 17\/7\/2025 ou encerramento da vaga<\/p>\n\n\n\n<p><strong>1 vaga &#8211; Auxiliar de Departamento Pessoal<\/strong><\/p>\n\n\n\n<p>Escolaridade &#8211; ensino m\u00e9dio completo;<\/p>\n\n\n\n<p>Experi\u00eancia \u2013 seis meses na Carteira de Trabalho;<\/p>\n\n\n\n<p>Requisitos Obrigat\u00f3rios &#8211; residir nos bairros da Zona Sul ou Leste e possuir documenta\u00e7\u00e3o completa;<\/p>\n\n\n\n<p>Atividades &#8211; assist\u00eancia nas opera\u00e7\u00f5es di\u00e1rias das fun\u00e7\u00f5es e obriga\u00e7\u00f5es de rh; divulga\u00e7\u00e3o das vagas da entidade; condu\u00e7\u00e3o de processos de recrutamento e sele\u00e7\u00e3o.<\/p>\n\n\n\n<p>Dispon\u00edvel at\u00e9 17\/7\/2025 ou encerramento da vaga<\/p>\n\n\n\n<p><strong>1 vaga &#8211; Triador de Res\u00edduos<\/strong><\/p>\n\n\n\n<p>Escolaridade &#8211; ensino fundamental completo;<\/p>\n\n\n\n<p>Experi\u00eancia \u2013 seis meses na Carteira de Trabalho;<\/p>\n\n\n\n<p>Requisitos Obrigat\u00f3rios &#8211; residir nos bairros: Armando Mendes, Zumbi, S\u00e3o Jos\u00e9, Cidade Nova, Coroado, Japiim, Petr\u00f3polis, Morro da Liberdade, Santa Luzia, Educandos, S\u00e3o L\u00e1zaro e possuir documenta\u00e7\u00e3o completa (com dispensa militar);<\/p>\n\n\n\n<p>Atividades &#8211; receber o material coletado, auxiliando no descarregamento de caminh\u00e3o ou outro ve\u00edculo, acompanhar a pesagem do material recicl\u00e1vel e contar vasilhames, realizar a triagem do material recicl\u00e1vel &#8211; papel, papel\u00e3o, vidro, ferroso, n\u00e3o ferroso, pl\u00e1stico, entre outros &#8211; e n\u00e3o recicl\u00e1vel, nas esteiras de reciclagem.<\/p>\n\n\n\n<p>Dispon\u00edvel at\u00e9 17\/7\/2025 ou encerramento da vaga<\/p>\n\n\n\n<p><strong>1 vaga &#8211; Motorista de Caminh\u00e3o<\/strong><\/p>\n\n\n\n<p>Escolaridade &#8211; ensino m\u00e9dio completo;<\/p>\n\n\n\n<p>Experi\u00eancia \u2013 registrada na Carteira de Trabalho;<\/p>\n\n\n\n<p>Requisitos Obrigat\u00f3rios &#8211; ter experi\u00eancia com transporte de cargas, Carteira Nacional categoria \u201cD\u201d e possuir documenta\u00e7\u00e3o completa (com dispensa militar);<\/p>\n\n\n\n<p>Atividades &#8211; transportar materiais e produtos para diversos itiner\u00e1rios de acordo com as leis de tr\u00e2nsito e normas de seguran\u00e7a, em um conjunto de ve\u00edculos, composto por um cavalo mec\u00e2nico e um ou mais trailers ou carretas; respons\u00e1vel pela perman\u00eancia da documenta\u00e7\u00e3o do ve\u00edculo e pelo acondicionamento e amarra\u00e7\u00e3o das cargas nos ve\u00edculos; elaborar relat\u00f3rios de viagem e rota e fazer confer\u00eancia dos materiais para assegurar a correta entrega e coleta; efetuar a presta\u00e7\u00e3o de contas das despesas efetuadas com o ve\u00edculo, abastecimentos, ped\u00e1gios, taxas de cargas e descargas e demais despesas inerentes a opera\u00e7\u00e3o; zelar pela conserva\u00e7\u00e3o e seguran\u00e7a dos ve\u00edculos, providenciando limpeza, ajustes e pequenos reparos.<\/p>\n\n\n\n<p>Dispon\u00edvel at\u00e9 17\/7\/2025 ou encerramento da vaga<\/p>\n\n\n\n<p><strong>2 vagas &#8211; Motorista de Carreta<\/strong><\/p>\n\n\n\n<p>Escolaridade &#8211; ensino m\u00e9dio completo;<\/p>\n\n\n\n<p>Experi\u00eancia \u2013 registrada na Carteira de Trabalho;<\/p>\n\n\n\n<p>Requisitos Obrigat\u00f3rios &#8211; ter experi\u00eancia com transporte de cargas, Carteira Nacional categoria \u201cE\u201d e possuir documenta\u00e7\u00e3o completa (com dispensa militar);<\/p>\n\n\n\n<p>Atividades &#8211; transportar materiais e produtos para diversos itiner\u00e1rios de acordo com as leis de tr\u00e2nsito e normas de seguran\u00e7a, em um conjunto de ve\u00edculos, composto por um cavalo mec\u00e2nico e um ou mais trailers ou carretas; respons\u00e1vel pela perman\u00eancia da documenta\u00e7\u00e3o do ve\u00edculo e pelo acondicionamento e amarra\u00e7\u00e3o das cargas nos ve\u00edculos; elaborar relat\u00f3rios de viagem e rota e fazer confer\u00eancia dos materiais para assegurar a correta entrega e coleta; efetuar a presta\u00e7\u00e3o de contas das despesas efetuadas com o ve\u00edculo, abastecimentos, ped\u00e1gios, taxas de cargas e descargas e demais despesas inerentes a opera\u00e7\u00e3o; zelar pela conserva\u00e7\u00e3o e seguran\u00e7a dos ve\u00edculos, providenciando limpeza, ajustes e pequenos reparos.<\/p>\n\n\n\n<p>Dispon\u00edvel at\u00e9 17\/7\/2025 ou encerramento da vaga<\/p>\n\n\n\n<p><strong>20 vagas &#8211; Agente de Vendas<\/strong><\/p>\n\n\n\n<p>Escolaridade &#8211; ensino m\u00e9dio completo;<\/p>\n\n\n\n<p>Experi\u00eancia \u2013 seis meses na Carteira de Trabalho;<\/p>\n\n\n\n<p>Requisitos Obrigat\u00f3rios &#8211; ter disponibilidade de hor\u00e1rio e possuir documenta\u00e7\u00e3o completa;<\/p>\n\n\n\n<p>Atividades &#8211; realizar a divulga\u00e7\u00e3o e convers\u00e3o de clientes para cart\u00e3o de transporte nos terminais, esta\u00e7\u00f5es e linhas programadas efetuar recarga imediata de cr\u00e9ditos e cadastrar clientes junto \u00e0 equipe interna de bilhetagem.<\/p>\n\n\n\n<p>Dispon\u00edvel at\u00e9 17\/7\/2025 ou encerramento da vaga<\/p>\n\n\n\n<p><strong>5 vagas &#8211; Pedreiro<\/strong><\/p>\n\n\n\n<p>Escolaridade &#8211; ensino fundamental completo;<\/p>\n\n\n\n<p>Experi\u00eancia \u2013 registrada na Carteira de Trabalho;<\/p>\n\n\n\n<p>Requisitos Obrigat\u00f3rios &#8211; possuir documenta\u00e7\u00e3o completa (com dispensa militar);<\/p>\n\n\n\n<p>Atividades &#8211; carregar e descarregar materiais, preparar misturas como argamassa e concreto, limpar e organizar o canteiro de obras e auxiliar em tarefas de escava\u00e7\u00e3o e nivelamento de terreno.<\/p>\n\n\n\n<p>Dispon\u00edvel at\u00e9 17\/7\/2025 ou encerramento da vaga<\/p>\n\n\n\n<p><strong>Vagas exclusivas para Pessoas com Defici\u00eancia (PcD) &#8211; 7<\/strong><\/p>\n\n\n\n<p><strong>4 vagas &#8211; Auxiliar de Servi\u00e7os Gerais &#8211; Vagas exclusivas para Pessoa com Defici\u00eancia (PCD)<\/strong><\/p>\n\n\n\n<p>Escolaridade &#8211; ensino fundamental completo;<\/p>\n\n\n\n<p>Experi\u00eancia \u2013 n\u00e3o \u00e9 necess\u00e1rio;<\/p>\n\n\n\n<p>Requisitos Obrigat\u00f3rios &#8211; possuir documenta\u00e7\u00e3o completa;<\/p>\n\n\n\n<p>Atividades &#8211; executar servi\u00e7os de limpeza; substituir, trocar, limpar, reparar e instalar pe\u00e7as, componentes e equipamentos; conservar vidros e fachadas, limpar recintos e acess\u00f3rios.<\/p>\n\n\n\n<p>Dispon\u00edvel at\u00e9 17\/7\/2025 ou encerramento da vaga<\/p>\n\n\n\n<p><strong>3 vagas &#8211; Promotor de Vendas &#8211; Vagas exclusivas para Pessoa com Defici\u00eancia (PCD)<\/strong><\/p>\n\n\n\n<p>Escolaridade &#8211; ensino fundamental completo;<\/p>\n\n\n\n<p>Experi\u00eancia \u2013 n\u00e3o \u00e9 necess\u00e1rio;<\/p>\n\n\n\n<p>Requisitos Obrigat\u00f3rios &#8211; possuir documenta\u00e7\u00e3o completa;<\/p>\n\n\n\n<p>Atividades &#8211; garantir excel\u00eancia na organiza\u00e7\u00e3o e limpeza do departamento, oferecendo atendimento diferenciado ao cliente e impulsionando resultados por meio da oferta de produtos financeiros; atender prontamente solicita\u00e7\u00f5es do caixa, assegurando integridade das mercadorias e precifica\u00e7\u00e3o adequada; monitorar entrada e sa\u00edda de pe\u00e7as no provador, entre outras atividades correlatas \u00e0 fun\u00e7\u00e3o.<\/p>\n\n\n\n<p>Dispon\u00edvel at\u00e9 17\/7\/2025 ou encerramento da vaga<\/p>\n\n\n\n<p>&#8212; &#8212; &#8212;<\/p>\n\n\n\n<p><strong>Texto \u2013&nbsp;<\/strong>Divulga\u00e7\u00e3o \/ Semtepi<\/p>\n\n\n\n<p><strong>Fotos \u2013&nbsp;<\/strong>Arquivo \/ Semcom<\/p>\n\n\n\n<p><strong>Dispon\u00edveis em \u2013&nbsp;<\/strong><a href=\"https:\/\/flic.kr\/s\/aHBqjCetWK\">https:\/\/flic.kr\/s\/aHBqjCetWK<\/a><\/p>\n","protected":false},"excerpt":{"rendered":"","protected":false},"author":23,"featured_media":6626,"comment_status":"closed","ping_status":"closed","sticky":false,"template":"","format":"standard","meta":{"footnotes":""},"categories":[5],"tags":[250,68,8,9,10,12],"acf":[],"yoast_head":"<!-- This site is optimized with the Yoast SEO plugin v23.0 - https:\/\/yoast.com\/wordpress\/plugins\/seo\/ -->\n<title>Sine Manaus oferta 462 vagas de emprego nesta quinta\u2013feira, 17\/7<\/title>\n<meta name=\"description\" content=\"A Prefeitura de Manaus, por meio do Sine Manaus, oferta 462 vagas de emprego em v\u00e1rias \u00e1reas de atua\u00e7\u00e3o, nesta quinta\u2013feira, 17\/7, das 8h \u00e0s 14h. O candidato pode validar a Carteira Digital e Previd\u00eancia Social (CTPS) no aplicativo \u201cCarteira de Trabalho Digital\u201d ou acessar o site http:\/\/gov.br\/trabalho.\" \/>\n<meta name=\"robots\" content=\"noindex, follow\" \/>\n<meta property=\"og:locale\" content=\"pt_BR\" \/>\n<meta property=\"og:type\" content=\"article\" \/>\n<meta property=\"og:title\" content=\"Sine Manaus oferta 462 vagas de emprego nesta quinta\u2013feira, 17\/7\" \/>\n<meta property=\"og:description\" content=\"A Prefeitura de Manaus, por meio do Sine Manaus, oferta 462 vagas de emprego em v\u00e1rias \u00e1reas de atua\u00e7\u00e3o, nesta quinta\u2013feira, 17\/7, das 8h \u00e0s 14h. O candidato pode validar a Carteira Digital e Previd\u00eancia Social (CTPS) no aplicativo \u201cCarteira de Trabalho Digital\u201d ou acessar o site http:\/\/gov.br\/trabalho.\" \/>\n<meta property=\"og:url\" content=\"https:\/\/www.manaus.am.gov.br\/semtepi\/oportunidade\/sinemanaus-vagas-1707\/\" \/>\n<meta property=\"og:site_name\" content=\"SEMTEPI\" \/>\n<meta property=\"article:published_time\" content=\"2025-07-16T18:01:42+00:00\" \/>\n<meta property=\"article:modified_time\" content=\"2025-07-16T18:01:44+00:00\" \/>\n<meta property=\"og:image\" content=\"https:\/\/www.manaus.am.gov.br\/semtepi\/wp-content\/uploads\/sites\/20\/2025\/07\/54523734531_85fa27d4a0_c-1.jpg\" \/>\n\t<meta property=\"og:image:width\" content=\"799\" \/>\n\t<meta property=\"og:image:height\" content=\"533\" \/>\n\t<meta property=\"og:image:type\" content=\"image\/jpeg\" \/>\n<meta name=\"author\" content=\"Adriana Costa\" \/>\n<meta name=\"twitter:card\" content=\"summary_large_image\" \/>\n<meta name=\"twitter:label1\" content=\"Written by\" \/>\n\t<meta name=\"twitter:data1\" content=\"Adriana Costa\" \/>\n\t<meta name=\"twitter:label2\" content=\"Est. reading time\" \/>\n\t<meta name=\"twitter:data2\" content=\"19 minutos\" \/>\n<script type=\"application\/ld+json\" class=\"yoast-schema-graph\">{\"@context\":\"https:\/\/schema.org\",\"@graph\":[{\"@type\":\"Article\",\"@id\":\"https:\/\/www.manaus.am.gov.br\/semtepi\/oportunidade\/sinemanaus-vagas-1707\/#article\",\"isPartOf\":{\"@id\":\"https:\/\/www.manaus.am.gov.br\/semtepi\/oportunidade\/sinemanaus-vagas-1707\/\"},\"author\":{\"name\":\"Adriana Costa\",\"@id\":\"https:\/\/www.manaus.am.gov.br\/semtepi\/#\/schema\/person\/4e49f4e267757a06ca072ec61b2b9968\"},\"headline\":\"Sine Manaus oferta 462 vagas de emprego nesta quinta\u2013feira, 17\/7\",\"datePublished\":\"2025-07-16T18:01:42+00:00\",\"dateModified\":\"2025-07-16T18:01:44+00:00\",\"mainEntityOfPage\":{\"@id\":\"https:\/\/www.manaus.am.gov.br\/semtepi\/oportunidade\/sinemanaus-vagas-1707\/\"},\"wordCount\":3987,\"publisher\":{\"@id\":\"https:\/\/www.manaus.am.gov.br\/semtepi\/#organization\"},\"image\":{\"@id\":\"https:\/\/www.manaus.am.gov.br\/semtepi\/oportunidade\/sinemanaus-vagas-1707\/#primaryimage\"},\"thumbnailUrl\":\"https:\/\/www.manaus.am.gov.br\/semtepi\/wp-content\/uploads\/sites\/20\/2025\/07\/54523734531_85fa27d4a0_c-1.jpg\",\"keywords\":[\"Empregos\",\"oportunidades\",\"prefeitura de manaus\",\"Semtepi\",\"sine manaus\",\"vagas\"],\"articleSection\":[\"Oportunidade\"],\"inLanguage\":\"pt-BR\"},{\"@type\":\"WebPage\",\"@id\":\"https:\/\/www.manaus.am.gov.br\/semtepi\/oportunidade\/sinemanaus-vagas-1707\/\",\"url\":\"https:\/\/www.manaus.am.gov.br\/semtepi\/oportunidade\/sinemanaus-vagas-1707\/\",\"name\":\"Sine Manaus oferta 462 vagas de emprego nesta quinta\u2013feira, 17\/7\",\"isPartOf\":{\"@id\":\"https:\/\/www.manaus.am.gov.br\/semtepi\/#website\"},\"primaryImageOfPage\":{\"@id\":\"https:\/\/www.manaus.am.gov.br\/semtepi\/oportunidade\/sinemanaus-vagas-1707\/#primaryimage\"},\"image\":{\"@id\":\"https:\/\/www.manaus.am.gov.br\/semtepi\/oportunidade\/sinemanaus-vagas-1707\/#primaryimage\"},\"thumbnailUrl\":\"https:\/\/www.manaus.am.gov.br\/semtepi\/wp-content\/uploads\/sites\/20\/2025\/07\/54523734531_85fa27d4a0_c-1.jpg\",\"datePublished\":\"2025-07-16T18:01:42+00:00\",\"dateModified\":\"2025-07-16T18:01:44+00:00\",\"description\":\"A Prefeitura de Manaus, por meio do Sine Manaus, oferta 462 vagas de emprego em v\u00e1rias \u00e1reas de atua\u00e7\u00e3o, nesta quinta\u2013feira, 17\/7, das 8h \u00e0s 14h. O candidato pode validar a Carteira Digital e Previd\u00eancia Social (CTPS) no aplicativo \u201cCarteira de Trabalho Digital\u201d ou acessar o site http:\/\/gov.br\/trabalho.\",\"breadcrumb\":{\"@id\":\"https:\/\/www.manaus.am.gov.br\/semtepi\/oportunidade\/sinemanaus-vagas-1707\/#breadcrumb\"},\"inLanguage\":\"pt-BR\",\"potentialAction\":[{\"@type\":\"ReadAction\",\"target\":[\"https:\/\/www.manaus.am.gov.br\/semtepi\/oportunidade\/sinemanaus-vagas-1707\/\"]}]},{\"@type\":\"ImageObject\",\"inLanguage\":\"pt-BR\",\"@id\":\"https:\/\/www.manaus.am.gov.br\/semtepi\/oportunidade\/sinemanaus-vagas-1707\/#primaryimage\",\"url\":\"https:\/\/www.manaus.am.gov.br\/semtepi\/wp-content\/uploads\/sites\/20\/2025\/07\/54523734531_85fa27d4a0_c-1.jpg\",\"contentUrl\":\"https:\/\/www.manaus.am.gov.br\/semtepi\/wp-content\/uploads\/sites\/20\/2025\/07\/54523734531_85fa27d4a0_c-1.jpg\",\"width\":799,\"height\":533},{\"@type\":\"BreadcrumbList\",\"@id\":\"https:\/\/www.manaus.am.gov.br\/semtepi\/oportunidade\/sinemanaus-vagas-1707\/#breadcrumb\",\"itemListElement\":[{\"@type\":\"ListItem\",\"position\":1,\"name\":\"Home\",\"item\":\"https:\/\/www.manaus.am.gov.br\/semtepi\/\"},{\"@type\":\"ListItem\",\"position\":2,\"name\":\"Sine Manaus oferta 462 vagas de emprego nesta quinta\u2013feira, 17\/7\"}]},{\"@type\":\"WebSite\",\"@id\":\"https:\/\/www.manaus.am.gov.br\/semtepi\/#website\",\"url\":\"https:\/\/www.manaus.am.gov.br\/semtepi\/\",\"name\":\"SEMTEPI\",\"description\":\"Prefeitura de Manaus\",\"publisher\":{\"@id\":\"https:\/\/www.manaus.am.gov.br\/semtepi\/#organization\"},\"alternateName\":\"Secretaria Municipal do Trabalho, Empreendedorismo e Inova\u00e7\u00e3o\",\"potentialAction\":[{\"@type\":\"SearchAction\",\"target\":{\"@type\":\"EntryPoint\",\"urlTemplate\":\"https:\/\/www.manaus.am.gov.br\/semtepi\/?s={search_term_string}\"},\"query-input\":\"required name=search_term_string\"}],\"inLanguage\":\"pt-BR\"},{\"@type\":\"Organization\",\"@id\":\"https:\/\/www.manaus.am.gov.br\/semtepi\/#organization\",\"name\":\"Prefeitura Municipal de Manaus\",\"alternateName\":\"Prefeitura de Manaus\",\"url\":\"https:\/\/www.manaus.am.gov.br\/semtepi\/\",\"logo\":{\"@type\":\"ImageObject\",\"inLanguage\":\"pt-BR\",\"@id\":\"https:\/\/www.manaus.am.gov.br\/semtepi\/#\/schema\/logo\/image\/\",\"url\":\"https:\/\/www.manaus.am.gov.br\/semtepi\/wp-content\/uploads\/sites\/20\/2024\/07\/favicon.png\",\"contentUrl\":\"https:\/\/www.manaus.am.gov.br\/semtepi\/wp-content\/uploads\/sites\/20\/2024\/07\/favicon.png\",\"width\":300,\"height\":300,\"caption\":\"Prefeitura Municipal de Manaus\"},\"image\":{\"@id\":\"https:\/\/www.manaus.am.gov.br\/semtepi\/#\/schema\/logo\/image\/\"}},{\"@type\":\"Person\",\"@id\":\"https:\/\/www.manaus.am.gov.br\/semtepi\/#\/schema\/person\/4e49f4e267757a06ca072ec61b2b9968\",\"name\":\"Adriana Costa\",\"image\":{\"@type\":\"ImageObject\",\"inLanguage\":\"pt-BR\",\"@id\":\"https:\/\/www.manaus.am.gov.br\/semtepi\/#\/schema\/person\/image\/\",\"url\":\"https:\/\/secure.gravatar.com\/avatar\/576258617ef7194f718179e766d57bd4?s=96&d=mm&r=g\",\"contentUrl\":\"https:\/\/secure.gravatar.com\/avatar\/576258617ef7194f718179e766d57bd4?s=96&d=mm&r=g\",\"caption\":\"Adriana Costa\"}}]}<\/script>\n<!-- \/ Yoast SEO plugin. -->","yoast_head_json":{"title":"Sine Manaus oferta 462 vagas de emprego nesta quinta\u2013feira, 17\/7","description":"A Prefeitura de Manaus, por meio do Sine Manaus, oferta 462 vagas de emprego em v\u00e1rias \u00e1reas de atua\u00e7\u00e3o, nesta quinta\u2013feira, 17\/7, das 8h \u00e0s 14h. O candidato pode validar a Carteira Digital e Previd\u00eancia Social (CTPS) no aplicativo \u201cCarteira de Trabalho Digital\u201d ou acessar o site http:\/\/gov.br\/trabalho.","robots":{"index":"noindex","follow":"follow"},"og_locale":"pt_BR","og_type":"article","og_title":"Sine Manaus oferta 462 vagas de emprego nesta quinta\u2013feira, 17\/7","og_description":"A Prefeitura de Manaus, por meio do Sine Manaus, oferta 462 vagas de emprego em v\u00e1rias \u00e1reas de atua\u00e7\u00e3o, nesta quinta\u2013feira, 17\/7, das 8h \u00e0s 14h. O candidato pode validar a Carteira Digital e Previd\u00eancia Social (CTPS) no aplicativo \u201cCarteira de Trabalho Digital\u201d ou acessar o site http:\/\/gov.br\/trabalho.","og_url":"https:\/\/www.manaus.am.gov.br\/semtepi\/oportunidade\/sinemanaus-vagas-1707\/","og_site_name":"SEMTEPI","article_published_time":"2025-07-16T18:01:42+00:00","article_modified_time":"2025-07-16T18:01:44+00:00","og_image":[{"width":799,"height":533,"url":"https:\/\/www.manaus.am.gov.br\/semtepi\/wp-content\/uploads\/sites\/20\/2025\/07\/54523734531_85fa27d4a0_c-1.jpg","type":"image\/jpeg"}],"author":"Adriana Costa","twitter_card":"summary_large_image","twitter_misc":{"Written by":"Adriana Costa","Est. reading time":"19 minutos"},"schema":{"@context":"https:\/\/schema.org","@graph":[{"@type":"Article","@id":"https:\/\/www.manaus.am.gov.br\/semtepi\/oportunidade\/sinemanaus-vagas-1707\/#article","isPartOf":{"@id":"https:\/\/www.manaus.am.gov.br\/semtepi\/oportunidade\/sinemanaus-vagas-1707\/"},"author":{"name":"Adriana Costa","@id":"https:\/\/www.manaus.am.gov.br\/semtepi\/#\/schema\/person\/4e49f4e267757a06ca072ec61b2b9968"},"headline":"Sine Manaus oferta 462 vagas de emprego nesta quinta\u2013feira, 17\/7","datePublished":"2025-07-16T18:01:42+00:00","dateModified":"2025-07-16T18:01:44+00:00","mainEntityOfPage":{"@id":"https:\/\/www.manaus.am.gov.br\/semtepi\/oportunidade\/sinemanaus-vagas-1707\/"},"wordCount":3987,"publisher":{"@id":"https:\/\/www.manaus.am.gov.br\/semtepi\/#organization"},"image":{"@id":"https:\/\/www.manaus.am.gov.br\/semtepi\/oportunidade\/sinemanaus-vagas-1707\/#primaryimage"},"thumbnailUrl":"https:\/\/www.manaus.am.gov.br\/semtepi\/wp-content\/uploads\/sites\/20\/2025\/07\/54523734531_85fa27d4a0_c-1.jpg","keywords":["Empregos","oportunidades","prefeitura de manaus","Semtepi","sine manaus","vagas"],"articleSection":["Oportunidade"],"inLanguage":"pt-BR"},{"@type":"WebPage","@id":"https:\/\/www.manaus.am.gov.br\/semtepi\/oportunidade\/sinemanaus-vagas-1707\/","url":"https:\/\/www.manaus.am.gov.br\/semtepi\/oportunidade\/sinemanaus-vagas-1707\/","name":"Sine Manaus oferta 462 vagas de emprego nesta quinta\u2013feira, 17\/7","isPartOf":{"@id":"https:\/\/www.manaus.am.gov.br\/semtepi\/#website"},"primaryImageOfPage":{"@id":"https:\/\/www.manaus.am.gov.br\/semtepi\/oportunidade\/sinemanaus-vagas-1707\/#primaryimage"},"image":{"@id":"https:\/\/www.manaus.am.gov.br\/semtepi\/oportunidade\/sinemanaus-vagas-1707\/#primaryimage"},"thumbnailUrl":"https:\/\/www.manaus.am.gov.br\/semtepi\/wp-content\/uploads\/sites\/20\/2025\/07\/54523734531_85fa27d4a0_c-1.jpg","datePublished":"2025-07-16T18:01:42+00:00","dateModified":"2025-07-16T18:01:44+00:00","description":"A Prefeitura de Manaus, por meio do Sine Manaus, oferta 462 vagas de emprego em v\u00e1rias \u00e1reas de atua\u00e7\u00e3o, nesta quinta\u2013feira, 17\/7, das 8h \u00e0s 14h. O candidato pode validar a Carteira Digital e Previd\u00eancia Social (CTPS) no aplicativo \u201cCarteira de Trabalho Digital\u201d ou acessar o site http:\/\/gov.br\/trabalho.","breadcrumb":{"@id":"https:\/\/www.manaus.am.gov.br\/semtepi\/oportunidade\/sinemanaus-vagas-1707\/#breadcrumb"},"inLanguage":"pt-BR","potentialAction":[{"@type":"ReadAction","target":["https:\/\/www.manaus.am.gov.br\/semtepi\/oportunidade\/sinemanaus-vagas-1707\/"]}]},{"@type":"ImageObject","inLanguage":"pt-BR","@id":"https:\/\/www.manaus.am.gov.br\/semtepi\/oportunidade\/sinemanaus-vagas-1707\/#primaryimage","url":"https:\/\/www.manaus.am.gov.br\/semtepi\/wp-content\/uploads\/sites\/20\/2025\/07\/54523734531_85fa27d4a0_c-1.jpg","contentUrl":"https:\/\/www.manaus.am.gov.br\/semtepi\/wp-content\/uploads\/sites\/20\/2025\/07\/54523734531_85fa27d4a0_c-1.jpg","width":799,"height":533},{"@type":"BreadcrumbList","@id":"https:\/\/www.manaus.am.gov.br\/semtepi\/oportunidade\/sinemanaus-vagas-1707\/#breadcrumb","itemListElement":[{"@type":"ListItem","position":1,"name":"Home","item":"https:\/\/www.manaus.am.gov.br\/semtepi\/"},{"@type":"ListItem","position":2,"name":"Sine Manaus oferta 462 vagas de emprego nesta quinta\u2013feira, 17\/7"}]},{"@type":"WebSite","@id":"https:\/\/www.manaus.am.gov.br\/semtepi\/#website","url":"https:\/\/www.manaus.am.gov.br\/semtepi\/","name":"SEMTEPI","description":"Prefeitura de Manaus","publisher":{"@id":"https:\/\/www.manaus.am.gov.br\/semtepi\/#organization"},"alternateName":"Secretaria Municipal do Trabalho, Empreendedorismo e Inova\u00e7\u00e3o","potentialAction":[{"@type":"SearchAction","target":{"@type":"EntryPoint","urlTemplate":"https:\/\/www.manaus.am.gov.br\/semtepi\/?s={search_term_string}"},"query-input":"required name=search_term_string"}],"inLanguage":"pt-BR"},{"@type":"Organization","@id":"https:\/\/www.manaus.am.gov.br\/semtepi\/#organization","name":"Prefeitura Municipal de Manaus","alternateName":"Prefeitura de Manaus","url":"https:\/\/www.manaus.am.gov.br\/semtepi\/","logo":{"@type":"ImageObject","inLanguage":"pt-BR","@id":"https:\/\/www.manaus.am.gov.br\/semtepi\/#\/schema\/logo\/image\/","url":"https:\/\/www.manaus.am.gov.br\/semtepi\/wp-content\/uploads\/sites\/20\/2024\/07\/favicon.png","contentUrl":"https:\/\/www.manaus.am.gov.br\/semtepi\/wp-content\/uploads\/sites\/20\/2024\/07\/favicon.png","width":300,"height":300,"caption":"Prefeitura Municipal de Manaus"},"image":{"@id":"https:\/\/www.manaus.am.gov.br\/semtepi\/#\/schema\/logo\/image\/"}},{"@type":"Person","@id":"https:\/\/www.manaus.am.gov.br\/semtepi\/#\/schema\/person\/4e49f4e267757a06ca072ec61b2b9968","name":"Adriana Costa","image":{"@type":"ImageObject","inLanguage":"pt-BR","@id":"https:\/\/www.manaus.am.gov.br\/semtepi\/#\/schema\/person\/image\/","url":"https:\/\/secure.gravatar.com\/avatar\/576258617ef7194f718179e766d57bd4?s=96&d=mm&r=g","contentUrl":"https:\/\/secure.gravatar.com\/avatar\/576258617ef7194f718179e766d57bd4?s=96&d=mm&r=g","caption":"Adriana Costa"}}]}},"_links":{"self":[{"href":"https:\/\/www.manaus.am.gov.br\/semtepi\/wp-json\/wp\/v2\/posts\/6625"}],"collection":[{"href":"https:\/\/www.manaus.am.gov.br\/semtepi\/wp-json\/wp\/v2\/posts"}],"about":[{"href":"https:\/\/www.manaus.am.gov.br\/semtepi\/wp-json\/wp\/v2\/types\/post"}],"author":[{"embeddable":true,"href":"https:\/\/www.manaus.am.gov.br\/semtepi\/wp-json\/wp\/v2\/users\/23"}],"replies":[{"embeddable":true,"href":"https:\/\/www.manaus.am.gov.br\/semtepi\/wp-json\/wp\/v2\/comments?post=6625"}],"version-history":[{"count":0,"href":"https:\/\/www.manaus.am.gov.br\/semtepi\/wp-json\/wp\/v2\/posts\/6625\/revisions"}],"wp:featuredmedia":[{"embeddable":true,"href":"https:\/\/www.manaus.am.gov.br\/semtepi\/wp-json\/wp\/v2\/media\/6626"}],"wp:attachment":[{"href":"https:\/\/www.manaus.am.gov.br\/semtepi\/wp-json\/wp\/v2\/media?parent=6625"}],"wp:term":[{"taxonomy":"category","embeddable":true,"href":"https:\/\/www.manaus.am.gov.br\/semtepi\/wp-json\/wp\/v2\/categories?post=6625"},{"taxonomy":"post_tag","embeddable":true,"href":"https:\/\/www.manaus.am.gov.br\/semtepi\/wp-json\/wp\/v2\/tags?post=6625"}],"curies":[{"name":"wp","href":"https:\/\/api.w.org\/{rel}","templated":true}]}}