{"id":6610,"date":"2025-07-14T14:17:37","date_gmt":"2025-07-14T18:17:37","guid":{"rendered":"https:\/\/www.manaus.am.gov.br\/semtepi\/sem-categoria\/sine-manaus-279-vagas-emprego-15-7\/"},"modified":"2025-07-14T14:17:38","modified_gmt":"2025-07-14T18:17:38","slug":"sine-manaus-279-vagas-emprego-15-7","status":"publish","type":"post","link":"https:\/\/www.manaus.am.gov.br\/semtepi\/oportunidade\/sine-manaus-279-vagas-emprego-15-7\/","title":{"rendered":"Sine Manaus oferta 279 vagas de emprego nesta ter\u00e7a-feira, 15\/7"},"content":{"rendered":"\n<p><a>A Prefeitura de Manaus, por meio do Sine Manaus, oferta 279 vagas de emprego em v\u00e1rias \u00e1reas de atua\u00e7\u00e3o, nesta ter\u00e7a-feira, 15\/7,&nbsp;de <\/a>8h \u00e0s 14h. O candidato pode validar a Carteira Digital e Previd\u00eancia Social (CTPS) no aplicativo \u201cCarteira de Trabalho Digital\u201d ou acessar o site&nbsp;<a href=\"http:\/\/gov.br\/trabalho\">http:\/\/gov.br\/trabalho<\/a>.<\/p>\n\n\n\n<p>Para participar da pr\u00e9-sele\u00e7\u00e3o e concorrer a uma das vagas dispon\u00edveis, ou receber orienta\u00e7\u00e3o de cadastro, Carteira de Trabalho Digital e seguro-desemprego, os candidatos devem comparecer a um dos postos do Sine Manaus: na avenida Constantino Nery, n\u00ba 1.272, bairro S\u00e3o Geraldo, zona Centro-Sul; ou no shopping Phelippe Daou, na avenida Camapu\u00e3, n\u00ba 2.939, bairro Cidade de Deus, zona Leste.<\/p>\n\n\n\n<p>Os interessados devem estar munidos do comprovante de vacina\u00e7\u00e3o (Covid-19), curr\u00edculo, certificados de cursos e documentos pessoais (RG, CPF, PIS, CTPS, comprovante de escolaridade e resid\u00eancia). N\u00e3o \u00e9 necess\u00e1rio apresentar c\u00f3pias, somente os documentos originais.<\/p>\n\n\n\n<p>\u00c9 importante que os candidatos mantenham seus cadastros atualizados, especialmente ao finalizarem novas qualifica\u00e7\u00f5es. Para vagas espec\u00edficas, podem ser solicitados documentos adicionais, como cursos ou certifica\u00e7\u00f5es, por isso, \u00e9 essencial estar atento aos &#8220;Requisitos Obrigat\u00f3rios&#8221; de cada vaga.<\/p>\n\n\n\n<p>A Semtepi ressalta que, obedecendo ao disposto no artigo 5\u00ba, da Constitui\u00e7\u00e3o Federal, e ao artigo 373-A, da Consolida\u00e7\u00e3o das Leis Trabalhistas (CLT), crit\u00e9rios referentes a sexo, idade, cor ou situa\u00e7\u00e3o familiar, n\u00e3o podem ser informados na divulga\u00e7\u00e3o das vagas disponibilizadas.<\/p>\n\n\n\n<p>Os candidatos devem estar cientes das diretrizes de vestimenta estabelecidas pelo \u00f3rg\u00e3o, as quais incluem a proibi\u00e7\u00e3o de vestimentas como bermudas, shorts, minissaias, camisetas regatas e chinelos durante a entrada.<\/p>\n\n\n\n<p><strong>Vagas Novas &#8211; 86<\/strong><\/p>\n\n\n\n<p><strong>10 vagas &#8211; Servi\u00e7os Gerais<\/strong><\/p>\n\n\n\n<p>Escolaridade &#8211; ensino fundamental incompleto;<\/p>\n\n\n\n<p>Experi\u00eancia &#8211; seis meses na Carteira de Trabalho;<\/p>\n\n\n\n<p>Requisitos Obrigat\u00f3rios &#8211; ter curso de NR-35 e ter documenta\u00e7\u00e3o completa (com dispensa militar);<\/p>\n\n\n\n<p>Atividades &#8211; auxiliar na realiza\u00e7\u00e3o de servi\u00e7os em geral como recebimento, separa\u00e7\u00e3o e distribui\u00e7\u00e3o de correspond\u00eancia e materiais, atividades de limpeza, copa e conserva\u00e7\u00e3o de instala\u00e7\u00f5es; deslocar m\u00e1quinas m\u00f3veis e equipamentos; conservar vidros e fachadas, limpar recintos e acess\u00f3rios e tratar de organiza\u00e7\u00f5es de ambientes em geral.<\/p>\n\n\n\n<p>Dispon\u00edvel at\u00e9 15\/07\/2025 ou encerramento da vaga.<\/p>\n\n\n\n<p><strong>10 vagas &#8211; Ajudante de Carga e Descarga<\/strong><\/p>\n\n\n\n<p>Escolaridade &#8211; ensino fundamental incompleto;<\/p>\n\n\n\n<p>Experi\u00eancia &#8211; n\u00e3o \u00e9 necess\u00e1rio;<\/p>\n\n\n\n<p>Requisitos Obrigat\u00f3rios &#8211; residir nos bairros: Grande Vit\u00f3ria, Gilberto Mestrinho, Jorge Teixeira, Santa In\u00eas ou proximidades e ter documenta\u00e7\u00e3o completa (com dispensa militar);<\/p>\n\n\n\n<p>Atividades &#8211; carregar e descarregar produtos em ve\u00edculos de transporte, como caminh\u00f5es, bem como organizar a \u00e1rea de trabalho e manter a ordem no armaz\u00e9m ou dep\u00f3sito.<\/p>\n\n\n\n<p>Dispon\u00edvel at\u00e9 15\/07\/2025 ou encerramento da vaga.<\/p>\n\n\n\n<p><strong>1 vaga &#8211; Motoboy<\/strong><\/p>\n\n\n\n<p>Escolaridade &#8211; ensino m\u00e9dio completo;<\/p>\n\n\n\n<p>Experi\u00eancia &#8211; seis meses na Carteira de Trabalho;<\/p>\n\n\n\n<p>Requisitos Obrigat\u00f3rios &#8211; ter Carteira Nacional de Habilita\u00e7\u00e3o categoria \u201cAB\u201d e ter documenta\u00e7\u00e3o completa (com dispensa militar);<\/p>\n\n\n\n<p>Atividades &#8211; realizar entrega de mercadorias, atendimento ao cliente, preenchimento de relat\u00f3rio de entregas.<\/p>\n\n\n\n<p>Dispon\u00edvel at\u00e9 15\/07\/2025 ou encerramento da vaga.<\/p>\n\n\n\n<p><strong>6 vagas &#8211; Pedreiro<\/strong><\/p>\n\n\n\n<p>Escolaridade &#8211; ensino m\u00e9dio incompleto;<\/p>\n\n\n\n<p>Experi\u00eancia &#8211; seis meses na Carteira de Trabalho;<\/p>\n\n\n\n<p>Requisitos Obrigat\u00f3rios &#8211; ter documenta\u00e7\u00e3o completa (com dispensa militar);<\/p>\n\n\n\n<p>Atividades &#8211; organizar e preparar o local de trabalho na obra, construir funda\u00e7\u00f5es e estruturas de alvenaria, aplicar revestimentos e contrapisos em drywall.<\/p>\n\n\n\n<p>Dispon\u00edvel at\u00e9 15\/07\/2025 ou encerramento da vaga.<\/p>\n\n\n\n<p><strong>5 vagas &#8211; Soldador<\/strong><\/p>\n\n\n\n<p>Escolaridade &#8211; ensino m\u00e9dio completo;<\/p>\n\n\n\n<p>Experi\u00eancia &#8211; seis meses na Carteira de Trabalho;<\/p>\n\n\n\n<p>Requisitos Obrigat\u00f3rios &#8211; ter curso de Solda e ter documenta\u00e7\u00e3o completa (com dispensa militar);<\/p>\n\n\n\n<p>Atividades &#8211; soldagem e corte de metais, montagem e desmontagem de estruturas, interpreta\u00e7\u00e3o de desenhos t\u00e9cnicos, prepara\u00e7\u00e3o de equipamentos e materiais, e manuten\u00e7\u00e3o e organiza\u00e7\u00e3o do local de trabalho.<\/p>\n\n\n\n<p>Dispon\u00edvel at\u00e9 15\/07\/2025 ou encerramento da vaga.<\/p>\n\n\n\n<p><strong>10 vagas &#8211; Eletricista Predial<\/strong><\/p>\n\n\n\n<p>Escolaridade &#8211; ensino m\u00e9dio completo;<\/p>\n\n\n\n<p>Experi\u00eancia &#8211; seis meses na Carteira de Trabalho;<\/p>\n\n\n\n<p>Requisitos Obrigat\u00f3rios &#8211; ter curso de Eletricista Predial, NR 10, NR 35, SEP e ter documenta\u00e7\u00e3o completa (com dispensa militar);<\/p>\n\n\n\n<p>Atividades &#8211; realizar manuten\u00e7\u00e3o preventiva e corretiva de quadro de for\u00e7a, comandos el\u00e9tricos e demais equipamentos de energia em pr\u00e9dios, analisar as necessidades de troca e regulagem de pe\u00e7as e aplicar testes de funcionamento.<\/p>\n\n\n\n<p>Dispon\u00edvel at\u00e9 15\/07\/2025 ou encerramento da vaga.<\/p>\n\n\n\n<p><strong>10 vagas &#8211; Ajudante Geral<\/strong><\/p>\n\n\n\n<p>Escolaridade &#8211; ensino fundamental completo;<\/p>\n\n\n\n<p>Experi\u00eancia &#8211; seis meses na Carteira de Trabalho;<\/p>\n\n\n\n<p>Requisitos Obrigat\u00f3rios &#8211; ter documenta\u00e7\u00e3o completa (com dispensa militar);<\/p>\n\n\n\n<p>Atividades &#8211; carregar e descarregar materiais, preparar o canteiro de obras, limpar \u00e1reas de trabalho e auxiliar na manuten\u00e7\u00e3o de equipamentos.<\/p>\n\n\n\n<p>Dispon\u00edvel at\u00e9 15\/07\/2025 ou encerramento da vaga.<\/p>\n\n\n\n<p><strong>5 vagas &#8211; Pintor Predial<\/strong><\/p>\n\n\n\n<p>Escolaridade &#8211; ensino m\u00e9dio completo;<\/p>\n\n\n\n<p>Experi\u00eancia &#8211; seis meses na Carteira de Trabalho;<\/p>\n\n\n\n<p>Requisitos Obrigat\u00f3rios &#8211; ter curso de Solda e ter documenta\u00e7\u00e3o completa (com dispensa militar);<\/p>\n\n\n\n<p>Atividades &#8211; preparar e pintar superf\u00edcies internas e externas de edif\u00edcios, utilizando diversas t\u00e9cnicas e materiais para garantir um acabamento de qualidade e prote\u00e7\u00e3o das estruturas.<\/p>\n\n\n\n<p>Dispon\u00edvel at\u00e9 15\/07\/2025 ou encerramento da vaga.<\/p>\n\n\n\n<p><strong>10 vagas &#8211; Auxiliar de Solda<\/strong><\/p>\n\n\n\n<p>Escolaridade &#8211; ensino m\u00e9dio completo;<\/p>\n\n\n\n<p>Experi\u00eancia &#8211; seis meses na Carteira de Trabalho;<\/p>\n\n\n\n<p>Requisitos Obrigat\u00f3rios &#8211; ter documenta\u00e7\u00e3o completa (com dispensa militar);<\/p>\n\n\n\n<p>Atividades &#8211; suporte ao soldador em diversas tarefas, como prepara\u00e7\u00e3o de materiais, limpeza e acabamento de pe\u00e7as, organiza\u00e7\u00e3o do local de trabalho, e aux\u00edlio na manuten\u00e7\u00e3o de equipamentos e execu\u00e7\u00e3o de soldagens.<\/p>\n\n\n\n<p>Dispon\u00edvel at\u00e9 15\/07\/2025 ou encerramento da vaga.<\/p>\n\n\n\n<p><strong>3 vagas &#8211; Auxiliar de Servi\u00e7os Gerais<\/strong><\/p>\n\n\n\n<p>Escolaridade &#8211; ensino fundamental completo;<\/p>\n\n\n\n<p>Experi\u00eancia &#8211; seis meses na Carteira de Trabalho;<\/p>\n\n\n\n<p>Requisitos Obrigat\u00f3rios &#8211; ter documenta\u00e7\u00e3o completa (com dispensa militar);<\/p>\n\n\n\n<p>Atividades &#8211; executar servi\u00e7os de limpeza; substituir, trocar, limpar, reparar e instalar pe\u00e7as, componentes e equipamentos; conservar vidros e fachadas, limpar recintos e acess\u00f3rios.<\/p>\n\n\n\n<p>Dispon\u00edvel at\u00e9 15\/07\/2025 ou encerramento da vaga.<\/p>\n\n\n\n<p><strong>3 vagas &#8211; Atendente<\/strong><\/p>\n\n\n\n<p>Escolaridade &#8211; ensino m\u00e9dio completo;<\/p>\n\n\n\n<p>Experi\u00eancia &#8211; n\u00e3o \u00e9 necess\u00e1rio;<\/p>\n\n\n\n<p>Requisitos Obrigat\u00f3rios &#8211; residir na Zona Oeste, ter disponibilidade de hor\u00e1rio ou proximidades e ter documenta\u00e7\u00e3o completa;<\/p>\n\n\n\n<p>Atividades &#8211; atendimento ao cliente.<\/p>\n\n\n\n<p>Dispon\u00edvel at\u00e9 15\/07\/2025 ou encerramento da vaga.<\/p>\n\n\n\n<p><strong>2 vagas &#8211; Auxiliar de Produ\u00e7\u00e3o (Padaria)<\/strong><\/p>\n\n\n\n<p>Escolaridade &#8211; ensino m\u00e9dio completo;<\/p>\n\n\n\n<p>Experi\u00eancia &#8211; n\u00e3o \u00e9 necess\u00e1rio;<\/p>\n\n\n\n<p>Requisitos Obrigat\u00f3rios &#8211; residir na Zona Oeste, ter disponibilidade de hor\u00e1rio ou proximidades e ter documenta\u00e7\u00e3o completa (com dispensa militar);<\/p>\n\n\n\n<p>Atividades &#8211; auxiliar na confec\u00e7\u00e3o de p\u00e3es, p\u00e3es especiais, doces, pizzas, salgados assados e fritos, p\u00e3o de queijo, bolos, tortas, recheios, caldas, coberturas, confeitos, auxiliar no corte, de charque, carnes, preparo da goma, cuscuz, separa a mat\u00e9ria prima dos produtos, bem como fazer o fatiamento e tritura\u00e7\u00e3o de frios e frutas, embalar e etiquetar os produtos finalizados e os demais produtos relacionados a padaria.<\/p>\n\n\n\n<p>Dispon\u00edvel at\u00e9 15\/07\/2025 ou encerramento da vaga.<\/p>\n\n\n\n<p><strong>2 vagas &#8211; Auxiliar de Servi\u00e7os Gerais<\/strong><\/p>\n\n\n\n<p>Escolaridade &#8211; ensino m\u00e9dio completo;<\/p>\n\n\n\n<p>Experi\u00eancia &#8211; n\u00e3o \u00e9 necess\u00e1rio;<\/p>\n\n\n\n<p>Requisitos Obrigat\u00f3rios &#8211; residir na Zona Oeste, ter disponibilidade de hor\u00e1rio ou proximidades e ter documenta\u00e7\u00e3o completa;<\/p>\n\n\n\n<p>Atividades &#8211; atuar na manuten\u00e7\u00e3o da limpeza e organiza\u00e7\u00e3o de ambientes, al\u00e9m de auxiliar em outras tarefas conforme a necessidade do local de trabalho. Isso inclui limpeza de pisos, banheiros, m\u00f3veis, remo\u00e7\u00e3o de lixo, reposi\u00e7\u00e3o de materiais de higiene.<\/p>\n\n\n\n<p>Dispon\u00edvel at\u00e9 15\/07\/2025 ou encerramento da vaga.<\/p>\n\n\n\n<p><strong>2 vagas &#8211; Vendedor Interno<\/strong><\/p>\n\n\n\n<p>Escolaridade &#8211; ensino m\u00e9dio completo;<\/p>\n\n\n\n<p>Experi\u00eancia &#8211; tr\u00eas meses na Carteira de Trabalho;<\/p>\n\n\n\n<p>Requisitos Obrigat\u00f3rios &#8211; ter documenta\u00e7\u00e3o completa;<\/p>\n\n\n\n<p>Atividades &#8211; atender e orientar clientes, apresentar produtos e servi\u00e7os, negociar pre\u00e7os e condi\u00e7\u00f5es de venda e auxiliar na organiza\u00e7\u00e3o da loja.<\/p>\n\n\n\n<p>Dispon\u00edvel at\u00e9 15\/07\/2025 ou encerramento da vaga.<\/p>\n\n\n\n<p><strong>1 vaga &#8211; Auxiliar de Departamento Pessoal<\/strong><\/p>\n\n\n\n<p>Escolaridade &#8211; ensino m\u00e9dio completo;<\/p>\n\n\n\n<p>Experi\u00eancia &#8211; seis meses na Carteira de Trabalho;<\/p>\n\n\n\n<p>Requisitos Obrigat\u00f3rios &#8211; residir nos bairros da Zona Sul ou Leste e ter documenta\u00e7\u00e3o completa;<\/p>\n\n\n\n<p>Atividades &#8211; dar assist\u00eancia nas opera\u00e7\u00f5es di\u00e1rias das fun\u00e7\u00f5es e obriga\u00e7\u00f5es de rh; divulga\u00e7\u00e3o das vagas da entidade; condu\u00e7\u00e3o de processos de recrutamento e sele\u00e7\u00e3o.<\/p>\n\n\n\n<p>Dispon\u00edvel at\u00e9 15\/07\/2025 ou encerramento da vaga.<\/p>\n\n\n\n<p><strong>1 vaga &#8211; Triador de Res\u00edduos<\/strong><\/p>\n\n\n\n<p>Escolaridade &#8211; ensino fundamental completo;<\/p>\n\n\n\n<p>Experi\u00eancia &#8211; seis meses na Carteira de Trabalho;<\/p>\n\n\n\n<p>Requisitos Obrigat\u00f3rios &#8211; residir nos bairros: Armando Mendes, Zumbi, S\u00e3o Jos\u00e9, Cidade Nova, Coroado, Japiim, Petr\u00f3polis, Morro da Liberdade, Santa Luzia, Educandos, S\u00e3o L\u00e1zaro e ter documenta\u00e7\u00e3o completa (com dispensa militar);<\/p>\n\n\n\n<p>Atividades &#8211; receber o material coletado, auxiliando no descarregamento de caminh\u00e3o ou outro ve\u00edculo, acompanhar a pesagem do material recicl\u00e1vel e contar vasilhames, realizar a triagem do material recicl\u00e1vel &#8211; papel, papel\u00e3o, vidro, ferroso, n\u00e3o ferroso, pl\u00e1stico, entre outros &#8211; e n\u00e3o recicl\u00e1vel, nas esteiras de reciclagem.<\/p>\n\n\n\n<p>Dispon\u00edvel at\u00e9 15\/07\/2025 ou encerramento da vaga.<\/p>\n\n\n\n<p><strong>4 vagas &#8211; Auxiliar de Servi\u00e7os Gerais &#8211; Vagas exclusivas para Pessoa com Defici\u00eancia (PcD)<\/strong><\/p>\n\n\n\n<p>Escolaridade &#8211; ensino fundamental completo;<\/p>\n\n\n\n<p>Experi\u00eancia &#8211; n\u00e3o \u00e9 necess\u00e1rio;<\/p>\n\n\n\n<p>Requisitos Obrigat\u00f3rios &#8211; ter documenta\u00e7\u00e3o completa;<\/p>\n\n\n\n<p>Atividades &#8211; executar servi\u00e7os de limpeza; substituir, trocar, limpar, reparar e instalar pe\u00e7as, componentes e equipamentos; conservar vidros e fachadas, limpar recintos e acess\u00f3rios.<\/p>\n\n\n\n<p>Dispon\u00edvel at\u00e9 15\/07\/2025 ou encerramento da vaga.<\/p>\n\n\n\n<p><strong>1 vaga &#8211; Art\u00edfice<\/strong><\/p>\n\n\n\n<p>Escolaridade &#8211; ensino m\u00e9dio completo;<\/p>\n\n\n\n<p>Experi\u00eancia &#8211; seis meses na Carteira de Trabalho;<\/p>\n\n\n\n<p>Requisitos Obrigat\u00f3rios &#8211; ter curso de NR-35 e ter documenta\u00e7\u00e3o completa (com dispensa militar);<\/p>\n\n\n\n<p>Atividades &#8211; realizar manuten\u00e7\u00e3o, reparos e pequenas constru\u00e7\u00f5es em ambientes corporativos e tamb\u00e9m residenciais.<\/p>\n\n\n\n<p>Dispon\u00edvel at\u00e9 15\/07\/2025 ou encerramento da vaga.<\/p>\n\n\n\n<p><strong>Vagas no Com\u00e9rcio &#8211; 30<\/strong><\/p>\n\n\n\n<p><strong>2 vagas &#8211; Consultor de Vendas<\/strong><\/p>\n\n\n\n<p>Escolaridade &#8211; ensino m\u00e9dio completo;<\/p>\n\n\n\n<p>Experi\u00eancia &#8211; seis meses na Carteira de Trabalho;<\/p>\n\n\n\n<p>Requisitos Obrigat\u00f3rios &#8211; ter documenta\u00e7\u00e3o completa (com dispensa militar);<\/p>\n\n\n\n<p>Atividades &#8211; atuar na promo\u00e7\u00e3o e venda de produtos farmac\u00eauticos, cosm\u00e9ticos e outros itens dispon\u00edveis na farm\u00e1cia, al\u00e9m de oferecer orienta\u00e7\u00e3o aos clientes e auxiliar na gest\u00e3o do estoque e do ponto de venda.<\/p>\n\n\n\n<p>Dispon\u00edvel at\u00e9 15\/07\/2025 ou encerramento da vaga.<\/p>\n\n\n\n<p><strong>6 vagas &#8211; Promotor de Vendas<\/strong><\/p>\n\n\n\n<p>Escolaridade &#8211; ensino m\u00e9dio completo;<\/p>\n\n\n\n<p>Experi\u00eancia &#8211; seis meses na Carteira de Trabalho;<\/p>\n\n\n\n<p>Requisitos Obrigat\u00f3rios &#8211; ter ve\u00edculo pr\u00f3prio e ter documenta\u00e7\u00e3o completa (com dispensa militar);<\/p>\n\n\n\n<p>Atividades &#8211; apresentar a empresa, demonstrar produtos, esclarecer d\u00favidas e distribuir amostras gr\u00e1tis.<\/p>\n\n\n\n<p>Dispon\u00edvel at\u00e9 15\/07\/2025 ou encerramento da vaga.<\/p>\n\n\n\n<p><strong>2 vagas &#8211; Operador de Empilhadeira<\/strong><\/p>\n\n\n\n<p>Escolaridade &#8211; ensino m\u00e9dio completo;<\/p>\n\n\n\n<p>Experi\u00eancia &#8211; seis meses na Carteira de Trabalho;<\/p>\n\n\n\n<p>Requisitos Obrigat\u00f3rios &#8211; ter documenta\u00e7\u00e3o completa (com dispensa militar);<\/p>\n\n\n\n<p>Atividades &#8211; carregamento e descarregamento de mercadorias, organiza\u00e7\u00e3o de estoque, movimenta\u00e7\u00e3o de cargas dentro de um espa\u00e7o determinado, al\u00e9m de realizar inspe\u00e7\u00f5es de seguran\u00e7a nos equipamentos antes de cada uso.<\/p>\n\n\n\n<p>Dispon\u00edvel at\u00e9 15\/07\/2025 ou encerramento da vaga.<\/p>\n\n\n\n<p><strong>8 vagas &#8211; Fiel de Dep\u00f3sito<\/strong><\/p>\n\n\n\n<p>Escolaridade &#8211; ensino m\u00e9dio completo;<\/p>\n\n\n\n<p>Experi\u00eancia &#8211; seis meses na Carteira de Trabalho;<\/p>\n\n\n\n<p>Requisitos Obrigat\u00f3rios &#8211; ter documenta\u00e7\u00e3o completa (com dispensa militar);<\/p>\n\n\n\n<p>Atividades &#8211; receber, conferir e armazenar mercadorias, mantendo o controle do estoque por meio de registros e sistemas informatizados.<\/p>\n\n\n\n<p>Dispon\u00edvel at\u00e9 15\/07\/2025 ou encerramento da vaga.<\/p>\n\n\n\n<p><strong>6 vagas &#8211; Ajudante de Carga e Descarga de Mercadoria<\/strong><\/p>\n\n\n\n<p>Escolaridade &#8211; ensino m\u00e9dio completo;<\/p>\n\n\n\n<p>Experi\u00eancia &#8211; seis meses na Carteira de Trabalho;<\/p>\n\n\n\n<p>Requisitos Obrigat\u00f3rios &#8211; ter documenta\u00e7\u00e3o completa (com dispensa militar);<\/p>\n\n\n\n<p>Atividades &#8211; participar da equipe de entrega de mercadorias, trabalhar em ve\u00edculos apropriados.<\/p>\n\n\n\n<p>Dispon\u00edvel at\u00e9 15\/07\/2025 ou encerramento da vaga.<\/p>\n\n\n\n<p><strong>5 vagas &#8211; Motorista de Caminh\u00e3o<\/strong><\/p>\n\n\n\n<p>Escolaridade &#8211; ensino m\u00e9dio completo;<\/p>\n\n\n\n<p>Experi\u00eancia &#8211; registrada na Carteira de Trabalho;<\/p>\n\n\n\n<p>Requisitos Obrigat\u00f3rios &#8211; ter Carteira Nacional de Habilita\u00e7\u00e3o categoria \u201cD\u201d e ter documenta\u00e7\u00e3o completa (com dispensa militar);<\/p>\n\n\n\n<p>Atividades &#8211; trabalhar com seguran\u00e7a, definir rotas, transportar cargas.<\/p>\n\n\n\n<p>Dispon\u00edvel at\u00e9 15\/07\/2025 ou encerramento da vaga.<\/p>\n\n\n\n<p><strong>1 vaga &#8211; Repositor de Mercadorias<\/strong><\/p>\n\n\n\n<p>Escolaridade &#8211; ensino m\u00e9dio completo;<\/p>\n\n\n\n<p>Experi\u00eancia &#8211; seis meses na Carteira de Trabalho ou n\u00e3o \u00e9 necess\u00e1rio;<\/p>\n\n\n\n<p>Requisitos Obrigat\u00f3rios &#8211; ter documenta\u00e7\u00e3o completa (com dispensa militar);<\/p>\n\n\n\n<p>Atividades &#8211; organizar e abastecer as prateleiras de lojas, supermercados e armaz\u00e9ns, prestar atendimento ao cliente.<\/p>\n\n\n\n<p>Dispon\u00edvel at\u00e9 15\/07\/2025 ou encerramento da vaga.<\/p>\n\n\n\n<p><strong>Vagas na Ind\u00fastria &#8211; 100<\/strong><\/p>\n\n\n\n<p><strong>50 vagas &#8211; Auxiliar de Linha de Produ\u00e7\u00e3o<\/strong><\/p>\n\n\n\n<p>Escolaridade &#8211; ensino fundamental completo;<\/p>\n\n\n\n<p>Experi\u00eancia &#8211; n\u00e3o \u00e9 necess\u00e1rio;<\/p>\n\n\n\n<p>Requisitos Obrigat\u00f3rios &#8211; a vaga \u00e9 destinada para candidatos que est\u00e3o em busca de novos desafios; o candidato vai precisar morar em: V\u00e1rzea Grande (MT) e documenta\u00e7\u00e3o completa (com dispensa militar);<\/p>\n\n\n\n<p>Atividades &#8211; executar atividades operacionais em setores de apoio ou produ\u00e7\u00e3o de frios, visando garantir a manuten\u00e7\u00e3o, organiza\u00e7\u00e3o, limpeza ou opera\u00e7\u00e3o de atividades na unidade.<\/p>\n\n\n\n<p>Dispon\u00edvel at\u00e9 15\/07\/2025 ou encerramento da vaga.<\/p>\n\n\n\n<p><strong>25 vagas &#8211; Alimentador de Linha de Produ\u00e7\u00e3o<\/strong><\/p>\n\n\n\n<p>Escolaridade &#8211; ensino fundamental incompleto;<\/p>\n\n\n\n<p>Experi\u00eancia &#8211; n\u00e3o \u00e9 necess\u00e1rio;<\/p>\n\n\n\n<p>Requisitos Obrigat\u00f3rios &#8211; a vaga \u00e9 destinada para candidatos que est\u00e3o em busca de novos desafios; o candidato vai precisar morar em: Promiss\u00e3o &#8211; SP e ter documenta\u00e7\u00e3o completa (com dispensa militar);<\/p>\n\n\n\n<p>Atividades &#8211; auxiliar a ind\u00fastria de abate bovino.<\/p>\n\n\n\n<p>Dispon\u00edvel at\u00e9 15\/07\/2025 ou encerramento da vaga.<br><br><strong>25 vagas &#8211; Auxiliar Operacional &#8211; Setor Industrial<br><\/strong>Escolaridade &#8211; ensino fundamental incompleto;<br>Experi\u00eancia &#8211; n\u00e3o \u00e9 necess\u00e1rio;<br>Requisitos Obrigat\u00f3rios &#8211; a vaga \u00e9 destinada para candidatos que est\u00e3o em busca de novos desafios; o candidato vai precisar morar em: Chupinguaia &#8211; RO e ter documenta\u00e7\u00e3o completa;<br>Atividades &#8211; pesagem e balan\u00e7a de pe\u00e7as de carne; transporte de pe\u00e7as de carne para a log\u00edstica; lavagem de pe\u00e7as de carne; aux\u00edlio na linha de produ\u00e7\u00e3o no processo de desossa e cortes de carne.<br>Dispon\u00edvel at\u00e9 15\/07\/2025 ou encerramento da vaga.<\/p>\n\n\n\n<p><strong>Vagas em Servi\u00e7os &#8211;<a><\/a> 67<\/strong><\/p>\n\n\n\n<p><strong>1 vaga &#8211; Servi\u00e7os Gerais<\/strong><\/p>\n\n\n\n<p>Escolaridade &#8211; ensino m\u00e9dio completo;<\/p>\n\n\n\n<p>Experi\u00eancia &#8211; seis meses na Carteira de Trabalho;<\/p>\n\n\n\n<p>Requisitos Obrigat\u00f3rios &#8211; ter curso de NR 33, NR 35 e documenta\u00e7\u00e3o completa (com dispensa militar);<\/p>\n\n\n\n<p>Atividades &#8211; executar servi\u00e7os de reparos limpeza em locais especiais, hidr\u00e1ulicos; descarregamento de materiais para descarte; atividades de ro\u00e7agem e podagem; manter o ambiente de trabalho limpo e organizado, aplicar e monitorar os conceitos do programa 6s; primar pela seguran\u00e7a e garantir a utiliza\u00e7\u00e3o dos EPIs; zelar pelos equipamentos e materiais cedidos pela empresa; realizar atividades correlatas em geral.<\/p>\n\n\n\n<p>Dispon\u00edvel at\u00e9 15\/07\/2025 ou encerramento da vaga.<\/p>\n\n\n\n<p><strong>2 vagas &#8211; Eletricista de Embarca\u00e7\u00f5es<\/strong><\/p>\n\n\n\n<p>Escolaridade &#8211; ensino m\u00e9dio completo;<\/p>\n\n\n\n<p>Experi\u00eancia &#8211; seis meses na Carteira de Trabalho;<\/p>\n\n\n\n<p>Requisitos Obrigat\u00f3rios &#8211; ter documenta\u00e7\u00e3o completa (com dispensa militar);<\/p>\n\n\n\n<p>Atividades &#8211; atuar na instala\u00e7\u00e3o e manuten\u00e7\u00e3o de embarca\u00e7\u00f5es, conectando cabos aos equipamentos e acess\u00f3rios e testando o funcionamento de m\u00e1quinas, equipamentos e sistemas para opera\u00e7\u00e3o; realizar manuten\u00e7\u00f5es preventiva, preditiva e corretiva, inspecionando visualmente m\u00e1quinas e equipamentos, diagnosticando defeitos eletroeletr\u00f4nicos, desmontando, reparando, lubrificando, substituindo e montando componentes, ajustando componentes e pe\u00e7as e simulando o funcionamento de componentes e equipamentos; cumprir normas de seguran\u00e7a, meio ambiente e sa\u00fade e realizar com qualidade as instala\u00e7\u00f5es eletroeletr\u00f4nicas.<\/p>\n\n\n\n<p>Dispon\u00edvel at\u00e9 15\/07\/2025 ou encerramento da vaga.<\/p>\n\n\n\n<p><strong>2 vagas &#8211; Mec\u00e2nico Naval<\/strong><\/p>\n\n\n\n<p>Escolaridade &#8211; ensino m\u00e9dio completo;<\/p>\n\n\n\n<p>Experi\u00eancia &#8211; seis meses na Carteira de Trabalho;<\/p>\n\n\n\n<p>Requisitos Obrigat\u00f3rios &#8211; ter documenta\u00e7\u00e3o completa (com dispensa militar);<\/p>\n\n\n\n<p>Atividades &#8211; realizar a manuten\u00e7\u00e3o de motores e equipamentos mec\u00e2nicos navais; recuperam componentes de motores e de equipamentos navais; testar motores e equipamentos, registrando ocorr\u00eancias t\u00e9cnicas e operacionais.<\/p>\n\n\n\n<p>Dispon\u00edvel at\u00e9 15\/07\/2025 ou encerramento da vaga.<\/p>\n\n\n\n<p><strong>2 vagas &#8211; Soldador<\/strong><\/p>\n\n\n\n<p>Escolaridade &#8211; ensino m\u00e9dio completo;<\/p>\n\n\n\n<p>Experi\u00eancia &#8211; seis meses na Carteira de Trabalho;<\/p>\n\n\n\n<p>Requisitos Obrigat\u00f3rios &#8211; ter documenta\u00e7\u00e3o completa (com dispensa militar);<\/p>\n\n\n\n<p>Atividades &#8211; unir e cortar pe\u00e7as de ligas met\u00e1licas usando processos de soldagem e corte tais como eletrodo revestido, tig, mig, mag, oxig\u00e1s, arco submerso, brasagem, plasma; preparar equipamentos, acess\u00f3rios, consum\u00edveis de soldagem e corte e pe\u00e7as a serem soldadas; aplicar estritas normas de seguran\u00e7a, organiza\u00e7\u00e3o do local de trabalho e meio ambiente.<\/p>\n\n\n\n<p>Dispon\u00edvel at\u00e9 15\/07\/2025 ou encerramento da vaga.<\/p>\n\n\n\n<p><strong>6 vagas &#8211; Vigia Portu\u00e1rio<\/strong><\/p>\n\n\n\n<p>Escolaridade &#8211; ensino m\u00e9dio completo;<\/p>\n\n\n\n<p>Experi\u00eancia &#8211; seis meses na Carteira de Trabalho;<\/p>\n\n\n\n<p>Requisitos Obrigat\u00f3rios &#8211; ter documenta\u00e7\u00e3o completa (com dispensa militar);<\/p>\n\n\n\n<p>Atividades &#8211; exercer vigil\u00e2ncia de forma ativa, desarmada em depend\u00eancias e \u00e1reas p\u00fablicas e privadas com a finalidade de prevenir, controlar e combater delitos como porte il\u00edcito de armas e muni\u00e7\u00f5es e outras irregularidades; zelar pela seguran\u00e7a das pessoas, do patrim\u00f4nio e pelo cumprimento das Leis e regulamentos; recepcionar e controlar a movimenta\u00e7\u00e3o de pessoas em \u00e1reas de acesso livre e restrito; fiscalizar pessoas, cargas e patrim\u00f4nio; fazer o monitoramento de c\u00e2meras e sistemas de alarme, realizar rondas, revistas pessoais e em ve\u00edculos.<\/p>\n\n\n\n<p>Dispon\u00edvel at\u00e9 15\/07\/2025 ou encerramento da vaga.<\/p>\n\n\n\n<p><strong>3 vagas &#8211; Empregado Dom\u00e9stico nos Servi\u00e7os Gerais<\/strong><\/p>\n\n\n\n<p>Escolaridade &#8211; ensino m\u00e9dio completo;<\/p>\n\n\n\n<p>Experi\u00eancia &#8211; seis meses na Carteira de Trabalho;<\/p>\n\n\n\n<p>Requisitos Obrigat\u00f3rios &#8211; ter documenta\u00e7\u00e3o completa (com dispensa militar);<\/p>\n\n\n\n<p>Atividades &#8211; fazer arruma\u00e7\u00e3o ou faxina e podem cuidar de plantas do ambiente interno e de animais dom\u00e9sticos.<\/p>\n\n\n\n<p>Dispon\u00edvel at\u00e9 15\/07\/2025 ou encerramento da vaga.<\/p>\n\n\n\n<p><strong>15 vagas &#8211; Auxiliar de Limpeza<\/strong><\/p>\n\n\n\n<p>Escolaridade &#8211; ensino fundamental completo;<\/p>\n\n\n\n<p>Experi\u00eancia &#8211; seis meses na Carteira de Trabalho;<\/p>\n\n\n\n<p>Requisitos Obrigat\u00f3rios &#8211; ter disponibilidade de hor\u00e1rio e ter documenta\u00e7\u00e3o completa (com dispensa militar);<\/p>\n\n\n\n<p>Atividades &#8211; manter a higiene e organiza\u00e7\u00e3o de ambientes, tanto internos quanto externos, atrav\u00e9s da limpeza, conserva\u00e7\u00e3o e desinfec\u00e7\u00e3o de superf\u00edcies e objetos; varrer, aspirar, lavar, remover o lixo, reabastecer materiais de higiene e garantir a ordem geral dos espa\u00e7os.<\/p>\n\n\n\n<p>Dispon\u00edvel at\u00e9 15\/07\/2025 ou encerramento da vaga.<\/p>\n\n\n\n<p><strong>15 vagas &#8211; Auxiliar de Cozinha<\/strong><\/p>\n\n\n\n<p>Escolaridade &#8211; ensino fundamental completo;<\/p>\n\n\n\n<p>Experi\u00eancia &#8211; seis meses na Carteira de Trabalho;<\/p>\n\n\n\n<p>Requisitos Obrigat\u00f3rios &#8211; ter disponibilidade de hor\u00e1rio e ter documenta\u00e7\u00e3o completa;<\/p>\n\n\n\n<p>Atividades &#8211; higieniza\u00e7\u00e3o, pr\u00e9-preparo de alimentos, organiza\u00e7\u00e3o da despensa, limpeza da cozinha e equipamentos, e aux\u00edlio na montagem de pratos.<\/p>\n\n\n\n<p>Dispon\u00edvel at\u00e9 15\/07\/2025 ou encerramento da vaga.<\/p>\n\n\n\n<p><strong>2 vagas &#8211; Pintor<\/strong><\/p>\n\n\n\n<p>Escolaridade &#8211; ensino fundamental completo;<\/p>\n\n\n\n<p>Experi\u00eancia &#8211; seis meses na Carteira de Trabalho;<\/p>\n\n\n\n<p>Requisitos Obrigat\u00f3rios &#8211; ter documenta\u00e7\u00e3o completa;<\/p>\n\n\n\n<p>Atividades &#8211; preparar superf\u00edcies para pintura, realizando limpeza, lixamento, raspagem e aplica\u00e7\u00e3o de massa corrida ou selador.<\/p>\n\n\n\n<p>Dispon\u00edvel at\u00e9 15\/07\/2025 ou encerramento da vaga.<\/p>\n\n\n\n<p><strong>1 vaga &#8211; Azulejista<\/strong><\/p>\n\n\n\n<p>Escolaridade &#8211; ensino fundamental completo;<\/p>\n\n\n\n<p>Experi\u00eancia &#8211; seis meses na Carteira de Trabalho;<\/p>\n\n\n\n<p>Requisitos Obrigat\u00f3rios &#8211; ter conhecimento em assentamento de pisos, azulejos, porcelanatos, cer\u00e2micas, revestimentos em geral e ter documenta\u00e7\u00e3o completa;<\/p>\n\n\n\n<p>Atividades &#8211; reparar superf\u00edcies para aplica\u00e7\u00e3o de revestimentos cer\u00e2micos e porcelanatos.<\/p>\n\n\n\n<p>Dispon\u00edvel at\u00e9 15\/07\/2025 ou encerramento da vaga.<\/p>\n\n\n\n<p><strong>2 vagas &#8211; Encanador<\/strong><\/p>\n\n\n\n<p>Escolaridade &#8211; ensino fundamental completo;<\/p>\n\n\n\n<p>Experi\u00eancia &#8211; seis meses na Carteira de Trabalho;<\/p>\n\n\n\n<p>Requisitos Obrigat\u00f3rios &#8211; ter conhecimento em instala\u00e7\u00e3o, manuten\u00e7\u00e3o e reparo de sistemas hidr\u00e1ulicos residenciais e\/ou comerciais, e ter documenta\u00e7\u00e3o completa;<\/p>\n\n\n\n<p>Atividades &#8211; instalar, consertar e manter sistemas hidr\u00e1ulicos residenciais, comerciais ou industriais, montar e reparar tubula\u00e7\u00f5es de PVC, cobre, ferro e outros materiais.<\/p>\n\n\n\n<p>Dispon\u00edvel at\u00e9 15\/07\/2025 ou encerramento da vaga.<\/p>\n\n\n\n<p><strong>2 vagas &#8211; Operador de Retroescavadeira<\/strong><\/p>\n\n\n\n<p>Escolaridade &#8211; ensino fundamental completo;<\/p>\n\n\n\n<p>Experi\u00eancia &#8211; seis meses na Carteira de Trabalho;<\/p>\n\n\n\n<p>Requisitos Obrigat\u00f3rios &#8211; ter Carteira Nacional de Habilita\u00e7\u00e3o categoria \u201cC\u201d, curso de Operador de Retroescavadeira e ter documenta\u00e7\u00e3o completa;<\/p>\n\n\n\n<p>Atividades &#8211; preparar o terreno para execu\u00e7\u00e3o de funda\u00e7\u00f5es, valas e tubula\u00e7\u00f5es conforme orienta\u00e7\u00e3o t\u00e9cnica; operar retroescavadeira para escava\u00e7\u00f5es, aterros, carregamento de caminh\u00f5es e movimenta\u00e7\u00e3o de materiais em obras.<\/p>\n\n\n\n<p>Dispon\u00edvel at\u00e9 15\/07\/2025 ou encerramento da vaga.<\/p>\n\n\n\n<p><strong>2 vagas &#8211; Operador de Rolo<\/strong><\/p>\n\n\n\n<p>Escolaridade &#8211; ensino fundamental completo;<\/p>\n\n\n\n<p>Experi\u00eancia &#8211; seis meses na Carteira de Trabalho;<\/p>\n\n\n\n<p>Requisitos Obrigat\u00f3rios &#8211; ter Carteira Nacional de Habilita\u00e7\u00e3o categoria \u201cC\u201d, curso de Operador de Rolo Compactador, NR 11 e ter documenta\u00e7\u00e3o completa;<\/p>\n\n\n\n<p>Atividades &#8211; operar rolo compactador em obras de terraplenagem, pavimenta\u00e7\u00e3o, asfaltamento ou compacta\u00e7\u00e3o de subleito.<\/p>\n\n\n\n<p>Dispon\u00edvel at\u00e9 15\/07\/2025 ou encerramento da vaga.<\/p>\n\n\n\n<p><strong>2 vagas &#8211; Motorista de Ca\u00e7amba<\/strong><\/p>\n\n\n\n<p>Escolaridade &#8211; ensino fundamental completo;<\/p>\n\n\n\n<p>Experi\u00eancia &#8211; seis meses na Carteira de Trabalho;<\/p>\n\n\n\n<p>Requisitos Obrigat\u00f3rios &#8211; ter Carteira Nacional de Habilita\u00e7\u00e3o categoria \u201cD\u201d ou \u201cE\u201d, curso de Transporte de Cargas, MOPP e ter documenta\u00e7\u00e3o completa;<\/p>\n\n\n\n<p>Atividades &#8211; conduzir caminh\u00e3o ca\u00e7amba para transporte de terra, entulho, brita, areia e demais materiais de obra; realizar o basculamento em locais definidos, seguindo orienta\u00e7\u00f5es da equipe de campo ou encarregado.<\/p>\n\n\n\n<p>Dispon\u00edvel at\u00e9 15\/07\/2025 ou encerramento da vaga.<\/p>\n\n\n\n<p><strong>4 vagas &#8211; Pintor<\/strong><\/p>\n\n\n\n<p>Escolaridade &#8211; ensino fundamental completo;<\/p>\n\n\n\n<p>Experi\u00eancia &#8211; seis meses na Carteira de Trabalho;<\/p>\n\n\n\n<p>Requisitos Obrigat\u00f3rios &#8211; ter documenta\u00e7\u00e3o completa (com dispensa militar);<\/p>\n\n\n\n<p>Atividades &#8211; preparar e aplicar tintas, vernizes e outros revestimentos em superf\u00edcies, tanto em \u00e1reas internas quanto externas de edif\u00edcios e outras obras civis.<\/p>\n\n\n\n<p>Dispon\u00edvel at\u00e9 15\/07\/2025 ou encerramento da vaga.<\/p>\n\n\n\n<p><strong>3 vagas &#8211; Bombeiro Hidr\u00e1ulico<\/strong><\/p>\n\n\n\n<p>Escolaridade &#8211; ensino fundamental completo;<\/p>\n\n\n\n<p>Experi\u00eancia &#8211; seis meses na Carteira de Trabalho;<\/p>\n\n\n\n<p>Requisitos Obrigat\u00f3rios &#8211; ter documenta\u00e7\u00e3o completa (com dispensa militar);<\/p>\n\n\n\n<p>Atividades &#8211; instala\u00e7\u00e3o, manuten\u00e7\u00e3o e reparo de sistemas de \u00e1gua, esgoto e g\u00e1s em edif\u00edcios.<\/p>\n\n\n\n<p>Dispon\u00edvel at\u00e9 15\/07\/2025 ou encerramento da vaga.<\/p>\n\n\n\n<p><strong>3 vagas &#8211; Auxiliar de Mec\u00e2nico de Refrigera\u00e7\u00e3o<\/strong><\/p>\n\n\n\n<p>Escolaridade &#8211; ensino m\u00e9dio completo;<\/p>\n\n\n\n<p>Experi\u00eancia &#8211; seis meses na Carteira de Trabalho;<\/p>\n\n\n\n<p>Requisitos Obrigat\u00f3rios &#8211; ter curso de NR 10, NR 35, NR 35, Carteira Nacional de Habilita\u00e7\u00e3o categoria \u201cB\u201d e ter documenta\u00e7\u00e3o completa (com dispensa militar);<\/p>\n\n\n\n<p>Atividades &#8211; auxiliar na instala\u00e7\u00e3o, manuten\u00e7\u00e3o preventiva e corretiva, al\u00e9m do preparo de materiais e ferramentas.<\/p>\n\n\n\n<p>Dispon\u00edvel at\u00e9 15\/07\/2025 ou encerramento da vaga.<\/p>\n\n\n\n<p>&#8212; &#8212; &#8212;<\/p>\n\n\n\n<p><strong>Texto &#8211;&nbsp;<\/strong>Divulga\u00e7\u00e3o\/Semtepi<\/p>\n\n\n\n<p><strong>Fotos &#8211;&nbsp;<\/strong>Arquivo\/Semcom<\/p>\n\n\n\n<p><strong>Dispon\u00edveis em &#8211;&nbsp;<\/strong><a href=\"https:\/\/flic.kr\/s\/aHBqjCetWK\">https:\/\/flic.kr\/s\/aHBqjCetWK<\/a><\/p>\n","protected":false},"excerpt":{"rendered":"","protected":false},"author":39,"featured_media":6476,"comment_status":"closed","ping_status":"closed","sticky":false,"template":"","format":"standard","meta":{"footnotes":""},"categories":[5],"tags":[1445,1446,7,8,9,10],"acf":[],"yoast_head":"<!-- This site is optimized with the Yoast SEO plugin v23.0 - https:\/\/yoast.com\/wordpress\/plugins\/seo\/ -->\n<title>Sine Manaus oferta 279 vagas de emprego nesta ter\u00e7a-feira, 15\/7<\/title>\n<meta name=\"description\" content=\"Prefeitura de Manaus, por meio do Sine Manaus, oferta 279 vagas de emprego em v\u00e1rias \u00e1reas de atua\u00e7\u00e3o, nesta ter\u00e7a-feira, 15\/7.\" \/>\n<meta name=\"robots\" content=\"noindex, follow\" \/>\n<meta property=\"og:locale\" content=\"pt_BR\" \/>\n<meta property=\"og:type\" content=\"article\" \/>\n<meta property=\"og:title\" content=\"Sine Manaus oferta 279 vagas de emprego nesta ter\u00e7a-feira, 15\/7\" \/>\n<meta property=\"og:description\" content=\"Prefeitura de Manaus, por meio do Sine Manaus, oferta 279 vagas de emprego em v\u00e1rias \u00e1reas de atua\u00e7\u00e3o, nesta ter\u00e7a-feira, 15\/7.\" \/>\n<meta property=\"og:url\" content=\"https:\/\/www.manaus.am.gov.br\/semtepi\/oportunidade\/sine-manaus-279-vagas-emprego-15-7\/\" \/>\n<meta property=\"og:site_name\" content=\"SEMTEPI\" \/>\n<meta property=\"article:published_time\" content=\"2025-07-14T18:17:37+00:00\" \/>\n<meta property=\"article:modified_time\" content=\"2025-07-14T18:17:38+00:00\" \/>\n<meta property=\"og:image\" content=\"https:\/\/www.manaus.am.gov.br\/semtepi\/wp-content\/uploads\/sites\/20\/2025\/06\/54523732971_ebe1c856b7_c.jpg\" \/>\n\t<meta property=\"og:image:width\" content=\"799\" \/>\n\t<meta property=\"og:image:height\" content=\"533\" \/>\n\t<meta property=\"og:image:type\" content=\"image\/jpeg\" \/>\n<meta name=\"author\" content=\"Bruna Greco\" \/>\n<meta name=\"twitter:card\" content=\"summary_large_image\" \/>\n<meta name=\"twitter:label1\" content=\"Written by\" \/>\n\t<meta name=\"twitter:data1\" content=\"Bruna Greco\" \/>\n\t<meta name=\"twitter:label2\" content=\"Est. reading time\" \/>\n\t<meta name=\"twitter:data2\" content=\"18 minutos\" \/>\n<script type=\"application\/ld+json\" class=\"yoast-schema-graph\">{\"@context\":\"https:\/\/schema.org\",\"@graph\":[{\"@type\":\"Article\",\"@id\":\"https:\/\/www.manaus.am.gov.br\/semtepi\/oportunidade\/sine-manaus-279-vagas-emprego-15-7\/#article\",\"isPartOf\":{\"@id\":\"https:\/\/www.manaus.am.gov.br\/semtepi\/oportunidade\/sine-manaus-279-vagas-emprego-15-7\/\"},\"author\":{\"name\":\"Bruna Greco\",\"@id\":\"https:\/\/www.manaus.am.gov.br\/semtepi\/#\/schema\/person\/05d223aea2bf115f9883a6ff3683d81b\"},\"headline\":\"Sine Manaus oferta 279 vagas de emprego nesta ter\u00e7a-feira, 15\/7\",\"datePublished\":\"2025-07-14T18:17:37+00:00\",\"dateModified\":\"2025-07-14T18:17:38+00:00\",\"mainEntityOfPage\":{\"@id\":\"https:\/\/www.manaus.am.gov.br\/semtepi\/oportunidade\/sine-manaus-279-vagas-emprego-15-7\/\"},\"wordCount\":3779,\"publisher\":{\"@id\":\"https:\/\/www.manaus.am.gov.br\/semtepi\/#organization\"},\"image\":{\"@id\":\"https:\/\/www.manaus.am.gov.br\/semtepi\/oportunidade\/sine-manaus-279-vagas-emprego-15-7\/#primaryimage\"},\"thumbnailUrl\":\"https:\/\/www.manaus.am.gov.br\/semtepi\/wp-content\/uploads\/sites\/20\/2025\/06\/54523732971_ebe1c856b7_c.jpg\",\"keywords\":[\"15\/7\",\"279 vagas de emprego\",\"oportunidade\",\"prefeitura de manaus\",\"Semtepi\",\"sine manaus\"],\"articleSection\":[\"Oportunidade\"],\"inLanguage\":\"pt-BR\"},{\"@type\":\"WebPage\",\"@id\":\"https:\/\/www.manaus.am.gov.br\/semtepi\/oportunidade\/sine-manaus-279-vagas-emprego-15-7\/\",\"url\":\"https:\/\/www.manaus.am.gov.br\/semtepi\/oportunidade\/sine-manaus-279-vagas-emprego-15-7\/\",\"name\":\"Sine Manaus oferta 279 vagas de emprego nesta ter\u00e7a-feira, 15\/7\",\"isPartOf\":{\"@id\":\"https:\/\/www.manaus.am.gov.br\/semtepi\/#website\"},\"primaryImageOfPage\":{\"@id\":\"https:\/\/www.manaus.am.gov.br\/semtepi\/oportunidade\/sine-manaus-279-vagas-emprego-15-7\/#primaryimage\"},\"image\":{\"@id\":\"https:\/\/www.manaus.am.gov.br\/semtepi\/oportunidade\/sine-manaus-279-vagas-emprego-15-7\/#primaryimage\"},\"thumbnailUrl\":\"https:\/\/www.manaus.am.gov.br\/semtepi\/wp-content\/uploads\/sites\/20\/2025\/06\/54523732971_ebe1c856b7_c.jpg\",\"datePublished\":\"2025-07-14T18:17:37+00:00\",\"dateModified\":\"2025-07-14T18:17:38+00:00\",\"description\":\"Prefeitura de Manaus, por meio do Sine Manaus, oferta 279 vagas de emprego em v\u00e1rias \u00e1reas de atua\u00e7\u00e3o, nesta ter\u00e7a-feira, 15\/7.\",\"breadcrumb\":{\"@id\":\"https:\/\/www.manaus.am.gov.br\/semtepi\/oportunidade\/sine-manaus-279-vagas-emprego-15-7\/#breadcrumb\"},\"inLanguage\":\"pt-BR\",\"potentialAction\":[{\"@type\":\"ReadAction\",\"target\":[\"https:\/\/www.manaus.am.gov.br\/semtepi\/oportunidade\/sine-manaus-279-vagas-emprego-15-7\/\"]}]},{\"@type\":\"ImageObject\",\"inLanguage\":\"pt-BR\",\"@id\":\"https:\/\/www.manaus.am.gov.br\/semtepi\/oportunidade\/sine-manaus-279-vagas-emprego-15-7\/#primaryimage\",\"url\":\"https:\/\/www.manaus.am.gov.br\/semtepi\/wp-content\/uploads\/sites\/20\/2025\/06\/54523732971_ebe1c856b7_c.jpg\",\"contentUrl\":\"https:\/\/www.manaus.am.gov.br\/semtepi\/wp-content\/uploads\/sites\/20\/2025\/06\/54523732971_ebe1c856b7_c.jpg\",\"width\":799,\"height\":533},{\"@type\":\"BreadcrumbList\",\"@id\":\"https:\/\/www.manaus.am.gov.br\/semtepi\/oportunidade\/sine-manaus-279-vagas-emprego-15-7\/#breadcrumb\",\"itemListElement\":[{\"@type\":\"ListItem\",\"position\":1,\"name\":\"Home\",\"item\":\"https:\/\/www.manaus.am.gov.br\/semtepi\/\"},{\"@type\":\"ListItem\",\"position\":2,\"name\":\"Sine Manaus oferta 279 vagas de emprego nesta ter\u00e7a-feira, 15\/7\"}]},{\"@type\":\"WebSite\",\"@id\":\"https:\/\/www.manaus.am.gov.br\/semtepi\/#website\",\"url\":\"https:\/\/www.manaus.am.gov.br\/semtepi\/\",\"name\":\"SEMTEPI\",\"description\":\"Prefeitura de Manaus\",\"publisher\":{\"@id\":\"https:\/\/www.manaus.am.gov.br\/semtepi\/#organization\"},\"alternateName\":\"Secretaria Municipal do Trabalho, Empreendedorismo e Inova\u00e7\u00e3o\",\"potentialAction\":[{\"@type\":\"SearchAction\",\"target\":{\"@type\":\"EntryPoint\",\"urlTemplate\":\"https:\/\/www.manaus.am.gov.br\/semtepi\/?s={search_term_string}\"},\"query-input\":\"required name=search_term_string\"}],\"inLanguage\":\"pt-BR\"},{\"@type\":\"Organization\",\"@id\":\"https:\/\/www.manaus.am.gov.br\/semtepi\/#organization\",\"name\":\"Prefeitura Municipal de Manaus\",\"alternateName\":\"Prefeitura de Manaus\",\"url\":\"https:\/\/www.manaus.am.gov.br\/semtepi\/\",\"logo\":{\"@type\":\"ImageObject\",\"inLanguage\":\"pt-BR\",\"@id\":\"https:\/\/www.manaus.am.gov.br\/semtepi\/#\/schema\/logo\/image\/\",\"url\":\"https:\/\/www.manaus.am.gov.br\/semtepi\/wp-content\/uploads\/sites\/20\/2024\/07\/favicon.png\",\"contentUrl\":\"https:\/\/www.manaus.am.gov.br\/semtepi\/wp-content\/uploads\/sites\/20\/2024\/07\/favicon.png\",\"width\":300,\"height\":300,\"caption\":\"Prefeitura Municipal de Manaus\"},\"image\":{\"@id\":\"https:\/\/www.manaus.am.gov.br\/semtepi\/#\/schema\/logo\/image\/\"}},{\"@type\":\"Person\",\"@id\":\"https:\/\/www.manaus.am.gov.br\/semtepi\/#\/schema\/person\/05d223aea2bf115f9883a6ff3683d81b\",\"name\":\"Bruna Greco\",\"image\":{\"@type\":\"ImageObject\",\"inLanguage\":\"pt-BR\",\"@id\":\"https:\/\/www.manaus.am.gov.br\/semtepi\/#\/schema\/person\/image\/\",\"url\":\"https:\/\/secure.gravatar.com\/avatar\/9c877d1a6adc2a055330e5c09a8653ce?s=96&d=mm&r=g\",\"contentUrl\":\"https:\/\/secure.gravatar.com\/avatar\/9c877d1a6adc2a055330e5c09a8653ce?s=96&d=mm&r=g\",\"caption\":\"Bruna Greco\"}}]}<\/script>\n<!-- \/ Yoast SEO plugin. -->","yoast_head_json":{"title":"Sine Manaus oferta 279 vagas de emprego nesta ter\u00e7a-feira, 15\/7","description":"Prefeitura de Manaus, por meio do Sine Manaus, oferta 279 vagas de emprego em v\u00e1rias \u00e1reas de atua\u00e7\u00e3o, nesta ter\u00e7a-feira, 15\/7.","robots":{"index":"noindex","follow":"follow"},"og_locale":"pt_BR","og_type":"article","og_title":"Sine Manaus oferta 279 vagas de emprego nesta ter\u00e7a-feira, 15\/7","og_description":"Prefeitura de Manaus, por meio do Sine Manaus, oferta 279 vagas de emprego em v\u00e1rias \u00e1reas de atua\u00e7\u00e3o, nesta ter\u00e7a-feira, 15\/7.","og_url":"https:\/\/www.manaus.am.gov.br\/semtepi\/oportunidade\/sine-manaus-279-vagas-emprego-15-7\/","og_site_name":"SEMTEPI","article_published_time":"2025-07-14T18:17:37+00:00","article_modified_time":"2025-07-14T18:17:38+00:00","og_image":[{"width":799,"height":533,"url":"https:\/\/www.manaus.am.gov.br\/semtepi\/wp-content\/uploads\/sites\/20\/2025\/06\/54523732971_ebe1c856b7_c.jpg","type":"image\/jpeg"}],"author":"Bruna Greco","twitter_card":"summary_large_image","twitter_misc":{"Written by":"Bruna Greco","Est. reading time":"18 minutos"},"schema":{"@context":"https:\/\/schema.org","@graph":[{"@type":"Article","@id":"https:\/\/www.manaus.am.gov.br\/semtepi\/oportunidade\/sine-manaus-279-vagas-emprego-15-7\/#article","isPartOf":{"@id":"https:\/\/www.manaus.am.gov.br\/semtepi\/oportunidade\/sine-manaus-279-vagas-emprego-15-7\/"},"author":{"name":"Bruna Greco","@id":"https:\/\/www.manaus.am.gov.br\/semtepi\/#\/schema\/person\/05d223aea2bf115f9883a6ff3683d81b"},"headline":"Sine Manaus oferta 279 vagas de emprego nesta ter\u00e7a-feira, 15\/7","datePublished":"2025-07-14T18:17:37+00:00","dateModified":"2025-07-14T18:17:38+00:00","mainEntityOfPage":{"@id":"https:\/\/www.manaus.am.gov.br\/semtepi\/oportunidade\/sine-manaus-279-vagas-emprego-15-7\/"},"wordCount":3779,"publisher":{"@id":"https:\/\/www.manaus.am.gov.br\/semtepi\/#organization"},"image":{"@id":"https:\/\/www.manaus.am.gov.br\/semtepi\/oportunidade\/sine-manaus-279-vagas-emprego-15-7\/#primaryimage"},"thumbnailUrl":"https:\/\/www.manaus.am.gov.br\/semtepi\/wp-content\/uploads\/sites\/20\/2025\/06\/54523732971_ebe1c856b7_c.jpg","keywords":["15\/7","279 vagas de emprego","oportunidade","prefeitura de manaus","Semtepi","sine manaus"],"articleSection":["Oportunidade"],"inLanguage":"pt-BR"},{"@type":"WebPage","@id":"https:\/\/www.manaus.am.gov.br\/semtepi\/oportunidade\/sine-manaus-279-vagas-emprego-15-7\/","url":"https:\/\/www.manaus.am.gov.br\/semtepi\/oportunidade\/sine-manaus-279-vagas-emprego-15-7\/","name":"Sine Manaus oferta 279 vagas de emprego nesta ter\u00e7a-feira, 15\/7","isPartOf":{"@id":"https:\/\/www.manaus.am.gov.br\/semtepi\/#website"},"primaryImageOfPage":{"@id":"https:\/\/www.manaus.am.gov.br\/semtepi\/oportunidade\/sine-manaus-279-vagas-emprego-15-7\/#primaryimage"},"image":{"@id":"https:\/\/www.manaus.am.gov.br\/semtepi\/oportunidade\/sine-manaus-279-vagas-emprego-15-7\/#primaryimage"},"thumbnailUrl":"https:\/\/www.manaus.am.gov.br\/semtepi\/wp-content\/uploads\/sites\/20\/2025\/06\/54523732971_ebe1c856b7_c.jpg","datePublished":"2025-07-14T18:17:37+00:00","dateModified":"2025-07-14T18:17:38+00:00","description":"Prefeitura de Manaus, por meio do Sine Manaus, oferta 279 vagas de emprego em v\u00e1rias \u00e1reas de atua\u00e7\u00e3o, nesta ter\u00e7a-feira, 15\/7.","breadcrumb":{"@id":"https:\/\/www.manaus.am.gov.br\/semtepi\/oportunidade\/sine-manaus-279-vagas-emprego-15-7\/#breadcrumb"},"inLanguage":"pt-BR","potentialAction":[{"@type":"ReadAction","target":["https:\/\/www.manaus.am.gov.br\/semtepi\/oportunidade\/sine-manaus-279-vagas-emprego-15-7\/"]}]},{"@type":"ImageObject","inLanguage":"pt-BR","@id":"https:\/\/www.manaus.am.gov.br\/semtepi\/oportunidade\/sine-manaus-279-vagas-emprego-15-7\/#primaryimage","url":"https:\/\/www.manaus.am.gov.br\/semtepi\/wp-content\/uploads\/sites\/20\/2025\/06\/54523732971_ebe1c856b7_c.jpg","contentUrl":"https:\/\/www.manaus.am.gov.br\/semtepi\/wp-content\/uploads\/sites\/20\/2025\/06\/54523732971_ebe1c856b7_c.jpg","width":799,"height":533},{"@type":"BreadcrumbList","@id":"https:\/\/www.manaus.am.gov.br\/semtepi\/oportunidade\/sine-manaus-279-vagas-emprego-15-7\/#breadcrumb","itemListElement":[{"@type":"ListItem","position":1,"name":"Home","item":"https:\/\/www.manaus.am.gov.br\/semtepi\/"},{"@type":"ListItem","position":2,"name":"Sine Manaus oferta 279 vagas de emprego nesta ter\u00e7a-feira, 15\/7"}]},{"@type":"WebSite","@id":"https:\/\/www.manaus.am.gov.br\/semtepi\/#website","url":"https:\/\/www.manaus.am.gov.br\/semtepi\/","name":"SEMTEPI","description":"Prefeitura de Manaus","publisher":{"@id":"https:\/\/www.manaus.am.gov.br\/semtepi\/#organization"},"alternateName":"Secretaria Municipal do Trabalho, Empreendedorismo e Inova\u00e7\u00e3o","potentialAction":[{"@type":"SearchAction","target":{"@type":"EntryPoint","urlTemplate":"https:\/\/www.manaus.am.gov.br\/semtepi\/?s={search_term_string}"},"query-input":"required name=search_term_string"}],"inLanguage":"pt-BR"},{"@type":"Organization","@id":"https:\/\/www.manaus.am.gov.br\/semtepi\/#organization","name":"Prefeitura Municipal de Manaus","alternateName":"Prefeitura de Manaus","url":"https:\/\/www.manaus.am.gov.br\/semtepi\/","logo":{"@type":"ImageObject","inLanguage":"pt-BR","@id":"https:\/\/www.manaus.am.gov.br\/semtepi\/#\/schema\/logo\/image\/","url":"https:\/\/www.manaus.am.gov.br\/semtepi\/wp-content\/uploads\/sites\/20\/2024\/07\/favicon.png","contentUrl":"https:\/\/www.manaus.am.gov.br\/semtepi\/wp-content\/uploads\/sites\/20\/2024\/07\/favicon.png","width":300,"height":300,"caption":"Prefeitura Municipal de Manaus"},"image":{"@id":"https:\/\/www.manaus.am.gov.br\/semtepi\/#\/schema\/logo\/image\/"}},{"@type":"Person","@id":"https:\/\/www.manaus.am.gov.br\/semtepi\/#\/schema\/person\/05d223aea2bf115f9883a6ff3683d81b","name":"Bruna Greco","image":{"@type":"ImageObject","inLanguage":"pt-BR","@id":"https:\/\/www.manaus.am.gov.br\/semtepi\/#\/schema\/person\/image\/","url":"https:\/\/secure.gravatar.com\/avatar\/9c877d1a6adc2a055330e5c09a8653ce?s=96&d=mm&r=g","contentUrl":"https:\/\/secure.gravatar.com\/avatar\/9c877d1a6adc2a055330e5c09a8653ce?s=96&d=mm&r=g","caption":"Bruna Greco"}}]}},"_links":{"self":[{"href":"https:\/\/www.manaus.am.gov.br\/semtepi\/wp-json\/wp\/v2\/posts\/6610"}],"collection":[{"href":"https:\/\/www.manaus.am.gov.br\/semtepi\/wp-json\/wp\/v2\/posts"}],"about":[{"href":"https:\/\/www.manaus.am.gov.br\/semtepi\/wp-json\/wp\/v2\/types\/post"}],"author":[{"embeddable":true,"href":"https:\/\/www.manaus.am.gov.br\/semtepi\/wp-json\/wp\/v2\/users\/39"}],"replies":[{"embeddable":true,"href":"https:\/\/www.manaus.am.gov.br\/semtepi\/wp-json\/wp\/v2\/comments?post=6610"}],"version-history":[{"count":0,"href":"https:\/\/www.manaus.am.gov.br\/semtepi\/wp-json\/wp\/v2\/posts\/6610\/revisions"}],"wp:featuredmedia":[{"embeddable":true,"href":"https:\/\/www.manaus.am.gov.br\/semtepi\/wp-json\/wp\/v2\/media\/6476"}],"wp:attachment":[{"href":"https:\/\/www.manaus.am.gov.br\/semtepi\/wp-json\/wp\/v2\/media?parent=6610"}],"wp:term":[{"taxonomy":"category","embeddable":true,"href":"https:\/\/www.manaus.am.gov.br\/semtepi\/wp-json\/wp\/v2\/categories?post=6610"},{"taxonomy":"post_tag","embeddable":true,"href":"https:\/\/www.manaus.am.gov.br\/semtepi\/wp-json\/wp\/v2\/tags?post=6610"}],"curies":[{"name":"wp","href":"https:\/\/api.w.org\/{rel}","templated":true}]}}