{"id":6596,"date":"2025-07-09T15:42:25","date_gmt":"2025-07-09T19:42:25","guid":{"rendered":"https:\/\/www.manaus.am.gov.br\/semtepi\/sem-categoria\/novas-inscricoes-gratuitas-curso-empretec\/"},"modified":"2025-07-09T15:42:25","modified_gmt":"2025-07-09T19:42:25","slug":"novas-inscricoes-gratuitas-curso-empretec","status":"publish","type":"post","link":"https:\/\/www.manaus.am.gov.br\/semtepi\/capacitacao\/novas-inscricoes-gratuitas-curso-empretec\/","title":{"rendered":"Prefeitura de Manaus abre novas inscri\u00e7\u00f5es gratuitas para o curso Empretec"},"content":{"rendered":"\n<p>A Prefeitura de Manaus, por meio da Secretaria Municipal do Trabalho, Empreendedorismo e Inova\u00e7\u00e3o (Semtepi), abre, nesta quinta-feira, 10\/7, as inscri\u00e7\u00f5es para uma nova turma do Empretec, curso voltado para o fortalecimento de empreendedores. A capacita\u00e7\u00e3o \u00e9 gratuita e realizada em parceria com o Sebrae Amazonas.<\/p>\n\n\n\n<p>Os interessados podem se inscrever at\u00e9 o dia 15\/7, por meio do link:\u00a0<a href=\"https:\/\/forms.gle\/HeM2dBmTx72YkfUj8\" target=\"_blank\" rel=\"noreferrer noopener\">https:\/\/forms.gle\/HeM2dBmTx72YkfUj8<\/a>. O curso ser\u00e1 realizado entre os dias 11 e 16\/8, das 8h \u00e0s 12h e das 14h \u00e0s 18h, na sede do Sebrae Amazonas, localizada na\u00a0avenida Leonardo Malcher, n\u00ba 924, bairro Centro, zona Sul da capital.<\/p>\n\n\n\n<p>O Empretec \u00e9 um semin\u00e1rio imersivo de alta performance, desenvolvido pela Organiza\u00e7\u00e3o das Na\u00e7\u00f5es Unidas (ONU), com foco no desenvolvimento de caracter\u00edsticas empreendedoras e na identifica\u00e7\u00e3o de oportunidades de neg\u00f3cios. Com carga hor\u00e1ria de 60 horas, a forma\u00e7\u00e3o utiliza atividades pr\u00e1ticas e cientificamente fundamentadas para despertar os 10 comportamentos de sucesso presentes em empreendedores de destaque.<\/p>\n\n\n\n<p>A divulga\u00e7\u00e3o da lista final de selecionados est\u00e1 prevista para o dia 8\/8, \u00e0s 14h. O curso \u00e9 uma excelente oportunidade para quem busca transformar sua mentalidade empreendedora e alavancar seu pr\u00f3prio neg\u00f3cio.<\/p>\n\n\n\n<figure class=\"wp-block-image size-large\"><img loading=\"lazy\" decoding=\"async\" width=\"1024\" height=\"768\" src=\"https:\/\/www.manaus.am.gov.br\/semtepi\/wp-content\/uploads\/sites\/20\/2025\/07\/WhatsApp-Image-2025-07-09-at-14.05.07-1024x768.jpeg\" alt=\"\" class=\"wp-image-6597\" srcset=\"https:\/\/www.manaus.am.gov.br\/semtepi\/wp-content\/uploads\/sites\/20\/2025\/07\/WhatsApp-Image-2025-07-09-at-14.05.07-1024x768.jpeg 1024w, https:\/\/www.manaus.am.gov.br\/semtepi\/wp-content\/uploads\/sites\/20\/2025\/07\/WhatsApp-Image-2025-07-09-at-14.05.07-300x225.jpeg 300w, https:\/\/www.manaus.am.gov.br\/semtepi\/wp-content\/uploads\/sites\/20\/2025\/07\/WhatsApp-Image-2025-07-09-at-14.05.07-768x576.jpeg 768w, https:\/\/www.manaus.am.gov.br\/semtepi\/wp-content\/uploads\/sites\/20\/2025\/07\/WhatsApp-Image-2025-07-09-at-14.05.07-1536x1152.jpeg 1536w, https:\/\/www.manaus.am.gov.br\/semtepi\/wp-content\/uploads\/sites\/20\/2025\/07\/WhatsApp-Image-2025-07-09-at-14.05.07.jpeg 1600w\" sizes=\"(max-width: 1024px) 100vw, 1024px\" \/><\/figure>\n\n\n\n<p>&#8212; &#8212; &#8212;<\/p>\n\n\n\n<p><strong>Texto e fotos<\/strong>\u00a0&#8211; Asafe Augusto\/Semtepi<\/p>\n","protected":false},"excerpt":{"rendered":"","protected":false},"author":39,"featured_media":6598,"comment_status":"closed","ping_status":"closed","sticky":false,"template":"","format":"standard","meta":{"footnotes":""},"categories":[51],"tags":[53,985,1440,1441,8,9],"acf":[],"yoast_head":"<!-- This site is optimized with the Yoast SEO plugin v23.0 - https:\/\/yoast.com\/wordpress\/plugins\/seo\/ -->\n<title>Prefeitura abre novas inscri\u00e7\u00f5es gratuitas para o curso Empretec<\/title>\n<meta name=\"description\" content=\"Prefeitura de Manaus, por meio da Semtepi, abre novas inscri\u00e7\u00f5es gratuitas para o curso Empretec nesta quinta-feira, 10\/7.\" \/>\n<meta name=\"robots\" content=\"noindex, follow\" \/>\n<meta property=\"og:locale\" content=\"pt_BR\" \/>\n<meta property=\"og:type\" content=\"article\" \/>\n<meta property=\"og:title\" content=\"Prefeitura abre novas inscri\u00e7\u00f5es gratuitas para o curso Empretec\" \/>\n<meta property=\"og:description\" content=\"Prefeitura de Manaus, por meio da Semtepi, abre novas inscri\u00e7\u00f5es gratuitas para o curso Empretec nesta quinta-feira, 10\/7.\" \/>\n<meta property=\"og:url\" content=\"https:\/\/www.manaus.am.gov.br\/semtepi\/capacitacao\/novas-inscricoes-gratuitas-curso-empretec\/\" \/>\n<meta property=\"og:site_name\" content=\"SEMTEPI\" \/>\n<meta property=\"article:published_time\" content=\"2025-07-09T19:42:25+00:00\" \/>\n<meta property=\"og:image\" content=\"https:\/\/www.manaus.am.gov.br\/semtepi\/wp-content\/uploads\/sites\/20\/2025\/07\/WhatsApp-Image-2025-07-09-at-14.05.08.jpeg\" \/>\n\t<meta property=\"og:image:width\" content=\"1600\" \/>\n\t<meta property=\"og:image:height\" content=\"900\" \/>\n\t<meta property=\"og:image:type\" content=\"image\/jpeg\" \/>\n<meta name=\"author\" content=\"Bruna Greco\" \/>\n<meta name=\"twitter:card\" content=\"summary_large_image\" \/>\n<meta name=\"twitter:label1\" content=\"Written by\" \/>\n\t<meta name=\"twitter:data1\" content=\"Bruna Greco\" \/>\n\t<meta name=\"twitter:label2\" content=\"Est. reading time\" \/>\n\t<meta name=\"twitter:data2\" content=\"2 minutos\" \/>\n<script type=\"application\/ld+json\" class=\"yoast-schema-graph\">{\"@context\":\"https:\/\/schema.org\",\"@graph\":[{\"@type\":\"Article\",\"@id\":\"https:\/\/www.manaus.am.gov.br\/semtepi\/capacitacao\/novas-inscricoes-gratuitas-curso-empretec\/#article\",\"isPartOf\":{\"@id\":\"https:\/\/www.manaus.am.gov.br\/semtepi\/capacitacao\/novas-inscricoes-gratuitas-curso-empretec\/\"},\"author\":{\"name\":\"Bruna Greco\",\"@id\":\"https:\/\/www.manaus.am.gov.br\/semtepi\/#\/schema\/person\/05d223aea2bf115f9883a6ff3683d81b\"},\"headline\":\"Prefeitura de Manaus abre novas inscri\u00e7\u00f5es gratuitas para o curso Empretec\",\"datePublished\":\"2025-07-09T19:42:25+00:00\",\"dateModified\":\"2025-07-09T19:42:25+00:00\",\"mainEntityOfPage\":{\"@id\":\"https:\/\/www.manaus.am.gov.br\/semtepi\/capacitacao\/novas-inscricoes-gratuitas-curso-empretec\/\"},\"wordCount\":217,\"publisher\":{\"@id\":\"https:\/\/www.manaus.am.gov.br\/semtepi\/#organization\"},\"image\":{\"@id\":\"https:\/\/www.manaus.am.gov.br\/semtepi\/capacitacao\/novas-inscricoes-gratuitas-curso-empretec\/#primaryimage\"},\"thumbnailUrl\":\"https:\/\/www.manaus.am.gov.br\/semtepi\/wp-content\/uploads\/sites\/20\/2025\/07\/WhatsApp-Image-2025-07-09-at-14.05.08.jpeg\",\"keywords\":[\"capacita\u00e7\u00e3o\",\"curso Empretec\",\"gratuita\",\"novas inscri\u00e7\u00f5es\",\"prefeitura de manaus\",\"Semtepi\"],\"articleSection\":[\"Capacita\u00e7\u00e3o\"],\"inLanguage\":\"pt-BR\"},{\"@type\":\"WebPage\",\"@id\":\"https:\/\/www.manaus.am.gov.br\/semtepi\/capacitacao\/novas-inscricoes-gratuitas-curso-empretec\/\",\"url\":\"https:\/\/www.manaus.am.gov.br\/semtepi\/capacitacao\/novas-inscricoes-gratuitas-curso-empretec\/\",\"name\":\"Prefeitura abre novas inscri\u00e7\u00f5es gratuitas para o curso Empretec\",\"isPartOf\":{\"@id\":\"https:\/\/www.manaus.am.gov.br\/semtepi\/#website\"},\"primaryImageOfPage\":{\"@id\":\"https:\/\/www.manaus.am.gov.br\/semtepi\/capacitacao\/novas-inscricoes-gratuitas-curso-empretec\/#primaryimage\"},\"image\":{\"@id\":\"https:\/\/www.manaus.am.gov.br\/semtepi\/capacitacao\/novas-inscricoes-gratuitas-curso-empretec\/#primaryimage\"},\"thumbnailUrl\":\"https:\/\/www.manaus.am.gov.br\/semtepi\/wp-content\/uploads\/sites\/20\/2025\/07\/WhatsApp-Image-2025-07-09-at-14.05.08.jpeg\",\"datePublished\":\"2025-07-09T19:42:25+00:00\",\"dateModified\":\"2025-07-09T19:42:25+00:00\",\"description\":\"Prefeitura de Manaus, por meio da Semtepi, abre novas inscri\u00e7\u00f5es gratuitas para o curso Empretec nesta quinta-feira, 10\/7.\",\"breadcrumb\":{\"@id\":\"https:\/\/www.manaus.am.gov.br\/semtepi\/capacitacao\/novas-inscricoes-gratuitas-curso-empretec\/#breadcrumb\"},\"inLanguage\":\"pt-BR\",\"potentialAction\":[{\"@type\":\"ReadAction\",\"target\":[\"https:\/\/www.manaus.am.gov.br\/semtepi\/capacitacao\/novas-inscricoes-gratuitas-curso-empretec\/\"]}]},{\"@type\":\"ImageObject\",\"inLanguage\":\"pt-BR\",\"@id\":\"https:\/\/www.manaus.am.gov.br\/semtepi\/capacitacao\/novas-inscricoes-gratuitas-curso-empretec\/#primaryimage\",\"url\":\"https:\/\/www.manaus.am.gov.br\/semtepi\/wp-content\/uploads\/sites\/20\/2025\/07\/WhatsApp-Image-2025-07-09-at-14.05.08.jpeg\",\"contentUrl\":\"https:\/\/www.manaus.am.gov.br\/semtepi\/wp-content\/uploads\/sites\/20\/2025\/07\/WhatsApp-Image-2025-07-09-at-14.05.08.jpeg\",\"width\":1600,\"height\":900,\"caption\":\"#paratodosverem - Representantes da Semtepi e Empretec discurando sobre o curso de capacita\u00e7\u00e3o\"},{\"@type\":\"BreadcrumbList\",\"@id\":\"https:\/\/www.manaus.am.gov.br\/semtepi\/capacitacao\/novas-inscricoes-gratuitas-curso-empretec\/#breadcrumb\",\"itemListElement\":[{\"@type\":\"ListItem\",\"position\":1,\"name\":\"Home\",\"item\":\"https:\/\/www.manaus.am.gov.br\/semtepi\/\"},{\"@type\":\"ListItem\",\"position\":2,\"name\":\"Prefeitura de Manaus abre novas inscri\u00e7\u00f5es gratuitas para o curso Empretec\"}]},{\"@type\":\"WebSite\",\"@id\":\"https:\/\/www.manaus.am.gov.br\/semtepi\/#website\",\"url\":\"https:\/\/www.manaus.am.gov.br\/semtepi\/\",\"name\":\"SEMTEPI\",\"description\":\"Prefeitura de Manaus\",\"publisher\":{\"@id\":\"https:\/\/www.manaus.am.gov.br\/semtepi\/#organization\"},\"alternateName\":\"Secretaria Municipal do Trabalho, Empreendedorismo e Inova\u00e7\u00e3o\",\"potentialAction\":[{\"@type\":\"SearchAction\",\"target\":{\"@type\":\"EntryPoint\",\"urlTemplate\":\"https:\/\/www.manaus.am.gov.br\/semtepi\/?s={search_term_string}\"},\"query-input\":\"required name=search_term_string\"}],\"inLanguage\":\"pt-BR\"},{\"@type\":\"Organization\",\"@id\":\"https:\/\/www.manaus.am.gov.br\/semtepi\/#organization\",\"name\":\"Prefeitura Municipal de Manaus\",\"alternateName\":\"Prefeitura de Manaus\",\"url\":\"https:\/\/www.manaus.am.gov.br\/semtepi\/\",\"logo\":{\"@type\":\"ImageObject\",\"inLanguage\":\"pt-BR\",\"@id\":\"https:\/\/www.manaus.am.gov.br\/semtepi\/#\/schema\/logo\/image\/\",\"url\":\"https:\/\/www.manaus.am.gov.br\/semtepi\/wp-content\/uploads\/sites\/20\/2024\/07\/favicon.png\",\"contentUrl\":\"https:\/\/www.manaus.am.gov.br\/semtepi\/wp-content\/uploads\/sites\/20\/2024\/07\/favicon.png\",\"width\":300,\"height\":300,\"caption\":\"Prefeitura Municipal de Manaus\"},\"image\":{\"@id\":\"https:\/\/www.manaus.am.gov.br\/semtepi\/#\/schema\/logo\/image\/\"}},{\"@type\":\"Person\",\"@id\":\"https:\/\/www.manaus.am.gov.br\/semtepi\/#\/schema\/person\/05d223aea2bf115f9883a6ff3683d81b\",\"name\":\"Bruna Greco\",\"image\":{\"@type\":\"ImageObject\",\"inLanguage\":\"pt-BR\",\"@id\":\"https:\/\/www.manaus.am.gov.br\/semtepi\/#\/schema\/person\/image\/\",\"url\":\"https:\/\/secure.gravatar.com\/avatar\/9c877d1a6adc2a055330e5c09a8653ce?s=96&d=mm&r=g\",\"contentUrl\":\"https:\/\/secure.gravatar.com\/avatar\/9c877d1a6adc2a055330e5c09a8653ce?s=96&d=mm&r=g\",\"caption\":\"Bruna Greco\"}}]}<\/script>\n<!-- \/ Yoast SEO plugin. -->","yoast_head_json":{"title":"Prefeitura abre novas inscri\u00e7\u00f5es gratuitas para o curso Empretec","description":"Prefeitura de Manaus, por meio da Semtepi, abre novas inscri\u00e7\u00f5es gratuitas para o curso Empretec nesta quinta-feira, 10\/7.","robots":{"index":"noindex","follow":"follow"},"og_locale":"pt_BR","og_type":"article","og_title":"Prefeitura abre novas inscri\u00e7\u00f5es gratuitas para o curso Empretec","og_description":"Prefeitura de Manaus, por meio da Semtepi, abre novas inscri\u00e7\u00f5es gratuitas para o curso Empretec nesta quinta-feira, 10\/7.","og_url":"https:\/\/www.manaus.am.gov.br\/semtepi\/capacitacao\/novas-inscricoes-gratuitas-curso-empretec\/","og_site_name":"SEMTEPI","article_published_time":"2025-07-09T19:42:25+00:00","og_image":[{"width":1600,"height":900,"url":"https:\/\/www.manaus.am.gov.br\/semtepi\/wp-content\/uploads\/sites\/20\/2025\/07\/WhatsApp-Image-2025-07-09-at-14.05.08.jpeg","type":"image\/jpeg"}],"author":"Bruna Greco","twitter_card":"summary_large_image","twitter_misc":{"Written by":"Bruna Greco","Est. reading time":"2 minutos"},"schema":{"@context":"https:\/\/schema.org","@graph":[{"@type":"Article","@id":"https:\/\/www.manaus.am.gov.br\/semtepi\/capacitacao\/novas-inscricoes-gratuitas-curso-empretec\/#article","isPartOf":{"@id":"https:\/\/www.manaus.am.gov.br\/semtepi\/capacitacao\/novas-inscricoes-gratuitas-curso-empretec\/"},"author":{"name":"Bruna Greco","@id":"https:\/\/www.manaus.am.gov.br\/semtepi\/#\/schema\/person\/05d223aea2bf115f9883a6ff3683d81b"},"headline":"Prefeitura de Manaus abre novas inscri\u00e7\u00f5es gratuitas para o curso Empretec","datePublished":"2025-07-09T19:42:25+00:00","dateModified":"2025-07-09T19:42:25+00:00","mainEntityOfPage":{"@id":"https:\/\/www.manaus.am.gov.br\/semtepi\/capacitacao\/novas-inscricoes-gratuitas-curso-empretec\/"},"wordCount":217,"publisher":{"@id":"https:\/\/www.manaus.am.gov.br\/semtepi\/#organization"},"image":{"@id":"https:\/\/www.manaus.am.gov.br\/semtepi\/capacitacao\/novas-inscricoes-gratuitas-curso-empretec\/#primaryimage"},"thumbnailUrl":"https:\/\/www.manaus.am.gov.br\/semtepi\/wp-content\/uploads\/sites\/20\/2025\/07\/WhatsApp-Image-2025-07-09-at-14.05.08.jpeg","keywords":["capacita\u00e7\u00e3o","curso Empretec","gratuita","novas inscri\u00e7\u00f5es","prefeitura de manaus","Semtepi"],"articleSection":["Capacita\u00e7\u00e3o"],"inLanguage":"pt-BR"},{"@type":"WebPage","@id":"https:\/\/www.manaus.am.gov.br\/semtepi\/capacitacao\/novas-inscricoes-gratuitas-curso-empretec\/","url":"https:\/\/www.manaus.am.gov.br\/semtepi\/capacitacao\/novas-inscricoes-gratuitas-curso-empretec\/","name":"Prefeitura abre novas inscri\u00e7\u00f5es gratuitas para o curso Empretec","isPartOf":{"@id":"https:\/\/www.manaus.am.gov.br\/semtepi\/#website"},"primaryImageOfPage":{"@id":"https:\/\/www.manaus.am.gov.br\/semtepi\/capacitacao\/novas-inscricoes-gratuitas-curso-empretec\/#primaryimage"},"image":{"@id":"https:\/\/www.manaus.am.gov.br\/semtepi\/capacitacao\/novas-inscricoes-gratuitas-curso-empretec\/#primaryimage"},"thumbnailUrl":"https:\/\/www.manaus.am.gov.br\/semtepi\/wp-content\/uploads\/sites\/20\/2025\/07\/WhatsApp-Image-2025-07-09-at-14.05.08.jpeg","datePublished":"2025-07-09T19:42:25+00:00","dateModified":"2025-07-09T19:42:25+00:00","description":"Prefeitura de Manaus, por meio da Semtepi, abre novas inscri\u00e7\u00f5es gratuitas para o curso Empretec nesta quinta-feira, 10\/7.","breadcrumb":{"@id":"https:\/\/www.manaus.am.gov.br\/semtepi\/capacitacao\/novas-inscricoes-gratuitas-curso-empretec\/#breadcrumb"},"inLanguage":"pt-BR","potentialAction":[{"@type":"ReadAction","target":["https:\/\/www.manaus.am.gov.br\/semtepi\/capacitacao\/novas-inscricoes-gratuitas-curso-empretec\/"]}]},{"@type":"ImageObject","inLanguage":"pt-BR","@id":"https:\/\/www.manaus.am.gov.br\/semtepi\/capacitacao\/novas-inscricoes-gratuitas-curso-empretec\/#primaryimage","url":"https:\/\/www.manaus.am.gov.br\/semtepi\/wp-content\/uploads\/sites\/20\/2025\/07\/WhatsApp-Image-2025-07-09-at-14.05.08.jpeg","contentUrl":"https:\/\/www.manaus.am.gov.br\/semtepi\/wp-content\/uploads\/sites\/20\/2025\/07\/WhatsApp-Image-2025-07-09-at-14.05.08.jpeg","width":1600,"height":900,"caption":"#paratodosverem - Representantes da Semtepi e Empretec discurando sobre o curso de capacita\u00e7\u00e3o"},{"@type":"BreadcrumbList","@id":"https:\/\/www.manaus.am.gov.br\/semtepi\/capacitacao\/novas-inscricoes-gratuitas-curso-empretec\/#breadcrumb","itemListElement":[{"@type":"ListItem","position":1,"name":"Home","item":"https:\/\/www.manaus.am.gov.br\/semtepi\/"},{"@type":"ListItem","position":2,"name":"Prefeitura de Manaus abre novas inscri\u00e7\u00f5es gratuitas para o curso Empretec"}]},{"@type":"WebSite","@id":"https:\/\/www.manaus.am.gov.br\/semtepi\/#website","url":"https:\/\/www.manaus.am.gov.br\/semtepi\/","name":"SEMTEPI","description":"Prefeitura de Manaus","publisher":{"@id":"https:\/\/www.manaus.am.gov.br\/semtepi\/#organization"},"alternateName":"Secretaria Municipal do Trabalho, Empreendedorismo e Inova\u00e7\u00e3o","potentialAction":[{"@type":"SearchAction","target":{"@type":"EntryPoint","urlTemplate":"https:\/\/www.manaus.am.gov.br\/semtepi\/?s={search_term_string}"},"query-input":"required name=search_term_string"}],"inLanguage":"pt-BR"},{"@type":"Organization","@id":"https:\/\/www.manaus.am.gov.br\/semtepi\/#organization","name":"Prefeitura Municipal de Manaus","alternateName":"Prefeitura de Manaus","url":"https:\/\/www.manaus.am.gov.br\/semtepi\/","logo":{"@type":"ImageObject","inLanguage":"pt-BR","@id":"https:\/\/www.manaus.am.gov.br\/semtepi\/#\/schema\/logo\/image\/","url":"https:\/\/www.manaus.am.gov.br\/semtepi\/wp-content\/uploads\/sites\/20\/2024\/07\/favicon.png","contentUrl":"https:\/\/www.manaus.am.gov.br\/semtepi\/wp-content\/uploads\/sites\/20\/2024\/07\/favicon.png","width":300,"height":300,"caption":"Prefeitura Municipal de Manaus"},"image":{"@id":"https:\/\/www.manaus.am.gov.br\/semtepi\/#\/schema\/logo\/image\/"}},{"@type":"Person","@id":"https:\/\/www.manaus.am.gov.br\/semtepi\/#\/schema\/person\/05d223aea2bf115f9883a6ff3683d81b","name":"Bruna Greco","image":{"@type":"ImageObject","inLanguage":"pt-BR","@id":"https:\/\/www.manaus.am.gov.br\/semtepi\/#\/schema\/person\/image\/","url":"https:\/\/secure.gravatar.com\/avatar\/9c877d1a6adc2a055330e5c09a8653ce?s=96&d=mm&r=g","contentUrl":"https:\/\/secure.gravatar.com\/avatar\/9c877d1a6adc2a055330e5c09a8653ce?s=96&d=mm&r=g","caption":"Bruna Greco"}}]}},"_links":{"self":[{"href":"https:\/\/www.manaus.am.gov.br\/semtepi\/wp-json\/wp\/v2\/posts\/6596"}],"collection":[{"href":"https:\/\/www.manaus.am.gov.br\/semtepi\/wp-json\/wp\/v2\/posts"}],"about":[{"href":"https:\/\/www.manaus.am.gov.br\/semtepi\/wp-json\/wp\/v2\/types\/post"}],"author":[{"embeddable":true,"href":"https:\/\/www.manaus.am.gov.br\/semtepi\/wp-json\/wp\/v2\/users\/39"}],"replies":[{"embeddable":true,"href":"https:\/\/www.manaus.am.gov.br\/semtepi\/wp-json\/wp\/v2\/comments?post=6596"}],"version-history":[{"count":1,"href":"https:\/\/www.manaus.am.gov.br\/semtepi\/wp-json\/wp\/v2\/posts\/6596\/revisions"}],"predecessor-version":[{"id":6599,"href":"https:\/\/www.manaus.am.gov.br\/semtepi\/wp-json\/wp\/v2\/posts\/6596\/revisions\/6599"}],"wp:featuredmedia":[{"embeddable":true,"href":"https:\/\/www.manaus.am.gov.br\/semtepi\/wp-json\/wp\/v2\/media\/6598"}],"wp:attachment":[{"href":"https:\/\/www.manaus.am.gov.br\/semtepi\/wp-json\/wp\/v2\/media?parent=6596"}],"wp:term":[{"taxonomy":"category","embeddable":true,"href":"https:\/\/www.manaus.am.gov.br\/semtepi\/wp-json\/wp\/v2\/categories?post=6596"},{"taxonomy":"post_tag","embeddable":true,"href":"https:\/\/www.manaus.am.gov.br\/semtepi\/wp-json\/wp\/v2\/tags?post=6596"}],"curies":[{"name":"wp","href":"https:\/\/api.w.org\/{rel}","templated":true}]}}