{"id":6591,"date":"2025-07-07T13:58:52","date_gmt":"2025-07-07T17:58:52","guid":{"rendered":"https:\/\/www.manaus.am.gov.br\/semtepi\/sem-categoria\/252-vagas-de-emprego-sine-manaus\/"},"modified":"2025-07-07T13:58:53","modified_gmt":"2025-07-07T17:58:53","slug":"252-vagas-de-emprego-sine-manaus","status":"publish","type":"post","link":"https:\/\/www.manaus.am.gov.br\/semtepi\/emprego\/252-vagas-de-emprego-sine-manaus\/","title":{"rendered":"Sine Manaus oferta 252 vagas de emprego nesta ter\u00e7a\u2013feira, 8\/7"},"content":{"rendered":"\n<p>A Prefeitura de Manaus, por meio do Sine Manaus, oferta 252 vagas de emprego em v\u00e1rias \u00e1reas de atua\u00e7\u00e3o, nesta ter\u00e7a\u2013feira, 8\/7,\u00a0de 8h \u00e0s 14h. O candidato pode validar a Carteira Digital e Previd\u00eancia Social (CTPS) no aplicativo \u201cCarteira de Trabalho Digital\u201d ou acessar o site\u00a0<a href=\"http:\/\/gov.br\/trabalho\" target=\"_blank\" rel=\"noreferrer noopener\">http:\/\/gov.br\/trabalho<\/a>.<\/p>\n\n\n\n<p>Para participar da pr\u00e9\u2013sele\u00e7\u00e3o e concorrer a uma das vagas dispon\u00edveis, ou receber orienta\u00e7\u00e3o de cadastro, Carteira de Trabalho Digital e seguro\u2013desemprego, os candidatos devem comparecer a um dos postos do Sine Manaus: na avenida Constantino Nery, n\u00ba 1.272, bairro S\u00e3o Geraldo, zona Centro\u2013Sul; ou no shopping Phelippe Daou, na avenida Camapu\u00e3, n\u00ba 2.939, bairro Cidade de Deus, zona Leste.<\/p>\n\n\n\n<p>Os interessados devem estar munidos do comprovante de vacina\u00e7\u00e3o (Covid\u201319), curr\u00edculo, certificados de cursos e documentos pessoais (RG, CPF, PIS, CTPS, comprovante de escolaridade e resid\u00eancia). N\u00e3o \u00e9 necess\u00e1rio apresentar c\u00f3pias, somente os documentos originais.<\/p>\n\n\n\n<p>\u00c9 importante que os candidatos mantenham seus cadastros atualizados, especialmente ao finalizarem novas qualifica\u00e7\u00f5es. Para vagas espec\u00edficas, podem ser solicitados documentos adicionais, como cursos ou certifica\u00e7\u00f5es, por isso, \u00e9 essencial estar atento aos &#8220;Requisitos Obrigat\u00f3rios&#8221; de cada vaga.<\/p>\n\n\n\n<p>A Semtepi ressalta que, obedecendo ao disposto no artigo 5\u00ba, da Constitui\u00e7\u00e3o Federal, e ao artigo 373\u2013A, da Consolida\u00e7\u00e3o das Leis Trabalhistas (CLT), crit\u00e9rios referentes a sexo, idade, cor ou situa\u00e7\u00e3o familiar, n\u00e3o podem ser informados na divulga\u00e7\u00e3o das vagas disponibilizadas.<\/p>\n\n\n\n<p>Os candidatos devem estar cientes das diretrizes de vestimenta estabelecidas pelo \u00f3rg\u00e3o, as quais incluem a proibi\u00e7\u00e3o de vestimentas como bermudas, shorts, minissaias, camisetas regatas e chinelos durante a entrada.<\/p>\n\n\n\n<p><strong>Vagas Novas \u2013 92<\/strong><\/p>\n\n\n\n<p><strong>3 vagas &#8211; Motorista de Carro-Forte<\/strong><\/p>\n\n\n\n<p>Escolaridade &#8211; ensino m\u00e9dio completo;<\/p>\n\n\n\n<p>Experi\u00eancia \u2013 n\u00e3o \u00e9 necess\u00e1rio;<\/p>\n\n\n\n<p>Requisitos Obrigat\u00f3rios &#8211; ter curso de extens\u00e3o a Transporte de Valores, Carteira Nacional de Habilita\u00e7\u00e3o categoria \u201cD\u201d e possuir documenta\u00e7\u00e3o completa;<\/p>\n\n\n\n<p>Atividades &#8211; realizar a condu\u00e7\u00e3o segura do ve\u00edculo, seguindo as normas de seguran\u00e7a de transporte de valores e leis de tr\u00e2nsito.<\/p>\n\n\n\n<p>Dispon\u00edvel at\u00e9 08\/07\/2025 ou encerramento da vaga<\/p>\n\n\n\n<p><strong>3 vagas &#8211; Vigilante Motorista de Carro-Forte<\/strong><\/p>\n\n\n\n<p>Escolaridade &#8211; ensino m\u00e9dio completo;<\/p>\n\n\n\n<p>Experi\u00eancia \u2013 n\u00e3o \u00e9 necess\u00e1rio;<\/p>\n\n\n\n<p>Requisitos Obrigat\u00f3rios &#8211; ter curso de extens\u00e3o a Transporte de Valores, Carteira Nacional de Habilita\u00e7\u00e3o categoria \u201cD\u201d e possuir documenta\u00e7\u00e3o completa;<\/p>\n\n\n\n<p>Atividades &#8211; realizar a condu\u00e7\u00e3o segura do ve\u00edculo, seguindo as normas de seguran\u00e7a de transporte de valores e leis de tr\u00e2nsito, garantir a seguran\u00e7a dos valores transportados, inspecionar o ve\u00edculo, manter a documenta\u00e7\u00e3o em ordem e, em muitos casos, atuar no controle de acesso e realizar rondas.<\/p>\n\n\n\n<p>Dispon\u00edvel at\u00e9 08\/07\/2025 ou encerramento da vaga<\/p>\n\n\n\n<p><strong>5 vagas &#8211; Ajudante Geral<\/strong><\/p>\n\n\n\n<p>Escolaridade &#8211; ensino fundamental completo;<\/p>\n\n\n\n<p>Experi\u00eancia \u2013 seis meses na Carteira de Trabalho ou avulsa;<\/p>\n\n\n\n<p>Requisitos Obrigat\u00f3rios &#8211; possuir documenta\u00e7\u00e3o completa (com dispensa militar);<\/p>\n\n\n\n<p>Atividades &#8211; repara\u00e7\u00e3o do canteiro de obras, demoli\u00e7\u00e3o de estruturas; preparo de materiais; carregamento, transporte e descarga de materiais; escava\u00e7\u00e3o de valas e fossas; realiza\u00e7\u00e3o de pequenos reparos e manuten\u00e7\u00e3o; limpeza de m\u00e1quinas e ferramentas; verifica\u00e7\u00e3o das condi\u00e7\u00f5es de equipamentos e reparos.<\/p>\n\n\n\n<p>Dispon\u00edvel at\u00e9 08\/07\/2025 ou encerramento da vaga<\/p>\n\n\n\n<p><strong>5 vagas &#8211; Azulejista<\/strong><\/p>\n\n\n\n<p>Escolaridade &#8211; ensino fundamental completo;<\/p>\n\n\n\n<p>Experi\u00eancia \u2013 seis meses na Carteira de Trabalho ou avulsa;<\/p>\n\n\n\n<p>Requisitos Obrigat\u00f3rios &#8211; possuir documenta\u00e7\u00e3o completa (com dispensa militar);<\/p>\n\n\n\n<p>Atividades &#8211; aplica\u00e7\u00e3o de revestimentos como azulejos, pisos cer\u00e2micos e porcelanatos em diversos tipos de superf\u00edcies.<\/p>\n\n\n\n<p>Dispon\u00edvel at\u00e9 08\/07\/2025 ou encerramento da vaga<\/p>\n\n\n\n<p><strong>5 vagas &#8211; Eletricista<\/strong><\/p>\n\n\n\n<p>Escolaridade &#8211; ensino fundamental completo;<\/p>\n\n\n\n<p>Experi\u00eancia \u2013 seis meses na Carteira de Trabalho ou avulsa;<\/p>\n\n\n\n<p>Requisitos Obrigat\u00f3rios &#8211; possuir documenta\u00e7\u00e3o completa (com dispensa militar);<\/p>\n\n\n\n<p>Atividades &#8211; instala\u00e7\u00e3o, manuten\u00e7\u00e3o e reparo de sistemas el\u00e9tricos.<\/p>\n\n\n\n<p>Dispon\u00edvel at\u00e9 08\/07\/2025 ou encerramento da vaga<\/p>\n\n\n\n<p><strong>2 vagas &#8211; Soldador<\/strong><\/p>\n\n\n\n<p>Escolaridade &#8211; ensino m\u00e9dio completo ou cursando;<\/p>\n\n\n\n<p>Experi\u00eancia \u2013 seis meses na Carteira de Trabalho;<\/p>\n\n\n\n<p>Requisitos Obrigat\u00f3rios &#8211; possuir documenta\u00e7\u00e3o completa (com dispensa militar);<\/p>\n\n\n\n<p>Atividades &#8211; unir pe\u00e7as de metal atrav\u00e9s do processo de soldagem, utilizando calor para fundir os materiais e criar uma liga\u00e7\u00e3o permanente.<\/p>\n\n\n\n<p>Dispon\u00edvel at\u00e9 08\/07\/2025 ou encerramento da vaga<\/p>\n\n\n\n<p><strong>2 vagas &#8211; Serralheiro<\/strong><\/p>\n\n\n\n<p>Escolaridade &#8211; ensino m\u00e9dio completo ou cursando;<\/p>\n\n\n\n<p>Experi\u00eancia \u2013 seis meses na Carteira de Trabalho;<\/p>\n\n\n\n<p>Requisitos Obrigat\u00f3rios &#8211; possuir documenta\u00e7\u00e3o completa (com dispensa militar);<\/p>\n\n\n\n<p>Atividades &#8211; fabrica\u00e7\u00e3o, repara\u00e7\u00e3o e instala\u00e7\u00e3o de pe\u00e7as e estruturas met\u00e1licas.<\/p>\n\n\n\n<p>Dispon\u00edvel at\u00e9 08\/07\/2025 ou encerramento da vaga<\/p>\n\n\n\n<p><strong>1 vaga &#8211; Repositor<\/strong><\/p>\n\n\n\n<p>Escolaridade &#8211; ensino m\u00e9dio completo;<\/p>\n\n\n\n<p>Experi\u00eancia \u2013 registrada na Carteira de Trabalho;<\/p>\n\n\n\n<p>Requisitos Obrigat\u00f3rios &#8211; possuir documenta\u00e7\u00e3o completa (com dispensa militar);<\/p>\n\n\n\n<p>Atividades &#8211; abastecimento de mercadorias na \u00e1rea de venda, acompanhando o fluxo de sa\u00edda e requisitando junto \u00e0 lideran\u00e7a o necess\u00e1rio para manter abastecimento com todas as mercadorias expostas; reabastecer a \u00e1rea de venda com as mercadorias devolvidas ou abdicadas pelos clientes.<\/p>\n\n\n\n<p>Dispon\u00edvel at\u00e9 08\/07\/2025 ou encerramento da vaga<\/p>\n\n\n\n<p><strong>1 vaga &#8211; Auxiliar de Limpeza<\/strong><\/p>\n\n\n\n<p>Escolaridade &#8211; ensino m\u00e9dio completo;<\/p>\n\n\n\n<p>Experi\u00eancia \u2013 registrada na Carteira de Trabalho;<\/p>\n\n\n\n<p>Requisitos Obrigat\u00f3rios &#8211; possuir documenta\u00e7\u00e3o completa;<\/p>\n\n\n\n<p>Atividades &#8211; servi\u00e7os de limpeza, conserva\u00e7\u00e3o e manuten\u00e7\u00e3o da higiene das lojas.<\/p>\n\n\n\n<p>Dispon\u00edvel at\u00e9 08\/07\/2025 ou encerramento da vaga<\/p>\n\n\n\n<p><strong>60 vagas &#8211; Auxiliar de Carga e Descarga<\/strong><\/p>\n\n\n\n<p>Escolaridade &#8211; ensino fundamental completo;<\/p>\n\n\n\n<p>Experi\u00eancia \u2013 seis meses na Carteira de Trabalho ou avulsa;<\/p>\n\n\n\n<p>Requisitos Obrigat\u00f3rios &#8211; possuir documenta\u00e7\u00e3o completa (com dispensa militar);<\/p>\n\n\n\n<p>Atividades &#8211; executar servi\u00e7os de carga e descarga; realizar a confer\u00eancia das cargas recebidas na doca, armazenagem e separa\u00e7\u00e3o de produtos e materiais; organizar e manter o estoque da empresa dentro das pol\u00edticas internas; identificar produtos n\u00e3o conformes entre demais atividades pertinentes a fun\u00e7\u00e3o.<\/p>\n\n\n\n<p>Dispon\u00edvel at\u00e9 08\/07\/2025 ou encerramento da vaga<\/p>\n\n\n\n<p><strong>5 vagas &#8211; Auxiliar de Limpeza<\/strong><\/p>\n\n\n\n<p>Escolaridade &#8211; ensino fundamental completo;<\/p>\n\n\n\n<p>Experi\u00eancia \u2013 seis meses na Carteira de Trabalho;<\/p>\n\n\n\n<p>Requisitos Obrigat\u00f3rios &#8211; possuir documenta\u00e7\u00e3o completa;<\/p>\n\n\n\n<p>Atividades &#8211; limpeza em geral.<\/p>\n\n\n\n<p>Dispon\u00edvel at\u00e9 08\/07\/2025 ou encerramento da vaga<\/p>\n\n\n\n<p><strong>Vagas no Com\u00e9rcio \u2013 11<\/strong><\/p>\n\n\n\n<p><strong>2 vagas &#8211; Auxiliar de Estoque<\/strong><\/p>\n\n\n\n<p>Escolaridade &#8211; ensino m\u00e9dio completo;<\/p>\n\n\n\n<p>Experi\u00eancia \u2013 registrada na Carteira de Trabalho;<\/p>\n\n\n\n<p>Requisitos Obrigat\u00f3rios &#8211; ter disponibilidade de hor\u00e1rio e possuir documenta\u00e7\u00e3o completa (com dispensa militar);<\/p>\n\n\n\n<p>Atividades &#8211; checagem de mercadorias, carga e descarga, confer\u00eancia de nota fiscal, organiza\u00e7\u00e3o do estoque, entregas.<\/p>\n\n\n\n<p>Dispon\u00edvel at\u00e9 08\/07\/2025 ou encerramento da vaga<\/p>\n\n\n\n<p><strong>1 vaga &#8211; Operador de Caixa<\/strong><\/p>\n\n\n\n<p>Escolaridade &#8211; ensino m\u00e9dio completo;<\/p>\n\n\n\n<p>Experi\u00eancia \u2013 seis meses na Carteira de Trabalho;<\/p>\n\n\n\n<p>Requisitos Obrigat\u00f3rios &#8211; possuir documenta\u00e7\u00e3o completa;<\/p>\n\n\n\n<p>Atividades &#8211; registro de compras, recebimento de pagamentos, emiss\u00e3o de comprovantes e atendimento ao cliente.<\/p>\n\n\n\n<p>Dispon\u00edvel at\u00e9 08\/07\/2025 ou encerramento da vaga<\/p>\n\n\n\n<p><strong>2 vagas &#8211; Vendedor Interno<\/strong><\/p>\n\n\n\n<p>Escolaridade &#8211; ensino m\u00e9dio completo;<\/p>\n\n\n\n<p>Experi\u00eancia \u2013 seis meses na Carteira de Trabalho;<\/p>\n\n\n\n<p>Requisitos Obrigat\u00f3rios &#8211; possuir documenta\u00e7\u00e3o completa (com dispensa militar);<\/p>\n\n\n\n<p>Atividades &#8211; recepcionar e atender os clientes, elaborar or\u00e7amentos, lidar com desafios de oficina mec\u00e2nica, trabalhar em equipe e manter a \u00e1rea de vendas organizada.<\/p>\n\n\n\n<p>Dispon\u00edvel at\u00e9 08\/07\/2025 ou encerramento da vaga<\/p>\n\n\n\n<p><strong>2 vagas &#8211; Atendente de Loja<\/strong><\/p>\n\n\n\n<p>Escolaridade &#8211; ensino m\u00e9dio completo;<\/p>\n\n\n\n<p>Experi\u00eancia \u2013 seis meses na Carteira de Trabalho;<\/p>\n\n\n\n<p>Requisitos Obrigat\u00f3rios &#8211; possuir documenta\u00e7\u00e3o completa (com dispensa militar);<\/p>\n\n\n\n<p>Atividades &#8211; atendimento ao cliente, organiza\u00e7\u00e3o e limpeza do local, prepara\u00e7\u00e3o e venda de produtos, e controle de estoque.<\/p>\n\n\n\n<p>Dispon\u00edvel at\u00e9 08\/07\/2025 ou encerramento da vaga<\/p>\n\n\n\n<p><strong>1 vaga &#8211; Auxiliar de Confeiteiro<\/strong><\/p>\n\n\n\n<p>Escolaridade &#8211; ensino m\u00e9dio completo;<\/p>\n\n\n\n<p>Experi\u00eancia \u2013 seis meses na Carteira de Trabalho;<\/p>\n\n\n\n<p>Requisitos Obrigat\u00f3rios &#8211; possuir documenta\u00e7\u00e3o completa (com dispensa militar);<\/p>\n\n\n\n<p>Atividades &#8211; conhecimento b\u00e1sico de t\u00e9cnicas de preparo de doces e sobremesas; planejar e executar receitas.<\/p>\n\n\n\n<p>Dispon\u00edvel at\u00e9 08\/07\/2025 ou encerramento da vaga<\/p>\n\n\n\n<p><strong>1 vaga &#8211; Salgadeiro<\/strong><\/p>\n\n\n\n<p>Escolaridade &#8211; ensino m\u00e9dio completo;<\/p>\n\n\n\n<p>Experi\u00eancia \u2013 seis meses na Carteira de Trabalho;<\/p>\n\n\n\n<p>Requisitos Obrigat\u00f3rios &#8211; possuir documenta\u00e7\u00e3o completa (com dispensa militar);<\/p>\n\n\n\n<p>Atividades &#8211; preparar salgados fritos e assados; planejar e executar receitas.<\/p>\n\n\n\n<p>Dispon\u00edvel at\u00e9 08\/07\/2025 ou encerramento da vaga<\/p>\n\n\n\n<p><strong>2 vagas &#8211; Auxiliar de Cozinha<\/strong><\/p>\n\n\n\n<p>Escolaridade &#8211; ensino m\u00e9dio completo;<\/p>\n\n\n\n<p>Experi\u00eancia \u2013 seis meses na Carteira de Trabalho;<\/p>\n\n\n\n<p>Requisitos Obrigat\u00f3rios &#8211; possuir documenta\u00e7\u00e3o completa (com dispensa militar);<\/p>\n\n\n\n<p>Atividades &#8211; dar suporte em diversas atividades da cozinha, auxiliando no pr\u00e9-preparo, preparo e montagem de pratos, al\u00e9m da limpeza e organiza\u00e7\u00e3o do ambiente de trabalho.<\/p>\n\n\n\n<p>Dispon\u00edvel at\u00e9 08\/07\/2025 ou encerramento da vaga<\/p>\n\n\n\n<p><strong>Vagas na Ind\u00fastria \u2013 125<\/strong><\/p>\n\n\n\n<p><strong>50 vagas \u2013 Auxiliar de Linha de Produ\u00e7\u00e3o<\/strong><\/p>\n\n\n\n<p>Escolaridade \u2013 ensino fundamental completo;<\/p>\n\n\n\n<p>Experi\u00eancia \u2013 n\u00e3o \u00e9 necess\u00e1rio;<\/p>\n\n\n\n<p>Requisitos Obrigat\u00f3rios \u2013 a vaga \u00e9 destinada para candidatos que est\u00e3o em busca de novos desafios; o candidato vai precisar morar em: V\u00e1rzea Grande (MT) e documenta\u00e7\u00e3o completa (com dispensa militar);<\/p>\n\n\n\n<p>Atividades \u2013 executar atividades operacionais em setores de apoio ou produ\u00e7\u00e3o de frios, visando garantir a manuten\u00e7\u00e3o, organiza\u00e7\u00e3o, limpeza ou opera\u00e7\u00e3o de atividades na unidade.<\/p>\n\n\n\n<p>Dispon\u00edvel at\u00e9 08\/07\/2025 ou encerramento da vaga.<\/p>\n\n\n\n<p><strong>25 vagas \u2013 Alimentador de Linha de Produ\u00e7\u00e3o<\/strong><\/p>\n\n\n\n<p>Escolaridade \u2013 ensino fundamental incompleto;<\/p>\n\n\n\n<p>Experi\u00eancia \u2013 n\u00e3o \u00e9 necess\u00e1rio;<\/p>\n\n\n\n<p>Requisitos Obrigat\u00f3rios \u2013 a vaga \u00e9 destinada para candidatos que est\u00e3o em busca de novos desafios; o candidato vai precisar morar em: Promiss\u00e3o \u2013 SP e ter documenta\u00e7\u00e3o completa (com dispensa militar);<\/p>\n\n\n\n<p>Atividades \u2013 auxiliar a ind\u00fastria de abate bovino.<\/p>\n\n\n\n<p>Dispon\u00edvel at\u00e9 08\/07\/2025 ou encerramento da vaga.<\/p>\n\n\n\n<p><strong>25 vagas &#8211; Auxiliar Operacional &#8211; Setor Industrial<br><\/strong>Escolaridade &#8211; ensino fundamental incompleto;<br>Experi\u00eancia \u2013 n\u00e3o \u00e9 necess\u00e1rio;<br>Requisitos Obrigat\u00f3rios &#8211; a vaga \u00e9 destinada para candidatos que est\u00e3o em busca de novos desafios; o candidato vai precisar morar em: Chupinguaia &#8211; RO e possuir documenta\u00e7\u00e3o completa;<br>Atividades &#8211; pesagem e balan\u00e7a de pe\u00e7as de carne; transporte de pe\u00e7as de carne para a log\u00edstica; lavagem de pe\u00e7as de carne; aux\u00edlio na linha de produ\u00e7\u00e3o no processo de desossa e cortes de carne.<\/p>\n\n\n\n<p>Dispon\u00edvel at\u00e9 08\/07\/2025 ou encerramento da vaga<\/p>\n\n\n\n<p><strong>25 vagas &#8211; Operador de Produ\u00e7\u00e3o II<br><\/strong>Escolaridade &#8211; ensino fundamental incompleto;<br>Experi\u00eancia \u2013 n\u00e3o \u00e9 necess\u00e1rio;<br>Requisitos Obrigat\u00f3rios &#8211;&nbsp; disponibilidade para trabalhar em turnos, vaga \u00e9 destinada para candidatos que est\u00e3o em busca de novos desafios; o candidato vai precisar morar em: Videira &#8211; Santa Catarina (SC) e possuir documenta\u00e7\u00e3o completa;<br>Atividades &#8211; trabalhar com processamento de carne de frango, em setores diversos, com utiliza\u00e7\u00e3o de facas, ambiente climatizado, atividades como corte, coleta, pesagem e embalagem de alimentos, desossar, embalar, pesar, processar alimentos, derivados de carne de frango e su\u00ednos.<br>Dispon\u00edvel at\u00e9 08\/07\/2025 ou encerramento da vaga<\/p>\n\n\n\n<p><strong>Vagas em Servi\u00e7os \u2013<a><\/a> 18<\/strong><\/p>\n\n\n\n<p><strong>1 vaga &#8211; Motorista de Carreta<\/strong><\/p>\n\n\n\n<p>Escolaridade &#8211; ensino m\u00e9dio completo;<\/p>\n\n\n\n<p>Experi\u00eancia \u2013 registrada na Carteira de Trabalho;<\/p>\n\n\n\n<p>Requisitos Obrigat\u00f3rios &#8211; ter experi\u00eancia com transporte de cargas, Carteira Nacional de Habilita\u00e7\u00e3o categoria \u201cE\u201d e possuir documenta\u00e7\u00e3o completa (com dispensa militar);<\/p>\n\n\n\n<p>Atividades &#8211; transportar materiais e produtos para diversos itiner\u00e1rios de acordo com as leis de tr\u00e2nsito e normas de seguran\u00e7a, em um conjunto de ve\u00edculos, composto por um cavalo mec\u00e2nico e um ou mais trailers ou carretas; respons\u00e1vel pela perman\u00eancia da documenta\u00e7\u00e3o do ve\u00edculo e pelo acondicionamento e amarra\u00e7\u00e3o das cargas nos ve\u00edculos; elaborar relat\u00f3rios de viagem e rota e fazer confer\u00eancia dos materiais para assegurar a correta entrega e coleta; efetuar a presta\u00e7\u00e3o de contas das despesas efetuadas com o ve\u00edculo, abastecimentos, ped\u00e1gios, taxas de cargas e descargas e demais despesas inerentes a opera\u00e7\u00e3o; zelar pela conserva\u00e7\u00e3o e seguran\u00e7a dos ve\u00edculos, providenciando limpeza, ajustes e pequenos reparos.<\/p>\n\n\n\n<p>Dispon\u00edvel at\u00e9 08\/07\/2025 ou encerramento da vaga<\/p>\n\n\n\n<p><strong>1 vaga &#8211; Vendedor Externo<\/strong><\/p>\n\n\n\n<p>Escolaridade &#8211; ensino m\u00e9dio completo;<\/p>\n\n\n\n<p>Experi\u00eancia \u2013 seis meses na Carteira de Trabalho;<\/p>\n\n\n\n<p>Requisitos Obrigat\u00f3rios &#8211; possuir documenta\u00e7\u00e3o completa;<\/p>\n\n\n\n<p>Atividades &#8211; realizar vendas externas de material de expediente,escolar, de escrit\u00f3rio, entre outras atividades correlatas \u00e0 fun\u00e7\u00e3o.<\/p>\n\n\n\n<p>Dispon\u00edvel at\u00e9 08\/07\/2025 ou encerramento da vaga<\/p>\n\n\n\n<p><strong>1 vaga &#8211; Analista Comercial<\/strong><\/p>\n\n\n\n<p>Escolaridade &#8211; ensino superior completo em Administra\u00e7\u00e3o ou Marketing;<\/p>\n\n\n\n<p>Experi\u00eancia \u2013 seis meses na Carteira de Trabalho;<\/p>\n\n\n\n<p>Requisitos Obrigat\u00f3rios &#8211; possuir documenta\u00e7\u00e3o completa;<\/p>\n\n\n\n<p>Atividades &#8211; emitir propostas comerciais com base em modelos prontos; organizar os documentos e prazos das propostas enviadas; fazer contato com clientes para coleta de dados e atendimento inicial; cadastrar e atualizar os dados dos clientes em planilhas e CRM; acompanhar listas de leads e status das propostas; Preencher documentos padr\u00f5es para licita\u00e7\u00f5es; agendar e disparar e-mails com modelo pronto.<\/p>\n\n\n\n<p>Dispon\u00edvel at\u00e9 08\/07\/2025 ou encerramento da vaga<\/p>\n\n\n\n<p><strong>6 vagas &#8211; Pintor<\/strong><\/p>\n\n\n\n<p>Escolaridade &#8211; ensino fundamental completo;<\/p>\n\n\n\n<p>Experi\u00eancia \u2013 seis meses na Carteira de Trabalho;<\/p>\n\n\n\n<p>Requisitos Obrigat\u00f3rios &#8211; possuir documenta\u00e7\u00e3o completa (com dispensa militar);<\/p>\n\n\n\n<p>Atividades &#8211; preparar e aplicar tintas, vernizes e outros revestimentos em superf\u00edcies, tanto em \u00e1reas internas quanto externas de edif\u00edcios e outras obras civis.<\/p>\n\n\n\n<p>Dispon\u00edvel at\u00e9 08\/07\/2025 ou encerramento da vaga<\/p>\n\n\n\n<p><strong>6 vagas &#8211; Bombeiro Hidr\u00e1ulico<\/strong><\/p>\n\n\n\n<p>Escolaridade &#8211; ensino fundamental completo;<\/p>\n\n\n\n<p>Experi\u00eancia \u2013 seis meses na Carteira de Trabalho;<\/p>\n\n\n\n<p>Requisitos Obrigat\u00f3rios &#8211; possuir documenta\u00e7\u00e3o completa (com dispensa militar);<\/p>\n\n\n\n<p>Atividades &#8211; instala\u00e7\u00e3o, manuten\u00e7\u00e3o e reparo de sistemas de \u00e1gua, esgoto e g\u00e1s em edif\u00edcios.<\/p>\n\n\n\n<p>Dispon\u00edvel at\u00e9 08\/07\/2025 ou encerramento da vaga<\/p>\n\n\n\n<p><strong>1 vaga &#8211; Pintor Automotivo<\/strong><\/p>\n\n\n\n<p>Escolaridade &#8211; ensino fundamental completo;<\/p>\n\n\n\n<p>Experi\u00eancia \u2013 seis meses na Carteira de Trabalho;<\/p>\n\n\n\n<p>Requisitos Obrigat\u00f3rios &#8211; ter curso de NR 10, residir nas proximidades do Distrito II e possuir documenta\u00e7\u00e3o completa (com dispensa militar);<\/p>\n\n\n\n<p>Atividades &#8211; pinturas de lanternagem, polimento, reboque e fibragem; providenciar desmonte e preparar lataria e pe\u00e7as; conhecimento em el\u00e9trica automotiva.<\/p>\n\n\n\n<p>Dispon\u00edvel at\u00e9 08\/07\/2025 ou encerramento da vaga<\/p>\n\n\n\n<p><strong>1 vaga &#8211; Operador de M\u00e1quina Extrusora<\/strong><\/p>\n\n\n\n<p>Escolaridade &#8211; ensino m\u00e9dio completo;<\/p>\n\n\n\n<p>Experi\u00eancia \u2013 seis meses na Carteira de Trabalho;<\/p>\n\n\n\n<p>Requisitos Obrigat\u00f3rios &#8211; ter curso de NR 11, Lideran\u00e7a, disponibilidade de hor\u00e1rio e possuir documenta\u00e7\u00e3o completa (com dispensa militar);<\/p>\n\n\n\n<p>Atividades &#8211; preparar e abastecer as m\u00e1quinas; controlar o processo de extrus\u00e3o; monitorar a qualidade do produto; garantir a seguran\u00e7a operacional; realizar manuten\u00e7\u00e3o preventiva.<\/p>\n\n\n\n<p>Dispon\u00edvel at\u00e9 08\/07\/2025 ou encerramento da vaga<\/p>\n\n\n\n<p><strong>Vagas exclusivas para Pessoas com Defici\u00eancia (PcDs) \u2013 6<\/strong><\/p>\n\n\n\n<p><strong>3 vagas &#8211; Promotor de Vendas &#8211; Vagas exclusivas para Pessoa com Defici\u00eancia (PCD)<\/strong><\/p>\n\n\n\n<p>Escolaridade &#8211; ensino fundamental completo;<\/p>\n\n\n\n<p>Experi\u00eancia \u2013 n\u00e3o \u00e9 necess\u00e1rio;<\/p>\n\n\n\n<p>Requisitos Obrigat\u00f3rios &#8211; possuir documenta\u00e7\u00e3o completa;<\/p>\n\n\n\n<p>Atividades &#8211; garantir excel\u00eancia na organiza\u00e7\u00e3o e limpeza do departamento, oferecendo atendimento diferenciado ao cliente e impulsionando resultados por meio da oferta de produtos financeiros; atender prontamente solicita\u00e7\u00f5es do caixa, assegurando integridade das mercadorias e precifica\u00e7\u00e3o adequada; monitorar entrada e sa\u00edda de pe\u00e7as no provador, entre outras atividades correlatas \u00e0 fun\u00e7\u00e3o.<\/p>\n\n\n\n<p>Dispon\u00edvel at\u00e9 08\/07\/2025 ou encerramento da vaga<\/p>\n\n\n\n<p><strong>3 vagas &#8211; Promotor de Vendas &#8211; Vagas exclusivas para Pessoa com Defici\u00eancia (PCD)<\/strong><\/p>\n\n\n\n<p>Escolaridade &#8211; ensino fundamental completo;<\/p>\n\n\n\n<p>Experi\u00eancia \u2013 n\u00e3o \u00e9 necess\u00e1rio;<\/p>\n\n\n\n<p>Requisitos Obrigat\u00f3rios &#8211; possuir documenta\u00e7\u00e3o completa;<\/p>\n\n\n\n<p>Atividades &#8211; garantir excel\u00eancia na organiza\u00e7\u00e3o e limpeza do departamento, oferecendo atendimento diferenciado ao cliente e impulsionando resultados por meio da oferta de produtos financeiros; atender prontamente solicita\u00e7\u00f5es do caixa, assegurando integridade das mercadorias e precifica\u00e7\u00e3o adequada; monitorar entrada e sa\u00edda de pe\u00e7as no provador, entre outras atividades correlatas \u00e0 fun\u00e7\u00e3o.<\/p>\n\n\n\n<p>Dispon\u00edvel at\u00e9 08\/07\/2025 ou encerramento da vaga<\/p>\n\n\n\n<p>\u2013\u2013\u2013\u2013\u2013\u2013\u2013\u2013\u2013\u2013\u2013\u2013\u2013\u2013\u2013\u2013\u2013\u2013\u2013\u2013\u2013<\/p>\n\n\n\n<p><strong>Texto \u2013&nbsp;<\/strong>Divulga\u00e7\u00e3o \/ Semtepi<\/p>\n\n\n\n<p><strong>Fotos \u2013&nbsp;<\/strong>Arquivo \/ Semcom<\/p>\n\n\n\n<p><strong>Dispon\u00edveis em \u2013&nbsp;<\/strong><strong><a href=\"https:\/\/flic.kr\/s\/aHBqjCetWK\">https:\/\/flic.kr\/s\/aHBqjCetWK<\/a><\/strong><\/p>\n","protected":false},"excerpt":{"rendered":"","protected":false},"author":57,"featured_media":6592,"comment_status":"closed","ping_status":"closed","sticky":false,"template":"","format":"standard","meta":{"footnotes":""},"categories":[760],"tags":[1436,8,9,10],"acf":[],"yoast_head":"<!-- This site is optimized with the Yoast SEO plugin v23.0 - https:\/\/yoast.com\/wordpress\/plugins\/seo\/ -->\n<title>Sine Manaus oferta 252 vagas de emprego nesta ter\u00e7a, 8\/7<\/title>\n<meta name=\"description\" content=\"A Prefeitura de Manaus, por meio do Sine Manaus, oferta 252 vagas de emprego em v\u00e1rias \u00e1reas de atua\u00e7\u00e3o, nesta ter\u00e7a\u2013feira, 8\/7,\u00a0de 8h \u00e0s 14h.\" \/>\n<meta name=\"robots\" content=\"noindex, follow\" \/>\n<meta property=\"og:locale\" content=\"pt_BR\" \/>\n<meta property=\"og:type\" content=\"article\" \/>\n<meta property=\"og:title\" content=\"Sine Manaus oferta 252 vagas de emprego nesta ter\u00e7a, 8\/7\" \/>\n<meta property=\"og:description\" content=\"A Prefeitura de Manaus, por meio do Sine Manaus, oferta 252 vagas de emprego em v\u00e1rias \u00e1reas de atua\u00e7\u00e3o, nesta ter\u00e7a\u2013feira, 8\/7,\u00a0de 8h \u00e0s 14h.\" \/>\n<meta property=\"og:url\" content=\"https:\/\/www.manaus.am.gov.br\/semtepi\/emprego\/252-vagas-de-emprego-sine-manaus\/\" \/>\n<meta property=\"og:site_name\" content=\"SEMTEPI\" \/>\n<meta property=\"article:published_time\" content=\"2025-07-07T17:58:52+00:00\" \/>\n<meta property=\"article:modified_time\" content=\"2025-07-07T17:58:53+00:00\" \/>\n<meta property=\"og:image\" content=\"https:\/\/www.manaus.am.gov.br\/semtepi\/wp-content\/uploads\/sites\/20\/2025\/07\/252-vagas-de-emprego.jpg\" \/>\n\t<meta property=\"og:image:width\" content=\"799\" \/>\n\t<meta property=\"og:image:height\" content=\"533\" \/>\n\t<meta property=\"og:image:type\" content=\"image\/jpeg\" \/>\n<meta name=\"author\" content=\"Thiago Fernando\" \/>\n<meta name=\"twitter:card\" content=\"summary_large_image\" \/>\n<meta name=\"twitter:label1\" content=\"Written by\" \/>\n\t<meta name=\"twitter:data1\" content=\"Thiago Fernando\" \/>\n\t<meta name=\"twitter:label2\" content=\"Est. reading time\" \/>\n\t<meta name=\"twitter:data2\" content=\"13 minutos\" \/>\n<script type=\"application\/ld+json\" class=\"yoast-schema-graph\">{\"@context\":\"https:\/\/schema.org\",\"@graph\":[{\"@type\":\"Article\",\"@id\":\"https:\/\/www.manaus.am.gov.br\/semtepi\/emprego\/252-vagas-de-emprego-sine-manaus\/#article\",\"isPartOf\":{\"@id\":\"https:\/\/www.manaus.am.gov.br\/semtepi\/emprego\/252-vagas-de-emprego-sine-manaus\/\"},\"author\":{\"name\":\"Thiago Fernando\",\"@id\":\"https:\/\/www.manaus.am.gov.br\/semtepi\/#\/schema\/person\/a5ee5376db6e21af026374b369f30882\"},\"headline\":\"Sine Manaus oferta 252 vagas de emprego nesta ter\u00e7a\u2013feira, 8\/7\",\"datePublished\":\"2025-07-07T17:58:52+00:00\",\"dateModified\":\"2025-07-07T17:58:53+00:00\",\"mainEntityOfPage\":{\"@id\":\"https:\/\/www.manaus.am.gov.br\/semtepi\/emprego\/252-vagas-de-emprego-sine-manaus\/\"},\"wordCount\":2599,\"publisher\":{\"@id\":\"https:\/\/www.manaus.am.gov.br\/semtepi\/#organization\"},\"image\":{\"@id\":\"https:\/\/www.manaus.am.gov.br\/semtepi\/emprego\/252-vagas-de-emprego-sine-manaus\/#primaryimage\"},\"thumbnailUrl\":\"https:\/\/www.manaus.am.gov.br\/semtepi\/wp-content\/uploads\/sites\/20\/2025\/07\/252-vagas-de-emprego.jpg\",\"keywords\":[\"252 vagas de emprego\",\"prefeitura de manaus\",\"Semtepi\",\"sine manaus\"],\"articleSection\":[\"Emprego\"],\"inLanguage\":\"pt-BR\"},{\"@type\":\"WebPage\",\"@id\":\"https:\/\/www.manaus.am.gov.br\/semtepi\/emprego\/252-vagas-de-emprego-sine-manaus\/\",\"url\":\"https:\/\/www.manaus.am.gov.br\/semtepi\/emprego\/252-vagas-de-emprego-sine-manaus\/\",\"name\":\"Sine Manaus oferta 252 vagas de emprego nesta ter\u00e7a, 8\/7\",\"isPartOf\":{\"@id\":\"https:\/\/www.manaus.am.gov.br\/semtepi\/#website\"},\"primaryImageOfPage\":{\"@id\":\"https:\/\/www.manaus.am.gov.br\/semtepi\/emprego\/252-vagas-de-emprego-sine-manaus\/#primaryimage\"},\"image\":{\"@id\":\"https:\/\/www.manaus.am.gov.br\/semtepi\/emprego\/252-vagas-de-emprego-sine-manaus\/#primaryimage\"},\"thumbnailUrl\":\"https:\/\/www.manaus.am.gov.br\/semtepi\/wp-content\/uploads\/sites\/20\/2025\/07\/252-vagas-de-emprego.jpg\",\"datePublished\":\"2025-07-07T17:58:52+00:00\",\"dateModified\":\"2025-07-07T17:58:53+00:00\",\"description\":\"A Prefeitura de Manaus, por meio do Sine Manaus, oferta 252 vagas de emprego em v\u00e1rias \u00e1reas de atua\u00e7\u00e3o, nesta ter\u00e7a\u2013feira, 8\/7,\u00a0de 8h \u00e0s 14h.\",\"breadcrumb\":{\"@id\":\"https:\/\/www.manaus.am.gov.br\/semtepi\/emprego\/252-vagas-de-emprego-sine-manaus\/#breadcrumb\"},\"inLanguage\":\"pt-BR\",\"potentialAction\":[{\"@type\":\"ReadAction\",\"target\":[\"https:\/\/www.manaus.am.gov.br\/semtepi\/emprego\/252-vagas-de-emprego-sine-manaus\/\"]}]},{\"@type\":\"ImageObject\",\"inLanguage\":\"pt-BR\",\"@id\":\"https:\/\/www.manaus.am.gov.br\/semtepi\/emprego\/252-vagas-de-emprego-sine-manaus\/#primaryimage\",\"url\":\"https:\/\/www.manaus.am.gov.br\/semtepi\/wp-content\/uploads\/sites\/20\/2025\/07\/252-vagas-de-emprego.jpg\",\"contentUrl\":\"https:\/\/www.manaus.am.gov.br\/semtepi\/wp-content\/uploads\/sites\/20\/2025\/07\/252-vagas-de-emprego.jpg\",\"width\":799,\"height\":533,\"caption\":\"252 vagas de emprego\"},{\"@type\":\"BreadcrumbList\",\"@id\":\"https:\/\/www.manaus.am.gov.br\/semtepi\/emprego\/252-vagas-de-emprego-sine-manaus\/#breadcrumb\",\"itemListElement\":[{\"@type\":\"ListItem\",\"position\":1,\"name\":\"Home\",\"item\":\"https:\/\/www.manaus.am.gov.br\/semtepi\/\"},{\"@type\":\"ListItem\",\"position\":2,\"name\":\"Sine Manaus oferta 252 vagas de emprego nesta ter\u00e7a\u2013feira, 8\/7\"}]},{\"@type\":\"WebSite\",\"@id\":\"https:\/\/www.manaus.am.gov.br\/semtepi\/#website\",\"url\":\"https:\/\/www.manaus.am.gov.br\/semtepi\/\",\"name\":\"SEMTEPI\",\"description\":\"Prefeitura de Manaus\",\"publisher\":{\"@id\":\"https:\/\/www.manaus.am.gov.br\/semtepi\/#organization\"},\"alternateName\":\"Secretaria Municipal do Trabalho, Empreendedorismo e Inova\u00e7\u00e3o\",\"potentialAction\":[{\"@type\":\"SearchAction\",\"target\":{\"@type\":\"EntryPoint\",\"urlTemplate\":\"https:\/\/www.manaus.am.gov.br\/semtepi\/?s={search_term_string}\"},\"query-input\":\"required name=search_term_string\"}],\"inLanguage\":\"pt-BR\"},{\"@type\":\"Organization\",\"@id\":\"https:\/\/www.manaus.am.gov.br\/semtepi\/#organization\",\"name\":\"Prefeitura Municipal de Manaus\",\"alternateName\":\"Prefeitura de Manaus\",\"url\":\"https:\/\/www.manaus.am.gov.br\/semtepi\/\",\"logo\":{\"@type\":\"ImageObject\",\"inLanguage\":\"pt-BR\",\"@id\":\"https:\/\/www.manaus.am.gov.br\/semtepi\/#\/schema\/logo\/image\/\",\"url\":\"https:\/\/www.manaus.am.gov.br\/semtepi\/wp-content\/uploads\/sites\/20\/2024\/07\/favicon.png\",\"contentUrl\":\"https:\/\/www.manaus.am.gov.br\/semtepi\/wp-content\/uploads\/sites\/20\/2024\/07\/favicon.png\",\"width\":300,\"height\":300,\"caption\":\"Prefeitura Municipal de Manaus\"},\"image\":{\"@id\":\"https:\/\/www.manaus.am.gov.br\/semtepi\/#\/schema\/logo\/image\/\"}},{\"@type\":\"Person\",\"@id\":\"https:\/\/www.manaus.am.gov.br\/semtepi\/#\/schema\/person\/a5ee5376db6e21af026374b369f30882\",\"name\":\"Thiago Fernando\",\"image\":{\"@type\":\"ImageObject\",\"inLanguage\":\"pt-BR\",\"@id\":\"https:\/\/www.manaus.am.gov.br\/semtepi\/#\/schema\/person\/image\/\",\"url\":\"https:\/\/secure.gravatar.com\/avatar\/f5aab8722444041451501c077052ac07?s=96&d=mm&r=g\",\"contentUrl\":\"https:\/\/secure.gravatar.com\/avatar\/f5aab8722444041451501c077052ac07?s=96&d=mm&r=g\",\"caption\":\"Thiago Fernando\"}}]}<\/script>\n<!-- \/ Yoast SEO plugin. -->","yoast_head_json":{"title":"Sine Manaus oferta 252 vagas de emprego nesta ter\u00e7a, 8\/7","description":"A Prefeitura de Manaus, por meio do Sine Manaus, oferta 252 vagas de emprego em v\u00e1rias \u00e1reas de atua\u00e7\u00e3o, nesta ter\u00e7a\u2013feira, 8\/7,\u00a0de 8h \u00e0s 14h.","robots":{"index":"noindex","follow":"follow"},"og_locale":"pt_BR","og_type":"article","og_title":"Sine Manaus oferta 252 vagas de emprego nesta ter\u00e7a, 8\/7","og_description":"A Prefeitura de Manaus, por meio do Sine Manaus, oferta 252 vagas de emprego em v\u00e1rias \u00e1reas de atua\u00e7\u00e3o, nesta ter\u00e7a\u2013feira, 8\/7,\u00a0de 8h \u00e0s 14h.","og_url":"https:\/\/www.manaus.am.gov.br\/semtepi\/emprego\/252-vagas-de-emprego-sine-manaus\/","og_site_name":"SEMTEPI","article_published_time":"2025-07-07T17:58:52+00:00","article_modified_time":"2025-07-07T17:58:53+00:00","og_image":[{"width":799,"height":533,"url":"https:\/\/www.manaus.am.gov.br\/semtepi\/wp-content\/uploads\/sites\/20\/2025\/07\/252-vagas-de-emprego.jpg","type":"image\/jpeg"}],"author":"Thiago Fernando","twitter_card":"summary_large_image","twitter_misc":{"Written by":"Thiago Fernando","Est. reading time":"13 minutos"},"schema":{"@context":"https:\/\/schema.org","@graph":[{"@type":"Article","@id":"https:\/\/www.manaus.am.gov.br\/semtepi\/emprego\/252-vagas-de-emprego-sine-manaus\/#article","isPartOf":{"@id":"https:\/\/www.manaus.am.gov.br\/semtepi\/emprego\/252-vagas-de-emprego-sine-manaus\/"},"author":{"name":"Thiago Fernando","@id":"https:\/\/www.manaus.am.gov.br\/semtepi\/#\/schema\/person\/a5ee5376db6e21af026374b369f30882"},"headline":"Sine Manaus oferta 252 vagas de emprego nesta ter\u00e7a\u2013feira, 8\/7","datePublished":"2025-07-07T17:58:52+00:00","dateModified":"2025-07-07T17:58:53+00:00","mainEntityOfPage":{"@id":"https:\/\/www.manaus.am.gov.br\/semtepi\/emprego\/252-vagas-de-emprego-sine-manaus\/"},"wordCount":2599,"publisher":{"@id":"https:\/\/www.manaus.am.gov.br\/semtepi\/#organization"},"image":{"@id":"https:\/\/www.manaus.am.gov.br\/semtepi\/emprego\/252-vagas-de-emprego-sine-manaus\/#primaryimage"},"thumbnailUrl":"https:\/\/www.manaus.am.gov.br\/semtepi\/wp-content\/uploads\/sites\/20\/2025\/07\/252-vagas-de-emprego.jpg","keywords":["252 vagas de emprego","prefeitura de manaus","Semtepi","sine manaus"],"articleSection":["Emprego"],"inLanguage":"pt-BR"},{"@type":"WebPage","@id":"https:\/\/www.manaus.am.gov.br\/semtepi\/emprego\/252-vagas-de-emprego-sine-manaus\/","url":"https:\/\/www.manaus.am.gov.br\/semtepi\/emprego\/252-vagas-de-emprego-sine-manaus\/","name":"Sine Manaus oferta 252 vagas de emprego nesta ter\u00e7a, 8\/7","isPartOf":{"@id":"https:\/\/www.manaus.am.gov.br\/semtepi\/#website"},"primaryImageOfPage":{"@id":"https:\/\/www.manaus.am.gov.br\/semtepi\/emprego\/252-vagas-de-emprego-sine-manaus\/#primaryimage"},"image":{"@id":"https:\/\/www.manaus.am.gov.br\/semtepi\/emprego\/252-vagas-de-emprego-sine-manaus\/#primaryimage"},"thumbnailUrl":"https:\/\/www.manaus.am.gov.br\/semtepi\/wp-content\/uploads\/sites\/20\/2025\/07\/252-vagas-de-emprego.jpg","datePublished":"2025-07-07T17:58:52+00:00","dateModified":"2025-07-07T17:58:53+00:00","description":"A Prefeitura de Manaus, por meio do Sine Manaus, oferta 252 vagas de emprego em v\u00e1rias \u00e1reas de atua\u00e7\u00e3o, nesta ter\u00e7a\u2013feira, 8\/7,\u00a0de 8h \u00e0s 14h.","breadcrumb":{"@id":"https:\/\/www.manaus.am.gov.br\/semtepi\/emprego\/252-vagas-de-emprego-sine-manaus\/#breadcrumb"},"inLanguage":"pt-BR","potentialAction":[{"@type":"ReadAction","target":["https:\/\/www.manaus.am.gov.br\/semtepi\/emprego\/252-vagas-de-emprego-sine-manaus\/"]}]},{"@type":"ImageObject","inLanguage":"pt-BR","@id":"https:\/\/www.manaus.am.gov.br\/semtepi\/emprego\/252-vagas-de-emprego-sine-manaus\/#primaryimage","url":"https:\/\/www.manaus.am.gov.br\/semtepi\/wp-content\/uploads\/sites\/20\/2025\/07\/252-vagas-de-emprego.jpg","contentUrl":"https:\/\/www.manaus.am.gov.br\/semtepi\/wp-content\/uploads\/sites\/20\/2025\/07\/252-vagas-de-emprego.jpg","width":799,"height":533,"caption":"252 vagas de emprego"},{"@type":"BreadcrumbList","@id":"https:\/\/www.manaus.am.gov.br\/semtepi\/emprego\/252-vagas-de-emprego-sine-manaus\/#breadcrumb","itemListElement":[{"@type":"ListItem","position":1,"name":"Home","item":"https:\/\/www.manaus.am.gov.br\/semtepi\/"},{"@type":"ListItem","position":2,"name":"Sine Manaus oferta 252 vagas de emprego nesta ter\u00e7a\u2013feira, 8\/7"}]},{"@type":"WebSite","@id":"https:\/\/www.manaus.am.gov.br\/semtepi\/#website","url":"https:\/\/www.manaus.am.gov.br\/semtepi\/","name":"SEMTEPI","description":"Prefeitura de Manaus","publisher":{"@id":"https:\/\/www.manaus.am.gov.br\/semtepi\/#organization"},"alternateName":"Secretaria Municipal do Trabalho, Empreendedorismo e Inova\u00e7\u00e3o","potentialAction":[{"@type":"SearchAction","target":{"@type":"EntryPoint","urlTemplate":"https:\/\/www.manaus.am.gov.br\/semtepi\/?s={search_term_string}"},"query-input":"required name=search_term_string"}],"inLanguage":"pt-BR"},{"@type":"Organization","@id":"https:\/\/www.manaus.am.gov.br\/semtepi\/#organization","name":"Prefeitura Municipal de Manaus","alternateName":"Prefeitura de Manaus","url":"https:\/\/www.manaus.am.gov.br\/semtepi\/","logo":{"@type":"ImageObject","inLanguage":"pt-BR","@id":"https:\/\/www.manaus.am.gov.br\/semtepi\/#\/schema\/logo\/image\/","url":"https:\/\/www.manaus.am.gov.br\/semtepi\/wp-content\/uploads\/sites\/20\/2024\/07\/favicon.png","contentUrl":"https:\/\/www.manaus.am.gov.br\/semtepi\/wp-content\/uploads\/sites\/20\/2024\/07\/favicon.png","width":300,"height":300,"caption":"Prefeitura Municipal de Manaus"},"image":{"@id":"https:\/\/www.manaus.am.gov.br\/semtepi\/#\/schema\/logo\/image\/"}},{"@type":"Person","@id":"https:\/\/www.manaus.am.gov.br\/semtepi\/#\/schema\/person\/a5ee5376db6e21af026374b369f30882","name":"Thiago Fernando","image":{"@type":"ImageObject","inLanguage":"pt-BR","@id":"https:\/\/www.manaus.am.gov.br\/semtepi\/#\/schema\/person\/image\/","url":"https:\/\/secure.gravatar.com\/avatar\/f5aab8722444041451501c077052ac07?s=96&d=mm&r=g","contentUrl":"https:\/\/secure.gravatar.com\/avatar\/f5aab8722444041451501c077052ac07?s=96&d=mm&r=g","caption":"Thiago Fernando"}}]}},"_links":{"self":[{"href":"https:\/\/www.manaus.am.gov.br\/semtepi\/wp-json\/wp\/v2\/posts\/6591"}],"collection":[{"href":"https:\/\/www.manaus.am.gov.br\/semtepi\/wp-json\/wp\/v2\/posts"}],"about":[{"href":"https:\/\/www.manaus.am.gov.br\/semtepi\/wp-json\/wp\/v2\/types\/post"}],"author":[{"embeddable":true,"href":"https:\/\/www.manaus.am.gov.br\/semtepi\/wp-json\/wp\/v2\/users\/57"}],"replies":[{"embeddable":true,"href":"https:\/\/www.manaus.am.gov.br\/semtepi\/wp-json\/wp\/v2\/comments?post=6591"}],"version-history":[{"count":0,"href":"https:\/\/www.manaus.am.gov.br\/semtepi\/wp-json\/wp\/v2\/posts\/6591\/revisions"}],"wp:featuredmedia":[{"embeddable":true,"href":"https:\/\/www.manaus.am.gov.br\/semtepi\/wp-json\/wp\/v2\/media\/6592"}],"wp:attachment":[{"href":"https:\/\/www.manaus.am.gov.br\/semtepi\/wp-json\/wp\/v2\/media?parent=6591"}],"wp:term":[{"taxonomy":"category","embeddable":true,"href":"https:\/\/www.manaus.am.gov.br\/semtepi\/wp-json\/wp\/v2\/categories?post=6591"},{"taxonomy":"post_tag","embeddable":true,"href":"https:\/\/www.manaus.am.gov.br\/semtepi\/wp-json\/wp\/v2\/tags?post=6591"}],"curies":[{"name":"wp","href":"https:\/\/api.w.org\/{rel}","templated":true}]}}