{"id":6574,"date":"2025-07-02T14:10:10","date_gmt":"2025-07-02T18:10:10","guid":{"rendered":"https:\/\/www.manaus.am.gov.br\/semtepi\/sem-categoria\/prefeitura-sinemanaus-vagas0307\/"},"modified":"2025-07-02T14:10:12","modified_gmt":"2025-07-02T18:10:12","slug":"prefeitura-sinemanaus-vagas0307","status":"publish","type":"post","link":"https:\/\/www.manaus.am.gov.br\/semtepi\/oportunidade\/prefeitura-sinemanaus-vagas0307\/","title":{"rendered":"Sine Manaus oferta 295 vagas de emprego nesta quinta\u2013feira, 3\/7"},"content":{"rendered":"\n<p><a>A Prefeitura de Manaus, por meio do Sine Manaus, oferta 295 vagas de emprego em v\u00e1rias \u00e1reas de atua\u00e7\u00e3o, nesta quinta\u2013feira, 3\/7,&nbsp;das <\/a>8h \u00e0s 14h. O candidato pode validar a Carteira Digital e Previd\u00eancia Social (CTPS) no aplicativo \u201cCarteira de Trabalho Digital\u201d ou acessar o site&nbsp;<a href=\"http:\/\/gov.br\/trabalho\" target=\"_blank\" rel=\"noreferrer noopener\">http:\/\/gov.br\/trabalho<\/a>.<\/p>\n\n\n\n<p>Para participar da pr\u00e9\u2013sele\u00e7\u00e3o e concorrer a uma das vagas dispon\u00edveis, ou receber orienta\u00e7\u00e3o de cadastro, Carteira de Trabalho Digital e seguro\u2013desemprego, os candidatos devem comparecer a um dos postos do Sine Manaus: na avenida Constantino Nery, n\u00ba 1.272, bairro S\u00e3o Geraldo, zona Centro\u2013Sul; ou no shopping Phelippe Daou, na avenida Camapu\u00e3, n\u00ba 2.939, bairro Cidade de Deus, zona Leste.<\/p>\n\n\n\n<p>Os interessados devem estar munidos do comprovante de vacina\u00e7\u00e3o (Covid\u201319), curr\u00edculo, certificados de cursos e documentos pessoais (RG, CPF, PIS, CTPS, comprovante de escolaridade e resid\u00eancia). N\u00e3o \u00e9 necess\u00e1rio apresentar c\u00f3pias, somente os documentos originais.<\/p>\n\n\n\n<p>\u00c9 importante que os candidatos mantenham seus cadastros atualizados, especialmente ao finalizarem novas qualifica\u00e7\u00f5es. Para vagas espec\u00edficas, podem ser solicitados documentos adicionais, como cursos ou certifica\u00e7\u00f5es, por isso, \u00e9 essencial estar atento aos &#8220;Requisitos Obrigat\u00f3rios&#8221; de cada vaga.<\/p>\n\n\n\n<p>A Semtepi ressalta que, obedecendo ao disposto no artigo 5\u00ba, da Constitui\u00e7\u00e3o Federal, e ao artigo 373\u2013A, da Consolida\u00e7\u00e3o das Leis Trabalhistas (CLT), crit\u00e9rios referentes a sexo, idade, cor ou situa\u00e7\u00e3o familiar, n\u00e3o podem ser informados na divulga\u00e7\u00e3o das vagas disponibilizadas.<\/p>\n\n\n\n<p>Os candidatos devem estar cientes das diretrizes de vestimenta estabelecidas pelo \u00f3rg\u00e3o, as quais incluem a proibi\u00e7\u00e3o de vestimentas como bermudas, shorts, minissaias, camisetas regatas e chinelos durante a entrada.<\/p>\n\n\n\n<p><strong>Vagas Novas \u2013 63<\/strong><\/p>\n\n\n\n<p><strong>2 vagas &#8211; Auxiliar de Limpeza<\/strong><\/p>\n\n\n\n<p>Escolaridade &#8211; ensino fundamental completo;<\/p>\n\n\n\n<p>Experi\u00eancia \u2013 n\u00e3o \u00e9 necess\u00e1rio;<\/p>\n\n\n\n<p>Requisitos Obrigat\u00f3rios &#8211; ter disponibilidade de hor\u00e1rio e possuir documenta\u00e7\u00e3o completa (com dispensa militar);<\/p>\n\n\n\n<p>Atividades &#8211; servi\u00e7os de limpeza, conserva\u00e7\u00e3o e manuten\u00e7\u00e3o da higiene das lojas.<\/p>\n\n\n\n<p>Dispon\u00edvel at\u00e9 3\/7\/2025 ou encerramento da vaga<\/p>\n\n\n\n<p><strong>1 vaga &#8211; Est\u00e1gio em Tecnologia da Informa\u00e7\u00e3o<\/strong><\/p>\n\n\n\n<p>Escolaridade &#8211; cursando ensino superior em Ci\u00eancia da Computa\u00e7\u00e3o (a partir do 5\u00ba per\u00edodo);<\/p>\n\n\n\n<p>Experi\u00eancia \u2013 n\u00e3o \u00e9 necess\u00e1rio;<\/p>\n\n\n\n<p>Requisitos Obrigat\u00f3rios &#8211; ter conhecimento em l\u00f3gica de programa\u00e7\u00e3o, Microsoft Office e possuir documenta\u00e7\u00e3o completa (com dispensa militar);<\/p>\n\n\n\n<p>Atividades &#8211; prestar suporte a \u00e1rea de TI; elabora\u00e7\u00e3o de informa\u00e7\u00f5es em Microsoft Office; digita\u00e7\u00f5es para projetos de ERP; manuten\u00e7\u00e3o e atualiza\u00e7\u00e3o de todo o sistema computacional.<\/p>\n\n\n\n<p>Dispon\u00edvel at\u00e9 3\/7\/2025 ou encerramento da vaga<\/p>\n\n\n\n<p><strong>10 vagas &#8211; Auxiliar de Limpeza &#8211; Vagas exclusivas para Pessoa com Defici\u00eancia (PCD)<\/strong><\/p>\n\n\n\n<p>Escolaridade &#8211; ensino fundamental completo;<\/p>\n\n\n\n<p>Experi\u00eancia \u2013 n\u00e3o \u00e9 necess\u00e1rio;<\/p>\n\n\n\n<p>Requisitos Obrigat\u00f3rios &#8211; possuir documenta\u00e7\u00e3o completa (com dispensa militar);<\/p>\n\n\n\n<p>Atividades &#8211; servi\u00e7os de limpeza, conserva\u00e7\u00e3o e manuten\u00e7\u00e3o da higiene das lojas.<\/p>\n\n\n\n<p>Dispon\u00edvel at\u00e9 3\/7\/2025 ou encerramento da vaga<\/p>\n\n\n\n<p><strong>2 vagas &#8211; Estoquista<\/strong><\/p>\n\n\n\n<p>Escolaridade &#8211; ensino m\u00e9dio completo;<\/p>\n\n\n\n<p>Experi\u00eancia \u2013 seis meses na Carteira de Trabalho;<\/p>\n\n\n\n<p>Requisitos Obrigat\u00f3rios &#8211; possuir documenta\u00e7\u00e3o completa (com dispensa militar);<\/p>\n\n\n\n<p>Atividades &#8211; gerir o estoque, receber mercadorias, verificar qualidade e organiza\u00e7\u00e3o dos produtos e garantir disponibilidade para as vendas.<\/p>\n\n\n\n<p>Dispon\u00edvel at\u00e9 3\/7\/2025 ou encerramento da vaga<\/p>\n\n\n\n<p><strong>2 vagas &#8211; Seguran\u00e7a<\/strong><\/p>\n\n\n\n<p>Escolaridade &#8211; ensino m\u00e9dio completo;<\/p>\n\n\n\n<p>Experi\u00eancia \u2013 seis meses na Carteira de Trabalho;<\/p>\n\n\n\n<p>Requisitos Obrigat\u00f3rios &#8211; possuir documenta\u00e7\u00e3o completa (com dispensa militar);<\/p>\n\n\n\n<p>Atividades &#8211; monitorar a movimenta\u00e7\u00e3o de pessoas, prevenir furtos, identificar comportamentos suspeitos, verificar a entrada e sa\u00edda de mercadorias, e prestar atendimento ao cliente.<\/p>\n\n\n\n<p>Dispon\u00edvel at\u00e9 3\/7\/2025 ou encerramento da vaga<\/p>\n\n\n\n<p><strong>2 vagas &#8211; Auxiliar de Vendas<\/strong><\/p>\n\n\n\n<p>Escolaridade &#8211; ensino m\u00e9dio completo;<\/p>\n\n\n\n<p>Experi\u00eancia \u2013 seis meses na Carteira de Trabalho;<\/p>\n\n\n\n<p>Requisitos Obrigat\u00f3rios &#8211; ter experi\u00eancia na \u00e1rea de vendas automotiva, lubrificante e possuir documenta\u00e7\u00e3o completa;<\/p>\n\n\n\n<p>Atividades &#8211; suporte de vendas, vendas em lojas f\u00edsicas, atendimento ao cliente, suporte a vendedores externos e equipes de vendas, comercial.<\/p>\n\n\n\n<p>Dispon\u00edvel at\u00e9 3\/7\/2025 ou encerramento da vaga<\/p>\n\n\n\n<p><strong>3 vagas &#8211; Auxiliar de Cozinha<\/strong><\/p>\n\n\n\n<p>Escolaridade &#8211; ensino m\u00e9dio completo;<\/p>\n\n\n\n<p>Experi\u00eancia \u2013 seis meses na Carteira de Trabalho;<\/p>\n\n\n\n<p>Requisitos Obrigat\u00f3rios &#8211; ter disponibilidade para dormir no trabalho e possuir documenta\u00e7\u00e3o completa;<\/p>\n\n\n\n<p>Atividades &#8211; auxiliar os cozinheiros nos preparos das refei\u00e7\u00f5es, lavando, descascando e cortando carnes, verduras, legumes e frutas, conferir a validade e qualidade dos produtos, visando garantir a qualidade das refei\u00e7\u00f5es executa servi\u00e7os de limpeza e arruma\u00e7\u00e3o em cozinhas, copas e refeit\u00f3rios, lavar bandejas, panelas, talheres e utens\u00edlios de mesa aplicando detergentes e materiais de limpeza, limpar e arrumar mesas e cadeiras dos refeit\u00f3rios, estendendo toalhas, distribuindo talheres e recipientes; saber preparar sobremesas e no\u00e7\u00f5es na parte de confeitaria.<\/p>\n\n\n\n<p>Dispon\u00edvel at\u00e9 3\/7\/2025 ou encerramento da vaga<\/p>\n\n\n\n<p><strong>3 vagas &#8211; Gar\u00e7om<\/strong><\/p>\n\n\n\n<p>Escolaridade &#8211; ensino m\u00e9dio completo;<\/p>\n\n\n\n<p>Experi\u00eancia \u2013 seis meses na Carteira de Trabalho;<\/p>\n\n\n\n<p>Requisitos Obrigat\u00f3rios &#8211; ter disponibilidade para dormir no trabalho e possuir documenta\u00e7\u00e3o completa (com dispensa militar);<\/p>\n\n\n\n<p>Atividades &#8211; recepcionar os clientes; servir alimentos e bebidas; arrumar mesas para os servi\u00e7os de refei\u00e7\u00f5es; anotar pedidos, servir drinques, bebidas ou vinhos; interagir com a cozinha e o bar para execu\u00e7\u00e3o dos pedidos; preparar o buffet.<\/p>\n\n\n\n<p>Dispon\u00edvel at\u00e9 3\/7\/2025 ou encerramento da vaga<\/p>\n\n\n\n<p><strong>3 vagas &#8211; Agente de Opera\u00e7\u00f5es Tur\u00edsticas<\/strong><\/p>\n\n\n\n<p>Escolaridade &#8211; ensino m\u00e9dio completo;<\/p>\n\n\n\n<p>Experi\u00eancia \u2013 seis meses na Carteira de Trabalho;<\/p>\n\n\n\n<p>Requisitos Obrigat\u00f3rios &#8211; ter disponibilidade de hor\u00e1rio, Carteira Nacional de Habilita\u00e7\u00e3o categoria \u201cB\u201d e possuir documenta\u00e7\u00e3o completa (com dispensa militar);<\/p>\n\n\n\n<p>Atividades &#8211; recepcionar os turistas do aeroporto;&nbsp; chegar reservas do dia anterior e dia atual; fazer placas de PICK up no aeroporto, para identifica\u00e7\u00e3o dos h\u00f3spedes que est\u00e3o chegando; comunicar os operadores de dentro do hotel,deixando sobreaviso os hor\u00e1rios de chegadas dos h\u00f3spedes na Marina,para que os mesmos programem o transporte fluvial para os clientes.<\/p>\n\n\n\n<p>Dispon\u00edvel at\u00e9 3\/7\/2025 ou encerramento da vaga<\/p>\n\n\n\n<p><strong>2 vagas &#8211; Art\u00edfice de Manuten\u00e7\u00e3o<\/strong><\/p>\n\n\n\n<p>Escolaridade &#8211; ensino m\u00e9dio completo;<\/p>\n\n\n\n<p>Experi\u00eancia \u2013 seis meses na Carteira de Trabalho;<\/p>\n\n\n\n<p>Requisitos Obrigat\u00f3rios &#8211; ter disponibilidade de hor\u00e1rio e possuir documenta\u00e7\u00e3o completa (com dispensa militar);<\/p>\n\n\n\n<p>Atividades &#8211; efetuar as tarefas de manuten\u00e7\u00e3o predial, consertos e reparos; solicitar o material necess\u00e1rio para os reparos e consertos; atuar em conformidade com as determina\u00e7\u00f5es do seu superiores; auxiliar nos reparos dos bens como:servi\u00e7os de alvenaria, carpintaria, hidr\u00e1ulica e el\u00e9trica.<\/p>\n\n\n\n<p>Dispon\u00edvel at\u00e9 3\/7\/2025 ou encerramento da vaga<\/p>\n\n\n\n<p><strong>5 vagas &#8211; Recepcionista<\/strong><\/p>\n\n\n\n<p>Escolaridade &#8211; ensino m\u00e9dio completo;<\/p>\n\n\n\n<p>Experi\u00eancia \u2013 seis meses na Carteira de Trabalho;<\/p>\n\n\n\n<p>Requisitos Obrigat\u00f3rios &#8211; ter curso de Recepcionista, Atendimento ao Cliente, disponibilidade de hor\u00e1rio (inclusive aos fins de semana) e possuir documenta\u00e7\u00e3o completa;<\/p>\n\n\n\n<p>Atividades &#8211; receber e orientar clientes, atender chamadas telef\u00f4nicas, registrar visitas e telefonemas, auxiliar em tarefas administrativas, controlar acessos e distribuir correspond\u00eancias.<\/p>\n\n\n\n<p>Dispon\u00edvel at\u00e9 3\/7\/2025 ou encerramento da vaga<\/p>\n\n\n\n<p><strong>5 vagas &#8211; Cozinheiro<\/strong><\/p>\n\n\n\n<p>Escolaridade &#8211; ensino m\u00e9dio completo;<\/p>\n\n\n\n<p>Experi\u00eancia \u2013 registrada na Carteira de Trabalho;<\/p>\n\n\n\n<p>Requisitos Obrigat\u00f3rios &#8211; ter curso de Manipula\u00e7\u00e3o de Alimentos, disponibilidade de hor\u00e1rio (inclusive aos fins de semana) e possuir documenta\u00e7\u00e3o completa;<\/p>\n\n\n\n<p>Atividades &#8211; prepara\u00e7\u00e3o e apresenta\u00e7\u00e3o de alimentos, desde a prepara\u00e7\u00e3o dos ingredientes at\u00e9 a montagem final dos pratos.<\/p>\n\n\n\n<p>Dispon\u00edvel at\u00e9 3\/7\/2025 ou encerramento da vaga<\/p>\n\n\n\n<p><strong>5 vagas &#8211; Gar\u00e7om<\/strong><\/p>\n\n\n\n<p>Escolaridade &#8211; ensino m\u00e9dio completo;<\/p>\n\n\n\n<p>Experi\u00eancia \u2013 registrada na Carteira de Trabalho;<\/p>\n\n\n\n<p>Requisitos Obrigat\u00f3rios &#8211; ter curso de Manipula\u00e7\u00e3o de Alimentos, disponibilidade de hor\u00e1rio (inclusive aos fins de semana) e possuir documenta\u00e7\u00e3o completa;<\/p>\n\n\n\n<p>Atividades &#8211; recepcionar os clientes; servir alimentos e bebidas; arrumar mesas para os servi\u00e7os de refei\u00e7\u00f5es; anotar pedidos, servir drinques, bebidas ou vinhos.<\/p>\n\n\n\n<p>Dispon\u00edvel at\u00e9 3\/7\/2025 ou encerramento da vaga<\/p>\n\n\n\n<p><strong>5 vagas &#8211; Churrasqueiro<\/strong><\/p>\n\n\n\n<p>Escolaridade &#8211; ensino m\u00e9dio completo;<\/p>\n\n\n\n<p>Experi\u00eancia \u2013 registrada na Carteira de Trabalho;<\/p>\n\n\n\n<p>Requisitos Obrigat\u00f3rios &#8211; ter curso de Manipula\u00e7\u00e3o de Alimentos, disponibilidade de hor\u00e1rio (inclusive aos fins de semana) e possuir documenta\u00e7\u00e3o completa;<\/p>\n\n\n\n<p>Atividades &#8211; preparar, assar e servir carnes, aves, peixes e outros alimentos em churrasqueiras, seguindo padr\u00f5es de qualidade, higiene e seguran\u00e7a alimentar.<\/p>\n\n\n\n<p>Dispon\u00edvel at\u00e9 3\/7\/2025 ou encerramento da vaga<\/p>\n\n\n\n<p><strong>1 vaga &#8211; Auxiliar de T\u00e9cnico de Motores<\/strong><\/p>\n\n\n\n<p>Escolaridade &#8211; ensino t\u00e9cnico completo em Eletroeletr\u00f4nico ou cursando;<\/p>\n\n\n\n<p>Experi\u00eancia \u2013 tr\u00eas meses na Carteira de Trabalho;<\/p>\n\n\n\n<p>Requisitos Obrigat\u00f3rios &#8211; possuir documenta\u00e7\u00e3o completa (com dispensa militar);<\/p>\n\n\n\n<p>Atividades &#8211; suporte \u00e0 manuten\u00e7\u00e3o e reparo de motores, incluindo limpeza, troca de pe\u00e7as, aux\u00edlio na montagem e desmontagem, e organiza\u00e7\u00e3o do ambiente de trabalho.<\/p>\n\n\n\n<p>Dispon\u00edvel at\u00e9 3\/7\/2025 ou encerramento da vaga<\/p>\n\n\n\n<p><strong>2 vagas &#8211; Ajudante de Carga e Descarga de Mercadoria<\/strong><\/p>\n\n\n\n<p>Escolaridade &#8211; ensino fundamental completo;<\/p>\n\n\n\n<p>Experi\u00eancia \u2013 n\u00e3o \u00e9 necess\u00e1rio;<\/p>\n\n\n\n<p>Requisitos Obrigat\u00f3rios &#8211; possuir documenta\u00e7\u00e3o completa (com dispensa militar);<\/p>\n\n\n\n<p>Atividades &#8211; auxiliar na carga e descarga de mercadorias nos caminh\u00f5es, seguindo os procedimentos de seguran\u00e7a; Manter o dep\u00f3sito limpo e organizado; apoiar os motoristas nas entregas, realizando a fun\u00e7\u00e3o de ajudante de caminh\u00e3o quando necess\u00e1rio, conferindo as mercadorias no ato da entrega para cada cliente, conforme pedido\/nota fiscal.<\/p>\n\n\n\n<p>Dispon\u00edvel at\u00e9 3\/7\/2025 ou encerramento da vaga<\/p>\n\n\n\n<p><strong>2 vagas &#8211; T\u00e9cnico de Desenvolvimento de Sistemas<\/strong><\/p>\n\n\n\n<p>Escolaridade &#8211; ensino superior completo ou cursando Ci\u00eancia da Computa\u00e7\u00e3o;<\/p>\n\n\n\n<p>Experi\u00eancia \u2013 seis meses na Carteira de Trabalho;<\/p>\n\n\n\n<p>Requisitos Obrigat\u00f3rios &#8211; ter conhecimento em Inform\u00e1tica e possuir documenta\u00e7\u00e3o completa (com dispensa militar);<\/p>\n\n\n\n<p>Atividades &#8211; monitorar o desempenho das instala\u00e7\u00f5es e equipamentos de inform\u00e1tica distribu\u00eddos pela empresa zelando pelo seu perfeito funcionamento e atendimento das necessidades dos usu\u00e1rios; solicitar adapta\u00e7\u00f5es, atualiza\u00e7\u00f5es, reparos e compras de novos ativos justificando o pedido e requerendo autoriza\u00e7\u00e3o do superior; acompanhar a necessidade de aquisi\u00e7\u00e3o, adapta\u00e7\u00e3o ou reformula\u00e7\u00e3o de sistemas informatizados para atender ou melhorar o fluxo de trabalho e informa\u00e7\u00f5es da empresa; avaliar a necessidade junto ao usu\u00e1rio e mant\u00e9m contatos com o mercado visando identificar fornecedores para suprir tal car\u00eancia, negocia condi\u00e7\u00f5es de compra ou presta\u00e7\u00e3o de servi\u00e7os e busca aprova\u00e7\u00e3o do superior para sua efetiva\u00e7\u00e3o; acompanhar sua implanta\u00e7\u00e3o intermediando a atua\u00e7\u00e3o dos fornecedores contratados junto aos usu\u00e1rios e informa-se sobre detalhes t\u00e9cnicos para orienta\u00e7\u00f5es posteriores ou treinamento; d\u00e1 suporte t\u00e9cnico aos usu\u00e1rios para otimizar a utiliza\u00e7\u00e3o dos sistemas em geral esclarecendo d\u00favidas, desenvolvendo treinamentos, auxiliando-os para a realiza\u00e7\u00e3o de atividades especiais; acompanhar a instala\u00e7\u00e3o ou atualiza\u00e7\u00e3o de sistemas de comunica\u00e7\u00e3o banc\u00e1ria visando agilizar o acesso e processamento de informa\u00e7\u00f5es junto aos bancos, como: pagamentos, transfer\u00eancias, recebimentos; mant\u00e9m-se informado para orienta\u00e7\u00f5es futuras \u00e0 equipe interna; auxiliar na busca de solu\u00e7\u00f5es para o sistema de telefonia da empresa: mant\u00e9m contatos com fornecedores, pesquisa novas tecnologias, treina usu\u00e1rios, etc. visando uma maior efici\u00eancia interna e externa desse servi\u00e7o.<\/p>\n\n\n\n<p>Dispon\u00edvel at\u00e9 3\/7\/2025 ou encerramento da vaga<\/p>\n\n\n\n<p><strong>2 vagas &#8211; Analista de Recursos Humanos<\/strong><\/p>\n\n\n\n<p>Escolaridade &#8211; ensino superior completo ou cursando Administra\u00e7\u00e3o;<\/p>\n\n\n\n<p>Experi\u00eancia \u2013 seis meses na Carteira de Trabalho;<\/p>\n\n\n\n<p>Requisitos Obrigat\u00f3rios &#8211; ter conhecimento em Inform\u00e1tica e possuir documenta\u00e7\u00e3o completa;<\/p>\n\n\n\n<p>Atividades &#8211; auxiliar no c\u00e1lculo e processamento da folha de pagamento, incluindo impostos, encargos e benef\u00edcios; dar suporte nos processos de admiss\u00e3o, incluindo a coleta e organiza\u00e7\u00e3o de documentos, e nas rescis\u00f5es contratuais; registrar e controlar o ponto eletr\u00f4nico dos funcion\u00e1rios, apurando horas extras e banco de horas; auxiliar na gest\u00e3o de benef\u00edcios, como vale-transporte, assist\u00eancia m\u00e9dica, vale-refei\u00e7\u00e3o, entre outros; manter-se atualizado sobre a legisla\u00e7\u00e3o trabalhista e conven\u00e7\u00f5es coletivas, auxiliando na aplica\u00e7\u00e3o das leis e normas; organizar e arquivar documentos do departamento pessoal, como contratos de trabalho, atestados m\u00e9dicos e outros; prestar suporte e informa\u00e7\u00f5es aos funcion\u00e1rios sobre quest\u00f5es relacionadas ao DP.<\/p>\n\n\n\n<p>Dispon\u00edvel at\u00e9 3\/7\/2025 ou encerramento da vaga<\/p>\n\n\n\n<p><strong>2 vagas &#8211; Eletricista<\/strong><\/p>\n\n\n\n<p>Escolaridade &#8211; ensino m\u00e9dio completo;<\/p>\n\n\n\n<p>Experi\u00eancia \u2013 seis meses na Carteira de Trabalho;<\/p>\n\n\n\n<p>Requisitos Obrigat\u00f3rios &#8211; ter experi\u00eancia em sistemas el\u00e9tricos industriais ou comerciais e possuir documenta\u00e7\u00e3o completa (com dispensa militar);<\/p>\n\n\n\n<p>Atividades &#8211; instala\u00e7\u00e3o, manuten\u00e7\u00e3o e reparo de sistemas el\u00e9tricos, al\u00e9m de leitura e interpreta\u00e7\u00e3o de projetos el\u00e9tricos.<\/p>\n\n\n\n<p>Dispon\u00edvel at\u00e9 3\/7\/2025 ou encerramento da vaga<\/p>\n\n\n\n<p><strong>2 vagas &#8211; Auxiliar de El\u00e9trica<\/strong><\/p>\n\n\n\n<p>Escolaridade &#8211; ensino m\u00e9dio completo;<\/p>\n\n\n\n<p>Experi\u00eancia \u2013 seis meses na Carteira de Trabalho;<\/p>\n\n\n\n<p>Requisitos Obrigat\u00f3rios &#8211; ter conhecimento em sistemas el\u00e9tricos e possuir documenta\u00e7\u00e3o completa (com dispensa militar);<\/p>\n\n\n\n<p>Atividades &#8211; prepara\u00e7\u00e3o, organiza\u00e7\u00e3o e apoio na instala\u00e7\u00e3o, manuten\u00e7\u00e3o e repara\u00e7\u00e3o de sistemas el\u00e9tricos.<\/p>\n\n\n\n<p>Dispon\u00edvel at\u00e9 3\/7\/2025 ou encerramento da vaga<\/p>\n\n\n\n<p><strong>1 vaga &#8211; Assistente de Almoxarifado<\/strong><\/p>\n\n\n\n<p>Escolaridade &#8211; ensino m\u00e9dio completo;<\/p>\n\n\n\n<p>Experi\u00eancia \u2013 seis meses na Carteira de Trabalho;<\/p>\n\n\n\n<p>Requisitos Obrigat\u00f3rios &#8211; ter conhecimento em sistemas de gest\u00e3o de estoque, planilhas e possuir documenta\u00e7\u00e3o completa;<\/p>\n\n\n\n<p>Atividades &#8211; recebimento e confer\u00eancia de mercadorias; organiza\u00e7\u00e3o do estoque; controle de invent\u00e1rio; prepara\u00e7\u00e3o de pedidos; expedi\u00e7\u00e3o de mercadorias; registro de dados.<\/p>\n\n\n\n<p>Dispon\u00edvel at\u00e9 3\/7\/2025 ou encerramento da vaga<\/p>\n\n\n\n<p><strong>1 vaga &#8211; Auxiliar Administrativo<\/strong><\/p>\n\n\n\n<p>Escolaridade &#8211; ensino m\u00e9dio completo;<\/p>\n\n\n\n<p>Experi\u00eancia \u2013 seis meses na Carteira de Trabalho;<\/p>\n\n\n\n<p>Requisitos Obrigat\u00f3rios &#8211; ter Pacote Office e possuir documenta\u00e7\u00e3o completa (com dispensa militar);<\/p>\n\n\n\n<p>Atividades &#8211; gest\u00e3o de documentos; atendimento: controle financeiro; elabora\u00e7\u00e3o e preenchimento de documentos; arquivo e controle de materiais; aux\u00edlio em tarefas de log\u00edstica.<\/p>\n\n\n\n<p>Dispon\u00edvel at\u00e9 3\/7\/2025 ou encerramento da vaga<\/p>\n\n\n\n<p><strong>Vagas no Com\u00e9rcio \u2013 48<\/strong><\/p>\n\n\n\n<p><strong>10 vagas &#8211; Repositor de Hortifruti<\/strong><\/p>\n\n\n\n<p>Escolaridade &#8211; ensino m\u00e9dio completo;<\/p>\n\n\n\n<p>Experi\u00eancia \u2013 primeiro emprego;<\/p>\n\n\n\n<p>Requisitos Obrigat\u00f3rios &#8211; possuir documenta\u00e7\u00e3o completa (com dispensa militar);<\/p>\n\n\n\n<p>Atividades &#8211; garantir que as frutas, legumes e verduras estejam sempre dispon\u00edveis, frescos, organizados e atrativos para os clientes; reposi\u00e7\u00e3o, confer\u00eancia de pre\u00e7os, limpeza e organiza\u00e7\u00e3o do espa\u00e7o de venda, al\u00e9m de atendimento ao cliente quando necess\u00e1rio.<\/p>\n\n\n\n<p>Dispon\u00edvel at\u00e9 3\/7\/2025 ou encerramento da vaga<\/p>\n\n\n\n<p><strong>10 vagas &#8211; Auxiliar de A\u00e7ougue<\/strong><\/p>\n\n\n\n<p>Escolaridade &#8211; ensino m\u00e9dio completo;<\/p>\n\n\n\n<p>Experi\u00eancia \u2013 primeiro emprego;<\/p>\n\n\n\n<p>Requisitos Obrigat\u00f3rios &#8211; possuir documenta\u00e7\u00e3o completa (com dispensa militar);<\/p>\n\n\n\n<p>Atividades &#8211; realizar tarefas de apoio ao a\u00e7ougueiro, incluindo o corte, prepara\u00e7\u00e3o e embalagem de carnes, atendimento ao cliente, limpeza e organiza\u00e7\u00e3o do local de trabalho, al\u00e9m de auxiliar no controle de estoque e recebimento de mercadorias.<\/p>\n\n\n\n<p>Dispon\u00edvel at\u00e9 3\/7\/2025 ou encerramento da vaga<\/p>\n\n\n\n<p><strong>10 vagas &#8211; Operador de Loja<\/strong><\/p>\n\n\n\n<p>Escolaridade &#8211; ensino m\u00e9dio completo;<\/p>\n\n\n\n<p>Experi\u00eancia \u2013 primeiro emprego;<\/p>\n\n\n\n<p>Requisitos Obrigat\u00f3rios &#8211; possuir documenta\u00e7\u00e3o completa (com dispensa militar);<\/p>\n\n\n\n<p>Atividades &#8211; organiza\u00e7\u00e3o e limpeza da loja, reposi\u00e7\u00e3o de produtos nas prateleiras, atendimento ao cliente, verifica\u00e7\u00e3o de pre\u00e7os e datas de validade, e suporte em outras atividades operacionais.<\/p>\n\n\n\n<p>Dispon\u00edvel at\u00e9 3\/7\/2025 ou encerramento da vaga<\/p>\n\n\n\n<p><strong>10 vagas &#8211; Auxiliar de Servi\u00e7os Gerais<\/strong><\/p>\n\n\n\n<p>Escolaridade &#8211; ensino fundamental completo;<\/p>\n\n\n\n<p>Experi\u00eancia \u2013 seis meses na Carteira de Trabalho;<\/p>\n\n\n\n<p>Requisitos Obrigat\u00f3rios &#8211; possuir documenta\u00e7\u00e3o completa (com dispensa militar);<\/p>\n\n\n\n<p>Atividades &#8211; executar servi\u00e7os de limpeza; substituir, trocar, limpar, reparar e instalar pe\u00e7as, componentes e equipamentos; conservar vidros e fachadas, limpar recintos e acess\u00f3rios.<\/p>\n\n\n\n<p>Dispon\u00edvel at\u00e9 3\/7\/2025 ou encerramento da vaga<\/p>\n\n\n\n<p><strong>2 vagas &#8211; Mec\u00e2nico de Autom\u00f3vel<\/strong><\/p>\n\n\n\n<p>Escolaridade &#8211; ensino m\u00e9dio completo;<\/p>\n\n\n\n<p>Experi\u00eancia \u2013 registrada na Carteira de Trabalho;<\/p>\n\n\n\n<p>Requisitos Obrigat\u00f3rios &#8211; possuir documenta\u00e7\u00e3o completa (com dispensa militar);<\/p>\n\n\n\n<p>Atividades &#8211; manuten\u00e7\u00f5es corretivas e preventivas em ve\u00edculos; execu\u00e7\u00e3o em servi\u00e7os de borracharia; realiza\u00e7\u00e3o de alinhamento e balanceamento; troca de \u00f3leo e revis\u00f5es gerais.<\/p>\n\n\n\n<p>Dispon\u00edvel at\u00e9 3\/7\/2025 ou encerramento da vaga<\/p>\n\n\n\n<p><strong>2 vagas &#8211; Vendedor Interno<\/strong><\/p>\n\n\n\n<p>Escolaridade &#8211; ensino m\u00e9dio completo;<\/p>\n\n\n\n<p>Experi\u00eancia \u2013 registrada na Carteira de Trabalho;<\/p>\n\n\n\n<p>Requisitos Obrigat\u00f3rios &#8211; ter Carteira Nacional de Habilita\u00e7\u00e3o categoria \u201cB\u201d, curso de Inform\u00e1tica b\u00e1sica e possuir documenta\u00e7\u00e3o completa (com dispensa militar);<\/p>\n\n\n\n<p>Atividades &#8211; recepcionar e atender os clientes, elaborar or\u00e7amentos, lidar com desafios de oficina mec\u00e2nica, trabalhar em equipe e manter a \u00e1rea de vendas organizada.<\/p>\n\n\n\n<p>Dispon\u00edvel at\u00e9 3\/7\/2025 ou encerramento da vaga<\/p>\n\n\n\n<p><strong>1 vaga &#8211; Vendedor Interno<\/strong><\/p>\n\n\n\n<p>Escolaridade &#8211; ensino m\u00e9dio completo;<\/p>\n\n\n\n<p>Experi\u00eancia \u2013 seis meses na Carteira de Trabalho;<\/p>\n\n\n\n<p>Requisitos Obrigat\u00f3rios &#8211; possuir documenta\u00e7\u00e3o completa;<\/p>\n\n\n\n<p>Atividades &#8211; capta\u00e7\u00e3o de clientes e vendas com metas atingidas.<\/p>\n\n\n\n<p>Dispon\u00edvel at\u00e9 3\/7\/2025 ou encerramento da vaga<\/p>\n\n\n\n<p><strong>1 vaga &#8211; Operador de Caixa<\/strong><\/p>\n\n\n\n<p>Escolaridade &#8211; ensino m\u00e9dio completo;<\/p>\n\n\n\n<p>Experi\u00eancia \u2013 seis meses na Carteira de Trabalho;<\/p>\n\n\n\n<p>Requisitos Obrigat\u00f3rios &#8211; possuir documenta\u00e7\u00e3o completa;<\/p>\n\n\n\n<p>Atividades &#8211; registro de compras, recebimento de pagamentos, emiss\u00e3o de comprovantes e atendimento ao cliente.<\/p>\n\n\n\n<p>Dispon\u00edvel at\u00e9 3\/7\/2025 ou encerramento da vaga<\/p>\n\n\n\n<p><strong>2 vagas &#8211; Atendente de Loja<\/strong><\/p>\n\n\n\n<p>Escolaridade &#8211; ensino m\u00e9dio completo;<\/p>\n\n\n\n<p>Experi\u00eancia \u2013 seis meses na Carteira de Trabalho;<\/p>\n\n\n\n<p>Requisitos Obrigat\u00f3rios &#8211; possuir documenta\u00e7\u00e3o completa (com dispensa militar);<\/p>\n\n\n\n<p>Atividades &#8211; atendimento ao cliente, organiza\u00e7\u00e3o e limpeza do local, prepara\u00e7\u00e3o e venda de produtos, e controle de estoque.<\/p>\n\n\n\n<p>Dispon\u00edvel at\u00e9 3\/7\/2025 ou encerramento da vaga<\/p>\n\n\n\n<p><strong>Vagas na Ind\u00fastria \u2013 150<\/strong><\/p>\n\n\n\n<p><strong>50 vagas \u2013 Auxiliar de Linha de Produ\u00e7\u00e3o<\/strong><\/p>\n\n\n\n<p>Escolaridade \u2013 ensino fundamental completo;<\/p>\n\n\n\n<p>Experi\u00eancia \u2013 n\u00e3o \u00e9 necess\u00e1rio;<\/p>\n\n\n\n<p>Requisitos Obrigat\u00f3rios \u2013 a vaga \u00e9 destinada para candidatos que est\u00e3o em busca de novos desafios; o candidato vai precisar morar em: V\u00e1rzea Grande (MT) e documenta\u00e7\u00e3o completa (com dispensa militar);<\/p>\n\n\n\n<p>Atividades \u2013 executar atividades operacionais em setores de apoio ou produ\u00e7\u00e3o de frios, visando garantir a manuten\u00e7\u00e3o, organiza\u00e7\u00e3o, limpeza ou opera\u00e7\u00e3o de atividades na unidade.<\/p>\n\n\n\n<p>Dispon\u00edvel at\u00e9 3\/7\/2025 ou encerramento da vaga.<\/p>\n\n\n\n<p><strong>25 vagas \u2013 Alimentador de Linha de Produ\u00e7\u00e3o<\/strong><\/p>\n\n\n\n<p>Escolaridade \u2013 ensino fundamental incompleto;<\/p>\n\n\n\n<p>Experi\u00eancia \u2013 n\u00e3o \u00e9 necess\u00e1rio;<\/p>\n\n\n\n<p>Requisitos Obrigat\u00f3rios \u2013 a vaga \u00e9 destinada para candidatos que est\u00e3o em busca de novos desafios; o candidato vai precisar morar em: Promiss\u00e3o \u2013 SP e ter documenta\u00e7\u00e3o completa (com dispensa militar);<\/p>\n\n\n\n<p>Atividades \u2013 auxiliar a ind\u00fastria de abate bovino.<\/p>\n\n\n\n<p>Dispon\u00edvel at\u00e9 3\/7\/2025 ou encerramento da vaga.<\/p>\n\n\n\n<p><strong>25 vaga &#8211; Auxiliar Operacional &#8211; Setor Industrial<br><\/strong>Escolaridade &#8211; ensino fundamental&nbsp; incompleto;<br>Experi\u00eancia \u2013 n\u00e3o \u00e9 necess\u00e1rio<br>Requisitos Obrigat\u00f3rios &#8211; a vaga \u00e9 destinada para candidatos que est\u00e3o em busca de novos desafios; o candidato vai precisar morar em: Chupinguaia (RO) e possuir documenta\u00e7\u00e3o completa;<br>Atividades &#8211; pesagem e balan\u00e7a de pe\u00e7as de carne, transporte de pe\u00e7as de carne para a log\u00edstica; Lavagem de pe\u00e7as de carne, aux\u00edlio na linha de produ\u00e7\u00e3o no processo de desossa e cortes de carne.<br>Dispon\u00edvel at\u00e9 3\/7\/2025 ou encerramento da vaga<\/p>\n\n\n\n<p><strong>50 vagas &#8211; Operador de Produ\u00e7\u00e3o II<br><\/strong>Escolaridade &#8211; ensino fundamental incompleto;<br>Experi\u00eancia \u2013 n\u00e3o \u00e9 necess\u00e1rio;<br>Requisitos Obrigat\u00f3rios &#8211;&nbsp; disponibilidade para trabalhar em turnos, vaga \u00e9 destinada para candidatos que est\u00e3o em busca de novos desafios; o candidato vai precisar morar em: Videira &#8211; Santa Catarina (SC) e possuir documenta\u00e7\u00e3o completa;<br>Atividades &#8211; trabalhar com processamento de carne de frango, em setores diversos, com utiliza\u00e7\u00e3o de facas, ambiente climatizado, atividades como corte, coleta, pesagem e embalagem de alimentos, desossar, embalar, pesar, processar alimentos, derivados de carne de frango e su\u00ednos.<br>Dispon\u00edvel at\u00e9 3\/7\/2025 ou encerramento da vaga<\/p>\n\n\n\n<p><strong>Vagas em Servi\u00e7os \u2013<a><\/a> 32<\/strong><\/p>\n\n\n\n<p><strong>1 vaga &#8211; Motorista de Carreta<\/strong><\/p>\n\n\n\n<p>Escolaridade &#8211; ensino m\u00e9dio completo;<\/p>\n\n\n\n<p>Experi\u00eancia \u2013 registrada na Carteira de Trabalho;<\/p>\n\n\n\n<p>Requisitos Obrigat\u00f3rios &#8211; ter experi\u00eancia com transporte de cargas, Carteira Nacional de Habilita\u00e7\u00e3o categoria \u201cE\u201d e possuir documenta\u00e7\u00e3o completa (com dispensa militar);<\/p>\n\n\n\n<p>Atividades &#8211; transportar materiais e produtos para diversos itiner\u00e1rios de acordo com as leis de tr\u00e2nsito e normas de seguran\u00e7a, em um conjunto de ve\u00edculos, composto por um cavalo mec\u00e2nico e um ou mais trailers ou carretas; respons\u00e1vel pela perman\u00eancia da documenta\u00e7\u00e3o do ve\u00edculo e pelo acondicionamento e amarra\u00e7\u00e3o das cargas nos ve\u00edculos; elaborar relat\u00f3rios de viagem e rota e fazer confer\u00eancia dos materiais para assegurar a correta entrega e coleta; efetuar a presta\u00e7\u00e3o de contas das despesas efetuadas com o ve\u00edculo, abastecimentos, ped\u00e1gios, taxas de cargas e descargas e demais despesas inerentes a opera\u00e7\u00e3o; zelar pela conserva\u00e7\u00e3o e seguran\u00e7a dos ve\u00edculos, providenciando limpeza, ajustes e pequenos reparos.<\/p>\n\n\n\n<p>Dispon\u00edvel at\u00e9 3\/7\/2025 ou encerramento da vaga<\/p>\n\n\n\n<p><strong>2 vagas &#8211; Serralheiro<\/strong><\/p>\n\n\n\n<p>Escolaridade &#8211; ensino fundamental completo;<\/p>\n\n\n\n<p>Experi\u00eancia \u2013 registrada na Carteira de Trabalho;<\/p>\n\n\n\n<p>Requisitos Obrigat\u00f3rios &#8211; ter curso de&nbsp; NR 35, experi\u00eancia em solda mig, eletrodo revestido e corte ma\u00e7arico, disponibilidade para servi\u00e7o externo e possuir documenta\u00e7\u00e3o completa (com dispensa militar);<\/p>\n\n\n\n<p>Atividades &#8211; confeccionar, reparar estruturas para t\u00f3tens, fachadas, placas e eventos em geral, cortar, moldar, furar, dobrar.<\/p>\n\n\n\n<p>Dispon\u00edvel at\u00e9 3\/7\/2025 ou encerramento da vaga<\/p>\n\n\n\n<p><strong>1 vaga &#8211; Auxiliar Administrativo &#8211; Recursos Humanos<\/strong><\/p>\n\n\n\n<p>Escolaridade &#8211; ensino m\u00e9dio completo;<\/p>\n\n\n\n<p>Experi\u00eancia \u2013 registrada na Carteira de Trabalho;<\/p>\n\n\n\n<p>Requisitos Obrigat\u00f3rios &#8211; ter curso de Inform\u00e1tica avan\u00e7ada, disponibilidade de hor\u00e1rio, experi\u00eancia em Recursos Humanos e possuir documenta\u00e7\u00e3o completa;<\/p>\n\n\n\n<p>Atividades &#8211; executar servi\u00e7os de apoio nas \u00e1reas de recursos humanos, administra\u00e7\u00e3o, finan\u00e7as e log\u00edstica; atender fornecedores e clientes, fornecer e receber informa\u00e7\u00f5es sobre produtos e servi\u00e7os; tratar de documentos variados, cumprir todo o procedimento necess\u00e1rio.<\/p>\n\n\n\n<p>Dispon\u00edvel at\u00e9 3\/7\/2025 ou encerramento da vaga<\/p>\n\n\n\n<p><strong>1 vaga &#8211; Motorista de Caminh\u00e3o Ba\u00fa<\/strong><\/p>\n\n\n\n<p>Escolaridade &#8211; ensino fundamental completo;<\/p>\n\n\n\n<p>Experi\u00eancia \u2013 registrada na Carteira de Trabalho;<\/p>\n\n\n\n<p>Requisitos Obrigat\u00f3rios &#8211; ter Carteira Nacional de Habilita\u00e7\u00e3o categoria \u201cD\u201d, disponibilidade de hor\u00e1rio, disponibilidade para viagens interestaduais e possuir documenta\u00e7\u00e3o completa (com dispensa militar);<\/p>\n\n\n\n<p>Atividades &#8211; conduzir os ve\u00edculos automotivos da institui\u00e7\u00e3o, seguindo as solicita\u00e7\u00f5es, mantendo-se informado sobre a agenda de entregas, respeitando as leis nacionais de tr\u00e2nsito e promovendo dire\u00e7\u00e3o defensiva, transporte da equipe de eventos, transporte de equipamentos.<\/p>\n\n\n\n<p>Dispon\u00edvel at\u00e9 3\/7\/2025 ou encerramento da vaga<\/p>\n\n\n\n<p><strong>1 vaga &#8211; Impressor Digital Gr\u00e1fico<\/strong><\/p>\n\n\n\n<p>Escolaridade &#8211; ensino m\u00e9dio completo;<\/p>\n\n\n\n<p>Experi\u00eancia \u2013 registrada na Carteira de Trabalho;<\/p>\n\n\n\n<p>Requisitos Obrigat\u00f3rios &#8211; ter disponibilidade de hor\u00e1rio e possuir documenta\u00e7\u00e3o completa;<\/p>\n\n\n\n<p>Atividades &#8211; planejar servi\u00e7os de impress\u00e3o gr\u00e1fica e ajustar m\u00e1quinas para impress\u00e3o; realizar servi\u00e7os de impress\u00e3o gr\u00e1fica, tais como impress\u00e3o plana e rotativa, impress\u00e3o digital, flexografia, litografia, tipografia, letterset, calcografia, tampografia, rotogravura e serigrafia.<\/p>\n\n\n\n<p>Dispon\u00edvel at\u00e9 3\/7\/2025 ou encerramento da vaga<\/p>\n\n\n\n<p><strong>2 vagas &#8211; Montador de Esquadrias<\/strong><\/p>\n\n\n\n<p>Escolaridade &#8211; ensino m\u00e9dio completo;<\/p>\n\n\n\n<p>Experi\u00eancia \u2013 n\u00e3o \u00e9 necess\u00e1rio;<\/p>\n\n\n\n<p>Requisitos Obrigat\u00f3rios &#8211; ter Carteira Nacional de Habilita\u00e7\u00e3o categoria \u201cA\u201d e possuir documenta\u00e7\u00e3o completa (com dispensa militar);<\/p>\n\n\n\n<p>Atividades &#8211; instala\u00e7\u00e3o de esquadrias; garantir a qualidade das pe\u00e7as montadas, manter a organiza\u00e7\u00e3o do local de trabalho.<\/p>\n\n\n\n<p>Dispon\u00edvel at\u00e9 3\/7\/2025 ou encerramento da vaga<\/p>\n\n\n\n<p><strong>10 vagas &#8211; Cozinheiro Industrial<\/strong><\/p>\n\n\n\n<p>Escolaridade &#8211; ensino fundamental completo;<\/p>\n\n\n\n<p>Experi\u00eancia \u2013 seis meses na Carteira de Trabalho;<\/p>\n\n\n\n<p>Requisitos Obrigat\u00f3rios &#8211; ter curso de Manipula\u00e7\u00e3o de Alimentos e possuir documenta\u00e7\u00e3o completa (com dispensa militar);<\/p>\n\n\n\n<p>Atividades &#8211; finalizar o processamento dos alimentos pr\u00e9-elaborados pelo auxiliar de cozinha; elaborar os pratos principais conforme receitas previamente definidas, seguindo e observando as orienta\u00e7\u00f5es nutricionais de seguran\u00e7a alimentar; Verificar e executar t\u00e9cnicas de apresenta\u00e7\u00e3o dos alimentos prontos na rampa de atendimento.<\/p>\n\n\n\n<p>Dispon\u00edvel at\u00e9 3\/7\/2025 ou encerramento da vaga<\/p>\n\n\n\n<p><strong>10 vagas &#8211; Nutricionista<\/strong><\/p>\n\n\n\n<p>Escolaridade &#8211; ensino superior completo em Nutri\u00e7\u00e3o;<\/p>\n\n\n\n<p>Experi\u00eancia \u2013 seis meses na Carteira de Trabalho;<\/p>\n\n\n\n<p>Requisitos Obrigat\u00f3rios &#8211; possuir documenta\u00e7\u00e3o completa;<\/p>\n\n\n\n<p>Atividades &#8211; efetivar treinamento de manipula\u00e7\u00e3o e seguran\u00e7a alimentar; programa\u00e7\u00f5es de festivais dos clientes; avalia\u00e7\u00e3o de custo de card\u00e1pio, considerando as restri\u00e7\u00f5es da gest\u00e3o de compras, bem como perfil contratual do cliente envolvido; reuni\u00f5es de resultados e satisfa\u00e7\u00e3o dos clientes em UPR; demonstrativos e an\u00e1lises nutricionais.<\/p>\n\n\n\n<p>Dispon\u00edvel at\u00e9 3\/7\/2025 ou encerramento da vaga<\/p>\n\n\n\n<p><strong>1 vaga &#8211; Oficial de Manuten\u00e7\u00e3o<\/strong><\/p>\n\n\n\n<p>Escolaridade &#8211; ensino m\u00e9dio completo;<\/p>\n\n\n\n<p>Experi\u00eancia \u2013 seis meses na Carteira de Trabalho;<\/p>\n\n\n\n<p>Requisitos Obrigat\u00f3rios &#8211; possuir documenta\u00e7\u00e3o completa (com dispensa militar);<\/p>\n\n\n\n<p>Atividades &#8211; realizar manuten\u00e7\u00e3o predial em telhado; hidr\u00e1ulica; alvenaria; assentamento de cer\u00e2micas; pintura.<\/p>\n\n\n\n<p>Dispon\u00edvel at\u00e9 3\/7\/2025 ou encerramento da vaga<\/p>\n\n\n\n<p><strong>1 vaga &#8211; Vendedor Externo<\/strong><\/p>\n\n\n\n<p>Escolaridade &#8211; ensino m\u00e9dio completo;<\/p>\n\n\n\n<p>Experi\u00eancia \u2013 seis meses na Carteira de Trabalho;<\/p>\n\n\n\n<p>Requisitos Obrigat\u00f3rios &#8211; possuir documenta\u00e7\u00e3o completa;<\/p>\n\n\n\n<p>Atividades &#8211; realizar vendas externas de material de expediente,escolar, de escrit\u00f3rio, entre outras atividades correlatas \u00e0 fun\u00e7\u00e3o.<\/p>\n\n\n\n<p>Dispon\u00edvel at\u00e9 3\/7\/2025 ou encerramento da vaga<\/p>\n\n\n\n<p><strong>1 vaga &#8211; Analista Comercial<\/strong><\/p>\n\n\n\n<p>Escolaridade &#8211; ensino superior completo em Administra\u00e7\u00e3o ou Marketing;<\/p>\n\n\n\n<p>Experi\u00eancia \u2013 seis meses na Carteira de Trabalho;<\/p>\n\n\n\n<p>Requisitos Obrigat\u00f3rios &#8211; possuir documenta\u00e7\u00e3o completa;<\/p>\n\n\n\n<p>Atividades &#8211; emitir propostas comerciais com base em modelos prontos; organizar os documentos e prazos das propostas enviadas; fazer contato com clientes para coleta de dados e atendimento inicial; cadastrar e atualizar os dados dos clientes em planilhas e CRM; acompanhar listas de leads e status das propostas; Preencher documentos padr\u00f5es para licita\u00e7\u00f5es; agendar e disparar e-mails com modelo pronto.<\/p>\n\n\n\n<p>Dispon\u00edvel at\u00e9 3\/7\/2025 ou encerramento da vaga<\/p>\n\n\n\n<p><strong>1 vaga &#8211; Auxiliar de Cozinha<\/strong><\/p>\n\n\n\n<p>Escolaridade &#8211; ensino m\u00e9dio completo;<\/p>\n\n\n\n<p>Experi\u00eancia \u2013 seis meses na Carteira de Trabalho;<\/p>\n\n\n\n<p>Requisitos Obrigat\u00f3rios &#8211; possuir documenta\u00e7\u00e3o completa (com dispensa militar);<\/p>\n\n\n\n<p>Atividades &#8211; auxiliar nos servi\u00e7os de pr\u00e9-preparo, preparo, processamento de alimentos, montagem de pratos e embalagens; realizar a manuten\u00e7\u00e3o, organiza\u00e7\u00e3o e limpeza do ambiente.<\/p>\n\n\n\n<p>Dispon\u00edvel at\u00e9 3\/7\/2025 ou encerramento da vaga<\/p>\n\n\n\n<p><strong>Vagas exclusivas para Pessoas com Defici\u00eancia (PcDs) \u2013 2<\/strong><\/p>\n\n\n\n<p><strong>1 vagas &#8211; Atendente de loja &#8211; Vagas exclusivas para Pessoa com Defici\u00eancia (PCD)<\/strong><\/p>\n\n\n\n<p>Escolaridade &#8211; ensino fundamental completo;<\/p>\n\n\n\n<p>Experi\u00eancia \u2013 n\u00e3o \u00e9 necess\u00e1rio;<\/p>\n\n\n\n<p>Requisitos Obrigat\u00f3rios &#8211; ter curso de&nbsp; Excel B\u00e1sico ou Avan\u00e7ado e possuir documenta\u00e7\u00e3o completa (com dispensa militar);<\/p>\n\n\n\n<p>Atividades &#8211; organiza\u00e7\u00e3o dos produtos, atendimento ao cliente;<\/p>\n\n\n\n<p>Dispon\u00edvel at\u00e9 3\/7\/2025 ou encerramento da vaga<\/p>\n\n\n\n<p><strong>1 vagas &#8211; Auxiliar de Limpeza &#8211; Vagas exclusivas para Pessoa com Defici\u00eancia (PCD)<\/strong><\/p>\n\n\n\n<p>Escolaridade &#8211; ensino fundamental completo;<\/p>\n\n\n\n<p>Experi\u00eancia \u2013 seis meses na Carteira de Trabalho;<\/p>\n\n\n\n<p>Requisitos Obrigat\u00f3rios &#8211; possuir documenta\u00e7\u00e3o completa (com dispensa militar);<\/p>\n\n\n\n<p>Atividades &#8211; servi\u00e7os de limpeza, conserva\u00e7\u00e3o e manuten\u00e7\u00e3o da higiene das lojas;<\/p>\n\n\n\n<p>Dispon\u00edvel at\u00e9 3\/7\/2025 ou encerramento da vaga<\/p>\n\n\n\n<p>&#8212; &#8212; &#8212;<\/p>\n\n\n\n<p><strong>Texto \u2013&nbsp;<\/strong>Divulga\u00e7\u00e3o \/ Semtepi<\/p>\n\n\n\n<p><strong>Fotos \u2013&nbsp;<\/strong>Arquivo \/ Semcom<\/p>\n\n\n\n<p><strong>Dispon\u00edveis em \u2013&nbsp;<\/strong><a href=\"https:\/\/flic.kr\/s\/aHBqjCetWK\">https:\/\/flic.kr\/s\/aHBqjCetWK<\/a><\/p>\n","protected":false},"excerpt":{"rendered":"","protected":false},"author":23,"featured_media":6575,"comment_status":"closed","ping_status":"closed","sticky":false,"template":"","format":"standard","meta":{"footnotes":""},"categories":[5],"tags":[250,68,8,10,12],"acf":[],"yoast_head":"<!-- This site is optimized with the Yoast SEO plugin v23.0 - https:\/\/yoast.com\/wordpress\/plugins\/seo\/ -->\n<title>Sine Manaus oferta 295 vagas de emprego nesta quinta\u2013feira, 3\/7<\/title>\n<meta name=\"description\" content=\"A Prefeitura de Manaus, por meio do Sine Manaus, oferta 295 vagas de emprego em v\u00e1rias \u00e1reas de atua\u00e7\u00e3o, nesta quinta\u2013feira, 3\/7, das 8h \u00e0s 14h.\" \/>\n<meta name=\"robots\" content=\"noindex, follow\" \/>\n<meta property=\"og:locale\" content=\"pt_BR\" \/>\n<meta property=\"og:type\" content=\"article\" \/>\n<meta property=\"og:title\" content=\"Sine Manaus oferta 295 vagas de emprego nesta quinta\u2013feira, 3\/7\" \/>\n<meta property=\"og:description\" content=\"A Prefeitura de Manaus, por meio do Sine Manaus, oferta 295 vagas de emprego em v\u00e1rias \u00e1reas de atua\u00e7\u00e3o, nesta quinta\u2013feira, 3\/7, das 8h \u00e0s 14h.\" \/>\n<meta property=\"og:url\" content=\"https:\/\/www.manaus.am.gov.br\/semtepi\/oportunidade\/prefeitura-sinemanaus-vagas0307\/\" \/>\n<meta property=\"og:site_name\" content=\"SEMTEPI\" \/>\n<meta property=\"article:published_time\" content=\"2025-07-02T18:10:10+00:00\" \/>\n<meta property=\"article:modified_time\" content=\"2025-07-02T18:10:12+00:00\" \/>\n<meta property=\"og:image\" content=\"https:\/\/www.manaus.am.gov.br\/semtepi\/wp-content\/uploads\/sites\/20\/2025\/07\/54522864357_7439195e70_c.jpg\" \/>\n\t<meta property=\"og:image:width\" content=\"799\" \/>\n\t<meta property=\"og:image:height\" content=\"533\" \/>\n\t<meta property=\"og:image:type\" content=\"image\/jpeg\" \/>\n<meta name=\"author\" content=\"Adriana Costa\" \/>\n<meta name=\"twitter:card\" content=\"summary_large_image\" \/>\n<meta name=\"twitter:label1\" content=\"Written by\" \/>\n\t<meta name=\"twitter:data1\" content=\"Adriana Costa\" \/>\n\t<meta name=\"twitter:label2\" content=\"Est. reading time\" \/>\n\t<meta name=\"twitter:data2\" content=\"21 minutos\" \/>\n<script type=\"application\/ld+json\" class=\"yoast-schema-graph\">{\"@context\":\"https:\/\/schema.org\",\"@graph\":[{\"@type\":\"Article\",\"@id\":\"https:\/\/www.manaus.am.gov.br\/semtepi\/oportunidade\/prefeitura-sinemanaus-vagas0307\/#article\",\"isPartOf\":{\"@id\":\"https:\/\/www.manaus.am.gov.br\/semtepi\/oportunidade\/prefeitura-sinemanaus-vagas0307\/\"},\"author\":{\"name\":\"Adriana Costa\",\"@id\":\"https:\/\/www.manaus.am.gov.br\/semtepi\/#\/schema\/person\/4e49f4e267757a06ca072ec61b2b9968\"},\"headline\":\"Sine Manaus oferta 295 vagas de emprego nesta quinta\u2013feira, 3\/7\",\"datePublished\":\"2025-07-02T18:10:10+00:00\",\"dateModified\":\"2025-07-02T18:10:12+00:00\",\"mainEntityOfPage\":{\"@id\":\"https:\/\/www.manaus.am.gov.br\/semtepi\/oportunidade\/prefeitura-sinemanaus-vagas0307\/\"},\"wordCount\":4430,\"publisher\":{\"@id\":\"https:\/\/www.manaus.am.gov.br\/semtepi\/#organization\"},\"image\":{\"@id\":\"https:\/\/www.manaus.am.gov.br\/semtepi\/oportunidade\/prefeitura-sinemanaus-vagas0307\/#primaryimage\"},\"thumbnailUrl\":\"https:\/\/www.manaus.am.gov.br\/semtepi\/wp-content\/uploads\/sites\/20\/2025\/07\/54522864357_7439195e70_c.jpg\",\"keywords\":[\"Empregos\",\"oportunidades\",\"prefeitura de manaus\",\"sine manaus\",\"vagas\"],\"articleSection\":[\"Oportunidade\"],\"inLanguage\":\"pt-BR\"},{\"@type\":\"WebPage\",\"@id\":\"https:\/\/www.manaus.am.gov.br\/semtepi\/oportunidade\/prefeitura-sinemanaus-vagas0307\/\",\"url\":\"https:\/\/www.manaus.am.gov.br\/semtepi\/oportunidade\/prefeitura-sinemanaus-vagas0307\/\",\"name\":\"Sine Manaus oferta 295 vagas de emprego nesta quinta\u2013feira, 3\/7\",\"isPartOf\":{\"@id\":\"https:\/\/www.manaus.am.gov.br\/semtepi\/#website\"},\"primaryImageOfPage\":{\"@id\":\"https:\/\/www.manaus.am.gov.br\/semtepi\/oportunidade\/prefeitura-sinemanaus-vagas0307\/#primaryimage\"},\"image\":{\"@id\":\"https:\/\/www.manaus.am.gov.br\/semtepi\/oportunidade\/prefeitura-sinemanaus-vagas0307\/#primaryimage\"},\"thumbnailUrl\":\"https:\/\/www.manaus.am.gov.br\/semtepi\/wp-content\/uploads\/sites\/20\/2025\/07\/54522864357_7439195e70_c.jpg\",\"datePublished\":\"2025-07-02T18:10:10+00:00\",\"dateModified\":\"2025-07-02T18:10:12+00:00\",\"description\":\"A Prefeitura de Manaus, por meio do Sine Manaus, oferta 295 vagas de emprego em v\u00e1rias \u00e1reas de atua\u00e7\u00e3o, nesta quinta\u2013feira, 3\/7, das 8h \u00e0s 14h.\",\"breadcrumb\":{\"@id\":\"https:\/\/www.manaus.am.gov.br\/semtepi\/oportunidade\/prefeitura-sinemanaus-vagas0307\/#breadcrumb\"},\"inLanguage\":\"pt-BR\",\"potentialAction\":[{\"@type\":\"ReadAction\",\"target\":[\"https:\/\/www.manaus.am.gov.br\/semtepi\/oportunidade\/prefeitura-sinemanaus-vagas0307\/\"]}]},{\"@type\":\"ImageObject\",\"inLanguage\":\"pt-BR\",\"@id\":\"https:\/\/www.manaus.am.gov.br\/semtepi\/oportunidade\/prefeitura-sinemanaus-vagas0307\/#primaryimage\",\"url\":\"https:\/\/www.manaus.am.gov.br\/semtepi\/wp-content\/uploads\/sites\/20\/2025\/07\/54522864357_7439195e70_c.jpg\",\"contentUrl\":\"https:\/\/www.manaus.am.gov.br\/semtepi\/wp-content\/uploads\/sites\/20\/2025\/07\/54522864357_7439195e70_c.jpg\",\"width\":799,\"height\":533},{\"@type\":\"BreadcrumbList\",\"@id\":\"https:\/\/www.manaus.am.gov.br\/semtepi\/oportunidade\/prefeitura-sinemanaus-vagas0307\/#breadcrumb\",\"itemListElement\":[{\"@type\":\"ListItem\",\"position\":1,\"name\":\"Home\",\"item\":\"https:\/\/www.manaus.am.gov.br\/semtepi\/\"},{\"@type\":\"ListItem\",\"position\":2,\"name\":\"Sine Manaus oferta 295 vagas de emprego nesta quinta\u2013feira, 3\/7\"}]},{\"@type\":\"WebSite\",\"@id\":\"https:\/\/www.manaus.am.gov.br\/semtepi\/#website\",\"url\":\"https:\/\/www.manaus.am.gov.br\/semtepi\/\",\"name\":\"SEMTEPI\",\"description\":\"Prefeitura de Manaus\",\"publisher\":{\"@id\":\"https:\/\/www.manaus.am.gov.br\/semtepi\/#organization\"},\"alternateName\":\"Secretaria Municipal do Trabalho, Empreendedorismo e Inova\u00e7\u00e3o\",\"potentialAction\":[{\"@type\":\"SearchAction\",\"target\":{\"@type\":\"EntryPoint\",\"urlTemplate\":\"https:\/\/www.manaus.am.gov.br\/semtepi\/?s={search_term_string}\"},\"query-input\":\"required name=search_term_string\"}],\"inLanguage\":\"pt-BR\"},{\"@type\":\"Organization\",\"@id\":\"https:\/\/www.manaus.am.gov.br\/semtepi\/#organization\",\"name\":\"Prefeitura Municipal de Manaus\",\"alternateName\":\"Prefeitura de Manaus\",\"url\":\"https:\/\/www.manaus.am.gov.br\/semtepi\/\",\"logo\":{\"@type\":\"ImageObject\",\"inLanguage\":\"pt-BR\",\"@id\":\"https:\/\/www.manaus.am.gov.br\/semtepi\/#\/schema\/logo\/image\/\",\"url\":\"https:\/\/www.manaus.am.gov.br\/semtepi\/wp-content\/uploads\/sites\/20\/2024\/07\/favicon.png\",\"contentUrl\":\"https:\/\/www.manaus.am.gov.br\/semtepi\/wp-content\/uploads\/sites\/20\/2024\/07\/favicon.png\",\"width\":300,\"height\":300,\"caption\":\"Prefeitura Municipal de Manaus\"},\"image\":{\"@id\":\"https:\/\/www.manaus.am.gov.br\/semtepi\/#\/schema\/logo\/image\/\"}},{\"@type\":\"Person\",\"@id\":\"https:\/\/www.manaus.am.gov.br\/semtepi\/#\/schema\/person\/4e49f4e267757a06ca072ec61b2b9968\",\"name\":\"Adriana Costa\",\"image\":{\"@type\":\"ImageObject\",\"inLanguage\":\"pt-BR\",\"@id\":\"https:\/\/www.manaus.am.gov.br\/semtepi\/#\/schema\/person\/image\/\",\"url\":\"https:\/\/secure.gravatar.com\/avatar\/576258617ef7194f718179e766d57bd4?s=96&d=mm&r=g\",\"contentUrl\":\"https:\/\/secure.gravatar.com\/avatar\/576258617ef7194f718179e766d57bd4?s=96&d=mm&r=g\",\"caption\":\"Adriana Costa\"}}]}<\/script>\n<!-- \/ Yoast SEO plugin. -->","yoast_head_json":{"title":"Sine Manaus oferta 295 vagas de emprego nesta quinta\u2013feira, 3\/7","description":"A Prefeitura de Manaus, por meio do Sine Manaus, oferta 295 vagas de emprego em v\u00e1rias \u00e1reas de atua\u00e7\u00e3o, nesta quinta\u2013feira, 3\/7, das 8h \u00e0s 14h.","robots":{"index":"noindex","follow":"follow"},"og_locale":"pt_BR","og_type":"article","og_title":"Sine Manaus oferta 295 vagas de emprego nesta quinta\u2013feira, 3\/7","og_description":"A Prefeitura de Manaus, por meio do Sine Manaus, oferta 295 vagas de emprego em v\u00e1rias \u00e1reas de atua\u00e7\u00e3o, nesta quinta\u2013feira, 3\/7, das 8h \u00e0s 14h.","og_url":"https:\/\/www.manaus.am.gov.br\/semtepi\/oportunidade\/prefeitura-sinemanaus-vagas0307\/","og_site_name":"SEMTEPI","article_published_time":"2025-07-02T18:10:10+00:00","article_modified_time":"2025-07-02T18:10:12+00:00","og_image":[{"width":799,"height":533,"url":"https:\/\/www.manaus.am.gov.br\/semtepi\/wp-content\/uploads\/sites\/20\/2025\/07\/54522864357_7439195e70_c.jpg","type":"image\/jpeg"}],"author":"Adriana Costa","twitter_card":"summary_large_image","twitter_misc":{"Written by":"Adriana Costa","Est. reading time":"21 minutos"},"schema":{"@context":"https:\/\/schema.org","@graph":[{"@type":"Article","@id":"https:\/\/www.manaus.am.gov.br\/semtepi\/oportunidade\/prefeitura-sinemanaus-vagas0307\/#article","isPartOf":{"@id":"https:\/\/www.manaus.am.gov.br\/semtepi\/oportunidade\/prefeitura-sinemanaus-vagas0307\/"},"author":{"name":"Adriana Costa","@id":"https:\/\/www.manaus.am.gov.br\/semtepi\/#\/schema\/person\/4e49f4e267757a06ca072ec61b2b9968"},"headline":"Sine Manaus oferta 295 vagas de emprego nesta quinta\u2013feira, 3\/7","datePublished":"2025-07-02T18:10:10+00:00","dateModified":"2025-07-02T18:10:12+00:00","mainEntityOfPage":{"@id":"https:\/\/www.manaus.am.gov.br\/semtepi\/oportunidade\/prefeitura-sinemanaus-vagas0307\/"},"wordCount":4430,"publisher":{"@id":"https:\/\/www.manaus.am.gov.br\/semtepi\/#organization"},"image":{"@id":"https:\/\/www.manaus.am.gov.br\/semtepi\/oportunidade\/prefeitura-sinemanaus-vagas0307\/#primaryimage"},"thumbnailUrl":"https:\/\/www.manaus.am.gov.br\/semtepi\/wp-content\/uploads\/sites\/20\/2025\/07\/54522864357_7439195e70_c.jpg","keywords":["Empregos","oportunidades","prefeitura de manaus","sine manaus","vagas"],"articleSection":["Oportunidade"],"inLanguage":"pt-BR"},{"@type":"WebPage","@id":"https:\/\/www.manaus.am.gov.br\/semtepi\/oportunidade\/prefeitura-sinemanaus-vagas0307\/","url":"https:\/\/www.manaus.am.gov.br\/semtepi\/oportunidade\/prefeitura-sinemanaus-vagas0307\/","name":"Sine Manaus oferta 295 vagas de emprego nesta quinta\u2013feira, 3\/7","isPartOf":{"@id":"https:\/\/www.manaus.am.gov.br\/semtepi\/#website"},"primaryImageOfPage":{"@id":"https:\/\/www.manaus.am.gov.br\/semtepi\/oportunidade\/prefeitura-sinemanaus-vagas0307\/#primaryimage"},"image":{"@id":"https:\/\/www.manaus.am.gov.br\/semtepi\/oportunidade\/prefeitura-sinemanaus-vagas0307\/#primaryimage"},"thumbnailUrl":"https:\/\/www.manaus.am.gov.br\/semtepi\/wp-content\/uploads\/sites\/20\/2025\/07\/54522864357_7439195e70_c.jpg","datePublished":"2025-07-02T18:10:10+00:00","dateModified":"2025-07-02T18:10:12+00:00","description":"A Prefeitura de Manaus, por meio do Sine Manaus, oferta 295 vagas de emprego em v\u00e1rias \u00e1reas de atua\u00e7\u00e3o, nesta quinta\u2013feira, 3\/7, das 8h \u00e0s 14h.","breadcrumb":{"@id":"https:\/\/www.manaus.am.gov.br\/semtepi\/oportunidade\/prefeitura-sinemanaus-vagas0307\/#breadcrumb"},"inLanguage":"pt-BR","potentialAction":[{"@type":"ReadAction","target":["https:\/\/www.manaus.am.gov.br\/semtepi\/oportunidade\/prefeitura-sinemanaus-vagas0307\/"]}]},{"@type":"ImageObject","inLanguage":"pt-BR","@id":"https:\/\/www.manaus.am.gov.br\/semtepi\/oportunidade\/prefeitura-sinemanaus-vagas0307\/#primaryimage","url":"https:\/\/www.manaus.am.gov.br\/semtepi\/wp-content\/uploads\/sites\/20\/2025\/07\/54522864357_7439195e70_c.jpg","contentUrl":"https:\/\/www.manaus.am.gov.br\/semtepi\/wp-content\/uploads\/sites\/20\/2025\/07\/54522864357_7439195e70_c.jpg","width":799,"height":533},{"@type":"BreadcrumbList","@id":"https:\/\/www.manaus.am.gov.br\/semtepi\/oportunidade\/prefeitura-sinemanaus-vagas0307\/#breadcrumb","itemListElement":[{"@type":"ListItem","position":1,"name":"Home","item":"https:\/\/www.manaus.am.gov.br\/semtepi\/"},{"@type":"ListItem","position":2,"name":"Sine Manaus oferta 295 vagas de emprego nesta quinta\u2013feira, 3\/7"}]},{"@type":"WebSite","@id":"https:\/\/www.manaus.am.gov.br\/semtepi\/#website","url":"https:\/\/www.manaus.am.gov.br\/semtepi\/","name":"SEMTEPI","description":"Prefeitura de Manaus","publisher":{"@id":"https:\/\/www.manaus.am.gov.br\/semtepi\/#organization"},"alternateName":"Secretaria Municipal do Trabalho, Empreendedorismo e Inova\u00e7\u00e3o","potentialAction":[{"@type":"SearchAction","target":{"@type":"EntryPoint","urlTemplate":"https:\/\/www.manaus.am.gov.br\/semtepi\/?s={search_term_string}"},"query-input":"required name=search_term_string"}],"inLanguage":"pt-BR"},{"@type":"Organization","@id":"https:\/\/www.manaus.am.gov.br\/semtepi\/#organization","name":"Prefeitura Municipal de Manaus","alternateName":"Prefeitura de Manaus","url":"https:\/\/www.manaus.am.gov.br\/semtepi\/","logo":{"@type":"ImageObject","inLanguage":"pt-BR","@id":"https:\/\/www.manaus.am.gov.br\/semtepi\/#\/schema\/logo\/image\/","url":"https:\/\/www.manaus.am.gov.br\/semtepi\/wp-content\/uploads\/sites\/20\/2024\/07\/favicon.png","contentUrl":"https:\/\/www.manaus.am.gov.br\/semtepi\/wp-content\/uploads\/sites\/20\/2024\/07\/favicon.png","width":300,"height":300,"caption":"Prefeitura Municipal de Manaus"},"image":{"@id":"https:\/\/www.manaus.am.gov.br\/semtepi\/#\/schema\/logo\/image\/"}},{"@type":"Person","@id":"https:\/\/www.manaus.am.gov.br\/semtepi\/#\/schema\/person\/4e49f4e267757a06ca072ec61b2b9968","name":"Adriana Costa","image":{"@type":"ImageObject","inLanguage":"pt-BR","@id":"https:\/\/www.manaus.am.gov.br\/semtepi\/#\/schema\/person\/image\/","url":"https:\/\/secure.gravatar.com\/avatar\/576258617ef7194f718179e766d57bd4?s=96&d=mm&r=g","contentUrl":"https:\/\/secure.gravatar.com\/avatar\/576258617ef7194f718179e766d57bd4?s=96&d=mm&r=g","caption":"Adriana Costa"}}]}},"_links":{"self":[{"href":"https:\/\/www.manaus.am.gov.br\/semtepi\/wp-json\/wp\/v2\/posts\/6574"}],"collection":[{"href":"https:\/\/www.manaus.am.gov.br\/semtepi\/wp-json\/wp\/v2\/posts"}],"about":[{"href":"https:\/\/www.manaus.am.gov.br\/semtepi\/wp-json\/wp\/v2\/types\/post"}],"author":[{"embeddable":true,"href":"https:\/\/www.manaus.am.gov.br\/semtepi\/wp-json\/wp\/v2\/users\/23"}],"replies":[{"embeddable":true,"href":"https:\/\/www.manaus.am.gov.br\/semtepi\/wp-json\/wp\/v2\/comments?post=6574"}],"version-history":[{"count":0,"href":"https:\/\/www.manaus.am.gov.br\/semtepi\/wp-json\/wp\/v2\/posts\/6574\/revisions"}],"wp:featuredmedia":[{"embeddable":true,"href":"https:\/\/www.manaus.am.gov.br\/semtepi\/wp-json\/wp\/v2\/media\/6575"}],"wp:attachment":[{"href":"https:\/\/www.manaus.am.gov.br\/semtepi\/wp-json\/wp\/v2\/media?parent=6574"}],"wp:term":[{"taxonomy":"category","embeddable":true,"href":"https:\/\/www.manaus.am.gov.br\/semtepi\/wp-json\/wp\/v2\/categories?post=6574"},{"taxonomy":"post_tag","embeddable":true,"href":"https:\/\/www.manaus.am.gov.br\/semtepi\/wp-json\/wp\/v2\/tags?post=6574"}],"curies":[{"name":"wp","href":"https:\/\/api.w.org\/{rel}","templated":true}]}}