{"id":6569,"date":"2025-06-30T13:52:44","date_gmt":"2025-06-30T17:52:44","guid":{"rendered":"https:\/\/www.manaus.am.gov.br\/semtepi\/sem-categoria\/prefeitura-sinemanaus-vagas0107\/"},"modified":"2025-06-30T13:52:45","modified_gmt":"2025-06-30T17:52:45","slug":"prefeitura-sinemanaus-vagas0107","status":"publish","type":"post","link":"https:\/\/www.manaus.am.gov.br\/semtepi\/oportunidade\/prefeitura-sinemanaus-vagas0107\/","title":{"rendered":"Sine Manaus oferta 262 vagas de emprego nesta ter\u00e7a\u2013feira, 1\u00ba\/7"},"content":{"rendered":"\n<p><a>A Prefeitura de Manaus, por meio do Sine Manaus, oferta 262 vagas de emprego em v\u00e1rias \u00e1reas de atua\u00e7\u00e3o, nesta ter\u00e7a\u2013feira, 1\u00ba\/7,&nbsp;das <\/a>8h \u00e0s 14h. O candidato pode validar a Carteira Digital e Previd\u00eancia Social (CTPS) no aplicativo \u201cCarteira de Trabalho Digital\u201d ou acessar o site&nbsp;<a href=\"http:\/\/gov.br\/trabalho\" target=\"_blank\" rel=\"noreferrer noopener\">http:\/\/gov.br\/trabalho<\/a>.<\/p>\n\n\n\n<p>Para participar da pr\u00e9\u2013sele\u00e7\u00e3o e concorrer a uma das vagas dispon\u00edveis, ou receber orienta\u00e7\u00e3o de cadastro, Carteira de Trabalho Digital e seguro\u2013desemprego, os candidatos devem comparecer a um dos postos do Sine Manaus: na avenida Constantino Nery, n\u00ba 1.272, bairro S\u00e3o Geraldo, zona Centro\u2013Sul; ou no shopping Phelippe Daou, na avenida Camapu\u00e3, n\u00ba 2.939, bairro Cidade de Deus, zona Leste.<\/p>\n\n\n\n<p>Os interessados devem estar munidos do comprovante de vacina\u00e7\u00e3o (Covid\u201319), curr\u00edculo, certificados de cursos e documentos pessoais (RG, CPF, PIS, CTPS, comprovante de escolaridade e resid\u00eancia). N\u00e3o \u00e9 necess\u00e1rio apresentar c\u00f3pias, somente os documentos originais.<\/p>\n\n\n\n<p>\u00c9 importante que os candidatos mantenham seus cadastros atualizados, especialmente ao finalizarem novas qualifica\u00e7\u00f5es. Para vagas espec\u00edficas, podem ser solicitados documentos adicionais, como cursos ou certifica\u00e7\u00f5es, por isso, \u00e9 essencial estar atento aos &#8220;Requisitos Obrigat\u00f3rios&#8221; de cada vaga.<\/p>\n\n\n\n<p>A Semtepi ressalta que, obedecendo ao disposto no artigo 5\u00ba, da Constitui\u00e7\u00e3o Federal, e ao artigo 373\u2013A, da Consolida\u00e7\u00e3o das Leis Trabalhistas (CLT), crit\u00e9rios referentes a sexo, idade, cor ou situa\u00e7\u00e3o familiar, n\u00e3o podem ser informados na divulga\u00e7\u00e3o das vagas disponibilizadas.<\/p>\n\n\n\n<p>Os candidatos devem estar cientes das diretrizes de vestimenta estabelecidas pelo \u00f3rg\u00e3o, as quais incluem a proibi\u00e7\u00e3o de vestimentas como bermudas, shorts, minissaias, camisetas regatas e chinelos durante a entrada.<\/p>\n\n\n\n<p><strong>Vagas Novas \u2013 52<\/strong><\/p>\n\n\n\n<p><strong>1 vagas &#8211; Serralheiro<\/strong><\/p>\n\n\n\n<p>Escolaridade &#8211; ensino fundamental completo;<\/p>\n\n\n\n<p>Experi\u00eancia \u2013 registrada na Carteira de Trabalho;<\/p>\n\n\n\n<p>Requisitos Obrigat\u00f3rios &#8211; ter curso de&nbsp; NR-35,&nbsp; experi\u00eancia em solda mig, eletrodo revestido e corte ma\u00e7arico, disponibilidade para servi\u00e7o externo e possuir documenta\u00e7\u00e3o completa (com dispensa militar);<\/p>\n\n\n\n<p>Atividades &#8211; confeccionar, reparar estruturas para t\u00f3tens, fachadas, placas e eventos em geral, cortar, moldar, furar, dobrar.<\/p>\n\n\n\n<p>Dispon\u00edvel at\u00e9 1\u00ba\/7\/2025 ou encerramento da vaga<\/p>\n\n\n\n<p><strong>50 vagas &#8211; Operador de Produ\u00e7\u00e3o II<\/strong><\/p>\n\n\n\n<p>Escolaridade &#8211; ensino fundamental incompleto;<\/p>\n\n\n\n<p>Experi\u00eancia \u2013 n\u00e3o \u00e9 necess\u00e1rio;<\/p>\n\n\n\n<p>Requisitos Obrigat\u00f3rios &#8211;&nbsp; disponibilidade para trabalhar em turnos, vaga \u00e9 destinada para candidatos que est\u00e3o em busca de novos desafios; o candidato vai precisar morar em: Videira &#8211; Santa Catarina (SC) e possuir documenta\u00e7\u00e3o completa;<\/p>\n\n\n\n<p>Atividades &#8211; trabalhar com processamento de carne de frango, em setores diversos, com utiliza\u00e7\u00e3o de facas, ambiente climatizado, atividades como corte, coleta, pesagem e embalagem de alimentos, desossar, embalar, pesar, processar alimentos, derivados de carne de frango e su\u00ednos.<\/p>\n\n\n\n<p>Dispon\u00edvel at\u00e9 1\u00ba\/7\/2025 ou encerramento da vaga<\/p>\n\n\n\n<p><strong>1 vagas &#8211; Operador de Empilhadeira<\/strong><\/p>\n\n\n\n<p>Escolaridade &#8211;&nbsp; ensino m\u00e9dio completo;<\/p>\n\n\n\n<p>Experi\u00eancia \u2013 seis meses na Carteira de Trabalho;<\/p>\n\n\n\n<p>Requisitos Obrigat\u00f3rios &#8211; ter curso de Operador de Empilhadeira atualizado, disponibilidade de hor\u00e1rio e possuir documenta\u00e7\u00e3o completa (com dispensa militar);<\/p>\n\n\n\n<p>Atividades &#8211; operar em empilhadeira a g\u00e1s.<\/p>\n\n\n\n<p>Dispon\u00edvel at\u00e9 1\u00ba\/7\/2025 ou encerramento da vaga<\/p>\n\n\n\n<p><strong>Vagas no Com\u00e9rcio &#8211; 17<\/strong><\/p>\n\n\n\n<p><strong>2 vagas &#8211; Auxiliar Operacional de Log\u00edstica<\/strong><\/p>\n\n\n\n<p>Escolaridade &#8211; ensino fundamental completo;<\/p>\n\n\n\n<p>Experi\u00eancia \u2013 registrada na Carteira de Trabalho;<\/p>\n\n\n\n<p>Requisitos Obrigat\u00f3rios &#8211; ter experi\u00eancia com carga e descarga de mercadorias e possuir documenta\u00e7\u00e3o completa (com dispensa militar);<\/p>\n\n\n\n<p>Atividades &#8211; receber e conferir pedidos, descarregar produto, endere\u00e7ar materiais e encaminhar para armazenagem atrav\u00e9s de contagem padr\u00e3o para garantir a acuracidade dos produtos que deram entrada no estoque; conferir se o lacre do caminh\u00e3o n\u00e3o est\u00e1 violado, amarra\u00e7\u00e3o dos paletes, quantidades e modelos; sinalizar diverg\u00eancias e avarias no carregamento para lideran\u00e7a imediata, atrav\u00e9s de orienta\u00e7\u00e3o pr\u00e9via; garantir mercadorias nos ve\u00edculos, conforme rota, verificar previamente local de entrega do produto, ordenar entrega conforme programa\u00e7\u00e3o, separar e entregar encomendas, segundo o destino; garantir o FIFO no cliente; realizar transbordo de mercadorias, movimentar mercadoria para o interior dos ve\u00edculos, descarregar mercadorias, colocar cargas no terminal de embarque\/desembarque e distribuir carga em paletes.<\/p>\n\n\n\n<p>Dispon\u00edvel at\u00e9 1\u00ba\/7\/2025 ou encerramento da vaga<\/p>\n\n\n\n<p><strong>2 vagas &#8211; Gerente de Loja<\/strong><\/p>\n\n\n\n<p>Escolaridade &#8211; ensino m\u00e9dio completo;<\/p>\n\n\n\n<p>Experi\u00eancia \u2013 seis meses na Carteira de Trabalho;<\/p>\n\n\n\n<p>Requisitos Obrigat\u00f3rios &#8211; experi\u00eancia com gest\u00e3o de pessoas e vendas no com\u00e9rcio, atacado ser\u00e1 diferencial;<\/p>\n\n\n\n<p>Atividades &#8211; abertura e fechamento de loja dar suporte a ger\u00eancia e supervis\u00e3o acompanhar metas e performance de equipes delegar e cobrar tarefas do time garantir reposi\u00e7\u00e3o e organiza\u00e7\u00e3o de produtos ajudar no controle de metas cobrir folgas e liderar em aus\u00eancia de gerente auxiliar em treinamentos e integra\u00e7\u00e3o de novas vendedoras.<\/p>\n\n\n\n<p>Dispon\u00edvel at\u00e9 1\u00ba\/7\/2025 ou encerramento da vaga<\/p>\n\n\n\n<p><strong>2 vagas &#8211; Operador de Caixa<\/strong><\/p>\n\n\n\n<p>Escolaridade &#8211; ensino m\u00e9dio completo;<\/p>\n\n\n\n<p>Experi\u00eancia \u2013 seis meses na Carteira de Trabalho;<\/p>\n\n\n\n<p>Requisitos Obrigat\u00f3rios &#8211; (dispensa militar);<\/p>\n\n\n\n<p>Atividades &#8211; registrar e cobrar valores em estabelecimentos, emitindo comprovantes fiscais e auxiliando o cliente durante todo o processo de compra. Em sua rotina, ele atende os consumidores, recebe suas mercadorias no caixa e calcula os valores a serem pagos.<\/p>\n\n\n\n<p>Dispon\u00edvel at\u00e9 1\u00ba\/7\/2025 ou encerramento da vaga<\/p>\n\n\n\n<p>3 vagas &#8211; A\u00e7ougueiro<\/p>\n\n\n\n<p>Escolaridade &#8211; ensino m\u00e9dio completo;<\/p>\n\n\n\n<p>Experi\u00eancia \u2013 seis meses na Carteira de Trabalho;<\/p>\n\n\n\n<p>Requisitos Obrigat\u00f3rios &#8211; (dispensa militar);<\/p>\n\n\n\n<p>Atividades &#8211; prepara, trata e comercializa carnes, realizando tarefas como desossar, cortar, embalar e armazenar produtos.<\/p>\n\n\n\n<p>Dispon\u00edvel at\u00e9 1\u00ba\/7\/2025 ou encerramento da vaga<\/p>\n\n\n\n<p><strong>4 vagas &#8211; Auxiliar de Limpeza<\/strong><\/p>\n\n\n\n<p>Escolaridade &#8211; ensino m\u00e9dio completo;<\/p>\n\n\n\n<p>Experi\u00eancia \u2013 seis meses na Carteira de Trabalho;<\/p>\n\n\n\n<p>Requisitos Obrigat\u00f3rios &#8211; (dispensa militar);<\/p>\n\n\n\n<p>Atividades &#8211; \u00e9 o profissional respons\u00e1vel pela higieniza\u00e7\u00e3o e organiza\u00e7\u00e3o de ambientes internos e externos, garantindo um local limpo e adequado para conv\u00edvio. Em sua rotina, o profissional varre, lava, desinfecta e remove res\u00edduos em superf\u00edcies.<\/p>\n\n\n\n<p>Dispon\u00edvel at\u00e9 1\u00ba\/7\/2025 ou encerramento da vaga<\/p>\n\n\n\n<p><strong>2 vagas &#8211; Repositor de Mercadorias<\/strong><\/p>\n\n\n\n<p>Escolaridade &#8211; ensino m\u00e9dio completo;<\/p>\n\n\n\n<p>Experi\u00eancia \u2013 seis meses na Carteira de Trabalho;<\/p>\n\n\n\n<p>Requisitos Obrigat\u00f3rios &#8211; (dispensa militar);<\/p>\n\n\n\n<p>Atividades &#8211; \u00e9 respons\u00e1vel por repor e organizar produtos nas prateleiras e g\u00f4ndolas, manter os produtos atraentes e vis\u00edveis para os clientes, e verificar datas de validade para evitar a venda de itens vencidos.<\/p>\n\n\n\n<p>Dispon\u00edvel at\u00e9 1\u00ba\/7\/2025 ou encerramento da vaga<\/p>\n\n\n\n<p><strong>2 vagas &#8211; Operador de Lojas<\/strong><\/p>\n\n\n\n<p>Escolaridade &#8211; ensino m\u00e9dio completo;<\/p>\n\n\n\n<p>Experi\u00eancia \u2013 seis meses na Carteira de Trabalho;<\/p>\n\n\n\n<p>Requisitos Obrigat\u00f3rios &#8211; (dispensa militar);<\/p>\n\n\n\n<p>Atividades &#8211; organizar e repor produtos nas prateleiras das lojas, de acordo com cada setor. Verificar a data de validade dos produtos expostos. Receber mercadorias, quando for necess\u00e1rio. Manter limpo e organizado o setor ao qual for designado.<\/p>\n\n\n\n<p>Dispon\u00edvel at\u00e9 1\u00ba\/7\/2025 ou encerramento da vaga<\/p>\n\n\n\n<p><strong>Vagas na Ind\u00fastria \u2013 150<\/strong><\/p>\n\n\n\n<p><strong>50 vagas \u2013 Auxiliar de Linha de Produ\u00e7\u00e3o<\/strong><\/p>\n\n\n\n<p>Escolaridade \u2013 ensino fundamental completo;<\/p>\n\n\n\n<p>Experi\u00eancia \u2013 n\u00e3o \u00e9 necess\u00e1rio;<\/p>\n\n\n\n<p>Requisitos Obrigat\u00f3rios \u2013 a vaga \u00e9 destinada para candidatos que est\u00e3o em busca de novos desafios; o candidato vai precisar morar em: V\u00e1rzea Grande (MT) e documenta\u00e7\u00e3o completa (com dispensa militar);<\/p>\n\n\n\n<p>Atividades \u2013 executar atividades operacionais em setores de apoio ou produ\u00e7\u00e3o de frios, visando garantir a manuten\u00e7\u00e3o, organiza\u00e7\u00e3o, limpeza ou opera\u00e7\u00e3o de atividades na unidade.<\/p>\n\n\n\n<p>Dispon\u00edvel at\u00e9 1\u00ba\/7\/2025 ou encerramento da vaga.<\/p>\n\n\n\n<p><strong>25 vagas \u2013 Alimentador de Linha de Produ\u00e7\u00e3o<\/strong><\/p>\n\n\n\n<p>Escolaridade \u2013 ensino fundamental incompleto;<\/p>\n\n\n\n<p>Experi\u00eancia \u2013 n\u00e3o \u00e9 necess\u00e1rio;<\/p>\n\n\n\n<p>Requisitos Obrigat\u00f3rios \u2013 a vaga \u00e9 destinada para candidatos que est\u00e3o em busca de novos desafios; o candidato vai precisar morar em: Promiss\u00e3o \u2013 SP e ter documenta\u00e7\u00e3o completa (com dispensa militar);<\/p>\n\n\n\n<p>Atividades \u2013 auxiliar a ind\u00fastria de abate bovino.<\/p>\n\n\n\n<p>Dispon\u00edvel at\u00e9 1\u00ba\/7\/2025 ou encerramento da vaga.<\/p>\n\n\n\n<p><strong>25 vaga &#8211; Auxiliar Operacional &#8211; Setor Industrial<br><\/strong>Escolaridade &#8211; ensino fundamental&nbsp; incompleto;<br>Experi\u00eancia \u2013 n\u00e3o \u00e9 necess\u00e1rio<br>Requisitos Obrigat\u00f3rios &#8211; a vaga \u00e9 destinada para candidatos que est\u00e3o em busca de novos desafios; o candidato vai precisar morar em: Chupinguaia (RO) e possuir documenta\u00e7\u00e3o completa;<br>Atividades &#8211; pesagem e balan\u00e7a de pe\u00e7as de carne, transporte de pe\u00e7as de carne para a log\u00edstica; Lavagem de pe\u00e7as de carne, aux\u00edlio na linha de produ\u00e7\u00e3o no processo de desossa e cortes de carne.<br>Dispon\u00edvel at\u00e9 1\u00ba\/7\/2025 ou encerramento da vaga<\/p>\n\n\n\n<p><strong>50 vagas &#8211; Auxiliar de Carga e Descarga<br><\/strong>Escolaridade &#8211; ensino fundamental completo;<br>Experi\u00eancia \u2013 seis meses na Carteira de Trabalho (aceita experi\u00eancia avulsa);<br>Requisitos Obrigat\u00f3rios &#8211; com dispensa militar;<br>Atividades &#8211; executar servi\u00e7os de carga e descarga; Realizar a confer\u00eancia das cargas recebidas na doca, armazenagem e separa\u00e7\u00e3o de produtos e materiais; Organizar e manter o estoque da empresa dentro das pol\u00edticas internas; Identificar produtos n\u00e3o conformes entre demais atividades pertinentes a fun\u00e7\u00e3o.<br>Dispon\u00edvel at\u00e9 1\u00ba\/7\/2025 ou encerramento da vaga<\/p>\n\n\n\n<p><strong>Vagas em Servi\u00e7os \u2013<a><\/a> 37<\/strong><\/p>\n\n\n\n<p><strong>1 vaga &#8211; Assistente de Departamento Pessoal<\/strong><\/p>\n\n\n\n<p>Escolaridade &#8211; ensino superior completo em Administra\u00e7\u00e3o ou Contabilidade;<\/p>\n\n\n\n<p>Experi\u00eancia \u2013 registrada na Carteira de Trabalho;<\/p>\n\n\n\n<p>Requisitos Obrigat\u00f3rios &#8211; ter conhecimento de softwares de gest\u00e3o em RH\/DP, ponto eletr\u00f4nico; especializa\u00e7\u00e3o em Gest\u00e3o de Pessoas ou Departamento Pessoa e possuir documenta\u00e7\u00e3o completa;<\/p>\n\n\n\n<p>Atividades &#8211; gerir folha de ponto, pagamento e benef\u00edcios; realizar controle de f\u00e9rias, processos e c\u00e1lculos rescis\u00f3rios; gerir documenta\u00e7\u00e3o dos colaboradores.<\/p>\n\n\n\n<p>Dispon\u00edvel at\u00e9 1\u00ba\/7\/2025 ou encerramento da vaga<\/p>\n\n\n\n<p><strong>1 vaga &#8211; Motorista de Carreta<\/strong><\/p>\n\n\n\n<p>Escolaridade &#8211; ensino m\u00e9dio completo;<\/p>\n\n\n\n<p>Experi\u00eancia \u2013 registrada na Carteira de Trabalho;<\/p>\n\n\n\n<p>Requisitos Obrigat\u00f3rios &#8211; ter experi\u00eancia com transporte de cargas, Carteira Nacional de Habilita\u00e7\u00e3o categoria \u201cE\u201d e possuir documenta\u00e7\u00e3o completa (com dispensa militar);<\/p>\n\n\n\n<p>Atividades &#8211; transportar materiais e produtos para diversos itiner\u00e1rios de acordo com as leis de tr\u00e2nsito e normas de seguran\u00e7a, em um conjunto de ve\u00edculos, composto por um cavalo mec\u00e2nico e um ou mais trailers ou carretas; respons\u00e1vel pela perman\u00eancia da documenta\u00e7\u00e3o do ve\u00edculo e pelo acondicionamento e amarra\u00e7\u00e3o das cargas nos ve\u00edculos; elaborar relat\u00f3rios de viagem e rota e fazer confer\u00eancia dos materiais para assegurar a correta entrega e coleta; efetuar a presta\u00e7\u00e3o de contas das despesas efetuadas com o ve\u00edculo, abastecimentos, ped\u00e1gios, taxas de cargas e descargas e demais despesas inerentes a opera\u00e7\u00e3o; zelar pela conserva\u00e7\u00e3o e seguran\u00e7a dos ve\u00edculos, providenciando limpeza, ajustes e pequenos reparos.<\/p>\n\n\n\n<p>Dispon\u00edvel at\u00e9 1\u00ba\/7\/2025 ou encerramento da vaga<\/p>\n\n\n\n<p><strong>5 vagas &#8211; Instalador de TV a Cabo<\/strong><\/p>\n\n\n\n<p>Escolaridade &#8211; ensino m\u00e9dio completo;<\/p>\n\n\n\n<p>Experi\u00eancia \u2013 n\u00e3o \u00e9 necess\u00e1rio;<\/p>\n\n\n\n<p>Requisitos Obrigat\u00f3rios &#8211; ter Carteira Nacional de Habilita\u00e7\u00e3o categoria \u201cAB\u201d ou \u201dB\u201d, conhecimento b\u00e1sico de Pacote Office, disponibilidade de hor\u00e1rio e possuir documenta\u00e7\u00e3o completa (com dispensa militar);<\/p>\n\n\n\n<p>Atividades &#8211; instalar caixas de atendimento principal e realizar manuten\u00e7\u00e3o corretiva e preventiva dessas caixas de atendimento.<\/p>\n\n\n\n<p>Dispon\u00edvel at\u00e9 1\u00ba\/7\/2025 ou encerramento da vaga<\/p>\n\n\n\n<p><strong>2 vagas &#8211; Soldador<\/strong><\/p>\n\n\n\n<p>Escolaridade &#8211; ensino m\u00e9dio completo;<\/p>\n\n\n\n<p>Experi\u00eancia \u2013 tr\u00eas meses na Carteira de Trabalho;<\/p>\n\n\n\n<p>Requisitos Obrigat\u00f3rios &#8211; apenas candidatos que residam Armando Mendes, Zumbi e Jorge Teixeira e possuir documenta\u00e7\u00e3o completa(dispensa militar);<\/p>\n\n\n\n<p>Atividades &#8211; unem e cortam pe\u00e7as de ligas met\u00e1licas usando processos de soldagem e corte tais como eletrodo revestido, tig, mig, mag, oxig\u00e1s, arco submerso, brasagem, plasma. Preparam equipamentos, acess\u00f3rios, consum\u00edveis de soldagem e corte e pe\u00e7as a serem soldadas. Aplicam estritas normas de seguran\u00e7a, organiza\u00e7\u00e3o do local de trabalho e meio ambiente.<\/p>\n\n\n\n<p>Dispon\u00edvel at\u00e9 1\u00ba\/7\/2025 ou encerramento da vaga<\/p>\n\n\n\n<p><strong>2 vagas &#8211; Auxiliar de Produ\u00e7\u00e3o Montagem de Travas<\/strong><\/p>\n\n\n\n<p>Escolaridade &#8211; ensino m\u00e9dio completo;<\/p>\n\n\n\n<p>Experi\u00eancia \u2013 n\u00e3o necess\u00e1rio;<\/p>\n\n\n\n<p>Requisitos Obrigat\u00f3rios &#8211; apenas candidatos que residam Armando Mendes, Zumbi e Jorge Teixeira e possuir documenta\u00e7\u00e3o completa(dispensa militar);<\/p>\n\n\n\n<p>Atividades &#8211; auxiliar de Produ\u00e7\u00e3o \u00e9 respons\u00e1vel pela montagem de travas, seguindo especifica\u00e7\u00f5es t\u00e9cnicas e utilizando ferramentas apropriadas. Este profissional deve garantir a qualidade das pe\u00e7as montadas, manter a organiza\u00e7\u00e3o do local de trabalho.<\/p>\n\n\n\n<p>Dispon\u00edvel at\u00e9 1\u00ba\/7\/2025 ou encerramento da vaga<\/p>\n\n\n\n<p><strong>1 vaga &#8211; Consultor de Vendas<\/strong><\/p>\n\n\n\n<p>Escolaridade &#8211; ensino m\u00e9dio completo ou superior cursando;<\/p>\n\n\n\n<p>Experi\u00eancia \u2013 seis meses na Carteira de Trabalho;<\/p>\n\n\n\n<p>Requisitos Obrigat\u00f3rios &#8211; experi\u00eancia em telemarketing e possuir documenta\u00e7\u00e3o completa;<\/p>\n\n\n\n<p>Atividades &#8211; Resili\u00eancia com metas; Proatividade, din\u00e2mico e respons\u00e1vel,&nbsp; Atendimento, p\u00f3s atendimento e cadastro de clientes,Emiss\u00e3o de ordens de servi\u00e7o e p\u00f3s-venda, Compila\u00e7\u00e3o de dados para apura\u00e7\u00e3o de cotas e vendas individuais de cada elemento da equipe, Explorar banco de clientes Inativos, e Prospec\u00e7\u00e3o de novos clientes.<\/p>\n\n\n\n<p>Dispon\u00edvel at\u00e9 1\u00ba\/7\/2025 ou encerramento da vaga<\/p>\n\n\n\n<p><strong>3 vagas &#8211; Art\u00edfice<\/strong><\/p>\n\n\n\n<p>Escolaridade &#8211; ensino m\u00e9dio completo;<\/p>\n\n\n\n<p>Experi\u00eancia \u2013 seis meses na Carteira de Trabalho;<\/p>\n\n\n\n<p>Requisitos Obrigat\u00f3rios &#8211; possuir documenta\u00e7\u00e3o completa (com dispensa militar);<\/p>\n\n\n\n<p>Atividades &#8211; o art\u00edfice pode ser respons\u00e1vel por servi\u00e7os de manuten\u00e7\u00e3o geral, como reparos em alvenaria, pintura, instala\u00e7\u00f5es el\u00e9tricas e hidr\u00e1ulicas, al\u00e9m de pequenos consertos em geral.<\/p>\n\n\n\n<p>Dispon\u00edvel at\u00e9 1\u00ba\/7\/2025 ou encerramento da vaga<\/p>\n\n\n\n<p><strong>16 vagas &#8211; Ajudante Geral<\/strong><\/p>\n\n\n\n<p>Escolaridade &#8211; ensino fundamental completo;<\/p>\n\n\n\n<p>Experi\u00eancia \u2013 registrada na Carteira de Trabalho (aceita experi\u00eancia avulsa, com comprova\u00e7\u00e3o);<\/p>\n\n\n\n<p>Requisitos Obrigat\u00f3rios &#8211; disposi\u00e7\u00e3o para trabalhar e que tenha trabalhado com tijolo de blocos e possuir documenta\u00e7\u00e3o completa (com dispensa militar);<\/p>\n\n\n\n<p>Atividades &#8211; \u00e9 o respons\u00e1vel pelo aux\u00edlio imediato em diversas fun\u00e7\u00f5es de uma empresa e tamb\u00e9m garante o suporte necess\u00e1rio ao cliente. Al\u00e9m disso, esse profissional esclarece as d\u00favidas, realiza carga e descarga de mercadorias, servi\u00e7os de manuten\u00e7\u00e3o e de limpeza.<\/p>\n\n\n\n<p>Dispon\u00edvel at\u00e9 1\u00ba\/7\/2025 ou encerramento da vaga<\/p>\n\n\n\n<p><strong>6 vagas &#8211; Azulejista<\/strong><\/p>\n\n\n\n<p>Escolaridade &#8211; ensino fundamental completo;<\/p>\n\n\n\n<p>Experi\u00eancia \u2013 seis meses na Carteira de Trabalho;<\/p>\n\n\n\n<p>Requisitos Obrigat\u00f3rios -possuir documenta\u00e7\u00e3o completa (com dispensa militar);<\/p>\n\n\n\n<p>Atividades &#8211; repara\u00e7\u00e3o do canteiro de obras (limpeza, compacta\u00e7\u00e3o do solo), demoli\u00e7\u00e3o de estruturas, preparo de materiais (massa de concreto, outros),carregamento, transporte e descarga de materiais, escava\u00e7\u00e3o de valas e fossas, realiza\u00e7\u00e3o de pequenos reparos e manuten\u00e7\u00e3o, limpeza de m\u00e1quinas e ferramentas, verifica\u00e7\u00e3o das condi\u00e7\u00f5es de equipamentos e reparos<\/p>\n\n\n\n<p>Dispon\u00edvel at\u00e9 1\u00ba\/7\/2025 ou encerramento da vaga<\/p>\n\n\n\n<p><strong>Vagas exclusivas para Pessoas com Defici\u00eancia (PcDs) \u2013 6<\/strong><\/p>\n\n\n\n<p><strong>1 vagas &#8211; Atendente de loja &#8211; Vagas exclusivas para Pessoa com Defici\u00eancia (PCD)<\/strong><\/p>\n\n\n\n<p>Escolaridade &#8211; ensino fundamental completo;<\/p>\n\n\n\n<p>Experi\u00eancia \u2013 n\u00e3o \u00e9 necess\u00e1rio;<\/p>\n\n\n\n<p>Requisitos Obrigat\u00f3rios &#8211; ter curso de&nbsp; Excel B\u00e1sico ou Avan\u00e7ado e possuir documenta\u00e7\u00e3o completa (com dispensa militar);<\/p>\n\n\n\n<p>Atividades &#8211; organiza\u00e7\u00e3o dos produtos, atendimento ao cliente;<\/p>\n\n\n\n<p>Dispon\u00edvel at\u00e9 1\u00ba\/7\/2025 ou encerramento da vaga<\/p>\n\n\n\n<p><strong>1 vagas &#8211; Auxiliar de Limpeza &#8211; Vagas exclusivas para Pessoa com Defici\u00eancia (PCD)<\/strong><\/p>\n\n\n\n<p>Escolaridade &#8211; ensino fundamental completo;<\/p>\n\n\n\n<p>Experi\u00eancia \u2013 seis meses na Carteira de Trabalho;<\/p>\n\n\n\n<p>Requisitos Obrigat\u00f3rios &#8211; possuir documenta\u00e7\u00e3o completa (com dispensa militar);<\/p>\n\n\n\n<p>Atividades &#8211; servi\u00e7os de limpeza, conserva\u00e7\u00e3o e manuten\u00e7\u00e3o da higiene das lojas;<\/p>\n\n\n\n<p>Dispon\u00edvel at\u00e9 1\u00ba\/7\/2025 ou encerramento da vaga<\/p>\n\n\n\n<p><strong>1 vagas &#8211; Art\u00edfice &#8211; Vagas exclusivas para Pessoa com Defici\u00eancia (PCD)<\/strong><\/p>\n\n\n\n<p>Escolaridade &#8211; ensino fundamental completo;<\/p>\n\n\n\n<p>Experi\u00eancia \u2013 seis meses na Carteira de Trabalho;<\/p>\n\n\n\n<p>Requisitos Obrigat\u00f3rios &#8211; possuir documenta\u00e7\u00e3o completa (com dispensa militar);<\/p>\n\n\n\n<p>Atividades &#8211; manuten\u00e7\u00f5es prediais envolvendo alvenaria, pintura, carpintaria, hidr\u00e1ulica e el\u00e9trica (b\u00e1sico);<\/p>\n\n\n\n<p>Dispon\u00edvel at\u00e9 1\u00ba\/7\/2025 ou encerramento da vaga<\/p>\n\n\n\n<p><strong>1 vagas &#8211; Mensageiro &#8211; Vagas exclusivas para Pessoa com Defici\u00eancia (PCD)<\/strong><\/p>\n\n\n\n<p>Escolaridade &#8211; ensino m\u00e9dio completo;<\/p>\n\n\n\n<p>Experi\u00eancia \u2013 seis meses na Carteira de Trabalho;<\/p>\n\n\n\n<p>Requisitos Obrigat\u00f3rios &#8211; ter curso de&nbsp; Inform\u00e1tica B\u00e1sica e possuir documenta\u00e7\u00e3o completa (com dispensa militar);<\/p>\n\n\n\n<p>Atividades &#8211; realizar a entrega interna e externa de correspond\u00eancia e documentos;<\/p>\n\n\n\n<p>Dispon\u00edvel at\u00e9 1\u00ba\/7\/2025 ou encerramento da vaga<\/p>\n\n\n\n<p><strong>2 vagas &#8211; Recepcionista de consult\u00f3rio m\u00e9dico ou dent\u00e1rio Vagas exclusivas para Pessoa com Defici\u00eancia (PCD)<\/strong><\/p>\n\n\n\n<p>Escolaridade &#8211; ensino m\u00e9dio completo;<\/p>\n\n\n\n<p>Experi\u00eancia \u2013 seis meses na Carteira de Trabalho;<\/p>\n\n\n\n<p>Atividades &#8211; recepcionar e direcionar os clientes externos e internos; Orientar o paciente e\/ou seu familiar com rela\u00e7\u00e3o \u00e0s normas e rotinas de atendimento ambulatorial; Participar das reuni\u00f5es agendadas pela supervis\u00e3o e\/ou coordena\u00e7\u00e3o;M Participar dos treinamentos internos ou externos promovidos pela institui\u00e7\u00e3o, com o aval da supervis\u00e3o imediata; Efetuar a admiss\u00e3o de pacientes para atendimento, conferindo guias\/autoriza\u00e7\u00f5es, documentos pessoais e cart\u00e3o conv\u00eanio do cliente para cadastro no sistema; Agendar exames e consultas conforme descri\u00e7\u00e3o, orienta\u00e7\u00e3o, preparo e observa\u00e7\u00e3o de acordo com as datas dispon\u00edveis; Realizar or\u00e7amento de exames; Cumprir a pol\u00edtica, normas e regulamento da Institui\u00e7\u00e3o e demais atividades relativas \u00e0 fun\u00e7\u00e3o.<\/p>\n\n\n\n<p>Dispon\u00edvel at\u00e9 1\u00ba\/7\/2025 ou encerramento da vaga<\/p>\n\n\n\n<p>&#8212; &#8212; &#8212;<\/p>\n\n\n\n<p><strong>Texto \u2013&nbsp;<\/strong>Divulga\u00e7\u00e3o \/ Semtepi<\/p>\n\n\n\n<p><strong>Fotos \u2013&nbsp;<\/strong>Arquivo \/ Semcom<\/p>\n\n\n\n<p><strong>Dispon\u00edveis em \u2013&nbsp;<\/strong><a href=\"https:\/\/flic.kr\/s\/aHBqjCetWK\">https:\/\/flic.kr\/s\/aHBqjCetWK<\/a><\/p>\n","protected":false},"excerpt":{"rendered":"","protected":false},"author":23,"featured_media":6570,"comment_status":"closed","ping_status":"closed","sticky":false,"template":"","format":"standard","meta":{"footnotes":""},"categories":[5],"tags":[250,68,8,9,10,12],"acf":[],"yoast_head":"<!-- This site is optimized with the Yoast SEO plugin v23.0 - https:\/\/yoast.com\/wordpress\/plugins\/seo\/ -->\n<title>Sine Manaus oferta 262 vagas de emprego nesta ter\u00e7a\u2013feira, 1\u00ba\/7<\/title>\n<meta name=\"description\" content=\"A Prefeitura de Manaus, por meio do Sine Manaus, oferta 262 vagas de emprego em v\u00e1rias \u00e1reas de atua\u00e7\u00e3o, nesta ter\u00e7a\u2013feira, 1\u00ba\/7, das 8h \u00e0s 14h.\" \/>\n<meta name=\"robots\" content=\"noindex, follow\" \/>\n<meta property=\"og:locale\" content=\"pt_BR\" \/>\n<meta property=\"og:type\" content=\"article\" \/>\n<meta property=\"og:title\" content=\"Sine Manaus oferta 262 vagas de emprego nesta ter\u00e7a\u2013feira, 1\u00ba\/7\" \/>\n<meta property=\"og:description\" content=\"A Prefeitura de Manaus, por meio do Sine Manaus, oferta 262 vagas de emprego em v\u00e1rias \u00e1reas de atua\u00e7\u00e3o, nesta ter\u00e7a\u2013feira, 1\u00ba\/7, das 8h \u00e0s 14h.\" \/>\n<meta property=\"og:url\" content=\"https:\/\/www.manaus.am.gov.br\/semtepi\/oportunidade\/prefeitura-sinemanaus-vagas0107\/\" \/>\n<meta property=\"og:site_name\" content=\"SEMTEPI\" \/>\n<meta property=\"article:published_time\" content=\"2025-06-30T17:52:44+00:00\" \/>\n<meta property=\"article:modified_time\" content=\"2025-06-30T17:52:45+00:00\" \/>\n<meta property=\"og:image\" content=\"https:\/\/www.manaus.am.gov.br\/semtepi\/wp-content\/uploads\/sites\/20\/2025\/06\/54522863092_44584128f1_c-1.jpg\" \/>\n\t<meta property=\"og:image:width\" content=\"799\" \/>\n\t<meta property=\"og:image:height\" content=\"533\" \/>\n\t<meta property=\"og:image:type\" content=\"image\/jpeg\" \/>\n<meta name=\"author\" content=\"Adriana Costa\" \/>\n<meta name=\"twitter:card\" content=\"summary_large_image\" \/>\n<meta name=\"twitter:label1\" content=\"Written by\" \/>\n\t<meta name=\"twitter:data1\" content=\"Adriana Costa\" \/>\n\t<meta name=\"twitter:label2\" content=\"Est. reading time\" \/>\n\t<meta name=\"twitter:data2\" content=\"14 minutos\" \/>\n<script type=\"application\/ld+json\" class=\"yoast-schema-graph\">{\"@context\":\"https:\/\/schema.org\",\"@graph\":[{\"@type\":\"Article\",\"@id\":\"https:\/\/www.manaus.am.gov.br\/semtepi\/oportunidade\/prefeitura-sinemanaus-vagas0107\/#article\",\"isPartOf\":{\"@id\":\"https:\/\/www.manaus.am.gov.br\/semtepi\/oportunidade\/prefeitura-sinemanaus-vagas0107\/\"},\"author\":{\"name\":\"Adriana Costa\",\"@id\":\"https:\/\/www.manaus.am.gov.br\/semtepi\/#\/schema\/person\/4e49f4e267757a06ca072ec61b2b9968\"},\"headline\":\"Sine Manaus oferta 262 vagas de emprego nesta ter\u00e7a\u2013feira, 1\u00ba\/7\",\"datePublished\":\"2025-06-30T17:52:44+00:00\",\"dateModified\":\"2025-06-30T17:52:45+00:00\",\"mainEntityOfPage\":{\"@id\":\"https:\/\/www.manaus.am.gov.br\/semtepi\/oportunidade\/prefeitura-sinemanaus-vagas0107\/\"},\"wordCount\":2827,\"publisher\":{\"@id\":\"https:\/\/www.manaus.am.gov.br\/semtepi\/#organization\"},\"image\":{\"@id\":\"https:\/\/www.manaus.am.gov.br\/semtepi\/oportunidade\/prefeitura-sinemanaus-vagas0107\/#primaryimage\"},\"thumbnailUrl\":\"https:\/\/www.manaus.am.gov.br\/semtepi\/wp-content\/uploads\/sites\/20\/2025\/06\/54522863092_44584128f1_c-1.jpg\",\"keywords\":[\"Empregos\",\"oportunidades\",\"prefeitura de manaus\",\"Semtepi\",\"sine manaus\",\"vagas\"],\"articleSection\":[\"Oportunidade\"],\"inLanguage\":\"pt-BR\"},{\"@type\":\"WebPage\",\"@id\":\"https:\/\/www.manaus.am.gov.br\/semtepi\/oportunidade\/prefeitura-sinemanaus-vagas0107\/\",\"url\":\"https:\/\/www.manaus.am.gov.br\/semtepi\/oportunidade\/prefeitura-sinemanaus-vagas0107\/\",\"name\":\"Sine Manaus oferta 262 vagas de emprego nesta ter\u00e7a\u2013feira, 1\u00ba\/7\",\"isPartOf\":{\"@id\":\"https:\/\/www.manaus.am.gov.br\/semtepi\/#website\"},\"primaryImageOfPage\":{\"@id\":\"https:\/\/www.manaus.am.gov.br\/semtepi\/oportunidade\/prefeitura-sinemanaus-vagas0107\/#primaryimage\"},\"image\":{\"@id\":\"https:\/\/www.manaus.am.gov.br\/semtepi\/oportunidade\/prefeitura-sinemanaus-vagas0107\/#primaryimage\"},\"thumbnailUrl\":\"https:\/\/www.manaus.am.gov.br\/semtepi\/wp-content\/uploads\/sites\/20\/2025\/06\/54522863092_44584128f1_c-1.jpg\",\"datePublished\":\"2025-06-30T17:52:44+00:00\",\"dateModified\":\"2025-06-30T17:52:45+00:00\",\"description\":\"A Prefeitura de Manaus, por meio do Sine Manaus, oferta 262 vagas de emprego em v\u00e1rias \u00e1reas de atua\u00e7\u00e3o, nesta ter\u00e7a\u2013feira, 1\u00ba\/7, das 8h \u00e0s 14h.\",\"breadcrumb\":{\"@id\":\"https:\/\/www.manaus.am.gov.br\/semtepi\/oportunidade\/prefeitura-sinemanaus-vagas0107\/#breadcrumb\"},\"inLanguage\":\"pt-BR\",\"potentialAction\":[{\"@type\":\"ReadAction\",\"target\":[\"https:\/\/www.manaus.am.gov.br\/semtepi\/oportunidade\/prefeitura-sinemanaus-vagas0107\/\"]}]},{\"@type\":\"ImageObject\",\"inLanguage\":\"pt-BR\",\"@id\":\"https:\/\/www.manaus.am.gov.br\/semtepi\/oportunidade\/prefeitura-sinemanaus-vagas0107\/#primaryimage\",\"url\":\"https:\/\/www.manaus.am.gov.br\/semtepi\/wp-content\/uploads\/sites\/20\/2025\/06\/54522863092_44584128f1_c-1.jpg\",\"contentUrl\":\"https:\/\/www.manaus.am.gov.br\/semtepi\/wp-content\/uploads\/sites\/20\/2025\/06\/54522863092_44584128f1_c-1.jpg\",\"width\":799,\"height\":533},{\"@type\":\"BreadcrumbList\",\"@id\":\"https:\/\/www.manaus.am.gov.br\/semtepi\/oportunidade\/prefeitura-sinemanaus-vagas0107\/#breadcrumb\",\"itemListElement\":[{\"@type\":\"ListItem\",\"position\":1,\"name\":\"Home\",\"item\":\"https:\/\/www.manaus.am.gov.br\/semtepi\/\"},{\"@type\":\"ListItem\",\"position\":2,\"name\":\"Sine Manaus oferta 262 vagas de emprego nesta ter\u00e7a\u2013feira, 1\u00ba\/7\"}]},{\"@type\":\"WebSite\",\"@id\":\"https:\/\/www.manaus.am.gov.br\/semtepi\/#website\",\"url\":\"https:\/\/www.manaus.am.gov.br\/semtepi\/\",\"name\":\"SEMTEPI\",\"description\":\"Prefeitura de Manaus\",\"publisher\":{\"@id\":\"https:\/\/www.manaus.am.gov.br\/semtepi\/#organization\"},\"alternateName\":\"Secretaria Municipal do Trabalho, Empreendedorismo e Inova\u00e7\u00e3o\",\"potentialAction\":[{\"@type\":\"SearchAction\",\"target\":{\"@type\":\"EntryPoint\",\"urlTemplate\":\"https:\/\/www.manaus.am.gov.br\/semtepi\/?s={search_term_string}\"},\"query-input\":\"required name=search_term_string\"}],\"inLanguage\":\"pt-BR\"},{\"@type\":\"Organization\",\"@id\":\"https:\/\/www.manaus.am.gov.br\/semtepi\/#organization\",\"name\":\"Prefeitura Municipal de Manaus\",\"alternateName\":\"Prefeitura de Manaus\",\"url\":\"https:\/\/www.manaus.am.gov.br\/semtepi\/\",\"logo\":{\"@type\":\"ImageObject\",\"inLanguage\":\"pt-BR\",\"@id\":\"https:\/\/www.manaus.am.gov.br\/semtepi\/#\/schema\/logo\/image\/\",\"url\":\"https:\/\/www.manaus.am.gov.br\/semtepi\/wp-content\/uploads\/sites\/20\/2024\/07\/favicon.png\",\"contentUrl\":\"https:\/\/www.manaus.am.gov.br\/semtepi\/wp-content\/uploads\/sites\/20\/2024\/07\/favicon.png\",\"width\":300,\"height\":300,\"caption\":\"Prefeitura Municipal de Manaus\"},\"image\":{\"@id\":\"https:\/\/www.manaus.am.gov.br\/semtepi\/#\/schema\/logo\/image\/\"}},{\"@type\":\"Person\",\"@id\":\"https:\/\/www.manaus.am.gov.br\/semtepi\/#\/schema\/person\/4e49f4e267757a06ca072ec61b2b9968\",\"name\":\"Adriana Costa\",\"image\":{\"@type\":\"ImageObject\",\"inLanguage\":\"pt-BR\",\"@id\":\"https:\/\/www.manaus.am.gov.br\/semtepi\/#\/schema\/person\/image\/\",\"url\":\"https:\/\/secure.gravatar.com\/avatar\/576258617ef7194f718179e766d57bd4?s=96&d=mm&r=g\",\"contentUrl\":\"https:\/\/secure.gravatar.com\/avatar\/576258617ef7194f718179e766d57bd4?s=96&d=mm&r=g\",\"caption\":\"Adriana Costa\"}}]}<\/script>\n<!-- \/ Yoast SEO plugin. -->","yoast_head_json":{"title":"Sine Manaus oferta 262 vagas de emprego nesta ter\u00e7a\u2013feira, 1\u00ba\/7","description":"A Prefeitura de Manaus, por meio do Sine Manaus, oferta 262 vagas de emprego em v\u00e1rias \u00e1reas de atua\u00e7\u00e3o, nesta ter\u00e7a\u2013feira, 1\u00ba\/7, das 8h \u00e0s 14h.","robots":{"index":"noindex","follow":"follow"},"og_locale":"pt_BR","og_type":"article","og_title":"Sine Manaus oferta 262 vagas de emprego nesta ter\u00e7a\u2013feira, 1\u00ba\/7","og_description":"A Prefeitura de Manaus, por meio do Sine Manaus, oferta 262 vagas de emprego em v\u00e1rias \u00e1reas de atua\u00e7\u00e3o, nesta ter\u00e7a\u2013feira, 1\u00ba\/7, das 8h \u00e0s 14h.","og_url":"https:\/\/www.manaus.am.gov.br\/semtepi\/oportunidade\/prefeitura-sinemanaus-vagas0107\/","og_site_name":"SEMTEPI","article_published_time":"2025-06-30T17:52:44+00:00","article_modified_time":"2025-06-30T17:52:45+00:00","og_image":[{"width":799,"height":533,"url":"https:\/\/www.manaus.am.gov.br\/semtepi\/wp-content\/uploads\/sites\/20\/2025\/06\/54522863092_44584128f1_c-1.jpg","type":"image\/jpeg"}],"author":"Adriana Costa","twitter_card":"summary_large_image","twitter_misc":{"Written by":"Adriana Costa","Est. reading time":"14 minutos"},"schema":{"@context":"https:\/\/schema.org","@graph":[{"@type":"Article","@id":"https:\/\/www.manaus.am.gov.br\/semtepi\/oportunidade\/prefeitura-sinemanaus-vagas0107\/#article","isPartOf":{"@id":"https:\/\/www.manaus.am.gov.br\/semtepi\/oportunidade\/prefeitura-sinemanaus-vagas0107\/"},"author":{"name":"Adriana Costa","@id":"https:\/\/www.manaus.am.gov.br\/semtepi\/#\/schema\/person\/4e49f4e267757a06ca072ec61b2b9968"},"headline":"Sine Manaus oferta 262 vagas de emprego nesta ter\u00e7a\u2013feira, 1\u00ba\/7","datePublished":"2025-06-30T17:52:44+00:00","dateModified":"2025-06-30T17:52:45+00:00","mainEntityOfPage":{"@id":"https:\/\/www.manaus.am.gov.br\/semtepi\/oportunidade\/prefeitura-sinemanaus-vagas0107\/"},"wordCount":2827,"publisher":{"@id":"https:\/\/www.manaus.am.gov.br\/semtepi\/#organization"},"image":{"@id":"https:\/\/www.manaus.am.gov.br\/semtepi\/oportunidade\/prefeitura-sinemanaus-vagas0107\/#primaryimage"},"thumbnailUrl":"https:\/\/www.manaus.am.gov.br\/semtepi\/wp-content\/uploads\/sites\/20\/2025\/06\/54522863092_44584128f1_c-1.jpg","keywords":["Empregos","oportunidades","prefeitura de manaus","Semtepi","sine manaus","vagas"],"articleSection":["Oportunidade"],"inLanguage":"pt-BR"},{"@type":"WebPage","@id":"https:\/\/www.manaus.am.gov.br\/semtepi\/oportunidade\/prefeitura-sinemanaus-vagas0107\/","url":"https:\/\/www.manaus.am.gov.br\/semtepi\/oportunidade\/prefeitura-sinemanaus-vagas0107\/","name":"Sine Manaus oferta 262 vagas de emprego nesta ter\u00e7a\u2013feira, 1\u00ba\/7","isPartOf":{"@id":"https:\/\/www.manaus.am.gov.br\/semtepi\/#website"},"primaryImageOfPage":{"@id":"https:\/\/www.manaus.am.gov.br\/semtepi\/oportunidade\/prefeitura-sinemanaus-vagas0107\/#primaryimage"},"image":{"@id":"https:\/\/www.manaus.am.gov.br\/semtepi\/oportunidade\/prefeitura-sinemanaus-vagas0107\/#primaryimage"},"thumbnailUrl":"https:\/\/www.manaus.am.gov.br\/semtepi\/wp-content\/uploads\/sites\/20\/2025\/06\/54522863092_44584128f1_c-1.jpg","datePublished":"2025-06-30T17:52:44+00:00","dateModified":"2025-06-30T17:52:45+00:00","description":"A Prefeitura de Manaus, por meio do Sine Manaus, oferta 262 vagas de emprego em v\u00e1rias \u00e1reas de atua\u00e7\u00e3o, nesta ter\u00e7a\u2013feira, 1\u00ba\/7, das 8h \u00e0s 14h.","breadcrumb":{"@id":"https:\/\/www.manaus.am.gov.br\/semtepi\/oportunidade\/prefeitura-sinemanaus-vagas0107\/#breadcrumb"},"inLanguage":"pt-BR","potentialAction":[{"@type":"ReadAction","target":["https:\/\/www.manaus.am.gov.br\/semtepi\/oportunidade\/prefeitura-sinemanaus-vagas0107\/"]}]},{"@type":"ImageObject","inLanguage":"pt-BR","@id":"https:\/\/www.manaus.am.gov.br\/semtepi\/oportunidade\/prefeitura-sinemanaus-vagas0107\/#primaryimage","url":"https:\/\/www.manaus.am.gov.br\/semtepi\/wp-content\/uploads\/sites\/20\/2025\/06\/54522863092_44584128f1_c-1.jpg","contentUrl":"https:\/\/www.manaus.am.gov.br\/semtepi\/wp-content\/uploads\/sites\/20\/2025\/06\/54522863092_44584128f1_c-1.jpg","width":799,"height":533},{"@type":"BreadcrumbList","@id":"https:\/\/www.manaus.am.gov.br\/semtepi\/oportunidade\/prefeitura-sinemanaus-vagas0107\/#breadcrumb","itemListElement":[{"@type":"ListItem","position":1,"name":"Home","item":"https:\/\/www.manaus.am.gov.br\/semtepi\/"},{"@type":"ListItem","position":2,"name":"Sine Manaus oferta 262 vagas de emprego nesta ter\u00e7a\u2013feira, 1\u00ba\/7"}]},{"@type":"WebSite","@id":"https:\/\/www.manaus.am.gov.br\/semtepi\/#website","url":"https:\/\/www.manaus.am.gov.br\/semtepi\/","name":"SEMTEPI","description":"Prefeitura de Manaus","publisher":{"@id":"https:\/\/www.manaus.am.gov.br\/semtepi\/#organization"},"alternateName":"Secretaria Municipal do Trabalho, Empreendedorismo e Inova\u00e7\u00e3o","potentialAction":[{"@type":"SearchAction","target":{"@type":"EntryPoint","urlTemplate":"https:\/\/www.manaus.am.gov.br\/semtepi\/?s={search_term_string}"},"query-input":"required name=search_term_string"}],"inLanguage":"pt-BR"},{"@type":"Organization","@id":"https:\/\/www.manaus.am.gov.br\/semtepi\/#organization","name":"Prefeitura Municipal de Manaus","alternateName":"Prefeitura de Manaus","url":"https:\/\/www.manaus.am.gov.br\/semtepi\/","logo":{"@type":"ImageObject","inLanguage":"pt-BR","@id":"https:\/\/www.manaus.am.gov.br\/semtepi\/#\/schema\/logo\/image\/","url":"https:\/\/www.manaus.am.gov.br\/semtepi\/wp-content\/uploads\/sites\/20\/2024\/07\/favicon.png","contentUrl":"https:\/\/www.manaus.am.gov.br\/semtepi\/wp-content\/uploads\/sites\/20\/2024\/07\/favicon.png","width":300,"height":300,"caption":"Prefeitura Municipal de Manaus"},"image":{"@id":"https:\/\/www.manaus.am.gov.br\/semtepi\/#\/schema\/logo\/image\/"}},{"@type":"Person","@id":"https:\/\/www.manaus.am.gov.br\/semtepi\/#\/schema\/person\/4e49f4e267757a06ca072ec61b2b9968","name":"Adriana Costa","image":{"@type":"ImageObject","inLanguage":"pt-BR","@id":"https:\/\/www.manaus.am.gov.br\/semtepi\/#\/schema\/person\/image\/","url":"https:\/\/secure.gravatar.com\/avatar\/576258617ef7194f718179e766d57bd4?s=96&d=mm&r=g","contentUrl":"https:\/\/secure.gravatar.com\/avatar\/576258617ef7194f718179e766d57bd4?s=96&d=mm&r=g","caption":"Adriana Costa"}}]}},"_links":{"self":[{"href":"https:\/\/www.manaus.am.gov.br\/semtepi\/wp-json\/wp\/v2\/posts\/6569"}],"collection":[{"href":"https:\/\/www.manaus.am.gov.br\/semtepi\/wp-json\/wp\/v2\/posts"}],"about":[{"href":"https:\/\/www.manaus.am.gov.br\/semtepi\/wp-json\/wp\/v2\/types\/post"}],"author":[{"embeddable":true,"href":"https:\/\/www.manaus.am.gov.br\/semtepi\/wp-json\/wp\/v2\/users\/23"}],"replies":[{"embeddable":true,"href":"https:\/\/www.manaus.am.gov.br\/semtepi\/wp-json\/wp\/v2\/comments?post=6569"}],"version-history":[{"count":0,"href":"https:\/\/www.manaus.am.gov.br\/semtepi\/wp-json\/wp\/v2\/posts\/6569\/revisions"}],"wp:featuredmedia":[{"embeddable":true,"href":"https:\/\/www.manaus.am.gov.br\/semtepi\/wp-json\/wp\/v2\/media\/6570"}],"wp:attachment":[{"href":"https:\/\/www.manaus.am.gov.br\/semtepi\/wp-json\/wp\/v2\/media?parent=6569"}],"wp:term":[{"taxonomy":"category","embeddable":true,"href":"https:\/\/www.manaus.am.gov.br\/semtepi\/wp-json\/wp\/v2\/categories?post=6569"},{"taxonomy":"post_tag","embeddable":true,"href":"https:\/\/www.manaus.am.gov.br\/semtepi\/wp-json\/wp\/v2\/tags?post=6569"}],"curies":[{"name":"wp","href":"https:\/\/api.w.org\/{rel}","templated":true}]}}