{"id":6564,"date":"2025-06-26T13:34:16","date_gmt":"2025-06-26T17:34:16","guid":{"rendered":"https:\/\/www.manaus.am.gov.br\/semtepi\/sem-categoria\/prefeitura-sinemanaus-vagas2706\/"},"modified":"2025-06-26T13:34:18","modified_gmt":"2025-06-26T17:34:18","slug":"prefeitura-sinemanaus-vagas2706","status":"publish","type":"post","link":"https:\/\/www.manaus.am.gov.br\/semtepi\/oportunidade\/prefeitura-sinemanaus-vagas2706\/","title":{"rendered":"Sine Manaus oferta 187 vagas de emprego nesta sexta\u2013feira, 27\/6"},"content":{"rendered":"\n<p><a>A Prefeitura de Manaus, por meio do Sine Manaus, oferta 187 vagas de emprego em v\u00e1rias \u00e1reas de atua\u00e7\u00e3o, nesta sexta\u2013feira, 27\/6,&nbsp;das <\/a>8h \u00e0s 14h. O candidato pode validar a Carteira Digital e Previd\u00eancia Social (CTPS) no aplicativo \u201cCarteira de Trabalho Digital\u201d ou acessar o site&nbsp;<a href=\"http:\/\/gov.br\/trabalho\" target=\"_blank\" rel=\"noreferrer noopener\">http:\/\/gov.br\/trabalho<\/a>.<\/p>\n\n\n\n<p>Para participar da pr\u00e9\u2013sele\u00e7\u00e3o e concorrer a uma das vagas dispon\u00edveis, ou receber orienta\u00e7\u00e3o de cadastro, Carteira de Trabalho Digital e seguro\u2013desemprego, os candidatos devem comparecer a um dos postos do Sine Manaus: na avenida Constantino Nery, n\u00ba 1.272, bairro S\u00e3o Geraldo, zona Centro\u2013Sul; ou no shopping Phelippe Daou, na avenida Camapu\u00e3, n\u00ba 2.939, bairro Cidade de Deus, zona Leste.<\/p>\n\n\n\n<p>Os interessados devem estar munidos do comprovante de vacina\u00e7\u00e3o (Covid\u201319), curr\u00edculo, certificados de cursos e documentos pessoais (RG, CPF, PIS, CTPS, comprovante de escolaridade e resid\u00eancia). N\u00e3o \u00e9 necess\u00e1rio apresentar c\u00f3pias, somente os documentos originais.<\/p>\n\n\n\n<p>\u00c9 importante que os candidatos mantenham seus cadastros atualizados, especialmente ao finalizarem novas qualifica\u00e7\u00f5es. Para vagas espec\u00edficas, podem ser solicitados documentos adicionais, como cursos ou certifica\u00e7\u00f5es, por isso, \u00e9 essencial estar atento aos &#8220;Requisitos Obrigat\u00f3rios&#8221; de cada vaga.<\/p>\n\n\n\n<p>A Semtepi ressalta que, obedecendo ao disposto no artigo 5\u00ba, da Constitui\u00e7\u00e3o Federal, e ao artigo 373\u2013A, da Consolida\u00e7\u00e3o das Leis Trabalhistas (CLT), crit\u00e9rios referentes a sexo, idade, cor ou situa\u00e7\u00e3o familiar, n\u00e3o podem ser informados na divulga\u00e7\u00e3o das vagas disponibilizadas.<\/p>\n\n\n\n<p>Os candidatos devem estar cientes das diretrizes de vestimenta estabelecidas pelo \u00f3rg\u00e3o, as quais incluem a proibi\u00e7\u00e3o de vestimentas como bermudas, shorts, minissaias, camisetas regatas e chinelos durante a entrada.<\/p>\n\n\n\n<p><strong>Vagas Novas \u2013 7<\/strong><\/p>\n\n\n\n<p><strong>3 vagas &#8211; T\u00e9cnico em Nutri\u00e7\u00e3o<\/strong><\/p>\n\n\n\n<p>Escolaridade &#8211; ensino t\u00e9cnico completo em Nutri\u00e7\u00e3o;<\/p>\n\n\n\n<p>Experi\u00eancia \u2013 seis meses na Carteira de Trabalho;<\/p>\n\n\n\n<p>Requisitos Obrigat\u00f3rios &#8211; ter CRN ativo, curso de BPF, POP, no\u00e7\u00f5es de APPCC, ISO 9001\/2015, ISO 22000\/2018, disponibilidade para viagens e possuir documenta\u00e7\u00e3o completa;<\/p>\n\n\n\n<p>Atividades &#8211; auxiliar nutricionistas no planejamento e execu\u00e7\u00e3o de dietas, elaborar card\u00e1pios balanceados, controlar a qualidade dos alimentos, orientar sobre h\u00e1bitos alimentares saud\u00e1veis e participar do processo produtivo de refei\u00e7\u00f5es, incluindo a higieniza\u00e7\u00e3o de ambientes e utens\u00edlios.<\/p>\n\n\n\n<p><strong>Dispon\u00edvel at\u00e9 27\/6\/2025 ou encerramento da vaga<\/strong><\/p>\n\n\n\n<p><strong>1 vaga &#8211; Agente Funer\u00e1rio<\/strong><\/p>\n\n\n\n<p>Escolaridade &#8211; ensino m\u00e9dio completo;<\/p>\n\n\n\n<p>Experi\u00eancia \u2013 n\u00e3o \u00e9 necess\u00e1rio;<\/p>\n\n\n\n<p>Requisitos Obrigat\u00f3rios &#8211; ter disponibilidade de hor\u00e1rio e para viagens, e possuir documenta\u00e7\u00e3o completa (com dispensa militar);<\/p>\n\n\n\n<p>Atividades &#8211; atendimento inicial \u00e0 fam\u00edlia enlutada, organiza\u00e7\u00e3o e prepara\u00e7\u00e3o do corpo, organiza\u00e7\u00e3o do vel\u00f3rio e sepultamento ou crema\u00e7\u00e3o, at\u00e9 o acompanhamento em quest\u00f5es burocr\u00e1ticas como o registro de \u00f3bito.<\/p>\n\n\n\n<p><strong>Dispon\u00edvel at\u00e9 27\/6\/2025 ou encerramento da vaga<\/strong><\/p>\n\n\n\n<p><strong>1 vaga &#8211; T\u00e9cnico em Seguran\u00e7a do Trabalho<\/strong><\/p>\n\n\n\n<p>Escolaridade &#8211; ensino m\u00e9dio completo;<\/p>\n\n\n\n<p>Experi\u00eancia \u2013 n\u00e3o \u00e9 necess\u00e1rio;<\/p>\n\n\n\n<p>Requisitos Obrigat\u00f3rios &#8211; ter curso de Seguran\u00e7a do Trabalho e possuir documenta\u00e7\u00e3o completa (com dispensa militar);<\/p>\n\n\n\n<p>Atividades &#8211; orientar, coordenar o sistema de seguran\u00e7a do trabalho, investigar riscos e causas de acidente, analisar e promover alternativas para preven\u00e7\u00e3o, inspecionar locais e equipamentos e determinar fatores de risco; realizar investiga\u00e7\u00e3o de acidente, elaborar relat\u00f3rios de acidente de trabalho, fazer CAT, possuir conhecimento em inform\u00e1tica, para que possa desenvolver trabalhos relacionados a fun\u00e7\u00e3o e demais atividades pertinentes a fun\u00e7\u00e3o.<\/p>\n\n\n\n<p><strong>Dispon\u00edvel at\u00e9 27\/6\/2025 ou encerramento da vaga<\/strong><\/p>\n\n\n\n<p><strong>1 vaga &#8211; Supervisor de Restaurante<\/strong><\/p>\n\n\n\n<p>Escolaridade &#8211; ensino m\u00e9dio completo;<\/p>\n\n\n\n<p>Experi\u00eancia \u2013 seis meses na Carteira de Trabalho;<\/p>\n\n\n\n<p>Requisitos Obrigat\u00f3rios &#8211; residir na Zona Norte, disponibilidade de hor\u00e1rio (noturno) e possuir documenta\u00e7\u00e3o completa;<\/p>\n\n\n\n<p>Atividades &#8211; supervis\u00e3o das atividades do estabelecimento, gest\u00e3o de pessoas e processos.<\/p>\n\n\n\n<p><strong>Dispon\u00edvel at\u00e9 27\/6\/2025 ou encerramento da vaga,<\/strong><\/p>\n\n\n\n<p><strong>1 vaga &#8211; Atendente de Lanchonete<\/strong><\/p>\n\n\n\n<p>Escolaridade &#8211; ensino m\u00e9dio completo;<\/p>\n\n\n\n<p>Experi\u00eancia \u2013 tr\u00eas meses na Carteira de Trabalho;<\/p>\n\n\n\n<p>Requisitos Obrigat\u00f3rios &#8211; residir na Zona Norte, disponibilidade de hor\u00e1rio (noturno) e possuir documenta\u00e7\u00e3o completa;<\/p>\n\n\n\n<p>Atividades &#8211; atendimento ao cliente, prepara\u00e7\u00e3o de alimentos e bebidas, limpeza e organiza\u00e7\u00e3o do ambiente, controle de estoque, e em alguns casos, atividades relacionadas ao caixa.<\/p>\n\n\n\n<p><strong>Dispon\u00edvel at\u00e9 27\/6\/2025 ou encerramento da vaga<\/strong><\/p>\n\n\n\n<p><strong>Vagas no Com\u00e9rcio &#8211; 2<\/strong><\/p>\n\n\n\n<p><strong>2 vagas &#8211; Auxiliar Operacional de Log\u00edstica<\/strong><\/p>\n\n\n\n<p>Escolaridade &#8211; ensino fundamental completo;<\/p>\n\n\n\n<p>Experi\u00eancia \u2013 registrada na Carteira de Trabalho;<\/p>\n\n\n\n<p>Requisitos Obrigat\u00f3rios &#8211; ter experi\u00eancia com carga e descarga de mercadorias e possuir documenta\u00e7\u00e3o completa (com dispensa militar);<\/p>\n\n\n\n<p>Atividades &#8211; receber e conferir pedidos, descarregar produto, endere\u00e7ar materiais e encaminhar para armazenagem atrav\u00e9s de contagem padr\u00e3o para garantir a acuracidade dos produtos que deram entrada no estoque; conferir se o lacre do caminh\u00e3o n\u00e3o est\u00e1 violado, amarra\u00e7\u00e3o dos paletes, quantidades e modelos; sinalizar diverg\u00eancias e avarias no carregamento para lideran\u00e7a imediata, atrav\u00e9s de orienta\u00e7\u00e3o pr\u00e9via; garantir mercadorias nos ve\u00edculos, conforme rota, verificar previamente local de entrega do produto, ordenar entrega conforme programa\u00e7\u00e3o, separar e entregar encomendas, segundo o destino; garantir o FIFO no cliente; realizar transbordo de mercadorias, movimentar mercadoria para o interior dos ve\u00edculos, descarregar mercadorias, colocar cargas no terminal de embarque\/desembarque e distribuir carga em paletes.<\/p>\n\n\n\n<p><strong>Dispon\u00edvel at\u00e9 27\/6\/2025 ou encerramento da vaga<\/strong><\/p>\n\n\n\n<p><strong>Vagas na Ind\u00fastria \u2013 118<\/strong><\/p>\n\n\n\n<p><strong>50 vagas \u2013 Auxiliar de Linha de Produ\u00e7\u00e3o<\/strong><\/p>\n\n\n\n<p>Escolaridade \u2013 ensino fundamental completo;<\/p>\n\n\n\n<p>Experi\u00eancia \u2013 n\u00e3o \u00e9 necess\u00e1rio;<\/p>\n\n\n\n<p>Requisitos Obrigat\u00f3rios \u2013 a vaga \u00e9 destinada para candidatos que est\u00e3o em busca de novos desafios; o candidato vai precisar morar em: V\u00e1rzea Grande (MT) e documenta\u00e7\u00e3o completa (com dispensa militar);<\/p>\n\n\n\n<p>Atividades \u2013 executar atividades operacionais em setores de apoio ou produ\u00e7\u00e3o de frios, visando garantir a manuten\u00e7\u00e3o, organiza\u00e7\u00e3o, limpeza ou opera\u00e7\u00e3o de atividades na unidade.<\/p>\n\n\n\n<p>Dispon\u00edvel at\u00e9 27\/6\/2025 ou encerramento da vaga.<\/p>\n\n\n\n<p><strong>25 vagas \u2013 Alimentador de Linha de Produ\u00e7\u00e3o<\/strong><\/p>\n\n\n\n<p>Escolaridade \u2013 ensino fundamental incompleto;<\/p>\n\n\n\n<p>Experi\u00eancia \u2013 n\u00e3o \u00e9 necess\u00e1rio;<\/p>\n\n\n\n<p>Requisitos Obrigat\u00f3rios \u2013 a vaga \u00e9 destinada para candidatos que est\u00e3o em busca de novos desafios; o candidato vai precisar morar em: Promiss\u00e3o \u2013 SP e ter documenta\u00e7\u00e3o completa (com dispensa militar);<\/p>\n\n\n\n<p>Atividades \u2013 auxiliar a ind\u00fastria de abate bovino.<\/p>\n\n\n\n<p>Dispon\u00edvel at\u00e9 27\/6\/2025 ou encerramento da vaga.<\/p>\n\n\n\n<p><strong>5 vagas &#8211; Operador de Empilhadeira<\/strong><\/p>\n\n\n\n<p>Escolaridade &#8211; ensino fundamental completo;<br>Experi\u00eancia \u2013 seis meses na Carteira de Trabalho;<br>Requisitos Obrigat\u00f3rios &#8211; ter curso de Operador de Empilhadeira, Carteira Nacional de Habilita\u00e7\u00e3o categoria \u201cB\u201d, disponibilidade de hor\u00e1rio, residir nos bairros: Cidade Nova, Novo Israel, Cidade de Deus, Jorge Teixeira, Coroado, Santa In\u00eas, Grande Vit\u00f3ria, Nova Floresta, Tancredo Neves, S\u00e3o Jos\u00e9, Zumbi ou adjac\u00eancias e possuir documenta\u00e7\u00e3o completa (com dispensa militar);<br>Atividades &#8211; operar equipamento de m\u00e9dio porte para carregamento e movimenta\u00e7\u00e3o de sucatas e materiais diversos.<\/p>\n\n\n\n<p>Dispon\u00edvel at\u00e9 27\/6\/2025 ou encerramento da vaga<\/p>\n\n\n\n<p><strong>20 vagas &#8211; Auxiliar de Produ\u00e7\u00e3o<\/strong><\/p>\n\n\n\n<p>Escolaridade &#8211; ensino fundamental incompleto;<br>Experi\u00eancia \u2013 tr\u00eas meses na Carteira de Trabalho ou avulsa;<br>Requisitos Obrigat\u00f3rios &#8211; ter disponibilidade para trabalho pesado, residir nos bairros: Cidade Nova, Novo Israel, Cidade de Deus, Jorge Teixeira, Coroado, Santa In\u00eas, Grande Vit\u00f3ria, Nova Floresta, Tancredo Neves, S\u00e3o Jos\u00e9, Zumbi ou adjac\u00eancias e possuir documenta\u00e7\u00e3o completa (com dispensa militar);<br>Atividades &#8211; auxiliar o operador fundidor de metais na transfer\u00eancia do metal dos fornos rotativos para os fornos basculantes; organizar o local para iniciar o vazamento de lingote e efetuar a limpeza das calhas; auxiliar na prepara\u00e7\u00e3o dos equipamentos de lingotar metais; extrair os lingotes da lingoteira; montar os fardos de lingote; auxiliar o motorista de caminh\u00e3o no processo de carga e descarga; auxiliar no vazamento de metal l\u00edquido; auxiliar no processo de borra, montar os bags de borra, auxiliar no transporte e manuseio da borra; responder pela organiza\u00e7\u00e3o do setor.<br>Dispon\u00edvel at\u00e9 27\/6\/2025 ou encerramento da vaga<\/p>\n\n\n\n<p><strong>5 vagas &#8211; Operador de P\u00e1 Mec\u00e2nica<\/strong><\/p>\n\n\n\n<p>Escolaridade &#8211; ensino fundamental completo;<br>Experi\u00eancia \u2013 seis meses na Carteira de Trabalho;<br>Requisitos Obrigat\u00f3rios &#8211; ter curso de Operador de Empilhadeira, Carteira Nacional de Habilita\u00e7\u00e3o categoria \u201cB\u201d, disponibilidade de hor\u00e1rio, residir nos bairros: Cidade Nova, Novo Israel, Cidade de Deus, Jorge Teixeira, Coroado, Santa In\u00eas, Grande Vit\u00f3ria, Nova Floresta, Tancredo Neves, S\u00e3o Jos\u00e9, Zumbi ou adjac\u00eancias e possuir documenta\u00e7\u00e3o completa (com dispensa militar);<br>Atividades &#8211; operar equipamento de m\u00e9dio porte para carregamento e movimenta\u00e7\u00e3o de sucatas e materiais diversos.<br>Dispon\u00edvel at\u00e9 26\/6\/2025 ou encerramento da vaga<\/p>\n\n\n\n<p><strong>10 vagas &#8211; Auxiliar de Expedi\u00e7\u00e3o<\/strong><\/p>\n\n\n\n<p>Escolaridade &#8211; ensino m\u00e9dio completo;<br>Experi\u00eancia \u2013 tr\u00eas meses na Carteira de Trabalho;<br>Requisitos Obrigat\u00f3rios &#8211; possuir documenta\u00e7\u00e3o completa (com dispensa militar);<br>Atividades &#8211; coordenar o processo de envio de mercadorias aos clientes, abrangendo desde a sele\u00e7\u00e3o dos produtos, seu empacotamento seguro e eficiente, at\u00e9 o carregamento nos meios de transporte apropriados.<br>Dispon\u00edvel at\u00e9 26\/6\/2025 ou encerramento da vaga<\/p>\n\n\n\n<p><strong>1 vaga &#8211; Encarregado de Produ\u00e7\u00e3o<\/strong><\/p>\n\n\n\n<p>Escolaridade &#8211; ensino m\u00e9dio completo;<br>Experi\u00eancia \u2013 registrada na Carteira de Trabalho;<br>Requisitos Obrigat\u00f3rios &#8211; possuir documenta\u00e7\u00e3o completa (com dispensa militar);<br>Atividades &#8211; liderar, orientar, organizar, treinar, avaliar o desempenho e acompanhar a equipe, realizar controle de insumos, cumprimento de prazos, garantir servi\u00e7o com qualidade e otimizar processos; acompanhar recebimento de res\u00edduos, realizar confer\u00eancia documental da entrada e sa\u00edda de res\u00edduos e\/ou material; garantir o cumprimento de normas e procedimentos interno e de seguran\u00e7a; estabelecer uma comunica\u00e7\u00e3o clara, objetiva e eficiente com a equipe e outras compet\u00eancias e habilidades inerentes a fun\u00e7\u00e3o.<br>Dispon\u00edvel at\u00e9 26\/6\/2025 ou encerramento da vaga<\/p>\n\n\n\n<p><strong>1 vaga &#8211; Motorista de Caminh\u00e3o<\/strong><\/p>\n\n\n\n<p>Escolaridade &#8211; ensino m\u00e9dio completo;<br>Experi\u00eancia \u2013 registrada na Carteira de Trabalho;<br>Requisitos Obrigat\u00f3rios &#8211; ter Carteira Nacional de Habilita\u00e7\u00e3o categoria \u201cD\u201d ou \u201cE\u201d e possuir documenta\u00e7\u00e3o completa (com dispensa militar);<br>Atividades &#8211; transportar, coletar res\u00edduos em geral para diversos itiner\u00e1rios, movimentar carga volumosa e pesada; operar equipamentos como Munck, Roll-on e Julieta; realizar inspe\u00e7\u00f5es no ve\u00edculo, vistoriar carga, verifica\u00e7\u00e3o de documenta\u00e7\u00e3o do ve\u00edculo e do material transportado, zelar pela conserva\u00e7\u00e3o e seguran\u00e7a do ve\u00edculo, assim como o desenvolver outras atividades pertinente a fun\u00e7\u00e3o.<br>Dispon\u00edvel at\u00e9 26\/6\/2025 ou encerramento da vaga<\/p>\n\n\n\n<p><strong>1 vaga &#8211; T\u00e9cnico em Seguran\u00e7a do Trabalho<\/strong><\/p>\n\n\n\n<p>Escolaridade &#8211; ensino t\u00e9cnico completo em Seguran\u00e7a do Trabalho;<br>Experi\u00eancia \u2013 registrada na Carteira de Trabalho;<br>Requisitos Obrigat\u00f3rios &#8211; possuir documenta\u00e7\u00e3o completa (com dispensa militar);<br>Atividades &#8211; orientar, coordenar o sistema de seguran\u00e7a do trabalho, investigar riscos e causas de acidente, analisar e promover alternativas para preven\u00e7\u00e3o, inspecionar locais e equipamentos e determinar fatores de risco; realizar investiga\u00e7\u00e3o de acidente, elaborar relat\u00f3rios de acidente de trabalho, fazer CAT.<br>Dispon\u00edvel at\u00e9 26\/6\/2025 ou encerramento da vaga<\/p>\n\n\n\n<p><strong>Vagas em Servi\u00e7os \u2013<a><\/a> 47<\/strong><\/p>\n\n\n\n<p><strong>1 vaga &#8211; Assistente de Departamento Pessoal<\/strong><\/p>\n\n\n\n<p>Escolaridade &#8211; ensino superior completo em Administra\u00e7\u00e3o ou Contabilidade;<\/p>\n\n\n\n<p>Experi\u00eancia \u2013 registrada na Carteira de Trabalho;<\/p>\n\n\n\n<p>Requisitos Obrigat\u00f3rios &#8211; ter conhecimento de softwares de gest\u00e3o em RH\/DP, ponto eletr\u00f4nico; especializa\u00e7\u00e3o em Gest\u00e3o de Pessoas ou Departamento Pessoa e possuir documenta\u00e7\u00e3o completa;<\/p>\n\n\n\n<p>Atividades &#8211; gerir folha de ponto, pagamento e benef\u00edcios; realizar controle de f\u00e9rias, processos e c\u00e1lculos rescis\u00f3rios; gerir documenta\u00e7\u00e3o dos colaboradores.<\/p>\n\n\n\n<p>Dispon\u00edvel at\u00e9 26\/6\/2025 ou encerramento da vaga<\/p>\n\n\n\n<p><strong>1 vaga &#8211; Atendente de Balc\u00e3o<\/strong><\/p>\n\n\n\n<p>Escolaridade &#8211; ensino m\u00e9dio completo;<\/p>\n\n\n\n<p>Experi\u00eancia \u2013 registrada na Carteira de Trabalho;<\/p>\n\n\n\n<p>Requisitos Obrigat\u00f3rios &#8211; possuir documenta\u00e7\u00e3o completa (com dispensa militar);<\/p>\n\n\n\n<p>Atividades &#8211; atender os clientes no balc\u00e3o, fornecendo informa\u00e7\u00f5es sobre produtos ou servi\u00e7os, auxiliando na escolha, registrando pedidos.<\/p>\n\n\n\n<p>Dispon\u00edvel at\u00e9 26\/6\/2025 ou encerramento da vaga<\/p>\n\n\n\n<p><strong>1 vaga &#8211; Auxiliar de Produ\u00e7\u00e3o de Confeitaria<\/strong><\/p>\n\n\n\n<p>Escolaridade &#8211; ensino fundamental completo;<\/p>\n\n\n\n<p>Experi\u00eancia \u2013 registrada na Carteira de Trabalho;<\/p>\n\n\n\n<p>Requisitos Obrigat\u00f3rios &#8211; possuir documenta\u00e7\u00e3o completa (com dispensa militar);<\/p>\n\n\n\n<p>Atividades &#8211; participa\u00e7\u00e3o da linha de produ\u00e7\u00e3o dos produtos da massa a embalagem.<\/p>\n\n\n\n<p>Dispon\u00edvel at\u00e9 26\/6\/2025 ou encerramento da vaga<\/p>\n\n\n\n<p><strong>1 vaga &#8211; Motorista de Carreta<\/strong><\/p>\n\n\n\n<p>Escolaridade &#8211; ensino m\u00e9dio completo;<\/p>\n\n\n\n<p>Experi\u00eancia \u2013 registrada na Carteira de Trabalho;<\/p>\n\n\n\n<p>Requisitos Obrigat\u00f3rios &#8211; ter experi\u00eancia com transporte de cargas, Carteira Nacional de Habilita\u00e7\u00e3o categoria \u201cE\u201d e possuir documenta\u00e7\u00e3o completa (com dispensa militar);<\/p>\n\n\n\n<p>Atividades &#8211; transportar materiais e produtos para diversos itiner\u00e1rios de acordo com as leis de tr\u00e2nsito e normas de seguran\u00e7a, em um conjunto de ve\u00edculos, composto por um cavalo mec\u00e2nico e um ou mais trailers ou carretas; respons\u00e1vel pela perman\u00eancia da documenta\u00e7\u00e3o do ve\u00edculo e pelo acondicionamento e amarra\u00e7\u00e3o das cargas nos ve\u00edculos; elaborar relat\u00f3rios de viagem e rota e fazer confer\u00eancia dos materiais para assegurar a correta entrega e coleta; efetuar a presta\u00e7\u00e3o de contas das despesas efetuadas com o ve\u00edculo, abastecimentos, ped\u00e1gios, taxas de cargas e descargas e demais despesas inerentes a opera\u00e7\u00e3o; zelar pela conserva\u00e7\u00e3o e seguran\u00e7a dos ve\u00edculos, providenciando limpeza, ajustes e pequenos reparos.<\/p>\n\n\n\n<p>Dispon\u00edvel at\u00e9 26\/6\/2025 ou encerramento da vaga<\/p>\n\n\n\n<p><strong>1 vaga &#8211; Motorista<\/strong><\/p>\n\n\n\n<p>Escolaridade &#8211; ensino m\u00e9dio completo;<\/p>\n\n\n\n<p>Experi\u00eancia \u2013 registrada na Carteira de Trabalho;<\/p>\n\n\n\n<p>Requisitos Obrigat\u00f3rios &#8211; ter Carteira Nacional de Habilita\u00e7\u00e3o categoria \u201cD\u201d e possuir documenta\u00e7\u00e3o completa (com dispensa militar);<\/p>\n\n\n\n<p>Atividades &#8211; dirigir e manobrar ve\u00edculos e transportar pessoas, cargas ou valores; realizar verifica\u00e7\u00f5es e manuten\u00e7\u00f5es b\u00e1sicas do ve\u00edculo.<\/p>\n\n\n\n<p>Dispon\u00edvel at\u00e9 26\/6\/2025 ou encerramento da vaga<\/p>\n\n\n\n<p><strong>2 vagas &#8211; Bombeiro Hidr\u00e1ulico<\/strong><\/p>\n\n\n\n<p>Escolaridade &#8211; ensino m\u00e9dio completo;<\/p>\n\n\n\n<p>Experi\u00eancia \u2013 registrada na Carteira de Trabalho;<\/p>\n\n\n\n<p>Requisitos Obrigat\u00f3rios &#8211; possuir documenta\u00e7\u00e3o completa (com dispensa militar);<\/p>\n\n\n\n<p>Atividades &#8211; instalar, manter e reparar sistemas de tubula\u00e7\u00f5es de \u00e1gua, esgoto e g\u00e1s.<\/p>\n\n\n\n<p>Dispon\u00edvel at\u00e9 26\/6\/2025 ou encerramento da vaga<\/p>\n\n\n\n<p><strong>1 vaga &#8211; Pedreiro<\/strong><\/p>\n\n\n\n<p>Escolaridade &#8211; ensino fundamental incompleto;<\/p>\n\n\n\n<p>Experi\u00eancia \u2013 registrada na Carteira de Trabalho;<\/p>\n\n\n\n<p>Requisitos Obrigat\u00f3rios &#8211; possuir documenta\u00e7\u00e3o completa (com dispensa militar);<\/p>\n\n\n\n<p>Atividades &#8211; prepara\u00e7\u00e3o de argamassas at\u00e9 a execu\u00e7\u00e3o de alvenaria, assentamento de revestimentos e manuten\u00e7\u00e3o de edifica\u00e7\u00f5es.<\/p>\n\n\n\n<p>Dispon\u00edvel at\u00e9 26\/6\/2025 ou encerramento da vaga<\/p>\n\n\n\n<p><strong>2 vagas &#8211; Assistente Administrativo<\/strong><\/p>\n\n\n\n<p>Escolaridade &#8211; ensino m\u00e9dio completo;<\/p>\n\n\n\n<p>Experi\u00eancia \u2013 registrada na Carteira de Trabalho;<\/p>\n\n\n\n<p>Requisitos Obrigat\u00f3rios &#8211; ter Pacote Office e possuir documenta\u00e7\u00e3o completa;<\/p>\n\n\n\n<p>Atividades &#8211; emiss\u00e3o de relat\u00f3rios, lan\u00e7amento de notas fiscais, atendimento ao telefone, digitaliza\u00e7\u00e3o, arquivamento e demais atividades inerentes a fun\u00e7\u00e3o<\/p>\n\n\n\n<p>Dispon\u00edvel at\u00e9 26\/6\/2025 ou encerramento da vaga<\/p>\n\n\n\n<p><strong>1 vaga &#8211; Almoxarife<\/strong><\/p>\n\n\n\n<p>Escolaridade &#8211; ensino m\u00e9dio completo;<\/p>\n\n\n\n<p>Experi\u00eancia \u2013 seis meses na Carteira de Trabalho;<\/p>\n\n\n\n<p>Requisitos Obrigat\u00f3rios &#8211; ter experi\u00eancia no setor de autope\u00e7as (transporte rodovi\u00e1rio), no\u00e7\u00f5es de controle de estoque, entrada e sa\u00edda de materiais, curso de Excel&nbsp; avan\u00e7ado e possuir documenta\u00e7\u00e3o completa (com dispensa militar);<\/p>\n\n\n\n<p>Atividades &#8211; recepcionar pe\u00e7as, fazer pedido de pe\u00e7as, controle de estoque, entrada e sa\u00edda de materiais.<\/p>\n\n\n\n<p>Dispon\u00edvel at\u00e9 26\/6\/2025 ou encerramento da vaga<\/p>\n\n\n\n<p><strong>5 vagas &#8211; Instalador de TV a Cabo<\/strong><\/p>\n\n\n\n<p>Escolaridade &#8211; ensino m\u00e9dio completo;<\/p>\n\n\n\n<p>Experi\u00eancia \u2013 n\u00e3o \u00e9 necess\u00e1rio;<\/p>\n\n\n\n<p>Requisitos Obrigat\u00f3rios &#8211; ter Carteira Nacional de Habilita\u00e7\u00e3o categoria \u201cAB\u201d ou \u201dB\u201d, conhecimento b\u00e1sico de Pacote Office, disponibilidade de hor\u00e1rio e possuir documenta\u00e7\u00e3o completa (com dispensa militar);<\/p>\n\n\n\n<p>Atividades &#8211; instalar caixas de atendimento principal e realizar manuten\u00e7\u00e3o corretiva e preventiva dessas caixas de atendimento.<\/p>\n\n\n\n<p>Dispon\u00edvel at\u00e9 26\/6\/2025 ou encerramento da vaga<\/p>\n\n\n\n<p><strong>5 vagas &#8211; Recepcionista<\/strong><\/p>\n\n\n\n<p>Escolaridade &#8211; ensino m\u00e9dio completo;<\/p>\n\n\n\n<p>Experi\u00eancia \u2013 seis meses na Carteira de Trabalho;<\/p>\n\n\n\n<p>Requisitos Obrigat\u00f3rios &#8211; ter curso de Recepcionista, Atendimento ao Cliente, disponibilidade de hor\u00e1rio (inclusive aos fins de semana) e possuir documenta\u00e7\u00e3o completa;<\/p>\n\n\n\n<p>Atividades &#8211; receber e orientar clientes, atender chamadas telef\u00f4nicas, registrar visitas e telefonemas, auxiliar em tarefas administrativas, controlar acessos e distribuir correspond\u00eancias.<\/p>\n\n\n\n<p>Dispon\u00edvel at\u00e9 26\/6\/2025 ou encerramento da vaga<\/p>\n\n\n\n<p><strong>5 vagas &#8211; Cozinheiro<\/strong><\/p>\n\n\n\n<p>Escolaridade &#8211; ensino m\u00e9dio completo;<\/p>\n\n\n\n<p>Experi\u00eancia \u2013 registrada na Carteira de Trabalho;<\/p>\n\n\n\n<p>Requisitos Obrigat\u00f3rios &#8211; ter curso de Manipula\u00e7\u00e3o de Alimentos, disponibilidade de hor\u00e1rio (inclusive aos fins de semana) e possuir documenta\u00e7\u00e3o completa;<\/p>\n\n\n\n<p>Atividades &#8211; prepara\u00e7\u00e3o e apresenta\u00e7\u00e3o de alimentos, desde a prepara\u00e7\u00e3o dos ingredientes at\u00e9 a montagem final dos pratos.<\/p>\n\n\n\n<p>Dispon\u00edvel at\u00e9 26\/6\/2025 ou encerramento da vaga<\/p>\n\n\n\n<p><strong>5 vagas &#8211; Gar\u00e7om<\/strong><\/p>\n\n\n\n<p>Escolaridade &#8211; ensino m\u00e9dio completo;<\/p>\n\n\n\n<p>Experi\u00eancia \u2013 registrada na Carteira de Trabalho;<\/p>\n\n\n\n<p>Requisitos Obrigat\u00f3rios &#8211; ter curso de Manipula\u00e7\u00e3o de Alimentos, disponibilidade de hor\u00e1rio (inclusive aos fins de semana) e possuir documenta\u00e7\u00e3o completa;<\/p>\n\n\n\n<p>Atividades &#8211; recepcionar os clientes; servir alimentos e bebidas; arrumar mesas para os servi\u00e7os de refei\u00e7\u00f5es; anotar pedidos, servir drinques,bebidas ou vinhos.<\/p>\n\n\n\n<p>Dispon\u00edvel at\u00e9 26\/6\/2025 ou encerramento da vaga<\/p>\n\n\n\n<p><strong>5 vagas &#8211; Churrasqueiro<\/strong><\/p>\n\n\n\n<p>Escolaridade &#8211; ensino m\u00e9dio completo;<\/p>\n\n\n\n<p>Experi\u00eancia \u2013 registrada na Carteira de Trabalho;<\/p>\n\n\n\n<p>Requisitos Obrigat\u00f3rios &#8211; ter curso de Manipula\u00e7\u00e3o de Alimentos, disponibilidade de hor\u00e1rio (inclusive aos fins de semana) e possuir documenta\u00e7\u00e3o completa;<\/p>\n\n\n\n<p>Atividades &#8211; preparar, assar e servir carnes, aves, peixes e outros alimentos em churrasqueiras, seguindo padr\u00f5es de qualidade, higiene e seguran\u00e7a alimentar.<\/p>\n\n\n\n<p>Dispon\u00edvel at\u00e9 26\/6\/2025 ou encerramento da vaga<\/p>\n\n\n\n<p><strong>3 vagas &#8211; Auxiliar de Cozinha<\/strong><\/p>\n\n\n\n<p>Escolaridade &#8211; ensino m\u00e9dio completo;<\/p>\n\n\n\n<p>Experi\u00eancia \u2013 seis meses na Carteira de Trabalho;<\/p>\n\n\n\n<p>Requisitos Obrigat\u00f3rios &#8211; ter disponibilidade para dormir no trabalho e possuir documenta\u00e7\u00e3o completa;<\/p>\n\n\n\n<p>Atividades &#8211; auxiliar os cozinheiros nos preparos das refei\u00e7\u00f5es, lavando, descascando e cortando carnes, verduras, legumes e frutas, confere a validade e qualidade dos produtos, visando garantir a qualidade das refei\u00e7\u00f5es executa servi\u00e7os de limpeza e arruma\u00e7\u00e3o em cozinhas, copas e refeit\u00f3rios, lava bandejas, panelas, talheres e utens\u00edlios de mesa aplicando detergentes e materiais de limpeza, limpar e arrumar mesas e cadeiras dos refeit\u00f3rios, estendendo toalhas, distribuindo talheres e recipientes; saber preparar sobremesas e no\u00e7\u00f5es na parte de confeitaria.<\/p>\n\n\n\n<p>Dispon\u00edvel at\u00e9 26\/6\/2025 ou encerramento da vaga<\/p>\n\n\n\n<p><strong>3 vagas &#8211; Gar\u00e7om<\/strong><\/p>\n\n\n\n<p>Escolaridade &#8211; ensino m\u00e9dio completo;<\/p>\n\n\n\n<p>Experi\u00eancia \u2013 seis meses na Carteira de Trabalho;<\/p>\n\n\n\n<p>Requisitos Obrigat\u00f3rios &#8211; ter disponibilidade para dormir no trabalho e possuir documenta\u00e7\u00e3o completa (com dispensa militar);<\/p>\n\n\n\n<p>Atividades &#8211; recepcionar os clientes; servir alimentos e bebidas; arrumar mesas para os servi\u00e7os de refei\u00e7\u00f5es; anotar pedidos, servir drinques, bebidas ou vinhos; interagir com a cozinha e o bar para execu\u00e7\u00e3o dos pedidos; preparar o buffet.<\/p>\n\n\n\n<p>Dispon\u00edvel at\u00e9 26\/6\/2025 ou encerramento da vaga<\/p>\n\n\n\n<p><strong>3 vagas &#8211; Agente de Opera\u00e7\u00f5es Tur\u00edsticas<\/strong><\/p>\n\n\n\n<p>Escolaridade &#8211; ensino m\u00e9dio completo;<\/p>\n\n\n\n<p>Experi\u00eancia \u2013 seis meses na Carteira de Trabalho;<\/p>\n\n\n\n<p>Requisitos Obrigat\u00f3rios &#8211; ter disponibilidade para dormir no trabalho e possuir documenta\u00e7\u00e3o completa (com dispensa militar);<\/p>\n\n\n\n<p>Atividades &#8211; recepcionar os turistas do aeroporto;&nbsp; chegar reservas do dia anterior e dia atual; fazer placas de PICK up no aeroporto, para identifica\u00e7\u00e3o dos h\u00f3spedes que est\u00e3o chegando; comunicar os operadores de dentro do hotel, deixando sobreaviso os hor\u00e1rios de chegadas dos h\u00f3spedes na Marina, para que os mesmos programem o transporte fluvial para os clientes.<\/p>\n\n\n\n<p>Dispon\u00edvel at\u00e9 26\/6\/2025 ou encerramento da vaga<\/p>\n\n\n\n<p><strong>2 vagas &#8211; Art\u00edfice de Manuten\u00e7\u00e3o<\/strong><\/p>\n\n\n\n<p>Escolaridade &#8211; ensino m\u00e9dio completo;<\/p>\n\n\n\n<p>Experi\u00eancia \u2013 seis meses na Carteira de Trabalho;<\/p>\n\n\n\n<p>Requisitos Obrigat\u00f3rios &#8211; ter disponibilidade para dormir no trabalho e possuir documenta\u00e7\u00e3o completa (com dispensa militar);<\/p>\n\n\n\n<p>Atividades &#8211; efetuar as tarefas de manuten\u00e7\u00e3o predial, consertos e reparos; solicitar o material necess\u00e1rio para os reparos e consertos; atuar em conformidade com as determina\u00e7\u00f5es do seu superiores; auxiliar nos reparos dos bens como:servi\u00e7os de alvenaria, carpintaria, hidr\u00e1ulica e el\u00e9trica.<\/p>\n\n\n\n<p>Dispon\u00edvel at\u00e9 26\/6\/2025 ou encerramento da vaga<\/p>\n\n\n\n<p><strong>Vagas exclusivas para Pessoas com Defici\u00eancia (PcDs) \u2013 13<\/strong><\/p>\n\n\n\n<p><strong>3 vagas &#8211; Operador de Loja &#8211; Vagas destinadas para Pessoas com Defici\u00eancia (PCD)<\/strong><\/p>\n\n\n\n<p>Escolaridade &#8211; ensino m\u00e9dio completo;<\/p>\n\n\n\n<p>Experi\u00eancia \u2013 seis meses na Carteira de Trabalho;<\/p>\n\n\n\n<p>Requisitos Obrigat\u00f3rios &#8211; possuir documenta\u00e7\u00e3o completa;<\/p>\n\n\n\n<p>Atividades &#8211; auxiliando os clientes na escolha. Registram entrada e sa\u00edda de mercadorias; promover a venda de mercadorias, demonstrando seu funcionamento, oferecendo-as para degusta\u00e7\u00e3o ou distribuindo amostras das mesmas; informar sobre suas qualidades e vantagens de aquisi\u00e7\u00e3o; expor mercadorias de forma atrativa, em pontos estrat\u00e9gicos de vendas.<\/p>\n\n\n\n<p>Dispon\u00edvel at\u00e9 26\/6\/2025 ou encerramento da vaga<\/p>\n\n\n\n<p><strong>3 vagas &#8211; Vendedor Interno &#8211; Vagas destinadas para Pessoas com Defici\u00eancia (PCD)<\/strong><\/p>\n\n\n\n<p>Escolaridade &#8211; ensino m\u00e9dio completo;<\/p>\n\n\n\n<p>Experi\u00eancia \u2013 seis meses na Carteira de Trabalho;<\/p>\n\n\n\n<p>Requisitos Obrigat\u00f3rios &#8211; possuir documenta\u00e7\u00e3o completa;<\/p>\n\n\n\n<p>Atividades &#8211; atendimento ao cliente, prospec\u00e7\u00e3o de clientes, organiza\u00e7\u00e3o de produtos na loja, realizar contagem de estoque.<\/p>\n\n\n\n<p>Dispon\u00edvel at\u00e9 26\/6\/2025 ou encerramento da vaga<\/p>\n\n\n\n<p><strong>3 vagas &#8211; Auxiliar de Limpeza &#8211; Vagas destinadas para Pessoas com Defici\u00eancia (PCD)<\/strong><\/p>\n\n\n\n<p>Escolaridade &#8211; ensino m\u00e9dio completo;<\/p>\n\n\n\n<p>Experi\u00eancia \u2013 seis meses na Carteira de Trabalho;<\/p>\n\n\n\n<p>Requisitos Obrigat\u00f3rios &#8211; possuir documenta\u00e7\u00e3o completa;<\/p>\n\n\n\n<p>Atividades &#8211; limpeza geral de ambientes, remo\u00e7\u00e3o de lixo, lavagem de superf\u00edcies, reposi\u00e7\u00e3o de materiais de higiene e manuten\u00e7\u00e3o da ordem e higiene do local de trabalho.<\/p>\n\n\n\n<p>Dispon\u00edvel at\u00e9 26\/6\/2025 ou encerramento da vaga<\/p>\n\n\n\n<p><strong>3 vagas &#8211; Auxiliar Administrativo &#8211; Vagas destinadas para Pessoas com Defici\u00eancia (PCD)<\/strong><\/p>\n\n\n\n<p>Escolaridade &#8211; ensino m\u00e9dio completo;<\/p>\n\n\n\n<p>Experi\u00eancia \u2013 seis meses na Carteira de Trabalho;<\/p>\n\n\n\n<p>Requisitos Obrigat\u00f3rios &#8211; possuir documenta\u00e7\u00e3o completa;<\/p>\n\n\n\n<p>Atividades &#8211; realizando tarefas operacionais e rotineiras, entre outras atividades correlatas \u00e0 fun\u00e7\u00e3o.<\/p>\n\n\n\n<p>Dispon\u00edvel at\u00e9 26\/6\/2025 ou encerramento da vaga<\/p>\n\n\n\n<p><strong>1 vaga &#8211; Auxiliar administrativo &#8211; Jovem aprendiz &#8211; Vagas destinadas para Pessoas com Defici\u00eancia (PCD)<\/strong><\/p>\n\n\n\n<p>Escolaridade &#8211; ensino m\u00e9dio completo ou cursando superior em Administra\u00e7\u00e3o;<\/p>\n\n\n\n<p>Experi\u00eancia \u2013 n\u00e3o \u00e9 necess\u00e1rio;<\/p>\n\n\n\n<p>Requisitos Obrigat\u00f3rios &#8211; possuir documenta\u00e7\u00e3o completa;<\/p>\n\n\n\n<p>Atividades &#8211; realizando tarefas operacionais e rotineiras, entre outras atividades correlatas \u00e0 fun\u00e7\u00e3o.<\/p>\n\n\n\n<p>Dispon\u00edvel at\u00e9 26\/6\/2025 ou encerramento da vaga<\/p>\n\n\n\n<p>&#8212; &#8212; &#8212;<\/p>\n\n\n\n<p><strong>Texto \u2013&nbsp;<\/strong>Divulga\u00e7\u00e3o \/ Semtepi<\/p>\n\n\n\n<p><strong>Fotos \u2013&nbsp;<\/strong>Arquivo \/ Semcom<\/p>\n\n\n\n<p><strong>Dispon\u00edveis em \u2013&nbsp;<\/strong><a href=\"https:\/\/flic.kr\/s\/aHBqjCetWK\">https:\/\/flic.kr\/s\/aHBqjCetWK<\/a><\/p>\n","protected":false},"excerpt":{"rendered":"","protected":false},"author":23,"featured_media":6412,"comment_status":"closed","ping_status":"closed","sticky":false,"template":"","format":"standard","meta":{"footnotes":""},"categories":[5],"tags":[250,8,9,10,12],"acf":[],"yoast_head":"<!-- This site is optimized with the Yoast SEO plugin v23.0 - https:\/\/yoast.com\/wordpress\/plugins\/seo\/ -->\n<title>Sine Manaus oferta 187 vagas de emprego nesta sexta\u2013feira, 27\/6<\/title>\n<meta name=\"description\" content=\"A Prefeitura de Manaus, por meio do Sine Manaus, oferta 187 vagas de emprego em v\u00e1rias \u00e1reas de atua\u00e7\u00e3o, nesta sexta\u2013feira, 27\/6, das 8h \u00e0s 14h.\" \/>\n<meta name=\"robots\" content=\"noindex, follow\" \/>\n<meta property=\"og:locale\" content=\"pt_BR\" \/>\n<meta property=\"og:type\" content=\"article\" \/>\n<meta property=\"og:title\" content=\"Sine Manaus oferta 187 vagas de emprego nesta sexta\u2013feira, 27\/6\" \/>\n<meta property=\"og:description\" content=\"A Prefeitura de Manaus, por meio do Sine Manaus, oferta 187 vagas de emprego em v\u00e1rias \u00e1reas de atua\u00e7\u00e3o, nesta sexta\u2013feira, 27\/6, das 8h \u00e0s 14h.\" \/>\n<meta property=\"og:url\" content=\"https:\/\/www.manaus.am.gov.br\/semtepi\/oportunidade\/prefeitura-sinemanaus-vagas2706\/\" \/>\n<meta property=\"og:site_name\" content=\"SEMTEPI\" \/>\n<meta property=\"article:published_time\" content=\"2025-06-26T17:34:16+00:00\" \/>\n<meta property=\"article:modified_time\" content=\"2025-06-26T17:34:18+00:00\" \/>\n<meta property=\"og:image\" content=\"https:\/\/www.manaus.am.gov.br\/semtepi\/wp-content\/uploads\/sites\/20\/2025\/05\/54522864357_7439195e70_c.jpg\" \/>\n\t<meta property=\"og:image:width\" content=\"799\" \/>\n\t<meta property=\"og:image:height\" content=\"533\" \/>\n\t<meta property=\"og:image:type\" content=\"image\/jpeg\" \/>\n<meta name=\"author\" content=\"Adriana Costa\" \/>\n<meta name=\"twitter:card\" content=\"summary_large_image\" \/>\n<meta name=\"twitter:label1\" content=\"Written by\" \/>\n\t<meta name=\"twitter:data1\" content=\"Adriana Costa\" \/>\n\t<meta name=\"twitter:label2\" content=\"Est. reading time\" \/>\n\t<meta name=\"twitter:data2\" content=\"18 minutos\" \/>\n<script type=\"application\/ld+json\" class=\"yoast-schema-graph\">{\"@context\":\"https:\/\/schema.org\",\"@graph\":[{\"@type\":\"Article\",\"@id\":\"https:\/\/www.manaus.am.gov.br\/semtepi\/oportunidade\/prefeitura-sinemanaus-vagas2706\/#article\",\"isPartOf\":{\"@id\":\"https:\/\/www.manaus.am.gov.br\/semtepi\/oportunidade\/prefeitura-sinemanaus-vagas2706\/\"},\"author\":{\"name\":\"Adriana Costa\",\"@id\":\"https:\/\/www.manaus.am.gov.br\/semtepi\/#\/schema\/person\/4e49f4e267757a06ca072ec61b2b9968\"},\"headline\":\"Sine Manaus oferta 187 vagas de emprego nesta sexta\u2013feira, 27\/6\",\"datePublished\":\"2025-06-26T17:34:16+00:00\",\"dateModified\":\"2025-06-26T17:34:18+00:00\",\"mainEntityOfPage\":{\"@id\":\"https:\/\/www.manaus.am.gov.br\/semtepi\/oportunidade\/prefeitura-sinemanaus-vagas2706\/\"},\"wordCount\":3671,\"publisher\":{\"@id\":\"https:\/\/www.manaus.am.gov.br\/semtepi\/#organization\"},\"image\":{\"@id\":\"https:\/\/www.manaus.am.gov.br\/semtepi\/oportunidade\/prefeitura-sinemanaus-vagas2706\/#primaryimage\"},\"thumbnailUrl\":\"https:\/\/www.manaus.am.gov.br\/semtepi\/wp-content\/uploads\/sites\/20\/2025\/05\/54522864357_7439195e70_c.jpg\",\"keywords\":[\"Empregos\",\"prefeitura de manaus\",\"Semtepi\",\"sine manaus\",\"vagas\"],\"articleSection\":[\"Oportunidade\"],\"inLanguage\":\"pt-BR\"},{\"@type\":\"WebPage\",\"@id\":\"https:\/\/www.manaus.am.gov.br\/semtepi\/oportunidade\/prefeitura-sinemanaus-vagas2706\/\",\"url\":\"https:\/\/www.manaus.am.gov.br\/semtepi\/oportunidade\/prefeitura-sinemanaus-vagas2706\/\",\"name\":\"Sine Manaus oferta 187 vagas de emprego nesta sexta\u2013feira, 27\/6\",\"isPartOf\":{\"@id\":\"https:\/\/www.manaus.am.gov.br\/semtepi\/#website\"},\"primaryImageOfPage\":{\"@id\":\"https:\/\/www.manaus.am.gov.br\/semtepi\/oportunidade\/prefeitura-sinemanaus-vagas2706\/#primaryimage\"},\"image\":{\"@id\":\"https:\/\/www.manaus.am.gov.br\/semtepi\/oportunidade\/prefeitura-sinemanaus-vagas2706\/#primaryimage\"},\"thumbnailUrl\":\"https:\/\/www.manaus.am.gov.br\/semtepi\/wp-content\/uploads\/sites\/20\/2025\/05\/54522864357_7439195e70_c.jpg\",\"datePublished\":\"2025-06-26T17:34:16+00:00\",\"dateModified\":\"2025-06-26T17:34:18+00:00\",\"description\":\"A Prefeitura de Manaus, por meio do Sine Manaus, oferta 187 vagas de emprego em v\u00e1rias \u00e1reas de atua\u00e7\u00e3o, nesta sexta\u2013feira, 27\/6, das 8h \u00e0s 14h.\",\"breadcrumb\":{\"@id\":\"https:\/\/www.manaus.am.gov.br\/semtepi\/oportunidade\/prefeitura-sinemanaus-vagas2706\/#breadcrumb\"},\"inLanguage\":\"pt-BR\",\"potentialAction\":[{\"@type\":\"ReadAction\",\"target\":[\"https:\/\/www.manaus.am.gov.br\/semtepi\/oportunidade\/prefeitura-sinemanaus-vagas2706\/\"]}]},{\"@type\":\"ImageObject\",\"inLanguage\":\"pt-BR\",\"@id\":\"https:\/\/www.manaus.am.gov.br\/semtepi\/oportunidade\/prefeitura-sinemanaus-vagas2706\/#primaryimage\",\"url\":\"https:\/\/www.manaus.am.gov.br\/semtepi\/wp-content\/uploads\/sites\/20\/2025\/05\/54522864357_7439195e70_c.jpg\",\"contentUrl\":\"https:\/\/www.manaus.am.gov.br\/semtepi\/wp-content\/uploads\/sites\/20\/2025\/05\/54522864357_7439195e70_c.jpg\",\"width\":799,\"height\":533},{\"@type\":\"BreadcrumbList\",\"@id\":\"https:\/\/www.manaus.am.gov.br\/semtepi\/oportunidade\/prefeitura-sinemanaus-vagas2706\/#breadcrumb\",\"itemListElement\":[{\"@type\":\"ListItem\",\"position\":1,\"name\":\"Home\",\"item\":\"https:\/\/www.manaus.am.gov.br\/semtepi\/\"},{\"@type\":\"ListItem\",\"position\":2,\"name\":\"Sine Manaus oferta 187 vagas de emprego nesta sexta\u2013feira, 27\/6\"}]},{\"@type\":\"WebSite\",\"@id\":\"https:\/\/www.manaus.am.gov.br\/semtepi\/#website\",\"url\":\"https:\/\/www.manaus.am.gov.br\/semtepi\/\",\"name\":\"SEMTEPI\",\"description\":\"Prefeitura de Manaus\",\"publisher\":{\"@id\":\"https:\/\/www.manaus.am.gov.br\/semtepi\/#organization\"},\"alternateName\":\"Secretaria Municipal do Trabalho, Empreendedorismo e Inova\u00e7\u00e3o\",\"potentialAction\":[{\"@type\":\"SearchAction\",\"target\":{\"@type\":\"EntryPoint\",\"urlTemplate\":\"https:\/\/www.manaus.am.gov.br\/semtepi\/?s={search_term_string}\"},\"query-input\":\"required name=search_term_string\"}],\"inLanguage\":\"pt-BR\"},{\"@type\":\"Organization\",\"@id\":\"https:\/\/www.manaus.am.gov.br\/semtepi\/#organization\",\"name\":\"Prefeitura Municipal de Manaus\",\"alternateName\":\"Prefeitura de Manaus\",\"url\":\"https:\/\/www.manaus.am.gov.br\/semtepi\/\",\"logo\":{\"@type\":\"ImageObject\",\"inLanguage\":\"pt-BR\",\"@id\":\"https:\/\/www.manaus.am.gov.br\/semtepi\/#\/schema\/logo\/image\/\",\"url\":\"https:\/\/www.manaus.am.gov.br\/semtepi\/wp-content\/uploads\/sites\/20\/2024\/07\/favicon.png\",\"contentUrl\":\"https:\/\/www.manaus.am.gov.br\/semtepi\/wp-content\/uploads\/sites\/20\/2024\/07\/favicon.png\",\"width\":300,\"height\":300,\"caption\":\"Prefeitura Municipal de Manaus\"},\"image\":{\"@id\":\"https:\/\/www.manaus.am.gov.br\/semtepi\/#\/schema\/logo\/image\/\"}},{\"@type\":\"Person\",\"@id\":\"https:\/\/www.manaus.am.gov.br\/semtepi\/#\/schema\/person\/4e49f4e267757a06ca072ec61b2b9968\",\"name\":\"Adriana Costa\",\"image\":{\"@type\":\"ImageObject\",\"inLanguage\":\"pt-BR\",\"@id\":\"https:\/\/www.manaus.am.gov.br\/semtepi\/#\/schema\/person\/image\/\",\"url\":\"https:\/\/secure.gravatar.com\/avatar\/576258617ef7194f718179e766d57bd4?s=96&d=mm&r=g\",\"contentUrl\":\"https:\/\/secure.gravatar.com\/avatar\/576258617ef7194f718179e766d57bd4?s=96&d=mm&r=g\",\"caption\":\"Adriana Costa\"}}]}<\/script>\n<!-- \/ Yoast SEO plugin. -->","yoast_head_json":{"title":"Sine Manaus oferta 187 vagas de emprego nesta sexta\u2013feira, 27\/6","description":"A Prefeitura de Manaus, por meio do Sine Manaus, oferta 187 vagas de emprego em v\u00e1rias \u00e1reas de atua\u00e7\u00e3o, nesta sexta\u2013feira, 27\/6, das 8h \u00e0s 14h.","robots":{"index":"noindex","follow":"follow"},"og_locale":"pt_BR","og_type":"article","og_title":"Sine Manaus oferta 187 vagas de emprego nesta sexta\u2013feira, 27\/6","og_description":"A Prefeitura de Manaus, por meio do Sine Manaus, oferta 187 vagas de emprego em v\u00e1rias \u00e1reas de atua\u00e7\u00e3o, nesta sexta\u2013feira, 27\/6, das 8h \u00e0s 14h.","og_url":"https:\/\/www.manaus.am.gov.br\/semtepi\/oportunidade\/prefeitura-sinemanaus-vagas2706\/","og_site_name":"SEMTEPI","article_published_time":"2025-06-26T17:34:16+00:00","article_modified_time":"2025-06-26T17:34:18+00:00","og_image":[{"width":799,"height":533,"url":"https:\/\/www.manaus.am.gov.br\/semtepi\/wp-content\/uploads\/sites\/20\/2025\/05\/54522864357_7439195e70_c.jpg","type":"image\/jpeg"}],"author":"Adriana Costa","twitter_card":"summary_large_image","twitter_misc":{"Written by":"Adriana Costa","Est. reading time":"18 minutos"},"schema":{"@context":"https:\/\/schema.org","@graph":[{"@type":"Article","@id":"https:\/\/www.manaus.am.gov.br\/semtepi\/oportunidade\/prefeitura-sinemanaus-vagas2706\/#article","isPartOf":{"@id":"https:\/\/www.manaus.am.gov.br\/semtepi\/oportunidade\/prefeitura-sinemanaus-vagas2706\/"},"author":{"name":"Adriana Costa","@id":"https:\/\/www.manaus.am.gov.br\/semtepi\/#\/schema\/person\/4e49f4e267757a06ca072ec61b2b9968"},"headline":"Sine Manaus oferta 187 vagas de emprego nesta sexta\u2013feira, 27\/6","datePublished":"2025-06-26T17:34:16+00:00","dateModified":"2025-06-26T17:34:18+00:00","mainEntityOfPage":{"@id":"https:\/\/www.manaus.am.gov.br\/semtepi\/oportunidade\/prefeitura-sinemanaus-vagas2706\/"},"wordCount":3671,"publisher":{"@id":"https:\/\/www.manaus.am.gov.br\/semtepi\/#organization"},"image":{"@id":"https:\/\/www.manaus.am.gov.br\/semtepi\/oportunidade\/prefeitura-sinemanaus-vagas2706\/#primaryimage"},"thumbnailUrl":"https:\/\/www.manaus.am.gov.br\/semtepi\/wp-content\/uploads\/sites\/20\/2025\/05\/54522864357_7439195e70_c.jpg","keywords":["Empregos","prefeitura de manaus","Semtepi","sine manaus","vagas"],"articleSection":["Oportunidade"],"inLanguage":"pt-BR"},{"@type":"WebPage","@id":"https:\/\/www.manaus.am.gov.br\/semtepi\/oportunidade\/prefeitura-sinemanaus-vagas2706\/","url":"https:\/\/www.manaus.am.gov.br\/semtepi\/oportunidade\/prefeitura-sinemanaus-vagas2706\/","name":"Sine Manaus oferta 187 vagas de emprego nesta sexta\u2013feira, 27\/6","isPartOf":{"@id":"https:\/\/www.manaus.am.gov.br\/semtepi\/#website"},"primaryImageOfPage":{"@id":"https:\/\/www.manaus.am.gov.br\/semtepi\/oportunidade\/prefeitura-sinemanaus-vagas2706\/#primaryimage"},"image":{"@id":"https:\/\/www.manaus.am.gov.br\/semtepi\/oportunidade\/prefeitura-sinemanaus-vagas2706\/#primaryimage"},"thumbnailUrl":"https:\/\/www.manaus.am.gov.br\/semtepi\/wp-content\/uploads\/sites\/20\/2025\/05\/54522864357_7439195e70_c.jpg","datePublished":"2025-06-26T17:34:16+00:00","dateModified":"2025-06-26T17:34:18+00:00","description":"A Prefeitura de Manaus, por meio do Sine Manaus, oferta 187 vagas de emprego em v\u00e1rias \u00e1reas de atua\u00e7\u00e3o, nesta sexta\u2013feira, 27\/6, das 8h \u00e0s 14h.","breadcrumb":{"@id":"https:\/\/www.manaus.am.gov.br\/semtepi\/oportunidade\/prefeitura-sinemanaus-vagas2706\/#breadcrumb"},"inLanguage":"pt-BR","potentialAction":[{"@type":"ReadAction","target":["https:\/\/www.manaus.am.gov.br\/semtepi\/oportunidade\/prefeitura-sinemanaus-vagas2706\/"]}]},{"@type":"ImageObject","inLanguage":"pt-BR","@id":"https:\/\/www.manaus.am.gov.br\/semtepi\/oportunidade\/prefeitura-sinemanaus-vagas2706\/#primaryimage","url":"https:\/\/www.manaus.am.gov.br\/semtepi\/wp-content\/uploads\/sites\/20\/2025\/05\/54522864357_7439195e70_c.jpg","contentUrl":"https:\/\/www.manaus.am.gov.br\/semtepi\/wp-content\/uploads\/sites\/20\/2025\/05\/54522864357_7439195e70_c.jpg","width":799,"height":533},{"@type":"BreadcrumbList","@id":"https:\/\/www.manaus.am.gov.br\/semtepi\/oportunidade\/prefeitura-sinemanaus-vagas2706\/#breadcrumb","itemListElement":[{"@type":"ListItem","position":1,"name":"Home","item":"https:\/\/www.manaus.am.gov.br\/semtepi\/"},{"@type":"ListItem","position":2,"name":"Sine Manaus oferta 187 vagas de emprego nesta sexta\u2013feira, 27\/6"}]},{"@type":"WebSite","@id":"https:\/\/www.manaus.am.gov.br\/semtepi\/#website","url":"https:\/\/www.manaus.am.gov.br\/semtepi\/","name":"SEMTEPI","description":"Prefeitura de Manaus","publisher":{"@id":"https:\/\/www.manaus.am.gov.br\/semtepi\/#organization"},"alternateName":"Secretaria Municipal do Trabalho, Empreendedorismo e Inova\u00e7\u00e3o","potentialAction":[{"@type":"SearchAction","target":{"@type":"EntryPoint","urlTemplate":"https:\/\/www.manaus.am.gov.br\/semtepi\/?s={search_term_string}"},"query-input":"required name=search_term_string"}],"inLanguage":"pt-BR"},{"@type":"Organization","@id":"https:\/\/www.manaus.am.gov.br\/semtepi\/#organization","name":"Prefeitura Municipal de Manaus","alternateName":"Prefeitura de Manaus","url":"https:\/\/www.manaus.am.gov.br\/semtepi\/","logo":{"@type":"ImageObject","inLanguage":"pt-BR","@id":"https:\/\/www.manaus.am.gov.br\/semtepi\/#\/schema\/logo\/image\/","url":"https:\/\/www.manaus.am.gov.br\/semtepi\/wp-content\/uploads\/sites\/20\/2024\/07\/favicon.png","contentUrl":"https:\/\/www.manaus.am.gov.br\/semtepi\/wp-content\/uploads\/sites\/20\/2024\/07\/favicon.png","width":300,"height":300,"caption":"Prefeitura Municipal de Manaus"},"image":{"@id":"https:\/\/www.manaus.am.gov.br\/semtepi\/#\/schema\/logo\/image\/"}},{"@type":"Person","@id":"https:\/\/www.manaus.am.gov.br\/semtepi\/#\/schema\/person\/4e49f4e267757a06ca072ec61b2b9968","name":"Adriana Costa","image":{"@type":"ImageObject","inLanguage":"pt-BR","@id":"https:\/\/www.manaus.am.gov.br\/semtepi\/#\/schema\/person\/image\/","url":"https:\/\/secure.gravatar.com\/avatar\/576258617ef7194f718179e766d57bd4?s=96&d=mm&r=g","contentUrl":"https:\/\/secure.gravatar.com\/avatar\/576258617ef7194f718179e766d57bd4?s=96&d=mm&r=g","caption":"Adriana Costa"}}]}},"_links":{"self":[{"href":"https:\/\/www.manaus.am.gov.br\/semtepi\/wp-json\/wp\/v2\/posts\/6564"}],"collection":[{"href":"https:\/\/www.manaus.am.gov.br\/semtepi\/wp-json\/wp\/v2\/posts"}],"about":[{"href":"https:\/\/www.manaus.am.gov.br\/semtepi\/wp-json\/wp\/v2\/types\/post"}],"author":[{"embeddable":true,"href":"https:\/\/www.manaus.am.gov.br\/semtepi\/wp-json\/wp\/v2\/users\/23"}],"replies":[{"embeddable":true,"href":"https:\/\/www.manaus.am.gov.br\/semtepi\/wp-json\/wp\/v2\/comments?post=6564"}],"version-history":[{"count":0,"href":"https:\/\/www.manaus.am.gov.br\/semtepi\/wp-json\/wp\/v2\/posts\/6564\/revisions"}],"wp:featuredmedia":[{"embeddable":true,"href":"https:\/\/www.manaus.am.gov.br\/semtepi\/wp-json\/wp\/v2\/media\/6412"}],"wp:attachment":[{"href":"https:\/\/www.manaus.am.gov.br\/semtepi\/wp-json\/wp\/v2\/media?parent=6564"}],"wp:term":[{"taxonomy":"category","embeddable":true,"href":"https:\/\/www.manaus.am.gov.br\/semtepi\/wp-json\/wp\/v2\/categories?post=6564"},{"taxonomy":"post_tag","embeddable":true,"href":"https:\/\/www.manaus.am.gov.br\/semtepi\/wp-json\/wp\/v2\/tags?post=6564"}],"curies":[{"name":"wp","href":"https:\/\/api.w.org\/{rel}","templated":true}]}}