{"id":6544,"date":"2025-06-23T12:29:05","date_gmt":"2025-06-23T16:29:05","guid":{"rendered":"https:\/\/www.manaus.am.gov.br\/semtepi\/sem-categoria\/aulas-programa-salto-aceleradora\/"},"modified":"2025-06-23T12:29:05","modified_gmt":"2025-06-23T16:29:05","slug":"aulas-programa-salto-aceleradora","status":"publish","type":"post","link":"https:\/\/www.manaus.am.gov.br\/semtepi\/capacitacao\/aulas-programa-salto-aceleradora\/","title":{"rendered":"Prefeitura de Manaus inicia aulas do programa \u2018Salto Aceleradora\u2019"},"content":{"rendered":"\n<p>A Prefeitura de Manaus, por meio da Secretaria Municipal de Trabalho, Empreendedorismo e Inova\u00e7\u00e3o (Semtepi), em parceria com o Impact Hub Manaus, deu in\u00edcio \u00e0s atividades do programa \u201cSalto Aceleradora\u201d. A aula inaugural foi realizada, na manh\u00e3 desta segunda-feira, 23\/6, no shopping Phelippe Daou, na zona Leste. O programa oferece capacita\u00e7\u00e3o t\u00e9cnica, mentorias especializadas e atividades pr\u00e1ticas, distribu\u00eddas em turmas presenciais em diferentes zonas da cidade, com carga hor\u00e1ria de 100 horas.&nbsp;<\/p>\n\n\n\n<p>O diretor do departamento de qualifica\u00e7\u00e3o da Semtepi, Carlos Guedelha, afirmou que este \u00e9 o maior programa gratuito de forma\u00e7\u00e3o empreendedora do Estado, voltado para microempreendedores individuais (MEIs) e para pessoas que desejam se formalizar como empreendedores. Mais de 500 empreendedores est\u00e3o inscritos para as diversas turmas divididas em espa\u00e7os p\u00fablicos da prefeitura.<\/p>\n\n\n\n<p><br>\u201cEstamos muito empenhados em oferecer uma forma\u00e7\u00e3o de qualidade, que fa\u00e7a diferen\u00e7a na trajet\u00f3ria de cada participante. Queremos que esses empreendedores saiam daqui mais preparados, confiantes e com ferramentas para crescer de verdade\u201d, destacou o diretor do Departamento de Qualifica\u00e7\u00e3o da Semtepi, Carlos Guedelha.<\/p>\n\n\n\n<p><br>O conte\u00fado program\u00e1tico abrange temas como finan\u00e7as, marketing, autoconhecimento, planejamento de mercado e gest\u00e3o. Ao final do ciclo, os participantes ter\u00e3o a oportunidade de apresentar seus projetos no Demoday, evento voltado para especialistas e potenciais investidores.<\/p>\n\n\n\n<p>Desde 2021, mais de 800 empreendedores foram formados pelo programa na capital. Em 2024, a meta da Semtepi \u00e9 qualificar novos empreendedores, refor\u00e7ando a pol\u00edtica p\u00fablica municipal de incentivo ao empreendedorismo e \u00e0 economia criativa.<\/p>\n\n\n\n<figure class=\"wp-block-image size-large\"><img loading=\"lazy\" decoding=\"async\" width=\"1024\" height=\"576\" src=\"https:\/\/www.manaus.am.gov.br\/semtepi\/wp-content\/uploads\/sites\/20\/2025\/06\/23.06.2025-Inicio-das-aulas-do-Salto-Shopping-Phellippe-Daou-4-1024x576.jpeg\" alt=\"\" class=\"wp-image-6545\" srcset=\"https:\/\/www.manaus.am.gov.br\/semtepi\/wp-content\/uploads\/sites\/20\/2025\/06\/23.06.2025-Inicio-das-aulas-do-Salto-Shopping-Phellippe-Daou-4-1024x576.jpeg 1024w, https:\/\/www.manaus.am.gov.br\/semtepi\/wp-content\/uploads\/sites\/20\/2025\/06\/23.06.2025-Inicio-das-aulas-do-Salto-Shopping-Phellippe-Daou-4-300x169.jpeg 300w, https:\/\/www.manaus.am.gov.br\/semtepi\/wp-content\/uploads\/sites\/20\/2025\/06\/23.06.2025-Inicio-das-aulas-do-Salto-Shopping-Phellippe-Daou-4-768x432.jpeg 768w, https:\/\/www.manaus.am.gov.br\/semtepi\/wp-content\/uploads\/sites\/20\/2025\/06\/23.06.2025-Inicio-das-aulas-do-Salto-Shopping-Phellippe-Daou-4-1536x864.jpeg 1536w, https:\/\/www.manaus.am.gov.br\/semtepi\/wp-content\/uploads\/sites\/20\/2025\/06\/23.06.2025-Inicio-das-aulas-do-Salto-Shopping-Phellippe-Daou-4.jpeg 1600w\" sizes=\"(max-width: 1024px) 100vw, 1024px\" \/><\/figure>\n\n\n\n<p><br>&#8212; &#8212; &#8212;&nbsp;<\/p>\n\n\n\n<p><strong>Texto e fotos<\/strong>&nbsp;&#8211; Asafe Augusto\/Semtepi<\/p>\n","protected":false},"excerpt":{"rendered":"","protected":false},"author":39,"featured_media":6546,"comment_status":"closed","ping_status":"closed","sticky":false,"template":"","format":"standard","meta":{"footnotes":""},"categories":[51],"tags":[392,53,8,1426,9],"acf":[],"yoast_head":"<!-- This site is optimized with the Yoast SEO plugin v23.0 - https:\/\/yoast.com\/wordpress\/plugins\/seo\/ -->\n<title>Prefeitura de Manaus inicia aulas do programa \u2018Salto Aceleradora\u2019<\/title>\n<meta name=\"description\" content=\"Prefeitura de Manaus, por meio da Semtepi, inicia, nesta segunda-feira, 23\/6, aulas do programa \u2018Salto Aceleradora\u2019.\" \/>\n<meta name=\"robots\" content=\"noindex, follow\" \/>\n<meta property=\"og:locale\" content=\"pt_BR\" \/>\n<meta property=\"og:type\" content=\"article\" \/>\n<meta property=\"og:title\" content=\"Prefeitura de Manaus inicia aulas do programa \u2018Salto Aceleradora\u2019\" \/>\n<meta property=\"og:description\" content=\"Prefeitura de Manaus, por meio da Semtepi, inicia, nesta segunda-feira, 23\/6, aulas do programa \u2018Salto Aceleradora\u2019.\" \/>\n<meta property=\"og:url\" content=\"https:\/\/www.manaus.am.gov.br\/semtepi\/capacitacao\/aulas-programa-salto-aceleradora\/\" \/>\n<meta property=\"og:site_name\" content=\"SEMTEPI\" \/>\n<meta property=\"article:published_time\" content=\"2025-06-23T16:29:05+00:00\" \/>\n<meta property=\"og:image\" content=\"https:\/\/www.manaus.am.gov.br\/semtepi\/wp-content\/uploads\/sites\/20\/2025\/06\/23.06.2025-Inicio-das-aulas-do-Salto-Shopping-Phellippe-Daou-2.jpeg\" \/>\n\t<meta property=\"og:image:width\" content=\"1600\" \/>\n\t<meta property=\"og:image:height\" content=\"900\" \/>\n\t<meta property=\"og:image:type\" content=\"image\/jpeg\" \/>\n<meta name=\"author\" content=\"Bruna Greco\" \/>\n<meta name=\"twitter:card\" content=\"summary_large_image\" \/>\n<meta name=\"twitter:label1\" content=\"Written by\" \/>\n\t<meta name=\"twitter:data1\" content=\"Bruna Greco\" \/>\n\t<meta name=\"twitter:label2\" content=\"Est. reading time\" \/>\n\t<meta name=\"twitter:data2\" content=\"2 minutos\" \/>\n<script type=\"application\/ld+json\" class=\"yoast-schema-graph\">{\"@context\":\"https:\/\/schema.org\",\"@graph\":[{\"@type\":\"Article\",\"@id\":\"https:\/\/www.manaus.am.gov.br\/semtepi\/capacitacao\/aulas-programa-salto-aceleradora\/#article\",\"isPartOf\":{\"@id\":\"https:\/\/www.manaus.am.gov.br\/semtepi\/capacitacao\/aulas-programa-salto-aceleradora\/\"},\"author\":{\"name\":\"Bruna Greco\",\"@id\":\"https:\/\/www.manaus.am.gov.br\/semtepi\/#\/schema\/person\/05d223aea2bf115f9883a6ff3683d81b\"},\"headline\":\"Prefeitura de Manaus inicia aulas do programa \u2018Salto Aceleradora\u2019\",\"datePublished\":\"2025-06-23T16:29:05+00:00\",\"dateModified\":\"2025-06-23T16:29:05+00:00\",\"mainEntityOfPage\":{\"@id\":\"https:\/\/www.manaus.am.gov.br\/semtepi\/capacitacao\/aulas-programa-salto-aceleradora\/\"},\"wordCount\":278,\"publisher\":{\"@id\":\"https:\/\/www.manaus.am.gov.br\/semtepi\/#organization\"},\"image\":{\"@id\":\"https:\/\/www.manaus.am.gov.br\/semtepi\/capacitacao\/aulas-programa-salto-aceleradora\/#primaryimage\"},\"thumbnailUrl\":\"https:\/\/www.manaus.am.gov.br\/semtepi\/wp-content\/uploads\/sites\/20\/2025\/06\/23.06.2025-Inicio-das-aulas-do-Salto-Shopping-Phellippe-Daou-2.jpeg\",\"keywords\":[\"aulas\",\"capacita\u00e7\u00e3o\",\"prefeitura de manaus\",\"programa \u2018Salto Aceleradora\u2019\",\"Semtepi\"],\"articleSection\":[\"Capacita\u00e7\u00e3o\"],\"inLanguage\":\"pt-BR\"},{\"@type\":\"WebPage\",\"@id\":\"https:\/\/www.manaus.am.gov.br\/semtepi\/capacitacao\/aulas-programa-salto-aceleradora\/\",\"url\":\"https:\/\/www.manaus.am.gov.br\/semtepi\/capacitacao\/aulas-programa-salto-aceleradora\/\",\"name\":\"Prefeitura de Manaus inicia aulas do programa \u2018Salto Aceleradora\u2019\",\"isPartOf\":{\"@id\":\"https:\/\/www.manaus.am.gov.br\/semtepi\/#website\"},\"primaryImageOfPage\":{\"@id\":\"https:\/\/www.manaus.am.gov.br\/semtepi\/capacitacao\/aulas-programa-salto-aceleradora\/#primaryimage\"},\"image\":{\"@id\":\"https:\/\/www.manaus.am.gov.br\/semtepi\/capacitacao\/aulas-programa-salto-aceleradora\/#primaryimage\"},\"thumbnailUrl\":\"https:\/\/www.manaus.am.gov.br\/semtepi\/wp-content\/uploads\/sites\/20\/2025\/06\/23.06.2025-Inicio-das-aulas-do-Salto-Shopping-Phellippe-Daou-2.jpeg\",\"datePublished\":\"2025-06-23T16:29:05+00:00\",\"dateModified\":\"2025-06-23T16:29:05+00:00\",\"description\":\"Prefeitura de Manaus, por meio da Semtepi, inicia, nesta segunda-feira, 23\/6, aulas do programa \u2018Salto Aceleradora\u2019.\",\"breadcrumb\":{\"@id\":\"https:\/\/www.manaus.am.gov.br\/semtepi\/capacitacao\/aulas-programa-salto-aceleradora\/#breadcrumb\"},\"inLanguage\":\"pt-BR\",\"potentialAction\":[{\"@type\":\"ReadAction\",\"target\":[\"https:\/\/www.manaus.am.gov.br\/semtepi\/capacitacao\/aulas-programa-salto-aceleradora\/\"]}]},{\"@type\":\"ImageObject\",\"inLanguage\":\"pt-BR\",\"@id\":\"https:\/\/www.manaus.am.gov.br\/semtepi\/capacitacao\/aulas-programa-salto-aceleradora\/#primaryimage\",\"url\":\"https:\/\/www.manaus.am.gov.br\/semtepi\/wp-content\/uploads\/sites\/20\/2025\/06\/23.06.2025-Inicio-das-aulas-do-Salto-Shopping-Phellippe-Daou-2.jpeg\",\"contentUrl\":\"https:\/\/www.manaus.am.gov.br\/semtepi\/wp-content\/uploads\/sites\/20\/2025\/06\/23.06.2025-Inicio-das-aulas-do-Salto-Shopping-Phellippe-Daou-2.jpeg\",\"width\":1600,\"height\":900,\"caption\":\"#paratodosverem - Grupo de pessoas participando de capacita\u00e7\u00e3o da Semtepi\"},{\"@type\":\"BreadcrumbList\",\"@id\":\"https:\/\/www.manaus.am.gov.br\/semtepi\/capacitacao\/aulas-programa-salto-aceleradora\/#breadcrumb\",\"itemListElement\":[{\"@type\":\"ListItem\",\"position\":1,\"name\":\"Home\",\"item\":\"https:\/\/www.manaus.am.gov.br\/semtepi\/\"},{\"@type\":\"ListItem\",\"position\":2,\"name\":\"Prefeitura de Manaus inicia aulas do programa \u2018Salto Aceleradora\u2019\"}]},{\"@type\":\"WebSite\",\"@id\":\"https:\/\/www.manaus.am.gov.br\/semtepi\/#website\",\"url\":\"https:\/\/www.manaus.am.gov.br\/semtepi\/\",\"name\":\"SEMTEPI\",\"description\":\"Prefeitura de Manaus\",\"publisher\":{\"@id\":\"https:\/\/www.manaus.am.gov.br\/semtepi\/#organization\"},\"alternateName\":\"Secretaria Municipal do Trabalho, Empreendedorismo e Inova\u00e7\u00e3o\",\"potentialAction\":[{\"@type\":\"SearchAction\",\"target\":{\"@type\":\"EntryPoint\",\"urlTemplate\":\"https:\/\/www.manaus.am.gov.br\/semtepi\/?s={search_term_string}\"},\"query-input\":\"required name=search_term_string\"}],\"inLanguage\":\"pt-BR\"},{\"@type\":\"Organization\",\"@id\":\"https:\/\/www.manaus.am.gov.br\/semtepi\/#organization\",\"name\":\"Prefeitura Municipal de Manaus\",\"alternateName\":\"Prefeitura de Manaus\",\"url\":\"https:\/\/www.manaus.am.gov.br\/semtepi\/\",\"logo\":{\"@type\":\"ImageObject\",\"inLanguage\":\"pt-BR\",\"@id\":\"https:\/\/www.manaus.am.gov.br\/semtepi\/#\/schema\/logo\/image\/\",\"url\":\"https:\/\/www.manaus.am.gov.br\/semtepi\/wp-content\/uploads\/sites\/20\/2024\/07\/favicon.png\",\"contentUrl\":\"https:\/\/www.manaus.am.gov.br\/semtepi\/wp-content\/uploads\/sites\/20\/2024\/07\/favicon.png\",\"width\":300,\"height\":300,\"caption\":\"Prefeitura Municipal de Manaus\"},\"image\":{\"@id\":\"https:\/\/www.manaus.am.gov.br\/semtepi\/#\/schema\/logo\/image\/\"}},{\"@type\":\"Person\",\"@id\":\"https:\/\/www.manaus.am.gov.br\/semtepi\/#\/schema\/person\/05d223aea2bf115f9883a6ff3683d81b\",\"name\":\"Bruna Greco\",\"image\":{\"@type\":\"ImageObject\",\"inLanguage\":\"pt-BR\",\"@id\":\"https:\/\/www.manaus.am.gov.br\/semtepi\/#\/schema\/person\/image\/\",\"url\":\"https:\/\/secure.gravatar.com\/avatar\/9c877d1a6adc2a055330e5c09a8653ce?s=96&d=mm&r=g\",\"contentUrl\":\"https:\/\/secure.gravatar.com\/avatar\/9c877d1a6adc2a055330e5c09a8653ce?s=96&d=mm&r=g\",\"caption\":\"Bruna Greco\"}}]}<\/script>\n<!-- \/ Yoast SEO plugin. -->","yoast_head_json":{"title":"Prefeitura de Manaus inicia aulas do programa \u2018Salto Aceleradora\u2019","description":"Prefeitura de Manaus, por meio da Semtepi, inicia, nesta segunda-feira, 23\/6, aulas do programa \u2018Salto Aceleradora\u2019.","robots":{"index":"noindex","follow":"follow"},"og_locale":"pt_BR","og_type":"article","og_title":"Prefeitura de Manaus inicia aulas do programa \u2018Salto Aceleradora\u2019","og_description":"Prefeitura de Manaus, por meio da Semtepi, inicia, nesta segunda-feira, 23\/6, aulas do programa \u2018Salto Aceleradora\u2019.","og_url":"https:\/\/www.manaus.am.gov.br\/semtepi\/capacitacao\/aulas-programa-salto-aceleradora\/","og_site_name":"SEMTEPI","article_published_time":"2025-06-23T16:29:05+00:00","og_image":[{"width":1600,"height":900,"url":"https:\/\/www.manaus.am.gov.br\/semtepi\/wp-content\/uploads\/sites\/20\/2025\/06\/23.06.2025-Inicio-das-aulas-do-Salto-Shopping-Phellippe-Daou-2.jpeg","type":"image\/jpeg"}],"author":"Bruna Greco","twitter_card":"summary_large_image","twitter_misc":{"Written by":"Bruna Greco","Est. reading time":"2 minutos"},"schema":{"@context":"https:\/\/schema.org","@graph":[{"@type":"Article","@id":"https:\/\/www.manaus.am.gov.br\/semtepi\/capacitacao\/aulas-programa-salto-aceleradora\/#article","isPartOf":{"@id":"https:\/\/www.manaus.am.gov.br\/semtepi\/capacitacao\/aulas-programa-salto-aceleradora\/"},"author":{"name":"Bruna Greco","@id":"https:\/\/www.manaus.am.gov.br\/semtepi\/#\/schema\/person\/05d223aea2bf115f9883a6ff3683d81b"},"headline":"Prefeitura de Manaus inicia aulas do programa \u2018Salto Aceleradora\u2019","datePublished":"2025-06-23T16:29:05+00:00","dateModified":"2025-06-23T16:29:05+00:00","mainEntityOfPage":{"@id":"https:\/\/www.manaus.am.gov.br\/semtepi\/capacitacao\/aulas-programa-salto-aceleradora\/"},"wordCount":278,"publisher":{"@id":"https:\/\/www.manaus.am.gov.br\/semtepi\/#organization"},"image":{"@id":"https:\/\/www.manaus.am.gov.br\/semtepi\/capacitacao\/aulas-programa-salto-aceleradora\/#primaryimage"},"thumbnailUrl":"https:\/\/www.manaus.am.gov.br\/semtepi\/wp-content\/uploads\/sites\/20\/2025\/06\/23.06.2025-Inicio-das-aulas-do-Salto-Shopping-Phellippe-Daou-2.jpeg","keywords":["aulas","capacita\u00e7\u00e3o","prefeitura de manaus","programa \u2018Salto Aceleradora\u2019","Semtepi"],"articleSection":["Capacita\u00e7\u00e3o"],"inLanguage":"pt-BR"},{"@type":"WebPage","@id":"https:\/\/www.manaus.am.gov.br\/semtepi\/capacitacao\/aulas-programa-salto-aceleradora\/","url":"https:\/\/www.manaus.am.gov.br\/semtepi\/capacitacao\/aulas-programa-salto-aceleradora\/","name":"Prefeitura de Manaus inicia aulas do programa \u2018Salto Aceleradora\u2019","isPartOf":{"@id":"https:\/\/www.manaus.am.gov.br\/semtepi\/#website"},"primaryImageOfPage":{"@id":"https:\/\/www.manaus.am.gov.br\/semtepi\/capacitacao\/aulas-programa-salto-aceleradora\/#primaryimage"},"image":{"@id":"https:\/\/www.manaus.am.gov.br\/semtepi\/capacitacao\/aulas-programa-salto-aceleradora\/#primaryimage"},"thumbnailUrl":"https:\/\/www.manaus.am.gov.br\/semtepi\/wp-content\/uploads\/sites\/20\/2025\/06\/23.06.2025-Inicio-das-aulas-do-Salto-Shopping-Phellippe-Daou-2.jpeg","datePublished":"2025-06-23T16:29:05+00:00","dateModified":"2025-06-23T16:29:05+00:00","description":"Prefeitura de Manaus, por meio da Semtepi, inicia, nesta segunda-feira, 23\/6, aulas do programa \u2018Salto Aceleradora\u2019.","breadcrumb":{"@id":"https:\/\/www.manaus.am.gov.br\/semtepi\/capacitacao\/aulas-programa-salto-aceleradora\/#breadcrumb"},"inLanguage":"pt-BR","potentialAction":[{"@type":"ReadAction","target":["https:\/\/www.manaus.am.gov.br\/semtepi\/capacitacao\/aulas-programa-salto-aceleradora\/"]}]},{"@type":"ImageObject","inLanguage":"pt-BR","@id":"https:\/\/www.manaus.am.gov.br\/semtepi\/capacitacao\/aulas-programa-salto-aceleradora\/#primaryimage","url":"https:\/\/www.manaus.am.gov.br\/semtepi\/wp-content\/uploads\/sites\/20\/2025\/06\/23.06.2025-Inicio-das-aulas-do-Salto-Shopping-Phellippe-Daou-2.jpeg","contentUrl":"https:\/\/www.manaus.am.gov.br\/semtepi\/wp-content\/uploads\/sites\/20\/2025\/06\/23.06.2025-Inicio-das-aulas-do-Salto-Shopping-Phellippe-Daou-2.jpeg","width":1600,"height":900,"caption":"#paratodosverem - Grupo de pessoas participando de capacita\u00e7\u00e3o da Semtepi"},{"@type":"BreadcrumbList","@id":"https:\/\/www.manaus.am.gov.br\/semtepi\/capacitacao\/aulas-programa-salto-aceleradora\/#breadcrumb","itemListElement":[{"@type":"ListItem","position":1,"name":"Home","item":"https:\/\/www.manaus.am.gov.br\/semtepi\/"},{"@type":"ListItem","position":2,"name":"Prefeitura de Manaus inicia aulas do programa \u2018Salto Aceleradora\u2019"}]},{"@type":"WebSite","@id":"https:\/\/www.manaus.am.gov.br\/semtepi\/#website","url":"https:\/\/www.manaus.am.gov.br\/semtepi\/","name":"SEMTEPI","description":"Prefeitura de Manaus","publisher":{"@id":"https:\/\/www.manaus.am.gov.br\/semtepi\/#organization"},"alternateName":"Secretaria Municipal do Trabalho, Empreendedorismo e Inova\u00e7\u00e3o","potentialAction":[{"@type":"SearchAction","target":{"@type":"EntryPoint","urlTemplate":"https:\/\/www.manaus.am.gov.br\/semtepi\/?s={search_term_string}"},"query-input":"required name=search_term_string"}],"inLanguage":"pt-BR"},{"@type":"Organization","@id":"https:\/\/www.manaus.am.gov.br\/semtepi\/#organization","name":"Prefeitura Municipal de Manaus","alternateName":"Prefeitura de Manaus","url":"https:\/\/www.manaus.am.gov.br\/semtepi\/","logo":{"@type":"ImageObject","inLanguage":"pt-BR","@id":"https:\/\/www.manaus.am.gov.br\/semtepi\/#\/schema\/logo\/image\/","url":"https:\/\/www.manaus.am.gov.br\/semtepi\/wp-content\/uploads\/sites\/20\/2024\/07\/favicon.png","contentUrl":"https:\/\/www.manaus.am.gov.br\/semtepi\/wp-content\/uploads\/sites\/20\/2024\/07\/favicon.png","width":300,"height":300,"caption":"Prefeitura Municipal de Manaus"},"image":{"@id":"https:\/\/www.manaus.am.gov.br\/semtepi\/#\/schema\/logo\/image\/"}},{"@type":"Person","@id":"https:\/\/www.manaus.am.gov.br\/semtepi\/#\/schema\/person\/05d223aea2bf115f9883a6ff3683d81b","name":"Bruna Greco","image":{"@type":"ImageObject","inLanguage":"pt-BR","@id":"https:\/\/www.manaus.am.gov.br\/semtepi\/#\/schema\/person\/image\/","url":"https:\/\/secure.gravatar.com\/avatar\/9c877d1a6adc2a055330e5c09a8653ce?s=96&d=mm&r=g","contentUrl":"https:\/\/secure.gravatar.com\/avatar\/9c877d1a6adc2a055330e5c09a8653ce?s=96&d=mm&r=g","caption":"Bruna Greco"}}]}},"_links":{"self":[{"href":"https:\/\/www.manaus.am.gov.br\/semtepi\/wp-json\/wp\/v2\/posts\/6544"}],"collection":[{"href":"https:\/\/www.manaus.am.gov.br\/semtepi\/wp-json\/wp\/v2\/posts"}],"about":[{"href":"https:\/\/www.manaus.am.gov.br\/semtepi\/wp-json\/wp\/v2\/types\/post"}],"author":[{"embeddable":true,"href":"https:\/\/www.manaus.am.gov.br\/semtepi\/wp-json\/wp\/v2\/users\/39"}],"replies":[{"embeddable":true,"href":"https:\/\/www.manaus.am.gov.br\/semtepi\/wp-json\/wp\/v2\/comments?post=6544"}],"version-history":[{"count":1,"href":"https:\/\/www.manaus.am.gov.br\/semtepi\/wp-json\/wp\/v2\/posts\/6544\/revisions"}],"predecessor-version":[{"id":6547,"href":"https:\/\/www.manaus.am.gov.br\/semtepi\/wp-json\/wp\/v2\/posts\/6544\/revisions\/6547"}],"wp:featuredmedia":[{"embeddable":true,"href":"https:\/\/www.manaus.am.gov.br\/semtepi\/wp-json\/wp\/v2\/media\/6546"}],"wp:attachment":[{"href":"https:\/\/www.manaus.am.gov.br\/semtepi\/wp-json\/wp\/v2\/media?parent=6544"}],"wp:term":[{"taxonomy":"category","embeddable":true,"href":"https:\/\/www.manaus.am.gov.br\/semtepi\/wp-json\/wp\/v2\/categories?post=6544"},{"taxonomy":"post_tag","embeddable":true,"href":"https:\/\/www.manaus.am.gov.br\/semtepi\/wp-json\/wp\/v2\/tags?post=6544"}],"curies":[{"name":"wp","href":"https:\/\/api.w.org\/{rel}","templated":true}]}}