{"id":6414,"date":"2025-05-27T14:20:00","date_gmt":"2025-05-27T18:20:00","guid":{"rendered":"https:\/\/www.manaus.am.gov.br\/semtepi\/sem-categoria\/prefeitura-semtepi-megafeiraodeempregabilidade\/"},"modified":"2025-05-27T14:20:01","modified_gmt":"2025-05-27T18:20:01","slug":"prefeitura-semtepi-megafeiraodeempregabilidade","status":"publish","type":"post","link":"https:\/\/www.manaus.am.gov.br\/semtepi\/oportunidade\/prefeitura-semtepi-megafeiraodeempregabilidade\/","title":{"rendered":"Mais de 25 empresas realizam entrevistas no \u20181\u00ba Megafeir\u00e3o de Empregabilidade\u2019 da Prefeitura de Manaus"},"content":{"rendered":"\n<p>A Prefeitura de Manaus, por meio da Secretaria Municipal do Trabalho, Empreendedorismo e Inova\u00e7\u00e3o (Semtepi), promove, na quinta e sexta-feira, 29 e 30 de maio, das 9h \u00e0s 14h, o \u201c1\u00ba Megafeir\u00e3o de Empregabilidade\u201d, com a participa\u00e7\u00e3o confirmada de mais de 25 empresas parceiras que estar\u00e3o oferecendo mais de mil vagas de emprego. A a\u00e7\u00e3o acontece na Central do Empreendedor, situada no shopping Phelippe Daou, na avenida Camapu\u00e3, bairro Cidade de Deus, zona Norte.<br><br>Com o tema \u201cTrabalho, Qualifica\u00e7\u00e3o e Inova\u00e7\u00e3o: O Futuro Come\u00e7a Hoje!\u201d, o evento foi planejado para conectar a popula\u00e7\u00e3o ao mercado de trabalho de forma efetiva e direta. As empresas participantes estar\u00e3o com estandes pr\u00f3prios, com o recebimento de curr\u00edculos, triagem e condu\u00e7\u00e3o de entrevistas na hora, otimizando o processo seletivo e aumentando as chances de contrata\u00e7\u00e3o imediata.<br><br>Al\u00e9m da entrega de vagas, o megafeir\u00e3o tamb\u00e9m oferece servi\u00e7os gratuitos como orienta\u00e7\u00e3o profissional, oficina de curr\u00edculo atrativo, fotografia profissional, palestras, atendimento do Sine Manaus, al\u00e9m de espa\u00e7os equipados para entrevistas on-line com empresas que atuam remotamente.<br><br>O secret\u00e1rio da Semtepi, Alonso Oliveira, refor\u00e7a a import\u00e2ncia da parceria com o setor privado. \u201cEstamos unindo for\u00e7as com empresas que entendem a responsabilidade social de gerar oportunidades. Este megafeir\u00e3o \u00e9 uma ponte concreta entre quem precisa trabalhar e quem est\u00e1 contratando\u201d, disse o secret\u00e1rio.<br><br>Empresas participantes<br><br>Empresas para atua\u00e7\u00e3o em Manaus e at\u00e9 para trabalhar em outros Estados estar\u00e3o presentes no megafeir\u00e3o. S\u00e3o elas: Marfrig (Unidades SP e MT), BRF S.A., Minerva Foods, Madero, Vit\u00f3ria Supermercados, WeCan Brasil da Amaz\u00f4nia, Supermercado e Emporium Rodrigues, Lojas Queiroz, Grupo Nova Era, Salcomp, Dunorte Distribuidora \u2013 Grupo Medeiros, IEL Amazonas, Avan\u00e7o S\/A, Novamedpharma, Haza Engenharia, Sindpam (Sindicato das Ind\u00fastrias de Panifica\u00e7\u00e3o), F\u00eanix RH, Tawrus Seguran\u00e7a e Vigil\u00e2ncia, Imperial Servi\u00e7os Empresariais, RH Personal, Alpha Consultoria, Faculdade Anhanguera, Liliane Rocha Consultoria de RH, Vagas de Forma Online e Estrela Alimentos.<br><br>\u00a0&#8211; &#8211; &#8211; &#8211; &#8211; &#8211;<br><strong>Texto <\/strong>&#8211; Asafe Augusto\/Semtepi<\/p>\n\n\n\n<p><strong>Fotos <\/strong>&#8211; Divulga\u00e7\u00e3o \/ Semtepi<\/p>\n","protected":false},"excerpt":{"rendered":"","protected":false},"author":23,"featured_media":6415,"comment_status":"closed","ping_status":"closed","sticky":false,"template":"","format":"standard","meta":{"footnotes":""},"categories":[5],"tags":[1383,8,9,1384],"acf":[],"yoast_head":"<!-- This site is optimized with the Yoast SEO plugin v23.0 - https:\/\/yoast.com\/wordpress\/plugins\/seo\/ -->\n<title>Mais de 25 empresas realizam entrevistas no \u20181\u00ba Megafeir\u00e3o de Empregabilidade\u2019 da Prefeitura de Manaus<\/title>\n<meta name=\"description\" content=\"A Prefeitura de Manaus, por meio da Secretaria Municipal do Trabalho, Empreendedorismo e Inova\u00e7\u00e3o (Semtepi), promove, na quinta e sexta-feira, 29 e 30 de maio, das 9h \u00e0s 14h, o \u201c1\u00ba Megafeir\u00e3o de Empregabilidade\u201d,\" \/>\n<meta name=\"robots\" content=\"noindex, follow\" \/>\n<meta property=\"og:locale\" content=\"pt_BR\" \/>\n<meta property=\"og:type\" content=\"article\" \/>\n<meta property=\"og:title\" content=\"Mais de 25 empresas realizam entrevistas no \u20181\u00ba Megafeir\u00e3o de Empregabilidade\u2019 da Prefeitura de Manaus\" \/>\n<meta property=\"og:description\" content=\"A Prefeitura de Manaus, por meio da Secretaria Municipal do Trabalho, Empreendedorismo e Inova\u00e7\u00e3o (Semtepi), promove, na quinta e sexta-feira, 29 e 30 de maio, das 9h \u00e0s 14h, o \u201c1\u00ba Megafeir\u00e3o de Empregabilidade\u201d,\" \/>\n<meta property=\"og:url\" content=\"https:\/\/www.manaus.am.gov.br\/semtepi\/oportunidade\/prefeitura-semtepi-megafeiraodeempregabilidade\/\" \/>\n<meta property=\"og:site_name\" content=\"SEMTEPI\" \/>\n<meta property=\"article:published_time\" content=\"2025-05-27T18:20:00+00:00\" \/>\n<meta property=\"article:modified_time\" content=\"2025-05-27T18:20:01+00:00\" \/>\n<meta property=\"og:image\" content=\"https:\/\/www.manaus.am.gov.br\/semtepi\/wp-content\/uploads\/sites\/20\/2025\/05\/WhatsApp-Image-2025-05-27-at-14.27.39.jpeg\" \/>\n\t<meta property=\"og:image:width\" content=\"4032\" \/>\n\t<meta property=\"og:image:height\" content=\"3024\" \/>\n\t<meta property=\"og:image:type\" content=\"image\/jpeg\" \/>\n<meta name=\"author\" content=\"Adriana Costa\" \/>\n<meta name=\"twitter:card\" content=\"summary_large_image\" \/>\n<meta name=\"twitter:label1\" content=\"Written by\" \/>\n\t<meta name=\"twitter:data1\" content=\"Adriana Costa\" \/>\n\t<meta name=\"twitter:label2\" content=\"Est. reading time\" \/>\n\t<meta name=\"twitter:data2\" content=\"2 minutos\" \/>\n<script type=\"application\/ld+json\" class=\"yoast-schema-graph\">{\"@context\":\"https:\/\/schema.org\",\"@graph\":[{\"@type\":\"Article\",\"@id\":\"https:\/\/www.manaus.am.gov.br\/semtepi\/oportunidade\/prefeitura-semtepi-megafeiraodeempregabilidade\/#article\",\"isPartOf\":{\"@id\":\"https:\/\/www.manaus.am.gov.br\/semtepi\/oportunidade\/prefeitura-semtepi-megafeiraodeempregabilidade\/\"},\"author\":{\"name\":\"Adriana Costa\",\"@id\":\"https:\/\/www.manaus.am.gov.br\/semtepi\/#\/schema\/person\/4e49f4e267757a06ca072ec61b2b9968\"},\"headline\":\"Mais de 25 empresas realizam entrevistas no \u20181\u00ba Megafeir\u00e3o de Empregabilidade\u2019 da Prefeitura de Manaus\",\"datePublished\":\"2025-05-27T18:20:00+00:00\",\"dateModified\":\"2025-05-27T18:20:01+00:00\",\"mainEntityOfPage\":{\"@id\":\"https:\/\/www.manaus.am.gov.br\/semtepi\/oportunidade\/prefeitura-semtepi-megafeiraodeempregabilidade\/\"},\"wordCount\":372,\"publisher\":{\"@id\":\"https:\/\/www.manaus.am.gov.br\/semtepi\/#organization\"},\"image\":{\"@id\":\"https:\/\/www.manaus.am.gov.br\/semtepi\/oportunidade\/prefeitura-semtepi-megafeiraodeempregabilidade\/#primaryimage\"},\"thumbnailUrl\":\"https:\/\/www.manaus.am.gov.br\/semtepi\/wp-content\/uploads\/sites\/20\/2025\/05\/WhatsApp-Image-2025-05-27-at-14.27.39.jpeg\",\"keywords\":[\"megafeir\u00e3o de empregabilidade\",\"prefeitura de manaus\",\"Semtepi\",\"shopping phelippe\"],\"articleSection\":[\"Oportunidade\"],\"inLanguage\":\"pt-BR\"},{\"@type\":\"WebPage\",\"@id\":\"https:\/\/www.manaus.am.gov.br\/semtepi\/oportunidade\/prefeitura-semtepi-megafeiraodeempregabilidade\/\",\"url\":\"https:\/\/www.manaus.am.gov.br\/semtepi\/oportunidade\/prefeitura-semtepi-megafeiraodeempregabilidade\/\",\"name\":\"Mais de 25 empresas realizam entrevistas no \u20181\u00ba Megafeir\u00e3o de Empregabilidade\u2019 da Prefeitura de Manaus\",\"isPartOf\":{\"@id\":\"https:\/\/www.manaus.am.gov.br\/semtepi\/#website\"},\"primaryImageOfPage\":{\"@id\":\"https:\/\/www.manaus.am.gov.br\/semtepi\/oportunidade\/prefeitura-semtepi-megafeiraodeempregabilidade\/#primaryimage\"},\"image\":{\"@id\":\"https:\/\/www.manaus.am.gov.br\/semtepi\/oportunidade\/prefeitura-semtepi-megafeiraodeempregabilidade\/#primaryimage\"},\"thumbnailUrl\":\"https:\/\/www.manaus.am.gov.br\/semtepi\/wp-content\/uploads\/sites\/20\/2025\/05\/WhatsApp-Image-2025-05-27-at-14.27.39.jpeg\",\"datePublished\":\"2025-05-27T18:20:00+00:00\",\"dateModified\":\"2025-05-27T18:20:01+00:00\",\"description\":\"A Prefeitura de Manaus, por meio da Secretaria Municipal do Trabalho, Empreendedorismo e Inova\u00e7\u00e3o (Semtepi), promove, na quinta e sexta-feira, 29 e 30 de maio, das 9h \u00e0s 14h, o \u201c1\u00ba Megafeir\u00e3o de Empregabilidade\u201d,\",\"breadcrumb\":{\"@id\":\"https:\/\/www.manaus.am.gov.br\/semtepi\/oportunidade\/prefeitura-semtepi-megafeiraodeempregabilidade\/#breadcrumb\"},\"inLanguage\":\"pt-BR\",\"potentialAction\":[{\"@type\":\"ReadAction\",\"target\":[\"https:\/\/www.manaus.am.gov.br\/semtepi\/oportunidade\/prefeitura-semtepi-megafeiraodeempregabilidade\/\"]}]},{\"@type\":\"ImageObject\",\"inLanguage\":\"pt-BR\",\"@id\":\"https:\/\/www.manaus.am.gov.br\/semtepi\/oportunidade\/prefeitura-semtepi-megafeiraodeempregabilidade\/#primaryimage\",\"url\":\"https:\/\/www.manaus.am.gov.br\/semtepi\/wp-content\/uploads\/sites\/20\/2025\/05\/WhatsApp-Image-2025-05-27-at-14.27.39.jpeg\",\"contentUrl\":\"https:\/\/www.manaus.am.gov.br\/semtepi\/wp-content\/uploads\/sites\/20\/2025\/05\/WhatsApp-Image-2025-05-27-at-14.27.39.jpeg\",\"width\":4032,\"height\":3024},{\"@type\":\"BreadcrumbList\",\"@id\":\"https:\/\/www.manaus.am.gov.br\/semtepi\/oportunidade\/prefeitura-semtepi-megafeiraodeempregabilidade\/#breadcrumb\",\"itemListElement\":[{\"@type\":\"ListItem\",\"position\":1,\"name\":\"Home\",\"item\":\"https:\/\/www.manaus.am.gov.br\/semtepi\/\"},{\"@type\":\"ListItem\",\"position\":2,\"name\":\"Mais de 25 empresas realizam entrevistas no \u20181\u00ba Megafeir\u00e3o de Empregabilidade\u2019 da Prefeitura de Manaus\"}]},{\"@type\":\"WebSite\",\"@id\":\"https:\/\/www.manaus.am.gov.br\/semtepi\/#website\",\"url\":\"https:\/\/www.manaus.am.gov.br\/semtepi\/\",\"name\":\"SEMTEPI\",\"description\":\"Prefeitura de Manaus\",\"publisher\":{\"@id\":\"https:\/\/www.manaus.am.gov.br\/semtepi\/#organization\"},\"alternateName\":\"Secretaria Municipal do Trabalho, Empreendedorismo e Inova\u00e7\u00e3o\",\"potentialAction\":[{\"@type\":\"SearchAction\",\"target\":{\"@type\":\"EntryPoint\",\"urlTemplate\":\"https:\/\/www.manaus.am.gov.br\/semtepi\/?s={search_term_string}\"},\"query-input\":\"required name=search_term_string\"}],\"inLanguage\":\"pt-BR\"},{\"@type\":\"Organization\",\"@id\":\"https:\/\/www.manaus.am.gov.br\/semtepi\/#organization\",\"name\":\"Prefeitura Municipal de Manaus\",\"alternateName\":\"Prefeitura de Manaus\",\"url\":\"https:\/\/www.manaus.am.gov.br\/semtepi\/\",\"logo\":{\"@type\":\"ImageObject\",\"inLanguage\":\"pt-BR\",\"@id\":\"https:\/\/www.manaus.am.gov.br\/semtepi\/#\/schema\/logo\/image\/\",\"url\":\"https:\/\/www.manaus.am.gov.br\/semtepi\/wp-content\/uploads\/sites\/20\/2024\/07\/favicon.png\",\"contentUrl\":\"https:\/\/www.manaus.am.gov.br\/semtepi\/wp-content\/uploads\/sites\/20\/2024\/07\/favicon.png\",\"width\":300,\"height\":300,\"caption\":\"Prefeitura Municipal de Manaus\"},\"image\":{\"@id\":\"https:\/\/www.manaus.am.gov.br\/semtepi\/#\/schema\/logo\/image\/\"}},{\"@type\":\"Person\",\"@id\":\"https:\/\/www.manaus.am.gov.br\/semtepi\/#\/schema\/person\/4e49f4e267757a06ca072ec61b2b9968\",\"name\":\"Adriana Costa\",\"image\":{\"@type\":\"ImageObject\",\"inLanguage\":\"pt-BR\",\"@id\":\"https:\/\/www.manaus.am.gov.br\/semtepi\/#\/schema\/person\/image\/\",\"url\":\"https:\/\/secure.gravatar.com\/avatar\/576258617ef7194f718179e766d57bd4?s=96&d=mm&r=g\",\"contentUrl\":\"https:\/\/secure.gravatar.com\/avatar\/576258617ef7194f718179e766d57bd4?s=96&d=mm&r=g\",\"caption\":\"Adriana Costa\"}}]}<\/script>\n<!-- \/ Yoast SEO plugin. -->","yoast_head_json":{"title":"Mais de 25 empresas realizam entrevistas no \u20181\u00ba Megafeir\u00e3o de Empregabilidade\u2019 da Prefeitura de Manaus","description":"A Prefeitura de Manaus, por meio da Secretaria Municipal do Trabalho, Empreendedorismo e Inova\u00e7\u00e3o (Semtepi), promove, na quinta e sexta-feira, 29 e 30 de maio, das 9h \u00e0s 14h, o \u201c1\u00ba Megafeir\u00e3o de Empregabilidade\u201d,","robots":{"index":"noindex","follow":"follow"},"og_locale":"pt_BR","og_type":"article","og_title":"Mais de 25 empresas realizam entrevistas no \u20181\u00ba Megafeir\u00e3o de Empregabilidade\u2019 da Prefeitura de Manaus","og_description":"A Prefeitura de Manaus, por meio da Secretaria Municipal do Trabalho, Empreendedorismo e Inova\u00e7\u00e3o (Semtepi), promove, na quinta e sexta-feira, 29 e 30 de maio, das 9h \u00e0s 14h, o \u201c1\u00ba Megafeir\u00e3o de Empregabilidade\u201d,","og_url":"https:\/\/www.manaus.am.gov.br\/semtepi\/oportunidade\/prefeitura-semtepi-megafeiraodeempregabilidade\/","og_site_name":"SEMTEPI","article_published_time":"2025-05-27T18:20:00+00:00","article_modified_time":"2025-05-27T18:20:01+00:00","og_image":[{"width":4032,"height":3024,"url":"https:\/\/www.manaus.am.gov.br\/semtepi\/wp-content\/uploads\/sites\/20\/2025\/05\/WhatsApp-Image-2025-05-27-at-14.27.39.jpeg","type":"image\/jpeg"}],"author":"Adriana Costa","twitter_card":"summary_large_image","twitter_misc":{"Written by":"Adriana Costa","Est. reading time":"2 minutos"},"schema":{"@context":"https:\/\/schema.org","@graph":[{"@type":"Article","@id":"https:\/\/www.manaus.am.gov.br\/semtepi\/oportunidade\/prefeitura-semtepi-megafeiraodeempregabilidade\/#article","isPartOf":{"@id":"https:\/\/www.manaus.am.gov.br\/semtepi\/oportunidade\/prefeitura-semtepi-megafeiraodeempregabilidade\/"},"author":{"name":"Adriana Costa","@id":"https:\/\/www.manaus.am.gov.br\/semtepi\/#\/schema\/person\/4e49f4e267757a06ca072ec61b2b9968"},"headline":"Mais de 25 empresas realizam entrevistas no \u20181\u00ba Megafeir\u00e3o de Empregabilidade\u2019 da Prefeitura de Manaus","datePublished":"2025-05-27T18:20:00+00:00","dateModified":"2025-05-27T18:20:01+00:00","mainEntityOfPage":{"@id":"https:\/\/www.manaus.am.gov.br\/semtepi\/oportunidade\/prefeitura-semtepi-megafeiraodeempregabilidade\/"},"wordCount":372,"publisher":{"@id":"https:\/\/www.manaus.am.gov.br\/semtepi\/#organization"},"image":{"@id":"https:\/\/www.manaus.am.gov.br\/semtepi\/oportunidade\/prefeitura-semtepi-megafeiraodeempregabilidade\/#primaryimage"},"thumbnailUrl":"https:\/\/www.manaus.am.gov.br\/semtepi\/wp-content\/uploads\/sites\/20\/2025\/05\/WhatsApp-Image-2025-05-27-at-14.27.39.jpeg","keywords":["megafeir\u00e3o de empregabilidade","prefeitura de manaus","Semtepi","shopping phelippe"],"articleSection":["Oportunidade"],"inLanguage":"pt-BR"},{"@type":"WebPage","@id":"https:\/\/www.manaus.am.gov.br\/semtepi\/oportunidade\/prefeitura-semtepi-megafeiraodeempregabilidade\/","url":"https:\/\/www.manaus.am.gov.br\/semtepi\/oportunidade\/prefeitura-semtepi-megafeiraodeempregabilidade\/","name":"Mais de 25 empresas realizam entrevistas no \u20181\u00ba Megafeir\u00e3o de Empregabilidade\u2019 da Prefeitura de Manaus","isPartOf":{"@id":"https:\/\/www.manaus.am.gov.br\/semtepi\/#website"},"primaryImageOfPage":{"@id":"https:\/\/www.manaus.am.gov.br\/semtepi\/oportunidade\/prefeitura-semtepi-megafeiraodeempregabilidade\/#primaryimage"},"image":{"@id":"https:\/\/www.manaus.am.gov.br\/semtepi\/oportunidade\/prefeitura-semtepi-megafeiraodeempregabilidade\/#primaryimage"},"thumbnailUrl":"https:\/\/www.manaus.am.gov.br\/semtepi\/wp-content\/uploads\/sites\/20\/2025\/05\/WhatsApp-Image-2025-05-27-at-14.27.39.jpeg","datePublished":"2025-05-27T18:20:00+00:00","dateModified":"2025-05-27T18:20:01+00:00","description":"A Prefeitura de Manaus, por meio da Secretaria Municipal do Trabalho, Empreendedorismo e Inova\u00e7\u00e3o (Semtepi), promove, na quinta e sexta-feira, 29 e 30 de maio, das 9h \u00e0s 14h, o \u201c1\u00ba Megafeir\u00e3o de Empregabilidade\u201d,","breadcrumb":{"@id":"https:\/\/www.manaus.am.gov.br\/semtepi\/oportunidade\/prefeitura-semtepi-megafeiraodeempregabilidade\/#breadcrumb"},"inLanguage":"pt-BR","potentialAction":[{"@type":"ReadAction","target":["https:\/\/www.manaus.am.gov.br\/semtepi\/oportunidade\/prefeitura-semtepi-megafeiraodeempregabilidade\/"]}]},{"@type":"ImageObject","inLanguage":"pt-BR","@id":"https:\/\/www.manaus.am.gov.br\/semtepi\/oportunidade\/prefeitura-semtepi-megafeiraodeempregabilidade\/#primaryimage","url":"https:\/\/www.manaus.am.gov.br\/semtepi\/wp-content\/uploads\/sites\/20\/2025\/05\/WhatsApp-Image-2025-05-27-at-14.27.39.jpeg","contentUrl":"https:\/\/www.manaus.am.gov.br\/semtepi\/wp-content\/uploads\/sites\/20\/2025\/05\/WhatsApp-Image-2025-05-27-at-14.27.39.jpeg","width":4032,"height":3024},{"@type":"BreadcrumbList","@id":"https:\/\/www.manaus.am.gov.br\/semtepi\/oportunidade\/prefeitura-semtepi-megafeiraodeempregabilidade\/#breadcrumb","itemListElement":[{"@type":"ListItem","position":1,"name":"Home","item":"https:\/\/www.manaus.am.gov.br\/semtepi\/"},{"@type":"ListItem","position":2,"name":"Mais de 25 empresas realizam entrevistas no \u20181\u00ba Megafeir\u00e3o de Empregabilidade\u2019 da Prefeitura de Manaus"}]},{"@type":"WebSite","@id":"https:\/\/www.manaus.am.gov.br\/semtepi\/#website","url":"https:\/\/www.manaus.am.gov.br\/semtepi\/","name":"SEMTEPI","description":"Prefeitura de Manaus","publisher":{"@id":"https:\/\/www.manaus.am.gov.br\/semtepi\/#organization"},"alternateName":"Secretaria Municipal do Trabalho, Empreendedorismo e Inova\u00e7\u00e3o","potentialAction":[{"@type":"SearchAction","target":{"@type":"EntryPoint","urlTemplate":"https:\/\/www.manaus.am.gov.br\/semtepi\/?s={search_term_string}"},"query-input":"required name=search_term_string"}],"inLanguage":"pt-BR"},{"@type":"Organization","@id":"https:\/\/www.manaus.am.gov.br\/semtepi\/#organization","name":"Prefeitura Municipal de Manaus","alternateName":"Prefeitura de Manaus","url":"https:\/\/www.manaus.am.gov.br\/semtepi\/","logo":{"@type":"ImageObject","inLanguage":"pt-BR","@id":"https:\/\/www.manaus.am.gov.br\/semtepi\/#\/schema\/logo\/image\/","url":"https:\/\/www.manaus.am.gov.br\/semtepi\/wp-content\/uploads\/sites\/20\/2024\/07\/favicon.png","contentUrl":"https:\/\/www.manaus.am.gov.br\/semtepi\/wp-content\/uploads\/sites\/20\/2024\/07\/favicon.png","width":300,"height":300,"caption":"Prefeitura Municipal de Manaus"},"image":{"@id":"https:\/\/www.manaus.am.gov.br\/semtepi\/#\/schema\/logo\/image\/"}},{"@type":"Person","@id":"https:\/\/www.manaus.am.gov.br\/semtepi\/#\/schema\/person\/4e49f4e267757a06ca072ec61b2b9968","name":"Adriana Costa","image":{"@type":"ImageObject","inLanguage":"pt-BR","@id":"https:\/\/www.manaus.am.gov.br\/semtepi\/#\/schema\/person\/image\/","url":"https:\/\/secure.gravatar.com\/avatar\/576258617ef7194f718179e766d57bd4?s=96&d=mm&r=g","contentUrl":"https:\/\/secure.gravatar.com\/avatar\/576258617ef7194f718179e766d57bd4?s=96&d=mm&r=g","caption":"Adriana Costa"}}]}},"_links":{"self":[{"href":"https:\/\/www.manaus.am.gov.br\/semtepi\/wp-json\/wp\/v2\/posts\/6414"}],"collection":[{"href":"https:\/\/www.manaus.am.gov.br\/semtepi\/wp-json\/wp\/v2\/posts"}],"about":[{"href":"https:\/\/www.manaus.am.gov.br\/semtepi\/wp-json\/wp\/v2\/types\/post"}],"author":[{"embeddable":true,"href":"https:\/\/www.manaus.am.gov.br\/semtepi\/wp-json\/wp\/v2\/users\/23"}],"replies":[{"embeddable":true,"href":"https:\/\/www.manaus.am.gov.br\/semtepi\/wp-json\/wp\/v2\/comments?post=6414"}],"version-history":[{"count":0,"href":"https:\/\/www.manaus.am.gov.br\/semtepi\/wp-json\/wp\/v2\/posts\/6414\/revisions"}],"wp:featuredmedia":[{"embeddable":true,"href":"https:\/\/www.manaus.am.gov.br\/semtepi\/wp-json\/wp\/v2\/media\/6415"}],"wp:attachment":[{"href":"https:\/\/www.manaus.am.gov.br\/semtepi\/wp-json\/wp\/v2\/media?parent=6414"}],"wp:term":[{"taxonomy":"category","embeddable":true,"href":"https:\/\/www.manaus.am.gov.br\/semtepi\/wp-json\/wp\/v2\/categories?post=6414"},{"taxonomy":"post_tag","embeddable":true,"href":"https:\/\/www.manaus.am.gov.br\/semtepi\/wp-json\/wp\/v2\/tags?post=6414"}],"curies":[{"name":"wp","href":"https:\/\/api.w.org\/{rel}","templated":true}]}}