{"id":6370,"date":"2025-05-16T09:20:47","date_gmt":"2025-05-16T13:20:47","guid":{"rendered":"https:\/\/www.manaus.am.gov.br\/semtepi\/sem-categoria\/prefeitura-semtepi-curso-secretariado\/"},"modified":"2025-05-16T09:20:47","modified_gmt":"2025-05-16T13:20:47","slug":"prefeitura-semtepi-curso-secretariado","status":"publish","type":"post","link":"https:\/\/www.manaus.am.gov.br\/semtepi\/capacitacao\/prefeitura-semtepi-curso-secretariado\/","title":{"rendered":"Prefeitura de Manaus divulga lista de selecionados para o curso \u2018Secretariado e Rotinas Administrativas\u2019"},"content":{"rendered":"\n<p>A Prefeitura de Manaus, por meio da Secretaria Municipal do Trabalho, Empreendedorismo e Inova\u00e7\u00e3o (Semtepi), divulga, nesta sexta-feira, 16\/5, a lista completa com os nomes dos selecionados para o curso \u201cSecretariado e Rotinas Administrativas\u201d. As aulas ser\u00e3o realizadas entre 19 e 23 de maio, das 8h \u00e0s 12h30, na galeria dos Rem\u00e9dios, localizada na rua Miranda Le\u00e3o, n\u00ba 82, Centro.<\/p>\n\n\n\n<p>Com 60 selecionados, o curso abordar\u00e1 temas como t\u00e9cnicas de organiza\u00e7\u00e3o, comunica\u00e7\u00e3o empresarial, reda\u00e7\u00e3o oficial, atendimento ao cliente e gest\u00e3o de documentos. A capacita\u00e7\u00e3o \u00e9 realizada em parceria com a empresa Innovatech.<\/p>\n\n\n\n<p>\u201cEsse curso \u00e9 um trabalho que a Secretaria do Empreendedorismo abra\u00e7ou com muito carinho, porque traz muitos benef\u00edcios para aqueles que desejam se destacar no mercado de trabalho. Parab\u00e9ns aos selecionados, aproveitem todo o conhecimento poss\u00edvel\u201d, concluiu o titular da Semtepi, Alonso Oliveira.<\/p>\n\n\n\n<p>Os candidatos devem comparecer ao primeiro dia de aula portando documento oficial com foto e observar as diretrizes de vestimenta, que pro\u00edbem o uso de bermudas, shorts, minissaias, camisetas regatas e chinelos durante as aulas.<\/p>\n\n\n\n<p>&#8212; &#8212; &#8212;<\/p>\n\n\n\n<p><strong>Texto <\/strong>\u2013\u00a0Fabiane Monteiro \/ Semtepi<\/p>\n\n\n\n<p><strong>Fotos <\/strong>\u2013\u00a0Divulga\u00e7\u00e3o \/ Semtepi<\/p>\n\n\n\n<div data-wp-interactive=\"\" class=\"wp-block-file\"><object data-wp-bind--hidden=\"!selectors.core.file.hasPdfPreview\" hidden class=\"wp-block-file__embed\" data=\"https:\/\/www.manaus.am.gov.br\/semtepi\/wp-content\/uploads\/sites\/20\/2025\/05\/LISTA-DE-SELECIONADOS-SECRETARIADO-16.05.pdf\" type=\"application\/pdf\" style=\"width:100%;height:600px\" aria-label=\"Incorporado de LISTA DE SELECIONADOS - SECRETARIADO 16.05.\"><\/object><a id=\"wp-block-file--media-42a5cb65-1885-4571-bff3-ff2fed897c56\" href=\"https:\/\/www.manaus.am.gov.br\/semtepi\/wp-content\/uploads\/sites\/20\/2025\/05\/LISTA-DE-SELECIONADOS-SECRETARIADO-16.05.pdf\">LISTA DE SELECIONADOS &#8211; SECRETARIADO 16.05<\/a><a href=\"https:\/\/www.manaus.am.gov.br\/semtepi\/wp-content\/uploads\/sites\/20\/2025\/05\/LISTA-DE-SELECIONADOS-SECRETARIADO-16.05.pdf\" class=\"wp-block-file__button wp-element-button\" download aria-describedby=\"wp-block-file--media-42a5cb65-1885-4571-bff3-ff2fed897c56\">Baixar<\/a><\/div>\n","protected":false},"excerpt":{"rendered":"","protected":false},"author":23,"featured_media":6371,"comment_status":"closed","ping_status":"closed","sticky":false,"template":"","format":"standard","meta":{"footnotes":""},"categories":[51],"tags":[252,153,8,225,9],"acf":[],"yoast_head":"<!-- This site is optimized with the Yoast SEO plugin v23.0 - https:\/\/yoast.com\/wordpress\/plugins\/seo\/ -->\n<title>Prefeitura de Manaus divulga lista de selecionados para o curso \u2018Secretariado e Rotinas Administrativas\u2019<\/title>\n<meta name=\"description\" content=\"A Prefeitura de Manaus, por meio da Secretaria Municipal do Trabalho, Empreendedorismo e Inova\u00e7\u00e3o (Semtepi), divulga, nesta sexta-feira, 16\/5, a lista completa com os nomes dos selecionados para o curso \u201cSecretariado e Rotinas Administrativas\u201d.\" \/>\n<meta name=\"robots\" content=\"noindex, follow\" \/>\n<meta property=\"og:locale\" content=\"pt_BR\" \/>\n<meta property=\"og:type\" content=\"article\" \/>\n<meta property=\"og:title\" content=\"Prefeitura de Manaus divulga lista de selecionados para o curso \u2018Secretariado e Rotinas Administrativas\u2019\" \/>\n<meta property=\"og:description\" content=\"A Prefeitura de Manaus, por meio da Secretaria Municipal do Trabalho, Empreendedorismo e Inova\u00e7\u00e3o (Semtepi), divulga, nesta sexta-feira, 16\/5, a lista completa com os nomes dos selecionados para o curso \u201cSecretariado e Rotinas Administrativas\u201d.\" \/>\n<meta property=\"og:url\" content=\"https:\/\/www.manaus.am.gov.br\/semtepi\/capacitacao\/prefeitura-semtepi-curso-secretariado\/\" \/>\n<meta property=\"og:site_name\" content=\"SEMTEPI\" \/>\n<meta property=\"article:published_time\" content=\"2025-05-16T13:20:47+00:00\" \/>\n<meta property=\"og:image\" content=\"https:\/\/www.manaus.am.gov.br\/semtepi\/wp-content\/uploads\/sites\/20\/2025\/05\/Semtepi-24.jpeg\" \/>\n\t<meta property=\"og:image:width\" content=\"1600\" \/>\n\t<meta property=\"og:image:height\" content=\"1200\" \/>\n\t<meta property=\"og:image:type\" content=\"image\/jpeg\" \/>\n<meta name=\"author\" content=\"Adriana Costa\" \/>\n<meta name=\"twitter:card\" content=\"summary_large_image\" \/>\n<meta name=\"twitter:label1\" content=\"Written by\" \/>\n\t<meta name=\"twitter:data1\" content=\"Adriana Costa\" \/>\n\t<meta name=\"twitter:label2\" content=\"Est. reading time\" \/>\n\t<meta name=\"twitter:data2\" content=\"2 minutos\" \/>\n<script type=\"application\/ld+json\" class=\"yoast-schema-graph\">{\"@context\":\"https:\/\/schema.org\",\"@graph\":[{\"@type\":\"Article\",\"@id\":\"https:\/\/www.manaus.am.gov.br\/semtepi\/capacitacao\/prefeitura-semtepi-curso-secretariado\/#article\",\"isPartOf\":{\"@id\":\"https:\/\/www.manaus.am.gov.br\/semtepi\/capacitacao\/prefeitura-semtepi-curso-secretariado\/\"},\"author\":{\"name\":\"Adriana Costa\",\"@id\":\"https:\/\/www.manaus.am.gov.br\/semtepi\/#\/schema\/person\/4e49f4e267757a06ca072ec61b2b9968\"},\"headline\":\"Prefeitura de Manaus divulga lista de selecionados para o curso \u2018Secretariado e Rotinas Administrativas\u2019\",\"datePublished\":\"2025-05-16T13:20:47+00:00\",\"dateModified\":\"2025-05-16T13:20:47+00:00\",\"mainEntityOfPage\":{\"@id\":\"https:\/\/www.manaus.am.gov.br\/semtepi\/capacitacao\/prefeitura-semtepi-curso-secretariado\/\"},\"wordCount\":209,\"publisher\":{\"@id\":\"https:\/\/www.manaus.am.gov.br\/semtepi\/#organization\"},\"image\":{\"@id\":\"https:\/\/www.manaus.am.gov.br\/semtepi\/capacitacao\/prefeitura-semtepi-curso-secretariado\/#primaryimage\"},\"thumbnailUrl\":\"https:\/\/www.manaus.am.gov.br\/semtepi\/wp-content\/uploads\/sites\/20\/2025\/05\/Semtepi-24.jpeg\",\"keywords\":[\"curso\",\"lista\",\"prefeitura de manaus\",\"selecionados\",\"Semtepi\"],\"articleSection\":[\"Capacita\u00e7\u00e3o\"],\"inLanguage\":\"pt-BR\"},{\"@type\":\"WebPage\",\"@id\":\"https:\/\/www.manaus.am.gov.br\/semtepi\/capacitacao\/prefeitura-semtepi-curso-secretariado\/\",\"url\":\"https:\/\/www.manaus.am.gov.br\/semtepi\/capacitacao\/prefeitura-semtepi-curso-secretariado\/\",\"name\":\"Prefeitura de Manaus divulga lista de selecionados para o curso \u2018Secretariado e Rotinas Administrativas\u2019\",\"isPartOf\":{\"@id\":\"https:\/\/www.manaus.am.gov.br\/semtepi\/#website\"},\"primaryImageOfPage\":{\"@id\":\"https:\/\/www.manaus.am.gov.br\/semtepi\/capacitacao\/prefeitura-semtepi-curso-secretariado\/#primaryimage\"},\"image\":{\"@id\":\"https:\/\/www.manaus.am.gov.br\/semtepi\/capacitacao\/prefeitura-semtepi-curso-secretariado\/#primaryimage\"},\"thumbnailUrl\":\"https:\/\/www.manaus.am.gov.br\/semtepi\/wp-content\/uploads\/sites\/20\/2025\/05\/Semtepi-24.jpeg\",\"datePublished\":\"2025-05-16T13:20:47+00:00\",\"dateModified\":\"2025-05-16T13:20:47+00:00\",\"description\":\"A Prefeitura de Manaus, por meio da Secretaria Municipal do Trabalho, Empreendedorismo e Inova\u00e7\u00e3o (Semtepi), divulga, nesta sexta-feira, 16\/5, a lista completa com os nomes dos selecionados para o curso \u201cSecretariado e Rotinas Administrativas\u201d.\",\"breadcrumb\":{\"@id\":\"https:\/\/www.manaus.am.gov.br\/semtepi\/capacitacao\/prefeitura-semtepi-curso-secretariado\/#breadcrumb\"},\"inLanguage\":\"pt-BR\",\"potentialAction\":[{\"@type\":\"ReadAction\",\"target\":[\"https:\/\/www.manaus.am.gov.br\/semtepi\/capacitacao\/prefeitura-semtepi-curso-secretariado\/\"]}]},{\"@type\":\"ImageObject\",\"inLanguage\":\"pt-BR\",\"@id\":\"https:\/\/www.manaus.am.gov.br\/semtepi\/capacitacao\/prefeitura-semtepi-curso-secretariado\/#primaryimage\",\"url\":\"https:\/\/www.manaus.am.gov.br\/semtepi\/wp-content\/uploads\/sites\/20\/2025\/05\/Semtepi-24.jpeg\",\"contentUrl\":\"https:\/\/www.manaus.am.gov.br\/semtepi\/wp-content\/uploads\/sites\/20\/2025\/05\/Semtepi-24.jpeg\",\"width\":1600,\"height\":1200},{\"@type\":\"BreadcrumbList\",\"@id\":\"https:\/\/www.manaus.am.gov.br\/semtepi\/capacitacao\/prefeitura-semtepi-curso-secretariado\/#breadcrumb\",\"itemListElement\":[{\"@type\":\"ListItem\",\"position\":1,\"name\":\"Home\",\"item\":\"https:\/\/www.manaus.am.gov.br\/semtepi\/\"},{\"@type\":\"ListItem\",\"position\":2,\"name\":\"Prefeitura de Manaus divulga lista de selecionados para o curso \u2018Secretariado e Rotinas Administrativas\u2019\"}]},{\"@type\":\"WebSite\",\"@id\":\"https:\/\/www.manaus.am.gov.br\/semtepi\/#website\",\"url\":\"https:\/\/www.manaus.am.gov.br\/semtepi\/\",\"name\":\"SEMTEPI\",\"description\":\"Prefeitura de Manaus\",\"publisher\":{\"@id\":\"https:\/\/www.manaus.am.gov.br\/semtepi\/#organization\"},\"alternateName\":\"Secretaria Municipal do Trabalho, Empreendedorismo e Inova\u00e7\u00e3o\",\"potentialAction\":[{\"@type\":\"SearchAction\",\"target\":{\"@type\":\"EntryPoint\",\"urlTemplate\":\"https:\/\/www.manaus.am.gov.br\/semtepi\/?s={search_term_string}\"},\"query-input\":\"required name=search_term_string\"}],\"inLanguage\":\"pt-BR\"},{\"@type\":\"Organization\",\"@id\":\"https:\/\/www.manaus.am.gov.br\/semtepi\/#organization\",\"name\":\"Prefeitura Municipal de Manaus\",\"alternateName\":\"Prefeitura de Manaus\",\"url\":\"https:\/\/www.manaus.am.gov.br\/semtepi\/\",\"logo\":{\"@type\":\"ImageObject\",\"inLanguage\":\"pt-BR\",\"@id\":\"https:\/\/www.manaus.am.gov.br\/semtepi\/#\/schema\/logo\/image\/\",\"url\":\"https:\/\/www.manaus.am.gov.br\/semtepi\/wp-content\/uploads\/sites\/20\/2024\/07\/favicon.png\",\"contentUrl\":\"https:\/\/www.manaus.am.gov.br\/semtepi\/wp-content\/uploads\/sites\/20\/2024\/07\/favicon.png\",\"width\":300,\"height\":300,\"caption\":\"Prefeitura Municipal de Manaus\"},\"image\":{\"@id\":\"https:\/\/www.manaus.am.gov.br\/semtepi\/#\/schema\/logo\/image\/\"}},{\"@type\":\"Person\",\"@id\":\"https:\/\/www.manaus.am.gov.br\/semtepi\/#\/schema\/person\/4e49f4e267757a06ca072ec61b2b9968\",\"name\":\"Adriana Costa\",\"image\":{\"@type\":\"ImageObject\",\"inLanguage\":\"pt-BR\",\"@id\":\"https:\/\/www.manaus.am.gov.br\/semtepi\/#\/schema\/person\/image\/\",\"url\":\"https:\/\/secure.gravatar.com\/avatar\/576258617ef7194f718179e766d57bd4?s=96&d=mm&r=g\",\"contentUrl\":\"https:\/\/secure.gravatar.com\/avatar\/576258617ef7194f718179e766d57bd4?s=96&d=mm&r=g\",\"caption\":\"Adriana Costa\"}}]}<\/script>\n<!-- \/ Yoast SEO plugin. -->","yoast_head_json":{"title":"Prefeitura de Manaus divulga lista de selecionados para o curso \u2018Secretariado e Rotinas Administrativas\u2019","description":"A Prefeitura de Manaus, por meio da Secretaria Municipal do Trabalho, Empreendedorismo e Inova\u00e7\u00e3o (Semtepi), divulga, nesta sexta-feira, 16\/5, a lista completa com os nomes dos selecionados para o curso \u201cSecretariado e Rotinas Administrativas\u201d.","robots":{"index":"noindex","follow":"follow"},"og_locale":"pt_BR","og_type":"article","og_title":"Prefeitura de Manaus divulga lista de selecionados para o curso \u2018Secretariado e Rotinas Administrativas\u2019","og_description":"A Prefeitura de Manaus, por meio da Secretaria Municipal do Trabalho, Empreendedorismo e Inova\u00e7\u00e3o (Semtepi), divulga, nesta sexta-feira, 16\/5, a lista completa com os nomes dos selecionados para o curso \u201cSecretariado e Rotinas Administrativas\u201d.","og_url":"https:\/\/www.manaus.am.gov.br\/semtepi\/capacitacao\/prefeitura-semtepi-curso-secretariado\/","og_site_name":"SEMTEPI","article_published_time":"2025-05-16T13:20:47+00:00","og_image":[{"width":1600,"height":1200,"url":"https:\/\/www.manaus.am.gov.br\/semtepi\/wp-content\/uploads\/sites\/20\/2025\/05\/Semtepi-24.jpeg","type":"image\/jpeg"}],"author":"Adriana Costa","twitter_card":"summary_large_image","twitter_misc":{"Written by":"Adriana Costa","Est. reading time":"2 minutos"},"schema":{"@context":"https:\/\/schema.org","@graph":[{"@type":"Article","@id":"https:\/\/www.manaus.am.gov.br\/semtepi\/capacitacao\/prefeitura-semtepi-curso-secretariado\/#article","isPartOf":{"@id":"https:\/\/www.manaus.am.gov.br\/semtepi\/capacitacao\/prefeitura-semtepi-curso-secretariado\/"},"author":{"name":"Adriana Costa","@id":"https:\/\/www.manaus.am.gov.br\/semtepi\/#\/schema\/person\/4e49f4e267757a06ca072ec61b2b9968"},"headline":"Prefeitura de Manaus divulga lista de selecionados para o curso \u2018Secretariado e Rotinas Administrativas\u2019","datePublished":"2025-05-16T13:20:47+00:00","dateModified":"2025-05-16T13:20:47+00:00","mainEntityOfPage":{"@id":"https:\/\/www.manaus.am.gov.br\/semtepi\/capacitacao\/prefeitura-semtepi-curso-secretariado\/"},"wordCount":209,"publisher":{"@id":"https:\/\/www.manaus.am.gov.br\/semtepi\/#organization"},"image":{"@id":"https:\/\/www.manaus.am.gov.br\/semtepi\/capacitacao\/prefeitura-semtepi-curso-secretariado\/#primaryimage"},"thumbnailUrl":"https:\/\/www.manaus.am.gov.br\/semtepi\/wp-content\/uploads\/sites\/20\/2025\/05\/Semtepi-24.jpeg","keywords":["curso","lista","prefeitura de manaus","selecionados","Semtepi"],"articleSection":["Capacita\u00e7\u00e3o"],"inLanguage":"pt-BR"},{"@type":"WebPage","@id":"https:\/\/www.manaus.am.gov.br\/semtepi\/capacitacao\/prefeitura-semtepi-curso-secretariado\/","url":"https:\/\/www.manaus.am.gov.br\/semtepi\/capacitacao\/prefeitura-semtepi-curso-secretariado\/","name":"Prefeitura de Manaus divulga lista de selecionados para o curso \u2018Secretariado e Rotinas Administrativas\u2019","isPartOf":{"@id":"https:\/\/www.manaus.am.gov.br\/semtepi\/#website"},"primaryImageOfPage":{"@id":"https:\/\/www.manaus.am.gov.br\/semtepi\/capacitacao\/prefeitura-semtepi-curso-secretariado\/#primaryimage"},"image":{"@id":"https:\/\/www.manaus.am.gov.br\/semtepi\/capacitacao\/prefeitura-semtepi-curso-secretariado\/#primaryimage"},"thumbnailUrl":"https:\/\/www.manaus.am.gov.br\/semtepi\/wp-content\/uploads\/sites\/20\/2025\/05\/Semtepi-24.jpeg","datePublished":"2025-05-16T13:20:47+00:00","dateModified":"2025-05-16T13:20:47+00:00","description":"A Prefeitura de Manaus, por meio da Secretaria Municipal do Trabalho, Empreendedorismo e Inova\u00e7\u00e3o (Semtepi), divulga, nesta sexta-feira, 16\/5, a lista completa com os nomes dos selecionados para o curso \u201cSecretariado e Rotinas Administrativas\u201d.","breadcrumb":{"@id":"https:\/\/www.manaus.am.gov.br\/semtepi\/capacitacao\/prefeitura-semtepi-curso-secretariado\/#breadcrumb"},"inLanguage":"pt-BR","potentialAction":[{"@type":"ReadAction","target":["https:\/\/www.manaus.am.gov.br\/semtepi\/capacitacao\/prefeitura-semtepi-curso-secretariado\/"]}]},{"@type":"ImageObject","inLanguage":"pt-BR","@id":"https:\/\/www.manaus.am.gov.br\/semtepi\/capacitacao\/prefeitura-semtepi-curso-secretariado\/#primaryimage","url":"https:\/\/www.manaus.am.gov.br\/semtepi\/wp-content\/uploads\/sites\/20\/2025\/05\/Semtepi-24.jpeg","contentUrl":"https:\/\/www.manaus.am.gov.br\/semtepi\/wp-content\/uploads\/sites\/20\/2025\/05\/Semtepi-24.jpeg","width":1600,"height":1200},{"@type":"BreadcrumbList","@id":"https:\/\/www.manaus.am.gov.br\/semtepi\/capacitacao\/prefeitura-semtepi-curso-secretariado\/#breadcrumb","itemListElement":[{"@type":"ListItem","position":1,"name":"Home","item":"https:\/\/www.manaus.am.gov.br\/semtepi\/"},{"@type":"ListItem","position":2,"name":"Prefeitura de Manaus divulga lista de selecionados para o curso \u2018Secretariado e Rotinas Administrativas\u2019"}]},{"@type":"WebSite","@id":"https:\/\/www.manaus.am.gov.br\/semtepi\/#website","url":"https:\/\/www.manaus.am.gov.br\/semtepi\/","name":"SEMTEPI","description":"Prefeitura de Manaus","publisher":{"@id":"https:\/\/www.manaus.am.gov.br\/semtepi\/#organization"},"alternateName":"Secretaria Municipal do Trabalho, Empreendedorismo e Inova\u00e7\u00e3o","potentialAction":[{"@type":"SearchAction","target":{"@type":"EntryPoint","urlTemplate":"https:\/\/www.manaus.am.gov.br\/semtepi\/?s={search_term_string}"},"query-input":"required name=search_term_string"}],"inLanguage":"pt-BR"},{"@type":"Organization","@id":"https:\/\/www.manaus.am.gov.br\/semtepi\/#organization","name":"Prefeitura Municipal de Manaus","alternateName":"Prefeitura de Manaus","url":"https:\/\/www.manaus.am.gov.br\/semtepi\/","logo":{"@type":"ImageObject","inLanguage":"pt-BR","@id":"https:\/\/www.manaus.am.gov.br\/semtepi\/#\/schema\/logo\/image\/","url":"https:\/\/www.manaus.am.gov.br\/semtepi\/wp-content\/uploads\/sites\/20\/2024\/07\/favicon.png","contentUrl":"https:\/\/www.manaus.am.gov.br\/semtepi\/wp-content\/uploads\/sites\/20\/2024\/07\/favicon.png","width":300,"height":300,"caption":"Prefeitura Municipal de Manaus"},"image":{"@id":"https:\/\/www.manaus.am.gov.br\/semtepi\/#\/schema\/logo\/image\/"}},{"@type":"Person","@id":"https:\/\/www.manaus.am.gov.br\/semtepi\/#\/schema\/person\/4e49f4e267757a06ca072ec61b2b9968","name":"Adriana Costa","image":{"@type":"ImageObject","inLanguage":"pt-BR","@id":"https:\/\/www.manaus.am.gov.br\/semtepi\/#\/schema\/person\/image\/","url":"https:\/\/secure.gravatar.com\/avatar\/576258617ef7194f718179e766d57bd4?s=96&d=mm&r=g","contentUrl":"https:\/\/secure.gravatar.com\/avatar\/576258617ef7194f718179e766d57bd4?s=96&d=mm&r=g","caption":"Adriana Costa"}}]}},"_links":{"self":[{"href":"https:\/\/www.manaus.am.gov.br\/semtepi\/wp-json\/wp\/v2\/posts\/6370"}],"collection":[{"href":"https:\/\/www.manaus.am.gov.br\/semtepi\/wp-json\/wp\/v2\/posts"}],"about":[{"href":"https:\/\/www.manaus.am.gov.br\/semtepi\/wp-json\/wp\/v2\/types\/post"}],"author":[{"embeddable":true,"href":"https:\/\/www.manaus.am.gov.br\/semtepi\/wp-json\/wp\/v2\/users\/23"}],"replies":[{"embeddable":true,"href":"https:\/\/www.manaus.am.gov.br\/semtepi\/wp-json\/wp\/v2\/comments?post=6370"}],"version-history":[{"count":1,"href":"https:\/\/www.manaus.am.gov.br\/semtepi\/wp-json\/wp\/v2\/posts\/6370\/revisions"}],"predecessor-version":[{"id":6373,"href":"https:\/\/www.manaus.am.gov.br\/semtepi\/wp-json\/wp\/v2\/posts\/6370\/revisions\/6373"}],"wp:featuredmedia":[{"embeddable":true,"href":"https:\/\/www.manaus.am.gov.br\/semtepi\/wp-json\/wp\/v2\/media\/6371"}],"wp:attachment":[{"href":"https:\/\/www.manaus.am.gov.br\/semtepi\/wp-json\/wp\/v2\/media?parent=6370"}],"wp:term":[{"taxonomy":"category","embeddable":true,"href":"https:\/\/www.manaus.am.gov.br\/semtepi\/wp-json\/wp\/v2\/categories?post=6370"},{"taxonomy":"post_tag","embeddable":true,"href":"https:\/\/www.manaus.am.gov.br\/semtepi\/wp-json\/wp\/v2\/tags?post=6370"}],"curies":[{"name":"wp","href":"https:\/\/api.w.org\/{rel}","templated":true}]}}