{"id":6289,"date":"2025-05-01T10:36:11","date_gmt":"2025-05-01T14:36:11","guid":{"rendered":"https:\/\/www.manaus.am.gov.br\/semtepi\/sem-categoria\/prefeitura-semtepi-festadotrabalhador\/"},"modified":"2025-05-01T10:36:15","modified_gmt":"2025-05-01T14:36:15","slug":"prefeitura-semtepi-festadotrabalhador","status":"publish","type":"post","link":"https:\/\/www.manaus.am.gov.br\/semtepi\/comemoracao\/prefeitura-semtepi-festadotrabalhador\/","title":{"rendered":"Programa\u00e7\u00e3o da Festa do Trabalhador 2025 anima p\u00fablico na Ponta \u00a0Negra"},"content":{"rendered":"\n<p>O primeiro dia da Festa do Trabalhador 2025, o \u201cSunset do Trabalhador\u201d, na quarta-feira, 30\/4, reuniu shows de pagode e bandas alternativas na Casa de Praia Zezinho Corr\u00eaa, no complexo tur\u00edstico Ponta Negra, zona Oeste da cidade. A programa\u00e7\u00e3o \u00e9 promovida pela Prefeitura de Manaus, por meio da Secretaria Municipal do Trabalho, Empreendedorismo e Inova\u00e7\u00e3o (Semtepi), em alus\u00e3o ao Dia do Trabalhador, comemorado neste 1\u00ba de maio.&nbsp;<\/p>\n\n\n\n<p>A programa\u00e7\u00e3o iniciou com o cantor Mikael e Banda e, na sequ\u00eancia, a apresenta\u00e7\u00e3o da banda regional Chora Cachorro. Segundo o titular da Semtepi, Alonso Oliveira, o&nbsp;principal objetivo desta edi\u00e7\u00e3o \u00e9 valorizar o artista local e promover entretenimento aos trabalhadores.&nbsp;<\/p>\n\n\n\n<p>\u201cN\u00f3s n\u00e3o podemos deixar de fazer os agradecimentos aos nossos convidados trabalhadores que vieram prestigiar este momento de muito lazer e cultura em um s\u00f3 lugar. A Casa de Praia abriu as portas mais uma vez para esta festa que celebra e valoriza a categoria. Neste dia 1\u00ba, teremos mais, venham e aproveitem, ao m\u00e1ximo, cada atividade\u201d, destacou Alonso.<\/p>\n\n\n\n<p>Para o casal Isa\u00edas dos Santos e Regiane Dantas, frequentadores ass\u00edduos da tradicional Festa do Trabalhador, promovida pela Prefeitura de Manaus, o evento \u00e9 uma oportunidade de celebra\u00e7\u00e3o.<\/p>\n\n\n\n<p>\u201cEu acho maravilhoso, porque, em Manaus, a maioria dos eventos \u00e9 fechado e, quando tem na Ponta Negra, a gest\u00e3o p\u00fablica demonstra preocupa\u00e7\u00e3o com os trabalhadores da cidade. Este evento valoriza o cantor, o trabalhador e o empreendedor, porque n\u00f3s trabalhamos muito e precisamos tirar um dia para curtir tamb\u00e9m\u201d, concluiu Isa\u00edas.<\/p>\n\n\n\n<p>O segundo dia de programa\u00e7\u00e3o vai acontecer a partir das 15h desta quinta-feira, 1\u00b0\/5, e vai trazer v\u00e1rias atividades voltadas \u00e0 educa\u00e7\u00e3o f\u00edsica, ao esporte e \u00e0 cultura.<\/p>\n\n\n\n<p>Programa\u00e7\u00e3o:<\/p>\n\n\n\n<p>No Cal\u00e7ad\u00e3o da Ponta Negra:<\/p>\n\n\n\n<p>15&nbsp;\u2013 Campeonato de skate;<\/p>\n\n\n\n<p>16h \u2013 Torneio de Beach T\u00eanis, v\u00f4lei nas quadras de t\u00eanis e aul\u00e3o de ritmos;<\/p>\n\n\n\n<p>17h \u2013 Feira de Economia Solid\u00e1ria e Criativa.<\/p>\n\n\n\n<p>Na Casa de Praia Zezinho Corr\u00eaa:<\/p>\n\n\n\n<p>17h \u2013 apresenta\u00e7\u00e3o especial dos bois Garantido e Caprichoso.<\/p>\n\n\n\n<p>No Anfiteatro da Ponta Negra:<\/p>\n\n\n\n<p>17h \u2013 DJ;<\/p>\n\n\n\n<p>18h \u2013 Uendel Pinheiro e convidados.<\/p>\n\n\n\n<p>&#8212; &#8212; &#8212;<\/p>\n\n\n\n<p><strong>Texto<\/strong>&nbsp;\u2013 Fabiane Monteiro \/ Semtepi<\/p>\n\n\n\n<p><strong>Fotos<\/strong>&nbsp;\u2013 Cl\u00f3vis Miranda\/Semcom<\/p>\n\n\n\n<p><strong>Dispon\u00edveis em<\/strong>&nbsp;&#8211;&nbsp;<a href=\"https:\/\/flic.kr\/s\/aHBqjCcqx4\" target=\"_blank\" rel=\"noreferrer noopener\">https:\/\/flic.kr\/s\/aHBqjCcqx4<\/a><\/p>\n","protected":false},"excerpt":{"rendered":"","protected":false},"author":23,"featured_media":6290,"comment_status":"closed","ping_status":"closed","sticky":false,"template":"","format":"standard","meta":{"footnotes":""},"categories":[532],"tags":[1355,178,8,9,1356],"acf":[],"yoast_head":"<!-- This site is optimized with the Yoast SEO plugin v23.0 - https:\/\/yoast.com\/wordpress\/plugins\/seo\/ -->\n<title>Programa\u00e7\u00e3o da Festa do Trabalhador 2025 anima p\u00fablico na Ponta \u00a0Negra<\/title>\n<meta name=\"description\" content=\"O primeiro dia da Festa do Trabalhador 2025, o \u201cSunset do Trabalhador\u201d, na quarta-feira, 30\/4, reuniu shows de pagode e bandas alternativas na Casa de Praia Zezinho Corr\u00eaa, no complexo tur\u00edstico Ponta Negra, zona Oeste da cidade.\" \/>\n<meta name=\"robots\" content=\"noindex, follow\" \/>\n<meta property=\"og:locale\" content=\"pt_BR\" \/>\n<meta property=\"og:type\" content=\"article\" \/>\n<meta property=\"og:title\" content=\"Programa\u00e7\u00e3o da Festa do Trabalhador 2025 anima p\u00fablico na Ponta \u00a0Negra\" \/>\n<meta property=\"og:description\" content=\"O primeiro dia da Festa do Trabalhador 2025, o \u201cSunset do Trabalhador\u201d, na quarta-feira, 30\/4, reuniu shows de pagode e bandas alternativas na Casa de Praia Zezinho Corr\u00eaa, no complexo tur\u00edstico Ponta Negra, zona Oeste da cidade.\" \/>\n<meta property=\"og:url\" content=\"https:\/\/www.manaus.am.gov.br\/semtepi\/comemoracao\/prefeitura-semtepi-festadotrabalhador\/\" \/>\n<meta property=\"og:site_name\" content=\"SEMTEPI\" \/>\n<meta property=\"article:published_time\" content=\"2025-05-01T14:36:11+00:00\" \/>\n<meta property=\"article:modified_time\" content=\"2025-05-01T14:36:15+00:00\" \/>\n<meta property=\"og:image\" content=\"https:\/\/www.manaus.am.gov.br\/semtepi\/wp-content\/uploads\/sites\/20\/2025\/05\/54487341067_2593b1d27b_c.jpg\" \/>\n\t<meta property=\"og:image:width\" content=\"799\" \/>\n\t<meta property=\"og:image:height\" content=\"533\" \/>\n\t<meta property=\"og:image:type\" content=\"image\/jpeg\" \/>\n<meta name=\"author\" content=\"Adriana Costa\" \/>\n<meta name=\"twitter:card\" content=\"summary_large_image\" \/>\n<meta name=\"twitter:label1\" content=\"Written by\" \/>\n\t<meta name=\"twitter:data1\" content=\"Adriana Costa\" \/>\n\t<meta name=\"twitter:label2\" content=\"Est. reading time\" \/>\n\t<meta name=\"twitter:data2\" content=\"3 minutos\" \/>\n<script type=\"application\/ld+json\" class=\"yoast-schema-graph\">{\"@context\":\"https:\/\/schema.org\",\"@graph\":[{\"@type\":\"Article\",\"@id\":\"https:\/\/www.manaus.am.gov.br\/semtepi\/comemoracao\/prefeitura-semtepi-festadotrabalhador\/#article\",\"isPartOf\":{\"@id\":\"https:\/\/www.manaus.am.gov.br\/semtepi\/comemoracao\/prefeitura-semtepi-festadotrabalhador\/\"},\"author\":{\"name\":\"Adriana Costa\",\"@id\":\"https:\/\/www.manaus.am.gov.br\/semtepi\/#\/schema\/person\/4e49f4e267757a06ca072ec61b2b9968\"},\"headline\":\"Programa\u00e7\u00e3o da Festa do Trabalhador 2025 anima p\u00fablico na Ponta \u00a0Negra\",\"datePublished\":\"2025-05-01T14:36:11+00:00\",\"dateModified\":\"2025-05-01T14:36:15+00:00\",\"mainEntityOfPage\":{\"@id\":\"https:\/\/www.manaus.am.gov.br\/semtepi\/comemoracao\/prefeitura-semtepi-festadotrabalhador\/\"},\"wordCount\":396,\"publisher\":{\"@id\":\"https:\/\/www.manaus.am.gov.br\/semtepi\/#organization\"},\"image\":{\"@id\":\"https:\/\/www.manaus.am.gov.br\/semtepi\/comemoracao\/prefeitura-semtepi-festadotrabalhador\/#primaryimage\"},\"thumbnailUrl\":\"https:\/\/www.manaus.am.gov.br\/semtepi\/wp-content\/uploads\/sites\/20\/2025\/05\/54487341067_2593b1d27b_c.jpg\",\"keywords\":[\"Festa do Trabalhador\",\"ponta negra\",\"prefeitura de manaus\",\"Semtepi\",\"Sunset do Trabalhador\"],\"articleSection\":[\"Comemora\u00e7\u00e3o\"],\"inLanguage\":\"pt-BR\"},{\"@type\":\"WebPage\",\"@id\":\"https:\/\/www.manaus.am.gov.br\/semtepi\/comemoracao\/prefeitura-semtepi-festadotrabalhador\/\",\"url\":\"https:\/\/www.manaus.am.gov.br\/semtepi\/comemoracao\/prefeitura-semtepi-festadotrabalhador\/\",\"name\":\"Programa\u00e7\u00e3o da Festa do Trabalhador 2025 anima p\u00fablico na Ponta \u00a0Negra\",\"isPartOf\":{\"@id\":\"https:\/\/www.manaus.am.gov.br\/semtepi\/#website\"},\"primaryImageOfPage\":{\"@id\":\"https:\/\/www.manaus.am.gov.br\/semtepi\/comemoracao\/prefeitura-semtepi-festadotrabalhador\/#primaryimage\"},\"image\":{\"@id\":\"https:\/\/www.manaus.am.gov.br\/semtepi\/comemoracao\/prefeitura-semtepi-festadotrabalhador\/#primaryimage\"},\"thumbnailUrl\":\"https:\/\/www.manaus.am.gov.br\/semtepi\/wp-content\/uploads\/sites\/20\/2025\/05\/54487341067_2593b1d27b_c.jpg\",\"datePublished\":\"2025-05-01T14:36:11+00:00\",\"dateModified\":\"2025-05-01T14:36:15+00:00\",\"description\":\"O primeiro dia da Festa do Trabalhador 2025, o \u201cSunset do Trabalhador\u201d, na quarta-feira, 30\/4, reuniu shows de pagode e bandas alternativas na Casa de Praia Zezinho Corr\u00eaa, no complexo tur\u00edstico Ponta Negra, zona Oeste da cidade.\",\"breadcrumb\":{\"@id\":\"https:\/\/www.manaus.am.gov.br\/semtepi\/comemoracao\/prefeitura-semtepi-festadotrabalhador\/#breadcrumb\"},\"inLanguage\":\"pt-BR\",\"potentialAction\":[{\"@type\":\"ReadAction\",\"target\":[\"https:\/\/www.manaus.am.gov.br\/semtepi\/comemoracao\/prefeitura-semtepi-festadotrabalhador\/\"]}]},{\"@type\":\"ImageObject\",\"inLanguage\":\"pt-BR\",\"@id\":\"https:\/\/www.manaus.am.gov.br\/semtepi\/comemoracao\/prefeitura-semtepi-festadotrabalhador\/#primaryimage\",\"url\":\"https:\/\/www.manaus.am.gov.br\/semtepi\/wp-content\/uploads\/sites\/20\/2025\/05\/54487341067_2593b1d27b_c.jpg\",\"contentUrl\":\"https:\/\/www.manaus.am.gov.br\/semtepi\/wp-content\/uploads\/sites\/20\/2025\/05\/54487341067_2593b1d27b_c.jpg\",\"width\":799,\"height\":533},{\"@type\":\"BreadcrumbList\",\"@id\":\"https:\/\/www.manaus.am.gov.br\/semtepi\/comemoracao\/prefeitura-semtepi-festadotrabalhador\/#breadcrumb\",\"itemListElement\":[{\"@type\":\"ListItem\",\"position\":1,\"name\":\"Home\",\"item\":\"https:\/\/www.manaus.am.gov.br\/semtepi\/\"},{\"@type\":\"ListItem\",\"position\":2,\"name\":\"Programa\u00e7\u00e3o da Festa do Trabalhador 2025 anima p\u00fablico na Ponta \u00a0Negra\"}]},{\"@type\":\"WebSite\",\"@id\":\"https:\/\/www.manaus.am.gov.br\/semtepi\/#website\",\"url\":\"https:\/\/www.manaus.am.gov.br\/semtepi\/\",\"name\":\"SEMTEPI\",\"description\":\"Prefeitura de Manaus\",\"publisher\":{\"@id\":\"https:\/\/www.manaus.am.gov.br\/semtepi\/#organization\"},\"alternateName\":\"Secretaria Municipal do Trabalho, Empreendedorismo e Inova\u00e7\u00e3o\",\"potentialAction\":[{\"@type\":\"SearchAction\",\"target\":{\"@type\":\"EntryPoint\",\"urlTemplate\":\"https:\/\/www.manaus.am.gov.br\/semtepi\/?s={search_term_string}\"},\"query-input\":\"required name=search_term_string\"}],\"inLanguage\":\"pt-BR\"},{\"@type\":\"Organization\",\"@id\":\"https:\/\/www.manaus.am.gov.br\/semtepi\/#organization\",\"name\":\"Prefeitura Municipal de Manaus\",\"alternateName\":\"Prefeitura de Manaus\",\"url\":\"https:\/\/www.manaus.am.gov.br\/semtepi\/\",\"logo\":{\"@type\":\"ImageObject\",\"inLanguage\":\"pt-BR\",\"@id\":\"https:\/\/www.manaus.am.gov.br\/semtepi\/#\/schema\/logo\/image\/\",\"url\":\"https:\/\/www.manaus.am.gov.br\/semtepi\/wp-content\/uploads\/sites\/20\/2024\/07\/favicon.png\",\"contentUrl\":\"https:\/\/www.manaus.am.gov.br\/semtepi\/wp-content\/uploads\/sites\/20\/2024\/07\/favicon.png\",\"width\":300,\"height\":300,\"caption\":\"Prefeitura Municipal de Manaus\"},\"image\":{\"@id\":\"https:\/\/www.manaus.am.gov.br\/semtepi\/#\/schema\/logo\/image\/\"}},{\"@type\":\"Person\",\"@id\":\"https:\/\/www.manaus.am.gov.br\/semtepi\/#\/schema\/person\/4e49f4e267757a06ca072ec61b2b9968\",\"name\":\"Adriana Costa\",\"image\":{\"@type\":\"ImageObject\",\"inLanguage\":\"pt-BR\",\"@id\":\"https:\/\/www.manaus.am.gov.br\/semtepi\/#\/schema\/person\/image\/\",\"url\":\"https:\/\/secure.gravatar.com\/avatar\/576258617ef7194f718179e766d57bd4?s=96&d=mm&r=g\",\"contentUrl\":\"https:\/\/secure.gravatar.com\/avatar\/576258617ef7194f718179e766d57bd4?s=96&d=mm&r=g\",\"caption\":\"Adriana Costa\"}}]}<\/script>\n<!-- \/ Yoast SEO plugin. -->","yoast_head_json":{"title":"Programa\u00e7\u00e3o da Festa do Trabalhador 2025 anima p\u00fablico na Ponta \u00a0Negra","description":"O primeiro dia da Festa do Trabalhador 2025, o \u201cSunset do Trabalhador\u201d, na quarta-feira, 30\/4, reuniu shows de pagode e bandas alternativas na Casa de Praia Zezinho Corr\u00eaa, no complexo tur\u00edstico Ponta Negra, zona Oeste da cidade.","robots":{"index":"noindex","follow":"follow"},"og_locale":"pt_BR","og_type":"article","og_title":"Programa\u00e7\u00e3o da Festa do Trabalhador 2025 anima p\u00fablico na Ponta \u00a0Negra","og_description":"O primeiro dia da Festa do Trabalhador 2025, o \u201cSunset do Trabalhador\u201d, na quarta-feira, 30\/4, reuniu shows de pagode e bandas alternativas na Casa de Praia Zezinho Corr\u00eaa, no complexo tur\u00edstico Ponta Negra, zona Oeste da cidade.","og_url":"https:\/\/www.manaus.am.gov.br\/semtepi\/comemoracao\/prefeitura-semtepi-festadotrabalhador\/","og_site_name":"SEMTEPI","article_published_time":"2025-05-01T14:36:11+00:00","article_modified_time":"2025-05-01T14:36:15+00:00","og_image":[{"width":799,"height":533,"url":"https:\/\/www.manaus.am.gov.br\/semtepi\/wp-content\/uploads\/sites\/20\/2025\/05\/54487341067_2593b1d27b_c.jpg","type":"image\/jpeg"}],"author":"Adriana Costa","twitter_card":"summary_large_image","twitter_misc":{"Written by":"Adriana Costa","Est. reading time":"3 minutos"},"schema":{"@context":"https:\/\/schema.org","@graph":[{"@type":"Article","@id":"https:\/\/www.manaus.am.gov.br\/semtepi\/comemoracao\/prefeitura-semtepi-festadotrabalhador\/#article","isPartOf":{"@id":"https:\/\/www.manaus.am.gov.br\/semtepi\/comemoracao\/prefeitura-semtepi-festadotrabalhador\/"},"author":{"name":"Adriana Costa","@id":"https:\/\/www.manaus.am.gov.br\/semtepi\/#\/schema\/person\/4e49f4e267757a06ca072ec61b2b9968"},"headline":"Programa\u00e7\u00e3o da Festa do Trabalhador 2025 anima p\u00fablico na Ponta \u00a0Negra","datePublished":"2025-05-01T14:36:11+00:00","dateModified":"2025-05-01T14:36:15+00:00","mainEntityOfPage":{"@id":"https:\/\/www.manaus.am.gov.br\/semtepi\/comemoracao\/prefeitura-semtepi-festadotrabalhador\/"},"wordCount":396,"publisher":{"@id":"https:\/\/www.manaus.am.gov.br\/semtepi\/#organization"},"image":{"@id":"https:\/\/www.manaus.am.gov.br\/semtepi\/comemoracao\/prefeitura-semtepi-festadotrabalhador\/#primaryimage"},"thumbnailUrl":"https:\/\/www.manaus.am.gov.br\/semtepi\/wp-content\/uploads\/sites\/20\/2025\/05\/54487341067_2593b1d27b_c.jpg","keywords":["Festa do Trabalhador","ponta negra","prefeitura de manaus","Semtepi","Sunset do Trabalhador"],"articleSection":["Comemora\u00e7\u00e3o"],"inLanguage":"pt-BR"},{"@type":"WebPage","@id":"https:\/\/www.manaus.am.gov.br\/semtepi\/comemoracao\/prefeitura-semtepi-festadotrabalhador\/","url":"https:\/\/www.manaus.am.gov.br\/semtepi\/comemoracao\/prefeitura-semtepi-festadotrabalhador\/","name":"Programa\u00e7\u00e3o da Festa do Trabalhador 2025 anima p\u00fablico na Ponta \u00a0Negra","isPartOf":{"@id":"https:\/\/www.manaus.am.gov.br\/semtepi\/#website"},"primaryImageOfPage":{"@id":"https:\/\/www.manaus.am.gov.br\/semtepi\/comemoracao\/prefeitura-semtepi-festadotrabalhador\/#primaryimage"},"image":{"@id":"https:\/\/www.manaus.am.gov.br\/semtepi\/comemoracao\/prefeitura-semtepi-festadotrabalhador\/#primaryimage"},"thumbnailUrl":"https:\/\/www.manaus.am.gov.br\/semtepi\/wp-content\/uploads\/sites\/20\/2025\/05\/54487341067_2593b1d27b_c.jpg","datePublished":"2025-05-01T14:36:11+00:00","dateModified":"2025-05-01T14:36:15+00:00","description":"O primeiro dia da Festa do Trabalhador 2025, o \u201cSunset do Trabalhador\u201d, na quarta-feira, 30\/4, reuniu shows de pagode e bandas alternativas na Casa de Praia Zezinho Corr\u00eaa, no complexo tur\u00edstico Ponta Negra, zona Oeste da cidade.","breadcrumb":{"@id":"https:\/\/www.manaus.am.gov.br\/semtepi\/comemoracao\/prefeitura-semtepi-festadotrabalhador\/#breadcrumb"},"inLanguage":"pt-BR","potentialAction":[{"@type":"ReadAction","target":["https:\/\/www.manaus.am.gov.br\/semtepi\/comemoracao\/prefeitura-semtepi-festadotrabalhador\/"]}]},{"@type":"ImageObject","inLanguage":"pt-BR","@id":"https:\/\/www.manaus.am.gov.br\/semtepi\/comemoracao\/prefeitura-semtepi-festadotrabalhador\/#primaryimage","url":"https:\/\/www.manaus.am.gov.br\/semtepi\/wp-content\/uploads\/sites\/20\/2025\/05\/54487341067_2593b1d27b_c.jpg","contentUrl":"https:\/\/www.manaus.am.gov.br\/semtepi\/wp-content\/uploads\/sites\/20\/2025\/05\/54487341067_2593b1d27b_c.jpg","width":799,"height":533},{"@type":"BreadcrumbList","@id":"https:\/\/www.manaus.am.gov.br\/semtepi\/comemoracao\/prefeitura-semtepi-festadotrabalhador\/#breadcrumb","itemListElement":[{"@type":"ListItem","position":1,"name":"Home","item":"https:\/\/www.manaus.am.gov.br\/semtepi\/"},{"@type":"ListItem","position":2,"name":"Programa\u00e7\u00e3o da Festa do Trabalhador 2025 anima p\u00fablico na Ponta \u00a0Negra"}]},{"@type":"WebSite","@id":"https:\/\/www.manaus.am.gov.br\/semtepi\/#website","url":"https:\/\/www.manaus.am.gov.br\/semtepi\/","name":"SEMTEPI","description":"Prefeitura de Manaus","publisher":{"@id":"https:\/\/www.manaus.am.gov.br\/semtepi\/#organization"},"alternateName":"Secretaria Municipal do Trabalho, Empreendedorismo e Inova\u00e7\u00e3o","potentialAction":[{"@type":"SearchAction","target":{"@type":"EntryPoint","urlTemplate":"https:\/\/www.manaus.am.gov.br\/semtepi\/?s={search_term_string}"},"query-input":"required name=search_term_string"}],"inLanguage":"pt-BR"},{"@type":"Organization","@id":"https:\/\/www.manaus.am.gov.br\/semtepi\/#organization","name":"Prefeitura Municipal de Manaus","alternateName":"Prefeitura de Manaus","url":"https:\/\/www.manaus.am.gov.br\/semtepi\/","logo":{"@type":"ImageObject","inLanguage":"pt-BR","@id":"https:\/\/www.manaus.am.gov.br\/semtepi\/#\/schema\/logo\/image\/","url":"https:\/\/www.manaus.am.gov.br\/semtepi\/wp-content\/uploads\/sites\/20\/2024\/07\/favicon.png","contentUrl":"https:\/\/www.manaus.am.gov.br\/semtepi\/wp-content\/uploads\/sites\/20\/2024\/07\/favicon.png","width":300,"height":300,"caption":"Prefeitura Municipal de Manaus"},"image":{"@id":"https:\/\/www.manaus.am.gov.br\/semtepi\/#\/schema\/logo\/image\/"}},{"@type":"Person","@id":"https:\/\/www.manaus.am.gov.br\/semtepi\/#\/schema\/person\/4e49f4e267757a06ca072ec61b2b9968","name":"Adriana Costa","image":{"@type":"ImageObject","inLanguage":"pt-BR","@id":"https:\/\/www.manaus.am.gov.br\/semtepi\/#\/schema\/person\/image\/","url":"https:\/\/secure.gravatar.com\/avatar\/576258617ef7194f718179e766d57bd4?s=96&d=mm&r=g","contentUrl":"https:\/\/secure.gravatar.com\/avatar\/576258617ef7194f718179e766d57bd4?s=96&d=mm&r=g","caption":"Adriana Costa"}}]}},"_links":{"self":[{"href":"https:\/\/www.manaus.am.gov.br\/semtepi\/wp-json\/wp\/v2\/posts\/6289"}],"collection":[{"href":"https:\/\/www.manaus.am.gov.br\/semtepi\/wp-json\/wp\/v2\/posts"}],"about":[{"href":"https:\/\/www.manaus.am.gov.br\/semtepi\/wp-json\/wp\/v2\/types\/post"}],"author":[{"embeddable":true,"href":"https:\/\/www.manaus.am.gov.br\/semtepi\/wp-json\/wp\/v2\/users\/23"}],"replies":[{"embeddable":true,"href":"https:\/\/www.manaus.am.gov.br\/semtepi\/wp-json\/wp\/v2\/comments?post=6289"}],"version-history":[{"count":0,"href":"https:\/\/www.manaus.am.gov.br\/semtepi\/wp-json\/wp\/v2\/posts\/6289\/revisions"}],"wp:featuredmedia":[{"embeddable":true,"href":"https:\/\/www.manaus.am.gov.br\/semtepi\/wp-json\/wp\/v2\/media\/6290"}],"wp:attachment":[{"href":"https:\/\/www.manaus.am.gov.br\/semtepi\/wp-json\/wp\/v2\/media?parent=6289"}],"wp:term":[{"taxonomy":"category","embeddable":true,"href":"https:\/\/www.manaus.am.gov.br\/semtepi\/wp-json\/wp\/v2\/categories?post=6289"},{"taxonomy":"post_tag","embeddable":true,"href":"https:\/\/www.manaus.am.gov.br\/semtepi\/wp-json\/wp\/v2\/tags?post=6289"}],"curies":[{"name":"wp","href":"https:\/\/api.w.org\/{rel}","templated":true}]}}