{"id":6281,"date":"2025-04-30T16:38:49","date_gmt":"2025-04-30T20:38:49","guid":{"rendered":"https:\/\/www.manaus.am.gov.br\/semtepi\/sem-categoria\/recurso-federal-ecossistema-inovacao-centro\/"},"modified":"2025-04-30T16:39:49","modified_gmt":"2025-04-30T20:39:49","slug":"recurso-federal-ecossistema-inovacao-centro","status":"publish","type":"post","link":"https:\/\/www.manaus.am.gov.br\/semtepi\/projeto\/recurso-federal-ecossistema-inovacao-centro\/","title":{"rendered":"Prefeitura de Manaus recebe recurso federal de R$ 10 milh\u00f5es para fortalecer ecossistema de inova\u00e7\u00e3o no centro hist\u00f3rico da cidade"},"content":{"rendered":"\n<p>A consolida\u00e7\u00e3o do Distrito de Inova\u00e7\u00e3o em Manaus deu um passo importante com a capta\u00e7\u00e3o de recursos federais por meio da Financiadora de Estudos e Projetos (Finep), vinculada ao Minist\u00e9rio da Ci\u00eancia, Tecnologia e Inova\u00e7\u00f5es (MCTI). Idealizado pela Prefeitura de Manaus, por meio da Secretaria Municipal do Trabalho, Empreendedorismo e Inova\u00e7\u00e3o (Semtepi), o projeto foi aprovado e garantiu um investimento superior a R$ 10 milh\u00f5es. O montante ser\u00e1 destinado \u00e0 cria\u00e7\u00e3o do Parque Tecnol\u00f3gico da ilha de S\u00e3o Vicente, um marco para o desenvolvimento tecnol\u00f3gico e econ\u00f4mico da capital.<\/p>\n\n\n\n<p>Elaborado em colabora\u00e7\u00e3o com a Associa\u00e7\u00e3o Polo Digital de Manaus, o projeto busca atrair empresas, startups e institui\u00e7\u00f5es, promovendo o ecossistema de inova\u00e7\u00e3o da regi\u00e3o, com foco nos setores de eletroeletr\u00f4nicos, TIC, biotecnologia e ci\u00eancias da vida. Estruturado em tr\u00eas eixos, o plano prev\u00ea a adapta\u00e7\u00e3o do Casar\u00e3o da Inova\u00e7\u00e3o Cassina e a revitaliza\u00e7\u00e3o do casar\u00e3o S\u00e3o Vicente, oferecendo mais de 70 postos de&nbsp;<em>coworking<\/em>&nbsp;e salas empresariais.<\/p>\n\n\n\n<p>Al\u00e9m disso, busca fortalecer a governan\u00e7a do parque com capacita\u00e7\u00e3o da equipe gestora e participa\u00e7\u00e3o em eventos e associa\u00e7\u00f5es, bem como fomentar a cultura empreendedora por meio de programas de qualifica\u00e7\u00e3o e est\u00edmulo a novos neg\u00f3cios.<\/p>\n\n\n\n<p>\u201cCom planos estrat\u00e9gicos definidos, vamos fortalecer o ecossistema local e criar conex\u00f5es entre startups, empresas e institutos de pesquisa. Nosso objetivo \u00e9 diversificar a matriz econ\u00f4mica, fortalecendo o setor de eletroeletr\u00f4nicos da Zona Franca de Manaus e reduzindo sua depend\u00eancia, o que trar\u00e1 um impacto positivo no desenvolvimento tecnol\u00f3gico e econ\u00f4mico local, consolidando Manaus como um polo de ci\u00eancia, tecnologia e inova\u00e7\u00e3o na regi\u00e3o Norte\u201d, destacou o secret\u00e1rio da Semtepi, Alonso Oliveira.<\/p>\n\n\n\n<p><strong>Interven\u00e7\u00f5es<\/strong><\/p>\n\n\n\n<p>Com os recursos, o Casar\u00e3o da Inova\u00e7\u00e3o Cassina, localizado no centro hist\u00f3rico, passar\u00e1 por adequa\u00e7\u00f5es para otimizar o uso como centro de apoio ao empreendedorismo e inova\u00e7\u00e3o. As principais interven\u00e7\u00f5es incluem a amplia\u00e7\u00e3o do espa\u00e7o multiempresas no subsolo, com a adi\u00e7\u00e3o de 20 posi\u00e7\u00f5es para startups, e a adapta\u00e7\u00e3o de salas de reuni\u00e3o para instala\u00e7\u00e3o de empresas de at\u00e9 oito pessoas no t\u00e9rreo e no primeiro piso. Al\u00e9m disso, o audit\u00f3rio ser\u00e1 realocado para o casar\u00e3o S\u00e3o Vicente, permitindo a expans\u00e3o do espa\u00e7o para empresas. O projeto tamb\u00e9m prev\u00ea melhorias na infraestrutura, como a instala\u00e7\u00e3o de um gerador e a reorganiza\u00e7\u00e3o de \u00e1reas para atender melhor \u00e0s necessidades dos empreendedores.<\/p>\n\n\n\n<p>J\u00e1 o casar\u00e3o S\u00e3o Vicente, um edif\u00edcio hist\u00f3rico do s\u00e9culo 19 na ilha de S\u00e3o Vicente, ser\u00e1 restaurado para abrigar iniciativas de inova\u00e7\u00e3o e empreendedorismo, como parte da implanta\u00e7\u00e3o do Parque Tecnol\u00f3gico. Com a fachada preservada e a estrutura interna revitalizada, o pr\u00e9dio ter\u00e1 tr\u00eas pavimentos e ser\u00e1 equipado para eventos, forma\u00e7\u00f5es e programas de capacita\u00e7\u00e3o.<\/p>\n\n\n\n<p>Junto ao casar\u00e3o cassina, o espa\u00e7o promover\u00e1 um ambiente integrado para o ecossistema de inova\u00e7\u00e3o de Manaus. Aprovado pelo Instituto do Patrim\u00f4nio Hist\u00f3rico e Art\u00edstico Nacional (Iphan), o projeto visa revitalizar a \u00e1rea e apoiar empresas nas \u00e1reas de tecnologia digital e biotecnologia, contribuindo para uma economia mais sofisticada e sustent\u00e1vel.<\/p>\n\n\n\n<p>A iniciativa criar\u00e1 um ecossistema din\u00e2mico de inova\u00e7\u00e3o, com a adapta\u00e7\u00e3o de espa\u00e7os hist\u00f3ricos e a oferta de infraestrutura moderna para empresas e startups. O cronograma de execu\u00e7\u00e3o e aplica\u00e7\u00e3o dos recursos ser\u00e1 apresentado nas pr\u00f3ximas semanas, detalhando as etapas e prazos para implementa\u00e7\u00e3o.<\/p>\n\n\n\n<figure class=\"wp-block-image size-full\"><img loading=\"lazy\" decoding=\"async\" width=\"600\" height=\"399\" src=\"https:\/\/www.manaus.am.gov.br\/semtepi\/wp-content\/uploads\/sites\/20\/2025\/04\/Centro-Historico-de-Manaus-2-1.jpeg\" alt=\"\" class=\"wp-image-6287\" srcset=\"https:\/\/www.manaus.am.gov.br\/semtepi\/wp-content\/uploads\/sites\/20\/2025\/04\/Centro-Historico-de-Manaus-2-1.jpeg 600w, https:\/\/www.manaus.am.gov.br\/semtepi\/wp-content\/uploads\/sites\/20\/2025\/04\/Centro-Historico-de-Manaus-2-1-300x200.jpeg 300w\" sizes=\"(max-width: 600px) 100vw, 600px\" \/><\/figure>\n\n\n\n<p>&#8212; &#8212; &#8212;<\/p>\n\n\n\n<p><strong>Texto &#8211;&nbsp;<\/strong> Luiza Maria Queiroz\/Semtepi<\/p>\n\n\n\n<p><strong>Fotos \u2013 <\/strong>Divulga\u00e7\u00e3o\/Semcom<\/p>\n\n\n\n<p> <\/p>\n","protected":false},"excerpt":{"rendered":"","protected":false},"author":39,"featured_media":6282,"comment_status":"closed","ping_status":"closed","sticky":false,"template":"","format":"standard","meta":{"footnotes":""},"categories":[1350],"tags":[1351,1352,8,1353,1354,9],"acf":[],"yoast_head":"<!-- This site is optimized with the Yoast SEO plugin v23.0 - https:\/\/yoast.com\/wordpress\/plugins\/seo\/ -->\n<title>Recurso federal para fortalecer ecossistema de inova\u00e7\u00e3o no Centro<\/title>\n<meta name=\"description\" content=\"Prefeitura de Manaus recebe recurso federal de R$ 10 milh\u00f5es para fortalecer ecossistema de inova\u00e7\u00e3o no centro hist\u00f3rico da cidade.\" \/>\n<meta name=\"robots\" content=\"noindex, follow\" \/>\n<meta property=\"og:locale\" content=\"pt_BR\" \/>\n<meta property=\"og:type\" content=\"article\" \/>\n<meta property=\"og:title\" content=\"Recurso federal para fortalecer ecossistema de inova\u00e7\u00e3o no Centro\" \/>\n<meta property=\"og:description\" content=\"Prefeitura de Manaus recebe recurso federal de R$ 10 milh\u00f5es para fortalecer ecossistema de inova\u00e7\u00e3o no centro hist\u00f3rico da cidade.\" \/>\n<meta property=\"og:url\" content=\"https:\/\/www.manaus.am.gov.br\/semtepi\/projeto\/recurso-federal-ecossistema-inovacao-centro\/\" \/>\n<meta property=\"og:site_name\" content=\"SEMTEPI\" \/>\n<meta property=\"article:published_time\" content=\"2025-04-30T20:38:49+00:00\" \/>\n<meta property=\"article:modified_time\" content=\"2025-04-30T20:39:49+00:00\" \/>\n<meta property=\"og:image\" content=\"https:\/\/www.manaus.am.gov.br\/semtepi\/wp-content\/uploads\/sites\/20\/2025\/04\/Centro-Historico-de-Manaus-1.jpeg\" \/>\n\t<meta property=\"og:image:width\" content=\"1500\" \/>\n\t<meta property=\"og:image:height\" content=\"1000\" \/>\n\t<meta property=\"og:image:type\" content=\"image\/jpeg\" \/>\n<meta name=\"author\" content=\"Bruna Greco\" \/>\n<meta name=\"twitter:card\" content=\"summary_large_image\" \/>\n<meta name=\"twitter:label1\" content=\"Written by\" \/>\n\t<meta name=\"twitter:data1\" content=\"Bruna Greco\" \/>\n\t<meta name=\"twitter:label2\" content=\"Est. reading time\" \/>\n\t<meta name=\"twitter:data2\" content=\"4 minutos\" \/>\n<script type=\"application\/ld+json\" class=\"yoast-schema-graph\">{\"@context\":\"https:\/\/schema.org\",\"@graph\":[{\"@type\":\"Article\",\"@id\":\"https:\/\/www.manaus.am.gov.br\/semtepi\/projeto\/recurso-federal-ecossistema-inovacao-centro\/#article\",\"isPartOf\":{\"@id\":\"https:\/\/www.manaus.am.gov.br\/semtepi\/projeto\/recurso-federal-ecossistema-inovacao-centro\/\"},\"author\":{\"name\":\"Bruna Greco\",\"@id\":\"https:\/\/www.manaus.am.gov.br\/semtepi\/#\/schema\/person\/05d223aea2bf115f9883a6ff3683d81b\"},\"headline\":\"Prefeitura de Manaus recebe recurso federal de R$ 10 milh\u00f5es para fortalecer ecossistema de inova\u00e7\u00e3o no centro hist\u00f3rico da cidade\",\"datePublished\":\"2025-04-30T20:38:49+00:00\",\"dateModified\":\"2025-04-30T20:39:49+00:00\",\"mainEntityOfPage\":{\"@id\":\"https:\/\/www.manaus.am.gov.br\/semtepi\/projeto\/recurso-federal-ecossistema-inovacao-centro\/\"},\"wordCount\":658,\"publisher\":{\"@id\":\"https:\/\/www.manaus.am.gov.br\/semtepi\/#organization\"},\"image\":{\"@id\":\"https:\/\/www.manaus.am.gov.br\/semtepi\/projeto\/recurso-federal-ecossistema-inovacao-centro\/#primaryimage\"},\"thumbnailUrl\":\"https:\/\/www.manaus.am.gov.br\/semtepi\/wp-content\/uploads\/sites\/20\/2025\/04\/Centro-Historico-de-Manaus-1.jpeg\",\"keywords\":[\"centro hist\u00f3rico da cidade\",\"ecossistema de inova\u00e7\u00e3o\",\"prefeitura de manaus\",\"R$ 10 milh\u00f5es\",\"recurso federal\",\"Semtepi\"],\"articleSection\":[\"PROJETO\"],\"inLanguage\":\"pt-BR\"},{\"@type\":\"WebPage\",\"@id\":\"https:\/\/www.manaus.am.gov.br\/semtepi\/projeto\/recurso-federal-ecossistema-inovacao-centro\/\",\"url\":\"https:\/\/www.manaus.am.gov.br\/semtepi\/projeto\/recurso-federal-ecossistema-inovacao-centro\/\",\"name\":\"Recurso federal para fortalecer ecossistema de inova\u00e7\u00e3o no Centro\",\"isPartOf\":{\"@id\":\"https:\/\/www.manaus.am.gov.br\/semtepi\/#website\"},\"primaryImageOfPage\":{\"@id\":\"https:\/\/www.manaus.am.gov.br\/semtepi\/projeto\/recurso-federal-ecossistema-inovacao-centro\/#primaryimage\"},\"image\":{\"@id\":\"https:\/\/www.manaus.am.gov.br\/semtepi\/projeto\/recurso-federal-ecossistema-inovacao-centro\/#primaryimage\"},\"thumbnailUrl\":\"https:\/\/www.manaus.am.gov.br\/semtepi\/wp-content\/uploads\/sites\/20\/2025\/04\/Centro-Historico-de-Manaus-1.jpeg\",\"datePublished\":\"2025-04-30T20:38:49+00:00\",\"dateModified\":\"2025-04-30T20:39:49+00:00\",\"description\":\"Prefeitura de Manaus recebe recurso federal de R$ 10 milh\u00f5es para fortalecer ecossistema de inova\u00e7\u00e3o no centro hist\u00f3rico da cidade.\",\"breadcrumb\":{\"@id\":\"https:\/\/www.manaus.am.gov.br\/semtepi\/projeto\/recurso-federal-ecossistema-inovacao-centro\/#breadcrumb\"},\"inLanguage\":\"pt-BR\",\"potentialAction\":[{\"@type\":\"ReadAction\",\"target\":[\"https:\/\/www.manaus.am.gov.br\/semtepi\/projeto\/recurso-federal-ecossistema-inovacao-centro\/\"]}]},{\"@type\":\"ImageObject\",\"inLanguage\":\"pt-BR\",\"@id\":\"https:\/\/www.manaus.am.gov.br\/semtepi\/projeto\/recurso-federal-ecossistema-inovacao-centro\/#primaryimage\",\"url\":\"https:\/\/www.manaus.am.gov.br\/semtepi\/wp-content\/uploads\/sites\/20\/2025\/04\/Centro-Historico-de-Manaus-1.jpeg\",\"contentUrl\":\"https:\/\/www.manaus.am.gov.br\/semtepi\/wp-content\/uploads\/sites\/20\/2025\/04\/Centro-Historico-de-Manaus-1.jpeg\",\"width\":1500,\"height\":1000,\"caption\":\"#paratodosverem - Imagem a\u00e9rea do Centro Hist\u00f3rico de Manaus\"},{\"@type\":\"BreadcrumbList\",\"@id\":\"https:\/\/www.manaus.am.gov.br\/semtepi\/projeto\/recurso-federal-ecossistema-inovacao-centro\/#breadcrumb\",\"itemListElement\":[{\"@type\":\"ListItem\",\"position\":1,\"name\":\"Home\",\"item\":\"https:\/\/www.manaus.am.gov.br\/semtepi\/\"},{\"@type\":\"ListItem\",\"position\":2,\"name\":\"Prefeitura de Manaus recebe recurso federal de R$ 10 milh\u00f5es para fortalecer ecossistema de inova\u00e7\u00e3o no centro hist\u00f3rico da cidade\"}]},{\"@type\":\"WebSite\",\"@id\":\"https:\/\/www.manaus.am.gov.br\/semtepi\/#website\",\"url\":\"https:\/\/www.manaus.am.gov.br\/semtepi\/\",\"name\":\"SEMTEPI\",\"description\":\"Prefeitura de Manaus\",\"publisher\":{\"@id\":\"https:\/\/www.manaus.am.gov.br\/semtepi\/#organization\"},\"alternateName\":\"Secretaria Municipal do Trabalho, Empreendedorismo e Inova\u00e7\u00e3o\",\"potentialAction\":[{\"@type\":\"SearchAction\",\"target\":{\"@type\":\"EntryPoint\",\"urlTemplate\":\"https:\/\/www.manaus.am.gov.br\/semtepi\/?s={search_term_string}\"},\"query-input\":\"required name=search_term_string\"}],\"inLanguage\":\"pt-BR\"},{\"@type\":\"Organization\",\"@id\":\"https:\/\/www.manaus.am.gov.br\/semtepi\/#organization\",\"name\":\"Prefeitura Municipal de Manaus\",\"alternateName\":\"Prefeitura de Manaus\",\"url\":\"https:\/\/www.manaus.am.gov.br\/semtepi\/\",\"logo\":{\"@type\":\"ImageObject\",\"inLanguage\":\"pt-BR\",\"@id\":\"https:\/\/www.manaus.am.gov.br\/semtepi\/#\/schema\/logo\/image\/\",\"url\":\"https:\/\/www.manaus.am.gov.br\/semtepi\/wp-content\/uploads\/sites\/20\/2024\/07\/favicon.png\",\"contentUrl\":\"https:\/\/www.manaus.am.gov.br\/semtepi\/wp-content\/uploads\/sites\/20\/2024\/07\/favicon.png\",\"width\":300,\"height\":300,\"caption\":\"Prefeitura Municipal de Manaus\"},\"image\":{\"@id\":\"https:\/\/www.manaus.am.gov.br\/semtepi\/#\/schema\/logo\/image\/\"}},{\"@type\":\"Person\",\"@id\":\"https:\/\/www.manaus.am.gov.br\/semtepi\/#\/schema\/person\/05d223aea2bf115f9883a6ff3683d81b\",\"name\":\"Bruna Greco\",\"image\":{\"@type\":\"ImageObject\",\"inLanguage\":\"pt-BR\",\"@id\":\"https:\/\/www.manaus.am.gov.br\/semtepi\/#\/schema\/person\/image\/\",\"url\":\"https:\/\/secure.gravatar.com\/avatar\/9c877d1a6adc2a055330e5c09a8653ce?s=96&d=mm&r=g\",\"contentUrl\":\"https:\/\/secure.gravatar.com\/avatar\/9c877d1a6adc2a055330e5c09a8653ce?s=96&d=mm&r=g\",\"caption\":\"Bruna Greco\"}}]}<\/script>\n<!-- \/ Yoast SEO plugin. -->","yoast_head_json":{"title":"Recurso federal para fortalecer ecossistema de inova\u00e7\u00e3o no Centro","description":"Prefeitura de Manaus recebe recurso federal de R$ 10 milh\u00f5es para fortalecer ecossistema de inova\u00e7\u00e3o no centro hist\u00f3rico da cidade.","robots":{"index":"noindex","follow":"follow"},"og_locale":"pt_BR","og_type":"article","og_title":"Recurso federal para fortalecer ecossistema de inova\u00e7\u00e3o no Centro","og_description":"Prefeitura de Manaus recebe recurso federal de R$ 10 milh\u00f5es para fortalecer ecossistema de inova\u00e7\u00e3o no centro hist\u00f3rico da cidade.","og_url":"https:\/\/www.manaus.am.gov.br\/semtepi\/projeto\/recurso-federal-ecossistema-inovacao-centro\/","og_site_name":"SEMTEPI","article_published_time":"2025-04-30T20:38:49+00:00","article_modified_time":"2025-04-30T20:39:49+00:00","og_image":[{"width":1500,"height":1000,"url":"https:\/\/www.manaus.am.gov.br\/semtepi\/wp-content\/uploads\/sites\/20\/2025\/04\/Centro-Historico-de-Manaus-1.jpeg","type":"image\/jpeg"}],"author":"Bruna Greco","twitter_card":"summary_large_image","twitter_misc":{"Written by":"Bruna Greco","Est. reading time":"4 minutos"},"schema":{"@context":"https:\/\/schema.org","@graph":[{"@type":"Article","@id":"https:\/\/www.manaus.am.gov.br\/semtepi\/projeto\/recurso-federal-ecossistema-inovacao-centro\/#article","isPartOf":{"@id":"https:\/\/www.manaus.am.gov.br\/semtepi\/projeto\/recurso-federal-ecossistema-inovacao-centro\/"},"author":{"name":"Bruna Greco","@id":"https:\/\/www.manaus.am.gov.br\/semtepi\/#\/schema\/person\/05d223aea2bf115f9883a6ff3683d81b"},"headline":"Prefeitura de Manaus recebe recurso federal de R$ 10 milh\u00f5es para fortalecer ecossistema de inova\u00e7\u00e3o no centro hist\u00f3rico da cidade","datePublished":"2025-04-30T20:38:49+00:00","dateModified":"2025-04-30T20:39:49+00:00","mainEntityOfPage":{"@id":"https:\/\/www.manaus.am.gov.br\/semtepi\/projeto\/recurso-federal-ecossistema-inovacao-centro\/"},"wordCount":658,"publisher":{"@id":"https:\/\/www.manaus.am.gov.br\/semtepi\/#organization"},"image":{"@id":"https:\/\/www.manaus.am.gov.br\/semtepi\/projeto\/recurso-federal-ecossistema-inovacao-centro\/#primaryimage"},"thumbnailUrl":"https:\/\/www.manaus.am.gov.br\/semtepi\/wp-content\/uploads\/sites\/20\/2025\/04\/Centro-Historico-de-Manaus-1.jpeg","keywords":["centro hist\u00f3rico da cidade","ecossistema de inova\u00e7\u00e3o","prefeitura de manaus","R$ 10 milh\u00f5es","recurso federal","Semtepi"],"articleSection":["PROJETO"],"inLanguage":"pt-BR"},{"@type":"WebPage","@id":"https:\/\/www.manaus.am.gov.br\/semtepi\/projeto\/recurso-federal-ecossistema-inovacao-centro\/","url":"https:\/\/www.manaus.am.gov.br\/semtepi\/projeto\/recurso-federal-ecossistema-inovacao-centro\/","name":"Recurso federal para fortalecer ecossistema de inova\u00e7\u00e3o no Centro","isPartOf":{"@id":"https:\/\/www.manaus.am.gov.br\/semtepi\/#website"},"primaryImageOfPage":{"@id":"https:\/\/www.manaus.am.gov.br\/semtepi\/projeto\/recurso-federal-ecossistema-inovacao-centro\/#primaryimage"},"image":{"@id":"https:\/\/www.manaus.am.gov.br\/semtepi\/projeto\/recurso-federal-ecossistema-inovacao-centro\/#primaryimage"},"thumbnailUrl":"https:\/\/www.manaus.am.gov.br\/semtepi\/wp-content\/uploads\/sites\/20\/2025\/04\/Centro-Historico-de-Manaus-1.jpeg","datePublished":"2025-04-30T20:38:49+00:00","dateModified":"2025-04-30T20:39:49+00:00","description":"Prefeitura de Manaus recebe recurso federal de R$ 10 milh\u00f5es para fortalecer ecossistema de inova\u00e7\u00e3o no centro hist\u00f3rico da cidade.","breadcrumb":{"@id":"https:\/\/www.manaus.am.gov.br\/semtepi\/projeto\/recurso-federal-ecossistema-inovacao-centro\/#breadcrumb"},"inLanguage":"pt-BR","potentialAction":[{"@type":"ReadAction","target":["https:\/\/www.manaus.am.gov.br\/semtepi\/projeto\/recurso-federal-ecossistema-inovacao-centro\/"]}]},{"@type":"ImageObject","inLanguage":"pt-BR","@id":"https:\/\/www.manaus.am.gov.br\/semtepi\/projeto\/recurso-federal-ecossistema-inovacao-centro\/#primaryimage","url":"https:\/\/www.manaus.am.gov.br\/semtepi\/wp-content\/uploads\/sites\/20\/2025\/04\/Centro-Historico-de-Manaus-1.jpeg","contentUrl":"https:\/\/www.manaus.am.gov.br\/semtepi\/wp-content\/uploads\/sites\/20\/2025\/04\/Centro-Historico-de-Manaus-1.jpeg","width":1500,"height":1000,"caption":"#paratodosverem - Imagem a\u00e9rea do Centro Hist\u00f3rico de Manaus"},{"@type":"BreadcrumbList","@id":"https:\/\/www.manaus.am.gov.br\/semtepi\/projeto\/recurso-federal-ecossistema-inovacao-centro\/#breadcrumb","itemListElement":[{"@type":"ListItem","position":1,"name":"Home","item":"https:\/\/www.manaus.am.gov.br\/semtepi\/"},{"@type":"ListItem","position":2,"name":"Prefeitura de Manaus recebe recurso federal de R$ 10 milh\u00f5es para fortalecer ecossistema de inova\u00e7\u00e3o no centro hist\u00f3rico da cidade"}]},{"@type":"WebSite","@id":"https:\/\/www.manaus.am.gov.br\/semtepi\/#website","url":"https:\/\/www.manaus.am.gov.br\/semtepi\/","name":"SEMTEPI","description":"Prefeitura de Manaus","publisher":{"@id":"https:\/\/www.manaus.am.gov.br\/semtepi\/#organization"},"alternateName":"Secretaria Municipal do Trabalho, Empreendedorismo e Inova\u00e7\u00e3o","potentialAction":[{"@type":"SearchAction","target":{"@type":"EntryPoint","urlTemplate":"https:\/\/www.manaus.am.gov.br\/semtepi\/?s={search_term_string}"},"query-input":"required name=search_term_string"}],"inLanguage":"pt-BR"},{"@type":"Organization","@id":"https:\/\/www.manaus.am.gov.br\/semtepi\/#organization","name":"Prefeitura Municipal de Manaus","alternateName":"Prefeitura de Manaus","url":"https:\/\/www.manaus.am.gov.br\/semtepi\/","logo":{"@type":"ImageObject","inLanguage":"pt-BR","@id":"https:\/\/www.manaus.am.gov.br\/semtepi\/#\/schema\/logo\/image\/","url":"https:\/\/www.manaus.am.gov.br\/semtepi\/wp-content\/uploads\/sites\/20\/2024\/07\/favicon.png","contentUrl":"https:\/\/www.manaus.am.gov.br\/semtepi\/wp-content\/uploads\/sites\/20\/2024\/07\/favicon.png","width":300,"height":300,"caption":"Prefeitura Municipal de Manaus"},"image":{"@id":"https:\/\/www.manaus.am.gov.br\/semtepi\/#\/schema\/logo\/image\/"}},{"@type":"Person","@id":"https:\/\/www.manaus.am.gov.br\/semtepi\/#\/schema\/person\/05d223aea2bf115f9883a6ff3683d81b","name":"Bruna Greco","image":{"@type":"ImageObject","inLanguage":"pt-BR","@id":"https:\/\/www.manaus.am.gov.br\/semtepi\/#\/schema\/person\/image\/","url":"https:\/\/secure.gravatar.com\/avatar\/9c877d1a6adc2a055330e5c09a8653ce?s=96&d=mm&r=g","contentUrl":"https:\/\/secure.gravatar.com\/avatar\/9c877d1a6adc2a055330e5c09a8653ce?s=96&d=mm&r=g","caption":"Bruna Greco"}}]}},"_links":{"self":[{"href":"https:\/\/www.manaus.am.gov.br\/semtepi\/wp-json\/wp\/v2\/posts\/6281"}],"collection":[{"href":"https:\/\/www.manaus.am.gov.br\/semtepi\/wp-json\/wp\/v2\/posts"}],"about":[{"href":"https:\/\/www.manaus.am.gov.br\/semtepi\/wp-json\/wp\/v2\/types\/post"}],"author":[{"embeddable":true,"href":"https:\/\/www.manaus.am.gov.br\/semtepi\/wp-json\/wp\/v2\/users\/39"}],"replies":[{"embeddable":true,"href":"https:\/\/www.manaus.am.gov.br\/semtepi\/wp-json\/wp\/v2\/comments?post=6281"}],"version-history":[{"count":3,"href":"https:\/\/www.manaus.am.gov.br\/semtepi\/wp-json\/wp\/v2\/posts\/6281\/revisions"}],"predecessor-version":[{"id":6288,"href":"https:\/\/www.manaus.am.gov.br\/semtepi\/wp-json\/wp\/v2\/posts\/6281\/revisions\/6288"}],"wp:featuredmedia":[{"embeddable":true,"href":"https:\/\/www.manaus.am.gov.br\/semtepi\/wp-json\/wp\/v2\/media\/6282"}],"wp:attachment":[{"href":"https:\/\/www.manaus.am.gov.br\/semtepi\/wp-json\/wp\/v2\/media?parent=6281"}],"wp:term":[{"taxonomy":"category","embeddable":true,"href":"https:\/\/www.manaus.am.gov.br\/semtepi\/wp-json\/wp\/v2\/categories?post=6281"},{"taxonomy":"post_tag","embeddable":true,"href":"https:\/\/www.manaus.am.gov.br\/semtepi\/wp-json\/wp\/v2\/tags?post=6281"}],"curies":[{"name":"wp","href":"https:\/\/api.w.org\/{rel}","templated":true}]}}