{"id":6183,"date":"2025-04-22T15:17:01","date_gmt":"2025-04-22T19:17:01","guid":{"rendered":"https:\/\/www.manaus.am.gov.br\/semtepi\/sem-categoria\/prefeitura-semtepi-workshop-inscricoes\/"},"modified":"2025-04-22T15:25:32","modified_gmt":"2025-04-22T19:25:32","slug":"prefeitura-semtepi-workshop-inscricoes","status":"publish","type":"post","link":"https:\/\/www.manaus.am.gov.br\/semtepi\/capacitacao\/prefeitura-semtepi-workshop-inscricoes\/","title":{"rendered":"Inscri\u00e7\u00f5es para o workshop \u2018Educa\u00e7\u00e3o Financeira para Artistas e Empreendedores\u2019 seguem at\u00e9 quarta-feira"},"content":{"rendered":"\n<p>As 40 vagas gratuitas para o workshop \u201cEduca\u00e7\u00e3o Financeira para Artistas e Empreendedores\u201d est\u00e3o abertas para inscri\u00e7\u00f5es at\u00e9 as 17h desta quarta-feira, 23\/4. A capacita\u00e7\u00e3o \u00e9 desenvolvida pela Prefeitura de Manaus, por meio da Secretaria Municipal do Trabalho Empreendedorismo e Inova\u00e7\u00e3o (Semtepi), em parceria com a Associa\u00e7\u00e3o Amazonense dos Profissionais da Cultura e Arte Crist\u00e3 \u2013 Movimento por Cristo.<\/p>\n\n\n\n<p>O workshop faz parte do projeto \u201cCrescer na Comunidade &#8211; Percurso Formativo\u201d e ser\u00e1 executado, na quinta-feira, 24\/4, das 13h \u00e0s 17h, na Central do Empreendedor, dentro do shopping Phelippe Daou, na avenida Camapu\u00e3, n\u00ba 2.939, bairro Cidade de Deus, zona Norte da capital.<\/p>\n\n\n\n<p>\u201cRefor\u00e7o, mais uma vez, o compromisso da Prefeitura de Manaus para com a popula\u00e7\u00e3o a partir desse workshop que, com certeza, vai auxiliar muitos artistas e empreendedores que ainda n\u00e3o conseguem se organizar financeiramente, al\u00e9m de fortalecer o autoconhecimento e a valoriza\u00e7\u00e3o no mercado empreendedor\u201d, apontou o titular da pasta, Alonso Oliveira.<\/p>\n\n\n\n<p>Voltado para artistas, produtores culturais, m\u00fasicos, artes\u00e3os, empreendedores criativos e profissionais da cultura em geral, o workshop tem como foco auxiliar capacitar os alunos, a fim de que aprendam a se organizarem financeiramente, precificando seus servi\u00e7os com mais seguran\u00e7a e desenvolvendo uma mentalidade de investimento sustent\u00e1vel em sua arte, por meio de ferramentas pr\u00e1ticas e acess\u00edveis.<\/p>\n\n\n\n<p>As inscri\u00e7\u00f5es podem ser feitas pelo link:&nbsp;<a href=\"https:\/\/forms.gle\/W8MbAaosvJqVAbbr9\" target=\"_blank\" rel=\"noreferrer noopener\">https:\/\/forms.gle\/W8MbAaosvJqVAbbr9<\/a>.<\/p>\n\n\n\n<p>&#8212; &#8212; &#8212;<\/p>\n\n\n\n<p><strong>Texto <\/strong>e <strong>fotos <\/strong>\u2013 Divulga\u00e7\u00e3o\/Semtepi<\/p>\n","protected":false},"excerpt":{"rendered":"","protected":false},"author":23,"featured_media":6184,"comment_status":"closed","ping_status":"closed","sticky":false,"template":"","format":"standard","meta":{"footnotes":""},"categories":[51],"tags":[1320,108,479,8,9],"acf":[],"yoast_head":"<!-- This site is optimized with the Yoast SEO plugin v23.0 - https:\/\/yoast.com\/wordpress\/plugins\/seo\/ -->\n<title>Inscri\u00e7\u00f5es para o workshop \u2018Educa\u00e7\u00e3o Financeira para Artistas e Empreendedores\u2019 seguem at\u00e9 quarta-feira<\/title>\n<meta name=\"description\" content=\"As 40 vagas gratuitas para o workshop \u201cEduca\u00e7\u00e3o Financeira para Artistas e Empreendedores\u201d est\u00e3o abertas para inscri\u00e7\u00f5es at\u00e9 as 17h desta quarta-feira, 23\/4. A capacita\u00e7\u00e3o \u00e9 desenvolvida pela Prefeitura de Manaus, por meio da Secretaria Municipal do Trabalho Empreendedorismo e Inova\u00e7\u00e3o (Semtepi), em parceria com a Associa\u00e7\u00e3o Amazonense dos Profissionais da Cultura e Arte Crist\u00e3 \u2013 Movimento por Cristo.\" \/>\n<meta name=\"robots\" content=\"noindex, follow\" \/>\n<meta property=\"og:locale\" content=\"pt_BR\" \/>\n<meta property=\"og:type\" content=\"article\" \/>\n<meta property=\"og:title\" content=\"Inscri\u00e7\u00f5es para o workshop \u2018Educa\u00e7\u00e3o Financeira para Artistas e Empreendedores\u2019 seguem at\u00e9 quarta-feira\" \/>\n<meta property=\"og:description\" content=\"As 40 vagas gratuitas para o workshop \u201cEduca\u00e7\u00e3o Financeira para Artistas e Empreendedores\u201d est\u00e3o abertas para inscri\u00e7\u00f5es at\u00e9 as 17h desta quarta-feira, 23\/4. A capacita\u00e7\u00e3o \u00e9 desenvolvida pela Prefeitura de Manaus, por meio da Secretaria Municipal do Trabalho Empreendedorismo e Inova\u00e7\u00e3o (Semtepi), em parceria com a Associa\u00e7\u00e3o Amazonense dos Profissionais da Cultura e Arte Crist\u00e3 \u2013 Movimento por Cristo.\" \/>\n<meta property=\"og:url\" content=\"https:\/\/www.manaus.am.gov.br\/semtepi\/capacitacao\/prefeitura-semtepi-workshop-inscricoes\/\" \/>\n<meta property=\"og:site_name\" content=\"SEMTEPI\" \/>\n<meta property=\"article:published_time\" content=\"2025-04-22T19:17:01+00:00\" \/>\n<meta property=\"article:modified_time\" content=\"2025-04-22T19:25:32+00:00\" \/>\n<meta property=\"og:image\" content=\"https:\/\/www.manaus.am.gov.br\/semtepi\/wp-content\/uploads\/sites\/20\/2025\/04\/WhatsApp-Image-2025-04-22-at-15.14.08.jpeg\" \/>\n\t<meta property=\"og:image:width\" content=\"2560\" \/>\n\t<meta property=\"og:image:height\" content=\"1920\" \/>\n\t<meta property=\"og:image:type\" content=\"image\/jpeg\" \/>\n<meta name=\"author\" content=\"Adriana Costa\" \/>\n<meta name=\"twitter:card\" content=\"summary_large_image\" \/>\n<meta name=\"twitter:label1\" content=\"Written by\" \/>\n\t<meta name=\"twitter:data1\" content=\"Adriana Costa\" \/>\n\t<meta name=\"twitter:label2\" content=\"Est. reading time\" \/>\n\t<meta name=\"twitter:data2\" content=\"2 minutos\" \/>\n<script type=\"application\/ld+json\" class=\"yoast-schema-graph\">{\"@context\":\"https:\/\/schema.org\",\"@graph\":[{\"@type\":\"Article\",\"@id\":\"https:\/\/www.manaus.am.gov.br\/semtepi\/capacitacao\/prefeitura-semtepi-workshop-inscricoes\/#article\",\"isPartOf\":{\"@id\":\"https:\/\/www.manaus.am.gov.br\/semtepi\/capacitacao\/prefeitura-semtepi-workshop-inscricoes\/\"},\"author\":{\"name\":\"Adriana Costa\",\"@id\":\"https:\/\/www.manaus.am.gov.br\/semtepi\/#\/schema\/person\/4e49f4e267757a06ca072ec61b2b9968\"},\"headline\":\"Inscri\u00e7\u00f5es para o workshop \u2018Educa\u00e7\u00e3o Financeira para Artistas e Empreendedores\u2019 seguem at\u00e9 quarta-feira\",\"datePublished\":\"2025-04-22T19:17:01+00:00\",\"dateModified\":\"2025-04-22T19:25:32+00:00\",\"mainEntityOfPage\":{\"@id\":\"https:\/\/www.manaus.am.gov.br\/semtepi\/capacitacao\/prefeitura-semtepi-workshop-inscricoes\/\"},\"wordCount\":261,\"publisher\":{\"@id\":\"https:\/\/www.manaus.am.gov.br\/semtepi\/#organization\"},\"image\":{\"@id\":\"https:\/\/www.manaus.am.gov.br\/semtepi\/capacitacao\/prefeitura-semtepi-workshop-inscricoes\/#primaryimage\"},\"thumbnailUrl\":\"https:\/\/www.manaus.am.gov.br\/semtepi\/wp-content\/uploads\/sites\/20\/2025\/04\/WhatsApp-Image-2025-04-22-at-15.14.08.jpeg\",\"keywords\":[\"artistas\",\"Educa\u00e7\u00e3o Financeira\",\"empreendedores\",\"prefeitura de manaus\",\"Semtepi\"],\"articleSection\":[\"Capacita\u00e7\u00e3o\"],\"inLanguage\":\"pt-BR\"},{\"@type\":\"WebPage\",\"@id\":\"https:\/\/www.manaus.am.gov.br\/semtepi\/capacitacao\/prefeitura-semtepi-workshop-inscricoes\/\",\"url\":\"https:\/\/www.manaus.am.gov.br\/semtepi\/capacitacao\/prefeitura-semtepi-workshop-inscricoes\/\",\"name\":\"Inscri\u00e7\u00f5es para o workshop \u2018Educa\u00e7\u00e3o Financeira para Artistas e Empreendedores\u2019 seguem at\u00e9 quarta-feira\",\"isPartOf\":{\"@id\":\"https:\/\/www.manaus.am.gov.br\/semtepi\/#website\"},\"primaryImageOfPage\":{\"@id\":\"https:\/\/www.manaus.am.gov.br\/semtepi\/capacitacao\/prefeitura-semtepi-workshop-inscricoes\/#primaryimage\"},\"image\":{\"@id\":\"https:\/\/www.manaus.am.gov.br\/semtepi\/capacitacao\/prefeitura-semtepi-workshop-inscricoes\/#primaryimage\"},\"thumbnailUrl\":\"https:\/\/www.manaus.am.gov.br\/semtepi\/wp-content\/uploads\/sites\/20\/2025\/04\/WhatsApp-Image-2025-04-22-at-15.14.08.jpeg\",\"datePublished\":\"2025-04-22T19:17:01+00:00\",\"dateModified\":\"2025-04-22T19:25:32+00:00\",\"description\":\"As 40 vagas gratuitas para o workshop \u201cEduca\u00e7\u00e3o Financeira para Artistas e Empreendedores\u201d est\u00e3o abertas para inscri\u00e7\u00f5es at\u00e9 as 17h desta quarta-feira, 23\/4. A capacita\u00e7\u00e3o \u00e9 desenvolvida pela Prefeitura de Manaus, por meio da Secretaria Municipal do Trabalho Empreendedorismo e Inova\u00e7\u00e3o (Semtepi), em parceria com a Associa\u00e7\u00e3o Amazonense dos Profissionais da Cultura e Arte Crist\u00e3 \u2013 Movimento por Cristo.\",\"breadcrumb\":{\"@id\":\"https:\/\/www.manaus.am.gov.br\/semtepi\/capacitacao\/prefeitura-semtepi-workshop-inscricoes\/#breadcrumb\"},\"inLanguage\":\"pt-BR\",\"potentialAction\":[{\"@type\":\"ReadAction\",\"target\":[\"https:\/\/www.manaus.am.gov.br\/semtepi\/capacitacao\/prefeitura-semtepi-workshop-inscricoes\/\"]}]},{\"@type\":\"ImageObject\",\"inLanguage\":\"pt-BR\",\"@id\":\"https:\/\/www.manaus.am.gov.br\/semtepi\/capacitacao\/prefeitura-semtepi-workshop-inscricoes\/#primaryimage\",\"url\":\"https:\/\/www.manaus.am.gov.br\/semtepi\/wp-content\/uploads\/sites\/20\/2025\/04\/WhatsApp-Image-2025-04-22-at-15.14.08.jpeg\",\"contentUrl\":\"https:\/\/www.manaus.am.gov.br\/semtepi\/wp-content\/uploads\/sites\/20\/2025\/04\/WhatsApp-Image-2025-04-22-at-15.14.08.jpeg\",\"width\":2560,\"height\":1920},{\"@type\":\"BreadcrumbList\",\"@id\":\"https:\/\/www.manaus.am.gov.br\/semtepi\/capacitacao\/prefeitura-semtepi-workshop-inscricoes\/#breadcrumb\",\"itemListElement\":[{\"@type\":\"ListItem\",\"position\":1,\"name\":\"Home\",\"item\":\"https:\/\/www.manaus.am.gov.br\/semtepi\/\"},{\"@type\":\"ListItem\",\"position\":2,\"name\":\"Inscri\u00e7\u00f5es para o workshop \u2018Educa\u00e7\u00e3o Financeira para Artistas e Empreendedores\u2019 seguem at\u00e9 quarta-feira\"}]},{\"@type\":\"WebSite\",\"@id\":\"https:\/\/www.manaus.am.gov.br\/semtepi\/#website\",\"url\":\"https:\/\/www.manaus.am.gov.br\/semtepi\/\",\"name\":\"SEMTEPI\",\"description\":\"Prefeitura de Manaus\",\"publisher\":{\"@id\":\"https:\/\/www.manaus.am.gov.br\/semtepi\/#organization\"},\"alternateName\":\"Secretaria Municipal do Trabalho, Empreendedorismo e Inova\u00e7\u00e3o\",\"potentialAction\":[{\"@type\":\"SearchAction\",\"target\":{\"@type\":\"EntryPoint\",\"urlTemplate\":\"https:\/\/www.manaus.am.gov.br\/semtepi\/?s={search_term_string}\"},\"query-input\":\"required name=search_term_string\"}],\"inLanguage\":\"pt-BR\"},{\"@type\":\"Organization\",\"@id\":\"https:\/\/www.manaus.am.gov.br\/semtepi\/#organization\",\"name\":\"Prefeitura Municipal de Manaus\",\"alternateName\":\"Prefeitura de Manaus\",\"url\":\"https:\/\/www.manaus.am.gov.br\/semtepi\/\",\"logo\":{\"@type\":\"ImageObject\",\"inLanguage\":\"pt-BR\",\"@id\":\"https:\/\/www.manaus.am.gov.br\/semtepi\/#\/schema\/logo\/image\/\",\"url\":\"https:\/\/www.manaus.am.gov.br\/semtepi\/wp-content\/uploads\/sites\/20\/2024\/07\/favicon.png\",\"contentUrl\":\"https:\/\/www.manaus.am.gov.br\/semtepi\/wp-content\/uploads\/sites\/20\/2024\/07\/favicon.png\",\"width\":300,\"height\":300,\"caption\":\"Prefeitura Municipal de Manaus\"},\"image\":{\"@id\":\"https:\/\/www.manaus.am.gov.br\/semtepi\/#\/schema\/logo\/image\/\"}},{\"@type\":\"Person\",\"@id\":\"https:\/\/www.manaus.am.gov.br\/semtepi\/#\/schema\/person\/4e49f4e267757a06ca072ec61b2b9968\",\"name\":\"Adriana Costa\",\"image\":{\"@type\":\"ImageObject\",\"inLanguage\":\"pt-BR\",\"@id\":\"https:\/\/www.manaus.am.gov.br\/semtepi\/#\/schema\/person\/image\/\",\"url\":\"https:\/\/secure.gravatar.com\/avatar\/576258617ef7194f718179e766d57bd4?s=96&d=mm&r=g\",\"contentUrl\":\"https:\/\/secure.gravatar.com\/avatar\/576258617ef7194f718179e766d57bd4?s=96&d=mm&r=g\",\"caption\":\"Adriana Costa\"}}]}<\/script>\n<!-- \/ Yoast SEO plugin. -->","yoast_head_json":{"title":"Inscri\u00e7\u00f5es para o workshop \u2018Educa\u00e7\u00e3o Financeira para Artistas e Empreendedores\u2019 seguem at\u00e9 quarta-feira","description":"As 40 vagas gratuitas para o workshop \u201cEduca\u00e7\u00e3o Financeira para Artistas e Empreendedores\u201d est\u00e3o abertas para inscri\u00e7\u00f5es at\u00e9 as 17h desta quarta-feira, 23\/4. A capacita\u00e7\u00e3o \u00e9 desenvolvida pela Prefeitura de Manaus, por meio da Secretaria Municipal do Trabalho Empreendedorismo e Inova\u00e7\u00e3o (Semtepi), em parceria com a Associa\u00e7\u00e3o Amazonense dos Profissionais da Cultura e Arte Crist\u00e3 \u2013 Movimento por Cristo.","robots":{"index":"noindex","follow":"follow"},"og_locale":"pt_BR","og_type":"article","og_title":"Inscri\u00e7\u00f5es para o workshop \u2018Educa\u00e7\u00e3o Financeira para Artistas e Empreendedores\u2019 seguem at\u00e9 quarta-feira","og_description":"As 40 vagas gratuitas para o workshop \u201cEduca\u00e7\u00e3o Financeira para Artistas e Empreendedores\u201d est\u00e3o abertas para inscri\u00e7\u00f5es at\u00e9 as 17h desta quarta-feira, 23\/4. A capacita\u00e7\u00e3o \u00e9 desenvolvida pela Prefeitura de Manaus, por meio da Secretaria Municipal do Trabalho Empreendedorismo e Inova\u00e7\u00e3o (Semtepi), em parceria com a Associa\u00e7\u00e3o Amazonense dos Profissionais da Cultura e Arte Crist\u00e3 \u2013 Movimento por Cristo.","og_url":"https:\/\/www.manaus.am.gov.br\/semtepi\/capacitacao\/prefeitura-semtepi-workshop-inscricoes\/","og_site_name":"SEMTEPI","article_published_time":"2025-04-22T19:17:01+00:00","article_modified_time":"2025-04-22T19:25:32+00:00","og_image":[{"width":2560,"height":1920,"url":"https:\/\/www.manaus.am.gov.br\/semtepi\/wp-content\/uploads\/sites\/20\/2025\/04\/WhatsApp-Image-2025-04-22-at-15.14.08.jpeg","type":"image\/jpeg"}],"author":"Adriana Costa","twitter_card":"summary_large_image","twitter_misc":{"Written by":"Adriana Costa","Est. reading time":"2 minutos"},"schema":{"@context":"https:\/\/schema.org","@graph":[{"@type":"Article","@id":"https:\/\/www.manaus.am.gov.br\/semtepi\/capacitacao\/prefeitura-semtepi-workshop-inscricoes\/#article","isPartOf":{"@id":"https:\/\/www.manaus.am.gov.br\/semtepi\/capacitacao\/prefeitura-semtepi-workshop-inscricoes\/"},"author":{"name":"Adriana Costa","@id":"https:\/\/www.manaus.am.gov.br\/semtepi\/#\/schema\/person\/4e49f4e267757a06ca072ec61b2b9968"},"headline":"Inscri\u00e7\u00f5es para o workshop \u2018Educa\u00e7\u00e3o Financeira para Artistas e Empreendedores\u2019 seguem at\u00e9 quarta-feira","datePublished":"2025-04-22T19:17:01+00:00","dateModified":"2025-04-22T19:25:32+00:00","mainEntityOfPage":{"@id":"https:\/\/www.manaus.am.gov.br\/semtepi\/capacitacao\/prefeitura-semtepi-workshop-inscricoes\/"},"wordCount":261,"publisher":{"@id":"https:\/\/www.manaus.am.gov.br\/semtepi\/#organization"},"image":{"@id":"https:\/\/www.manaus.am.gov.br\/semtepi\/capacitacao\/prefeitura-semtepi-workshop-inscricoes\/#primaryimage"},"thumbnailUrl":"https:\/\/www.manaus.am.gov.br\/semtepi\/wp-content\/uploads\/sites\/20\/2025\/04\/WhatsApp-Image-2025-04-22-at-15.14.08.jpeg","keywords":["artistas","Educa\u00e7\u00e3o Financeira","empreendedores","prefeitura de manaus","Semtepi"],"articleSection":["Capacita\u00e7\u00e3o"],"inLanguage":"pt-BR"},{"@type":"WebPage","@id":"https:\/\/www.manaus.am.gov.br\/semtepi\/capacitacao\/prefeitura-semtepi-workshop-inscricoes\/","url":"https:\/\/www.manaus.am.gov.br\/semtepi\/capacitacao\/prefeitura-semtepi-workshop-inscricoes\/","name":"Inscri\u00e7\u00f5es para o workshop \u2018Educa\u00e7\u00e3o Financeira para Artistas e Empreendedores\u2019 seguem at\u00e9 quarta-feira","isPartOf":{"@id":"https:\/\/www.manaus.am.gov.br\/semtepi\/#website"},"primaryImageOfPage":{"@id":"https:\/\/www.manaus.am.gov.br\/semtepi\/capacitacao\/prefeitura-semtepi-workshop-inscricoes\/#primaryimage"},"image":{"@id":"https:\/\/www.manaus.am.gov.br\/semtepi\/capacitacao\/prefeitura-semtepi-workshop-inscricoes\/#primaryimage"},"thumbnailUrl":"https:\/\/www.manaus.am.gov.br\/semtepi\/wp-content\/uploads\/sites\/20\/2025\/04\/WhatsApp-Image-2025-04-22-at-15.14.08.jpeg","datePublished":"2025-04-22T19:17:01+00:00","dateModified":"2025-04-22T19:25:32+00:00","description":"As 40 vagas gratuitas para o workshop \u201cEduca\u00e7\u00e3o Financeira para Artistas e Empreendedores\u201d est\u00e3o abertas para inscri\u00e7\u00f5es at\u00e9 as 17h desta quarta-feira, 23\/4. A capacita\u00e7\u00e3o \u00e9 desenvolvida pela Prefeitura de Manaus, por meio da Secretaria Municipal do Trabalho Empreendedorismo e Inova\u00e7\u00e3o (Semtepi), em parceria com a Associa\u00e7\u00e3o Amazonense dos Profissionais da Cultura e Arte Crist\u00e3 \u2013 Movimento por Cristo.","breadcrumb":{"@id":"https:\/\/www.manaus.am.gov.br\/semtepi\/capacitacao\/prefeitura-semtepi-workshop-inscricoes\/#breadcrumb"},"inLanguage":"pt-BR","potentialAction":[{"@type":"ReadAction","target":["https:\/\/www.manaus.am.gov.br\/semtepi\/capacitacao\/prefeitura-semtepi-workshop-inscricoes\/"]}]},{"@type":"ImageObject","inLanguage":"pt-BR","@id":"https:\/\/www.manaus.am.gov.br\/semtepi\/capacitacao\/prefeitura-semtepi-workshop-inscricoes\/#primaryimage","url":"https:\/\/www.manaus.am.gov.br\/semtepi\/wp-content\/uploads\/sites\/20\/2025\/04\/WhatsApp-Image-2025-04-22-at-15.14.08.jpeg","contentUrl":"https:\/\/www.manaus.am.gov.br\/semtepi\/wp-content\/uploads\/sites\/20\/2025\/04\/WhatsApp-Image-2025-04-22-at-15.14.08.jpeg","width":2560,"height":1920},{"@type":"BreadcrumbList","@id":"https:\/\/www.manaus.am.gov.br\/semtepi\/capacitacao\/prefeitura-semtepi-workshop-inscricoes\/#breadcrumb","itemListElement":[{"@type":"ListItem","position":1,"name":"Home","item":"https:\/\/www.manaus.am.gov.br\/semtepi\/"},{"@type":"ListItem","position":2,"name":"Inscri\u00e7\u00f5es para o workshop \u2018Educa\u00e7\u00e3o Financeira para Artistas e Empreendedores\u2019 seguem at\u00e9 quarta-feira"}]},{"@type":"WebSite","@id":"https:\/\/www.manaus.am.gov.br\/semtepi\/#website","url":"https:\/\/www.manaus.am.gov.br\/semtepi\/","name":"SEMTEPI","description":"Prefeitura de Manaus","publisher":{"@id":"https:\/\/www.manaus.am.gov.br\/semtepi\/#organization"},"alternateName":"Secretaria Municipal do Trabalho, Empreendedorismo e Inova\u00e7\u00e3o","potentialAction":[{"@type":"SearchAction","target":{"@type":"EntryPoint","urlTemplate":"https:\/\/www.manaus.am.gov.br\/semtepi\/?s={search_term_string}"},"query-input":"required name=search_term_string"}],"inLanguage":"pt-BR"},{"@type":"Organization","@id":"https:\/\/www.manaus.am.gov.br\/semtepi\/#organization","name":"Prefeitura Municipal de Manaus","alternateName":"Prefeitura de Manaus","url":"https:\/\/www.manaus.am.gov.br\/semtepi\/","logo":{"@type":"ImageObject","inLanguage":"pt-BR","@id":"https:\/\/www.manaus.am.gov.br\/semtepi\/#\/schema\/logo\/image\/","url":"https:\/\/www.manaus.am.gov.br\/semtepi\/wp-content\/uploads\/sites\/20\/2024\/07\/favicon.png","contentUrl":"https:\/\/www.manaus.am.gov.br\/semtepi\/wp-content\/uploads\/sites\/20\/2024\/07\/favicon.png","width":300,"height":300,"caption":"Prefeitura Municipal de Manaus"},"image":{"@id":"https:\/\/www.manaus.am.gov.br\/semtepi\/#\/schema\/logo\/image\/"}},{"@type":"Person","@id":"https:\/\/www.manaus.am.gov.br\/semtepi\/#\/schema\/person\/4e49f4e267757a06ca072ec61b2b9968","name":"Adriana Costa","image":{"@type":"ImageObject","inLanguage":"pt-BR","@id":"https:\/\/www.manaus.am.gov.br\/semtepi\/#\/schema\/person\/image\/","url":"https:\/\/secure.gravatar.com\/avatar\/576258617ef7194f718179e766d57bd4?s=96&d=mm&r=g","contentUrl":"https:\/\/secure.gravatar.com\/avatar\/576258617ef7194f718179e766d57bd4?s=96&d=mm&r=g","caption":"Adriana Costa"}}]}},"_links":{"self":[{"href":"https:\/\/www.manaus.am.gov.br\/semtepi\/wp-json\/wp\/v2\/posts\/6183"}],"collection":[{"href":"https:\/\/www.manaus.am.gov.br\/semtepi\/wp-json\/wp\/v2\/posts"}],"about":[{"href":"https:\/\/www.manaus.am.gov.br\/semtepi\/wp-json\/wp\/v2\/types\/post"}],"author":[{"embeddable":true,"href":"https:\/\/www.manaus.am.gov.br\/semtepi\/wp-json\/wp\/v2\/users\/23"}],"replies":[{"embeddable":true,"href":"https:\/\/www.manaus.am.gov.br\/semtepi\/wp-json\/wp\/v2\/comments?post=6183"}],"version-history":[{"count":1,"href":"https:\/\/www.manaus.am.gov.br\/semtepi\/wp-json\/wp\/v2\/posts\/6183\/revisions"}],"predecessor-version":[{"id":6185,"href":"https:\/\/www.manaus.am.gov.br\/semtepi\/wp-json\/wp\/v2\/posts\/6183\/revisions\/6185"}],"wp:featuredmedia":[{"embeddable":true,"href":"https:\/\/www.manaus.am.gov.br\/semtepi\/wp-json\/wp\/v2\/media\/6184"}],"wp:attachment":[{"href":"https:\/\/www.manaus.am.gov.br\/semtepi\/wp-json\/wp\/v2\/media?parent=6183"}],"wp:term":[{"taxonomy":"category","embeddable":true,"href":"https:\/\/www.manaus.am.gov.br\/semtepi\/wp-json\/wp\/v2\/categories?post=6183"},{"taxonomy":"post_tag","embeddable":true,"href":"https:\/\/www.manaus.am.gov.br\/semtepi\/wp-json\/wp\/v2\/tags?post=6183"}],"curies":[{"name":"wp","href":"https:\/\/api.w.org\/{rel}","templated":true}]}}