{"id":6162,"date":"2025-04-16T09:57:24","date_gmt":"2025-04-16T13:57:24","guid":{"rendered":"https:\/\/www.manaus.am.gov.br\/semtepi\/sem-categoria\/feira-do-empreendedor-tematica-pascoa-16-4\/"},"modified":"2025-04-16T09:57:24","modified_gmt":"2025-04-16T13:57:24","slug":"feira-do-empreendedor-tematica-pascoa-16-4","status":"publish","type":"post","link":"https:\/\/www.manaus.am.gov.br\/semtepi\/economia-criativa\/feira-do-empreendedor-tematica-pascoa-16-4\/","title":{"rendered":"Feira do Empreendedor da prefeitura com edi\u00e7\u00e3o tem\u00e1tica de P\u00e1scoa e cultura geek inicia nesta quarta-feira, 16\/4"},"content":{"rendered":"\n<p>A Prefeitura de Manaus, por meio da Secretaria Municipal do Trabalho, Empreendedorismo e Inova\u00e7\u00e3o (Semtepi), promove, de 16 a 20\/4, a partir das 17h, uma edi\u00e7\u00e3o especial da Feira do Empreendedor, no cal\u00e7ad\u00e3o da Ponta Negra, zona Oeste da cidade. Durante a semana tem\u00e1tica, ser\u00e3o ofertados produtos voltados para o universo geek, animes e cultura oriental.<\/p>\n\n\n\n<p>A iniciativa busca impulsionar as vendas, estimular a economia criativa e valorizar nichos culturais que movimentam o mercado local. Os empreendedores participantes da feira s\u00e3o cadastrados no Departamento de Economia Solid\u00e1ria e Criativa da Semtepi (Desc) e, ao longo da semana, v\u00e3o oferecer ao p\u00fablico itens como acess\u00f3rios, artigos de decora\u00e7\u00e3o, roupas, artesanatos e comidas t\u00edpicas com inspira\u00e7\u00f5es em animes, games e tradi\u00e7\u00f5es asi\u00e1ticas.<\/p>\n\n\n\n<p>\u201cA Feira do Empreendedor \u00e9 realizada, semanalmente, pela Prefeitura de Manaus, tanto no cal\u00e7ad\u00e3o da Ponta Negra quanto no mirante L\u00facia Almeida, no Centro da nossa cidade, como estrat\u00e9gia de apoio ao microempreendedorismo e \u00e0 inclus\u00e3o produtiva. Essa edi\u00e7\u00e3o tem\u00e1tica promete atrair um p\u00fablico ainda mais diverso, apaixonado por cultura pop e japonesa\u201d, destacou o titular da Semtepi, Alonso Oliveira.<\/p>\n\n\n\n<p><strong>Matsuri de P\u00e1scoa<\/strong><\/p>\n\n\n\n<p>No s\u00e1bado, 19\/4, a partir das 17h, ser\u00e1 realizado o Matsuri de P\u00e1scoa, um festival gratuito que vai reunir apresenta\u00e7\u00f5es culturais, concursos de cosplay e K-pop, espa\u00e7o para jogos, ca\u00e7a aos ovos e show com a banda Kyuubi. A a\u00e7\u00e3o \u00e9 uma parceria com a Casa Geek 42, OMG K-pop e a Central \u00danica das Favelas (Cufa).<\/p>\n\n\n\n<p><strong>Confira a programa\u00e7\u00e3o completa do festival:<\/strong><\/p>\n\n\n\n<p>17h \u2013 Ca\u00e7a aos ovos<\/p>\n\n\n\n<p>17h30 \u2013 Apresenta\u00e7\u00e3o de taiko com o grupo Fuugakazan<\/p>\n\n\n\n<p>18h \u2013 Concurso de cosplay<\/p>\n\n\n\n<p>19h30 \u2013 Concurso de K-pop (grupo e solo)<\/p>\n\n\n\n<p>21h \u2013 Show de encerramento com a banda Kyuubi<\/p>\n\n\n\n<p>Durante todo o evento \u2013 \u00c1rea de jogos e consoles em modo free play<\/p>\n\n\n\n<figure class=\"wp-block-image size-large\"><img loading=\"lazy\" decoding=\"async\" width=\"1024\" height=\"682\" src=\"https:\/\/www.manaus.am.gov.br\/semtepi\/wp-content\/uploads\/sites\/20\/2025\/04\/Espaco-do-Empreendedor-1-1024x682.jpeg\" alt=\"\" class=\"wp-image-6163\" srcset=\"https:\/\/www.manaus.am.gov.br\/semtepi\/wp-content\/uploads\/sites\/20\/2025\/04\/Espaco-do-Empreendedor-1-1024x682.jpeg 1024w, https:\/\/www.manaus.am.gov.br\/semtepi\/wp-content\/uploads\/sites\/20\/2025\/04\/Espaco-do-Empreendedor-1-300x200.jpeg 300w, https:\/\/www.manaus.am.gov.br\/semtepi\/wp-content\/uploads\/sites\/20\/2025\/04\/Espaco-do-Empreendedor-1-768x512.jpeg 768w, https:\/\/www.manaus.am.gov.br\/semtepi\/wp-content\/uploads\/sites\/20\/2025\/04\/Espaco-do-Empreendedor-1-1536x1023.jpeg 1536w, https:\/\/www.manaus.am.gov.br\/semtepi\/wp-content\/uploads\/sites\/20\/2025\/04\/Espaco-do-Empreendedor-1.jpeg 1600w\" sizes=\"(max-width: 1024px) 100vw, 1024px\" \/><\/figure>\n\n\n\n<p>&#8212; &#8212; &#8212;<\/p>\n\n\n\n<p><strong>Texto e fotos \u2013<\/strong> Divulga\u00e7\u00e3o\/Semtepi<\/p>\n","protected":false},"excerpt":{"rendered":"","protected":false},"author":39,"featured_media":6164,"comment_status":"closed","ping_status":"closed","sticky":false,"template":"","format":"standard","meta":{"footnotes":""},"categories":[188],"tags":[1333,1335,1336,1337,8,9],"acf":[],"yoast_head":"<!-- This site is optimized with the Yoast SEO plugin v23.0 - https:\/\/yoast.com\/wordpress\/plugins\/seo\/ -->\n<title>Feira do Empreendedor da prefeitura inicia nesta quarta-feira, 16\/4<\/title>\n<meta name=\"description\" content=\"Feira do Empreendedor da prefeitura com edi\u00e7\u00e3o tem\u00e1tica de P\u00e1scoa e cultura geek inicia nesta quarta-feira, 16\/4.\" \/>\n<meta name=\"robots\" content=\"noindex, follow\" \/>\n<meta property=\"og:locale\" content=\"pt_BR\" \/>\n<meta property=\"og:type\" content=\"article\" \/>\n<meta property=\"og:title\" content=\"Feira do Empreendedor da prefeitura inicia nesta quarta-feira, 16\/4\" \/>\n<meta property=\"og:description\" content=\"Feira do Empreendedor da prefeitura com edi\u00e7\u00e3o tem\u00e1tica de P\u00e1scoa e cultura geek inicia nesta quarta-feira, 16\/4.\" \/>\n<meta property=\"og:url\" content=\"https:\/\/www.manaus.am.gov.br\/semtepi\/economia-criativa\/feira-do-empreendedor-tematica-pascoa-16-4\/\" \/>\n<meta property=\"og:site_name\" content=\"SEMTEPI\" \/>\n<meta property=\"article:published_time\" content=\"2025-04-16T13:57:24+00:00\" \/>\n<meta property=\"og:image\" content=\"https:\/\/www.manaus.am.gov.br\/semtepi\/wp-content\/uploads\/sites\/20\/2025\/04\/Espaco-do-Empreendedor-2.jpeg\" \/>\n\t<meta property=\"og:image:width\" content=\"1600\" \/>\n\t<meta property=\"og:image:height\" content=\"1066\" \/>\n\t<meta property=\"og:image:type\" content=\"image\/jpeg\" \/>\n<meta name=\"author\" content=\"Bruna Greco\" \/>\n<meta name=\"twitter:card\" content=\"summary_large_image\" \/>\n<meta name=\"twitter:label1\" content=\"Written by\" \/>\n\t<meta name=\"twitter:data1\" content=\"Bruna Greco\" \/>\n\t<meta name=\"twitter:label2\" content=\"Est. reading time\" \/>\n\t<meta name=\"twitter:data2\" content=\"3 minutos\" \/>\n<script type=\"application\/ld+json\" class=\"yoast-schema-graph\">{\"@context\":\"https:\/\/schema.org\",\"@graph\":[{\"@type\":\"Article\",\"@id\":\"https:\/\/www.manaus.am.gov.br\/semtepi\/economia-criativa\/feira-do-empreendedor-tematica-pascoa-16-4\/#article\",\"isPartOf\":{\"@id\":\"https:\/\/www.manaus.am.gov.br\/semtepi\/economia-criativa\/feira-do-empreendedor-tematica-pascoa-16-4\/\"},\"author\":{\"name\":\"Bruna Greco\",\"@id\":\"https:\/\/www.manaus.am.gov.br\/semtepi\/#\/schema\/person\/05d223aea2bf115f9883a6ff3683d81b\"},\"headline\":\"Feira do Empreendedor da prefeitura com edi\u00e7\u00e3o tem\u00e1tica de P\u00e1scoa e cultura geek inicia nesta quarta-feira, 16\/4\",\"datePublished\":\"2025-04-16T13:57:24+00:00\",\"dateModified\":\"2025-04-16T13:57:24+00:00\",\"mainEntityOfPage\":{\"@id\":\"https:\/\/www.manaus.am.gov.br\/semtepi\/economia-criativa\/feira-do-empreendedor-tematica-pascoa-16-4\/\"},\"wordCount\":345,\"publisher\":{\"@id\":\"https:\/\/www.manaus.am.gov.br\/semtepi\/#organization\"},\"image\":{\"@id\":\"https:\/\/www.manaus.am.gov.br\/semtepi\/economia-criativa\/feira-do-empreendedor-tematica-pascoa-16-4\/#primaryimage\"},\"thumbnailUrl\":\"https:\/\/www.manaus.am.gov.br\/semtepi\/wp-content\/uploads\/sites\/20\/2025\/04\/Espaco-do-Empreendedor-2.jpeg\",\"keywords\":[\"16\/4\",\"cal\u00e7ad\u00e3o da Ponta Negra\",\"edi\u00e7\u00e3o tem\u00e1tica de P\u00e1scoa e cultura geek\",\"Feira do Empreendedor\",\"prefeitura de manaus\",\"Semtepi\"],\"articleSection\":[\"Economia Criativa\"],\"inLanguage\":\"pt-BR\"},{\"@type\":\"WebPage\",\"@id\":\"https:\/\/www.manaus.am.gov.br\/semtepi\/economia-criativa\/feira-do-empreendedor-tematica-pascoa-16-4\/\",\"url\":\"https:\/\/www.manaus.am.gov.br\/semtepi\/economia-criativa\/feira-do-empreendedor-tematica-pascoa-16-4\/\",\"name\":\"Feira do Empreendedor da prefeitura inicia nesta quarta-feira, 16\/4\",\"isPartOf\":{\"@id\":\"https:\/\/www.manaus.am.gov.br\/semtepi\/#website\"},\"primaryImageOfPage\":{\"@id\":\"https:\/\/www.manaus.am.gov.br\/semtepi\/economia-criativa\/feira-do-empreendedor-tematica-pascoa-16-4\/#primaryimage\"},\"image\":{\"@id\":\"https:\/\/www.manaus.am.gov.br\/semtepi\/economia-criativa\/feira-do-empreendedor-tematica-pascoa-16-4\/#primaryimage\"},\"thumbnailUrl\":\"https:\/\/www.manaus.am.gov.br\/semtepi\/wp-content\/uploads\/sites\/20\/2025\/04\/Espaco-do-Empreendedor-2.jpeg\",\"datePublished\":\"2025-04-16T13:57:24+00:00\",\"dateModified\":\"2025-04-16T13:57:24+00:00\",\"description\":\"Feira do Empreendedor da prefeitura com edi\u00e7\u00e3o tem\u00e1tica de P\u00e1scoa e cultura geek inicia nesta quarta-feira, 16\/4.\",\"breadcrumb\":{\"@id\":\"https:\/\/www.manaus.am.gov.br\/semtepi\/economia-criativa\/feira-do-empreendedor-tematica-pascoa-16-4\/#breadcrumb\"},\"inLanguage\":\"pt-BR\",\"potentialAction\":[{\"@type\":\"ReadAction\",\"target\":[\"https:\/\/www.manaus.am.gov.br\/semtepi\/economia-criativa\/feira-do-empreendedor-tematica-pascoa-16-4\/\"]}]},{\"@type\":\"ImageObject\",\"inLanguage\":\"pt-BR\",\"@id\":\"https:\/\/www.manaus.am.gov.br\/semtepi\/economia-criativa\/feira-do-empreendedor-tematica-pascoa-16-4\/#primaryimage\",\"url\":\"https:\/\/www.manaus.am.gov.br\/semtepi\/wp-content\/uploads\/sites\/20\/2025\/04\/Espaco-do-Empreendedor-2.jpeg\",\"contentUrl\":\"https:\/\/www.manaus.am.gov.br\/semtepi\/wp-content\/uploads\/sites\/20\/2025\/04\/Espaco-do-Empreendedor-2.jpeg\",\"width\":1600,\"height\":1066,\"caption\":\"#paratodosverem - Microempreendedora realizando atendimento a jovem durante a Feira do Empreendedor no cal\u00e7ad\u00e3o da Ponta Negra\"},{\"@type\":\"BreadcrumbList\",\"@id\":\"https:\/\/www.manaus.am.gov.br\/semtepi\/economia-criativa\/feira-do-empreendedor-tematica-pascoa-16-4\/#breadcrumb\",\"itemListElement\":[{\"@type\":\"ListItem\",\"position\":1,\"name\":\"Home\",\"item\":\"https:\/\/www.manaus.am.gov.br\/semtepi\/\"},{\"@type\":\"ListItem\",\"position\":2,\"name\":\"Feira do Empreendedor da prefeitura com edi\u00e7\u00e3o tem\u00e1tica de P\u00e1scoa e cultura geek inicia nesta quarta-feira, 16\/4\"}]},{\"@type\":\"WebSite\",\"@id\":\"https:\/\/www.manaus.am.gov.br\/semtepi\/#website\",\"url\":\"https:\/\/www.manaus.am.gov.br\/semtepi\/\",\"name\":\"SEMTEPI\",\"description\":\"Prefeitura de Manaus\",\"publisher\":{\"@id\":\"https:\/\/www.manaus.am.gov.br\/semtepi\/#organization\"},\"alternateName\":\"Secretaria Municipal do Trabalho, Empreendedorismo e Inova\u00e7\u00e3o\",\"potentialAction\":[{\"@type\":\"SearchAction\",\"target\":{\"@type\":\"EntryPoint\",\"urlTemplate\":\"https:\/\/www.manaus.am.gov.br\/semtepi\/?s={search_term_string}\"},\"query-input\":\"required name=search_term_string\"}],\"inLanguage\":\"pt-BR\"},{\"@type\":\"Organization\",\"@id\":\"https:\/\/www.manaus.am.gov.br\/semtepi\/#organization\",\"name\":\"Prefeitura Municipal de Manaus\",\"alternateName\":\"Prefeitura de Manaus\",\"url\":\"https:\/\/www.manaus.am.gov.br\/semtepi\/\",\"logo\":{\"@type\":\"ImageObject\",\"inLanguage\":\"pt-BR\",\"@id\":\"https:\/\/www.manaus.am.gov.br\/semtepi\/#\/schema\/logo\/image\/\",\"url\":\"https:\/\/www.manaus.am.gov.br\/semtepi\/wp-content\/uploads\/sites\/20\/2024\/07\/favicon.png\",\"contentUrl\":\"https:\/\/www.manaus.am.gov.br\/semtepi\/wp-content\/uploads\/sites\/20\/2024\/07\/favicon.png\",\"width\":300,\"height\":300,\"caption\":\"Prefeitura Municipal de Manaus\"},\"image\":{\"@id\":\"https:\/\/www.manaus.am.gov.br\/semtepi\/#\/schema\/logo\/image\/\"}},{\"@type\":\"Person\",\"@id\":\"https:\/\/www.manaus.am.gov.br\/semtepi\/#\/schema\/person\/05d223aea2bf115f9883a6ff3683d81b\",\"name\":\"Bruna Greco\",\"image\":{\"@type\":\"ImageObject\",\"inLanguage\":\"pt-BR\",\"@id\":\"https:\/\/www.manaus.am.gov.br\/semtepi\/#\/schema\/person\/image\/\",\"url\":\"https:\/\/secure.gravatar.com\/avatar\/9c877d1a6adc2a055330e5c09a8653ce?s=96&d=mm&r=g\",\"contentUrl\":\"https:\/\/secure.gravatar.com\/avatar\/9c877d1a6adc2a055330e5c09a8653ce?s=96&d=mm&r=g\",\"caption\":\"Bruna Greco\"}}]}<\/script>\n<!-- \/ Yoast SEO plugin. -->","yoast_head_json":{"title":"Feira do Empreendedor da prefeitura inicia nesta quarta-feira, 16\/4","description":"Feira do Empreendedor da prefeitura com edi\u00e7\u00e3o tem\u00e1tica de P\u00e1scoa e cultura geek inicia nesta quarta-feira, 16\/4.","robots":{"index":"noindex","follow":"follow"},"og_locale":"pt_BR","og_type":"article","og_title":"Feira do Empreendedor da prefeitura inicia nesta quarta-feira, 16\/4","og_description":"Feira do Empreendedor da prefeitura com edi\u00e7\u00e3o tem\u00e1tica de P\u00e1scoa e cultura geek inicia nesta quarta-feira, 16\/4.","og_url":"https:\/\/www.manaus.am.gov.br\/semtepi\/economia-criativa\/feira-do-empreendedor-tematica-pascoa-16-4\/","og_site_name":"SEMTEPI","article_published_time":"2025-04-16T13:57:24+00:00","og_image":[{"width":1600,"height":1066,"url":"https:\/\/www.manaus.am.gov.br\/semtepi\/wp-content\/uploads\/sites\/20\/2025\/04\/Espaco-do-Empreendedor-2.jpeg","type":"image\/jpeg"}],"author":"Bruna Greco","twitter_card":"summary_large_image","twitter_misc":{"Written by":"Bruna Greco","Est. reading time":"3 minutos"},"schema":{"@context":"https:\/\/schema.org","@graph":[{"@type":"Article","@id":"https:\/\/www.manaus.am.gov.br\/semtepi\/economia-criativa\/feira-do-empreendedor-tematica-pascoa-16-4\/#article","isPartOf":{"@id":"https:\/\/www.manaus.am.gov.br\/semtepi\/economia-criativa\/feira-do-empreendedor-tematica-pascoa-16-4\/"},"author":{"name":"Bruna Greco","@id":"https:\/\/www.manaus.am.gov.br\/semtepi\/#\/schema\/person\/05d223aea2bf115f9883a6ff3683d81b"},"headline":"Feira do Empreendedor da prefeitura com edi\u00e7\u00e3o tem\u00e1tica de P\u00e1scoa e cultura geek inicia nesta quarta-feira, 16\/4","datePublished":"2025-04-16T13:57:24+00:00","dateModified":"2025-04-16T13:57:24+00:00","mainEntityOfPage":{"@id":"https:\/\/www.manaus.am.gov.br\/semtepi\/economia-criativa\/feira-do-empreendedor-tematica-pascoa-16-4\/"},"wordCount":345,"publisher":{"@id":"https:\/\/www.manaus.am.gov.br\/semtepi\/#organization"},"image":{"@id":"https:\/\/www.manaus.am.gov.br\/semtepi\/economia-criativa\/feira-do-empreendedor-tematica-pascoa-16-4\/#primaryimage"},"thumbnailUrl":"https:\/\/www.manaus.am.gov.br\/semtepi\/wp-content\/uploads\/sites\/20\/2025\/04\/Espaco-do-Empreendedor-2.jpeg","keywords":["16\/4","cal\u00e7ad\u00e3o da Ponta Negra","edi\u00e7\u00e3o tem\u00e1tica de P\u00e1scoa e cultura geek","Feira do Empreendedor","prefeitura de manaus","Semtepi"],"articleSection":["Economia Criativa"],"inLanguage":"pt-BR"},{"@type":"WebPage","@id":"https:\/\/www.manaus.am.gov.br\/semtepi\/economia-criativa\/feira-do-empreendedor-tematica-pascoa-16-4\/","url":"https:\/\/www.manaus.am.gov.br\/semtepi\/economia-criativa\/feira-do-empreendedor-tematica-pascoa-16-4\/","name":"Feira do Empreendedor da prefeitura inicia nesta quarta-feira, 16\/4","isPartOf":{"@id":"https:\/\/www.manaus.am.gov.br\/semtepi\/#website"},"primaryImageOfPage":{"@id":"https:\/\/www.manaus.am.gov.br\/semtepi\/economia-criativa\/feira-do-empreendedor-tematica-pascoa-16-4\/#primaryimage"},"image":{"@id":"https:\/\/www.manaus.am.gov.br\/semtepi\/economia-criativa\/feira-do-empreendedor-tematica-pascoa-16-4\/#primaryimage"},"thumbnailUrl":"https:\/\/www.manaus.am.gov.br\/semtepi\/wp-content\/uploads\/sites\/20\/2025\/04\/Espaco-do-Empreendedor-2.jpeg","datePublished":"2025-04-16T13:57:24+00:00","dateModified":"2025-04-16T13:57:24+00:00","description":"Feira do Empreendedor da prefeitura com edi\u00e7\u00e3o tem\u00e1tica de P\u00e1scoa e cultura geek inicia nesta quarta-feira, 16\/4.","breadcrumb":{"@id":"https:\/\/www.manaus.am.gov.br\/semtepi\/economia-criativa\/feira-do-empreendedor-tematica-pascoa-16-4\/#breadcrumb"},"inLanguage":"pt-BR","potentialAction":[{"@type":"ReadAction","target":["https:\/\/www.manaus.am.gov.br\/semtepi\/economia-criativa\/feira-do-empreendedor-tematica-pascoa-16-4\/"]}]},{"@type":"ImageObject","inLanguage":"pt-BR","@id":"https:\/\/www.manaus.am.gov.br\/semtepi\/economia-criativa\/feira-do-empreendedor-tematica-pascoa-16-4\/#primaryimage","url":"https:\/\/www.manaus.am.gov.br\/semtepi\/wp-content\/uploads\/sites\/20\/2025\/04\/Espaco-do-Empreendedor-2.jpeg","contentUrl":"https:\/\/www.manaus.am.gov.br\/semtepi\/wp-content\/uploads\/sites\/20\/2025\/04\/Espaco-do-Empreendedor-2.jpeg","width":1600,"height":1066,"caption":"#paratodosverem - Microempreendedora realizando atendimento a jovem durante a Feira do Empreendedor no cal\u00e7ad\u00e3o da Ponta Negra"},{"@type":"BreadcrumbList","@id":"https:\/\/www.manaus.am.gov.br\/semtepi\/economia-criativa\/feira-do-empreendedor-tematica-pascoa-16-4\/#breadcrumb","itemListElement":[{"@type":"ListItem","position":1,"name":"Home","item":"https:\/\/www.manaus.am.gov.br\/semtepi\/"},{"@type":"ListItem","position":2,"name":"Feira do Empreendedor da prefeitura com edi\u00e7\u00e3o tem\u00e1tica de P\u00e1scoa e cultura geek inicia nesta quarta-feira, 16\/4"}]},{"@type":"WebSite","@id":"https:\/\/www.manaus.am.gov.br\/semtepi\/#website","url":"https:\/\/www.manaus.am.gov.br\/semtepi\/","name":"SEMTEPI","description":"Prefeitura de Manaus","publisher":{"@id":"https:\/\/www.manaus.am.gov.br\/semtepi\/#organization"},"alternateName":"Secretaria Municipal do Trabalho, Empreendedorismo e Inova\u00e7\u00e3o","potentialAction":[{"@type":"SearchAction","target":{"@type":"EntryPoint","urlTemplate":"https:\/\/www.manaus.am.gov.br\/semtepi\/?s={search_term_string}"},"query-input":"required name=search_term_string"}],"inLanguage":"pt-BR"},{"@type":"Organization","@id":"https:\/\/www.manaus.am.gov.br\/semtepi\/#organization","name":"Prefeitura Municipal de Manaus","alternateName":"Prefeitura de Manaus","url":"https:\/\/www.manaus.am.gov.br\/semtepi\/","logo":{"@type":"ImageObject","inLanguage":"pt-BR","@id":"https:\/\/www.manaus.am.gov.br\/semtepi\/#\/schema\/logo\/image\/","url":"https:\/\/www.manaus.am.gov.br\/semtepi\/wp-content\/uploads\/sites\/20\/2024\/07\/favicon.png","contentUrl":"https:\/\/www.manaus.am.gov.br\/semtepi\/wp-content\/uploads\/sites\/20\/2024\/07\/favicon.png","width":300,"height":300,"caption":"Prefeitura Municipal de Manaus"},"image":{"@id":"https:\/\/www.manaus.am.gov.br\/semtepi\/#\/schema\/logo\/image\/"}},{"@type":"Person","@id":"https:\/\/www.manaus.am.gov.br\/semtepi\/#\/schema\/person\/05d223aea2bf115f9883a6ff3683d81b","name":"Bruna Greco","image":{"@type":"ImageObject","inLanguage":"pt-BR","@id":"https:\/\/www.manaus.am.gov.br\/semtepi\/#\/schema\/person\/image\/","url":"https:\/\/secure.gravatar.com\/avatar\/9c877d1a6adc2a055330e5c09a8653ce?s=96&d=mm&r=g","contentUrl":"https:\/\/secure.gravatar.com\/avatar\/9c877d1a6adc2a055330e5c09a8653ce?s=96&d=mm&r=g","caption":"Bruna Greco"}}]}},"_links":{"self":[{"href":"https:\/\/www.manaus.am.gov.br\/semtepi\/wp-json\/wp\/v2\/posts\/6162"}],"collection":[{"href":"https:\/\/www.manaus.am.gov.br\/semtepi\/wp-json\/wp\/v2\/posts"}],"about":[{"href":"https:\/\/www.manaus.am.gov.br\/semtepi\/wp-json\/wp\/v2\/types\/post"}],"author":[{"embeddable":true,"href":"https:\/\/www.manaus.am.gov.br\/semtepi\/wp-json\/wp\/v2\/users\/39"}],"replies":[{"embeddable":true,"href":"https:\/\/www.manaus.am.gov.br\/semtepi\/wp-json\/wp\/v2\/comments?post=6162"}],"version-history":[{"count":1,"href":"https:\/\/www.manaus.am.gov.br\/semtepi\/wp-json\/wp\/v2\/posts\/6162\/revisions"}],"predecessor-version":[{"id":6165,"href":"https:\/\/www.manaus.am.gov.br\/semtepi\/wp-json\/wp\/v2\/posts\/6162\/revisions\/6165"}],"wp:featuredmedia":[{"embeddable":true,"href":"https:\/\/www.manaus.am.gov.br\/semtepi\/wp-json\/wp\/v2\/media\/6164"}],"wp:attachment":[{"href":"https:\/\/www.manaus.am.gov.br\/semtepi\/wp-json\/wp\/v2\/media?parent=6162"}],"wp:term":[{"taxonomy":"category","embeddable":true,"href":"https:\/\/www.manaus.am.gov.br\/semtepi\/wp-json\/wp\/v2\/categories?post=6162"},{"taxonomy":"post_tag","embeddable":true,"href":"https:\/\/www.manaus.am.gov.br\/semtepi\/wp-json\/wp\/v2\/tags?post=6162"}],"curies":[{"name":"wp","href":"https:\/\/api.w.org\/{rel}","templated":true}]}}