{"id":6065,"date":"2025-03-26T11:41:44","date_gmt":"2025-03-26T15:41:44","guid":{"rendered":"https:\/\/www.manaus.am.gov.br\/semtepi\/sem-categoria\/selecionados-workshop-semtepi\/"},"modified":"2025-03-26T11:41:44","modified_gmt":"2025-03-26T15:41:44","slug":"selecionados-workshop-semtepi","status":"publish","type":"post","link":"https:\/\/www.manaus.am.gov.br\/semtepi\/selecao\/selecionados-workshop-semtepi\/","title":{"rendered":"Prefeitura de Manaus anuncia selecionados para o workshop \u2018Elabora\u00e7\u00e3o de Projetos na Pr\u00e1tica 2.0\u2019"},"content":{"rendered":"\n<p>A Prefeitura de Manaus, por meio da Secretaria Municipal do Trabalho, Empreendedorismo e Inova\u00e7\u00e3o (Semtepi), em parceria com a Associa\u00e7\u00e3o Amazonense dos Profissionais da Cultura e Arte Crist\u00e3 \u2013 Movimento por Cristo, anuncia, nesta quarta-feira, 26\/3, a lista de selecionados para o workshop \u201cElabora\u00e7\u00e3o de Projetos na Pr\u00e1tica 2.0\u201d.<\/p>\n\n\n\n<p>O workshop, que faz parte do \u201cProjeto Crescer na Comunidade &#8211; Percurso Formativo\u201d, vai acontecer nesta quinta-feira, 27\/3, das 18h \u00e0s 22h, no coworking do Casar\u00e3o da Inova\u00e7\u00e3o Cassina, localizado na rua Bernardo Ramos com a rua Governador Vit\u00f3rio, no bairro Centro, zona Sul da capital. O objetivo \u00e9 capacitar artistas, produtores e gestores culturais a estruturar e desenvolver projetos culturais de forma estrat\u00e9gica e aplicada, garantindo maior clareza, viabilidade e sucesso na capta\u00e7\u00e3o de recursos.<\/p>\n\n\n\n<p>\u201cNosso objetivo \u00e9 impulsionar o desenvolvimento do setor cultural em Manaus, oferecendo capacita\u00e7\u00e3o pr\u00e1tica e de qualidade. Acreditamos que cultura e empreendedorismo caminham juntos, e, por isso, queremos fortalecer a profissionaliza\u00e7\u00e3o dos agentes culturais, preparando-os n\u00e3o apenas para desenvolver projetos estrat\u00e9gicos, mas tamb\u00e9m para enxergar oportunidades de neg\u00f3cio, ampliar suas redes de contato e transformar suas iniciativas em empreendimentos sustent\u00e1veis\u201d, afirma o secret\u00e1rio da Semtepi, Alonso Oliveira.<\/p>\n\n\n\n<p>Os candidatos devem estar munidos do documento oficial com foto e cientes das diretrizes de vestimenta estabelecidas pelo \u00f3rg\u00e3o, as quais incluem a proibi\u00e7\u00e3o de vestimentas como bermudas, shorts, minissaias, camisetas regatas e chinelos durante a entrada.<\/p>\n\n\n\n<p><strong><a href=\"https:\/\/www.manaus.am.gov.br\/semtepi\/wp-content\/uploads\/sites\/20\/2025\/03\/Lista-elaboracao-de-projetos-20.pdf\">Confira a lista<\/a> <a href=\"https:\/\/www.manaus.am.gov.br\/semtepi\/wp-content\/uploads\/sites\/20\/2025\/03\/Lista-elaboracao-de-projetos-20.pdf\">de selecionados<\/a><\/strong><\/p>\n\n\n\n<p><strong>&#8212; &#8212; &#8212;<\/strong><\/p>\n\n\n\n<p><strong>Texto e foto \u2013 <\/strong>Divulga\u00e7\u00e3o\/Semtepi<\/p>\n","protected":false},"excerpt":{"rendered":"","protected":false},"author":39,"featured_media":6066,"comment_status":"closed","ping_status":"closed","sticky":false,"template":"","format":"standard","meta":{"footnotes":""},"categories":[326],"tags":[1293,1294,8,225,9,1295],"acf":[],"yoast_head":"<!-- This site is optimized with the Yoast SEO plugin v23.0 - https:\/\/yoast.com\/wordpress\/plugins\/seo\/ -->\n<title>Selecionados para o workshop Elabora\u00e7\u00e3o de Projetos na Pr\u00e1tica<\/title>\n<meta name=\"description\" content=\"Prefeitura de Manaus, por meio da Semtepi, anuncia selecionados para o workshop \u2018Elabora\u00e7\u00e3o de Projetos na Pr\u00e1tica 2.0\u2019.\" \/>\n<meta name=\"robots\" content=\"noindex, follow\" \/>\n<meta property=\"og:locale\" content=\"pt_BR\" \/>\n<meta property=\"og:type\" content=\"article\" \/>\n<meta property=\"og:title\" content=\"Selecionados para o workshop Elabora\u00e7\u00e3o de Projetos na Pr\u00e1tica\" \/>\n<meta property=\"og:description\" content=\"Prefeitura de Manaus, por meio da Semtepi, anuncia selecionados para o workshop \u2018Elabora\u00e7\u00e3o de Projetos na Pr\u00e1tica 2.0\u2019.\" \/>\n<meta property=\"og:url\" content=\"https:\/\/www.manaus.am.gov.br\/semtepi\/selecao\/selecionados-workshop-semtepi\/\" \/>\n<meta property=\"og:site_name\" content=\"SEMTEPI\" \/>\n<meta property=\"article:published_time\" content=\"2025-03-26T15:41:44+00:00\" \/>\n<meta property=\"og:image\" content=\"https:\/\/www.manaus.am.gov.br\/semtepi\/wp-content\/uploads\/sites\/20\/2025\/03\/Foto-1.jpeg\" \/>\n\t<meta property=\"og:image:width\" content=\"4032\" \/>\n\t<meta property=\"og:image:height\" content=\"3024\" \/>\n\t<meta property=\"og:image:type\" content=\"image\/jpeg\" \/>\n<meta name=\"author\" content=\"Bruna Greco\" \/>\n<meta name=\"twitter:card\" content=\"summary_large_image\" \/>\n<meta name=\"twitter:label1\" content=\"Written by\" \/>\n\t<meta name=\"twitter:data1\" content=\"Bruna Greco\" \/>\n\t<meta name=\"twitter:label2\" content=\"Est. reading time\" \/>\n\t<meta name=\"twitter:data2\" content=\"2 minutos\" \/>\n<script type=\"application\/ld+json\" class=\"yoast-schema-graph\">{\"@context\":\"https:\/\/schema.org\",\"@graph\":[{\"@type\":\"Article\",\"@id\":\"https:\/\/www.manaus.am.gov.br\/semtepi\/selecao\/selecionados-workshop-semtepi\/#article\",\"isPartOf\":{\"@id\":\"https:\/\/www.manaus.am.gov.br\/semtepi\/selecao\/selecionados-workshop-semtepi\/\"},\"author\":{\"name\":\"Bruna Greco\",\"@id\":\"https:\/\/www.manaus.am.gov.br\/semtepi\/#\/schema\/person\/05d223aea2bf115f9883a6ff3683d81b\"},\"headline\":\"Prefeitura de Manaus anuncia selecionados para o workshop \u2018Elabora\u00e7\u00e3o de Projetos na Pr\u00e1tica 2.0\u2019\",\"datePublished\":\"2025-03-26T15:41:44+00:00\",\"dateModified\":\"2025-03-26T15:41:44+00:00\",\"mainEntityOfPage\":{\"@id\":\"https:\/\/www.manaus.am.gov.br\/semtepi\/selecao\/selecionados-workshop-semtepi\/\"},\"wordCount\":272,\"publisher\":{\"@id\":\"https:\/\/www.manaus.am.gov.br\/semtepi\/#organization\"},\"image\":{\"@id\":\"https:\/\/www.manaus.am.gov.br\/semtepi\/selecao\/selecionados-workshop-semtepi\/#primaryimage\"},\"thumbnailUrl\":\"https:\/\/www.manaus.am.gov.br\/semtepi\/wp-content\/uploads\/sites\/20\/2025\/03\/Foto-1.jpeg\",\"keywords\":[\"classifica\u00e7\u00e3o\",\"parceria com a Associa\u00e7\u00e3o Amazonense dos Profissionais da Cultura e Arte Crist\u00e3 \u2013 Movimento por Cristo\",\"prefeitura de manaus\",\"selecionados\",\"Semtepi\",\"workshop \u2018Elabora\u00e7\u00e3o de Projetos na Pr\u00e1tica 2.0\u2019\"],\"articleSection\":[\"Sele\u00e7\u00e3o\"],\"inLanguage\":\"pt-BR\"},{\"@type\":\"WebPage\",\"@id\":\"https:\/\/www.manaus.am.gov.br\/semtepi\/selecao\/selecionados-workshop-semtepi\/\",\"url\":\"https:\/\/www.manaus.am.gov.br\/semtepi\/selecao\/selecionados-workshop-semtepi\/\",\"name\":\"Selecionados para o workshop Elabora\u00e7\u00e3o de Projetos na Pr\u00e1tica\",\"isPartOf\":{\"@id\":\"https:\/\/www.manaus.am.gov.br\/semtepi\/#website\"},\"primaryImageOfPage\":{\"@id\":\"https:\/\/www.manaus.am.gov.br\/semtepi\/selecao\/selecionados-workshop-semtepi\/#primaryimage\"},\"image\":{\"@id\":\"https:\/\/www.manaus.am.gov.br\/semtepi\/selecao\/selecionados-workshop-semtepi\/#primaryimage\"},\"thumbnailUrl\":\"https:\/\/www.manaus.am.gov.br\/semtepi\/wp-content\/uploads\/sites\/20\/2025\/03\/Foto-1.jpeg\",\"datePublished\":\"2025-03-26T15:41:44+00:00\",\"dateModified\":\"2025-03-26T15:41:44+00:00\",\"description\":\"Prefeitura de Manaus, por meio da Semtepi, anuncia selecionados para o workshop \u2018Elabora\u00e7\u00e3o de Projetos na Pr\u00e1tica 2.0\u2019.\",\"breadcrumb\":{\"@id\":\"https:\/\/www.manaus.am.gov.br\/semtepi\/selecao\/selecionados-workshop-semtepi\/#breadcrumb\"},\"inLanguage\":\"pt-BR\",\"potentialAction\":[{\"@type\":\"ReadAction\",\"target\":[\"https:\/\/www.manaus.am.gov.br\/semtepi\/selecao\/selecionados-workshop-semtepi\/\"]}]},{\"@type\":\"ImageObject\",\"inLanguage\":\"pt-BR\",\"@id\":\"https:\/\/www.manaus.am.gov.br\/semtepi\/selecao\/selecionados-workshop-semtepi\/#primaryimage\",\"url\":\"https:\/\/www.manaus.am.gov.br\/semtepi\/wp-content\/uploads\/sites\/20\/2025\/03\/Foto-1.jpeg\",\"contentUrl\":\"https:\/\/www.manaus.am.gov.br\/semtepi\/wp-content\/uploads\/sites\/20\/2025\/03\/Foto-1.jpeg\",\"width\":4032,\"height\":3024,\"caption\":\"#paratodosverem - Grupo de pessoas selecionadas participando de workshop da Semtepi\"},{\"@type\":\"BreadcrumbList\",\"@id\":\"https:\/\/www.manaus.am.gov.br\/semtepi\/selecao\/selecionados-workshop-semtepi\/#breadcrumb\",\"itemListElement\":[{\"@type\":\"ListItem\",\"position\":1,\"name\":\"Home\",\"item\":\"https:\/\/www.manaus.am.gov.br\/semtepi\/\"},{\"@type\":\"ListItem\",\"position\":2,\"name\":\"Prefeitura de Manaus anuncia selecionados para o workshop \u2018Elabora\u00e7\u00e3o de Projetos na Pr\u00e1tica 2.0\u2019\"}]},{\"@type\":\"WebSite\",\"@id\":\"https:\/\/www.manaus.am.gov.br\/semtepi\/#website\",\"url\":\"https:\/\/www.manaus.am.gov.br\/semtepi\/\",\"name\":\"SEMTEPI\",\"description\":\"Prefeitura de Manaus\",\"publisher\":{\"@id\":\"https:\/\/www.manaus.am.gov.br\/semtepi\/#organization\"},\"alternateName\":\"Secretaria Municipal do Trabalho, Empreendedorismo e Inova\u00e7\u00e3o\",\"potentialAction\":[{\"@type\":\"SearchAction\",\"target\":{\"@type\":\"EntryPoint\",\"urlTemplate\":\"https:\/\/www.manaus.am.gov.br\/semtepi\/?s={search_term_string}\"},\"query-input\":\"required name=search_term_string\"}],\"inLanguage\":\"pt-BR\"},{\"@type\":\"Organization\",\"@id\":\"https:\/\/www.manaus.am.gov.br\/semtepi\/#organization\",\"name\":\"Prefeitura Municipal de Manaus\",\"alternateName\":\"Prefeitura de Manaus\",\"url\":\"https:\/\/www.manaus.am.gov.br\/semtepi\/\",\"logo\":{\"@type\":\"ImageObject\",\"inLanguage\":\"pt-BR\",\"@id\":\"https:\/\/www.manaus.am.gov.br\/semtepi\/#\/schema\/logo\/image\/\",\"url\":\"https:\/\/www.manaus.am.gov.br\/semtepi\/wp-content\/uploads\/sites\/20\/2024\/07\/favicon.png\",\"contentUrl\":\"https:\/\/www.manaus.am.gov.br\/semtepi\/wp-content\/uploads\/sites\/20\/2024\/07\/favicon.png\",\"width\":300,\"height\":300,\"caption\":\"Prefeitura Municipal de Manaus\"},\"image\":{\"@id\":\"https:\/\/www.manaus.am.gov.br\/semtepi\/#\/schema\/logo\/image\/\"}},{\"@type\":\"Person\",\"@id\":\"https:\/\/www.manaus.am.gov.br\/semtepi\/#\/schema\/person\/05d223aea2bf115f9883a6ff3683d81b\",\"name\":\"Bruna Greco\",\"image\":{\"@type\":\"ImageObject\",\"inLanguage\":\"pt-BR\",\"@id\":\"https:\/\/www.manaus.am.gov.br\/semtepi\/#\/schema\/person\/image\/\",\"url\":\"https:\/\/secure.gravatar.com\/avatar\/9c877d1a6adc2a055330e5c09a8653ce?s=96&d=mm&r=g\",\"contentUrl\":\"https:\/\/secure.gravatar.com\/avatar\/9c877d1a6adc2a055330e5c09a8653ce?s=96&d=mm&r=g\",\"caption\":\"Bruna Greco\"}}]}<\/script>\n<!-- \/ Yoast SEO plugin. -->","yoast_head_json":{"title":"Selecionados para o workshop Elabora\u00e7\u00e3o de Projetos na Pr\u00e1tica","description":"Prefeitura de Manaus, por meio da Semtepi, anuncia selecionados para o workshop \u2018Elabora\u00e7\u00e3o de Projetos na Pr\u00e1tica 2.0\u2019.","robots":{"index":"noindex","follow":"follow"},"og_locale":"pt_BR","og_type":"article","og_title":"Selecionados para o workshop Elabora\u00e7\u00e3o de Projetos na Pr\u00e1tica","og_description":"Prefeitura de Manaus, por meio da Semtepi, anuncia selecionados para o workshop \u2018Elabora\u00e7\u00e3o de Projetos na Pr\u00e1tica 2.0\u2019.","og_url":"https:\/\/www.manaus.am.gov.br\/semtepi\/selecao\/selecionados-workshop-semtepi\/","og_site_name":"SEMTEPI","article_published_time":"2025-03-26T15:41:44+00:00","og_image":[{"width":4032,"height":3024,"url":"https:\/\/www.manaus.am.gov.br\/semtepi\/wp-content\/uploads\/sites\/20\/2025\/03\/Foto-1.jpeg","type":"image\/jpeg"}],"author":"Bruna Greco","twitter_card":"summary_large_image","twitter_misc":{"Written by":"Bruna Greco","Est. reading time":"2 minutos"},"schema":{"@context":"https:\/\/schema.org","@graph":[{"@type":"Article","@id":"https:\/\/www.manaus.am.gov.br\/semtepi\/selecao\/selecionados-workshop-semtepi\/#article","isPartOf":{"@id":"https:\/\/www.manaus.am.gov.br\/semtepi\/selecao\/selecionados-workshop-semtepi\/"},"author":{"name":"Bruna Greco","@id":"https:\/\/www.manaus.am.gov.br\/semtepi\/#\/schema\/person\/05d223aea2bf115f9883a6ff3683d81b"},"headline":"Prefeitura de Manaus anuncia selecionados para o workshop \u2018Elabora\u00e7\u00e3o de Projetos na Pr\u00e1tica 2.0\u2019","datePublished":"2025-03-26T15:41:44+00:00","dateModified":"2025-03-26T15:41:44+00:00","mainEntityOfPage":{"@id":"https:\/\/www.manaus.am.gov.br\/semtepi\/selecao\/selecionados-workshop-semtepi\/"},"wordCount":272,"publisher":{"@id":"https:\/\/www.manaus.am.gov.br\/semtepi\/#organization"},"image":{"@id":"https:\/\/www.manaus.am.gov.br\/semtepi\/selecao\/selecionados-workshop-semtepi\/#primaryimage"},"thumbnailUrl":"https:\/\/www.manaus.am.gov.br\/semtepi\/wp-content\/uploads\/sites\/20\/2025\/03\/Foto-1.jpeg","keywords":["classifica\u00e7\u00e3o","parceria com a Associa\u00e7\u00e3o Amazonense dos Profissionais da Cultura e Arte Crist\u00e3 \u2013 Movimento por Cristo","prefeitura de manaus","selecionados","Semtepi","workshop \u2018Elabora\u00e7\u00e3o de Projetos na Pr\u00e1tica 2.0\u2019"],"articleSection":["Sele\u00e7\u00e3o"],"inLanguage":"pt-BR"},{"@type":"WebPage","@id":"https:\/\/www.manaus.am.gov.br\/semtepi\/selecao\/selecionados-workshop-semtepi\/","url":"https:\/\/www.manaus.am.gov.br\/semtepi\/selecao\/selecionados-workshop-semtepi\/","name":"Selecionados para o workshop Elabora\u00e7\u00e3o de Projetos na Pr\u00e1tica","isPartOf":{"@id":"https:\/\/www.manaus.am.gov.br\/semtepi\/#website"},"primaryImageOfPage":{"@id":"https:\/\/www.manaus.am.gov.br\/semtepi\/selecao\/selecionados-workshop-semtepi\/#primaryimage"},"image":{"@id":"https:\/\/www.manaus.am.gov.br\/semtepi\/selecao\/selecionados-workshop-semtepi\/#primaryimage"},"thumbnailUrl":"https:\/\/www.manaus.am.gov.br\/semtepi\/wp-content\/uploads\/sites\/20\/2025\/03\/Foto-1.jpeg","datePublished":"2025-03-26T15:41:44+00:00","dateModified":"2025-03-26T15:41:44+00:00","description":"Prefeitura de Manaus, por meio da Semtepi, anuncia selecionados para o workshop \u2018Elabora\u00e7\u00e3o de Projetos na Pr\u00e1tica 2.0\u2019.","breadcrumb":{"@id":"https:\/\/www.manaus.am.gov.br\/semtepi\/selecao\/selecionados-workshop-semtepi\/#breadcrumb"},"inLanguage":"pt-BR","potentialAction":[{"@type":"ReadAction","target":["https:\/\/www.manaus.am.gov.br\/semtepi\/selecao\/selecionados-workshop-semtepi\/"]}]},{"@type":"ImageObject","inLanguage":"pt-BR","@id":"https:\/\/www.manaus.am.gov.br\/semtepi\/selecao\/selecionados-workshop-semtepi\/#primaryimage","url":"https:\/\/www.manaus.am.gov.br\/semtepi\/wp-content\/uploads\/sites\/20\/2025\/03\/Foto-1.jpeg","contentUrl":"https:\/\/www.manaus.am.gov.br\/semtepi\/wp-content\/uploads\/sites\/20\/2025\/03\/Foto-1.jpeg","width":4032,"height":3024,"caption":"#paratodosverem - Grupo de pessoas selecionadas participando de workshop da Semtepi"},{"@type":"BreadcrumbList","@id":"https:\/\/www.manaus.am.gov.br\/semtepi\/selecao\/selecionados-workshop-semtepi\/#breadcrumb","itemListElement":[{"@type":"ListItem","position":1,"name":"Home","item":"https:\/\/www.manaus.am.gov.br\/semtepi\/"},{"@type":"ListItem","position":2,"name":"Prefeitura de Manaus anuncia selecionados para o workshop \u2018Elabora\u00e7\u00e3o de Projetos na Pr\u00e1tica 2.0\u2019"}]},{"@type":"WebSite","@id":"https:\/\/www.manaus.am.gov.br\/semtepi\/#website","url":"https:\/\/www.manaus.am.gov.br\/semtepi\/","name":"SEMTEPI","description":"Prefeitura de Manaus","publisher":{"@id":"https:\/\/www.manaus.am.gov.br\/semtepi\/#organization"},"alternateName":"Secretaria Municipal do Trabalho, Empreendedorismo e Inova\u00e7\u00e3o","potentialAction":[{"@type":"SearchAction","target":{"@type":"EntryPoint","urlTemplate":"https:\/\/www.manaus.am.gov.br\/semtepi\/?s={search_term_string}"},"query-input":"required name=search_term_string"}],"inLanguage":"pt-BR"},{"@type":"Organization","@id":"https:\/\/www.manaus.am.gov.br\/semtepi\/#organization","name":"Prefeitura Municipal de Manaus","alternateName":"Prefeitura de Manaus","url":"https:\/\/www.manaus.am.gov.br\/semtepi\/","logo":{"@type":"ImageObject","inLanguage":"pt-BR","@id":"https:\/\/www.manaus.am.gov.br\/semtepi\/#\/schema\/logo\/image\/","url":"https:\/\/www.manaus.am.gov.br\/semtepi\/wp-content\/uploads\/sites\/20\/2024\/07\/favicon.png","contentUrl":"https:\/\/www.manaus.am.gov.br\/semtepi\/wp-content\/uploads\/sites\/20\/2024\/07\/favicon.png","width":300,"height":300,"caption":"Prefeitura Municipal de Manaus"},"image":{"@id":"https:\/\/www.manaus.am.gov.br\/semtepi\/#\/schema\/logo\/image\/"}},{"@type":"Person","@id":"https:\/\/www.manaus.am.gov.br\/semtepi\/#\/schema\/person\/05d223aea2bf115f9883a6ff3683d81b","name":"Bruna Greco","image":{"@type":"ImageObject","inLanguage":"pt-BR","@id":"https:\/\/www.manaus.am.gov.br\/semtepi\/#\/schema\/person\/image\/","url":"https:\/\/secure.gravatar.com\/avatar\/9c877d1a6adc2a055330e5c09a8653ce?s=96&d=mm&r=g","contentUrl":"https:\/\/secure.gravatar.com\/avatar\/9c877d1a6adc2a055330e5c09a8653ce?s=96&d=mm&r=g","caption":"Bruna Greco"}}]}},"_links":{"self":[{"href":"https:\/\/www.manaus.am.gov.br\/semtepi\/wp-json\/wp\/v2\/posts\/6065"}],"collection":[{"href":"https:\/\/www.manaus.am.gov.br\/semtepi\/wp-json\/wp\/v2\/posts"}],"about":[{"href":"https:\/\/www.manaus.am.gov.br\/semtepi\/wp-json\/wp\/v2\/types\/post"}],"author":[{"embeddable":true,"href":"https:\/\/www.manaus.am.gov.br\/semtepi\/wp-json\/wp\/v2\/users\/39"}],"replies":[{"embeddable":true,"href":"https:\/\/www.manaus.am.gov.br\/semtepi\/wp-json\/wp\/v2\/comments?post=6065"}],"version-history":[{"count":1,"href":"https:\/\/www.manaus.am.gov.br\/semtepi\/wp-json\/wp\/v2\/posts\/6065\/revisions"}],"predecessor-version":[{"id":6068,"href":"https:\/\/www.manaus.am.gov.br\/semtepi\/wp-json\/wp\/v2\/posts\/6065\/revisions\/6068"}],"wp:featuredmedia":[{"embeddable":true,"href":"https:\/\/www.manaus.am.gov.br\/semtepi\/wp-json\/wp\/v2\/media\/6066"}],"wp:attachment":[{"href":"https:\/\/www.manaus.am.gov.br\/semtepi\/wp-json\/wp\/v2\/media?parent=6065"}],"wp:term":[{"taxonomy":"category","embeddable":true,"href":"https:\/\/www.manaus.am.gov.br\/semtepi\/wp-json\/wp\/v2\/categories?post=6065"},{"taxonomy":"post_tag","embeddable":true,"href":"https:\/\/www.manaus.am.gov.br\/semtepi\/wp-json\/wp\/v2\/tags?post=6065"}],"curies":[{"name":"wp","href":"https:\/\/api.w.org\/{rel}","templated":true}]}}