{"id":6025,"date":"2025-03-17T15:32:34","date_gmt":"2025-03-17T19:32:34","guid":{"rendered":"https:\/\/www.manaus.am.gov.br\/semtepi\/sem-categoria\/vagas-sine-manaus-8\/"},"modified":"2025-03-17T15:32:36","modified_gmt":"2025-03-17T19:32:36","slug":"vagas-sine-manaus-8","status":"publish","type":"post","link":"https:\/\/www.manaus.am.gov.br\/semtepi\/oportunidade\/vagas-sine-manaus-8\/","title":{"rendered":"Sine Manaus oferta 259 vagas de emprego nesta ter\u00e7a\u2013feira, 18\/3"},"content":{"rendered":"\n<p>A Prefeitura de Manaus, por meio do Sine Manaus, oferta 259 vagas de emprego em v\u00e1rias \u00e1reas de atua\u00e7\u00e3o, nesta ter\u00e7a\u2013feira, 18\/3, de 8h \u00e0s 14h. O candidato precisa validar a Carteira Digital e Previd\u00eancia Social (CTPS) no aplicativo \u201cCarteira de Trabalho Digital\u201d ou acessar o site <a href=\"http:\/\/gov.br\/trabalho\">http:\/\/gov.br\/trabalho<\/a> e para concorrer \u00e0s vagas, deve acessar o site <a href=\"http:\/\/empregabrasil.mte.gov.br\/\">http:\/\/empregabrasil.mte.gov.br<\/a> para fazer a solicita\u00e7\u00e3o de cadastro.<\/p>\n\n\n\n<p>Para participar da pr\u00e9-sele\u00e7\u00e3o e concorrer a uma das vagas dispon\u00edveis, ou receber orienta\u00e7\u00e3o de cadastro, Carteira de Trabalho Digital e seguro\u2013desemprego, os candidatos devem comparecer a um dos postos do Sine Manaus: na avenida Constantino Nery, n\u00ba 1.272, bairro S\u00e3o Geraldo, zona Centro\u2013Sul; ou no shopping Phelippe Daou, na avenida Camapu\u00e3, n\u00ba 2.939, bairro Cidade de Deus, zona Norte.<\/p>\n\n\n\n<p>Os interessados devem estar munidos do comprovante de vacina\u00e7\u00e3o (Covid\u201319), curr\u00edculo, certificados de cursos e documentos pessoais (RG, CPF, PIS, CTPS, comprovante de escolaridade e resid\u00eancia). N\u00e3o \u00e9 necess\u00e1rio apresentar c\u00f3pias, somente os documentos originais.<\/p>\n\n\n\n<p>\u00c9 importante que os candidatos mantenham seus cadastros atualizados, especialmente ao finalizarem novas qualifica\u00e7\u00f5es. Para vagas espec\u00edficas, podem ser solicitados documentos adicionais, como cursos ou certifica\u00e7\u00f5es, por isso, \u00e9 essencial estar atento aos &#8220;Requisitos Obrigat\u00f3rios&#8221; de cada vaga.<\/p>\n\n\n\n<p>A Semtepi ressalta que, obedecendo ao disposto no artigo 5\u00ba, da Constitui\u00e7\u00e3o Federal, e ao artigo 373-A, da Consolida\u00e7\u00e3o das Leis Trabalhistas (CLT), crit\u00e9rios referentes a sexo, idade, cor ou situa\u00e7\u00e3o familiar, n\u00e3o podem ser informados na divulga\u00e7\u00e3o das vagas disponibilizadas.<\/p>\n\n\n\n<p>Os candidatos devem estar cientes das diretrizes de vestimenta estabelecidas pelo \u00f3rg\u00e3o, as quais incluem a proibi\u00e7\u00e3o de vestimentas como bermudas, shorts, minissaias, camisetas regatas e chinelos durante a entrada.<\/p>\n\n\n\n<p><strong>Vagas Novas \u2013 112<\/strong><\/p>\n\n\n\n<p><strong>1 vaga -T\u00e9cnico de Seguran\u00e7a do Trabalho<\/strong><\/p>\n\n\n\n<p>Escolaridade &#8211; ensino superior cursando Administra\u00e7\u00e3o;<\/p>\n\n\n\n<p>Experi\u00eancia \u2013 seis meses na Carteira de Trabalho;<\/p>\n\n\n\n<p>Requisitos Obrigat\u00f3rios &#8211; ter conhecimento b\u00e1sico de ferramentas e equipamentos e possuir documenta\u00e7\u00e3o completa (com dispensa militar);<\/p>\n\n\n\n<p>Atividades &#8211; atuar na preven\u00e7\u00e3o de acidentes, promovendo a qualidade de vida no ambiente de trabalho e zelando pela seguran\u00e7a f\u00edsica dos empregados; elaborar e implementar normas de seguran\u00e7a, realizar inspe\u00e7\u00f5es, ministrar treinamentos e orientar colaboradores sobre pr\u00e1ticas seguras; atuar conforme as regulamenta\u00e7\u00f5es vigentes, com destaque para setores industriais, de petr\u00f3leo e g\u00e1s, onde a demanda por essa fun\u00e7\u00e3o est\u00e1 em crescimento.<\/p>\n\n\n\n<p>Dispon\u00edvel at\u00e9 18\/03\/2025 ou encerramento da vaga.<\/p>\n\n\n\n<p><strong>2 vagas -Atendente de sal\u00e3o<\/strong><\/p>\n\n\n\n<p>Escolaridade &#8211; ensino m\u00e9dio completo;<\/p>\n\n\n\n<p>Experi\u00eancia \u2013 seis meses na Carteira de Trabalho;<\/p>\n\n\n\n<p>Requisitos Obrigat\u00f3rios &#8211; ter documenta\u00e7\u00e3o completa (com dispensa militar);<\/p>\n\n\n\n<p>Atividades &#8211; atender clientes no sal\u00e3o da cafeteria, anotando pedidos, servindo produtos e garantindo um atendimento \u00e1gil e cordial; organizar mesas, repor utens\u00edlios e manter a limpeza do ambiente para proporcionar uma experi\u00eancia agrad\u00e1vel aos clientes.<\/p>\n\n\n\n<p>Dispon\u00edvel at\u00e9 18\/03\/2025 ou encerramento da vaga.<\/p>\n\n\n\n<p><strong>2 vagas -Auxiliar de linha de produ\u00e7\u00e3o<\/strong><\/p>\n\n\n\n<p>Escolaridade &#8211; ensino m\u00e9dio completo;<\/p>\n\n\n\n<p>Experi\u00eancia \u2013 seis meses na Carteira de Trabalho;<\/p>\n\n\n\n<p>Requisitos Obrigat\u00f3rios &#8211; ter documenta\u00e7\u00e3o completa (com dispensa militar);<\/p>\n\n\n\n<p>Atividades &#8211; executar atividades bra\u00e7ais em setores de apoio ou produ\u00e7\u00e3o, realizando carga e descarga de materiais, organiza\u00e7\u00e3o do ambiente de trabalho e manuseio de ferramentas e equipamentos; auxiliar na movimenta\u00e7\u00e3o de produtos e garantir o cumprimento dos procedimentos de seguran\u00e7a.<\/p>\n\n\n\n<p>Dispon\u00edvel at\u00e9 18\/03\/2025 ou encerramento da vaga.<\/p>\n\n\n\n<p><strong>2 vagas -Vendedor interno<\/strong><\/p>\n\n\n\n<p>Escolaridade &#8211; ensino m\u00e9dio completo;<\/p>\n\n\n\n<p>Experi\u00eancia \u2013 seis meses na Carteira de Trabalho;<\/p>\n\n\n\n<p>Requisitos Obrigat\u00f3rios &#8211; ter documenta\u00e7\u00e3o completa;<\/p>\n\n\n\n<p>Atividades &#8211; atuar na \u00e1rea de vendas de moda infantil, atendendo clientes, apresentando produtos e auxiliando na escolha de pe\u00e7as adequadas; realizar reposi\u00e7\u00e3o de mercadorias, organiza\u00e7\u00e3o do espa\u00e7o de vendas e fechamento de pedidos, garantindo um atendimento personalizado e eficiente.<\/p>\n\n\n\n<p>Dispon\u00edvel at\u00e9 18\/03\/2025 ou encerramento da vaga.<\/p>\n\n\n\n<p><strong>2 vagas -Vigia &#8211; Vagas exclusivas para Pessoa com Defici\u00eancia (PCD)<\/strong><\/p>\n\n\n\n<p>Escolaridade &#8211; ensino m\u00e9dio completo;<\/p>\n\n\n\n<p>Experi\u00eancia \u2013 seis meses na Carteira de Trabalho;<\/p>\n\n\n\n<p>Requisitos Obrigat\u00f3rios &#8211; ter curso de Agente de Portaria ou Vigilante, disponibilidade de hor\u00e1rio e possuir documenta\u00e7\u00e3o completa (com dispensa militar);<\/p>\n\n\n\n<p>Atividades &#8211; controlar a portaria e o fluxo de pessoas, realizando rondas e garantindo a seguran\u00e7a do local; orientar visitantes, clientes e prestadores de servi\u00e7o sobre o regimento interno, normas e procedimentos da empresa; inspecionar ve\u00edculos no estacionamento, verificando irregularidades; ligar e desligar as luzes do campus conforme necessidade, contribuindo para a organiza\u00e7\u00e3o e seguran\u00e7a do ambiente.<\/p>\n\n\n\n<p>Dispon\u00edvel at\u00e9 18\/03\/2025 ou encerramento da vaga.<\/p>\n\n\n\n<p><strong>2 vagas -Auxiliar de Servi\u00e7os Gerais &#8211; Vagas exclusivas para Pessoa com Defici\u00eancia (PCD)<\/strong><\/p>\n\n\n\n<p>Escolaridade &#8211; ensino fundamental completo;<\/p>\n\n\n\n<p>Experi\u00eancia \u2013 seis meses na Carteira de Trabalho;<\/p>\n\n\n\n<p>Requisitos Obrigat\u00f3rios &#8211; possuir documenta\u00e7\u00e3o completa;<\/p>\n\n\n\n<p>Atividades &#8211; atender as necessidades de limpeza, manuten\u00e7\u00e3o e conserva\u00e7\u00e3o das instala\u00e7\u00f5es da institui\u00e7\u00e3o, removendo p\u00f3 de m\u00f3veis, paredes, tetos, portas, janelas e equipamentos.<\/p>\n\n\n\n<p>Dispon\u00edvel at\u00e9 18\/03\/2025 ou encerramento da vaga.<\/p>\n\n\n\n<p><strong>2 vagas -Auxiliar Administrativo &#8211; Vagas exclusivas para Pessoa com Defici\u00eancia (PCD)<\/strong><\/p>\n\n\n\n<p>Escolaridade &#8211; ensino m\u00e9dio completo;<\/p>\n\n\n\n<p>Experi\u00eancia \u2013 seis meses na Carteira de Trabalho;<\/p>\n\n\n\n<p>Requisitos Obrigat\u00f3rios &#8211; ter curso de Inform\u00e1tica Avan\u00e7ada e documenta\u00e7\u00e3o completa;<\/p>\n\n\n\n<p>Atividades &#8211; receber e responder chamadas telef\u00f4nicas, prestando suporte e direcionando demandas; fazer e receber correspond\u00eancias, organizando e distribuindo conforme necess\u00e1rio; organizar e arquivar documentos f\u00edsicos e digitais, garantindo f\u00e1cil acesso e seguran\u00e7a das informa\u00e7\u00f5es; elaborar planilhas para controle e gest\u00e3o de dados; realizar atendimento ao p\u00fablico com cordialidade e efici\u00eancia; registrar informa\u00e7\u00f5es no sistema, assegurando a atualiza\u00e7\u00e3o e precis\u00e3o dos dados.<\/p>\n\n\n\n<p>Dispon\u00edvel at\u00e9 18\/03\/2025 ou encerramento da vaga<\/p>\n\n\n\n<p><strong>2 vagas -T\u00e9cnico de Seguran\u00e7a do Trabalho<\/strong><\/p>\n\n\n\n<p>Escolaridade &#8211; ensino t\u00e9cnico completo em Seguran\u00e7a do Trabalho;<\/p>\n\n\n\n<p>Experi\u00eancia \u2013 tr\u00eas meses na Carteira de Trabalho;<\/p>\n\n\n\n<p>Requisitos Obrigat\u00f3rios &#8211; residir nos bairros Alfredo Nascimento, Armando Mendes, Braga Mendes, Cidade de Deus, Coroado, Grande Vit\u00f3ria, Jo\u00e3o Paulo, Jorge Teixeira, Mauazinho, Monte das Oliveiras, Mutir\u00e3o, Nova cidade, Nova floresta, Nova Vit\u00f3ria, Novo Aleixo, Ouro Verde, S\u00e3o Jos\u00e9, comunidade Sharp, Tancredo Neves ou Zumbi e possuir documenta\u00e7\u00e3o completa;<\/p>\n\n\n\n<p>Atividades &#8211; elaborar, participar da elabora\u00e7\u00e3o e implementar pol\u00edtica de sa\u00fade e seguran\u00e7a no trabalho (SST); realizar auditoria, acompanhamento e avalia\u00e7\u00e3o na \u00e1rea; identificar vari\u00e1veis de controle de doen\u00e7as, acidentes, qualidade de vida e meio ambiente. Desenvolver a\u00e7\u00f5es educativas na \u00e1rea de sa\u00fade e seguran\u00e7a no trabalho; participar de per\u00edcias e fiscaliza\u00e7\u00f5es e integrar processos de negocia\u00e7\u00e3o, participar da ado\u00e7\u00e3o de tecnologias e processos de trabalho; gerenciar documenta\u00e7\u00e3o de SST; investigar, analisar acidentes e recomendar medidas de preven\u00e7\u00e3o e controle<\/p>\n\n\n\n<p>Dispon\u00edvel at\u00e9 18\/03\/2025 ou encerramento da vaga<\/p>\n\n\n\n<p><strong>1 vagas -Auxiliar de Produ\u00e7\u00e3o em Padaria<\/strong><\/p>\n\n\n\n<p>Escolaridade &#8211; ensino m\u00e9dio completo;<\/p>\n\n\n\n<p>Experi\u00eancia \u2013 seis meses na Carteira de Trabalho ou primeiro emprego;<\/p>\n\n\n\n<p>Requisitos Obrigat\u00f3rios &#8211; ter documenta\u00e7\u00e3o completa (com dispensa militar);<\/p>\n\n\n\n<p>Atividades &#8211; preparar e pesar ingredientes para produ\u00e7\u00e3o de p\u00e3es, bolos e outros produtos de padaria; Operar m\u00e1quinas e equipamentos utilizados na produ\u00e7\u00e3o de alimentos; Realizar a limpeza e manuten\u00e7\u00e3o de equipamentos e utens\u00edlios utilizados na produ\u00e7\u00e3o; Manter a \u00e1rea de produ\u00e7\u00e3o limpa e organizada.<\/p>\n\n\n\n<p>Dispon\u00edvel at\u00e9 18\/03\/2025 ou encerramento da vaga<\/p>\n\n\n\n<p><strong>1 vaga -Atendente<\/strong><\/p>\n\n\n\n<p>Escolaridade &#8211; ensino m\u00e9dio completo;<\/p>\n\n\n\n<p>Experi\u00eancia \u2013 seis meses na Carteira de Trabalho;<\/p>\n\n\n\n<p>Requisitos Obrigat\u00f3rios &#8211; ter documenta\u00e7\u00e3o completa;<\/p>\n\n\n\n<p>Atividades &#8211; recepcionar, acomodar e atender os clientes com cortesia, garantindo um atendimento de qualidade; manter a organiza\u00e7\u00e3o e limpeza do ambiente de trabalho, assegurando um espa\u00e7o agrad\u00e1vel; gerenciar pedidos, anotando, conferindo e encaminhando para execu\u00e7\u00e3o; realizar outras atividades da \u00e1rea conforme necess\u00e1rio, contribuindo para o bom funcionamento do atendimento.<\/p>\n\n\n\n<p>Dispon\u00edvel at\u00e9 18\/03\/2025 ou encerramento da vaga<\/p>\n\n\n\n<p><strong>1 vaga -Churrasqueiro<\/strong><\/p>\n\n\n\n<p>Escolaridade &#8211; ensino fundamental completo;<\/p>\n\n\n\n<p>Experi\u00eancia \u2013 seis meses na Carteira de Trabalho;<\/p>\n\n\n\n<p>Requisitos Obrigat\u00f3rios &#8211; ter disponibilidade de hor\u00e1rio, experi\u00eancia com cortes de carne, temperos e t\u00e9cnicas de preparo possuir documenta\u00e7\u00e3o completa (com dispensa militar);<\/p>\n\n\n\n<p>Atividades &#8211; planejar as quantidades de carnes bovinas e su\u00ednas, de aves e de peixes, os tipos de acompanhamentos e o volume de carv\u00e3o, de modo a atender ao card\u00e1pio pr\u00e9-definido e a quantidade de comensais.<\/p>\n\n\n\n<p>Dispon\u00edvel at\u00e9 18\/03\/2025 ou encerramento da vaga<\/p>\n\n\n\n<p><strong>7 vagas -Ajudante Geral<\/strong><\/p>\n\n\n\n<p>Escolaridade &#8211; ensino m\u00e9dio completo;<\/p>\n\n\n\n<p>Experi\u00eancia \u2013 seis meses na Carteira de Trabalho;<\/p>\n\n\n\n<p>Requisitos Obrigat\u00f3rios &#8211; ter documenta\u00e7\u00e3o completa (com dispensa militar);<\/p>\n\n\n\n<p>Atividades &#8211; demolir edifica\u00e7\u00f5es de concreto, alvenaria e outras estruturas, seguindo normas de seguran\u00e7a; preparar canteiros de obras, realizando limpeza da \u00e1rea e compacta\u00e7\u00e3o do solo; efetuar manuten\u00e7\u00e3o de primeiro n\u00edvel, limpando m\u00e1quinas e ferramentas, verificando condi\u00e7\u00f5es dos equipamentos e reparando defeitos mec\u00e2nicos; realizar escava\u00e7\u00f5es e preparar massa de concreto para aplica\u00e7\u00e3o nas estruturas.<\/p>\n\n\n\n<p>Dispon\u00edvel at\u00e9 18\/03\/2025 ou encerramento da vaga<\/p>\n\n\n\n<p><strong>1 vaga -Carpinteiro<\/strong><\/p>\n\n\n\n<p>Escolaridade &#8211; ensino m\u00e9dio completo;<\/p>\n\n\n\n<p>Experi\u00eancia \u2013 seis meses na Carteira de Trabalho;<\/p>\n\n\n\n<p>Requisitos Obrigat\u00f3rios &#8211; possuir documenta\u00e7\u00e3o completa;<\/p>\n\n\n\n<p>Atividades &#8211; cortar, armar e instalar estruturas de madeira.<\/p>\n\n\n\n<p>Dispon\u00edvel at\u00e9 18\/03\/2025 ou encerramento da vaga.<\/p>\n\n\n\n<p><strong>1 vaga -Auxiliar Administrativo<\/strong><\/p>\n\n\n\n<p>Escolaridade &#8211; ensino m\u00e9dio completo;<\/p>\n\n\n\n<p>Experi\u00eancia \u2013 registrada na Carteira de Trabalho;<\/p>\n\n\n\n<p>Requisitos Obrigat\u00f3rios &#8211; ter cursos de Pacote Office, disponibilidade de hor\u00e1rio e possuir documenta\u00e7\u00e3o completa (com dispensa militar);<\/p>\n\n\n\n<p>Atividades &#8211; organizar e manter a confidencialidade de documentos f\u00edsicos e digitais.<\/p>\n\n\n\n<p>Dispon\u00edvel at\u00e9 18\/03\/2025 ou encerramento da vaga.<\/p>\n\n\n\n<p><strong>4 vagas -Pizzaiolo<\/strong><\/p>\n\n\n\n<p>Escolaridade &#8211; ensino m\u00e9dio completo;<\/p>\n\n\n\n<p>Experi\u00eancia \u2013 seis meses na Carteira de Trabalho;<\/p>\n\n\n\n<p>Requisitos Obrigat\u00f3rios &#8211; ter documenta\u00e7\u00e3o completa;<\/p>\n\n\n\n<p>Atividades &#8211; preparar pizzas desde o preparo da massa at\u00e9 a finaliza\u00e7\u00e3o no forno, garantindo o sabor e a qualidade do alimento; selecionar e organizar os ingredientes, seguindo padr\u00f5es de higiene e seguran\u00e7a alimentar; manter a \u00e1rea de trabalho limpa e organizada, assegurando a efici\u00eancia e o bom funcionamento da cozinha.<\/p>\n\n\n\n<p>Dispon\u00edvel at\u00e9 18\/03\/2025 ou encerramento da vaga<\/p>\n\n\n\n<p><strong>4 vagas -Padeiro<\/strong><\/p>\n\n\n\n<p>Escolaridade &#8211; ensino m\u00e9dio completo;<\/p>\n\n\n\n<p>Experi\u00eancia \u2013 seis meses na Carteira de Trabalho;<\/p>\n\n\n\n<p>Requisitos Obrigat\u00f3rios &#8211; ter documenta\u00e7\u00e3o completa;<\/p>\n\n\n\n<p>Atividades &#8211; preparar massas, assar produtos e garantir a qualidade dos alimentos.<\/p>\n\n\n\n<p>Dispon\u00edvel at\u00e9 18\/03\/2025 ou encerramento da vaga<\/p>\n\n\n\n<p><strong>3 vagas &#8211; Servente de obras<\/strong><\/p>\n\n\n\n<p>Escolaridade &#8211; ensino fundamental incompleto;<\/p>\n\n\n\n<p>Experi\u00eancia \u2013 seis meses na Carteira de Trabalho;<\/p>\n\n\n\n<p>Requisitos Obrigat\u00f3rios &#8211; possuir documenta\u00e7\u00e3o completa (com dispensa militar);<\/p>\n\n\n\n<p>Atividades &#8211; preparar canteiro de obras, organizando a \u00e1rea e limpando o terreno; preparar massa de concreto para aplica\u00e7\u00e3o nas estruturas; limpar e compactar solos, garantindo a base adequada para constru\u00e7\u00e3o; verificar m\u00e1quinas e equipamentos de constru\u00e7\u00e3o civil, realizando manuten\u00e7\u00f5es preventivas e identificando poss\u00edveis defeitos; participar da demoli\u00e7\u00e3o de edifica\u00e7\u00f5es, seguindo normas de seguran\u00e7a e colaborando nas atividades de remo\u00e7\u00e3o de estruturas.<\/p>\n\n\n\n<p>Dispon\u00edvel at\u00e9 18\/03\/2025 ou encerramento da vaga.<\/p>\n\n\n\n<p><strong>10 vagas -Instalador de Equipamento em Telefonia<\/strong><\/p>\n\n\n\n<p>Escolaridade &#8211; ensino fundamental completo;<\/p>\n\n\n\n<p>Experi\u00eancia \u2013 primeiro emprego;<\/p>\n\n\n\n<p>Requisitos Obrigat\u00f3rios &#8211; ter Carteira Nacional de Habilita\u00e7\u00e3o categoria \u201cAB\u201d, conhecimento b\u00e1sico de pacote office; disponibilidade de hor\u00e1rio e possuir documenta\u00e7\u00e3o completa (com dispensa militar);<\/p>\n\n\n\n<p>Atividades &#8211; instalar cabos e caixas de entrada de energia, verificar passagens de fios, realizar instala\u00e7\u00e3o do equipamento principal de sinal, realizar manuten\u00e7\u00e3o e reparo de servi\u00e7os de TV a cabo e internet.<\/p>\n\n\n\n<p>Dispon\u00edvel at\u00e9 18\/03\/2025 ou encerramento da vaga.<\/p>\n\n\n\n<p><strong>5 vagas -Carpinteiro<\/strong><\/p>\n\n\n\n<p>Escolaridade &#8211; ensino fundamental completo;<\/p>\n\n\n\n<p>Experi\u00eancia \u2013 seis meses na Carteira de Trabalho;<\/p>\n\n\n\n<p>Requisitos Obrigat\u00f3rios &#8211; ter documenta\u00e7\u00e3o completa (com dispensa militar);<\/p>\n\n\n\n<p>Atividades &#8211; cortar, armar e instalar estruturas de madeira.<\/p>\n\n\n\n<p>Dispon\u00edvel at\u00e9 18\/03\/2025 ou encerramento da vaga<\/p>\n\n\n\n<p><strong>5 vagas -Pedreiro<\/strong><\/p>\n\n\n\n<p>Escolaridade &#8211; ensino fundamental completo;<\/p>\n\n\n\n<p>Experi\u00eancia \u2013 seis meses na Carteira de Trabalho;<\/p>\n\n\n\n<p>Requisitos Obrigat\u00f3rios &#8211; ter documenta\u00e7\u00e3o completa (com dispensa militar);<\/p>\n\n\n\n<p>Atividades &#8211; construir, reformar ou reparar obras, utilizando concreto, tijolos, blocos e outros materiais.<\/p>\n\n\n\n<p>Dispon\u00edvel at\u00e9 18\/03\/2025 ou encerramento da vaga<\/p>\n\n\n\n<p><strong>5 vagas -Servente de Obra<\/strong><\/p>\n\n\n\n<p>Escolaridade &#8211; ensino fundamental completo;<\/p>\n\n\n\n<p>Experi\u00eancia \u2013 seis meses na Carteira de Trabalho;<\/p>\n\n\n\n<p>Requisitos Obrigat\u00f3rios &#8211; ter documenta\u00e7\u00e3o completa (com dispensa militar);<\/p>\n\n\n\n<p>Atividades &#8211; transportar materiais, ferramentas e equipamentos. Misturar cimento, areia, \u00e1gua, brita e outros materiais, preparar e<\/p>\n\n\n\n<p>transportar argamassas e concretos, limpar e organizar o canteiro de obras.<\/p>\n\n\n\n<p>Dispon\u00edvel at\u00e9 18\/03\/2025 ou encerramento da vaga<\/p>\n\n\n\n<p><strong>1 vaga -Operador de Telemarketing<\/strong><\/p>\n\n\n\n<p>Escolaridade &#8211; ensino m\u00e9dio completo;<\/p>\n\n\n\n<p>Experi\u00eancia \u2013 seis meses na Carteira de Trabalho;<\/p>\n\n\n\n<p>Requisitos Obrigat\u00f3rios &#8211; ter documenta\u00e7\u00e3o completa;<\/p>\n\n\n\n<p>Atividades &#8211; oferecer servi\u00e7os e produtos, prestando servi\u00e7os t\u00e9cnicos especializados de acordo com as necessidades dos clientes; realizar pesquisas para identificar demandas e oportunidades de mercado; efetuar servi\u00e7os de cobran\u00e7a e cadastramento de clientes, garantindo o cumprimento das informa\u00e7\u00f5es de forma precisa; conduzir todas as atividades via teleatendimento, seguindo roteiros e scripts planejados e controlados para captar, reter ou recuperar clientes, sempre buscando otimizar a experi\u00eancia e fideliza\u00e7\u00e3o do p\u00fablico.<\/p>\n\n\n\n<p>Dispon\u00edvel at\u00e9 18\/03\/2025 ou encerramento da vaga<\/p>\n\n\n\n<p><strong>10 vagas -Operador de processo de produ\u00e7\u00e3o &#8211; Vagas exclusivas para Pessoa com Defici\u00eancia (PCDs)<\/strong><\/p>\n\n\n\n<p>Escolaridade &#8211; ensino m\u00e9dio completo;<\/p>\n\n\n\n<p>Experi\u00eancia \u2013 n\u00e3o \u00e9 necess\u00e1rio;<\/p>\n\n\n\n<p>Requisitos Obrigat\u00f3rios &#8211; ter documenta\u00e7\u00e3o completa;<\/p>\n\n\n\n<p>Atividades &#8211; trabalhar em f\u00e1bricas, operando e controlando m\u00e1quinas e equipamentos para a fabrica\u00e7\u00e3o de produtos, monitorando o funcionamento das m\u00e1quinas e ajustando conforme necess\u00e1rio para garantir a qualidade e efici\u00eancia da produ\u00e7\u00e3o; realizar manuten\u00e7\u00f5es preventivas e reportar falhas ou necessidades de reparo aos supervisores.<\/p>\n\n\n\n<p><br>Dispon\u00edvel at\u00e9 18\/03\/2025 ou encerramento da vaga<\/p>\n\n\n\n<p><strong>15 vagas -Ajudante de carga e descarga de mercadoria<\/strong><\/p>\n\n\n\n<p>Escolaridade &#8211; ensino fundamental completo;<\/p>\n\n\n\n<p>Experi\u00eancia \u2013 seis meses na Carteira de Trabalho (com dispensa militar);<\/p>\n\n\n\n<p>Requisitos Obrigat\u00f3rios &#8211; ter documenta\u00e7\u00e3o completa;<\/p>\n\n\n\n<p>Atividades &#8211; participar da equipe de entrega de mercadorias, auxiliando na carga e descarga dos produtos; trabalhar em ve\u00edculos apropriados para transporte, garantindo a seguran\u00e7a e organiza\u00e7\u00e3o das mercadorias; estar subordinado ao motorista de entrega, seguindo as orienta\u00e7\u00f5es quanto ao percurso e procedimentos durante o processo de entrega.<\/p>\n\n\n\n<p>Dispon\u00edvel at\u00e9 18\/03\/2025 ou encerramento da vaga<\/p>\n\n\n\n<p><strong>10 vagas -Auxiliar de Peixaria<\/strong><\/p>\n\n\n\n<p>Escolaridade &#8211; ensino fundamental completo;<\/p>\n\n\n\n<p>Experi\u00eancia \u2013 n\u00e3o \u00e9 necess\u00e1rio;<\/p>\n\n\n\n<p>Requisitos Obrigat\u00f3rios &#8211; ter documenta\u00e7\u00e3o completa (com dispensa militar);<\/p>\n\n\n\n<p>Atividades &#8211; atender clientes em lojas e mercados, oferecendo informa\u00e7\u00f5es sobre mercadorias e realizando a venda de produtos; preparar-se para as atividades di\u00e1rias, atualizando-se sobre novos produtos e promo\u00e7\u00f5es, a fim de fornecer um atendimento de qualidade e orientar os clientes conforme suas necessidades.<\/p>\n\n\n\n<p>Dispon\u00edvel at\u00e9 18\/03\/2025 ou encerramento da vaga<\/p>\n\n\n\n<p><strong>10 vagas -Ajudante de A\u00e7ougueiro<\/strong><\/p>\n\n\n\n<p>Escolaridade &#8211; ensino fundamental completo;<\/p>\n\n\n\n<p>Experi\u00eancia \u2013 n\u00e3o \u00e9 necess\u00e1rio;<\/p>\n\n\n\n<p>Requisitos Obrigat\u00f3rios &#8211; ter documenta\u00e7\u00e3o completa (com dispensa militar);<\/p>\n\n\n\n<p>Atividades &#8211; realizar atendimento ao cliente, fornecendo orienta\u00e7\u00f5es sobre cortes de carnes e suas qualidades, adquirindo habilidades no preparo; auxiliar o a\u00e7ougueiro no corte de carne, separa\u00e7\u00e3o e desossa, garantindo a precis\u00e3o e a qualidade dos produtos; reportar-se ao L\u00edder de A\u00e7ougue, seguindo as diretrizes e assegurando o bom funcionamento da se\u00e7\u00e3o.<\/p>\n\n\n\n<p>Dispon\u00edvel at\u00e9 18\/03\/2025 ou encerramento da vaga<\/p>\n\n\n\n<p><strong>1 vaga -Servi\u00e7os Gerais<\/strong><\/p>\n\n\n\n<p>Escolaridade &#8211; ensino m\u00e9dio completo;<\/p>\n\n\n\n<p>Experi\u00eancia \u2013 tr\u00eas meses na Carteira de Trabalho;<\/p>\n\n\n\n<p>Requisitos Obrigat\u00f3rios &#8211; ter habilidades pr\u00e1ticas, boa comunica\u00e7\u00e3o, proatividade, experi\u00eancia em ro\u00e7agem, e possuir documenta\u00e7\u00e3o completa (com dispensa militar);<\/p>\n\n\n\n<p>Atividades &#8211; limpar escrit\u00f3rios, salas de reuni\u00e3o, banheiros, \u00e1reas de trabalho e outras instala\u00e7\u00f5es conforme necess\u00e1rio, realizar tarefas de manuten\u00e7\u00e3o b\u00e1sica, como trocar l\u00e2mpadas, consertar m\u00f3veis, substituir filtros de ar e realizar pequenos reparos, coletar e descartar adequadamente o lixo, reciclagem e outros res\u00edduos de acordo com os procedimentos estabelecidos; conforme atribu\u00eddas pelos supervisores ou exigidas pela natureza do trabalho.<\/p>\n\n\n\n<p>Dispon\u00edvel at\u00e9 18\/03\/2025 ou encerramento da vaga<\/p>\n\n\n\n<p><strong>2 vagas -Ajudante de carga e descarga de mercadoria<\/strong><\/p>\n\n\n\n<p>Escolaridade &#8211; ensino fundamental completo;<\/p>\n\n\n\n<p>Experi\u00eancia \u2013 seis meses na Carteira de Trabalho;<\/p>\n\n\n\n<p>Requisitos Obrigat\u00f3rios &#8211; ter documenta\u00e7\u00e3o completa (com dispensa militar);<\/p>\n\n\n\n<p>Atividades &#8211; participar da equipe de entrega de mercadorias, auxiliando na carga, transporte e descarga dos produtos em ve\u00edculos apropriados; seguir as instru\u00e7\u00f5es do motorista de entrega, garantindo o cumprimento de rotas e hor\u00e1rios; assegurar que as mercadorias sejam entregues com seguran\u00e7a e conforme as orienta\u00e7\u00f5es estabelecidas.<\/p>\n\n\n\n<p>Dispon\u00edvel at\u00e9 18\/03\/2025 ou encerramento da vaga<\/p>\n\n\n\n<p><strong>Vagas no Com\u00e9rcio &#8211; 32<\/strong><\/p>\n\n\n\n<p><strong>5 vagas &#8211; Motorista de Caminh\u00e3o&nbsp;<\/strong><\/p>\n\n\n\n<p>Escolaridade &#8211; ensino m\u00e9dio completo;<\/p>\n\n\n\n<p>Experi\u00eancia \u2013 registrada na Carteira de Trabalho;<\/p>\n\n\n\n<p>Requisitos Obrigat\u00f3rios &#8211; ter Carteira Nacional de Habilita\u00e7\u00e3o categoria \u201cD\u201d e possuir documenta\u00e7\u00e3o completa (com dispensa militar);<\/p>\n\n\n\n<p>Atividades &#8211; trabalhar com seguran\u00e7a, definir rotas, transportar cargas.<\/p>\n\n\n\n<p>Dispon\u00edvel at\u00e9 18\/03\/2025 ou encerramento da vaga.<\/p>\n\n\n\n<p><strong>8 vagas &#8211; Fiel de Dep\u00f3sito&nbsp;<\/strong><\/p>\n\n\n\n<p>Escolaridade &#8211; ensino m\u00e9dio completo;<\/p>\n\n\n\n<p>Experi\u00eancia \u2013 seis meses na Carteira de Trabalho;<\/p>\n\n\n\n<p>Requisitos Obrigat\u00f3rios &#8211; possuir documenta\u00e7\u00e3o completa (com dispensa militar);<\/p>\n\n\n\n<p>Atividades &#8211; receber, conferir e armazenar mercadorias, mantendo o controle do estoque por meio de registros e sistemas informatizados.<\/p>\n\n\n\n<p>Dispon\u00edvel at\u00e9 18\/03\/2025 ou encerramento da vaga.<\/p>\n\n\n\n<p><strong>6 vagas &#8211; Promotor de Vendas&nbsp;<\/strong><\/p>\n\n\n\n<p>Escolaridade &#8211; ensino m\u00e9dio completo;<\/p>\n\n\n\n<p>Experi\u00eancia \u2013 seis meses na Carteira de Trabalho;<\/p>\n\n\n\n<p>Requisitos Obrigat\u00f3rios &#8211; possuir documenta\u00e7\u00e3o completa (com dispensa militar);<\/p>\n\n\n\n<p>Atividades &#8211; apresentar a empresa, demonstrar produtos, esclarecer d\u00favidas e distribuir amostras gr\u00e1tis, proporcionando uma experi\u00eancia positiva para os clientes.<\/p>\n\n\n\n<p>Dispon\u00edvel at\u00e9 18\/03\/2025 ou encerramento da vaga.<\/p>\n\n\n\n<p><strong>6 vagas &#8211; Ajudante de Carga e Descarga de Mercadoria&nbsp;<\/strong><\/p>\n\n\n\n<p>Escolaridade &#8211; ensino m\u00e9dio completo;<\/p>\n\n\n\n<p>Experi\u00eancia \u2013 seis meses na Carteira de Trabalho;<\/p>\n\n\n\n<p>Requisitos Obrigat\u00f3rios &#8211; possuir documenta\u00e7\u00e3o completa (com dispensa militar);<\/p>\n\n\n\n<p>Atividades &#8211; participar da equipe de entrega de mercadorias, trabalhar em ve\u00edculos apropriados e subordinar-se ao motorista de entrega, auxiliando nas atividades de carga e descarga.<\/p>\n\n\n\n<p>Dispon\u00edvel at\u00e9 18\/03\/2025 ou encerramento da vaga.<\/p>\n\n\n\n<p><strong>3 vagas &#8211; Atendente de Lanchonete<\/strong><\/p>\n\n\n\n<p>Escolaridade &#8211; ensino m\u00e9dio completo;<\/p>\n\n\n\n<p>Experi\u00eancia \u2013 seis meses na Carteira de Trabalho;<\/p>\n\n\n\n<p>Requisitos Obrigat\u00f3rios &#8211; ter documenta\u00e7\u00e3o completa (com dispensa militar);<\/p>\n\n\n\n<p>Atividades &#8211; distribuir refei\u00e7\u00f5es, utilizando bandejas e carrinhos, segundo as instru\u00e7\u00f5es recebidas.<\/p>\n\n\n\n<p>Dispon\u00edvel at\u00e9 18\/03\/2025 ou encerramento da vaga.<\/p>\n\n\n\n<p><strong>2 vagas &#8211; Copeiro de Hotel<\/strong><\/p>\n\n\n\n<p>Escolaridade &#8211; ensino m\u00e9dio completo;<\/p>\n\n\n\n<p>Experi\u00eancia \u2013 seis meses na Carteira de Trabalho;<\/p>\n\n\n\n<p>Requisitos Obrigat\u00f3rios &#8211; ter documenta\u00e7\u00e3o completa (com dispensa militar);<\/p>\n\n\n\n<p>Atividades &#8211; preparar, servir e distribuir refei\u00e7\u00f5es, lanches, caf\u00e9s e sucos.<\/p>\n\n\n\n<p>Dispon\u00edvel at\u00e9 18\/03\/2025 ou encerramento da vaga.<\/p>\n\n\n\n<p><strong>2 vagas -Lavador de Ve\u00edculos<\/strong><\/p>\n\n\n\n<p>Escolaridade &#8211; ensino m\u00e9dio completo;<\/p>\n\n\n\n<p>Experi\u00eancia \u2013 seis meses na Carteira de Trabalho;<\/p>\n\n\n\n<p>Requisitos Obrigat\u00f3rios &#8211; ter Carteira Nacional de Habilita\u00e7\u00e3o categoria \u201cAB\u201d e possuir documenta\u00e7\u00e3o completa (com dispensa militar);<\/p>\n\n\n\n<p>Atividades &#8211; realizar a limpeza interna (inclusive com aspirador, escovas e materiais similares) e externa de todos os ve\u00edculos.<\/p>\n\n\n\n<p>Dispon\u00edvel at\u00e9 18\/03\/2025 ou encerramento da vaga.<\/p>\n\n\n\n<p><strong>Vagas na Ind\u00fastria \u2013 60<\/strong><\/p>\n\n\n\n<p><strong>50 vagas \u2013 Auxiliar de Linha de Produ\u00e7\u00e3o<\/strong><\/p>\n\n\n\n<p>Escolaridade \u2013 ensino fundamental incompleto;<\/p>\n\n\n\n<p>Experi\u00eancia \u2013 n\u00e3o \u00e9 necess\u00e1rio;<\/p>\n\n\n\n<p>Requisitos Obrigat\u00f3rios \u2013 vaga destinada para candidatos que est\u00e3o em busca de novos desafios, pois o candidato vai precisar morar em V\u00e1rzea Grande (MT) e documenta\u00e7\u00e3o completa (com dispensa militar);<\/p>\n\n\n\n<p>Atividades \u2013 executar atividades operacionais em setores de apoio ou produ\u00e7\u00e3o de frios, visando garantir a manuten\u00e7\u00e3o, organiza\u00e7\u00e3o, limpeza ou opera\u00e7\u00e3o de atividades na unidade;<\/p>\n\n\n\n<p>Dispon\u00edvel at\u00e9 18\/03\/2025 ou encerramento da vaga.<\/p>\n\n\n\n<p><strong>2 vagas &#8211; Ajudante de carga e descarga de mercadoria<\/strong><\/p>\n\n\n\n<p>Escolaridade &#8211; ensino m\u00e9dio completo;<\/p>\n\n\n\n<p>Experi\u00eancia \u2013 seis meses na Carteira de Trabalho;<\/p>\n\n\n\n<p>Requisitos Obrigat\u00f3rios &#8211; ter documenta\u00e7\u00e3o completa (com dispensa militar);<\/p>\n\n\n\n<p>Atividades \u2013 participar da equipe de entrega de mercadorias, trabalhar em ve\u00edculos apropriados, e estar subordinado ao motorista de entrega.<\/p>\n\n\n\n<p>Dispon\u00edvel at\u00e9 18\/03\/2025 ou encerramento da vaga.<\/p>\n\n\n\n<p><strong>1 vaga &#8211; Auxiliar de Controle da Qualidade<\/strong><\/p>\n\n\n\n<p>Escolaridade &#8211; ensino t\u00e9cnico incompleto em Gest\u00e3o da Qualidade ou \u00e1reas correlatas;<\/p>\n\n\n\n<p>Experi\u00eancia \u2013 tr\u00eas meses na Carteira de Trabalho;<\/p>\n\n\n\n<p>Requisitos Obrigat\u00f3rios &#8211; residir nos bairros: Parque 10 de Novembro, Flores, Novo Aleixo, S\u00e3o Jos\u00e9 Oper\u00e1rio, Manoa, Monte Sinai, Nova Vit\u00f3ria,Nova Floresta e possuir documenta\u00e7\u00e3o completa (com dispensa militar);<\/p>\n\n\n\n<p>Atividades &#8211; Realizar diariamente testes de controle de qualidade nos produtos acabados e preencher os relat\u00f3rios correspondentes. Liberar os produtos conforme os resultados dos testes, auxiliar e acompanhar o recebimento de mat\u00e9ria-prima. Reportar os resultados dos testes \u00e0 ger\u00eancia para elabora\u00e7\u00e3o de planos de preven\u00e7\u00e3o e corre\u00e7\u00e3o. Preencher formul\u00e1rios de n\u00e3o conformidade e registrar a\u00e7\u00f5es corretivas e preventivas. Auxiliar e acompanhar as n\u00e3o conformidades, realizar testes de pesagem do produto conforme a necessidade di\u00e1ria e liberar o produto em caso de conformidade. Manter o ambiente de trabalho organizado e limpo.<\/p>\n\n\n\n<p>Dispon\u00edvel at\u00e9 18\/03\/2025 ou encerramento da vaga.<\/p>\n\n\n\n<p><strong>3 vagas &#8211; Mec\u00e2nico de Manuten\u00e7\u00e3o de M\u00e1quinas Industriais<\/strong><\/p>\n\n\n\n<p>Escolaridade &#8211; ensino m\u00e9dio completo;<\/p>\n\n\n\n<p>Experi\u00eancia \u2013 seis meses na Carteira de Trabalho;<\/p>\n\n\n\n<p>Requisitos Obrigat\u00f3rios &#8211; ter cursos de NR 35, NR 12 e NR 10 e possuir documenta\u00e7\u00e3o completa (com dispensa militar);<\/p>\n\n\n\n<p>Atividades &#8211; prestar assist\u00eancia t\u00e9cnica referente ao funcionamento e instala\u00e7\u00e3o de maquin\u00e1rios em ind\u00fastrias.<\/p>\n\n\n\n<p>Dispon\u00edvel at\u00e9 18\/03\/2025 ou encerramento da vaga.<\/p>\n\n\n\n<p><strong>3 vagas &#8211; Operador de Extrusora<\/strong><\/p>\n\n\n\n<p>Escolaridade &#8211; ensino m\u00e9dio completo;<\/p>\n\n\n\n<p>Experi\u00eancia \u2013 seis meses na Carteira de Trabalho;<\/p>\n\n\n\n<p>Requisitos Obrigat\u00f3rios &#8211; ter cursos de NR 35, NR 12, NR 10 e possuir documenta\u00e7\u00e3o completa (com dispensa militar);<\/p>\n\n\n\n<p>Atividades &#8211; Manusear a m\u00e1quina extrusora, controlar a temperatura, registrar as n\u00e3o-conformidades, conhecer os processos de montagem e desmontagem da m\u00e1quina, al\u00e9m de realizar a manuten\u00e7\u00e3o preventiva e corretiva.<\/p>\n\n\n\n<p>Dispon\u00edvel at\u00e9 18\/03\/2025 ou encerramento da vaga.<\/p>\n\n\n\n<p><strong>1 vaga &#8211; Art\u00edfice<\/strong><\/p>\n\n\n\n<p>Escolaridade &#8211; ensino m\u00e9dio completo;<\/p>\n\n\n\n<p>Experi\u00eancia \u2013 seis meses na Carteira de Trabalho;<\/p>\n\n\n\n<p>Requisitos Obrigat\u00f3rios &#8211; possuir documenta\u00e7\u00e3o completa (com dispensa militar);<\/p>\n\n\n\n<p>Atividades &#8211; realizar a aplica\u00e7\u00e3o de tintas e revestimentos em paredes, tetos e outras \u00e1reas conforme necess\u00e1rio. Inspecionar e realizar a manuten\u00e7\u00e3o de elementos prediais, como telhados, fachadas e estruturas externas. Executar reparos em alvenaria, incluindo a corre\u00e7\u00e3o de rachaduras e substitui\u00e7\u00e3o de tijolos ou blocos. Corrigir fissuras e buracos nas paredes, al\u00e9m de substituir ou reparar elementos estruturais danificados. Efetuar reparos em tubula\u00e7\u00f5es de \u00e1gua e esgoto, realizando a instala\u00e7\u00e3o, identifica\u00e7\u00e3o e corre\u00e7\u00e3o de vazamentos e danos. Realizar reparos em portas, mesas, cadeiras e outros m\u00f3veis danificados.<\/p>\n\n\n\n<p>Dispon\u00edvel at\u00e9 18\/03\/2025 ou encerramento da vaga.<\/p>\n\n\n\n<p><strong>Vagas em Servi\u00e7os \u2013 38<\/strong><\/p>\n\n\n\n<p><strong>1 vaga \u2013 Motorista de \u00d4nibus Urbano<\/strong><\/p>\n\n\n\n<p>Escolaridade \u2013 ensino m\u00e9dio completo;<\/p>\n\n\n\n<p>Experi\u00eancia \u2013 seis meses na Carteira de Trabalho;<\/p>\n\n\n\n<p>Requisitos Obrigat\u00f3rios \u2013 ter curso de Transporte Coletivos de passageiros, Dire\u00e7\u00e3o Defensiva, Carteira Nacional de Habilita\u00e7\u00e3o categoria \u201cD\u201d dentro do prazo de validade, disponibilidade de hor\u00e1rio e documenta\u00e7\u00e3o completa (com dispensa militar);<\/p>\n\n\n\n<p>Atividades \u2013 atua na condu\u00e7\u00e3o de transporte coletivo, seguindo as normas de tr\u00e2nsito e realizando as rotas estipuladas pela empresa;<\/p>\n\n\n\n<p>Dispon\u00edvel at\u00e9 18\/03\/2025 ou encerramento da vaga.<\/p>\n\n\n\n<p><strong>1 vaga &#8211; Supervisor de Loja<\/strong><\/p>\n\n\n\n<p>Escolaridade &#8211; ensino m\u00e9dio completo;<\/p>\n\n\n\n<p>Experi\u00eancia \u2013 seis meses na Carteira de Trabalho;<\/p>\n\n\n\n<p>Requisitos Obrigat\u00f3rios &#8211; ter disponibilidade para trabalhar no munic\u00edpio de Careiro V\u00e1rzea, disponibilidade de hor\u00e1rio e possuir documenta\u00e7\u00e3o completa;<\/p>\n\n\n\n<p>Atividades &#8211; gerenciar o estoque de ingredientes e produtos, gest\u00e3o de equipe e realizar atividades relacionadas \u00e0 fun\u00e7\u00e3o.<\/p>\n\n\n\n<p>Dispon\u00edvel at\u00e9 18\/03\/2025 ou encerramento da vaga.<\/p>\n\n\n\n<p><strong>1 vaga &#8211; Chefe de Cozinha<\/strong><\/p>\n\n\n\n<p>Escolaridade &#8211; ensino superior completo em Gastronomia ou \u00e1reas correlatas;<\/p>\n\n\n\n<p>Experi\u00eancia \u2013 seis meses na Carteira de Trabalho;<\/p>\n\n\n\n<p>Requisitos Obrigat\u00f3rios &#8211; ter disponibilidade de hor\u00e1rio e possuir documenta\u00e7\u00e3o completa;<\/p>\n\n\n\n<p>Atividades &#8211; preparar pratos e receitas, desenvolvimento de novos produtos; gest\u00e3o de equipes.<\/p>\n\n\n\n<p>Dispon\u00edvel at\u00e9 18\/03\/2025 ou encerramento da vaga.<\/p>\n\n\n\n<p><strong>1 vaga &#8211; Assistente Cont\u00e1bil<\/strong><\/p>\n\n\n\n<p>Escolaridade &#8211; ensino superior completo em Contabilidade;<\/p>\n\n\n\n<p>Experi\u00eancia \u2013 seis meses na Carteira de Trabalho;<\/p>\n\n\n\n<p>Requisitos Obrigat\u00f3rios &#8211; ter experi\u00eancia com sistema TOTVs e&nbsp; possuir documenta\u00e7\u00e3o completa;<\/p>\n\n\n\n<p>Atividades &#8211; organizar documentos, realizar lan\u00e7amentos cont\u00e1beis, elaborar relat\u00f3rios e demonstra\u00e7\u00f5es financeiras.<\/p>\n\n\n\n<p>Dispon\u00edvel at\u00e9 18\/03\/2025 ou encerramento da vaga.<\/p>\n\n\n\n<p><strong>1 vaga &#8211; Assistente Administrativo em Faturamento<\/strong><\/p>\n\n\n\n<p>Escolaridade &#8211; ensino superior incompleto em Administra\u00e7\u00e3o ou \u00e1rea correlata;<\/p>\n\n\n\n<p>Experi\u00eancia \u2013seis meses na Carteira de Trabalho;<\/p>\n\n\n\n<p>Requisitos Obrigat\u00f3rios &#8211; ter curso de Excel Avan\u00e7ado e Inform\u00e1tica B\u00e1sica e possuir documenta\u00e7\u00e3o completa;<\/p>\n\n\n\n<p>Atividades &#8211; Emitir, classificar e conferir notas fiscais e boletos de cobran\u00e7a, calcular impostos e reten\u00e7\u00f5es, e controlar pedidos faturados.<\/p>\n\n\n\n<p>Dispon\u00edvel at\u00e9 18\/03\/2025 ou encerramento da vaga.<\/p>\n\n\n\n<p><strong>2 vagas &#8211; Mec\u00e2nico de Refrigera\u00e7\u00e3o<\/strong><\/p>\n\n\n\n<p>Escolaridade &#8211; ensino m\u00e9dio completo;<\/p>\n\n\n\n<p>Experi\u00eancia \u2013 registrada na Carteira de Trabalho;<\/p>\n\n\n\n<p>Requisitos Obrigat\u00f3rios &#8211; ter curso T\u00e9cnico em Refrigera\u00e7\u00e3o e conhecimento em manuten\u00e7\u00e3o de SELF, Split\u00e3o, Splits Piso de Teto, Cassete, Chiller, Bombas; e possuir documenta\u00e7\u00e3o completa (com dispensa militar);<\/p>\n\n\n\n<p>Atividades &#8211; realizar a instala\u00e7\u00e3o e manuten\u00e7\u00e3o de equipamentos de refrigera\u00e7\u00e3o e climatiza\u00e7\u00e3o comercial, garantindo o cumprimento das legisla\u00e7\u00f5es, normas t\u00e9cnicas, ambientais, de qualidade, sa\u00fade e seguran\u00e7a.<\/p>\n\n\n\n<p>Dispon\u00edvel at\u00e9 18\/03\/2025 ou encerramento da vaga.<\/p>\n\n\n\n<p><strong>1 vaga &#8211; Estagi\u00e1ria Administrativa<\/strong><\/p>\n\n\n\n<p>Escolaridade &#8211; cursando ensino superior em Administra\u00e7\u00e3o e Contabilidade a partir do 3\u00ba per\u00edodo;<\/p>\n\n\n\n<p>Experi\u00eancia \u2013 n\u00e3o \u00e9 necess\u00e1rio;<\/p>\n\n\n\n<p>Requisitos Obrigat\u00f3rios &#8211; ter documenta\u00e7\u00e3o completa;<\/p>\n\n\n\n<p>Atividades &#8211; elaborar e preencher planilhas, realizar controle interno de colaboradores, gerenciar benef\u00edcios, fechar planilhas financeiras e fazer o controle financeiro.<\/p>\n\n\n\n<p>Dispon\u00edvel at\u00e9 18\/03\/2025 ou encerramento da vaga.<\/p>\n\n\n\n<p><strong>6 vagas &#8211; Pedreiro<\/strong><\/p>\n\n\n\n<p>Escolaridade &#8211; ensino fundamental incompleto;<\/p>\n\n\n\n<p>Experi\u00eancia \u2013 seis meses na Carteira de Trabalho;<\/p>\n\n\n\n<p>Requisitos Obrigat\u00f3rios &#8211; ter documenta\u00e7\u00e3o completa (com dispensa militar);<\/p>\n\n\n\n<p>Atividades &#8211; assentar tijolos, ladrilhos, alvenarias e materiais afins, construir alicerces, levantar paredes, muros e constru\u00e7\u00f5es similares, rebocar estruturas constru\u00eddas, realizar trabalhos de manuten\u00e7\u00e3o corretiva de pr\u00e9dios, cal\u00e7adas e estruturas semelhantes.<\/p>\n\n\n\n<p>Dispon\u00edvel at\u00e9 18\/03\/2025 ou encerramento da vaga.<\/p>\n\n\n\n<p><strong>5 vagas &#8211; Carpinteiro<\/strong><\/p>\n\n\n\n<p>Escolaridade &#8211; ensino fundamental incompleto;<\/p>\n\n\n\n<p>Experi\u00eancia \u2013 seis meses na Carteira de Trabalho;<\/p>\n\n\n\n<p>Requisitos Obrigat\u00f3rios &#8211; ter documenta\u00e7\u00e3o completa (com dispensa militar);<\/p>\n\n\n\n<p>Atividades &#8211; instalar e ajustar esquadrias de madeira e outras pe\u00e7as tais como, janelas, portas, escadas, rodap\u00e9s, divis\u00f3rias, forros e guarni\u00e7\u00f5es. construir formas de madeira para concretagem, reparar elementos de madeira, substituir total ou parcialmente, pe\u00e7as desajustadas ou deterioradas ou fixando partes soltas.<\/p>\n\n\n\n<p>Dispon\u00edvel at\u00e9 18\/03\/2025 ou encerramento da vaga.<\/p>\n\n\n\n<p><strong>4 vagas &#8211; Vendedor Externo<\/strong><\/p>\n\n\n\n<p>Escolaridade &#8211; ensino fundamental completo;<\/p>\n\n\n\n<p>Experi\u00eancia \u2013 seis meses na Carteira de Trabalho;<\/p>\n\n\n\n<p>Requisitos Obrigat\u00f3rios &#8211; possuir ve\u00edculo pr\u00f3prio moto, Carteira Nacional de Habilita\u00e7\u00e3o categoria \u201cA\u201d, e possuir documenta\u00e7\u00e3o completa;<\/p>\n\n\n\n<p>Atividades &#8211; prospectar novos clientes potenciais para o desenvolvimento de rota, executar atendimentos conforme as diretrizes da empresa, utilizando t\u00e9cnicas de vendas e merchandising, visando maximizar a rentabilidade, alcan\u00e7ar metas e garantir a satisfa\u00e7\u00e3o do cliente. Transmitir de forma clara e objetiva aos clientes a pol\u00edtica da empresa quanto \u00e0s regras de entregas, prazos de pagamentos, limites de cr\u00e9dito e pre\u00e7os. Participar de reuni\u00f5es matinais e de fechamento de resultados, al\u00e9m de executar outras atividades correlatas.<\/p>\n\n\n\n<p>Dispon\u00edvel at\u00e9 18\/03\/2025 ou encerramento da vaga.<\/p>\n\n\n\n<p><strong>1 vaga -Analista Cont\u00e1bil<\/strong><\/p>\n\n\n\n<p>Escolaridade &#8211; ensino superior em Contabilidade;<\/p>\n\n\n\n<p>Experi\u00eancia \u2013registrada na Carteira de Trabalho;<\/p>\n\n\n\n<p>Requisitos Obrigat\u00f3rios &#8211; ter documenta\u00e7\u00e3o completa;<\/p>\n\n\n\n<p>Atividades &#8211; realizar lan\u00e7amentos cont\u00e1beis, elaborar demonstrativos financeiros e realizar concilia\u00e7\u00e3o banc\u00e1ria. Preparar declara\u00e7\u00f5es cont\u00e1beis, fechar balan\u00e7os e aplicar conhecimentos em legisla\u00e7\u00e3o tribut\u00e1ria. Possuir experi\u00eancia pr\u00e9via em escrit\u00f3rio cont\u00e1bil e na elabora\u00e7\u00e3o de balan\u00e7os.<\/p>\n\n\n\n<p>Dispon\u00edvel at\u00e9 18\/03\/2025 ou encerramento da vaga.<\/p>\n\n\n\n<p><strong>1 vaga &#8211; Operador de Extrusora<\/strong><\/p>\n\n\n\n<p>Escolaridade &#8211; ensino m\u00e9dio completo;<\/p>\n\n\n\n<p>Experi\u00eancia \u2013 seis meses na Carteira de Trabalho;<\/p>\n\n\n\n<p>Requisitos Obrigat\u00f3rios &#8211; residir nos bairros: Jorge Teixeira, Nova Vit\u00f3ria, Nova Floresta, Armando Mendes, S\u00e3o Jos\u00e9, Tancredo Neves, Santa In\u00eas ou Col\u00f4nia Ant\u00f4nio Aleixo e ter documenta\u00e7\u00e3o completa (com dispensa militar);<\/p>\n\n\n\n<p>Atividades &#8211; operar m\u00e1quinas, controlar a temperatura, monitorar equipamentos, realizar manuten\u00e7\u00f5es e garantir a qualidade do produto, operar etapas do processo produtivo, realizar ajustes e manuten\u00e7\u00f5es b\u00e1sicas na m\u00e1quina.<\/p>\n\n\n\n<p>Dispon\u00edvel at\u00e9 18\/03\/2025 ou encerramento da vaga.<\/p>\n\n\n\n<p><strong>10 vagas -Pedreiro<\/strong><\/p>\n\n\n\n<p>Escolaridade &#8211; ensino fundamental completo;<\/p>\n\n\n\n<p>Experi\u00eancia \u2013 seis meses na Carteira de Trabalho;<\/p>\n\n\n\n<p>Requisitos Obrigat\u00f3rios &#8211; ter documenta\u00e7\u00e3o completa (com dispensa militar);<\/p>\n\n\n\n<p>Atividades &#8211; atuar em obras realizando a manuten\u00e7\u00e3o e organiza\u00e7\u00e3o de materiais; executar e reparar vias e cal\u00e7adas, garantindo a qualidade e seguran\u00e7a das estruturas; auxiliar na prepara\u00e7\u00e3o de superf\u00edcies e no manuseio de ferramentas e equipamentos adequados.<\/p>\n\n\n\n<p>Dispon\u00edvel at\u00e9 18\/03\/2025 ou encerramento da vaga.<\/p>\n\n\n\n<p><strong>1 vaga &#8211; Auxiliar de Departamento Pessoal<\/strong><\/p>\n\n\n\n<p>Escolaridade &#8211; ensino m\u00e9dio completo;<\/p>\n\n\n\n<p>Experi\u00eancia \u2013 seis meses na Carteira de Trabalho;<\/p>\n\n\n\n<p>Requisitos Obrigat\u00f3rios &#8211; ter curso de &nbsp; Excel Intermedi\u00e1rio<\/p>\n\n\n\n<p>&nbsp;e possuir documenta\u00e7\u00e3o completa;<\/p>\n\n\n\n<p>Atividades &#8211; executar servi\u00e7os de apoio nas \u00e1reas de recursos humanos, administra\u00e7\u00e3o, finan\u00e7as e log\u00edstica; atender fornecedores e clientes, fornecer e receber informa\u00e7\u00f5es sobre produtos e servi\u00e7os; tratar de documentos variados, cumprir todo o procedimento necess\u00e1rio.<\/p>\n\n\n\n<p>Dispon\u00edvel at\u00e9 18\/03\/2025 ou encerramento da vaga.<\/p>\n\n\n\n<p><strong>2 vagas -Auxiliar de Cozinha<\/strong><\/p>\n\n\n\n<p>Escolaridade &#8211; ensino m\u00e9dio completo;<\/p>\n\n\n\n<p>Experi\u00eancia \u2013 seis meses na Carteira de Trabalho;<\/p>\n\n\n\n<p>Requisitos Obrigat\u00f3rios &#8211; possuir documenta\u00e7\u00e3o completa;<\/p>\n\n\n\n<p>Atividades &#8211; auxiliar nos servi\u00e7os de alimenta\u00e7\u00e3o, ajudar outros profissionais da \u00e1rea no pr\u00e9-preparo, preparo e processamento de alimentos, na montagem de pratos, verificar a qualidade dos g\u00eaneros aliment\u00edcios, minimizar os riscos de contamina\u00e7\u00e3o, trabalhar em conformidade a normas e procedimentos t\u00e9cnicos e de qualidade, seguran\u00e7a, higiene e sa\u00fade.<\/p>\n\n\n\n<p>Dispon\u00edvel at\u00e9 18\/03\/2025 ou encerramento da vaga.<\/p>\n\n\n\n<p><strong>Vagas exclusiva para pessoas com defici\u00eancia \u2013 17<\/strong><\/p>\n\n\n\n<p><strong>10 vagas &#8211; Cobrador de Transportes &#8211; Vagas exclusivas para Pessoa com Defici\u00eancia (PCDs)<\/strong><\/p>\n\n\n\n<p>Escolaridade &#8211; ensino m\u00e9dio completo;<\/p>\n\n\n\n<p>Experi\u00eancia \u2013 seis meses na Carteira de Trabalho;<\/p>\n\n\n\n<p>Requisitos Obrigat\u00f3rios &#8211; ter documenta\u00e7\u00e3o completa;<\/p>\n\n\n\n<p>Atividades &#8211; atender clientes, prestando suporte e esclarecendo d\u00favidas sobre o servi\u00e7o; receber passagens e conferir valores conforme as diretrizes da empresa; realizar a presta\u00e7\u00e3o de contas ao final do turno, garantindo a exatid\u00e3o dos valores; abrir e fechar a sess\u00e3o no validador do coletivo, assegurando o correto funcionamento do sistema.<\/p>\n\n\n\n<p>Dispon\u00edvel at\u00e9 18\/03\/2025 ou encerramento da vaga.<\/p>\n\n\n\n<p><strong>1 vaga -Auxiliar de Limpeza &#8211; Vagas exclusivas para Pessoa com Defici\u00eancia (PCD)<\/strong><\/p>\n\n\n\n<p>Escolaridade &#8211; ensino m\u00e9dio completo;<\/p>\n\n\n\n<p>Experi\u00eancia \u2013 seis meses na Carteira de Trabalho;<\/p>\n\n\n\n<p>Requisitos Obrigat\u00f3rios &#8211; ter documenta\u00e7\u00e3o completa;<\/p>\n\n\n\n<p>Atividades &#8211; manter a limpeza e organiza\u00e7\u00e3o de ambientes, realizando a higieniza\u00e7\u00e3o de superf\u00edcies, remo\u00e7\u00e3o de res\u00edduos, reposi\u00e7\u00e3o de materiais de higiene e conserva\u00e7\u00e3o do espa\u00e7o conforme os padr\u00f5es estabelecidos.<\/p>\n\n\n\n<p>Dispon\u00edvel at\u00e9 18\/03\/2025 ou encerramento da vaga.<\/p>\n\n\n\n<p>\u2014 \u2014 \u2014<br><strong>Texto \u2013 <\/strong>Divulga\u00e7\u00e3o \/ Semtepi<br><strong>Fotos \u2013 <\/strong>Arquivo \/ Semcom<br><strong>Dispon\u00edveis em \u2013 <\/strong><a href=\"https:\/\/flic.kr\/s\/aHBqjB5XtE\">https:\/\/bflic.kr\/s\/aHBqjB5XtE&nbsp;<\/a><\/p>\n","protected":false},"excerpt":{"rendered":"","protected":false},"author":68,"featured_media":6026,"comment_status":"closed","ping_status":"closed","sticky":false,"template":"","format":"standard","meta":{"footnotes":""},"categories":[5],"tags":[8,9,1287,1288],"acf":[],"yoast_head":"<!-- This site is optimized with the Yoast SEO plugin v23.0 - https:\/\/yoast.com\/wordpress\/plugins\/seo\/ -->\n<title>Sine Manaus oferta 259 vagas de emprego nesta ter\u00e7a\u2013feira, 18\/3<\/title>\n<meta name=\"description\" content=\"A Prefeitura de Manaus, por meio do Sine Manaus, oferta 259 vagas de emprego em v\u00e1rias \u00e1reas de atua\u00e7\u00e3o, nesta ter\u00e7a\u2013feira, 18\/3, de 8h \u00e0s 14h.\" \/>\n<meta name=\"robots\" content=\"noindex, follow\" \/>\n<meta property=\"og:locale\" content=\"pt_BR\" \/>\n<meta property=\"og:type\" content=\"article\" \/>\n<meta property=\"og:title\" content=\"Sine Manaus oferta 259 vagas de emprego nesta ter\u00e7a\u2013feira, 18\/3\" \/>\n<meta property=\"og:description\" content=\"A Prefeitura de Manaus, por meio do Sine Manaus, oferta 259 vagas de emprego em v\u00e1rias \u00e1reas de atua\u00e7\u00e3o, nesta ter\u00e7a\u2013feira, 18\/3, de 8h \u00e0s 14h.\" \/>\n<meta property=\"og:url\" content=\"https:\/\/www.manaus.am.gov.br\/semtepi\/oportunidade\/vagas-sine-manaus-8\/\" \/>\n<meta property=\"og:site_name\" content=\"SEMTEPI\" \/>\n<meta property=\"article:published_time\" content=\"2025-03-17T19:32:34+00:00\" \/>\n<meta property=\"article:modified_time\" content=\"2025-03-17T19:32:36+00:00\" \/>\n<meta property=\"og:image\" content=\"https:\/\/www.manaus.am.gov.br\/semtepi\/wp-content\/uploads\/sites\/20\/2025\/03\/VAGAS-SINE-1.jpg\" \/>\n\t<meta property=\"og:image:width\" content=\"799\" \/>\n\t<meta property=\"og:image:height\" content=\"533\" \/>\n\t<meta property=\"og:image:type\" content=\"image\/jpeg\" \/>\n<meta name=\"author\" content=\"bvalente\" \/>\n<meta name=\"twitter:card\" content=\"summary_large_image\" \/>\n<meta name=\"twitter:label1\" content=\"Written by\" \/>\n\t<meta name=\"twitter:data1\" content=\"bvalente\" \/>\n\t<meta name=\"twitter:label2\" content=\"Est. reading time\" \/>\n\t<meta name=\"twitter:data2\" content=\"25 minutos\" \/>\n<script type=\"application\/ld+json\" class=\"yoast-schema-graph\">{\"@context\":\"https:\/\/schema.org\",\"@graph\":[{\"@type\":\"Article\",\"@id\":\"https:\/\/www.manaus.am.gov.br\/semtepi\/oportunidade\/vagas-sine-manaus-8\/#article\",\"isPartOf\":{\"@id\":\"https:\/\/www.manaus.am.gov.br\/semtepi\/oportunidade\/vagas-sine-manaus-8\/\"},\"author\":{\"name\":\"bvalente\",\"@id\":\"https:\/\/www.manaus.am.gov.br\/semtepi\/#\/schema\/person\/466a0e03ae4b6062809046bd560ac955\"},\"headline\":\"Sine Manaus oferta 259 vagas de emprego nesta ter\u00e7a\u2013feira, 18\/3\",\"datePublished\":\"2025-03-17T19:32:34+00:00\",\"dateModified\":\"2025-03-17T19:32:36+00:00\",\"mainEntityOfPage\":{\"@id\":\"https:\/\/www.manaus.am.gov.br\/semtepi\/oportunidade\/vagas-sine-manaus-8\/\"},\"wordCount\":5245,\"publisher\":{\"@id\":\"https:\/\/www.manaus.am.gov.br\/semtepi\/#organization\"},\"image\":{\"@id\":\"https:\/\/www.manaus.am.gov.br\/semtepi\/oportunidade\/vagas-sine-manaus-8\/#primaryimage\"},\"thumbnailUrl\":\"https:\/\/www.manaus.am.gov.br\/semtepi\/wp-content\/uploads\/sites\/20\/2025\/03\/VAGAS-SINE-1.jpg\",\"keywords\":[\"prefeitura de manaus\",\"Semtepi\",\"sine manaus oferta 259 vagas nesta ter\u00e7a\",\"vagas de emprego sine manaus\"],\"articleSection\":[\"Oportunidade\"],\"inLanguage\":\"pt-BR\"},{\"@type\":\"WebPage\",\"@id\":\"https:\/\/www.manaus.am.gov.br\/semtepi\/oportunidade\/vagas-sine-manaus-8\/\",\"url\":\"https:\/\/www.manaus.am.gov.br\/semtepi\/oportunidade\/vagas-sine-manaus-8\/\",\"name\":\"Sine Manaus oferta 259 vagas de emprego nesta ter\u00e7a\u2013feira, 18\/3\",\"isPartOf\":{\"@id\":\"https:\/\/www.manaus.am.gov.br\/semtepi\/#website\"},\"primaryImageOfPage\":{\"@id\":\"https:\/\/www.manaus.am.gov.br\/semtepi\/oportunidade\/vagas-sine-manaus-8\/#primaryimage\"},\"image\":{\"@id\":\"https:\/\/www.manaus.am.gov.br\/semtepi\/oportunidade\/vagas-sine-manaus-8\/#primaryimage\"},\"thumbnailUrl\":\"https:\/\/www.manaus.am.gov.br\/semtepi\/wp-content\/uploads\/sites\/20\/2025\/03\/VAGAS-SINE-1.jpg\",\"datePublished\":\"2025-03-17T19:32:34+00:00\",\"dateModified\":\"2025-03-17T19:32:36+00:00\",\"description\":\"A Prefeitura de Manaus, por meio do Sine Manaus, oferta 259 vagas de emprego em v\u00e1rias \u00e1reas de atua\u00e7\u00e3o, nesta ter\u00e7a\u2013feira, 18\/3, de 8h \u00e0s 14h.\",\"breadcrumb\":{\"@id\":\"https:\/\/www.manaus.am.gov.br\/semtepi\/oportunidade\/vagas-sine-manaus-8\/#breadcrumb\"},\"inLanguage\":\"pt-BR\",\"potentialAction\":[{\"@type\":\"ReadAction\",\"target\":[\"https:\/\/www.manaus.am.gov.br\/semtepi\/oportunidade\/vagas-sine-manaus-8\/\"]}]},{\"@type\":\"ImageObject\",\"inLanguage\":\"pt-BR\",\"@id\":\"https:\/\/www.manaus.am.gov.br\/semtepi\/oportunidade\/vagas-sine-manaus-8\/#primaryimage\",\"url\":\"https:\/\/www.manaus.am.gov.br\/semtepi\/wp-content\/uploads\/sites\/20\/2025\/03\/VAGAS-SINE-1.jpg\",\"contentUrl\":\"https:\/\/www.manaus.am.gov.br\/semtepi\/wp-content\/uploads\/sites\/20\/2025\/03\/VAGAS-SINE-1.jpg\",\"width\":799,\"height\":533},{\"@type\":\"BreadcrumbList\",\"@id\":\"https:\/\/www.manaus.am.gov.br\/semtepi\/oportunidade\/vagas-sine-manaus-8\/#breadcrumb\",\"itemListElement\":[{\"@type\":\"ListItem\",\"position\":1,\"name\":\"Home\",\"item\":\"https:\/\/www.manaus.am.gov.br\/semtepi\/\"},{\"@type\":\"ListItem\",\"position\":2,\"name\":\"Sine Manaus oferta 259 vagas de emprego nesta ter\u00e7a\u2013feira, 18\/3\"}]},{\"@type\":\"WebSite\",\"@id\":\"https:\/\/www.manaus.am.gov.br\/semtepi\/#website\",\"url\":\"https:\/\/www.manaus.am.gov.br\/semtepi\/\",\"name\":\"SEMTEPI\",\"description\":\"Prefeitura de Manaus\",\"publisher\":{\"@id\":\"https:\/\/www.manaus.am.gov.br\/semtepi\/#organization\"},\"alternateName\":\"Secretaria Municipal do Trabalho, Empreendedorismo e Inova\u00e7\u00e3o\",\"potentialAction\":[{\"@type\":\"SearchAction\",\"target\":{\"@type\":\"EntryPoint\",\"urlTemplate\":\"https:\/\/www.manaus.am.gov.br\/semtepi\/?s={search_term_string}\"},\"query-input\":\"required name=search_term_string\"}],\"inLanguage\":\"pt-BR\"},{\"@type\":\"Organization\",\"@id\":\"https:\/\/www.manaus.am.gov.br\/semtepi\/#organization\",\"name\":\"Prefeitura Municipal de Manaus\",\"alternateName\":\"Prefeitura de Manaus\",\"url\":\"https:\/\/www.manaus.am.gov.br\/semtepi\/\",\"logo\":{\"@type\":\"ImageObject\",\"inLanguage\":\"pt-BR\",\"@id\":\"https:\/\/www.manaus.am.gov.br\/semtepi\/#\/schema\/logo\/image\/\",\"url\":\"https:\/\/www.manaus.am.gov.br\/semtepi\/wp-content\/uploads\/sites\/20\/2024\/07\/favicon.png\",\"contentUrl\":\"https:\/\/www.manaus.am.gov.br\/semtepi\/wp-content\/uploads\/sites\/20\/2024\/07\/favicon.png\",\"width\":300,\"height\":300,\"caption\":\"Prefeitura Municipal de Manaus\"},\"image\":{\"@id\":\"https:\/\/www.manaus.am.gov.br\/semtepi\/#\/schema\/logo\/image\/\"}},{\"@type\":\"Person\",\"@id\":\"https:\/\/www.manaus.am.gov.br\/semtepi\/#\/schema\/person\/466a0e03ae4b6062809046bd560ac955\",\"name\":\"bvalente\",\"image\":{\"@type\":\"ImageObject\",\"inLanguage\":\"pt-BR\",\"@id\":\"https:\/\/www.manaus.am.gov.br\/semtepi\/#\/schema\/person\/image\/\",\"url\":\"https:\/\/secure.gravatar.com\/avatar\/3e69bc2b014bdad41adfec3a39de07d2?s=96&d=mm&r=g\",\"contentUrl\":\"https:\/\/secure.gravatar.com\/avatar\/3e69bc2b014bdad41adfec3a39de07d2?s=96&d=mm&r=g\",\"caption\":\"bvalente\"}}]}<\/script>\n<!-- \/ Yoast SEO plugin. -->","yoast_head_json":{"title":"Sine Manaus oferta 259 vagas de emprego nesta ter\u00e7a\u2013feira, 18\/3","description":"A Prefeitura de Manaus, por meio do Sine Manaus, oferta 259 vagas de emprego em v\u00e1rias \u00e1reas de atua\u00e7\u00e3o, nesta ter\u00e7a\u2013feira, 18\/3, de 8h \u00e0s 14h.","robots":{"index":"noindex","follow":"follow"},"og_locale":"pt_BR","og_type":"article","og_title":"Sine Manaus oferta 259 vagas de emprego nesta ter\u00e7a\u2013feira, 18\/3","og_description":"A Prefeitura de Manaus, por meio do Sine Manaus, oferta 259 vagas de emprego em v\u00e1rias \u00e1reas de atua\u00e7\u00e3o, nesta ter\u00e7a\u2013feira, 18\/3, de 8h \u00e0s 14h.","og_url":"https:\/\/www.manaus.am.gov.br\/semtepi\/oportunidade\/vagas-sine-manaus-8\/","og_site_name":"SEMTEPI","article_published_time":"2025-03-17T19:32:34+00:00","article_modified_time":"2025-03-17T19:32:36+00:00","og_image":[{"width":799,"height":533,"url":"https:\/\/www.manaus.am.gov.br\/semtepi\/wp-content\/uploads\/sites\/20\/2025\/03\/VAGAS-SINE-1.jpg","type":"image\/jpeg"}],"author":"bvalente","twitter_card":"summary_large_image","twitter_misc":{"Written by":"bvalente","Est. reading time":"25 minutos"},"schema":{"@context":"https:\/\/schema.org","@graph":[{"@type":"Article","@id":"https:\/\/www.manaus.am.gov.br\/semtepi\/oportunidade\/vagas-sine-manaus-8\/#article","isPartOf":{"@id":"https:\/\/www.manaus.am.gov.br\/semtepi\/oportunidade\/vagas-sine-manaus-8\/"},"author":{"name":"bvalente","@id":"https:\/\/www.manaus.am.gov.br\/semtepi\/#\/schema\/person\/466a0e03ae4b6062809046bd560ac955"},"headline":"Sine Manaus oferta 259 vagas de emprego nesta ter\u00e7a\u2013feira, 18\/3","datePublished":"2025-03-17T19:32:34+00:00","dateModified":"2025-03-17T19:32:36+00:00","mainEntityOfPage":{"@id":"https:\/\/www.manaus.am.gov.br\/semtepi\/oportunidade\/vagas-sine-manaus-8\/"},"wordCount":5245,"publisher":{"@id":"https:\/\/www.manaus.am.gov.br\/semtepi\/#organization"},"image":{"@id":"https:\/\/www.manaus.am.gov.br\/semtepi\/oportunidade\/vagas-sine-manaus-8\/#primaryimage"},"thumbnailUrl":"https:\/\/www.manaus.am.gov.br\/semtepi\/wp-content\/uploads\/sites\/20\/2025\/03\/VAGAS-SINE-1.jpg","keywords":["prefeitura de manaus","Semtepi","sine manaus oferta 259 vagas nesta ter\u00e7a","vagas de emprego sine manaus"],"articleSection":["Oportunidade"],"inLanguage":"pt-BR"},{"@type":"WebPage","@id":"https:\/\/www.manaus.am.gov.br\/semtepi\/oportunidade\/vagas-sine-manaus-8\/","url":"https:\/\/www.manaus.am.gov.br\/semtepi\/oportunidade\/vagas-sine-manaus-8\/","name":"Sine Manaus oferta 259 vagas de emprego nesta ter\u00e7a\u2013feira, 18\/3","isPartOf":{"@id":"https:\/\/www.manaus.am.gov.br\/semtepi\/#website"},"primaryImageOfPage":{"@id":"https:\/\/www.manaus.am.gov.br\/semtepi\/oportunidade\/vagas-sine-manaus-8\/#primaryimage"},"image":{"@id":"https:\/\/www.manaus.am.gov.br\/semtepi\/oportunidade\/vagas-sine-manaus-8\/#primaryimage"},"thumbnailUrl":"https:\/\/www.manaus.am.gov.br\/semtepi\/wp-content\/uploads\/sites\/20\/2025\/03\/VAGAS-SINE-1.jpg","datePublished":"2025-03-17T19:32:34+00:00","dateModified":"2025-03-17T19:32:36+00:00","description":"A Prefeitura de Manaus, por meio do Sine Manaus, oferta 259 vagas de emprego em v\u00e1rias \u00e1reas de atua\u00e7\u00e3o, nesta ter\u00e7a\u2013feira, 18\/3, de 8h \u00e0s 14h.","breadcrumb":{"@id":"https:\/\/www.manaus.am.gov.br\/semtepi\/oportunidade\/vagas-sine-manaus-8\/#breadcrumb"},"inLanguage":"pt-BR","potentialAction":[{"@type":"ReadAction","target":["https:\/\/www.manaus.am.gov.br\/semtepi\/oportunidade\/vagas-sine-manaus-8\/"]}]},{"@type":"ImageObject","inLanguage":"pt-BR","@id":"https:\/\/www.manaus.am.gov.br\/semtepi\/oportunidade\/vagas-sine-manaus-8\/#primaryimage","url":"https:\/\/www.manaus.am.gov.br\/semtepi\/wp-content\/uploads\/sites\/20\/2025\/03\/VAGAS-SINE-1.jpg","contentUrl":"https:\/\/www.manaus.am.gov.br\/semtepi\/wp-content\/uploads\/sites\/20\/2025\/03\/VAGAS-SINE-1.jpg","width":799,"height":533},{"@type":"BreadcrumbList","@id":"https:\/\/www.manaus.am.gov.br\/semtepi\/oportunidade\/vagas-sine-manaus-8\/#breadcrumb","itemListElement":[{"@type":"ListItem","position":1,"name":"Home","item":"https:\/\/www.manaus.am.gov.br\/semtepi\/"},{"@type":"ListItem","position":2,"name":"Sine Manaus oferta 259 vagas de emprego nesta ter\u00e7a\u2013feira, 18\/3"}]},{"@type":"WebSite","@id":"https:\/\/www.manaus.am.gov.br\/semtepi\/#website","url":"https:\/\/www.manaus.am.gov.br\/semtepi\/","name":"SEMTEPI","description":"Prefeitura de Manaus","publisher":{"@id":"https:\/\/www.manaus.am.gov.br\/semtepi\/#organization"},"alternateName":"Secretaria Municipal do Trabalho, Empreendedorismo e Inova\u00e7\u00e3o","potentialAction":[{"@type":"SearchAction","target":{"@type":"EntryPoint","urlTemplate":"https:\/\/www.manaus.am.gov.br\/semtepi\/?s={search_term_string}"},"query-input":"required name=search_term_string"}],"inLanguage":"pt-BR"},{"@type":"Organization","@id":"https:\/\/www.manaus.am.gov.br\/semtepi\/#organization","name":"Prefeitura Municipal de Manaus","alternateName":"Prefeitura de Manaus","url":"https:\/\/www.manaus.am.gov.br\/semtepi\/","logo":{"@type":"ImageObject","inLanguage":"pt-BR","@id":"https:\/\/www.manaus.am.gov.br\/semtepi\/#\/schema\/logo\/image\/","url":"https:\/\/www.manaus.am.gov.br\/semtepi\/wp-content\/uploads\/sites\/20\/2024\/07\/favicon.png","contentUrl":"https:\/\/www.manaus.am.gov.br\/semtepi\/wp-content\/uploads\/sites\/20\/2024\/07\/favicon.png","width":300,"height":300,"caption":"Prefeitura Municipal de Manaus"},"image":{"@id":"https:\/\/www.manaus.am.gov.br\/semtepi\/#\/schema\/logo\/image\/"}},{"@type":"Person","@id":"https:\/\/www.manaus.am.gov.br\/semtepi\/#\/schema\/person\/466a0e03ae4b6062809046bd560ac955","name":"bvalente","image":{"@type":"ImageObject","inLanguage":"pt-BR","@id":"https:\/\/www.manaus.am.gov.br\/semtepi\/#\/schema\/person\/image\/","url":"https:\/\/secure.gravatar.com\/avatar\/3e69bc2b014bdad41adfec3a39de07d2?s=96&d=mm&r=g","contentUrl":"https:\/\/secure.gravatar.com\/avatar\/3e69bc2b014bdad41adfec3a39de07d2?s=96&d=mm&r=g","caption":"bvalente"}}]}},"_links":{"self":[{"href":"https:\/\/www.manaus.am.gov.br\/semtepi\/wp-json\/wp\/v2\/posts\/6025"}],"collection":[{"href":"https:\/\/www.manaus.am.gov.br\/semtepi\/wp-json\/wp\/v2\/posts"}],"about":[{"href":"https:\/\/www.manaus.am.gov.br\/semtepi\/wp-json\/wp\/v2\/types\/post"}],"author":[{"embeddable":true,"href":"https:\/\/www.manaus.am.gov.br\/semtepi\/wp-json\/wp\/v2\/users\/68"}],"replies":[{"embeddable":true,"href":"https:\/\/www.manaus.am.gov.br\/semtepi\/wp-json\/wp\/v2\/comments?post=6025"}],"version-history":[{"count":0,"href":"https:\/\/www.manaus.am.gov.br\/semtepi\/wp-json\/wp\/v2\/posts\/6025\/revisions"}],"wp:featuredmedia":[{"embeddable":true,"href":"https:\/\/www.manaus.am.gov.br\/semtepi\/wp-json\/wp\/v2\/media\/6026"}],"wp:attachment":[{"href":"https:\/\/www.manaus.am.gov.br\/semtepi\/wp-json\/wp\/v2\/media?parent=6025"}],"wp:term":[{"taxonomy":"category","embeddable":true,"href":"https:\/\/www.manaus.am.gov.br\/semtepi\/wp-json\/wp\/v2\/categories?post=6025"},{"taxonomy":"post_tag","embeddable":true,"href":"https:\/\/www.manaus.am.gov.br\/semtepi\/wp-json\/wp\/v2\/tags?post=6025"}],"curies":[{"name":"wp","href":"https:\/\/api.w.org\/{rel}","templated":true}]}}