{"id":5903,"date":"2025-02-17T09:43:53","date_gmt":"2025-02-17T13:43:53","guid":{"rendered":"https:\/\/www.manaus.am.gov.br\/semtepi\/sem-categoria\/prefeitura-semtepi-empreendefolia\/"},"modified":"2025-02-17T09:43:55","modified_gmt":"2025-02-17T13:43:55","slug":"prefeitura-semtepi-empreendefolia","status":"publish","type":"post","link":"https:\/\/www.manaus.am.gov.br\/semtepi\/artesanato\/prefeitura-semtepi-empreendefolia\/","title":{"rendered":"\u2018Empreende Folia 2025\u2019 fortalece economia criativa e leva alegria ao cal\u00e7ad\u00e3o da Ponta Negra"},"content":{"rendered":"\n<p>A Prefeitura de Manaus realizou, neste domingo, 16\/2, o primeiro grito de Carnaval do \u201cEmpreende Folia 2025\u201d, evento promovido pela Secretaria Municipal do Trabalho, Empreendedorismo e Inova\u00e7\u00e3o (Semtepi). A festa reuniu mais de 500 pessoas no cal\u00e7ad\u00e3o do complexo tur\u00edstico Ponta Negra, promovendo a valoriza\u00e7\u00e3o do empreendedorismo local.<\/p>\n\n\n\n<p>A concentra\u00e7\u00e3o do evento aconteceu na Feira do Empreendedor, localizada no cal\u00e7ad\u00e3o do complexo tur\u00edstico Ponta Negra. No espa\u00e7o, mais de 40 artes\u00e3os exp\u00f5em os produtos de quarta a domingo. Segundo o titular da Semtepi, Alonso Oliveira, a iniciativa buscou fortalecer a economia criativa e gerar oportunidades e visibilidade para os pequenos neg\u00f3cios.<\/p>\n\n\n\n<p>&#8220;Nosso objetivo \u00e9 proporcionar visibilidade aos empreendedores locais, integrando cultura e neg\u00f3cios em um evento que celebra n\u00e3o apenas o Carnaval, mas tamb\u00e9m o talento e o esfor\u00e7o de quem movimenta a economia criativa da nossa cidade&#8221;, destacou o secret\u00e1rio.<\/p>\n\n\n\n<p>A tradicional banda carioca Cord\u00e3o da Bola Preta foi a grande atra\u00e7\u00e3o do evento, trazendo ao p\u00fablico a energia do Carnaval do Rio de Janeiro. A banda liderou o desfile que saiu da Feira do Empreendedor e seguiu at\u00e9 a Casa de Praia Zezinho Corr\u00eaa.<\/p>\n\n\n\n<p>&nbsp;&#8220;O \u2018Empreende Folia\u2019 \u00e9 um evento muito importante, porque ajuda os empreendedores a ganharem mais reconhecimento e atrair um p\u00fablico maior. J\u00e1 podemos ver que o evento est\u00e1 reunindo muitas pessoas, e isso traz uma expectativa muito alta para as vendas. Al\u00e9m disso, vejo que a Prefeitura de Manaus tem dado um grande apoio aos empreendedores, proporcionando mais oportunidades e fortalecendo o nosso trabalho&#8221;, afirmou a empreendedora do cal\u00e7ad\u00e3o da Ponta Negra, Christieri Alves.<\/p>\n\n\n\n<p>&nbsp;Idosos na folia<\/p>\n\n\n\n<p>&nbsp;O \u201cEmpreende Folia\u201d tamb\u00e9m contou com a participa\u00e7\u00e3o da Funda\u00e7\u00e3o Doutor Thomas (FDT), com mais de 60 idosos da institui\u00e7\u00e3o. O &#8220;Bloquinho dos Idosos&#8221; levou o tema &#8220;Alegria Sim, Viol\u00eancia Jamais!&#8221; pelas ruas do complexo tur\u00edstico Ponta Negra, ressaltando a import\u00e2ncia da prote\u00e7\u00e3o e respeito aos direitos dos idosos.<\/p>\n\n\n\n<p>&nbsp;\u201c\u00c9 uma imensa satisfa\u00e7\u00e3o ver nossos idosos participando ativamente deste grande evento. O Carnaval \u00e9 uma celebra\u00e7\u00e3o de alegria e inclus\u00e3o, e iniciativas como essa refor\u00e7am a import\u00e2ncia de proporcionar lazer, cultura e intera\u00e7\u00e3o social para as pessoas idosas. Hoje, contamos com a presen\u00e7a de idosos da Institui\u00e7\u00e3o de Longa Perman\u00eancia para Idosos (ILPI) e de frequentadores do Parque Municipal do Idoso, mostrando que a festa \u00e9 para todos. Esses momentos s\u00e3o importantes para promover a qualidade de vida e a inclus\u00e3o social das pessoas idosas\u201d, destacou o diretor-presidente da Funda\u00e7\u00e3o de Apoio ao Idoso Dr. Thomas, Eduardo Lucas.<\/p>\n\n\n\n<p>&#8212; &#8212; &#8212;<\/p>\n\n\n\n<p><strong>Texto<\/strong> &#8211; Luiza Maria (Semtepi)\/ F\u00e1bio Sim\u00f5es (FDT)<\/p>\n\n\n\n<p><strong>Fotos<\/strong> \u2013 Jo\u00e3o Viana\/Semcom<\/p>\n\n\n\n<p><strong>Dispon\u00edveis em<\/strong> &#8211; https:\/\/flic.kr\/s\/aHBqjC2MiH<\/p>\n","protected":false},"excerpt":{"rendered":"","protected":false},"author":23,"featured_media":5904,"comment_status":"closed","ping_status":"closed","sticky":false,"template":"","format":"standard","meta":{"footnotes":""},"categories":[1261],"tags":[758,1263,178,8,9],"acf":[],"yoast_head":"<!-- This site is optimized with the Yoast SEO plugin v23.0 - https:\/\/yoast.com\/wordpress\/plugins\/seo\/ -->\n<title>\u2018Empreende Folia 2025\u2019 fortalece economia criativa e leva alegria ao cal\u00e7ad\u00e3o da Ponta Negra<\/title>\n<meta name=\"description\" content=\"A Prefeitura de Manaus realizou, neste domingo, 16\/2, o primeiro grito de Carnaval do \u201cEmpreende Folia 2025\u201d, evento promovido pela Secretaria Municipal do Trabalho, Empreendedorismo e Inova\u00e7\u00e3o (Semtepi).\" \/>\n<meta name=\"robots\" content=\"noindex, follow\" \/>\n<meta property=\"og:locale\" content=\"pt_BR\" \/>\n<meta property=\"og:type\" content=\"article\" \/>\n<meta property=\"og:title\" content=\"\u2018Empreende Folia 2025\u2019 fortalece economia criativa e leva alegria ao cal\u00e7ad\u00e3o da Ponta Negra\" \/>\n<meta property=\"og:description\" content=\"A Prefeitura de Manaus realizou, neste domingo, 16\/2, o primeiro grito de Carnaval do \u201cEmpreende Folia 2025\u201d, evento promovido pela Secretaria Municipal do Trabalho, Empreendedorismo e Inova\u00e7\u00e3o (Semtepi).\" \/>\n<meta property=\"og:url\" content=\"https:\/\/www.manaus.am.gov.br\/semtepi\/artesanato\/prefeitura-semtepi-empreendefolia\/\" \/>\n<meta property=\"og:site_name\" content=\"SEMTEPI\" \/>\n<meta property=\"article:published_time\" content=\"2025-02-17T13:43:53+00:00\" \/>\n<meta property=\"article:modified_time\" content=\"2025-02-17T13:43:55+00:00\" \/>\n<meta property=\"og:image\" content=\"https:\/\/www.manaus.am.gov.br\/semtepi\/wp-content\/uploads\/sites\/20\/2025\/02\/54332770829_67cf67bd87_c.jpg\" \/>\n\t<meta property=\"og:image:width\" content=\"799\" \/>\n\t<meta property=\"og:image:height\" content=\"533\" \/>\n\t<meta property=\"og:image:type\" content=\"image\/jpeg\" \/>\n<meta name=\"author\" content=\"Adriana Costa\" \/>\n<meta name=\"twitter:card\" content=\"summary_large_image\" \/>\n<meta name=\"twitter:label1\" content=\"Written by\" \/>\n\t<meta name=\"twitter:data1\" content=\"Adriana Costa\" \/>\n\t<meta name=\"twitter:label2\" content=\"Est. reading time\" \/>\n\t<meta name=\"twitter:data2\" content=\"3 minutos\" \/>\n<script type=\"application\/ld+json\" class=\"yoast-schema-graph\">{\"@context\":\"https:\/\/schema.org\",\"@graph\":[{\"@type\":\"Article\",\"@id\":\"https:\/\/www.manaus.am.gov.br\/semtepi\/artesanato\/prefeitura-semtepi-empreendefolia\/#article\",\"isPartOf\":{\"@id\":\"https:\/\/www.manaus.am.gov.br\/semtepi\/artesanato\/prefeitura-semtepi-empreendefolia\/\"},\"author\":{\"name\":\"Adriana Costa\",\"@id\":\"https:\/\/www.manaus.am.gov.br\/semtepi\/#\/schema\/person\/4e49f4e267757a06ca072ec61b2b9968\"},\"headline\":\"\u2018Empreende Folia 2025\u2019 fortalece economia criativa e leva alegria ao cal\u00e7ad\u00e3o da Ponta Negra\",\"datePublished\":\"2025-02-17T13:43:53+00:00\",\"dateModified\":\"2025-02-17T13:43:55+00:00\",\"mainEntityOfPage\":{\"@id\":\"https:\/\/www.manaus.am.gov.br\/semtepi\/artesanato\/prefeitura-semtepi-empreendefolia\/\"},\"wordCount\":494,\"publisher\":{\"@id\":\"https:\/\/www.manaus.am.gov.br\/semtepi\/#organization\"},\"image\":{\"@id\":\"https:\/\/www.manaus.am.gov.br\/semtepi\/artesanato\/prefeitura-semtepi-empreendefolia\/#primaryimage\"},\"thumbnailUrl\":\"https:\/\/www.manaus.am.gov.br\/semtepi\/wp-content\/uploads\/sites\/20\/2025\/02\/54332770829_67cf67bd87_c.jpg\",\"keywords\":[\"artesanato\",\"Empreende Folia\",\"ponta negra\",\"prefeitura de manaus\",\"Semtepi\"],\"articleSection\":[\"Artesanato\"],\"inLanguage\":\"pt-BR\"},{\"@type\":\"WebPage\",\"@id\":\"https:\/\/www.manaus.am.gov.br\/semtepi\/artesanato\/prefeitura-semtepi-empreendefolia\/\",\"url\":\"https:\/\/www.manaus.am.gov.br\/semtepi\/artesanato\/prefeitura-semtepi-empreendefolia\/\",\"name\":\"\u2018Empreende Folia 2025\u2019 fortalece economia criativa e leva alegria ao cal\u00e7ad\u00e3o da Ponta Negra\",\"isPartOf\":{\"@id\":\"https:\/\/www.manaus.am.gov.br\/semtepi\/#website\"},\"primaryImageOfPage\":{\"@id\":\"https:\/\/www.manaus.am.gov.br\/semtepi\/artesanato\/prefeitura-semtepi-empreendefolia\/#primaryimage\"},\"image\":{\"@id\":\"https:\/\/www.manaus.am.gov.br\/semtepi\/artesanato\/prefeitura-semtepi-empreendefolia\/#primaryimage\"},\"thumbnailUrl\":\"https:\/\/www.manaus.am.gov.br\/semtepi\/wp-content\/uploads\/sites\/20\/2025\/02\/54332770829_67cf67bd87_c.jpg\",\"datePublished\":\"2025-02-17T13:43:53+00:00\",\"dateModified\":\"2025-02-17T13:43:55+00:00\",\"description\":\"A Prefeitura de Manaus realizou, neste domingo, 16\/2, o primeiro grito de Carnaval do \u201cEmpreende Folia 2025\u201d, evento promovido pela Secretaria Municipal do Trabalho, Empreendedorismo e Inova\u00e7\u00e3o (Semtepi).\",\"breadcrumb\":{\"@id\":\"https:\/\/www.manaus.am.gov.br\/semtepi\/artesanato\/prefeitura-semtepi-empreendefolia\/#breadcrumb\"},\"inLanguage\":\"pt-BR\",\"potentialAction\":[{\"@type\":\"ReadAction\",\"target\":[\"https:\/\/www.manaus.am.gov.br\/semtepi\/artesanato\/prefeitura-semtepi-empreendefolia\/\"]}]},{\"@type\":\"ImageObject\",\"inLanguage\":\"pt-BR\",\"@id\":\"https:\/\/www.manaus.am.gov.br\/semtepi\/artesanato\/prefeitura-semtepi-empreendefolia\/#primaryimage\",\"url\":\"https:\/\/www.manaus.am.gov.br\/semtepi\/wp-content\/uploads\/sites\/20\/2025\/02\/54332770829_67cf67bd87_c.jpg\",\"contentUrl\":\"https:\/\/www.manaus.am.gov.br\/semtepi\/wp-content\/uploads\/sites\/20\/2025\/02\/54332770829_67cf67bd87_c.jpg\",\"width\":799,\"height\":533},{\"@type\":\"BreadcrumbList\",\"@id\":\"https:\/\/www.manaus.am.gov.br\/semtepi\/artesanato\/prefeitura-semtepi-empreendefolia\/#breadcrumb\",\"itemListElement\":[{\"@type\":\"ListItem\",\"position\":1,\"name\":\"Home\",\"item\":\"https:\/\/www.manaus.am.gov.br\/semtepi\/\"},{\"@type\":\"ListItem\",\"position\":2,\"name\":\"\u2018Empreende Folia 2025\u2019 fortalece economia criativa e leva alegria ao cal\u00e7ad\u00e3o da Ponta Negra\"}]},{\"@type\":\"WebSite\",\"@id\":\"https:\/\/www.manaus.am.gov.br\/semtepi\/#website\",\"url\":\"https:\/\/www.manaus.am.gov.br\/semtepi\/\",\"name\":\"SEMTEPI\",\"description\":\"Prefeitura de Manaus\",\"publisher\":{\"@id\":\"https:\/\/www.manaus.am.gov.br\/semtepi\/#organization\"},\"alternateName\":\"Secretaria Municipal do Trabalho, Empreendedorismo e Inova\u00e7\u00e3o\",\"potentialAction\":[{\"@type\":\"SearchAction\",\"target\":{\"@type\":\"EntryPoint\",\"urlTemplate\":\"https:\/\/www.manaus.am.gov.br\/semtepi\/?s={search_term_string}\"},\"query-input\":\"required name=search_term_string\"}],\"inLanguage\":\"pt-BR\"},{\"@type\":\"Organization\",\"@id\":\"https:\/\/www.manaus.am.gov.br\/semtepi\/#organization\",\"name\":\"Prefeitura Municipal de Manaus\",\"alternateName\":\"Prefeitura de Manaus\",\"url\":\"https:\/\/www.manaus.am.gov.br\/semtepi\/\",\"logo\":{\"@type\":\"ImageObject\",\"inLanguage\":\"pt-BR\",\"@id\":\"https:\/\/www.manaus.am.gov.br\/semtepi\/#\/schema\/logo\/image\/\",\"url\":\"https:\/\/www.manaus.am.gov.br\/semtepi\/wp-content\/uploads\/sites\/20\/2024\/07\/favicon.png\",\"contentUrl\":\"https:\/\/www.manaus.am.gov.br\/semtepi\/wp-content\/uploads\/sites\/20\/2024\/07\/favicon.png\",\"width\":300,\"height\":300,\"caption\":\"Prefeitura Municipal de Manaus\"},\"image\":{\"@id\":\"https:\/\/www.manaus.am.gov.br\/semtepi\/#\/schema\/logo\/image\/\"}},{\"@type\":\"Person\",\"@id\":\"https:\/\/www.manaus.am.gov.br\/semtepi\/#\/schema\/person\/4e49f4e267757a06ca072ec61b2b9968\",\"name\":\"Adriana Costa\",\"image\":{\"@type\":\"ImageObject\",\"inLanguage\":\"pt-BR\",\"@id\":\"https:\/\/www.manaus.am.gov.br\/semtepi\/#\/schema\/person\/image\/\",\"url\":\"https:\/\/secure.gravatar.com\/avatar\/576258617ef7194f718179e766d57bd4?s=96&d=mm&r=g\",\"contentUrl\":\"https:\/\/secure.gravatar.com\/avatar\/576258617ef7194f718179e766d57bd4?s=96&d=mm&r=g\",\"caption\":\"Adriana Costa\"}}]}<\/script>\n<!-- \/ Yoast SEO plugin. -->","yoast_head_json":{"title":"\u2018Empreende Folia 2025\u2019 fortalece economia criativa e leva alegria ao cal\u00e7ad\u00e3o da Ponta Negra","description":"A Prefeitura de Manaus realizou, neste domingo, 16\/2, o primeiro grito de Carnaval do \u201cEmpreende Folia 2025\u201d, evento promovido pela Secretaria Municipal do Trabalho, Empreendedorismo e Inova\u00e7\u00e3o (Semtepi).","robots":{"index":"noindex","follow":"follow"},"og_locale":"pt_BR","og_type":"article","og_title":"\u2018Empreende Folia 2025\u2019 fortalece economia criativa e leva alegria ao cal\u00e7ad\u00e3o da Ponta Negra","og_description":"A Prefeitura de Manaus realizou, neste domingo, 16\/2, o primeiro grito de Carnaval do \u201cEmpreende Folia 2025\u201d, evento promovido pela Secretaria Municipal do Trabalho, Empreendedorismo e Inova\u00e7\u00e3o (Semtepi).","og_url":"https:\/\/www.manaus.am.gov.br\/semtepi\/artesanato\/prefeitura-semtepi-empreendefolia\/","og_site_name":"SEMTEPI","article_published_time":"2025-02-17T13:43:53+00:00","article_modified_time":"2025-02-17T13:43:55+00:00","og_image":[{"width":799,"height":533,"url":"https:\/\/www.manaus.am.gov.br\/semtepi\/wp-content\/uploads\/sites\/20\/2025\/02\/54332770829_67cf67bd87_c.jpg","type":"image\/jpeg"}],"author":"Adriana Costa","twitter_card":"summary_large_image","twitter_misc":{"Written by":"Adriana Costa","Est. reading time":"3 minutos"},"schema":{"@context":"https:\/\/schema.org","@graph":[{"@type":"Article","@id":"https:\/\/www.manaus.am.gov.br\/semtepi\/artesanato\/prefeitura-semtepi-empreendefolia\/#article","isPartOf":{"@id":"https:\/\/www.manaus.am.gov.br\/semtepi\/artesanato\/prefeitura-semtepi-empreendefolia\/"},"author":{"name":"Adriana Costa","@id":"https:\/\/www.manaus.am.gov.br\/semtepi\/#\/schema\/person\/4e49f4e267757a06ca072ec61b2b9968"},"headline":"\u2018Empreende Folia 2025\u2019 fortalece economia criativa e leva alegria ao cal\u00e7ad\u00e3o da Ponta Negra","datePublished":"2025-02-17T13:43:53+00:00","dateModified":"2025-02-17T13:43:55+00:00","mainEntityOfPage":{"@id":"https:\/\/www.manaus.am.gov.br\/semtepi\/artesanato\/prefeitura-semtepi-empreendefolia\/"},"wordCount":494,"publisher":{"@id":"https:\/\/www.manaus.am.gov.br\/semtepi\/#organization"},"image":{"@id":"https:\/\/www.manaus.am.gov.br\/semtepi\/artesanato\/prefeitura-semtepi-empreendefolia\/#primaryimage"},"thumbnailUrl":"https:\/\/www.manaus.am.gov.br\/semtepi\/wp-content\/uploads\/sites\/20\/2025\/02\/54332770829_67cf67bd87_c.jpg","keywords":["artesanato","Empreende Folia","ponta negra","prefeitura de manaus","Semtepi"],"articleSection":["Artesanato"],"inLanguage":"pt-BR"},{"@type":"WebPage","@id":"https:\/\/www.manaus.am.gov.br\/semtepi\/artesanato\/prefeitura-semtepi-empreendefolia\/","url":"https:\/\/www.manaus.am.gov.br\/semtepi\/artesanato\/prefeitura-semtepi-empreendefolia\/","name":"\u2018Empreende Folia 2025\u2019 fortalece economia criativa e leva alegria ao cal\u00e7ad\u00e3o da Ponta Negra","isPartOf":{"@id":"https:\/\/www.manaus.am.gov.br\/semtepi\/#website"},"primaryImageOfPage":{"@id":"https:\/\/www.manaus.am.gov.br\/semtepi\/artesanato\/prefeitura-semtepi-empreendefolia\/#primaryimage"},"image":{"@id":"https:\/\/www.manaus.am.gov.br\/semtepi\/artesanato\/prefeitura-semtepi-empreendefolia\/#primaryimage"},"thumbnailUrl":"https:\/\/www.manaus.am.gov.br\/semtepi\/wp-content\/uploads\/sites\/20\/2025\/02\/54332770829_67cf67bd87_c.jpg","datePublished":"2025-02-17T13:43:53+00:00","dateModified":"2025-02-17T13:43:55+00:00","description":"A Prefeitura de Manaus realizou, neste domingo, 16\/2, o primeiro grito de Carnaval do \u201cEmpreende Folia 2025\u201d, evento promovido pela Secretaria Municipal do Trabalho, Empreendedorismo e Inova\u00e7\u00e3o (Semtepi).","breadcrumb":{"@id":"https:\/\/www.manaus.am.gov.br\/semtepi\/artesanato\/prefeitura-semtepi-empreendefolia\/#breadcrumb"},"inLanguage":"pt-BR","potentialAction":[{"@type":"ReadAction","target":["https:\/\/www.manaus.am.gov.br\/semtepi\/artesanato\/prefeitura-semtepi-empreendefolia\/"]}]},{"@type":"ImageObject","inLanguage":"pt-BR","@id":"https:\/\/www.manaus.am.gov.br\/semtepi\/artesanato\/prefeitura-semtepi-empreendefolia\/#primaryimage","url":"https:\/\/www.manaus.am.gov.br\/semtepi\/wp-content\/uploads\/sites\/20\/2025\/02\/54332770829_67cf67bd87_c.jpg","contentUrl":"https:\/\/www.manaus.am.gov.br\/semtepi\/wp-content\/uploads\/sites\/20\/2025\/02\/54332770829_67cf67bd87_c.jpg","width":799,"height":533},{"@type":"BreadcrumbList","@id":"https:\/\/www.manaus.am.gov.br\/semtepi\/artesanato\/prefeitura-semtepi-empreendefolia\/#breadcrumb","itemListElement":[{"@type":"ListItem","position":1,"name":"Home","item":"https:\/\/www.manaus.am.gov.br\/semtepi\/"},{"@type":"ListItem","position":2,"name":"\u2018Empreende Folia 2025\u2019 fortalece economia criativa e leva alegria ao cal\u00e7ad\u00e3o da Ponta Negra"}]},{"@type":"WebSite","@id":"https:\/\/www.manaus.am.gov.br\/semtepi\/#website","url":"https:\/\/www.manaus.am.gov.br\/semtepi\/","name":"SEMTEPI","description":"Prefeitura de Manaus","publisher":{"@id":"https:\/\/www.manaus.am.gov.br\/semtepi\/#organization"},"alternateName":"Secretaria Municipal do Trabalho, Empreendedorismo e Inova\u00e7\u00e3o","potentialAction":[{"@type":"SearchAction","target":{"@type":"EntryPoint","urlTemplate":"https:\/\/www.manaus.am.gov.br\/semtepi\/?s={search_term_string}"},"query-input":"required name=search_term_string"}],"inLanguage":"pt-BR"},{"@type":"Organization","@id":"https:\/\/www.manaus.am.gov.br\/semtepi\/#organization","name":"Prefeitura Municipal de Manaus","alternateName":"Prefeitura de Manaus","url":"https:\/\/www.manaus.am.gov.br\/semtepi\/","logo":{"@type":"ImageObject","inLanguage":"pt-BR","@id":"https:\/\/www.manaus.am.gov.br\/semtepi\/#\/schema\/logo\/image\/","url":"https:\/\/www.manaus.am.gov.br\/semtepi\/wp-content\/uploads\/sites\/20\/2024\/07\/favicon.png","contentUrl":"https:\/\/www.manaus.am.gov.br\/semtepi\/wp-content\/uploads\/sites\/20\/2024\/07\/favicon.png","width":300,"height":300,"caption":"Prefeitura Municipal de Manaus"},"image":{"@id":"https:\/\/www.manaus.am.gov.br\/semtepi\/#\/schema\/logo\/image\/"}},{"@type":"Person","@id":"https:\/\/www.manaus.am.gov.br\/semtepi\/#\/schema\/person\/4e49f4e267757a06ca072ec61b2b9968","name":"Adriana Costa","image":{"@type":"ImageObject","inLanguage":"pt-BR","@id":"https:\/\/www.manaus.am.gov.br\/semtepi\/#\/schema\/person\/image\/","url":"https:\/\/secure.gravatar.com\/avatar\/576258617ef7194f718179e766d57bd4?s=96&d=mm&r=g","contentUrl":"https:\/\/secure.gravatar.com\/avatar\/576258617ef7194f718179e766d57bd4?s=96&d=mm&r=g","caption":"Adriana Costa"}}]}},"_links":{"self":[{"href":"https:\/\/www.manaus.am.gov.br\/semtepi\/wp-json\/wp\/v2\/posts\/5903"}],"collection":[{"href":"https:\/\/www.manaus.am.gov.br\/semtepi\/wp-json\/wp\/v2\/posts"}],"about":[{"href":"https:\/\/www.manaus.am.gov.br\/semtepi\/wp-json\/wp\/v2\/types\/post"}],"author":[{"embeddable":true,"href":"https:\/\/www.manaus.am.gov.br\/semtepi\/wp-json\/wp\/v2\/users\/23"}],"replies":[{"embeddable":true,"href":"https:\/\/www.manaus.am.gov.br\/semtepi\/wp-json\/wp\/v2\/comments?post=5903"}],"version-history":[{"count":0,"href":"https:\/\/www.manaus.am.gov.br\/semtepi\/wp-json\/wp\/v2\/posts\/5903\/revisions"}],"wp:featuredmedia":[{"embeddable":true,"href":"https:\/\/www.manaus.am.gov.br\/semtepi\/wp-json\/wp\/v2\/media\/5904"}],"wp:attachment":[{"href":"https:\/\/www.manaus.am.gov.br\/semtepi\/wp-json\/wp\/v2\/media?parent=5903"}],"wp:term":[{"taxonomy":"category","embeddable":true,"href":"https:\/\/www.manaus.am.gov.br\/semtepi\/wp-json\/wp\/v2\/categories?post=5903"},{"taxonomy":"post_tag","embeddable":true,"href":"https:\/\/www.manaus.am.gov.br\/semtepi\/wp-json\/wp\/v2\/tags?post=5903"}],"curies":[{"name":"wp","href":"https:\/\/api.w.org\/{rel}","templated":true}]}}