{"id":5796,"date":"2025-01-30T08:56:27","date_gmt":"2025-01-30T12:56:27","guid":{"rendered":"https:\/\/www.manaus.am.gov.br\/semtepi\/sem-categoria\/prefeitura-semtepi-cursos\/"},"modified":"2025-01-30T08:56:28","modified_gmt":"2025-01-30T12:56:28","slug":"prefeitura-semtepi-cursos","status":"publish","type":"post","link":"https:\/\/www.manaus.am.gov.br\/semtepi\/inscricoes\/prefeitura-semtepi-cursos\/","title":{"rendered":"Prefeitura de Manaus oferta 320 vagas em cursos gratuitos de qualifica\u00e7\u00e3o profissional"},"content":{"rendered":"\n<p>A Prefeitura de Manaus, por meio da Secretaria Municipal do Trabalho, Empreendedorismo e Inova\u00e7\u00e3o (Semtepi), em parceria com a empresa CEA Office Escola de Profiss\u00f5es, oferece, nesta quinta-feira, 30\/1, 320 vagas para quatro cursos gratuitos de qualifica\u00e7\u00e3o profissional. Todas as capacita\u00e7\u00f5es v\u00e3o acontecer das 8h \u00e0s 12h, no per\u00edodo de 3\/2 a 28\/3, no audit\u00f3rio da Central do Empreendedor, localizada no shopping Phelippe Daou, situado na avenida Camapu\u00e3, n\u00ba 2.939, bairro Cidade de Deus, zona Norte da capital.<\/p>\n\n\n\n<p>Intitulado \u201cConquiste seu lugar no mercado! Um m\u00eas para transformar sua carreira!\u201d, o pacote de cursos \u00e9 voltado para trabalhadores e empreendedores que desejam se qualificar para mercado de trabalho. Os cursos t\u00eam a finalidade de fornecer conhecimento em \u00e1reas promissoras ao desenvolvimento pessoal e profissional para que os participantes, imersos no empreendedorismo ou em busca de emprego, consigam se destacar.<\/p>\n\n\n\n<p>\u201cOs cursos oferecidos s\u00e3o uma excelente oportunidade para os trabalhadores e empreendedores da nossa cidade. A atua\u00e7\u00e3o do poder p\u00fablico na capacita\u00e7\u00e3o \u00e9 fundamental para fortalecer a economia e promover inclus\u00e3o social. Em um mercado de trabalho cada vez mais competitivo, muitas pessoas enfrentam dificuldades para se qualificar, seja por falta de recursos ou de acesso a cursos de qualidade. Por isso, convido a todos os interessados para se inscreverem e aproveitarem todo o conte\u00fado poss\u00edvel\u201d, destacou o titular da Semtepi, Alonso Oliveira.<\/p>\n\n\n\n<p>Os interessados devem ficar atentos ao per\u00edodo de execu\u00e7\u00e3o dos cursos, bem como o prazo e o link de inscri\u00e7\u00e3o, al\u00e9m da data de divulga\u00e7\u00e3o das listas com os nomes dos selecionados. As aulas ser\u00e3o ministradas em semanas diferentes, permitindo que os participantes se inscrevam em mais de um curso.<\/p>\n\n\n\n<p>&nbsp;Confira abaixo:<\/p>\n\n\n\n<p>Marketing Pessoal (3 a 7\/2)<\/p>\n\n\n\n<p>Inscri\u00e7\u00f5es: 30\/1, das 8h \u00e0s 17h Link:&nbsp;<a href=\"https:\/\/forms.gle\/qUiaeDF5cQuaA5rN9\" target=\"_blank\" rel=\"noreferrer noopener\">https:\/\/forms.gle\/qUiaeDF5cQuaA5rN9<\/a>.<\/p>\n\n\n\n<p>Lista de selecionados:&nbsp;31\/1, \u00e0s 12h<\/p>\n\n\n\n<p>Vagas: 80<\/p>\n\n\n\n<p>Orat\u00f3ria: tenha uma Comunica\u00e7\u00e3o Eficiente (17 a 21\/2)<\/p>\n\n\n\n<p>Inscri\u00e7\u00f5es: 13\/2, das 8h \u00e0s 17h Link:&nbsp;<a href=\"https:\/\/forms.gle\/bXErWz1BcimXWawj6\" target=\"_blank\" rel=\"noreferrer noopener\">https:\/\/forms.gle\/bXErWz1BcimXWawj6<\/a>.<\/p>\n\n\n\n<p>Lista de selecionados: 14\/2, \u00e0s 12h<\/p>\n\n\n\n<p>Vagas: 80<\/p>\n\n\n\n<p>Como se preparar para uma entrevista de Emprego (10 a 14\/3)<\/p>\n\n\n\n<p>Inscri\u00e7\u00f5es: 6\/3, das 8h \u00e0s 17h<\/p>\n\n\n\n<p>Link:&nbsp;<a href=\"https:\/\/forms.gle\/ZebCrU2tAkMMMCN9A\" target=\"_blank\" rel=\"noreferrer noopener\">https:\/\/forms.gle\/ZebCrU2tAkMMMCN9A<\/a>.<\/p>\n\n\n\n<p>Lista de selecionados: 7\/3, \u00e0s 12h<\/p>\n\n\n\n<p>Vagas: 80<\/p>\n\n\n\n<p>Como Criar um Curr\u00edculo que impressiona (24 a 28\/3)<\/p>\n\n\n\n<p>Inscri\u00e7\u00f5es: 20\/3, das 8h \u00e0s 17h Link:&nbsp;<a href=\"https:\/\/forms.gle\/JG5kWDdpegJNYcx58\" target=\"_blank\" rel=\"noreferrer noopener\">https:\/\/forms.gle\/JG5kWDdpegJNYcx58<\/a>.<\/p>\n\n\n\n<p>Lista de selecionados: 21\/3, \u00e0s 12h<\/p>\n\n\n\n<p>Vagas: 80<\/p>\n\n\n\n<p>&#8212; &#8212; &#8212;<\/p>\n\n\n\n<p><strong>Texto\u00a0<\/strong>\u2013 Fabiane Monteiro \/ Semtepi<\/p>\n\n\n\n<p><strong>Fotos<\/strong>\u00a0\u2013 Divulga\u00e7\u00e3o\/Semtepi<\/p>\n","protected":false},"excerpt":{"rendered":"","protected":false},"author":23,"featured_media":5797,"comment_status":"closed","ping_status":"closed","sticky":false,"template":"","format":"standard","meta":{"footnotes":""},"categories":[97],"tags":[1250,116,8,282,9],"acf":[],"yoast_head":"<!-- This site is optimized with the Yoast SEO plugin v23.0 - https:\/\/yoast.com\/wordpress\/plugins\/seo\/ -->\n<title>Prefeitura de Manaus oferta 320 vagas em cursos gratuitos de qualifica\u00e7\u00e3o profissional<\/title>\n<meta name=\"description\" content=\"A Prefeitura de Manaus, por meio da Secretaria Municipal do Trabalho, Empreendedorismo e Inova\u00e7\u00e3o (Semtepi), em parceria com a empresa CEA Office Escola de Profiss\u00f5es, oferece, nesta quinta-feira, 30\/1, 320 vagas para quatro cursos gratuitos de qualifica\u00e7\u00e3o profissional. Todas as capacita\u00e7\u00f5es v\u00e3o acontecer das 8h \u00e0s 12h, no per\u00edodo de 3\/2 a 28\/3, no audit\u00f3rio da Central do Empreendedor, localizada no shopping Phelippe Daou, situado na avenida Camapu\u00e3, n\u00ba 2.939, bairro Cidade de Deus, zona Norte da capital.\" \/>\n<meta name=\"robots\" content=\"noindex, follow\" \/>\n<meta property=\"og:locale\" content=\"pt_BR\" \/>\n<meta property=\"og:type\" content=\"article\" \/>\n<meta property=\"og:title\" content=\"Prefeitura de Manaus oferta 320 vagas em cursos gratuitos de qualifica\u00e7\u00e3o profissional\" \/>\n<meta property=\"og:description\" content=\"A Prefeitura de Manaus, por meio da Secretaria Municipal do Trabalho, Empreendedorismo e Inova\u00e7\u00e3o (Semtepi), em parceria com a empresa CEA Office Escola de Profiss\u00f5es, oferece, nesta quinta-feira, 30\/1, 320 vagas para quatro cursos gratuitos de qualifica\u00e7\u00e3o profissional. Todas as capacita\u00e7\u00f5es v\u00e3o acontecer das 8h \u00e0s 12h, no per\u00edodo de 3\/2 a 28\/3, no audit\u00f3rio da Central do Empreendedor, localizada no shopping Phelippe Daou, situado na avenida Camapu\u00e3, n\u00ba 2.939, bairro Cidade de Deus, zona Norte da capital.\" \/>\n<meta property=\"og:url\" content=\"https:\/\/www.manaus.am.gov.br\/semtepi\/inscricoes\/prefeitura-semtepi-cursos\/\" \/>\n<meta property=\"og:site_name\" content=\"SEMTEPI\" \/>\n<meta property=\"article:published_time\" content=\"2025-01-30T12:56:27+00:00\" \/>\n<meta property=\"article:modified_time\" content=\"2025-01-30T12:56:28+00:00\" \/>\n<meta property=\"og:image\" content=\"https:\/\/www.manaus.am.gov.br\/semtepi\/wp-content\/uploads\/sites\/20\/2025\/01\/IMG_5748.jpeg\" \/>\n\t<meta property=\"og:image:width\" content=\"2048\" \/>\n\t<meta property=\"og:image:height\" content=\"1536\" \/>\n\t<meta property=\"og:image:type\" content=\"image\/jpeg\" \/>\n<meta name=\"author\" content=\"Adriana Costa\" \/>\n<meta name=\"twitter:card\" content=\"summary_large_image\" \/>\n<meta name=\"twitter:label1\" content=\"Written by\" \/>\n\t<meta name=\"twitter:data1\" content=\"Adriana Costa\" \/>\n\t<meta name=\"twitter:label2\" content=\"Est. reading time\" \/>\n\t<meta name=\"twitter:data2\" content=\"3 minutos\" \/>\n<script type=\"application\/ld+json\" class=\"yoast-schema-graph\">{\"@context\":\"https:\/\/schema.org\",\"@graph\":[{\"@type\":\"Article\",\"@id\":\"https:\/\/www.manaus.am.gov.br\/semtepi\/inscricoes\/prefeitura-semtepi-cursos\/#article\",\"isPartOf\":{\"@id\":\"https:\/\/www.manaus.am.gov.br\/semtepi\/inscricoes\/prefeitura-semtepi-cursos\/\"},\"author\":{\"name\":\"Adriana Costa\",\"@id\":\"https:\/\/www.manaus.am.gov.br\/semtepi\/#\/schema\/person\/4e49f4e267757a06ca072ec61b2b9968\"},\"headline\":\"Prefeitura de Manaus oferta 320 vagas em cursos gratuitos de qualifica\u00e7\u00e3o profissional\",\"datePublished\":\"2025-01-30T12:56:27+00:00\",\"dateModified\":\"2025-01-30T12:56:28+00:00\",\"mainEntityOfPage\":{\"@id\":\"https:\/\/www.manaus.am.gov.br\/semtepi\/inscricoes\/prefeitura-semtepi-cursos\/\"},\"wordCount\":420,\"publisher\":{\"@id\":\"https:\/\/www.manaus.am.gov.br\/semtepi\/#organization\"},\"image\":{\"@id\":\"https:\/\/www.manaus.am.gov.br\/semtepi\/inscricoes\/prefeitura-semtepi-cursos\/#primaryimage\"},\"thumbnailUrl\":\"https:\/\/www.manaus.am.gov.br\/semtepi\/wp-content\/uploads\/sites\/20\/2025\/01\/IMG_5748.jpeg\",\"keywords\":[\"cursos gratuitos\",\"inscri\u00e7\u00f5es\",\"prefeitura de manaus\",\"qualifica\u00e7\u00e3o profissional\",\"Semtepi\"],\"articleSection\":[\"Inscri\u00e7\u00f5es\"],\"inLanguage\":\"pt-BR\"},{\"@type\":\"WebPage\",\"@id\":\"https:\/\/www.manaus.am.gov.br\/semtepi\/inscricoes\/prefeitura-semtepi-cursos\/\",\"url\":\"https:\/\/www.manaus.am.gov.br\/semtepi\/inscricoes\/prefeitura-semtepi-cursos\/\",\"name\":\"Prefeitura de Manaus oferta 320 vagas em cursos gratuitos de qualifica\u00e7\u00e3o profissional\",\"isPartOf\":{\"@id\":\"https:\/\/www.manaus.am.gov.br\/semtepi\/#website\"},\"primaryImageOfPage\":{\"@id\":\"https:\/\/www.manaus.am.gov.br\/semtepi\/inscricoes\/prefeitura-semtepi-cursos\/#primaryimage\"},\"image\":{\"@id\":\"https:\/\/www.manaus.am.gov.br\/semtepi\/inscricoes\/prefeitura-semtepi-cursos\/#primaryimage\"},\"thumbnailUrl\":\"https:\/\/www.manaus.am.gov.br\/semtepi\/wp-content\/uploads\/sites\/20\/2025\/01\/IMG_5748.jpeg\",\"datePublished\":\"2025-01-30T12:56:27+00:00\",\"dateModified\":\"2025-01-30T12:56:28+00:00\",\"description\":\"A Prefeitura de Manaus, por meio da Secretaria Municipal do Trabalho, Empreendedorismo e Inova\u00e7\u00e3o (Semtepi), em parceria com a empresa CEA Office Escola de Profiss\u00f5es, oferece, nesta quinta-feira, 30\/1, 320 vagas para quatro cursos gratuitos de qualifica\u00e7\u00e3o profissional. Todas as capacita\u00e7\u00f5es v\u00e3o acontecer das 8h \u00e0s 12h, no per\u00edodo de 3\/2 a 28\/3, no audit\u00f3rio da Central do Empreendedor, localizada no shopping Phelippe Daou, situado na avenida Camapu\u00e3, n\u00ba 2.939, bairro Cidade de Deus, zona Norte da capital.\",\"breadcrumb\":{\"@id\":\"https:\/\/www.manaus.am.gov.br\/semtepi\/inscricoes\/prefeitura-semtepi-cursos\/#breadcrumb\"},\"inLanguage\":\"pt-BR\",\"potentialAction\":[{\"@type\":\"ReadAction\",\"target\":[\"https:\/\/www.manaus.am.gov.br\/semtepi\/inscricoes\/prefeitura-semtepi-cursos\/\"]}]},{\"@type\":\"ImageObject\",\"inLanguage\":\"pt-BR\",\"@id\":\"https:\/\/www.manaus.am.gov.br\/semtepi\/inscricoes\/prefeitura-semtepi-cursos\/#primaryimage\",\"url\":\"https:\/\/www.manaus.am.gov.br\/semtepi\/wp-content\/uploads\/sites\/20\/2025\/01\/IMG_5748.jpeg\",\"contentUrl\":\"https:\/\/www.manaus.am.gov.br\/semtepi\/wp-content\/uploads\/sites\/20\/2025\/01\/IMG_5748.jpeg\",\"width\":2048,\"height\":1536},{\"@type\":\"BreadcrumbList\",\"@id\":\"https:\/\/www.manaus.am.gov.br\/semtepi\/inscricoes\/prefeitura-semtepi-cursos\/#breadcrumb\",\"itemListElement\":[{\"@type\":\"ListItem\",\"position\":1,\"name\":\"Home\",\"item\":\"https:\/\/www.manaus.am.gov.br\/semtepi\/\"},{\"@type\":\"ListItem\",\"position\":2,\"name\":\"Prefeitura de Manaus oferta 320 vagas em cursos gratuitos de qualifica\u00e7\u00e3o profissional\"}]},{\"@type\":\"WebSite\",\"@id\":\"https:\/\/www.manaus.am.gov.br\/semtepi\/#website\",\"url\":\"https:\/\/www.manaus.am.gov.br\/semtepi\/\",\"name\":\"SEMTEPI\",\"description\":\"Prefeitura de Manaus\",\"publisher\":{\"@id\":\"https:\/\/www.manaus.am.gov.br\/semtepi\/#organization\"},\"alternateName\":\"Secretaria Municipal do Trabalho, Empreendedorismo e Inova\u00e7\u00e3o\",\"potentialAction\":[{\"@type\":\"SearchAction\",\"target\":{\"@type\":\"EntryPoint\",\"urlTemplate\":\"https:\/\/www.manaus.am.gov.br\/semtepi\/?s={search_term_string}\"},\"query-input\":\"required name=search_term_string\"}],\"inLanguage\":\"pt-BR\"},{\"@type\":\"Organization\",\"@id\":\"https:\/\/www.manaus.am.gov.br\/semtepi\/#organization\",\"name\":\"Prefeitura Municipal de Manaus\",\"alternateName\":\"Prefeitura de Manaus\",\"url\":\"https:\/\/www.manaus.am.gov.br\/semtepi\/\",\"logo\":{\"@type\":\"ImageObject\",\"inLanguage\":\"pt-BR\",\"@id\":\"https:\/\/www.manaus.am.gov.br\/semtepi\/#\/schema\/logo\/image\/\",\"url\":\"https:\/\/www.manaus.am.gov.br\/semtepi\/wp-content\/uploads\/sites\/20\/2024\/07\/favicon.png\",\"contentUrl\":\"https:\/\/www.manaus.am.gov.br\/semtepi\/wp-content\/uploads\/sites\/20\/2024\/07\/favicon.png\",\"width\":300,\"height\":300,\"caption\":\"Prefeitura Municipal de Manaus\"},\"image\":{\"@id\":\"https:\/\/www.manaus.am.gov.br\/semtepi\/#\/schema\/logo\/image\/\"}},{\"@type\":\"Person\",\"@id\":\"https:\/\/www.manaus.am.gov.br\/semtepi\/#\/schema\/person\/4e49f4e267757a06ca072ec61b2b9968\",\"name\":\"Adriana Costa\",\"image\":{\"@type\":\"ImageObject\",\"inLanguage\":\"pt-BR\",\"@id\":\"https:\/\/www.manaus.am.gov.br\/semtepi\/#\/schema\/person\/image\/\",\"url\":\"https:\/\/secure.gravatar.com\/avatar\/576258617ef7194f718179e766d57bd4?s=96&d=mm&r=g\",\"contentUrl\":\"https:\/\/secure.gravatar.com\/avatar\/576258617ef7194f718179e766d57bd4?s=96&d=mm&r=g\",\"caption\":\"Adriana Costa\"}}]}<\/script>\n<!-- \/ Yoast SEO plugin. -->","yoast_head_json":{"title":"Prefeitura de Manaus oferta 320 vagas em cursos gratuitos de qualifica\u00e7\u00e3o profissional","description":"A Prefeitura de Manaus, por meio da Secretaria Municipal do Trabalho, Empreendedorismo e Inova\u00e7\u00e3o (Semtepi), em parceria com a empresa CEA Office Escola de Profiss\u00f5es, oferece, nesta quinta-feira, 30\/1, 320 vagas para quatro cursos gratuitos de qualifica\u00e7\u00e3o profissional. Todas as capacita\u00e7\u00f5es v\u00e3o acontecer das 8h \u00e0s 12h, no per\u00edodo de 3\/2 a 28\/3, no audit\u00f3rio da Central do Empreendedor, localizada no shopping Phelippe Daou, situado na avenida Camapu\u00e3, n\u00ba 2.939, bairro Cidade de Deus, zona Norte da capital.","robots":{"index":"noindex","follow":"follow"},"og_locale":"pt_BR","og_type":"article","og_title":"Prefeitura de Manaus oferta 320 vagas em cursos gratuitos de qualifica\u00e7\u00e3o profissional","og_description":"A Prefeitura de Manaus, por meio da Secretaria Municipal do Trabalho, Empreendedorismo e Inova\u00e7\u00e3o (Semtepi), em parceria com a empresa CEA Office Escola de Profiss\u00f5es, oferece, nesta quinta-feira, 30\/1, 320 vagas para quatro cursos gratuitos de qualifica\u00e7\u00e3o profissional. Todas as capacita\u00e7\u00f5es v\u00e3o acontecer das 8h \u00e0s 12h, no per\u00edodo de 3\/2 a 28\/3, no audit\u00f3rio da Central do Empreendedor, localizada no shopping Phelippe Daou, situado na avenida Camapu\u00e3, n\u00ba 2.939, bairro Cidade de Deus, zona Norte da capital.","og_url":"https:\/\/www.manaus.am.gov.br\/semtepi\/inscricoes\/prefeitura-semtepi-cursos\/","og_site_name":"SEMTEPI","article_published_time":"2025-01-30T12:56:27+00:00","article_modified_time":"2025-01-30T12:56:28+00:00","og_image":[{"width":2048,"height":1536,"url":"https:\/\/www.manaus.am.gov.br\/semtepi\/wp-content\/uploads\/sites\/20\/2025\/01\/IMG_5748.jpeg","type":"image\/jpeg"}],"author":"Adriana Costa","twitter_card":"summary_large_image","twitter_misc":{"Written by":"Adriana Costa","Est. reading time":"3 minutos"},"schema":{"@context":"https:\/\/schema.org","@graph":[{"@type":"Article","@id":"https:\/\/www.manaus.am.gov.br\/semtepi\/inscricoes\/prefeitura-semtepi-cursos\/#article","isPartOf":{"@id":"https:\/\/www.manaus.am.gov.br\/semtepi\/inscricoes\/prefeitura-semtepi-cursos\/"},"author":{"name":"Adriana Costa","@id":"https:\/\/www.manaus.am.gov.br\/semtepi\/#\/schema\/person\/4e49f4e267757a06ca072ec61b2b9968"},"headline":"Prefeitura de Manaus oferta 320 vagas em cursos gratuitos de qualifica\u00e7\u00e3o profissional","datePublished":"2025-01-30T12:56:27+00:00","dateModified":"2025-01-30T12:56:28+00:00","mainEntityOfPage":{"@id":"https:\/\/www.manaus.am.gov.br\/semtepi\/inscricoes\/prefeitura-semtepi-cursos\/"},"wordCount":420,"publisher":{"@id":"https:\/\/www.manaus.am.gov.br\/semtepi\/#organization"},"image":{"@id":"https:\/\/www.manaus.am.gov.br\/semtepi\/inscricoes\/prefeitura-semtepi-cursos\/#primaryimage"},"thumbnailUrl":"https:\/\/www.manaus.am.gov.br\/semtepi\/wp-content\/uploads\/sites\/20\/2025\/01\/IMG_5748.jpeg","keywords":["cursos gratuitos","inscri\u00e7\u00f5es","prefeitura de manaus","qualifica\u00e7\u00e3o profissional","Semtepi"],"articleSection":["Inscri\u00e7\u00f5es"],"inLanguage":"pt-BR"},{"@type":"WebPage","@id":"https:\/\/www.manaus.am.gov.br\/semtepi\/inscricoes\/prefeitura-semtepi-cursos\/","url":"https:\/\/www.manaus.am.gov.br\/semtepi\/inscricoes\/prefeitura-semtepi-cursos\/","name":"Prefeitura de Manaus oferta 320 vagas em cursos gratuitos de qualifica\u00e7\u00e3o profissional","isPartOf":{"@id":"https:\/\/www.manaus.am.gov.br\/semtepi\/#website"},"primaryImageOfPage":{"@id":"https:\/\/www.manaus.am.gov.br\/semtepi\/inscricoes\/prefeitura-semtepi-cursos\/#primaryimage"},"image":{"@id":"https:\/\/www.manaus.am.gov.br\/semtepi\/inscricoes\/prefeitura-semtepi-cursos\/#primaryimage"},"thumbnailUrl":"https:\/\/www.manaus.am.gov.br\/semtepi\/wp-content\/uploads\/sites\/20\/2025\/01\/IMG_5748.jpeg","datePublished":"2025-01-30T12:56:27+00:00","dateModified":"2025-01-30T12:56:28+00:00","description":"A Prefeitura de Manaus, por meio da Secretaria Municipal do Trabalho, Empreendedorismo e Inova\u00e7\u00e3o (Semtepi), em parceria com a empresa CEA Office Escola de Profiss\u00f5es, oferece, nesta quinta-feira, 30\/1, 320 vagas para quatro cursos gratuitos de qualifica\u00e7\u00e3o profissional. Todas as capacita\u00e7\u00f5es v\u00e3o acontecer das 8h \u00e0s 12h, no per\u00edodo de 3\/2 a 28\/3, no audit\u00f3rio da Central do Empreendedor, localizada no shopping Phelippe Daou, situado na avenida Camapu\u00e3, n\u00ba 2.939, bairro Cidade de Deus, zona Norte da capital.","breadcrumb":{"@id":"https:\/\/www.manaus.am.gov.br\/semtepi\/inscricoes\/prefeitura-semtepi-cursos\/#breadcrumb"},"inLanguage":"pt-BR","potentialAction":[{"@type":"ReadAction","target":["https:\/\/www.manaus.am.gov.br\/semtepi\/inscricoes\/prefeitura-semtepi-cursos\/"]}]},{"@type":"ImageObject","inLanguage":"pt-BR","@id":"https:\/\/www.manaus.am.gov.br\/semtepi\/inscricoes\/prefeitura-semtepi-cursos\/#primaryimage","url":"https:\/\/www.manaus.am.gov.br\/semtepi\/wp-content\/uploads\/sites\/20\/2025\/01\/IMG_5748.jpeg","contentUrl":"https:\/\/www.manaus.am.gov.br\/semtepi\/wp-content\/uploads\/sites\/20\/2025\/01\/IMG_5748.jpeg","width":2048,"height":1536},{"@type":"BreadcrumbList","@id":"https:\/\/www.manaus.am.gov.br\/semtepi\/inscricoes\/prefeitura-semtepi-cursos\/#breadcrumb","itemListElement":[{"@type":"ListItem","position":1,"name":"Home","item":"https:\/\/www.manaus.am.gov.br\/semtepi\/"},{"@type":"ListItem","position":2,"name":"Prefeitura de Manaus oferta 320 vagas em cursos gratuitos de qualifica\u00e7\u00e3o profissional"}]},{"@type":"WebSite","@id":"https:\/\/www.manaus.am.gov.br\/semtepi\/#website","url":"https:\/\/www.manaus.am.gov.br\/semtepi\/","name":"SEMTEPI","description":"Prefeitura de Manaus","publisher":{"@id":"https:\/\/www.manaus.am.gov.br\/semtepi\/#organization"},"alternateName":"Secretaria Municipal do Trabalho, Empreendedorismo e Inova\u00e7\u00e3o","potentialAction":[{"@type":"SearchAction","target":{"@type":"EntryPoint","urlTemplate":"https:\/\/www.manaus.am.gov.br\/semtepi\/?s={search_term_string}"},"query-input":"required name=search_term_string"}],"inLanguage":"pt-BR"},{"@type":"Organization","@id":"https:\/\/www.manaus.am.gov.br\/semtepi\/#organization","name":"Prefeitura Municipal de Manaus","alternateName":"Prefeitura de Manaus","url":"https:\/\/www.manaus.am.gov.br\/semtepi\/","logo":{"@type":"ImageObject","inLanguage":"pt-BR","@id":"https:\/\/www.manaus.am.gov.br\/semtepi\/#\/schema\/logo\/image\/","url":"https:\/\/www.manaus.am.gov.br\/semtepi\/wp-content\/uploads\/sites\/20\/2024\/07\/favicon.png","contentUrl":"https:\/\/www.manaus.am.gov.br\/semtepi\/wp-content\/uploads\/sites\/20\/2024\/07\/favicon.png","width":300,"height":300,"caption":"Prefeitura Municipal de Manaus"},"image":{"@id":"https:\/\/www.manaus.am.gov.br\/semtepi\/#\/schema\/logo\/image\/"}},{"@type":"Person","@id":"https:\/\/www.manaus.am.gov.br\/semtepi\/#\/schema\/person\/4e49f4e267757a06ca072ec61b2b9968","name":"Adriana Costa","image":{"@type":"ImageObject","inLanguage":"pt-BR","@id":"https:\/\/www.manaus.am.gov.br\/semtepi\/#\/schema\/person\/image\/","url":"https:\/\/secure.gravatar.com\/avatar\/576258617ef7194f718179e766d57bd4?s=96&d=mm&r=g","contentUrl":"https:\/\/secure.gravatar.com\/avatar\/576258617ef7194f718179e766d57bd4?s=96&d=mm&r=g","caption":"Adriana Costa"}}]}},"_links":{"self":[{"href":"https:\/\/www.manaus.am.gov.br\/semtepi\/wp-json\/wp\/v2\/posts\/5796"}],"collection":[{"href":"https:\/\/www.manaus.am.gov.br\/semtepi\/wp-json\/wp\/v2\/posts"}],"about":[{"href":"https:\/\/www.manaus.am.gov.br\/semtepi\/wp-json\/wp\/v2\/types\/post"}],"author":[{"embeddable":true,"href":"https:\/\/www.manaus.am.gov.br\/semtepi\/wp-json\/wp\/v2\/users\/23"}],"replies":[{"embeddable":true,"href":"https:\/\/www.manaus.am.gov.br\/semtepi\/wp-json\/wp\/v2\/comments?post=5796"}],"version-history":[{"count":0,"href":"https:\/\/www.manaus.am.gov.br\/semtepi\/wp-json\/wp\/v2\/posts\/5796\/revisions"}],"wp:featuredmedia":[{"embeddable":true,"href":"https:\/\/www.manaus.am.gov.br\/semtepi\/wp-json\/wp\/v2\/media\/5797"}],"wp:attachment":[{"href":"https:\/\/www.manaus.am.gov.br\/semtepi\/wp-json\/wp\/v2\/media?parent=5796"}],"wp:term":[{"taxonomy":"category","embeddable":true,"href":"https:\/\/www.manaus.am.gov.br\/semtepi\/wp-json\/wp\/v2\/categories?post=5796"},{"taxonomy":"post_tag","embeddable":true,"href":"https:\/\/www.manaus.am.gov.br\/semtepi\/wp-json\/wp\/v2\/tags?post=5796"}],"curies":[{"name":"wp","href":"https:\/\/api.w.org\/{rel}","templated":true}]}}