{"id":5611,"date":"2024-12-19T14:46:01","date_gmt":"2024-12-19T18:46:01","guid":{"rendered":"https:\/\/www.manaus.am.gov.br\/semtepi\/sem-categoria\/central-do-empreendedor-manaus\/"},"modified":"2024-12-19T14:46:01","modified_gmt":"2024-12-19T18:46:01","slug":"central-do-empreendedor-manaus","status":"publish","type":"post","link":"https:\/\/www.manaus.am.gov.br\/semtepi\/atendimento\/central-do-empreendedor-manaus\/","title":{"rendered":"Central do Empreendedor completa um ano de funcionamento em Manaus"},"content":{"rendered":"\n<p>A primeira Central do Empreendedor do Brasil completa, nesta quinta-feira, 19\/12, um ano de funcionamento nas depend\u00eancias do shopping Phelippe Daou, localizado na avenida Camapu\u00e3, bairro Cidade de Deus, zona Norte da capital. O espa\u00e7o, administrado pela Prefeitura de Manaus, por meio da Secretaria Municipal do Trabalho, Empreendedorismo e Inova\u00e7\u00e3o (Semtepi), j\u00e1 recebeu mais de 5,3 mil pessoas, que participaram de cursos, workshops, palestras e processos seletivos.<\/p>\n\n\n\n<p>Desde a inaugura\u00e7\u00e3o do espa\u00e7o, foram realizados mais de 160 agendamentos, cerca de 60 cursos, palestras e oficinas e o atendimento de 5.344 pessoas, al\u00e9m de mais de 160 parcerias com empresas da iniciativa privada.<\/p>\n\n\n\n<p>\u201cCelebrar o primeiro anivers\u00e1rio da Central do Empreendedor \u00e9 um momento para refletir sobre as conquistas alcan\u00e7adas ao longo do ano. O espa\u00e7o \u00e9 um ponto de apoio essencial para capacita\u00e7\u00e3o e qualifica\u00e7\u00e3o, servi\u00e7os e informa\u00e7\u00f5es destinados aos pequenos empreendedores das zonas Norte e Leste de Manaus, incluindo as parcerias formadas com grandes organiza\u00e7\u00f5es, fortalecendo o ecossistema empresarial local. Parab\u00e9ns \u00e0 nossa equipe, que n\u00e3o mediu esfor\u00e7os para este resultado incr\u00edvel\u201d, frisou o titular da pasta, Wagno Oliveira.<\/p>\n\n\n\n<p>O local \u00e9 gratuito e conta com um coworking p\u00fablico com 23 esta\u00e7\u00f5es de trabalho e salas de reuni\u00f5es com oito lugares, televis\u00e3o, pontos de energia, acesso Wi-Fi, mesas e cadeiras que podem ser utilizados mediante agendamento no link <a href=\"https:\/\/minhaagendavirtual.com.br\/centraldoempreendedor\">https:\/\/minhaagendavirtual.com.br\/centraldoempreendedor<\/a>.&nbsp;<\/p>\n\n\n\n<p>Al\u00e9m disso, a Central do Empreendedor abriga a 1\u00aa Casa do Trabalhador de Manaus, que oferece servi\u00e7os como vagas de emprego intermediadas pelo Sine Manaus, atendimento psicol\u00f3gico, assist\u00eancia social e aulas de qualifica\u00e7\u00e3o profissional.<\/p>\n\n\n\n<p>O posto tamb\u00e9m conta com as diretrizes de vestimenta dos usu\u00e1rios, proibindo a entrada de trajes como bermudas, shorts, minissaias, camisetas regatas e chinelos durante a entrada.<br><br>\u2014 \u2014 \u2014<br><strong>Texto \u2013 <\/strong>Fabiane Monteiro \/ Semtepi<br><strong>Fotos \u2013 <\/strong>Divulga\u00e7\u00e3o \/ Semcom<\/p>\n","protected":false},"excerpt":{"rendered":"","protected":false},"author":68,"featured_media":5612,"comment_status":"closed","ping_status":"closed","sticky":false,"template":"","format":"standard","meta":{"footnotes":""},"categories":[46],"tags":[885,190,8,9,1041],"acf":[],"yoast_head":"<!-- This site is optimized with the Yoast SEO plugin v23.0 - https:\/\/yoast.com\/wordpress\/plugins\/seo\/ -->\n<title>Central do Empreendedor completa um ano de funcionamento em Manaus<\/title>\n<meta name=\"description\" content=\"A primeira Central do Empreendedor do Brasil completa, nesta quinta-feira, 19\/12, um ano de funcionamento nas depend\u00eancias do shopping Phelippe Daou.\" \/>\n<meta name=\"robots\" content=\"noindex, follow\" \/>\n<meta property=\"og:locale\" content=\"pt_BR\" \/>\n<meta property=\"og:type\" content=\"article\" \/>\n<meta property=\"og:title\" content=\"Central do Empreendedor completa um ano de funcionamento em Manaus\" \/>\n<meta property=\"og:description\" content=\"A primeira Central do Empreendedor do Brasil completa, nesta quinta-feira, 19\/12, um ano de funcionamento nas depend\u00eancias do shopping Phelippe Daou.\" \/>\n<meta property=\"og:url\" content=\"https:\/\/www.manaus.am.gov.br\/semtepi\/atendimento\/central-do-empreendedor-manaus\/\" \/>\n<meta property=\"og:site_name\" content=\"SEMTEPI\" \/>\n<meta property=\"article:published_time\" content=\"2024-12-19T18:46:01+00:00\" \/>\n<meta property=\"og:image\" content=\"https:\/\/www.manaus.am.gov.br\/semtepi\/wp-content\/uploads\/sites\/20\/2024\/12\/Central-do-Empreendedor-completa-um-ano-de-funcionamento-em-Manaus-3.jpg\" \/>\n\t<meta property=\"og:image:width\" content=\"800\" \/>\n\t<meta property=\"og:image:height\" content=\"533\" \/>\n\t<meta property=\"og:image:type\" content=\"image\/jpeg\" \/>\n<meta name=\"author\" content=\"bvalente\" \/>\n<meta name=\"twitter:card\" content=\"summary_large_image\" \/>\n<meta name=\"twitter:label1\" content=\"Written by\" \/>\n\t<meta name=\"twitter:data1\" content=\"bvalente\" \/>\n\t<meta name=\"twitter:label2\" content=\"Est. reading time\" \/>\n\t<meta name=\"twitter:data2\" content=\"2 minutos\" \/>\n<script type=\"application\/ld+json\" class=\"yoast-schema-graph\">{\"@context\":\"https:\/\/schema.org\",\"@graph\":[{\"@type\":\"Article\",\"@id\":\"https:\/\/www.manaus.am.gov.br\/semtepi\/atendimento\/central-do-empreendedor-manaus\/#article\",\"isPartOf\":{\"@id\":\"https:\/\/www.manaus.am.gov.br\/semtepi\/atendimento\/central-do-empreendedor-manaus\/\"},\"author\":{\"name\":\"bvalente\",\"@id\":\"https:\/\/www.manaus.am.gov.br\/semtepi\/#\/schema\/person\/466a0e03ae4b6062809046bd560ac955\"},\"headline\":\"Central do Empreendedor completa um ano de funcionamento em Manaus\",\"datePublished\":\"2024-12-19T18:46:01+00:00\",\"dateModified\":\"2024-12-19T18:46:01+00:00\",\"mainEntityOfPage\":{\"@id\":\"https:\/\/www.manaus.am.gov.br\/semtepi\/atendimento\/central-do-empreendedor-manaus\/\"},\"wordCount\":321,\"publisher\":{\"@id\":\"https:\/\/www.manaus.am.gov.br\/semtepi\/#organization\"},\"image\":{\"@id\":\"https:\/\/www.manaus.am.gov.br\/semtepi\/atendimento\/central-do-empreendedor-manaus\/#primaryimage\"},\"thumbnailUrl\":\"https:\/\/www.manaus.am.gov.br\/semtepi\/wp-content\/uploads\/sites\/20\/2024\/12\/Central-do-Empreendedor-completa-um-ano-de-funcionamento-em-Manaus-3.jpg\",\"keywords\":[\"Central do Empreendedor\",\"empreendedorismo e inova\u00e7\u00e3o\",\"prefeitura de manaus\",\"Semtepi\",\"sine manaus trabalho\"],\"articleSection\":[\"Atendimento\"],\"inLanguage\":\"pt-BR\"},{\"@type\":\"WebPage\",\"@id\":\"https:\/\/www.manaus.am.gov.br\/semtepi\/atendimento\/central-do-empreendedor-manaus\/\",\"url\":\"https:\/\/www.manaus.am.gov.br\/semtepi\/atendimento\/central-do-empreendedor-manaus\/\",\"name\":\"Central do Empreendedor completa um ano de funcionamento em Manaus\",\"isPartOf\":{\"@id\":\"https:\/\/www.manaus.am.gov.br\/semtepi\/#website\"},\"primaryImageOfPage\":{\"@id\":\"https:\/\/www.manaus.am.gov.br\/semtepi\/atendimento\/central-do-empreendedor-manaus\/#primaryimage\"},\"image\":{\"@id\":\"https:\/\/www.manaus.am.gov.br\/semtepi\/atendimento\/central-do-empreendedor-manaus\/#primaryimage\"},\"thumbnailUrl\":\"https:\/\/www.manaus.am.gov.br\/semtepi\/wp-content\/uploads\/sites\/20\/2024\/12\/Central-do-Empreendedor-completa-um-ano-de-funcionamento-em-Manaus-3.jpg\",\"datePublished\":\"2024-12-19T18:46:01+00:00\",\"dateModified\":\"2024-12-19T18:46:01+00:00\",\"description\":\"A primeira Central do Empreendedor do Brasil completa, nesta quinta-feira, 19\/12, um ano de funcionamento nas depend\u00eancias do shopping Phelippe Daou.\",\"breadcrumb\":{\"@id\":\"https:\/\/www.manaus.am.gov.br\/semtepi\/atendimento\/central-do-empreendedor-manaus\/#breadcrumb\"},\"inLanguage\":\"pt-BR\",\"potentialAction\":[{\"@type\":\"ReadAction\",\"target\":[\"https:\/\/www.manaus.am.gov.br\/semtepi\/atendimento\/central-do-empreendedor-manaus\/\"]}]},{\"@type\":\"ImageObject\",\"inLanguage\":\"pt-BR\",\"@id\":\"https:\/\/www.manaus.am.gov.br\/semtepi\/atendimento\/central-do-empreendedor-manaus\/#primaryimage\",\"url\":\"https:\/\/www.manaus.am.gov.br\/semtepi\/wp-content\/uploads\/sites\/20\/2024\/12\/Central-do-Empreendedor-completa-um-ano-de-funcionamento-em-Manaus-3.jpg\",\"contentUrl\":\"https:\/\/www.manaus.am.gov.br\/semtepi\/wp-content\/uploads\/sites\/20\/2024\/12\/Central-do-Empreendedor-completa-um-ano-de-funcionamento-em-Manaus-3.jpg\",\"width\":800,\"height\":533},{\"@type\":\"BreadcrumbList\",\"@id\":\"https:\/\/www.manaus.am.gov.br\/semtepi\/atendimento\/central-do-empreendedor-manaus\/#breadcrumb\",\"itemListElement\":[{\"@type\":\"ListItem\",\"position\":1,\"name\":\"Home\",\"item\":\"https:\/\/www.manaus.am.gov.br\/semtepi\/\"},{\"@type\":\"ListItem\",\"position\":2,\"name\":\"Central do Empreendedor completa um ano de funcionamento em Manaus\"}]},{\"@type\":\"WebSite\",\"@id\":\"https:\/\/www.manaus.am.gov.br\/semtepi\/#website\",\"url\":\"https:\/\/www.manaus.am.gov.br\/semtepi\/\",\"name\":\"SEMTEPI\",\"description\":\"Prefeitura de Manaus\",\"publisher\":{\"@id\":\"https:\/\/www.manaus.am.gov.br\/semtepi\/#organization\"},\"alternateName\":\"Secretaria Municipal do Trabalho, Empreendedorismo e Inova\u00e7\u00e3o\",\"potentialAction\":[{\"@type\":\"SearchAction\",\"target\":{\"@type\":\"EntryPoint\",\"urlTemplate\":\"https:\/\/www.manaus.am.gov.br\/semtepi\/?s={search_term_string}\"},\"query-input\":\"required name=search_term_string\"}],\"inLanguage\":\"pt-BR\"},{\"@type\":\"Organization\",\"@id\":\"https:\/\/www.manaus.am.gov.br\/semtepi\/#organization\",\"name\":\"Prefeitura Municipal de Manaus\",\"alternateName\":\"Prefeitura de Manaus\",\"url\":\"https:\/\/www.manaus.am.gov.br\/semtepi\/\",\"logo\":{\"@type\":\"ImageObject\",\"inLanguage\":\"pt-BR\",\"@id\":\"https:\/\/www.manaus.am.gov.br\/semtepi\/#\/schema\/logo\/image\/\",\"url\":\"https:\/\/www.manaus.am.gov.br\/semtepi\/wp-content\/uploads\/sites\/20\/2024\/07\/favicon.png\",\"contentUrl\":\"https:\/\/www.manaus.am.gov.br\/semtepi\/wp-content\/uploads\/sites\/20\/2024\/07\/favicon.png\",\"width\":300,\"height\":300,\"caption\":\"Prefeitura Municipal de Manaus\"},\"image\":{\"@id\":\"https:\/\/www.manaus.am.gov.br\/semtepi\/#\/schema\/logo\/image\/\"}},{\"@type\":\"Person\",\"@id\":\"https:\/\/www.manaus.am.gov.br\/semtepi\/#\/schema\/person\/466a0e03ae4b6062809046bd560ac955\",\"name\":\"bvalente\",\"image\":{\"@type\":\"ImageObject\",\"inLanguage\":\"pt-BR\",\"@id\":\"https:\/\/www.manaus.am.gov.br\/semtepi\/#\/schema\/person\/image\/\",\"url\":\"https:\/\/secure.gravatar.com\/avatar\/3e69bc2b014bdad41adfec3a39de07d2?s=96&d=mm&r=g\",\"contentUrl\":\"https:\/\/secure.gravatar.com\/avatar\/3e69bc2b014bdad41adfec3a39de07d2?s=96&d=mm&r=g\",\"caption\":\"bvalente\"}}]}<\/script>\n<!-- \/ Yoast SEO plugin. -->","yoast_head_json":{"title":"Central do Empreendedor completa um ano de funcionamento em Manaus","description":"A primeira Central do Empreendedor do Brasil completa, nesta quinta-feira, 19\/12, um ano de funcionamento nas depend\u00eancias do shopping Phelippe Daou.","robots":{"index":"noindex","follow":"follow"},"og_locale":"pt_BR","og_type":"article","og_title":"Central do Empreendedor completa um ano de funcionamento em Manaus","og_description":"A primeira Central do Empreendedor do Brasil completa, nesta quinta-feira, 19\/12, um ano de funcionamento nas depend\u00eancias do shopping Phelippe Daou.","og_url":"https:\/\/www.manaus.am.gov.br\/semtepi\/atendimento\/central-do-empreendedor-manaus\/","og_site_name":"SEMTEPI","article_published_time":"2024-12-19T18:46:01+00:00","og_image":[{"width":800,"height":533,"url":"https:\/\/www.manaus.am.gov.br\/semtepi\/wp-content\/uploads\/sites\/20\/2024\/12\/Central-do-Empreendedor-completa-um-ano-de-funcionamento-em-Manaus-3.jpg","type":"image\/jpeg"}],"author":"bvalente","twitter_card":"summary_large_image","twitter_misc":{"Written by":"bvalente","Est. reading time":"2 minutos"},"schema":{"@context":"https:\/\/schema.org","@graph":[{"@type":"Article","@id":"https:\/\/www.manaus.am.gov.br\/semtepi\/atendimento\/central-do-empreendedor-manaus\/#article","isPartOf":{"@id":"https:\/\/www.manaus.am.gov.br\/semtepi\/atendimento\/central-do-empreendedor-manaus\/"},"author":{"name":"bvalente","@id":"https:\/\/www.manaus.am.gov.br\/semtepi\/#\/schema\/person\/466a0e03ae4b6062809046bd560ac955"},"headline":"Central do Empreendedor completa um ano de funcionamento em Manaus","datePublished":"2024-12-19T18:46:01+00:00","dateModified":"2024-12-19T18:46:01+00:00","mainEntityOfPage":{"@id":"https:\/\/www.manaus.am.gov.br\/semtepi\/atendimento\/central-do-empreendedor-manaus\/"},"wordCount":321,"publisher":{"@id":"https:\/\/www.manaus.am.gov.br\/semtepi\/#organization"},"image":{"@id":"https:\/\/www.manaus.am.gov.br\/semtepi\/atendimento\/central-do-empreendedor-manaus\/#primaryimage"},"thumbnailUrl":"https:\/\/www.manaus.am.gov.br\/semtepi\/wp-content\/uploads\/sites\/20\/2024\/12\/Central-do-Empreendedor-completa-um-ano-de-funcionamento-em-Manaus-3.jpg","keywords":["Central do Empreendedor","empreendedorismo e inova\u00e7\u00e3o","prefeitura de manaus","Semtepi","sine manaus trabalho"],"articleSection":["Atendimento"],"inLanguage":"pt-BR"},{"@type":"WebPage","@id":"https:\/\/www.manaus.am.gov.br\/semtepi\/atendimento\/central-do-empreendedor-manaus\/","url":"https:\/\/www.manaus.am.gov.br\/semtepi\/atendimento\/central-do-empreendedor-manaus\/","name":"Central do Empreendedor completa um ano de funcionamento em Manaus","isPartOf":{"@id":"https:\/\/www.manaus.am.gov.br\/semtepi\/#website"},"primaryImageOfPage":{"@id":"https:\/\/www.manaus.am.gov.br\/semtepi\/atendimento\/central-do-empreendedor-manaus\/#primaryimage"},"image":{"@id":"https:\/\/www.manaus.am.gov.br\/semtepi\/atendimento\/central-do-empreendedor-manaus\/#primaryimage"},"thumbnailUrl":"https:\/\/www.manaus.am.gov.br\/semtepi\/wp-content\/uploads\/sites\/20\/2024\/12\/Central-do-Empreendedor-completa-um-ano-de-funcionamento-em-Manaus-3.jpg","datePublished":"2024-12-19T18:46:01+00:00","dateModified":"2024-12-19T18:46:01+00:00","description":"A primeira Central do Empreendedor do Brasil completa, nesta quinta-feira, 19\/12, um ano de funcionamento nas depend\u00eancias do shopping Phelippe Daou.","breadcrumb":{"@id":"https:\/\/www.manaus.am.gov.br\/semtepi\/atendimento\/central-do-empreendedor-manaus\/#breadcrumb"},"inLanguage":"pt-BR","potentialAction":[{"@type":"ReadAction","target":["https:\/\/www.manaus.am.gov.br\/semtepi\/atendimento\/central-do-empreendedor-manaus\/"]}]},{"@type":"ImageObject","inLanguage":"pt-BR","@id":"https:\/\/www.manaus.am.gov.br\/semtepi\/atendimento\/central-do-empreendedor-manaus\/#primaryimage","url":"https:\/\/www.manaus.am.gov.br\/semtepi\/wp-content\/uploads\/sites\/20\/2024\/12\/Central-do-Empreendedor-completa-um-ano-de-funcionamento-em-Manaus-3.jpg","contentUrl":"https:\/\/www.manaus.am.gov.br\/semtepi\/wp-content\/uploads\/sites\/20\/2024\/12\/Central-do-Empreendedor-completa-um-ano-de-funcionamento-em-Manaus-3.jpg","width":800,"height":533},{"@type":"BreadcrumbList","@id":"https:\/\/www.manaus.am.gov.br\/semtepi\/atendimento\/central-do-empreendedor-manaus\/#breadcrumb","itemListElement":[{"@type":"ListItem","position":1,"name":"Home","item":"https:\/\/www.manaus.am.gov.br\/semtepi\/"},{"@type":"ListItem","position":2,"name":"Central do Empreendedor completa um ano de funcionamento em Manaus"}]},{"@type":"WebSite","@id":"https:\/\/www.manaus.am.gov.br\/semtepi\/#website","url":"https:\/\/www.manaus.am.gov.br\/semtepi\/","name":"SEMTEPI","description":"Prefeitura de Manaus","publisher":{"@id":"https:\/\/www.manaus.am.gov.br\/semtepi\/#organization"},"alternateName":"Secretaria Municipal do Trabalho, Empreendedorismo e Inova\u00e7\u00e3o","potentialAction":[{"@type":"SearchAction","target":{"@type":"EntryPoint","urlTemplate":"https:\/\/www.manaus.am.gov.br\/semtepi\/?s={search_term_string}"},"query-input":"required name=search_term_string"}],"inLanguage":"pt-BR"},{"@type":"Organization","@id":"https:\/\/www.manaus.am.gov.br\/semtepi\/#organization","name":"Prefeitura Municipal de Manaus","alternateName":"Prefeitura de Manaus","url":"https:\/\/www.manaus.am.gov.br\/semtepi\/","logo":{"@type":"ImageObject","inLanguage":"pt-BR","@id":"https:\/\/www.manaus.am.gov.br\/semtepi\/#\/schema\/logo\/image\/","url":"https:\/\/www.manaus.am.gov.br\/semtepi\/wp-content\/uploads\/sites\/20\/2024\/07\/favicon.png","contentUrl":"https:\/\/www.manaus.am.gov.br\/semtepi\/wp-content\/uploads\/sites\/20\/2024\/07\/favicon.png","width":300,"height":300,"caption":"Prefeitura Municipal de Manaus"},"image":{"@id":"https:\/\/www.manaus.am.gov.br\/semtepi\/#\/schema\/logo\/image\/"}},{"@type":"Person","@id":"https:\/\/www.manaus.am.gov.br\/semtepi\/#\/schema\/person\/466a0e03ae4b6062809046bd560ac955","name":"bvalente","image":{"@type":"ImageObject","inLanguage":"pt-BR","@id":"https:\/\/www.manaus.am.gov.br\/semtepi\/#\/schema\/person\/image\/","url":"https:\/\/secure.gravatar.com\/avatar\/3e69bc2b014bdad41adfec3a39de07d2?s=96&d=mm&r=g","contentUrl":"https:\/\/secure.gravatar.com\/avatar\/3e69bc2b014bdad41adfec3a39de07d2?s=96&d=mm&r=g","caption":"bvalente"}}]}},"_links":{"self":[{"href":"https:\/\/www.manaus.am.gov.br\/semtepi\/wp-json\/wp\/v2\/posts\/5611"}],"collection":[{"href":"https:\/\/www.manaus.am.gov.br\/semtepi\/wp-json\/wp\/v2\/posts"}],"about":[{"href":"https:\/\/www.manaus.am.gov.br\/semtepi\/wp-json\/wp\/v2\/types\/post"}],"author":[{"embeddable":true,"href":"https:\/\/www.manaus.am.gov.br\/semtepi\/wp-json\/wp\/v2\/users\/68"}],"replies":[{"embeddable":true,"href":"https:\/\/www.manaus.am.gov.br\/semtepi\/wp-json\/wp\/v2\/comments?post=5611"}],"version-history":[{"count":0,"href":"https:\/\/www.manaus.am.gov.br\/semtepi\/wp-json\/wp\/v2\/posts\/5611\/revisions"}],"wp:featuredmedia":[{"embeddable":true,"href":"https:\/\/www.manaus.am.gov.br\/semtepi\/wp-json\/wp\/v2\/media\/5612"}],"wp:attachment":[{"href":"https:\/\/www.manaus.am.gov.br\/semtepi\/wp-json\/wp\/v2\/media?parent=5611"}],"wp:term":[{"taxonomy":"category","embeddable":true,"href":"https:\/\/www.manaus.am.gov.br\/semtepi\/wp-json\/wp\/v2\/categories?post=5611"},{"taxonomy":"post_tag","embeddable":true,"href":"https:\/\/www.manaus.am.gov.br\/semtepi\/wp-json\/wp\/v2\/tags?post=5611"}],"curies":[{"name":"wp","href":"https:\/\/api.w.org\/{rel}","templated":true}]}}