{"id":5537,"date":"2024-12-09T14:41:44","date_gmt":"2024-12-09T18:41:44","guid":{"rendered":"https:\/\/www.manaus.am.gov.br\/semtepi\/sem-categoria\/prefeitura-semtepi-aprovados-cursodesalgados\/"},"modified":"2024-12-09T14:42:46","modified_gmt":"2024-12-09T18:42:46","slug":"prefeitura-semtepi-aprovados-cursodesalgados","status":"publish","type":"post","link":"https:\/\/www.manaus.am.gov.br\/semtepi\/capacitacao\/prefeitura-semtepi-aprovados-cursodesalgados\/","title":{"rendered":"Prefeitura de Manaus divulga aprovados para curso \u2018Empreendendo com salgados assados\u2019"},"content":{"rendered":"\n<p>A Prefeitura de Manaus, por meio da Secretaria Municipal do Trabalho, Empreendedorismo e Inova\u00e7\u00e3o (Semtepi), divulga, nesta ter\u00e7a-feira, 9\/12, a lista completa de aprovados para 60 vagas no curso de \u201cEmpreendendo com Salgados Assados\u201d. As vagas ser\u00e3o distribu\u00eddas em duas turmas: a primeira, na quarta-feira, 11\/12, e a segunda, na pr\u00f3xima quarta-feira, 18\/12, que v\u00e3o acontecer das 14h \u00e0s 16h, no Centro Integrado Municipal de Ensino Dr\u00aa Viviane Estrela Marques Rodella, localizado na avenida Comendador Jos\u00e9 Cruz, bairro Lago Azul.&nbsp;<\/p>\n\n\n\n<p>Realizada em parceria com o restaurante Aret\u00ea Del\u00edcias Regionais, os alunos ser\u00e3o qualificados com alguns t\u00f3picos importantes que v\u00e3o desde t\u00e9cnicas de preparo de massas, uso dos equipamentos, normas de seguran\u00e7a e higiene, inova\u00e7\u00e3o em receitas e empreendedorismo.&nbsp;<\/p>\n\n\n\n<p>&nbsp;\u201cQuero parabenizar todos os aprovados e refor\u00e7ar que essa qualifica\u00e7\u00e3o representa mais um passo da nossa gest\u00e3o para ampliar o acesso a oportunidades e estimular a gera\u00e7\u00e3o de renda. Essas iniciativas refletem o compromisso da Prefeitura de Manaus em transformar a vida dos nossos cidad\u00e3os por meio da qualifica\u00e7\u00e3o e do empreendedorismo\u201d, afirmou o titular da Semtepi, Wagno Oliveira.&nbsp;<\/p>\n\n\n\n<p>&nbsp;Os candidatos devem levar documento com foto no dia da aula e se atentar ao c\u00f3digo de vestimenta do local, que pro\u00edbe o uso de bermudas, shorts, minissaias, regatas e chinelos.<\/p>\n\n\n\n<p>&#8212; &#8212; &#8212;<\/p>\n\n\n\n<p>Texto e fotos \u2013 Divulga\u00e7\u00e3o\/Semtepi<\/p>\n\n\n\n<p><strong>SEMTEPI&nbsp;&#8211; Secretaria Municipal do Trabalho, Empreendedorismo e Inova\u00e7\u00e3o<\/strong><\/p>\n\n\n\n<p>Assessora Respons\u00e1vel: Luiza Maria &#8211; (92) 98842-7260<\/p>\n\n\n\n<p>E-mail:&nbsp;<a href=\"mailto:comunicacao.semtepi@gmail.com\" target=\"_blank\" rel=\"noreferrer noopener\">comunicacao.semtepi@gmail.com<\/a><\/p>\n\n\n\n<p>A Prefeitura de Manaus, por meio da Secretaria Municipal do Trabalho, Empreendedorismo e Inova\u00e7\u00e3o (Semtepi), divulga, nesta ter\u00e7a-feira, 9\/12, a lista completa de aprovados para 60 vagas no curso de \u201cEmpreendendo com Salgados Assados\u201d. As vagas ser\u00e3o distribu\u00eddas em duas turmas: a primeira, na quarta-feira, 11\/12, e a segunda, na pr\u00f3xima quarta-feira, 18\/12, que v\u00e3o acontecer das 14h \u00e0s 16h, no Centro Integrado Municipal de Ensino Dr\u00aa Viviane Estrela Marques Rodella, localizado na avenida Comendador Jos\u00e9 Cruz, bairro Lago Azul.&nbsp;<\/p>\n\n\n\n<p>Realizada em parceria com o restaurante Aret\u00ea Del\u00edcias Regionais, os alunos ser\u00e3o qualificados com alguns t\u00f3picos importantes que v\u00e3o desde t\u00e9cnicas de preparo de massas, uso dos equipamentos, normas de seguran\u00e7a e higiene, inova\u00e7\u00e3o em receitas e empreendedorismo.&nbsp;<\/p>\n\n\n\n<p>&nbsp;\u201cQuero parabenizar todos os aprovados e refor\u00e7ar que essa qualifica\u00e7\u00e3o representa mais um passo da nossa gest\u00e3o para ampliar o acesso a oportunidades e estimular a gera\u00e7\u00e3o de renda. Essas iniciativas refletem o compromisso da Prefeitura de Manaus em transformar a vida dos nossos cidad\u00e3os por meio da qualifica\u00e7\u00e3o e do empreendedorismo\u201d, afirmou o titular da Semtepi, Wagno Oliveira.&nbsp;<\/p>\n\n\n\n<p>&nbsp;Os candidatos devem levar documento com foto no dia da aula e se atentar ao c\u00f3digo de vestimenta do local, que pro\u00edbe o uso de bermudas, shorts, minissaias, regatas e chinelos.<\/p>\n\n\n\n<p>&#8212; &#8212; &#8212;<\/p>\n\n\n\n<p><strong>Texto e fotos<\/strong> \u2013 Divulga\u00e7\u00e3o\/Semtepi<\/p>\n\n\n\n<p><\/p>\n\n\n\n<div data-wp-interactive=\"\" class=\"wp-block-file\"><object data-wp-bind--hidden=\"!selectors.core.file.hasPdfPreview\" hidden class=\"wp-block-file__embed\" data=\"https:\/\/www.manaus.am.gov.br\/semtepi\/wp-content\/uploads\/sites\/20\/2024\/12\/Selecionados-Empreendendo-com-Salgados-Assados-11-12.pdf\" type=\"application\/pdf\" style=\"width:100%;height:600px\" aria-label=\"Incorporado de Selecionados Empreendendo com Salgados Assados 11-12.\"><\/object><a id=\"wp-block-file--media-4bb65c7a-669e-4526-a86b-ef621d117ac1\" href=\"https:\/\/www.manaus.am.gov.br\/semtepi\/wp-content\/uploads\/sites\/20\/2024\/12\/Selecionados-Empreendendo-com-Salgados-Assados-11-12.pdf\">Selecionados Empreendendo com Salgados Assados 11-12<\/a><a href=\"https:\/\/www.manaus.am.gov.br\/semtepi\/wp-content\/uploads\/sites\/20\/2024\/12\/Selecionados-Empreendendo-com-Salgados-Assados-11-12.pdf\" class=\"wp-block-file__button wp-element-button\" download aria-describedby=\"wp-block-file--media-4bb65c7a-669e-4526-a86b-ef621d117ac1\">Baixar<\/a><\/div>\n","protected":false},"excerpt":{"rendered":"","protected":false},"author":23,"featured_media":5538,"comment_status":"closed","ping_status":"closed","sticky":false,"template":"","format":"standard","meta":{"footnotes":""},"categories":[51],"tags":[1202,252,8,9],"acf":[],"yoast_head":"<!-- This site is optimized with the Yoast SEO plugin v23.0 - https:\/\/yoast.com\/wordpress\/plugins\/seo\/ -->\n<title>Prefeitura de Manaus divulga aprovados no curso \u2018Empreendendo com salgados assados\u2019<\/title>\n<meta name=\"description\" content=\"A Prefeitura de Manaus, por meio da Secretaria Municipal do Trabalho, Empreendedorismo e Inova\u00e7\u00e3o (Semtepi), divulga, nesta ter\u00e7a-feira, 9\/12, a lista completa de aprovados para 60 vagas no curso de \u201cEmpreendendo com Salgados Assados\u201d.\" \/>\n<meta name=\"robots\" content=\"noindex, follow\" \/>\n<meta property=\"og:locale\" content=\"pt_BR\" \/>\n<meta property=\"og:type\" content=\"article\" \/>\n<meta property=\"og:title\" content=\"Prefeitura de Manaus divulga aprovados no curso \u2018Empreendendo com salgados assados\u2019\" \/>\n<meta property=\"og:description\" content=\"A Prefeitura de Manaus, por meio da Secretaria Municipal do Trabalho, Empreendedorismo e Inova\u00e7\u00e3o (Semtepi), divulga, nesta ter\u00e7a-feira, 9\/12, a lista completa de aprovados para 60 vagas no curso de \u201cEmpreendendo com Salgados Assados\u201d.\" \/>\n<meta property=\"og:url\" content=\"https:\/\/www.manaus.am.gov.br\/semtepi\/capacitacao\/prefeitura-semtepi-aprovados-cursodesalgados\/\" \/>\n<meta property=\"og:site_name\" content=\"SEMTEPI\" \/>\n<meta property=\"article:published_time\" content=\"2024-12-09T18:41:44+00:00\" \/>\n<meta property=\"article:modified_time\" content=\"2024-12-09T18:42:46+00:00\" \/>\n<meta property=\"og:image\" content=\"https:\/\/www.manaus.am.gov.br\/semtepi\/wp-content\/uploads\/sites\/20\/2024\/12\/WhatsApp-Image-2024-09-25-at-13.32.282-1.jpeg\" \/>\n\t<meta property=\"og:image:width\" content=\"2992\" \/>\n\t<meta property=\"og:image:height\" content=\"2000\" \/>\n\t<meta property=\"og:image:type\" content=\"image\/jpeg\" \/>\n<meta name=\"author\" content=\"Adriana Costa\" \/>\n<meta name=\"twitter:card\" content=\"summary_large_image\" \/>\n<meta name=\"twitter:label1\" content=\"Written by\" \/>\n\t<meta name=\"twitter:data1\" content=\"Adriana Costa\" \/>\n\t<meta name=\"twitter:label2\" content=\"Est. reading time\" \/>\n\t<meta name=\"twitter:data2\" content=\"3 minutos\" \/>\n<script type=\"application\/ld+json\" class=\"yoast-schema-graph\">{\"@context\":\"https:\/\/schema.org\",\"@graph\":[{\"@type\":\"Article\",\"@id\":\"https:\/\/www.manaus.am.gov.br\/semtepi\/capacitacao\/prefeitura-semtepi-aprovados-cursodesalgados\/#article\",\"isPartOf\":{\"@id\":\"https:\/\/www.manaus.am.gov.br\/semtepi\/capacitacao\/prefeitura-semtepi-aprovados-cursodesalgados\/\"},\"author\":{\"name\":\"Adriana Costa\",\"@id\":\"https:\/\/www.manaus.am.gov.br\/semtepi\/#\/schema\/person\/4e49f4e267757a06ca072ec61b2b9968\"},\"headline\":\"Prefeitura de Manaus divulga aprovados para curso \u2018Empreendendo com salgados assados\u2019\",\"datePublished\":\"2024-12-09T18:41:44+00:00\",\"dateModified\":\"2024-12-09T18:42:46+00:00\",\"mainEntityOfPage\":{\"@id\":\"https:\/\/www.manaus.am.gov.br\/semtepi\/capacitacao\/prefeitura-semtepi-aprovados-cursodesalgados\/\"},\"wordCount\":520,\"publisher\":{\"@id\":\"https:\/\/www.manaus.am.gov.br\/semtepi\/#organization\"},\"image\":{\"@id\":\"https:\/\/www.manaus.am.gov.br\/semtepi\/capacitacao\/prefeitura-semtepi-aprovados-cursodesalgados\/#primaryimage\"},\"thumbnailUrl\":\"https:\/\/www.manaus.am.gov.br\/semtepi\/wp-content\/uploads\/sites\/20\/2024\/12\/WhatsApp-Image-2024-09-25-at-13.32.282-1.jpeg\",\"keywords\":[\"aprovados\",\"curso\",\"prefeitura de manaus\",\"Semtepi\"],\"articleSection\":[\"Capacita\u00e7\u00e3o\"],\"inLanguage\":\"pt-BR\"},{\"@type\":\"WebPage\",\"@id\":\"https:\/\/www.manaus.am.gov.br\/semtepi\/capacitacao\/prefeitura-semtepi-aprovados-cursodesalgados\/\",\"url\":\"https:\/\/www.manaus.am.gov.br\/semtepi\/capacitacao\/prefeitura-semtepi-aprovados-cursodesalgados\/\",\"name\":\"Prefeitura de Manaus divulga aprovados no curso \u2018Empreendendo com salgados assados\u2019\",\"isPartOf\":{\"@id\":\"https:\/\/www.manaus.am.gov.br\/semtepi\/#website\"},\"primaryImageOfPage\":{\"@id\":\"https:\/\/www.manaus.am.gov.br\/semtepi\/capacitacao\/prefeitura-semtepi-aprovados-cursodesalgados\/#primaryimage\"},\"image\":{\"@id\":\"https:\/\/www.manaus.am.gov.br\/semtepi\/capacitacao\/prefeitura-semtepi-aprovados-cursodesalgados\/#primaryimage\"},\"thumbnailUrl\":\"https:\/\/www.manaus.am.gov.br\/semtepi\/wp-content\/uploads\/sites\/20\/2024\/12\/WhatsApp-Image-2024-09-25-at-13.32.282-1.jpeg\",\"datePublished\":\"2024-12-09T18:41:44+00:00\",\"dateModified\":\"2024-12-09T18:42:46+00:00\",\"description\":\"A Prefeitura de Manaus, por meio da Secretaria Municipal do Trabalho, Empreendedorismo e Inova\u00e7\u00e3o (Semtepi), divulga, nesta ter\u00e7a-feira, 9\/12, a lista completa de aprovados para 60 vagas no curso de \u201cEmpreendendo com Salgados Assados\u201d.\",\"breadcrumb\":{\"@id\":\"https:\/\/www.manaus.am.gov.br\/semtepi\/capacitacao\/prefeitura-semtepi-aprovados-cursodesalgados\/#breadcrumb\"},\"inLanguage\":\"pt-BR\",\"potentialAction\":[{\"@type\":\"ReadAction\",\"target\":[\"https:\/\/www.manaus.am.gov.br\/semtepi\/capacitacao\/prefeitura-semtepi-aprovados-cursodesalgados\/\"]}]},{\"@type\":\"ImageObject\",\"inLanguage\":\"pt-BR\",\"@id\":\"https:\/\/www.manaus.am.gov.br\/semtepi\/capacitacao\/prefeitura-semtepi-aprovados-cursodesalgados\/#primaryimage\",\"url\":\"https:\/\/www.manaus.am.gov.br\/semtepi\/wp-content\/uploads\/sites\/20\/2024\/12\/WhatsApp-Image-2024-09-25-at-13.32.282-1.jpeg\",\"contentUrl\":\"https:\/\/www.manaus.am.gov.br\/semtepi\/wp-content\/uploads\/sites\/20\/2024\/12\/WhatsApp-Image-2024-09-25-at-13.32.282-1.jpeg\",\"width\":2992,\"height\":2000},{\"@type\":\"BreadcrumbList\",\"@id\":\"https:\/\/www.manaus.am.gov.br\/semtepi\/capacitacao\/prefeitura-semtepi-aprovados-cursodesalgados\/#breadcrumb\",\"itemListElement\":[{\"@type\":\"ListItem\",\"position\":1,\"name\":\"Home\",\"item\":\"https:\/\/www.manaus.am.gov.br\/semtepi\/\"},{\"@type\":\"ListItem\",\"position\":2,\"name\":\"Prefeitura de Manaus divulga aprovados para curso \u2018Empreendendo com salgados assados\u2019\"}]},{\"@type\":\"WebSite\",\"@id\":\"https:\/\/www.manaus.am.gov.br\/semtepi\/#website\",\"url\":\"https:\/\/www.manaus.am.gov.br\/semtepi\/\",\"name\":\"SEMTEPI\",\"description\":\"Prefeitura de Manaus\",\"publisher\":{\"@id\":\"https:\/\/www.manaus.am.gov.br\/semtepi\/#organization\"},\"alternateName\":\"Secretaria Municipal do Trabalho, Empreendedorismo e Inova\u00e7\u00e3o\",\"potentialAction\":[{\"@type\":\"SearchAction\",\"target\":{\"@type\":\"EntryPoint\",\"urlTemplate\":\"https:\/\/www.manaus.am.gov.br\/semtepi\/?s={search_term_string}\"},\"query-input\":\"required name=search_term_string\"}],\"inLanguage\":\"pt-BR\"},{\"@type\":\"Organization\",\"@id\":\"https:\/\/www.manaus.am.gov.br\/semtepi\/#organization\",\"name\":\"Prefeitura Municipal de Manaus\",\"alternateName\":\"Prefeitura de Manaus\",\"url\":\"https:\/\/www.manaus.am.gov.br\/semtepi\/\",\"logo\":{\"@type\":\"ImageObject\",\"inLanguage\":\"pt-BR\",\"@id\":\"https:\/\/www.manaus.am.gov.br\/semtepi\/#\/schema\/logo\/image\/\",\"url\":\"https:\/\/www.manaus.am.gov.br\/semtepi\/wp-content\/uploads\/sites\/20\/2024\/07\/favicon.png\",\"contentUrl\":\"https:\/\/www.manaus.am.gov.br\/semtepi\/wp-content\/uploads\/sites\/20\/2024\/07\/favicon.png\",\"width\":300,\"height\":300,\"caption\":\"Prefeitura Municipal de Manaus\"},\"image\":{\"@id\":\"https:\/\/www.manaus.am.gov.br\/semtepi\/#\/schema\/logo\/image\/\"}},{\"@type\":\"Person\",\"@id\":\"https:\/\/www.manaus.am.gov.br\/semtepi\/#\/schema\/person\/4e49f4e267757a06ca072ec61b2b9968\",\"name\":\"Adriana Costa\",\"image\":{\"@type\":\"ImageObject\",\"inLanguage\":\"pt-BR\",\"@id\":\"https:\/\/www.manaus.am.gov.br\/semtepi\/#\/schema\/person\/image\/\",\"url\":\"https:\/\/secure.gravatar.com\/avatar\/576258617ef7194f718179e766d57bd4?s=96&d=mm&r=g\",\"contentUrl\":\"https:\/\/secure.gravatar.com\/avatar\/576258617ef7194f718179e766d57bd4?s=96&d=mm&r=g\",\"caption\":\"Adriana Costa\"}}]}<\/script>\n<!-- \/ Yoast SEO plugin. -->","yoast_head_json":{"title":"Prefeitura de Manaus divulga aprovados no curso \u2018Empreendendo com salgados assados\u2019","description":"A Prefeitura de Manaus, por meio da Secretaria Municipal do Trabalho, Empreendedorismo e Inova\u00e7\u00e3o (Semtepi), divulga, nesta ter\u00e7a-feira, 9\/12, a lista completa de aprovados para 60 vagas no curso de \u201cEmpreendendo com Salgados Assados\u201d.","robots":{"index":"noindex","follow":"follow"},"og_locale":"pt_BR","og_type":"article","og_title":"Prefeitura de Manaus divulga aprovados no curso \u2018Empreendendo com salgados assados\u2019","og_description":"A Prefeitura de Manaus, por meio da Secretaria Municipal do Trabalho, Empreendedorismo e Inova\u00e7\u00e3o (Semtepi), divulga, nesta ter\u00e7a-feira, 9\/12, a lista completa de aprovados para 60 vagas no curso de \u201cEmpreendendo com Salgados Assados\u201d.","og_url":"https:\/\/www.manaus.am.gov.br\/semtepi\/capacitacao\/prefeitura-semtepi-aprovados-cursodesalgados\/","og_site_name":"SEMTEPI","article_published_time":"2024-12-09T18:41:44+00:00","article_modified_time":"2024-12-09T18:42:46+00:00","og_image":[{"width":2992,"height":2000,"url":"https:\/\/www.manaus.am.gov.br\/semtepi\/wp-content\/uploads\/sites\/20\/2024\/12\/WhatsApp-Image-2024-09-25-at-13.32.282-1.jpeg","type":"image\/jpeg"}],"author":"Adriana Costa","twitter_card":"summary_large_image","twitter_misc":{"Written by":"Adriana Costa","Est. reading time":"3 minutos"},"schema":{"@context":"https:\/\/schema.org","@graph":[{"@type":"Article","@id":"https:\/\/www.manaus.am.gov.br\/semtepi\/capacitacao\/prefeitura-semtepi-aprovados-cursodesalgados\/#article","isPartOf":{"@id":"https:\/\/www.manaus.am.gov.br\/semtepi\/capacitacao\/prefeitura-semtepi-aprovados-cursodesalgados\/"},"author":{"name":"Adriana Costa","@id":"https:\/\/www.manaus.am.gov.br\/semtepi\/#\/schema\/person\/4e49f4e267757a06ca072ec61b2b9968"},"headline":"Prefeitura de Manaus divulga aprovados para curso \u2018Empreendendo com salgados assados\u2019","datePublished":"2024-12-09T18:41:44+00:00","dateModified":"2024-12-09T18:42:46+00:00","mainEntityOfPage":{"@id":"https:\/\/www.manaus.am.gov.br\/semtepi\/capacitacao\/prefeitura-semtepi-aprovados-cursodesalgados\/"},"wordCount":520,"publisher":{"@id":"https:\/\/www.manaus.am.gov.br\/semtepi\/#organization"},"image":{"@id":"https:\/\/www.manaus.am.gov.br\/semtepi\/capacitacao\/prefeitura-semtepi-aprovados-cursodesalgados\/#primaryimage"},"thumbnailUrl":"https:\/\/www.manaus.am.gov.br\/semtepi\/wp-content\/uploads\/sites\/20\/2024\/12\/WhatsApp-Image-2024-09-25-at-13.32.282-1.jpeg","keywords":["aprovados","curso","prefeitura de manaus","Semtepi"],"articleSection":["Capacita\u00e7\u00e3o"],"inLanguage":"pt-BR"},{"@type":"WebPage","@id":"https:\/\/www.manaus.am.gov.br\/semtepi\/capacitacao\/prefeitura-semtepi-aprovados-cursodesalgados\/","url":"https:\/\/www.manaus.am.gov.br\/semtepi\/capacitacao\/prefeitura-semtepi-aprovados-cursodesalgados\/","name":"Prefeitura de Manaus divulga aprovados no curso \u2018Empreendendo com salgados assados\u2019","isPartOf":{"@id":"https:\/\/www.manaus.am.gov.br\/semtepi\/#website"},"primaryImageOfPage":{"@id":"https:\/\/www.manaus.am.gov.br\/semtepi\/capacitacao\/prefeitura-semtepi-aprovados-cursodesalgados\/#primaryimage"},"image":{"@id":"https:\/\/www.manaus.am.gov.br\/semtepi\/capacitacao\/prefeitura-semtepi-aprovados-cursodesalgados\/#primaryimage"},"thumbnailUrl":"https:\/\/www.manaus.am.gov.br\/semtepi\/wp-content\/uploads\/sites\/20\/2024\/12\/WhatsApp-Image-2024-09-25-at-13.32.282-1.jpeg","datePublished":"2024-12-09T18:41:44+00:00","dateModified":"2024-12-09T18:42:46+00:00","description":"A Prefeitura de Manaus, por meio da Secretaria Municipal do Trabalho, Empreendedorismo e Inova\u00e7\u00e3o (Semtepi), divulga, nesta ter\u00e7a-feira, 9\/12, a lista completa de aprovados para 60 vagas no curso de \u201cEmpreendendo com Salgados Assados\u201d.","breadcrumb":{"@id":"https:\/\/www.manaus.am.gov.br\/semtepi\/capacitacao\/prefeitura-semtepi-aprovados-cursodesalgados\/#breadcrumb"},"inLanguage":"pt-BR","potentialAction":[{"@type":"ReadAction","target":["https:\/\/www.manaus.am.gov.br\/semtepi\/capacitacao\/prefeitura-semtepi-aprovados-cursodesalgados\/"]}]},{"@type":"ImageObject","inLanguage":"pt-BR","@id":"https:\/\/www.manaus.am.gov.br\/semtepi\/capacitacao\/prefeitura-semtepi-aprovados-cursodesalgados\/#primaryimage","url":"https:\/\/www.manaus.am.gov.br\/semtepi\/wp-content\/uploads\/sites\/20\/2024\/12\/WhatsApp-Image-2024-09-25-at-13.32.282-1.jpeg","contentUrl":"https:\/\/www.manaus.am.gov.br\/semtepi\/wp-content\/uploads\/sites\/20\/2024\/12\/WhatsApp-Image-2024-09-25-at-13.32.282-1.jpeg","width":2992,"height":2000},{"@type":"BreadcrumbList","@id":"https:\/\/www.manaus.am.gov.br\/semtepi\/capacitacao\/prefeitura-semtepi-aprovados-cursodesalgados\/#breadcrumb","itemListElement":[{"@type":"ListItem","position":1,"name":"Home","item":"https:\/\/www.manaus.am.gov.br\/semtepi\/"},{"@type":"ListItem","position":2,"name":"Prefeitura de Manaus divulga aprovados para curso \u2018Empreendendo com salgados assados\u2019"}]},{"@type":"WebSite","@id":"https:\/\/www.manaus.am.gov.br\/semtepi\/#website","url":"https:\/\/www.manaus.am.gov.br\/semtepi\/","name":"SEMTEPI","description":"Prefeitura de Manaus","publisher":{"@id":"https:\/\/www.manaus.am.gov.br\/semtepi\/#organization"},"alternateName":"Secretaria Municipal do Trabalho, Empreendedorismo e Inova\u00e7\u00e3o","potentialAction":[{"@type":"SearchAction","target":{"@type":"EntryPoint","urlTemplate":"https:\/\/www.manaus.am.gov.br\/semtepi\/?s={search_term_string}"},"query-input":"required name=search_term_string"}],"inLanguage":"pt-BR"},{"@type":"Organization","@id":"https:\/\/www.manaus.am.gov.br\/semtepi\/#organization","name":"Prefeitura Municipal de Manaus","alternateName":"Prefeitura de Manaus","url":"https:\/\/www.manaus.am.gov.br\/semtepi\/","logo":{"@type":"ImageObject","inLanguage":"pt-BR","@id":"https:\/\/www.manaus.am.gov.br\/semtepi\/#\/schema\/logo\/image\/","url":"https:\/\/www.manaus.am.gov.br\/semtepi\/wp-content\/uploads\/sites\/20\/2024\/07\/favicon.png","contentUrl":"https:\/\/www.manaus.am.gov.br\/semtepi\/wp-content\/uploads\/sites\/20\/2024\/07\/favicon.png","width":300,"height":300,"caption":"Prefeitura Municipal de Manaus"},"image":{"@id":"https:\/\/www.manaus.am.gov.br\/semtepi\/#\/schema\/logo\/image\/"}},{"@type":"Person","@id":"https:\/\/www.manaus.am.gov.br\/semtepi\/#\/schema\/person\/4e49f4e267757a06ca072ec61b2b9968","name":"Adriana Costa","image":{"@type":"ImageObject","inLanguage":"pt-BR","@id":"https:\/\/www.manaus.am.gov.br\/semtepi\/#\/schema\/person\/image\/","url":"https:\/\/secure.gravatar.com\/avatar\/576258617ef7194f718179e766d57bd4?s=96&d=mm&r=g","contentUrl":"https:\/\/secure.gravatar.com\/avatar\/576258617ef7194f718179e766d57bd4?s=96&d=mm&r=g","caption":"Adriana Costa"}}]}},"_links":{"self":[{"href":"https:\/\/www.manaus.am.gov.br\/semtepi\/wp-json\/wp\/v2\/posts\/5537"}],"collection":[{"href":"https:\/\/www.manaus.am.gov.br\/semtepi\/wp-json\/wp\/v2\/posts"}],"about":[{"href":"https:\/\/www.manaus.am.gov.br\/semtepi\/wp-json\/wp\/v2\/types\/post"}],"author":[{"embeddable":true,"href":"https:\/\/www.manaus.am.gov.br\/semtepi\/wp-json\/wp\/v2\/users\/23"}],"replies":[{"embeddable":true,"href":"https:\/\/www.manaus.am.gov.br\/semtepi\/wp-json\/wp\/v2\/comments?post=5537"}],"version-history":[{"count":4,"href":"https:\/\/www.manaus.am.gov.br\/semtepi\/wp-json\/wp\/v2\/posts\/5537\/revisions"}],"predecessor-version":[{"id":5543,"href":"https:\/\/www.manaus.am.gov.br\/semtepi\/wp-json\/wp\/v2\/posts\/5537\/revisions\/5543"}],"wp:featuredmedia":[{"embeddable":true,"href":"https:\/\/www.manaus.am.gov.br\/semtepi\/wp-json\/wp\/v2\/media\/5538"}],"wp:attachment":[{"href":"https:\/\/www.manaus.am.gov.br\/semtepi\/wp-json\/wp\/v2\/media?parent=5537"}],"wp:term":[{"taxonomy":"category","embeddable":true,"href":"https:\/\/www.manaus.am.gov.br\/semtepi\/wp-json\/wp\/v2\/categories?post=5537"},{"taxonomy":"post_tag","embeddable":true,"href":"https:\/\/www.manaus.am.gov.br\/semtepi\/wp-json\/wp\/v2\/tags?post=5537"}],"curies":[{"name":"wp","href":"https:\/\/api.w.org\/{rel}","templated":true}]}}