{"id":5520,"date":"2024-12-04T14:20:58","date_gmt":"2024-12-04T18:20:58","guid":{"rendered":"https:\/\/www.manaus.am.gov.br\/semtepi\/sem-categoria\/sine-manaus-manutencao-sistema\/"},"modified":"2024-12-04T14:23:00","modified_gmt":"2024-12-04T18:23:00","slug":"sine-manaus-manutencao-sistema","status":"publish","type":"post","link":"https:\/\/www.manaus.am.gov.br\/semtepi\/nota\/sine-manaus-manutencao-sistema\/","title":{"rendered":"Atendimento no Sine Manaus estar\u00e1 suspenso por manuten\u00e7\u00e3o no sistema na sexta-feira"},"content":{"rendered":"\n<p>A Prefeitura de Manaus, por meio da Secretaria Municipal do Trabalho, Empreendedorismo e Inova\u00e7\u00e3o (Semtepi), informa que o atendimento nos postos do Sine Manaus, localizados na avenida Constantino Nery, zona Sul, e no shopping Phelippe Daou, zona Leste de Manaus, estar\u00e3o suspensos, nesta sexta-feira, 6\/12, em virtude de uma manuten\u00e7\u00e3o no sistema.<\/p>\n\n\n\n<p>As atividades retornam normalmente na segunda-feira, 9\/12. N\u00e3o \u00e9 necess\u00e1rio fazer agendamento pr\u00e9vio para acessar os servi\u00e7os. A popula\u00e7\u00e3o pode se dirigir a um dos postos, portando os documentos originais e o cart\u00e3o de vacina\u00e7\u00e3o, com o esquema vacinal completo contra a Covid-19, de segunda a sexta-feira, das 8h \u00e0s 14h.<\/p>\n\n\n\n<p>&#8212; &#8212; &#8212;<\/p>\n\n\n\n<p><strong>Texto<\/strong>&nbsp;\u2013 Divulga\u00e7\u00e3o\/Semtepi<\/p>\n","protected":false},"excerpt":{"rendered":"","protected":false},"author":23,"featured_media":5425,"comment_status":"closed","ping_status":"closed","sticky":false,"template":"","format":"standard","meta":{"footnotes":""},"categories":[395],"tags":[1199,8,9,10,1200],"acf":[],"yoast_head":"<!-- This site is optimized with the Yoast SEO plugin v23.0 - https:\/\/yoast.com\/wordpress\/plugins\/seo\/ -->\n<title>Atendimento no Sine Manaus estar\u00e1 suspenso por manuten\u00e7\u00e3o no sistema<\/title>\n<meta name=\"description\" content=\"A Prefeitura de Manaus, por meio da Secretaria Municipal do Trabalho, Empreendedorismo e Inova\u00e7\u00e3o (Semtepi), informa que o atendimento nos postos do Sine Manaus, localizados na avenida Constantino Nery, zona Sul, e no shopping Phelippe Daou, zona Leste de Manaus, estar\u00e3o suspensos, nesta sexta-feira, 6\/12, em virtude de uma manuten\u00e7\u00e3o no sistema.\" \/>\n<meta name=\"robots\" content=\"noindex, follow\" \/>\n<meta property=\"og:locale\" content=\"pt_BR\" \/>\n<meta property=\"og:type\" content=\"article\" \/>\n<meta property=\"og:title\" content=\"Atendimento no Sine Manaus estar\u00e1 suspenso por manuten\u00e7\u00e3o no sistema\" \/>\n<meta property=\"og:description\" content=\"A Prefeitura de Manaus, por meio da Secretaria Municipal do Trabalho, Empreendedorismo e Inova\u00e7\u00e3o (Semtepi), informa que o atendimento nos postos do Sine Manaus, localizados na avenida Constantino Nery, zona Sul, e no shopping Phelippe Daou, zona Leste de Manaus, estar\u00e3o suspensos, nesta sexta-feira, 6\/12, em virtude de uma manuten\u00e7\u00e3o no sistema.\" \/>\n<meta property=\"og:url\" content=\"https:\/\/www.manaus.am.gov.br\/semtepi\/nota\/sine-manaus-manutencao-sistema\/\" \/>\n<meta property=\"og:site_name\" content=\"SEMTEPI\" \/>\n<meta property=\"article:published_time\" content=\"2024-12-04T18:20:58+00:00\" \/>\n<meta property=\"article:modified_time\" content=\"2024-12-04T18:23:00+00:00\" \/>\n<meta property=\"og:image\" content=\"https:\/\/www.manaus.am.gov.br\/semtepi\/wp-content\/uploads\/sites\/20\/2024\/11\/BANNER-NOTA.png\" \/>\n\t<meta property=\"og:image:width\" content=\"900\" \/>\n\t<meta property=\"og:image:height\" content=\"509\" \/>\n\t<meta property=\"og:image:type\" content=\"image\/png\" \/>\n<meta name=\"author\" content=\"Adriana Costa\" \/>\n<meta name=\"twitter:card\" content=\"summary_large_image\" \/>\n<meta name=\"twitter:label1\" content=\"Written by\" \/>\n\t<meta name=\"twitter:data1\" content=\"Adriana Costa\" \/>\n\t<meta name=\"twitter:label2\" content=\"Est. reading time\" \/>\n\t<meta name=\"twitter:data2\" content=\"1 minuto\" \/>\n<script type=\"application\/ld+json\" class=\"yoast-schema-graph\">{\"@context\":\"https:\/\/schema.org\",\"@graph\":[{\"@type\":\"Article\",\"@id\":\"https:\/\/www.manaus.am.gov.br\/semtepi\/nota\/sine-manaus-manutencao-sistema\/#article\",\"isPartOf\":{\"@id\":\"https:\/\/www.manaus.am.gov.br\/semtepi\/nota\/sine-manaus-manutencao-sistema\/\"},\"author\":{\"name\":\"Adriana Costa\",\"@id\":\"https:\/\/www.manaus.am.gov.br\/semtepi\/#\/schema\/person\/4e49f4e267757a06ca072ec61b2b9968\"},\"headline\":\"Atendimento no Sine Manaus estar\u00e1 suspenso por manuten\u00e7\u00e3o no sistema na sexta-feira\",\"datePublished\":\"2024-12-04T18:20:58+00:00\",\"dateModified\":\"2024-12-04T18:23:00+00:00\",\"mainEntityOfPage\":{\"@id\":\"https:\/\/www.manaus.am.gov.br\/semtepi\/nota\/sine-manaus-manutencao-sistema\/\"},\"wordCount\":131,\"publisher\":{\"@id\":\"https:\/\/www.manaus.am.gov.br\/semtepi\/#organization\"},\"image\":{\"@id\":\"https:\/\/www.manaus.am.gov.br\/semtepi\/nota\/sine-manaus-manutencao-sistema\/#primaryimage\"},\"thumbnailUrl\":\"https:\/\/www.manaus.am.gov.br\/semtepi\/wp-content\/uploads\/sites\/20\/2024\/11\/BANNER-NOTA.png\",\"keywords\":[\"manuten\u00e7\u00e3o\",\"prefeitura de manaus\",\"Semtepi\",\"sine manaus\",\"sistema\"],\"articleSection\":[\"Nota\"],\"inLanguage\":\"pt-BR\"},{\"@type\":\"WebPage\",\"@id\":\"https:\/\/www.manaus.am.gov.br\/semtepi\/nota\/sine-manaus-manutencao-sistema\/\",\"url\":\"https:\/\/www.manaus.am.gov.br\/semtepi\/nota\/sine-manaus-manutencao-sistema\/\",\"name\":\"Atendimento no Sine Manaus estar\u00e1 suspenso por manuten\u00e7\u00e3o no sistema\",\"isPartOf\":{\"@id\":\"https:\/\/www.manaus.am.gov.br\/semtepi\/#website\"},\"primaryImageOfPage\":{\"@id\":\"https:\/\/www.manaus.am.gov.br\/semtepi\/nota\/sine-manaus-manutencao-sistema\/#primaryimage\"},\"image\":{\"@id\":\"https:\/\/www.manaus.am.gov.br\/semtepi\/nota\/sine-manaus-manutencao-sistema\/#primaryimage\"},\"thumbnailUrl\":\"https:\/\/www.manaus.am.gov.br\/semtepi\/wp-content\/uploads\/sites\/20\/2024\/11\/BANNER-NOTA.png\",\"datePublished\":\"2024-12-04T18:20:58+00:00\",\"dateModified\":\"2024-12-04T18:23:00+00:00\",\"description\":\"A Prefeitura de Manaus, por meio da Secretaria Municipal do Trabalho, Empreendedorismo e Inova\u00e7\u00e3o (Semtepi), informa que o atendimento nos postos do Sine Manaus, localizados na avenida Constantino Nery, zona Sul, e no shopping Phelippe Daou, zona Leste de Manaus, estar\u00e3o suspensos, nesta sexta-feira, 6\/12, em virtude de uma manuten\u00e7\u00e3o no sistema.\",\"breadcrumb\":{\"@id\":\"https:\/\/www.manaus.am.gov.br\/semtepi\/nota\/sine-manaus-manutencao-sistema\/#breadcrumb\"},\"inLanguage\":\"pt-BR\",\"potentialAction\":[{\"@type\":\"ReadAction\",\"target\":[\"https:\/\/www.manaus.am.gov.br\/semtepi\/nota\/sine-manaus-manutencao-sistema\/\"]}]},{\"@type\":\"ImageObject\",\"inLanguage\":\"pt-BR\",\"@id\":\"https:\/\/www.manaus.am.gov.br\/semtepi\/nota\/sine-manaus-manutencao-sistema\/#primaryimage\",\"url\":\"https:\/\/www.manaus.am.gov.br\/semtepi\/wp-content\/uploads\/sites\/20\/2024\/11\/BANNER-NOTA.png\",\"contentUrl\":\"https:\/\/www.manaus.am.gov.br\/semtepi\/wp-content\/uploads\/sites\/20\/2024\/11\/BANNER-NOTA.png\",\"width\":900,\"height\":509},{\"@type\":\"BreadcrumbList\",\"@id\":\"https:\/\/www.manaus.am.gov.br\/semtepi\/nota\/sine-manaus-manutencao-sistema\/#breadcrumb\",\"itemListElement\":[{\"@type\":\"ListItem\",\"position\":1,\"name\":\"Home\",\"item\":\"https:\/\/www.manaus.am.gov.br\/semtepi\/\"},{\"@type\":\"ListItem\",\"position\":2,\"name\":\"Atendimento no Sine Manaus estar\u00e1 suspenso por manuten\u00e7\u00e3o no sistema na sexta-feira\"}]},{\"@type\":\"WebSite\",\"@id\":\"https:\/\/www.manaus.am.gov.br\/semtepi\/#website\",\"url\":\"https:\/\/www.manaus.am.gov.br\/semtepi\/\",\"name\":\"SEMTEPI\",\"description\":\"Prefeitura de Manaus\",\"publisher\":{\"@id\":\"https:\/\/www.manaus.am.gov.br\/semtepi\/#organization\"},\"alternateName\":\"Secretaria Municipal do Trabalho, Empreendedorismo e Inova\u00e7\u00e3o\",\"potentialAction\":[{\"@type\":\"SearchAction\",\"target\":{\"@type\":\"EntryPoint\",\"urlTemplate\":\"https:\/\/www.manaus.am.gov.br\/semtepi\/?s={search_term_string}\"},\"query-input\":\"required name=search_term_string\"}],\"inLanguage\":\"pt-BR\"},{\"@type\":\"Organization\",\"@id\":\"https:\/\/www.manaus.am.gov.br\/semtepi\/#organization\",\"name\":\"Prefeitura Municipal de Manaus\",\"alternateName\":\"Prefeitura de Manaus\",\"url\":\"https:\/\/www.manaus.am.gov.br\/semtepi\/\",\"logo\":{\"@type\":\"ImageObject\",\"inLanguage\":\"pt-BR\",\"@id\":\"https:\/\/www.manaus.am.gov.br\/semtepi\/#\/schema\/logo\/image\/\",\"url\":\"https:\/\/www.manaus.am.gov.br\/semtepi\/wp-content\/uploads\/sites\/20\/2024\/07\/favicon.png\",\"contentUrl\":\"https:\/\/www.manaus.am.gov.br\/semtepi\/wp-content\/uploads\/sites\/20\/2024\/07\/favicon.png\",\"width\":300,\"height\":300,\"caption\":\"Prefeitura Municipal de Manaus\"},\"image\":{\"@id\":\"https:\/\/www.manaus.am.gov.br\/semtepi\/#\/schema\/logo\/image\/\"}},{\"@type\":\"Person\",\"@id\":\"https:\/\/www.manaus.am.gov.br\/semtepi\/#\/schema\/person\/4e49f4e267757a06ca072ec61b2b9968\",\"name\":\"Adriana Costa\",\"image\":{\"@type\":\"ImageObject\",\"inLanguage\":\"pt-BR\",\"@id\":\"https:\/\/www.manaus.am.gov.br\/semtepi\/#\/schema\/person\/image\/\",\"url\":\"https:\/\/secure.gravatar.com\/avatar\/576258617ef7194f718179e766d57bd4?s=96&d=mm&r=g\",\"contentUrl\":\"https:\/\/secure.gravatar.com\/avatar\/576258617ef7194f718179e766d57bd4?s=96&d=mm&r=g\",\"caption\":\"Adriana Costa\"}}]}<\/script>\n<!-- \/ Yoast SEO plugin. -->","yoast_head_json":{"title":"Atendimento no Sine Manaus estar\u00e1 suspenso por manuten\u00e7\u00e3o no sistema","description":"A Prefeitura de Manaus, por meio da Secretaria Municipal do Trabalho, Empreendedorismo e Inova\u00e7\u00e3o (Semtepi), informa que o atendimento nos postos do Sine Manaus, localizados na avenida Constantino Nery, zona Sul, e no shopping Phelippe Daou, zona Leste de Manaus, estar\u00e3o suspensos, nesta sexta-feira, 6\/12, em virtude de uma manuten\u00e7\u00e3o no sistema.","robots":{"index":"noindex","follow":"follow"},"og_locale":"pt_BR","og_type":"article","og_title":"Atendimento no Sine Manaus estar\u00e1 suspenso por manuten\u00e7\u00e3o no sistema","og_description":"A Prefeitura de Manaus, por meio da Secretaria Municipal do Trabalho, Empreendedorismo e Inova\u00e7\u00e3o (Semtepi), informa que o atendimento nos postos do Sine Manaus, localizados na avenida Constantino Nery, zona Sul, e no shopping Phelippe Daou, zona Leste de Manaus, estar\u00e3o suspensos, nesta sexta-feira, 6\/12, em virtude de uma manuten\u00e7\u00e3o no sistema.","og_url":"https:\/\/www.manaus.am.gov.br\/semtepi\/nota\/sine-manaus-manutencao-sistema\/","og_site_name":"SEMTEPI","article_published_time":"2024-12-04T18:20:58+00:00","article_modified_time":"2024-12-04T18:23:00+00:00","og_image":[{"width":900,"height":509,"url":"https:\/\/www.manaus.am.gov.br\/semtepi\/wp-content\/uploads\/sites\/20\/2024\/11\/BANNER-NOTA.png","type":"image\/png"}],"author":"Adriana Costa","twitter_card":"summary_large_image","twitter_misc":{"Written by":"Adriana Costa","Est. reading time":"1 minuto"},"schema":{"@context":"https:\/\/schema.org","@graph":[{"@type":"Article","@id":"https:\/\/www.manaus.am.gov.br\/semtepi\/nota\/sine-manaus-manutencao-sistema\/#article","isPartOf":{"@id":"https:\/\/www.manaus.am.gov.br\/semtepi\/nota\/sine-manaus-manutencao-sistema\/"},"author":{"name":"Adriana Costa","@id":"https:\/\/www.manaus.am.gov.br\/semtepi\/#\/schema\/person\/4e49f4e267757a06ca072ec61b2b9968"},"headline":"Atendimento no Sine Manaus estar\u00e1 suspenso por manuten\u00e7\u00e3o no sistema na sexta-feira","datePublished":"2024-12-04T18:20:58+00:00","dateModified":"2024-12-04T18:23:00+00:00","mainEntityOfPage":{"@id":"https:\/\/www.manaus.am.gov.br\/semtepi\/nota\/sine-manaus-manutencao-sistema\/"},"wordCount":131,"publisher":{"@id":"https:\/\/www.manaus.am.gov.br\/semtepi\/#organization"},"image":{"@id":"https:\/\/www.manaus.am.gov.br\/semtepi\/nota\/sine-manaus-manutencao-sistema\/#primaryimage"},"thumbnailUrl":"https:\/\/www.manaus.am.gov.br\/semtepi\/wp-content\/uploads\/sites\/20\/2024\/11\/BANNER-NOTA.png","keywords":["manuten\u00e7\u00e3o","prefeitura de manaus","Semtepi","sine manaus","sistema"],"articleSection":["Nota"],"inLanguage":"pt-BR"},{"@type":"WebPage","@id":"https:\/\/www.manaus.am.gov.br\/semtepi\/nota\/sine-manaus-manutencao-sistema\/","url":"https:\/\/www.manaus.am.gov.br\/semtepi\/nota\/sine-manaus-manutencao-sistema\/","name":"Atendimento no Sine Manaus estar\u00e1 suspenso por manuten\u00e7\u00e3o no sistema","isPartOf":{"@id":"https:\/\/www.manaus.am.gov.br\/semtepi\/#website"},"primaryImageOfPage":{"@id":"https:\/\/www.manaus.am.gov.br\/semtepi\/nota\/sine-manaus-manutencao-sistema\/#primaryimage"},"image":{"@id":"https:\/\/www.manaus.am.gov.br\/semtepi\/nota\/sine-manaus-manutencao-sistema\/#primaryimage"},"thumbnailUrl":"https:\/\/www.manaus.am.gov.br\/semtepi\/wp-content\/uploads\/sites\/20\/2024\/11\/BANNER-NOTA.png","datePublished":"2024-12-04T18:20:58+00:00","dateModified":"2024-12-04T18:23:00+00:00","description":"A Prefeitura de Manaus, por meio da Secretaria Municipal do Trabalho, Empreendedorismo e Inova\u00e7\u00e3o (Semtepi), informa que o atendimento nos postos do Sine Manaus, localizados na avenida Constantino Nery, zona Sul, e no shopping Phelippe Daou, zona Leste de Manaus, estar\u00e3o suspensos, nesta sexta-feira, 6\/12, em virtude de uma manuten\u00e7\u00e3o no sistema.","breadcrumb":{"@id":"https:\/\/www.manaus.am.gov.br\/semtepi\/nota\/sine-manaus-manutencao-sistema\/#breadcrumb"},"inLanguage":"pt-BR","potentialAction":[{"@type":"ReadAction","target":["https:\/\/www.manaus.am.gov.br\/semtepi\/nota\/sine-manaus-manutencao-sistema\/"]}]},{"@type":"ImageObject","inLanguage":"pt-BR","@id":"https:\/\/www.manaus.am.gov.br\/semtepi\/nota\/sine-manaus-manutencao-sistema\/#primaryimage","url":"https:\/\/www.manaus.am.gov.br\/semtepi\/wp-content\/uploads\/sites\/20\/2024\/11\/BANNER-NOTA.png","contentUrl":"https:\/\/www.manaus.am.gov.br\/semtepi\/wp-content\/uploads\/sites\/20\/2024\/11\/BANNER-NOTA.png","width":900,"height":509},{"@type":"BreadcrumbList","@id":"https:\/\/www.manaus.am.gov.br\/semtepi\/nota\/sine-manaus-manutencao-sistema\/#breadcrumb","itemListElement":[{"@type":"ListItem","position":1,"name":"Home","item":"https:\/\/www.manaus.am.gov.br\/semtepi\/"},{"@type":"ListItem","position":2,"name":"Atendimento no Sine Manaus estar\u00e1 suspenso por manuten\u00e7\u00e3o no sistema na sexta-feira"}]},{"@type":"WebSite","@id":"https:\/\/www.manaus.am.gov.br\/semtepi\/#website","url":"https:\/\/www.manaus.am.gov.br\/semtepi\/","name":"SEMTEPI","description":"Prefeitura de Manaus","publisher":{"@id":"https:\/\/www.manaus.am.gov.br\/semtepi\/#organization"},"alternateName":"Secretaria Municipal do Trabalho, Empreendedorismo e Inova\u00e7\u00e3o","potentialAction":[{"@type":"SearchAction","target":{"@type":"EntryPoint","urlTemplate":"https:\/\/www.manaus.am.gov.br\/semtepi\/?s={search_term_string}"},"query-input":"required name=search_term_string"}],"inLanguage":"pt-BR"},{"@type":"Organization","@id":"https:\/\/www.manaus.am.gov.br\/semtepi\/#organization","name":"Prefeitura Municipal de Manaus","alternateName":"Prefeitura de Manaus","url":"https:\/\/www.manaus.am.gov.br\/semtepi\/","logo":{"@type":"ImageObject","inLanguage":"pt-BR","@id":"https:\/\/www.manaus.am.gov.br\/semtepi\/#\/schema\/logo\/image\/","url":"https:\/\/www.manaus.am.gov.br\/semtepi\/wp-content\/uploads\/sites\/20\/2024\/07\/favicon.png","contentUrl":"https:\/\/www.manaus.am.gov.br\/semtepi\/wp-content\/uploads\/sites\/20\/2024\/07\/favicon.png","width":300,"height":300,"caption":"Prefeitura Municipal de Manaus"},"image":{"@id":"https:\/\/www.manaus.am.gov.br\/semtepi\/#\/schema\/logo\/image\/"}},{"@type":"Person","@id":"https:\/\/www.manaus.am.gov.br\/semtepi\/#\/schema\/person\/4e49f4e267757a06ca072ec61b2b9968","name":"Adriana Costa","image":{"@type":"ImageObject","inLanguage":"pt-BR","@id":"https:\/\/www.manaus.am.gov.br\/semtepi\/#\/schema\/person\/image\/","url":"https:\/\/secure.gravatar.com\/avatar\/576258617ef7194f718179e766d57bd4?s=96&d=mm&r=g","contentUrl":"https:\/\/secure.gravatar.com\/avatar\/576258617ef7194f718179e766d57bd4?s=96&d=mm&r=g","caption":"Adriana Costa"}}]}},"_links":{"self":[{"href":"https:\/\/www.manaus.am.gov.br\/semtepi\/wp-json\/wp\/v2\/posts\/5520"}],"collection":[{"href":"https:\/\/www.manaus.am.gov.br\/semtepi\/wp-json\/wp\/v2\/posts"}],"about":[{"href":"https:\/\/www.manaus.am.gov.br\/semtepi\/wp-json\/wp\/v2\/types\/post"}],"author":[{"embeddable":true,"href":"https:\/\/www.manaus.am.gov.br\/semtepi\/wp-json\/wp\/v2\/users\/23"}],"replies":[{"embeddable":true,"href":"https:\/\/www.manaus.am.gov.br\/semtepi\/wp-json\/wp\/v2\/comments?post=5520"}],"version-history":[{"count":1,"href":"https:\/\/www.manaus.am.gov.br\/semtepi\/wp-json\/wp\/v2\/posts\/5520\/revisions"}],"predecessor-version":[{"id":5521,"href":"https:\/\/www.manaus.am.gov.br\/semtepi\/wp-json\/wp\/v2\/posts\/5520\/revisions\/5521"}],"wp:featuredmedia":[{"embeddable":true,"href":"https:\/\/www.manaus.am.gov.br\/semtepi\/wp-json\/wp\/v2\/media\/5425"}],"wp:attachment":[{"href":"https:\/\/www.manaus.am.gov.br\/semtepi\/wp-json\/wp\/v2\/media?parent=5520"}],"wp:term":[{"taxonomy":"category","embeddable":true,"href":"https:\/\/www.manaus.am.gov.br\/semtepi\/wp-json\/wp\/v2\/categories?post=5520"},{"taxonomy":"post_tag","embeddable":true,"href":"https:\/\/www.manaus.am.gov.br\/semtepi\/wp-json\/wp\/v2\/tags?post=5520"}],"curies":[{"name":"wp","href":"https:\/\/api.w.org\/{rel}","templated":true}]}}