{"id":5449,"date":"2024-11-13T14:40:26","date_gmt":"2024-11-13T18:40:26","guid":{"rendered":"https:\/\/www.manaus.am.gov.br\/semtepi\/sem-categoria\/prefeitura-da-inicio-a-programacao-da-5a-edicao-da-feira-do-polo-digital-de-manaus\/"},"modified":"2024-11-13T14:40:26","modified_gmt":"2024-11-13T18:40:26","slug":"prefeitura-da-inicio-a-programacao-da-5a-edicao-da-feira-do-polo-digital-de-manaus","status":"publish","type":"post","link":"https:\/\/www.manaus.am.gov.br\/semtepi\/noticia-tecnologia\/prefeitura-da-inicio-a-programacao-da-5a-edicao-da-feira-do-polo-digital-de-manaus\/","title":{"rendered":"Prefeitura d\u00e1 in\u00edcio \u00e0 programa\u00e7\u00e3o da 5\u00aa edi\u00e7\u00e3o da Feira do Polo Digital de Manaus"},"content":{"rendered":"\n<p>A 5\u00aa edi\u00e7\u00e3o da Feira do Polo Digital de Manaus iniciou, nesta ter\u00e7a-feira, 12\/11, no Centro de Conven\u00e7\u00f5es do Manaus Plaza Shopping, localizado na avenida Djalma Batista, no bairro Chapada, zona Centro-Sul da capital. O evento, promovido pelo Conselho de Desenvolvimento Econ\u00f4mico, Sustent\u00e1vel e Estrat\u00e9gico de Manaus (Codese Manaus), conta com o apoio institucional da Prefeitura de Manaus, por meio da Secretaria Municipal do Trabalho, Empreendedorismo e Inova\u00e7\u00e3o (Semtepi), e segue at\u00e9 esta quinta-feira, 14\/11, das 14h \u00e0s 21h.<\/p>\n\n\n\n<p>Durante a solenidade de abertura da programa\u00e7\u00e3o, o titular da Semtepi, Wagno Oliveira, destacou os servi\u00e7os para a popula\u00e7\u00e3o que est\u00e3o sendo ofertados no espa\u00e7o da prefeitura, entre eles palestras, rodas de conversas, atendimento do Sine Manaus e orienta\u00e7\u00e3o profissional.<\/p>\n\n\n\n<p>\u201cSeguindo a determina\u00e7\u00e3o do prefeito David Almeida, estamos apoiando e participando da solenidade de abertura deste evento, agora parte do Calend\u00e1rio Oficial da Cidade pela Lei n\u00ba 2.560. Esse \u00e9 mais um passo para aquecermos o ecossistema de inova\u00e7\u00e3o em Manaus e para fortalecer iniciativas como o Codese, que t\u00eam papel fundamental no desenvolvimento econ\u00f4mico e digital da nossa cidade. Com esse evento, mostramos para o Brasil que Manaus conta com um Polo Digital vibrante e em expans\u00e3o\u201d, destacou Oliveira.<\/p>\n\n\n\n<figure class=\"wp-block-image size-large\"><img loading=\"lazy\" decoding=\"async\" width=\"1024\" height=\"683\" src=\"https:\/\/www.manaus.am.gov.br\/semtepi\/wp-content\/uploads\/sites\/20\/2024\/11\/MG_9262-1024x683.jpg\" alt=\"\" class=\"wp-image-5450\" srcset=\"https:\/\/www.manaus.am.gov.br\/semtepi\/wp-content\/uploads\/sites\/20\/2024\/11\/MG_9262-1024x683.jpg 1024w, https:\/\/www.manaus.am.gov.br\/semtepi\/wp-content\/uploads\/sites\/20\/2024\/11\/MG_9262-300x200.jpg 300w, https:\/\/www.manaus.am.gov.br\/semtepi\/wp-content\/uploads\/sites\/20\/2024\/11\/MG_9262-768x512.jpg 768w, https:\/\/www.manaus.am.gov.br\/semtepi\/wp-content\/uploads\/sites\/20\/2024\/11\/MG_9262-1536x1024.jpg 1536w, https:\/\/www.manaus.am.gov.br\/semtepi\/wp-content\/uploads\/sites\/20\/2024\/11\/MG_9262-2048x1365.jpg 2048w\" sizes=\"(max-width: 1024px) 100vw, 1024px\" \/><\/figure>\n\n\n\n<p>A programa\u00e7\u00e3o de palestras inclui especialistas nas \u00e1reas de inova\u00e7\u00e3o, marketing, intelig\u00eancia artificial, empreendedorismo e capta\u00e7\u00e3o de recursos. Segundo a educadora financeira Priscilla Monteiro, que palestrou sobre \u201cEstrat\u00e9gias para a Capta\u00e7\u00e3o de recursos: desafios e oportunidades\u201d, \u00e9 fundamental que a gest\u00e3o municipal promova debates relacionados a essas tem\u00e1ticas, como forma de orientar a popula\u00e7\u00e3o e dar visibilidade a atividades que est\u00e3o sendo feitas pelo ecossistema de inova\u00e7\u00e3o.<\/p>\n\n\n\n<p>\u201cEstar participando da Feira do Polo Digital faz com que a gente consiga acessar o p\u00fablico que necessita de uma orienta\u00e7\u00e3o profissional, com destaque para a parte financeira. Falarmos sobre as estrat\u00e9gias de capta\u00e7\u00e3o de recursos \u00e9 interessante, porque a maioria das pessoas n\u00e3o conhece as oportunidades que est\u00e3o dispon\u00edveis e que elas podem ter acesso\u201d, afirmou a mentora e empreendedora.<\/p>\n\n\n\n<p>Outros dez empreendedores de economia criativa, devidamente cadastrados na Semtepi, tamb\u00e9m est\u00e3o participando do evento, expondo seus trabalhos, assim como os representantes de&nbsp;<em>startups,<\/em>&nbsp;apresentando solu\u00e7\u00f5es inovadoras.<\/p>\n\n\n\n<p>O evento \u00e9 gratuito e aberto ao p\u00fablico, mediante inscri\u00e7\u00e3o pr\u00e9via no site&nbsp;<a href=\"https:\/\/www.fpdmcodesemao.tech\/event-details\/apex-indie-festival\" target=\"_blank\" rel=\"noreferrer noopener\">https:\/\/www.fpdmcodesemao.tech\/event-details\/apex-indie-festival<\/a>.<\/p>\n\n\n\n<p>&#8212; &#8212; &#8212;<\/p>\n\n\n\n<p><strong>Texto\u00a0<\/strong>\u2013 Divulga\u00e7\u00e3o\/Semtepi<\/p>\n\n\n\n<p><strong>Fotos \u2013 <\/strong>Divulga\u00e7\u00e3o\/Codese<\/p>\n","protected":false},"excerpt":{"rendered":"","protected":false},"author":39,"featured_media":5451,"comment_status":"closed","ping_status":"closed","sticky":false,"template":"","format":"standard","meta":{"footnotes":""},"categories":[747],"tags":[1182,1183,8,216,1184,9],"acf":[],"yoast_head":"<!-- This site is optimized with the Yoast SEO plugin v23.0 - https:\/\/yoast.com\/wordpress\/plugins\/seo\/ -->\n<title>Programa\u00e7\u00e3o da 5\u00aa edi\u00e7\u00e3o da Feira do Polo Digital de Manaus<\/title>\n<meta name=\"description\" content=\"Prefeitura de Manaus, por meio da Semtepi, d\u00e1 in\u00edcio \u00e0 programa\u00e7\u00e3o da 5\u00aa edi\u00e7\u00e3o da Feira do Polo Digital de Manaus.\" \/>\n<meta name=\"robots\" content=\"noindex, follow\" \/>\n<meta property=\"og:locale\" content=\"pt_BR\" \/>\n<meta property=\"og:type\" content=\"article\" \/>\n<meta property=\"og:title\" content=\"Programa\u00e7\u00e3o da 5\u00aa edi\u00e7\u00e3o da Feira do Polo Digital de Manaus\" \/>\n<meta property=\"og:description\" content=\"Prefeitura de Manaus, por meio da Semtepi, d\u00e1 in\u00edcio \u00e0 programa\u00e7\u00e3o da 5\u00aa edi\u00e7\u00e3o da Feira do Polo Digital de Manaus.\" \/>\n<meta property=\"og:url\" content=\"https:\/\/www.manaus.am.gov.br\/semtepi\/noticia-tecnologia\/prefeitura-da-inicio-a-programacao-da-5a-edicao-da-feira-do-polo-digital-de-manaus\/\" \/>\n<meta property=\"og:site_name\" content=\"SEMTEPI\" \/>\n<meta property=\"article:published_time\" content=\"2024-11-13T18:40:26+00:00\" \/>\n<meta property=\"og:image\" content=\"https:\/\/www.manaus.am.gov.br\/semtepi\/wp-content\/uploads\/sites\/20\/2024\/11\/MG_9188-1024x683.jpg\" \/>\n\t<meta property=\"og:image:width\" content=\"1024\" \/>\n\t<meta property=\"og:image:height\" content=\"683\" \/>\n\t<meta property=\"og:image:type\" content=\"image\/jpeg\" \/>\n<meta name=\"author\" content=\"Bruna Greco\" \/>\n<meta name=\"twitter:card\" content=\"summary_large_image\" \/>\n<meta name=\"twitter:label1\" content=\"Written by\" \/>\n\t<meta name=\"twitter:data1\" content=\"Bruna Greco\" \/>\n\t<meta name=\"twitter:label2\" content=\"Est. reading time\" \/>\n\t<meta name=\"twitter:data2\" content=\"3 minutos\" \/>\n<script type=\"application\/ld+json\" class=\"yoast-schema-graph\">{\"@context\":\"https:\/\/schema.org\",\"@graph\":[{\"@type\":\"Article\",\"@id\":\"https:\/\/www.manaus.am.gov.br\/semtepi\/noticia-tecnologia\/prefeitura-da-inicio-a-programacao-da-5a-edicao-da-feira-do-polo-digital-de-manaus\/#article\",\"isPartOf\":{\"@id\":\"https:\/\/www.manaus.am.gov.br\/semtepi\/noticia-tecnologia\/prefeitura-da-inicio-a-programacao-da-5a-edicao-da-feira-do-polo-digital-de-manaus\/\"},\"author\":{\"name\":\"Bruna Greco\",\"@id\":\"https:\/\/www.manaus.am.gov.br\/semtepi\/#\/schema\/person\/05d223aea2bf115f9883a6ff3683d81b\"},\"headline\":\"Prefeitura d\u00e1 in\u00edcio \u00e0 programa\u00e7\u00e3o da 5\u00aa edi\u00e7\u00e3o da Feira do Polo Digital de Manaus\",\"datePublished\":\"2024-11-13T18:40:26+00:00\",\"dateModified\":\"2024-11-13T18:40:26+00:00\",\"mainEntityOfPage\":{\"@id\":\"https:\/\/www.manaus.am.gov.br\/semtepi\/noticia-tecnologia\/prefeitura-da-inicio-a-programacao-da-5a-edicao-da-feira-do-polo-digital-de-manaus\/\"},\"wordCount\":438,\"publisher\":{\"@id\":\"https:\/\/www.manaus.am.gov.br\/semtepi\/#organization\"},\"image\":{\"@id\":\"https:\/\/www.manaus.am.gov.br\/semtepi\/noticia-tecnologia\/prefeitura-da-inicio-a-programacao-da-5a-edicao-da-feira-do-polo-digital-de-manaus\/#primaryimage\"},\"thumbnailUrl\":\"https:\/\/www.manaus.am.gov.br\/semtepi\/wp-content\/uploads\/sites\/20\/2024\/11\/MG_9188.jpg\",\"keywords\":[\"5\u00aa edi\u00e7\u00e3o\",\"Feira do Polo Digital de Manaus\",\"prefeitura de manaus\",\"programa\u00e7\u00e3o\",\"promovido pela Codese Manaus\",\"Semtepi\"],\"articleSection\":[\"Tecnologia\"],\"inLanguage\":\"pt-BR\"},{\"@type\":\"WebPage\",\"@id\":\"https:\/\/www.manaus.am.gov.br\/semtepi\/noticia-tecnologia\/prefeitura-da-inicio-a-programacao-da-5a-edicao-da-feira-do-polo-digital-de-manaus\/\",\"url\":\"https:\/\/www.manaus.am.gov.br\/semtepi\/noticia-tecnologia\/prefeitura-da-inicio-a-programacao-da-5a-edicao-da-feira-do-polo-digital-de-manaus\/\",\"name\":\"Programa\u00e7\u00e3o da 5\u00aa edi\u00e7\u00e3o da Feira do Polo Digital de Manaus\",\"isPartOf\":{\"@id\":\"https:\/\/www.manaus.am.gov.br\/semtepi\/#website\"},\"primaryImageOfPage\":{\"@id\":\"https:\/\/www.manaus.am.gov.br\/semtepi\/noticia-tecnologia\/prefeitura-da-inicio-a-programacao-da-5a-edicao-da-feira-do-polo-digital-de-manaus\/#primaryimage\"},\"image\":{\"@id\":\"https:\/\/www.manaus.am.gov.br\/semtepi\/noticia-tecnologia\/prefeitura-da-inicio-a-programacao-da-5a-edicao-da-feira-do-polo-digital-de-manaus\/#primaryimage\"},\"thumbnailUrl\":\"https:\/\/www.manaus.am.gov.br\/semtepi\/wp-content\/uploads\/sites\/20\/2024\/11\/MG_9188.jpg\",\"datePublished\":\"2024-11-13T18:40:26+00:00\",\"dateModified\":\"2024-11-13T18:40:26+00:00\",\"description\":\"Prefeitura de Manaus, por meio da Semtepi, d\u00e1 in\u00edcio \u00e0 programa\u00e7\u00e3o da 5\u00aa edi\u00e7\u00e3o da Feira do Polo Digital de Manaus.\",\"breadcrumb\":{\"@id\":\"https:\/\/www.manaus.am.gov.br\/semtepi\/noticia-tecnologia\/prefeitura-da-inicio-a-programacao-da-5a-edicao-da-feira-do-polo-digital-de-manaus\/#breadcrumb\"},\"inLanguage\":\"pt-BR\",\"potentialAction\":[{\"@type\":\"ReadAction\",\"target\":[\"https:\/\/www.manaus.am.gov.br\/semtepi\/noticia-tecnologia\/prefeitura-da-inicio-a-programacao-da-5a-edicao-da-feira-do-polo-digital-de-manaus\/\"]}]},{\"@type\":\"ImageObject\",\"inLanguage\":\"pt-BR\",\"@id\":\"https:\/\/www.manaus.am.gov.br\/semtepi\/noticia-tecnologia\/prefeitura-da-inicio-a-programacao-da-5a-edicao-da-feira-do-polo-digital-de-manaus\/#primaryimage\",\"url\":\"https:\/\/www.manaus.am.gov.br\/semtepi\/wp-content\/uploads\/sites\/20\/2024\/11\/MG_9188.jpg\",\"contentUrl\":\"https:\/\/www.manaus.am.gov.br\/semtepi\/wp-content\/uploads\/sites\/20\/2024\/11\/MG_9188.jpg\",\"width\":3000,\"height\":2000,\"caption\":\"#paratodosverem - Representantes da Semtepi e Codese durante a 5\u00aa edi\u00e7\u00e3o da Feira do Polo Digital de Manaus\"},{\"@type\":\"BreadcrumbList\",\"@id\":\"https:\/\/www.manaus.am.gov.br\/semtepi\/noticia-tecnologia\/prefeitura-da-inicio-a-programacao-da-5a-edicao-da-feira-do-polo-digital-de-manaus\/#breadcrumb\",\"itemListElement\":[{\"@type\":\"ListItem\",\"position\":1,\"name\":\"Home\",\"item\":\"https:\/\/www.manaus.am.gov.br\/semtepi\/\"},{\"@type\":\"ListItem\",\"position\":2,\"name\":\"Prefeitura d\u00e1 in\u00edcio \u00e0 programa\u00e7\u00e3o da 5\u00aa edi\u00e7\u00e3o da Feira do Polo Digital de Manaus\"}]},{\"@type\":\"WebSite\",\"@id\":\"https:\/\/www.manaus.am.gov.br\/semtepi\/#website\",\"url\":\"https:\/\/www.manaus.am.gov.br\/semtepi\/\",\"name\":\"SEMTEPI\",\"description\":\"Prefeitura de Manaus\",\"publisher\":{\"@id\":\"https:\/\/www.manaus.am.gov.br\/semtepi\/#organization\"},\"alternateName\":\"Secretaria Municipal do Trabalho, Empreendedorismo e Inova\u00e7\u00e3o\",\"potentialAction\":[{\"@type\":\"SearchAction\",\"target\":{\"@type\":\"EntryPoint\",\"urlTemplate\":\"https:\/\/www.manaus.am.gov.br\/semtepi\/?s={search_term_string}\"},\"query-input\":\"required name=search_term_string\"}],\"inLanguage\":\"pt-BR\"},{\"@type\":\"Organization\",\"@id\":\"https:\/\/www.manaus.am.gov.br\/semtepi\/#organization\",\"name\":\"Prefeitura Municipal de Manaus\",\"alternateName\":\"Prefeitura de Manaus\",\"url\":\"https:\/\/www.manaus.am.gov.br\/semtepi\/\",\"logo\":{\"@type\":\"ImageObject\",\"inLanguage\":\"pt-BR\",\"@id\":\"https:\/\/www.manaus.am.gov.br\/semtepi\/#\/schema\/logo\/image\/\",\"url\":\"https:\/\/www.manaus.am.gov.br\/semtepi\/wp-content\/uploads\/sites\/20\/2024\/07\/favicon.png\",\"contentUrl\":\"https:\/\/www.manaus.am.gov.br\/semtepi\/wp-content\/uploads\/sites\/20\/2024\/07\/favicon.png\",\"width\":300,\"height\":300,\"caption\":\"Prefeitura Municipal de Manaus\"},\"image\":{\"@id\":\"https:\/\/www.manaus.am.gov.br\/semtepi\/#\/schema\/logo\/image\/\"}},{\"@type\":\"Person\",\"@id\":\"https:\/\/www.manaus.am.gov.br\/semtepi\/#\/schema\/person\/05d223aea2bf115f9883a6ff3683d81b\",\"name\":\"Bruna Greco\",\"image\":{\"@type\":\"ImageObject\",\"inLanguage\":\"pt-BR\",\"@id\":\"https:\/\/www.manaus.am.gov.br\/semtepi\/#\/schema\/person\/image\/\",\"url\":\"https:\/\/secure.gravatar.com\/avatar\/9c877d1a6adc2a055330e5c09a8653ce?s=96&d=mm&r=g\",\"contentUrl\":\"https:\/\/secure.gravatar.com\/avatar\/9c877d1a6adc2a055330e5c09a8653ce?s=96&d=mm&r=g\",\"caption\":\"Bruna Greco\"}}]}<\/script>\n<!-- \/ Yoast SEO plugin. -->","yoast_head_json":{"title":"Programa\u00e7\u00e3o da 5\u00aa edi\u00e7\u00e3o da Feira do Polo Digital de Manaus","description":"Prefeitura de Manaus, por meio da Semtepi, d\u00e1 in\u00edcio \u00e0 programa\u00e7\u00e3o da 5\u00aa edi\u00e7\u00e3o da Feira do Polo Digital de Manaus.","robots":{"index":"noindex","follow":"follow"},"og_locale":"pt_BR","og_type":"article","og_title":"Programa\u00e7\u00e3o da 5\u00aa edi\u00e7\u00e3o da Feira do Polo Digital de Manaus","og_description":"Prefeitura de Manaus, por meio da Semtepi, d\u00e1 in\u00edcio \u00e0 programa\u00e7\u00e3o da 5\u00aa edi\u00e7\u00e3o da Feira do Polo Digital de Manaus.","og_url":"https:\/\/www.manaus.am.gov.br\/semtepi\/noticia-tecnologia\/prefeitura-da-inicio-a-programacao-da-5a-edicao-da-feira-do-polo-digital-de-manaus\/","og_site_name":"SEMTEPI","article_published_time":"2024-11-13T18:40:26+00:00","og_image":[{"width":1024,"height":683,"url":"https:\/\/www.manaus.am.gov.br\/semtepi\/wp-content\/uploads\/sites\/20\/2024\/11\/MG_9188-1024x683.jpg","type":"image\/jpeg"}],"author":"Bruna Greco","twitter_card":"summary_large_image","twitter_misc":{"Written by":"Bruna Greco","Est. reading time":"3 minutos"},"schema":{"@context":"https:\/\/schema.org","@graph":[{"@type":"Article","@id":"https:\/\/www.manaus.am.gov.br\/semtepi\/noticia-tecnologia\/prefeitura-da-inicio-a-programacao-da-5a-edicao-da-feira-do-polo-digital-de-manaus\/#article","isPartOf":{"@id":"https:\/\/www.manaus.am.gov.br\/semtepi\/noticia-tecnologia\/prefeitura-da-inicio-a-programacao-da-5a-edicao-da-feira-do-polo-digital-de-manaus\/"},"author":{"name":"Bruna Greco","@id":"https:\/\/www.manaus.am.gov.br\/semtepi\/#\/schema\/person\/05d223aea2bf115f9883a6ff3683d81b"},"headline":"Prefeitura d\u00e1 in\u00edcio \u00e0 programa\u00e7\u00e3o da 5\u00aa edi\u00e7\u00e3o da Feira do Polo Digital de Manaus","datePublished":"2024-11-13T18:40:26+00:00","dateModified":"2024-11-13T18:40:26+00:00","mainEntityOfPage":{"@id":"https:\/\/www.manaus.am.gov.br\/semtepi\/noticia-tecnologia\/prefeitura-da-inicio-a-programacao-da-5a-edicao-da-feira-do-polo-digital-de-manaus\/"},"wordCount":438,"publisher":{"@id":"https:\/\/www.manaus.am.gov.br\/semtepi\/#organization"},"image":{"@id":"https:\/\/www.manaus.am.gov.br\/semtepi\/noticia-tecnologia\/prefeitura-da-inicio-a-programacao-da-5a-edicao-da-feira-do-polo-digital-de-manaus\/#primaryimage"},"thumbnailUrl":"https:\/\/www.manaus.am.gov.br\/semtepi\/wp-content\/uploads\/sites\/20\/2024\/11\/MG_9188.jpg","keywords":["5\u00aa edi\u00e7\u00e3o","Feira do Polo Digital de Manaus","prefeitura de manaus","programa\u00e7\u00e3o","promovido pela Codese Manaus","Semtepi"],"articleSection":["Tecnologia"],"inLanguage":"pt-BR"},{"@type":"WebPage","@id":"https:\/\/www.manaus.am.gov.br\/semtepi\/noticia-tecnologia\/prefeitura-da-inicio-a-programacao-da-5a-edicao-da-feira-do-polo-digital-de-manaus\/","url":"https:\/\/www.manaus.am.gov.br\/semtepi\/noticia-tecnologia\/prefeitura-da-inicio-a-programacao-da-5a-edicao-da-feira-do-polo-digital-de-manaus\/","name":"Programa\u00e7\u00e3o da 5\u00aa edi\u00e7\u00e3o da Feira do Polo Digital de Manaus","isPartOf":{"@id":"https:\/\/www.manaus.am.gov.br\/semtepi\/#website"},"primaryImageOfPage":{"@id":"https:\/\/www.manaus.am.gov.br\/semtepi\/noticia-tecnologia\/prefeitura-da-inicio-a-programacao-da-5a-edicao-da-feira-do-polo-digital-de-manaus\/#primaryimage"},"image":{"@id":"https:\/\/www.manaus.am.gov.br\/semtepi\/noticia-tecnologia\/prefeitura-da-inicio-a-programacao-da-5a-edicao-da-feira-do-polo-digital-de-manaus\/#primaryimage"},"thumbnailUrl":"https:\/\/www.manaus.am.gov.br\/semtepi\/wp-content\/uploads\/sites\/20\/2024\/11\/MG_9188.jpg","datePublished":"2024-11-13T18:40:26+00:00","dateModified":"2024-11-13T18:40:26+00:00","description":"Prefeitura de Manaus, por meio da Semtepi, d\u00e1 in\u00edcio \u00e0 programa\u00e7\u00e3o da 5\u00aa edi\u00e7\u00e3o da Feira do Polo Digital de Manaus.","breadcrumb":{"@id":"https:\/\/www.manaus.am.gov.br\/semtepi\/noticia-tecnologia\/prefeitura-da-inicio-a-programacao-da-5a-edicao-da-feira-do-polo-digital-de-manaus\/#breadcrumb"},"inLanguage":"pt-BR","potentialAction":[{"@type":"ReadAction","target":["https:\/\/www.manaus.am.gov.br\/semtepi\/noticia-tecnologia\/prefeitura-da-inicio-a-programacao-da-5a-edicao-da-feira-do-polo-digital-de-manaus\/"]}]},{"@type":"ImageObject","inLanguage":"pt-BR","@id":"https:\/\/www.manaus.am.gov.br\/semtepi\/noticia-tecnologia\/prefeitura-da-inicio-a-programacao-da-5a-edicao-da-feira-do-polo-digital-de-manaus\/#primaryimage","url":"https:\/\/www.manaus.am.gov.br\/semtepi\/wp-content\/uploads\/sites\/20\/2024\/11\/MG_9188.jpg","contentUrl":"https:\/\/www.manaus.am.gov.br\/semtepi\/wp-content\/uploads\/sites\/20\/2024\/11\/MG_9188.jpg","width":3000,"height":2000,"caption":"#paratodosverem - Representantes da Semtepi e Codese durante a 5\u00aa edi\u00e7\u00e3o da Feira do Polo Digital de Manaus"},{"@type":"BreadcrumbList","@id":"https:\/\/www.manaus.am.gov.br\/semtepi\/noticia-tecnologia\/prefeitura-da-inicio-a-programacao-da-5a-edicao-da-feira-do-polo-digital-de-manaus\/#breadcrumb","itemListElement":[{"@type":"ListItem","position":1,"name":"Home","item":"https:\/\/www.manaus.am.gov.br\/semtepi\/"},{"@type":"ListItem","position":2,"name":"Prefeitura d\u00e1 in\u00edcio \u00e0 programa\u00e7\u00e3o da 5\u00aa edi\u00e7\u00e3o da Feira do Polo Digital de Manaus"}]},{"@type":"WebSite","@id":"https:\/\/www.manaus.am.gov.br\/semtepi\/#website","url":"https:\/\/www.manaus.am.gov.br\/semtepi\/","name":"SEMTEPI","description":"Prefeitura de Manaus","publisher":{"@id":"https:\/\/www.manaus.am.gov.br\/semtepi\/#organization"},"alternateName":"Secretaria Municipal do Trabalho, Empreendedorismo e Inova\u00e7\u00e3o","potentialAction":[{"@type":"SearchAction","target":{"@type":"EntryPoint","urlTemplate":"https:\/\/www.manaus.am.gov.br\/semtepi\/?s={search_term_string}"},"query-input":"required name=search_term_string"}],"inLanguage":"pt-BR"},{"@type":"Organization","@id":"https:\/\/www.manaus.am.gov.br\/semtepi\/#organization","name":"Prefeitura Municipal de Manaus","alternateName":"Prefeitura de Manaus","url":"https:\/\/www.manaus.am.gov.br\/semtepi\/","logo":{"@type":"ImageObject","inLanguage":"pt-BR","@id":"https:\/\/www.manaus.am.gov.br\/semtepi\/#\/schema\/logo\/image\/","url":"https:\/\/www.manaus.am.gov.br\/semtepi\/wp-content\/uploads\/sites\/20\/2024\/07\/favicon.png","contentUrl":"https:\/\/www.manaus.am.gov.br\/semtepi\/wp-content\/uploads\/sites\/20\/2024\/07\/favicon.png","width":300,"height":300,"caption":"Prefeitura Municipal de Manaus"},"image":{"@id":"https:\/\/www.manaus.am.gov.br\/semtepi\/#\/schema\/logo\/image\/"}},{"@type":"Person","@id":"https:\/\/www.manaus.am.gov.br\/semtepi\/#\/schema\/person\/05d223aea2bf115f9883a6ff3683d81b","name":"Bruna Greco","image":{"@type":"ImageObject","inLanguage":"pt-BR","@id":"https:\/\/www.manaus.am.gov.br\/semtepi\/#\/schema\/person\/image\/","url":"https:\/\/secure.gravatar.com\/avatar\/9c877d1a6adc2a055330e5c09a8653ce?s=96&d=mm&r=g","contentUrl":"https:\/\/secure.gravatar.com\/avatar\/9c877d1a6adc2a055330e5c09a8653ce?s=96&d=mm&r=g","caption":"Bruna Greco"}}]}},"_links":{"self":[{"href":"https:\/\/www.manaus.am.gov.br\/semtepi\/wp-json\/wp\/v2\/posts\/5449"}],"collection":[{"href":"https:\/\/www.manaus.am.gov.br\/semtepi\/wp-json\/wp\/v2\/posts"}],"about":[{"href":"https:\/\/www.manaus.am.gov.br\/semtepi\/wp-json\/wp\/v2\/types\/post"}],"author":[{"embeddable":true,"href":"https:\/\/www.manaus.am.gov.br\/semtepi\/wp-json\/wp\/v2\/users\/39"}],"replies":[{"embeddable":true,"href":"https:\/\/www.manaus.am.gov.br\/semtepi\/wp-json\/wp\/v2\/comments?post=5449"}],"version-history":[{"count":1,"href":"https:\/\/www.manaus.am.gov.br\/semtepi\/wp-json\/wp\/v2\/posts\/5449\/revisions"}],"predecessor-version":[{"id":5452,"href":"https:\/\/www.manaus.am.gov.br\/semtepi\/wp-json\/wp\/v2\/posts\/5449\/revisions\/5452"}],"wp:featuredmedia":[{"embeddable":true,"href":"https:\/\/www.manaus.am.gov.br\/semtepi\/wp-json\/wp\/v2\/media\/5451"}],"wp:attachment":[{"href":"https:\/\/www.manaus.am.gov.br\/semtepi\/wp-json\/wp\/v2\/media?parent=5449"}],"wp:term":[{"taxonomy":"category","embeddable":true,"href":"https:\/\/www.manaus.am.gov.br\/semtepi\/wp-json\/wp\/v2\/categories?post=5449"},{"taxonomy":"post_tag","embeddable":true,"href":"https:\/\/www.manaus.am.gov.br\/semtepi\/wp-json\/wp\/v2\/tags?post=5449"}],"curies":[{"name":"wp","href":"https:\/\/api.w.org\/{rel}","templated":true}]}}