{"id":5021,"date":"2024-06-21T15:57:24","date_gmt":"2024-06-21T19:57:24","guid":{"rendered":"https:\/\/www.manaus.am.gov.br\/semtepi\/sem-categoria\/sine-nos-bairros-2206\/"},"modified":"2024-06-21T15:57:25","modified_gmt":"2024-06-21T19:57:25","slug":"sine-nos-bairros-2206","status":"publish","type":"post","link":"https:\/\/www.manaus.am.gov.br\/semtepi\/empregabilidade\/sine-nos-bairros-2206\/","title":{"rendered":"Prefeitura de Manaus divulga tr\u00eas locais de atendimento do \u2018Sine nos Bairros\u2019"},"content":{"rendered":"\n<p>A Prefeitura de Manaus, por meio da Secretaria Municipal do Trabalho, Empreendedorismo e Inova\u00e7\u00e3o (Semtepi), divulga os locais de atendimento do projeto \u2018Sine nos Bairros\u2019, neste s\u00e1bado, 22\/6, a partir das 8h, nos tr\u00eas bairros: Mauazinho, zona Leste; Monte Sinai, zona Norte; e Compensa, zona Oeste.<\/p>\n\n\n\n<p>Os servi\u00e7os assegurados s\u00e3o: vagas de emprego, cadastro, orienta\u00e7\u00e3o para CTPS digital e seguro-desemprego, al\u00e9m de direcionamento \u00e0s empresas que desejem utilizar os servi\u00e7os de Intermedia\u00e7\u00e3o de M\u00e3o de Obra (IMO).<\/p>\n\n\n\n<p>\u201cO programa Sine nos Bairros come\u00e7ou em mar\u00e7o de 2023 e, desde ent\u00e3o, temos trabalhado intensamente para ampliar as oportunidades de emprego para os cidad\u00e3os manauaras. Nosso objetivo \u00e9 que, a partir dessas iniciativas, muitos moradores de todas as zonas da cidade consigam se empregar. Convidamos voc\u00ea a participar desta a\u00e7\u00e3o e fazer parte dessa transforma\u00e7\u00e3o\u201d, convidou o secret\u00e1rio da Semtepi, Wagno Oliveira.<\/p>\n\n\n\n<p>O primeiro local de atendimento acontecer\u00e1, das 8h \u00e0s 12h, no Instituto Francisca Maria, situado na rua S\u00e3o Francisco, n\u00b0 38, em frente ao Campo do Vermelh\u00e3o, bairro Mauazinho, zona Leste. No mesmo hor\u00e1rio, a igreja Casa de Milagres, localizada na rua Professora Emiliana Grana, n\u00ba 534, bairro Monte Sinai, zona Norte, vai receber as a\u00e7\u00f5es do Sine.<\/p>\n\n\n\n<p>O \u00faltimo ponto ser\u00e1, das 8h \u00e0s 14h, na escola municipal Elvira Borges, localizada na&nbsp;<a href=\"https:\/\/www.google.com\/maps\/search\/rua+Vinte+e+Tr%C3%AAs+de%0D%0ADezembro,+n%C2%BA+70?entry=gmail&amp;source=g\" target=\"_blank\" rel=\"noreferrer noopener\">rua Vinte e Tr\u00eas de Dezembro, n\u00ba 70<\/a>, bairro Compensa, zona Oeste. Esta terceira a\u00e7\u00e3o faz parte da a\u00e7\u00e3o integrada do programa Manaus mais Cidad\u00e3.<\/p>\n\n\n\n<p>Os cidad\u00e3os dever\u00e3o apresentar comprovante de vacina\u00e7\u00e3o (Covid-19), curr\u00edculo e documentos pessoais (RG, CPF, PIS, CTPS, comprovante de escolaridade e resid\u00eancia). N\u00e3o \u00e9 necess\u00e1rio apresentar c\u00f3pias, somente os documentos originais.<\/p>\n\n\n\n<p>&#8212; &#8212; &#8212;<\/p>\n\n\n\n<p><strong>Texto \u2013&nbsp;<\/strong>Fabiane Monteiro \/ Semtepi<\/p>\n\n\n\n<p><strong>Fotos \u2013&nbsp;<\/strong>Arquivo\/Semcom<\/p>\n","protected":false},"excerpt":{"rendered":"","protected":false},"author":23,"featured_media":5022,"comment_status":"closed","ping_status":"closed","sticky":false,"template":"","format":"standard","meta":{"footnotes":""},"categories":[372],"tags":[1145,1146,1147,8,9,417],"acf":[],"yoast_head":"<!-- This site is optimized with the Yoast SEO plugin v23.0 - https:\/\/yoast.com\/wordpress\/plugins\/seo\/ -->\n<title>Prefeitura de Manaus divulga tr\u00eas locais de atendimento do \u2018Sine nos Bairros\u2019<\/title>\n<meta name=\"description\" content=\"A Prefeitura de Manaus, por meio da Secretaria Municipal do Trabalho, Empreendedorismo e Inova\u00e7\u00e3o (Semtepi), divulga os locais de atendimento do projeto \u2018Sine nos Bairros\u2019, neste s\u00e1bado, 22\/6, a partir das 8h, nos tr\u00eas bairros: Mauazinho, zona Leste; Monte Sinai, zona Norte; e Compensa, zona Oeste.\" \/>\n<meta name=\"robots\" content=\"noindex, follow\" \/>\n<meta property=\"og:locale\" content=\"pt_BR\" \/>\n<meta property=\"og:type\" content=\"article\" \/>\n<meta property=\"og:title\" content=\"Prefeitura de Manaus divulga tr\u00eas locais de atendimento do \u2018Sine nos Bairros\u2019\" \/>\n<meta property=\"og:description\" content=\"A Prefeitura de Manaus, por meio da Secretaria Municipal do Trabalho, Empreendedorismo e Inova\u00e7\u00e3o (Semtepi), divulga os locais de atendimento do projeto \u2018Sine nos Bairros\u2019, neste s\u00e1bado, 22\/6, a partir das 8h, nos tr\u00eas bairros: Mauazinho, zona Leste; Monte Sinai, zona Norte; e Compensa, zona Oeste.\" \/>\n<meta property=\"og:url\" content=\"https:\/\/www.manaus.am.gov.br\/semtepi\/empregabilidade\/sine-nos-bairros-2206\/\" \/>\n<meta property=\"og:site_name\" content=\"SEMTEPI\" \/>\n<meta property=\"article:published_time\" content=\"2024-06-21T19:57:24+00:00\" \/>\n<meta property=\"article:modified_time\" content=\"2024-06-21T19:57:25+00:00\" \/>\n<meta property=\"og:image\" content=\"https:\/\/www.manaus.am.gov.br\/semtepi\/wp-content\/uploads\/sites\/20\/2024\/06\/53217753531_ee25886e6c_c-4.jpg\" \/>\n\t<meta property=\"og:image:width\" content=\"799\" \/>\n\t<meta property=\"og:image:height\" content=\"533\" \/>\n\t<meta property=\"og:image:type\" content=\"image\/jpeg\" \/>\n<meta name=\"author\" content=\"Adriana Costa\" \/>\n<meta name=\"twitter:card\" content=\"summary_large_image\" \/>\n<meta name=\"twitter:label1\" content=\"Written by\" \/>\n\t<meta name=\"twitter:data1\" content=\"Adriana Costa\" \/>\n\t<meta name=\"twitter:label2\" content=\"Est. reading time\" \/>\n\t<meta name=\"twitter:data2\" content=\"2 minutos\" \/>\n<script type=\"application\/ld+json\" class=\"yoast-schema-graph\">{\"@context\":\"https:\/\/schema.org\",\"@graph\":[{\"@type\":\"Article\",\"@id\":\"https:\/\/www.manaus.am.gov.br\/semtepi\/empregabilidade\/sine-nos-bairros-2206\/#article\",\"isPartOf\":{\"@id\":\"https:\/\/www.manaus.am.gov.br\/semtepi\/empregabilidade\/sine-nos-bairros-2206\/\"},\"author\":{\"name\":\"Adriana Costa\",\"@id\":\"https:\/\/www.manaus.am.gov.br\/semtepi\/#\/schema\/person\/4e49f4e267757a06ca072ec61b2b9968\"},\"headline\":\"Prefeitura de Manaus divulga tr\u00eas locais de atendimento do \u2018Sine nos Bairros\u2019\",\"datePublished\":\"2024-06-21T19:57:24+00:00\",\"dateModified\":\"2024-06-21T19:57:25+00:00\",\"mainEntityOfPage\":{\"@id\":\"https:\/\/www.manaus.am.gov.br\/semtepi\/empregabilidade\/sine-nos-bairros-2206\/\"},\"wordCount\":319,\"publisher\":{\"@id\":\"https:\/\/www.manaus.am.gov.br\/semtepi\/#organization\"},\"image\":{\"@id\":\"https:\/\/www.manaus.am.gov.br\/semtepi\/empregabilidade\/sine-nos-bairros-2206\/#primaryimage\"},\"thumbnailUrl\":\"https:\/\/www.manaus.am.gov.br\/semtepi\/wp-content\/uploads\/sites\/20\/2024\/06\/53217753531_ee25886e6c_c-4.jpg\",\"keywords\":[\"compensa\",\"mauazinho\",\"monte sinai\",\"prefeitura de manaus\",\"Semtepi\",\"Sine nos Bairros\"],\"articleSection\":[\"Empregabilidade\"],\"inLanguage\":\"pt-BR\"},{\"@type\":\"WebPage\",\"@id\":\"https:\/\/www.manaus.am.gov.br\/semtepi\/empregabilidade\/sine-nos-bairros-2206\/\",\"url\":\"https:\/\/www.manaus.am.gov.br\/semtepi\/empregabilidade\/sine-nos-bairros-2206\/\",\"name\":\"Prefeitura de Manaus divulga tr\u00eas locais de atendimento do \u2018Sine nos Bairros\u2019\",\"isPartOf\":{\"@id\":\"https:\/\/www.manaus.am.gov.br\/semtepi\/#website\"},\"primaryImageOfPage\":{\"@id\":\"https:\/\/www.manaus.am.gov.br\/semtepi\/empregabilidade\/sine-nos-bairros-2206\/#primaryimage\"},\"image\":{\"@id\":\"https:\/\/www.manaus.am.gov.br\/semtepi\/empregabilidade\/sine-nos-bairros-2206\/#primaryimage\"},\"thumbnailUrl\":\"https:\/\/www.manaus.am.gov.br\/semtepi\/wp-content\/uploads\/sites\/20\/2024\/06\/53217753531_ee25886e6c_c-4.jpg\",\"datePublished\":\"2024-06-21T19:57:24+00:00\",\"dateModified\":\"2024-06-21T19:57:25+00:00\",\"description\":\"A Prefeitura de Manaus, por meio da Secretaria Municipal do Trabalho, Empreendedorismo e Inova\u00e7\u00e3o (Semtepi), divulga os locais de atendimento do projeto \u2018Sine nos Bairros\u2019, neste s\u00e1bado, 22\/6, a partir das 8h, nos tr\u00eas bairros: Mauazinho, zona Leste; Monte Sinai, zona Norte; e Compensa, zona Oeste.\",\"breadcrumb\":{\"@id\":\"https:\/\/www.manaus.am.gov.br\/semtepi\/empregabilidade\/sine-nos-bairros-2206\/#breadcrumb\"},\"inLanguage\":\"pt-BR\",\"potentialAction\":[{\"@type\":\"ReadAction\",\"target\":[\"https:\/\/www.manaus.am.gov.br\/semtepi\/empregabilidade\/sine-nos-bairros-2206\/\"]}]},{\"@type\":\"ImageObject\",\"inLanguage\":\"pt-BR\",\"@id\":\"https:\/\/www.manaus.am.gov.br\/semtepi\/empregabilidade\/sine-nos-bairros-2206\/#primaryimage\",\"url\":\"https:\/\/www.manaus.am.gov.br\/semtepi\/wp-content\/uploads\/sites\/20\/2024\/06\/53217753531_ee25886e6c_c-4.jpg\",\"contentUrl\":\"https:\/\/www.manaus.am.gov.br\/semtepi\/wp-content\/uploads\/sites\/20\/2024\/06\/53217753531_ee25886e6c_c-4.jpg\",\"width\":799,\"height\":533},{\"@type\":\"BreadcrumbList\",\"@id\":\"https:\/\/www.manaus.am.gov.br\/semtepi\/empregabilidade\/sine-nos-bairros-2206\/#breadcrumb\",\"itemListElement\":[{\"@type\":\"ListItem\",\"position\":1,\"name\":\"Home\",\"item\":\"https:\/\/www.manaus.am.gov.br\/semtepi\/\"},{\"@type\":\"ListItem\",\"position\":2,\"name\":\"Prefeitura de Manaus divulga tr\u00eas locais de atendimento do \u2018Sine nos Bairros\u2019\"}]},{\"@type\":\"WebSite\",\"@id\":\"https:\/\/www.manaus.am.gov.br\/semtepi\/#website\",\"url\":\"https:\/\/www.manaus.am.gov.br\/semtepi\/\",\"name\":\"SEMTEPI\",\"description\":\"Prefeitura de Manaus\",\"publisher\":{\"@id\":\"https:\/\/www.manaus.am.gov.br\/semtepi\/#organization\"},\"alternateName\":\"Secretaria Municipal do Trabalho, Empreendedorismo e Inova\u00e7\u00e3o\",\"potentialAction\":[{\"@type\":\"SearchAction\",\"target\":{\"@type\":\"EntryPoint\",\"urlTemplate\":\"https:\/\/www.manaus.am.gov.br\/semtepi\/?s={search_term_string}\"},\"query-input\":\"required name=search_term_string\"}],\"inLanguage\":\"pt-BR\"},{\"@type\":\"Organization\",\"@id\":\"https:\/\/www.manaus.am.gov.br\/semtepi\/#organization\",\"name\":\"Prefeitura Municipal de Manaus\",\"alternateName\":\"Prefeitura de Manaus\",\"url\":\"https:\/\/www.manaus.am.gov.br\/semtepi\/\",\"logo\":{\"@type\":\"ImageObject\",\"inLanguage\":\"pt-BR\",\"@id\":\"https:\/\/www.manaus.am.gov.br\/semtepi\/#\/schema\/logo\/image\/\",\"url\":\"https:\/\/www.manaus.am.gov.br\/semtepi\/wp-content\/uploads\/sites\/20\/2024\/07\/favicon.png\",\"contentUrl\":\"https:\/\/www.manaus.am.gov.br\/semtepi\/wp-content\/uploads\/sites\/20\/2024\/07\/favicon.png\",\"width\":300,\"height\":300,\"caption\":\"Prefeitura Municipal de Manaus\"},\"image\":{\"@id\":\"https:\/\/www.manaus.am.gov.br\/semtepi\/#\/schema\/logo\/image\/\"}},{\"@type\":\"Person\",\"@id\":\"https:\/\/www.manaus.am.gov.br\/semtepi\/#\/schema\/person\/4e49f4e267757a06ca072ec61b2b9968\",\"name\":\"Adriana Costa\",\"image\":{\"@type\":\"ImageObject\",\"inLanguage\":\"pt-BR\",\"@id\":\"https:\/\/www.manaus.am.gov.br\/semtepi\/#\/schema\/person\/image\/\",\"url\":\"https:\/\/secure.gravatar.com\/avatar\/576258617ef7194f718179e766d57bd4?s=96&d=mm&r=g\",\"contentUrl\":\"https:\/\/secure.gravatar.com\/avatar\/576258617ef7194f718179e766d57bd4?s=96&d=mm&r=g\",\"caption\":\"Adriana Costa\"}}]}<\/script>\n<!-- \/ Yoast SEO plugin. -->","yoast_head_json":{"title":"Prefeitura de Manaus divulga tr\u00eas locais de atendimento do \u2018Sine nos Bairros\u2019","description":"A Prefeitura de Manaus, por meio da Secretaria Municipal do Trabalho, Empreendedorismo e Inova\u00e7\u00e3o (Semtepi), divulga os locais de atendimento do projeto \u2018Sine nos Bairros\u2019, neste s\u00e1bado, 22\/6, a partir das 8h, nos tr\u00eas bairros: Mauazinho, zona Leste; Monte Sinai, zona Norte; e Compensa, zona Oeste.","robots":{"index":"noindex","follow":"follow"},"og_locale":"pt_BR","og_type":"article","og_title":"Prefeitura de Manaus divulga tr\u00eas locais de atendimento do \u2018Sine nos Bairros\u2019","og_description":"A Prefeitura de Manaus, por meio da Secretaria Municipal do Trabalho, Empreendedorismo e Inova\u00e7\u00e3o (Semtepi), divulga os locais de atendimento do projeto \u2018Sine nos Bairros\u2019, neste s\u00e1bado, 22\/6, a partir das 8h, nos tr\u00eas bairros: Mauazinho, zona Leste; Monte Sinai, zona Norte; e Compensa, zona Oeste.","og_url":"https:\/\/www.manaus.am.gov.br\/semtepi\/empregabilidade\/sine-nos-bairros-2206\/","og_site_name":"SEMTEPI","article_published_time":"2024-06-21T19:57:24+00:00","article_modified_time":"2024-06-21T19:57:25+00:00","og_image":[{"width":799,"height":533,"url":"https:\/\/www.manaus.am.gov.br\/semtepi\/wp-content\/uploads\/sites\/20\/2024\/06\/53217753531_ee25886e6c_c-4.jpg","type":"image\/jpeg"}],"author":"Adriana Costa","twitter_card":"summary_large_image","twitter_misc":{"Written by":"Adriana Costa","Est. reading time":"2 minutos"},"schema":{"@context":"https:\/\/schema.org","@graph":[{"@type":"Article","@id":"https:\/\/www.manaus.am.gov.br\/semtepi\/empregabilidade\/sine-nos-bairros-2206\/#article","isPartOf":{"@id":"https:\/\/www.manaus.am.gov.br\/semtepi\/empregabilidade\/sine-nos-bairros-2206\/"},"author":{"name":"Adriana Costa","@id":"https:\/\/www.manaus.am.gov.br\/semtepi\/#\/schema\/person\/4e49f4e267757a06ca072ec61b2b9968"},"headline":"Prefeitura de Manaus divulga tr\u00eas locais de atendimento do \u2018Sine nos Bairros\u2019","datePublished":"2024-06-21T19:57:24+00:00","dateModified":"2024-06-21T19:57:25+00:00","mainEntityOfPage":{"@id":"https:\/\/www.manaus.am.gov.br\/semtepi\/empregabilidade\/sine-nos-bairros-2206\/"},"wordCount":319,"publisher":{"@id":"https:\/\/www.manaus.am.gov.br\/semtepi\/#organization"},"image":{"@id":"https:\/\/www.manaus.am.gov.br\/semtepi\/empregabilidade\/sine-nos-bairros-2206\/#primaryimage"},"thumbnailUrl":"https:\/\/www.manaus.am.gov.br\/semtepi\/wp-content\/uploads\/sites\/20\/2024\/06\/53217753531_ee25886e6c_c-4.jpg","keywords":["compensa","mauazinho","monte sinai","prefeitura de manaus","Semtepi","Sine nos Bairros"],"articleSection":["Empregabilidade"],"inLanguage":"pt-BR"},{"@type":"WebPage","@id":"https:\/\/www.manaus.am.gov.br\/semtepi\/empregabilidade\/sine-nos-bairros-2206\/","url":"https:\/\/www.manaus.am.gov.br\/semtepi\/empregabilidade\/sine-nos-bairros-2206\/","name":"Prefeitura de Manaus divulga tr\u00eas locais de atendimento do \u2018Sine nos Bairros\u2019","isPartOf":{"@id":"https:\/\/www.manaus.am.gov.br\/semtepi\/#website"},"primaryImageOfPage":{"@id":"https:\/\/www.manaus.am.gov.br\/semtepi\/empregabilidade\/sine-nos-bairros-2206\/#primaryimage"},"image":{"@id":"https:\/\/www.manaus.am.gov.br\/semtepi\/empregabilidade\/sine-nos-bairros-2206\/#primaryimage"},"thumbnailUrl":"https:\/\/www.manaus.am.gov.br\/semtepi\/wp-content\/uploads\/sites\/20\/2024\/06\/53217753531_ee25886e6c_c-4.jpg","datePublished":"2024-06-21T19:57:24+00:00","dateModified":"2024-06-21T19:57:25+00:00","description":"A Prefeitura de Manaus, por meio da Secretaria Municipal do Trabalho, Empreendedorismo e Inova\u00e7\u00e3o (Semtepi), divulga os locais de atendimento do projeto \u2018Sine nos Bairros\u2019, neste s\u00e1bado, 22\/6, a partir das 8h, nos tr\u00eas bairros: Mauazinho, zona Leste; Monte Sinai, zona Norte; e Compensa, zona Oeste.","breadcrumb":{"@id":"https:\/\/www.manaus.am.gov.br\/semtepi\/empregabilidade\/sine-nos-bairros-2206\/#breadcrumb"},"inLanguage":"pt-BR","potentialAction":[{"@type":"ReadAction","target":["https:\/\/www.manaus.am.gov.br\/semtepi\/empregabilidade\/sine-nos-bairros-2206\/"]}]},{"@type":"ImageObject","inLanguage":"pt-BR","@id":"https:\/\/www.manaus.am.gov.br\/semtepi\/empregabilidade\/sine-nos-bairros-2206\/#primaryimage","url":"https:\/\/www.manaus.am.gov.br\/semtepi\/wp-content\/uploads\/sites\/20\/2024\/06\/53217753531_ee25886e6c_c-4.jpg","contentUrl":"https:\/\/www.manaus.am.gov.br\/semtepi\/wp-content\/uploads\/sites\/20\/2024\/06\/53217753531_ee25886e6c_c-4.jpg","width":799,"height":533},{"@type":"BreadcrumbList","@id":"https:\/\/www.manaus.am.gov.br\/semtepi\/empregabilidade\/sine-nos-bairros-2206\/#breadcrumb","itemListElement":[{"@type":"ListItem","position":1,"name":"Home","item":"https:\/\/www.manaus.am.gov.br\/semtepi\/"},{"@type":"ListItem","position":2,"name":"Prefeitura de Manaus divulga tr\u00eas locais de atendimento do \u2018Sine nos Bairros\u2019"}]},{"@type":"WebSite","@id":"https:\/\/www.manaus.am.gov.br\/semtepi\/#website","url":"https:\/\/www.manaus.am.gov.br\/semtepi\/","name":"SEMTEPI","description":"Prefeitura de Manaus","publisher":{"@id":"https:\/\/www.manaus.am.gov.br\/semtepi\/#organization"},"alternateName":"Secretaria Municipal do Trabalho, Empreendedorismo e Inova\u00e7\u00e3o","potentialAction":[{"@type":"SearchAction","target":{"@type":"EntryPoint","urlTemplate":"https:\/\/www.manaus.am.gov.br\/semtepi\/?s={search_term_string}"},"query-input":"required name=search_term_string"}],"inLanguage":"pt-BR"},{"@type":"Organization","@id":"https:\/\/www.manaus.am.gov.br\/semtepi\/#organization","name":"Prefeitura Municipal de Manaus","alternateName":"Prefeitura de Manaus","url":"https:\/\/www.manaus.am.gov.br\/semtepi\/","logo":{"@type":"ImageObject","inLanguage":"pt-BR","@id":"https:\/\/www.manaus.am.gov.br\/semtepi\/#\/schema\/logo\/image\/","url":"https:\/\/www.manaus.am.gov.br\/semtepi\/wp-content\/uploads\/sites\/20\/2024\/07\/favicon.png","contentUrl":"https:\/\/www.manaus.am.gov.br\/semtepi\/wp-content\/uploads\/sites\/20\/2024\/07\/favicon.png","width":300,"height":300,"caption":"Prefeitura Municipal de Manaus"},"image":{"@id":"https:\/\/www.manaus.am.gov.br\/semtepi\/#\/schema\/logo\/image\/"}},{"@type":"Person","@id":"https:\/\/www.manaus.am.gov.br\/semtepi\/#\/schema\/person\/4e49f4e267757a06ca072ec61b2b9968","name":"Adriana Costa","image":{"@type":"ImageObject","inLanguage":"pt-BR","@id":"https:\/\/www.manaus.am.gov.br\/semtepi\/#\/schema\/person\/image\/","url":"https:\/\/secure.gravatar.com\/avatar\/576258617ef7194f718179e766d57bd4?s=96&d=mm&r=g","contentUrl":"https:\/\/secure.gravatar.com\/avatar\/576258617ef7194f718179e766d57bd4?s=96&d=mm&r=g","caption":"Adriana Costa"}}]}},"_links":{"self":[{"href":"https:\/\/www.manaus.am.gov.br\/semtepi\/wp-json\/wp\/v2\/posts\/5021"}],"collection":[{"href":"https:\/\/www.manaus.am.gov.br\/semtepi\/wp-json\/wp\/v2\/posts"}],"about":[{"href":"https:\/\/www.manaus.am.gov.br\/semtepi\/wp-json\/wp\/v2\/types\/post"}],"author":[{"embeddable":true,"href":"https:\/\/www.manaus.am.gov.br\/semtepi\/wp-json\/wp\/v2\/users\/23"}],"replies":[{"embeddable":true,"href":"https:\/\/www.manaus.am.gov.br\/semtepi\/wp-json\/wp\/v2\/comments?post=5021"}],"version-history":[{"count":0,"href":"https:\/\/www.manaus.am.gov.br\/semtepi\/wp-json\/wp\/v2\/posts\/5021\/revisions"}],"wp:featuredmedia":[{"embeddable":true,"href":"https:\/\/www.manaus.am.gov.br\/semtepi\/wp-json\/wp\/v2\/media\/5022"}],"wp:attachment":[{"href":"https:\/\/www.manaus.am.gov.br\/semtepi\/wp-json\/wp\/v2\/media?parent=5021"}],"wp:term":[{"taxonomy":"category","embeddable":true,"href":"https:\/\/www.manaus.am.gov.br\/semtepi\/wp-json\/wp\/v2\/categories?post=5021"},{"taxonomy":"post_tag","embeddable":true,"href":"https:\/\/www.manaus.am.gov.br\/semtepi\/wp-json\/wp\/v2\/tags?post=5021"}],"curies":[{"name":"wp","href":"https:\/\/api.w.org\/{rel}","templated":true}]}}