{"id":5000,"date":"2024-06-14T12:31:35","date_gmt":"2024-06-14T16:31:35","guid":{"rendered":"https:\/\/www.manaus.am.gov.br\/semtepi\/sem-categoria\/semtepi-sine-nos-bairros\/"},"modified":"2024-06-14T12:31:36","modified_gmt":"2024-06-14T16:31:36","slug":"semtepi-sine-nos-bairros","status":"publish","type":"post","link":"https:\/\/www.manaus.am.gov.br\/semtepi\/empregabilidade\/semtepi-sine-nos-bairros\/","title":{"rendered":"Projeto \u2018Sine nos Bairros\u2019 vai beneficiar as zonas Norte e Leste neste s\u00e1bado"},"content":{"rendered":"\n<p>O projeto \u201cSine nos Bairros\u201d, idealizado pela Prefeitura de Manaus, por meio da Secretaria Municipal do Trabalho, Empreendedorismo e Inova\u00e7\u00e3o (Semtepi), vai atender, neste s\u00e1bado 15\/6, das 8h \u00e0s 12h, em dois pontos da cidade: no bairro Col\u00f4nia Ant\u00f4nio Aleixo, na zona Leste; e Novo Aleixo, na zona Norte.<\/p>\n\n\n\n<p>As a\u00e7\u00f5es v\u00e3o ofertar vagas de emprego, cadastro, orienta\u00e7\u00e3o para CTPS digital e seguro-desemprego, com o objetivo de alcan\u00e7ar os moradores das zonas mais distantes dos servi\u00e7os da prefeitura e com dificuldade no desenvolvimento social.<\/p>\n\n\n\n<p>\u201cA proposta dessas a\u00e7\u00f5es \u00e9 fortalecer os setores econ\u00f4mico e social, trazendo empregabilidade, oportunidade e informa\u00e7\u00e3o para a popula\u00e7\u00e3o. O Sine Manaus continua ativo todos os dias nos postos de atendimento, mas percebemos o qu\u00e3o \u00e9 importante que as iniciativas itinerantes cheguem at\u00e9 as zonas da cidade\u201d, descreveu o secret\u00e1rio da Semtepi, Wagno Oliveira.<\/p>\n\n\n\n<p>O primeiro ponto de atendimento faz parte da #AgendaUnicef, em parceria com o Fundo das Na\u00e7\u00f5es Unidas para a Inf\u00e2ncia (Unicef-AM). A a\u00e7\u00e3o vai acontecer na escola municipal Violeta Mattos de Areosa, localizada na rua Alberto Campainha, n\u00ba 2, bairro Col\u00f4nia Ant\u00f4nio Aleixo, zona Leste. Outro local de atua\u00e7\u00e3o do Sine, ser\u00e1 no Centro Municipal de Ensino Infantil (Cmei) L\u00facia Almeida, situado na avenida Coletora, n\u00ba 1.335, bairro Novo Aleixo, zona Norte.<\/p>\n\n\n\n<p>Os interessados em participar da a\u00e7\u00e3o, dever\u00e3o apresentar comprovante de vacina\u00e7\u00e3o (Covid-19), curr\u00edculo e documentos pessoais (RG, CPF, PIS, CTPS, comprovante de escolaridade e resid\u00eancia). N\u00e3o \u00e9 necess\u00e1rio apresentar c\u00f3pias, somente os documentos originais.<\/p>\n\n\n\n<p>&#8212; &#8212; &#8212;<\/p>\n\n\n\n<p><strong>Texto \u2013&nbsp;<\/strong>Fabiane Monteiro \/ Semtepi<\/p>\n\n\n\n<p><strong>Fotos <\/strong>\u2013 Divulga\u00e7\u00e3o\/Semtepi<\/p>\n","protected":false},"excerpt":{"rendered":"","protected":false},"author":23,"featured_media":5001,"comment_status":"closed","ping_status":"closed","sticky":false,"template":"","format":"standard","meta":{"footnotes":""},"categories":[372],"tags":[522,8,9,417,1139],"acf":[],"yoast_head":"<!-- This site is optimized with the Yoast SEO plugin v23.0 - https:\/\/yoast.com\/wordpress\/plugins\/seo\/ -->\n<title>Projeto \u2018Sine nos Bairros\u2019 vai beneficiar as zonas Norte e Leste neste s\u00e1bado<\/title>\n<meta name=\"description\" content=\"O projeto \u201cSine nos Bairros\u201d, idealizado pela Prefeitura de Manaus, por meio da Secretaria Municipal do Trabalho, Empreendedorismo e Inova\u00e7\u00e3o (Semtepi), vai atender, neste s\u00e1bado 15\/6, das 8h \u00e0s 12h, em dois pontos da cidade: no bairro Col\u00f4nia Ant\u00f4nio Aleixo, na zona Leste; e Novo Aleixo, na zona Norte.\" \/>\n<meta name=\"robots\" content=\"noindex, follow\" \/>\n<meta property=\"og:locale\" content=\"pt_BR\" \/>\n<meta property=\"og:type\" content=\"article\" \/>\n<meta property=\"og:title\" content=\"Projeto \u2018Sine nos Bairros\u2019 vai beneficiar as zonas Norte e Leste neste s\u00e1bado\" \/>\n<meta property=\"og:description\" content=\"O projeto \u201cSine nos Bairros\u201d, idealizado pela Prefeitura de Manaus, por meio da Secretaria Municipal do Trabalho, Empreendedorismo e Inova\u00e7\u00e3o (Semtepi), vai atender, neste s\u00e1bado 15\/6, das 8h \u00e0s 12h, em dois pontos da cidade: no bairro Col\u00f4nia Ant\u00f4nio Aleixo, na zona Leste; e Novo Aleixo, na zona Norte.\" \/>\n<meta property=\"og:url\" content=\"https:\/\/www.manaus.am.gov.br\/semtepi\/empregabilidade\/semtepi-sine-nos-bairros\/\" \/>\n<meta property=\"og:site_name\" content=\"SEMTEPI\" \/>\n<meta property=\"article:published_time\" content=\"2024-06-14T16:31:35+00:00\" \/>\n<meta property=\"article:modified_time\" content=\"2024-06-14T16:31:36+00:00\" \/>\n<meta property=\"og:image\" content=\"https:\/\/www.manaus.am.gov.br\/semtepi\/wp-content\/uploads\/sites\/20\/2024\/06\/53666809780_0cd8e1201f_o-1.jpg\" \/>\n\t<meta property=\"og:image:width\" content=\"4464\" \/>\n\t<meta property=\"og:image:height\" content=\"2976\" \/>\n\t<meta property=\"og:image:type\" content=\"image\/jpeg\" \/>\n<meta name=\"author\" content=\"Adriana Costa\" \/>\n<meta name=\"twitter:card\" content=\"summary_large_image\" \/>\n<meta name=\"twitter:label1\" content=\"Written by\" \/>\n\t<meta name=\"twitter:data1\" content=\"Adriana Costa\" \/>\n\t<meta name=\"twitter:label2\" content=\"Est. reading time\" \/>\n\t<meta name=\"twitter:data2\" content=\"2 minutos\" \/>\n<script type=\"application\/ld+json\" class=\"yoast-schema-graph\">{\"@context\":\"https:\/\/schema.org\",\"@graph\":[{\"@type\":\"Article\",\"@id\":\"https:\/\/www.manaus.am.gov.br\/semtepi\/empregabilidade\/semtepi-sine-nos-bairros\/#article\",\"isPartOf\":{\"@id\":\"https:\/\/www.manaus.am.gov.br\/semtepi\/empregabilidade\/semtepi-sine-nos-bairros\/\"},\"author\":{\"name\":\"Adriana Costa\",\"@id\":\"https:\/\/www.manaus.am.gov.br\/semtepi\/#\/schema\/person\/4e49f4e267757a06ca072ec61b2b9968\"},\"headline\":\"Projeto \u2018Sine nos Bairros\u2019 vai beneficiar as zonas Norte e Leste neste s\u00e1bado\",\"datePublished\":\"2024-06-14T16:31:35+00:00\",\"dateModified\":\"2024-06-14T16:31:36+00:00\",\"mainEntityOfPage\":{\"@id\":\"https:\/\/www.manaus.am.gov.br\/semtepi\/empregabilidade\/semtepi-sine-nos-bairros\/\"},\"wordCount\":294,\"publisher\":{\"@id\":\"https:\/\/www.manaus.am.gov.br\/semtepi\/#organization\"},\"image\":{\"@id\":\"https:\/\/www.manaus.am.gov.br\/semtepi\/empregabilidade\/semtepi-sine-nos-bairros\/#primaryimage\"},\"thumbnailUrl\":\"https:\/\/www.manaus.am.gov.br\/semtepi\/wp-content\/uploads\/sites\/20\/2024\/06\/53666809780_0cd8e1201f_o-1.jpg\",\"keywords\":[\"empregabilidade\",\"prefeitura de manaus\",\"Semtepi\",\"Sine nos Bairros\",\"zonas Norte e Leste\"],\"articleSection\":[\"Empregabilidade\"],\"inLanguage\":\"pt-BR\"},{\"@type\":\"WebPage\",\"@id\":\"https:\/\/www.manaus.am.gov.br\/semtepi\/empregabilidade\/semtepi-sine-nos-bairros\/\",\"url\":\"https:\/\/www.manaus.am.gov.br\/semtepi\/empregabilidade\/semtepi-sine-nos-bairros\/\",\"name\":\"Projeto \u2018Sine nos Bairros\u2019 vai beneficiar as zonas Norte e Leste neste s\u00e1bado\",\"isPartOf\":{\"@id\":\"https:\/\/www.manaus.am.gov.br\/semtepi\/#website\"},\"primaryImageOfPage\":{\"@id\":\"https:\/\/www.manaus.am.gov.br\/semtepi\/empregabilidade\/semtepi-sine-nos-bairros\/#primaryimage\"},\"image\":{\"@id\":\"https:\/\/www.manaus.am.gov.br\/semtepi\/empregabilidade\/semtepi-sine-nos-bairros\/#primaryimage\"},\"thumbnailUrl\":\"https:\/\/www.manaus.am.gov.br\/semtepi\/wp-content\/uploads\/sites\/20\/2024\/06\/53666809780_0cd8e1201f_o-1.jpg\",\"datePublished\":\"2024-06-14T16:31:35+00:00\",\"dateModified\":\"2024-06-14T16:31:36+00:00\",\"description\":\"O projeto \u201cSine nos Bairros\u201d, idealizado pela Prefeitura de Manaus, por meio da Secretaria Municipal do Trabalho, Empreendedorismo e Inova\u00e7\u00e3o (Semtepi), vai atender, neste s\u00e1bado 15\/6, das 8h \u00e0s 12h, em dois pontos da cidade: no bairro Col\u00f4nia Ant\u00f4nio Aleixo, na zona Leste; e Novo Aleixo, na zona Norte.\",\"breadcrumb\":{\"@id\":\"https:\/\/www.manaus.am.gov.br\/semtepi\/empregabilidade\/semtepi-sine-nos-bairros\/#breadcrumb\"},\"inLanguage\":\"pt-BR\",\"potentialAction\":[{\"@type\":\"ReadAction\",\"target\":[\"https:\/\/www.manaus.am.gov.br\/semtepi\/empregabilidade\/semtepi-sine-nos-bairros\/\"]}]},{\"@type\":\"ImageObject\",\"inLanguage\":\"pt-BR\",\"@id\":\"https:\/\/www.manaus.am.gov.br\/semtepi\/empregabilidade\/semtepi-sine-nos-bairros\/#primaryimage\",\"url\":\"https:\/\/www.manaus.am.gov.br\/semtepi\/wp-content\/uploads\/sites\/20\/2024\/06\/53666809780_0cd8e1201f_o-1.jpg\",\"contentUrl\":\"https:\/\/www.manaus.am.gov.br\/semtepi\/wp-content\/uploads\/sites\/20\/2024\/06\/53666809780_0cd8e1201f_o-1.jpg\",\"width\":4464,\"height\":2976},{\"@type\":\"BreadcrumbList\",\"@id\":\"https:\/\/www.manaus.am.gov.br\/semtepi\/empregabilidade\/semtepi-sine-nos-bairros\/#breadcrumb\",\"itemListElement\":[{\"@type\":\"ListItem\",\"position\":1,\"name\":\"Home\",\"item\":\"https:\/\/www.manaus.am.gov.br\/semtepi\/\"},{\"@type\":\"ListItem\",\"position\":2,\"name\":\"Projeto \u2018Sine nos Bairros\u2019 vai beneficiar as zonas Norte e Leste neste s\u00e1bado\"}]},{\"@type\":\"WebSite\",\"@id\":\"https:\/\/www.manaus.am.gov.br\/semtepi\/#website\",\"url\":\"https:\/\/www.manaus.am.gov.br\/semtepi\/\",\"name\":\"SEMTEPI\",\"description\":\"Prefeitura de Manaus\",\"publisher\":{\"@id\":\"https:\/\/www.manaus.am.gov.br\/semtepi\/#organization\"},\"alternateName\":\"Secretaria Municipal do Trabalho, Empreendedorismo e Inova\u00e7\u00e3o\",\"potentialAction\":[{\"@type\":\"SearchAction\",\"target\":{\"@type\":\"EntryPoint\",\"urlTemplate\":\"https:\/\/www.manaus.am.gov.br\/semtepi\/?s={search_term_string}\"},\"query-input\":\"required name=search_term_string\"}],\"inLanguage\":\"pt-BR\"},{\"@type\":\"Organization\",\"@id\":\"https:\/\/www.manaus.am.gov.br\/semtepi\/#organization\",\"name\":\"Prefeitura Municipal de Manaus\",\"alternateName\":\"Prefeitura de Manaus\",\"url\":\"https:\/\/www.manaus.am.gov.br\/semtepi\/\",\"logo\":{\"@type\":\"ImageObject\",\"inLanguage\":\"pt-BR\",\"@id\":\"https:\/\/www.manaus.am.gov.br\/semtepi\/#\/schema\/logo\/image\/\",\"url\":\"https:\/\/www.manaus.am.gov.br\/semtepi\/wp-content\/uploads\/sites\/20\/2024\/07\/favicon.png\",\"contentUrl\":\"https:\/\/www.manaus.am.gov.br\/semtepi\/wp-content\/uploads\/sites\/20\/2024\/07\/favicon.png\",\"width\":300,\"height\":300,\"caption\":\"Prefeitura Municipal de Manaus\"},\"image\":{\"@id\":\"https:\/\/www.manaus.am.gov.br\/semtepi\/#\/schema\/logo\/image\/\"}},{\"@type\":\"Person\",\"@id\":\"https:\/\/www.manaus.am.gov.br\/semtepi\/#\/schema\/person\/4e49f4e267757a06ca072ec61b2b9968\",\"name\":\"Adriana Costa\",\"image\":{\"@type\":\"ImageObject\",\"inLanguage\":\"pt-BR\",\"@id\":\"https:\/\/www.manaus.am.gov.br\/semtepi\/#\/schema\/person\/image\/\",\"url\":\"https:\/\/secure.gravatar.com\/avatar\/576258617ef7194f718179e766d57bd4?s=96&d=mm&r=g\",\"contentUrl\":\"https:\/\/secure.gravatar.com\/avatar\/576258617ef7194f718179e766d57bd4?s=96&d=mm&r=g\",\"caption\":\"Adriana Costa\"}}]}<\/script>\n<!-- \/ Yoast SEO plugin. -->","yoast_head_json":{"title":"Projeto \u2018Sine nos Bairros\u2019 vai beneficiar as zonas Norte e Leste neste s\u00e1bado","description":"O projeto \u201cSine nos Bairros\u201d, idealizado pela Prefeitura de Manaus, por meio da Secretaria Municipal do Trabalho, Empreendedorismo e Inova\u00e7\u00e3o (Semtepi), vai atender, neste s\u00e1bado 15\/6, das 8h \u00e0s 12h, em dois pontos da cidade: no bairro Col\u00f4nia Ant\u00f4nio Aleixo, na zona Leste; e Novo Aleixo, na zona Norte.","robots":{"index":"noindex","follow":"follow"},"og_locale":"pt_BR","og_type":"article","og_title":"Projeto \u2018Sine nos Bairros\u2019 vai beneficiar as zonas Norte e Leste neste s\u00e1bado","og_description":"O projeto \u201cSine nos Bairros\u201d, idealizado pela Prefeitura de Manaus, por meio da Secretaria Municipal do Trabalho, Empreendedorismo e Inova\u00e7\u00e3o (Semtepi), vai atender, neste s\u00e1bado 15\/6, das 8h \u00e0s 12h, em dois pontos da cidade: no bairro Col\u00f4nia Ant\u00f4nio Aleixo, na zona Leste; e Novo Aleixo, na zona Norte.","og_url":"https:\/\/www.manaus.am.gov.br\/semtepi\/empregabilidade\/semtepi-sine-nos-bairros\/","og_site_name":"SEMTEPI","article_published_time":"2024-06-14T16:31:35+00:00","article_modified_time":"2024-06-14T16:31:36+00:00","og_image":[{"width":4464,"height":2976,"url":"https:\/\/www.manaus.am.gov.br\/semtepi\/wp-content\/uploads\/sites\/20\/2024\/06\/53666809780_0cd8e1201f_o-1.jpg","type":"image\/jpeg"}],"author":"Adriana Costa","twitter_card":"summary_large_image","twitter_misc":{"Written by":"Adriana Costa","Est. reading time":"2 minutos"},"schema":{"@context":"https:\/\/schema.org","@graph":[{"@type":"Article","@id":"https:\/\/www.manaus.am.gov.br\/semtepi\/empregabilidade\/semtepi-sine-nos-bairros\/#article","isPartOf":{"@id":"https:\/\/www.manaus.am.gov.br\/semtepi\/empregabilidade\/semtepi-sine-nos-bairros\/"},"author":{"name":"Adriana Costa","@id":"https:\/\/www.manaus.am.gov.br\/semtepi\/#\/schema\/person\/4e49f4e267757a06ca072ec61b2b9968"},"headline":"Projeto \u2018Sine nos Bairros\u2019 vai beneficiar as zonas Norte e Leste neste s\u00e1bado","datePublished":"2024-06-14T16:31:35+00:00","dateModified":"2024-06-14T16:31:36+00:00","mainEntityOfPage":{"@id":"https:\/\/www.manaus.am.gov.br\/semtepi\/empregabilidade\/semtepi-sine-nos-bairros\/"},"wordCount":294,"publisher":{"@id":"https:\/\/www.manaus.am.gov.br\/semtepi\/#organization"},"image":{"@id":"https:\/\/www.manaus.am.gov.br\/semtepi\/empregabilidade\/semtepi-sine-nos-bairros\/#primaryimage"},"thumbnailUrl":"https:\/\/www.manaus.am.gov.br\/semtepi\/wp-content\/uploads\/sites\/20\/2024\/06\/53666809780_0cd8e1201f_o-1.jpg","keywords":["empregabilidade","prefeitura de manaus","Semtepi","Sine nos Bairros","zonas Norte e Leste"],"articleSection":["Empregabilidade"],"inLanguage":"pt-BR"},{"@type":"WebPage","@id":"https:\/\/www.manaus.am.gov.br\/semtepi\/empregabilidade\/semtepi-sine-nos-bairros\/","url":"https:\/\/www.manaus.am.gov.br\/semtepi\/empregabilidade\/semtepi-sine-nos-bairros\/","name":"Projeto \u2018Sine nos Bairros\u2019 vai beneficiar as zonas Norte e Leste neste s\u00e1bado","isPartOf":{"@id":"https:\/\/www.manaus.am.gov.br\/semtepi\/#website"},"primaryImageOfPage":{"@id":"https:\/\/www.manaus.am.gov.br\/semtepi\/empregabilidade\/semtepi-sine-nos-bairros\/#primaryimage"},"image":{"@id":"https:\/\/www.manaus.am.gov.br\/semtepi\/empregabilidade\/semtepi-sine-nos-bairros\/#primaryimage"},"thumbnailUrl":"https:\/\/www.manaus.am.gov.br\/semtepi\/wp-content\/uploads\/sites\/20\/2024\/06\/53666809780_0cd8e1201f_o-1.jpg","datePublished":"2024-06-14T16:31:35+00:00","dateModified":"2024-06-14T16:31:36+00:00","description":"O projeto \u201cSine nos Bairros\u201d, idealizado pela Prefeitura de Manaus, por meio da Secretaria Municipal do Trabalho, Empreendedorismo e Inova\u00e7\u00e3o (Semtepi), vai atender, neste s\u00e1bado 15\/6, das 8h \u00e0s 12h, em dois pontos da cidade: no bairro Col\u00f4nia Ant\u00f4nio Aleixo, na zona Leste; e Novo Aleixo, na zona Norte.","breadcrumb":{"@id":"https:\/\/www.manaus.am.gov.br\/semtepi\/empregabilidade\/semtepi-sine-nos-bairros\/#breadcrumb"},"inLanguage":"pt-BR","potentialAction":[{"@type":"ReadAction","target":["https:\/\/www.manaus.am.gov.br\/semtepi\/empregabilidade\/semtepi-sine-nos-bairros\/"]}]},{"@type":"ImageObject","inLanguage":"pt-BR","@id":"https:\/\/www.manaus.am.gov.br\/semtepi\/empregabilidade\/semtepi-sine-nos-bairros\/#primaryimage","url":"https:\/\/www.manaus.am.gov.br\/semtepi\/wp-content\/uploads\/sites\/20\/2024\/06\/53666809780_0cd8e1201f_o-1.jpg","contentUrl":"https:\/\/www.manaus.am.gov.br\/semtepi\/wp-content\/uploads\/sites\/20\/2024\/06\/53666809780_0cd8e1201f_o-1.jpg","width":4464,"height":2976},{"@type":"BreadcrumbList","@id":"https:\/\/www.manaus.am.gov.br\/semtepi\/empregabilidade\/semtepi-sine-nos-bairros\/#breadcrumb","itemListElement":[{"@type":"ListItem","position":1,"name":"Home","item":"https:\/\/www.manaus.am.gov.br\/semtepi\/"},{"@type":"ListItem","position":2,"name":"Projeto \u2018Sine nos Bairros\u2019 vai beneficiar as zonas Norte e Leste neste s\u00e1bado"}]},{"@type":"WebSite","@id":"https:\/\/www.manaus.am.gov.br\/semtepi\/#website","url":"https:\/\/www.manaus.am.gov.br\/semtepi\/","name":"SEMTEPI","description":"Prefeitura de Manaus","publisher":{"@id":"https:\/\/www.manaus.am.gov.br\/semtepi\/#organization"},"alternateName":"Secretaria Municipal do Trabalho, Empreendedorismo e Inova\u00e7\u00e3o","potentialAction":[{"@type":"SearchAction","target":{"@type":"EntryPoint","urlTemplate":"https:\/\/www.manaus.am.gov.br\/semtepi\/?s={search_term_string}"},"query-input":"required name=search_term_string"}],"inLanguage":"pt-BR"},{"@type":"Organization","@id":"https:\/\/www.manaus.am.gov.br\/semtepi\/#organization","name":"Prefeitura Municipal de Manaus","alternateName":"Prefeitura de Manaus","url":"https:\/\/www.manaus.am.gov.br\/semtepi\/","logo":{"@type":"ImageObject","inLanguage":"pt-BR","@id":"https:\/\/www.manaus.am.gov.br\/semtepi\/#\/schema\/logo\/image\/","url":"https:\/\/www.manaus.am.gov.br\/semtepi\/wp-content\/uploads\/sites\/20\/2024\/07\/favicon.png","contentUrl":"https:\/\/www.manaus.am.gov.br\/semtepi\/wp-content\/uploads\/sites\/20\/2024\/07\/favicon.png","width":300,"height":300,"caption":"Prefeitura Municipal de Manaus"},"image":{"@id":"https:\/\/www.manaus.am.gov.br\/semtepi\/#\/schema\/logo\/image\/"}},{"@type":"Person","@id":"https:\/\/www.manaus.am.gov.br\/semtepi\/#\/schema\/person\/4e49f4e267757a06ca072ec61b2b9968","name":"Adriana Costa","image":{"@type":"ImageObject","inLanguage":"pt-BR","@id":"https:\/\/www.manaus.am.gov.br\/semtepi\/#\/schema\/person\/image\/","url":"https:\/\/secure.gravatar.com\/avatar\/576258617ef7194f718179e766d57bd4?s=96&d=mm&r=g","contentUrl":"https:\/\/secure.gravatar.com\/avatar\/576258617ef7194f718179e766d57bd4?s=96&d=mm&r=g","caption":"Adriana Costa"}}]}},"_links":{"self":[{"href":"https:\/\/www.manaus.am.gov.br\/semtepi\/wp-json\/wp\/v2\/posts\/5000"}],"collection":[{"href":"https:\/\/www.manaus.am.gov.br\/semtepi\/wp-json\/wp\/v2\/posts"}],"about":[{"href":"https:\/\/www.manaus.am.gov.br\/semtepi\/wp-json\/wp\/v2\/types\/post"}],"author":[{"embeddable":true,"href":"https:\/\/www.manaus.am.gov.br\/semtepi\/wp-json\/wp\/v2\/users\/23"}],"replies":[{"embeddable":true,"href":"https:\/\/www.manaus.am.gov.br\/semtepi\/wp-json\/wp\/v2\/comments?post=5000"}],"version-history":[{"count":0,"href":"https:\/\/www.manaus.am.gov.br\/semtepi\/wp-json\/wp\/v2\/posts\/5000\/revisions"}],"wp:featuredmedia":[{"embeddable":true,"href":"https:\/\/www.manaus.am.gov.br\/semtepi\/wp-json\/wp\/v2\/media\/5001"}],"wp:attachment":[{"href":"https:\/\/www.manaus.am.gov.br\/semtepi\/wp-json\/wp\/v2\/media?parent=5000"}],"wp:term":[{"taxonomy":"category","embeddable":true,"href":"https:\/\/www.manaus.am.gov.br\/semtepi\/wp-json\/wp\/v2\/categories?post=5000"},{"taxonomy":"post_tag","embeddable":true,"href":"https:\/\/www.manaus.am.gov.br\/semtepi\/wp-json\/wp\/v2\/tags?post=5000"}],"curies":[{"name":"wp","href":"https:\/\/api.w.org\/{rel}","templated":true}]}}