{"id":4993,"date":"2024-06-14T10:43:49","date_gmt":"2024-06-14T14:43:49","guid":{"rendered":"https:\/\/www.manaus.am.gov.br\/semtepi\/sem-categoria\/casa-de-praia-atracoes-fim-de-semana\/"},"modified":"2024-06-14T10:43:51","modified_gmt":"2024-06-14T14:43:51","slug":"casa-de-praia-atracoes-fim-de-semana","status":"publish","type":"post","link":"https:\/\/www.manaus.am.gov.br\/semtepi\/programacao\/casa-de-praia-atracoes-fim-de-semana\/","title":{"rendered":"Casa de Praia Zezinho Corr\u00eaa recebe atra\u00e7\u00f5es regionais de m\u00fasica neste fim de semana"},"content":{"rendered":"\n<p>A Casa de Praia Zezinho Corr\u00eaa, administrada pela Prefeitura de Manaus, por meio da Secretaria Municipal do Trabalho, Empreendedorismo e Inova\u00e7\u00e3o (Semtepi), receber\u00e1, neste s\u00e1bado e domingo, 15 e 16\/6, a partir das 18h, uma programa\u00e7\u00e3o gratuita, que contar\u00e1 com quatro atra\u00e7\u00f5es&nbsp;regionais de m\u00fasica para animar o fim de semana dos manauaras. O espa\u00e7o est\u00e1 localizado no complexo tur\u00edstico Ponta Negra, na zona Oeste da capital.<\/p>\n\n\n\n<p>No s\u00e1bado, 16\/6, o&nbsp;happy hour&nbsp;da casa de praia vai iniciar com muita M\u00fasica Popular Brasileira (MPB), na voz do cantor Gabriel Fonseca, que tamb\u00e9m trar\u00e1 m\u00fasicas de sua autoria. Na sequ\u00eancia, Xandy Pegada &amp; Banda sobem ao palco Murilo Rayol para cantar estilos como brega, arrocha e forr\u00f3.<\/p>\n\n\n\n<p>\u201cSob a gest\u00e3o do nosso prefeito David Almeida, a Casa de Praia foi estruturada para receber uma variedade de programa\u00e7\u00f5es culturais. Somente neste m\u00eas de junho, o palco Murilo Rayol acolheu diversas atra\u00e7\u00f5es de diferentes segmentos, como lutas, comemora\u00e7\u00f5es sociais, apresenta\u00e7\u00f5es musicais e entre outros. Estamos felizes e entusiasmados por poder atender a popula\u00e7\u00e3o de forma mais eficaz\u201d, destacou o secret\u00e1rio da Semtepi, Wagno Oliveira.<\/p>\n\n\n\n<p>A \u2018Tardezinha\u2019 deste domingo, 16\/6, vai contar com duas bandas regionais: o grupo \u201cSamba\u00ed Maninho\u201d, que se apresentar\u00e1 com roda de samba e ritmos mais tradicionais; e os \u201cToadeiros\u201d, com toadas de boi-bumb\u00e1 para encerrar a programa\u00e7\u00e3o do fim de semana.<\/p>\n\n\n\n<p><strong>&#8212; &#8212; &#8212;<\/strong><\/p>\n\n\n\n<p><strong>Texto \u2013 <\/strong>Fabiane Monteiro \/ Semtepi<\/p>\n\n\n\n<p><strong>Fotos<\/strong> \u2013 Divulga\u00e7\u00e3o \/ Semtepi<\/p>\n","protected":false},"excerpt":{"rendered":"","protected":false},"author":25,"featured_media":4994,"comment_status":"closed","ping_status":"closed","sticky":false,"template":"","format":"standard","meta":{"footnotes":""},"categories":[209],"tags":[694,1136,1137],"acf":[],"yoast_head":"<!-- This site is optimized with the Yoast SEO plugin v23.0 - https:\/\/yoast.com\/wordpress\/plugins\/seo\/ -->\n<title>Casa de Praia Zezinho Corr\u00eaa recebe atra\u00e7\u00f5es regionais de m\u00fasica neste fim de semana<\/title>\n<meta name=\"description\" content=\"A Casa de Praia Zezinho Corr\u00eaa, administrada pela Prefeitura de Manaus, por meio da Secretaria Municipal do Trabalho, Empreendedorismo e Inova\u00e7\u00e3o (Semtepi)\" \/>\n<meta name=\"robots\" content=\"noindex, follow\" \/>\n<meta property=\"og:locale\" content=\"pt_BR\" \/>\n<meta property=\"og:type\" content=\"article\" \/>\n<meta property=\"og:title\" content=\"Casa de Praia Zezinho Corr\u00eaa recebe atra\u00e7\u00f5es regionais de m\u00fasica neste fim de semana\" \/>\n<meta property=\"og:description\" content=\"A Casa de Praia Zezinho Corr\u00eaa, administrada pela Prefeitura de Manaus, por meio da Secretaria Municipal do Trabalho, Empreendedorismo e Inova\u00e7\u00e3o (Semtepi)\" \/>\n<meta property=\"og:url\" content=\"https:\/\/www.manaus.am.gov.br\/semtepi\/programacao\/casa-de-praia-atracoes-fim-de-semana\/\" \/>\n<meta property=\"og:site_name\" content=\"SEMTEPI\" \/>\n<meta property=\"article:published_time\" content=\"2024-06-14T14:43:49+00:00\" \/>\n<meta property=\"article:modified_time\" content=\"2024-06-14T14:43:51+00:00\" \/>\n<meta property=\"og:image\" content=\"https:\/\/www.manaus.am.gov.br\/semtepi\/wp-content\/uploads\/sites\/20\/2024\/06\/53788031763_f2df8b9ff3_o.jpg\" \/>\n\t<meta property=\"og:image:width\" content=\"4464\" \/>\n\t<meta property=\"og:image:height\" content=\"2976\" \/>\n\t<meta property=\"og:image:type\" content=\"image\/jpeg\" \/>\n<meta name=\"author\" content=\"Maur\u00edcio Freire\" \/>\n<meta name=\"twitter:card\" content=\"summary_large_image\" \/>\n<meta name=\"twitter:label1\" content=\"Written by\" \/>\n\t<meta name=\"twitter:data1\" content=\"Maur\u00edcio Freire\" \/>\n\t<meta name=\"twitter:label2\" content=\"Est. reading time\" \/>\n\t<meta name=\"twitter:data2\" content=\"2 minutos\" \/>\n<script type=\"application\/ld+json\" class=\"yoast-schema-graph\">{\"@context\":\"https:\/\/schema.org\",\"@graph\":[{\"@type\":\"Article\",\"@id\":\"https:\/\/www.manaus.am.gov.br\/semtepi\/programacao\/casa-de-praia-atracoes-fim-de-semana\/#article\",\"isPartOf\":{\"@id\":\"https:\/\/www.manaus.am.gov.br\/semtepi\/programacao\/casa-de-praia-atracoes-fim-de-semana\/\"},\"author\":{\"name\":\"Maur\u00edcio Freire\",\"@id\":\"https:\/\/www.manaus.am.gov.br\/semtepi\/#\/schema\/person\/587989a23a463cde5618e6a028977a9a\"},\"headline\":\"Casa de Praia Zezinho Corr\u00eaa recebe atra\u00e7\u00f5es regionais de m\u00fasica neste fim de semana\",\"datePublished\":\"2024-06-14T14:43:49+00:00\",\"dateModified\":\"2024-06-14T14:43:51+00:00\",\"mainEntityOfPage\":{\"@id\":\"https:\/\/www.manaus.am.gov.br\/semtepi\/programacao\/casa-de-praia-atracoes-fim-de-semana\/\"},\"wordCount\":272,\"publisher\":{\"@id\":\"https:\/\/www.manaus.am.gov.br\/semtepi\/#organization\"},\"image\":{\"@id\":\"https:\/\/www.manaus.am.gov.br\/semtepi\/programacao\/casa-de-praia-atracoes-fim-de-semana\/#primaryimage\"},\"thumbnailUrl\":\"https:\/\/www.manaus.am.gov.br\/semtepi\/wp-content\/uploads\/sites\/20\/2024\/06\/53788031763_f2df8b9ff3_o.jpg\",\"keywords\":[\"Casa de Praia Zezinho Correa\",\"Gabriel Fonseca\",\"Xandy Pegada &amp; Banda\"],\"articleSection\":[\"Programa\u00e7\u00e3o\"],\"inLanguage\":\"pt-BR\"},{\"@type\":\"WebPage\",\"@id\":\"https:\/\/www.manaus.am.gov.br\/semtepi\/programacao\/casa-de-praia-atracoes-fim-de-semana\/\",\"url\":\"https:\/\/www.manaus.am.gov.br\/semtepi\/programacao\/casa-de-praia-atracoes-fim-de-semana\/\",\"name\":\"Casa de Praia Zezinho Corr\u00eaa recebe atra\u00e7\u00f5es regionais de m\u00fasica neste fim de semana\",\"isPartOf\":{\"@id\":\"https:\/\/www.manaus.am.gov.br\/semtepi\/#website\"},\"primaryImageOfPage\":{\"@id\":\"https:\/\/www.manaus.am.gov.br\/semtepi\/programacao\/casa-de-praia-atracoes-fim-de-semana\/#primaryimage\"},\"image\":{\"@id\":\"https:\/\/www.manaus.am.gov.br\/semtepi\/programacao\/casa-de-praia-atracoes-fim-de-semana\/#primaryimage\"},\"thumbnailUrl\":\"https:\/\/www.manaus.am.gov.br\/semtepi\/wp-content\/uploads\/sites\/20\/2024\/06\/53788031763_f2df8b9ff3_o.jpg\",\"datePublished\":\"2024-06-14T14:43:49+00:00\",\"dateModified\":\"2024-06-14T14:43:51+00:00\",\"description\":\"A Casa de Praia Zezinho Corr\u00eaa, administrada pela Prefeitura de Manaus, por meio da Secretaria Municipal do Trabalho, Empreendedorismo e Inova\u00e7\u00e3o (Semtepi)\",\"breadcrumb\":{\"@id\":\"https:\/\/www.manaus.am.gov.br\/semtepi\/programacao\/casa-de-praia-atracoes-fim-de-semana\/#breadcrumb\"},\"inLanguage\":\"pt-BR\",\"potentialAction\":[{\"@type\":\"ReadAction\",\"target\":[\"https:\/\/www.manaus.am.gov.br\/semtepi\/programacao\/casa-de-praia-atracoes-fim-de-semana\/\"]}]},{\"@type\":\"ImageObject\",\"inLanguage\":\"pt-BR\",\"@id\":\"https:\/\/www.manaus.am.gov.br\/semtepi\/programacao\/casa-de-praia-atracoes-fim-de-semana\/#primaryimage\",\"url\":\"https:\/\/www.manaus.am.gov.br\/semtepi\/wp-content\/uploads\/sites\/20\/2024\/06\/53788031763_f2df8b9ff3_o.jpg\",\"contentUrl\":\"https:\/\/www.manaus.am.gov.br\/semtepi\/wp-content\/uploads\/sites\/20\/2024\/06\/53788031763_f2df8b9ff3_o.jpg\",\"width\":4464,\"height\":2976,\"caption\":\"#paratodosverem Casa de Praia Zezinho Corr\u00eaa recebe grande p\u00fablico\"},{\"@type\":\"BreadcrumbList\",\"@id\":\"https:\/\/www.manaus.am.gov.br\/semtepi\/programacao\/casa-de-praia-atracoes-fim-de-semana\/#breadcrumb\",\"itemListElement\":[{\"@type\":\"ListItem\",\"position\":1,\"name\":\"Home\",\"item\":\"https:\/\/www.manaus.am.gov.br\/semtepi\/\"},{\"@type\":\"ListItem\",\"position\":2,\"name\":\"Casa de Praia Zezinho Corr\u00eaa recebe atra\u00e7\u00f5es regionais de m\u00fasica neste fim de semana\"}]},{\"@type\":\"WebSite\",\"@id\":\"https:\/\/www.manaus.am.gov.br\/semtepi\/#website\",\"url\":\"https:\/\/www.manaus.am.gov.br\/semtepi\/\",\"name\":\"SEMTEPI\",\"description\":\"Prefeitura de Manaus\",\"publisher\":{\"@id\":\"https:\/\/www.manaus.am.gov.br\/semtepi\/#organization\"},\"alternateName\":\"Secretaria Municipal do Trabalho, Empreendedorismo e Inova\u00e7\u00e3o\",\"potentialAction\":[{\"@type\":\"SearchAction\",\"target\":{\"@type\":\"EntryPoint\",\"urlTemplate\":\"https:\/\/www.manaus.am.gov.br\/semtepi\/?s={search_term_string}\"},\"query-input\":\"required name=search_term_string\"}],\"inLanguage\":\"pt-BR\"},{\"@type\":\"Organization\",\"@id\":\"https:\/\/www.manaus.am.gov.br\/semtepi\/#organization\",\"name\":\"Prefeitura Municipal de Manaus\",\"alternateName\":\"Prefeitura de Manaus\",\"url\":\"https:\/\/www.manaus.am.gov.br\/semtepi\/\",\"logo\":{\"@type\":\"ImageObject\",\"inLanguage\":\"pt-BR\",\"@id\":\"https:\/\/www.manaus.am.gov.br\/semtepi\/#\/schema\/logo\/image\/\",\"url\":\"https:\/\/www.manaus.am.gov.br\/semtepi\/wp-content\/uploads\/sites\/20\/2024\/07\/favicon.png\",\"contentUrl\":\"https:\/\/www.manaus.am.gov.br\/semtepi\/wp-content\/uploads\/sites\/20\/2024\/07\/favicon.png\",\"width\":300,\"height\":300,\"caption\":\"Prefeitura Municipal de Manaus\"},\"image\":{\"@id\":\"https:\/\/www.manaus.am.gov.br\/semtepi\/#\/schema\/logo\/image\/\"}},{\"@type\":\"Person\",\"@id\":\"https:\/\/www.manaus.am.gov.br\/semtepi\/#\/schema\/person\/587989a23a463cde5618e6a028977a9a\",\"name\":\"Maur\u00edcio Freire\",\"image\":{\"@type\":\"ImageObject\",\"inLanguage\":\"pt-BR\",\"@id\":\"https:\/\/www.manaus.am.gov.br\/semtepi\/#\/schema\/person\/image\/\",\"url\":\"https:\/\/secure.gravatar.com\/avatar\/dc1481799a1f75c733ac3b2634cd6749?s=96&d=mm&r=g\",\"contentUrl\":\"https:\/\/secure.gravatar.com\/avatar\/dc1481799a1f75c733ac3b2634cd6749?s=96&d=mm&r=g\",\"caption\":\"Maur\u00edcio Freire\"}}]}<\/script>\n<!-- \/ Yoast SEO plugin. -->","yoast_head_json":{"title":"Casa de Praia Zezinho Corr\u00eaa recebe atra\u00e7\u00f5es regionais de m\u00fasica neste fim de semana","description":"A Casa de Praia Zezinho Corr\u00eaa, administrada pela Prefeitura de Manaus, por meio da Secretaria Municipal do Trabalho, Empreendedorismo e Inova\u00e7\u00e3o (Semtepi)","robots":{"index":"noindex","follow":"follow"},"og_locale":"pt_BR","og_type":"article","og_title":"Casa de Praia Zezinho Corr\u00eaa recebe atra\u00e7\u00f5es regionais de m\u00fasica neste fim de semana","og_description":"A Casa de Praia Zezinho Corr\u00eaa, administrada pela Prefeitura de Manaus, por meio da Secretaria Municipal do Trabalho, Empreendedorismo e Inova\u00e7\u00e3o (Semtepi)","og_url":"https:\/\/www.manaus.am.gov.br\/semtepi\/programacao\/casa-de-praia-atracoes-fim-de-semana\/","og_site_name":"SEMTEPI","article_published_time":"2024-06-14T14:43:49+00:00","article_modified_time":"2024-06-14T14:43:51+00:00","og_image":[{"width":4464,"height":2976,"url":"https:\/\/www.manaus.am.gov.br\/semtepi\/wp-content\/uploads\/sites\/20\/2024\/06\/53788031763_f2df8b9ff3_o.jpg","type":"image\/jpeg"}],"author":"Maur\u00edcio Freire","twitter_card":"summary_large_image","twitter_misc":{"Written by":"Maur\u00edcio Freire","Est. reading time":"2 minutos"},"schema":{"@context":"https:\/\/schema.org","@graph":[{"@type":"Article","@id":"https:\/\/www.manaus.am.gov.br\/semtepi\/programacao\/casa-de-praia-atracoes-fim-de-semana\/#article","isPartOf":{"@id":"https:\/\/www.manaus.am.gov.br\/semtepi\/programacao\/casa-de-praia-atracoes-fim-de-semana\/"},"author":{"name":"Maur\u00edcio Freire","@id":"https:\/\/www.manaus.am.gov.br\/semtepi\/#\/schema\/person\/587989a23a463cde5618e6a028977a9a"},"headline":"Casa de Praia Zezinho Corr\u00eaa recebe atra\u00e7\u00f5es regionais de m\u00fasica neste fim de semana","datePublished":"2024-06-14T14:43:49+00:00","dateModified":"2024-06-14T14:43:51+00:00","mainEntityOfPage":{"@id":"https:\/\/www.manaus.am.gov.br\/semtepi\/programacao\/casa-de-praia-atracoes-fim-de-semana\/"},"wordCount":272,"publisher":{"@id":"https:\/\/www.manaus.am.gov.br\/semtepi\/#organization"},"image":{"@id":"https:\/\/www.manaus.am.gov.br\/semtepi\/programacao\/casa-de-praia-atracoes-fim-de-semana\/#primaryimage"},"thumbnailUrl":"https:\/\/www.manaus.am.gov.br\/semtepi\/wp-content\/uploads\/sites\/20\/2024\/06\/53788031763_f2df8b9ff3_o.jpg","keywords":["Casa de Praia Zezinho Correa","Gabriel Fonseca","Xandy Pegada &amp; Banda"],"articleSection":["Programa\u00e7\u00e3o"],"inLanguage":"pt-BR"},{"@type":"WebPage","@id":"https:\/\/www.manaus.am.gov.br\/semtepi\/programacao\/casa-de-praia-atracoes-fim-de-semana\/","url":"https:\/\/www.manaus.am.gov.br\/semtepi\/programacao\/casa-de-praia-atracoes-fim-de-semana\/","name":"Casa de Praia Zezinho Corr\u00eaa recebe atra\u00e7\u00f5es regionais de m\u00fasica neste fim de semana","isPartOf":{"@id":"https:\/\/www.manaus.am.gov.br\/semtepi\/#website"},"primaryImageOfPage":{"@id":"https:\/\/www.manaus.am.gov.br\/semtepi\/programacao\/casa-de-praia-atracoes-fim-de-semana\/#primaryimage"},"image":{"@id":"https:\/\/www.manaus.am.gov.br\/semtepi\/programacao\/casa-de-praia-atracoes-fim-de-semana\/#primaryimage"},"thumbnailUrl":"https:\/\/www.manaus.am.gov.br\/semtepi\/wp-content\/uploads\/sites\/20\/2024\/06\/53788031763_f2df8b9ff3_o.jpg","datePublished":"2024-06-14T14:43:49+00:00","dateModified":"2024-06-14T14:43:51+00:00","description":"A Casa de Praia Zezinho Corr\u00eaa, administrada pela Prefeitura de Manaus, por meio da Secretaria Municipal do Trabalho, Empreendedorismo e Inova\u00e7\u00e3o (Semtepi)","breadcrumb":{"@id":"https:\/\/www.manaus.am.gov.br\/semtepi\/programacao\/casa-de-praia-atracoes-fim-de-semana\/#breadcrumb"},"inLanguage":"pt-BR","potentialAction":[{"@type":"ReadAction","target":["https:\/\/www.manaus.am.gov.br\/semtepi\/programacao\/casa-de-praia-atracoes-fim-de-semana\/"]}]},{"@type":"ImageObject","inLanguage":"pt-BR","@id":"https:\/\/www.manaus.am.gov.br\/semtepi\/programacao\/casa-de-praia-atracoes-fim-de-semana\/#primaryimage","url":"https:\/\/www.manaus.am.gov.br\/semtepi\/wp-content\/uploads\/sites\/20\/2024\/06\/53788031763_f2df8b9ff3_o.jpg","contentUrl":"https:\/\/www.manaus.am.gov.br\/semtepi\/wp-content\/uploads\/sites\/20\/2024\/06\/53788031763_f2df8b9ff3_o.jpg","width":4464,"height":2976,"caption":"#paratodosverem Casa de Praia Zezinho Corr\u00eaa recebe grande p\u00fablico"},{"@type":"BreadcrumbList","@id":"https:\/\/www.manaus.am.gov.br\/semtepi\/programacao\/casa-de-praia-atracoes-fim-de-semana\/#breadcrumb","itemListElement":[{"@type":"ListItem","position":1,"name":"Home","item":"https:\/\/www.manaus.am.gov.br\/semtepi\/"},{"@type":"ListItem","position":2,"name":"Casa de Praia Zezinho Corr\u00eaa recebe atra\u00e7\u00f5es regionais de m\u00fasica neste fim de semana"}]},{"@type":"WebSite","@id":"https:\/\/www.manaus.am.gov.br\/semtepi\/#website","url":"https:\/\/www.manaus.am.gov.br\/semtepi\/","name":"SEMTEPI","description":"Prefeitura de Manaus","publisher":{"@id":"https:\/\/www.manaus.am.gov.br\/semtepi\/#organization"},"alternateName":"Secretaria Municipal do Trabalho, Empreendedorismo e Inova\u00e7\u00e3o","potentialAction":[{"@type":"SearchAction","target":{"@type":"EntryPoint","urlTemplate":"https:\/\/www.manaus.am.gov.br\/semtepi\/?s={search_term_string}"},"query-input":"required name=search_term_string"}],"inLanguage":"pt-BR"},{"@type":"Organization","@id":"https:\/\/www.manaus.am.gov.br\/semtepi\/#organization","name":"Prefeitura Municipal de Manaus","alternateName":"Prefeitura de Manaus","url":"https:\/\/www.manaus.am.gov.br\/semtepi\/","logo":{"@type":"ImageObject","inLanguage":"pt-BR","@id":"https:\/\/www.manaus.am.gov.br\/semtepi\/#\/schema\/logo\/image\/","url":"https:\/\/www.manaus.am.gov.br\/semtepi\/wp-content\/uploads\/sites\/20\/2024\/07\/favicon.png","contentUrl":"https:\/\/www.manaus.am.gov.br\/semtepi\/wp-content\/uploads\/sites\/20\/2024\/07\/favicon.png","width":300,"height":300,"caption":"Prefeitura Municipal de Manaus"},"image":{"@id":"https:\/\/www.manaus.am.gov.br\/semtepi\/#\/schema\/logo\/image\/"}},{"@type":"Person","@id":"https:\/\/www.manaus.am.gov.br\/semtepi\/#\/schema\/person\/587989a23a463cde5618e6a028977a9a","name":"Maur\u00edcio Freire","image":{"@type":"ImageObject","inLanguage":"pt-BR","@id":"https:\/\/www.manaus.am.gov.br\/semtepi\/#\/schema\/person\/image\/","url":"https:\/\/secure.gravatar.com\/avatar\/dc1481799a1f75c733ac3b2634cd6749?s=96&d=mm&r=g","contentUrl":"https:\/\/secure.gravatar.com\/avatar\/dc1481799a1f75c733ac3b2634cd6749?s=96&d=mm&r=g","caption":"Maur\u00edcio Freire"}}]}},"_links":{"self":[{"href":"https:\/\/www.manaus.am.gov.br\/semtepi\/wp-json\/wp\/v2\/posts\/4993"}],"collection":[{"href":"https:\/\/www.manaus.am.gov.br\/semtepi\/wp-json\/wp\/v2\/posts"}],"about":[{"href":"https:\/\/www.manaus.am.gov.br\/semtepi\/wp-json\/wp\/v2\/types\/post"}],"author":[{"embeddable":true,"href":"https:\/\/www.manaus.am.gov.br\/semtepi\/wp-json\/wp\/v2\/users\/25"}],"replies":[{"embeddable":true,"href":"https:\/\/www.manaus.am.gov.br\/semtepi\/wp-json\/wp\/v2\/comments?post=4993"}],"version-history":[{"count":0,"href":"https:\/\/www.manaus.am.gov.br\/semtepi\/wp-json\/wp\/v2\/posts\/4993\/revisions"}],"wp:featuredmedia":[{"embeddable":true,"href":"https:\/\/www.manaus.am.gov.br\/semtepi\/wp-json\/wp\/v2\/media\/4994"}],"wp:attachment":[{"href":"https:\/\/www.manaus.am.gov.br\/semtepi\/wp-json\/wp\/v2\/media?parent=4993"}],"wp:term":[{"taxonomy":"category","embeddable":true,"href":"https:\/\/www.manaus.am.gov.br\/semtepi\/wp-json\/wp\/v2\/categories?post=4993"},{"taxonomy":"post_tag","embeddable":true,"href":"https:\/\/www.manaus.am.gov.br\/semtepi\/wp-json\/wp\/v2\/tags?post=4993"}],"curies":[{"name":"wp","href":"https:\/\/api.w.org\/{rel}","templated":true}]}}