{"id":4883,"date":"2024-05-29T10:06:37","date_gmt":"2024-05-29T14:06:37","guid":{"rendered":"https:\/\/www.manaus.am.gov.br\/semtepi\/sem-categoria\/semtepi-selecionados-vendas\/"},"modified":"2024-05-29T10:06:37","modified_gmt":"2024-05-29T14:06:37","slug":"semtepi-selecionados-vendas","status":"publish","type":"post","link":"https:\/\/www.manaus.am.gov.br\/semtepi\/qualificacao\/semtepi-selecionados-vendas\/","title":{"rendered":"Prefeitura de Manaus anuncia selecionados para curso \u2018Forma\u00e7\u00e3o em Vendas e Rela\u00e7\u00f5es Interpessoais\u2019"},"content":{"rendered":"\n<p>A&nbsp;&nbsp;&nbsp;Prefeitura de Manaus, por meio da Secretaria Municipal do Trabalho, Empreendedorismo e Inova\u00e7\u00e3o (Semtepi), divulga, nesta quarta-feira, 29\/5, a lista completa de selecionados para participar do curso \u201cForma\u00e7\u00e3o em Vendas e Rela\u00e7\u00f5es Interpessoais\u201d, que vai acontecer no Casar\u00e3o da Inova\u00e7\u00e3o Cassina, localizado no centro hist\u00f3rico da cidade, zona Sul.<\/p>\n\n\n\n<p>Executado em parceria com a institui\u00e7\u00e3o Talp Treinamento e Consultoria, o curso possui carga hor\u00e1ria de 15 horas semanais e vai acontecer de 3 a 7\/6, das 9h \u00e0s 12h. Al\u00e9m disso, o ensino tem o objetivo de fornecer conte\u00fados de abordagem pr\u00e1tica e te\u00f3rica sobre vendas, a fim de capacitar os participantes com habilidades e t\u00e9cnicas comerciais.<\/p>\n\n\n\n<p>\u201cEsse curso proporcionar\u00e1 uma ampla gama de aprendizados na \u00e1rea de Vendas, reconhecendo que o conhecimento \u00e9 fundamental para o sucesso do empreendedorismo. A nossa secretaria continuar\u00e1 com a miss\u00e3o de desenvolver mais parcerias e oportunidades aos nossos empreendedores\u201d, afirmou o secret\u00e1rio da Semtepi, Wagno Oliveira.<\/p>\n\n\n\n<p><strong>Orienta\u00e7\u00e3o<\/strong><\/p>\n\n\n\n<p>Os interessados devem observar algumas regras importantes: os candidatos selecionados devem comparecer no primeiro dia de aula, caso contr\u00e1rio, ser\u00e3o automaticamente substitu\u00eddos pelos inscritos na lista de espera. Al\u00e9m disso, \u00e9 obrigat\u00f3rio o cumprimento do c\u00f3digo de vestimenta do local, que pro\u00edbe o uso de bermudas, shorts, minissaias, regatas e chinelos.<\/p>\n\n\n\n<div data-wp-interactive=\"\" class=\"wp-block-file\"><object data-wp-bind--hidden=\"!selectors.core.file.hasPdfPreview\" hidden class=\"wp-block-file__embed\" data=\"https:\/\/www.manaus.am.gov.br\/semtepi\/wp-content\/uploads\/sites\/20\/2024\/05\/Lista-Formacao-em-Vendas-1.pdf\" type=\"application\/pdf\" style=\"width:100%;height:600px\" aria-label=\"Incorporado de Lista-Formacao-em-Vendas-1.\"><\/object><a id=\"wp-block-file--media-25cef890-aa69-4ece-92fd-3fb9e9cba300\" href=\"https:\/\/www.manaus.am.gov.br\/semtepi\/wp-content\/uploads\/sites\/20\/2024\/05\/Lista-Formacao-em-Vendas-1.pdf\">Lista-Formacao-em-Vendas-1<\/a><a href=\"https:\/\/www.manaus.am.gov.br\/semtepi\/wp-content\/uploads\/sites\/20\/2024\/05\/Lista-Formacao-em-Vendas-1.pdf\" class=\"wp-block-file__button wp-element-button\" download aria-describedby=\"wp-block-file--media-25cef890-aa69-4ece-92fd-3fb9e9cba300\">Baixar<\/a><\/div>\n\n\n\n<p>&#8212; &#8212; &#8212;<\/p>\n\n\n\n<p><strong>Texto \u2013&nbsp;<\/strong>Fabiane Monteiro \/ Semtepi<\/p>\n\n\n\n<p><strong>Fotos \u2013&nbsp;<\/strong>Divulga\u00e7\u00e3o \/ Semtepi<\/p>\n","protected":false},"excerpt":{"rendered":"","protected":false},"author":23,"featured_media":4884,"comment_status":"closed","ping_status":"closed","sticky":false,"template":"","format":"standard","meta":{"footnotes":""},"categories":[82],"tags":[75,8,225,9,735],"acf":[],"yoast_head":"<!-- This site is optimized with the Yoast SEO plugin v23.0 - https:\/\/yoast.com\/wordpress\/plugins\/seo\/ -->\n<title>Prefeitura de Manaus anuncia selecionados para curso \u2018Forma\u00e7\u00e3o em Vendas e Rela\u00e7\u00f5es Interpessoais\u2019<\/title>\n<meta name=\"description\" content=\"A Prefeitura de Manaus, por meio da Secretaria Municipal do Trabalho, Empreendedorismo e Inova\u00e7\u00e3o (Semtepi), divulga, nesta quarta-feira, 29\/5, a lista completa de selecionados para participar do curso \u201cForma\u00e7\u00e3o em Vendas e Rela\u00e7\u00f5es Interpessoais\u201d, que vai acontecer no Casar\u00e3o da Inova\u00e7\u00e3o Cassina, localizado no centro hist\u00f3rico da cidade, zona Sul.\" \/>\n<meta name=\"robots\" content=\"noindex, follow\" \/>\n<meta property=\"og:locale\" content=\"pt_BR\" \/>\n<meta property=\"og:type\" content=\"article\" \/>\n<meta property=\"og:title\" content=\"Prefeitura de Manaus anuncia selecionados para curso \u2018Forma\u00e7\u00e3o em Vendas e Rela\u00e7\u00f5es Interpessoais\u2019\" \/>\n<meta property=\"og:description\" content=\"A Prefeitura de Manaus, por meio da Secretaria Municipal do Trabalho, Empreendedorismo e Inova\u00e7\u00e3o (Semtepi), divulga, nesta quarta-feira, 29\/5, a lista completa de selecionados para participar do curso \u201cForma\u00e7\u00e3o em Vendas e Rela\u00e7\u00f5es Interpessoais\u201d, que vai acontecer no Casar\u00e3o da Inova\u00e7\u00e3o Cassina, localizado no centro hist\u00f3rico da cidade, zona Sul.\" \/>\n<meta property=\"og:url\" content=\"https:\/\/www.manaus.am.gov.br\/semtepi\/qualificacao\/semtepi-selecionados-vendas\/\" \/>\n<meta property=\"og:site_name\" content=\"SEMTEPI\" \/>\n<meta property=\"article:published_time\" content=\"2024-05-29T14:06:37+00:00\" \/>\n<meta property=\"og:image\" content=\"https:\/\/www.manaus.am.gov.br\/semtepi\/wp-content\/uploads\/sites\/20\/2024\/05\/52405186241_2229ee1084_k-1.jpg\" \/>\n\t<meta property=\"og:image:width\" content=\"2048\" \/>\n\t<meta property=\"og:image:height\" content=\"1365\" \/>\n\t<meta property=\"og:image:type\" content=\"image\/jpeg\" \/>\n<meta name=\"author\" content=\"Adriana Costa\" \/>\n<meta name=\"twitter:card\" content=\"summary_large_image\" \/>\n<meta name=\"twitter:label1\" content=\"Written by\" \/>\n\t<meta name=\"twitter:data1\" content=\"Adriana Costa\" \/>\n\t<meta name=\"twitter:label2\" content=\"Est. reading time\" \/>\n\t<meta name=\"twitter:data2\" content=\"2 minutos\" \/>\n<script type=\"application\/ld+json\" class=\"yoast-schema-graph\">{\"@context\":\"https:\/\/schema.org\",\"@graph\":[{\"@type\":\"Article\",\"@id\":\"https:\/\/www.manaus.am.gov.br\/semtepi\/qualificacao\/semtepi-selecionados-vendas\/#article\",\"isPartOf\":{\"@id\":\"https:\/\/www.manaus.am.gov.br\/semtepi\/qualificacao\/semtepi-selecionados-vendas\/\"},\"author\":{\"name\":\"Adriana Costa\",\"@id\":\"https:\/\/www.manaus.am.gov.br\/semtepi\/#\/schema\/person\/4e49f4e267757a06ca072ec61b2b9968\"},\"headline\":\"Prefeitura de Manaus anuncia selecionados para curso \u2018Forma\u00e7\u00e3o em Vendas e Rela\u00e7\u00f5es Interpessoais\u2019\",\"datePublished\":\"2024-05-29T14:06:37+00:00\",\"dateModified\":\"2024-05-29T14:06:37+00:00\",\"mainEntityOfPage\":{\"@id\":\"https:\/\/www.manaus.am.gov.br\/semtepi\/qualificacao\/semtepi-selecionados-vendas\/\"},\"wordCount\":256,\"publisher\":{\"@id\":\"https:\/\/www.manaus.am.gov.br\/semtepi\/#organization\"},\"image\":{\"@id\":\"https:\/\/www.manaus.am.gov.br\/semtepi\/qualificacao\/semtepi-selecionados-vendas\/#primaryimage\"},\"thumbnailUrl\":\"https:\/\/www.manaus.am.gov.br\/semtepi\/wp-content\/uploads\/sites\/20\/2024\/05\/52405186241_2229ee1084_k-1.jpg\",\"keywords\":[\"cursos\",\"prefeitura de manaus\",\"selecionados\",\"Semtepi\",\"vendas\"],\"articleSection\":[\"Qualifica\u00e7\u00e3o\"],\"inLanguage\":\"pt-BR\"},{\"@type\":\"WebPage\",\"@id\":\"https:\/\/www.manaus.am.gov.br\/semtepi\/qualificacao\/semtepi-selecionados-vendas\/\",\"url\":\"https:\/\/www.manaus.am.gov.br\/semtepi\/qualificacao\/semtepi-selecionados-vendas\/\",\"name\":\"Prefeitura de Manaus anuncia selecionados para curso \u2018Forma\u00e7\u00e3o em Vendas e Rela\u00e7\u00f5es Interpessoais\u2019\",\"isPartOf\":{\"@id\":\"https:\/\/www.manaus.am.gov.br\/semtepi\/#website\"},\"primaryImageOfPage\":{\"@id\":\"https:\/\/www.manaus.am.gov.br\/semtepi\/qualificacao\/semtepi-selecionados-vendas\/#primaryimage\"},\"image\":{\"@id\":\"https:\/\/www.manaus.am.gov.br\/semtepi\/qualificacao\/semtepi-selecionados-vendas\/#primaryimage\"},\"thumbnailUrl\":\"https:\/\/www.manaus.am.gov.br\/semtepi\/wp-content\/uploads\/sites\/20\/2024\/05\/52405186241_2229ee1084_k-1.jpg\",\"datePublished\":\"2024-05-29T14:06:37+00:00\",\"dateModified\":\"2024-05-29T14:06:37+00:00\",\"description\":\"A Prefeitura de Manaus, por meio da Secretaria Municipal do Trabalho, Empreendedorismo e Inova\u00e7\u00e3o (Semtepi), divulga, nesta quarta-feira, 29\/5, a lista completa de selecionados para participar do curso \u201cForma\u00e7\u00e3o em Vendas e Rela\u00e7\u00f5es Interpessoais\u201d, que vai acontecer no Casar\u00e3o da Inova\u00e7\u00e3o Cassina, localizado no centro hist\u00f3rico da cidade, zona Sul.\",\"breadcrumb\":{\"@id\":\"https:\/\/www.manaus.am.gov.br\/semtepi\/qualificacao\/semtepi-selecionados-vendas\/#breadcrumb\"},\"inLanguage\":\"pt-BR\",\"potentialAction\":[{\"@type\":\"ReadAction\",\"target\":[\"https:\/\/www.manaus.am.gov.br\/semtepi\/qualificacao\/semtepi-selecionados-vendas\/\"]}]},{\"@type\":\"ImageObject\",\"inLanguage\":\"pt-BR\",\"@id\":\"https:\/\/www.manaus.am.gov.br\/semtepi\/qualificacao\/semtepi-selecionados-vendas\/#primaryimage\",\"url\":\"https:\/\/www.manaus.am.gov.br\/semtepi\/wp-content\/uploads\/sites\/20\/2024\/05\/52405186241_2229ee1084_k-1.jpg\",\"contentUrl\":\"https:\/\/www.manaus.am.gov.br\/semtepi\/wp-content\/uploads\/sites\/20\/2024\/05\/52405186241_2229ee1084_k-1.jpg\",\"width\":2048,\"height\":1365},{\"@type\":\"BreadcrumbList\",\"@id\":\"https:\/\/www.manaus.am.gov.br\/semtepi\/qualificacao\/semtepi-selecionados-vendas\/#breadcrumb\",\"itemListElement\":[{\"@type\":\"ListItem\",\"position\":1,\"name\":\"Home\",\"item\":\"https:\/\/www.manaus.am.gov.br\/semtepi\/\"},{\"@type\":\"ListItem\",\"position\":2,\"name\":\"Prefeitura de Manaus anuncia selecionados para curso \u2018Forma\u00e7\u00e3o em Vendas e Rela\u00e7\u00f5es Interpessoais\u2019\"}]},{\"@type\":\"WebSite\",\"@id\":\"https:\/\/www.manaus.am.gov.br\/semtepi\/#website\",\"url\":\"https:\/\/www.manaus.am.gov.br\/semtepi\/\",\"name\":\"SEMTEPI\",\"description\":\"Prefeitura de Manaus\",\"publisher\":{\"@id\":\"https:\/\/www.manaus.am.gov.br\/semtepi\/#organization\"},\"alternateName\":\"Secretaria Municipal do Trabalho, Empreendedorismo e Inova\u00e7\u00e3o\",\"potentialAction\":[{\"@type\":\"SearchAction\",\"target\":{\"@type\":\"EntryPoint\",\"urlTemplate\":\"https:\/\/www.manaus.am.gov.br\/semtepi\/?s={search_term_string}\"},\"query-input\":\"required name=search_term_string\"}],\"inLanguage\":\"pt-BR\"},{\"@type\":\"Organization\",\"@id\":\"https:\/\/www.manaus.am.gov.br\/semtepi\/#organization\",\"name\":\"Prefeitura Municipal de Manaus\",\"alternateName\":\"Prefeitura de Manaus\",\"url\":\"https:\/\/www.manaus.am.gov.br\/semtepi\/\",\"logo\":{\"@type\":\"ImageObject\",\"inLanguage\":\"pt-BR\",\"@id\":\"https:\/\/www.manaus.am.gov.br\/semtepi\/#\/schema\/logo\/image\/\",\"url\":\"https:\/\/www.manaus.am.gov.br\/semtepi\/wp-content\/uploads\/sites\/20\/2024\/07\/favicon.png\",\"contentUrl\":\"https:\/\/www.manaus.am.gov.br\/semtepi\/wp-content\/uploads\/sites\/20\/2024\/07\/favicon.png\",\"width\":300,\"height\":300,\"caption\":\"Prefeitura Municipal de Manaus\"},\"image\":{\"@id\":\"https:\/\/www.manaus.am.gov.br\/semtepi\/#\/schema\/logo\/image\/\"}},{\"@type\":\"Person\",\"@id\":\"https:\/\/www.manaus.am.gov.br\/semtepi\/#\/schema\/person\/4e49f4e267757a06ca072ec61b2b9968\",\"name\":\"Adriana Costa\",\"image\":{\"@type\":\"ImageObject\",\"inLanguage\":\"pt-BR\",\"@id\":\"https:\/\/www.manaus.am.gov.br\/semtepi\/#\/schema\/person\/image\/\",\"url\":\"https:\/\/secure.gravatar.com\/avatar\/576258617ef7194f718179e766d57bd4?s=96&d=mm&r=g\",\"contentUrl\":\"https:\/\/secure.gravatar.com\/avatar\/576258617ef7194f718179e766d57bd4?s=96&d=mm&r=g\",\"caption\":\"Adriana Costa\"}}]}<\/script>\n<!-- \/ Yoast SEO plugin. -->","yoast_head_json":{"title":"Prefeitura de Manaus anuncia selecionados para curso \u2018Forma\u00e7\u00e3o em Vendas e Rela\u00e7\u00f5es Interpessoais\u2019","description":"A Prefeitura de Manaus, por meio da Secretaria Municipal do Trabalho, Empreendedorismo e Inova\u00e7\u00e3o (Semtepi), divulga, nesta quarta-feira, 29\/5, a lista completa de selecionados para participar do curso \u201cForma\u00e7\u00e3o em Vendas e Rela\u00e7\u00f5es Interpessoais\u201d, que vai acontecer no Casar\u00e3o da Inova\u00e7\u00e3o Cassina, localizado no centro hist\u00f3rico da cidade, zona Sul.","robots":{"index":"noindex","follow":"follow"},"og_locale":"pt_BR","og_type":"article","og_title":"Prefeitura de Manaus anuncia selecionados para curso \u2018Forma\u00e7\u00e3o em Vendas e Rela\u00e7\u00f5es Interpessoais\u2019","og_description":"A Prefeitura de Manaus, por meio da Secretaria Municipal do Trabalho, Empreendedorismo e Inova\u00e7\u00e3o (Semtepi), divulga, nesta quarta-feira, 29\/5, a lista completa de selecionados para participar do curso \u201cForma\u00e7\u00e3o em Vendas e Rela\u00e7\u00f5es Interpessoais\u201d, que vai acontecer no Casar\u00e3o da Inova\u00e7\u00e3o Cassina, localizado no centro hist\u00f3rico da cidade, zona Sul.","og_url":"https:\/\/www.manaus.am.gov.br\/semtepi\/qualificacao\/semtepi-selecionados-vendas\/","og_site_name":"SEMTEPI","article_published_time":"2024-05-29T14:06:37+00:00","og_image":[{"width":2048,"height":1365,"url":"https:\/\/www.manaus.am.gov.br\/semtepi\/wp-content\/uploads\/sites\/20\/2024\/05\/52405186241_2229ee1084_k-1.jpg","type":"image\/jpeg"}],"author":"Adriana Costa","twitter_card":"summary_large_image","twitter_misc":{"Written by":"Adriana Costa","Est. reading time":"2 minutos"},"schema":{"@context":"https:\/\/schema.org","@graph":[{"@type":"Article","@id":"https:\/\/www.manaus.am.gov.br\/semtepi\/qualificacao\/semtepi-selecionados-vendas\/#article","isPartOf":{"@id":"https:\/\/www.manaus.am.gov.br\/semtepi\/qualificacao\/semtepi-selecionados-vendas\/"},"author":{"name":"Adriana Costa","@id":"https:\/\/www.manaus.am.gov.br\/semtepi\/#\/schema\/person\/4e49f4e267757a06ca072ec61b2b9968"},"headline":"Prefeitura de Manaus anuncia selecionados para curso \u2018Forma\u00e7\u00e3o em Vendas e Rela\u00e7\u00f5es Interpessoais\u2019","datePublished":"2024-05-29T14:06:37+00:00","dateModified":"2024-05-29T14:06:37+00:00","mainEntityOfPage":{"@id":"https:\/\/www.manaus.am.gov.br\/semtepi\/qualificacao\/semtepi-selecionados-vendas\/"},"wordCount":256,"publisher":{"@id":"https:\/\/www.manaus.am.gov.br\/semtepi\/#organization"},"image":{"@id":"https:\/\/www.manaus.am.gov.br\/semtepi\/qualificacao\/semtepi-selecionados-vendas\/#primaryimage"},"thumbnailUrl":"https:\/\/www.manaus.am.gov.br\/semtepi\/wp-content\/uploads\/sites\/20\/2024\/05\/52405186241_2229ee1084_k-1.jpg","keywords":["cursos","prefeitura de manaus","selecionados","Semtepi","vendas"],"articleSection":["Qualifica\u00e7\u00e3o"],"inLanguage":"pt-BR"},{"@type":"WebPage","@id":"https:\/\/www.manaus.am.gov.br\/semtepi\/qualificacao\/semtepi-selecionados-vendas\/","url":"https:\/\/www.manaus.am.gov.br\/semtepi\/qualificacao\/semtepi-selecionados-vendas\/","name":"Prefeitura de Manaus anuncia selecionados para curso \u2018Forma\u00e7\u00e3o em Vendas e Rela\u00e7\u00f5es Interpessoais\u2019","isPartOf":{"@id":"https:\/\/www.manaus.am.gov.br\/semtepi\/#website"},"primaryImageOfPage":{"@id":"https:\/\/www.manaus.am.gov.br\/semtepi\/qualificacao\/semtepi-selecionados-vendas\/#primaryimage"},"image":{"@id":"https:\/\/www.manaus.am.gov.br\/semtepi\/qualificacao\/semtepi-selecionados-vendas\/#primaryimage"},"thumbnailUrl":"https:\/\/www.manaus.am.gov.br\/semtepi\/wp-content\/uploads\/sites\/20\/2024\/05\/52405186241_2229ee1084_k-1.jpg","datePublished":"2024-05-29T14:06:37+00:00","dateModified":"2024-05-29T14:06:37+00:00","description":"A Prefeitura de Manaus, por meio da Secretaria Municipal do Trabalho, Empreendedorismo e Inova\u00e7\u00e3o (Semtepi), divulga, nesta quarta-feira, 29\/5, a lista completa de selecionados para participar do curso \u201cForma\u00e7\u00e3o em Vendas e Rela\u00e7\u00f5es Interpessoais\u201d, que vai acontecer no Casar\u00e3o da Inova\u00e7\u00e3o Cassina, localizado no centro hist\u00f3rico da cidade, zona Sul.","breadcrumb":{"@id":"https:\/\/www.manaus.am.gov.br\/semtepi\/qualificacao\/semtepi-selecionados-vendas\/#breadcrumb"},"inLanguage":"pt-BR","potentialAction":[{"@type":"ReadAction","target":["https:\/\/www.manaus.am.gov.br\/semtepi\/qualificacao\/semtepi-selecionados-vendas\/"]}]},{"@type":"ImageObject","inLanguage":"pt-BR","@id":"https:\/\/www.manaus.am.gov.br\/semtepi\/qualificacao\/semtepi-selecionados-vendas\/#primaryimage","url":"https:\/\/www.manaus.am.gov.br\/semtepi\/wp-content\/uploads\/sites\/20\/2024\/05\/52405186241_2229ee1084_k-1.jpg","contentUrl":"https:\/\/www.manaus.am.gov.br\/semtepi\/wp-content\/uploads\/sites\/20\/2024\/05\/52405186241_2229ee1084_k-1.jpg","width":2048,"height":1365},{"@type":"BreadcrumbList","@id":"https:\/\/www.manaus.am.gov.br\/semtepi\/qualificacao\/semtepi-selecionados-vendas\/#breadcrumb","itemListElement":[{"@type":"ListItem","position":1,"name":"Home","item":"https:\/\/www.manaus.am.gov.br\/semtepi\/"},{"@type":"ListItem","position":2,"name":"Prefeitura de Manaus anuncia selecionados para curso \u2018Forma\u00e7\u00e3o em Vendas e Rela\u00e7\u00f5es Interpessoais\u2019"}]},{"@type":"WebSite","@id":"https:\/\/www.manaus.am.gov.br\/semtepi\/#website","url":"https:\/\/www.manaus.am.gov.br\/semtepi\/","name":"SEMTEPI","description":"Prefeitura de Manaus","publisher":{"@id":"https:\/\/www.manaus.am.gov.br\/semtepi\/#organization"},"alternateName":"Secretaria Municipal do Trabalho, Empreendedorismo e Inova\u00e7\u00e3o","potentialAction":[{"@type":"SearchAction","target":{"@type":"EntryPoint","urlTemplate":"https:\/\/www.manaus.am.gov.br\/semtepi\/?s={search_term_string}"},"query-input":"required name=search_term_string"}],"inLanguage":"pt-BR"},{"@type":"Organization","@id":"https:\/\/www.manaus.am.gov.br\/semtepi\/#organization","name":"Prefeitura Municipal de Manaus","alternateName":"Prefeitura de Manaus","url":"https:\/\/www.manaus.am.gov.br\/semtepi\/","logo":{"@type":"ImageObject","inLanguage":"pt-BR","@id":"https:\/\/www.manaus.am.gov.br\/semtepi\/#\/schema\/logo\/image\/","url":"https:\/\/www.manaus.am.gov.br\/semtepi\/wp-content\/uploads\/sites\/20\/2024\/07\/favicon.png","contentUrl":"https:\/\/www.manaus.am.gov.br\/semtepi\/wp-content\/uploads\/sites\/20\/2024\/07\/favicon.png","width":300,"height":300,"caption":"Prefeitura Municipal de Manaus"},"image":{"@id":"https:\/\/www.manaus.am.gov.br\/semtepi\/#\/schema\/logo\/image\/"}},{"@type":"Person","@id":"https:\/\/www.manaus.am.gov.br\/semtepi\/#\/schema\/person\/4e49f4e267757a06ca072ec61b2b9968","name":"Adriana Costa","image":{"@type":"ImageObject","inLanguage":"pt-BR","@id":"https:\/\/www.manaus.am.gov.br\/semtepi\/#\/schema\/person\/image\/","url":"https:\/\/secure.gravatar.com\/avatar\/576258617ef7194f718179e766d57bd4?s=96&d=mm&r=g","contentUrl":"https:\/\/secure.gravatar.com\/avatar\/576258617ef7194f718179e766d57bd4?s=96&d=mm&r=g","caption":"Adriana Costa"}}]}},"_links":{"self":[{"href":"https:\/\/www.manaus.am.gov.br\/semtepi\/wp-json\/wp\/v2\/posts\/4883"}],"collection":[{"href":"https:\/\/www.manaus.am.gov.br\/semtepi\/wp-json\/wp\/v2\/posts"}],"about":[{"href":"https:\/\/www.manaus.am.gov.br\/semtepi\/wp-json\/wp\/v2\/types\/post"}],"author":[{"embeddable":true,"href":"https:\/\/www.manaus.am.gov.br\/semtepi\/wp-json\/wp\/v2\/users\/23"}],"replies":[{"embeddable":true,"href":"https:\/\/www.manaus.am.gov.br\/semtepi\/wp-json\/wp\/v2\/comments?post=4883"}],"version-history":[{"count":1,"href":"https:\/\/www.manaus.am.gov.br\/semtepi\/wp-json\/wp\/v2\/posts\/4883\/revisions"}],"predecessor-version":[{"id":4887,"href":"https:\/\/www.manaus.am.gov.br\/semtepi\/wp-json\/wp\/v2\/posts\/4883\/revisions\/4887"}],"wp:featuredmedia":[{"embeddable":true,"href":"https:\/\/www.manaus.am.gov.br\/semtepi\/wp-json\/wp\/v2\/media\/4884"}],"wp:attachment":[{"href":"https:\/\/www.manaus.am.gov.br\/semtepi\/wp-json\/wp\/v2\/media?parent=4883"}],"wp:term":[{"taxonomy":"category","embeddable":true,"href":"https:\/\/www.manaus.am.gov.br\/semtepi\/wp-json\/wp\/v2\/categories?post=4883"},{"taxonomy":"post_tag","embeddable":true,"href":"https:\/\/www.manaus.am.gov.br\/semtepi\/wp-json\/wp\/v2\/tags?post=4883"}],"curies":[{"name":"wp","href":"https:\/\/api.w.org\/{rel}","templated":true}]}}