{"id":4815,"date":"2024-05-16T09:22:39","date_gmt":"2024-05-16T13:22:39","guid":{"rendered":"https:\/\/www.manaus.am.gov.br\/semtepi\/sem-categoria\/feira-artesanato-mirante\/"},"modified":"2024-05-16T09:22:41","modified_gmt":"2024-05-16T13:22:41","slug":"feira-artesanato-mirante","status":"publish","type":"post","link":"https:\/\/www.manaus.am.gov.br\/semtepi\/exposicao\/feira-artesanato-mirante\/","title":{"rendered":"Mirante L\u00facia Almeida recebe posto da Feira de Artesanato e Economia Criativa"},"content":{"rendered":"\n<p>O mirante L\u00facia Almeida, localizado no in\u00edcio da avenida 7 de Setembro, no centro hist\u00f3rico da capital, conta com um posto fixo da Feira de Artesanato da Economia Solid\u00e1ria e Criativa, promovida pela Prefeitura de Manaus, por meio da Secretaria Municipal do Trabalho, Empreendedorismo e Inova\u00e7\u00e3o (Semtepi). A expectativa \u00e9 de que mais de dez empreendedores participem das exposi\u00e7\u00f5es a cada semana.<\/p>\n\n\n\n<p>As vendas de artesanato e produtos criativos acontecem toda semana, de ter\u00e7a a domingo, das 16h \u00e0s 21h. No espa\u00e7o, s\u00e3o expostos produtos confeccionados \u00e0 m\u00e3o, biojoias, la\u00e7os, pantufas, produtos feitos com resina, massa de&nbsp;<em>biscuit<\/em>, biscoitos, bonecas, acess\u00f3rios de cozinha, entre outros.<\/p>\n\n\n\n<p>\u201cInvestir em feiras de artesanato itinerante beneficia n\u00e3o apenas os artes\u00e3os e empreendedores locais, mas tamb\u00e9m a comunidade como um todo, promovendo a economia local, preservando a cultura, estimulando o turismo, ampliando a inclus\u00e3o social e apoiando pr\u00e1ticas de com\u00e9rcio justo e sustent\u00e1vel. Convido a todos para prestigiarem nossos artes\u00e3os no mirante L\u00facia Almeida\u201d, convidou o secret\u00e1rio da Semtepi, Wagno Oliveira.<\/p>\n\n\n\n<p>A feira itinerante no novo ponto tur\u00edstico de Manaus, o mirante L\u00facia Almeida, teve in\u00edcio no dia 18 de abril e j\u00e1 movimentou, economicamente, R$ 60 mil de faturamento em vendas e encomendas.<\/p>\n\n\n\n<p>Expositora de biojoias, a artes\u00e3 Ednelza Pinheiro, que trabalha h\u00e1 mais de 15 anos nesse ramo, afirmou ser muito grata pela oportunidade recebida. Para ela, expor seus produtos em um ponto tur\u00edstico, recentemente inaugurado, \u00e9 uma das grandes estrat\u00e9gias da gest\u00e3o.<\/p>\n\n\n\n<p>\u201cMinha experi\u00eancia nessa feira foi verdadeiramente surpreendente, em um local maravilhoso como o mirante L\u00facia Almeida. As vendas foram excepcionais, devido ao grande n\u00famero de visitantes, e vendi tanto na regi\u00e3o quanto fora da capital. Essa foi minha primeira participa\u00e7\u00e3o, e fiquei positivamente impressionada. Expresso minha gratid\u00e3o \u00e0 Prefeitura de Manaus e ao prefeito David Almeida por terem constru\u00eddo o espa\u00e7o, e especialmente \u00e0 Semtepi por proporcionar essa oportunidade\u201d, apontou a empreendedora, que faturou quase R$ 4 mil em vendas.<\/p>\n\n\n\n<p><strong>Mirante L\u00facia Almeida<\/strong><\/p>\n\n\n\n<p>Inaugurado no dia 4 de abril, o mirante L\u00facia Almeida faz parte do projeto \u201cNosso Centro\u201d, um investimento municipal na revitaliza\u00e7\u00e3o do Centro Hist\u00f3rico de Manaus. Antes, uma regi\u00e3o degradada e negligenciada, com edif\u00edcios abandonados, foi revitalizada por meio desta gest\u00e3o, transformando-se em um espa\u00e7o com potencial para revitalizar o centro da cidade e movimentar o turismo na regi\u00e3o.<\/p>\n\n\n\n<p>&#8212; &#8212; &#8212;<\/p>\n\n\n\n<p><strong>Texto \u2013&nbsp;<\/strong>Fabiane Monteiro \/ Semtepi<\/p>\n\n\n\n<p><strong>Fotos \u2013&nbsp;<\/strong>Divulga\u00e7\u00e3o \/ Semtepi<\/p>\n","protected":false},"excerpt":{"rendered":"","protected":false},"author":23,"featured_media":4816,"comment_status":"closed","ping_status":"closed","sticky":false,"template":"","format":"standard","meta":{"footnotes":""},"categories":[1059],"tags":[1076,743,441,8,9],"acf":[],"yoast_head":"<!-- This site is optimized with the Yoast SEO plugin v23.0 - https:\/\/yoast.com\/wordpress\/plugins\/seo\/ -->\n<title>Mirante L\u00facia Almeida recebe posto da Feira de Artesanato e Economia Criativa<\/title>\n<meta name=\"description\" content=\"O mirante L\u00facia Almeida, localizado no in\u00edcio da avenida 7 de Setembro, no centro hist\u00f3rico da capital, conta com um posto fixo da Feira de Artesanato da Economia Solid\u00e1ria e Criativa, promovida pela Prefeitura de Manaus, por meio da Secretaria Municipal do Trabalho, Empreendedorismo e Inova\u00e7\u00e3o (Semtepi). A expectativa \u00e9 de que mais de dez empreendedores participem das exposi\u00e7\u00f5es a cada semana.\" \/>\n<meta name=\"robots\" content=\"noindex, follow\" \/>\n<meta property=\"og:locale\" content=\"pt_BR\" \/>\n<meta property=\"og:type\" content=\"article\" \/>\n<meta property=\"og:title\" content=\"Mirante L\u00facia Almeida recebe posto da Feira de Artesanato e Economia Criativa\" \/>\n<meta property=\"og:description\" content=\"O mirante L\u00facia Almeida, localizado no in\u00edcio da avenida 7 de Setembro, no centro hist\u00f3rico da capital, conta com um posto fixo da Feira de Artesanato da Economia Solid\u00e1ria e Criativa, promovida pela Prefeitura de Manaus, por meio da Secretaria Municipal do Trabalho, Empreendedorismo e Inova\u00e7\u00e3o (Semtepi). A expectativa \u00e9 de que mais de dez empreendedores participem das exposi\u00e7\u00f5es a cada semana.\" \/>\n<meta property=\"og:url\" content=\"https:\/\/www.manaus.am.gov.br\/semtepi\/exposicao\/feira-artesanato-mirante\/\" \/>\n<meta property=\"og:site_name\" content=\"SEMTEPI\" \/>\n<meta property=\"article:published_time\" content=\"2024-05-16T13:22:39+00:00\" \/>\n<meta property=\"article:modified_time\" content=\"2024-05-16T13:22:41+00:00\" \/>\n<meta property=\"og:image\" content=\"https:\/\/www.manaus.am.gov.br\/semtepi\/wp-content\/uploads\/sites\/20\/2024\/05\/Feira-Mirante-2.jpeg\" \/>\n\t<meta property=\"og:image:width\" content=\"4032\" \/>\n\t<meta property=\"og:image:height\" content=\"3024\" \/>\n\t<meta property=\"og:image:type\" content=\"image\/jpeg\" \/>\n<meta name=\"author\" content=\"Adriana Costa\" \/>\n<meta name=\"twitter:card\" content=\"summary_large_image\" \/>\n<meta name=\"twitter:label1\" content=\"Written by\" \/>\n\t<meta name=\"twitter:data1\" content=\"Adriana Costa\" \/>\n\t<meta name=\"twitter:label2\" content=\"Est. reading time\" \/>\n\t<meta name=\"twitter:data2\" content=\"3 minutos\" \/>\n<script type=\"application\/ld+json\" class=\"yoast-schema-graph\">{\"@context\":\"https:\/\/schema.org\",\"@graph\":[{\"@type\":\"Article\",\"@id\":\"https:\/\/www.manaus.am.gov.br\/semtepi\/exposicao\/feira-artesanato-mirante\/#article\",\"isPartOf\":{\"@id\":\"https:\/\/www.manaus.am.gov.br\/semtepi\/exposicao\/feira-artesanato-mirante\/\"},\"author\":{\"name\":\"Adriana Costa\",\"@id\":\"https:\/\/www.manaus.am.gov.br\/semtepi\/#\/schema\/person\/4e49f4e267757a06ca072ec61b2b9968\"},\"headline\":\"Mirante L\u00facia Almeida recebe posto da Feira de Artesanato e Economia Criativa\",\"datePublished\":\"2024-05-16T13:22:39+00:00\",\"dateModified\":\"2024-05-16T13:22:41+00:00\",\"mainEntityOfPage\":{\"@id\":\"https:\/\/www.manaus.am.gov.br\/semtepi\/exposicao\/feira-artesanato-mirante\/\"},\"wordCount\":443,\"publisher\":{\"@id\":\"https:\/\/www.manaus.am.gov.br\/semtepi\/#organization\"},\"image\":{\"@id\":\"https:\/\/www.manaus.am.gov.br\/semtepi\/exposicao\/feira-artesanato-mirante\/#primaryimage\"},\"thumbnailUrl\":\"https:\/\/www.manaus.am.gov.br\/semtepi\/wp-content\/uploads\/sites\/20\/2024\/05\/Feira-Mirante-2.jpeg\",\"keywords\":[\"economia\",\"feira de artesanato\",\"mirante L\u00facia Almeida\",\"prefeitura de manaus\",\"Semtepi\"],\"articleSection\":[\"Exposi\u00e7\u00e3o\"],\"inLanguage\":\"pt-BR\"},{\"@type\":\"WebPage\",\"@id\":\"https:\/\/www.manaus.am.gov.br\/semtepi\/exposicao\/feira-artesanato-mirante\/\",\"url\":\"https:\/\/www.manaus.am.gov.br\/semtepi\/exposicao\/feira-artesanato-mirante\/\",\"name\":\"Mirante L\u00facia Almeida recebe posto da Feira de Artesanato e Economia Criativa\",\"isPartOf\":{\"@id\":\"https:\/\/www.manaus.am.gov.br\/semtepi\/#website\"},\"primaryImageOfPage\":{\"@id\":\"https:\/\/www.manaus.am.gov.br\/semtepi\/exposicao\/feira-artesanato-mirante\/#primaryimage\"},\"image\":{\"@id\":\"https:\/\/www.manaus.am.gov.br\/semtepi\/exposicao\/feira-artesanato-mirante\/#primaryimage\"},\"thumbnailUrl\":\"https:\/\/www.manaus.am.gov.br\/semtepi\/wp-content\/uploads\/sites\/20\/2024\/05\/Feira-Mirante-2.jpeg\",\"datePublished\":\"2024-05-16T13:22:39+00:00\",\"dateModified\":\"2024-05-16T13:22:41+00:00\",\"description\":\"O mirante L\u00facia Almeida, localizado no in\u00edcio da avenida 7 de Setembro, no centro hist\u00f3rico da capital, conta com um posto fixo da Feira de Artesanato da Economia Solid\u00e1ria e Criativa, promovida pela Prefeitura de Manaus, por meio da Secretaria Municipal do Trabalho, Empreendedorismo e Inova\u00e7\u00e3o (Semtepi). A expectativa \u00e9 de que mais de dez empreendedores participem das exposi\u00e7\u00f5es a cada semana.\",\"breadcrumb\":{\"@id\":\"https:\/\/www.manaus.am.gov.br\/semtepi\/exposicao\/feira-artesanato-mirante\/#breadcrumb\"},\"inLanguage\":\"pt-BR\",\"potentialAction\":[{\"@type\":\"ReadAction\",\"target\":[\"https:\/\/www.manaus.am.gov.br\/semtepi\/exposicao\/feira-artesanato-mirante\/\"]}]},{\"@type\":\"ImageObject\",\"inLanguage\":\"pt-BR\",\"@id\":\"https:\/\/www.manaus.am.gov.br\/semtepi\/exposicao\/feira-artesanato-mirante\/#primaryimage\",\"url\":\"https:\/\/www.manaus.am.gov.br\/semtepi\/wp-content\/uploads\/sites\/20\/2024\/05\/Feira-Mirante-2.jpeg\",\"contentUrl\":\"https:\/\/www.manaus.am.gov.br\/semtepi\/wp-content\/uploads\/sites\/20\/2024\/05\/Feira-Mirante-2.jpeg\",\"width\":4032,\"height\":3024},{\"@type\":\"BreadcrumbList\",\"@id\":\"https:\/\/www.manaus.am.gov.br\/semtepi\/exposicao\/feira-artesanato-mirante\/#breadcrumb\",\"itemListElement\":[{\"@type\":\"ListItem\",\"position\":1,\"name\":\"Home\",\"item\":\"https:\/\/www.manaus.am.gov.br\/semtepi\/\"},{\"@type\":\"ListItem\",\"position\":2,\"name\":\"Mirante L\u00facia Almeida recebe posto da Feira de Artesanato e Economia Criativa\"}]},{\"@type\":\"WebSite\",\"@id\":\"https:\/\/www.manaus.am.gov.br\/semtepi\/#website\",\"url\":\"https:\/\/www.manaus.am.gov.br\/semtepi\/\",\"name\":\"SEMTEPI\",\"description\":\"Prefeitura de Manaus\",\"publisher\":{\"@id\":\"https:\/\/www.manaus.am.gov.br\/semtepi\/#organization\"},\"alternateName\":\"Secretaria Municipal do Trabalho, Empreendedorismo e Inova\u00e7\u00e3o\",\"potentialAction\":[{\"@type\":\"SearchAction\",\"target\":{\"@type\":\"EntryPoint\",\"urlTemplate\":\"https:\/\/www.manaus.am.gov.br\/semtepi\/?s={search_term_string}\"},\"query-input\":\"required name=search_term_string\"}],\"inLanguage\":\"pt-BR\"},{\"@type\":\"Organization\",\"@id\":\"https:\/\/www.manaus.am.gov.br\/semtepi\/#organization\",\"name\":\"Prefeitura Municipal de Manaus\",\"alternateName\":\"Prefeitura de Manaus\",\"url\":\"https:\/\/www.manaus.am.gov.br\/semtepi\/\",\"logo\":{\"@type\":\"ImageObject\",\"inLanguage\":\"pt-BR\",\"@id\":\"https:\/\/www.manaus.am.gov.br\/semtepi\/#\/schema\/logo\/image\/\",\"url\":\"https:\/\/www.manaus.am.gov.br\/semtepi\/wp-content\/uploads\/sites\/20\/2024\/07\/favicon.png\",\"contentUrl\":\"https:\/\/www.manaus.am.gov.br\/semtepi\/wp-content\/uploads\/sites\/20\/2024\/07\/favicon.png\",\"width\":300,\"height\":300,\"caption\":\"Prefeitura Municipal de Manaus\"},\"image\":{\"@id\":\"https:\/\/www.manaus.am.gov.br\/semtepi\/#\/schema\/logo\/image\/\"}},{\"@type\":\"Person\",\"@id\":\"https:\/\/www.manaus.am.gov.br\/semtepi\/#\/schema\/person\/4e49f4e267757a06ca072ec61b2b9968\",\"name\":\"Adriana Costa\",\"image\":{\"@type\":\"ImageObject\",\"inLanguage\":\"pt-BR\",\"@id\":\"https:\/\/www.manaus.am.gov.br\/semtepi\/#\/schema\/person\/image\/\",\"url\":\"https:\/\/secure.gravatar.com\/avatar\/576258617ef7194f718179e766d57bd4?s=96&d=mm&r=g\",\"contentUrl\":\"https:\/\/secure.gravatar.com\/avatar\/576258617ef7194f718179e766d57bd4?s=96&d=mm&r=g\",\"caption\":\"Adriana Costa\"}}]}<\/script>\n<!-- \/ Yoast SEO plugin. -->","yoast_head_json":{"title":"Mirante L\u00facia Almeida recebe posto da Feira de Artesanato e Economia Criativa","description":"O mirante L\u00facia Almeida, localizado no in\u00edcio da avenida 7 de Setembro, no centro hist\u00f3rico da capital, conta com um posto fixo da Feira de Artesanato da Economia Solid\u00e1ria e Criativa, promovida pela Prefeitura de Manaus, por meio da Secretaria Municipal do Trabalho, Empreendedorismo e Inova\u00e7\u00e3o (Semtepi). A expectativa \u00e9 de que mais de dez empreendedores participem das exposi\u00e7\u00f5es a cada semana.","robots":{"index":"noindex","follow":"follow"},"og_locale":"pt_BR","og_type":"article","og_title":"Mirante L\u00facia Almeida recebe posto da Feira de Artesanato e Economia Criativa","og_description":"O mirante L\u00facia Almeida, localizado no in\u00edcio da avenida 7 de Setembro, no centro hist\u00f3rico da capital, conta com um posto fixo da Feira de Artesanato da Economia Solid\u00e1ria e Criativa, promovida pela Prefeitura de Manaus, por meio da Secretaria Municipal do Trabalho, Empreendedorismo e Inova\u00e7\u00e3o (Semtepi). A expectativa \u00e9 de que mais de dez empreendedores participem das exposi\u00e7\u00f5es a cada semana.","og_url":"https:\/\/www.manaus.am.gov.br\/semtepi\/exposicao\/feira-artesanato-mirante\/","og_site_name":"SEMTEPI","article_published_time":"2024-05-16T13:22:39+00:00","article_modified_time":"2024-05-16T13:22:41+00:00","og_image":[{"width":4032,"height":3024,"url":"https:\/\/www.manaus.am.gov.br\/semtepi\/wp-content\/uploads\/sites\/20\/2024\/05\/Feira-Mirante-2.jpeg","type":"image\/jpeg"}],"author":"Adriana Costa","twitter_card":"summary_large_image","twitter_misc":{"Written by":"Adriana Costa","Est. reading time":"3 minutos"},"schema":{"@context":"https:\/\/schema.org","@graph":[{"@type":"Article","@id":"https:\/\/www.manaus.am.gov.br\/semtepi\/exposicao\/feira-artesanato-mirante\/#article","isPartOf":{"@id":"https:\/\/www.manaus.am.gov.br\/semtepi\/exposicao\/feira-artesanato-mirante\/"},"author":{"name":"Adriana Costa","@id":"https:\/\/www.manaus.am.gov.br\/semtepi\/#\/schema\/person\/4e49f4e267757a06ca072ec61b2b9968"},"headline":"Mirante L\u00facia Almeida recebe posto da Feira de Artesanato e Economia Criativa","datePublished":"2024-05-16T13:22:39+00:00","dateModified":"2024-05-16T13:22:41+00:00","mainEntityOfPage":{"@id":"https:\/\/www.manaus.am.gov.br\/semtepi\/exposicao\/feira-artesanato-mirante\/"},"wordCount":443,"publisher":{"@id":"https:\/\/www.manaus.am.gov.br\/semtepi\/#organization"},"image":{"@id":"https:\/\/www.manaus.am.gov.br\/semtepi\/exposicao\/feira-artesanato-mirante\/#primaryimage"},"thumbnailUrl":"https:\/\/www.manaus.am.gov.br\/semtepi\/wp-content\/uploads\/sites\/20\/2024\/05\/Feira-Mirante-2.jpeg","keywords":["economia","feira de artesanato","mirante L\u00facia Almeida","prefeitura de manaus","Semtepi"],"articleSection":["Exposi\u00e7\u00e3o"],"inLanguage":"pt-BR"},{"@type":"WebPage","@id":"https:\/\/www.manaus.am.gov.br\/semtepi\/exposicao\/feira-artesanato-mirante\/","url":"https:\/\/www.manaus.am.gov.br\/semtepi\/exposicao\/feira-artesanato-mirante\/","name":"Mirante L\u00facia Almeida recebe posto da Feira de Artesanato e Economia Criativa","isPartOf":{"@id":"https:\/\/www.manaus.am.gov.br\/semtepi\/#website"},"primaryImageOfPage":{"@id":"https:\/\/www.manaus.am.gov.br\/semtepi\/exposicao\/feira-artesanato-mirante\/#primaryimage"},"image":{"@id":"https:\/\/www.manaus.am.gov.br\/semtepi\/exposicao\/feira-artesanato-mirante\/#primaryimage"},"thumbnailUrl":"https:\/\/www.manaus.am.gov.br\/semtepi\/wp-content\/uploads\/sites\/20\/2024\/05\/Feira-Mirante-2.jpeg","datePublished":"2024-05-16T13:22:39+00:00","dateModified":"2024-05-16T13:22:41+00:00","description":"O mirante L\u00facia Almeida, localizado no in\u00edcio da avenida 7 de Setembro, no centro hist\u00f3rico da capital, conta com um posto fixo da Feira de Artesanato da Economia Solid\u00e1ria e Criativa, promovida pela Prefeitura de Manaus, por meio da Secretaria Municipal do Trabalho, Empreendedorismo e Inova\u00e7\u00e3o (Semtepi). A expectativa \u00e9 de que mais de dez empreendedores participem das exposi\u00e7\u00f5es a cada semana.","breadcrumb":{"@id":"https:\/\/www.manaus.am.gov.br\/semtepi\/exposicao\/feira-artesanato-mirante\/#breadcrumb"},"inLanguage":"pt-BR","potentialAction":[{"@type":"ReadAction","target":["https:\/\/www.manaus.am.gov.br\/semtepi\/exposicao\/feira-artesanato-mirante\/"]}]},{"@type":"ImageObject","inLanguage":"pt-BR","@id":"https:\/\/www.manaus.am.gov.br\/semtepi\/exposicao\/feira-artesanato-mirante\/#primaryimage","url":"https:\/\/www.manaus.am.gov.br\/semtepi\/wp-content\/uploads\/sites\/20\/2024\/05\/Feira-Mirante-2.jpeg","contentUrl":"https:\/\/www.manaus.am.gov.br\/semtepi\/wp-content\/uploads\/sites\/20\/2024\/05\/Feira-Mirante-2.jpeg","width":4032,"height":3024},{"@type":"BreadcrumbList","@id":"https:\/\/www.manaus.am.gov.br\/semtepi\/exposicao\/feira-artesanato-mirante\/#breadcrumb","itemListElement":[{"@type":"ListItem","position":1,"name":"Home","item":"https:\/\/www.manaus.am.gov.br\/semtepi\/"},{"@type":"ListItem","position":2,"name":"Mirante L\u00facia Almeida recebe posto da Feira de Artesanato e Economia Criativa"}]},{"@type":"WebSite","@id":"https:\/\/www.manaus.am.gov.br\/semtepi\/#website","url":"https:\/\/www.manaus.am.gov.br\/semtepi\/","name":"SEMTEPI","description":"Prefeitura de Manaus","publisher":{"@id":"https:\/\/www.manaus.am.gov.br\/semtepi\/#organization"},"alternateName":"Secretaria Municipal do Trabalho, Empreendedorismo e Inova\u00e7\u00e3o","potentialAction":[{"@type":"SearchAction","target":{"@type":"EntryPoint","urlTemplate":"https:\/\/www.manaus.am.gov.br\/semtepi\/?s={search_term_string}"},"query-input":"required name=search_term_string"}],"inLanguage":"pt-BR"},{"@type":"Organization","@id":"https:\/\/www.manaus.am.gov.br\/semtepi\/#organization","name":"Prefeitura Municipal de Manaus","alternateName":"Prefeitura de Manaus","url":"https:\/\/www.manaus.am.gov.br\/semtepi\/","logo":{"@type":"ImageObject","inLanguage":"pt-BR","@id":"https:\/\/www.manaus.am.gov.br\/semtepi\/#\/schema\/logo\/image\/","url":"https:\/\/www.manaus.am.gov.br\/semtepi\/wp-content\/uploads\/sites\/20\/2024\/07\/favicon.png","contentUrl":"https:\/\/www.manaus.am.gov.br\/semtepi\/wp-content\/uploads\/sites\/20\/2024\/07\/favicon.png","width":300,"height":300,"caption":"Prefeitura Municipal de Manaus"},"image":{"@id":"https:\/\/www.manaus.am.gov.br\/semtepi\/#\/schema\/logo\/image\/"}},{"@type":"Person","@id":"https:\/\/www.manaus.am.gov.br\/semtepi\/#\/schema\/person\/4e49f4e267757a06ca072ec61b2b9968","name":"Adriana Costa","image":{"@type":"ImageObject","inLanguage":"pt-BR","@id":"https:\/\/www.manaus.am.gov.br\/semtepi\/#\/schema\/person\/image\/","url":"https:\/\/secure.gravatar.com\/avatar\/576258617ef7194f718179e766d57bd4?s=96&d=mm&r=g","contentUrl":"https:\/\/secure.gravatar.com\/avatar\/576258617ef7194f718179e766d57bd4?s=96&d=mm&r=g","caption":"Adriana Costa"}}]}},"_links":{"self":[{"href":"https:\/\/www.manaus.am.gov.br\/semtepi\/wp-json\/wp\/v2\/posts\/4815"}],"collection":[{"href":"https:\/\/www.manaus.am.gov.br\/semtepi\/wp-json\/wp\/v2\/posts"}],"about":[{"href":"https:\/\/www.manaus.am.gov.br\/semtepi\/wp-json\/wp\/v2\/types\/post"}],"author":[{"embeddable":true,"href":"https:\/\/www.manaus.am.gov.br\/semtepi\/wp-json\/wp\/v2\/users\/23"}],"replies":[{"embeddable":true,"href":"https:\/\/www.manaus.am.gov.br\/semtepi\/wp-json\/wp\/v2\/comments?post=4815"}],"version-history":[{"count":0,"href":"https:\/\/www.manaus.am.gov.br\/semtepi\/wp-json\/wp\/v2\/posts\/4815\/revisions"}],"wp:featuredmedia":[{"embeddable":true,"href":"https:\/\/www.manaus.am.gov.br\/semtepi\/wp-json\/wp\/v2\/media\/4816"}],"wp:attachment":[{"href":"https:\/\/www.manaus.am.gov.br\/semtepi\/wp-json\/wp\/v2\/media?parent=4815"}],"wp:term":[{"taxonomy":"category","embeddable":true,"href":"https:\/\/www.manaus.am.gov.br\/semtepi\/wp-json\/wp\/v2\/categories?post=4815"},{"taxonomy":"post_tag","embeddable":true,"href":"https:\/\/www.manaus.am.gov.br\/semtepi\/wp-json\/wp\/v2\/tags?post=4815"}],"curies":[{"name":"wp","href":"https:\/\/api.w.org\/{rel}","templated":true}]}}