{"id":4748,"date":"2024-05-13T16:01:44","date_gmt":"2024-05-13T20:01:44","guid":{"rendered":"https:\/\/www.manaus.am.gov.br\/semtepi\/sem-categoria\/aulas-curso-tecnico-de-celular-central-empreendedor\/"},"modified":"2024-05-13T16:16:05","modified_gmt":"2024-05-13T20:16:05","slug":"aulas-curso-tecnico-de-celular-central-empreendedor","status":"publish","type":"post","link":"https:\/\/www.manaus.am.gov.br\/semtepi\/qualificacao\/aulas-curso-tecnico-de-celular-central-empreendedor\/","title":{"rendered":"Prefeitura de Manaus inicia aulas do curso \u2018T\u00e9cnico de Celular\u2019 na Central do Empreendedor"},"content":{"rendered":"\n<p>Com foco na qualifica\u00e7\u00e3o, a Prefeitura de Manaus, por meio da Secretaria Municipal do Trabalho, Empreendedorismo e Inova\u00e7\u00e3o (Semtepi), iniciou, nesta segunda-feira, 13\/5, as aulas das duas primeiras turmas do curso &#8220;T\u00e9cnico de Celular&#8221;, que acontecem no audit\u00f3rio da Central do Empreendedor, localizada nas depend\u00eancias do shopping Phelippe Daou, bairro Cidade de Deus, zona Norte.<\/p>\n\n\n\n<p>As turmas s\u00e3o divididas em dois hor\u00e1rios, sendo a primeira das 8h \u00e0s 12h, e a segunda das 13h \u00e0s 17h. As aulas s\u00e3o executadas pelo Centro de Treinamento Acesso Celular (Cetac), com objetivo de qualificar os participantes em habilidades com aparelhos eletr\u00f4nicos, gerando renda e oportunidades.<\/p>\n\n\n\n<p>&#8220;Os alunos sair\u00e3o da aula n\u00e3o apenas com conhecimento, mas com a oportunidade nas m\u00e3os. Nada disso seria poss\u00edvel sem a interven\u00e7\u00e3o do nosso prefeito David Almeida. Aproveitem o conte\u00fado, porque al\u00e9m de qualific\u00e1-los n\u00f3s tamb\u00e9m queremos que sejam empregados, seja pela empresa parceira ou pelo Sine Manaus para outras empresas&#8221;, destacou o secret\u00e1rio da Semtepi, Wagno Oliveira.<\/p>\n\n\n\n<p>Ao todo, o curso vai ministrar alguns temas como: \u201cFerramentas corretas e impressas\u201d, \u201cLaudo t\u00e9cnico\u201d, \u201cChecklist\u201d, \u201cEntrada e entrega de servi\u00e7os\u201d, \u201cT\u00e9cnicas de negocia\u00e7\u00f5es\u201d, \u201cPrecifica\u00e7\u00e3o\u201d e \u201cAplicativos utilizados na gest\u00e3o\u201d.<\/p>\n\n\n\n<p>&#8220;Hoje, eles ir\u00e3o conhecer os equipamentos utilizados, os insumos e como usar de forma correta e segura. Al\u00e9m disso, vamos informar sobre a gest\u00e3o de assist\u00eancia, faturamento e possibilidades de expans\u00e3o nessa \u00e1rea. Somos gratos \u00e0 Prefeitura de Manaus e Semtepi, que nos deram essa oportunidade de compartilhar conhecimento e experi\u00eancia&#8221;, afirmou a professora Suelen Carvalho.<\/p>\n\n\n\n<figure class=\"wp-block-image size-large\"><img loading=\"lazy\" decoding=\"async\" width=\"1024\" height=\"684\" src=\"https:\/\/www.manaus.am.gov.br\/semtepi\/wp-content\/uploads\/sites\/20\/2024\/05\/Foto-3-1024x684.jpeg\" alt=\"\" class=\"wp-image-4751\" srcset=\"https:\/\/www.manaus.am.gov.br\/semtepi\/wp-content\/uploads\/sites\/20\/2024\/05\/Foto-3-1024x684.jpeg 1024w, https:\/\/www.manaus.am.gov.br\/semtepi\/wp-content\/uploads\/sites\/20\/2024\/05\/Foto-3-300x201.jpeg 300w, https:\/\/www.manaus.am.gov.br\/semtepi\/wp-content\/uploads\/sites\/20\/2024\/05\/Foto-3-768x513.jpeg 768w, https:\/\/www.manaus.am.gov.br\/semtepi\/wp-content\/uploads\/sites\/20\/2024\/05\/Foto-3-1536x1027.jpeg 1536w, https:\/\/www.manaus.am.gov.br\/semtepi\/wp-content\/uploads\/sites\/20\/2024\/05\/Foto-3-2048x1369.jpeg 2048w\" sizes=\"(max-width: 1024px) 100vw, 1024px\" \/><\/figure>\n\n\n\n<p>Para o aluno Thiago da Silva, estudante da primeira turma do matutino, as aulas s\u00e3o essenciais para qualificar pessoas que est\u00e3o desempregadas, pois o aprendizado gera emprego.<\/p>\n\n\n\n<p>&#8220;Eu escolhi fazer esse curso, porque decidi me qualificar em alguma \u00e1rea, tendo em vista, que n\u00e3o sou formado em grau superior, mas sairei daqui com o diploma de t\u00e9cnico em m\u00e3os. Por meio do ensino que vou receber aqui, quero poder empreender e ganhar meu pr\u00f3prio dinheiro&#8221;, comentou o aluno.<\/p>\n\n\n\n<p>O curso ser\u00e1 dividido em quatro turmas, sendo a primeira de 13 a 17\/5, das 8h \u00e0s 12h, e a segunda, das 13h \u00e0s 17h; as \u00faltimas duas turmas acontecer\u00e3o de 20 a 24\/5, no mesmo hor\u00e1rio das anteriores.<\/p>\n\n\n\n<p>&#8212; &#8212; &#8212;&nbsp;<\/p>\n\n\n\n<p><strong>Texto &#8211; <\/strong>Fabiane Monteiro\/Semtepi<\/p>\n\n\n\n<p><strong>Fotos <\/strong>\u2013 Divulga\u00e7\u00e3o\/Semtepi<\/p>\n","protected":false},"excerpt":{"rendered":"","protected":false},"author":39,"featured_media":4749,"comment_status":"closed","ping_status":"closed","sticky":false,"template":"","format":"standard","meta":{"footnotes":""},"categories":[82],"tags":[885,1094,1095,8,9],"acf":[],"yoast_head":"<!-- This site is optimized with the Yoast SEO plugin v23.0 - https:\/\/yoast.com\/wordpress\/plugins\/seo\/ -->\n<title>Aulas do curso \u2018T\u00e9cnico de Celular\u2019 na Central do Empreendedor<\/title>\n<meta name=\"description\" content=\"Prefeitura de Manaus inicia aulas do curso \u2018T\u00e9cnico de Celular\u2019 na Central do Empreendedor, na zona Norte.\" \/>\n<meta name=\"robots\" content=\"noindex, follow\" \/>\n<meta property=\"og:locale\" content=\"pt_BR\" \/>\n<meta property=\"og:type\" content=\"article\" \/>\n<meta property=\"og:title\" content=\"Aulas do curso \u2018T\u00e9cnico de Celular\u2019 na Central do Empreendedor\" \/>\n<meta property=\"og:description\" content=\"Prefeitura de Manaus inicia aulas do curso \u2018T\u00e9cnico de Celular\u2019 na Central do Empreendedor, na zona Norte.\" \/>\n<meta property=\"og:url\" content=\"https:\/\/www.manaus.am.gov.br\/semtepi\/qualificacao\/aulas-curso-tecnico-de-celular-central-empreendedor\/\" \/>\n<meta property=\"og:site_name\" content=\"SEMTEPI\" \/>\n<meta property=\"article:published_time\" content=\"2024-05-13T20:01:44+00:00\" \/>\n<meta property=\"article:modified_time\" content=\"2024-05-13T20:16:05+00:00\" \/>\n<meta property=\"og:image\" content=\"https:\/\/www.manaus.am.gov.br\/semtepi\/wp-content\/uploads\/sites\/20\/2024\/05\/Foto-1.jpeg\" \/>\n\t<meta property=\"og:image:width\" content=\"2992\" \/>\n\t<meta property=\"og:image:height\" content=\"2000\" \/>\n\t<meta property=\"og:image:type\" content=\"image\/jpeg\" \/>\n<meta name=\"author\" content=\"Bruna Greco\" \/>\n<meta name=\"twitter:card\" content=\"summary_large_image\" \/>\n<meta name=\"twitter:label1\" content=\"Written by\" \/>\n\t<meta name=\"twitter:data1\" content=\"Bruna Greco\" \/>\n\t<meta name=\"twitter:label2\" content=\"Est. reading time\" \/>\n\t<meta name=\"twitter:data2\" content=\"3 minutos\" \/>\n<script type=\"application\/ld+json\" class=\"yoast-schema-graph\">{\"@context\":\"https:\/\/schema.org\",\"@graph\":[{\"@type\":\"Article\",\"@id\":\"https:\/\/www.manaus.am.gov.br\/semtepi\/qualificacao\/aulas-curso-tecnico-de-celular-central-empreendedor\/#article\",\"isPartOf\":{\"@id\":\"https:\/\/www.manaus.am.gov.br\/semtepi\/qualificacao\/aulas-curso-tecnico-de-celular-central-empreendedor\/\"},\"author\":{\"name\":\"Bruna Greco\",\"@id\":\"https:\/\/www.manaus.am.gov.br\/semtepi\/#\/schema\/person\/05d223aea2bf115f9883a6ff3683d81b\"},\"headline\":\"Prefeitura de Manaus inicia aulas do curso \u2018T\u00e9cnico de Celular\u2019 na Central do Empreendedor\",\"datePublished\":\"2024-05-13T20:01:44+00:00\",\"dateModified\":\"2024-05-13T20:16:05+00:00\",\"mainEntityOfPage\":{\"@id\":\"https:\/\/www.manaus.am.gov.br\/semtepi\/qualificacao\/aulas-curso-tecnico-de-celular-central-empreendedor\/\"},\"wordCount\":425,\"publisher\":{\"@id\":\"https:\/\/www.manaus.am.gov.br\/semtepi\/#organization\"},\"image\":{\"@id\":\"https:\/\/www.manaus.am.gov.br\/semtepi\/qualificacao\/aulas-curso-tecnico-de-celular-central-empreendedor\/#primaryimage\"},\"thumbnailUrl\":\"https:\/\/www.manaus.am.gov.br\/semtepi\/wp-content\/uploads\/sites\/20\/2024\/05\/Foto-1.jpeg\",\"keywords\":[\"Central do Empreendedor\",\"curso \u2018T\u00e9cnico de Celular\u2019\",\"inicio das aulas\",\"prefeitura de manaus\",\"Semtepi\"],\"articleSection\":[\"Qualifica\u00e7\u00e3o\"],\"inLanguage\":\"pt-BR\"},{\"@type\":\"WebPage\",\"@id\":\"https:\/\/www.manaus.am.gov.br\/semtepi\/qualificacao\/aulas-curso-tecnico-de-celular-central-empreendedor\/\",\"url\":\"https:\/\/www.manaus.am.gov.br\/semtepi\/qualificacao\/aulas-curso-tecnico-de-celular-central-empreendedor\/\",\"name\":\"Aulas do curso \u2018T\u00e9cnico de Celular\u2019 na Central do Empreendedor\",\"isPartOf\":{\"@id\":\"https:\/\/www.manaus.am.gov.br\/semtepi\/#website\"},\"primaryImageOfPage\":{\"@id\":\"https:\/\/www.manaus.am.gov.br\/semtepi\/qualificacao\/aulas-curso-tecnico-de-celular-central-empreendedor\/#primaryimage\"},\"image\":{\"@id\":\"https:\/\/www.manaus.am.gov.br\/semtepi\/qualificacao\/aulas-curso-tecnico-de-celular-central-empreendedor\/#primaryimage\"},\"thumbnailUrl\":\"https:\/\/www.manaus.am.gov.br\/semtepi\/wp-content\/uploads\/sites\/20\/2024\/05\/Foto-1.jpeg\",\"datePublished\":\"2024-05-13T20:01:44+00:00\",\"dateModified\":\"2024-05-13T20:16:05+00:00\",\"description\":\"Prefeitura de Manaus inicia aulas do curso \u2018T\u00e9cnico de Celular\u2019 na Central do Empreendedor, na zona Norte.\",\"breadcrumb\":{\"@id\":\"https:\/\/www.manaus.am.gov.br\/semtepi\/qualificacao\/aulas-curso-tecnico-de-celular-central-empreendedor\/#breadcrumb\"},\"inLanguage\":\"pt-BR\",\"potentialAction\":[{\"@type\":\"ReadAction\",\"target\":[\"https:\/\/www.manaus.am.gov.br\/semtepi\/qualificacao\/aulas-curso-tecnico-de-celular-central-empreendedor\/\"]}]},{\"@type\":\"ImageObject\",\"inLanguage\":\"pt-BR\",\"@id\":\"https:\/\/www.manaus.am.gov.br\/semtepi\/qualificacao\/aulas-curso-tecnico-de-celular-central-empreendedor\/#primaryimage\",\"url\":\"https:\/\/www.manaus.am.gov.br\/semtepi\/wp-content\/uploads\/sites\/20\/2024\/05\/Foto-1.jpeg\",\"contentUrl\":\"https:\/\/www.manaus.am.gov.br\/semtepi\/wp-content\/uploads\/sites\/20\/2024\/05\/Foto-1.jpeg\",\"width\":2992,\"height\":2000,\"caption\":\"#paratodosverem - Alunos do curso 'T\u00e9cnico de Celular' durante in\u00edcio das aulas na Central do Empreendedor\"},{\"@type\":\"BreadcrumbList\",\"@id\":\"https:\/\/www.manaus.am.gov.br\/semtepi\/qualificacao\/aulas-curso-tecnico-de-celular-central-empreendedor\/#breadcrumb\",\"itemListElement\":[{\"@type\":\"ListItem\",\"position\":1,\"name\":\"Home\",\"item\":\"https:\/\/www.manaus.am.gov.br\/semtepi\/\"},{\"@type\":\"ListItem\",\"position\":2,\"name\":\"Prefeitura de Manaus inicia aulas do curso \u2018T\u00e9cnico de Celular\u2019 na Central do Empreendedor\"}]},{\"@type\":\"WebSite\",\"@id\":\"https:\/\/www.manaus.am.gov.br\/semtepi\/#website\",\"url\":\"https:\/\/www.manaus.am.gov.br\/semtepi\/\",\"name\":\"SEMTEPI\",\"description\":\"Prefeitura de Manaus\",\"publisher\":{\"@id\":\"https:\/\/www.manaus.am.gov.br\/semtepi\/#organization\"},\"alternateName\":\"Secretaria Municipal do Trabalho, Empreendedorismo e Inova\u00e7\u00e3o\",\"potentialAction\":[{\"@type\":\"SearchAction\",\"target\":{\"@type\":\"EntryPoint\",\"urlTemplate\":\"https:\/\/www.manaus.am.gov.br\/semtepi\/?s={search_term_string}\"},\"query-input\":\"required name=search_term_string\"}],\"inLanguage\":\"pt-BR\"},{\"@type\":\"Organization\",\"@id\":\"https:\/\/www.manaus.am.gov.br\/semtepi\/#organization\",\"name\":\"Prefeitura Municipal de Manaus\",\"alternateName\":\"Prefeitura de Manaus\",\"url\":\"https:\/\/www.manaus.am.gov.br\/semtepi\/\",\"logo\":{\"@type\":\"ImageObject\",\"inLanguage\":\"pt-BR\",\"@id\":\"https:\/\/www.manaus.am.gov.br\/semtepi\/#\/schema\/logo\/image\/\",\"url\":\"https:\/\/www.manaus.am.gov.br\/semtepi\/wp-content\/uploads\/sites\/20\/2024\/07\/favicon.png\",\"contentUrl\":\"https:\/\/www.manaus.am.gov.br\/semtepi\/wp-content\/uploads\/sites\/20\/2024\/07\/favicon.png\",\"width\":300,\"height\":300,\"caption\":\"Prefeitura Municipal de Manaus\"},\"image\":{\"@id\":\"https:\/\/www.manaus.am.gov.br\/semtepi\/#\/schema\/logo\/image\/\"}},{\"@type\":\"Person\",\"@id\":\"https:\/\/www.manaus.am.gov.br\/semtepi\/#\/schema\/person\/05d223aea2bf115f9883a6ff3683d81b\",\"name\":\"Bruna Greco\",\"image\":{\"@type\":\"ImageObject\",\"inLanguage\":\"pt-BR\",\"@id\":\"https:\/\/www.manaus.am.gov.br\/semtepi\/#\/schema\/person\/image\/\",\"url\":\"https:\/\/secure.gravatar.com\/avatar\/9c877d1a6adc2a055330e5c09a8653ce?s=96&d=mm&r=g\",\"contentUrl\":\"https:\/\/secure.gravatar.com\/avatar\/9c877d1a6adc2a055330e5c09a8653ce?s=96&d=mm&r=g\",\"caption\":\"Bruna Greco\"}}]}<\/script>\n<!-- \/ Yoast SEO plugin. -->","yoast_head_json":{"title":"Aulas do curso \u2018T\u00e9cnico de Celular\u2019 na Central do Empreendedor","description":"Prefeitura de Manaus inicia aulas do curso \u2018T\u00e9cnico de Celular\u2019 na Central do Empreendedor, na zona Norte.","robots":{"index":"noindex","follow":"follow"},"og_locale":"pt_BR","og_type":"article","og_title":"Aulas do curso \u2018T\u00e9cnico de Celular\u2019 na Central do Empreendedor","og_description":"Prefeitura de Manaus inicia aulas do curso \u2018T\u00e9cnico de Celular\u2019 na Central do Empreendedor, na zona Norte.","og_url":"https:\/\/www.manaus.am.gov.br\/semtepi\/qualificacao\/aulas-curso-tecnico-de-celular-central-empreendedor\/","og_site_name":"SEMTEPI","article_published_time":"2024-05-13T20:01:44+00:00","article_modified_time":"2024-05-13T20:16:05+00:00","og_image":[{"width":2992,"height":2000,"url":"https:\/\/www.manaus.am.gov.br\/semtepi\/wp-content\/uploads\/sites\/20\/2024\/05\/Foto-1.jpeg","type":"image\/jpeg"}],"author":"Bruna Greco","twitter_card":"summary_large_image","twitter_misc":{"Written by":"Bruna Greco","Est. reading time":"3 minutos"},"schema":{"@context":"https:\/\/schema.org","@graph":[{"@type":"Article","@id":"https:\/\/www.manaus.am.gov.br\/semtepi\/qualificacao\/aulas-curso-tecnico-de-celular-central-empreendedor\/#article","isPartOf":{"@id":"https:\/\/www.manaus.am.gov.br\/semtepi\/qualificacao\/aulas-curso-tecnico-de-celular-central-empreendedor\/"},"author":{"name":"Bruna Greco","@id":"https:\/\/www.manaus.am.gov.br\/semtepi\/#\/schema\/person\/05d223aea2bf115f9883a6ff3683d81b"},"headline":"Prefeitura de Manaus inicia aulas do curso \u2018T\u00e9cnico de Celular\u2019 na Central do Empreendedor","datePublished":"2024-05-13T20:01:44+00:00","dateModified":"2024-05-13T20:16:05+00:00","mainEntityOfPage":{"@id":"https:\/\/www.manaus.am.gov.br\/semtepi\/qualificacao\/aulas-curso-tecnico-de-celular-central-empreendedor\/"},"wordCount":425,"publisher":{"@id":"https:\/\/www.manaus.am.gov.br\/semtepi\/#organization"},"image":{"@id":"https:\/\/www.manaus.am.gov.br\/semtepi\/qualificacao\/aulas-curso-tecnico-de-celular-central-empreendedor\/#primaryimage"},"thumbnailUrl":"https:\/\/www.manaus.am.gov.br\/semtepi\/wp-content\/uploads\/sites\/20\/2024\/05\/Foto-1.jpeg","keywords":["Central do Empreendedor","curso \u2018T\u00e9cnico de Celular\u2019","inicio das aulas","prefeitura de manaus","Semtepi"],"articleSection":["Qualifica\u00e7\u00e3o"],"inLanguage":"pt-BR"},{"@type":"WebPage","@id":"https:\/\/www.manaus.am.gov.br\/semtepi\/qualificacao\/aulas-curso-tecnico-de-celular-central-empreendedor\/","url":"https:\/\/www.manaus.am.gov.br\/semtepi\/qualificacao\/aulas-curso-tecnico-de-celular-central-empreendedor\/","name":"Aulas do curso \u2018T\u00e9cnico de Celular\u2019 na Central do Empreendedor","isPartOf":{"@id":"https:\/\/www.manaus.am.gov.br\/semtepi\/#website"},"primaryImageOfPage":{"@id":"https:\/\/www.manaus.am.gov.br\/semtepi\/qualificacao\/aulas-curso-tecnico-de-celular-central-empreendedor\/#primaryimage"},"image":{"@id":"https:\/\/www.manaus.am.gov.br\/semtepi\/qualificacao\/aulas-curso-tecnico-de-celular-central-empreendedor\/#primaryimage"},"thumbnailUrl":"https:\/\/www.manaus.am.gov.br\/semtepi\/wp-content\/uploads\/sites\/20\/2024\/05\/Foto-1.jpeg","datePublished":"2024-05-13T20:01:44+00:00","dateModified":"2024-05-13T20:16:05+00:00","description":"Prefeitura de Manaus inicia aulas do curso \u2018T\u00e9cnico de Celular\u2019 na Central do Empreendedor, na zona Norte.","breadcrumb":{"@id":"https:\/\/www.manaus.am.gov.br\/semtepi\/qualificacao\/aulas-curso-tecnico-de-celular-central-empreendedor\/#breadcrumb"},"inLanguage":"pt-BR","potentialAction":[{"@type":"ReadAction","target":["https:\/\/www.manaus.am.gov.br\/semtepi\/qualificacao\/aulas-curso-tecnico-de-celular-central-empreendedor\/"]}]},{"@type":"ImageObject","inLanguage":"pt-BR","@id":"https:\/\/www.manaus.am.gov.br\/semtepi\/qualificacao\/aulas-curso-tecnico-de-celular-central-empreendedor\/#primaryimage","url":"https:\/\/www.manaus.am.gov.br\/semtepi\/wp-content\/uploads\/sites\/20\/2024\/05\/Foto-1.jpeg","contentUrl":"https:\/\/www.manaus.am.gov.br\/semtepi\/wp-content\/uploads\/sites\/20\/2024\/05\/Foto-1.jpeg","width":2992,"height":2000,"caption":"#paratodosverem - Alunos do curso 'T\u00e9cnico de Celular' durante in\u00edcio das aulas na Central do Empreendedor"},{"@type":"BreadcrumbList","@id":"https:\/\/www.manaus.am.gov.br\/semtepi\/qualificacao\/aulas-curso-tecnico-de-celular-central-empreendedor\/#breadcrumb","itemListElement":[{"@type":"ListItem","position":1,"name":"Home","item":"https:\/\/www.manaus.am.gov.br\/semtepi\/"},{"@type":"ListItem","position":2,"name":"Prefeitura de Manaus inicia aulas do curso \u2018T\u00e9cnico de Celular\u2019 na Central do Empreendedor"}]},{"@type":"WebSite","@id":"https:\/\/www.manaus.am.gov.br\/semtepi\/#website","url":"https:\/\/www.manaus.am.gov.br\/semtepi\/","name":"SEMTEPI","description":"Prefeitura de Manaus","publisher":{"@id":"https:\/\/www.manaus.am.gov.br\/semtepi\/#organization"},"alternateName":"Secretaria Municipal do Trabalho, Empreendedorismo e Inova\u00e7\u00e3o","potentialAction":[{"@type":"SearchAction","target":{"@type":"EntryPoint","urlTemplate":"https:\/\/www.manaus.am.gov.br\/semtepi\/?s={search_term_string}"},"query-input":"required name=search_term_string"}],"inLanguage":"pt-BR"},{"@type":"Organization","@id":"https:\/\/www.manaus.am.gov.br\/semtepi\/#organization","name":"Prefeitura Municipal de Manaus","alternateName":"Prefeitura de Manaus","url":"https:\/\/www.manaus.am.gov.br\/semtepi\/","logo":{"@type":"ImageObject","inLanguage":"pt-BR","@id":"https:\/\/www.manaus.am.gov.br\/semtepi\/#\/schema\/logo\/image\/","url":"https:\/\/www.manaus.am.gov.br\/semtepi\/wp-content\/uploads\/sites\/20\/2024\/07\/favicon.png","contentUrl":"https:\/\/www.manaus.am.gov.br\/semtepi\/wp-content\/uploads\/sites\/20\/2024\/07\/favicon.png","width":300,"height":300,"caption":"Prefeitura Municipal de Manaus"},"image":{"@id":"https:\/\/www.manaus.am.gov.br\/semtepi\/#\/schema\/logo\/image\/"}},{"@type":"Person","@id":"https:\/\/www.manaus.am.gov.br\/semtepi\/#\/schema\/person\/05d223aea2bf115f9883a6ff3683d81b","name":"Bruna Greco","image":{"@type":"ImageObject","inLanguage":"pt-BR","@id":"https:\/\/www.manaus.am.gov.br\/semtepi\/#\/schema\/person\/image\/","url":"https:\/\/secure.gravatar.com\/avatar\/9c877d1a6adc2a055330e5c09a8653ce?s=96&d=mm&r=g","contentUrl":"https:\/\/secure.gravatar.com\/avatar\/9c877d1a6adc2a055330e5c09a8653ce?s=96&d=mm&r=g","caption":"Bruna Greco"}}]}},"_links":{"self":[{"href":"https:\/\/www.manaus.am.gov.br\/semtepi\/wp-json\/wp\/v2\/posts\/4748"}],"collection":[{"href":"https:\/\/www.manaus.am.gov.br\/semtepi\/wp-json\/wp\/v2\/posts"}],"about":[{"href":"https:\/\/www.manaus.am.gov.br\/semtepi\/wp-json\/wp\/v2\/types\/post"}],"author":[{"embeddable":true,"href":"https:\/\/www.manaus.am.gov.br\/semtepi\/wp-json\/wp\/v2\/users\/39"}],"replies":[{"embeddable":true,"href":"https:\/\/www.manaus.am.gov.br\/semtepi\/wp-json\/wp\/v2\/comments?post=4748"}],"version-history":[{"count":3,"href":"https:\/\/www.manaus.am.gov.br\/semtepi\/wp-json\/wp\/v2\/posts\/4748\/revisions"}],"predecessor-version":[{"id":4753,"href":"https:\/\/www.manaus.am.gov.br\/semtepi\/wp-json\/wp\/v2\/posts\/4748\/revisions\/4753"}],"wp:featuredmedia":[{"embeddable":true,"href":"https:\/\/www.manaus.am.gov.br\/semtepi\/wp-json\/wp\/v2\/media\/4749"}],"wp:attachment":[{"href":"https:\/\/www.manaus.am.gov.br\/semtepi\/wp-json\/wp\/v2\/media?parent=4748"}],"wp:term":[{"taxonomy":"category","embeddable":true,"href":"https:\/\/www.manaus.am.gov.br\/semtepi\/wp-json\/wp\/v2\/categories?post=4748"},{"taxonomy":"post_tag","embeddable":true,"href":"https:\/\/www.manaus.am.gov.br\/semtepi\/wp-json\/wp\/v2\/tags?post=4748"}],"curies":[{"name":"wp","href":"https:\/\/api.w.org\/{rel}","templated":true}]}}