{"id":4711,"date":"2024-05-10T09:05:56","date_gmt":"2024-05-10T13:05:56","guid":{"rendered":"https:\/\/www.manaus.am.gov.br\/semtepi\/sem-categoria\/programacao-zezinho-correa\/"},"modified":"2024-05-10T09:05:57","modified_gmt":"2024-05-10T13:05:57","slug":"programacao-zezinho-correa","status":"publish","type":"post","link":"https:\/\/www.manaus.am.gov.br\/semtepi\/comemoracao\/programacao-zezinho-correa\/","title":{"rendered":"Casa de Praia Zezinho Corr\u00eaa festeja Dia das M\u00e3es com programa\u00e7\u00e3o cultural neste fim de semana"},"content":{"rendered":"\n<p>Em alus\u00e3o ao Dia das M\u00e3es, comemorado no segundo domingo de maio, a Casa de Praia Zezinho Corr\u00eaa, administrada pela Prefeitura de Manaus, por meio da Secretaria Municipal do Trabalho, Empreendedorismo e Inova\u00e7\u00e3o (Semtepi), vai promover, neste s\u00e1bado, 11\/5, uma programa\u00e7\u00e3o especial para celebrar a data, e outros shows no domingo, 12\/5. Entre as atividades, est\u00e3o dois shows musicais e um \u201caul\u00e3o\u201d de dan\u00e7a para movimentar os participantes.<\/p>\n\n\n\n<p>O espa\u00e7o, que fica no complexo tur\u00edstico Ponta Negra, zona Oeste da cidade, vai sediar, neste s\u00e1bado, 11\/5, a partir das 17h, o \u201caul\u00e3o\u201d de FIT Dance, contando com um instrutor de dan\u00e7a FIT. Na sequ\u00eancia, os shows come\u00e7am com muito pagode, com a banda Bello Encontro, e depois o cantor de toadas, David Rinaldi, sobe ao palco Murilo Rayol, para agitar a noite dos manauaras.<\/p>\n\n\n\n<p>\u201cA Casa de Praia est\u00e1 de portas abertas para receber a todos e atender a todos os gostos, procurando constantemente aprimorar suas instala\u00e7\u00f5es para oferecer uma experi\u00eancia memor\u00e1vel. Em nome da Prefeitura de Manaus e da Semtepi, estendemos o convite aos moradores de Manaus para explorarem este local \u00fanico. Desejamos a todas as m\u00e3es um Dia das M\u00e3es cheio de amor e alegria. Aproveitem a programa\u00e7\u00e3o feita especialmente para voc\u00eas\u201d, convidou o secret\u00e1rio da Semtepi, Wagno Oliveira.<\/p>\n\n\n\n<p>E, para encerrar a programa\u00e7\u00e3o de domingo, 12\/5, a partir das 19h, a \u201cTardezinha\u201d vai iniciar com o cantor Allan Digiorgio, trazendo as melhores m\u00fasicas do mundo sertanejo e, em seguida, recebe o artista amazonense \u2060Nunes Filho, considerado o \u201cPr\u00edncipe do Brega\u201d na regi\u00e3o.<\/p>\n\n\n\n<p>&#8212; &#8212; &#8212;<\/p>\n\n\n\n<p><strong>Texto<\/strong> \u2013 Fabiane Monteiro \/ Semtepi<\/p>\n\n\n\n<p><strong>Fotos<\/strong> \u2013 Divulga\u00e7\u00e3o<\/p>\n","protected":false},"excerpt":{"rendered":"","protected":false},"author":23,"featured_media":4693,"comment_status":"closed","ping_status":"closed","sticky":false,"template":"","format":"standard","meta":{"footnotes":""},"categories":[532],"tags":[1093,212,1087,8,9,934],"acf":[],"yoast_head":"<!-- This site is optimized with the Yoast SEO plugin v23.0 - https:\/\/yoast.com\/wordpress\/plugins\/seo\/ -->\n<title>Casa de Praia Zezinho Corr\u00eaa festeja Dia das M\u00e3es com programa\u00e7\u00e3o cultural neste fim de semana<\/title>\n<meta name=\"description\" content=\"Em alus\u00e3o ao Dia das M\u00e3es, comemorado no segundo domingo de maio, a Casa de Praia Zezinho Corr\u00eaa, administrada pela Prefeitura de Manaus, por meio da Secretaria Municipal do Trabalho, Empreendedorismo e Inova\u00e7\u00e3o (Semtepi), vai promover, neste s\u00e1bado, 11\/5, uma programa\u00e7\u00e3o especial para celebrar a data, e outros shows no domingo, 12\/5. Entre as atividades, est\u00e3o dois shows musicais e um \u201caul\u00e3o\u201d de dan\u00e7a para movimentar os participantes.\" \/>\n<meta name=\"robots\" content=\"noindex, follow\" \/>\n<meta property=\"og:locale\" content=\"pt_BR\" \/>\n<meta property=\"og:type\" content=\"article\" \/>\n<meta property=\"og:title\" content=\"Casa de Praia Zezinho Corr\u00eaa festeja Dia das M\u00e3es com programa\u00e7\u00e3o cultural neste fim de semana\" \/>\n<meta property=\"og:description\" content=\"Em alus\u00e3o ao Dia das M\u00e3es, comemorado no segundo domingo de maio, a Casa de Praia Zezinho Corr\u00eaa, administrada pela Prefeitura de Manaus, por meio da Secretaria Municipal do Trabalho, Empreendedorismo e Inova\u00e7\u00e3o (Semtepi), vai promover, neste s\u00e1bado, 11\/5, uma programa\u00e7\u00e3o especial para celebrar a data, e outros shows no domingo, 12\/5. Entre as atividades, est\u00e3o dois shows musicais e um \u201caul\u00e3o\u201d de dan\u00e7a para movimentar os participantes.\" \/>\n<meta property=\"og:url\" content=\"https:\/\/www.manaus.am.gov.br\/semtepi\/comemoracao\/programacao-zezinho-correa\/\" \/>\n<meta property=\"og:site_name\" content=\"SEMTEPI\" \/>\n<meta property=\"article:published_time\" content=\"2024-05-10T13:05:56+00:00\" \/>\n<meta property=\"article:modified_time\" content=\"2024-05-10T13:05:57+00:00\" \/>\n<meta property=\"og:image\" content=\"https:\/\/www.manaus.am.gov.br\/semtepi\/wp-content\/uploads\/sites\/20\/2024\/05\/WhatsApp-Image-2024-05-07-at-12.24.11.jpeg\" \/>\n\t<meta property=\"og:image:width\" content=\"1600\" \/>\n\t<meta property=\"og:image:height\" content=\"1066\" \/>\n\t<meta property=\"og:image:type\" content=\"image\/jpeg\" \/>\n<meta name=\"author\" content=\"Adriana Costa\" \/>\n<meta name=\"twitter:card\" content=\"summary_large_image\" \/>\n<meta name=\"twitter:label1\" content=\"Written by\" \/>\n\t<meta name=\"twitter:data1\" content=\"Adriana Costa\" \/>\n\t<meta name=\"twitter:label2\" content=\"Est. reading time\" \/>\n\t<meta name=\"twitter:data2\" content=\"2 minutos\" \/>\n<script type=\"application\/ld+json\" class=\"yoast-schema-graph\">{\"@context\":\"https:\/\/schema.org\",\"@graph\":[{\"@type\":\"Article\",\"@id\":\"https:\/\/www.manaus.am.gov.br\/semtepi\/comemoracao\/programacao-zezinho-correa\/#article\",\"isPartOf\":{\"@id\":\"https:\/\/www.manaus.am.gov.br\/semtepi\/comemoracao\/programacao-zezinho-correa\/\"},\"author\":{\"name\":\"Adriana Costa\",\"@id\":\"https:\/\/www.manaus.am.gov.br\/semtepi\/#\/schema\/person\/4e49f4e267757a06ca072ec61b2b9968\"},\"headline\":\"Casa de Praia Zezinho Corr\u00eaa festeja Dia das M\u00e3es com programa\u00e7\u00e3o cultural neste fim de semana\",\"datePublished\":\"2024-05-10T13:05:56+00:00\",\"dateModified\":\"2024-05-10T13:05:57+00:00\",\"mainEntityOfPage\":{\"@id\":\"https:\/\/www.manaus.am.gov.br\/semtepi\/comemoracao\/programacao-zezinho-correa\/\"},\"wordCount\":308,\"publisher\":{\"@id\":\"https:\/\/www.manaus.am.gov.br\/semtepi\/#organization\"},\"image\":{\"@id\":\"https:\/\/www.manaus.am.gov.br\/semtepi\/comemoracao\/programacao-zezinho-correa\/#primaryimage\"},\"thumbnailUrl\":\"https:\/\/www.manaus.am.gov.br\/semtepi\/wp-content\/uploads\/sites\/20\/2024\/05\/WhatsApp-Image-2024-05-07-at-12.24.11.jpeg\",\"keywords\":[\"aula de FIT Dance\",\"Casa de Praia Zezinho Corr\u00eaa\",\"Dia das M\u00e3es\",\"prefeitura de manaus\",\"Semtepi\",\"shows\"],\"articleSection\":[\"Comemora\u00e7\u00e3o\"],\"inLanguage\":\"pt-BR\"},{\"@type\":\"WebPage\",\"@id\":\"https:\/\/www.manaus.am.gov.br\/semtepi\/comemoracao\/programacao-zezinho-correa\/\",\"url\":\"https:\/\/www.manaus.am.gov.br\/semtepi\/comemoracao\/programacao-zezinho-correa\/\",\"name\":\"Casa de Praia Zezinho Corr\u00eaa festeja Dia das M\u00e3es com programa\u00e7\u00e3o cultural neste fim de semana\",\"isPartOf\":{\"@id\":\"https:\/\/www.manaus.am.gov.br\/semtepi\/#website\"},\"primaryImageOfPage\":{\"@id\":\"https:\/\/www.manaus.am.gov.br\/semtepi\/comemoracao\/programacao-zezinho-correa\/#primaryimage\"},\"image\":{\"@id\":\"https:\/\/www.manaus.am.gov.br\/semtepi\/comemoracao\/programacao-zezinho-correa\/#primaryimage\"},\"thumbnailUrl\":\"https:\/\/www.manaus.am.gov.br\/semtepi\/wp-content\/uploads\/sites\/20\/2024\/05\/WhatsApp-Image-2024-05-07-at-12.24.11.jpeg\",\"datePublished\":\"2024-05-10T13:05:56+00:00\",\"dateModified\":\"2024-05-10T13:05:57+00:00\",\"description\":\"Em alus\u00e3o ao Dia das M\u00e3es, comemorado no segundo domingo de maio, a Casa de Praia Zezinho Corr\u00eaa, administrada pela Prefeitura de Manaus, por meio da Secretaria Municipal do Trabalho, Empreendedorismo e Inova\u00e7\u00e3o (Semtepi), vai promover, neste s\u00e1bado, 11\/5, uma programa\u00e7\u00e3o especial para celebrar a data, e outros shows no domingo, 12\/5. Entre as atividades, est\u00e3o dois shows musicais e um \u201caul\u00e3o\u201d de dan\u00e7a para movimentar os participantes.\",\"breadcrumb\":{\"@id\":\"https:\/\/www.manaus.am.gov.br\/semtepi\/comemoracao\/programacao-zezinho-correa\/#breadcrumb\"},\"inLanguage\":\"pt-BR\",\"potentialAction\":[{\"@type\":\"ReadAction\",\"target\":[\"https:\/\/www.manaus.am.gov.br\/semtepi\/comemoracao\/programacao-zezinho-correa\/\"]}]},{\"@type\":\"ImageObject\",\"inLanguage\":\"pt-BR\",\"@id\":\"https:\/\/www.manaus.am.gov.br\/semtepi\/comemoracao\/programacao-zezinho-correa\/#primaryimage\",\"url\":\"https:\/\/www.manaus.am.gov.br\/semtepi\/wp-content\/uploads\/sites\/20\/2024\/05\/WhatsApp-Image-2024-05-07-at-12.24.11.jpeg\",\"contentUrl\":\"https:\/\/www.manaus.am.gov.br\/semtepi\/wp-content\/uploads\/sites\/20\/2024\/05\/WhatsApp-Image-2024-05-07-at-12.24.11.jpeg\",\"width\":1600,\"height\":1066},{\"@type\":\"BreadcrumbList\",\"@id\":\"https:\/\/www.manaus.am.gov.br\/semtepi\/comemoracao\/programacao-zezinho-correa\/#breadcrumb\",\"itemListElement\":[{\"@type\":\"ListItem\",\"position\":1,\"name\":\"Home\",\"item\":\"https:\/\/www.manaus.am.gov.br\/semtepi\/\"},{\"@type\":\"ListItem\",\"position\":2,\"name\":\"Casa de Praia Zezinho Corr\u00eaa festeja Dia das M\u00e3es com programa\u00e7\u00e3o cultural neste fim de semana\"}]},{\"@type\":\"WebSite\",\"@id\":\"https:\/\/www.manaus.am.gov.br\/semtepi\/#website\",\"url\":\"https:\/\/www.manaus.am.gov.br\/semtepi\/\",\"name\":\"SEMTEPI\",\"description\":\"Prefeitura de Manaus\",\"publisher\":{\"@id\":\"https:\/\/www.manaus.am.gov.br\/semtepi\/#organization\"},\"alternateName\":\"Secretaria Municipal do Trabalho, Empreendedorismo e Inova\u00e7\u00e3o\",\"potentialAction\":[{\"@type\":\"SearchAction\",\"target\":{\"@type\":\"EntryPoint\",\"urlTemplate\":\"https:\/\/www.manaus.am.gov.br\/semtepi\/?s={search_term_string}\"},\"query-input\":\"required name=search_term_string\"}],\"inLanguage\":\"pt-BR\"},{\"@type\":\"Organization\",\"@id\":\"https:\/\/www.manaus.am.gov.br\/semtepi\/#organization\",\"name\":\"Prefeitura Municipal de Manaus\",\"alternateName\":\"Prefeitura de Manaus\",\"url\":\"https:\/\/www.manaus.am.gov.br\/semtepi\/\",\"logo\":{\"@type\":\"ImageObject\",\"inLanguage\":\"pt-BR\",\"@id\":\"https:\/\/www.manaus.am.gov.br\/semtepi\/#\/schema\/logo\/image\/\",\"url\":\"https:\/\/www.manaus.am.gov.br\/semtepi\/wp-content\/uploads\/sites\/20\/2024\/07\/favicon.png\",\"contentUrl\":\"https:\/\/www.manaus.am.gov.br\/semtepi\/wp-content\/uploads\/sites\/20\/2024\/07\/favicon.png\",\"width\":300,\"height\":300,\"caption\":\"Prefeitura Municipal de Manaus\"},\"image\":{\"@id\":\"https:\/\/www.manaus.am.gov.br\/semtepi\/#\/schema\/logo\/image\/\"}},{\"@type\":\"Person\",\"@id\":\"https:\/\/www.manaus.am.gov.br\/semtepi\/#\/schema\/person\/4e49f4e267757a06ca072ec61b2b9968\",\"name\":\"Adriana Costa\",\"image\":{\"@type\":\"ImageObject\",\"inLanguage\":\"pt-BR\",\"@id\":\"https:\/\/www.manaus.am.gov.br\/semtepi\/#\/schema\/person\/image\/\",\"url\":\"https:\/\/secure.gravatar.com\/avatar\/576258617ef7194f718179e766d57bd4?s=96&d=mm&r=g\",\"contentUrl\":\"https:\/\/secure.gravatar.com\/avatar\/576258617ef7194f718179e766d57bd4?s=96&d=mm&r=g\",\"caption\":\"Adriana Costa\"}}]}<\/script>\n<!-- \/ Yoast SEO plugin. -->","yoast_head_json":{"title":"Casa de Praia Zezinho Corr\u00eaa festeja Dia das M\u00e3es com programa\u00e7\u00e3o cultural neste fim de semana","description":"Em alus\u00e3o ao Dia das M\u00e3es, comemorado no segundo domingo de maio, a Casa de Praia Zezinho Corr\u00eaa, administrada pela Prefeitura de Manaus, por meio da Secretaria Municipal do Trabalho, Empreendedorismo e Inova\u00e7\u00e3o (Semtepi), vai promover, neste s\u00e1bado, 11\/5, uma programa\u00e7\u00e3o especial para celebrar a data, e outros shows no domingo, 12\/5. Entre as atividades, est\u00e3o dois shows musicais e um \u201caul\u00e3o\u201d de dan\u00e7a para movimentar os participantes.","robots":{"index":"noindex","follow":"follow"},"og_locale":"pt_BR","og_type":"article","og_title":"Casa de Praia Zezinho Corr\u00eaa festeja Dia das M\u00e3es com programa\u00e7\u00e3o cultural neste fim de semana","og_description":"Em alus\u00e3o ao Dia das M\u00e3es, comemorado no segundo domingo de maio, a Casa de Praia Zezinho Corr\u00eaa, administrada pela Prefeitura de Manaus, por meio da Secretaria Municipal do Trabalho, Empreendedorismo e Inova\u00e7\u00e3o (Semtepi), vai promover, neste s\u00e1bado, 11\/5, uma programa\u00e7\u00e3o especial para celebrar a data, e outros shows no domingo, 12\/5. Entre as atividades, est\u00e3o dois shows musicais e um \u201caul\u00e3o\u201d de dan\u00e7a para movimentar os participantes.","og_url":"https:\/\/www.manaus.am.gov.br\/semtepi\/comemoracao\/programacao-zezinho-correa\/","og_site_name":"SEMTEPI","article_published_time":"2024-05-10T13:05:56+00:00","article_modified_time":"2024-05-10T13:05:57+00:00","og_image":[{"width":1600,"height":1066,"url":"https:\/\/www.manaus.am.gov.br\/semtepi\/wp-content\/uploads\/sites\/20\/2024\/05\/WhatsApp-Image-2024-05-07-at-12.24.11.jpeg","type":"image\/jpeg"}],"author":"Adriana Costa","twitter_card":"summary_large_image","twitter_misc":{"Written by":"Adriana Costa","Est. reading time":"2 minutos"},"schema":{"@context":"https:\/\/schema.org","@graph":[{"@type":"Article","@id":"https:\/\/www.manaus.am.gov.br\/semtepi\/comemoracao\/programacao-zezinho-correa\/#article","isPartOf":{"@id":"https:\/\/www.manaus.am.gov.br\/semtepi\/comemoracao\/programacao-zezinho-correa\/"},"author":{"name":"Adriana Costa","@id":"https:\/\/www.manaus.am.gov.br\/semtepi\/#\/schema\/person\/4e49f4e267757a06ca072ec61b2b9968"},"headline":"Casa de Praia Zezinho Corr\u00eaa festeja Dia das M\u00e3es com programa\u00e7\u00e3o cultural neste fim de semana","datePublished":"2024-05-10T13:05:56+00:00","dateModified":"2024-05-10T13:05:57+00:00","mainEntityOfPage":{"@id":"https:\/\/www.manaus.am.gov.br\/semtepi\/comemoracao\/programacao-zezinho-correa\/"},"wordCount":308,"publisher":{"@id":"https:\/\/www.manaus.am.gov.br\/semtepi\/#organization"},"image":{"@id":"https:\/\/www.manaus.am.gov.br\/semtepi\/comemoracao\/programacao-zezinho-correa\/#primaryimage"},"thumbnailUrl":"https:\/\/www.manaus.am.gov.br\/semtepi\/wp-content\/uploads\/sites\/20\/2024\/05\/WhatsApp-Image-2024-05-07-at-12.24.11.jpeg","keywords":["aula de FIT Dance","Casa de Praia Zezinho Corr\u00eaa","Dia das M\u00e3es","prefeitura de manaus","Semtepi","shows"],"articleSection":["Comemora\u00e7\u00e3o"],"inLanguage":"pt-BR"},{"@type":"WebPage","@id":"https:\/\/www.manaus.am.gov.br\/semtepi\/comemoracao\/programacao-zezinho-correa\/","url":"https:\/\/www.manaus.am.gov.br\/semtepi\/comemoracao\/programacao-zezinho-correa\/","name":"Casa de Praia Zezinho Corr\u00eaa festeja Dia das M\u00e3es com programa\u00e7\u00e3o cultural neste fim de semana","isPartOf":{"@id":"https:\/\/www.manaus.am.gov.br\/semtepi\/#website"},"primaryImageOfPage":{"@id":"https:\/\/www.manaus.am.gov.br\/semtepi\/comemoracao\/programacao-zezinho-correa\/#primaryimage"},"image":{"@id":"https:\/\/www.manaus.am.gov.br\/semtepi\/comemoracao\/programacao-zezinho-correa\/#primaryimage"},"thumbnailUrl":"https:\/\/www.manaus.am.gov.br\/semtepi\/wp-content\/uploads\/sites\/20\/2024\/05\/WhatsApp-Image-2024-05-07-at-12.24.11.jpeg","datePublished":"2024-05-10T13:05:56+00:00","dateModified":"2024-05-10T13:05:57+00:00","description":"Em alus\u00e3o ao Dia das M\u00e3es, comemorado no segundo domingo de maio, a Casa de Praia Zezinho Corr\u00eaa, administrada pela Prefeitura de Manaus, por meio da Secretaria Municipal do Trabalho, Empreendedorismo e Inova\u00e7\u00e3o (Semtepi), vai promover, neste s\u00e1bado, 11\/5, uma programa\u00e7\u00e3o especial para celebrar a data, e outros shows no domingo, 12\/5. Entre as atividades, est\u00e3o dois shows musicais e um \u201caul\u00e3o\u201d de dan\u00e7a para movimentar os participantes.","breadcrumb":{"@id":"https:\/\/www.manaus.am.gov.br\/semtepi\/comemoracao\/programacao-zezinho-correa\/#breadcrumb"},"inLanguage":"pt-BR","potentialAction":[{"@type":"ReadAction","target":["https:\/\/www.manaus.am.gov.br\/semtepi\/comemoracao\/programacao-zezinho-correa\/"]}]},{"@type":"ImageObject","inLanguage":"pt-BR","@id":"https:\/\/www.manaus.am.gov.br\/semtepi\/comemoracao\/programacao-zezinho-correa\/#primaryimage","url":"https:\/\/www.manaus.am.gov.br\/semtepi\/wp-content\/uploads\/sites\/20\/2024\/05\/WhatsApp-Image-2024-05-07-at-12.24.11.jpeg","contentUrl":"https:\/\/www.manaus.am.gov.br\/semtepi\/wp-content\/uploads\/sites\/20\/2024\/05\/WhatsApp-Image-2024-05-07-at-12.24.11.jpeg","width":1600,"height":1066},{"@type":"BreadcrumbList","@id":"https:\/\/www.manaus.am.gov.br\/semtepi\/comemoracao\/programacao-zezinho-correa\/#breadcrumb","itemListElement":[{"@type":"ListItem","position":1,"name":"Home","item":"https:\/\/www.manaus.am.gov.br\/semtepi\/"},{"@type":"ListItem","position":2,"name":"Casa de Praia Zezinho Corr\u00eaa festeja Dia das M\u00e3es com programa\u00e7\u00e3o cultural neste fim de semana"}]},{"@type":"WebSite","@id":"https:\/\/www.manaus.am.gov.br\/semtepi\/#website","url":"https:\/\/www.manaus.am.gov.br\/semtepi\/","name":"SEMTEPI","description":"Prefeitura de Manaus","publisher":{"@id":"https:\/\/www.manaus.am.gov.br\/semtepi\/#organization"},"alternateName":"Secretaria Municipal do Trabalho, Empreendedorismo e Inova\u00e7\u00e3o","potentialAction":[{"@type":"SearchAction","target":{"@type":"EntryPoint","urlTemplate":"https:\/\/www.manaus.am.gov.br\/semtepi\/?s={search_term_string}"},"query-input":"required name=search_term_string"}],"inLanguage":"pt-BR"},{"@type":"Organization","@id":"https:\/\/www.manaus.am.gov.br\/semtepi\/#organization","name":"Prefeitura Municipal de Manaus","alternateName":"Prefeitura de Manaus","url":"https:\/\/www.manaus.am.gov.br\/semtepi\/","logo":{"@type":"ImageObject","inLanguage":"pt-BR","@id":"https:\/\/www.manaus.am.gov.br\/semtepi\/#\/schema\/logo\/image\/","url":"https:\/\/www.manaus.am.gov.br\/semtepi\/wp-content\/uploads\/sites\/20\/2024\/07\/favicon.png","contentUrl":"https:\/\/www.manaus.am.gov.br\/semtepi\/wp-content\/uploads\/sites\/20\/2024\/07\/favicon.png","width":300,"height":300,"caption":"Prefeitura Municipal de Manaus"},"image":{"@id":"https:\/\/www.manaus.am.gov.br\/semtepi\/#\/schema\/logo\/image\/"}},{"@type":"Person","@id":"https:\/\/www.manaus.am.gov.br\/semtepi\/#\/schema\/person\/4e49f4e267757a06ca072ec61b2b9968","name":"Adriana Costa","image":{"@type":"ImageObject","inLanguage":"pt-BR","@id":"https:\/\/www.manaus.am.gov.br\/semtepi\/#\/schema\/person\/image\/","url":"https:\/\/secure.gravatar.com\/avatar\/576258617ef7194f718179e766d57bd4?s=96&d=mm&r=g","contentUrl":"https:\/\/secure.gravatar.com\/avatar\/576258617ef7194f718179e766d57bd4?s=96&d=mm&r=g","caption":"Adriana Costa"}}]}},"_links":{"self":[{"href":"https:\/\/www.manaus.am.gov.br\/semtepi\/wp-json\/wp\/v2\/posts\/4711"}],"collection":[{"href":"https:\/\/www.manaus.am.gov.br\/semtepi\/wp-json\/wp\/v2\/posts"}],"about":[{"href":"https:\/\/www.manaus.am.gov.br\/semtepi\/wp-json\/wp\/v2\/types\/post"}],"author":[{"embeddable":true,"href":"https:\/\/www.manaus.am.gov.br\/semtepi\/wp-json\/wp\/v2\/users\/23"}],"replies":[{"embeddable":true,"href":"https:\/\/www.manaus.am.gov.br\/semtepi\/wp-json\/wp\/v2\/comments?post=4711"}],"version-history":[{"count":0,"href":"https:\/\/www.manaus.am.gov.br\/semtepi\/wp-json\/wp\/v2\/posts\/4711\/revisions"}],"wp:featuredmedia":[{"embeddable":true,"href":"https:\/\/www.manaus.am.gov.br\/semtepi\/wp-json\/wp\/v2\/media\/4693"}],"wp:attachment":[{"href":"https:\/\/www.manaus.am.gov.br\/semtepi\/wp-json\/wp\/v2\/media?parent=4711"}],"wp:term":[{"taxonomy":"category","embeddable":true,"href":"https:\/\/www.manaus.am.gov.br\/semtepi\/wp-json\/wp\/v2\/categories?post=4711"},{"taxonomy":"post_tag","embeddable":true,"href":"https:\/\/www.manaus.am.gov.br\/semtepi\/wp-json\/wp\/v2\/tags?post=4711"}],"curies":[{"name":"wp","href":"https:\/\/api.w.org\/{rel}","templated":true}]}}