{"id":4618,"date":"2024-04-30T12:25:10","date_gmt":"2024-04-30T16:25:10","guid":{"rendered":"https:\/\/www.manaus.am.gov.br\/semtepi\/sem-categoria\/casadepraia-zezinhocorrea-umano\/"},"modified":"2024-04-30T15:20:47","modified_gmt":"2024-04-30T19:20:47","slug":"casadepraia-zezinhocorrea-umano","status":"publish","type":"post","link":"https:\/\/www.manaus.am.gov.br\/semtepi\/comemoracao\/casadepraia-zezinhocorrea-umano\/","title":{"rendered":"Casa de Praia Zezinho Corr\u00eaa impulsiona o turismo e empreendedorismo em Manaus"},"content":{"rendered":"\n<p>A Casa de Praia Zezinho Corr\u00eaa, sob gest\u00e3o da Prefeitura de Manaus, por meio da Secretaria Municipal do Trabalho, Empreendedorismo e Inova\u00e7\u00e3o (Semtepi), comemora, nesta quarta-feira, 1\u00ba de maio, o anivers\u00e1rio de um ano de inaugura\u00e7\u00e3o. O espa\u00e7o j\u00e1 realizou mais de 200 shows de artistas regionais, nacionais&nbsp;e internacionais, entre outros eventos sociais de v\u00e1rios setores da cidade, fomentando a cultura, turismo e empreendedorismo da capital amazonense.&nbsp;<\/p>\n\n\n\n<p>Durante um ano, o palco Murilo Rayol recebeu 192&nbsp;shows&nbsp;regionais, 14 artistas de renome nacional&nbsp;e&nbsp;quatro artistas internacionais, sendo&nbsp;Nick&nbsp;French, Double&nbsp;You, Adrian&nbsp;Bachata&nbsp;e&nbsp;Elkim&nbsp;Robson.&nbsp;<\/p>\n\n\n\n<p>Al\u00e9m das apresenta\u00e7\u00f5es musicais, o espa\u00e7o j\u00e1 sediou mais de 80 eventos sociais, abrangendo uma ampla variedade de categorias, como gospel, militar, infantil, feminino, boi-bumb\u00e1, zumba, esportivo, Carnaval, ioga, al\u00e9m de eventos de datas comemorativas, lutas e competi\u00e7\u00f5es.<\/p>\n\n\n\n<p>\u201cPara n\u00f3s, \u00e9 uma honra muito grande poder comemorar um ano da Casa de Praia Zezinho Corr\u00eaa, um local que esteve abandonado por 20 anos e que foi revitalizado somente na gest\u00e3o do prefeito David Almeida. A import\u00e2ncia dessa casa est\u00e1 nos n\u00fameros positivos, pois tivemos mais de 200 atra\u00e7\u00f5es, com artistas que se apresentaram no palco Murilo Rayol e tiveram a oportunidade de mostrar seus trabalhos\u201d\u2019 destacou o secret\u00e1rio da Semtepi,&nbsp;Wagno&nbsp;Oliveira.<\/p>\n\n\n\n<p>Localizada no complexo tur\u00edstico Ponta Negra, zona Oeste, a Casa de Praia foi o primeiro equipamento p\u00fablico constru\u00eddo de frente para o rio Negro. Com atra\u00e7\u00f5es confirmadas em todos os finais de semana, o espa\u00e7o proporcionou visibilidade para artistas de Manaus e do interior do Amazonas.&nbsp;<\/p>\n\n\n\n<p>\u201cComo artista, posso falar da import\u00e2ncia desse espa\u00e7o para a nossa categoria, que sempre foi muito beneficiada nessa gest\u00e3o. A casa oferece um ambiente para que os artistas possam exibir suas produ\u00e7\u00f5es e talentos, resultando em benef\u00edcios para toda a comunidade.&nbsp;Quero parabenizar a Prefeitura de Manaus por esse grande presente, que \u00e9 a Casa de Praia Zezinho Corr\u00eaa\u201d, frisou o cantor e compositor amazonense&nbsp;Cileno, que j\u00e1 se apresentou mais de duas vezes no espa\u00e7o.<\/p>\n\n\n\n<p>Erguida durante a principal revitaliza\u00e7\u00e3o do&nbsp;complexo tur\u00edstico Ponta Negra,&nbsp;a antiga casa de festas era bem frequentada pelos amantes de&nbsp;celebra\u00e7\u00f5es noturnas, do in\u00edcio dos anos 90 at\u00e9 o final dos anos 2000, quando abrigou alguns clubes como \u201cPapagaio Show Clube\u201d e o \u201cEl&nbsp;Mosquiton\u201d. Vinte anos depois, o espa\u00e7o foi revitalizado pela Prefeitura de Manaus, na gest\u00e3o do prefeito David Almeida,&nbsp;retomando o funcionamento, com foco no turismo, cultura, neg\u00f3cios, artesanato e gastronomia regional.&nbsp;O projeto arquitet\u00f4nico foi criado pelo Instituto Municipal de Planejamento Urbano (Implurb) e as obras conduzidas entre 2022 e 2023 pela Semtepi<\/p>\n\n\n\n<p>Murilo Rayol, dono da construtora que edificou&nbsp;o primeiro pr\u00e9dio da Ponta Negra, chamado de Aruba, deu nome ao palco da Casa de Praia Zezinho Corr\u00eaa. Ocupando uma extens\u00e3o de 1.650 metros quadrados, as constru\u00e7\u00f5es de todo o espa\u00e7o seguiram o plano de obras da prefeitura, na consolida\u00e7\u00e3o de grandes entregas \u00e0 popula\u00e7\u00e3o manauara.<\/p>\n\n\n\n<p>\u201cEu poderia ficar aqui horas curtindo esse lugar. \u00c9 uma sensa\u00e7\u00e3o de paz e gratid\u00e3o que n\u00e3o d\u00e1 para explicar. S\u00f3 sei que sou muito grato \u00e0 Prefeitura de Manaus por ter entregue esse espa\u00e7o \u00e0 popula\u00e7\u00e3o. Essa obra transcende o mero conceito de vista, pois ela atende a todos os gostos e fortalece o empreendedorismo na regi\u00e3o\u201d, descreveu o visitante&nbsp;Adriel&nbsp;Oliveira, que tamb\u00e9m esteve presente no dia da inaugura\u00e7\u00e3o.<\/p>\n\n\n\n<p>O espa\u00e7o foi considerado um dos melhores&nbsp;<em>points<\/em>&nbsp;de Manaus e, atualmente, continua mantendo a reputa\u00e7\u00e3o e o objetivo de fortalecer a cultura, o lazer familiar, o empreendedorismo e o turismo local. Em 2023, a Casa de Praia Zezinho Corr\u00eaa foi entregue em 1\u00ba de maio, Dia do Trabalhador, com uma extensa programa\u00e7\u00e3o em homenagem \u00e0 categoria.&nbsp;<\/p>\n\n\n\n<p>&#8212; &#8212; &#8212;<\/p>\n\n\n\n<p><strong>Texto \u2013&nbsp;<\/strong>Fabiane Monteiro \/ Semtepi<\/p>\n\n\n\n<p><strong>Fotos<\/strong> \u2013 Arquivo\/Semcom<\/p>\n","protected":false},"excerpt":{"rendered":"","protected":false},"author":23,"featured_media":4619,"comment_status":"closed","ping_status":"closed","sticky":false,"template":"","format":"standard","meta":{"footnotes":""},"categories":[532],"tags":[544,1076,178,8,931,1077,1078],"acf":[],"yoast_head":"<!-- This site is optimized with the Yoast SEO plugin v23.0 - https:\/\/yoast.com\/wordpress\/plugins\/seo\/ -->\n<title>Casa de Praia Zezinho Corr\u00eaa impulsiona o turismo e empreendedorismo em Manaus<\/title>\n<meta name=\"description\" content=\"A Casa de Praia Zezinho Corr\u00eaa, sob gest\u00e3o da Prefeitura de Manaus, por meio da Secretaria Municipal do Trabalho, Empreendedorismo e Inova\u00e7\u00e3o (Semtepi), comemora, nesta quarta-feira, 1\u00ba de maio, o anivers\u00e1rio de um ano de inaugura\u00e7\u00e3o. O espa\u00e7o j\u00e1 realizou mais de 200 shows de artistas regionais, nacionais e internacionais, entre outros eventos sociais de v\u00e1rios setores da cidade, fomentando a cultura, turismo e empreendedorismo da capital amazonense.\" \/>\n<meta name=\"robots\" content=\"noindex, follow\" \/>\n<meta property=\"og:locale\" content=\"pt_BR\" \/>\n<meta property=\"og:type\" content=\"article\" \/>\n<meta property=\"og:title\" content=\"Casa de Praia Zezinho Corr\u00eaa impulsiona o turismo e empreendedorismo em Manaus\" \/>\n<meta property=\"og:description\" content=\"A Casa de Praia Zezinho Corr\u00eaa, sob gest\u00e3o da Prefeitura de Manaus, por meio da Secretaria Municipal do Trabalho, Empreendedorismo e Inova\u00e7\u00e3o (Semtepi), comemora, nesta quarta-feira, 1\u00ba de maio, o anivers\u00e1rio de um ano de inaugura\u00e7\u00e3o. O espa\u00e7o j\u00e1 realizou mais de 200 shows de artistas regionais, nacionais e internacionais, entre outros eventos sociais de v\u00e1rios setores da cidade, fomentando a cultura, turismo e empreendedorismo da capital amazonense.\" \/>\n<meta property=\"og:url\" content=\"https:\/\/www.manaus.am.gov.br\/semtepi\/comemoracao\/casadepraia-zezinhocorrea-umano\/\" \/>\n<meta property=\"og:site_name\" content=\"SEMTEPI\" \/>\n<meta property=\"article:published_time\" content=\"2024-04-30T16:25:10+00:00\" \/>\n<meta property=\"article:modified_time\" content=\"2024-04-30T19:20:47+00:00\" \/>\n<meta property=\"og:image\" content=\"https:\/\/www.manaus.am.gov.br\/semtepi\/wp-content\/uploads\/sites\/20\/2024\/04\/52862498010_2e971f0779_c-1.jpg\" \/>\n\t<meta property=\"og:image:width\" content=\"800\" \/>\n\t<meta property=\"og:image:height\" content=\"450\" \/>\n\t<meta property=\"og:image:type\" content=\"image\/jpeg\" \/>\n<meta name=\"author\" content=\"Adriana Costa\" \/>\n<meta name=\"twitter:card\" content=\"summary_large_image\" \/>\n<meta name=\"twitter:label1\" content=\"Written by\" \/>\n\t<meta name=\"twitter:data1\" content=\"Adriana Costa\" \/>\n\t<meta name=\"twitter:label2\" content=\"Est. reading time\" \/>\n\t<meta name=\"twitter:data2\" content=\"4 minutos\" \/>\n<script type=\"application\/ld+json\" class=\"yoast-schema-graph\">{\"@context\":\"https:\/\/schema.org\",\"@graph\":[{\"@type\":\"Article\",\"@id\":\"https:\/\/www.manaus.am.gov.br\/semtepi\/comemoracao\/casadepraia-zezinhocorrea-umano\/#article\",\"isPartOf\":{\"@id\":\"https:\/\/www.manaus.am.gov.br\/semtepi\/comemoracao\/casadepraia-zezinhocorrea-umano\/\"},\"author\":{\"name\":\"Adriana Costa\",\"@id\":\"https:\/\/www.manaus.am.gov.br\/semtepi\/#\/schema\/person\/4e49f4e267757a06ca072ec61b2b9968\"},\"headline\":\"Casa de Praia Zezinho Corr\u00eaa impulsiona o turismo e empreendedorismo em Manaus\",\"datePublished\":\"2024-04-30T16:25:10+00:00\",\"dateModified\":\"2024-04-30T19:20:47+00:00\",\"mainEntityOfPage\":{\"@id\":\"https:\/\/www.manaus.am.gov.br\/semtepi\/comemoracao\/casadepraia-zezinhocorrea-umano\/\"},\"wordCount\":704,\"publisher\":{\"@id\":\"https:\/\/www.manaus.am.gov.br\/semtepi\/#organization\"},\"image\":{\"@id\":\"https:\/\/www.manaus.am.gov.br\/semtepi\/comemoracao\/casadepraia-zezinhocorrea-umano\/#primaryimage\"},\"thumbnailUrl\":\"https:\/\/www.manaus.am.gov.br\/semtepi\/wp-content\/uploads\/sites\/20\/2024\/04\/52862498010_2e971f0779_c-1.jpg\",\"keywords\":[\"Casa de Praia\",\"economia\",\"ponta negra\",\"prefeitura de manaus\",\"turismo\",\"um ano de funcionamento\",\"Zezinho Corr\u00eaa\"],\"articleSection\":[\"Comemora\u00e7\u00e3o\"],\"inLanguage\":\"pt-BR\"},{\"@type\":\"WebPage\",\"@id\":\"https:\/\/www.manaus.am.gov.br\/semtepi\/comemoracao\/casadepraia-zezinhocorrea-umano\/\",\"url\":\"https:\/\/www.manaus.am.gov.br\/semtepi\/comemoracao\/casadepraia-zezinhocorrea-umano\/\",\"name\":\"Casa de Praia Zezinho Corr\u00eaa impulsiona o turismo e empreendedorismo em Manaus\",\"isPartOf\":{\"@id\":\"https:\/\/www.manaus.am.gov.br\/semtepi\/#website\"},\"primaryImageOfPage\":{\"@id\":\"https:\/\/www.manaus.am.gov.br\/semtepi\/comemoracao\/casadepraia-zezinhocorrea-umano\/#primaryimage\"},\"image\":{\"@id\":\"https:\/\/www.manaus.am.gov.br\/semtepi\/comemoracao\/casadepraia-zezinhocorrea-umano\/#primaryimage\"},\"thumbnailUrl\":\"https:\/\/www.manaus.am.gov.br\/semtepi\/wp-content\/uploads\/sites\/20\/2024\/04\/52862498010_2e971f0779_c-1.jpg\",\"datePublished\":\"2024-04-30T16:25:10+00:00\",\"dateModified\":\"2024-04-30T19:20:47+00:00\",\"description\":\"A Casa de Praia Zezinho Corr\u00eaa, sob gest\u00e3o da Prefeitura de Manaus, por meio da Secretaria Municipal do Trabalho, Empreendedorismo e Inova\u00e7\u00e3o (Semtepi), comemora, nesta quarta-feira, 1\u00ba de maio, o anivers\u00e1rio de um ano de inaugura\u00e7\u00e3o. O espa\u00e7o j\u00e1 realizou mais de 200 shows de artistas regionais, nacionais e internacionais, entre outros eventos sociais de v\u00e1rios setores da cidade, fomentando a cultura, turismo e empreendedorismo da capital amazonense.\",\"breadcrumb\":{\"@id\":\"https:\/\/www.manaus.am.gov.br\/semtepi\/comemoracao\/casadepraia-zezinhocorrea-umano\/#breadcrumb\"},\"inLanguage\":\"pt-BR\",\"potentialAction\":[{\"@type\":\"ReadAction\",\"target\":[\"https:\/\/www.manaus.am.gov.br\/semtepi\/comemoracao\/casadepraia-zezinhocorrea-umano\/\"]}]},{\"@type\":\"ImageObject\",\"inLanguage\":\"pt-BR\",\"@id\":\"https:\/\/www.manaus.am.gov.br\/semtepi\/comemoracao\/casadepraia-zezinhocorrea-umano\/#primaryimage\",\"url\":\"https:\/\/www.manaus.am.gov.br\/semtepi\/wp-content\/uploads\/sites\/20\/2024\/04\/52862498010_2e971f0779_c-1.jpg\",\"contentUrl\":\"https:\/\/www.manaus.am.gov.br\/semtepi\/wp-content\/uploads\/sites\/20\/2024\/04\/52862498010_2e971f0779_c-1.jpg\",\"width\":800,\"height\":450},{\"@type\":\"BreadcrumbList\",\"@id\":\"https:\/\/www.manaus.am.gov.br\/semtepi\/comemoracao\/casadepraia-zezinhocorrea-umano\/#breadcrumb\",\"itemListElement\":[{\"@type\":\"ListItem\",\"position\":1,\"name\":\"Home\",\"item\":\"https:\/\/www.manaus.am.gov.br\/semtepi\/\"},{\"@type\":\"ListItem\",\"position\":2,\"name\":\"Casa de Praia Zezinho Corr\u00eaa impulsiona o turismo e empreendedorismo em Manaus\"}]},{\"@type\":\"WebSite\",\"@id\":\"https:\/\/www.manaus.am.gov.br\/semtepi\/#website\",\"url\":\"https:\/\/www.manaus.am.gov.br\/semtepi\/\",\"name\":\"SEMTEPI\",\"description\":\"Prefeitura de Manaus\",\"publisher\":{\"@id\":\"https:\/\/www.manaus.am.gov.br\/semtepi\/#organization\"},\"alternateName\":\"Secretaria Municipal do Trabalho, Empreendedorismo e Inova\u00e7\u00e3o\",\"potentialAction\":[{\"@type\":\"SearchAction\",\"target\":{\"@type\":\"EntryPoint\",\"urlTemplate\":\"https:\/\/www.manaus.am.gov.br\/semtepi\/?s={search_term_string}\"},\"query-input\":\"required name=search_term_string\"}],\"inLanguage\":\"pt-BR\"},{\"@type\":\"Organization\",\"@id\":\"https:\/\/www.manaus.am.gov.br\/semtepi\/#organization\",\"name\":\"Prefeitura Municipal de Manaus\",\"alternateName\":\"Prefeitura de Manaus\",\"url\":\"https:\/\/www.manaus.am.gov.br\/semtepi\/\",\"logo\":{\"@type\":\"ImageObject\",\"inLanguage\":\"pt-BR\",\"@id\":\"https:\/\/www.manaus.am.gov.br\/semtepi\/#\/schema\/logo\/image\/\",\"url\":\"https:\/\/www.manaus.am.gov.br\/semtepi\/wp-content\/uploads\/sites\/20\/2024\/07\/favicon.png\",\"contentUrl\":\"https:\/\/www.manaus.am.gov.br\/semtepi\/wp-content\/uploads\/sites\/20\/2024\/07\/favicon.png\",\"width\":300,\"height\":300,\"caption\":\"Prefeitura Municipal de Manaus\"},\"image\":{\"@id\":\"https:\/\/www.manaus.am.gov.br\/semtepi\/#\/schema\/logo\/image\/\"}},{\"@type\":\"Person\",\"@id\":\"https:\/\/www.manaus.am.gov.br\/semtepi\/#\/schema\/person\/4e49f4e267757a06ca072ec61b2b9968\",\"name\":\"Adriana Costa\",\"image\":{\"@type\":\"ImageObject\",\"inLanguage\":\"pt-BR\",\"@id\":\"https:\/\/www.manaus.am.gov.br\/semtepi\/#\/schema\/person\/image\/\",\"url\":\"https:\/\/secure.gravatar.com\/avatar\/576258617ef7194f718179e766d57bd4?s=96&d=mm&r=g\",\"contentUrl\":\"https:\/\/secure.gravatar.com\/avatar\/576258617ef7194f718179e766d57bd4?s=96&d=mm&r=g\",\"caption\":\"Adriana Costa\"}}]}<\/script>\n<!-- \/ Yoast SEO plugin. -->","yoast_head_json":{"title":"Casa de Praia Zezinho Corr\u00eaa impulsiona o turismo e empreendedorismo em Manaus","description":"A Casa de Praia Zezinho Corr\u00eaa, sob gest\u00e3o da Prefeitura de Manaus, por meio da Secretaria Municipal do Trabalho, Empreendedorismo e Inova\u00e7\u00e3o (Semtepi), comemora, nesta quarta-feira, 1\u00ba de maio, o anivers\u00e1rio de um ano de inaugura\u00e7\u00e3o. O espa\u00e7o j\u00e1 realizou mais de 200 shows de artistas regionais, nacionais e internacionais, entre outros eventos sociais de v\u00e1rios setores da cidade, fomentando a cultura, turismo e empreendedorismo da capital amazonense.","robots":{"index":"noindex","follow":"follow"},"og_locale":"pt_BR","og_type":"article","og_title":"Casa de Praia Zezinho Corr\u00eaa impulsiona o turismo e empreendedorismo em Manaus","og_description":"A Casa de Praia Zezinho Corr\u00eaa, sob gest\u00e3o da Prefeitura de Manaus, por meio da Secretaria Municipal do Trabalho, Empreendedorismo e Inova\u00e7\u00e3o (Semtepi), comemora, nesta quarta-feira, 1\u00ba de maio, o anivers\u00e1rio de um ano de inaugura\u00e7\u00e3o. O espa\u00e7o j\u00e1 realizou mais de 200 shows de artistas regionais, nacionais e internacionais, entre outros eventos sociais de v\u00e1rios setores da cidade, fomentando a cultura, turismo e empreendedorismo da capital amazonense.","og_url":"https:\/\/www.manaus.am.gov.br\/semtepi\/comemoracao\/casadepraia-zezinhocorrea-umano\/","og_site_name":"SEMTEPI","article_published_time":"2024-04-30T16:25:10+00:00","article_modified_time":"2024-04-30T19:20:47+00:00","og_image":[{"width":800,"height":450,"url":"https:\/\/www.manaus.am.gov.br\/semtepi\/wp-content\/uploads\/sites\/20\/2024\/04\/52862498010_2e971f0779_c-1.jpg","type":"image\/jpeg"}],"author":"Adriana Costa","twitter_card":"summary_large_image","twitter_misc":{"Written by":"Adriana Costa","Est. reading time":"4 minutos"},"schema":{"@context":"https:\/\/schema.org","@graph":[{"@type":"Article","@id":"https:\/\/www.manaus.am.gov.br\/semtepi\/comemoracao\/casadepraia-zezinhocorrea-umano\/#article","isPartOf":{"@id":"https:\/\/www.manaus.am.gov.br\/semtepi\/comemoracao\/casadepraia-zezinhocorrea-umano\/"},"author":{"name":"Adriana Costa","@id":"https:\/\/www.manaus.am.gov.br\/semtepi\/#\/schema\/person\/4e49f4e267757a06ca072ec61b2b9968"},"headline":"Casa de Praia Zezinho Corr\u00eaa impulsiona o turismo e empreendedorismo em Manaus","datePublished":"2024-04-30T16:25:10+00:00","dateModified":"2024-04-30T19:20:47+00:00","mainEntityOfPage":{"@id":"https:\/\/www.manaus.am.gov.br\/semtepi\/comemoracao\/casadepraia-zezinhocorrea-umano\/"},"wordCount":704,"publisher":{"@id":"https:\/\/www.manaus.am.gov.br\/semtepi\/#organization"},"image":{"@id":"https:\/\/www.manaus.am.gov.br\/semtepi\/comemoracao\/casadepraia-zezinhocorrea-umano\/#primaryimage"},"thumbnailUrl":"https:\/\/www.manaus.am.gov.br\/semtepi\/wp-content\/uploads\/sites\/20\/2024\/04\/52862498010_2e971f0779_c-1.jpg","keywords":["Casa de Praia","economia","ponta negra","prefeitura de manaus","turismo","um ano de funcionamento","Zezinho Corr\u00eaa"],"articleSection":["Comemora\u00e7\u00e3o"],"inLanguage":"pt-BR"},{"@type":"WebPage","@id":"https:\/\/www.manaus.am.gov.br\/semtepi\/comemoracao\/casadepraia-zezinhocorrea-umano\/","url":"https:\/\/www.manaus.am.gov.br\/semtepi\/comemoracao\/casadepraia-zezinhocorrea-umano\/","name":"Casa de Praia Zezinho Corr\u00eaa impulsiona o turismo e empreendedorismo em Manaus","isPartOf":{"@id":"https:\/\/www.manaus.am.gov.br\/semtepi\/#website"},"primaryImageOfPage":{"@id":"https:\/\/www.manaus.am.gov.br\/semtepi\/comemoracao\/casadepraia-zezinhocorrea-umano\/#primaryimage"},"image":{"@id":"https:\/\/www.manaus.am.gov.br\/semtepi\/comemoracao\/casadepraia-zezinhocorrea-umano\/#primaryimage"},"thumbnailUrl":"https:\/\/www.manaus.am.gov.br\/semtepi\/wp-content\/uploads\/sites\/20\/2024\/04\/52862498010_2e971f0779_c-1.jpg","datePublished":"2024-04-30T16:25:10+00:00","dateModified":"2024-04-30T19:20:47+00:00","description":"A Casa de Praia Zezinho Corr\u00eaa, sob gest\u00e3o da Prefeitura de Manaus, por meio da Secretaria Municipal do Trabalho, Empreendedorismo e Inova\u00e7\u00e3o (Semtepi), comemora, nesta quarta-feira, 1\u00ba de maio, o anivers\u00e1rio de um ano de inaugura\u00e7\u00e3o. O espa\u00e7o j\u00e1 realizou mais de 200 shows de artistas regionais, nacionais e internacionais, entre outros eventos sociais de v\u00e1rios setores da cidade, fomentando a cultura, turismo e empreendedorismo da capital amazonense.","breadcrumb":{"@id":"https:\/\/www.manaus.am.gov.br\/semtepi\/comemoracao\/casadepraia-zezinhocorrea-umano\/#breadcrumb"},"inLanguage":"pt-BR","potentialAction":[{"@type":"ReadAction","target":["https:\/\/www.manaus.am.gov.br\/semtepi\/comemoracao\/casadepraia-zezinhocorrea-umano\/"]}]},{"@type":"ImageObject","inLanguage":"pt-BR","@id":"https:\/\/www.manaus.am.gov.br\/semtepi\/comemoracao\/casadepraia-zezinhocorrea-umano\/#primaryimage","url":"https:\/\/www.manaus.am.gov.br\/semtepi\/wp-content\/uploads\/sites\/20\/2024\/04\/52862498010_2e971f0779_c-1.jpg","contentUrl":"https:\/\/www.manaus.am.gov.br\/semtepi\/wp-content\/uploads\/sites\/20\/2024\/04\/52862498010_2e971f0779_c-1.jpg","width":800,"height":450},{"@type":"BreadcrumbList","@id":"https:\/\/www.manaus.am.gov.br\/semtepi\/comemoracao\/casadepraia-zezinhocorrea-umano\/#breadcrumb","itemListElement":[{"@type":"ListItem","position":1,"name":"Home","item":"https:\/\/www.manaus.am.gov.br\/semtepi\/"},{"@type":"ListItem","position":2,"name":"Casa de Praia Zezinho Corr\u00eaa impulsiona o turismo e empreendedorismo em Manaus"}]},{"@type":"WebSite","@id":"https:\/\/www.manaus.am.gov.br\/semtepi\/#website","url":"https:\/\/www.manaus.am.gov.br\/semtepi\/","name":"SEMTEPI","description":"Prefeitura de Manaus","publisher":{"@id":"https:\/\/www.manaus.am.gov.br\/semtepi\/#organization"},"alternateName":"Secretaria Municipal do Trabalho, Empreendedorismo e Inova\u00e7\u00e3o","potentialAction":[{"@type":"SearchAction","target":{"@type":"EntryPoint","urlTemplate":"https:\/\/www.manaus.am.gov.br\/semtepi\/?s={search_term_string}"},"query-input":"required name=search_term_string"}],"inLanguage":"pt-BR"},{"@type":"Organization","@id":"https:\/\/www.manaus.am.gov.br\/semtepi\/#organization","name":"Prefeitura Municipal de Manaus","alternateName":"Prefeitura de Manaus","url":"https:\/\/www.manaus.am.gov.br\/semtepi\/","logo":{"@type":"ImageObject","inLanguage":"pt-BR","@id":"https:\/\/www.manaus.am.gov.br\/semtepi\/#\/schema\/logo\/image\/","url":"https:\/\/www.manaus.am.gov.br\/semtepi\/wp-content\/uploads\/sites\/20\/2024\/07\/favicon.png","contentUrl":"https:\/\/www.manaus.am.gov.br\/semtepi\/wp-content\/uploads\/sites\/20\/2024\/07\/favicon.png","width":300,"height":300,"caption":"Prefeitura Municipal de Manaus"},"image":{"@id":"https:\/\/www.manaus.am.gov.br\/semtepi\/#\/schema\/logo\/image\/"}},{"@type":"Person","@id":"https:\/\/www.manaus.am.gov.br\/semtepi\/#\/schema\/person\/4e49f4e267757a06ca072ec61b2b9968","name":"Adriana Costa","image":{"@type":"ImageObject","inLanguage":"pt-BR","@id":"https:\/\/www.manaus.am.gov.br\/semtepi\/#\/schema\/person\/image\/","url":"https:\/\/secure.gravatar.com\/avatar\/576258617ef7194f718179e766d57bd4?s=96&d=mm&r=g","contentUrl":"https:\/\/secure.gravatar.com\/avatar\/576258617ef7194f718179e766d57bd4?s=96&d=mm&r=g","caption":"Adriana Costa"}}]}},"_links":{"self":[{"href":"https:\/\/www.manaus.am.gov.br\/semtepi\/wp-json\/wp\/v2\/posts\/4618"}],"collection":[{"href":"https:\/\/www.manaus.am.gov.br\/semtepi\/wp-json\/wp\/v2\/posts"}],"about":[{"href":"https:\/\/www.manaus.am.gov.br\/semtepi\/wp-json\/wp\/v2\/types\/post"}],"author":[{"embeddable":true,"href":"https:\/\/www.manaus.am.gov.br\/semtepi\/wp-json\/wp\/v2\/users\/23"}],"replies":[{"embeddable":true,"href":"https:\/\/www.manaus.am.gov.br\/semtepi\/wp-json\/wp\/v2\/comments?post=4618"}],"version-history":[{"count":1,"href":"https:\/\/www.manaus.am.gov.br\/semtepi\/wp-json\/wp\/v2\/posts\/4618\/revisions"}],"predecessor-version":[{"id":4620,"href":"https:\/\/www.manaus.am.gov.br\/semtepi\/wp-json\/wp\/v2\/posts\/4618\/revisions\/4620"}],"wp:featuredmedia":[{"embeddable":true,"href":"https:\/\/www.manaus.am.gov.br\/semtepi\/wp-json\/wp\/v2\/media\/4619"}],"wp:attachment":[{"href":"https:\/\/www.manaus.am.gov.br\/semtepi\/wp-json\/wp\/v2\/media?parent=4618"}],"wp:term":[{"taxonomy":"category","embeddable":true,"href":"https:\/\/www.manaus.am.gov.br\/semtepi\/wp-json\/wp\/v2\/categories?post=4618"},{"taxonomy":"post_tag","embeddable":true,"href":"https:\/\/www.manaus.am.gov.br\/semtepi\/wp-json\/wp\/v2\/tags?post=4618"}],"curies":[{"name":"wp","href":"https:\/\/api.w.org\/{rel}","templated":true}]}}