{"id":4596,"date":"2024-04-25T17:16:27","date_gmt":"2024-04-25T21:16:27","guid":{"rendered":"https:\/\/www.manaus.am.gov.br\/semtepi\/sem-categoria\/qualificacao-curso\/"},"modified":"2024-04-25T17:16:29","modified_gmt":"2024-04-25T21:16:29","slug":"qualificacao-curso","status":"publish","type":"post","link":"https:\/\/www.manaus.am.gov.br\/semtepi\/parceria\/qualificacao-curso\/","title":{"rendered":"Prefeitura de Manaus certifica 50 alunos em cursos de qualifica\u00e7\u00e3o profissional"},"content":{"rendered":"\n<p>A Prefeitura de Manaus, por meio da Secretaria Municipal do Trabalho, Empreendedorismo e Inova\u00e7\u00e3o (Semtepi), em parceria com o Instituto Gerando Vencedores (IGV), certificou, na tarde desta quinta-feira, 25\/4, 50 alunos, que participaram dos cursos &#8220;T\u00e9cnicas de Vendas&#8221; e &#8220;No\u00e7\u00f5es de Assistente Administrativo&#8221;. As aulas e a certifica\u00e7\u00e3o aconteceram na Escola Municipal Francisca Pergentina, localizada no bairro Zumbi dos Palmares, zona Leste da cidade.<\/p>\n\n\n\n<p>O curso, que faz parte do projeto do instituto, &#8220;Qualifica Manaus&#8221;, teve o objetivo de capacitar os participantes para melhorarem seus rendimentos atrav\u00e9s das vendas, utilizando t\u00e9cnicas e ferramentas que atinjam o p\u00fablico-alvo.&nbsp;<\/p>\n\n\n\n<p>De acordo com o subsecret\u00e1rio de Assuntos Operacionais da Semtepi, Joel Silva, a qualifica\u00e7\u00e3o neste ramo do com\u00e9rcio \u00e9 essencial para qualquer \u00e1rea de atua\u00e7\u00e3o, inclusive o empreendedorismo.<\/p>\n\n\n\n<p>\u201cA Semtepi \u00e9 a \u00fanica institui\u00e7\u00e3o que trabalha com a matriz da qualifica\u00e7\u00e3o profissional, implementando cursos dentro das comunidades. Sabemos que todo o processo \u00e9 um desafio, mas quando chegamos aqui e visualizamos os formandos, nosso cora\u00e7\u00e3o aquece ao ver o resultado do investimento\u201d, afirmou Joel.<\/p>\n\n\n\n<p>Com carga hor\u00e1ria de 40 horas, os cursos ofertaram 60 vagas, divididas em duas turmas, \u201cT\u00e9cnicas em Vendas\u201d, no per\u00edodo matutino, e \u201cNo\u00e7\u00f5es de Assistente Administrativo\u201d, no per\u00edodo vespertino. As aulas aconteceram no per\u00edodo de 1\u00b0 a 12\/4.&nbsp;<\/p>\n\n\n\n<p>Para a empreendedora e fundadora da confeitaria &#8220;Del\u00edcias da Drica&#8221;, Adriana Miranda, as aulas serviram para melhorar seus neg\u00f3cios e estimular a sua aprecia\u00e7\u00e3o pelos estudos.<\/p>\n\n\n\n<p>\u201cEsse curso foi fundamental para mim porque j\u00e1 atuo no ramo, al\u00e9m de trazer mais conhecimento profissional para me capacitar e aumentar minhas vendas. Agrade\u00e7o \u00e0 Semtepi e ao IGV pela iniciativa que, com certeza, vai impulsionar meu empreendimento\u201d, descreveu a aluna.<\/p>\n\n\n\n<p><br>\u2014 \u2014 \u2014<br><strong>Texto &#8211; <\/strong>Fabiane Monteiro \/ Semtepi<br><strong>Fotos &#8211; <\/strong>Divulga\u00e7\u00e3o \/ Semtepi<\/p>\n","protected":false},"excerpt":{"rendered":"","protected":false},"author":68,"featured_media":4597,"comment_status":"closed","ping_status":"closed","sticky":false,"template":"","format":"standard","meta":{"footnotes":""},"categories":[589],"tags":[1072,118,9],"acf":[],"yoast_head":"<!-- This site is optimized with the Yoast SEO plugin v23.0 - https:\/\/yoast.com\/wordpress\/plugins\/seo\/ -->\n<title>Prefeitura certifica 50 alunos em cursos de qualifica\u00e7\u00e3o profissional<\/title>\n<meta name=\"description\" content=\"A Prefeitura de Manaus, certificou, 50 alunos, que participaram dos cursos &quot;T\u00e9cnicas de Vendas&quot; e &quot;No\u00e7\u00f5es de Assistente Administrativo&quot;.\" \/>\n<meta name=\"robots\" content=\"noindex, follow\" \/>\n<meta property=\"og:locale\" content=\"pt_BR\" \/>\n<meta property=\"og:type\" content=\"article\" \/>\n<meta property=\"og:title\" content=\"Prefeitura certifica 50 alunos em cursos de qualifica\u00e7\u00e3o profissional\" \/>\n<meta property=\"og:description\" content=\"A Prefeitura de Manaus, certificou, 50 alunos, que participaram dos cursos &quot;T\u00e9cnicas de Vendas&quot; e &quot;No\u00e7\u00f5es de Assistente Administrativo&quot;.\" \/>\n<meta property=\"og:url\" content=\"https:\/\/www.manaus.am.gov.br\/semtepi\/parceria\/qualificacao-curso\/\" \/>\n<meta property=\"og:site_name\" content=\"SEMTEPI\" \/>\n<meta property=\"article:published_time\" content=\"2024-04-25T21:16:27+00:00\" \/>\n<meta property=\"article:modified_time\" content=\"2024-04-25T21:16:29+00:00\" \/>\n<meta property=\"og:image\" content=\"https:\/\/www.manaus.am.gov.br\/semtepi\/wp-content\/uploads\/sites\/20\/2024\/04\/PARCERIA-.jpg\" \/>\n\t<meta property=\"og:image:width\" content=\"800\" \/>\n\t<meta property=\"og:image:height\" content=\"535\" \/>\n\t<meta property=\"og:image:type\" content=\"image\/jpeg\" \/>\n<meta name=\"author\" content=\"bvalente\" \/>\n<meta name=\"twitter:card\" content=\"summary_large_image\" \/>\n<meta name=\"twitter:label1\" content=\"Written by\" \/>\n\t<meta name=\"twitter:data1\" content=\"bvalente\" \/>\n\t<meta name=\"twitter:label2\" content=\"Est. reading time\" \/>\n\t<meta name=\"twitter:data2\" content=\"2 minutos\" \/>\n<script type=\"application\/ld+json\" class=\"yoast-schema-graph\">{\"@context\":\"https:\/\/schema.org\",\"@graph\":[{\"@type\":\"Article\",\"@id\":\"https:\/\/www.manaus.am.gov.br\/semtepi\/parceria\/qualificacao-curso\/#article\",\"isPartOf\":{\"@id\":\"https:\/\/www.manaus.am.gov.br\/semtepi\/parceria\/qualificacao-curso\/\"},\"author\":{\"name\":\"bvalente\",\"@id\":\"https:\/\/www.manaus.am.gov.br\/semtepi\/#\/schema\/person\/466a0e03ae4b6062809046bd560ac955\"},\"headline\":\"Prefeitura de Manaus certifica 50 alunos em cursos de qualifica\u00e7\u00e3o profissional\",\"datePublished\":\"2024-04-25T21:16:27+00:00\",\"dateModified\":\"2024-04-25T21:16:29+00:00\",\"mainEntityOfPage\":{\"@id\":\"https:\/\/www.manaus.am.gov.br\/semtepi\/parceria\/qualificacao-curso\/\"},\"wordCount\":315,\"publisher\":{\"@id\":\"https:\/\/www.manaus.am.gov.br\/semtepi\/#organization\"},\"image\":{\"@id\":\"https:\/\/www.manaus.am.gov.br\/semtepi\/parceria\/qualificacao-curso\/#primaryimage\"},\"thumbnailUrl\":\"https:\/\/www.manaus.am.gov.br\/semtepi\/wp-content\/uploads\/sites\/20\/2024\/04\/PARCERIA-.jpg\",\"keywords\":[\"cursos de qualifica\u00e7\u00e3o profissional inicial\",\"qualifica\u00e7\u00e3o\",\"Semtepi\"],\"articleSection\":[\"Parceria\"],\"inLanguage\":\"pt-BR\"},{\"@type\":\"WebPage\",\"@id\":\"https:\/\/www.manaus.am.gov.br\/semtepi\/parceria\/qualificacao-curso\/\",\"url\":\"https:\/\/www.manaus.am.gov.br\/semtepi\/parceria\/qualificacao-curso\/\",\"name\":\"Prefeitura certifica 50 alunos em cursos de qualifica\u00e7\u00e3o profissional\",\"isPartOf\":{\"@id\":\"https:\/\/www.manaus.am.gov.br\/semtepi\/#website\"},\"primaryImageOfPage\":{\"@id\":\"https:\/\/www.manaus.am.gov.br\/semtepi\/parceria\/qualificacao-curso\/#primaryimage\"},\"image\":{\"@id\":\"https:\/\/www.manaus.am.gov.br\/semtepi\/parceria\/qualificacao-curso\/#primaryimage\"},\"thumbnailUrl\":\"https:\/\/www.manaus.am.gov.br\/semtepi\/wp-content\/uploads\/sites\/20\/2024\/04\/PARCERIA-.jpg\",\"datePublished\":\"2024-04-25T21:16:27+00:00\",\"dateModified\":\"2024-04-25T21:16:29+00:00\",\"description\":\"A Prefeitura de Manaus, certificou, 50 alunos, que participaram dos cursos \\\"T\u00e9cnicas de Vendas\\\" e \\\"No\u00e7\u00f5es de Assistente Administrativo\\\".\",\"breadcrumb\":{\"@id\":\"https:\/\/www.manaus.am.gov.br\/semtepi\/parceria\/qualificacao-curso\/#breadcrumb\"},\"inLanguage\":\"pt-BR\",\"potentialAction\":[{\"@type\":\"ReadAction\",\"target\":[\"https:\/\/www.manaus.am.gov.br\/semtepi\/parceria\/qualificacao-curso\/\"]}]},{\"@type\":\"ImageObject\",\"inLanguage\":\"pt-BR\",\"@id\":\"https:\/\/www.manaus.am.gov.br\/semtepi\/parceria\/qualificacao-curso\/#primaryimage\",\"url\":\"https:\/\/www.manaus.am.gov.br\/semtepi\/wp-content\/uploads\/sites\/20\/2024\/04\/PARCERIA-.jpg\",\"contentUrl\":\"https:\/\/www.manaus.am.gov.br\/semtepi\/wp-content\/uploads\/sites\/20\/2024\/04\/PARCERIA-.jpg\",\"width\":800,\"height\":535},{\"@type\":\"BreadcrumbList\",\"@id\":\"https:\/\/www.manaus.am.gov.br\/semtepi\/parceria\/qualificacao-curso\/#breadcrumb\",\"itemListElement\":[{\"@type\":\"ListItem\",\"position\":1,\"name\":\"Home\",\"item\":\"https:\/\/www.manaus.am.gov.br\/semtepi\/\"},{\"@type\":\"ListItem\",\"position\":2,\"name\":\"Prefeitura de Manaus certifica 50 alunos em cursos de qualifica\u00e7\u00e3o profissional\"}]},{\"@type\":\"WebSite\",\"@id\":\"https:\/\/www.manaus.am.gov.br\/semtepi\/#website\",\"url\":\"https:\/\/www.manaus.am.gov.br\/semtepi\/\",\"name\":\"SEMTEPI\",\"description\":\"Prefeitura de Manaus\",\"publisher\":{\"@id\":\"https:\/\/www.manaus.am.gov.br\/semtepi\/#organization\"},\"alternateName\":\"Secretaria Municipal do Trabalho, Empreendedorismo e Inova\u00e7\u00e3o\",\"potentialAction\":[{\"@type\":\"SearchAction\",\"target\":{\"@type\":\"EntryPoint\",\"urlTemplate\":\"https:\/\/www.manaus.am.gov.br\/semtepi\/?s={search_term_string}\"},\"query-input\":\"required name=search_term_string\"}],\"inLanguage\":\"pt-BR\"},{\"@type\":\"Organization\",\"@id\":\"https:\/\/www.manaus.am.gov.br\/semtepi\/#organization\",\"name\":\"Prefeitura Municipal de Manaus\",\"alternateName\":\"Prefeitura de Manaus\",\"url\":\"https:\/\/www.manaus.am.gov.br\/semtepi\/\",\"logo\":{\"@type\":\"ImageObject\",\"inLanguage\":\"pt-BR\",\"@id\":\"https:\/\/www.manaus.am.gov.br\/semtepi\/#\/schema\/logo\/image\/\",\"url\":\"https:\/\/www.manaus.am.gov.br\/semtepi\/wp-content\/uploads\/sites\/20\/2024\/07\/favicon.png\",\"contentUrl\":\"https:\/\/www.manaus.am.gov.br\/semtepi\/wp-content\/uploads\/sites\/20\/2024\/07\/favicon.png\",\"width\":300,\"height\":300,\"caption\":\"Prefeitura Municipal de Manaus\"},\"image\":{\"@id\":\"https:\/\/www.manaus.am.gov.br\/semtepi\/#\/schema\/logo\/image\/\"}},{\"@type\":\"Person\",\"@id\":\"https:\/\/www.manaus.am.gov.br\/semtepi\/#\/schema\/person\/466a0e03ae4b6062809046bd560ac955\",\"name\":\"bvalente\",\"image\":{\"@type\":\"ImageObject\",\"inLanguage\":\"pt-BR\",\"@id\":\"https:\/\/www.manaus.am.gov.br\/semtepi\/#\/schema\/person\/image\/\",\"url\":\"https:\/\/secure.gravatar.com\/avatar\/3e69bc2b014bdad41adfec3a39de07d2?s=96&d=mm&r=g\",\"contentUrl\":\"https:\/\/secure.gravatar.com\/avatar\/3e69bc2b014bdad41adfec3a39de07d2?s=96&d=mm&r=g\",\"caption\":\"bvalente\"}}]}<\/script>\n<!-- \/ Yoast SEO plugin. -->","yoast_head_json":{"title":"Prefeitura certifica 50 alunos em cursos de qualifica\u00e7\u00e3o profissional","description":"A Prefeitura de Manaus, certificou, 50 alunos, que participaram dos cursos \"T\u00e9cnicas de Vendas\" e \"No\u00e7\u00f5es de Assistente Administrativo\".","robots":{"index":"noindex","follow":"follow"},"og_locale":"pt_BR","og_type":"article","og_title":"Prefeitura certifica 50 alunos em cursos de qualifica\u00e7\u00e3o profissional","og_description":"A Prefeitura de Manaus, certificou, 50 alunos, que participaram dos cursos \"T\u00e9cnicas de Vendas\" e \"No\u00e7\u00f5es de Assistente Administrativo\".","og_url":"https:\/\/www.manaus.am.gov.br\/semtepi\/parceria\/qualificacao-curso\/","og_site_name":"SEMTEPI","article_published_time":"2024-04-25T21:16:27+00:00","article_modified_time":"2024-04-25T21:16:29+00:00","og_image":[{"width":800,"height":535,"url":"https:\/\/www.manaus.am.gov.br\/semtepi\/wp-content\/uploads\/sites\/20\/2024\/04\/PARCERIA-.jpg","type":"image\/jpeg"}],"author":"bvalente","twitter_card":"summary_large_image","twitter_misc":{"Written by":"bvalente","Est. reading time":"2 minutos"},"schema":{"@context":"https:\/\/schema.org","@graph":[{"@type":"Article","@id":"https:\/\/www.manaus.am.gov.br\/semtepi\/parceria\/qualificacao-curso\/#article","isPartOf":{"@id":"https:\/\/www.manaus.am.gov.br\/semtepi\/parceria\/qualificacao-curso\/"},"author":{"name":"bvalente","@id":"https:\/\/www.manaus.am.gov.br\/semtepi\/#\/schema\/person\/466a0e03ae4b6062809046bd560ac955"},"headline":"Prefeitura de Manaus certifica 50 alunos em cursos de qualifica\u00e7\u00e3o profissional","datePublished":"2024-04-25T21:16:27+00:00","dateModified":"2024-04-25T21:16:29+00:00","mainEntityOfPage":{"@id":"https:\/\/www.manaus.am.gov.br\/semtepi\/parceria\/qualificacao-curso\/"},"wordCount":315,"publisher":{"@id":"https:\/\/www.manaus.am.gov.br\/semtepi\/#organization"},"image":{"@id":"https:\/\/www.manaus.am.gov.br\/semtepi\/parceria\/qualificacao-curso\/#primaryimage"},"thumbnailUrl":"https:\/\/www.manaus.am.gov.br\/semtepi\/wp-content\/uploads\/sites\/20\/2024\/04\/PARCERIA-.jpg","keywords":["cursos de qualifica\u00e7\u00e3o profissional inicial","qualifica\u00e7\u00e3o","Semtepi"],"articleSection":["Parceria"],"inLanguage":"pt-BR"},{"@type":"WebPage","@id":"https:\/\/www.manaus.am.gov.br\/semtepi\/parceria\/qualificacao-curso\/","url":"https:\/\/www.manaus.am.gov.br\/semtepi\/parceria\/qualificacao-curso\/","name":"Prefeitura certifica 50 alunos em cursos de qualifica\u00e7\u00e3o profissional","isPartOf":{"@id":"https:\/\/www.manaus.am.gov.br\/semtepi\/#website"},"primaryImageOfPage":{"@id":"https:\/\/www.manaus.am.gov.br\/semtepi\/parceria\/qualificacao-curso\/#primaryimage"},"image":{"@id":"https:\/\/www.manaus.am.gov.br\/semtepi\/parceria\/qualificacao-curso\/#primaryimage"},"thumbnailUrl":"https:\/\/www.manaus.am.gov.br\/semtepi\/wp-content\/uploads\/sites\/20\/2024\/04\/PARCERIA-.jpg","datePublished":"2024-04-25T21:16:27+00:00","dateModified":"2024-04-25T21:16:29+00:00","description":"A Prefeitura de Manaus, certificou, 50 alunos, que participaram dos cursos \"T\u00e9cnicas de Vendas\" e \"No\u00e7\u00f5es de Assistente Administrativo\".","breadcrumb":{"@id":"https:\/\/www.manaus.am.gov.br\/semtepi\/parceria\/qualificacao-curso\/#breadcrumb"},"inLanguage":"pt-BR","potentialAction":[{"@type":"ReadAction","target":["https:\/\/www.manaus.am.gov.br\/semtepi\/parceria\/qualificacao-curso\/"]}]},{"@type":"ImageObject","inLanguage":"pt-BR","@id":"https:\/\/www.manaus.am.gov.br\/semtepi\/parceria\/qualificacao-curso\/#primaryimage","url":"https:\/\/www.manaus.am.gov.br\/semtepi\/wp-content\/uploads\/sites\/20\/2024\/04\/PARCERIA-.jpg","contentUrl":"https:\/\/www.manaus.am.gov.br\/semtepi\/wp-content\/uploads\/sites\/20\/2024\/04\/PARCERIA-.jpg","width":800,"height":535},{"@type":"BreadcrumbList","@id":"https:\/\/www.manaus.am.gov.br\/semtepi\/parceria\/qualificacao-curso\/#breadcrumb","itemListElement":[{"@type":"ListItem","position":1,"name":"Home","item":"https:\/\/www.manaus.am.gov.br\/semtepi\/"},{"@type":"ListItem","position":2,"name":"Prefeitura de Manaus certifica 50 alunos em cursos de qualifica\u00e7\u00e3o profissional"}]},{"@type":"WebSite","@id":"https:\/\/www.manaus.am.gov.br\/semtepi\/#website","url":"https:\/\/www.manaus.am.gov.br\/semtepi\/","name":"SEMTEPI","description":"Prefeitura de Manaus","publisher":{"@id":"https:\/\/www.manaus.am.gov.br\/semtepi\/#organization"},"alternateName":"Secretaria Municipal do Trabalho, Empreendedorismo e Inova\u00e7\u00e3o","potentialAction":[{"@type":"SearchAction","target":{"@type":"EntryPoint","urlTemplate":"https:\/\/www.manaus.am.gov.br\/semtepi\/?s={search_term_string}"},"query-input":"required name=search_term_string"}],"inLanguage":"pt-BR"},{"@type":"Organization","@id":"https:\/\/www.manaus.am.gov.br\/semtepi\/#organization","name":"Prefeitura Municipal de Manaus","alternateName":"Prefeitura de Manaus","url":"https:\/\/www.manaus.am.gov.br\/semtepi\/","logo":{"@type":"ImageObject","inLanguage":"pt-BR","@id":"https:\/\/www.manaus.am.gov.br\/semtepi\/#\/schema\/logo\/image\/","url":"https:\/\/www.manaus.am.gov.br\/semtepi\/wp-content\/uploads\/sites\/20\/2024\/07\/favicon.png","contentUrl":"https:\/\/www.manaus.am.gov.br\/semtepi\/wp-content\/uploads\/sites\/20\/2024\/07\/favicon.png","width":300,"height":300,"caption":"Prefeitura Municipal de Manaus"},"image":{"@id":"https:\/\/www.manaus.am.gov.br\/semtepi\/#\/schema\/logo\/image\/"}},{"@type":"Person","@id":"https:\/\/www.manaus.am.gov.br\/semtepi\/#\/schema\/person\/466a0e03ae4b6062809046bd560ac955","name":"bvalente","image":{"@type":"ImageObject","inLanguage":"pt-BR","@id":"https:\/\/www.manaus.am.gov.br\/semtepi\/#\/schema\/person\/image\/","url":"https:\/\/secure.gravatar.com\/avatar\/3e69bc2b014bdad41adfec3a39de07d2?s=96&d=mm&r=g","contentUrl":"https:\/\/secure.gravatar.com\/avatar\/3e69bc2b014bdad41adfec3a39de07d2?s=96&d=mm&r=g","caption":"bvalente"}}]}},"_links":{"self":[{"href":"https:\/\/www.manaus.am.gov.br\/semtepi\/wp-json\/wp\/v2\/posts\/4596"}],"collection":[{"href":"https:\/\/www.manaus.am.gov.br\/semtepi\/wp-json\/wp\/v2\/posts"}],"about":[{"href":"https:\/\/www.manaus.am.gov.br\/semtepi\/wp-json\/wp\/v2\/types\/post"}],"author":[{"embeddable":true,"href":"https:\/\/www.manaus.am.gov.br\/semtepi\/wp-json\/wp\/v2\/users\/68"}],"replies":[{"embeddable":true,"href":"https:\/\/www.manaus.am.gov.br\/semtepi\/wp-json\/wp\/v2\/comments?post=4596"}],"version-history":[{"count":0,"href":"https:\/\/www.manaus.am.gov.br\/semtepi\/wp-json\/wp\/v2\/posts\/4596\/revisions"}],"wp:featuredmedia":[{"embeddable":true,"href":"https:\/\/www.manaus.am.gov.br\/semtepi\/wp-json\/wp\/v2\/media\/4597"}],"wp:attachment":[{"href":"https:\/\/www.manaus.am.gov.br\/semtepi\/wp-json\/wp\/v2\/media?parent=4596"}],"wp:term":[{"taxonomy":"category","embeddable":true,"href":"https:\/\/www.manaus.am.gov.br\/semtepi\/wp-json\/wp\/v2\/categories?post=4596"},{"taxonomy":"post_tag","embeddable":true,"href":"https:\/\/www.manaus.am.gov.br\/semtepi\/wp-json\/wp\/v2\/tags?post=4596"}],"curies":[{"name":"wp","href":"https:\/\/api.w.org\/{rel}","templated":true}]}}