{"id":4575,"date":"2024-04-21T09:26:57","date_gmt":"2024-04-21T13:26:57","guid":{"rendered":"https:\/\/www.manaus.am.gov.br\/semtepi\/sem-categoria\/sine-vagas-segunda-feira-2\/"},"modified":"2024-04-21T09:26:58","modified_gmt":"2024-04-21T13:26:58","slug":"sine-vagas-segunda-feira-2","status":"publish","type":"post","link":"https:\/\/www.manaus.am.gov.br\/semtepi\/emprego\/sine-vagas-segunda-feira-2\/","title":{"rendered":"Sine Manaus oferta 248 vagas de emprego nesta segunda-feira, 22\/4"},"content":{"rendered":"\n<p>A Prefeitura de Manaus, por meio do Sine Manaus, oferta 248 vagas de emprego em v\u00e1rias \u00e1reas de atua\u00e7\u00e3o, nesta segunda-feira, 22\/4,&nbsp;de 8h \u00e0s 14h. O candidato precisa validar a Carteira Digital e Previd\u00eancia Social (CTPS) no aplicativo \u201cCarteira de Trabalho Digital\u201d ou acessar o site&nbsp;<a href=\"http:\/\/gov.br\/trabalho\" target=\"_blank\" rel=\"noreferrer noopener\">http:\/\/gov.br\/trabalho<\/a>&nbsp;e para concorrer \u00e0s vagas, deve acessar o site&nbsp;<a href=\"http:\/\/empregabrasil.mte.gov.br\/\" target=\"_blank\" rel=\"noreferrer noopener\">http:\/\/empregabrasil.mte.gov.br<\/a>&nbsp;para fazer a solicita\u00e7\u00e3o de cadastro.<\/p>\n\n\n\n<p>Para participar da pr\u00e9-sele\u00e7\u00e3o e concorrer a uma das vagas dispon\u00edveis, ou receber orienta\u00e7\u00e3o de cadastro, Carteira de Trabalho Digital e seguro-desemprego, os candidatos devem comparecer a um dos postos do Sine Manaus: na avenida Constantino Nery, n\u00ba 1.272, bairro S\u00e3o Geraldo, zona Centro-Sul; ou no shopping Phelippe Daou, na avenida Camapu\u00e3, n\u00ba 2.939, bairro Cidade de Deus, zona Leste.<\/p>\n\n\n\n<p>Os interessados devem estar munidos do comprovante de vacina\u00e7\u00e3o (Covid-19), curr\u00edculo e documentos pessoais (RG, CPF, PIS, CTPS, comprovante de escolaridade e resid\u00eancia). N\u00e3o \u00e9 necess\u00e1rio apresentar c\u00f3pias, somente os documentos originais.<\/p>\n\n\n\n<p>A Semtepi ressalta que, obedecendo ao disposto no artigo 5\u00ba, da Constitui\u00e7\u00e3o Federal, e ao artigo 373-A, da Consolida\u00e7\u00e3o das Leis Trabalhistas (CLT), crit\u00e9rios referentes a sexo, idade, cor ou situa\u00e7\u00e3o familiar, n\u00e3o podem ser informados na divulga\u00e7\u00e3o das vagas disponibilizadas.<\/p>\n\n\n\n<p>Os candidatos devem estar cientes das diretrizes de vestimenta estabelecidas pelo \u00f3rg\u00e3o, as quais incluem a proibi\u00e7\u00e3o de vestimentas como bermudas, shorts, minissaias, camisetas regatas e chinelos durante a entrada.<\/p>\n\n\n\n<p><strong>Vagas Novas \u2013<a><\/a> 38<\/strong><\/p>\n\n\n\n<p><strong>5 vagas \u2013 Serralheiro<\/strong><\/p>\n\n\n\n<p>Escolaridade \u2013 ensino fundamental completo;<\/p>\n\n\n\n<p>Experi\u00eancia \u2013 seis meses na Carteira de Trabalho;<\/p>\n\n\n\n<p>Requisitos obrigat\u00f3rios \u2013 ter documenta\u00e7\u00e3o completa (com dispensa militar);<\/p>\n\n\n\n<p>Atividades \u2013 confeccionar, reparar e instalar pe\u00e7as e elementos diversos em chapas de metal, como a\u00e7o, ferro galvanizado, cobre, estanho, lat\u00e3o, alum\u00ednio e zinco; fazer recorte, modelar e trabalhar barras perfiladas de materiais ferrosos e n\u00e3o ferrosos, para fabricar esquadrias, portas, grades, vitrais e pe\u00e7as similares.<\/p>\n\n\n\n<p>Dispon\u00edvel at\u00e9 22\/04\/2024 ou encerramento da vaga.<\/p>\n\n\n\n<p><strong>2 vagas \u2013 Repositor de Mercadorias<\/strong><\/p>\n\n\n\n<p>Escolaridade \u2013 ensino m\u00e9dio completo;<\/p>\n\n\n\n<p>Experi\u00eancia \u2013 seis meses na Carteira de Trabalho;<\/p>\n\n\n\n<p>Requisitos obrigat\u00f3rios \u2013 ter documenta\u00e7\u00e3o completa;<\/p>\n\n\n\n<p>Atividades \u2013 organizar e expor produtos em redes de supermercados e com\u00e9rcios; realizar ponto de venda, verificar a rotatividade e validade de produtos.<\/p>\n\n\n\n<p>Dispon\u00edvel at\u00e9 22\/04\/2024 ou encerramento da vaga.<\/p>\n\n\n\n<p><strong>2 vagas \u2013 Carpinteiro de Obras<\/strong><\/p>\n\n\n\n<p>Escolaridade \u2013 ensino m\u00e9dio completo;<\/p>\n\n\n\n<p>Experi\u00eancia \u2013 seis meses na Carteira de Trabalho;<\/p>\n\n\n\n<p>Requisitos obrigat\u00f3rios \u2013 ter documenta\u00e7\u00e3o completa (com dispensa militar);<\/p>\n\n\n\n<p>Atividades \u2013 instalar e ajustar esquadrias de madeira e outras pe\u00e7as, como janelas, portas, escadas, rodap\u00e9s, divis\u00f3rias, forros e guardi\u00e7\u00f5es; construir formas de madeira para concretagem; reparar elementos de madeira, substituir total ou parcialmente, pe\u00e7as desajustadas ou deterioradas.<\/p>\n\n\n\n<p>Dispon\u00edvel at\u00e9 22\/04\/2024 ou encerramento da vaga.<\/p>\n\n\n\n<p><strong>2 vagas \u2013 Gerente de Restaurante<\/strong><\/p>\n\n\n\n<p>Escolaridade \u2013 ensino superior completo ou cursando administra\u00e7\u00e3o;<\/p>\n\n\n\n<p>Experi\u00eancia \u2013 seis meses na Carteira de Trabalho;<\/p>\n\n\n\n<p>Requisitos obrigat\u00f3rios \u2013 ter documenta\u00e7\u00e3o completa;<\/p>\n\n\n\n<p>Atividades \u2013 supervisionar as rotinas do restaurante; acompanhar abertura e fechamento de caixa; realizar invent\u00e1rio; controlar equipamentos, utens\u00edlios e mercadorias.<\/p>\n\n\n\n<p>Dispon\u00edvel at\u00e9 22\/04\/2024 ou encerramento da vaga.<\/p>\n\n\n\n<p><strong>2 vagas \u2013 Gar\u00e7om<\/strong><\/p>\n\n\n\n<p>Escolaridade \u2013 ensino m\u00e9dio completo;<\/p>\n\n\n\n<p>Experi\u00eancia \u2013 tr\u00eas meses na Carteira de Trabalho;<\/p>\n\n\n\n<p>Requisitos obrigat\u00f3rios \u2013 ter documenta\u00e7\u00e3o completa;<\/p>\n\n\n\n<p>Atividades \u2013 servir alimentos e bebidas em restaurantes e outros estabelecimentos; apresentar o card\u00e1pio ao comensal e auxiliar na escolha dos pratos.<\/p>\n\n\n\n<p>Dispon\u00edvel at\u00e9 22\/04\/2024 ou encerramento da vaga.<\/p>\n\n\n\n<p><strong>1 vaga \u2013 Atendente<\/strong><\/p>\n\n\n\n<p>Escolaridade \u2013 ensino m\u00e9dio completo;<\/p>\n\n\n\n<p>Experi\u00eancia \u2013 tr\u00eas meses na Carteira de Trabalho;<\/p>\n\n\n\n<p>Requisitos obrigat\u00f3rios \u2013 ter documenta\u00e7\u00e3o completa;<\/p>\n\n\n\n<p>Atividades \u2013 prestar atendimento ao cliente via telefone e presencialmente; recepcionar, apresentar produtos, realizar organiza\u00e7\u00e3o de prateleiras, estocagem e organiza\u00e7\u00e3o do local.<\/p>\n\n\n\n<p>Dispon\u00edvel at\u00e9 22\/04\/2024 ou encerramento da vaga.<\/p>\n\n\n\n<p><strong>1 vaga \u2013 Cumim<\/strong><\/p>\n\n\n\n<p>Escolaridade \u2013 ensino m\u00e9dio completo;<\/p>\n\n\n\n<p>Experi\u00eancia \u2013 tr\u00eas meses na Carteira de Trabalho;<\/p>\n\n\n\n<p>Requisitos obrigat\u00f3rios \u2013 ter documenta\u00e7\u00e3o completa;<\/p>\n\n\n\n<p>Atividades \u2013 realizar limpeza de mesas e organiza\u00e7\u00e3o do sal\u00e3o; servir alimentos e bebidas, dando suporte ao gar\u00e7om.<\/p>\n\n\n\n<p>Dispon\u00edvel at\u00e9 22\/04\/2024 ou encerramento da vaga.<\/p>\n\n\n\n<p><strong>1 vaga \u2013 Coordenador Comercial<\/strong><\/p>\n\n\n\n<p>Escolaridade \u2013 ensino superior completo em engenharia, administra\u00e7\u00e3o, contabilidade ou marketing;<\/p>\n\n\n\n<p>Experi\u00eancia \u2013 seis meses na Carteira de Trabalho;<\/p>\n\n\n\n<p>Requisitos obrigat\u00f3rios \u2013 ter experi\u00eancia em rotina de vendas e gest\u00e3o de equipe de vendas; e documenta\u00e7\u00e3o completa (com dispensa militar);<\/p>\n\n\n\n<p>Atividades \u2013 elaborar planos estrat\u00e9gicos das \u00e1reas de comercializa\u00e7\u00e3o, marketing e comunica\u00e7\u00e3o.<\/p>\n\n\n\n<p>Dispon\u00edvel at\u00e9 22\/04\/2024 ou encerramento da vaga.<\/p>\n\n\n\n<p><strong>6 vagas \u2013 Frentista<\/strong><\/p>\n\n\n\n<p>Escolaridade \u2013 ensino m\u00e9dio completo;<\/p>\n\n\n\n<p>Experi\u00eancia \u2013 n\u00e3o \u00e9 necess\u00e1rio;<\/p>\n\n\n\n<p>Requisitos obrigat\u00f3rios \u2013 residir nos bairros: Cidade de Deus, Monte das Oliveiras, Col\u00f4nia Terra Nova, Novo Israel, Cidade Nova, Flores, Chapada ou adjac\u00eancias; ter documenta\u00e7\u00e3o completa (com dispensa militar);<\/p>\n\n\n\n<p>Atividades \u2013 prestar atendimento ao cliente: abastecimento, cobran\u00e7a e lan\u00e7amento no sistema do posto; posicionar os carros corretamente na pista, evitando forma\u00e7\u00e3o de filas; realizar limpeza da pista; oferecer servi\u00e7os da empresa.<\/p>\n\n\n\n<p>Dispon\u00edvel at\u00e9 22\/04\/2024 ou encerramento da vaga.<\/p>\n\n\n\n<p><strong>2 vagas \u2013 Auxiliar de Servi\u00e7os Gerais<\/strong><\/p>\n\n\n\n<p>Escolaridade \u2013 ensino m\u00e9dio completo;<\/p>\n\n\n\n<p>Experi\u00eancia \u2013 seis meses na Carteira de Trabalho;<\/p>\n\n\n\n<p>Requisitos obrigat\u00f3rios \u2013 realizar escala 6&#215;1; ter disponibilidade de hor\u00e1rio; e documenta\u00e7\u00e3o completa (com dispensa militar);<\/p>\n\n\n\n<p>Atividades \u2013 realizar limpeza e organiza\u00e7\u00e3o de ambientes.<\/p>\n\n\n\n<p>Dispon\u00edvel at\u00e9 22\/04\/2024 ou encerramento da vaga.<\/p>\n\n\n\n<p><strong>1 vaga \u2013 Auxiliar de Servi\u00e7os Gerais<\/strong><\/p>\n\n\n\n<p>Escolaridade \u2013 ensino fundamental completo;<\/p>\n\n\n\n<p>Experi\u00eancia \u2013 tr\u00eas meses na Carteira de Trabalho;<\/p>\n\n\n\n<p>Requisitos obrigat\u00f3rios \u2013 ter disponibilidade para trabalhar aos s\u00e1bados e documenta\u00e7\u00e3o completa;<\/p>\n\n\n\n<p>Atividades \u2013 zelar pela guarda, conserva\u00e7\u00e3o, manuten\u00e7\u00e3o, higiene e limpeza dos equipamentos, instrumentos e demais materiais utilizados, bem como do local de trabalho; separar materiais recicl\u00e1veis para descarte; executar o tratamento e descarte dos res\u00edduos de materiais provenientes do local de trabalho.<\/p>\n\n\n\n<p>Dispon\u00edvel at\u00e9 22\/04\/2024 ou encerramento da vaga.<\/p>\n\n\n\n<p><strong>1 vaga \u2013 Auxiliar de Cozinha<\/strong><\/p>\n\n\n\n<p>Escolaridade \u2013 ensino fundamental completo;<\/p>\n\n\n\n<p>Experi\u00eancia \u2013 tr\u00eas meses na Carteira de Trabalho;<\/p>\n\n\n\n<p>Requisitos obrigat\u00f3rios \u2013 ter disponibilidade para trabalhar aos s\u00e1bados e documenta\u00e7\u00e3o completa;<\/p>\n\n\n\n<p>Atividades \u2013 atuar na prepara\u00e7\u00e3o de alimentos, limpeza e conserva\u00e7\u00e3o das depend\u00eancias do restaurante, lanchonete e equipamentos; auxiliar no preparo de refei\u00e7\u00f5es, sobremesas e lanches; manter a ordem e a limpeza da cozinha, realizando a coleta e a lavagem de bandejas e talheres.<\/p>\n\n\n\n<p>Dispon\u00edvel at\u00e9 22\/04\/2024 ou encerramento da vaga.<\/p>\n\n\n\n<p><strong>1 vaga \u2013 Vendedor Interno<\/strong><\/p>\n\n\n\n<p>Escolaridade \u2013 ensino m\u00e9dio completo;<\/p>\n\n\n\n<p>Experi\u00eancia \u2013 seis meses na Carteira de Trabalho;<\/p>\n\n\n\n<p>Requisitos obrigat\u00f3rios \u2013 ter inform\u00e1tica b\u00e1sica e documenta\u00e7\u00e3o completa;<\/p>\n\n\n\n<p>Atividades \u2013 prospectar clientes, realizar apresenta\u00e7\u00f5es, enviar propostas comerciais, fazer follow-up, negociar e fechar vendas.<\/p>\n\n\n\n<p>Dispon\u00edvel at\u00e9 22\/04\/2024 ou encerramento da vaga.<\/p>\n\n\n\n<p><strong>1 vaga \u2013 T\u00e9cnico em Seguran\u00e7a do Trabalho<\/strong><\/p>\n\n\n\n<p>Escolaridade \u2013 ensino t\u00e9cnico em seguran\u00e7a do trabalho;<\/p>\n\n\n\n<p>Experi\u00eancia \u2013 registrada na Carteira de Trabalho;<\/p>\n\n\n\n<p>Requisitos obrigat\u00f3rios \u2013 ter documenta\u00e7\u00e3o completa;<\/p>\n\n\n\n<p>Atividades \u2013 colaborar com a CIPA em seus programas, estudando suas observa\u00e7\u00f5es e proposi\u00e7\u00f5es, visando a ado\u00e7\u00e3o de solu\u00e7\u00f5es corretivas e preventivas de acidentes do trabalho; levantar e estudar estat\u00edsticas de acidentes do trabalho, doen\u00e7as profissionais e do trabalho, analisando suas causas e gravidade; elaborar planos para controlar efeitos de cat\u00e1strofes, criando as condi\u00e7\u00f5es para combate a inc\u00eandios e salvamento de v\u00edtimas de acidentes.<\/p>\n\n\n\n<p>Dispon\u00edvel at\u00e9 22\/04\/2024 ou encerramento da vaga.<\/p>\n\n\n\n<p><strong>1 vaga \u2013 Promotor de Vendas<\/strong><\/p>\n\n\n\n<p>Escolaridade \u2013 ensino m\u00e9dio completo;<\/p>\n\n\n\n<p>Experi\u00eancia \u2013 seis meses na Carteira de Trabalho;<\/p>\n\n\n\n<p>Requisitos obrigat\u00f3rios \u2013 ter condu\u00e7\u00e3o pr\u00f3pria (moto); Carteira Nacional de Habilita\u00e7\u00e3o categoria \u201cA\u201d dentro do prazo de validade; e documenta\u00e7\u00e3o completa;<\/p>\n\n\n\n<p>Atividades \u2013 projetar e desenvolver estrat\u00e9gias de vendas, com o intuito de expandir a visibilidade da marca, trabalhando sua popularidade e publicidade.<\/p>\n\n\n\n<p>Dispon\u00edvel at\u00e9 22\/04\/2024 ou encerramento da vaga.<\/p>\n\n\n\n<p><strong>1 vaga \u2013 Vendedor Externo<\/strong><\/p>\n\n\n\n<p>Escolaridade \u2013 ensino m\u00e9dio completo;<\/p>\n\n\n\n<p>Experi\u00eancia \u2013 seis meses na Carteira de Trabalho;<\/p>\n\n\n\n<p>Requisitos obrigat\u00f3rios \u2013 ter condu\u00e7\u00e3o pr\u00f3pria (moto); Carteira Nacional de Habilita\u00e7\u00e3o categoria \u201cA\u201d dentro do prazo de validade; e documenta\u00e7\u00e3o completa;<\/p>\n\n\n\n<p>Atividades \u2013 prestar atendimento a clientes, realizar negocia\u00e7\u00f5es e tirar poss\u00edveis d\u00favidas; auxiliar na organiza\u00e7\u00e3o, controle de mercadorias e emiss\u00f5es de notas fiscais.<\/p>\n\n\n\n<p>Dispon\u00edvel at\u00e9 22\/04\/2024 ou encerramento da vaga.<\/p>\n\n\n\n<p><strong>1 vaga \u2013 Auxiliar de Vendas<\/strong><\/p>\n\n\n\n<p>Escolaridade \u2013 ensino m\u00e9dio completo;<\/p>\n\n\n\n<p>Experi\u00eancia \u2013 seis meses na Carteira de Trabalho;<\/p>\n\n\n\n<p>Requisitos obrigat\u00f3rios \u2013 ter documenta\u00e7\u00e3o completa;<\/p>\n\n\n\n<p>Atividades \u2013 projetar e desenvolver estrat\u00e9gias de vendas, com o intuito de expandir a visibilidade da marca, trabalhando sua popularidade e publicidade; definir metas de vendas, administrar contratos com clientes e fechar neg\u00f3cios.<\/p>\n\n\n\n<p>Dispon\u00edvel at\u00e9 22\/04\/2024 ou encerramento da vaga.<\/p>\n\n\n\n<p><strong>1 vaga \u2013 Supervisor de Merchandising<\/strong><\/p>\n\n\n\n<p>Escolaridade \u2013 ensino m\u00e9dio completo;<\/p>\n\n\n\n<p>Experi\u00eancia \u2013 seis meses na Carteira de Trabalho;<\/p>\n\n\n\n<p>Requisitos obrigat\u00f3rios \u2013 ter documenta\u00e7\u00e3o completa;<\/p>\n\n\n\n<p>Atividades \u2013 atuar na an\u00e1lise de a\u00e7\u00f5es de empresas concorrentes; planejamento de vendas; contrata\u00e7\u00e3o do setor de log\u00edstica para a programa\u00e7\u00e3o de entregas; incentivo da equipe.<\/p>\n\n\n\n<p>Dispon\u00edvel at\u00e9 22\/04\/2024 ou encerramento da vaga.<\/p>\n\n\n\n<p><strong>1 vaga \u2013 Auxiliar de Log\u00edstica<\/strong><\/p>\n\n\n\n<p>Escolaridade \u2013 ensino t\u00e9cnico completo em log\u00edstica;<\/p>\n\n\n\n<p>Experi\u00eancia \u2013 seis meses na Carteira de Trabalho;<\/p>\n\n\n\n<p>Requisitos obrigat\u00f3rios \u2013 ter curso de Excel; conhecimento em manuten\u00e7\u00e3o de auto; e documenta\u00e7\u00e3o completa (com dispensa militar);<\/p>\n\n\n\n<p>Atividades \u2013 atuar no controle de estoque; confer\u00eancia, abertura de ordens de servi\u00e7o e controle de manuten\u00e7\u00e3o; gest\u00e3o da frota interna; operar sistema.<\/p>\n\n\n\n<p>Dispon\u00edvel at\u00e9 22\/04\/2024 ou encerramento da vaga.<\/p>\n\n\n\n<p><strong>5 vagas \u2013 Fiscal de Atividades Urbanas<\/strong><\/p>\n\n\n\n<p>Escolaridade \u2013 ensino m\u00e9dio completo;<\/p>\n\n\n\n<p>Experi\u00eancia \u2013 n\u00e3o \u00e9 necess\u00e1rio;<\/p>\n\n\n\n<p>Requisitos obrigat\u00f3rios \u2013 ter documenta\u00e7\u00e3o completa (com dispensa militar);<\/p>\n\n\n\n<p>Atividades \u2013 fiscalizar e regularizar as atividades desenvolvidas no ambiente urbano; garantir o cumprimento das leis e normas municipais, visando a seguran\u00e7a, o ordenamento e o desenvolvimento sustent\u00e1vel das cidades.<\/p>\n\n\n\n<p>Dispon\u00edvel at\u00e9 22\/04\/2024 ou encerramento da vaga.<\/p>\n\n\n\n<p><strong>Vagas no Com\u00e9rcio \u2013 27<\/strong><\/p>\n\n\n\n<p><strong>1 vaga \u2013 Vendedor Interno<\/strong><\/p>\n\n\n\n<p>Escolaridade \u2013 ensino m\u00e9dio completo;<\/p>\n\n\n\n<p>Experi\u00eancia \u2013 registrada na Carteira de Trabalho;<\/p>\n\n\n\n<p>Requisitos obrigat\u00f3rios \u2013 ter documenta\u00e7\u00e3o completa;<\/p>\n\n\n\n<p>Atividades \u2013 prospectar clientes, realizar apresenta\u00e7\u00f5es, enviar propostas comerciais, fazer follow-up, negociar e fechar vendas.<\/p>\n\n\n\n<p>Dispon\u00edvel at\u00e9 22\/04\/2024 ou encerramento da vaga.<\/p>\n\n\n\n<p><strong>2 vagas \u2013 Gerente de Loja<\/strong><\/p>\n\n\n\n<p>Escolaridade \u2013 ensino superior completo ou cursando;<\/p>\n\n\n\n<p>Experi\u00eancia \u2013 seis meses na Carteira de Trabalho;<\/p>\n\n\n\n<p>Requisitos obrigat\u00f3rios \u2013 ter experi\u00eancia na \u00e1rea comercial e como gerente de atividades exercidas com gest\u00e3o de pessoas e vendas; e documenta\u00e7\u00e3o completa;<\/p>\n\n\n\n<p>Atividades \u2013 realizar abertura e fechamento de loja e caixa, recrutamento e sele\u00e7\u00e3o de colaboradores.<\/p>\n\n\n\n<p>Dispon\u00edvel at\u00e9 22\/04\/2024 ou encerramento da vaga.<\/p>\n\n\n\n<p><strong>5 vagas \u2013 Vendedor de Com\u00e9rcio Varejista<\/strong><\/p>\n\n\n\n<p>Escolaridade \u2013 ensino m\u00e9dio completo;<\/p>\n\n\n\n<p>Experi\u00eancia \u2013 tr\u00eas meses na Carteira de Trabalho;<\/p>\n\n\n\n<p>Requisitos obrigat\u00f3rios \u2013 ter disponibilidade de hor\u00e1rio; experi\u00eancia em atendimento ao cliente e na \u00e1rea de vendas de varejo e atacado; e documenta\u00e7\u00e3o completa;<\/p>\n\n\n\n<p>Atividades \u2013 recepcionar clientes na entrada da loja; realizar venda cruzada de produtos; auxiliar e informar clientes sobre pre\u00e7os e ofertas especiais; identificar as necessidades do cliente; garantir a apresenta\u00e7\u00e3o adequada dos produtos nas prateleiras.<\/p>\n\n\n\n<p>Dispon\u00edvel at\u00e9 22\/04\/2024 ou encerramento da vaga.<\/p>\n\n\n\n<p><strong>1 vaga \u2013 A\u00e7ougueiro<\/strong><\/p>\n\n\n\n<p>Escolaridade \u2013 ensino m\u00e9dio completo;<\/p>\n\n\n\n<p>Experi\u00eancia \u2013 seis meses na Carteira de Trabalho;<\/p>\n\n\n\n<p>Requisitos obrigat\u00f3rios \u2013 ter documenta\u00e7\u00e3o completa (com dispensa militar);<\/p>\n\n\n\n<p>Atividades \u2013 prestar atendimento ao cliente; realizar desossa e corte especial de carnes; montar balc\u00e3o de carne; manter em ordem e higiene do local; zelar pela guarda e conserva\u00e7\u00e3o e limpeza dos equipamentos.<\/p>\n\n\n\n<p>Dispon\u00edvel at\u00e9 22\/04\/2024 ou encerramento da vaga.<\/p>\n\n\n\n<p><strong>10 vagas \u2013 A\u00e7ougueiro<\/strong><\/p>\n\n\n\n<p>Escolaridade \u2013 ensino m\u00e9dio completo;<\/p>\n\n\n\n<p>Experi\u00eancia \u2013 seis meses na Carteira de Trabalho;<\/p>\n\n\n\n<p>Requisitos obrigat\u00f3rios \u2013 ter documenta\u00e7\u00e3o completa (com dispensa militar);<\/p>\n\n\n\n<p>Atividades \u2013 realizar desossa e limpeza de carnes vermelhas e brancas; examinar as pe\u00e7as de carnes recebidas, verificando se est\u00e1 de acordo com a aquisi\u00e7\u00e3o para comprovar a qualidade e a quantidade e atendimento ao cliente.<\/p>\n\n\n\n<p>Dispon\u00edvel at\u00e9 22\/04\/2024 ou encerramento da vaga.<\/p>\n\n\n\n<p><strong>1 vaga \u2013 Armador<\/strong><\/p>\n\n\n\n<p>Escolaridade \u2013 ensino fundamental completo;<\/p>\n\n\n\n<p>Experi\u00eancia \u2013 seis meses na Carteira de Trabalho;<\/p>\n\n\n\n<p>Requisitos obrigat\u00f3rios \u2013 ter documenta\u00e7\u00e3o completa (com dispensa militar);<\/p>\n\n\n\n<p>Atividades \u2013 realizar arma\u00e7\u00e3o de estruturas met\u00e1licas e colunas.<\/p>\n\n\n\n<p>Dispon\u00edvel at\u00e9 22\/04\/2024 ou encerramento da vaga.<\/p>\n\n\n\n<p><strong>2 vagas \u2013 Moldureiro<\/strong><\/p>\n\n\n\n<p>Escolaridade \u2013 ensino fundamental completo;<\/p>\n\n\n\n<p>Experi\u00eancia \u2013 seis meses na Carteira de Trabalho;<\/p>\n\n\n\n<p>Requisitos obrigat\u00f3rios \u2013 ter habilidade para manusear molduras, vidro, MDF e espelhos; e documenta\u00e7\u00e3o completa (com dispensa militar);<\/p>\n\n\n\n<p>Atividades \u2013 realizar montagem de molduras quadros, espelhos, porta-retratos e telas.<\/p>\n\n\n\n<p>Dispon\u00edvel at\u00e9 22\/04\/2024 ou encerramento da vaga.<\/p>\n\n\n\n<p><strong>1 vaga \u2013 Operador de Caixa<\/strong><\/p>\n\n\n\n<p>Escolaridade \u2013 ensino m\u00e9dio completo;<\/p>\n\n\n\n<p>Experi\u00eancia \u2013 seis meses na Carteira de Trabalho;<\/p>\n\n\n\n<p>Requisitos obrigat\u00f3rios \u2013 ter disponibilidade para trabalhar aos s\u00e1bados e documenta\u00e7\u00e3o completa;<\/p>\n\n\n\n<p>Atividades \u2013 realizar abertura e fechamento de caixa, conferindo os numer\u00e1rios abastecidos; emitir notas fiscais; operar o terminal de compras e registrar os produtos escolhidos pelas clientes; realizar trocas de produtos; fazer fechamento do movimento di\u00e1rio; receber pagamentos (dinheiro e cart\u00e3o); realizar confer\u00eancia de c\u00f3digos.<\/p>\n\n\n\n<p>Dispon\u00edvel at\u00e9 22\/04\/2024 ou encerramento da vaga.<\/p>\n\n\n\n<p><strong>4 vagas \u2013 Repositor de Hortifruti<\/strong><\/p>\n\n\n\n<p>Escolaridade \u2013 ensino m\u00e9dio completo;<\/p>\n\n\n\n<p>Experi\u00eancia \u2013 seis meses na Carteira de Trabalho;<\/p>\n\n\n\n<p>Requisitos obrigat\u00f3rios \u2013 realizar escala 6&#215;1 e ter documenta\u00e7\u00e3o completa (com dispensa militar);<\/p>\n\n\n\n<p>Atividades \u2013 realizar reposi\u00e7\u00e3o de frutas, legumes e verduras nas g\u00f4ndolas; verificar a validade dos produtos; manter a organiza\u00e7\u00e3o e limpeza nas g\u00f4ndolas.<\/p>\n\n\n\n<p>Dispon\u00edvel at\u00e9 22\/04\/2024 ou encerramento da vaga.<\/p>\n\n\n\n<p><strong>Vagas na Ind\u00fastria \u2013 53<\/strong><\/p>\n\n\n\n<p><strong>50 vagas \u2013 <\/strong><strong>Auxiliar <\/strong><strong>de Linha de Produ\u00e7\u00e3o<\/strong><strong><\/strong><\/p>\n\n\n\n<p>Escolaridade \u2013 ensino fundamental completo;<\/p>\n\n\n\n<p>Experi\u00eancia \u2013 n\u00e3o \u00e9 necess\u00e1rio;<\/p>\n\n\n\n<p>Requisitos obrigat\u00f3rios \u2013 vaga direcionada a candidatos que buscam novos desafios, com atua\u00e7\u00e3o no munic\u00edpio de V\u00e1rzea Grande (MT); ter <a>documenta\u00e7\u00e3o completa (com dispensa militar);<\/a><\/p>\n\n\n\n<p>Atividades \u2013 respons\u00e1vel por executar atividades operacionais em setores de apoio ou produ\u00e7\u00e3o de frios, visando garantir a manuten\u00e7\u00e3o, organiza\u00e7\u00e3o, limpeza ou opera\u00e7\u00e3o de atividades na unidade.<\/p>\n\n\n\n<p>Dispon\u00edvel at\u00e9 22\/04\/2024 ou encerramento da vaga.<\/p>\n\n\n\n<p><strong>3 vagas \u2013 Auxiliar de Corte e Solda<\/strong><\/p>\n\n\n\n<p>Escolaridade \u2013 ensino m\u00e9dio completo;<\/p>\n\n\n\n<p>Experi\u00eancia \u2013 seis meses na Carteira de Trabalho;<\/p>\n\n\n\n<p>Requisitos obrigat\u00f3rios \u2013 ter documenta\u00e7\u00e3o completa (com dispensa militar);<\/p>\n\n\n\n<p>Atividades \u2013 unir e cortar pe\u00e7as de ligas met\u00e1licas usando processos de soldagem e corte, como eletrodo revestido, TIG, MIG, MAG, oxig\u00e1s, arco submerso, brasagem e plasma.<\/p>\n\n\n\n<p>Dispon\u00edvel at\u00e9 22\/04\/2024 ou encerramento da vaga.<\/p>\n\n\n\n<p><strong>Vagas em Servi\u00e7os \u2013 103<\/strong><\/p>\n\n\n\n<p><strong>1 vaga \u2013 L\u00edder de Refrigera\u00e7\u00e3o<\/strong><\/p>\n\n\n\n<p>Escolaridade \u2013 ensino t\u00e9cnico completo;<\/p>\n\n\n\n<p>Experi\u00eancia \u2013 registrada na Carteira de Trabalho;<\/p>\n\n\n\n<p>Requisitos obrigat\u00f3rios \u2013 ter cursos de NR-35 e NR-10; conhecimento em Plano de Manuten\u00e7\u00e3o, Opera\u00e7\u00e3o e Controle; e documenta\u00e7\u00e3o completa (com dispensa militar);<\/p>\n\n\n\n<p>Atividades \u2013 liderar equipes na instala\u00e7\u00e3o e manuten\u00e7\u00e3o de equipamentos de refrigera\u00e7\u00e3o (Split\u00e3o, Splits e Fan Coil).<\/p>\n\n\n\n<p>Dispon\u00edvel at\u00e9 22\/04\/2024 ou encerramento da vaga.<\/p>\n\n\n\n<p><strong>5 vagas \u2013 Peixeiro<\/strong><\/p>\n\n\n\n<p>Escolaridade \u2013 ensino fundamental incompleto;<\/p>\n\n\n\n<p>Experi\u00eancia \u2013 dois meses na Carteira de Trabalho;<\/p>\n\n\n\n<p>Requisitos obrigat\u00f3rios \u2013 ter experi\u00eancia em amanhar peixes e documenta\u00e7\u00e3o completa (com dispensa militar);<\/p>\n\n\n\n<p>Atividades \u2013 escolher, preparar e conservar peixes.<\/p>\n\n\n\n<p>Dispon\u00edvel at\u00e9 22\/04\/2024 ou encerramento da vaga.<\/p>\n\n\n\n<p><strong>3 vagas \u2013 Mec\u00e2nico de Autom\u00f3veis<\/strong><\/p>\n\n\n\n<p>Escolaridade \u2013 ensino m\u00e9dio completo;<\/p>\n\n\n\n<p>Experi\u00eancia \u2013 registrada na Carteira de Trabalho;<\/p>\n\n\n\n<p>Requisitos obrigat\u00f3rios \u2013 ter cursos voltados para a fun\u00e7\u00e3o; Carteira Nacional de Habilita\u00e7\u00e3o categoria \u201cAD\u201d dentro do prazo de validade; e documenta\u00e7\u00e3o completa (com dispensa militar);<\/p>\n\n\n\n<p>Atividades \u2013 instalar equipamentos de refrigera\u00e7\u00e3o e ventila\u00e7\u00e3o em \u00f4nibus e micro-\u00f4nibus, entre outras atividades correlatas.<\/p>\n\n\n\n<p>Dispon\u00edvel at\u00e9 22\/04\/2024 ou encerramento da vaga.<\/p>\n\n\n\n<p><strong>1 vaga \u2013 Jardineiro<\/strong><\/p>\n\n\n\n<p>Escolaridade \u2013 ensino fundamental completo;<\/p>\n\n\n\n<p>Experi\u00eancia \u2013 seis meses na Carteira de Trabalho;<\/p>\n\n\n\n<p>Requisitos obrigat\u00f3rios \u2013 residir na zona Leste ou bairros adjacentes ao Distrito Industrial; ter documenta\u00e7\u00e3o completa (com dispensa militar);<\/p>\n\n\n\n<p>Atividades \u2013 cortar grama, podar arbustos e \u00e1rvores; operar equipamentos como ro\u00e7adeira e assoprador de folhas, para manter todas as cal\u00e7adas e entradas do edif\u00edcio limpas e seguras; executar a manuten\u00e7\u00e3o regular e pequenos reparos nos equipamentos e ferramentas, entre outras atividades correlatas \u00e0 fun\u00e7\u00e3o.<\/p>\n\n\n\n<p>Dispon\u00edvel at\u00e9 22\/04\/2024 ou encerramento da vaga.<\/p>\n\n\n\n<p><strong>2 vagas \u2013 Coordenador de Opera\u00e7\u00f5es Tur\u00edsticas<\/strong><\/p>\n\n\n\n<p>Escolaridade \u2013 ensino m\u00e9dio completo;<\/p>\n\n\n\n<p>Experi\u00eancia \u2013 registrada na Carteira de Trabalho;<\/p>\n\n\n\n<p>Requisitos obrigat\u00f3rios \u2013 ter ingl\u00eas avan\u00e7ado; disponibilidade de hor\u00e1rio para dormir no local; e documenta\u00e7\u00e3o completa;<\/p>\n\n\n\n<p>Atividades \u2013 coordenar a \u00e1rea operacional, servi\u00e7os, restaurantes, alimentos e bebidas; promover vendas de produtos e servi\u00e7os; administrar pessoal e recursos financeiros e gerenciar compras.<\/p>\n\n\n\n<p>Dispon\u00edvel at\u00e9 22\/04\/2024 ou encerramento da vaga.<\/p>\n\n\n\n<p><strong>3 vagas \u2013 Operador de Monitoramento CFTV<\/strong><\/p>\n\n\n\n<p>Escolaridade \u2013 ensino m\u00e9dio completo;<\/p>\n\n\n\n<p>Experi\u00eancia \u2013 seis meses na Carteira de Trabalho;<\/p>\n\n\n\n<p>Requisitos obrigat\u00f3rios \u2013 ter curso de CFTV e documenta\u00e7\u00e3o completa;<\/p>\n\n\n\n<p>Atividades \u2013 monitorar c\u00e2meras de CFTV e lidar com a mesa controladora; manter o monitoramento constante durante todo o per\u00edodo de trabalho; manter o controle de acesso e seguran\u00e7a, dentre outros crit\u00e9rios estabelecidos.<\/p>\n\n\n\n<p>Dispon\u00edvel at\u00e9 22\/04\/2024 ou encerramento da vaga.<\/p>\n\n\n\n<p><strong>3 vagas \u2013 Operador de Telemarketing<\/strong><\/p>\n\n\n\n<p>Escolaridade \u2013 ensino m\u00e9dio completo;<\/p>\n\n\n\n<p>Experi\u00eancia \u2013 seis meses na Carteira de Trabalho;<\/p>\n\n\n\n<p>Requisitos obrigat\u00f3rios \u2013 ter documenta\u00e7\u00e3o completa;<\/p>\n\n\n\n<p>Atividades \u2013 atender usu\u00e1rios e oferecer servi\u00e7os e produtos; prestar servi\u00e7os t\u00e9cnicos especializados; realizar pesquisas; fazer servi\u00e7os de cobran\u00e7a e cadastramento de clientes via teleatendimento; seguir roteiros e scripts planejados e controlados para captar, reter ou recuperar clientes.<\/p>\n\n\n\n<p>Dispon\u00edvel at\u00e9 22\/04\/2024 ou encerramento da vaga.<\/p>\n\n\n\n<p><strong>1 vaga \u2013 T\u00e9cnico Controlador de Praga<\/strong><\/p>\n\n\n\n<p>Escolaridade \u2013 ensino m\u00e9dio completo;<\/p>\n\n\n\n<p>Experi\u00eancia \u2013 n\u00e3o \u00e9 necess\u00e1rio;<\/p>\n\n\n\n<p>Requisitos obrigat\u00f3rios \u2013 ter Carteira Nacional de Habilita\u00e7\u00e3o categoria \u201cAB\u201d dentro do prazo de validade; e documenta\u00e7\u00e3o completa (com dispensa militar);<\/p>\n\n\n\n<p>Atividades \u2013 realizar o controle de pragas e vetores; fazer limpeza de caixas d&#8217;\u00e1gua conforme cronograma de servi\u00e7os; verificar e conferir documenta\u00e7\u00f5es de clientes emitidas, preencher os laudos de execu\u00e7\u00e3o de servi\u00e7os realizados; fazer checklist de ve\u00edculos e preencher planilhas de controle de manuten\u00e7\u00e3o; cuidar e zelar pela limpeza e organiza\u00e7\u00e3o de ve\u00edculos e EPI\u2019s no final do expediente; observar a correta utiliza\u00e7\u00e3o dos equipamentos e produtos a serem utilizados, observando os crit\u00e9rios e cuidados na manipula\u00e7\u00e3o e demais atividades do cargo; realizar trabalho em altura e espa\u00e7o confinado.<\/p>\n\n\n\n<p>Dispon\u00edvel at\u00e9 22\/04\/2024 ou encerramento da vaga.<\/p>\n\n\n\n<p><strong>1 vaga \u2013 Vendedor<\/strong><\/p>\n\n\n\n<p>Escolaridade \u2013 ensino m\u00e9dio completo;<\/p>\n\n\n\n<p>Experi\u00eancia \u2013 seis meses na Carteira de Trabalho;<\/p>\n\n\n\n<p>Requisitos obrigat\u00f3rios \u2013 ter conhecimento em seguran\u00e7a eletr\u00f4nica e documenta\u00e7\u00e3o completa;<\/p>\n\n\n\n<p>Atividades \u2013 vender mercadorias em estabelecimentos do com\u00e9rcio varejista ou atacadista, auxiliando os clientes na escolha; registrar entrada e sa\u00edda de mercadorias; promover a venda de mercadorias e demonstrar seu funcionamento; informar sobre as qualidades e vantagens da compra; expor mercadorias de forma atrativa, em pontos estrat\u00e9gicos de vendas; prestar servi\u00e7os aos clientes,&nbsp; como troca de mercadorias e abastecimento de ve\u00edculos; fazer invent\u00e1rio de mercadorias para reposi\u00e7\u00e3o; elaborar relat\u00f3rios de vendas,&nbsp; promo\u00e7\u00f5es, demonstra\u00e7\u00f5es e pesquisa de pre\u00e7os.<\/p>\n\n\n\n<p>Dispon\u00edvel at\u00e9 22\/04\/2024 ou encerramento da vaga.<\/p>\n\n\n\n<p><strong>1 vaga \u2013 T\u00e9cnico de Refrigera\u00e7\u00e3o<\/strong><\/p>\n\n\n\n<p>Escolaridade \u2013 ensino t\u00e9cnico completo em refrigera\u00e7\u00e3o;<\/p>\n\n\n\n<p>Experi\u00eancia \u2013 seis meses na Carteira de Trabalho;<\/p>\n\n\n\n<p>Requisitos obrigat\u00f3rios \u2013 ter documenta\u00e7\u00e3o completa;<\/p>\n\n\n\n<p>Atividades \u2013 auxiliar na instala\u00e7\u00e3o, manuten\u00e7\u00e3o preventiva e corretiva de sistemas de refrigera\u00e7\u00e3o e ventila\u00e7\u00e3o; montar tubula\u00e7\u00f5es, avaliar o dimensionamento de locais para instala\u00e7\u00e3o de equipamento e realizar testes finais nos equipamentos.<\/p>\n\n\n\n<p>Dispon\u00edvel at\u00e9 22\/04\/2024 ou encerramento da vaga.<\/p>\n\n\n\n<p><strong>2 vagas \u2013 Costureira<\/strong><\/p>\n\n\n\n<p>Escolaridade \u2013 ensino fundamental completo;<\/p>\n\n\n\n<p>Experi\u00eancia \u2013 seis meses na Carteira de Trabalho ou avulsa;<\/p>\n\n\n\n<p>Requisitos obrigat\u00f3rios \u2013 ter documenta\u00e7\u00e3o completa;<\/p>\n\n\n\n<p>Atividades \u2013 operar m\u00e1quinas, overloque, interloque, elastiqueira e reta.<\/p>\n\n\n\n<p>Dispon\u00edvel at\u00e9 22\/04\/2024 ou encerramento da vaga.<\/p>\n\n\n\n<p><strong>2 vagas \u2013 Motorista de Micro-\u00d4nibus<\/strong><\/p>\n\n\n\n<p>Escolaridade \u2013 ensino fundamental completo;<\/p>\n\n\n\n<p>Experi\u00eancia \u2013 tr\u00eas meses na Carteira de Trabalho;<\/p>\n\n\n\n<p>Requisitos obrigat\u00f3rios \u2013 ter cursos de Dire\u00e7\u00e3o Defensiva e Transporte Coletivo de Passageiros; Carteira Nacional de Habilita\u00e7\u00e3o categoria \u201cD\u201d dentro do prazo de validade; e documenta\u00e7\u00e3o completa (com dispensa militar);<\/p>\n\n\n\n<p>Atividades \u2013 conduzir o embarque e desembarque de passageiros; prestar orienta\u00e7\u00e3o quanto aos procedimentos internos do ve\u00edculo; executar procedimento para garantir a seguran\u00e7a e conforto dos passageiros; seguir as normas internas da empresa e de tr\u00e2nsito.<\/p>\n\n\n\n<p>Dispon\u00edvel at\u00e9 22\/04\/2024 ou encerramento da vaga.<\/p>\n\n\n\n<p><strong>20 vagas \u2013 Vendedor Externo<\/strong><\/p>\n\n\n\n<p>Escolaridade \u2013 ensino m\u00e9dio completo;<\/p>\n\n\n\n<p>Experi\u00eancia \u2013 seis meses na Carteira de Trabalho;<\/p>\n\n\n\n<p>Requisitos obrigat\u00f3rios \u2013 ter afinidade com tecnologias e documenta\u00e7\u00e3o completa;<\/p>\n\n\n\n<p>Atividades \u2013 prestar atendimento a clientes; negociar pre\u00e7os, prazos, condi\u00e7\u00f5es de pagamento e descontos de vendas; orientar quanto \u00e0s especifica\u00e7\u00f5es de produtos e servi\u00e7os; controlar os pedidos dos clientes, a qualidade dos produtos e o prazo de entrega estabelecido.<\/p>\n\n\n\n<p>Dispon\u00edvel at\u00e9 22\/04\/2024 ou encerramento da vaga<\/p>\n\n\n\n<p><strong>1 vaga \u2013 Art\u00edfice<\/strong><\/p>\n\n\n\n<p>Escolaridade \u2013 ensino fundamental completo;<\/p>\n\n\n\n<p>Experi\u00eancia \u2013 seis meses na Carteira de Trabalho;<\/p>\n\n\n\n<p>Requisitos obrigat\u00f3rios \u2013 residir na zona Leste ou bairros adjacentes ao Distrito Industrial; ter cursos de NR-10 e NR-35; e documenta\u00e7\u00e3o completa (com dispensa militar);<\/p>\n\n\n\n<p>Atividades \u2013 atuar nas atividades de manuten\u00e7\u00e3o preventiva e corretiva em sistemas hidr\u00e1ulicos, el\u00e9tricos, telefonia, m\u00f3veis, portas e janelas, pisos, revestimentos, divis\u00f3rias e outros itens nas unidades e estruturas j\u00e1 edificadas.<\/p>\n\n\n\n<p>Dispon\u00edvel at\u00e9 22\/04\/2024 ou encerramento da vaga.<\/p>\n\n\n\n<p><strong>1 vaga \u2013 Dedetizador<\/strong><\/p>\n\n\n\n<p>Escolaridade \u2013 ensino m\u00e9dio completo;<\/p>\n\n\n\n<p>Experi\u00eancia \u2013 registrada na Carteira de Trabalho;<\/p>\n\n\n\n<p>Requisitos obrigat\u00f3rios \u2013 ter Carteira Nacional de Habilita\u00e7\u00e3o categoria \u201cAB\u201d dentro do prazo de validade; disponibilidade de hor\u00e1rio; e documenta\u00e7\u00e3o completa (com dispensa militar);<\/p>\n\n\n\n<p>Atividades \u2013 dedetizar terrenos baldios, resid\u00eancias, pr\u00e9dios comerciais e \u00f3rg\u00e3os p\u00fablicos para eliminar e controlar pragas.<\/p>\n\n\n\n<p>Dispon\u00edvel at\u00e9 22\/04\/2024 ou encerramento da vaga.<\/p>\n\n\n\n<p><strong>1 vaga \u2013 Supervisor de Vendas Externas<\/strong><\/p>\n\n\n\n<p>Escolaridade \u2013 ensino m\u00e9dio completo;<\/p>\n\n\n\n<p>Experi\u00eancia \u2013 seis meses na Carteira de Trabalho;<\/p>\n\n\n\n<p>Requisitos obrigat\u00f3rios \u2013 ter documenta\u00e7\u00e3o completa;<\/p>\n\n\n\n<p>Atividades \u2013 monitorar as a\u00e7\u00f5es e o desempenho dos liderados e verificar se est\u00e3o de acordo com o esperado; fiscalizar o cronograma de visitas aos clientes e os resultados das a\u00e7\u00f5es de venda.<\/p>\n\n\n\n<p>Dispon\u00edvel at\u00e9 22\/04\/2024 ou encerramento da vaga.<\/p>\n\n\n\n<p><strong>3 vagas \u2013 Promotor de Vendas<\/strong><\/p>\n\n\n\n<p>Escolaridade \u2013 ensino m\u00e9dio completo;<\/p>\n\n\n\n<p>Experi\u00eancia \u2013 seis meses na Carteira de Trabalho;<\/p>\n\n\n\n<p>Requisitos obrigat\u00f3rios \u2013 ter condu\u00e7\u00e3o pr\u00f3pria (moto); Carteira Nacional de Habilita\u00e7\u00e3o categoria \u201cA\u201d dentro do prazo de validade; curso de atendimento ao cliente; e documenta\u00e7\u00e3o completa (com dispensa militar);<\/p>\n\n\n\n<p>Atividades \u2013 garantir a reposi\u00e7\u00e3o e exposi\u00e7\u00e3o dos produtos dispon\u00edveis em estoque; realizar limpeza e organiza\u00e7\u00e3o dos produtos de acordo com o planograma; garantir a precifica\u00e7\u00e3o correta dos produtos; organizar o layout da loja para destacar os benef\u00edcios e caracter\u00edsticas dos produtos; criar parcerias com os clientes, esclarecendo d\u00favidas e buscando maior visibilidade para as marcas.<\/p>\n\n\n\n<p>Dispon\u00edvel at\u00e9 22\/04\/2024 ou encerramento da vaga.<\/p>\n\n\n\n<p><strong>4 vagas \u2013 Pedreiro de Fachada<\/strong><\/p>\n\n\n\n<p>Escolaridade \u2013 ensino fundamental completo;<\/p>\n\n\n\n<p>Experi\u00eancia \u2013 seis meses na Carteira de Trabalho;<\/p>\n\n\n\n<p>Requisitos obrigat\u00f3rios \u2013 ter curso de NR-35 e documenta\u00e7\u00e3o completa (com dispensa militar);<\/p>\n\n\n\n<p>Atividades \u2013 realizar servi\u00e7os em alvenaria, concreto e demais materiais, seguindo orienta\u00e7\u00f5es de desenhos, esquemas e especifica\u00e7\u00f5es; utilizar t\u00e9cnicas, instrumentos apropriados e processos espec\u00edficos da \u00e1rea, com o objetivo de construir, reformar ou realizar reparos em edif\u00edcios e estruturas similares.<\/p>\n\n\n\n<p>Dispon\u00edvel at\u00e9 22\/04\/2024 ou encerramento da vaga.<\/p>\n\n\n\n<p><strong>1 vaga \u2013 Encarregado da Equipe de Limpeza<\/strong><\/p>\n\n\n\n<p>Escolaridade \u2013 ensino m\u00e9dio completo;<\/p>\n\n\n\n<p>Experi\u00eancia \u2013 seis meses na Carteira de Trabalho;<\/p>\n\n\n\n<p>Requisitos obrigat\u00f3rios \u2013 ter documenta\u00e7\u00e3o completa;<\/p>\n\n\n\n<p>Atividades \u2013 liderar e orientar equipe de trabalho na realiza\u00e7\u00e3o das atividades de conserva\u00e7\u00e3o e limpeza; acompanhar checklist das rotinas; controlar a distribui\u00e7\u00e3o de materiais, tarefas e escalas de colaboradores.<\/p>\n\n\n\n<p>Dispon\u00edvel at\u00e9 22\/04\/2024 ou encerramento da vaga.<\/p>\n\n\n\n<p><strong>4 vagas \u2013 Pedreiro<\/strong><\/p>\n\n\n\n<p>Escolaridade \u2013 ensino fundamental completo;<\/p>\n\n\n\n<p>Experi\u00eancia \u2013 seis meses na Carteira de Trabalho;<\/p>\n\n\n\n<p>Requisitos obrigat\u00f3rios \u2013 ter documenta\u00e7\u00e3o completa (com dispensa militar);<\/p>\n\n\n\n<p>Atividades \u2013 construir alicerces, levantar paredes, muros e constru\u00e7\u00f5es similares; rebocar estruturas constru\u00eddas; realizar trabalhos de manuten\u00e7\u00e3o corretiva de pr\u00e9dios, cal\u00e7adas e estruturas semelhantes.<\/p>\n\n\n\n<p>Dispon\u00edvel at\u00e9 22\/04\/2024 ou encerramento da vaga.<\/p>\n\n\n\n<p><strong>1 vaga \u2013 Analista de Recursos Humanos<\/strong><\/p>\n\n\n\n<p>Escolaridade \u2013 ensino superior completo ou cursando ci\u00eancias cont\u00e1beis;<\/p>\n\n\n\n<p>Experi\u00eancia \u2013 registrada na Carteira de Trabalho;<\/p>\n\n\n\n<p>Requisitos obrigat\u00f3rios \u2013 ter documenta\u00e7\u00e3o completa;<\/p>\n\n\n\n<p>Atividades \u2013 executar atividades de recrutamento e sele\u00e7\u00e3o, processamento de folha de pagamento, admiss\u00e3o, demiss\u00e3o e f\u00e9rias, administra\u00e7\u00e3o de benef\u00edcios e demais atividades relacionadas \u00e0 fun\u00e7\u00e3o.<\/p>\n\n\n\n<p>Dispon\u00edvel at\u00e9 22\/04\/2024 ou encerramento da vaga.<\/p>\n\n\n\n<p><strong>1 vaga \u2013 Analista Financeiro<\/strong><\/p>\n\n\n\n<p>Escolaridade \u2013 ensino superior completo ou cursando ci\u00eancias cont\u00e1beis;<\/p>\n\n\n\n<p>Experi\u00eancia \u2013 registrada na Carteira de Trabalho;<\/p>\n\n\n\n<p>Requisitos obrigat\u00f3rios \u2013 ter documenta\u00e7\u00e3o completa;<\/p>\n\n\n\n<p>Atividades \u2013 realizar atividades financeiras; contas a pagar e receber, lan\u00e7amentos financeiros e cont\u00e1beis no ERP da empresa; an\u00e1lise, classifica\u00e7\u00e3o e concilia\u00e7\u00e3o cont\u00e1beis e financeiras; lan\u00e7amento de notas fiscais.<\/p>\n\n\n\n<p>Dispon\u00edvel at\u00e9 22\/04\/2024 ou encerramento da vaga.<\/p>\n\n\n\n<p><strong>6 vagas \u2013 Vendedor Externo<\/strong><\/p>\n\n\n\n<p>Escolaridade \u2013 ensino m\u00e9dio completo;<\/p>\n\n\n\n<p>Experi\u00eancia \u2013 registrada na Carteira de Trabalho;<\/p>\n\n\n\n<p>Requisitos obrigat\u00f3rios \u2013 ter ve\u00edculo pr\u00f3prio (moto); Carteira Nacional de Habilita\u00e7\u00e3o categoria \u201cA\u201d dentro do prazo de validade; e documenta\u00e7\u00e3o completa;<\/p>\n\n\n\n<p>Atividades \u2013 atuar na prospec\u00e7\u00e3o de clientes; manuten\u00e7\u00e3o e evolu\u00e7\u00e3o de clientes atrav\u00e9s de negocia\u00e7\u00e3o e vendas; visitas externas de acordo com a rota; alcance de metas estabelecidas.<\/p>\n\n\n\n<p>Dispon\u00edvel at\u00e9 22\/04\/2024 ou encerramento da vaga.<\/p>\n\n\n\n<p><strong>4 vagas \u2013 Chefe de Pista<\/strong><\/p>\n\n\n\n<p>Escolaridade \u2013 ensino m\u00e9dio completo;<\/p>\n\n\n\n<p>Experi\u00eancia \u2013 registrada na Carteira de Trabalho;<\/p>\n\n\n\n<p>Requisitos obrigat\u00f3rios \u2013 residir nos bairros: Pra\u00e7a 14, Planalto, Japiim ou Cidade de Deus; ter disponibilidade de hor\u00e1rio; Carteira Nacional de Habilita\u00e7\u00e3o categoria \u201cA\u201d, \u201cB\u201d ou \u201cAB\u201d dentro do prazo de validade; e documenta\u00e7\u00e3o completa;<\/p>\n\n\n\n<p>Atividades \u2013 gerir as equipes de frentistas, visando a excel\u00eancia e satisfa\u00e7\u00e3o no atendimento aos clientes; monitorar os padr\u00f5es de qualidade dos servi\u00e7os prestados; acompanhar metas e performance do time; supervisionar a rotina di\u00e1ria de abastecimento de ve\u00edculos e manuten\u00e7\u00e3o das instala\u00e7\u00f5es; controlar os n\u00edveis de estoque de produtos; gerenciar escalas de limpeza e uso do estacionamento do posto; treinar, acompanhar e incentivar o time a realizar treinamentos; zelar pelo cumprimento das normas de seguran\u00e7a, higiene e meio ambiente.<\/p>\n\n\n\n<p>Dispon\u00edvel at\u00e9 22\/04\/2024 ou encerramento da vaga.<\/p>\n\n\n\n<p><strong>3 vagas \u2013 Consultor de Vendas<\/strong><\/p>\n\n\n\n<p>Escolaridade \u2013 ensino superior completo ou cursando;<\/p>\n\n\n\n<p>Experi\u00eancia \u2013 registrada na Carteira de Trabalho;<\/p>\n\n\n\n<p>Requisitos obrigat\u00f3rios \u2013 ter atua\u00e7\u00e3o pr\u00e9via na \u00e1rea comercial; no\u00e7\u00f5es de prospec\u00e7\u00e3o de clientes (virtual e presencialmente); habilidades em comunica\u00e7\u00e3o verbal e escrita; pacote Office e documenta\u00e7\u00e3o completa;<\/p>\n\n\n\n<p>Atividades \u2013 prospectar novos contatos diariamente para aumentar a base de prospects; participar de todas as a\u00e7\u00f5es externas; operar com excel\u00eancia todas as liga\u00e7\u00f5es efetuadas e recebidas, prestando um servi\u00e7o de qualidade e esclarecendo d\u00favidas dos clientes; realizar o processo de vendas, desde a prospec\u00e7\u00e3o inicial at\u00e9 o fechamento da matr\u00edcula, incluindo o entendimento dos cursos oferecidos; identificar oportunidades de upselling e cross-selling, oferecendo produtos ou servi\u00e7os adicionais aos clientes existentes.<\/p>\n\n\n\n<p>Dispon\u00edvel at\u00e9 22\/04\/2024 ou encerramento da vaga.<\/p>\n\n\n\n<p><strong>2 vagas \u2013 Auxiliar de Servi\u00e7os Gerais<\/strong><\/p>\n\n\n\n<p>Escolaridade \u2013 ensino m\u00e9dio completo;<\/p>\n\n\n\n<p>Experi\u00eancia \u2013 registrada na Carteira de Trabalho;<\/p>\n\n\n\n<p>Requisitos obrigat\u00f3rios \u2013 ter documenta\u00e7\u00e3o completa (com dispensa militar);<\/p>\n\n\n\n<p>Atividades \u2013 realizar servi\u00e7os de limpeza e organiza\u00e7\u00e3o, entre outras atividades correlatas \u00e0 fun\u00e7\u00e3o.<\/p>\n\n\n\n<p>Dispon\u00edvel at\u00e9 22\/04\/2024 ou encerramento da vaga.<\/p>\n\n\n\n<p><strong>5 vagas \u2013 Auxiliar de Servi\u00e7os Gerais<\/strong><\/p>\n\n\n\n<p>Escolaridade \u2013 ensino fundamental incompleto;<\/p>\n\n\n\n<p>Experi\u00eancia \u2013 seis meses na Carteira de Trabalho;<\/p>\n\n\n\n<p>Requisitos obrigat\u00f3rios \u2013 ter documenta\u00e7\u00e3o completa (com dispensa militar);<\/p>\n\n\n\n<p>Atividades \u2013 realizar servi\u00e7os de limpeza, capina e pequenos reparos; auxiliar em carregamentos diversos.<\/p>\n\n\n\n<p>Dispon\u00edvel at\u00e9 22\/04\/2024 ou encerramento da vaga.<\/p>\n\n\n\n<p><strong>1 vaga \u2013 Est\u00e1gio de Engenharia<\/strong><\/p>\n\n\n\n<p>Escolaridade \u2013 ensino superior cursando;<\/p>\n\n\n\n<p>Experi\u00eancia \u2013 n\u00e3o \u00e9 necess\u00e1rio;<\/p>\n\n\n\n<p>Requisitos obrigat\u00f3rios \u2013 ter conhecimento em pacote Office e documenta\u00e7\u00e3o completa;<\/p>\n\n\n\n<p>Atividades \u2013 elaborar relat\u00f3rio cautelar e de sondagem; organizar documentos.<\/p>\n\n\n\n<p>Dispon\u00edvel at\u00e9 22\/04\/2024 ou encerramento da vaga.<\/p>\n\n\n\n<p><strong>1 vaga \u2013 Vistoriador Veicular<\/strong><\/p>\n\n\n\n<p>Escolaridade \u2013 ensino m\u00e9dio completo;<\/p>\n\n\n\n<p>Experi\u00eancia \u2013 seis meses na Carteira de Trabalho;<\/p>\n\n\n\n<p>Requisitos obrigat\u00f3rios \u2013 ter documenta\u00e7\u00e3o completa (com dispensa militar);<\/p>\n\n\n\n<p>Atividades \u2013 realizar servi\u00e7os de vistorias veiculares, como ECV e PMG, seguindo procedimentos e especifica\u00e7\u00f5es internas em p\u00e1tio de leil\u00e3o.<\/p>\n\n\n\n<p>Dispon\u00edvel at\u00e9 22\/04\/2024 ou encerramento da vaga.<\/p>\n\n\n\n<p><strong>3 vagas \u2013 Auxiliar de Limpeza<\/strong><\/p>\n\n\n\n<p>Escolaridade \u2013 ensino m\u00e9dio completo;<\/p>\n\n\n\n<p>Experi\u00eancia \u2013 registrada na Carteira de Trabalho;<\/p>\n\n\n\n<p>Requisitos obrigat\u00f3rios \u2013 ter documenta\u00e7\u00e3o completa;<\/p>\n\n\n\n<p>Atividades \u2013 realizar limpeza di\u00e1ria das \u00e1reas designadas (salas de atendimento, reuni\u00e3o, espera, time e diretoria; corredores, banheiros e \u00e1reas comuns); realizar o recolhimento de lixos conforme necessidade; solicitar materiais conforme a demanda; prestar apoio na prepara\u00e7\u00e3o das salas para eventos, reuni\u00f5es e outras atividades programadas; manter frigobar abastecido com \u00e1gua; realizar mensalmente limpeza externa da casa; zelar pelas instala\u00e7\u00f5es e comunicar eventuais problemas; repor materiais de higiene e limpeza; zelar pelo estado est\u00e9tico e sa\u00fade das plantas; limpar e organizar \u00e1reas externas; preparar caf\u00e9 para clientes, colaboradores e diretoria; realizar solicita\u00e7\u00e3o de materiais.<\/p>\n\n\n\n<p>Dispon\u00edvel at\u00e9 22\/04\/2024 ou encerramento da vaga.<\/p>\n\n\n\n<p><strong>1 vaga \u2013 Caseiro<\/strong><\/p>\n\n\n\n<p>Escolaridade \u2013 ensino fundamental completo;<\/p>\n\n\n\n<p>Experi\u00eancia \u2013 seis meses na Carteira de Trabalho ou avulsa;<\/p>\n\n\n\n<p>Requisitos obrigat\u00f3rios \u2013 ter documenta\u00e7\u00e3o completa;<\/p>\n\n\n\n<p>Atividades \u2013 realizar manuten\u00e7\u00e3o e limpeza do s\u00edtio; verificar necessidade de manuten\u00e7\u00f5es; cuidar das \u00e1reas internas e externa do s\u00edtio; prestar suporte em eventos; capinar o quintal; limpar sal\u00e3o de eventos; realizar manuten\u00e7\u00e3o e limpeza de m\u00f3veis; cuidar da delimita\u00e7\u00e3o do terreno conforme o n\u00edvel do rio.<\/p>\n\n\n\n<p>Dispon\u00edvel at\u00e9 22\/04\/2024 ou encerramento da vaga.<\/p>\n\n\n\n<p><strong>1 vaga \u2013 Art\u00edfice de Manuten\u00e7\u00e3o<\/strong><\/p>\n\n\n\n<p>Escolaridade \u2013 ensino m\u00e9dio completo;<\/p>\n\n\n\n<p>Experi\u00eancia \u2013 seis meses na Carteira de Trabalho;<\/p>\n\n\n\n<p>Requisitos obrigat\u00f3rios \u2013 ter documenta\u00e7\u00e3o completa;<\/p>\n\n\n\n<p>Atividades \u2013 identificar instala\u00e7\u00f5es hidrossanit\u00e1rias, esgoto a v\u00e1cuo e aquecedores a g\u00e1s; executar instala\u00e7\u00f5es hidrossanit\u00e1rias e de esgoto a v\u00e1cuo em PVC, CPVC, cobre e ferro, e de bombas do sistema hidro sanit\u00e1rio e esgoto a v\u00e1cuo; montar, instalar e reparar circuitos el\u00e9tricos de baixa tens\u00e3o em geral; consertar motores de bombas; avaliar e instalar equipamentos el\u00e9tricos; realizar manuten\u00e7\u00e3o preventiva em subesta\u00e7\u00f5es de m\u00e9dia tens\u00e3o; realizar testes para identificar e localizar defeitos na instala\u00e7\u00e3o e no funcionamento dos equipamentos; realizar inspe\u00e7\u00f5es rotineiras com elabora\u00e7\u00e3o de relat\u00f3rios.<\/p>\n\n\n\n<p>Dispon\u00edvel at\u00e9 22\/04\/2024 ou encerramento da vaga.<\/p>\n\n\n\n<p><strong>1 vaga \u2013 Est\u00e1gio Auxiliar de Vendas<\/strong><\/p>\n\n\n\n<p>Escolaridade \u2013 ensino superior cursando administra\u00e7\u00e3o ou marketing;<\/p>\n\n\n\n<p>Experi\u00eancia \u2013 n\u00e3o \u00e9 necess\u00e1rio;<\/p>\n\n\n\n<p>Requisitos obrigat\u00f3rios \u2013 cursar a faculdade no per\u00edodo diurno e ter documenta\u00e7\u00e3o completa;<\/p>\n\n\n\n<p>Atividades \u2013 atuar no operacional de sites de e-commerce (pedidos, d\u00favidas, consultas dos clientes, faturamento das vendas, cadastro de produtos e atualiza\u00e7\u00e3o do site); desenvolver campanhas de marketing e m\u00eddias sociais; prestar suporte \u00e0s vendas online.<\/p>\n\n\n\n<p>Dispon\u00edvel at\u00e9 22\/04\/2024 ou encerramento da vaga.<\/p>\n\n\n\n<p><strong>1 vaga \u2013 Est\u00e1gio Auxiliar de Telemarketing<\/strong><\/p>\n\n\n\n<p>Escolaridade \u2013 ensino superior cursando em administra\u00e7\u00e3o;<\/p>\n\n\n\n<p>Experi\u00eancia \u2013 n\u00e3o \u00e9 necess\u00e1rio;<\/p>\n\n\n\n<p>Requisitos obrigat\u00f3rios \u2013 cursar a faculdade no per\u00edodo noturno e ter documenta\u00e7\u00e3o completa;<\/p>\n\n\n\n<p>Atividades \u2013 atender usu\u00e1rios; oferecer servi\u00e7os e produtos; prestar servi\u00e7os t\u00e9cnicos especializados; realizar pesquisas, fazer servi\u00e7os de cobran\u00e7a e cadastramento de clientes via teleatendimento, seguindo roteiros e scripts planejados e controlados para captar, reter ou recuperar clientes.<\/p>\n\n\n\n<p>Dispon\u00edvel at\u00e9 22\/04\/2024 ou encerramento da vaga.<\/p>\n\n\n\n<p><strong>1 vaga \u2013 Auxiliar Administrativo<\/strong><\/p>\n\n\n\n<p>Escolaridade \u2013 ensino m\u00e9dio completo;<\/p>\n\n\n\n<p>Experi\u00eancia \u2013 registrada na Carteira de Trabalho;<\/p>\n\n\n\n<p>Requisitos obrigat\u00f3rios \u2013 ter disponibilidade de hor\u00e1rio (inclusive aos domingos); e documenta\u00e7\u00e3o completa (com dispensa militar);<\/p>\n\n\n\n<p>Atividades \u2013 executar servi\u00e7os de apoio nas \u00e1reas de recursos humanos, administra\u00e7\u00e3o, finan\u00e7as e log\u00edstica; atender fornecedores e clientes; fornecer e receber informa\u00e7\u00f5es sobre produtos e servi\u00e7os; gerenciar documentos variados; preparar relat\u00f3rios e planilhas; executar servi\u00e7os gerais de escrit\u00f3rios.<\/p>\n\n\n\n<p>Dispon\u00edvel at\u00e9 22\/04\/2024 ou encerramento da vaga.<\/p>\n\n\n\n<p><strong>1 vaga \u2013 Impressor Digital<\/strong><\/p>\n\n\n\n<p>Escolaridade \u2013 ensino m\u00e9dio completo;<\/p>\n\n\n\n<p>Experi\u00eancia \u2013 registrada na Carteira de Trabalho;<\/p>\n\n\n\n<p>Requisitos obrigat\u00f3rios \u2013 ter disponibilidade de hor\u00e1rio (inclusive aos domingos); e documenta\u00e7\u00e3o completa (com dispensa militar);<\/p>\n\n\n\n<p>Atividades \u2013 planejar servi\u00e7os da impress\u00e3o gr\u00e1fica e ajustar m\u00e1quinas para impress\u00e3o; realizar servi\u00e7os da impress\u00e3o gr\u00e1fica, como impress\u00e3o plana, rotativa e digital, flexografia, litografia, tipografia, letterset, calcografia, tampografia, rotogravura e serigrafia (silkscreen); trabalhar seguindo normas e procedimentos t\u00e9cnicos e de qualidade, seguran\u00e7a, meio ambiente, higiene e sa\u00fade.<\/p>\n\n\n\n<p>Dispon\u00edvel at\u00e9 22\/04\/2024 ou encerramento da vaga.<\/p>\n\n\n\n<p><strong>10 vagas \u2013 Carpinteiro de Obras<\/strong><\/p>\n\n\n\n<p>Escolaridade \u2013 ensino fundamental completo;<\/p>\n\n\n\n<p>Experi\u00eancia \u2013 registrada na Carteira de Trabalho;<\/p>\n\n\n\n<p>Requisitos obrigat\u00f3rios \u2013 ter documenta\u00e7\u00e3o completa (com dispensa militar);<\/p>\n\n\n\n<p>Atividades \u2013 realizar trabalhos de carpintaria, cortando, armando, instalando e reparando pe\u00e7as de madeira, utilizando ferramentas manuais e mec\u00e2nicas.<\/p>\n\n\n\n<p>Dispon\u00edvel at\u00e9 22\/04\/2024 ou encerramento da vaga.<\/p>\n\n\n\n<p><strong>Vagas Exclusivas para Pessoas com Defici\u00eancia (PcD) \u2013 27<\/strong><\/p>\n\n\n\n<p><strong>1 vaga \u2013 Auxiliar de Limpeza \u2013 vaga exclusiva para Pessoa com Defici\u00eancia (PcD)<\/strong><\/p>\n\n\n\n<p>Escolaridade \u2013 ensino fundamental completo;<\/p>\n\n\n\n<p>Experi\u00eancia \u2013 seis meses na Carteira de Trabalho;<\/p>\n\n\n\n<p>Requisitos obrigat\u00f3rios \u2013 ter documenta\u00e7\u00e3o completa (com dispensa militar);<\/p>\n\n\n\n<p>Atividades \u2013 zelar pela guarda, conserva\u00e7\u00e3o, manuten\u00e7\u00e3o, higiene e limpeza dos equipamentos, instrumentos e demais materiais utilizados, bem como do local de trabalho; separar materiais recicl\u00e1veis para descarte; executar o tratamento e descarte dos res\u00edduos de materiais provenientes do local de trabalho.<\/p>\n\n\n\n<p>Dispon\u00edvel at\u00e9 22\/04\/2024 ou encerramento da vaga.<\/p>\n\n\n\n<p><strong>2 vagas \u2013 Auxiliar de Limpeza \u2013 vagas exclusivas para Pessoas com Defici\u00eancia (PcD)<\/strong><\/p>\n\n\n\n<p>Escolaridade \u2013 ensino fundamental completo;<\/p>\n\n\n\n<p>Experi\u00eancia \u2013 n\u00e3o \u00e9 necess\u00e1rio;<\/p>\n\n\n\n<p>Requisitos obrigat\u00f3rios \u2013 ter documenta\u00e7\u00e3o completa;<\/p>\n\n\n\n<p>Atividades \u2013 realizar servi\u00e7os de limpeza em geral; executar limpeza de \u00e1reas administrativas, \u00e1reas de passagem e \u00e1reas externas; realizar outras tarefas compat\u00edveis com a natureza da fun\u00e7\u00e3o.<\/p>\n\n\n\n<p>Dispon\u00edvel at\u00e9 22\/04\/2024 ou encerramento da vaga.<\/p>\n\n\n\n<p><strong>1 vaga \u2013 Repositor de Mercadorias \u2013 vaga exclusiva para Pessoa com Defici\u00eancia (PcD)<\/strong><\/p>\n\n\n\n<p>Escolaridade \u2013 ensino fundamental completo;<\/p>\n\n\n\n<p>Experi\u00eancia \u2013 n\u00e3o \u00e9 necess\u00e1rio;<\/p>\n\n\n\n<p>Requisitos obrigat\u00f3rios \u2013 ter documenta\u00e7\u00e3o completa;<\/p>\n\n\n\n<p>Atividades \u2013 realizar reposi\u00e7\u00e3o de produtos e mercadorias nas prateleiras e g\u00f4ndolas, mantendo os corredores organizados e abastecidos; observar a validade dos produtos e informar ao superior imediato.<\/p>\n\n\n\n<p>Dispon\u00edvel at\u00e9 22\/04\/2024 ou encerramento da vaga.<\/p>\n\n\n\n<p><strong>5 vagas \u2013 Merendeira \u2013 vagas exclusivas para Pessoas com Defici\u00eancia (PcD)<\/strong><\/p>\n\n\n\n<p>Escolaridade \u2013 ensino fundamental completo;<\/p>\n\n\n\n<p>Experi\u00eancia \u2013 n\u00e3o \u00e9 necess\u00e1rio;<\/p>\n\n\n\n<p>Requisitos obrigat\u00f3rios \u2013 ter documenta\u00e7\u00e3o completa;<\/p>\n\n\n\n<p>Atividades \u2013 colaborar no processo de produ\u00e7\u00e3o dos alimentos, atuando como agente condutora de t\u00e9cnicas adequadas para o preparo da merenda e de informa\u00e7\u00f5es sobre h\u00e1bitos alimentares saud\u00e1veis.<\/p>\n\n\n\n<p>Dispon\u00edvel at\u00e9 22\/04\/2024 ou encerramento da vaga.<\/p>\n\n\n\n<p><strong>4 vagas \u2013 Auxiliar de Produ\u00e7\u00e3o de Alimentos \u2013 vagas exclusivas para Pessoas com Defici\u00eancia (PcD)<\/strong><\/p>\n\n\n\n<p>Escolaridade \u2013 ensino m\u00e9dio completo;<\/p>\n\n\n\n<p>Experi\u00eancia \u2013 n\u00e3o \u00e9 necess\u00e1rio;<\/p>\n\n\n\n<p>Requisitos obrigat\u00f3rios \u2013 ter documenta\u00e7\u00e3o completa (com dispensa militar);<\/p>\n\n\n\n<p>Atividades \u2013 preparar materiais para alimenta\u00e7\u00e3o de linhas de produ\u00e7\u00e3o; organizar a \u00e1rea de servi\u00e7o; abastecer linhas de produ\u00e7\u00e3o; alimentar m\u00e1quinas e separar materiais para reaproveitamento.<\/p>\n\n\n\n<p>Dispon\u00edvel at\u00e9 22\/04\/2024 ou encerramento da vaga.<\/p>\n\n\n\n<p><strong>10 vagas \u2013 Repositor de Mercadorias \u2013 vagas exclusivas para Pessoas com Defici\u00eancia (PcD)<\/strong><\/p>\n\n\n\n<p>Escolaridade \u2013 ensino fundamental completo;<\/p>\n\n\n\n<p>Experi\u00eancia \u2013 n\u00e3o \u00e9 necess\u00e1rio;<\/p>\n\n\n\n<p>Requisitos obrigat\u00f3rios \u2013 ter documenta\u00e7\u00e3o completa;<\/p>\n\n\n\n<p>Atividades \u2013 realizar reposi\u00e7\u00e3o de mercadorias nas g\u00f4ndolas; verificar validade dos produtos; manter a organiza\u00e7\u00e3o e limpeza nas g\u00f4ndolas; prestar suporte no atendimento ao cliente.<\/p>\n\n\n\n<p>Dispon\u00edvel at\u00e9 22\/04\/2024 ou encerramento da vaga.<\/p>\n\n\n\n<p><strong>1 vaga \u2013 Operador de Caixa \u2013 vaga exclusiva para Pessoa com Defici\u00eancia (PcD)<\/strong><\/p>\n\n\n\n<p>Escolaridade \u2013 ensino m\u00e9dio completo;<\/p>\n\n\n\n<p>Experi\u00eancia \u2013 seis meses na Carteira de Trabalho;<\/p>\n\n\n\n<p>Requisitos obrigat\u00f3rios \u2013 ter inform\u00e1tica avan\u00e7ada e documenta\u00e7\u00e3o completa;<\/p>\n\n\n\n<p>Atividades \u2013 receber valores de vendas de produtos e servi\u00e7os; controlar numer\u00e1rios e valores; atender o p\u00fablico na recep\u00e7\u00e3o; prestar informa\u00e7\u00f5es ao p\u00fablico, sobre itiner\u00e1rios, hor\u00e1rios, pre\u00e7os, locais, dura\u00e7\u00e3o de espet\u00e1culos e promo\u00e7\u00f5es; preencher formul\u00e1rios e relat\u00f3rios administrativos.<\/p>\n\n\n\n<p>Dispon\u00edvel at\u00e9 22\/04\/2024 ou encerramento da vaga.<\/p>\n\n\n\n<p><strong>1 vaga \u2013 Atendente de Delivery \u2013 vaga exclusiva para Pessoa com Defici\u00eancia (PcD)<\/strong><\/p>\n\n\n\n<p>Escolaridade \u2013 ensino m\u00e9dio completo;<\/p>\n\n\n\n<p>Experi\u00eancia \u2013 n\u00e3o \u00e9 necess\u00e1rio;<\/p>\n\n\n\n<p>Requisitos obrigat\u00f3rios \u2013 ter experi\u00eancia em atendimento ao cliente, inform\u00e1tica avan\u00e7ada e documenta\u00e7\u00e3o completa;<\/p>\n\n\n\n<p>Atividades \u2013 prestar atendimento ao cliente via telefone e presencialmente; recepcionar clientes, apresentar produtos, realizar a organiza\u00e7\u00e3o de prateleiras, estocagem e organiza\u00e7\u00e3o do local.<\/p>\n\n\n\n<p>Dispon\u00edvel at\u00e9 22\/04\/2024 ou encerramento da vaga.<\/p>\n\n\n\n<p><strong>2 vagas \u2013 Auxiliar Administrativo \u2013 vagas exclusivas para Pessoas com Defici\u00eancia (PcD)<\/strong><\/p>\n\n\n\n<p>Escolaridade \u2013 ensino m\u00e9dio completo;<\/p>\n\n\n\n<p>Experi\u00eancia \u2013 seis meses na Carteira de Trabalho;<\/p>\n\n\n\n<p>Requisitos obrigat\u00f3rios \u2013 ter conhecimento em Excel avan\u00e7ado, experi\u00eancia em elaborar planilhas de m\u00e9dia\/alta complexidade e documenta\u00e7\u00e3o completa;<\/p>\n\n\n\n<p>Atividades \u2013 estruturar e organizar arquivos de documentos, preencher planilhas e formul\u00e1rios, elaborar relat\u00f3rios e realizar atendimentos aos colaboradores.<\/p>\n\n\n\n<p>Dispon\u00edvel at\u00e9 22\/04\/2024 ou encerramento da vaga.<\/p>\n\n\n\n<p>&#8212; &#8212; &#8212;<\/p>\n\n\n\n<p><strong>Texto \u2013&nbsp;<\/strong>Divulga\u00e7\u00e3o \/ Semtepi<\/p>\n\n\n\n<p><strong>Fotos \u2013&nbsp;<\/strong>Arquivo \/ Semcom<\/p>\n","protected":false},"excerpt":{"rendered":"","protected":false},"author":61,"featured_media":4576,"comment_status":"closed","ping_status":"closed","sticky":false,"template":"","format":"standard","meta":{"footnotes":""},"categories":[760],"tags":[8,9,10,65],"acf":[],"yoast_head":"<!-- This site is optimized with the Yoast SEO plugin v23.0 - https:\/\/yoast.com\/wordpress\/plugins\/seo\/ -->\n<title>Sine Manaus tem 248 vagas de emprego nesta segunda-feira, 22\/4<\/title>\n<meta name=\"description\" content=\"A Prefeitura de Manaus oferta 248 vagas de emprego em v\u00e1rias \u00e1reas de atua\u00e7\u00e3o, nesta segunda-feira, 22\/4, de 8h \u00e0s 14h.\" \/>\n<meta name=\"robots\" content=\"noindex, follow\" \/>\n<meta property=\"og:locale\" content=\"pt_BR\" \/>\n<meta property=\"og:type\" content=\"article\" \/>\n<meta property=\"og:title\" content=\"Sine Manaus tem 248 vagas de emprego nesta segunda-feira, 22\/4\" \/>\n<meta property=\"og:description\" content=\"A Prefeitura de Manaus oferta 248 vagas de emprego em v\u00e1rias \u00e1reas de atua\u00e7\u00e3o, nesta segunda-feira, 22\/4, de 8h \u00e0s 14h.\" \/>\n<meta property=\"og:url\" content=\"https:\/\/www.manaus.am.gov.br\/semtepi\/emprego\/sine-vagas-segunda-feira-2\/\" \/>\n<meta property=\"og:site_name\" content=\"SEMTEPI\" \/>\n<meta property=\"article:published_time\" content=\"2024-04-21T13:26:57+00:00\" \/>\n<meta property=\"article:modified_time\" content=\"2024-04-21T13:26:58+00:00\" \/>\n<meta property=\"og:image\" content=\"https:\/\/www.manaus.am.gov.br\/semtepi\/wp-content\/uploads\/sites\/20\/2024\/04\/Vagas-Sine-3.jpg\" \/>\n\t<meta property=\"og:image:width\" content=\"799\" \/>\n\t<meta property=\"og:image:height\" content=\"533\" \/>\n\t<meta property=\"og:image:type\" content=\"image\/jpeg\" \/>\n<meta name=\"author\" content=\"smonteiro\" \/>\n<meta name=\"twitter:card\" content=\"summary_large_image\" \/>\n<meta name=\"twitter:label1\" content=\"Written by\" \/>\n\t<meta name=\"twitter:data1\" content=\"smonteiro\" \/>\n\t<meta name=\"twitter:label2\" content=\"Est. reading time\" \/>\n\t<meta name=\"twitter:data2\" content=\"30 minutos\" \/>\n<script type=\"application\/ld+json\" class=\"yoast-schema-graph\">{\"@context\":\"https:\/\/schema.org\",\"@graph\":[{\"@type\":\"Article\",\"@id\":\"https:\/\/www.manaus.am.gov.br\/semtepi\/emprego\/sine-vagas-segunda-feira-2\/#article\",\"isPartOf\":{\"@id\":\"https:\/\/www.manaus.am.gov.br\/semtepi\/emprego\/sine-vagas-segunda-feira-2\/\"},\"author\":{\"name\":\"smonteiro\",\"@id\":\"https:\/\/www.manaus.am.gov.br\/semtepi\/#\/schema\/person\/ab4dcf766a54dff74e8d267f5c591961\"},\"headline\":\"Sine Manaus oferta 248 vagas de emprego nesta segunda-feira, 22\/4\",\"datePublished\":\"2024-04-21T13:26:57+00:00\",\"dateModified\":\"2024-04-21T13:26:58+00:00\",\"mainEntityOfPage\":{\"@id\":\"https:\/\/www.manaus.am.gov.br\/semtepi\/emprego\/sine-vagas-segunda-feira-2\/\"},\"wordCount\":6106,\"publisher\":{\"@id\":\"https:\/\/www.manaus.am.gov.br\/semtepi\/#organization\"},\"image\":{\"@id\":\"https:\/\/www.manaus.am.gov.br\/semtepi\/emprego\/sine-vagas-segunda-feira-2\/#primaryimage\"},\"thumbnailUrl\":\"https:\/\/www.manaus.am.gov.br\/semtepi\/wp-content\/uploads\/sites\/20\/2024\/04\/Vagas-Sine-3.jpg\",\"keywords\":[\"prefeitura de manaus\",\"Semtepi\",\"sine manaus\",\"vagas de emprego\"],\"articleSection\":[\"Emprego\"],\"inLanguage\":\"pt-BR\"},{\"@type\":\"WebPage\",\"@id\":\"https:\/\/www.manaus.am.gov.br\/semtepi\/emprego\/sine-vagas-segunda-feira-2\/\",\"url\":\"https:\/\/www.manaus.am.gov.br\/semtepi\/emprego\/sine-vagas-segunda-feira-2\/\",\"name\":\"Sine Manaus tem 248 vagas de emprego nesta segunda-feira, 22\/4\",\"isPartOf\":{\"@id\":\"https:\/\/www.manaus.am.gov.br\/semtepi\/#website\"},\"primaryImageOfPage\":{\"@id\":\"https:\/\/www.manaus.am.gov.br\/semtepi\/emprego\/sine-vagas-segunda-feira-2\/#primaryimage\"},\"image\":{\"@id\":\"https:\/\/www.manaus.am.gov.br\/semtepi\/emprego\/sine-vagas-segunda-feira-2\/#primaryimage\"},\"thumbnailUrl\":\"https:\/\/www.manaus.am.gov.br\/semtepi\/wp-content\/uploads\/sites\/20\/2024\/04\/Vagas-Sine-3.jpg\",\"datePublished\":\"2024-04-21T13:26:57+00:00\",\"dateModified\":\"2024-04-21T13:26:58+00:00\",\"description\":\"A Prefeitura de Manaus oferta 248 vagas de emprego em v\u00e1rias \u00e1reas de atua\u00e7\u00e3o, nesta segunda-feira, 22\/4, de 8h \u00e0s 14h.\",\"breadcrumb\":{\"@id\":\"https:\/\/www.manaus.am.gov.br\/semtepi\/emprego\/sine-vagas-segunda-feira-2\/#breadcrumb\"},\"inLanguage\":\"pt-BR\",\"potentialAction\":[{\"@type\":\"ReadAction\",\"target\":[\"https:\/\/www.manaus.am.gov.br\/semtepi\/emprego\/sine-vagas-segunda-feira-2\/\"]}]},{\"@type\":\"ImageObject\",\"inLanguage\":\"pt-BR\",\"@id\":\"https:\/\/www.manaus.am.gov.br\/semtepi\/emprego\/sine-vagas-segunda-feira-2\/#primaryimage\",\"url\":\"https:\/\/www.manaus.am.gov.br\/semtepi\/wp-content\/uploads\/sites\/20\/2024\/04\/Vagas-Sine-3.jpg\",\"contentUrl\":\"https:\/\/www.manaus.am.gov.br\/semtepi\/wp-content\/uploads\/sites\/20\/2024\/04\/Vagas-Sine-3.jpg\",\"width\":799,\"height\":533,\"caption\":\"#paratodosverem - servidora do Sine Manaus atendendo candidato a vaga de emprego\"},{\"@type\":\"BreadcrumbList\",\"@id\":\"https:\/\/www.manaus.am.gov.br\/semtepi\/emprego\/sine-vagas-segunda-feira-2\/#breadcrumb\",\"itemListElement\":[{\"@type\":\"ListItem\",\"position\":1,\"name\":\"Home\",\"item\":\"https:\/\/www.manaus.am.gov.br\/semtepi\/\"},{\"@type\":\"ListItem\",\"position\":2,\"name\":\"Sine Manaus oferta 248 vagas de emprego nesta segunda-feira, 22\/4\"}]},{\"@type\":\"WebSite\",\"@id\":\"https:\/\/www.manaus.am.gov.br\/semtepi\/#website\",\"url\":\"https:\/\/www.manaus.am.gov.br\/semtepi\/\",\"name\":\"SEMTEPI\",\"description\":\"Prefeitura de Manaus\",\"publisher\":{\"@id\":\"https:\/\/www.manaus.am.gov.br\/semtepi\/#organization\"},\"alternateName\":\"Secretaria Municipal do Trabalho, Empreendedorismo e Inova\u00e7\u00e3o\",\"potentialAction\":[{\"@type\":\"SearchAction\",\"target\":{\"@type\":\"EntryPoint\",\"urlTemplate\":\"https:\/\/www.manaus.am.gov.br\/semtepi\/?s={search_term_string}\"},\"query-input\":\"required name=search_term_string\"}],\"inLanguage\":\"pt-BR\"},{\"@type\":\"Organization\",\"@id\":\"https:\/\/www.manaus.am.gov.br\/semtepi\/#organization\",\"name\":\"Prefeitura Municipal de Manaus\",\"alternateName\":\"Prefeitura de Manaus\",\"url\":\"https:\/\/www.manaus.am.gov.br\/semtepi\/\",\"logo\":{\"@type\":\"ImageObject\",\"inLanguage\":\"pt-BR\",\"@id\":\"https:\/\/www.manaus.am.gov.br\/semtepi\/#\/schema\/logo\/image\/\",\"url\":\"https:\/\/www.manaus.am.gov.br\/semtepi\/wp-content\/uploads\/sites\/20\/2024\/07\/favicon.png\",\"contentUrl\":\"https:\/\/www.manaus.am.gov.br\/semtepi\/wp-content\/uploads\/sites\/20\/2024\/07\/favicon.png\",\"width\":300,\"height\":300,\"caption\":\"Prefeitura Municipal de Manaus\"},\"image\":{\"@id\":\"https:\/\/www.manaus.am.gov.br\/semtepi\/#\/schema\/logo\/image\/\"}},{\"@type\":\"Person\",\"@id\":\"https:\/\/www.manaus.am.gov.br\/semtepi\/#\/schema\/person\/ab4dcf766a54dff74e8d267f5c591961\",\"name\":\"smonteiro\",\"image\":{\"@type\":\"ImageObject\",\"inLanguage\":\"pt-BR\",\"@id\":\"https:\/\/www.manaus.am.gov.br\/semtepi\/#\/schema\/person\/image\/\",\"url\":\"https:\/\/secure.gravatar.com\/avatar\/21c8776ef61d9272c73322052e042d77?s=96&d=mm&r=g\",\"contentUrl\":\"https:\/\/secure.gravatar.com\/avatar\/21c8776ef61d9272c73322052e042d77?s=96&d=mm&r=g\",\"caption\":\"smonteiro\"}}]}<\/script>\n<!-- \/ Yoast SEO plugin. -->","yoast_head_json":{"title":"Sine Manaus tem 248 vagas de emprego nesta segunda-feira, 22\/4","description":"A Prefeitura de Manaus oferta 248 vagas de emprego em v\u00e1rias \u00e1reas de atua\u00e7\u00e3o, nesta segunda-feira, 22\/4, de 8h \u00e0s 14h.","robots":{"index":"noindex","follow":"follow"},"og_locale":"pt_BR","og_type":"article","og_title":"Sine Manaus tem 248 vagas de emprego nesta segunda-feira, 22\/4","og_description":"A Prefeitura de Manaus oferta 248 vagas de emprego em v\u00e1rias \u00e1reas de atua\u00e7\u00e3o, nesta segunda-feira, 22\/4, de 8h \u00e0s 14h.","og_url":"https:\/\/www.manaus.am.gov.br\/semtepi\/emprego\/sine-vagas-segunda-feira-2\/","og_site_name":"SEMTEPI","article_published_time":"2024-04-21T13:26:57+00:00","article_modified_time":"2024-04-21T13:26:58+00:00","og_image":[{"width":799,"height":533,"url":"https:\/\/www.manaus.am.gov.br\/semtepi\/wp-content\/uploads\/sites\/20\/2024\/04\/Vagas-Sine-3.jpg","type":"image\/jpeg"}],"author":"smonteiro","twitter_card":"summary_large_image","twitter_misc":{"Written by":"smonteiro","Est. reading time":"30 minutos"},"schema":{"@context":"https:\/\/schema.org","@graph":[{"@type":"Article","@id":"https:\/\/www.manaus.am.gov.br\/semtepi\/emprego\/sine-vagas-segunda-feira-2\/#article","isPartOf":{"@id":"https:\/\/www.manaus.am.gov.br\/semtepi\/emprego\/sine-vagas-segunda-feira-2\/"},"author":{"name":"smonteiro","@id":"https:\/\/www.manaus.am.gov.br\/semtepi\/#\/schema\/person\/ab4dcf766a54dff74e8d267f5c591961"},"headline":"Sine Manaus oferta 248 vagas de emprego nesta segunda-feira, 22\/4","datePublished":"2024-04-21T13:26:57+00:00","dateModified":"2024-04-21T13:26:58+00:00","mainEntityOfPage":{"@id":"https:\/\/www.manaus.am.gov.br\/semtepi\/emprego\/sine-vagas-segunda-feira-2\/"},"wordCount":6106,"publisher":{"@id":"https:\/\/www.manaus.am.gov.br\/semtepi\/#organization"},"image":{"@id":"https:\/\/www.manaus.am.gov.br\/semtepi\/emprego\/sine-vagas-segunda-feira-2\/#primaryimage"},"thumbnailUrl":"https:\/\/www.manaus.am.gov.br\/semtepi\/wp-content\/uploads\/sites\/20\/2024\/04\/Vagas-Sine-3.jpg","keywords":["prefeitura de manaus","Semtepi","sine manaus","vagas de emprego"],"articleSection":["Emprego"],"inLanguage":"pt-BR"},{"@type":"WebPage","@id":"https:\/\/www.manaus.am.gov.br\/semtepi\/emprego\/sine-vagas-segunda-feira-2\/","url":"https:\/\/www.manaus.am.gov.br\/semtepi\/emprego\/sine-vagas-segunda-feira-2\/","name":"Sine Manaus tem 248 vagas de emprego nesta segunda-feira, 22\/4","isPartOf":{"@id":"https:\/\/www.manaus.am.gov.br\/semtepi\/#website"},"primaryImageOfPage":{"@id":"https:\/\/www.manaus.am.gov.br\/semtepi\/emprego\/sine-vagas-segunda-feira-2\/#primaryimage"},"image":{"@id":"https:\/\/www.manaus.am.gov.br\/semtepi\/emprego\/sine-vagas-segunda-feira-2\/#primaryimage"},"thumbnailUrl":"https:\/\/www.manaus.am.gov.br\/semtepi\/wp-content\/uploads\/sites\/20\/2024\/04\/Vagas-Sine-3.jpg","datePublished":"2024-04-21T13:26:57+00:00","dateModified":"2024-04-21T13:26:58+00:00","description":"A Prefeitura de Manaus oferta 248 vagas de emprego em v\u00e1rias \u00e1reas de atua\u00e7\u00e3o, nesta segunda-feira, 22\/4, de 8h \u00e0s 14h.","breadcrumb":{"@id":"https:\/\/www.manaus.am.gov.br\/semtepi\/emprego\/sine-vagas-segunda-feira-2\/#breadcrumb"},"inLanguage":"pt-BR","potentialAction":[{"@type":"ReadAction","target":["https:\/\/www.manaus.am.gov.br\/semtepi\/emprego\/sine-vagas-segunda-feira-2\/"]}]},{"@type":"ImageObject","inLanguage":"pt-BR","@id":"https:\/\/www.manaus.am.gov.br\/semtepi\/emprego\/sine-vagas-segunda-feira-2\/#primaryimage","url":"https:\/\/www.manaus.am.gov.br\/semtepi\/wp-content\/uploads\/sites\/20\/2024\/04\/Vagas-Sine-3.jpg","contentUrl":"https:\/\/www.manaus.am.gov.br\/semtepi\/wp-content\/uploads\/sites\/20\/2024\/04\/Vagas-Sine-3.jpg","width":799,"height":533,"caption":"#paratodosverem - servidora do Sine Manaus atendendo candidato a vaga de emprego"},{"@type":"BreadcrumbList","@id":"https:\/\/www.manaus.am.gov.br\/semtepi\/emprego\/sine-vagas-segunda-feira-2\/#breadcrumb","itemListElement":[{"@type":"ListItem","position":1,"name":"Home","item":"https:\/\/www.manaus.am.gov.br\/semtepi\/"},{"@type":"ListItem","position":2,"name":"Sine Manaus oferta 248 vagas de emprego nesta segunda-feira, 22\/4"}]},{"@type":"WebSite","@id":"https:\/\/www.manaus.am.gov.br\/semtepi\/#website","url":"https:\/\/www.manaus.am.gov.br\/semtepi\/","name":"SEMTEPI","description":"Prefeitura de Manaus","publisher":{"@id":"https:\/\/www.manaus.am.gov.br\/semtepi\/#organization"},"alternateName":"Secretaria Municipal do Trabalho, Empreendedorismo e Inova\u00e7\u00e3o","potentialAction":[{"@type":"SearchAction","target":{"@type":"EntryPoint","urlTemplate":"https:\/\/www.manaus.am.gov.br\/semtepi\/?s={search_term_string}"},"query-input":"required name=search_term_string"}],"inLanguage":"pt-BR"},{"@type":"Organization","@id":"https:\/\/www.manaus.am.gov.br\/semtepi\/#organization","name":"Prefeitura Municipal de Manaus","alternateName":"Prefeitura de Manaus","url":"https:\/\/www.manaus.am.gov.br\/semtepi\/","logo":{"@type":"ImageObject","inLanguage":"pt-BR","@id":"https:\/\/www.manaus.am.gov.br\/semtepi\/#\/schema\/logo\/image\/","url":"https:\/\/www.manaus.am.gov.br\/semtepi\/wp-content\/uploads\/sites\/20\/2024\/07\/favicon.png","contentUrl":"https:\/\/www.manaus.am.gov.br\/semtepi\/wp-content\/uploads\/sites\/20\/2024\/07\/favicon.png","width":300,"height":300,"caption":"Prefeitura Municipal de Manaus"},"image":{"@id":"https:\/\/www.manaus.am.gov.br\/semtepi\/#\/schema\/logo\/image\/"}},{"@type":"Person","@id":"https:\/\/www.manaus.am.gov.br\/semtepi\/#\/schema\/person\/ab4dcf766a54dff74e8d267f5c591961","name":"smonteiro","image":{"@type":"ImageObject","inLanguage":"pt-BR","@id":"https:\/\/www.manaus.am.gov.br\/semtepi\/#\/schema\/person\/image\/","url":"https:\/\/secure.gravatar.com\/avatar\/21c8776ef61d9272c73322052e042d77?s=96&d=mm&r=g","contentUrl":"https:\/\/secure.gravatar.com\/avatar\/21c8776ef61d9272c73322052e042d77?s=96&d=mm&r=g","caption":"smonteiro"}}]}},"_links":{"self":[{"href":"https:\/\/www.manaus.am.gov.br\/semtepi\/wp-json\/wp\/v2\/posts\/4575"}],"collection":[{"href":"https:\/\/www.manaus.am.gov.br\/semtepi\/wp-json\/wp\/v2\/posts"}],"about":[{"href":"https:\/\/www.manaus.am.gov.br\/semtepi\/wp-json\/wp\/v2\/types\/post"}],"author":[{"embeddable":true,"href":"https:\/\/www.manaus.am.gov.br\/semtepi\/wp-json\/wp\/v2\/users\/61"}],"replies":[{"embeddable":true,"href":"https:\/\/www.manaus.am.gov.br\/semtepi\/wp-json\/wp\/v2\/comments?post=4575"}],"version-history":[{"count":0,"href":"https:\/\/www.manaus.am.gov.br\/semtepi\/wp-json\/wp\/v2\/posts\/4575\/revisions"}],"wp:featuredmedia":[{"embeddable":true,"href":"https:\/\/www.manaus.am.gov.br\/semtepi\/wp-json\/wp\/v2\/media\/4576"}],"wp:attachment":[{"href":"https:\/\/www.manaus.am.gov.br\/semtepi\/wp-json\/wp\/v2\/media?parent=4575"}],"wp:term":[{"taxonomy":"category","embeddable":true,"href":"https:\/\/www.manaus.am.gov.br\/semtepi\/wp-json\/wp\/v2\/categories?post=4575"},{"taxonomy":"post_tag","embeddable":true,"href":"https:\/\/www.manaus.am.gov.br\/semtepi\/wp-json\/wp\/v2\/tags?post=4575"}],"curies":[{"name":"wp","href":"https:\/\/api.w.org\/{rel}","templated":true}]}}