{"id":4553,"date":"2024-04-18T10:15:42","date_gmt":"2024-04-18T14:15:42","guid":{"rendered":"https:\/\/www.manaus.am.gov.br\/semtepi\/sem-categoria\/prefeitura-feirafolclorica\/"},"modified":"2024-04-18T10:50:15","modified_gmt":"2024-04-18T14:50:15","slug":"prefeitura-feirafolclorica","status":"publish","type":"post","link":"https:\/\/www.manaus.am.gov.br\/semtepi\/exposicao\/prefeitura-feirafolclorica\/","title":{"rendered":"Prefeitura de Manaus leva economia criativa para a 2\u00aa edi\u00e7\u00e3o da Feira Folcl\u00f3rica de Manaus"},"content":{"rendered":"\n<p>A Prefeitura de Manaus, por meio da Secretaria Municipal do Trabalho, Empreendedorismo e Inova\u00e7\u00e3o (Semtepi), participa, a partir desta sexta-feira, 19\/4, da 2\u00aa edi\u00e7\u00e3o da Feira Folcl\u00f3rica de Manaus, que acontece das 19h at\u00e9 0h, na arena do Centro Cultural Povos da Amaz\u00f4nia,&nbsp;na rotat\u00f3ria da Suframa, na avenida Silves, n\u00ba 2.222, bairro Crespo, zona Sul da cidade.<\/p>\n\n\n\n<p>Promovida pelo Instituto de Inova\u00e7\u00e3o Desportiva e Cultural da Amaz\u00f4nia (Idama), a feira tem o objetivo de fortalecer o empreendedorismo, gerar renda e consolidar o artesanato como cultura e economia, al\u00e9m de iniciar os festejos juninos em Manaus.<\/p>\n\n\n\n<p>\u201cNossa participa\u00e7\u00e3o na feira folcl\u00f3rica vai contribuir para que nossos artes\u00e3os possam melhorar sua renda e divulgar seu trabalho. A parceria com o Idama abriu portas para que, mais uma vez, estejamos em locais estrat\u00e9gicos e possamos fornecer um espa\u00e7o gratuito aos empreendedores cadastrados na Semtepi\u201d, afirmou o diretor de Economia Solid\u00e1ria e Criativa (Desc),&nbsp;<a>Arllen Oliveira.<\/a><\/p>\n\n\n\n<p>A feira de artesanato da Semtepi \u00e9 totalmente gratuita e vai funcionar toda sexta, s\u00e1bado e domingo, at\u00e9 5 de maio, levando 15 artes\u00e3os para expor seus produtos, como artigos confeccionados \u00e0 m\u00e3o, biojoias, la\u00e7os, pantufas, produtos feitos com resina, massa de biscuit, biscoitos, bonecas, acess\u00f3rios de cozinha, entre outros.<\/p>\n\n\n\n<p>Fundadora do R.A Artesanatos &amp; Variedades, a empreendedora Raimara Pinheiro, que trabalha h\u00e1 dois anos com artesanatos de mi\u00e7angas confeccionados \u00e0 m\u00e3o, declarou que a participa\u00e7\u00e3o na feira aumentou seus rendimentos financeiros. A artes\u00e3 tamb\u00e9m afirmou que o empreendimento \u00e9 sua \u00fanica fonte de renda.<\/p>\n\n\n\n<p>\u201cA feira da Semtepi sempre me proporciona oportunidade de crescimento e renda. Se hoje eu estou aqui, \u00e9 porque a secretaria sempre esteve comigo. Tivemos \u00f3timas experi\u00eancias em todas as feiras que participamos. Obtive muito crescimento no meu empreendimento a partir de v\u00e1rios eventos, novos clientes e tamb\u00e9m com os cursos e as palestras\u201d, destacou Raimara.<\/p>\n\n\n\n<p>&#8212; &#8212; &#8212; &nbsp;<\/p>\n\n\n\n<p><strong>Texto \u2013&nbsp;<\/strong>Fabiane Monteiro \/ Semtepi<\/p>\n\n\n\n<p><strong>Fotos \u2013&nbsp;<\/strong>Divulga\u00e7\u00e3o \/ Semtepi<\/p>\n","protected":false},"excerpt":{"rendered":"","protected":false},"author":23,"featured_media":4554,"comment_status":"closed","ping_status":"closed","sticky":false,"template":"","format":"standard","meta":{"footnotes":""},"categories":[1059],"tags":[531,766,1060,8,9],"acf":[],"yoast_head":"<!-- This site is optimized with the Yoast SEO plugin v23.0 - https:\/\/yoast.com\/wordpress\/plugins\/seo\/ -->\n<title>Prefeitura de Manaus leva economia criativa para a 2\u00aa edi\u00e7\u00e3o da Feira Folcl\u00f3rica de Manaus<\/title>\n<meta name=\"description\" content=\"A Prefeitura de Manaus, por meio da Secretaria Municipal do Trabalho, Empreendedorismo e Inova\u00e7\u00e3o (Semtepi), participa, a partir desta sexta-feira, 19\/4, da 2\u00aa edi\u00e7\u00e3o da Feira Folcl\u00f3rica de Manaus, que acontece das 19h at\u00e9 0h, na arena do Centro Cultural Povos da Amaz\u00f4nia, na rotat\u00f3ria da Suframa, na avenida Silves, n\u00ba 2.222, bairro Crespo, zona Sul da cidade.\" \/>\n<meta name=\"robots\" content=\"noindex, follow\" \/>\n<meta property=\"og:locale\" content=\"pt_BR\" \/>\n<meta property=\"og:type\" content=\"article\" \/>\n<meta property=\"og:title\" content=\"Prefeitura de Manaus leva economia criativa para a 2\u00aa edi\u00e7\u00e3o da Feira Folcl\u00f3rica de Manaus\" \/>\n<meta property=\"og:description\" content=\"A Prefeitura de Manaus, por meio da Secretaria Municipal do Trabalho, Empreendedorismo e Inova\u00e7\u00e3o (Semtepi), participa, a partir desta sexta-feira, 19\/4, da 2\u00aa edi\u00e7\u00e3o da Feira Folcl\u00f3rica de Manaus, que acontece das 19h at\u00e9 0h, na arena do Centro Cultural Povos da Amaz\u00f4nia, na rotat\u00f3ria da Suframa, na avenida Silves, n\u00ba 2.222, bairro Crespo, zona Sul da cidade.\" \/>\n<meta property=\"og:url\" content=\"https:\/\/www.manaus.am.gov.br\/semtepi\/exposicao\/prefeitura-feirafolclorica\/\" \/>\n<meta property=\"og:site_name\" content=\"SEMTEPI\" \/>\n<meta property=\"article:published_time\" content=\"2024-04-18T14:15:42+00:00\" \/>\n<meta property=\"article:modified_time\" content=\"2024-04-18T14:50:15+00:00\" \/>\n<meta property=\"og:image\" content=\"https:\/\/www.manaus.am.gov.br\/semtepi\/wp-content\/uploads\/sites\/20\/2024\/04\/IMG_4731.jpeg\" \/>\n\t<meta property=\"og:image:width\" content=\"2048\" \/>\n\t<meta property=\"og:image:height\" content=\"1536\" \/>\n\t<meta property=\"og:image:type\" content=\"image\/jpeg\" \/>\n<meta name=\"author\" content=\"Adriana Costa\" \/>\n<meta name=\"twitter:card\" content=\"summary_large_image\" \/>\n<meta name=\"twitter:label1\" content=\"Written by\" \/>\n\t<meta name=\"twitter:data1\" content=\"Adriana Costa\" \/>\n\t<meta name=\"twitter:label2\" content=\"Est. reading time\" \/>\n\t<meta name=\"twitter:data2\" content=\"2 minutos\" \/>\n<script type=\"application\/ld+json\" class=\"yoast-schema-graph\">{\"@context\":\"https:\/\/schema.org\",\"@graph\":[{\"@type\":\"Article\",\"@id\":\"https:\/\/www.manaus.am.gov.br\/semtepi\/exposicao\/prefeitura-feirafolclorica\/#article\",\"isPartOf\":{\"@id\":\"https:\/\/www.manaus.am.gov.br\/semtepi\/exposicao\/prefeitura-feirafolclorica\/\"},\"author\":{\"name\":\"Adriana Costa\",\"@id\":\"https:\/\/www.manaus.am.gov.br\/semtepi\/#\/schema\/person\/4e49f4e267757a06ca072ec61b2b9968\"},\"headline\":\"Prefeitura de Manaus leva economia criativa para a 2\u00aa edi\u00e7\u00e3o da Feira Folcl\u00f3rica de Manaus\",\"datePublished\":\"2024-04-18T14:15:42+00:00\",\"dateModified\":\"2024-04-18T14:50:15+00:00\",\"mainEntityOfPage\":{\"@id\":\"https:\/\/www.manaus.am.gov.br\/semtepi\/exposicao\/prefeitura-feirafolclorica\/\"},\"wordCount\":353,\"publisher\":{\"@id\":\"https:\/\/www.manaus.am.gov.br\/semtepi\/#organization\"},\"image\":{\"@id\":\"https:\/\/www.manaus.am.gov.br\/semtepi\/exposicao\/prefeitura-feirafolclorica\/#primaryimage\"},\"thumbnailUrl\":\"https:\/\/www.manaus.am.gov.br\/semtepi\/wp-content\/uploads\/sites\/20\/2024\/04\/IMG_4731.jpeg\",\"keywords\":[\"Economia Criativa\",\"exposi\u00e7\u00e3o\",\"feira folcl\u00f3rica\",\"prefeitura de manaus\",\"Semtepi\"],\"articleSection\":[\"Exposi\u00e7\u00e3o\"],\"inLanguage\":\"pt-BR\"},{\"@type\":\"WebPage\",\"@id\":\"https:\/\/www.manaus.am.gov.br\/semtepi\/exposicao\/prefeitura-feirafolclorica\/\",\"url\":\"https:\/\/www.manaus.am.gov.br\/semtepi\/exposicao\/prefeitura-feirafolclorica\/\",\"name\":\"Prefeitura de Manaus leva economia criativa para a 2\u00aa edi\u00e7\u00e3o da Feira Folcl\u00f3rica de Manaus\",\"isPartOf\":{\"@id\":\"https:\/\/www.manaus.am.gov.br\/semtepi\/#website\"},\"primaryImageOfPage\":{\"@id\":\"https:\/\/www.manaus.am.gov.br\/semtepi\/exposicao\/prefeitura-feirafolclorica\/#primaryimage\"},\"image\":{\"@id\":\"https:\/\/www.manaus.am.gov.br\/semtepi\/exposicao\/prefeitura-feirafolclorica\/#primaryimage\"},\"thumbnailUrl\":\"https:\/\/www.manaus.am.gov.br\/semtepi\/wp-content\/uploads\/sites\/20\/2024\/04\/IMG_4731.jpeg\",\"datePublished\":\"2024-04-18T14:15:42+00:00\",\"dateModified\":\"2024-04-18T14:50:15+00:00\",\"description\":\"A Prefeitura de Manaus, por meio da Secretaria Municipal do Trabalho, Empreendedorismo e Inova\u00e7\u00e3o (Semtepi), participa, a partir desta sexta-feira, 19\/4, da 2\u00aa edi\u00e7\u00e3o da Feira Folcl\u00f3rica de Manaus, que acontece das 19h at\u00e9 0h, na arena do Centro Cultural Povos da Amaz\u00f4nia, na rotat\u00f3ria da Suframa, na avenida Silves, n\u00ba 2.222, bairro Crespo, zona Sul da cidade.\",\"breadcrumb\":{\"@id\":\"https:\/\/www.manaus.am.gov.br\/semtepi\/exposicao\/prefeitura-feirafolclorica\/#breadcrumb\"},\"inLanguage\":\"pt-BR\",\"potentialAction\":[{\"@type\":\"ReadAction\",\"target\":[\"https:\/\/www.manaus.am.gov.br\/semtepi\/exposicao\/prefeitura-feirafolclorica\/\"]}]},{\"@type\":\"ImageObject\",\"inLanguage\":\"pt-BR\",\"@id\":\"https:\/\/www.manaus.am.gov.br\/semtepi\/exposicao\/prefeitura-feirafolclorica\/#primaryimage\",\"url\":\"https:\/\/www.manaus.am.gov.br\/semtepi\/wp-content\/uploads\/sites\/20\/2024\/04\/IMG_4731.jpeg\",\"contentUrl\":\"https:\/\/www.manaus.am.gov.br\/semtepi\/wp-content\/uploads\/sites\/20\/2024\/04\/IMG_4731.jpeg\",\"width\":2048,\"height\":1536},{\"@type\":\"BreadcrumbList\",\"@id\":\"https:\/\/www.manaus.am.gov.br\/semtepi\/exposicao\/prefeitura-feirafolclorica\/#breadcrumb\",\"itemListElement\":[{\"@type\":\"ListItem\",\"position\":1,\"name\":\"Home\",\"item\":\"https:\/\/www.manaus.am.gov.br\/semtepi\/\"},{\"@type\":\"ListItem\",\"position\":2,\"name\":\"Prefeitura de Manaus leva economia criativa para a 2\u00aa edi\u00e7\u00e3o da Feira Folcl\u00f3rica de Manaus\"}]},{\"@type\":\"WebSite\",\"@id\":\"https:\/\/www.manaus.am.gov.br\/semtepi\/#website\",\"url\":\"https:\/\/www.manaus.am.gov.br\/semtepi\/\",\"name\":\"SEMTEPI\",\"description\":\"Prefeitura de Manaus\",\"publisher\":{\"@id\":\"https:\/\/www.manaus.am.gov.br\/semtepi\/#organization\"},\"alternateName\":\"Secretaria Municipal do Trabalho, Empreendedorismo e Inova\u00e7\u00e3o\",\"potentialAction\":[{\"@type\":\"SearchAction\",\"target\":{\"@type\":\"EntryPoint\",\"urlTemplate\":\"https:\/\/www.manaus.am.gov.br\/semtepi\/?s={search_term_string}\"},\"query-input\":\"required name=search_term_string\"}],\"inLanguage\":\"pt-BR\"},{\"@type\":\"Organization\",\"@id\":\"https:\/\/www.manaus.am.gov.br\/semtepi\/#organization\",\"name\":\"Prefeitura Municipal de Manaus\",\"alternateName\":\"Prefeitura de Manaus\",\"url\":\"https:\/\/www.manaus.am.gov.br\/semtepi\/\",\"logo\":{\"@type\":\"ImageObject\",\"inLanguage\":\"pt-BR\",\"@id\":\"https:\/\/www.manaus.am.gov.br\/semtepi\/#\/schema\/logo\/image\/\",\"url\":\"https:\/\/www.manaus.am.gov.br\/semtepi\/wp-content\/uploads\/sites\/20\/2024\/07\/favicon.png\",\"contentUrl\":\"https:\/\/www.manaus.am.gov.br\/semtepi\/wp-content\/uploads\/sites\/20\/2024\/07\/favicon.png\",\"width\":300,\"height\":300,\"caption\":\"Prefeitura Municipal de Manaus\"},\"image\":{\"@id\":\"https:\/\/www.manaus.am.gov.br\/semtepi\/#\/schema\/logo\/image\/\"}},{\"@type\":\"Person\",\"@id\":\"https:\/\/www.manaus.am.gov.br\/semtepi\/#\/schema\/person\/4e49f4e267757a06ca072ec61b2b9968\",\"name\":\"Adriana Costa\",\"image\":{\"@type\":\"ImageObject\",\"inLanguage\":\"pt-BR\",\"@id\":\"https:\/\/www.manaus.am.gov.br\/semtepi\/#\/schema\/person\/image\/\",\"url\":\"https:\/\/secure.gravatar.com\/avatar\/576258617ef7194f718179e766d57bd4?s=96&d=mm&r=g\",\"contentUrl\":\"https:\/\/secure.gravatar.com\/avatar\/576258617ef7194f718179e766d57bd4?s=96&d=mm&r=g\",\"caption\":\"Adriana Costa\"}}]}<\/script>\n<!-- \/ Yoast SEO plugin. -->","yoast_head_json":{"title":"Prefeitura de Manaus leva economia criativa para a 2\u00aa edi\u00e7\u00e3o da Feira Folcl\u00f3rica de Manaus","description":"A Prefeitura de Manaus, por meio da Secretaria Municipal do Trabalho, Empreendedorismo e Inova\u00e7\u00e3o (Semtepi), participa, a partir desta sexta-feira, 19\/4, da 2\u00aa edi\u00e7\u00e3o da Feira Folcl\u00f3rica de Manaus, que acontece das 19h at\u00e9 0h, na arena do Centro Cultural Povos da Amaz\u00f4nia, na rotat\u00f3ria da Suframa, na avenida Silves, n\u00ba 2.222, bairro Crespo, zona Sul da cidade.","robots":{"index":"noindex","follow":"follow"},"og_locale":"pt_BR","og_type":"article","og_title":"Prefeitura de Manaus leva economia criativa para a 2\u00aa edi\u00e7\u00e3o da Feira Folcl\u00f3rica de Manaus","og_description":"A Prefeitura de Manaus, por meio da Secretaria Municipal do Trabalho, Empreendedorismo e Inova\u00e7\u00e3o (Semtepi), participa, a partir desta sexta-feira, 19\/4, da 2\u00aa edi\u00e7\u00e3o da Feira Folcl\u00f3rica de Manaus, que acontece das 19h at\u00e9 0h, na arena do Centro Cultural Povos da Amaz\u00f4nia, na rotat\u00f3ria da Suframa, na avenida Silves, n\u00ba 2.222, bairro Crespo, zona Sul da cidade.","og_url":"https:\/\/www.manaus.am.gov.br\/semtepi\/exposicao\/prefeitura-feirafolclorica\/","og_site_name":"SEMTEPI","article_published_time":"2024-04-18T14:15:42+00:00","article_modified_time":"2024-04-18T14:50:15+00:00","og_image":[{"width":2048,"height":1536,"url":"https:\/\/www.manaus.am.gov.br\/semtepi\/wp-content\/uploads\/sites\/20\/2024\/04\/IMG_4731.jpeg","type":"image\/jpeg"}],"author":"Adriana Costa","twitter_card":"summary_large_image","twitter_misc":{"Written by":"Adriana Costa","Est. reading time":"2 minutos"},"schema":{"@context":"https:\/\/schema.org","@graph":[{"@type":"Article","@id":"https:\/\/www.manaus.am.gov.br\/semtepi\/exposicao\/prefeitura-feirafolclorica\/#article","isPartOf":{"@id":"https:\/\/www.manaus.am.gov.br\/semtepi\/exposicao\/prefeitura-feirafolclorica\/"},"author":{"name":"Adriana Costa","@id":"https:\/\/www.manaus.am.gov.br\/semtepi\/#\/schema\/person\/4e49f4e267757a06ca072ec61b2b9968"},"headline":"Prefeitura de Manaus leva economia criativa para a 2\u00aa edi\u00e7\u00e3o da Feira Folcl\u00f3rica de Manaus","datePublished":"2024-04-18T14:15:42+00:00","dateModified":"2024-04-18T14:50:15+00:00","mainEntityOfPage":{"@id":"https:\/\/www.manaus.am.gov.br\/semtepi\/exposicao\/prefeitura-feirafolclorica\/"},"wordCount":353,"publisher":{"@id":"https:\/\/www.manaus.am.gov.br\/semtepi\/#organization"},"image":{"@id":"https:\/\/www.manaus.am.gov.br\/semtepi\/exposicao\/prefeitura-feirafolclorica\/#primaryimage"},"thumbnailUrl":"https:\/\/www.manaus.am.gov.br\/semtepi\/wp-content\/uploads\/sites\/20\/2024\/04\/IMG_4731.jpeg","keywords":["Economia Criativa","exposi\u00e7\u00e3o","feira folcl\u00f3rica","prefeitura de manaus","Semtepi"],"articleSection":["Exposi\u00e7\u00e3o"],"inLanguage":"pt-BR"},{"@type":"WebPage","@id":"https:\/\/www.manaus.am.gov.br\/semtepi\/exposicao\/prefeitura-feirafolclorica\/","url":"https:\/\/www.manaus.am.gov.br\/semtepi\/exposicao\/prefeitura-feirafolclorica\/","name":"Prefeitura de Manaus leva economia criativa para a 2\u00aa edi\u00e7\u00e3o da Feira Folcl\u00f3rica de Manaus","isPartOf":{"@id":"https:\/\/www.manaus.am.gov.br\/semtepi\/#website"},"primaryImageOfPage":{"@id":"https:\/\/www.manaus.am.gov.br\/semtepi\/exposicao\/prefeitura-feirafolclorica\/#primaryimage"},"image":{"@id":"https:\/\/www.manaus.am.gov.br\/semtepi\/exposicao\/prefeitura-feirafolclorica\/#primaryimage"},"thumbnailUrl":"https:\/\/www.manaus.am.gov.br\/semtepi\/wp-content\/uploads\/sites\/20\/2024\/04\/IMG_4731.jpeg","datePublished":"2024-04-18T14:15:42+00:00","dateModified":"2024-04-18T14:50:15+00:00","description":"A Prefeitura de Manaus, por meio da Secretaria Municipal do Trabalho, Empreendedorismo e Inova\u00e7\u00e3o (Semtepi), participa, a partir desta sexta-feira, 19\/4, da 2\u00aa edi\u00e7\u00e3o da Feira Folcl\u00f3rica de Manaus, que acontece das 19h at\u00e9 0h, na arena do Centro Cultural Povos da Amaz\u00f4nia, na rotat\u00f3ria da Suframa, na avenida Silves, n\u00ba 2.222, bairro Crespo, zona Sul da cidade.","breadcrumb":{"@id":"https:\/\/www.manaus.am.gov.br\/semtepi\/exposicao\/prefeitura-feirafolclorica\/#breadcrumb"},"inLanguage":"pt-BR","potentialAction":[{"@type":"ReadAction","target":["https:\/\/www.manaus.am.gov.br\/semtepi\/exposicao\/prefeitura-feirafolclorica\/"]}]},{"@type":"ImageObject","inLanguage":"pt-BR","@id":"https:\/\/www.manaus.am.gov.br\/semtepi\/exposicao\/prefeitura-feirafolclorica\/#primaryimage","url":"https:\/\/www.manaus.am.gov.br\/semtepi\/wp-content\/uploads\/sites\/20\/2024\/04\/IMG_4731.jpeg","contentUrl":"https:\/\/www.manaus.am.gov.br\/semtepi\/wp-content\/uploads\/sites\/20\/2024\/04\/IMG_4731.jpeg","width":2048,"height":1536},{"@type":"BreadcrumbList","@id":"https:\/\/www.manaus.am.gov.br\/semtepi\/exposicao\/prefeitura-feirafolclorica\/#breadcrumb","itemListElement":[{"@type":"ListItem","position":1,"name":"Home","item":"https:\/\/www.manaus.am.gov.br\/semtepi\/"},{"@type":"ListItem","position":2,"name":"Prefeitura de Manaus leva economia criativa para a 2\u00aa edi\u00e7\u00e3o da Feira Folcl\u00f3rica de Manaus"}]},{"@type":"WebSite","@id":"https:\/\/www.manaus.am.gov.br\/semtepi\/#website","url":"https:\/\/www.manaus.am.gov.br\/semtepi\/","name":"SEMTEPI","description":"Prefeitura de Manaus","publisher":{"@id":"https:\/\/www.manaus.am.gov.br\/semtepi\/#organization"},"alternateName":"Secretaria Municipal do Trabalho, Empreendedorismo e Inova\u00e7\u00e3o","potentialAction":[{"@type":"SearchAction","target":{"@type":"EntryPoint","urlTemplate":"https:\/\/www.manaus.am.gov.br\/semtepi\/?s={search_term_string}"},"query-input":"required name=search_term_string"}],"inLanguage":"pt-BR"},{"@type":"Organization","@id":"https:\/\/www.manaus.am.gov.br\/semtepi\/#organization","name":"Prefeitura Municipal de Manaus","alternateName":"Prefeitura de Manaus","url":"https:\/\/www.manaus.am.gov.br\/semtepi\/","logo":{"@type":"ImageObject","inLanguage":"pt-BR","@id":"https:\/\/www.manaus.am.gov.br\/semtepi\/#\/schema\/logo\/image\/","url":"https:\/\/www.manaus.am.gov.br\/semtepi\/wp-content\/uploads\/sites\/20\/2024\/07\/favicon.png","contentUrl":"https:\/\/www.manaus.am.gov.br\/semtepi\/wp-content\/uploads\/sites\/20\/2024\/07\/favicon.png","width":300,"height":300,"caption":"Prefeitura Municipal de Manaus"},"image":{"@id":"https:\/\/www.manaus.am.gov.br\/semtepi\/#\/schema\/logo\/image\/"}},{"@type":"Person","@id":"https:\/\/www.manaus.am.gov.br\/semtepi\/#\/schema\/person\/4e49f4e267757a06ca072ec61b2b9968","name":"Adriana Costa","image":{"@type":"ImageObject","inLanguage":"pt-BR","@id":"https:\/\/www.manaus.am.gov.br\/semtepi\/#\/schema\/person\/image\/","url":"https:\/\/secure.gravatar.com\/avatar\/576258617ef7194f718179e766d57bd4?s=96&d=mm&r=g","contentUrl":"https:\/\/secure.gravatar.com\/avatar\/576258617ef7194f718179e766d57bd4?s=96&d=mm&r=g","caption":"Adriana Costa"}}]}},"_links":{"self":[{"href":"https:\/\/www.manaus.am.gov.br\/semtepi\/wp-json\/wp\/v2\/posts\/4553"}],"collection":[{"href":"https:\/\/www.manaus.am.gov.br\/semtepi\/wp-json\/wp\/v2\/posts"}],"about":[{"href":"https:\/\/www.manaus.am.gov.br\/semtepi\/wp-json\/wp\/v2\/types\/post"}],"author":[{"embeddable":true,"href":"https:\/\/www.manaus.am.gov.br\/semtepi\/wp-json\/wp\/v2\/users\/23"}],"replies":[{"embeddable":true,"href":"https:\/\/www.manaus.am.gov.br\/semtepi\/wp-json\/wp\/v2\/comments?post=4553"}],"version-history":[{"count":1,"href":"https:\/\/www.manaus.am.gov.br\/semtepi\/wp-json\/wp\/v2\/posts\/4553\/revisions"}],"predecessor-version":[{"id":4555,"href":"https:\/\/www.manaus.am.gov.br\/semtepi\/wp-json\/wp\/v2\/posts\/4553\/revisions\/4555"}],"wp:featuredmedia":[{"embeddable":true,"href":"https:\/\/www.manaus.am.gov.br\/semtepi\/wp-json\/wp\/v2\/media\/4554"}],"wp:attachment":[{"href":"https:\/\/www.manaus.am.gov.br\/semtepi\/wp-json\/wp\/v2\/media?parent=4553"}],"wp:term":[{"taxonomy":"category","embeddable":true,"href":"https:\/\/www.manaus.am.gov.br\/semtepi\/wp-json\/wp\/v2\/categories?post=4553"},{"taxonomy":"post_tag","embeddable":true,"href":"https:\/\/www.manaus.am.gov.br\/semtepi\/wp-json\/wp\/v2\/tags?post=4553"}],"curies":[{"name":"wp","href":"https:\/\/api.w.org\/{rel}","templated":true}]}}