{"id":4497,"date":"2024-04-12T08:41:42","date_gmt":"2024-04-12T12:41:42","guid":{"rendered":"https:\/\/www.manaus.am.gov.br\/semtepi\/sem-categoria\/nomeacao-semtepi\/"},"modified":"2024-04-12T09:59:21","modified_gmt":"2024-04-12T13:59:21","slug":"nomeacao-semtepi","status":"publish","type":"post","link":"https:\/\/www.manaus.am.gov.br\/semtepi\/gestao\/nomeacao-semtepi\/","title":{"rendered":"Prefeito nomeia Wagno Oliveira como secret\u00e1rio de Trabalho, Empreendedorismo e Inova\u00e7\u00e3o"},"content":{"rendered":"\n<p>O prefeito de Manaus, David Almeida, assinou, na quinta-feira, 11\/4, a nomea\u00e7\u00e3o de Wagno Oliveira como novo secret\u00e1rio municipal de Trabalho, Empreendedorismo e Inova\u00e7\u00e3o, em substitui\u00e7\u00e3o a Radyr J\u00fanior, que esteve \u00e0 frente da Secretaria Municipal do Trabalho, Empreendedorismo e Inova\u00e7\u00e3o (Semtepi), por tr\u00eas anos e tr\u00eas meses. O decreto de nomea\u00e7\u00e3o foi publicado no Di\u00e1rio Oficial do Munic\u00edpio (DOM).<\/p>\n\n\n\n<p>Wagno Oliveira j\u00e1 atuou como secret\u00e1rio-executivo da Prefeitura de Manaus, subsecret\u00e1rio municipal de Infraestrutura e secret\u00e1rio de Articula\u00e7\u00e3o Pol\u00edtica da gest\u00e3o. Durante um ano, foi subsecret\u00e1rio da Semtepi.<\/p>\n\n\n\n<p>Ele \u00e9 empres\u00e1rio na \u00e1rea de tecnologia, entretenimento e produtor de eventos. Possui forma\u00e7\u00e3o em Engenharia Civil e Administra\u00e7\u00e3o.<\/p>\n\n\n\n<p><strong>Nomea\u00e7\u00f5es<\/strong><\/p>\n\n\n\n<p>Conforme publicado no Di\u00e1rio Oficial, o novo subsecret\u00e1rio de assuntos administrativos da Semtepi ser\u00e1 Geison Assis, que esteve \u00e0 frente do Fundo Municipal de Empreendedorismo e Inova\u00e7\u00e3o (Fumipeq) por tr\u00eas anos. Por sua vez, o Comit\u00ea de Cr\u00e9dito Municipal\/Fumipeq ser\u00e1 comandado por Luan Fernandes.<\/p>\n\n\n\n<p>&#8212; &#8212; &#8212;<\/p>\n\n\n\n<p><strong>Fotos \u2013&nbsp;<\/strong>Phil Lima\/Semcom<\/p>\n","protected":false},"excerpt":{"rendered":"","protected":false},"author":23,"featured_media":4498,"comment_status":"closed","ping_status":"closed","sticky":false,"template":"","format":"standard","meta":{"footnotes":""},"categories":[91],"tags":[1054,8,9,1055],"acf":[],"yoast_head":"<!-- This site is optimized with the Yoast SEO plugin v23.0 - https:\/\/yoast.com\/wordpress\/plugins\/seo\/ -->\n<title>Prefeito nomeia Wagno Oliveira como secret\u00e1rio de Trabalho, Empreendedorismo e Inova\u00e7\u00e3o<\/title>\n<meta name=\"description\" content=\"O prefeito de Manaus, David Almeida, assinou, na quinta-feira, 11\/4, a nomea\u00e7\u00e3o de Wagno Oliveira como novo secret\u00e1rio municipal de Trabalho, Empreendedorismo e Inova\u00e7\u00e3o, em substitui\u00e7\u00e3o a Radyr J\u00fanior, que esteve \u00e0 frente da Secretaria Municipal do Trabalho, Empreendedorismo e Inova\u00e7\u00e3o (Semtepi), por tr\u00eas anos e tr\u00eas meses.\" \/>\n<meta name=\"robots\" content=\"noindex, follow\" \/>\n<meta property=\"og:locale\" content=\"pt_BR\" \/>\n<meta property=\"og:type\" content=\"article\" \/>\n<meta property=\"og:title\" content=\"Prefeito nomeia Wagno Oliveira como secret\u00e1rio de Trabalho, Empreendedorismo e Inova\u00e7\u00e3o\" \/>\n<meta property=\"og:description\" content=\"O prefeito de Manaus, David Almeida, assinou, na quinta-feira, 11\/4, a nomea\u00e7\u00e3o de Wagno Oliveira como novo secret\u00e1rio municipal de Trabalho, Empreendedorismo e Inova\u00e7\u00e3o, em substitui\u00e7\u00e3o a Radyr J\u00fanior, que esteve \u00e0 frente da Secretaria Municipal do Trabalho, Empreendedorismo e Inova\u00e7\u00e3o (Semtepi), por tr\u00eas anos e tr\u00eas meses.\" \/>\n<meta property=\"og:url\" content=\"https:\/\/www.manaus.am.gov.br\/semtepi\/gestao\/nomeacao-semtepi\/\" \/>\n<meta property=\"og:site_name\" content=\"SEMTEPI\" \/>\n<meta property=\"article:published_time\" content=\"2024-04-12T12:41:42+00:00\" \/>\n<meta property=\"article:modified_time\" content=\"2024-04-12T13:59:21+00:00\" \/>\n<meta property=\"og:image\" content=\"https:\/\/www.manaus.am.gov.br\/semtepi\/wp-content\/uploads\/sites\/20\/2024\/04\/Wagno-Oliveira-2-1024x683.jpg\" \/>\n\t<meta property=\"og:image:width\" content=\"1024\" \/>\n\t<meta property=\"og:image:height\" content=\"683\" \/>\n\t<meta property=\"og:image:type\" content=\"image\/jpeg\" \/>\n<meta name=\"author\" content=\"Adriana Costa\" \/>\n<meta name=\"twitter:card\" content=\"summary_large_image\" \/>\n<meta name=\"twitter:label1\" content=\"Written by\" \/>\n\t<meta name=\"twitter:data1\" content=\"Adriana Costa\" \/>\n\t<meta name=\"twitter:label2\" content=\"Est. reading time\" \/>\n\t<meta name=\"twitter:data2\" content=\"1 minuto\" \/>\n<script type=\"application\/ld+json\" class=\"yoast-schema-graph\">{\"@context\":\"https:\/\/schema.org\",\"@graph\":[{\"@type\":\"Article\",\"@id\":\"https:\/\/www.manaus.am.gov.br\/semtepi\/gestao\/nomeacao-semtepi\/#article\",\"isPartOf\":{\"@id\":\"https:\/\/www.manaus.am.gov.br\/semtepi\/gestao\/nomeacao-semtepi\/\"},\"author\":{\"name\":\"Adriana Costa\",\"@id\":\"https:\/\/www.manaus.am.gov.br\/semtepi\/#\/schema\/person\/4e49f4e267757a06ca072ec61b2b9968\"},\"headline\":\"Prefeito nomeia Wagno Oliveira como secret\u00e1rio de Trabalho, Empreendedorismo e Inova\u00e7\u00e3o\",\"datePublished\":\"2024-04-12T12:41:42+00:00\",\"dateModified\":\"2024-04-12T13:59:21+00:00\",\"mainEntityOfPage\":{\"@id\":\"https:\/\/www.manaus.am.gov.br\/semtepi\/gestao\/nomeacao-semtepi\/\"},\"wordCount\":197,\"publisher\":{\"@id\":\"https:\/\/www.manaus.am.gov.br\/semtepi\/#organization\"},\"image\":{\"@id\":\"https:\/\/www.manaus.am.gov.br\/semtepi\/gestao\/nomeacao-semtepi\/#primaryimage\"},\"thumbnailUrl\":\"https:\/\/www.manaus.am.gov.br\/semtepi\/wp-content\/uploads\/sites\/20\/2024\/04\/Wagno-Oliveira-2.jpg\",\"keywords\":[\"nomea\u00e7\u00e3o\",\"prefeitura de manaus\",\"Semtepi\",\"Wagno Oliveira\"],\"articleSection\":[\"Gest\u00e3o\"],\"inLanguage\":\"pt-BR\"},{\"@type\":\"WebPage\",\"@id\":\"https:\/\/www.manaus.am.gov.br\/semtepi\/gestao\/nomeacao-semtepi\/\",\"url\":\"https:\/\/www.manaus.am.gov.br\/semtepi\/gestao\/nomeacao-semtepi\/\",\"name\":\"Prefeito nomeia Wagno Oliveira como secret\u00e1rio de Trabalho, Empreendedorismo e Inova\u00e7\u00e3o\",\"isPartOf\":{\"@id\":\"https:\/\/www.manaus.am.gov.br\/semtepi\/#website\"},\"primaryImageOfPage\":{\"@id\":\"https:\/\/www.manaus.am.gov.br\/semtepi\/gestao\/nomeacao-semtepi\/#primaryimage\"},\"image\":{\"@id\":\"https:\/\/www.manaus.am.gov.br\/semtepi\/gestao\/nomeacao-semtepi\/#primaryimage\"},\"thumbnailUrl\":\"https:\/\/www.manaus.am.gov.br\/semtepi\/wp-content\/uploads\/sites\/20\/2024\/04\/Wagno-Oliveira-2.jpg\",\"datePublished\":\"2024-04-12T12:41:42+00:00\",\"dateModified\":\"2024-04-12T13:59:21+00:00\",\"description\":\"O prefeito de Manaus, David Almeida, assinou, na quinta-feira, 11\/4, a nomea\u00e7\u00e3o de Wagno Oliveira como novo secret\u00e1rio municipal de Trabalho, Empreendedorismo e Inova\u00e7\u00e3o, em substitui\u00e7\u00e3o a Radyr J\u00fanior, que esteve \u00e0 frente da Secretaria Municipal do Trabalho, Empreendedorismo e Inova\u00e7\u00e3o (Semtepi), por tr\u00eas anos e tr\u00eas meses.\",\"breadcrumb\":{\"@id\":\"https:\/\/www.manaus.am.gov.br\/semtepi\/gestao\/nomeacao-semtepi\/#breadcrumb\"},\"inLanguage\":\"pt-BR\",\"potentialAction\":[{\"@type\":\"ReadAction\",\"target\":[\"https:\/\/www.manaus.am.gov.br\/semtepi\/gestao\/nomeacao-semtepi\/\"]}]},{\"@type\":\"ImageObject\",\"inLanguage\":\"pt-BR\",\"@id\":\"https:\/\/www.manaus.am.gov.br\/semtepi\/gestao\/nomeacao-semtepi\/#primaryimage\",\"url\":\"https:\/\/www.manaus.am.gov.br\/semtepi\/wp-content\/uploads\/sites\/20\/2024\/04\/Wagno-Oliveira-2.jpg\",\"contentUrl\":\"https:\/\/www.manaus.am.gov.br\/semtepi\/wp-content\/uploads\/sites\/20\/2024\/04\/Wagno-Oliveira-2.jpg\",\"width\":4464,\"height\":2976},{\"@type\":\"BreadcrumbList\",\"@id\":\"https:\/\/www.manaus.am.gov.br\/semtepi\/gestao\/nomeacao-semtepi\/#breadcrumb\",\"itemListElement\":[{\"@type\":\"ListItem\",\"position\":1,\"name\":\"Home\",\"item\":\"https:\/\/www.manaus.am.gov.br\/semtepi\/\"},{\"@type\":\"ListItem\",\"position\":2,\"name\":\"Prefeito nomeia Wagno Oliveira como secret\u00e1rio de Trabalho, Empreendedorismo e Inova\u00e7\u00e3o\"}]},{\"@type\":\"WebSite\",\"@id\":\"https:\/\/www.manaus.am.gov.br\/semtepi\/#website\",\"url\":\"https:\/\/www.manaus.am.gov.br\/semtepi\/\",\"name\":\"SEMTEPI\",\"description\":\"Prefeitura de Manaus\",\"publisher\":{\"@id\":\"https:\/\/www.manaus.am.gov.br\/semtepi\/#organization\"},\"alternateName\":\"Secretaria Municipal do Trabalho, Empreendedorismo e Inova\u00e7\u00e3o\",\"potentialAction\":[{\"@type\":\"SearchAction\",\"target\":{\"@type\":\"EntryPoint\",\"urlTemplate\":\"https:\/\/www.manaus.am.gov.br\/semtepi\/?s={search_term_string}\"},\"query-input\":\"required name=search_term_string\"}],\"inLanguage\":\"pt-BR\"},{\"@type\":\"Organization\",\"@id\":\"https:\/\/www.manaus.am.gov.br\/semtepi\/#organization\",\"name\":\"Prefeitura Municipal de Manaus\",\"alternateName\":\"Prefeitura de Manaus\",\"url\":\"https:\/\/www.manaus.am.gov.br\/semtepi\/\",\"logo\":{\"@type\":\"ImageObject\",\"inLanguage\":\"pt-BR\",\"@id\":\"https:\/\/www.manaus.am.gov.br\/semtepi\/#\/schema\/logo\/image\/\",\"url\":\"https:\/\/www.manaus.am.gov.br\/semtepi\/wp-content\/uploads\/sites\/20\/2024\/07\/favicon.png\",\"contentUrl\":\"https:\/\/www.manaus.am.gov.br\/semtepi\/wp-content\/uploads\/sites\/20\/2024\/07\/favicon.png\",\"width\":300,\"height\":300,\"caption\":\"Prefeitura Municipal de Manaus\"},\"image\":{\"@id\":\"https:\/\/www.manaus.am.gov.br\/semtepi\/#\/schema\/logo\/image\/\"}},{\"@type\":\"Person\",\"@id\":\"https:\/\/www.manaus.am.gov.br\/semtepi\/#\/schema\/person\/4e49f4e267757a06ca072ec61b2b9968\",\"name\":\"Adriana Costa\",\"image\":{\"@type\":\"ImageObject\",\"inLanguage\":\"pt-BR\",\"@id\":\"https:\/\/www.manaus.am.gov.br\/semtepi\/#\/schema\/person\/image\/\",\"url\":\"https:\/\/secure.gravatar.com\/avatar\/576258617ef7194f718179e766d57bd4?s=96&d=mm&r=g\",\"contentUrl\":\"https:\/\/secure.gravatar.com\/avatar\/576258617ef7194f718179e766d57bd4?s=96&d=mm&r=g\",\"caption\":\"Adriana Costa\"}}]}<\/script>\n<!-- \/ Yoast SEO plugin. -->","yoast_head_json":{"title":"Prefeito nomeia Wagno Oliveira como secret\u00e1rio de Trabalho, Empreendedorismo e Inova\u00e7\u00e3o","description":"O prefeito de Manaus, David Almeida, assinou, na quinta-feira, 11\/4, a nomea\u00e7\u00e3o de Wagno Oliveira como novo secret\u00e1rio municipal de Trabalho, Empreendedorismo e Inova\u00e7\u00e3o, em substitui\u00e7\u00e3o a Radyr J\u00fanior, que esteve \u00e0 frente da Secretaria Municipal do Trabalho, Empreendedorismo e Inova\u00e7\u00e3o (Semtepi), por tr\u00eas anos e tr\u00eas meses.","robots":{"index":"noindex","follow":"follow"},"og_locale":"pt_BR","og_type":"article","og_title":"Prefeito nomeia Wagno Oliveira como secret\u00e1rio de Trabalho, Empreendedorismo e Inova\u00e7\u00e3o","og_description":"O prefeito de Manaus, David Almeida, assinou, na quinta-feira, 11\/4, a nomea\u00e7\u00e3o de Wagno Oliveira como novo secret\u00e1rio municipal de Trabalho, Empreendedorismo e Inova\u00e7\u00e3o, em substitui\u00e7\u00e3o a Radyr J\u00fanior, que esteve \u00e0 frente da Secretaria Municipal do Trabalho, Empreendedorismo e Inova\u00e7\u00e3o (Semtepi), por tr\u00eas anos e tr\u00eas meses.","og_url":"https:\/\/www.manaus.am.gov.br\/semtepi\/gestao\/nomeacao-semtepi\/","og_site_name":"SEMTEPI","article_published_time":"2024-04-12T12:41:42+00:00","article_modified_time":"2024-04-12T13:59:21+00:00","og_image":[{"width":1024,"height":683,"url":"https:\/\/www.manaus.am.gov.br\/semtepi\/wp-content\/uploads\/sites\/20\/2024\/04\/Wagno-Oliveira-2-1024x683.jpg","type":"image\/jpeg"}],"author":"Adriana Costa","twitter_card":"summary_large_image","twitter_misc":{"Written by":"Adriana Costa","Est. reading time":"1 minuto"},"schema":{"@context":"https:\/\/schema.org","@graph":[{"@type":"Article","@id":"https:\/\/www.manaus.am.gov.br\/semtepi\/gestao\/nomeacao-semtepi\/#article","isPartOf":{"@id":"https:\/\/www.manaus.am.gov.br\/semtepi\/gestao\/nomeacao-semtepi\/"},"author":{"name":"Adriana Costa","@id":"https:\/\/www.manaus.am.gov.br\/semtepi\/#\/schema\/person\/4e49f4e267757a06ca072ec61b2b9968"},"headline":"Prefeito nomeia Wagno Oliveira como secret\u00e1rio de Trabalho, Empreendedorismo e Inova\u00e7\u00e3o","datePublished":"2024-04-12T12:41:42+00:00","dateModified":"2024-04-12T13:59:21+00:00","mainEntityOfPage":{"@id":"https:\/\/www.manaus.am.gov.br\/semtepi\/gestao\/nomeacao-semtepi\/"},"wordCount":197,"publisher":{"@id":"https:\/\/www.manaus.am.gov.br\/semtepi\/#organization"},"image":{"@id":"https:\/\/www.manaus.am.gov.br\/semtepi\/gestao\/nomeacao-semtepi\/#primaryimage"},"thumbnailUrl":"https:\/\/www.manaus.am.gov.br\/semtepi\/wp-content\/uploads\/sites\/20\/2024\/04\/Wagno-Oliveira-2.jpg","keywords":["nomea\u00e7\u00e3o","prefeitura de manaus","Semtepi","Wagno Oliveira"],"articleSection":["Gest\u00e3o"],"inLanguage":"pt-BR"},{"@type":"WebPage","@id":"https:\/\/www.manaus.am.gov.br\/semtepi\/gestao\/nomeacao-semtepi\/","url":"https:\/\/www.manaus.am.gov.br\/semtepi\/gestao\/nomeacao-semtepi\/","name":"Prefeito nomeia Wagno Oliveira como secret\u00e1rio de Trabalho, Empreendedorismo e Inova\u00e7\u00e3o","isPartOf":{"@id":"https:\/\/www.manaus.am.gov.br\/semtepi\/#website"},"primaryImageOfPage":{"@id":"https:\/\/www.manaus.am.gov.br\/semtepi\/gestao\/nomeacao-semtepi\/#primaryimage"},"image":{"@id":"https:\/\/www.manaus.am.gov.br\/semtepi\/gestao\/nomeacao-semtepi\/#primaryimage"},"thumbnailUrl":"https:\/\/www.manaus.am.gov.br\/semtepi\/wp-content\/uploads\/sites\/20\/2024\/04\/Wagno-Oliveira-2.jpg","datePublished":"2024-04-12T12:41:42+00:00","dateModified":"2024-04-12T13:59:21+00:00","description":"O prefeito de Manaus, David Almeida, assinou, na quinta-feira, 11\/4, a nomea\u00e7\u00e3o de Wagno Oliveira como novo secret\u00e1rio municipal de Trabalho, Empreendedorismo e Inova\u00e7\u00e3o, em substitui\u00e7\u00e3o a Radyr J\u00fanior, que esteve \u00e0 frente da Secretaria Municipal do Trabalho, Empreendedorismo e Inova\u00e7\u00e3o (Semtepi), por tr\u00eas anos e tr\u00eas meses.","breadcrumb":{"@id":"https:\/\/www.manaus.am.gov.br\/semtepi\/gestao\/nomeacao-semtepi\/#breadcrumb"},"inLanguage":"pt-BR","potentialAction":[{"@type":"ReadAction","target":["https:\/\/www.manaus.am.gov.br\/semtepi\/gestao\/nomeacao-semtepi\/"]}]},{"@type":"ImageObject","inLanguage":"pt-BR","@id":"https:\/\/www.manaus.am.gov.br\/semtepi\/gestao\/nomeacao-semtepi\/#primaryimage","url":"https:\/\/www.manaus.am.gov.br\/semtepi\/wp-content\/uploads\/sites\/20\/2024\/04\/Wagno-Oliveira-2.jpg","contentUrl":"https:\/\/www.manaus.am.gov.br\/semtepi\/wp-content\/uploads\/sites\/20\/2024\/04\/Wagno-Oliveira-2.jpg","width":4464,"height":2976},{"@type":"BreadcrumbList","@id":"https:\/\/www.manaus.am.gov.br\/semtepi\/gestao\/nomeacao-semtepi\/#breadcrumb","itemListElement":[{"@type":"ListItem","position":1,"name":"Home","item":"https:\/\/www.manaus.am.gov.br\/semtepi\/"},{"@type":"ListItem","position":2,"name":"Prefeito nomeia Wagno Oliveira como secret\u00e1rio de Trabalho, Empreendedorismo e Inova\u00e7\u00e3o"}]},{"@type":"WebSite","@id":"https:\/\/www.manaus.am.gov.br\/semtepi\/#website","url":"https:\/\/www.manaus.am.gov.br\/semtepi\/","name":"SEMTEPI","description":"Prefeitura de Manaus","publisher":{"@id":"https:\/\/www.manaus.am.gov.br\/semtepi\/#organization"},"alternateName":"Secretaria Municipal do Trabalho, Empreendedorismo e Inova\u00e7\u00e3o","potentialAction":[{"@type":"SearchAction","target":{"@type":"EntryPoint","urlTemplate":"https:\/\/www.manaus.am.gov.br\/semtepi\/?s={search_term_string}"},"query-input":"required name=search_term_string"}],"inLanguage":"pt-BR"},{"@type":"Organization","@id":"https:\/\/www.manaus.am.gov.br\/semtepi\/#organization","name":"Prefeitura Municipal de Manaus","alternateName":"Prefeitura de Manaus","url":"https:\/\/www.manaus.am.gov.br\/semtepi\/","logo":{"@type":"ImageObject","inLanguage":"pt-BR","@id":"https:\/\/www.manaus.am.gov.br\/semtepi\/#\/schema\/logo\/image\/","url":"https:\/\/www.manaus.am.gov.br\/semtepi\/wp-content\/uploads\/sites\/20\/2024\/07\/favicon.png","contentUrl":"https:\/\/www.manaus.am.gov.br\/semtepi\/wp-content\/uploads\/sites\/20\/2024\/07\/favicon.png","width":300,"height":300,"caption":"Prefeitura Municipal de Manaus"},"image":{"@id":"https:\/\/www.manaus.am.gov.br\/semtepi\/#\/schema\/logo\/image\/"}},{"@type":"Person","@id":"https:\/\/www.manaus.am.gov.br\/semtepi\/#\/schema\/person\/4e49f4e267757a06ca072ec61b2b9968","name":"Adriana Costa","image":{"@type":"ImageObject","inLanguage":"pt-BR","@id":"https:\/\/www.manaus.am.gov.br\/semtepi\/#\/schema\/person\/image\/","url":"https:\/\/secure.gravatar.com\/avatar\/576258617ef7194f718179e766d57bd4?s=96&d=mm&r=g","contentUrl":"https:\/\/secure.gravatar.com\/avatar\/576258617ef7194f718179e766d57bd4?s=96&d=mm&r=g","caption":"Adriana Costa"}}]}},"_links":{"self":[{"href":"https:\/\/www.manaus.am.gov.br\/semtepi\/wp-json\/wp\/v2\/posts\/4497"}],"collection":[{"href":"https:\/\/www.manaus.am.gov.br\/semtepi\/wp-json\/wp\/v2\/posts"}],"about":[{"href":"https:\/\/www.manaus.am.gov.br\/semtepi\/wp-json\/wp\/v2\/types\/post"}],"author":[{"embeddable":true,"href":"https:\/\/www.manaus.am.gov.br\/semtepi\/wp-json\/wp\/v2\/users\/23"}],"replies":[{"embeddable":true,"href":"https:\/\/www.manaus.am.gov.br\/semtepi\/wp-json\/wp\/v2\/comments?post=4497"}],"version-history":[{"count":1,"href":"https:\/\/www.manaus.am.gov.br\/semtepi\/wp-json\/wp\/v2\/posts\/4497\/revisions"}],"predecessor-version":[{"id":4501,"href":"https:\/\/www.manaus.am.gov.br\/semtepi\/wp-json\/wp\/v2\/posts\/4497\/revisions\/4501"}],"wp:featuredmedia":[{"embeddable":true,"href":"https:\/\/www.manaus.am.gov.br\/semtepi\/wp-json\/wp\/v2\/media\/4498"}],"wp:attachment":[{"href":"https:\/\/www.manaus.am.gov.br\/semtepi\/wp-json\/wp\/v2\/media?parent=4497"}],"wp:term":[{"taxonomy":"category","embeddable":true,"href":"https:\/\/www.manaus.am.gov.br\/semtepi\/wp-json\/wp\/v2\/categories?post=4497"},{"taxonomy":"post_tag","embeddable":true,"href":"https:\/\/www.manaus.am.gov.br\/semtepi\/wp-json\/wp\/v2\/tags?post=4497"}],"curies":[{"name":"wp","href":"https:\/\/api.w.org\/{rel}","templated":true}]}}