{"id":4490,"date":"2024-04-11T14:42:34","date_gmt":"2024-04-11T18:42:34","guid":{"rendered":"https:\/\/www.manaus.am.gov.br\/semtepi\/sem-categoria\/casadepraiazezinhocorrea\/"},"modified":"2024-04-11T14:42:35","modified_gmt":"2024-04-11T18:42:35","slug":"casadepraiazezinhocorrea","status":"publish","type":"post","link":"https:\/\/www.manaus.am.gov.br\/semtepi\/programacao\/casadepraiazezinhocorrea\/","title":{"rendered":"Casa de Praia Zezinho Corr\u00eaa celebra lembran\u00e7as da antiga \u2018El Mosquiton\u2019 e outras atra\u00e7\u00f5es musicais"},"content":{"rendered":"\n<p>A Casa de Praia Zezinho Corr\u00eaa, administrada pela Prefeitura de Manaus, por meio da Secretaria Municipal do Trabalho, Empreendedorismo e Inova\u00e7\u00e3o (Semtepi), vai celebrar, neste s\u00e1bado, 13\/4, o&nbsp;projeto &#8220;Uma Noite no El Mosquiton&#8221;, antiga casa de festas, a partir&nbsp;<a>da banda de rock Critical Age<\/a>, al\u00e9m de mais tr\u00eas shows musicais realizados durante todo o fim de semana. O espa\u00e7o est\u00e1 situado no complexo tur\u00edstico Ponta Negra, na zona Oeste.<\/p>\n\n\n\n<p>Com entrada gratuita, as apresenta\u00e7\u00f5es iniciam a partir das 18h, nos dois dias. No s\u00e1bado, 13\/4, a banda amazonense Critical Age, fundadora do projeto &#8220;Uma Noite no El Mosquiton&#8221;, trar\u00e1 m\u00fasicas autorais e de sucesso das melhores bandas de rock brasileiro e mundial. O cantor \u00c2ngelo M\u00e1rcio tamb\u00e9m subir\u00e1 ao palco Murilo Rayol para animar a noite dos manauaras com muito show de pagode.<\/p>\n\n\n\n<p>\u201cO apoio \u00e0 cultura e \u00e0 arte, por meio de espa\u00e7os p\u00fablicos, \u00e9 uma iniciativa louv\u00e1vel da Prefeitura de Manaus, pois \u00e9 algo essencial para a comunidade. A revitaliza\u00e7\u00e3o da Casa de Praia Zezinho Corr\u00eaa se destaca como uma das mais bem-sucedidas iniciativas do setor p\u00fablico municipal, e \u00e9 por isso que optamos por prestar homenagem a esse local que nos oferece, tanto o afeto das pessoas quanto uma excelente estrutura\u201d, descreveu o vocalista da Critical Age, Aris Souza.<\/p>\n\n\n\n<p>A \u201cTardezinha\u201d de domingo, 14\/4, vai contar com duas vozes amaz\u00f4nicas: Mara Lima, int\u00e9rprete do Boi Caprichoso, e na sequ\u00eancia, o cantor e apresentador da ciranda Princesinha da Vila, Andr\u00e9 Vaz, encerrando a noite com grandes sucessos das toadas de boi-bumb\u00e1.<\/p>\n\n\n\n<p><strong>El Mosquiton<\/strong><\/p>\n\n\n\n<p>Nos anos 90 e in\u00edcio dos anos 2000, Manaus era um centro de entretenimento, com uma variedade de boates, discotecas e casas de espet\u00e1culos que faziam sucesso com uma mistura ecl\u00e9tica de m\u00fasica.<\/p>\n\n\n\n<p>A El Mosquiton, situada onde, hoje, est\u00e1 a Casa de Praia Zezinho Corr\u00eaa, era uma das favoritas entre os frequentadores noturnos da cidade. O projeto &#8220;Uma Noite no El Mosquiton&#8221; pretende recriar a atmosfera animada dessa casa de shows ic\u00f4nica, trazendo de volta a diversidade de ritmos que encantou o p\u00fablico no passado.<\/p>\n\n\n\n<p>&#8212; &#8212; &#8212;<\/p>\n\n\n\n<p><strong>Texto \u2013&nbsp;<\/strong>Fabiane Monteiro \/ Semtepi<\/p>\n\n\n\n<p><strong>Fotos \u2013&nbsp;<\/strong>Arquivo\/Semcom<\/p>\n","protected":false},"excerpt":{"rendered":"","protected":false},"author":23,"featured_media":4491,"comment_status":"closed","ping_status":"closed","sticky":false,"template":"","format":"standard","meta":{"footnotes":""},"categories":[209],"tags":[212,1053,8,216,9,934],"acf":[],"yoast_head":"<!-- This site is optimized with the Yoast SEO plugin v23.0 - https:\/\/yoast.com\/wordpress\/plugins\/seo\/ -->\n<title>Casa de Praia Zezinho Corr\u00eaa celebra lembran\u00e7as da antiga \u2018El Mosquiton\u2019 e outras atra\u00e7\u00f5es musicais<\/title>\n<meta name=\"description\" content=\"A Casa de Praia Zezinho Corr\u00eaa, administrada pela Prefeitura de Manaus, por meio da Secretaria Municipal do Trabalho, Empreendedorismo e Inova\u00e7\u00e3o (Semtepi), vai celebrar, neste s\u00e1bado, 13\/4, o projeto &quot;Uma Noite no El Mosquiton&quot;, antiga casa de festas, a partir da banda de rock Critical Age, al\u00e9m de mais tr\u00eas shows musicais realizados durante todo o fim de semana. O espa\u00e7o est\u00e1 situado no complexo tur\u00edstico Ponta Negra, na zona Oeste.\" \/>\n<meta name=\"robots\" content=\"noindex, follow\" \/>\n<meta property=\"og:locale\" content=\"pt_BR\" \/>\n<meta property=\"og:type\" content=\"article\" \/>\n<meta property=\"og:title\" content=\"Casa de Praia Zezinho Corr\u00eaa celebra lembran\u00e7as da antiga \u2018El Mosquiton\u2019 e outras atra\u00e7\u00f5es musicais\" \/>\n<meta property=\"og:description\" content=\"A Casa de Praia Zezinho Corr\u00eaa, administrada pela Prefeitura de Manaus, por meio da Secretaria Municipal do Trabalho, Empreendedorismo e Inova\u00e7\u00e3o (Semtepi), vai celebrar, neste s\u00e1bado, 13\/4, o projeto &quot;Uma Noite no El Mosquiton&quot;, antiga casa de festas, a partir da banda de rock Critical Age, al\u00e9m de mais tr\u00eas shows musicais realizados durante todo o fim de semana. O espa\u00e7o est\u00e1 situado no complexo tur\u00edstico Ponta Negra, na zona Oeste.\" \/>\n<meta property=\"og:url\" content=\"https:\/\/www.manaus.am.gov.br\/semtepi\/programacao\/casadepraiazezinhocorrea\/\" \/>\n<meta property=\"og:site_name\" content=\"SEMTEPI\" \/>\n<meta property=\"article:published_time\" content=\"2024-04-11T18:42:34+00:00\" \/>\n<meta property=\"article:modified_time\" content=\"2024-04-11T18:42:35+00:00\" \/>\n<meta property=\"og:image\" content=\"https:\/\/www.manaus.am.gov.br\/semtepi\/wp-content\/uploads\/sites\/20\/2024\/04\/53049397121_4031ae7eb2_c-1.jpg\" \/>\n\t<meta property=\"og:image:width\" content=\"799\" \/>\n\t<meta property=\"og:image:height\" content=\"533\" \/>\n\t<meta property=\"og:image:type\" content=\"image\/jpeg\" \/>\n<meta name=\"author\" content=\"Adriana Costa\" \/>\n<meta name=\"twitter:card\" content=\"summary_large_image\" \/>\n<meta name=\"twitter:label1\" content=\"Written by\" \/>\n\t<meta name=\"twitter:data1\" content=\"Adriana Costa\" \/>\n\t<meta name=\"twitter:label2\" content=\"Est. reading time\" \/>\n\t<meta name=\"twitter:data2\" content=\"3 minutos\" \/>\n<script type=\"application\/ld+json\" class=\"yoast-schema-graph\">{\"@context\":\"https:\/\/schema.org\",\"@graph\":[{\"@type\":\"Article\",\"@id\":\"https:\/\/www.manaus.am.gov.br\/semtepi\/programacao\/casadepraiazezinhocorrea\/#article\",\"isPartOf\":{\"@id\":\"https:\/\/www.manaus.am.gov.br\/semtepi\/programacao\/casadepraiazezinhocorrea\/\"},\"author\":{\"name\":\"Adriana Costa\",\"@id\":\"https:\/\/www.manaus.am.gov.br\/semtepi\/#\/schema\/person\/4e49f4e267757a06ca072ec61b2b9968\"},\"headline\":\"Casa de Praia Zezinho Corr\u00eaa celebra lembran\u00e7as da antiga \u2018El Mosquiton\u2019 e outras atra\u00e7\u00f5es musicais\",\"datePublished\":\"2024-04-11T18:42:34+00:00\",\"dateModified\":\"2024-04-11T18:42:35+00:00\",\"mainEntityOfPage\":{\"@id\":\"https:\/\/www.manaus.am.gov.br\/semtepi\/programacao\/casadepraiazezinhocorrea\/\"},\"wordCount\":393,\"publisher\":{\"@id\":\"https:\/\/www.manaus.am.gov.br\/semtepi\/#organization\"},\"image\":{\"@id\":\"https:\/\/www.manaus.am.gov.br\/semtepi\/programacao\/casadepraiazezinhocorrea\/#primaryimage\"},\"thumbnailUrl\":\"https:\/\/www.manaus.am.gov.br\/semtepi\/wp-content\/uploads\/sites\/20\/2024\/04\/53049397121_4031ae7eb2_c-1.jpg\",\"keywords\":[\"Casa de Praia Zezinho Corr\u00eaa\",\"El Mosquiton\",\"prefeitura de manaus\",\"programa\u00e7\u00e3o\",\"Semtepi\",\"shows\"],\"articleSection\":[\"Programa\u00e7\u00e3o\"],\"inLanguage\":\"pt-BR\"},{\"@type\":\"WebPage\",\"@id\":\"https:\/\/www.manaus.am.gov.br\/semtepi\/programacao\/casadepraiazezinhocorrea\/\",\"url\":\"https:\/\/www.manaus.am.gov.br\/semtepi\/programacao\/casadepraiazezinhocorrea\/\",\"name\":\"Casa de Praia Zezinho Corr\u00eaa celebra lembran\u00e7as da antiga \u2018El Mosquiton\u2019 e outras atra\u00e7\u00f5es musicais\",\"isPartOf\":{\"@id\":\"https:\/\/www.manaus.am.gov.br\/semtepi\/#website\"},\"primaryImageOfPage\":{\"@id\":\"https:\/\/www.manaus.am.gov.br\/semtepi\/programacao\/casadepraiazezinhocorrea\/#primaryimage\"},\"image\":{\"@id\":\"https:\/\/www.manaus.am.gov.br\/semtepi\/programacao\/casadepraiazezinhocorrea\/#primaryimage\"},\"thumbnailUrl\":\"https:\/\/www.manaus.am.gov.br\/semtepi\/wp-content\/uploads\/sites\/20\/2024\/04\/53049397121_4031ae7eb2_c-1.jpg\",\"datePublished\":\"2024-04-11T18:42:34+00:00\",\"dateModified\":\"2024-04-11T18:42:35+00:00\",\"description\":\"A Casa de Praia Zezinho Corr\u00eaa, administrada pela Prefeitura de Manaus, por meio da Secretaria Municipal do Trabalho, Empreendedorismo e Inova\u00e7\u00e3o (Semtepi), vai celebrar, neste s\u00e1bado, 13\/4, o projeto \\\"Uma Noite no El Mosquiton\\\", antiga casa de festas, a partir da banda de rock Critical Age, al\u00e9m de mais tr\u00eas shows musicais realizados durante todo o fim de semana. O espa\u00e7o est\u00e1 situado no complexo tur\u00edstico Ponta Negra, na zona Oeste.\",\"breadcrumb\":{\"@id\":\"https:\/\/www.manaus.am.gov.br\/semtepi\/programacao\/casadepraiazezinhocorrea\/#breadcrumb\"},\"inLanguage\":\"pt-BR\",\"potentialAction\":[{\"@type\":\"ReadAction\",\"target\":[\"https:\/\/www.manaus.am.gov.br\/semtepi\/programacao\/casadepraiazezinhocorrea\/\"]}]},{\"@type\":\"ImageObject\",\"inLanguage\":\"pt-BR\",\"@id\":\"https:\/\/www.manaus.am.gov.br\/semtepi\/programacao\/casadepraiazezinhocorrea\/#primaryimage\",\"url\":\"https:\/\/www.manaus.am.gov.br\/semtepi\/wp-content\/uploads\/sites\/20\/2024\/04\/53049397121_4031ae7eb2_c-1.jpg\",\"contentUrl\":\"https:\/\/www.manaus.am.gov.br\/semtepi\/wp-content\/uploads\/sites\/20\/2024\/04\/53049397121_4031ae7eb2_c-1.jpg\",\"width\":799,\"height\":533},{\"@type\":\"BreadcrumbList\",\"@id\":\"https:\/\/www.manaus.am.gov.br\/semtepi\/programacao\/casadepraiazezinhocorrea\/#breadcrumb\",\"itemListElement\":[{\"@type\":\"ListItem\",\"position\":1,\"name\":\"Home\",\"item\":\"https:\/\/www.manaus.am.gov.br\/semtepi\/\"},{\"@type\":\"ListItem\",\"position\":2,\"name\":\"Casa de Praia Zezinho Corr\u00eaa celebra lembran\u00e7as da antiga \u2018El Mosquiton\u2019 e outras atra\u00e7\u00f5es musicais\"}]},{\"@type\":\"WebSite\",\"@id\":\"https:\/\/www.manaus.am.gov.br\/semtepi\/#website\",\"url\":\"https:\/\/www.manaus.am.gov.br\/semtepi\/\",\"name\":\"SEMTEPI\",\"description\":\"Prefeitura de Manaus\",\"publisher\":{\"@id\":\"https:\/\/www.manaus.am.gov.br\/semtepi\/#organization\"},\"alternateName\":\"Secretaria Municipal do Trabalho, Empreendedorismo e Inova\u00e7\u00e3o\",\"potentialAction\":[{\"@type\":\"SearchAction\",\"target\":{\"@type\":\"EntryPoint\",\"urlTemplate\":\"https:\/\/www.manaus.am.gov.br\/semtepi\/?s={search_term_string}\"},\"query-input\":\"required name=search_term_string\"}],\"inLanguage\":\"pt-BR\"},{\"@type\":\"Organization\",\"@id\":\"https:\/\/www.manaus.am.gov.br\/semtepi\/#organization\",\"name\":\"Prefeitura Municipal de Manaus\",\"alternateName\":\"Prefeitura de Manaus\",\"url\":\"https:\/\/www.manaus.am.gov.br\/semtepi\/\",\"logo\":{\"@type\":\"ImageObject\",\"inLanguage\":\"pt-BR\",\"@id\":\"https:\/\/www.manaus.am.gov.br\/semtepi\/#\/schema\/logo\/image\/\",\"url\":\"https:\/\/www.manaus.am.gov.br\/semtepi\/wp-content\/uploads\/sites\/20\/2024\/07\/favicon.png\",\"contentUrl\":\"https:\/\/www.manaus.am.gov.br\/semtepi\/wp-content\/uploads\/sites\/20\/2024\/07\/favicon.png\",\"width\":300,\"height\":300,\"caption\":\"Prefeitura Municipal de Manaus\"},\"image\":{\"@id\":\"https:\/\/www.manaus.am.gov.br\/semtepi\/#\/schema\/logo\/image\/\"}},{\"@type\":\"Person\",\"@id\":\"https:\/\/www.manaus.am.gov.br\/semtepi\/#\/schema\/person\/4e49f4e267757a06ca072ec61b2b9968\",\"name\":\"Adriana Costa\",\"image\":{\"@type\":\"ImageObject\",\"inLanguage\":\"pt-BR\",\"@id\":\"https:\/\/www.manaus.am.gov.br\/semtepi\/#\/schema\/person\/image\/\",\"url\":\"https:\/\/secure.gravatar.com\/avatar\/576258617ef7194f718179e766d57bd4?s=96&d=mm&r=g\",\"contentUrl\":\"https:\/\/secure.gravatar.com\/avatar\/576258617ef7194f718179e766d57bd4?s=96&d=mm&r=g\",\"caption\":\"Adriana Costa\"}}]}<\/script>\n<!-- \/ Yoast SEO plugin. -->","yoast_head_json":{"title":"Casa de Praia Zezinho Corr\u00eaa celebra lembran\u00e7as da antiga \u2018El Mosquiton\u2019 e outras atra\u00e7\u00f5es musicais","description":"A Casa de Praia Zezinho Corr\u00eaa, administrada pela Prefeitura de Manaus, por meio da Secretaria Municipal do Trabalho, Empreendedorismo e Inova\u00e7\u00e3o (Semtepi), vai celebrar, neste s\u00e1bado, 13\/4, o projeto \"Uma Noite no El Mosquiton\", antiga casa de festas, a partir da banda de rock Critical Age, al\u00e9m de mais tr\u00eas shows musicais realizados durante todo o fim de semana. O espa\u00e7o est\u00e1 situado no complexo tur\u00edstico Ponta Negra, na zona Oeste.","robots":{"index":"noindex","follow":"follow"},"og_locale":"pt_BR","og_type":"article","og_title":"Casa de Praia Zezinho Corr\u00eaa celebra lembran\u00e7as da antiga \u2018El Mosquiton\u2019 e outras atra\u00e7\u00f5es musicais","og_description":"A Casa de Praia Zezinho Corr\u00eaa, administrada pela Prefeitura de Manaus, por meio da Secretaria Municipal do Trabalho, Empreendedorismo e Inova\u00e7\u00e3o (Semtepi), vai celebrar, neste s\u00e1bado, 13\/4, o projeto \"Uma Noite no El Mosquiton\", antiga casa de festas, a partir da banda de rock Critical Age, al\u00e9m de mais tr\u00eas shows musicais realizados durante todo o fim de semana. O espa\u00e7o est\u00e1 situado no complexo tur\u00edstico Ponta Negra, na zona Oeste.","og_url":"https:\/\/www.manaus.am.gov.br\/semtepi\/programacao\/casadepraiazezinhocorrea\/","og_site_name":"SEMTEPI","article_published_time":"2024-04-11T18:42:34+00:00","article_modified_time":"2024-04-11T18:42:35+00:00","og_image":[{"width":799,"height":533,"url":"https:\/\/www.manaus.am.gov.br\/semtepi\/wp-content\/uploads\/sites\/20\/2024\/04\/53049397121_4031ae7eb2_c-1.jpg","type":"image\/jpeg"}],"author":"Adriana Costa","twitter_card":"summary_large_image","twitter_misc":{"Written by":"Adriana Costa","Est. reading time":"3 minutos"},"schema":{"@context":"https:\/\/schema.org","@graph":[{"@type":"Article","@id":"https:\/\/www.manaus.am.gov.br\/semtepi\/programacao\/casadepraiazezinhocorrea\/#article","isPartOf":{"@id":"https:\/\/www.manaus.am.gov.br\/semtepi\/programacao\/casadepraiazezinhocorrea\/"},"author":{"name":"Adriana Costa","@id":"https:\/\/www.manaus.am.gov.br\/semtepi\/#\/schema\/person\/4e49f4e267757a06ca072ec61b2b9968"},"headline":"Casa de Praia Zezinho Corr\u00eaa celebra lembran\u00e7as da antiga \u2018El Mosquiton\u2019 e outras atra\u00e7\u00f5es musicais","datePublished":"2024-04-11T18:42:34+00:00","dateModified":"2024-04-11T18:42:35+00:00","mainEntityOfPage":{"@id":"https:\/\/www.manaus.am.gov.br\/semtepi\/programacao\/casadepraiazezinhocorrea\/"},"wordCount":393,"publisher":{"@id":"https:\/\/www.manaus.am.gov.br\/semtepi\/#organization"},"image":{"@id":"https:\/\/www.manaus.am.gov.br\/semtepi\/programacao\/casadepraiazezinhocorrea\/#primaryimage"},"thumbnailUrl":"https:\/\/www.manaus.am.gov.br\/semtepi\/wp-content\/uploads\/sites\/20\/2024\/04\/53049397121_4031ae7eb2_c-1.jpg","keywords":["Casa de Praia Zezinho Corr\u00eaa","El Mosquiton","prefeitura de manaus","programa\u00e7\u00e3o","Semtepi","shows"],"articleSection":["Programa\u00e7\u00e3o"],"inLanguage":"pt-BR"},{"@type":"WebPage","@id":"https:\/\/www.manaus.am.gov.br\/semtepi\/programacao\/casadepraiazezinhocorrea\/","url":"https:\/\/www.manaus.am.gov.br\/semtepi\/programacao\/casadepraiazezinhocorrea\/","name":"Casa de Praia Zezinho Corr\u00eaa celebra lembran\u00e7as da antiga \u2018El Mosquiton\u2019 e outras atra\u00e7\u00f5es musicais","isPartOf":{"@id":"https:\/\/www.manaus.am.gov.br\/semtepi\/#website"},"primaryImageOfPage":{"@id":"https:\/\/www.manaus.am.gov.br\/semtepi\/programacao\/casadepraiazezinhocorrea\/#primaryimage"},"image":{"@id":"https:\/\/www.manaus.am.gov.br\/semtepi\/programacao\/casadepraiazezinhocorrea\/#primaryimage"},"thumbnailUrl":"https:\/\/www.manaus.am.gov.br\/semtepi\/wp-content\/uploads\/sites\/20\/2024\/04\/53049397121_4031ae7eb2_c-1.jpg","datePublished":"2024-04-11T18:42:34+00:00","dateModified":"2024-04-11T18:42:35+00:00","description":"A Casa de Praia Zezinho Corr\u00eaa, administrada pela Prefeitura de Manaus, por meio da Secretaria Municipal do Trabalho, Empreendedorismo e Inova\u00e7\u00e3o (Semtepi), vai celebrar, neste s\u00e1bado, 13\/4, o projeto \"Uma Noite no El Mosquiton\", antiga casa de festas, a partir da banda de rock Critical Age, al\u00e9m de mais tr\u00eas shows musicais realizados durante todo o fim de semana. O espa\u00e7o est\u00e1 situado no complexo tur\u00edstico Ponta Negra, na zona Oeste.","breadcrumb":{"@id":"https:\/\/www.manaus.am.gov.br\/semtepi\/programacao\/casadepraiazezinhocorrea\/#breadcrumb"},"inLanguage":"pt-BR","potentialAction":[{"@type":"ReadAction","target":["https:\/\/www.manaus.am.gov.br\/semtepi\/programacao\/casadepraiazezinhocorrea\/"]}]},{"@type":"ImageObject","inLanguage":"pt-BR","@id":"https:\/\/www.manaus.am.gov.br\/semtepi\/programacao\/casadepraiazezinhocorrea\/#primaryimage","url":"https:\/\/www.manaus.am.gov.br\/semtepi\/wp-content\/uploads\/sites\/20\/2024\/04\/53049397121_4031ae7eb2_c-1.jpg","contentUrl":"https:\/\/www.manaus.am.gov.br\/semtepi\/wp-content\/uploads\/sites\/20\/2024\/04\/53049397121_4031ae7eb2_c-1.jpg","width":799,"height":533},{"@type":"BreadcrumbList","@id":"https:\/\/www.manaus.am.gov.br\/semtepi\/programacao\/casadepraiazezinhocorrea\/#breadcrumb","itemListElement":[{"@type":"ListItem","position":1,"name":"Home","item":"https:\/\/www.manaus.am.gov.br\/semtepi\/"},{"@type":"ListItem","position":2,"name":"Casa de Praia Zezinho Corr\u00eaa celebra lembran\u00e7as da antiga \u2018El Mosquiton\u2019 e outras atra\u00e7\u00f5es musicais"}]},{"@type":"WebSite","@id":"https:\/\/www.manaus.am.gov.br\/semtepi\/#website","url":"https:\/\/www.manaus.am.gov.br\/semtepi\/","name":"SEMTEPI","description":"Prefeitura de Manaus","publisher":{"@id":"https:\/\/www.manaus.am.gov.br\/semtepi\/#organization"},"alternateName":"Secretaria Municipal do Trabalho, Empreendedorismo e Inova\u00e7\u00e3o","potentialAction":[{"@type":"SearchAction","target":{"@type":"EntryPoint","urlTemplate":"https:\/\/www.manaus.am.gov.br\/semtepi\/?s={search_term_string}"},"query-input":"required name=search_term_string"}],"inLanguage":"pt-BR"},{"@type":"Organization","@id":"https:\/\/www.manaus.am.gov.br\/semtepi\/#organization","name":"Prefeitura Municipal de Manaus","alternateName":"Prefeitura de Manaus","url":"https:\/\/www.manaus.am.gov.br\/semtepi\/","logo":{"@type":"ImageObject","inLanguage":"pt-BR","@id":"https:\/\/www.manaus.am.gov.br\/semtepi\/#\/schema\/logo\/image\/","url":"https:\/\/www.manaus.am.gov.br\/semtepi\/wp-content\/uploads\/sites\/20\/2024\/07\/favicon.png","contentUrl":"https:\/\/www.manaus.am.gov.br\/semtepi\/wp-content\/uploads\/sites\/20\/2024\/07\/favicon.png","width":300,"height":300,"caption":"Prefeitura Municipal de Manaus"},"image":{"@id":"https:\/\/www.manaus.am.gov.br\/semtepi\/#\/schema\/logo\/image\/"}},{"@type":"Person","@id":"https:\/\/www.manaus.am.gov.br\/semtepi\/#\/schema\/person\/4e49f4e267757a06ca072ec61b2b9968","name":"Adriana Costa","image":{"@type":"ImageObject","inLanguage":"pt-BR","@id":"https:\/\/www.manaus.am.gov.br\/semtepi\/#\/schema\/person\/image\/","url":"https:\/\/secure.gravatar.com\/avatar\/576258617ef7194f718179e766d57bd4?s=96&d=mm&r=g","contentUrl":"https:\/\/secure.gravatar.com\/avatar\/576258617ef7194f718179e766d57bd4?s=96&d=mm&r=g","caption":"Adriana Costa"}}]}},"_links":{"self":[{"href":"https:\/\/www.manaus.am.gov.br\/semtepi\/wp-json\/wp\/v2\/posts\/4490"}],"collection":[{"href":"https:\/\/www.manaus.am.gov.br\/semtepi\/wp-json\/wp\/v2\/posts"}],"about":[{"href":"https:\/\/www.manaus.am.gov.br\/semtepi\/wp-json\/wp\/v2\/types\/post"}],"author":[{"embeddable":true,"href":"https:\/\/www.manaus.am.gov.br\/semtepi\/wp-json\/wp\/v2\/users\/23"}],"replies":[{"embeddable":true,"href":"https:\/\/www.manaus.am.gov.br\/semtepi\/wp-json\/wp\/v2\/comments?post=4490"}],"version-history":[{"count":0,"href":"https:\/\/www.manaus.am.gov.br\/semtepi\/wp-json\/wp\/v2\/posts\/4490\/revisions"}],"wp:featuredmedia":[{"embeddable":true,"href":"https:\/\/www.manaus.am.gov.br\/semtepi\/wp-json\/wp\/v2\/media\/4491"}],"wp:attachment":[{"href":"https:\/\/www.manaus.am.gov.br\/semtepi\/wp-json\/wp\/v2\/media?parent=4490"}],"wp:term":[{"taxonomy":"category","embeddable":true,"href":"https:\/\/www.manaus.am.gov.br\/semtepi\/wp-json\/wp\/v2\/categories?post=4490"},{"taxonomy":"post_tag","embeddable":true,"href":"https:\/\/www.manaus.am.gov.br\/semtepi\/wp-json\/wp\/v2\/tags?post=4490"}],"curies":[{"name":"wp","href":"https:\/\/api.w.org\/{rel}","templated":true}]}}