{"id":4474,"date":"2024-04-09T14:54:20","date_gmt":"2024-04-09T18:54:20","guid":{"rendered":"https:\/\/www.manaus.am.gov.br\/semtepi\/sem-categoria\/empreendedorismo-mma-cage\/"},"modified":"2024-04-10T08:03:29","modified_gmt":"2024-04-10T12:03:29","slug":"empreendedorismo-mma-cage","status":"publish","type":"post","link":"https:\/\/www.manaus.am.gov.br\/semtepi\/incentivo\/empreendedorismo-mma-cage\/","title":{"rendered":"Prefeitura de Manaus impulsiona empreendedorismo esportivo na 49\u00aa competi\u00e7\u00e3o de lutas MMA Mr. Cage"},"content":{"rendered":"\n<p>A Prefeitura de Manaus, por meio da Secretaria Municipal do Trabalho, Empreendedorismo e Inova\u00e7\u00e3o (Semtepi), sediar\u00e1, neste s\u00e1bado, 13\/4, a 49\u00aa competi\u00e7\u00e3o de luta na modalidade de Artes Marciais Mistas (MMA), Mr. Cage. O evento reunir\u00e1 22 atletas no anfiteatro do complexo tur\u00edstico Ponta Negra, localizado na avenida Coronel Teixeira, zona Oeste.<\/p>\n\n\n\n<p>Com entrada gratuita, o evento ter\u00e1 in\u00edcio \u00e0s 19h, com 11 lutas classificat\u00f3rias e eliminat\u00f3rias em diversas categorias de peso, tais como: combinado, palha, mosca, galo, pena e meio. O objetivo da competi\u00e7\u00e3o \u00e9 fortalecer o cen\u00e1rio esportivo da cidade, proporcionando oportunidades e visibilidade a diversos atletas do Amazonas.<\/p>\n\n\n\n<p>&#8220;O investimento p\u00fablico no empreendedorismo esportivo n\u00e3o apenas fortalece o setor esportivo, mas tamb\u00e9m traz uma s\u00e9rie de benef\u00edcios econ\u00f4micos, sociais e culturais para a comunidade como um todo. Convido a popula\u00e7\u00e3o para prestigiar este momento especial&#8221;, destacou o secret\u00e1rio-executivo do Fundo Municipal do Trabalho, Empreendedorismo e Inova\u00e7\u00e3o (Fumipeq), Geison Maicon.<\/p>\n\n\n\n<p>Sob a disputa dos cintur\u00f5es oficiais patenteados pelo evento, as competi\u00e7\u00f5es tamb\u00e9m ser\u00e3o transmitidas on-line, por meio do canal no YouTube: <a href=\"https:\/\/bitly.ws\/3dLFU\">https:\/\/bitly.ws\/3dLFU<\/a>. Al\u00e9m disso, o Mr. Cage \u00e9 o primeiro evento de lutas do Amazonas a ter um confronto entre dois locutores: Max Rios x Bilmar Pereira.<\/p>\n\n\n\n<p>De acordo com o lutador Diego Davilla, que \u00e9 atleta h\u00e1 16 anos e professor de lutas, este ser\u00e1 seu 6\u00ba combate no Mr. Cage. O campe\u00e3o de quatro campeonatos afirmou que essa parceria entre o poder p\u00fablico e o setor privado pode ser a chave certa para o desenvolvimento do empreendedorismo no esporte.<\/p>\n\n\n\n<p>&#8220;\u00c9 muito bom saber que conseguimos uma parceria com a Prefeitura de Manaus, que veio para trazer grandes mudan\u00e7as, inclusive para o esporte na regi\u00e3o. N\u00f3s, enquanto atletas, nos sentimos vistos e apoiados por meio dessa iniciativa. Eu s\u00f3 tenho a agradecer \u00e0 Semtepi que nos impulsionou&#8221;, frisou Diego, que tamb\u00e9m \u00e9 empreendedor.<\/p>\n\n\n\n<p><br>\u2014 \u2014 \u2014<br><strong>Texto &#8211;<\/strong> Fabiane Monteiro \/ Semtepi<br><strong>Fotos &#8211; <\/strong>Divulga\u00e7\u00e3o \/ Semtepi<\/p>\n","protected":false},"excerpt":{"rendered":"","protected":false},"author":68,"featured_media":4475,"comment_status":"closed","ping_status":"closed","sticky":false,"template":"","format":"standard","meta":{"footnotes":""},"categories":[1028],"tags":[145,345,1049,976,9],"acf":[],"yoast_head":"<!-- This site is optimized with the Yoast SEO plugin v23.0 - https:\/\/yoast.com\/wordpress\/plugins\/seo\/ -->\n<title>Prefeitura de Manaus impulsiona empreendedorismo esportivo<\/title>\n<meta name=\"description\" content=\"A Prefeitura de Manaus, sediar\u00e1, neste s\u00e1bado, 13\/4, a 49\u00aa competi\u00e7\u00e3o de luta na modalidade de Artes Marciais Mistas (MMA), Mr. Cage.\" \/>\n<meta name=\"robots\" content=\"noindex, follow\" \/>\n<meta property=\"og:locale\" content=\"pt_BR\" \/>\n<meta property=\"og:type\" content=\"article\" \/>\n<meta property=\"og:title\" content=\"Prefeitura de Manaus impulsiona empreendedorismo esportivo\" \/>\n<meta property=\"og:description\" content=\"A Prefeitura de Manaus, sediar\u00e1, neste s\u00e1bado, 13\/4, a 49\u00aa competi\u00e7\u00e3o de luta na modalidade de Artes Marciais Mistas (MMA), Mr. Cage.\" \/>\n<meta property=\"og:url\" content=\"https:\/\/www.manaus.am.gov.br\/semtepi\/incentivo\/empreendedorismo-mma-cage\/\" \/>\n<meta property=\"og:site_name\" content=\"SEMTEPI\" \/>\n<meta property=\"article:published_time\" content=\"2024-04-09T18:54:20+00:00\" \/>\n<meta property=\"article:modified_time\" content=\"2024-04-10T12:03:29+00:00\" \/>\n<meta property=\"og:image\" content=\"https:\/\/www.manaus.am.gov.br\/semtepi\/wp-content\/uploads\/sites\/20\/2024\/04\/INCENTIVO-2.jpg\" \/>\n\t<meta property=\"og:image:width\" content=\"800\" \/>\n\t<meta property=\"og:image:height\" content=\"533\" \/>\n\t<meta property=\"og:image:type\" content=\"image\/jpeg\" \/>\n<meta name=\"author\" content=\"bvalente\" \/>\n<meta name=\"twitter:card\" content=\"summary_large_image\" \/>\n<meta name=\"twitter:label1\" content=\"Written by\" \/>\n\t<meta name=\"twitter:data1\" content=\"bvalente\" \/>\n\t<meta name=\"twitter:label2\" content=\"Est. reading time\" \/>\n\t<meta name=\"twitter:data2\" content=\"2 minutos\" \/>\n<script type=\"application\/ld+json\" class=\"yoast-schema-graph\">{\"@context\":\"https:\/\/schema.org\",\"@graph\":[{\"@type\":\"Article\",\"@id\":\"https:\/\/www.manaus.am.gov.br\/semtepi\/incentivo\/empreendedorismo-mma-cage\/#article\",\"isPartOf\":{\"@id\":\"https:\/\/www.manaus.am.gov.br\/semtepi\/incentivo\/empreendedorismo-mma-cage\/\"},\"author\":{\"name\":\"bvalente\",\"@id\":\"https:\/\/www.manaus.am.gov.br\/semtepi\/#\/schema\/person\/466a0e03ae4b6062809046bd560ac955\"},\"headline\":\"Prefeitura de Manaus impulsiona empreendedorismo esportivo na 49\u00aa competi\u00e7\u00e3o de lutas MMA Mr. Cage\",\"datePublished\":\"2024-04-09T18:54:20+00:00\",\"dateModified\":\"2024-04-10T12:03:29+00:00\",\"mainEntityOfPage\":{\"@id\":\"https:\/\/www.manaus.am.gov.br\/semtepi\/incentivo\/empreendedorismo-mma-cage\/\"},\"wordCount\":350,\"publisher\":{\"@id\":\"https:\/\/www.manaus.am.gov.br\/semtepi\/#organization\"},\"image\":{\"@id\":\"https:\/\/www.manaus.am.gov.br\/semtepi\/incentivo\/empreendedorismo-mma-cage\/#primaryimage\"},\"thumbnailUrl\":\"https:\/\/www.manaus.am.gov.br\/semtepi\/wp-content\/uploads\/sites\/20\/2024\/04\/INCENTIVO-2.jpg\",\"keywords\":[\"apoio a empreendedores\",\"competi\u00e7\u00e3o\",\"incentivo\",\"mma\",\"Semtepi\"],\"articleSection\":[\"INCENTIVO\"],\"inLanguage\":\"pt-BR\"},{\"@type\":\"WebPage\",\"@id\":\"https:\/\/www.manaus.am.gov.br\/semtepi\/incentivo\/empreendedorismo-mma-cage\/\",\"url\":\"https:\/\/www.manaus.am.gov.br\/semtepi\/incentivo\/empreendedorismo-mma-cage\/\",\"name\":\"Prefeitura de Manaus impulsiona empreendedorismo esportivo\",\"isPartOf\":{\"@id\":\"https:\/\/www.manaus.am.gov.br\/semtepi\/#website\"},\"primaryImageOfPage\":{\"@id\":\"https:\/\/www.manaus.am.gov.br\/semtepi\/incentivo\/empreendedorismo-mma-cage\/#primaryimage\"},\"image\":{\"@id\":\"https:\/\/www.manaus.am.gov.br\/semtepi\/incentivo\/empreendedorismo-mma-cage\/#primaryimage\"},\"thumbnailUrl\":\"https:\/\/www.manaus.am.gov.br\/semtepi\/wp-content\/uploads\/sites\/20\/2024\/04\/INCENTIVO-2.jpg\",\"datePublished\":\"2024-04-09T18:54:20+00:00\",\"dateModified\":\"2024-04-10T12:03:29+00:00\",\"description\":\"A Prefeitura de Manaus, sediar\u00e1, neste s\u00e1bado, 13\/4, a 49\u00aa competi\u00e7\u00e3o de luta na modalidade de Artes Marciais Mistas (MMA), Mr. Cage.\",\"breadcrumb\":{\"@id\":\"https:\/\/www.manaus.am.gov.br\/semtepi\/incentivo\/empreendedorismo-mma-cage\/#breadcrumb\"},\"inLanguage\":\"pt-BR\",\"potentialAction\":[{\"@type\":\"ReadAction\",\"target\":[\"https:\/\/www.manaus.am.gov.br\/semtepi\/incentivo\/empreendedorismo-mma-cage\/\"]}]},{\"@type\":\"ImageObject\",\"inLanguage\":\"pt-BR\",\"@id\":\"https:\/\/www.manaus.am.gov.br\/semtepi\/incentivo\/empreendedorismo-mma-cage\/#primaryimage\",\"url\":\"https:\/\/www.manaus.am.gov.br\/semtepi\/wp-content\/uploads\/sites\/20\/2024\/04\/INCENTIVO-2.jpg\",\"contentUrl\":\"https:\/\/www.manaus.am.gov.br\/semtepi\/wp-content\/uploads\/sites\/20\/2024\/04\/INCENTIVO-2.jpg\",\"width\":800,\"height\":533},{\"@type\":\"BreadcrumbList\",\"@id\":\"https:\/\/www.manaus.am.gov.br\/semtepi\/incentivo\/empreendedorismo-mma-cage\/#breadcrumb\",\"itemListElement\":[{\"@type\":\"ListItem\",\"position\":1,\"name\":\"Home\",\"item\":\"https:\/\/www.manaus.am.gov.br\/semtepi\/\"},{\"@type\":\"ListItem\",\"position\":2,\"name\":\"Prefeitura de Manaus impulsiona empreendedorismo esportivo na 49\u00aa competi\u00e7\u00e3o de lutas MMA Mr. Cage\"}]},{\"@type\":\"WebSite\",\"@id\":\"https:\/\/www.manaus.am.gov.br\/semtepi\/#website\",\"url\":\"https:\/\/www.manaus.am.gov.br\/semtepi\/\",\"name\":\"SEMTEPI\",\"description\":\"Prefeitura de Manaus\",\"publisher\":{\"@id\":\"https:\/\/www.manaus.am.gov.br\/semtepi\/#organization\"},\"alternateName\":\"Secretaria Municipal do Trabalho, Empreendedorismo e Inova\u00e7\u00e3o\",\"potentialAction\":[{\"@type\":\"SearchAction\",\"target\":{\"@type\":\"EntryPoint\",\"urlTemplate\":\"https:\/\/www.manaus.am.gov.br\/semtepi\/?s={search_term_string}\"},\"query-input\":\"required name=search_term_string\"}],\"inLanguage\":\"pt-BR\"},{\"@type\":\"Organization\",\"@id\":\"https:\/\/www.manaus.am.gov.br\/semtepi\/#organization\",\"name\":\"Prefeitura Municipal de Manaus\",\"alternateName\":\"Prefeitura de Manaus\",\"url\":\"https:\/\/www.manaus.am.gov.br\/semtepi\/\",\"logo\":{\"@type\":\"ImageObject\",\"inLanguage\":\"pt-BR\",\"@id\":\"https:\/\/www.manaus.am.gov.br\/semtepi\/#\/schema\/logo\/image\/\",\"url\":\"https:\/\/www.manaus.am.gov.br\/semtepi\/wp-content\/uploads\/sites\/20\/2024\/07\/favicon.png\",\"contentUrl\":\"https:\/\/www.manaus.am.gov.br\/semtepi\/wp-content\/uploads\/sites\/20\/2024\/07\/favicon.png\",\"width\":300,\"height\":300,\"caption\":\"Prefeitura Municipal de Manaus\"},\"image\":{\"@id\":\"https:\/\/www.manaus.am.gov.br\/semtepi\/#\/schema\/logo\/image\/\"}},{\"@type\":\"Person\",\"@id\":\"https:\/\/www.manaus.am.gov.br\/semtepi\/#\/schema\/person\/466a0e03ae4b6062809046bd560ac955\",\"name\":\"bvalente\",\"image\":{\"@type\":\"ImageObject\",\"inLanguage\":\"pt-BR\",\"@id\":\"https:\/\/www.manaus.am.gov.br\/semtepi\/#\/schema\/person\/image\/\",\"url\":\"https:\/\/secure.gravatar.com\/avatar\/3e69bc2b014bdad41adfec3a39de07d2?s=96&d=mm&r=g\",\"contentUrl\":\"https:\/\/secure.gravatar.com\/avatar\/3e69bc2b014bdad41adfec3a39de07d2?s=96&d=mm&r=g\",\"caption\":\"bvalente\"}}]}<\/script>\n<!-- \/ Yoast SEO plugin. -->","yoast_head_json":{"title":"Prefeitura de Manaus impulsiona empreendedorismo esportivo","description":"A Prefeitura de Manaus, sediar\u00e1, neste s\u00e1bado, 13\/4, a 49\u00aa competi\u00e7\u00e3o de luta na modalidade de Artes Marciais Mistas (MMA), Mr. Cage.","robots":{"index":"noindex","follow":"follow"},"og_locale":"pt_BR","og_type":"article","og_title":"Prefeitura de Manaus impulsiona empreendedorismo esportivo","og_description":"A Prefeitura de Manaus, sediar\u00e1, neste s\u00e1bado, 13\/4, a 49\u00aa competi\u00e7\u00e3o de luta na modalidade de Artes Marciais Mistas (MMA), Mr. Cage.","og_url":"https:\/\/www.manaus.am.gov.br\/semtepi\/incentivo\/empreendedorismo-mma-cage\/","og_site_name":"SEMTEPI","article_published_time":"2024-04-09T18:54:20+00:00","article_modified_time":"2024-04-10T12:03:29+00:00","og_image":[{"width":800,"height":533,"url":"https:\/\/www.manaus.am.gov.br\/semtepi\/wp-content\/uploads\/sites\/20\/2024\/04\/INCENTIVO-2.jpg","type":"image\/jpeg"}],"author":"bvalente","twitter_card":"summary_large_image","twitter_misc":{"Written by":"bvalente","Est. reading time":"2 minutos"},"schema":{"@context":"https:\/\/schema.org","@graph":[{"@type":"Article","@id":"https:\/\/www.manaus.am.gov.br\/semtepi\/incentivo\/empreendedorismo-mma-cage\/#article","isPartOf":{"@id":"https:\/\/www.manaus.am.gov.br\/semtepi\/incentivo\/empreendedorismo-mma-cage\/"},"author":{"name":"bvalente","@id":"https:\/\/www.manaus.am.gov.br\/semtepi\/#\/schema\/person\/466a0e03ae4b6062809046bd560ac955"},"headline":"Prefeitura de Manaus impulsiona empreendedorismo esportivo na 49\u00aa competi\u00e7\u00e3o de lutas MMA Mr. Cage","datePublished":"2024-04-09T18:54:20+00:00","dateModified":"2024-04-10T12:03:29+00:00","mainEntityOfPage":{"@id":"https:\/\/www.manaus.am.gov.br\/semtepi\/incentivo\/empreendedorismo-mma-cage\/"},"wordCount":350,"publisher":{"@id":"https:\/\/www.manaus.am.gov.br\/semtepi\/#organization"},"image":{"@id":"https:\/\/www.manaus.am.gov.br\/semtepi\/incentivo\/empreendedorismo-mma-cage\/#primaryimage"},"thumbnailUrl":"https:\/\/www.manaus.am.gov.br\/semtepi\/wp-content\/uploads\/sites\/20\/2024\/04\/INCENTIVO-2.jpg","keywords":["apoio a empreendedores","competi\u00e7\u00e3o","incentivo","mma","Semtepi"],"articleSection":["INCENTIVO"],"inLanguage":"pt-BR"},{"@type":"WebPage","@id":"https:\/\/www.manaus.am.gov.br\/semtepi\/incentivo\/empreendedorismo-mma-cage\/","url":"https:\/\/www.manaus.am.gov.br\/semtepi\/incentivo\/empreendedorismo-mma-cage\/","name":"Prefeitura de Manaus impulsiona empreendedorismo esportivo","isPartOf":{"@id":"https:\/\/www.manaus.am.gov.br\/semtepi\/#website"},"primaryImageOfPage":{"@id":"https:\/\/www.manaus.am.gov.br\/semtepi\/incentivo\/empreendedorismo-mma-cage\/#primaryimage"},"image":{"@id":"https:\/\/www.manaus.am.gov.br\/semtepi\/incentivo\/empreendedorismo-mma-cage\/#primaryimage"},"thumbnailUrl":"https:\/\/www.manaus.am.gov.br\/semtepi\/wp-content\/uploads\/sites\/20\/2024\/04\/INCENTIVO-2.jpg","datePublished":"2024-04-09T18:54:20+00:00","dateModified":"2024-04-10T12:03:29+00:00","description":"A Prefeitura de Manaus, sediar\u00e1, neste s\u00e1bado, 13\/4, a 49\u00aa competi\u00e7\u00e3o de luta na modalidade de Artes Marciais Mistas (MMA), Mr. Cage.","breadcrumb":{"@id":"https:\/\/www.manaus.am.gov.br\/semtepi\/incentivo\/empreendedorismo-mma-cage\/#breadcrumb"},"inLanguage":"pt-BR","potentialAction":[{"@type":"ReadAction","target":["https:\/\/www.manaus.am.gov.br\/semtepi\/incentivo\/empreendedorismo-mma-cage\/"]}]},{"@type":"ImageObject","inLanguage":"pt-BR","@id":"https:\/\/www.manaus.am.gov.br\/semtepi\/incentivo\/empreendedorismo-mma-cage\/#primaryimage","url":"https:\/\/www.manaus.am.gov.br\/semtepi\/wp-content\/uploads\/sites\/20\/2024\/04\/INCENTIVO-2.jpg","contentUrl":"https:\/\/www.manaus.am.gov.br\/semtepi\/wp-content\/uploads\/sites\/20\/2024\/04\/INCENTIVO-2.jpg","width":800,"height":533},{"@type":"BreadcrumbList","@id":"https:\/\/www.manaus.am.gov.br\/semtepi\/incentivo\/empreendedorismo-mma-cage\/#breadcrumb","itemListElement":[{"@type":"ListItem","position":1,"name":"Home","item":"https:\/\/www.manaus.am.gov.br\/semtepi\/"},{"@type":"ListItem","position":2,"name":"Prefeitura de Manaus impulsiona empreendedorismo esportivo na 49\u00aa competi\u00e7\u00e3o de lutas MMA Mr. Cage"}]},{"@type":"WebSite","@id":"https:\/\/www.manaus.am.gov.br\/semtepi\/#website","url":"https:\/\/www.manaus.am.gov.br\/semtepi\/","name":"SEMTEPI","description":"Prefeitura de Manaus","publisher":{"@id":"https:\/\/www.manaus.am.gov.br\/semtepi\/#organization"},"alternateName":"Secretaria Municipal do Trabalho, Empreendedorismo e Inova\u00e7\u00e3o","potentialAction":[{"@type":"SearchAction","target":{"@type":"EntryPoint","urlTemplate":"https:\/\/www.manaus.am.gov.br\/semtepi\/?s={search_term_string}"},"query-input":"required name=search_term_string"}],"inLanguage":"pt-BR"},{"@type":"Organization","@id":"https:\/\/www.manaus.am.gov.br\/semtepi\/#organization","name":"Prefeitura Municipal de Manaus","alternateName":"Prefeitura de Manaus","url":"https:\/\/www.manaus.am.gov.br\/semtepi\/","logo":{"@type":"ImageObject","inLanguage":"pt-BR","@id":"https:\/\/www.manaus.am.gov.br\/semtepi\/#\/schema\/logo\/image\/","url":"https:\/\/www.manaus.am.gov.br\/semtepi\/wp-content\/uploads\/sites\/20\/2024\/07\/favicon.png","contentUrl":"https:\/\/www.manaus.am.gov.br\/semtepi\/wp-content\/uploads\/sites\/20\/2024\/07\/favicon.png","width":300,"height":300,"caption":"Prefeitura Municipal de Manaus"},"image":{"@id":"https:\/\/www.manaus.am.gov.br\/semtepi\/#\/schema\/logo\/image\/"}},{"@type":"Person","@id":"https:\/\/www.manaus.am.gov.br\/semtepi\/#\/schema\/person\/466a0e03ae4b6062809046bd560ac955","name":"bvalente","image":{"@type":"ImageObject","inLanguage":"pt-BR","@id":"https:\/\/www.manaus.am.gov.br\/semtepi\/#\/schema\/person\/image\/","url":"https:\/\/secure.gravatar.com\/avatar\/3e69bc2b014bdad41adfec3a39de07d2?s=96&d=mm&r=g","contentUrl":"https:\/\/secure.gravatar.com\/avatar\/3e69bc2b014bdad41adfec3a39de07d2?s=96&d=mm&r=g","caption":"bvalente"}}]}},"_links":{"self":[{"href":"https:\/\/www.manaus.am.gov.br\/semtepi\/wp-json\/wp\/v2\/posts\/4474"}],"collection":[{"href":"https:\/\/www.manaus.am.gov.br\/semtepi\/wp-json\/wp\/v2\/posts"}],"about":[{"href":"https:\/\/www.manaus.am.gov.br\/semtepi\/wp-json\/wp\/v2\/types\/post"}],"author":[{"embeddable":true,"href":"https:\/\/www.manaus.am.gov.br\/semtepi\/wp-json\/wp\/v2\/users\/68"}],"replies":[{"embeddable":true,"href":"https:\/\/www.manaus.am.gov.br\/semtepi\/wp-json\/wp\/v2\/comments?post=4474"}],"version-history":[{"count":0,"href":"https:\/\/www.manaus.am.gov.br\/semtepi\/wp-json\/wp\/v2\/posts\/4474\/revisions"}],"wp:featuredmedia":[{"embeddable":true,"href":"https:\/\/www.manaus.am.gov.br\/semtepi\/wp-json\/wp\/v2\/media\/4475"}],"wp:attachment":[{"href":"https:\/\/www.manaus.am.gov.br\/semtepi\/wp-json\/wp\/v2\/media?parent=4474"}],"wp:term":[{"taxonomy":"category","embeddable":true,"href":"https:\/\/www.manaus.am.gov.br\/semtepi\/wp-json\/wp\/v2\/categories?post=4474"},{"taxonomy":"post_tag","embeddable":true,"href":"https:\/\/www.manaus.am.gov.br\/semtepi\/wp-json\/wp\/v2\/tags?post=4474"}],"curies":[{"name":"wp","href":"https:\/\/api.w.org\/{rel}","templated":true}]}}