{"id":4453,"date":"2024-04-04T14:31:05","date_gmt":"2024-04-04T18:31:05","guid":{"rendered":"https:\/\/www.manaus.am.gov.br\/semtepi\/sem-categoria\/programacao-casa-de-praia\/"},"modified":"2024-04-04T14:31:06","modified_gmt":"2024-04-04T18:31:06","slug":"programacao-casa-de-praia","status":"publish","type":"post","link":"https:\/\/www.manaus.am.gov.br\/semtepi\/programacao\/programacao-casa-de-praia\/","title":{"rendered":"Casa de Praia Zezinho Corr\u00eaa tem \u2018noite de samba\u2019 e transmiss\u00e3o ao vivo da final do campeonato carioca"},"content":{"rendered":"\n<p>Repleta de programa\u00e7\u00f5es para toda a fam\u00edlia, a Casa de Praia Zezinho Corr\u00eaa, administrada pela Prefeitura de Manaus, por meio da Secretaria Municipal do Trabalho, Empreendedorismo e Inova\u00e7\u00e3o (Semtepi), vai receber, nesta sexta, s\u00e1bado e domingo, 5, 6 e 7\/4, seis atra\u00e7\u00f5es, com estilos musicais que v\u00e3o do samba ao boi-bumb\u00e1, al\u00e9m da transmiss\u00e3o ao vivo do Campeonato Carioca de Futebol: Flamengo x Nova Igua\u00e7u.<\/p>\n\n\n\n<p>Os shows ser\u00e3o totalmente gratuitos e iniciar\u00e3o, a partir das 18h, no palco Murilo Rayol. Na sexta-feira, 5\/4, a primeira apresenta\u00e7\u00e3o ser\u00e1 do cantor sertanejo Jhansen Almeida, trazendo um repert\u00f3rio completo de m\u00fasicas do g\u00eanero, como o tradicional piseiro e forr\u00f3 de Manaus. Na sequ\u00eancia, Fernando Carvalho se apresenta ao p\u00fablico com ritmos de marchinha.<\/p>\n\n\n\n<p>\u201cCom quase 200 shows, as atividades disponibilizadas na Casa de Praia seguem com o prop\u00f3sito de fortalecer a cultura, o turismo e o empreendedorismo na nossa regi\u00e3o. Convido a todos para prestigiarem os shows que v\u00e3o acontecer neste fim de semana\u201d, frisou o secret\u00e1rio da Semtepi, Radyr J\u00fanior.<\/p>\n\n\n\n<p>No s\u00e1bado, 6\/4, o&nbsp;<em>happy hour<\/em>&nbsp;vai iniciar com muita agita\u00e7\u00e3o ao som do grupo \u2018Samba\u00ed\u2019, trazendo v\u00e1rios cl\u00e1ssicos do samba, al\u00e9m do cantor&nbsp;Rainier de Carvalho, que vai explorar diversos g\u00eaneros musicais do ritmo brasileiro, como MPB e M\u00fasica Popular Amazonense (MPA).<\/p>\n\n\n\n<p>A \u201cTardezinha\u201d do domingo, 7\/4, vai contar com o show da banda Bello Encontro, que estar\u00e1, pela quarta vez, na Casa de Praia Zezinho Corr\u00eaa, animando a noite dos manauaras com muito pagode. Em ritmo de boi-bumb\u00e1, o grupo Amaz\u00f4nidas subir\u00e1 ao palco para fazer as percuss\u00f5es r\u00edtmicas de boi.<\/p>\n\n\n\n<p>Ainda no domingo, a partir das 16h, a final do campeonato carioca na disputa pela Ta\u00e7a Guanabara, entre Flamengo&nbsp;<em>versus<\/em>&nbsp;Nova Igua\u00e7u, ser\u00e1 transmitida ao vivo pelo tel\u00e3o montado na Casa de Praia Zezinho Corr\u00eaa, localizada na avenida Coronel Teixeira, complexo tur\u00edstico Ponta Negra, zona Oeste da capital.<\/p>\n\n\n\n<p>&#8212; &#8212; &#8212;<\/p>\n\n\n\n<p><strong>Texto \u2013&nbsp;<\/strong>Fabiane Monteiro \/ Semtepi<\/p>\n\n\n\n<p><strong>Fotos \u2013&nbsp;<\/strong>Arquivo\/Semcom<\/p>\n","protected":false},"excerpt":{"rendered":"","protected":false},"author":23,"featured_media":4454,"comment_status":"closed","ping_status":"closed","sticky":false,"template":"","format":"standard","meta":{"footnotes":""},"categories":[209],"tags":[212,1043,1044,8,9,934],"acf":[],"yoast_head":"<!-- This site is optimized with the Yoast SEO plugin v23.0 - https:\/\/yoast.com\/wordpress\/plugins\/seo\/ -->\n<title>Casa de Praia Zezinho Corr\u00eaa tem \u2018noite de samba\u2019 e transmiss\u00e3o ao vivo da final do campeonato carioca<\/title>\n<meta name=\"description\" content=\"Repleta de programa\u00e7\u00f5es para toda a fam\u00edlia, a Casa de Praia Zezinho Corr\u00eaa, administrada pela Prefeitura de Manaus, por meio da Secretaria Municipal do Trabalho, Empreendedorismo e Inova\u00e7\u00e3o (Semtepi), vai receber, nesta sexta, s\u00e1bado e domingo, 5, 6 e 7\/4, seis atra\u00e7\u00f5es, com estilos musicais que v\u00e3o do samba ao boi-bumb\u00e1, al\u00e9m da transmiss\u00e3o ao vivo do Campeonato Carioca de Futebol: Flamengo x Nova Igua\u00e7u.\" \/>\n<meta name=\"robots\" content=\"noindex, follow\" \/>\n<meta property=\"og:locale\" content=\"pt_BR\" \/>\n<meta property=\"og:type\" content=\"article\" \/>\n<meta property=\"og:title\" content=\"Casa de Praia Zezinho Corr\u00eaa tem \u2018noite de samba\u2019 e transmiss\u00e3o ao vivo da final do campeonato carioca\" \/>\n<meta property=\"og:description\" content=\"Repleta de programa\u00e7\u00f5es para toda a fam\u00edlia, a Casa de Praia Zezinho Corr\u00eaa, administrada pela Prefeitura de Manaus, por meio da Secretaria Municipal do Trabalho, Empreendedorismo e Inova\u00e7\u00e3o (Semtepi), vai receber, nesta sexta, s\u00e1bado e domingo, 5, 6 e 7\/4, seis atra\u00e7\u00f5es, com estilos musicais que v\u00e3o do samba ao boi-bumb\u00e1, al\u00e9m da transmiss\u00e3o ao vivo do Campeonato Carioca de Futebol: Flamengo x Nova Igua\u00e7u.\" \/>\n<meta property=\"og:url\" content=\"https:\/\/www.manaus.am.gov.br\/semtepi\/programacao\/programacao-casa-de-praia\/\" \/>\n<meta property=\"og:site_name\" content=\"SEMTEPI\" \/>\n<meta property=\"article:published_time\" content=\"2024-04-04T18:31:05+00:00\" \/>\n<meta property=\"article:modified_time\" content=\"2024-04-04T18:31:06+00:00\" \/>\n<meta property=\"og:image\" content=\"https:\/\/www.manaus.am.gov.br\/semtepi\/wp-content\/uploads\/sites\/20\/2024\/04\/53245966811_542cfae15c_c.jpg\" \/>\n\t<meta property=\"og:image:width\" content=\"799\" \/>\n\t<meta property=\"og:image:height\" content=\"533\" \/>\n\t<meta property=\"og:image:type\" content=\"image\/jpeg\" \/>\n<meta name=\"author\" content=\"Adriana Costa\" \/>\n<meta name=\"twitter:card\" content=\"summary_large_image\" \/>\n<meta name=\"twitter:label1\" content=\"Written by\" \/>\n\t<meta name=\"twitter:data1\" content=\"Adriana Costa\" \/>\n\t<meta name=\"twitter:label2\" content=\"Est. reading time\" \/>\n\t<meta name=\"twitter:data2\" content=\"2 minutos\" \/>\n<script type=\"application\/ld+json\" class=\"yoast-schema-graph\">{\"@context\":\"https:\/\/schema.org\",\"@graph\":[{\"@type\":\"Article\",\"@id\":\"https:\/\/www.manaus.am.gov.br\/semtepi\/programacao\/programacao-casa-de-praia\/#article\",\"isPartOf\":{\"@id\":\"https:\/\/www.manaus.am.gov.br\/semtepi\/programacao\/programacao-casa-de-praia\/\"},\"author\":{\"name\":\"Adriana Costa\",\"@id\":\"https:\/\/www.manaus.am.gov.br\/semtepi\/#\/schema\/person\/4e49f4e267757a06ca072ec61b2b9968\"},\"headline\":\"Casa de Praia Zezinho Corr\u00eaa tem \u2018noite de samba\u2019 e transmiss\u00e3o ao vivo da final do campeonato carioca\",\"datePublished\":\"2024-04-04T18:31:05+00:00\",\"dateModified\":\"2024-04-04T18:31:06+00:00\",\"mainEntityOfPage\":{\"@id\":\"https:\/\/www.manaus.am.gov.br\/semtepi\/programacao\/programacao-casa-de-praia\/\"},\"wordCount\":378,\"publisher\":{\"@id\":\"https:\/\/www.manaus.am.gov.br\/semtepi\/#organization\"},\"image\":{\"@id\":\"https:\/\/www.manaus.am.gov.br\/semtepi\/programacao\/programacao-casa-de-praia\/#primaryimage\"},\"thumbnailUrl\":\"https:\/\/www.manaus.am.gov.br\/semtepi\/wp-content\/uploads\/sites\/20\/2024\/04\/53245966811_542cfae15c_c.jpg\",\"keywords\":[\"Casa de Praia Zezinho Corr\u00eaa\",\"final do carioca\",\"futebol\",\"prefeitura de manaus\",\"Semtepi\",\"shows\"],\"articleSection\":[\"Programa\u00e7\u00e3o\"],\"inLanguage\":\"pt-BR\"},{\"@type\":\"WebPage\",\"@id\":\"https:\/\/www.manaus.am.gov.br\/semtepi\/programacao\/programacao-casa-de-praia\/\",\"url\":\"https:\/\/www.manaus.am.gov.br\/semtepi\/programacao\/programacao-casa-de-praia\/\",\"name\":\"Casa de Praia Zezinho Corr\u00eaa tem \u2018noite de samba\u2019 e transmiss\u00e3o ao vivo da final do campeonato carioca\",\"isPartOf\":{\"@id\":\"https:\/\/www.manaus.am.gov.br\/semtepi\/#website\"},\"primaryImageOfPage\":{\"@id\":\"https:\/\/www.manaus.am.gov.br\/semtepi\/programacao\/programacao-casa-de-praia\/#primaryimage\"},\"image\":{\"@id\":\"https:\/\/www.manaus.am.gov.br\/semtepi\/programacao\/programacao-casa-de-praia\/#primaryimage\"},\"thumbnailUrl\":\"https:\/\/www.manaus.am.gov.br\/semtepi\/wp-content\/uploads\/sites\/20\/2024\/04\/53245966811_542cfae15c_c.jpg\",\"datePublished\":\"2024-04-04T18:31:05+00:00\",\"dateModified\":\"2024-04-04T18:31:06+00:00\",\"description\":\"Repleta de programa\u00e7\u00f5es para toda a fam\u00edlia, a Casa de Praia Zezinho Corr\u00eaa, administrada pela Prefeitura de Manaus, por meio da Secretaria Municipal do Trabalho, Empreendedorismo e Inova\u00e7\u00e3o (Semtepi), vai receber, nesta sexta, s\u00e1bado e domingo, 5, 6 e 7\/4, seis atra\u00e7\u00f5es, com estilos musicais que v\u00e3o do samba ao boi-bumb\u00e1, al\u00e9m da transmiss\u00e3o ao vivo do Campeonato Carioca de Futebol: Flamengo x Nova Igua\u00e7u.\",\"breadcrumb\":{\"@id\":\"https:\/\/www.manaus.am.gov.br\/semtepi\/programacao\/programacao-casa-de-praia\/#breadcrumb\"},\"inLanguage\":\"pt-BR\",\"potentialAction\":[{\"@type\":\"ReadAction\",\"target\":[\"https:\/\/www.manaus.am.gov.br\/semtepi\/programacao\/programacao-casa-de-praia\/\"]}]},{\"@type\":\"ImageObject\",\"inLanguage\":\"pt-BR\",\"@id\":\"https:\/\/www.manaus.am.gov.br\/semtepi\/programacao\/programacao-casa-de-praia\/#primaryimage\",\"url\":\"https:\/\/www.manaus.am.gov.br\/semtepi\/wp-content\/uploads\/sites\/20\/2024\/04\/53245966811_542cfae15c_c.jpg\",\"contentUrl\":\"https:\/\/www.manaus.am.gov.br\/semtepi\/wp-content\/uploads\/sites\/20\/2024\/04\/53245966811_542cfae15c_c.jpg\",\"width\":799,\"height\":533},{\"@type\":\"BreadcrumbList\",\"@id\":\"https:\/\/www.manaus.am.gov.br\/semtepi\/programacao\/programacao-casa-de-praia\/#breadcrumb\",\"itemListElement\":[{\"@type\":\"ListItem\",\"position\":1,\"name\":\"Home\",\"item\":\"https:\/\/www.manaus.am.gov.br\/semtepi\/\"},{\"@type\":\"ListItem\",\"position\":2,\"name\":\"Casa de Praia Zezinho Corr\u00eaa tem \u2018noite de samba\u2019 e transmiss\u00e3o ao vivo da final do campeonato carioca\"}]},{\"@type\":\"WebSite\",\"@id\":\"https:\/\/www.manaus.am.gov.br\/semtepi\/#website\",\"url\":\"https:\/\/www.manaus.am.gov.br\/semtepi\/\",\"name\":\"SEMTEPI\",\"description\":\"Prefeitura de Manaus\",\"publisher\":{\"@id\":\"https:\/\/www.manaus.am.gov.br\/semtepi\/#organization\"},\"alternateName\":\"Secretaria Municipal do Trabalho, Empreendedorismo e Inova\u00e7\u00e3o\",\"potentialAction\":[{\"@type\":\"SearchAction\",\"target\":{\"@type\":\"EntryPoint\",\"urlTemplate\":\"https:\/\/www.manaus.am.gov.br\/semtepi\/?s={search_term_string}\"},\"query-input\":\"required name=search_term_string\"}],\"inLanguage\":\"pt-BR\"},{\"@type\":\"Organization\",\"@id\":\"https:\/\/www.manaus.am.gov.br\/semtepi\/#organization\",\"name\":\"Prefeitura Municipal de Manaus\",\"alternateName\":\"Prefeitura de Manaus\",\"url\":\"https:\/\/www.manaus.am.gov.br\/semtepi\/\",\"logo\":{\"@type\":\"ImageObject\",\"inLanguage\":\"pt-BR\",\"@id\":\"https:\/\/www.manaus.am.gov.br\/semtepi\/#\/schema\/logo\/image\/\",\"url\":\"https:\/\/www.manaus.am.gov.br\/semtepi\/wp-content\/uploads\/sites\/20\/2024\/07\/favicon.png\",\"contentUrl\":\"https:\/\/www.manaus.am.gov.br\/semtepi\/wp-content\/uploads\/sites\/20\/2024\/07\/favicon.png\",\"width\":300,\"height\":300,\"caption\":\"Prefeitura Municipal de Manaus\"},\"image\":{\"@id\":\"https:\/\/www.manaus.am.gov.br\/semtepi\/#\/schema\/logo\/image\/\"}},{\"@type\":\"Person\",\"@id\":\"https:\/\/www.manaus.am.gov.br\/semtepi\/#\/schema\/person\/4e49f4e267757a06ca072ec61b2b9968\",\"name\":\"Adriana Costa\",\"image\":{\"@type\":\"ImageObject\",\"inLanguage\":\"pt-BR\",\"@id\":\"https:\/\/www.manaus.am.gov.br\/semtepi\/#\/schema\/person\/image\/\",\"url\":\"https:\/\/secure.gravatar.com\/avatar\/576258617ef7194f718179e766d57bd4?s=96&d=mm&r=g\",\"contentUrl\":\"https:\/\/secure.gravatar.com\/avatar\/576258617ef7194f718179e766d57bd4?s=96&d=mm&r=g\",\"caption\":\"Adriana Costa\"}}]}<\/script>\n<!-- \/ Yoast SEO plugin. -->","yoast_head_json":{"title":"Casa de Praia Zezinho Corr\u00eaa tem \u2018noite de samba\u2019 e transmiss\u00e3o ao vivo da final do campeonato carioca","description":"Repleta de programa\u00e7\u00f5es para toda a fam\u00edlia, a Casa de Praia Zezinho Corr\u00eaa, administrada pela Prefeitura de Manaus, por meio da Secretaria Municipal do Trabalho, Empreendedorismo e Inova\u00e7\u00e3o (Semtepi), vai receber, nesta sexta, s\u00e1bado e domingo, 5, 6 e 7\/4, seis atra\u00e7\u00f5es, com estilos musicais que v\u00e3o do samba ao boi-bumb\u00e1, al\u00e9m da transmiss\u00e3o ao vivo do Campeonato Carioca de Futebol: Flamengo x Nova Igua\u00e7u.","robots":{"index":"noindex","follow":"follow"},"og_locale":"pt_BR","og_type":"article","og_title":"Casa de Praia Zezinho Corr\u00eaa tem \u2018noite de samba\u2019 e transmiss\u00e3o ao vivo da final do campeonato carioca","og_description":"Repleta de programa\u00e7\u00f5es para toda a fam\u00edlia, a Casa de Praia Zezinho Corr\u00eaa, administrada pela Prefeitura de Manaus, por meio da Secretaria Municipal do Trabalho, Empreendedorismo e Inova\u00e7\u00e3o (Semtepi), vai receber, nesta sexta, s\u00e1bado e domingo, 5, 6 e 7\/4, seis atra\u00e7\u00f5es, com estilos musicais que v\u00e3o do samba ao boi-bumb\u00e1, al\u00e9m da transmiss\u00e3o ao vivo do Campeonato Carioca de Futebol: Flamengo x Nova Igua\u00e7u.","og_url":"https:\/\/www.manaus.am.gov.br\/semtepi\/programacao\/programacao-casa-de-praia\/","og_site_name":"SEMTEPI","article_published_time":"2024-04-04T18:31:05+00:00","article_modified_time":"2024-04-04T18:31:06+00:00","og_image":[{"width":799,"height":533,"url":"https:\/\/www.manaus.am.gov.br\/semtepi\/wp-content\/uploads\/sites\/20\/2024\/04\/53245966811_542cfae15c_c.jpg","type":"image\/jpeg"}],"author":"Adriana Costa","twitter_card":"summary_large_image","twitter_misc":{"Written by":"Adriana Costa","Est. reading time":"2 minutos"},"schema":{"@context":"https:\/\/schema.org","@graph":[{"@type":"Article","@id":"https:\/\/www.manaus.am.gov.br\/semtepi\/programacao\/programacao-casa-de-praia\/#article","isPartOf":{"@id":"https:\/\/www.manaus.am.gov.br\/semtepi\/programacao\/programacao-casa-de-praia\/"},"author":{"name":"Adriana Costa","@id":"https:\/\/www.manaus.am.gov.br\/semtepi\/#\/schema\/person\/4e49f4e267757a06ca072ec61b2b9968"},"headline":"Casa de Praia Zezinho Corr\u00eaa tem \u2018noite de samba\u2019 e transmiss\u00e3o ao vivo da final do campeonato carioca","datePublished":"2024-04-04T18:31:05+00:00","dateModified":"2024-04-04T18:31:06+00:00","mainEntityOfPage":{"@id":"https:\/\/www.manaus.am.gov.br\/semtepi\/programacao\/programacao-casa-de-praia\/"},"wordCount":378,"publisher":{"@id":"https:\/\/www.manaus.am.gov.br\/semtepi\/#organization"},"image":{"@id":"https:\/\/www.manaus.am.gov.br\/semtepi\/programacao\/programacao-casa-de-praia\/#primaryimage"},"thumbnailUrl":"https:\/\/www.manaus.am.gov.br\/semtepi\/wp-content\/uploads\/sites\/20\/2024\/04\/53245966811_542cfae15c_c.jpg","keywords":["Casa de Praia Zezinho Corr\u00eaa","final do carioca","futebol","prefeitura de manaus","Semtepi","shows"],"articleSection":["Programa\u00e7\u00e3o"],"inLanguage":"pt-BR"},{"@type":"WebPage","@id":"https:\/\/www.manaus.am.gov.br\/semtepi\/programacao\/programacao-casa-de-praia\/","url":"https:\/\/www.manaus.am.gov.br\/semtepi\/programacao\/programacao-casa-de-praia\/","name":"Casa de Praia Zezinho Corr\u00eaa tem \u2018noite de samba\u2019 e transmiss\u00e3o ao vivo da final do campeonato carioca","isPartOf":{"@id":"https:\/\/www.manaus.am.gov.br\/semtepi\/#website"},"primaryImageOfPage":{"@id":"https:\/\/www.manaus.am.gov.br\/semtepi\/programacao\/programacao-casa-de-praia\/#primaryimage"},"image":{"@id":"https:\/\/www.manaus.am.gov.br\/semtepi\/programacao\/programacao-casa-de-praia\/#primaryimage"},"thumbnailUrl":"https:\/\/www.manaus.am.gov.br\/semtepi\/wp-content\/uploads\/sites\/20\/2024\/04\/53245966811_542cfae15c_c.jpg","datePublished":"2024-04-04T18:31:05+00:00","dateModified":"2024-04-04T18:31:06+00:00","description":"Repleta de programa\u00e7\u00f5es para toda a fam\u00edlia, a Casa de Praia Zezinho Corr\u00eaa, administrada pela Prefeitura de Manaus, por meio da Secretaria Municipal do Trabalho, Empreendedorismo e Inova\u00e7\u00e3o (Semtepi), vai receber, nesta sexta, s\u00e1bado e domingo, 5, 6 e 7\/4, seis atra\u00e7\u00f5es, com estilos musicais que v\u00e3o do samba ao boi-bumb\u00e1, al\u00e9m da transmiss\u00e3o ao vivo do Campeonato Carioca de Futebol: Flamengo x Nova Igua\u00e7u.","breadcrumb":{"@id":"https:\/\/www.manaus.am.gov.br\/semtepi\/programacao\/programacao-casa-de-praia\/#breadcrumb"},"inLanguage":"pt-BR","potentialAction":[{"@type":"ReadAction","target":["https:\/\/www.manaus.am.gov.br\/semtepi\/programacao\/programacao-casa-de-praia\/"]}]},{"@type":"ImageObject","inLanguage":"pt-BR","@id":"https:\/\/www.manaus.am.gov.br\/semtepi\/programacao\/programacao-casa-de-praia\/#primaryimage","url":"https:\/\/www.manaus.am.gov.br\/semtepi\/wp-content\/uploads\/sites\/20\/2024\/04\/53245966811_542cfae15c_c.jpg","contentUrl":"https:\/\/www.manaus.am.gov.br\/semtepi\/wp-content\/uploads\/sites\/20\/2024\/04\/53245966811_542cfae15c_c.jpg","width":799,"height":533},{"@type":"BreadcrumbList","@id":"https:\/\/www.manaus.am.gov.br\/semtepi\/programacao\/programacao-casa-de-praia\/#breadcrumb","itemListElement":[{"@type":"ListItem","position":1,"name":"Home","item":"https:\/\/www.manaus.am.gov.br\/semtepi\/"},{"@type":"ListItem","position":2,"name":"Casa de Praia Zezinho Corr\u00eaa tem \u2018noite de samba\u2019 e transmiss\u00e3o ao vivo da final do campeonato carioca"}]},{"@type":"WebSite","@id":"https:\/\/www.manaus.am.gov.br\/semtepi\/#website","url":"https:\/\/www.manaus.am.gov.br\/semtepi\/","name":"SEMTEPI","description":"Prefeitura de Manaus","publisher":{"@id":"https:\/\/www.manaus.am.gov.br\/semtepi\/#organization"},"alternateName":"Secretaria Municipal do Trabalho, Empreendedorismo e Inova\u00e7\u00e3o","potentialAction":[{"@type":"SearchAction","target":{"@type":"EntryPoint","urlTemplate":"https:\/\/www.manaus.am.gov.br\/semtepi\/?s={search_term_string}"},"query-input":"required name=search_term_string"}],"inLanguage":"pt-BR"},{"@type":"Organization","@id":"https:\/\/www.manaus.am.gov.br\/semtepi\/#organization","name":"Prefeitura Municipal de Manaus","alternateName":"Prefeitura de Manaus","url":"https:\/\/www.manaus.am.gov.br\/semtepi\/","logo":{"@type":"ImageObject","inLanguage":"pt-BR","@id":"https:\/\/www.manaus.am.gov.br\/semtepi\/#\/schema\/logo\/image\/","url":"https:\/\/www.manaus.am.gov.br\/semtepi\/wp-content\/uploads\/sites\/20\/2024\/07\/favicon.png","contentUrl":"https:\/\/www.manaus.am.gov.br\/semtepi\/wp-content\/uploads\/sites\/20\/2024\/07\/favicon.png","width":300,"height":300,"caption":"Prefeitura Municipal de Manaus"},"image":{"@id":"https:\/\/www.manaus.am.gov.br\/semtepi\/#\/schema\/logo\/image\/"}},{"@type":"Person","@id":"https:\/\/www.manaus.am.gov.br\/semtepi\/#\/schema\/person\/4e49f4e267757a06ca072ec61b2b9968","name":"Adriana Costa","image":{"@type":"ImageObject","inLanguage":"pt-BR","@id":"https:\/\/www.manaus.am.gov.br\/semtepi\/#\/schema\/person\/image\/","url":"https:\/\/secure.gravatar.com\/avatar\/576258617ef7194f718179e766d57bd4?s=96&d=mm&r=g","contentUrl":"https:\/\/secure.gravatar.com\/avatar\/576258617ef7194f718179e766d57bd4?s=96&d=mm&r=g","caption":"Adriana Costa"}}]}},"_links":{"self":[{"href":"https:\/\/www.manaus.am.gov.br\/semtepi\/wp-json\/wp\/v2\/posts\/4453"}],"collection":[{"href":"https:\/\/www.manaus.am.gov.br\/semtepi\/wp-json\/wp\/v2\/posts"}],"about":[{"href":"https:\/\/www.manaus.am.gov.br\/semtepi\/wp-json\/wp\/v2\/types\/post"}],"author":[{"embeddable":true,"href":"https:\/\/www.manaus.am.gov.br\/semtepi\/wp-json\/wp\/v2\/users\/23"}],"replies":[{"embeddable":true,"href":"https:\/\/www.manaus.am.gov.br\/semtepi\/wp-json\/wp\/v2\/comments?post=4453"}],"version-history":[{"count":0,"href":"https:\/\/www.manaus.am.gov.br\/semtepi\/wp-json\/wp\/v2\/posts\/4453\/revisions"}],"wp:featuredmedia":[{"embeddable":true,"href":"https:\/\/www.manaus.am.gov.br\/semtepi\/wp-json\/wp\/v2\/media\/4454"}],"wp:attachment":[{"href":"https:\/\/www.manaus.am.gov.br\/semtepi\/wp-json\/wp\/v2\/media?parent=4453"}],"wp:term":[{"taxonomy":"category","embeddable":true,"href":"https:\/\/www.manaus.am.gov.br\/semtepi\/wp-json\/wp\/v2\/categories?post=4453"},{"taxonomy":"post_tag","embeddable":true,"href":"https:\/\/www.manaus.am.gov.br\/semtepi\/wp-json\/wp\/v2\/tags?post=4453"}],"curies":[{"name":"wp","href":"https:\/\/api.w.org\/{rel}","templated":true}]}}