{"id":4424,"date":"2024-03-27T13:54:13","date_gmt":"2024-03-27T17:54:13","guid":{"rendered":"https:\/\/www.manaus.am.gov.br\/semtepi\/sem-categoria\/casa-de-praia-pascoa\/"},"modified":"2024-03-27T13:54:15","modified_gmt":"2024-03-27T17:54:15","slug":"casa-de-praia-pascoa","status":"publish","type":"post","link":"https:\/\/www.manaus.am.gov.br\/semtepi\/comemoracao\/casa-de-praia-pascoa\/","title":{"rendered":"Casa de Praia Zezinho Corr\u00eaa recebe programa\u00e7\u00e3o especial de P\u00e1scoa"},"content":{"rendered":"\n<p>Administrada pela Prefeitura de Manaus, por meio da Secretaria Municipal do Trabalho, Empreendedorismo e Inova\u00e7\u00e3o (Semtepi), a casa de praia Zezinho Corr\u00eaa vai receber, neste s\u00e1bado e domingo, 30 e 31\/3, a partir das 18h, duas atra\u00e7\u00f5es gratuitas, sendo uma com programa\u00e7\u00e3o especial de P\u00e1scoa com a banda Novo Som. O espa\u00e7o est\u00e1 localizado na avenida Coronel Teixeira, no complexo tur\u00edstico Ponta Negra, zona Oeste.<\/p>\n\n\n\n<p>No primeiro dia, 30\/3, a banda gospel Novo Som ser\u00e1 a atra\u00e7\u00e3o nacional do espa\u00e7o, para celebrar o feriado \u201cS\u00e1bado de Aleluia\u201d. H\u00e1 mais de 30 anos no ramo, o grupo \u00e9 composto pelo vocalista Alex Gonzaga, Mito (teclado) e Geraldo Abdo (bateria).<\/p>\n\n\n\n<p>\u201cA casa de praia \u00e9 um espa\u00e7o destinado ao lazer e empreendedorismo, al\u00e9m de promover a cultura e o turismo local. Por isso, estamos felizes em oferecer um fim de semana cheio de divers\u00e3o e m\u00fasica de qualidade. Este local, que esteve inativo por mais de 20 anos, agora renasce como um aut\u00eantico polo cultural e recreativo para as fam\u00edlias de Manaus. Convidamos voc\u00ea a prestigiar esses shows que ocorrer\u00e3o ao longo do fim de semana\u201d, convidou o secret\u00e1rio da Semtepi, Radyr J\u00fanior.<\/p>\n\n\n\n<p>Na programa\u00e7\u00e3o de domingo, 31\/3, a \u2018Tardezinha\u2019 trar\u00e1 uma variedade de m\u00fasicas de toadas de boi-bumb\u00e1, para movimentar a noite dos manauaras, na voz da cantora Luanita Rangel e da banda Boteco do Boi, que subir\u00e3o ao palco Murilo Rayol para encerrar o fim de semana com interpreta\u00e7\u00f5es das tradicionais marchinhas de boi.<\/p>\n\n\n\n<p>&#8212; &#8212; &#8212;<\/p>\n\n\n\n<p><strong>Texto \u2013 <\/strong>Fabiane Monteiro\/Semtepi<\/p>\n\n\n\n<p><strong>Foto \u2013 <\/strong>Phill Lima \/ Semcom<\/p>\n","protected":false},"excerpt":{"rendered":"","protected":false},"author":57,"featured_media":4425,"comment_status":"closed","ping_status":"closed","sticky":false,"template":"","format":"standard","meta":{"footnotes":""},"categories":[532],"tags":[212,1040,8,216,9],"acf":[],"yoast_head":"<!-- This site is optimized with the Yoast SEO plugin v23.0 - https:\/\/yoast.com\/wordpress\/plugins\/seo\/ -->\n<title>Casa de Praia Zezinho Corr\u00eaa recebe programa\u00e7\u00e3o de P\u00e1scoa<\/title>\n<meta name=\"description\" content=\"A casa de praia Zezinho Corr\u00eaa vai receber, neste s\u00e1bado e domingo, duas atra\u00e7\u00f5es gratuitas em comemora\u00e7\u00e3o a P\u00e1scoa.\" \/>\n<meta name=\"robots\" content=\"noindex, follow\" \/>\n<meta property=\"og:locale\" content=\"pt_BR\" \/>\n<meta property=\"og:type\" content=\"article\" \/>\n<meta property=\"og:title\" content=\"Casa de Praia Zezinho Corr\u00eaa recebe programa\u00e7\u00e3o de P\u00e1scoa\" \/>\n<meta property=\"og:description\" content=\"A casa de praia Zezinho Corr\u00eaa vai receber, neste s\u00e1bado e domingo, duas atra\u00e7\u00f5es gratuitas em comemora\u00e7\u00e3o a P\u00e1scoa.\" \/>\n<meta property=\"og:url\" content=\"https:\/\/www.manaus.am.gov.br\/semtepi\/comemoracao\/casa-de-praia-pascoa\/\" \/>\n<meta property=\"og:site_name\" content=\"SEMTEPI\" \/>\n<meta property=\"article:published_time\" content=\"2024-03-27T17:54:13+00:00\" \/>\n<meta property=\"article:modified_time\" content=\"2024-03-27T17:54:15+00:00\" \/>\n<meta property=\"og:image\" content=\"https:\/\/www.manaus.am.gov.br\/semtepi\/wp-content\/uploads\/sites\/20\/2024\/03\/Semtepi_Casa-de-Praia-2.jpg\" \/>\n\t<meta property=\"og:image:width\" content=\"799\" \/>\n\t<meta property=\"og:image:height\" content=\"533\" \/>\n\t<meta property=\"og:image:type\" content=\"image\/jpeg\" \/>\n<meta name=\"author\" content=\"Thiago Fernando\" \/>\n<meta name=\"twitter:card\" content=\"summary_large_image\" \/>\n<meta name=\"twitter:label1\" content=\"Written by\" \/>\n\t<meta name=\"twitter:data1\" content=\"Thiago Fernando\" \/>\n\t<meta name=\"twitter:label2\" content=\"Est. reading time\" \/>\n\t<meta name=\"twitter:data2\" content=\"2 minutos\" \/>\n<script type=\"application\/ld+json\" class=\"yoast-schema-graph\">{\"@context\":\"https:\/\/schema.org\",\"@graph\":[{\"@type\":\"Article\",\"@id\":\"https:\/\/www.manaus.am.gov.br\/semtepi\/comemoracao\/casa-de-praia-pascoa\/#article\",\"isPartOf\":{\"@id\":\"https:\/\/www.manaus.am.gov.br\/semtepi\/comemoracao\/casa-de-praia-pascoa\/\"},\"author\":{\"name\":\"Thiago Fernando\",\"@id\":\"https:\/\/www.manaus.am.gov.br\/semtepi\/#\/schema\/person\/a5ee5376db6e21af026374b369f30882\"},\"headline\":\"Casa de Praia Zezinho Corr\u00eaa recebe programa\u00e7\u00e3o especial de P\u00e1scoa\",\"datePublished\":\"2024-03-27T17:54:13+00:00\",\"dateModified\":\"2024-03-27T17:54:15+00:00\",\"mainEntityOfPage\":{\"@id\":\"https:\/\/www.manaus.am.gov.br\/semtepi\/comemoracao\/casa-de-praia-pascoa\/\"},\"wordCount\":284,\"publisher\":{\"@id\":\"https:\/\/www.manaus.am.gov.br\/semtepi\/#organization\"},\"image\":{\"@id\":\"https:\/\/www.manaus.am.gov.br\/semtepi\/comemoracao\/casa-de-praia-pascoa\/#primaryimage\"},\"thumbnailUrl\":\"https:\/\/www.manaus.am.gov.br\/semtepi\/wp-content\/uploads\/sites\/20\/2024\/03\/Semtepi_Casa-de-Praia-2.jpg\",\"keywords\":[\"Casa de Praia Zezinho Corr\u00eaa\",\"Comemora\u00e7\u00e3o de P\u00e1scoa\",\"prefeitura de manaus\",\"programa\u00e7\u00e3o\",\"Semtepi\"],\"articleSection\":[\"Comemora\u00e7\u00e3o\"],\"inLanguage\":\"pt-BR\"},{\"@type\":\"WebPage\",\"@id\":\"https:\/\/www.manaus.am.gov.br\/semtepi\/comemoracao\/casa-de-praia-pascoa\/\",\"url\":\"https:\/\/www.manaus.am.gov.br\/semtepi\/comemoracao\/casa-de-praia-pascoa\/\",\"name\":\"Casa de Praia Zezinho Corr\u00eaa recebe programa\u00e7\u00e3o de P\u00e1scoa\",\"isPartOf\":{\"@id\":\"https:\/\/www.manaus.am.gov.br\/semtepi\/#website\"},\"primaryImageOfPage\":{\"@id\":\"https:\/\/www.manaus.am.gov.br\/semtepi\/comemoracao\/casa-de-praia-pascoa\/#primaryimage\"},\"image\":{\"@id\":\"https:\/\/www.manaus.am.gov.br\/semtepi\/comemoracao\/casa-de-praia-pascoa\/#primaryimage\"},\"thumbnailUrl\":\"https:\/\/www.manaus.am.gov.br\/semtepi\/wp-content\/uploads\/sites\/20\/2024\/03\/Semtepi_Casa-de-Praia-2.jpg\",\"datePublished\":\"2024-03-27T17:54:13+00:00\",\"dateModified\":\"2024-03-27T17:54:15+00:00\",\"description\":\"A casa de praia Zezinho Corr\u00eaa vai receber, neste s\u00e1bado e domingo, duas atra\u00e7\u00f5es gratuitas em comemora\u00e7\u00e3o a P\u00e1scoa.\",\"breadcrumb\":{\"@id\":\"https:\/\/www.manaus.am.gov.br\/semtepi\/comemoracao\/casa-de-praia-pascoa\/#breadcrumb\"},\"inLanguage\":\"pt-BR\",\"potentialAction\":[{\"@type\":\"ReadAction\",\"target\":[\"https:\/\/www.manaus.am.gov.br\/semtepi\/comemoracao\/casa-de-praia-pascoa\/\"]}]},{\"@type\":\"ImageObject\",\"inLanguage\":\"pt-BR\",\"@id\":\"https:\/\/www.manaus.am.gov.br\/semtepi\/comemoracao\/casa-de-praia-pascoa\/#primaryimage\",\"url\":\"https:\/\/www.manaus.am.gov.br\/semtepi\/wp-content\/uploads\/sites\/20\/2024\/03\/Semtepi_Casa-de-Praia-2.jpg\",\"contentUrl\":\"https:\/\/www.manaus.am.gov.br\/semtepi\/wp-content\/uploads\/sites\/20\/2024\/03\/Semtepi_Casa-de-Praia-2.jpg\",\"width\":799,\"height\":533,\"caption\":\"#paratodosverem - Popula\u00e7\u00e3o lotando o Casa de Praia Zezinho Corr\u00eaa\"},{\"@type\":\"BreadcrumbList\",\"@id\":\"https:\/\/www.manaus.am.gov.br\/semtepi\/comemoracao\/casa-de-praia-pascoa\/#breadcrumb\",\"itemListElement\":[{\"@type\":\"ListItem\",\"position\":1,\"name\":\"Home\",\"item\":\"https:\/\/www.manaus.am.gov.br\/semtepi\/\"},{\"@type\":\"ListItem\",\"position\":2,\"name\":\"Casa de Praia Zezinho Corr\u00eaa recebe programa\u00e7\u00e3o especial de P\u00e1scoa\"}]},{\"@type\":\"WebSite\",\"@id\":\"https:\/\/www.manaus.am.gov.br\/semtepi\/#website\",\"url\":\"https:\/\/www.manaus.am.gov.br\/semtepi\/\",\"name\":\"SEMTEPI\",\"description\":\"Prefeitura de Manaus\",\"publisher\":{\"@id\":\"https:\/\/www.manaus.am.gov.br\/semtepi\/#organization\"},\"alternateName\":\"Secretaria Municipal do Trabalho, Empreendedorismo e Inova\u00e7\u00e3o\",\"potentialAction\":[{\"@type\":\"SearchAction\",\"target\":{\"@type\":\"EntryPoint\",\"urlTemplate\":\"https:\/\/www.manaus.am.gov.br\/semtepi\/?s={search_term_string}\"},\"query-input\":\"required name=search_term_string\"}],\"inLanguage\":\"pt-BR\"},{\"@type\":\"Organization\",\"@id\":\"https:\/\/www.manaus.am.gov.br\/semtepi\/#organization\",\"name\":\"Prefeitura Municipal de Manaus\",\"alternateName\":\"Prefeitura de Manaus\",\"url\":\"https:\/\/www.manaus.am.gov.br\/semtepi\/\",\"logo\":{\"@type\":\"ImageObject\",\"inLanguage\":\"pt-BR\",\"@id\":\"https:\/\/www.manaus.am.gov.br\/semtepi\/#\/schema\/logo\/image\/\",\"url\":\"https:\/\/www.manaus.am.gov.br\/semtepi\/wp-content\/uploads\/sites\/20\/2024\/07\/favicon.png\",\"contentUrl\":\"https:\/\/www.manaus.am.gov.br\/semtepi\/wp-content\/uploads\/sites\/20\/2024\/07\/favicon.png\",\"width\":300,\"height\":300,\"caption\":\"Prefeitura Municipal de Manaus\"},\"image\":{\"@id\":\"https:\/\/www.manaus.am.gov.br\/semtepi\/#\/schema\/logo\/image\/\"}},{\"@type\":\"Person\",\"@id\":\"https:\/\/www.manaus.am.gov.br\/semtepi\/#\/schema\/person\/a5ee5376db6e21af026374b369f30882\",\"name\":\"Thiago Fernando\",\"image\":{\"@type\":\"ImageObject\",\"inLanguage\":\"pt-BR\",\"@id\":\"https:\/\/www.manaus.am.gov.br\/semtepi\/#\/schema\/person\/image\/\",\"url\":\"https:\/\/secure.gravatar.com\/avatar\/f5aab8722444041451501c077052ac07?s=96&d=mm&r=g\",\"contentUrl\":\"https:\/\/secure.gravatar.com\/avatar\/f5aab8722444041451501c077052ac07?s=96&d=mm&r=g\",\"caption\":\"Thiago Fernando\"}}]}<\/script>\n<!-- \/ Yoast SEO plugin. -->","yoast_head_json":{"title":"Casa de Praia Zezinho Corr\u00eaa recebe programa\u00e7\u00e3o de P\u00e1scoa","description":"A casa de praia Zezinho Corr\u00eaa vai receber, neste s\u00e1bado e domingo, duas atra\u00e7\u00f5es gratuitas em comemora\u00e7\u00e3o a P\u00e1scoa.","robots":{"index":"noindex","follow":"follow"},"og_locale":"pt_BR","og_type":"article","og_title":"Casa de Praia Zezinho Corr\u00eaa recebe programa\u00e7\u00e3o de P\u00e1scoa","og_description":"A casa de praia Zezinho Corr\u00eaa vai receber, neste s\u00e1bado e domingo, duas atra\u00e7\u00f5es gratuitas em comemora\u00e7\u00e3o a P\u00e1scoa.","og_url":"https:\/\/www.manaus.am.gov.br\/semtepi\/comemoracao\/casa-de-praia-pascoa\/","og_site_name":"SEMTEPI","article_published_time":"2024-03-27T17:54:13+00:00","article_modified_time":"2024-03-27T17:54:15+00:00","og_image":[{"width":799,"height":533,"url":"https:\/\/www.manaus.am.gov.br\/semtepi\/wp-content\/uploads\/sites\/20\/2024\/03\/Semtepi_Casa-de-Praia-2.jpg","type":"image\/jpeg"}],"author":"Thiago Fernando","twitter_card":"summary_large_image","twitter_misc":{"Written by":"Thiago Fernando","Est. reading time":"2 minutos"},"schema":{"@context":"https:\/\/schema.org","@graph":[{"@type":"Article","@id":"https:\/\/www.manaus.am.gov.br\/semtepi\/comemoracao\/casa-de-praia-pascoa\/#article","isPartOf":{"@id":"https:\/\/www.manaus.am.gov.br\/semtepi\/comemoracao\/casa-de-praia-pascoa\/"},"author":{"name":"Thiago Fernando","@id":"https:\/\/www.manaus.am.gov.br\/semtepi\/#\/schema\/person\/a5ee5376db6e21af026374b369f30882"},"headline":"Casa de Praia Zezinho Corr\u00eaa recebe programa\u00e7\u00e3o especial de P\u00e1scoa","datePublished":"2024-03-27T17:54:13+00:00","dateModified":"2024-03-27T17:54:15+00:00","mainEntityOfPage":{"@id":"https:\/\/www.manaus.am.gov.br\/semtepi\/comemoracao\/casa-de-praia-pascoa\/"},"wordCount":284,"publisher":{"@id":"https:\/\/www.manaus.am.gov.br\/semtepi\/#organization"},"image":{"@id":"https:\/\/www.manaus.am.gov.br\/semtepi\/comemoracao\/casa-de-praia-pascoa\/#primaryimage"},"thumbnailUrl":"https:\/\/www.manaus.am.gov.br\/semtepi\/wp-content\/uploads\/sites\/20\/2024\/03\/Semtepi_Casa-de-Praia-2.jpg","keywords":["Casa de Praia Zezinho Corr\u00eaa","Comemora\u00e7\u00e3o de P\u00e1scoa","prefeitura de manaus","programa\u00e7\u00e3o","Semtepi"],"articleSection":["Comemora\u00e7\u00e3o"],"inLanguage":"pt-BR"},{"@type":"WebPage","@id":"https:\/\/www.manaus.am.gov.br\/semtepi\/comemoracao\/casa-de-praia-pascoa\/","url":"https:\/\/www.manaus.am.gov.br\/semtepi\/comemoracao\/casa-de-praia-pascoa\/","name":"Casa de Praia Zezinho Corr\u00eaa recebe programa\u00e7\u00e3o de P\u00e1scoa","isPartOf":{"@id":"https:\/\/www.manaus.am.gov.br\/semtepi\/#website"},"primaryImageOfPage":{"@id":"https:\/\/www.manaus.am.gov.br\/semtepi\/comemoracao\/casa-de-praia-pascoa\/#primaryimage"},"image":{"@id":"https:\/\/www.manaus.am.gov.br\/semtepi\/comemoracao\/casa-de-praia-pascoa\/#primaryimage"},"thumbnailUrl":"https:\/\/www.manaus.am.gov.br\/semtepi\/wp-content\/uploads\/sites\/20\/2024\/03\/Semtepi_Casa-de-Praia-2.jpg","datePublished":"2024-03-27T17:54:13+00:00","dateModified":"2024-03-27T17:54:15+00:00","description":"A casa de praia Zezinho Corr\u00eaa vai receber, neste s\u00e1bado e domingo, duas atra\u00e7\u00f5es gratuitas em comemora\u00e7\u00e3o a P\u00e1scoa.","breadcrumb":{"@id":"https:\/\/www.manaus.am.gov.br\/semtepi\/comemoracao\/casa-de-praia-pascoa\/#breadcrumb"},"inLanguage":"pt-BR","potentialAction":[{"@type":"ReadAction","target":["https:\/\/www.manaus.am.gov.br\/semtepi\/comemoracao\/casa-de-praia-pascoa\/"]}]},{"@type":"ImageObject","inLanguage":"pt-BR","@id":"https:\/\/www.manaus.am.gov.br\/semtepi\/comemoracao\/casa-de-praia-pascoa\/#primaryimage","url":"https:\/\/www.manaus.am.gov.br\/semtepi\/wp-content\/uploads\/sites\/20\/2024\/03\/Semtepi_Casa-de-Praia-2.jpg","contentUrl":"https:\/\/www.manaus.am.gov.br\/semtepi\/wp-content\/uploads\/sites\/20\/2024\/03\/Semtepi_Casa-de-Praia-2.jpg","width":799,"height":533,"caption":"#paratodosverem - Popula\u00e7\u00e3o lotando o Casa de Praia Zezinho Corr\u00eaa"},{"@type":"BreadcrumbList","@id":"https:\/\/www.manaus.am.gov.br\/semtepi\/comemoracao\/casa-de-praia-pascoa\/#breadcrumb","itemListElement":[{"@type":"ListItem","position":1,"name":"Home","item":"https:\/\/www.manaus.am.gov.br\/semtepi\/"},{"@type":"ListItem","position":2,"name":"Casa de Praia Zezinho Corr\u00eaa recebe programa\u00e7\u00e3o especial de P\u00e1scoa"}]},{"@type":"WebSite","@id":"https:\/\/www.manaus.am.gov.br\/semtepi\/#website","url":"https:\/\/www.manaus.am.gov.br\/semtepi\/","name":"SEMTEPI","description":"Prefeitura de Manaus","publisher":{"@id":"https:\/\/www.manaus.am.gov.br\/semtepi\/#organization"},"alternateName":"Secretaria Municipal do Trabalho, Empreendedorismo e Inova\u00e7\u00e3o","potentialAction":[{"@type":"SearchAction","target":{"@type":"EntryPoint","urlTemplate":"https:\/\/www.manaus.am.gov.br\/semtepi\/?s={search_term_string}"},"query-input":"required name=search_term_string"}],"inLanguage":"pt-BR"},{"@type":"Organization","@id":"https:\/\/www.manaus.am.gov.br\/semtepi\/#organization","name":"Prefeitura Municipal de Manaus","alternateName":"Prefeitura de Manaus","url":"https:\/\/www.manaus.am.gov.br\/semtepi\/","logo":{"@type":"ImageObject","inLanguage":"pt-BR","@id":"https:\/\/www.manaus.am.gov.br\/semtepi\/#\/schema\/logo\/image\/","url":"https:\/\/www.manaus.am.gov.br\/semtepi\/wp-content\/uploads\/sites\/20\/2024\/07\/favicon.png","contentUrl":"https:\/\/www.manaus.am.gov.br\/semtepi\/wp-content\/uploads\/sites\/20\/2024\/07\/favicon.png","width":300,"height":300,"caption":"Prefeitura Municipal de Manaus"},"image":{"@id":"https:\/\/www.manaus.am.gov.br\/semtepi\/#\/schema\/logo\/image\/"}},{"@type":"Person","@id":"https:\/\/www.manaus.am.gov.br\/semtepi\/#\/schema\/person\/a5ee5376db6e21af026374b369f30882","name":"Thiago Fernando","image":{"@type":"ImageObject","inLanguage":"pt-BR","@id":"https:\/\/www.manaus.am.gov.br\/semtepi\/#\/schema\/person\/image\/","url":"https:\/\/secure.gravatar.com\/avatar\/f5aab8722444041451501c077052ac07?s=96&d=mm&r=g","contentUrl":"https:\/\/secure.gravatar.com\/avatar\/f5aab8722444041451501c077052ac07?s=96&d=mm&r=g","caption":"Thiago Fernando"}}]}},"_links":{"self":[{"href":"https:\/\/www.manaus.am.gov.br\/semtepi\/wp-json\/wp\/v2\/posts\/4424"}],"collection":[{"href":"https:\/\/www.manaus.am.gov.br\/semtepi\/wp-json\/wp\/v2\/posts"}],"about":[{"href":"https:\/\/www.manaus.am.gov.br\/semtepi\/wp-json\/wp\/v2\/types\/post"}],"author":[{"embeddable":true,"href":"https:\/\/www.manaus.am.gov.br\/semtepi\/wp-json\/wp\/v2\/users\/57"}],"replies":[{"embeddable":true,"href":"https:\/\/www.manaus.am.gov.br\/semtepi\/wp-json\/wp\/v2\/comments?post=4424"}],"version-history":[{"count":0,"href":"https:\/\/www.manaus.am.gov.br\/semtepi\/wp-json\/wp\/v2\/posts\/4424\/revisions"}],"wp:featuredmedia":[{"embeddable":true,"href":"https:\/\/www.manaus.am.gov.br\/semtepi\/wp-json\/wp\/v2\/media\/4425"}],"wp:attachment":[{"href":"https:\/\/www.manaus.am.gov.br\/semtepi\/wp-json\/wp\/v2\/media?parent=4424"}],"wp:term":[{"taxonomy":"category","embeddable":true,"href":"https:\/\/www.manaus.am.gov.br\/semtepi\/wp-json\/wp\/v2\/categories?post=4424"},{"taxonomy":"post_tag","embeddable":true,"href":"https:\/\/www.manaus.am.gov.br\/semtepi\/wp-json\/wp\/v2\/tags?post=4424"}],"curies":[{"name":"wp","href":"https:\/\/api.w.org\/{rel}","templated":true}]}}