{"id":4381,"date":"2024-03-21T15:11:17","date_gmt":"2024-03-21T19:11:17","guid":{"rendered":"https:\/\/www.manaus.am.gov.br\/semtepi\/sem-categoria\/inovacao-sine-manaus\/"},"modified":"2024-03-21T15:11:18","modified_gmt":"2024-03-21T19:11:18","slug":"inovacao-sine-manaus","status":"publish","type":"post","link":"https:\/\/www.manaus.am.gov.br\/semtepi\/planejamento\/inovacao-sine-manaus\/","title":{"rendered":"Tecnologias nos servi\u00e7os do Sine Manaus s\u00e3o destaques da 16\u00aa Reuni\u00e3o Ordin\u00e1ria do Conselho Municipal do Trabalho"},"content":{"rendered":"\n<p>A Prefeitura de Manaus, por meio da Secretaria Municipal do Trabalho, Empreendedorismo e Inova\u00e7\u00e3o (Semtepi), promoveu, na manh\u00e3 desta quinta-feira, 21\/3, a 16\u00aa Reuni\u00e3o Ordin\u00e1ria do Conselho Municipal do Trabalho (CMT), para fortalecer e criar oportunidades de emprego na cidade. O encontro aconteceu no coworking do Casar\u00e3o da Inova\u00e7\u00e3o Cassina, localizado no centro hist\u00f3rico, zona Sul.<\/p>\n\n\n\n<p>Com foco em melhorias, a reuni\u00e3o teve o objetivo de definir e aprovar recursos federais para a manuten\u00e7\u00e3o dos postos do Sine Manaus, a moderniza\u00e7\u00e3o desses espa\u00e7os com equipamentos tecnol\u00f3gicos e mais modernos, al\u00e9m de fomento das a\u00e7\u00f5es previstas no Planejamento Anual do Sine (PAS).<\/p>\n\n\n\n<p>\u201cA contribui\u00e7\u00e3o da Semtepi nessas reuni\u00f5es transcende as perspectivas do setor. Nossa participa\u00e7\u00e3o aqui \u00e9 de muita import\u00e2ncia, pois criamos os projetos de empregabilidade para a cidade de Manaus, investimos em tecnologia na cidade e conseguimos trazer recursos que beneficiem o cidad\u00e3o trabalhador\u201d, destacou o diretor do Sine Manaus e secret\u00e1rio-executivo do CMT, Pedro Lima.<\/p>\n\n\n\n<p>Durante a reuni\u00e3o, algumas autoridades estiveram presentes, entre elas, v\u00e1rios superintendentes, diretores, representantes e o presidente do CMT, Marcos Pereira, que realizou a abertura do encontro. Al\u00e9m das intera\u00e7\u00f5es, os participantes trouxeram presta\u00e7\u00e3o de contas e novas propostas no campo da empregabilidade para 2024.<\/p>\n\n\n\n<p>\u201cO que n\u00f3s tratamos aqui vai definir o futuro do Sine Manaus. Esta reuni\u00e3o teve como foco garantir a obten\u00e7\u00e3o de recursos federais para a preserva\u00e7\u00e3o e atualiza\u00e7\u00e3o dos postos. Al\u00e9m disso, almejamos aprovar investimentos destinados \u00e0 moderniza\u00e7\u00e3o desses locais, por meio da aquisi\u00e7\u00e3o de equipamentos tecnol\u00f3gicos mais avan\u00e7ados\u201d, frisou o presidente.<\/p>\n\n\n\n<p><strong>Conselho<\/strong><\/p>\n\n\n\n<p>Criado em 2019, o CMT \u00e9 vinculado \u00e0 Semtepi e tem a finalidade de propor, formular, avaliar e fiscalizar as pol\u00edticas p\u00fablicas de trabalho, emprego, renda, fomento ao empreendedorismo, qualifica\u00e7\u00e3o social e profissional desenvolvidas no \u00e2mbito do munic\u00edpio de Manaus, al\u00e9m de aprovar os projetos da secretaria, bem como aqueles relacionados \u00e0 empregabilidade na cidade de Manaus.<\/p>\n\n\n\n<p>\u2014 \u2014 \u2014<br><strong>Texto \u2013<\/strong> Fabiane Monteiro \/ Semtepi<br><strong>Fotos \u2013<\/strong> Divulga\u00e7\u00e3o \/ Semtepi<\/p>\n","protected":false},"excerpt":{"rendered":"","protected":false},"author":68,"featured_media":4382,"comment_status":"closed","ping_status":"closed","sticky":false,"template":"","format":"standard","meta":{"footnotes":""},"categories":[821],"tags":[981,1034,9],"acf":[],"yoast_head":"<!-- This site is optimized with the Yoast SEO plugin v23.0 - https:\/\/yoast.com\/wordpress\/plugins\/seo\/ -->\n<title>Tecnologias nos servi\u00e7os do Sine s\u00e3o destaques da 16\u00aa Reuni\u00e3o<\/title>\n<meta name=\"description\" content=\"A Prefeitura de Manaus, promoveu, na manh\u00e3 desta quinta-feira, 21\/3, a 16\u00aa Reuni\u00e3o Ordin\u00e1ria do Conselho Municipal do Trabalho (CMT),.\" \/>\n<meta name=\"robots\" content=\"noindex, follow\" \/>\n<meta property=\"og:locale\" content=\"pt_BR\" \/>\n<meta property=\"og:type\" content=\"article\" \/>\n<meta property=\"og:title\" content=\"Tecnologias nos servi\u00e7os do Sine s\u00e3o destaques da 16\u00aa Reuni\u00e3o\" \/>\n<meta property=\"og:description\" content=\"A Prefeitura de Manaus, promoveu, na manh\u00e3 desta quinta-feira, 21\/3, a 16\u00aa Reuni\u00e3o Ordin\u00e1ria do Conselho Municipal do Trabalho (CMT),.\" \/>\n<meta property=\"og:url\" content=\"https:\/\/www.manaus.am.gov.br\/semtepi\/planejamento\/inovacao-sine-manaus\/\" \/>\n<meta property=\"og:site_name\" content=\"SEMTEPI\" \/>\n<meta property=\"article:published_time\" content=\"2024-03-21T19:11:17+00:00\" \/>\n<meta property=\"article:modified_time\" content=\"2024-03-21T19:11:18+00:00\" \/>\n<meta property=\"og:image\" content=\"https:\/\/www.manaus.am.gov.br\/semtepi\/wp-content\/uploads\/sites\/20\/2024\/03\/PLANEJAMENTO.jpg\" \/>\n\t<meta property=\"og:image:width\" content=\"800\" \/>\n\t<meta property=\"og:image:height\" content=\"450\" \/>\n\t<meta property=\"og:image:type\" content=\"image\/jpeg\" \/>\n<meta name=\"author\" content=\"bvalente\" \/>\n<meta name=\"twitter:card\" content=\"summary_large_image\" \/>\n<meta name=\"twitter:label1\" content=\"Written by\" \/>\n\t<meta name=\"twitter:data1\" content=\"bvalente\" \/>\n\t<meta name=\"twitter:label2\" content=\"Est. reading time\" \/>\n\t<meta name=\"twitter:data2\" content=\"2 minutos\" \/>\n<script type=\"application\/ld+json\" class=\"yoast-schema-graph\">{\"@context\":\"https:\/\/schema.org\",\"@graph\":[{\"@type\":\"Article\",\"@id\":\"https:\/\/www.manaus.am.gov.br\/semtepi\/planejamento\/inovacao-sine-manaus\/#article\",\"isPartOf\":{\"@id\":\"https:\/\/www.manaus.am.gov.br\/semtepi\/planejamento\/inovacao-sine-manaus\/\"},\"author\":{\"name\":\"bvalente\",\"@id\":\"https:\/\/www.manaus.am.gov.br\/semtepi\/#\/schema\/person\/466a0e03ae4b6062809046bd560ac955\"},\"headline\":\"Tecnologias nos servi\u00e7os do Sine Manaus s\u00e3o destaques da 16\u00aa Reuni\u00e3o Ordin\u00e1ria do Conselho Municipal do Trabalho\",\"datePublished\":\"2024-03-21T19:11:17+00:00\",\"dateModified\":\"2024-03-21T19:11:18+00:00\",\"mainEntityOfPage\":{\"@id\":\"https:\/\/www.manaus.am.gov.br\/semtepi\/planejamento\/inovacao-sine-manaus\/\"},\"wordCount\":368,\"publisher\":{\"@id\":\"https:\/\/www.manaus.am.gov.br\/semtepi\/#organization\"},\"image\":{\"@id\":\"https:\/\/www.manaus.am.gov.br\/semtepi\/planejamento\/inovacao-sine-manaus\/#primaryimage\"},\"thumbnailUrl\":\"https:\/\/www.manaus.am.gov.br\/semtepi\/wp-content\/uploads\/sites\/20\/2024\/03\/PLANEJAMENTO.jpg\",\"keywords\":[\"a\u00e7\u00f5es do Sine\",\"conjunto de tecnologias\",\"Semtepi\"],\"articleSection\":[\"Planejamento\"],\"inLanguage\":\"pt-BR\"},{\"@type\":\"WebPage\",\"@id\":\"https:\/\/www.manaus.am.gov.br\/semtepi\/planejamento\/inovacao-sine-manaus\/\",\"url\":\"https:\/\/www.manaus.am.gov.br\/semtepi\/planejamento\/inovacao-sine-manaus\/\",\"name\":\"Tecnologias nos servi\u00e7os do Sine s\u00e3o destaques da 16\u00aa Reuni\u00e3o\",\"isPartOf\":{\"@id\":\"https:\/\/www.manaus.am.gov.br\/semtepi\/#website\"},\"primaryImageOfPage\":{\"@id\":\"https:\/\/www.manaus.am.gov.br\/semtepi\/planejamento\/inovacao-sine-manaus\/#primaryimage\"},\"image\":{\"@id\":\"https:\/\/www.manaus.am.gov.br\/semtepi\/planejamento\/inovacao-sine-manaus\/#primaryimage\"},\"thumbnailUrl\":\"https:\/\/www.manaus.am.gov.br\/semtepi\/wp-content\/uploads\/sites\/20\/2024\/03\/PLANEJAMENTO.jpg\",\"datePublished\":\"2024-03-21T19:11:17+00:00\",\"dateModified\":\"2024-03-21T19:11:18+00:00\",\"description\":\"A Prefeitura de Manaus, promoveu, na manh\u00e3 desta quinta-feira, 21\/3, a 16\u00aa Reuni\u00e3o Ordin\u00e1ria do Conselho Municipal do Trabalho (CMT),.\",\"breadcrumb\":{\"@id\":\"https:\/\/www.manaus.am.gov.br\/semtepi\/planejamento\/inovacao-sine-manaus\/#breadcrumb\"},\"inLanguage\":\"pt-BR\",\"potentialAction\":[{\"@type\":\"ReadAction\",\"target\":[\"https:\/\/www.manaus.am.gov.br\/semtepi\/planejamento\/inovacao-sine-manaus\/\"]}]},{\"@type\":\"ImageObject\",\"inLanguage\":\"pt-BR\",\"@id\":\"https:\/\/www.manaus.am.gov.br\/semtepi\/planejamento\/inovacao-sine-manaus\/#primaryimage\",\"url\":\"https:\/\/www.manaus.am.gov.br\/semtepi\/wp-content\/uploads\/sites\/20\/2024\/03\/PLANEJAMENTO.jpg\",\"contentUrl\":\"https:\/\/www.manaus.am.gov.br\/semtepi\/wp-content\/uploads\/sites\/20\/2024\/03\/PLANEJAMENTO.jpg\",\"width\":800,\"height\":450},{\"@type\":\"BreadcrumbList\",\"@id\":\"https:\/\/www.manaus.am.gov.br\/semtepi\/planejamento\/inovacao-sine-manaus\/#breadcrumb\",\"itemListElement\":[{\"@type\":\"ListItem\",\"position\":1,\"name\":\"Home\",\"item\":\"https:\/\/www.manaus.am.gov.br\/semtepi\/\"},{\"@type\":\"ListItem\",\"position\":2,\"name\":\"Tecnologias nos servi\u00e7os do Sine Manaus s\u00e3o destaques da 16\u00aa Reuni\u00e3o Ordin\u00e1ria do Conselho Municipal do Trabalho\"}]},{\"@type\":\"WebSite\",\"@id\":\"https:\/\/www.manaus.am.gov.br\/semtepi\/#website\",\"url\":\"https:\/\/www.manaus.am.gov.br\/semtepi\/\",\"name\":\"SEMTEPI\",\"description\":\"Prefeitura de Manaus\",\"publisher\":{\"@id\":\"https:\/\/www.manaus.am.gov.br\/semtepi\/#organization\"},\"alternateName\":\"Secretaria Municipal do Trabalho, Empreendedorismo e Inova\u00e7\u00e3o\",\"potentialAction\":[{\"@type\":\"SearchAction\",\"target\":{\"@type\":\"EntryPoint\",\"urlTemplate\":\"https:\/\/www.manaus.am.gov.br\/semtepi\/?s={search_term_string}\"},\"query-input\":\"required name=search_term_string\"}],\"inLanguage\":\"pt-BR\"},{\"@type\":\"Organization\",\"@id\":\"https:\/\/www.manaus.am.gov.br\/semtepi\/#organization\",\"name\":\"Prefeitura Municipal de Manaus\",\"alternateName\":\"Prefeitura de Manaus\",\"url\":\"https:\/\/www.manaus.am.gov.br\/semtepi\/\",\"logo\":{\"@type\":\"ImageObject\",\"inLanguage\":\"pt-BR\",\"@id\":\"https:\/\/www.manaus.am.gov.br\/semtepi\/#\/schema\/logo\/image\/\",\"url\":\"https:\/\/www.manaus.am.gov.br\/semtepi\/wp-content\/uploads\/sites\/20\/2024\/07\/favicon.png\",\"contentUrl\":\"https:\/\/www.manaus.am.gov.br\/semtepi\/wp-content\/uploads\/sites\/20\/2024\/07\/favicon.png\",\"width\":300,\"height\":300,\"caption\":\"Prefeitura Municipal de Manaus\"},\"image\":{\"@id\":\"https:\/\/www.manaus.am.gov.br\/semtepi\/#\/schema\/logo\/image\/\"}},{\"@type\":\"Person\",\"@id\":\"https:\/\/www.manaus.am.gov.br\/semtepi\/#\/schema\/person\/466a0e03ae4b6062809046bd560ac955\",\"name\":\"bvalente\",\"image\":{\"@type\":\"ImageObject\",\"inLanguage\":\"pt-BR\",\"@id\":\"https:\/\/www.manaus.am.gov.br\/semtepi\/#\/schema\/person\/image\/\",\"url\":\"https:\/\/secure.gravatar.com\/avatar\/3e69bc2b014bdad41adfec3a39de07d2?s=96&d=mm&r=g\",\"contentUrl\":\"https:\/\/secure.gravatar.com\/avatar\/3e69bc2b014bdad41adfec3a39de07d2?s=96&d=mm&r=g\",\"caption\":\"bvalente\"}}]}<\/script>\n<!-- \/ Yoast SEO plugin. -->","yoast_head_json":{"title":"Tecnologias nos servi\u00e7os do Sine s\u00e3o destaques da 16\u00aa Reuni\u00e3o","description":"A Prefeitura de Manaus, promoveu, na manh\u00e3 desta quinta-feira, 21\/3, a 16\u00aa Reuni\u00e3o Ordin\u00e1ria do Conselho Municipal do Trabalho (CMT),.","robots":{"index":"noindex","follow":"follow"},"og_locale":"pt_BR","og_type":"article","og_title":"Tecnologias nos servi\u00e7os do Sine s\u00e3o destaques da 16\u00aa Reuni\u00e3o","og_description":"A Prefeitura de Manaus, promoveu, na manh\u00e3 desta quinta-feira, 21\/3, a 16\u00aa Reuni\u00e3o Ordin\u00e1ria do Conselho Municipal do Trabalho (CMT),.","og_url":"https:\/\/www.manaus.am.gov.br\/semtepi\/planejamento\/inovacao-sine-manaus\/","og_site_name":"SEMTEPI","article_published_time":"2024-03-21T19:11:17+00:00","article_modified_time":"2024-03-21T19:11:18+00:00","og_image":[{"width":800,"height":450,"url":"https:\/\/www.manaus.am.gov.br\/semtepi\/wp-content\/uploads\/sites\/20\/2024\/03\/PLANEJAMENTO.jpg","type":"image\/jpeg"}],"author":"bvalente","twitter_card":"summary_large_image","twitter_misc":{"Written by":"bvalente","Est. reading time":"2 minutos"},"schema":{"@context":"https:\/\/schema.org","@graph":[{"@type":"Article","@id":"https:\/\/www.manaus.am.gov.br\/semtepi\/planejamento\/inovacao-sine-manaus\/#article","isPartOf":{"@id":"https:\/\/www.manaus.am.gov.br\/semtepi\/planejamento\/inovacao-sine-manaus\/"},"author":{"name":"bvalente","@id":"https:\/\/www.manaus.am.gov.br\/semtepi\/#\/schema\/person\/466a0e03ae4b6062809046bd560ac955"},"headline":"Tecnologias nos servi\u00e7os do Sine Manaus s\u00e3o destaques da 16\u00aa Reuni\u00e3o Ordin\u00e1ria do Conselho Municipal do Trabalho","datePublished":"2024-03-21T19:11:17+00:00","dateModified":"2024-03-21T19:11:18+00:00","mainEntityOfPage":{"@id":"https:\/\/www.manaus.am.gov.br\/semtepi\/planejamento\/inovacao-sine-manaus\/"},"wordCount":368,"publisher":{"@id":"https:\/\/www.manaus.am.gov.br\/semtepi\/#organization"},"image":{"@id":"https:\/\/www.manaus.am.gov.br\/semtepi\/planejamento\/inovacao-sine-manaus\/#primaryimage"},"thumbnailUrl":"https:\/\/www.manaus.am.gov.br\/semtepi\/wp-content\/uploads\/sites\/20\/2024\/03\/PLANEJAMENTO.jpg","keywords":["a\u00e7\u00f5es do Sine","conjunto de tecnologias","Semtepi"],"articleSection":["Planejamento"],"inLanguage":"pt-BR"},{"@type":"WebPage","@id":"https:\/\/www.manaus.am.gov.br\/semtepi\/planejamento\/inovacao-sine-manaus\/","url":"https:\/\/www.manaus.am.gov.br\/semtepi\/planejamento\/inovacao-sine-manaus\/","name":"Tecnologias nos servi\u00e7os do Sine s\u00e3o destaques da 16\u00aa Reuni\u00e3o","isPartOf":{"@id":"https:\/\/www.manaus.am.gov.br\/semtepi\/#website"},"primaryImageOfPage":{"@id":"https:\/\/www.manaus.am.gov.br\/semtepi\/planejamento\/inovacao-sine-manaus\/#primaryimage"},"image":{"@id":"https:\/\/www.manaus.am.gov.br\/semtepi\/planejamento\/inovacao-sine-manaus\/#primaryimage"},"thumbnailUrl":"https:\/\/www.manaus.am.gov.br\/semtepi\/wp-content\/uploads\/sites\/20\/2024\/03\/PLANEJAMENTO.jpg","datePublished":"2024-03-21T19:11:17+00:00","dateModified":"2024-03-21T19:11:18+00:00","description":"A Prefeitura de Manaus, promoveu, na manh\u00e3 desta quinta-feira, 21\/3, a 16\u00aa Reuni\u00e3o Ordin\u00e1ria do Conselho Municipal do Trabalho (CMT),.","breadcrumb":{"@id":"https:\/\/www.manaus.am.gov.br\/semtepi\/planejamento\/inovacao-sine-manaus\/#breadcrumb"},"inLanguage":"pt-BR","potentialAction":[{"@type":"ReadAction","target":["https:\/\/www.manaus.am.gov.br\/semtepi\/planejamento\/inovacao-sine-manaus\/"]}]},{"@type":"ImageObject","inLanguage":"pt-BR","@id":"https:\/\/www.manaus.am.gov.br\/semtepi\/planejamento\/inovacao-sine-manaus\/#primaryimage","url":"https:\/\/www.manaus.am.gov.br\/semtepi\/wp-content\/uploads\/sites\/20\/2024\/03\/PLANEJAMENTO.jpg","contentUrl":"https:\/\/www.manaus.am.gov.br\/semtepi\/wp-content\/uploads\/sites\/20\/2024\/03\/PLANEJAMENTO.jpg","width":800,"height":450},{"@type":"BreadcrumbList","@id":"https:\/\/www.manaus.am.gov.br\/semtepi\/planejamento\/inovacao-sine-manaus\/#breadcrumb","itemListElement":[{"@type":"ListItem","position":1,"name":"Home","item":"https:\/\/www.manaus.am.gov.br\/semtepi\/"},{"@type":"ListItem","position":2,"name":"Tecnologias nos servi\u00e7os do Sine Manaus s\u00e3o destaques da 16\u00aa Reuni\u00e3o Ordin\u00e1ria do Conselho Municipal do Trabalho"}]},{"@type":"WebSite","@id":"https:\/\/www.manaus.am.gov.br\/semtepi\/#website","url":"https:\/\/www.manaus.am.gov.br\/semtepi\/","name":"SEMTEPI","description":"Prefeitura de Manaus","publisher":{"@id":"https:\/\/www.manaus.am.gov.br\/semtepi\/#organization"},"alternateName":"Secretaria Municipal do Trabalho, Empreendedorismo e Inova\u00e7\u00e3o","potentialAction":[{"@type":"SearchAction","target":{"@type":"EntryPoint","urlTemplate":"https:\/\/www.manaus.am.gov.br\/semtepi\/?s={search_term_string}"},"query-input":"required name=search_term_string"}],"inLanguage":"pt-BR"},{"@type":"Organization","@id":"https:\/\/www.manaus.am.gov.br\/semtepi\/#organization","name":"Prefeitura Municipal de Manaus","alternateName":"Prefeitura de Manaus","url":"https:\/\/www.manaus.am.gov.br\/semtepi\/","logo":{"@type":"ImageObject","inLanguage":"pt-BR","@id":"https:\/\/www.manaus.am.gov.br\/semtepi\/#\/schema\/logo\/image\/","url":"https:\/\/www.manaus.am.gov.br\/semtepi\/wp-content\/uploads\/sites\/20\/2024\/07\/favicon.png","contentUrl":"https:\/\/www.manaus.am.gov.br\/semtepi\/wp-content\/uploads\/sites\/20\/2024\/07\/favicon.png","width":300,"height":300,"caption":"Prefeitura Municipal de Manaus"},"image":{"@id":"https:\/\/www.manaus.am.gov.br\/semtepi\/#\/schema\/logo\/image\/"}},{"@type":"Person","@id":"https:\/\/www.manaus.am.gov.br\/semtepi\/#\/schema\/person\/466a0e03ae4b6062809046bd560ac955","name":"bvalente","image":{"@type":"ImageObject","inLanguage":"pt-BR","@id":"https:\/\/www.manaus.am.gov.br\/semtepi\/#\/schema\/person\/image\/","url":"https:\/\/secure.gravatar.com\/avatar\/3e69bc2b014bdad41adfec3a39de07d2?s=96&d=mm&r=g","contentUrl":"https:\/\/secure.gravatar.com\/avatar\/3e69bc2b014bdad41adfec3a39de07d2?s=96&d=mm&r=g","caption":"bvalente"}}]}},"_links":{"self":[{"href":"https:\/\/www.manaus.am.gov.br\/semtepi\/wp-json\/wp\/v2\/posts\/4381"}],"collection":[{"href":"https:\/\/www.manaus.am.gov.br\/semtepi\/wp-json\/wp\/v2\/posts"}],"about":[{"href":"https:\/\/www.manaus.am.gov.br\/semtepi\/wp-json\/wp\/v2\/types\/post"}],"author":[{"embeddable":true,"href":"https:\/\/www.manaus.am.gov.br\/semtepi\/wp-json\/wp\/v2\/users\/68"}],"replies":[{"embeddable":true,"href":"https:\/\/www.manaus.am.gov.br\/semtepi\/wp-json\/wp\/v2\/comments?post=4381"}],"version-history":[{"count":0,"href":"https:\/\/www.manaus.am.gov.br\/semtepi\/wp-json\/wp\/v2\/posts\/4381\/revisions"}],"wp:featuredmedia":[{"embeddable":true,"href":"https:\/\/www.manaus.am.gov.br\/semtepi\/wp-json\/wp\/v2\/media\/4382"}],"wp:attachment":[{"href":"https:\/\/www.manaus.am.gov.br\/semtepi\/wp-json\/wp\/v2\/media?parent=4381"}],"wp:term":[{"taxonomy":"category","embeddable":true,"href":"https:\/\/www.manaus.am.gov.br\/semtepi\/wp-json\/wp\/v2\/categories?post=4381"},{"taxonomy":"post_tag","embeddable":true,"href":"https:\/\/www.manaus.am.gov.br\/semtepi\/wp-json\/wp\/v2\/tags?post=4381"}],"curies":[{"name":"wp","href":"https:\/\/api.w.org\/{rel}","templated":true}]}}