{"id":4355,"date":"2024-03-20T09:17:09","date_gmt":"2024-03-20T13:17:09","guid":{"rendered":"https:\/\/www.manaus.am.gov.br\/semtepi\/sem-categoria\/aulao-englishmanaus\/"},"modified":"2024-03-20T11:03:33","modified_gmt":"2024-03-20T15:03:33","slug":"aulao-englishmanaus","status":"publish","type":"post","link":"https:\/\/www.manaus.am.gov.br\/semtepi\/curso\/aulao-englishmanaus\/","title":{"rendered":"Empreendedores concluem atividades presenciais do programa \u2018English Manaus\u2019"},"content":{"rendered":"\n<p>A Prefeitura de Manaus, por meio da Secretaria Municipal do Trabalho, Empreendedorismo e Inova\u00e7\u00e3o (Semtepi), promoveu, nesta ter\u00e7a-feira, 19\/3, o quarto e \u00faltimo \u201caul\u00e3o\u201d presencial do programa \u201cEnglish Manaus\u201d, com a participa\u00e7\u00e3o de 800 alunos. A programa\u00e7\u00e3o aconteceu no Centro de Conven\u00e7\u00f5es Vasco Vasques, localizado na avenida Constantino Nery, bairro Flores, zona Centro-Sul da cidade.<\/p>\n\n\n\n<p>Os alunos est\u00e3o na fase final do programa, que teve dura\u00e7\u00e3o de dez meses, totalizando 200 horas. O \u201cEnglish Manaus\u201d \u00e9 focado em uma comunica\u00e7\u00e3o simples e direta, para que os empreendedores consigam lidar com situa\u00e7\u00f5es cotidianas e desenvolver as quatro habilidades para alcan\u00e7ar flu\u00eancia na l\u00edngua: fala, audi\u00e7\u00e3o, leitura e escrita.<\/p>\n\n\n\n<p>\u201cO ingl\u00eas \u00e9 a l\u00edngua universal da inova\u00e7\u00e3o, e uma cidade que n\u00e3o investe nisso vai ficar para tr\u00e1s. N\u00e3o h\u00e1 nenhuma outra iniciativa no \u00e2mbito municipal que a gente conhe\u00e7a, que tenha um curso de ingl\u00eas para forma\u00e7\u00e3o de empreendedores. Essa qualifica\u00e7\u00e3o est\u00e1 melhorando o ambiente de neg\u00f3cios, fazendo com que o empreendedor possa comprar em sites internacionais e tamb\u00e9m atender os turistas que chegam em nossa cidade\u201d, afirmou o titular da Semtepi, Radyr J\u00fanior.<\/p>\n\n\n\n<p>A permission\u00e1ria do shopping Phelippe Daou, Zilda Lemos, concluiu todas as etapas do curso e est\u00e1 pronta para a certifica\u00e7\u00e3o geral. Ela destacou a qualidade do programa e a prepara\u00e7\u00e3o dos professores.<\/p>\n\n\n\n<p>\u201cEu fiquei muito feliz de conseguir concluir as aulas do programa. Todos os dias eu assistia um pouco no meu trabalho, aprendendo sempre com a din\u00e2mica dos professores que s\u00e3o muito bons e entendem a nossa realidade. E, para complementar, \u00e9 \u00f3timo conhecer eles pessoalmente aqui nas aulas presenciais e tirar as d\u00favidas\u201d, destacou a empreendedora.<\/p>\n\n\n\n<p>O programa \u00e9 realizado por meio dos recursos do Fundo Municipal de Empreendedorismo e Inova\u00e7\u00e3o (Fumipeq) e executado pela Federa\u00e7\u00e3o Amazonense de E-sports (Faesp). A previs\u00e3o para a formatura geral dos alunos \u00e9 em abril deste ano.<\/p>\n\n\n\n<p>&#8212; &#8212; &#8212;<\/p>\n\n\n\n<p><strong>Texto \u2013&nbsp;<\/strong>Luiza Maria \/ Semtepi<\/p>\n\n\n\n<p><strong>Fotos \u2013&nbsp;<\/strong>Cl\u00f3vis Miranda\/Semcom<\/p>\n\n\n\n<p><strong>Dispon\u00edveis em &#8211;&nbsp;<\/strong><a href=\"https:\/\/flic.kr\/s\/aHBqjBi8X5\" target=\"_blank\" rel=\"noreferrer noopener\">https:\/\/flic.kr\/s\/aHBqjBi8X5<\/a><\/p>\n","protected":false},"excerpt":{"rendered":"","protected":false},"author":23,"featured_media":4356,"comment_status":"closed","ping_status":"closed","sticky":false,"template":"","format":"standard","meta":{"footnotes":""},"categories":[263],"tags":[260,1032,8,9],"acf":[],"yoast_head":"<!-- This site is optimized with the Yoast SEO plugin v23.0 - https:\/\/yoast.com\/wordpress\/plugins\/seo\/ -->\n<title>Empreendedores concluem atividades presenciais do programa \u2018English Manaus\u2019<\/title>\n<meta name=\"description\" content=\"A Prefeitura de Manaus, por meio da Secretaria Municipal do Trabalho, Empreendedorismo e Inova\u00e7\u00e3o (Semtepi), promoveu, nesta ter\u00e7a-feira, 19\/3, o quarto e \u00faltimo \u201caul\u00e3o\u201d presencial do programa \u201cEnglish Manaus\u201d, com a participa\u00e7\u00e3o de 800 alunos. A programa\u00e7\u00e3o aconteceu no Centro de Conven\u00e7\u00f5es Vasco Vasques, localizado na avenida Constantino Nery, bairro Flores, zona Centro-Sul da cidade.\" \/>\n<meta name=\"robots\" content=\"noindex, follow\" \/>\n<meta property=\"og:locale\" content=\"pt_BR\" \/>\n<meta property=\"og:type\" content=\"article\" \/>\n<meta property=\"og:title\" content=\"Empreendedores concluem atividades presenciais do programa \u2018English Manaus\u2019\" \/>\n<meta property=\"og:description\" content=\"A Prefeitura de Manaus, por meio da Secretaria Municipal do Trabalho, Empreendedorismo e Inova\u00e7\u00e3o (Semtepi), promoveu, nesta ter\u00e7a-feira, 19\/3, o quarto e \u00faltimo \u201caul\u00e3o\u201d presencial do programa \u201cEnglish Manaus\u201d, com a participa\u00e7\u00e3o de 800 alunos. A programa\u00e7\u00e3o aconteceu no Centro de Conven\u00e7\u00f5es Vasco Vasques, localizado na avenida Constantino Nery, bairro Flores, zona Centro-Sul da cidade.\" \/>\n<meta property=\"og:url\" content=\"https:\/\/www.manaus.am.gov.br\/semtepi\/curso\/aulao-englishmanaus\/\" \/>\n<meta property=\"og:site_name\" content=\"SEMTEPI\" \/>\n<meta property=\"article:published_time\" content=\"2024-03-20T13:17:09+00:00\" \/>\n<meta property=\"article:modified_time\" content=\"2024-03-20T15:03:33+00:00\" \/>\n<meta property=\"og:image\" content=\"https:\/\/www.manaus.am.gov.br\/semtepi\/wp-content\/uploads\/sites\/20\/2024\/03\/53598814893_ecf15599fc_c.jpg\" \/>\n\t<meta property=\"og:image:width\" content=\"799\" \/>\n\t<meta property=\"og:image:height\" content=\"533\" \/>\n\t<meta property=\"og:image:type\" content=\"image\/jpeg\" \/>\n<meta name=\"author\" content=\"Adriana Costa\" \/>\n<meta name=\"twitter:card\" content=\"summary_large_image\" \/>\n<meta name=\"twitter:label1\" content=\"Written by\" \/>\n\t<meta name=\"twitter:data1\" content=\"Adriana Costa\" \/>\n\t<meta name=\"twitter:label2\" content=\"Est. reading time\" \/>\n\t<meta name=\"twitter:data2\" content=\"2 minutos\" \/>\n<script type=\"application\/ld+json\" class=\"yoast-schema-graph\">{\"@context\":\"https:\/\/schema.org\",\"@graph\":[{\"@type\":\"Article\",\"@id\":\"https:\/\/www.manaus.am.gov.br\/semtepi\/curso\/aulao-englishmanaus\/#article\",\"isPartOf\":{\"@id\":\"https:\/\/www.manaus.am.gov.br\/semtepi\/curso\/aulao-englishmanaus\/\"},\"author\":{\"name\":\"Adriana Costa\",\"@id\":\"https:\/\/www.manaus.am.gov.br\/semtepi\/#\/schema\/person\/4e49f4e267757a06ca072ec61b2b9968\"},\"headline\":\"Empreendedores concluem atividades presenciais do programa \u2018English Manaus\u2019\",\"datePublished\":\"2024-03-20T13:17:09+00:00\",\"dateModified\":\"2024-03-20T15:03:33+00:00\",\"mainEntityOfPage\":{\"@id\":\"https:\/\/www.manaus.am.gov.br\/semtepi\/curso\/aulao-englishmanaus\/\"},\"wordCount\":369,\"publisher\":{\"@id\":\"https:\/\/www.manaus.am.gov.br\/semtepi\/#organization\"},\"image\":{\"@id\":\"https:\/\/www.manaus.am.gov.br\/semtepi\/curso\/aulao-englishmanaus\/#primaryimage\"},\"thumbnailUrl\":\"https:\/\/www.manaus.am.gov.br\/semtepi\/wp-content\/uploads\/sites\/20\/2024\/03\/53598814893_ecf15599fc_c.jpg\",\"keywords\":[\"aul\u00e3o\",\"english manaus\",\"prefeitura de manaus\",\"Semtepi\"],\"articleSection\":[\"Curso\"],\"inLanguage\":\"pt-BR\"},{\"@type\":\"WebPage\",\"@id\":\"https:\/\/www.manaus.am.gov.br\/semtepi\/curso\/aulao-englishmanaus\/\",\"url\":\"https:\/\/www.manaus.am.gov.br\/semtepi\/curso\/aulao-englishmanaus\/\",\"name\":\"Empreendedores concluem atividades presenciais do programa \u2018English Manaus\u2019\",\"isPartOf\":{\"@id\":\"https:\/\/www.manaus.am.gov.br\/semtepi\/#website\"},\"primaryImageOfPage\":{\"@id\":\"https:\/\/www.manaus.am.gov.br\/semtepi\/curso\/aulao-englishmanaus\/#primaryimage\"},\"image\":{\"@id\":\"https:\/\/www.manaus.am.gov.br\/semtepi\/curso\/aulao-englishmanaus\/#primaryimage\"},\"thumbnailUrl\":\"https:\/\/www.manaus.am.gov.br\/semtepi\/wp-content\/uploads\/sites\/20\/2024\/03\/53598814893_ecf15599fc_c.jpg\",\"datePublished\":\"2024-03-20T13:17:09+00:00\",\"dateModified\":\"2024-03-20T15:03:33+00:00\",\"description\":\"A Prefeitura de Manaus, por meio da Secretaria Municipal do Trabalho, Empreendedorismo e Inova\u00e7\u00e3o (Semtepi), promoveu, nesta ter\u00e7a-feira, 19\/3, o quarto e \u00faltimo \u201caul\u00e3o\u201d presencial do programa \u201cEnglish Manaus\u201d, com a participa\u00e7\u00e3o de 800 alunos. A programa\u00e7\u00e3o aconteceu no Centro de Conven\u00e7\u00f5es Vasco Vasques, localizado na avenida Constantino Nery, bairro Flores, zona Centro-Sul da cidade.\",\"breadcrumb\":{\"@id\":\"https:\/\/www.manaus.am.gov.br\/semtepi\/curso\/aulao-englishmanaus\/#breadcrumb\"},\"inLanguage\":\"pt-BR\",\"potentialAction\":[{\"@type\":\"ReadAction\",\"target\":[\"https:\/\/www.manaus.am.gov.br\/semtepi\/curso\/aulao-englishmanaus\/\"]}]},{\"@type\":\"ImageObject\",\"inLanguage\":\"pt-BR\",\"@id\":\"https:\/\/www.manaus.am.gov.br\/semtepi\/curso\/aulao-englishmanaus\/#primaryimage\",\"url\":\"https:\/\/www.manaus.am.gov.br\/semtepi\/wp-content\/uploads\/sites\/20\/2024\/03\/53598814893_ecf15599fc_c.jpg\",\"contentUrl\":\"https:\/\/www.manaus.am.gov.br\/semtepi\/wp-content\/uploads\/sites\/20\/2024\/03\/53598814893_ecf15599fc_c.jpg\",\"width\":799,\"height\":533},{\"@type\":\"BreadcrumbList\",\"@id\":\"https:\/\/www.manaus.am.gov.br\/semtepi\/curso\/aulao-englishmanaus\/#breadcrumb\",\"itemListElement\":[{\"@type\":\"ListItem\",\"position\":1,\"name\":\"Home\",\"item\":\"https:\/\/www.manaus.am.gov.br\/semtepi\/\"},{\"@type\":\"ListItem\",\"position\":2,\"name\":\"Empreendedores concluem atividades presenciais do programa \u2018English Manaus\u2019\"}]},{\"@type\":\"WebSite\",\"@id\":\"https:\/\/www.manaus.am.gov.br\/semtepi\/#website\",\"url\":\"https:\/\/www.manaus.am.gov.br\/semtepi\/\",\"name\":\"SEMTEPI\",\"description\":\"Prefeitura de Manaus\",\"publisher\":{\"@id\":\"https:\/\/www.manaus.am.gov.br\/semtepi\/#organization\"},\"alternateName\":\"Secretaria Municipal do Trabalho, Empreendedorismo e Inova\u00e7\u00e3o\",\"potentialAction\":[{\"@type\":\"SearchAction\",\"target\":{\"@type\":\"EntryPoint\",\"urlTemplate\":\"https:\/\/www.manaus.am.gov.br\/semtepi\/?s={search_term_string}\"},\"query-input\":\"required name=search_term_string\"}],\"inLanguage\":\"pt-BR\"},{\"@type\":\"Organization\",\"@id\":\"https:\/\/www.manaus.am.gov.br\/semtepi\/#organization\",\"name\":\"Prefeitura Municipal de Manaus\",\"alternateName\":\"Prefeitura de Manaus\",\"url\":\"https:\/\/www.manaus.am.gov.br\/semtepi\/\",\"logo\":{\"@type\":\"ImageObject\",\"inLanguage\":\"pt-BR\",\"@id\":\"https:\/\/www.manaus.am.gov.br\/semtepi\/#\/schema\/logo\/image\/\",\"url\":\"https:\/\/www.manaus.am.gov.br\/semtepi\/wp-content\/uploads\/sites\/20\/2024\/07\/favicon.png\",\"contentUrl\":\"https:\/\/www.manaus.am.gov.br\/semtepi\/wp-content\/uploads\/sites\/20\/2024\/07\/favicon.png\",\"width\":300,\"height\":300,\"caption\":\"Prefeitura Municipal de Manaus\"},\"image\":{\"@id\":\"https:\/\/www.manaus.am.gov.br\/semtepi\/#\/schema\/logo\/image\/\"}},{\"@type\":\"Person\",\"@id\":\"https:\/\/www.manaus.am.gov.br\/semtepi\/#\/schema\/person\/4e49f4e267757a06ca072ec61b2b9968\",\"name\":\"Adriana Costa\",\"image\":{\"@type\":\"ImageObject\",\"inLanguage\":\"pt-BR\",\"@id\":\"https:\/\/www.manaus.am.gov.br\/semtepi\/#\/schema\/person\/image\/\",\"url\":\"https:\/\/secure.gravatar.com\/avatar\/576258617ef7194f718179e766d57bd4?s=96&d=mm&r=g\",\"contentUrl\":\"https:\/\/secure.gravatar.com\/avatar\/576258617ef7194f718179e766d57bd4?s=96&d=mm&r=g\",\"caption\":\"Adriana Costa\"}}]}<\/script>\n<!-- \/ Yoast SEO plugin. -->","yoast_head_json":{"title":"Empreendedores concluem atividades presenciais do programa \u2018English Manaus\u2019","description":"A Prefeitura de Manaus, por meio da Secretaria Municipal do Trabalho, Empreendedorismo e Inova\u00e7\u00e3o (Semtepi), promoveu, nesta ter\u00e7a-feira, 19\/3, o quarto e \u00faltimo \u201caul\u00e3o\u201d presencial do programa \u201cEnglish Manaus\u201d, com a participa\u00e7\u00e3o de 800 alunos. A programa\u00e7\u00e3o aconteceu no Centro de Conven\u00e7\u00f5es Vasco Vasques, localizado na avenida Constantino Nery, bairro Flores, zona Centro-Sul da cidade.","robots":{"index":"noindex","follow":"follow"},"og_locale":"pt_BR","og_type":"article","og_title":"Empreendedores concluem atividades presenciais do programa \u2018English Manaus\u2019","og_description":"A Prefeitura de Manaus, por meio da Secretaria Municipal do Trabalho, Empreendedorismo e Inova\u00e7\u00e3o (Semtepi), promoveu, nesta ter\u00e7a-feira, 19\/3, o quarto e \u00faltimo \u201caul\u00e3o\u201d presencial do programa \u201cEnglish Manaus\u201d, com a participa\u00e7\u00e3o de 800 alunos. A programa\u00e7\u00e3o aconteceu no Centro de Conven\u00e7\u00f5es Vasco Vasques, localizado na avenida Constantino Nery, bairro Flores, zona Centro-Sul da cidade.","og_url":"https:\/\/www.manaus.am.gov.br\/semtepi\/curso\/aulao-englishmanaus\/","og_site_name":"SEMTEPI","article_published_time":"2024-03-20T13:17:09+00:00","article_modified_time":"2024-03-20T15:03:33+00:00","og_image":[{"width":799,"height":533,"url":"https:\/\/www.manaus.am.gov.br\/semtepi\/wp-content\/uploads\/sites\/20\/2024\/03\/53598814893_ecf15599fc_c.jpg","type":"image\/jpeg"}],"author":"Adriana Costa","twitter_card":"summary_large_image","twitter_misc":{"Written by":"Adriana Costa","Est. reading time":"2 minutos"},"schema":{"@context":"https:\/\/schema.org","@graph":[{"@type":"Article","@id":"https:\/\/www.manaus.am.gov.br\/semtepi\/curso\/aulao-englishmanaus\/#article","isPartOf":{"@id":"https:\/\/www.manaus.am.gov.br\/semtepi\/curso\/aulao-englishmanaus\/"},"author":{"name":"Adriana Costa","@id":"https:\/\/www.manaus.am.gov.br\/semtepi\/#\/schema\/person\/4e49f4e267757a06ca072ec61b2b9968"},"headline":"Empreendedores concluem atividades presenciais do programa \u2018English Manaus\u2019","datePublished":"2024-03-20T13:17:09+00:00","dateModified":"2024-03-20T15:03:33+00:00","mainEntityOfPage":{"@id":"https:\/\/www.manaus.am.gov.br\/semtepi\/curso\/aulao-englishmanaus\/"},"wordCount":369,"publisher":{"@id":"https:\/\/www.manaus.am.gov.br\/semtepi\/#organization"},"image":{"@id":"https:\/\/www.manaus.am.gov.br\/semtepi\/curso\/aulao-englishmanaus\/#primaryimage"},"thumbnailUrl":"https:\/\/www.manaus.am.gov.br\/semtepi\/wp-content\/uploads\/sites\/20\/2024\/03\/53598814893_ecf15599fc_c.jpg","keywords":["aul\u00e3o","english manaus","prefeitura de manaus","Semtepi"],"articleSection":["Curso"],"inLanguage":"pt-BR"},{"@type":"WebPage","@id":"https:\/\/www.manaus.am.gov.br\/semtepi\/curso\/aulao-englishmanaus\/","url":"https:\/\/www.manaus.am.gov.br\/semtepi\/curso\/aulao-englishmanaus\/","name":"Empreendedores concluem atividades presenciais do programa \u2018English Manaus\u2019","isPartOf":{"@id":"https:\/\/www.manaus.am.gov.br\/semtepi\/#website"},"primaryImageOfPage":{"@id":"https:\/\/www.manaus.am.gov.br\/semtepi\/curso\/aulao-englishmanaus\/#primaryimage"},"image":{"@id":"https:\/\/www.manaus.am.gov.br\/semtepi\/curso\/aulao-englishmanaus\/#primaryimage"},"thumbnailUrl":"https:\/\/www.manaus.am.gov.br\/semtepi\/wp-content\/uploads\/sites\/20\/2024\/03\/53598814893_ecf15599fc_c.jpg","datePublished":"2024-03-20T13:17:09+00:00","dateModified":"2024-03-20T15:03:33+00:00","description":"A Prefeitura de Manaus, por meio da Secretaria Municipal do Trabalho, Empreendedorismo e Inova\u00e7\u00e3o (Semtepi), promoveu, nesta ter\u00e7a-feira, 19\/3, o quarto e \u00faltimo \u201caul\u00e3o\u201d presencial do programa \u201cEnglish Manaus\u201d, com a participa\u00e7\u00e3o de 800 alunos. A programa\u00e7\u00e3o aconteceu no Centro de Conven\u00e7\u00f5es Vasco Vasques, localizado na avenida Constantino Nery, bairro Flores, zona Centro-Sul da cidade.","breadcrumb":{"@id":"https:\/\/www.manaus.am.gov.br\/semtepi\/curso\/aulao-englishmanaus\/#breadcrumb"},"inLanguage":"pt-BR","potentialAction":[{"@type":"ReadAction","target":["https:\/\/www.manaus.am.gov.br\/semtepi\/curso\/aulao-englishmanaus\/"]}]},{"@type":"ImageObject","inLanguage":"pt-BR","@id":"https:\/\/www.manaus.am.gov.br\/semtepi\/curso\/aulao-englishmanaus\/#primaryimage","url":"https:\/\/www.manaus.am.gov.br\/semtepi\/wp-content\/uploads\/sites\/20\/2024\/03\/53598814893_ecf15599fc_c.jpg","contentUrl":"https:\/\/www.manaus.am.gov.br\/semtepi\/wp-content\/uploads\/sites\/20\/2024\/03\/53598814893_ecf15599fc_c.jpg","width":799,"height":533},{"@type":"BreadcrumbList","@id":"https:\/\/www.manaus.am.gov.br\/semtepi\/curso\/aulao-englishmanaus\/#breadcrumb","itemListElement":[{"@type":"ListItem","position":1,"name":"Home","item":"https:\/\/www.manaus.am.gov.br\/semtepi\/"},{"@type":"ListItem","position":2,"name":"Empreendedores concluem atividades presenciais do programa \u2018English Manaus\u2019"}]},{"@type":"WebSite","@id":"https:\/\/www.manaus.am.gov.br\/semtepi\/#website","url":"https:\/\/www.manaus.am.gov.br\/semtepi\/","name":"SEMTEPI","description":"Prefeitura de Manaus","publisher":{"@id":"https:\/\/www.manaus.am.gov.br\/semtepi\/#organization"},"alternateName":"Secretaria Municipal do Trabalho, Empreendedorismo e Inova\u00e7\u00e3o","potentialAction":[{"@type":"SearchAction","target":{"@type":"EntryPoint","urlTemplate":"https:\/\/www.manaus.am.gov.br\/semtepi\/?s={search_term_string}"},"query-input":"required name=search_term_string"}],"inLanguage":"pt-BR"},{"@type":"Organization","@id":"https:\/\/www.manaus.am.gov.br\/semtepi\/#organization","name":"Prefeitura Municipal de Manaus","alternateName":"Prefeitura de Manaus","url":"https:\/\/www.manaus.am.gov.br\/semtepi\/","logo":{"@type":"ImageObject","inLanguage":"pt-BR","@id":"https:\/\/www.manaus.am.gov.br\/semtepi\/#\/schema\/logo\/image\/","url":"https:\/\/www.manaus.am.gov.br\/semtepi\/wp-content\/uploads\/sites\/20\/2024\/07\/favicon.png","contentUrl":"https:\/\/www.manaus.am.gov.br\/semtepi\/wp-content\/uploads\/sites\/20\/2024\/07\/favicon.png","width":300,"height":300,"caption":"Prefeitura Municipal de Manaus"},"image":{"@id":"https:\/\/www.manaus.am.gov.br\/semtepi\/#\/schema\/logo\/image\/"}},{"@type":"Person","@id":"https:\/\/www.manaus.am.gov.br\/semtepi\/#\/schema\/person\/4e49f4e267757a06ca072ec61b2b9968","name":"Adriana Costa","image":{"@type":"ImageObject","inLanguage":"pt-BR","@id":"https:\/\/www.manaus.am.gov.br\/semtepi\/#\/schema\/person\/image\/","url":"https:\/\/secure.gravatar.com\/avatar\/576258617ef7194f718179e766d57bd4?s=96&d=mm&r=g","contentUrl":"https:\/\/secure.gravatar.com\/avatar\/576258617ef7194f718179e766d57bd4?s=96&d=mm&r=g","caption":"Adriana Costa"}}]}},"_links":{"self":[{"href":"https:\/\/www.manaus.am.gov.br\/semtepi\/wp-json\/wp\/v2\/posts\/4355"}],"collection":[{"href":"https:\/\/www.manaus.am.gov.br\/semtepi\/wp-json\/wp\/v2\/posts"}],"about":[{"href":"https:\/\/www.manaus.am.gov.br\/semtepi\/wp-json\/wp\/v2\/types\/post"}],"author":[{"embeddable":true,"href":"https:\/\/www.manaus.am.gov.br\/semtepi\/wp-json\/wp\/v2\/users\/23"}],"replies":[{"embeddable":true,"href":"https:\/\/www.manaus.am.gov.br\/semtepi\/wp-json\/wp\/v2\/comments?post=4355"}],"version-history":[{"count":1,"href":"https:\/\/www.manaus.am.gov.br\/semtepi\/wp-json\/wp\/v2\/posts\/4355\/revisions"}],"predecessor-version":[{"id":4357,"href":"https:\/\/www.manaus.am.gov.br\/semtepi\/wp-json\/wp\/v2\/posts\/4355\/revisions\/4357"}],"wp:featuredmedia":[{"embeddable":true,"href":"https:\/\/www.manaus.am.gov.br\/semtepi\/wp-json\/wp\/v2\/media\/4356"}],"wp:attachment":[{"href":"https:\/\/www.manaus.am.gov.br\/semtepi\/wp-json\/wp\/v2\/media?parent=4355"}],"wp:term":[{"taxonomy":"category","embeddable":true,"href":"https:\/\/www.manaus.am.gov.br\/semtepi\/wp-json\/wp\/v2\/categories?post=4355"},{"taxonomy":"post_tag","embeddable":true,"href":"https:\/\/www.manaus.am.gov.br\/semtepi\/wp-json\/wp\/v2\/tags?post=4355"}],"curies":[{"name":"wp","href":"https:\/\/api.w.org\/{rel}","templated":true}]}}