{"id":4324,"date":"2024-03-13T13:31:12","date_gmt":"2024-03-13T17:31:12","guid":{"rendered":"https:\/\/www.manaus.am.gov.br\/semtepi\/sem-categoria\/sinemanaus-vagas\/"},"modified":"2024-03-13T13:31:48","modified_gmt":"2024-03-13T17:31:48","slug":"sinemanaus-vagas","status":"publish","type":"post","link":"https:\/\/www.manaus.am.gov.br\/semtepi\/oportunidade\/sinemanaus-vagas\/","title":{"rendered":"Sine Manaus oferta 367 vagas de emprego nesta quinta-feira, 14\/3"},"content":{"rendered":"\n<p>A Prefeitura de Manaus, por meio do Sine Manaus, oferta 367 vagas de emprego em v\u00e1rias \u00e1reas de atua\u00e7\u00e3o, nesta quinta-feira, 14\/3,&nbsp;de 8h \u00e0s 14h. O candidato precisa validar a Carteira Digital e Previd\u00eancia Social (CTPS) no aplicativo \u201cCarteira de Trabalho Digital\u201d ou acessar o site&nbsp;<a href=\"http:\/\/gov.br\/trabalho\" target=\"_blank\" rel=\"noreferrer noopener\">http:\/\/gov.br\/trabalho<\/a>&nbsp;e, para concorrer \u00e0s vagas, deve acessar o site&nbsp;<a href=\"http:\/\/empregabrasil.mte.gov.br\/\" target=\"_blank\" rel=\"noreferrer noopener\">http:\/\/empregabrasil.mte.gov.br<\/a>&nbsp;para fazer a solicita\u00e7\u00e3o de cadastro.<\/p>\n\n\n\n<p>Para participar da pr\u00e9-sele\u00e7\u00e3o e concorrer a uma das vagas dispon\u00edveis, ou receber orienta\u00e7\u00e3o de cadastro, Carteira de Trabalho Digital e seguro-desemprego, os candidatos devem comparecer a um dos postos do Sine Manaus: na avenida Constantino Nery, n\u00ba 1.272, bairro S\u00e3o Geraldo, zona Centro-Sul; ou no shopping Phelippe Daou, na avenida Camapu\u00e3, n\u00ba 2.939, bairro Cidade de Deus, zona Leste.<\/p>\n\n\n\n<p>Os interessados devem estar munidos do comprovante de vacina\u00e7\u00e3o (Covid-19), curr\u00edculo e documentos pessoais (RG, CPF, PIS, CTPS, comprovante de escolaridade e resid\u00eancia). N\u00e3o \u00e9 necess\u00e1rio apresentar c\u00f3pias, somente os documentos originais.<\/p>\n\n\n\n<p>A Semtepi ressalta que, obedecendo ao disposto no artigo 5\u00ba, da Constitui\u00e7\u00e3o Federal, e ao artigo 373-A, da Consolida\u00e7\u00e3o das Leis Trabalhistas (CLT), crit\u00e9rios referentes a sexo, idade, cor ou situa\u00e7\u00e3o familiar, n\u00e3o podem ser informados na divulga\u00e7\u00e3o das vagas disponibilizadas.<\/p>\n\n\n\n<p>Os candidatos devem estar cientes das diretrizes de vestimenta estabelecidas pelo \u00f3rg\u00e3o, as quais incluem a proibi\u00e7\u00e3o de vestimentas como bermudas, shorts, minissaias, camisetas regatas e chinelos durante a entrada.<\/p>\n\n\n\n<p><strong>Vagas Novas \u2013<a><\/a> <a>81<\/a><\/strong><\/p>\n\n\n\n<p><strong>1 vaga \u2013 Vendedor Interno<\/strong><\/p>\n\n\n\n<p>Escolaridade \u2013 ensino m\u00e9dio completo;<\/p>\n\n\n\n<p>Experi\u00eancia \u2013 seis meses na Carteira de Trabalho;<\/p>\n\n\n\n<p>Requisitos Obrigat\u00f3rios \u2013 ter conhecimento em produtos de Seguran\u00e7a Eletr\u00f4nica e possuir documenta\u00e7\u00e3o completa;<\/p>\n\n\n\n<p>Atividades \u2013 demonstrar os produtos, avaliar o perfil dos clientes e fechar contratos de vendas, orientar, informar, entender o produto ou servi\u00e7o, analisar os dados do p\u00fablico-alvo, para elaborar assim uma estrat\u00e9gia de venda, organizar uma agenda de principais clientes;<\/p>\n\n\n\n<p>Dispon\u00edvel at\u00e9 14\/3\/2024 ou encerramento da vaga.<\/p>\n\n\n\n<p><strong>4 vagas \u2013 Auxiliar Operador de Log\u00edstica<\/strong><\/p>\n\n\n\n<p>Escolaridade \u2013 ensino m\u00e9dio completo;<\/p>\n\n\n\n<p>Experi\u00eancia \u2013 seis meses na Carteira de Trabalho;<\/p>\n\n\n\n<p>Requisitos Obrigat\u00f3rios \u2013 experi\u00eancia com carga\/descarga e possuir documenta\u00e7\u00e3o completa (com dispensa militar);<\/p>\n\n\n\n<p>Atividades \u2013 recebimento e expedi\u00e7\u00e3o de materiais, al\u00e9m de acompanhar e garantir a distribui\u00e7\u00e3o e armazenamento de produtos, mat\u00e9ria-prima e equipamentos;<\/p>\n\n\n\n<p>Dispon\u00edvel at\u00e9 14\/3\/2024 ou encerramento da vaga.<\/p>\n\n\n\n<p><strong>1 vaga \u2013 Supervisor Comercial<\/strong><\/p>\n\n\n\n<p>Escolaridade \u2013 ensino m\u00e9dio completo;<\/p>\n\n\n\n<p>Experi\u00eancia \u2013 registrado na Carteira de Trabalho;<\/p>\n\n\n\n<p>Requisitos obrigat\u00f3rios \u2013 ter conhecimento em estrat\u00e9gias de vendas, estoque, showroom e possuir documenta\u00e7\u00e3o completa;<\/p>\n\n\n\n<p>Atividades \u2013 prospectar representantes comerciais, vendas dos produtos, abrir novos canais de venda, estruturar \u00e1rea comercial, mapeamento de regi\u00f5es, forma\u00e7\u00e3o da equipe de vendas, gest\u00e3o de indicadores;<\/p>\n\n\n\n<p>Dispon\u00edvel at\u00e9 14\/3\/2024 ou encerramento da vaga.<\/p>\n\n\n\n<p><strong>1 vaga \u2013 Auxiliar de Limpeza<\/strong><\/p>\n\n\n\n<p>Escolaridade \u2013 ensino m\u00e9dio completo;<\/p>\n\n\n\n<p>Experi\u00eancia \u2013 seis meses na Carteira de Trabalho;<\/p>\n\n\n\n<p>Requisitos obrigat\u00f3rios \u2013 possuir documenta\u00e7\u00e3o completa (com dispensa militar);<\/p>\n\n\n\n<p>Atividades \u2013 executar servi\u00e7os de limpeza; substituir, trocar, limpar, reparar e instalar pe\u00e7as, componentes e equipamentos; conservar vidros e fachadas, limpar recintos e acess\u00f3rios; trabalhar seguindo normas de seguran\u00e7a, higiene, qualidade e prote\u00e7\u00e3o ao meio ambiente;<\/p>\n\n\n\n<p>Dispon\u00edvel at\u00e9 14\/3\/2024 ou encerramento da vaga.<\/p>\n\n\n\n<p><strong>1 vaga \u2013 Motorista Entregador<\/strong><\/p>\n\n\n\n<p>Escolaridade \u2013 ensino m\u00e9dio completo;<\/p>\n\n\n\n<p>Experi\u00eancia \u2013 seis meses na Carteira de Trabalho;<\/p>\n\n\n\n<p>Requisitos obrigat\u00f3rios \u2013 ter Carteira Nacional de Habilita\u00e7\u00e3o \u201cAB\u201d e possuir documenta\u00e7\u00e3o completa (com dispensa militar);<\/p>\n\n\n\n<p>Atividades \u2013 dirigir e manobrar motocicletas e transportar cargas; efetuar pagamentos e recebimentos no desempenho das atividades, utilizar-se de capacidades comunicativas, trabalhar seguindo normas de seguran\u00e7a, higiene, qualidade e prote\u00e7\u00e3o ao meio ambiente;<\/p>\n\n\n\n<p>Dispon\u00edvel at\u00e9 14\/3\/2024 ou encerramento da vaga.<\/p>\n\n\n\n<p><strong>1 vaga \u2013 Art\u00edfice de Manuten\u00e7\u00e3o<\/strong><\/p>\n\n\n\n<p>Escolaridade \u2013 ensino m\u00e9dio completo;<\/p>\n\n\n\n<p>Experi\u00eancia \u2013 seis meses na Carteira de Trabalho;<\/p>\n\n\n\n<p>Requisitos obrigat\u00f3rios \u2013 curso de NR 10, NR 35 e possuir documenta\u00e7\u00e3o completa;<\/p>\n\n\n\n<p>Atividades \u2013 identificar as instala\u00e7\u00f5es hidro sanit\u00e1rias, esgoto a v\u00e1cuo e aquecedores a g\u00e1s; executar as instala\u00e7\u00f5es hidrossanit\u00e1rias e de esgoto a v\u00e1cuo em PVC, CPVC, cobre e ferro, e de bombas do sistema hidro sanit\u00e1rio e esgoto a v\u00e1cuo; montar, instalar e reparar circuitos el\u00e9tricos de baixa tens\u00e3o em geral; consertar motores de bombas; avaliar e instalar equipamentos el\u00e9tricos; realizar manuten\u00e7\u00e3o preventiva em subesta\u00e7\u00f5es de m\u00e9dia tens\u00e3o; realizar testes para identificar e localizar defeitos;<\/p>\n\n\n\n<p>Dispon\u00edvel at\u00e9 14\/3\/2024 ou encerramento da vaga.<\/p>\n\n\n\n<p><strong>1 vaga \u2013 Auxiliar Financeiro<\/strong><\/p>\n\n\n\n<p>Escolaridade \u2013 ensino m\u00e9dio completo;<\/p>\n\n\n\n<p>Experi\u00eancia \u2013 registrado na Carteira de Trabalho;<\/p>\n\n\n\n<p>Requisitos obrigat\u00f3rios \u2013 curso na \u00e1rea, conhecimento em ISO &#8211; 9001, 5S, qualidade e BI, conhecimento no sistema Protheus, excel avan\u00e7ado e possuir documenta\u00e7\u00e3o completa;<\/p>\n\n\n\n<p>Atividades \u2013 realizar pagamentos, fazer controle de contas a pagar e de tesouraria como um todo, controlar fluxos de caixa, acompanhar extratos banc\u00e1rios, realizar balan\u00e7os financeiros, preparar relat\u00f3rios e apoiar o setor de contabilidade no pagamento de tributos;<\/p>\n\n\n\n<p>Dispon\u00edvel at\u00e9 14\/3\/2024 ou encerramento da vaga.<\/p>\n\n\n\n<p><strong>1 vaga \u2013 Auxiliar de Almoxarifado<\/strong><\/p>\n\n\n\n<p>Escolaridade \u2013 ensino m\u00e9dio completo;<\/p>\n\n\n\n<p>Experi\u00eancia \u2013 registrado na Carteira de Trabalho;<\/p>\n\n\n\n<p>Requisitos obrigat\u00f3rios \u2013 curso na \u00e1rea, conhecimento em ISO &#8211; 9001, 5S, qualidade e BI, possuir documenta\u00e7\u00e3o completa (com dispensa militar);<\/p>\n\n\n\n<p>Atividades \u2013 controle de estoque, controle da entrada e sa\u00edda de materiais e equipamentos, incluir nota fiscal no sistema, receber, separar, armazenar materiais;<\/p>\n\n\n\n<p>Dispon\u00edvel at\u00e9 14\/3\/2024 ou encerramento da vaga.<\/p>\n\n\n\n<p><strong>10 vagas \u2013 Instalador de Equipamentos de Comunica\u00e7\u00e3o<\/strong><\/p>\n\n\n\n<p>Escolaridade \u2013 ensino fundamental completo;<\/p>\n\n\n\n<p>Experi\u00eancia \u2013 n\u00e3o \u00e9 necess\u00e1rio;<\/p>\n\n\n\n<p>Requisitos obrigat\u00f3rios \u2013 possuir ve\u00edculo pr\u00f3prio (moto), Carteira Nacional de Habilita\u00e7\u00e3o \u201cA\u201d, expertise com aparelho m\u00f3vel (celular) e possuir documenta\u00e7\u00e3o completa;<\/p>\n\n\n\n<p>Atividades &#8211; atuar na \u00e1rea de retirada de equipamentos na cidade;<\/p>\n\n\n\n<p>Dispon\u00edvel at\u00e9 14\/3\/2024 ou encerramento da vaga.<\/p>\n\n\n\n<p><strong>1 vaga \u2013 Auxiliar de Manuten\u00e7\u00e3o Predial<\/strong><\/p>\n\n\n\n<p>Escolaridade \u2013 ensino m\u00e9dio completo;<\/p>\n\n\n\n<p>Experi\u00eancia \u2013 seis meses na Carteira de Trabalho;<\/p>\n\n\n\n<p>Requisitos obrigat\u00f3rios \u2013 possuir documenta\u00e7\u00e3o completa (com dispensa militar);<\/p>\n\n\n\n<p>Atividades \u2013 zelar pela manuten\u00e7\u00e3o, organiza\u00e7\u00e3o e conserva\u00e7\u00e3o dos equipamentos e ferramentas de trabalho, l\u00e2mpadas, entre outros; realizar servi\u00e7os b\u00e1sicos de carpintaria, marcenaria e hidr\u00e1ulica;<\/p>\n\n\n\n<p>Dispon\u00edvel at\u00e9 14\/3\/2024 ou encerramento da vaga.<\/p>\n\n\n\n<p><strong>15 vagas \u2013 Auxiliar de Dep\u00f3sito<\/strong><\/p>\n\n\n\n<p>Escolaridade \u2013 ensino m\u00e9dio completo;<\/p>\n\n\n\n<p>Experi\u00eancia \u2013 n\u00e3o \u00e9 necess\u00e1rio;<\/p>\n\n\n\n<p>Requisitos obrigat\u00f3rios \u2013 agilidade, aten\u00e7\u00e3o, racioc\u00ednio r\u00e1pido, conhecimento b\u00e1sico com tecnologias e disponibilidade de trabalho no hor\u00e1rio de 14:45h \u00e0s 23:45h (2\u00ba turno) e aos s\u00e1bados (meio expediente) e possuir documenta\u00e7\u00e3o completa (com dispensa militar);<\/p>\n\n\n\n<p>Atividades \u2013 organizar produtos no dep\u00f3sito, manter n\u00edvel de caixas nos padr\u00f5es estabelecidos, recolher paletes da \u00e1rea externa, entre outras atividades correlatas;<\/p>\n\n\n\n<p>Dispon\u00edvel at\u00e9 14\/3\/2024 ou encerramento da vaga.<\/p>\n\n\n\n<p><strong>1 vaga \u2013 Operador de Caixa<\/strong><\/p>\n\n\n\n<p>Escolaridade \u2013 ensino m\u00e9dio completo;<\/p>\n\n\n\n<p>Experi\u00eancia \u2013 seis meses na Carteira de Trabalho;<\/p>\n\n\n\n<p>Requisitos obrigat\u00f3rios \u2013 possuir documenta\u00e7\u00e3o completa;<\/p>\n\n\n\n<p>Atividades \u2013 receber valores de vendas de produtos e servi\u00e7os, atender ao p\u00fablico, realizar a abertura e fechamento de caixa e emitir notas fiscais;<\/p>\n\n\n\n<p>Dispon\u00edvel at\u00e9 14\/3\/2024 ou encerramento da vaga.<\/p>\n\n\n\n<p><strong>10 vagas \u2013 Auxiliar de Limpeza<\/strong><\/p>\n\n\n\n<p>Escolaridade \u2013 ensino fundamental completo;<\/p>\n\n\n\n<p>Experi\u00eancia \u2013 seis meses na Carteira de Trabalho ou avulso;<\/p>\n\n\n\n<p>Requisitos obrigat\u00f3rios \u2013 disponibilidade de hor\u00e1rio e possuir documenta\u00e7\u00e3o completa (com dispensa militar);<\/p>\n\n\n\n<p>Atividades \u2013 fazer a higieniza\u00e7\u00e3o e a conserva\u00e7\u00e3o de lugares p\u00fablicos e particulares; varrer o ch\u00e3o, lavar vidros, remover o lixo, limpar banheiros, salas, quintal e \u00e1reas de conviv\u00eancia;<\/p>\n\n\n\n<p>Dispon\u00edvel at\u00e9 14\/3\/2024 ou encerramento da vaga.<\/p>\n\n\n\n<p><strong>10 vagas \u2013 Auxiliar de Cozinha<\/strong><\/p>\n\n\n\n<p>Escolaridade \u2013 ensino fundamental completo;<\/p>\n\n\n\n<p>Experi\u00eancia \u2013 seis meses na Carteira de Trabalho ou avulso;<\/p>\n\n\n\n<p>Requisitos obrigat\u00f3rios \u2013 disponibilidade de hor\u00e1rio e possuir documenta\u00e7\u00e3o completa (com dispensa militar);<\/p>\n\n\n\n<p>Atividades \u2013 fazer a higieniza\u00e7\u00e3o, a prepara\u00e7\u00e3o de refei\u00e7\u00f5es e a conserva\u00e7\u00e3o dos mantimentos em cozinhas de locais p\u00fablicos e de empresas particulares;<\/p>\n\n\n\n<p>Dispon\u00edvel at\u00e9 14\/3\/2024 ou encerramento da vaga.<\/p>\n\n\n\n<p><strong>1 vaga \u2013 Bombeiro Hidr\u00e1ulico<\/strong><\/p>\n\n\n\n<p>Escolaridade \u2013 ensino m\u00e9dio completo;<\/p>\n\n\n\n<p>Experi\u00eancia \u2013 seis meses na Carteira de Trabalho;<\/p>\n\n\n\n<p>Requisitos obrigat\u00f3rios \u2013 experi\u00eancia na constru\u00e7\u00e3o civil, instala\u00e7\u00f5es industriais, forma\u00e7\u00e3o na \u00e1rea e possuir documenta\u00e7\u00e3o completa (com dispensa militar);<\/p>\n\n\n\n<p>Atividades \u2013 instalar man\u00f4metros na rede; pressurizar a rede; determinar tempo de dura\u00e7\u00e3o do teste conforme NBR; monitorar teste no man\u00f4metro e na rede; corrigir falhas na veda\u00e7\u00e3o; refazer teste; liberar rede para uso; proteger instala\u00e7\u00f5es: isolar, envelopar e cobrir tubula\u00e7\u00f5es com areia;<\/p>\n\n\n\n<p>Dispon\u00edvel at\u00e9 14\/3\/2024 ou encerramento da vaga.<\/p>\n\n\n\n<p><strong>15 vagas \u2013 Operador de Produ\u00e7\u00e3o<\/strong><\/p>\n\n\n\n<p>Escolaridade \u2013 ensino m\u00e9dio completo;<\/p>\n\n\n\n<p>Experi\u00eancia \u2013 registrado na Carteira de Trabalho;<\/p>\n\n\n\n<p>Requisitos obrigat\u00f3rios \u2013 ter a 3\u00aa dose da vacina da covid, n\u00e3o residir nos bairros: Gilberto Mestrinho, Tarum\u00e3, Lago Azul, Puraquequara, Distrito 2, Colonia Antonio Aleixo, Mauazinho, Nova Rep\u00fablica e possuir documenta\u00e7\u00e3o completa (com dispensa militar);<\/p>\n\n\n\n<p>Atividades \u2013 executar atividades relacionadas a montagem de produtos nas linhas de produ\u00e7\u00e3o de metal;<\/p>\n\n\n\n<p>Dispon\u00edvel at\u00e9 14\/3\/2024 ou encerramento da vaga.<\/p>\n\n\n\n<p><strong>5 vagas \u2013 Auxiliar de Servi\u00e7os Gerais \u2013 vagas exclusivas para Pessoas com Defici\u00eancia (PcD)<\/strong><\/p>\n\n\n\n<p>Escolaridade \u2013 ensino fundamental completo;<\/p>\n\n\n\n<p>Experi\u00eancia \u2013 n\u00e3o \u00e9 necess\u00e1rio;<\/p>\n\n\n\n<p>Requisitos obrigat\u00f3rios \u2013 possuir documenta\u00e7\u00e3o completa (com dispensa militar);<\/p>\n\n\n\n<p>Atividades \u2013 realizar a limpeza das depend\u00eancias da empresa utilizando-se de material e equipamento espec\u00edfico; remover o p\u00f3 dos m\u00f3veis, fazer a varredura do piso, aspirar detritos, limpar ou lavar vidros e janelas, remover o lixo das lixeiras;<\/p>\n\n\n\n<p>Dispon\u00edvel at\u00e9 14\/3\/2024 ou encerramento da vaga.<\/p>\n\n\n\n<p><strong>2 vagas \u2013 Camareira<\/strong><\/p>\n\n\n\n<p>Escolaridade \u2013 ensino m\u00e9dio completo;<\/p>\n\n\n\n<p>Experi\u00eancia \u2013 registrado na Carteira de Trabalho;<\/p>\n\n\n\n<p>Requisitos obrigat\u00f3rios \u2013 possuir documenta\u00e7\u00e3o completa;<\/p>\n\n\n\n<p>Atividades \u2013 arruma\u00e7\u00e3o, limpeza e organiza\u00e7\u00e3o dos quartos e \u00e1rea externas;<\/p>\n\n\n\n<p>Dispon\u00edvel at\u00e9 14\/3\/2024 ou encerramento da vaga.<\/p>\n\n\n\n<p><strong>Vagas no Com\u00e9rcio \u2013 43<\/strong><\/p>\n\n\n\n<p><strong>2 vagas \u2013 Gerente de Loja<\/strong><\/p>\n\n\n\n<p>Escolaridade \u2013 ensino superior completo ou cursando;<\/p>\n\n\n\n<p>Experi\u00eancia \u2013 seis meses na Carteira de Trabalho;<\/p>\n\n\n\n<p>Requisitos obrigat\u00f3rios \u2013 ter experi\u00eancia na \u00e1rea comercial e como gerente de atividades exercidas com gest\u00e3o de pessoas e vendas; ter documenta\u00e7\u00e3o completa;<\/p>\n\n\n\n<p>Atividades \u2013 realizar abertura e fechamento de loja e caixa, recrutamento e sele\u00e7\u00e3o de colaboradores.<\/p>\n\n\n\n<p>Dispon\u00edvel at\u00e9 14\/3\/2024 ou encerramento da vaga.<\/p>\n\n\n\n<p><a><strong>2 vagas \u2013 Fiscal de Loja<\/strong><\/a><\/p>\n\n\n\n<p>Escolaridade \u2013 ensino m\u00e9dio completo;<\/p>\n\n\n\n<p>Experi\u00eancia \u2013 tr\u00eas meses na Carteira de Trabalho;<\/p>\n\n\n\n<p>Requisitos obrigat\u00f3rios \u2013 ter disponibilidade de hor\u00e1rio e documenta\u00e7\u00e3o completa (com dispensa militar);<\/p>\n\n\n\n<p>Atividades \u2013 fiscalizar a entrada e sa\u00edda de clientes, funcion\u00e1rios e mercadorias em lojas; identificar movimentos de pessoas suspeitas.<\/p>\n\n\n\n<p>Dispon\u00edvel at\u00e9 14\/3\/2024 ou encerramento da vaga.<\/p>\n\n\n\n<p><strong>5 vagas \u2013 Atendente<\/strong><\/p>\n\n\n\n<p>Escolaridade \u2013 ensino m\u00e9dio completo;<\/p>\n\n\n\n<p>Experi\u00eancia \u2013 seis meses na Carteira de Trabalho;<\/p>\n\n\n\n<p>Requisitos obrigat\u00f3rios \u2013 ter documenta\u00e7\u00e3o completa (com dispensa militar);<\/p>\n\n\n\n<p>Atividades \u2013 atuar no atendimento ao cliente, acompanhamento de comanda e retirada de pedidos.<\/p>\n\n\n\n<p>Dispon\u00edvel at\u00e9 14\/3\/2024 ou encerramento da vaga.<\/p>\n\n\n\n<p><strong>2 vagas \u2013 Atendente de Delivery<\/strong><\/p>\n\n\n\n<p>Escolaridade \u2013 ensino m\u00e9dio completo;<\/p>\n\n\n\n<p>Experi\u00eancia \u2013 seis meses na Carteira de Trabalho;<\/p>\n\n\n\n<p>Requisitos obrigat\u00f3rios \u2013 ter documenta\u00e7\u00e3o completa (com dispensa militar);<\/p>\n\n\n\n<p>Atividades \u2013 atuar no atendimento de pedidos, d\u00favidas de clientes e acompanhamento das plataformas.<\/p>\n\n\n\n<p>Dispon\u00edvel at\u00e9 14\/3\/2024 ou encerramento da vaga.<\/p>\n\n\n\n<p><strong>2 vagas \u2013 Cumim<\/strong><\/p>\n\n\n\n<p>Escolaridade \u2013 ensino m\u00e9dio completo;<\/p>\n\n\n\n<p>Experi\u00eancia \u2013 seis meses na Carteira de Trabalho;<\/p>\n\n\n\n<p>Requisitos obrigat\u00f3rios \u2013 ter documenta\u00e7\u00e3o completa (com dispensa militar);<\/p>\n\n\n\n<p>Atividades \u2013 auxiliar no atendimento de gar\u00e7ons, na retirada de pedidos e organiza\u00e7\u00e3o de mesas.<\/p>\n\n\n\n<p>Dispon\u00edvel at\u00e9 14\/3\/2024 ou encerramento da vaga.<\/p>\n\n\n\n<p><strong>1 vaga \u2013 Auxiliar de Churrasqueiro<\/strong><\/p>\n\n\n\n<p>Escolaridade \u2013 ensino m\u00e9dio completo;<\/p>\n\n\n\n<p>Experi\u00eancia \u2013 seis meses na Carteira de Trabalho;<\/p>\n\n\n\n<p>Requisitos obrigat\u00f3rios \u2013 ter experi\u00eancia com manuseio de fornos e churrasqueira e documenta\u00e7\u00e3o completa (com dispensa militar);<\/p>\n\n\n\n<p>Atividades \u2013 auxiliar no preparo de assados.<\/p>\n\n\n\n<p>Dispon\u00edvel at\u00e9 14\/3\/2024 ou encerramento da vaga.<\/p>\n\n\n\n<p><strong>1 vaga \u2013 Pizzaiolo<\/strong><\/p>\n\n\n\n<p>Escolaridade \u2013 ensino m\u00e9dio completo;<\/p>\n\n\n\n<p>Experi\u00eancia \u2013 seis meses na Carteira de Trabalho;<\/p>\n\n\n\n<p>Requisitos obrigat\u00f3rios \u2013 ter documenta\u00e7\u00e3o completa (com dispensa militar);<\/p>\n\n\n\n<p>Atividades \u2013 preparar massa, montar e assar pizzas salgadas e doces; elaborar novos sabores; verificar a qualidade da higieniza\u00e7\u00e3o das ferramentas e dos alimentos; ficar atento \u00e0s normas de seguran\u00e7a do local da cozinha.<\/p>\n\n\n\n<p>Dispon\u00edvel at\u00e9 14\/3\/2024 ou encerramento da vaga.<\/p>\n\n\n\n<p><strong>1 vaga \u2013 Auxiliar de Pizzaiolo<\/strong><\/p>\n\n\n\n<p>Escolaridade \u2013 ensino m\u00e9dio completo;<\/p>\n\n\n\n<p>Experi\u00eancia \u2013 seis meses na Carteira de Trabalho;<\/p>\n\n\n\n<p>Requisitos obrigat\u00f3rios \u2013 ter documenta\u00e7\u00e3o completa (com dispensa militar);<\/p>\n\n\n\n<p>Atividades \u2013 auxiliar na montagem e preparo de massas e recheios para pizzas doces e salgadas.<\/p>\n\n\n\n<p>Dispon\u00edvel at\u00e9 14\/3\/2024 ou encerramento da vaga.<\/p>\n\n\n\n<p><strong>5 vagas \u2013 Vendedor de Com\u00e9rcio Varejista<\/strong><\/p>\n\n\n\n<p>Escolaridade \u2013 ensino m\u00e9dio completo;<\/p>\n\n\n\n<p>Experi\u00eancia \u2013 seis meses na Carteira de Trabalho;<\/p>\n\n\n\n<p>Requisitos obrigat\u00f3rios \u2013 ter experi\u00eancia com vendas de tintas e documenta\u00e7\u00e3o completa;<\/p>\n\n\n\n<p>Atividades \u2013 vender mercadorias em estabelecimentos do com\u00e9rcio varejista ou atacadista, auxiliando os clientes na escolha; registrar entrada e sa\u00edda de mercadorias; promover a venda de mercadorias e demonstrar seu funcionamento; informar sobre as qualidades e vantagens dos produtos; expor mercadorias de forma atrativa, em pontos estrat\u00e9gicos de vendas; prestar servi\u00e7os aos clientes, como troca de mercadorias, abastecimento de ve\u00edculos e outros servi\u00e7os correlatos; realizar invent\u00e1rio de mercadorias para reposi\u00e7\u00e3o; elaborar relat\u00f3rios de vendas, promo\u00e7\u00f5es, demonstra\u00e7\u00f5es e pesquisa de pre\u00e7os.<\/p>\n\n\n\n<p>Dispon\u00edvel at\u00e9 14\/3\/2024 ou encerramento da vaga.<\/p>\n\n\n\n<p><strong>1 vaga \u2013 Supervisor Comercial<\/strong><\/p>\n\n\n\n<p>Escolaridade \u2013 ensino m\u00e9dio completo;<\/p>\n\n\n\n<p>Experi\u00eancia \u2013 registrado na Carteira de Trabalho;<\/p>\n\n\n\n<p>Requisitos obrigat\u00f3rios \u2013 conhecimento em gest\u00e3o de pessoal na \u00e1rea comercial e possuir documenta\u00e7\u00e3o completa;<\/p>\n\n\n\n<p>Atividades \u2013 respons\u00e1vel por direcionar, conduzir e orientar processos e funcion\u00e1rios da empresa;<\/p>\n\n\n\n<p>Dispon\u00edvel at\u00e9 14\/3\/2024 ou encerramento da vaga.<\/p>\n\n\n\n<p><strong>2 vagas \u2013 Operador de Caixa<\/strong><\/p>\n\n\n\n<p>Escolaridade \u2013 ensino m\u00e9dio completo;<\/p>\n\n\n\n<p>Experi\u00eancia \u2013 seis meses na Carteira de Trabalho;<\/p>\n\n\n\n<p>Requisitos obrigat\u00f3rios \u2013 possuir documenta\u00e7\u00e3o completa (com dispensa militar);<\/p>\n\n\n\n<p>Atividades \u2013 receber valores de vendas de produtos e servi\u00e7os; controlar numer\u00e1rios e valores; atender o p\u00fablico na recep\u00e7\u00e3o; prestar informa\u00e7\u00f5es ao p\u00fablico, tais como itiner\u00e1rios, hor\u00e1rios, pre\u00e7os, locais, dura\u00e7\u00e3o de espet\u00e1culos, promo\u00e7\u00f5es; preencher formul\u00e1rios e relat\u00f3rios administrativos;<\/p>\n\n\n\n<p>Dispon\u00edvel at\u00e9 14\/3\/2024 ou encerramento da vaga.<\/p>\n\n\n\n<p><strong>1 vaga \u2013 Recepcionista<\/strong><\/p>\n\n\n\n<p>Escolaridade \u2013 ensino m\u00e9dio completo;<\/p>\n\n\n\n<p>Experi\u00eancia \u2013 seis meses na Carteira de Trabalho;<\/p>\n\n\n\n<p>Requisitos obrigat\u00f3rios \u2013 possuir documenta\u00e7\u00e3o completa;<\/p>\n\n\n\n<p>Atividades \u2013 recepcionar e prestar servi\u00e7os de apoio a clientes, pacientes, h\u00f3spedes, visitantes e passageiros; prestar atendimento telef\u00f4nico e fornecer informa\u00e7\u00f5es em escrit\u00f3rios, consult\u00f3rios, hot\u00e9is, hospitais, bancos, aeroportos e outros estabelecimentos; marcar entrevistas ou consultas e receber clientes ou visitantes; averiguar suas necessidades e dirigir ao lugar ou a pessoa procurados; agendar servi\u00e7os, reservar (hot\u00e9is e passagens) e indicar acomoda\u00e7\u00f5es em hot\u00e9is e estabelecimentos similares; observar normas internas de seguran\u00e7a, conferir documentos e idoneidade dos clientes e notificar seguran\u00e7as sobre presen\u00e7as estranhas. Organizar informa\u00e7\u00f5es e planejar o trabalho do cotidiano;<\/p>\n\n\n\n<p>Dispon\u00edvel at\u00e9 14\/3\/2024 ou encerramento da vaga.<\/p>\n\n\n\n<p><strong>2 vagas \u2013 Montador de Pneus<\/strong><\/p>\n\n\n\n<p>Escolaridade \u2013 ensino fundamental completo;<\/p>\n\n\n\n<p>Experi\u00eancia \u2013 seis meses na Carteira de Trabalho;<\/p>\n\n\n\n<p>Requisitos obrigat\u00f3rios \u2013 possuir documenta\u00e7\u00e3o completa (com dispensa militar);<\/p>\n\n\n\n<p>Atividades \u2013 fazer a troca de pneus, rodas e v\u00e1lvulas e montagem, desmontagem e balanceamento de pneus;<\/p>\n\n\n\n<p>Dispon\u00edvel at\u00e9 14\/3\/2024 ou encerramento da vaga.<\/p>\n\n\n\n<p><strong>5 vagas \u2013 Fiscal de Loja<\/strong><\/p>\n\n\n\n<p>Escolaridade \u2013 ensino m\u00e9dio completo;<\/p>\n\n\n\n<p>Experi\u00eancia \u2013 registrado na Carteira de Trabalho;<\/p>\n\n\n\n<p>Requisitos obrigat\u00f3rios \u2013 possuir documenta\u00e7\u00e3o completa (com dispensa militar);<\/p>\n\n\n\n<p>Atividades \u2013 monitorar a loja; suporte aos demais colaboradores e no atendimento ao cliente; fiscalizar a entrada e sa\u00edda de funcion\u00e1rios, terceirizados e clientes da loja auditorias no recebimento de mercadorias dos fornecedores;<\/p>\n\n\n\n<p>Dispon\u00edvel at\u00e9 14\/3\/2024 ou encerramento da vaga.<\/p>\n\n\n\n<p><strong>5 vagas \u2013 Operador de Caixa<\/strong><\/p>\n\n\n\n<p>Escolaridade \u2013 ensino m\u00e9dio completo;<\/p>\n\n\n\n<p>Experi\u00eancia \u2013 primeiro emprego;<\/p>\n\n\n\n<p>Requisitos obrigat\u00f3rios \u2013 possuir documenta\u00e7\u00e3o completa (com dispensa militar);<\/p>\n\n\n\n<p>Atividades \u2013 prestar atendimento ao cliente \u00e0 frente do caixa, passando suas compras e recebendo o devido valor; fazer abertura e fechamento de caixa nas trocas de turno; emitir recibos, reembolsos, troco ou comprovantes. Entre outras atividades;<\/p>\n\n\n\n<p>Dispon\u00edvel at\u00e9 14\/3\/2024 ou encerramento da vaga.<\/p>\n\n\n\n<p><strong>1 vaga \u2013 Cartazista<\/strong><\/p>\n\n\n\n<p>Escolaridade \u2013 ensino m\u00e9dio completo;<\/p>\n\n\n\n<p>Experi\u00eancia \u2013 seis meses na Carteira de Trabalho;<\/p>\n\n\n\n<p>Requisitos obrigat\u00f3rios \u2013 possuir documenta\u00e7\u00e3o completa (com dispensa militar);<\/p>\n\n\n\n<p>Atividades \u2013 confeccionar cartazes, faixas e banners e demais materiais de comunica\u00e7\u00e3o visual;<\/p>\n\n\n\n<p>Dispon\u00edvel at\u00e9 14\/3\/2024 ou encerramento da vaga.<\/p>\n\n\n\n<p><strong>1 vaga \u2013 Auxiliar Financeiro<\/strong><\/p>\n\n\n\n<p>Escolaridade \u2013 ensino m\u00e9dio completo;<\/p>\n\n\n\n<p>Experi\u00eancia \u2013 seis meses na Carteira de Trabalho;<\/p>\n\n\n\n<p>Requisitos obrigat\u00f3rios \u2013 conhecimento em contas a pagar, planilhas em excel, arquivo e possuir documenta\u00e7\u00e3o completa;<\/p>\n\n\n\n<p>Atividades \u2013 realizar o lan\u00e7amento de contas a pagar, fluxo de caixa, arquivo, entre outras atividades correlatas;<\/p>\n\n\n\n<p>Dispon\u00edvel at\u00e9 14\/3\/2024 ou encerramento da vaga.<\/p>\n\n\n\n<p><strong>1 vaga \u2013 Auxiliar de Cozinha<\/strong><\/p>\n\n\n\n<p>Escolaridade \u2013 ensino m\u00e9dio completo;<\/p>\n\n\n\n<p>Experi\u00eancia \u2013 registrado na Carteira de Trabalho;<\/p>\n\n\n\n<p>Requisitos obrigat\u00f3rios \u2013 possuir documenta\u00e7\u00e3o completa;<\/p>\n\n\n\n<p>Atividades \u2013 prepara\u00e7\u00e3o de alimentos, limpeza e conserva\u00e7\u00e3o das depend\u00eancias do restaurante, lanchonete e dos equipamentos existentes; auxiliar no preparo das refei\u00e7\u00f5es, sobremesas, lanches, etc. Manter a ordem e a limpeza da cozinha, procedendo a coleta e a lavagem das bandejas, talheres;<\/p>\n\n\n\n<p>Dispon\u00edvel at\u00e9 14\/3\/2024 ou encerramento da vaga.<\/p>\n\n\n\n<p><strong>2 vagas \u2013 Recepcionista<\/strong><\/p>\n\n\n\n<p>Escolaridade \u2013 ensino m\u00e9dio completo;<\/p>\n\n\n\n<p>Experi\u00eancia \u2013 registrado na Carteira de Trabalho;<\/p>\n\n\n\n<p>Requisitos obrigat\u00f3rios \u2013 possuir documenta\u00e7\u00e3o completa;<\/p>\n\n\n\n<p>Atividades \u2013 recepcionar membros da comunidade e visitantes procurando identific\u00e1-los, averiguando suas pretens\u00f5es para prestar-lhes informa\u00e7\u00f5es e\/ou encaminh\u00e1-los a pessoas ou setor procurados; atender chamadas telef\u00f4nicas; anotar recados; prestar informa\u00e7\u00f5es;<\/p>\n\n\n\n<p>Dispon\u00edvel at\u00e9 14\/3\/2024 ou encerramento da vaga.<\/p>\n\n\n\n<p><strong>1 vaga \u2013 Mec\u00e2nico de Gerador<\/strong><\/p>\n\n\n\n<p>Escolaridade \u2013 ensino m\u00e9dio completo;<\/p>\n\n\n\n<p>Experi\u00eancia \u2013 registrado na Carteira de Trabalho;<\/p>\n\n\n\n<p>Requisitos obrigat\u00f3rios \u2013 disponibilidade para dormir no local de trabalho em regime de escala e possuir documenta\u00e7\u00e3o completa (com dispensa militar);<\/p>\n\n\n\n<p>Atividades \u2013 executar a manuten\u00e7\u00e3o de gerador \u00e0 diesel, el\u00e9trica em motores, m\u00e1quinas, equipamentos e instala\u00e7\u00f5es prediais da empresa, de forma a mant\u00ea-los em perfeitas condi\u00e7\u00f5es de uso;<\/p>\n\n\n\n<p>fazer manuten\u00e7\u00e3o mec\u00e2nica preventiva dos motores dos geradores; efetuar o abastecimento e troca de \u00f3leo e limpeza de motores e compressores do gerador, fazer a limpeza dos mesmos;<\/p>\n\n\n\n<p>Dispon\u00edvel at\u00e9 14\/3\/2024 ou encerramento da vaga.<\/p>\n\n\n\n<p><strong>Vagas na Ind\u00fastria \u2013 136<\/strong><\/p>\n\n\n\n<p><strong>50 vagas \u2013 Auxiliar Operacional<\/strong><\/p>\n\n\n\n<p>Escolaridade \u2013 ensino fundamental completo;<\/p>\n\n\n\n<p>Experi\u00eancia \u2013 n\u00e3o \u00e9 necess\u00e1rio;<\/p>\n\n\n\n<p>Requisitos obrigat\u00f3rios \u2013 vaga direcionada a candidatos que buscam novos desafios, com atua\u00e7\u00e3o no munic\u00edpio de V\u00e1rzea Grande (MT); ter <a>documenta\u00e7\u00e3o completa (com dispensa militar);<\/a><\/p>\n\n\n\n<p>Atividades \u2013 respons\u00e1vel por executar atividades operacionais em setores de apoio ou produ\u00e7\u00e3o de frios, visando garantir a manuten\u00e7\u00e3o, organiza\u00e7\u00e3o, limpeza ou opera\u00e7\u00e3o de atividades na unidade.<\/p>\n\n\n\n<p>Dispon\u00edvel at\u00e9 14\/3\/2024 ou encerramento da vaga.<\/p>\n\n\n\n<p><strong>20 vagas \u2013 Almoxarife I<\/strong><\/p>\n\n\n\n<p>Escolaridade \u2013 ensino m\u00e9dio completo;<\/p>\n\n\n\n<p>Experi\u00eancia \u2013 seis meses na Carteira de Trabalho;<\/p>\n\n\n\n<p>Requisitos obrigat\u00f3rios \u2013 ter cursos de NR-11, Operador de Empilhadeira, Inform\u00e1tica b\u00e1sica, Controle de Estoque\/Recebimento e T\u00e9cnicas de Invent\u00e1rios; ter documenta\u00e7\u00e3o completa (com dispensa militar);<\/p>\n\n\n\n<p>Atividades \u2013 auxiliar na realiza\u00e7\u00e3o de tarefas operacionais e relacionadas ao processo de produ\u00e7\u00e3o.<\/p>\n\n\n\n<p>Dispon\u00edvel at\u00e9 14\/3\/2024 ou encerramento da vaga.<\/p>\n\n\n\n<p><strong>15 vagas \u2013 Almoxarife II<\/strong><\/p>\n\n\n\n<p>Escolaridade \u2013 ensino m\u00e9dio completo;<\/p>\n\n\n\n<p>Experi\u00eancia \u2013 seis meses na Carteira de Trabalho;<\/p>\n\n\n\n<p>Requisitos obrigat\u00f3rios \u2013 ter cursos de NR-11, Operador de Empilhadeira, Inform\u00e1tica b\u00e1sica, Controle de Estoque\/Recebimento e T\u00e9cnicas de Invent\u00e1rios; ter documenta\u00e7\u00e3o completa (com dispensa militar);<\/p>\n\n\n\n<p>Atividades \u2013 auxiliar na realiza\u00e7\u00e3o de tarefas operacionais e relacionadas ao processo de produ\u00e7\u00e3o.<\/p>\n\n\n\n<p>Dispon\u00edvel at\u00e9 14\/3\/2024 ou encerramento da vaga.<\/p>\n\n\n\n<p><strong>10 vagas \u2013 Ajudante de Carga e Descarga<\/strong><\/p>\n\n\n\n<p>Escolaridade \u2013 ensino m\u00e9dio completo;<\/p>\n\n\n\n<p>Experi\u00eancia \u2013 seis meses na Carteira de Trabalho;<\/p>\n\n\n\n<p>Requisitos obrigat\u00f3rios \u2013 experi\u00eancia com Matrin, possuir 2 doses da vacina da COVID e possuir documenta\u00e7\u00e3o completa (com dispensa militar);<\/p>\n\n\n\n<p>Atividades \u2013 preparar cargas e descargas de mercadorias; movimentar e fixar mercadorias e cargas em caminh\u00f5es e vag\u00f5es; entregar e coletar encomendas ; manusear cargas especiais; reparar embalagens danificadas e controlar a qualidade dos servi\u00e7os prestados; operar equipamentos de carga e descarga; conectar tubula\u00e7\u00f5es \u00e0s instala\u00e7\u00f5es de embarque de cargas; estabelecer comunica\u00e7\u00e3o, emitir, receber e verificar mensagens, notificando e solicitando informa\u00e7\u00f5es, autoriza\u00e7\u00f5es e orienta\u00e7\u00f5es de transporte, embarque e desembarque de mercadorias;<\/p>\n\n\n\n<p>Dispon\u00edvel at\u00e9 14\/3\/2024 ou encerramento da vaga.<\/p>\n\n\n\n<p><strong>1 vaga \u2013 Auxiliar de Manuten\u00e7\u00e3o<\/strong><\/p>\n\n\n\n<p>Escolaridade \u2013 ensino m\u00e9dio completo;<\/p>\n\n\n\n<p>Experi\u00eancia \u2013 seis meses na Carteira de Trabalho;<\/p>\n\n\n\n<p>Requisitos obrigat\u00f3rios \u2013 residir na zona norte ou este e possuir documenta\u00e7\u00e3o completa (com dispensa militar);<\/p>\n\n\n\n<p>Atividades \u2013 limpeza predial de \u00e1reas externas e p\u00e1tio fabril, jardinagem, manuten\u00e7\u00e3o predial envolvendo pequenos servi\u00e7os hidr\u00e1ulicos, el\u00e9tricos, alvenaria e marcenaria, confec\u00e7\u00e3o e conserto de bobinas de madeira e bobinas de expositor;<\/p>\n\n\n\n<p>Dispon\u00edvel at\u00e9 14\/3\/2024 ou encerramento da vaga.<\/p>\n\n\n\n<p><strong>40 vagas \u2013 Auxiliar de Produ\u00e7\u00e3o<\/strong><\/p>\n\n\n\n<p>Escolaridade \u2013 ensino m\u00e9dio completo;<\/p>\n\n\n\n<p>Experi\u00eancia \u2013 n\u00e3o \u00e9 necess\u00e1rio;<\/p>\n\n\n\n<p>Requisitos obrigat\u00f3rios \u2013 documenta\u00e7\u00e3o completa, apresentar cart\u00e3o de vacina (COVID-19\/ febre amarela, antitet\u00e2nica e tr\u00edplice viral, n\u00e3o residir nos bairros: Tarum\u00e3, Parque S\u00e3o Pedro, Campo Sales, Uni\u00e3o da Vit\u00f3ria, Viver Melhor, Lago Azul e possuir documenta\u00e7\u00e3o completa (com dispensa militar);<\/p>\n\n\n\n<p>Atividades \u2013 executar atividades relacionadas a montagem de produtos nas linhas de produ\u00e7\u00e3o;<\/p>\n\n\n\n<p>Dispon\u00edvel at\u00e9 14\/3\/2024 ou encerramento da vaga.<\/p>\n\n\n\n<p><strong>Vagas em Servi\u00e7os \u2013 47<\/strong><\/p>\n\n\n\n<p><strong>2 vagas \u2013 Mec\u00e2nico de Autos<\/strong><\/p>\n\n\n\n<p>Escolaridade \u2013 ensino m\u00e9dio completo;<\/p>\n\n\n\n<p>Experi\u00eancia \u2013 seis meses na Carteira de Trabalho;<\/p>\n\n\n\n<p>Requisitos obrigat\u00f3rios \u2013 ter Carteira Nacional de Habilita\u00e7\u00e3o categoria \u201cAB\u201d dentro do prazo de validade; ter documenta\u00e7\u00e3o completa (com dispensa militar);<\/p>\n\n\n\n<p>Atividades \u2013 dirigir e manobrar ve\u00edculos; transportar pessoas, cargas ou valores; realizar verifica\u00e7\u00f5es e manuten\u00e7\u00f5es b\u00e1sicas do ve\u00edculo.<\/p>\n\n\n\n<p>Dispon\u00edvel at\u00e9 14\/3\/2024 ou encerramento da vaga.<\/p>\n\n\n\n<p><strong>5 vagas \u2013 Motorista de Micro-\u00d4nibus<\/strong><\/p>\n\n\n\n<p>Escolaridade \u2013 ensino fundamental completo;<\/p>\n\n\n\n<p>Experi\u00eancia \u2013 tr\u00eas meses na Carteira de Trabalho;<\/p>\n\n\n\n<p>Requisitos obrigat\u00f3rios \u2013 ter cursos de Dire\u00e7\u00e3o Defensiva e Transporte Coletivo de Passageiros; Carteira Nacional de Habilita\u00e7\u00e3o categoria \u201cD\u201d dentro do prazo de validade; documenta\u00e7\u00e3o completa (com dispensa militar);<\/p>\n\n\n\n<p>Atividades \u2013 conduzir o embarque e desembarque de passageiros; prestar orienta\u00e7\u00e3o referentes aos procedimentos internos do ve\u00edculo; executar procedimento para garantir a seguran\u00e7a e conforto dos passageiros; seguir as normas internas da empresa e de tr\u00e2nsito.<\/p>\n\n\n\n<p>Dispon\u00edvel at\u00e9 14\/3\/2024 ou encerramento da vaga.<\/p>\n\n\n\n<p><strong>1 vaga \u2013 T\u00e9cnico de Refrigera\u00e7\u00e3o de Autos<\/strong><\/p>\n\n\n\n<p>Escolaridade \u2013 ensino m\u00e9dio completo;<\/p>\n\n\n\n<p>Experi\u00eancia \u2013 registrada na Carteira de Trabalho;<\/p>\n\n\n\n<p>Requisitos obrigat\u00f3rios \u2013 ter conhecimento nos sistemas Denso, Termoking e Valeo; experi\u00eancia com ve\u00edculos de linha pesada; documenta\u00e7\u00e3o completa (com dispensa militar);<\/p>\n\n\n\n<p>Atividades \u2013 instalar equipamentos de refrigera\u00e7\u00e3o e ventila\u00e7\u00e3o em \u00f4nibus e micro-\u00f4nibus, entre outras atividades correlatas.<\/p>\n\n\n\n<p>Dispon\u00edvel at\u00e9 14\/3\/2024 ou encerramento da vaga.<\/p>\n\n\n\n<p><strong>1 vaga \u2013 Costureira<\/strong><\/p>\n\n\n\n<p>Escolaridade \u2013 ensino m\u00e9dio completo;<\/p>\n\n\n\n<p>Experi\u00eancia \u2013 registrada na Carteira de Trabalho;<\/p>\n\n\n\n<p>Requisitos obrigat\u00f3rios \u2013 ter experi\u00eancia em talhar e documenta\u00e7\u00e3o completa;<\/p>\n\n\n\n<p>Atividades \u2013 confeccionar ternos, terninhos, cal\u00e7as, camisas e demais pe\u00e7as de roupas similares; alinhavar e coser as entretelas das diferentes pe\u00e7as, utilizando instrumentos comuns de costura e m\u00e1quinas de costura.<\/p>\n\n\n\n<p>Dispon\u00edvel at\u00e9 14\/3\/2024 ou encerramento da vaga.<\/p>\n\n\n\n<p><strong>1 vaga \u2013 Recepcionista<\/strong><\/p>\n\n\n\n<p>Escolaridade \u2013 ensino m\u00e9dio completo;<\/p>\n\n\n\n<p>Experi\u00eancia \u2013 seis meses na Carteira de Trabalho;<\/p>\n\n\n\n<p>Requisitos obrigat\u00f3rios \u2013 residir nas zonas Oeste ou Sul de Manaus; ter documenta\u00e7\u00e3o completa;<\/p>\n\n\n\n<p>Atividades \u2013 recepcionar e prestar servi\u00e7os de apoio a clientes, pacientes, h\u00f3spedes, visitantes e passageiros; prestar atendimento telef\u00f4nico e fornecer informa\u00e7\u00f5es em escrit\u00f3rios, consult\u00f3rios, hot\u00e9is, hospitais, bancos, aeroportos e outros estabelecimentos; marcar entrevistas e consultas; receber e orientar clientes e visitantes; agendar servi\u00e7os, reservar (hot\u00e9is e passagens) e indicar acomoda\u00e7\u00f5es em hot\u00e9is e estabelecimentos similares; observar normas internas de seguran\u00e7a, conferir documentos e idoneidade dos clientes e notificar seguran\u00e7as sobre presen\u00e7as estranhas; organizar informa\u00e7\u00f5es e planejar o trabalho di\u00e1rio.<\/p>\n\n\n\n<p>Dispon\u00edvel at\u00e9 14\/3\/2024 ou encerramento da vaga.<\/p>\n\n\n\n<p><strong>1 vaga \u2013 Supervisor de Cozinha (unidade remota)<\/strong><\/p>\n\n\n\n<p>Escolaridade \u2013 ensino m\u00e9dio completo;<\/p>\n\n\n\n<p>Experi\u00eancia \u2013 registrada na Carteira de Trabalho;<\/p>\n\n\n\n<p>Requisitos obrigat\u00f3rios \u2013 ter n\u00edvel t\u00e9cnico de gest\u00e3o de pessoas; disponibilidade para viajar para os munic\u00edpios de Itapiranga e Silves (AM); regime 14&#215;14; experi\u00eancia em atendimento de 600 comensais di\u00e1rias de refei\u00e7\u00f5es e documenta\u00e7\u00e3o completa;<\/p>\n\n\n\n<p>Atividades \u2013 supervisionar a brigada de cozinha e planejar as rotinas de trabalho.<\/p>\n\n\n\n<p>Dispon\u00edvel at\u00e9 14\/3\/2024 ou encerramento da vaga.<\/p>\n\n\n\n<p><strong>2 vagas \u2013 Motorista Carreteiro<\/strong><\/p>\n\n\n\n<p>Escolaridade \u2013 ensino m\u00e9dio completo;<\/p>\n\n\n\n<p>Experi\u00eancia \u2013 seis meses na Carteira de Trabalho;<\/p>\n\n\n\n<p>Requisitos obrigat\u00f3rios \u2013 ter Carteira Nacional de Habilita\u00e7\u00e3o categoria \u201cE\u201d dentro do prazo de validade, curso de MOPP e documenta\u00e7\u00e3o completa (com dispensa militar);<\/p>\n\n\n\n<p>Atividades \u2013 movimentar cargas volumosas e pesadas; operar equipamentos; realizar inspe\u00e7\u00f5es e reparos em ve\u00edculos; vistoriar cargas e verificar documenta\u00e7\u00e3o de ve\u00edculos e cargas; definir rotas e assegurar a regularidade do transporte.<\/p>\n\n\n\n<p>Dispon\u00edvel at\u00e9 14\/3\/2024 ou encerramento da vaga.<\/p>\n\n\n\n<p><strong>2 vagas \u2013 Motorista de Caminh\u00e3o<\/strong><\/p>\n\n\n\n<p>Escolaridade \u2013 ensino m\u00e9dio completo;<\/p>\n\n\n\n<p>Experi\u00eancia \u2013 seis meses na Carteira de Trabalho;<\/p>\n\n\n\n<p>Requisitos obrigat\u00f3rios \u2013 ter Carteira Nacional de Habilita\u00e7\u00e3o categoria \u201cD\u201d dentro do prazo de validade, curso de MOPP e documenta\u00e7\u00e3o completa (com dispensa militar);<\/p>\n\n\n\n<p>Atividades \u2013 transportar, coletar e entregar cargas no Polo Industrial de Manaus.<\/p>\n\n\n\n<p>Dispon\u00edvel at\u00e9 14\/3\/2024 ou encerramento da vaga.<\/p>\n\n\n\n<p><strong>3 vagas \u2013 Ajudante de Obras<\/strong><\/p>\n\n\n\n<p>Escolaridade \u2013 ensino m\u00e9dio completo;<\/p>\n\n\n\n<p>Experi\u00eancia \u2013 seis meses na Carteira de Trabalho;<\/p>\n\n\n\n<p>Requisitos obrigat\u00f3rios \u2013 ter experi\u00eancia em rotinas de obras civil ou mec\u00e2nica, trabalho em altura elevada, disponibilidade de hor\u00e1rio e documenta\u00e7\u00e3o completa (com dispensa militar);<\/p>\n\n\n\n<p>Atividades \u2013 auxiliar os profissionais que atuam em todas as \u00e1reas do contrato de obra; preparar pe\u00e7as, ferramentas e instrumentos necess\u00e1rios para a instala\u00e7\u00e3o de m\u00e1quinas e equipamentos; auxiliar na montagem de dutos de ar-condicionado.<\/p>\n\n\n\n<p>Dispon\u00edvel at\u00e9 14\/3\/2024 ou encerramento da vaga.<\/p>\n\n\n\n<p><strong>10 vagas \u2013 Est\u00e1gio de Auxiliar de Atendimento &#8211; Farm\u00e1cia<\/strong><\/p>\n\n\n\n<p>Escolaridade \u2013 ensino superior incompleto em Farm\u00e1cia;<\/p>\n\n\n\n<p>Experi\u00eancia \u2013 n\u00e3o \u00e9 necess\u00e1rio;<\/p>\n\n\n\n<p>Requisitos obrigat\u00f3rios \u2013 cursar a faculdade no per\u00edodo noturno e possuir documenta\u00e7\u00e3o completa;<\/p>\n\n\n\n<p>Atividades \u2013 auxiliar o farmac\u00eautico respons\u00e1vel pela farm\u00e1cia no que diz respeito ao atendimento aos clientes ou pacientes, organiza\u00e7\u00e3o do local e controles de estoque de medicamentos e materiais;<\/p>\n\n\n\n<p>Dispon\u00edvel at\u00e9 14\/3\/2024 ou encerramento da vaga.<\/p>\n\n\n\n<p><strong>4 vagas \u2013 Est\u00e1gio de Auxiliar de Designer<\/strong><\/p>\n\n\n\n<p>Escolaridade \u2013 ensino superior incompleto em Designer;<\/p>\n\n\n\n<p>Experi\u00eancia \u2013 n\u00e3o \u00e9 necess\u00e1rio;<\/p>\n\n\n\n<p>Requisitos obrigat\u00f3rios \u2013 cursar a faculdade no per\u00edodo noturno e possuir documenta\u00e7\u00e3o completa;<\/p>\n\n\n\n<p>Atividades \u2013 atuar com desenvolvimento de produtos, cria\u00e7\u00e3o de estampas, fichas t\u00e9cnicas, cria\u00e7\u00e3o de cat\u00e1logos e materiais promocionais; realizar pesquisas de moda e de mercado para o desenvolvimento de novos produtos; criar, alterar e adaptar artes para materiais impressos, cartuchos e\/ou etiquetas;<\/p>\n\n\n\n<p>Dispon\u00edvel at\u00e9 14\/3\/2024 ou encerramento da vaga.<\/p>\n\n\n\n<p><strong>10 vagas \u2013 Est\u00e1gio de Auxiliar de Caixa e Sal\u00e3o<\/strong><\/p>\n\n\n\n<p>Escolaridade \u2013 ensino superior incompleto em Administra\u00e7\u00e3o ou Contabilidade;<\/p>\n\n\n\n<p>Experi\u00eancia \u2013 n\u00e3o \u00e9 necess\u00e1rio;<\/p>\n\n\n\n<p>Requisitos obrigat\u00f3rios \u2013 cursar a faculdade no per\u00edodo noturno e possuir documenta\u00e7\u00e3o completa;<\/p>\n\n\n\n<p>Atividades \u2013 auxiliar\u00e1 um farmac\u00eautico respons\u00e1vel pela farm\u00e1cia no que diz respeito ao atendimento aos clientes ou pacientes, organiza\u00e7\u00e3o do local e controles de estoque de medicamentos e materiais;<\/p>\n\n\n\n<p>Dispon\u00edvel at\u00e9 14\/3\/2024 ou encerramento da vaga.<\/p>\n\n\n\n<p><strong>1 vaga \u2013 Auxiliar Administrativo<\/strong><\/p>\n\n\n\n<p>Escolaridade \u2013 ensino superior completo ou incompleto em Administra\u00e7\u00e3o ou Contabilidade;<\/p>\n\n\n\n<p>Experi\u00eancia \u2013 seis meses na Carteira de Trabalho;<\/p>\n\n\n\n<p>Requisitos obrigat\u00f3rios \u2013 inform\u00e1tica avan\u00e7ada e possuir documenta\u00e7\u00e3o completa (com dispensa militar);<\/p>\n\n\n\n<p>Atividades \u2013 receber e responder chamadas telef\u00f4nicas, fazer e receber correspond\u00eancias, organizar e arquivar documentos, fazer planilha, atendimento ao p\u00fablico, fazer registro no sistema;&nbsp;&nbsp;&nbsp;&nbsp;&nbsp;&nbsp;&nbsp;<\/p>\n\n\n\n<p>Dispon\u00edvel at\u00e9 14\/3\/2024 ou encerramento da vaga.<\/p>\n\n\n\n<p><strong>1 vaga \u2013 Cortador de Vidro<\/strong><\/p>\n\n\n\n<p>Escolaridade \u2013 ensino fundamental completo;<\/p>\n\n\n\n<p>Experi\u00eancia \u2013 seis meses na Carteira de Trabalho;<\/p>\n\n\n\n<p>Requisitos obrigat\u00f3rios \u2013 possuir documenta\u00e7\u00e3o completa (com dispensa militar);<\/p>\n\n\n\n<p>Atividades \u2013 planejar as atividades de corte e acabamento de vidros e cristais, analisar informa\u00e7\u00f5es das \u00e1reas de interface, selecionar ferramentas, requisitar mat\u00e9rias primas, preparar m\u00e1quinas, equipamentos e materiais para movimenta\u00e7\u00e3o na linha de produ\u00e7\u00e3o; controlar os processos de corte e acabamento em vidros e cristais, inspecionar e classificar mat\u00e9rias-primas e produtos, corrigir anomalias no processo, monitorar cumprimento de metas de produ\u00e7\u00e3o; cortar, lapidar, dar polimento e decorar vidros e cristais;<\/p>\n\n\n\n<p>Dispon\u00edvel at\u00e9 14\/3\/2024 ou encerramento da vaga.<\/p>\n\n\n\n<p><strong>1 vaga \u2013 Gar\u00e7om<\/strong><\/p>\n\n\n\n<p>Escolaridade \u2013 ensino m\u00e9dio completo;<\/p>\n\n\n\n<p>Experi\u00eancia \u2013 registrado na Carteira de Trabalho;<\/p>\n\n\n\n<p>Requisitos obrigat\u00f3rios \u2013 expertise em atendimento ao cliente, disponibilidade de hor\u00e1rio e possuir documenta\u00e7\u00e3o completa (com dispensa militar);<\/p>\n\n\n\n<p>Atividades \u2013 servir alimentos e bebidas, apresentando-os ao usu\u00e1rio e dispondo-os nos pratos e copos. Recolher travessas, talheres e outros recipientes desocupados, encaminhar os mesmos para lavagem e secagem; preparar a mesa de refei\u00e7\u00f5es, dispondo em ordem pratos, copos, talheres e guardanapos;<\/p>\n\n\n\n<p>Dispon\u00edvel at\u00e9 14\/3\/2024 ou encerramento da vaga.<\/p>\n\n\n\n<p><strong>1 vaga \u2013 Supervisor de Atendimento<\/strong><\/p>\n\n\n\n<p>Escolaridade \u2013 ensino superior completo em Administra\u00e7\u00e3o ou Marketing;<\/p>\n\n\n\n<p>Experi\u00eancia \u2013 registrado na Carteira de Trabalho;<\/p>\n\n\n\n<p>Requisitos obrigat\u00f3rios \u2013 Carteira Nacional de Habilita\u00e7\u00e3o \u201cB\u201d, experi\u00eancia em atendimentos de demandas, ingl\u00eas b\u00e1sico e possuir documenta\u00e7\u00e3o completa (com dispensa militar);<\/p>\n\n\n\n<p>Atividades \u2013 orientar e gerenciar a equipe de atendimento, assegurando que todos trabalhem juntos para fornecer um excelente servi\u00e7o;<\/p>\n\n\n\n<p>Dispon\u00edvel at\u00e9 14\/3\/2024 ou encerramento da vaga.<\/p>\n\n\n\n<p><strong>1 vaga \u2013 T\u00e9cnico em Seguran\u00e7a do Trabalho<\/strong><\/p>\n\n\n\n<p>Escolaridade \u2013 ensino t\u00e9cnico em Seguran\u00e7a do Trabalho;<\/p>\n\n\n\n<p>Experi\u00eancia \u2013 seis meses na Carteira de Trabalho;<\/p>\n\n\n\n<p>Requisitos obrigat\u00f3rios \u2013 conhecimento e manuseio em aparelhos de medi\u00e7\u00e3o de temperatura e ru\u00eddos, DDS, conhecimento em PGR e PPP, experi\u00eancia em ind\u00fastria, inform\u00e1tica b\u00e1sica e possuir documenta\u00e7\u00e3o completa (com dispensa militar);<\/p>\n\n\n\n<p>Atividades \u2013 preven\u00e7\u00e3o de acidentes por promover a qualidade de vida no ambiente de trabalho e zelar pela seguran\u00e7a f\u00edsica dos empregados;<\/p>\n\n\n\n<p>Dispon\u00edvel at\u00e9 14\/3\/2024 ou encerramento da vaga.<\/p>\n\n\n\n<p><strong>Vagas Exclusivas para Pessoas com Defici\u00eancia (PcD) \u2013 60<\/strong><\/p>\n\n\n\n<p><strong>15 vagas \u2013 Repositor de Mercadorias \u2013 vagas exclusivas para Pessoas com Defici\u00eancia (PcD)<\/strong><\/p>\n\n\n\n<p>Escolaridade \u2013 ensino m\u00e9dio completo;<\/p>\n\n\n\n<p>Experi\u00eancia \u2013 n\u00e3o \u00e9 necess\u00e1rio;<\/p>\n\n\n\n<p>Requisitos obrigat\u00f3rios \u2013 ter documenta\u00e7\u00e3o completa;<\/p>\n\n\n\n<p>Atividades \u2013 organizar, repor, conservar e precificar os produtos do estabelecimento; controlar os n\u00edveis de estoque, solicitando a compra dos materiais necess\u00e1rios.<\/p>\n\n\n\n<p>Dispon\u00edvel at\u00e9 14\/3\/2024 ou encerramento da vaga.<\/p>\n\n\n\n<p><strong>2 vagas \u2013 Auxiliar de Servi\u00e7os Gerais \u2013 vagas exclusivas para Pessoas com Defici\u00eancia (PcD)<\/strong><\/p>\n\n\n\n<p>Escolaridade \u2013 ensino fundamental completo;<\/p>\n\n\n\n<p>Experi\u00eancia \u2013 seis meses na Carteira de Trabalho;<\/p>\n\n\n\n<p>Requisitos obrigat\u00f3rios \u2013 ter documenta\u00e7\u00e3o completa;<\/p>\n\n\n\n<p>Atividades \u2013 realizar limpeza nas depend\u00eancias da empresa; remover o p\u00f3 dos m\u00f3veis, fazer a varredura do piso, aspirar detritos, limpar ou lavar vidros e janelas, remover o lixo das lixeiras materiais.<\/p>\n\n\n\n<p>Dispon\u00edvel at\u00e9 14\/3\/2024 ou encerramento da vaga.<\/p>\n\n\n\n<p><strong>10 vagas \u2013 Repositor de Mercadorias \u2013 vagas exclusivas para Pessoas com Defici\u00eancia (PcD)<\/strong><\/p>\n\n\n\n<p>Escolaridade &#8211; ensino fundamental completo;<\/p>\n\n\n\n<p>Experi\u00eancia \u2013 n\u00e3o \u00e9 necess\u00e1rio;<\/p>\n\n\n\n<p>Requisitos obrigat\u00f3rios \u2013 ter documenta\u00e7\u00e3o completa;<\/p>\n\n\n\n<p>Atividades &#8211; realizar reposi\u00e7\u00e3o de mercadorias nas g\u00f4ndolas; verificar validade dos produtos; manter a organiza\u00e7\u00e3o e limpeza nas g\u00f4ndolas; dar suporte no atendimento ao cliente.<\/p>\n\n\n\n<p>Dispon\u00edvel at\u00e9 14\/3\/2024 ou encerramento da vaga.<\/p>\n\n\n\n<p><strong>2 vagas \u2013 Cobrador de \u00d4nibus \u2013 vagas exclusivas para Pessoas com Defici\u00eancia (PcD)<\/strong><\/p>\n\n\n\n<p>Escolaridade \u2013 ensino m\u00e9dio completo;<\/p>\n\n\n\n<p>Experi\u00eancia \u2013 seis meses na Carteira de Trabalho;<\/p>\n\n\n\n<p>Requisitos obrigat\u00f3rios \u2013 ter documenta\u00e7\u00e3o completa;<\/p>\n\n\n\n<p>Atividades \u2013 atuar no atendimento aos passageiros; manusear cart\u00f5es, conferir gratuidade de passagens, girar a roleta e receber pagamentos.<\/p>\n\n\n\n<p>Dispon\u00edvel at\u00e9 14\/3\/2024 ou encerramento da vaga.<\/p>\n\n\n\n<p><strong>20 vagas \u2013 Atendente de Lojas e Mercados \u2013 vagas exclusivas para Pessoas com Defici\u00eancia (PcD)<\/strong><\/p>\n\n\n\n<p>Escolaridade \u2013 ensino fundamental completo;<\/p>\n\n\n\n<p>Experi\u00eancia \u2013 n\u00e3o \u00e9 necess\u00e1rio;<\/p>\n\n\n\n<p>Requisitos obrigat\u00f3rios \u2013 ter disponibilidade de hor\u00e1rio e documenta\u00e7\u00e3o completa;<\/p>\n\n\n\n<p>Atividades \u2013 executar atividades de reposi\u00e7\u00e3o e organiza\u00e7\u00e3o de estoques; utilizar t\u00e9cnicas de merchandising no ponto de venda; empacotar mercadorias; aplicar conceitos de boas pr\u00e1ticas na manipula\u00e7\u00e3o de produtos.<\/p>\n\n\n\n<p>Dispon\u00edvel at\u00e9 14\/3\/2024 ou encerramento da vaga.<\/p>\n\n\n\n<p><strong>10 vagas \u2013 Agente de Portaria \u2013 vagas exclusivas para Pessoas com Defici\u00eancia (PcD)<\/strong><\/p>\n\n\n\n<p>Escolaridade \u2013 ensino m\u00e9dio completo;<\/p>\n\n\n\n<p>Experi\u00eancia \u2013 n\u00e3o \u00e9 necess\u00e1rio;<\/p>\n\n\n\n<p>Requisitos obrigat\u00f3rios \u2013 possuir documenta\u00e7\u00e3o completa;<\/p>\n\n\n\n<p>Atividades \u2013 realizar o controle de fluxo de pessoas e ve\u00edculos; instruir e encaminhar visitantes;<\/p>\n\n\n\n<p>Dispon\u00edvel at\u00e9 14\/3\/2024 ou encerramento da vaga.<\/p>\n\n\n\n<p><strong>1 vaga \u2013 Assistente de Loja \u2013 vaga exclusiva para Pessoa com Defici\u00eancia (PcD)<\/strong><\/p>\n\n\n\n<p>Escolaridade \u2013 ensino fundamental completo;<\/p>\n\n\n\n<p>Experi\u00eancia \u2013 n\u00e3o \u00e9 necess\u00e1rio;<\/p>\n\n\n\n<p>Requisitos obrigat\u00f3rios \u2013 possuir documenta\u00e7\u00e3o completa;<\/p>\n\n\n\n<p>Atividades \u2013 realizar atendimento ao cliente e rotinas da loja;<\/p>\n\n\n\n<p>Dispon\u00edvel at\u00e9 14\/3\/2024 ou encerramento da vaga.<\/p>\n\n\n\n<p>&#8212;&#8212;&#8212;&#8211;<\/p>\n\n\n\n<p><strong>Texto \u2013&nbsp;<\/strong>Divulga\u00e7\u00e3o \/ Semtepi<\/p>\n\n\n\n<p><strong>Fotos \u2013&nbsp;<\/strong>Arquivo \/ Semcom<\/p>\n\n\n\n<p><strong>Dispon\u00edveis em \u2013&nbsp;<\/strong><a href=\"https:\/\/flic.kr\/s\/aHBqjB5XtE\">https:\/\/flic.kr\/s\/aHBqjB5XtE<\/a><strong><\/strong><\/p>\n","protected":false},"excerpt":{"rendered":"","protected":false},"author":23,"featured_media":4325,"comment_status":"closed","ping_status":"closed","sticky":false,"template":"","format":"standard","meta":{"footnotes":""},"categories":[5],"tags":[250,68,8,9,10,12],"acf":[],"yoast_head":"<!-- This site is optimized with the Yoast SEO plugin v23.0 - https:\/\/yoast.com\/wordpress\/plugins\/seo\/ -->\n<title>Sine Manaus oferta 367 vagas de emprego nesta quinta-feira, 14\/3<\/title>\n<meta name=\"description\" content=\"A Prefeitura de Manaus, por meio do Sine Manaus, oferta 367 vagas de emprego em v\u00e1rias \u00e1reas de atua\u00e7\u00e3o, nesta quinta-feira, 14\/3, de 8h \u00e0s 14h. O candidato precisa validar a Carteira Digital e Previd\u00eancia Social (CTPS) no aplicativo \u201cCarteira de Trabalho Digital\u201d ou acessar o site http:\/\/gov.br\/trabalho e, para concorrer \u00e0s vagas, deve acessar o site http:\/\/empregabrasil.mte.gov.br para fazer a solicita\u00e7\u00e3o de cadastro.\" \/>\n<meta name=\"robots\" content=\"noindex, follow\" \/>\n<meta property=\"og:locale\" content=\"pt_BR\" \/>\n<meta property=\"og:type\" content=\"article\" \/>\n<meta property=\"og:title\" content=\"Sine Manaus oferta 367 vagas de emprego nesta quinta-feira, 14\/3\" \/>\n<meta property=\"og:description\" content=\"A Prefeitura de Manaus, por meio do Sine Manaus, oferta 367 vagas de emprego em v\u00e1rias \u00e1reas de atua\u00e7\u00e3o, nesta quinta-feira, 14\/3, de 8h \u00e0s 14h. O candidato precisa validar a Carteira Digital e Previd\u00eancia Social (CTPS) no aplicativo \u201cCarteira de Trabalho Digital\u201d ou acessar o site http:\/\/gov.br\/trabalho e, para concorrer \u00e0s vagas, deve acessar o site http:\/\/empregabrasil.mte.gov.br para fazer a solicita\u00e7\u00e3o de cadastro.\" \/>\n<meta property=\"og:url\" content=\"https:\/\/www.manaus.am.gov.br\/semtepi\/oportunidade\/sinemanaus-vagas\/\" \/>\n<meta property=\"og:site_name\" content=\"SEMTEPI\" \/>\n<meta property=\"article:published_time\" content=\"2024-03-13T17:31:12+00:00\" \/>\n<meta property=\"article:modified_time\" content=\"2024-03-13T17:31:48+00:00\" \/>\n<meta property=\"og:image\" content=\"https:\/\/www.manaus.am.gov.br\/semtepi\/wp-content\/uploads\/sites\/20\/2024\/03\/53379412542_327cb460de_c-2.jpg\" \/>\n\t<meta property=\"og:image:width\" content=\"799\" \/>\n\t<meta property=\"og:image:height\" content=\"533\" \/>\n\t<meta property=\"og:image:type\" content=\"image\/jpeg\" \/>\n<meta name=\"author\" content=\"Adriana Costa\" \/>\n<meta name=\"twitter:card\" content=\"summary_large_image\" \/>\n<meta name=\"twitter:label1\" content=\"Written by\" \/>\n\t<meta name=\"twitter:data1\" content=\"Adriana Costa\" \/>\n\t<meta name=\"twitter:label2\" content=\"Est. reading time\" \/>\n\t<meta name=\"twitter:data2\" content=\"27 minutos\" \/>\n<script type=\"application\/ld+json\" class=\"yoast-schema-graph\">{\"@context\":\"https:\/\/schema.org\",\"@graph\":[{\"@type\":\"Article\",\"@id\":\"https:\/\/www.manaus.am.gov.br\/semtepi\/oportunidade\/sinemanaus-vagas\/#article\",\"isPartOf\":{\"@id\":\"https:\/\/www.manaus.am.gov.br\/semtepi\/oportunidade\/sinemanaus-vagas\/\"},\"author\":{\"name\":\"Adriana Costa\",\"@id\":\"https:\/\/www.manaus.am.gov.br\/semtepi\/#\/schema\/person\/4e49f4e267757a06ca072ec61b2b9968\"},\"headline\":\"Sine Manaus oferta 367 vagas de emprego nesta quinta-feira, 14\/3\",\"datePublished\":\"2024-03-13T17:31:12+00:00\",\"dateModified\":\"2024-03-13T17:31:48+00:00\",\"mainEntityOfPage\":{\"@id\":\"https:\/\/www.manaus.am.gov.br\/semtepi\/oportunidade\/sinemanaus-vagas\/\"},\"wordCount\":5393,\"publisher\":{\"@id\":\"https:\/\/www.manaus.am.gov.br\/semtepi\/#organization\"},\"image\":{\"@id\":\"https:\/\/www.manaus.am.gov.br\/semtepi\/oportunidade\/sinemanaus-vagas\/#primaryimage\"},\"thumbnailUrl\":\"https:\/\/www.manaus.am.gov.br\/semtepi\/wp-content\/uploads\/sites\/20\/2024\/03\/53379412542_327cb460de_c-2.jpg\",\"keywords\":[\"Empregos\",\"oportunidades\",\"prefeitura de manaus\",\"Semtepi\",\"sine manaus\",\"vagas\"],\"articleSection\":[\"Oportunidade\"],\"inLanguage\":\"pt-BR\"},{\"@type\":\"WebPage\",\"@id\":\"https:\/\/www.manaus.am.gov.br\/semtepi\/oportunidade\/sinemanaus-vagas\/\",\"url\":\"https:\/\/www.manaus.am.gov.br\/semtepi\/oportunidade\/sinemanaus-vagas\/\",\"name\":\"Sine Manaus oferta 367 vagas de emprego nesta quinta-feira, 14\/3\",\"isPartOf\":{\"@id\":\"https:\/\/www.manaus.am.gov.br\/semtepi\/#website\"},\"primaryImageOfPage\":{\"@id\":\"https:\/\/www.manaus.am.gov.br\/semtepi\/oportunidade\/sinemanaus-vagas\/#primaryimage\"},\"image\":{\"@id\":\"https:\/\/www.manaus.am.gov.br\/semtepi\/oportunidade\/sinemanaus-vagas\/#primaryimage\"},\"thumbnailUrl\":\"https:\/\/www.manaus.am.gov.br\/semtepi\/wp-content\/uploads\/sites\/20\/2024\/03\/53379412542_327cb460de_c-2.jpg\",\"datePublished\":\"2024-03-13T17:31:12+00:00\",\"dateModified\":\"2024-03-13T17:31:48+00:00\",\"description\":\"A Prefeitura de Manaus, por meio do Sine Manaus, oferta 367 vagas de emprego em v\u00e1rias \u00e1reas de atua\u00e7\u00e3o, nesta quinta-feira, 14\/3, de 8h \u00e0s 14h. O candidato precisa validar a Carteira Digital e Previd\u00eancia Social (CTPS) no aplicativo \u201cCarteira de Trabalho Digital\u201d ou acessar o site http:\/\/gov.br\/trabalho e, para concorrer \u00e0s vagas, deve acessar o site http:\/\/empregabrasil.mte.gov.br para fazer a solicita\u00e7\u00e3o de cadastro.\",\"breadcrumb\":{\"@id\":\"https:\/\/www.manaus.am.gov.br\/semtepi\/oportunidade\/sinemanaus-vagas\/#breadcrumb\"},\"inLanguage\":\"pt-BR\",\"potentialAction\":[{\"@type\":\"ReadAction\",\"target\":[\"https:\/\/www.manaus.am.gov.br\/semtepi\/oportunidade\/sinemanaus-vagas\/\"]}]},{\"@type\":\"ImageObject\",\"inLanguage\":\"pt-BR\",\"@id\":\"https:\/\/www.manaus.am.gov.br\/semtepi\/oportunidade\/sinemanaus-vagas\/#primaryimage\",\"url\":\"https:\/\/www.manaus.am.gov.br\/semtepi\/wp-content\/uploads\/sites\/20\/2024\/03\/53379412542_327cb460de_c-2.jpg\",\"contentUrl\":\"https:\/\/www.manaus.am.gov.br\/semtepi\/wp-content\/uploads\/sites\/20\/2024\/03\/53379412542_327cb460de_c-2.jpg\",\"width\":799,\"height\":533},{\"@type\":\"BreadcrumbList\",\"@id\":\"https:\/\/www.manaus.am.gov.br\/semtepi\/oportunidade\/sinemanaus-vagas\/#breadcrumb\",\"itemListElement\":[{\"@type\":\"ListItem\",\"position\":1,\"name\":\"Home\",\"item\":\"https:\/\/www.manaus.am.gov.br\/semtepi\/\"},{\"@type\":\"ListItem\",\"position\":2,\"name\":\"Sine Manaus oferta 367 vagas de emprego nesta quinta-feira, 14\/3\"}]},{\"@type\":\"WebSite\",\"@id\":\"https:\/\/www.manaus.am.gov.br\/semtepi\/#website\",\"url\":\"https:\/\/www.manaus.am.gov.br\/semtepi\/\",\"name\":\"SEMTEPI\",\"description\":\"Prefeitura de Manaus\",\"publisher\":{\"@id\":\"https:\/\/www.manaus.am.gov.br\/semtepi\/#organization\"},\"alternateName\":\"Secretaria Municipal do Trabalho, Empreendedorismo e Inova\u00e7\u00e3o\",\"potentialAction\":[{\"@type\":\"SearchAction\",\"target\":{\"@type\":\"EntryPoint\",\"urlTemplate\":\"https:\/\/www.manaus.am.gov.br\/semtepi\/?s={search_term_string}\"},\"query-input\":\"required name=search_term_string\"}],\"inLanguage\":\"pt-BR\"},{\"@type\":\"Organization\",\"@id\":\"https:\/\/www.manaus.am.gov.br\/semtepi\/#organization\",\"name\":\"Prefeitura Municipal de Manaus\",\"alternateName\":\"Prefeitura de Manaus\",\"url\":\"https:\/\/www.manaus.am.gov.br\/semtepi\/\",\"logo\":{\"@type\":\"ImageObject\",\"inLanguage\":\"pt-BR\",\"@id\":\"https:\/\/www.manaus.am.gov.br\/semtepi\/#\/schema\/logo\/image\/\",\"url\":\"https:\/\/www.manaus.am.gov.br\/semtepi\/wp-content\/uploads\/sites\/20\/2024\/07\/favicon.png\",\"contentUrl\":\"https:\/\/www.manaus.am.gov.br\/semtepi\/wp-content\/uploads\/sites\/20\/2024\/07\/favicon.png\",\"width\":300,\"height\":300,\"caption\":\"Prefeitura Municipal de Manaus\"},\"image\":{\"@id\":\"https:\/\/www.manaus.am.gov.br\/semtepi\/#\/schema\/logo\/image\/\"}},{\"@type\":\"Person\",\"@id\":\"https:\/\/www.manaus.am.gov.br\/semtepi\/#\/schema\/person\/4e49f4e267757a06ca072ec61b2b9968\",\"name\":\"Adriana Costa\",\"image\":{\"@type\":\"ImageObject\",\"inLanguage\":\"pt-BR\",\"@id\":\"https:\/\/www.manaus.am.gov.br\/semtepi\/#\/schema\/person\/image\/\",\"url\":\"https:\/\/secure.gravatar.com\/avatar\/576258617ef7194f718179e766d57bd4?s=96&d=mm&r=g\",\"contentUrl\":\"https:\/\/secure.gravatar.com\/avatar\/576258617ef7194f718179e766d57bd4?s=96&d=mm&r=g\",\"caption\":\"Adriana Costa\"}}]}<\/script>\n<!-- \/ Yoast SEO plugin. -->","yoast_head_json":{"title":"Sine Manaus oferta 367 vagas de emprego nesta quinta-feira, 14\/3","description":"A Prefeitura de Manaus, por meio do Sine Manaus, oferta 367 vagas de emprego em v\u00e1rias \u00e1reas de atua\u00e7\u00e3o, nesta quinta-feira, 14\/3, de 8h \u00e0s 14h. O candidato precisa validar a Carteira Digital e Previd\u00eancia Social (CTPS) no aplicativo \u201cCarteira de Trabalho Digital\u201d ou acessar o site http:\/\/gov.br\/trabalho e, para concorrer \u00e0s vagas, deve acessar o site http:\/\/empregabrasil.mte.gov.br para fazer a solicita\u00e7\u00e3o de cadastro.","robots":{"index":"noindex","follow":"follow"},"og_locale":"pt_BR","og_type":"article","og_title":"Sine Manaus oferta 367 vagas de emprego nesta quinta-feira, 14\/3","og_description":"A Prefeitura de Manaus, por meio do Sine Manaus, oferta 367 vagas de emprego em v\u00e1rias \u00e1reas de atua\u00e7\u00e3o, nesta quinta-feira, 14\/3, de 8h \u00e0s 14h. O candidato precisa validar a Carteira Digital e Previd\u00eancia Social (CTPS) no aplicativo \u201cCarteira de Trabalho Digital\u201d ou acessar o site http:\/\/gov.br\/trabalho e, para concorrer \u00e0s vagas, deve acessar o site http:\/\/empregabrasil.mte.gov.br para fazer a solicita\u00e7\u00e3o de cadastro.","og_url":"https:\/\/www.manaus.am.gov.br\/semtepi\/oportunidade\/sinemanaus-vagas\/","og_site_name":"SEMTEPI","article_published_time":"2024-03-13T17:31:12+00:00","article_modified_time":"2024-03-13T17:31:48+00:00","og_image":[{"width":799,"height":533,"url":"https:\/\/www.manaus.am.gov.br\/semtepi\/wp-content\/uploads\/sites\/20\/2024\/03\/53379412542_327cb460de_c-2.jpg","type":"image\/jpeg"}],"author":"Adriana Costa","twitter_card":"summary_large_image","twitter_misc":{"Written by":"Adriana Costa","Est. reading time":"27 minutos"},"schema":{"@context":"https:\/\/schema.org","@graph":[{"@type":"Article","@id":"https:\/\/www.manaus.am.gov.br\/semtepi\/oportunidade\/sinemanaus-vagas\/#article","isPartOf":{"@id":"https:\/\/www.manaus.am.gov.br\/semtepi\/oportunidade\/sinemanaus-vagas\/"},"author":{"name":"Adriana Costa","@id":"https:\/\/www.manaus.am.gov.br\/semtepi\/#\/schema\/person\/4e49f4e267757a06ca072ec61b2b9968"},"headline":"Sine Manaus oferta 367 vagas de emprego nesta quinta-feira, 14\/3","datePublished":"2024-03-13T17:31:12+00:00","dateModified":"2024-03-13T17:31:48+00:00","mainEntityOfPage":{"@id":"https:\/\/www.manaus.am.gov.br\/semtepi\/oportunidade\/sinemanaus-vagas\/"},"wordCount":5393,"publisher":{"@id":"https:\/\/www.manaus.am.gov.br\/semtepi\/#organization"},"image":{"@id":"https:\/\/www.manaus.am.gov.br\/semtepi\/oportunidade\/sinemanaus-vagas\/#primaryimage"},"thumbnailUrl":"https:\/\/www.manaus.am.gov.br\/semtepi\/wp-content\/uploads\/sites\/20\/2024\/03\/53379412542_327cb460de_c-2.jpg","keywords":["Empregos","oportunidades","prefeitura de manaus","Semtepi","sine manaus","vagas"],"articleSection":["Oportunidade"],"inLanguage":"pt-BR"},{"@type":"WebPage","@id":"https:\/\/www.manaus.am.gov.br\/semtepi\/oportunidade\/sinemanaus-vagas\/","url":"https:\/\/www.manaus.am.gov.br\/semtepi\/oportunidade\/sinemanaus-vagas\/","name":"Sine Manaus oferta 367 vagas de emprego nesta quinta-feira, 14\/3","isPartOf":{"@id":"https:\/\/www.manaus.am.gov.br\/semtepi\/#website"},"primaryImageOfPage":{"@id":"https:\/\/www.manaus.am.gov.br\/semtepi\/oportunidade\/sinemanaus-vagas\/#primaryimage"},"image":{"@id":"https:\/\/www.manaus.am.gov.br\/semtepi\/oportunidade\/sinemanaus-vagas\/#primaryimage"},"thumbnailUrl":"https:\/\/www.manaus.am.gov.br\/semtepi\/wp-content\/uploads\/sites\/20\/2024\/03\/53379412542_327cb460de_c-2.jpg","datePublished":"2024-03-13T17:31:12+00:00","dateModified":"2024-03-13T17:31:48+00:00","description":"A Prefeitura de Manaus, por meio do Sine Manaus, oferta 367 vagas de emprego em v\u00e1rias \u00e1reas de atua\u00e7\u00e3o, nesta quinta-feira, 14\/3, de 8h \u00e0s 14h. O candidato precisa validar a Carteira Digital e Previd\u00eancia Social (CTPS) no aplicativo \u201cCarteira de Trabalho Digital\u201d ou acessar o site http:\/\/gov.br\/trabalho e, para concorrer \u00e0s vagas, deve acessar o site http:\/\/empregabrasil.mte.gov.br para fazer a solicita\u00e7\u00e3o de cadastro.","breadcrumb":{"@id":"https:\/\/www.manaus.am.gov.br\/semtepi\/oportunidade\/sinemanaus-vagas\/#breadcrumb"},"inLanguage":"pt-BR","potentialAction":[{"@type":"ReadAction","target":["https:\/\/www.manaus.am.gov.br\/semtepi\/oportunidade\/sinemanaus-vagas\/"]}]},{"@type":"ImageObject","inLanguage":"pt-BR","@id":"https:\/\/www.manaus.am.gov.br\/semtepi\/oportunidade\/sinemanaus-vagas\/#primaryimage","url":"https:\/\/www.manaus.am.gov.br\/semtepi\/wp-content\/uploads\/sites\/20\/2024\/03\/53379412542_327cb460de_c-2.jpg","contentUrl":"https:\/\/www.manaus.am.gov.br\/semtepi\/wp-content\/uploads\/sites\/20\/2024\/03\/53379412542_327cb460de_c-2.jpg","width":799,"height":533},{"@type":"BreadcrumbList","@id":"https:\/\/www.manaus.am.gov.br\/semtepi\/oportunidade\/sinemanaus-vagas\/#breadcrumb","itemListElement":[{"@type":"ListItem","position":1,"name":"Home","item":"https:\/\/www.manaus.am.gov.br\/semtepi\/"},{"@type":"ListItem","position":2,"name":"Sine Manaus oferta 367 vagas de emprego nesta quinta-feira, 14\/3"}]},{"@type":"WebSite","@id":"https:\/\/www.manaus.am.gov.br\/semtepi\/#website","url":"https:\/\/www.manaus.am.gov.br\/semtepi\/","name":"SEMTEPI","description":"Prefeitura de Manaus","publisher":{"@id":"https:\/\/www.manaus.am.gov.br\/semtepi\/#organization"},"alternateName":"Secretaria Municipal do Trabalho, Empreendedorismo e Inova\u00e7\u00e3o","potentialAction":[{"@type":"SearchAction","target":{"@type":"EntryPoint","urlTemplate":"https:\/\/www.manaus.am.gov.br\/semtepi\/?s={search_term_string}"},"query-input":"required name=search_term_string"}],"inLanguage":"pt-BR"},{"@type":"Organization","@id":"https:\/\/www.manaus.am.gov.br\/semtepi\/#organization","name":"Prefeitura Municipal de Manaus","alternateName":"Prefeitura de Manaus","url":"https:\/\/www.manaus.am.gov.br\/semtepi\/","logo":{"@type":"ImageObject","inLanguage":"pt-BR","@id":"https:\/\/www.manaus.am.gov.br\/semtepi\/#\/schema\/logo\/image\/","url":"https:\/\/www.manaus.am.gov.br\/semtepi\/wp-content\/uploads\/sites\/20\/2024\/07\/favicon.png","contentUrl":"https:\/\/www.manaus.am.gov.br\/semtepi\/wp-content\/uploads\/sites\/20\/2024\/07\/favicon.png","width":300,"height":300,"caption":"Prefeitura Municipal de Manaus"},"image":{"@id":"https:\/\/www.manaus.am.gov.br\/semtepi\/#\/schema\/logo\/image\/"}},{"@type":"Person","@id":"https:\/\/www.manaus.am.gov.br\/semtepi\/#\/schema\/person\/4e49f4e267757a06ca072ec61b2b9968","name":"Adriana Costa","image":{"@type":"ImageObject","inLanguage":"pt-BR","@id":"https:\/\/www.manaus.am.gov.br\/semtepi\/#\/schema\/person\/image\/","url":"https:\/\/secure.gravatar.com\/avatar\/576258617ef7194f718179e766d57bd4?s=96&d=mm&r=g","contentUrl":"https:\/\/secure.gravatar.com\/avatar\/576258617ef7194f718179e766d57bd4?s=96&d=mm&r=g","caption":"Adriana Costa"}}]}},"_links":{"self":[{"href":"https:\/\/www.manaus.am.gov.br\/semtepi\/wp-json\/wp\/v2\/posts\/4324"}],"collection":[{"href":"https:\/\/www.manaus.am.gov.br\/semtepi\/wp-json\/wp\/v2\/posts"}],"about":[{"href":"https:\/\/www.manaus.am.gov.br\/semtepi\/wp-json\/wp\/v2\/types\/post"}],"author":[{"embeddable":true,"href":"https:\/\/www.manaus.am.gov.br\/semtepi\/wp-json\/wp\/v2\/users\/23"}],"replies":[{"embeddable":true,"href":"https:\/\/www.manaus.am.gov.br\/semtepi\/wp-json\/wp\/v2\/comments?post=4324"}],"version-history":[{"count":1,"href":"https:\/\/www.manaus.am.gov.br\/semtepi\/wp-json\/wp\/v2\/posts\/4324\/revisions"}],"predecessor-version":[{"id":4326,"href":"https:\/\/www.manaus.am.gov.br\/semtepi\/wp-json\/wp\/v2\/posts\/4324\/revisions\/4326"}],"wp:featuredmedia":[{"embeddable":true,"href":"https:\/\/www.manaus.am.gov.br\/semtepi\/wp-json\/wp\/v2\/media\/4325"}],"wp:attachment":[{"href":"https:\/\/www.manaus.am.gov.br\/semtepi\/wp-json\/wp\/v2\/media?parent=4324"}],"wp:term":[{"taxonomy":"category","embeddable":true,"href":"https:\/\/www.manaus.am.gov.br\/semtepi\/wp-json\/wp\/v2\/categories?post=4324"},{"taxonomy":"post_tag","embeddable":true,"href":"https:\/\/www.manaus.am.gov.br\/semtepi\/wp-json\/wp\/v2\/tags?post=4324"}],"curies":[{"name":"wp","href":"https:\/\/api.w.org\/{rel}","templated":true}]}}