{"id":4280,"date":"2024-03-08T14:27:26","date_gmt":"2024-03-08T18:27:26","guid":{"rendered":"https:\/\/www.manaus.am.gov.br\/semtepi\/sem-categoria\/english-manaus-4oaulao\/"},"modified":"2024-03-08T14:30:42","modified_gmt":"2024-03-08T18:30:42","slug":"english-manaus-4oaulao","status":"publish","type":"post","link":"https:\/\/www.manaus.am.gov.br\/semtepi\/empreendedorismo\/english-manaus-4oaulao\/","title":{"rendered":"Programa English Manaus da prefeitura tem 4\u00ba \u2018aul\u00e3o\u2019 marcado para o dia 19"},"content":{"rendered":"\n<p>O 4\u00ba \u2018aul\u00e3o\u2019 do programa \u201cEnglish Manaus\u201d, realizado pela Prefeitura de Manaus, por meio da Secretaria Municipal do Trabalho, Empreendedorismo e Inova\u00e7\u00e3o (Semtepi) e do Fundo Municipal de Empreendedorismo e Inova\u00e7\u00e3o (Fumipeq), vai acontecer no dia 19\/3, a partir das 18h30, no Centro de Conven\u00e7\u00f5es Vasco Vasques, localizado na avenida Constantino Nery, bairro Flores, zona Centro-Sul da capital.<\/p>\n\n\n\n<p>O curso de ingl\u00eas gratuito, que contempla dois mil empreendedores, \u00e9 executado pela Federa\u00e7\u00e3o Amazonense de E-sports (Faesp), com o objetivo de fortalecer o idioma como uma ferramenta de trabalho do empreendedor, a fim de movimentar a economia e o turismo local.<\/p>\n\n\n\n<p>\u201cO aprendizado \u00e9 essencial para que todo empreendedor possa alcan\u00e7ar sucesso. Aquele que senta para escutar e aprender, consegue desenvolver habilidades ainda desconhecidas. O curso \u00e9 uma oportunidade \u00fanica e gratuita para que os manauaras possam usufruir dos servi\u00e7os p\u00fablicos e poder alavancar seu neg\u00f3cio no mercado de trabalho\u201d, declarou o secret\u00e1rio da Semtepi, Radyr J\u00fanior.<\/p>\n\n\n\n<p>Durante a programa\u00e7\u00e3o do aul\u00e3o, os alunos poder\u00e3o interagir com os facilitadores para revisar conte\u00fados e retirar d\u00favidas, a partir de metodologias adaptadas para o empreendedor no \u00e2mbito de sua fun\u00e7\u00e3o no mercado.<\/p>\n\n\n\n<p>O ensino tamb\u00e9m aconteceu em formato online, com conte\u00fado dividido em quatro m\u00f3dulos e a dura\u00e7\u00e3o de 200 horas, aproximadamente dez meses. Com direito \u00e0 certifica\u00e7\u00e3o no fim do curso, a aula vai encerrar \u00e0s 21h.<\/p>\n\n\n\n<p>&#8212; &#8212; &#8212;<\/p>\n\n\n\n<p><strong>Texto<\/strong> \u2013 Fabiane Monteiro \/ Semtepi<\/p>\n\n\n\n<p><strong>Fotos<\/strong> \u2013 Cl\u00f3vis Miranda\/Semcom<\/p>\n\n\n\n<p><strong>Dispon\u00edveis em<\/strong> &#8211; <a href=\"https:\/\/flic.kr\/s\/aHBqjAZSMc\">https:\/\/flic.kr\/s\/aHBqjAZSMc<\/a><\/p>\n","protected":false},"excerpt":{"rendered":"","protected":false},"author":23,"featured_media":4281,"comment_status":"closed","ping_status":"closed","sticky":false,"template":"","format":"standard","meta":{"footnotes":""},"categories":[47],"tags":[999,121,8,239,9],"acf":[],"yoast_head":"<!-- This site is optimized with the Yoast SEO plugin v23.0 - https:\/\/yoast.com\/wordpress\/plugins\/seo\/ -->\n<title>Programa English Manaus da prefeitura tem 4\u00ba \u2018aul\u00e3o\u2019 marcado para o dia 19<\/title>\n<meta name=\"description\" content=\"O 4\u00ba \u2018aul\u00e3o\u2019 do programa \u201cEnglish Manaus\u201d, realizado pela Prefeitura de Manaus, por meio da Secretaria Municipal do Trabalho, Empreendedorismo e Inova\u00e7\u00e3o (Semtepi) e do Fundo Municipal de Empreendedorismo e Inova\u00e7\u00e3o (Fumipeq), vai acontecer no dia 19\/3, a partir das 18h30, no centro de conven\u00e7\u00f5es Vasco Vasques, localizado na avenida Constantino Nery, bairro Flores, zona Centro-Sul da capital.\" \/>\n<meta name=\"robots\" content=\"noindex, follow\" \/>\n<meta property=\"og:locale\" content=\"pt_BR\" \/>\n<meta property=\"og:type\" content=\"article\" \/>\n<meta property=\"og:title\" content=\"Programa English Manaus da prefeitura tem 4\u00ba \u2018aul\u00e3o\u2019 marcado para o dia 19\" \/>\n<meta property=\"og:description\" content=\"O 4\u00ba \u2018aul\u00e3o\u2019 do programa \u201cEnglish Manaus\u201d, realizado pela Prefeitura de Manaus, por meio da Secretaria Municipal do Trabalho, Empreendedorismo e Inova\u00e7\u00e3o (Semtepi) e do Fundo Municipal de Empreendedorismo e Inova\u00e7\u00e3o (Fumipeq), vai acontecer no dia 19\/3, a partir das 18h30, no centro de conven\u00e7\u00f5es Vasco Vasques, localizado na avenida Constantino Nery, bairro Flores, zona Centro-Sul da capital.\" \/>\n<meta property=\"og:url\" content=\"https:\/\/www.manaus.am.gov.br\/semtepi\/empreendedorismo\/english-manaus-4oaulao\/\" \/>\n<meta property=\"og:site_name\" content=\"SEMTEPI\" \/>\n<meta property=\"article:published_time\" content=\"2024-03-08T18:27:26+00:00\" \/>\n<meta property=\"article:modified_time\" content=\"2024-03-08T18:30:42+00:00\" \/>\n<meta property=\"og:image\" content=\"https:\/\/www.manaus.am.gov.br\/semtepi\/wp-content\/uploads\/sites\/20\/2024\/03\/53286211183_ed5b00f990_c.jpg\" \/>\n\t<meta property=\"og:image:width\" content=\"799\" \/>\n\t<meta property=\"og:image:height\" content=\"533\" \/>\n\t<meta property=\"og:image:type\" content=\"image\/jpeg\" \/>\n<meta name=\"author\" content=\"Adriana Costa\" \/>\n<meta name=\"twitter:card\" content=\"summary_large_image\" \/>\n<meta name=\"twitter:label1\" content=\"Written by\" \/>\n\t<meta name=\"twitter:data1\" content=\"Adriana Costa\" \/>\n\t<meta name=\"twitter:label2\" content=\"Est. reading time\" \/>\n\t<meta name=\"twitter:data2\" content=\"2 minutos\" \/>\n<script type=\"application\/ld+json\" class=\"yoast-schema-graph\">{\"@context\":\"https:\/\/schema.org\",\"@graph\":[{\"@type\":\"Article\",\"@id\":\"https:\/\/www.manaus.am.gov.br\/semtepi\/empreendedorismo\/english-manaus-4oaulao\/#article\",\"isPartOf\":{\"@id\":\"https:\/\/www.manaus.am.gov.br\/semtepi\/empreendedorismo\/english-manaus-4oaulao\/\"},\"author\":{\"name\":\"Adriana Costa\",\"@id\":\"https:\/\/www.manaus.am.gov.br\/semtepi\/#\/schema\/person\/4e49f4e267757a06ca072ec61b2b9968\"},\"headline\":\"Programa English Manaus da prefeitura tem 4\u00ba \u2018aul\u00e3o\u2019 marcado para o dia 19\",\"datePublished\":\"2024-03-08T18:27:26+00:00\",\"dateModified\":\"2024-03-08T18:30:42+00:00\",\"mainEntityOfPage\":{\"@id\":\"https:\/\/www.manaus.am.gov.br\/semtepi\/empreendedorismo\/english-manaus-4oaulao\/\"},\"wordCount\":274,\"publisher\":{\"@id\":\"https:\/\/www.manaus.am.gov.br\/semtepi\/#organization\"},\"image\":{\"@id\":\"https:\/\/www.manaus.am.gov.br\/semtepi\/empreendedorismo\/english-manaus-4oaulao\/#primaryimage\"},\"thumbnailUrl\":\"https:\/\/www.manaus.am.gov.br\/semtepi\/wp-content\/uploads\/sites\/20\/2024\/03\/53286211183_ed5b00f990_c.jpg\",\"keywords\":[\"4\u00ba aul\u00e3o\",\"empreendedorismo\",\"prefeitura de manaus\",\"programa English Manaus\",\"Semtepi\"],\"articleSection\":[\"Empreendedorismo\"],\"inLanguage\":\"pt-BR\"},{\"@type\":\"WebPage\",\"@id\":\"https:\/\/www.manaus.am.gov.br\/semtepi\/empreendedorismo\/english-manaus-4oaulao\/\",\"url\":\"https:\/\/www.manaus.am.gov.br\/semtepi\/empreendedorismo\/english-manaus-4oaulao\/\",\"name\":\"Programa English Manaus da prefeitura tem 4\u00ba \u2018aul\u00e3o\u2019 marcado para o dia 19\",\"isPartOf\":{\"@id\":\"https:\/\/www.manaus.am.gov.br\/semtepi\/#website\"},\"primaryImageOfPage\":{\"@id\":\"https:\/\/www.manaus.am.gov.br\/semtepi\/empreendedorismo\/english-manaus-4oaulao\/#primaryimage\"},\"image\":{\"@id\":\"https:\/\/www.manaus.am.gov.br\/semtepi\/empreendedorismo\/english-manaus-4oaulao\/#primaryimage\"},\"thumbnailUrl\":\"https:\/\/www.manaus.am.gov.br\/semtepi\/wp-content\/uploads\/sites\/20\/2024\/03\/53286211183_ed5b00f990_c.jpg\",\"datePublished\":\"2024-03-08T18:27:26+00:00\",\"dateModified\":\"2024-03-08T18:30:42+00:00\",\"description\":\"O 4\u00ba \u2018aul\u00e3o\u2019 do programa \u201cEnglish Manaus\u201d, realizado pela Prefeitura de Manaus, por meio da Secretaria Municipal do Trabalho, Empreendedorismo e Inova\u00e7\u00e3o (Semtepi) e do Fundo Municipal de Empreendedorismo e Inova\u00e7\u00e3o (Fumipeq), vai acontecer no dia 19\/3, a partir das 18h30, no centro de conven\u00e7\u00f5es Vasco Vasques, localizado na avenida Constantino Nery, bairro Flores, zona Centro-Sul da capital.\",\"breadcrumb\":{\"@id\":\"https:\/\/www.manaus.am.gov.br\/semtepi\/empreendedorismo\/english-manaus-4oaulao\/#breadcrumb\"},\"inLanguage\":\"pt-BR\",\"potentialAction\":[{\"@type\":\"ReadAction\",\"target\":[\"https:\/\/www.manaus.am.gov.br\/semtepi\/empreendedorismo\/english-manaus-4oaulao\/\"]}]},{\"@type\":\"ImageObject\",\"inLanguage\":\"pt-BR\",\"@id\":\"https:\/\/www.manaus.am.gov.br\/semtepi\/empreendedorismo\/english-manaus-4oaulao\/#primaryimage\",\"url\":\"https:\/\/www.manaus.am.gov.br\/semtepi\/wp-content\/uploads\/sites\/20\/2024\/03\/53286211183_ed5b00f990_c.jpg\",\"contentUrl\":\"https:\/\/www.manaus.am.gov.br\/semtepi\/wp-content\/uploads\/sites\/20\/2024\/03\/53286211183_ed5b00f990_c.jpg\",\"width\":799,\"height\":533},{\"@type\":\"BreadcrumbList\",\"@id\":\"https:\/\/www.manaus.am.gov.br\/semtepi\/empreendedorismo\/english-manaus-4oaulao\/#breadcrumb\",\"itemListElement\":[{\"@type\":\"ListItem\",\"position\":1,\"name\":\"Home\",\"item\":\"https:\/\/www.manaus.am.gov.br\/semtepi\/\"},{\"@type\":\"ListItem\",\"position\":2,\"name\":\"Programa English Manaus da prefeitura tem 4\u00ba \u2018aul\u00e3o\u2019 marcado para o dia 19\"}]},{\"@type\":\"WebSite\",\"@id\":\"https:\/\/www.manaus.am.gov.br\/semtepi\/#website\",\"url\":\"https:\/\/www.manaus.am.gov.br\/semtepi\/\",\"name\":\"SEMTEPI\",\"description\":\"Prefeitura de Manaus\",\"publisher\":{\"@id\":\"https:\/\/www.manaus.am.gov.br\/semtepi\/#organization\"},\"alternateName\":\"Secretaria Municipal do Trabalho, Empreendedorismo e Inova\u00e7\u00e3o\",\"potentialAction\":[{\"@type\":\"SearchAction\",\"target\":{\"@type\":\"EntryPoint\",\"urlTemplate\":\"https:\/\/www.manaus.am.gov.br\/semtepi\/?s={search_term_string}\"},\"query-input\":\"required name=search_term_string\"}],\"inLanguage\":\"pt-BR\"},{\"@type\":\"Organization\",\"@id\":\"https:\/\/www.manaus.am.gov.br\/semtepi\/#organization\",\"name\":\"Prefeitura Municipal de Manaus\",\"alternateName\":\"Prefeitura de Manaus\",\"url\":\"https:\/\/www.manaus.am.gov.br\/semtepi\/\",\"logo\":{\"@type\":\"ImageObject\",\"inLanguage\":\"pt-BR\",\"@id\":\"https:\/\/www.manaus.am.gov.br\/semtepi\/#\/schema\/logo\/image\/\",\"url\":\"https:\/\/www.manaus.am.gov.br\/semtepi\/wp-content\/uploads\/sites\/20\/2024\/07\/favicon.png\",\"contentUrl\":\"https:\/\/www.manaus.am.gov.br\/semtepi\/wp-content\/uploads\/sites\/20\/2024\/07\/favicon.png\",\"width\":300,\"height\":300,\"caption\":\"Prefeitura Municipal de Manaus\"},\"image\":{\"@id\":\"https:\/\/www.manaus.am.gov.br\/semtepi\/#\/schema\/logo\/image\/\"}},{\"@type\":\"Person\",\"@id\":\"https:\/\/www.manaus.am.gov.br\/semtepi\/#\/schema\/person\/4e49f4e267757a06ca072ec61b2b9968\",\"name\":\"Adriana Costa\",\"image\":{\"@type\":\"ImageObject\",\"inLanguage\":\"pt-BR\",\"@id\":\"https:\/\/www.manaus.am.gov.br\/semtepi\/#\/schema\/person\/image\/\",\"url\":\"https:\/\/secure.gravatar.com\/avatar\/576258617ef7194f718179e766d57bd4?s=96&d=mm&r=g\",\"contentUrl\":\"https:\/\/secure.gravatar.com\/avatar\/576258617ef7194f718179e766d57bd4?s=96&d=mm&r=g\",\"caption\":\"Adriana Costa\"}}]}<\/script>\n<!-- \/ Yoast SEO plugin. -->","yoast_head_json":{"title":"Programa English Manaus da prefeitura tem 4\u00ba \u2018aul\u00e3o\u2019 marcado para o dia 19","description":"O 4\u00ba \u2018aul\u00e3o\u2019 do programa \u201cEnglish Manaus\u201d, realizado pela Prefeitura de Manaus, por meio da Secretaria Municipal do Trabalho, Empreendedorismo e Inova\u00e7\u00e3o (Semtepi) e do Fundo Municipal de Empreendedorismo e Inova\u00e7\u00e3o (Fumipeq), vai acontecer no dia 19\/3, a partir das 18h30, no centro de conven\u00e7\u00f5es Vasco Vasques, localizado na avenida Constantino Nery, bairro Flores, zona Centro-Sul da capital.","robots":{"index":"noindex","follow":"follow"},"og_locale":"pt_BR","og_type":"article","og_title":"Programa English Manaus da prefeitura tem 4\u00ba \u2018aul\u00e3o\u2019 marcado para o dia 19","og_description":"O 4\u00ba \u2018aul\u00e3o\u2019 do programa \u201cEnglish Manaus\u201d, realizado pela Prefeitura de Manaus, por meio da Secretaria Municipal do Trabalho, Empreendedorismo e Inova\u00e7\u00e3o (Semtepi) e do Fundo Municipal de Empreendedorismo e Inova\u00e7\u00e3o (Fumipeq), vai acontecer no dia 19\/3, a partir das 18h30, no centro de conven\u00e7\u00f5es Vasco Vasques, localizado na avenida Constantino Nery, bairro Flores, zona Centro-Sul da capital.","og_url":"https:\/\/www.manaus.am.gov.br\/semtepi\/empreendedorismo\/english-manaus-4oaulao\/","og_site_name":"SEMTEPI","article_published_time":"2024-03-08T18:27:26+00:00","article_modified_time":"2024-03-08T18:30:42+00:00","og_image":[{"width":799,"height":533,"url":"https:\/\/www.manaus.am.gov.br\/semtepi\/wp-content\/uploads\/sites\/20\/2024\/03\/53286211183_ed5b00f990_c.jpg","type":"image\/jpeg"}],"author":"Adriana Costa","twitter_card":"summary_large_image","twitter_misc":{"Written by":"Adriana Costa","Est. reading time":"2 minutos"},"schema":{"@context":"https:\/\/schema.org","@graph":[{"@type":"Article","@id":"https:\/\/www.manaus.am.gov.br\/semtepi\/empreendedorismo\/english-manaus-4oaulao\/#article","isPartOf":{"@id":"https:\/\/www.manaus.am.gov.br\/semtepi\/empreendedorismo\/english-manaus-4oaulao\/"},"author":{"name":"Adriana Costa","@id":"https:\/\/www.manaus.am.gov.br\/semtepi\/#\/schema\/person\/4e49f4e267757a06ca072ec61b2b9968"},"headline":"Programa English Manaus da prefeitura tem 4\u00ba \u2018aul\u00e3o\u2019 marcado para o dia 19","datePublished":"2024-03-08T18:27:26+00:00","dateModified":"2024-03-08T18:30:42+00:00","mainEntityOfPage":{"@id":"https:\/\/www.manaus.am.gov.br\/semtepi\/empreendedorismo\/english-manaus-4oaulao\/"},"wordCount":274,"publisher":{"@id":"https:\/\/www.manaus.am.gov.br\/semtepi\/#organization"},"image":{"@id":"https:\/\/www.manaus.am.gov.br\/semtepi\/empreendedorismo\/english-manaus-4oaulao\/#primaryimage"},"thumbnailUrl":"https:\/\/www.manaus.am.gov.br\/semtepi\/wp-content\/uploads\/sites\/20\/2024\/03\/53286211183_ed5b00f990_c.jpg","keywords":["4\u00ba aul\u00e3o","empreendedorismo","prefeitura de manaus","programa English Manaus","Semtepi"],"articleSection":["Empreendedorismo"],"inLanguage":"pt-BR"},{"@type":"WebPage","@id":"https:\/\/www.manaus.am.gov.br\/semtepi\/empreendedorismo\/english-manaus-4oaulao\/","url":"https:\/\/www.manaus.am.gov.br\/semtepi\/empreendedorismo\/english-manaus-4oaulao\/","name":"Programa English Manaus da prefeitura tem 4\u00ba \u2018aul\u00e3o\u2019 marcado para o dia 19","isPartOf":{"@id":"https:\/\/www.manaus.am.gov.br\/semtepi\/#website"},"primaryImageOfPage":{"@id":"https:\/\/www.manaus.am.gov.br\/semtepi\/empreendedorismo\/english-manaus-4oaulao\/#primaryimage"},"image":{"@id":"https:\/\/www.manaus.am.gov.br\/semtepi\/empreendedorismo\/english-manaus-4oaulao\/#primaryimage"},"thumbnailUrl":"https:\/\/www.manaus.am.gov.br\/semtepi\/wp-content\/uploads\/sites\/20\/2024\/03\/53286211183_ed5b00f990_c.jpg","datePublished":"2024-03-08T18:27:26+00:00","dateModified":"2024-03-08T18:30:42+00:00","description":"O 4\u00ba \u2018aul\u00e3o\u2019 do programa \u201cEnglish Manaus\u201d, realizado pela Prefeitura de Manaus, por meio da Secretaria Municipal do Trabalho, Empreendedorismo e Inova\u00e7\u00e3o (Semtepi) e do Fundo Municipal de Empreendedorismo e Inova\u00e7\u00e3o (Fumipeq), vai acontecer no dia 19\/3, a partir das 18h30, no centro de conven\u00e7\u00f5es Vasco Vasques, localizado na avenida Constantino Nery, bairro Flores, zona Centro-Sul da capital.","breadcrumb":{"@id":"https:\/\/www.manaus.am.gov.br\/semtepi\/empreendedorismo\/english-manaus-4oaulao\/#breadcrumb"},"inLanguage":"pt-BR","potentialAction":[{"@type":"ReadAction","target":["https:\/\/www.manaus.am.gov.br\/semtepi\/empreendedorismo\/english-manaus-4oaulao\/"]}]},{"@type":"ImageObject","inLanguage":"pt-BR","@id":"https:\/\/www.manaus.am.gov.br\/semtepi\/empreendedorismo\/english-manaus-4oaulao\/#primaryimage","url":"https:\/\/www.manaus.am.gov.br\/semtepi\/wp-content\/uploads\/sites\/20\/2024\/03\/53286211183_ed5b00f990_c.jpg","contentUrl":"https:\/\/www.manaus.am.gov.br\/semtepi\/wp-content\/uploads\/sites\/20\/2024\/03\/53286211183_ed5b00f990_c.jpg","width":799,"height":533},{"@type":"BreadcrumbList","@id":"https:\/\/www.manaus.am.gov.br\/semtepi\/empreendedorismo\/english-manaus-4oaulao\/#breadcrumb","itemListElement":[{"@type":"ListItem","position":1,"name":"Home","item":"https:\/\/www.manaus.am.gov.br\/semtepi\/"},{"@type":"ListItem","position":2,"name":"Programa English Manaus da prefeitura tem 4\u00ba \u2018aul\u00e3o\u2019 marcado para o dia 19"}]},{"@type":"WebSite","@id":"https:\/\/www.manaus.am.gov.br\/semtepi\/#website","url":"https:\/\/www.manaus.am.gov.br\/semtepi\/","name":"SEMTEPI","description":"Prefeitura de Manaus","publisher":{"@id":"https:\/\/www.manaus.am.gov.br\/semtepi\/#organization"},"alternateName":"Secretaria Municipal do Trabalho, Empreendedorismo e Inova\u00e7\u00e3o","potentialAction":[{"@type":"SearchAction","target":{"@type":"EntryPoint","urlTemplate":"https:\/\/www.manaus.am.gov.br\/semtepi\/?s={search_term_string}"},"query-input":"required name=search_term_string"}],"inLanguage":"pt-BR"},{"@type":"Organization","@id":"https:\/\/www.manaus.am.gov.br\/semtepi\/#organization","name":"Prefeitura Municipal de Manaus","alternateName":"Prefeitura de Manaus","url":"https:\/\/www.manaus.am.gov.br\/semtepi\/","logo":{"@type":"ImageObject","inLanguage":"pt-BR","@id":"https:\/\/www.manaus.am.gov.br\/semtepi\/#\/schema\/logo\/image\/","url":"https:\/\/www.manaus.am.gov.br\/semtepi\/wp-content\/uploads\/sites\/20\/2024\/07\/favicon.png","contentUrl":"https:\/\/www.manaus.am.gov.br\/semtepi\/wp-content\/uploads\/sites\/20\/2024\/07\/favicon.png","width":300,"height":300,"caption":"Prefeitura Municipal de Manaus"},"image":{"@id":"https:\/\/www.manaus.am.gov.br\/semtepi\/#\/schema\/logo\/image\/"}},{"@type":"Person","@id":"https:\/\/www.manaus.am.gov.br\/semtepi\/#\/schema\/person\/4e49f4e267757a06ca072ec61b2b9968","name":"Adriana Costa","image":{"@type":"ImageObject","inLanguage":"pt-BR","@id":"https:\/\/www.manaus.am.gov.br\/semtepi\/#\/schema\/person\/image\/","url":"https:\/\/secure.gravatar.com\/avatar\/576258617ef7194f718179e766d57bd4?s=96&d=mm&r=g","contentUrl":"https:\/\/secure.gravatar.com\/avatar\/576258617ef7194f718179e766d57bd4?s=96&d=mm&r=g","caption":"Adriana Costa"}}]}},"_links":{"self":[{"href":"https:\/\/www.manaus.am.gov.br\/semtepi\/wp-json\/wp\/v2\/posts\/4280"}],"collection":[{"href":"https:\/\/www.manaus.am.gov.br\/semtepi\/wp-json\/wp\/v2\/posts"}],"about":[{"href":"https:\/\/www.manaus.am.gov.br\/semtepi\/wp-json\/wp\/v2\/types\/post"}],"author":[{"embeddable":true,"href":"https:\/\/www.manaus.am.gov.br\/semtepi\/wp-json\/wp\/v2\/users\/23"}],"replies":[{"embeddable":true,"href":"https:\/\/www.manaus.am.gov.br\/semtepi\/wp-json\/wp\/v2\/comments?post=4280"}],"version-history":[{"count":1,"href":"https:\/\/www.manaus.am.gov.br\/semtepi\/wp-json\/wp\/v2\/posts\/4280\/revisions"}],"predecessor-version":[{"id":4282,"href":"https:\/\/www.manaus.am.gov.br\/semtepi\/wp-json\/wp\/v2\/posts\/4280\/revisions\/4282"}],"wp:featuredmedia":[{"embeddable":true,"href":"https:\/\/www.manaus.am.gov.br\/semtepi\/wp-json\/wp\/v2\/media\/4281"}],"wp:attachment":[{"href":"https:\/\/www.manaus.am.gov.br\/semtepi\/wp-json\/wp\/v2\/media?parent=4280"}],"wp:term":[{"taxonomy":"category","embeddable":true,"href":"https:\/\/www.manaus.am.gov.br\/semtepi\/wp-json\/wp\/v2\/categories?post=4280"},{"taxonomy":"post_tag","embeddable":true,"href":"https:\/\/www.manaus.am.gov.br\/semtepi\/wp-json\/wp\/v2\/tags?post=4280"}],"curies":[{"name":"wp","href":"https:\/\/api.w.org\/{rel}","templated":true}]}}